{"id":11206,"date":"2016-12-07T17:02:03","date_gmt":"2016-12-07T16:02:03","guid":{"rendered":"http:\/\/www.jazzzeitung.de\/cms\/?p=11206"},"modified":"2016-12-07T17:03:18","modified_gmt":"2016-12-07T16:03:18","slug":"lag-jazz-preis-2017-fuer-junge-bayerische-jazzer-ausgeschrieben","status":"publish","type":"post","link":"https:\/\/www.jazzzeitung.de\/cms\/2016\/12\/lag-jazz-preis-2017-fuer-junge-bayerische-jazzer-ausgeschrieben\/","title":{"rendered":"LAG-Jazz-Preis 2017 f\u00fcr junge bayerische Jazzer ausgeschrieben"},"content":{"rendered":"<p>Junge talentierte Jazzk\u00fcnstler aus Bayern m\u00fcssen gef\u00f6rdert werden. Deshalb schreibt der Kemptener Kleinkunstverein Klecks e.V. auch f\u00fcr 2017 den Hansj\u00fcrg Hensler Jazz-Wettbewerb in Kooperation mit der \u201eLAG Jazz in Bayern\u201c aus. Es geht um den<strong> LAG-Jazz-Preis<\/strong>, eine organisierte und begleitete Tournee durch namhafte Clubs und Spielst\u00e4tten in Bayern. Bis zum <strong>15.01.2017<\/strong> d\u00fcrfen sich Musiker und Musikgruppen ab zwei bis f\u00fcnf Personen bewerben. Kein Musiker darf zum Zeitpunkt der Bewerbung \u00e4lter als 30 Jahre sein, mindestens ein Bandmitglied muss in Bayern geboren sein, festen Wohnsitz in Bayern haben oder an einer bayerischen Hochschule studieren. Stilistisch sind alle Arten des Jazz zugelassen. Die Vorauswahl aus allen Einsendungen wird von einer dreik\u00f6pfigen unabh\u00e4ngigen Jury getroffen. Neben musikalischen Aspekten flie\u00dfen auch die Pr\u00e4sentation und die Professionalit\u00e4t der Bewerbung mit in die Bewertung ein. Es werden vier Bands zum Finale am Mittwoch, den <strong>03.05.2017<\/strong> nach Kempten eingeladen.<\/p>\n<p>Die Gewinner von 2016, das <strong>Leo Betzl Trio<\/strong>, sagen: &#8222;Unsere Erfahrung mit dem Wettbewerb und dem damit verbundenen Preis war unglaublich positiv. Neben der Tourerfahrung und der Tatsache, dass wir als Trio sowohl musikalisch als auch menschlich noch st\u00e4rker zusammengewachsen sind, war der gr\u00f6\u00dfte Vorteil f\u00fcr uns der positive Kontakt zu den insgesamt acht Spielst\u00e4tten der Tour. Ohne diese Tour w\u00e4re es uns nicht m\u00f6glich gewesen, die Clubs und die dazugeh\u00f6rigen Menschen kennenzulernen.&#8220;<\/p>\n<p><strong>Bewerbungsmaterial:<\/strong><\/p>\n<ul>\n<li>(genau) 3 Titel (davon mindestens 2 Eigenkompositionen) als mp3 per Email<\/li>\n<li>professionelles Bildmaterial (digital per Email)<\/li>\n<li>Beschreibung der Band \/ des Projekts inkl. Besetzung und Ausf\u00fchrung zum Bayernbezug der Band (digital per Email)<\/li>\n<li>Kopie der Personalausweise aller Bandmitglieder (digital per Email)<\/li>\n<li>optional Links zu Videos auf Youtube, Vimeo etc.<\/li>\n<\/ul>\n<p><strong>Preise:<\/strong><\/p>\n<ul>\n<li>Preis: LAG-Jazz-Preis<\/li>\n<li>Preis: 1.500,- (zweckgebunden)<\/li>\n<li>Preis: 1.000,- (zweckgebunden)<\/li>\n<\/ul>\n<p>Am Finaltag pr\u00e4sentiert sich jede Musikgruppe mit einem 25-min\u00fctigen Programm dem Publikum des Kemptener Jazzfr\u00fchling und der Jury. Schwerpunkte der Bewertung im Finale sind musikalische Parameter wie z.B. Formgebung, Ausdruck oder Kreativit\u00e4t sowie Programmgestaltung und die Pr\u00e4sentation der Band auf der B\u00fchne. Die Jury besteht aus einem Vertreter des Jazzfr\u00fchling Kempten, einem Vertreter der LAG Jazz Bayern, einem freien Journalisten, einer Person des \u00f6ffentlichen Lebens sowie einem Gastmusiker, welcher auf dem Jazzfr\u00fchling in Kempten auftritt. Die Bekanntgabe des Siegers erfolgt direkt im Anschluss an die letzte Band. Die \u00dcbernachtung und Verpflegung der Musiker werden vom Kleinkunstverein Klecks e.V. \u00fcbernommen. Entstehende Fahrtkosten tragen die Musiker selbst.<\/p>\n<p><strong>Kontakt und Bewerbungsadresse:<\/strong><\/p>\n<p>Email: <a href=\"mailto:andreas@pianistixx.de\">andreas@pianistixx.de<\/a><\/p>\n<p><strong>Postanschrift:<\/strong><\/p>\n<p>Kemptener Kleinkunstverein Klecks e.V.<\/p>\n<p>Vogtstra\u00dfe 8<\/p>\n<p>87435 Kempten (Allg\u00e4u)<\/p>\n<p><strong>Ansprechpartner:<\/strong> Andreas Sch\u00fctz<\/p>\n<p>0151 \/ 405 195 87<\/p>\n<p><a href=\"mailto:andreas@pianistixx.de\">andreas@pianistixx.de<\/a><\/p>\n<p>Weiter Infos gibt&#8217;s <a href=\"http:\/\/lagjazzinbayern.eu\/jazzpreis\/\">hier!<\/a><\/p>\n<p>&nbsp;<\/p>\n<p>&nbsp;<\/p>\n","protected":false},"excerpt":{"rendered":"<p>Junge talentierte Jazzk\u00fcnstler aus Bayern m\u00fcssen gef\u00f6rdert werden. Deshalb schreibt der Kemptener Kleinkunstverein Klecks e.V. auch f\u00fcr 2017 den Hansj\u00fcrg Hensler Jazz-Wettbewerb in Kooperation mit der \u201eLAG Jazz in Bayern\u201c aus. Es geht um den LAG-Jazz-Preis, eine organisierte und begleitete Tournee durch namhafte Clubs und Spielst\u00e4tten in Bayern. Bis zum 15.01.2017 d\u00fcrfen sich Musiker und Musikgruppen ab zwei bis f\u00fcnf Personen bewerben. Kein Musiker darf zum Zeitpunkt der Bewerbung \u00e4lter als 30 Jahre sein, mindestens ein Bandmitglied muss in Bayern geboren sein, festen Wohnsitz in Bayern haben oder an einer bayerischen Hochschule studieren. Stilistisch sind alle Arten des Jazz zugelassen. Die Vorauswahl aus allen Einsendungen wird von einer dreik\u00f6pfigen unabh\u00e4ngigen Jury getroffen. Neben musikalischen Aspekten flie\u00dfen auch die Pr\u00e4sentation und die Professionalit\u00e4t der Bewerbung mit in die Bewertung ein. Es werden vier Bands zum Finale am Mittwoch, den 03.05.2017 nach Kempten eingeladen. Die Gewinner von 2016, das Leo Betzl Trio, sagen: &#8222;Unsere Erfahrung mit dem Wettbewerb und dem damit verbundenen Preis war unglaublich positiv. Neben der Tourerfahrung und der Tatsache, dass wir als Trio sowohl musikalisch als auch menschlich noch st\u00e4rker zusammengewachsen sind, war der &hellip;<\/p>\n","protected":false},"author":18,"featured_media":0,"comment_status":"open","ping_status":"closed","sticky":false,"template":"","format":"standard","meta":{"_jetpack_memberships_contains_paid_content":false,"footnotes":"","jetpack_publicize_message":"","jetpack_publicize_feature_enabled":true,"jetpack_social_post_already_shared":false,"jetpack_social_options":{"image_generator_settings":{"template":"highway","default_image_id":0,"font":"","enabled":false},"version":2}},"categories":[633],"tags":[1424,1798,1319,1192,727,258,928,1423,1425,729,973,1426,728,1304,340,1306,400,449,558,1095,1356,19,608],"coauthors":[695],"class_list":["post-11206","post","type-post","status-publish","format-standard","hentry","category-nachrichten","tag-bayer","tag-bayern","tag-betzl","tag-clubs","tag-hansjuerg-hensler-jazz-wettbewerb","tag-jazz-in-bayern","tag-jazzclubs","tag-jazzpreis","tag-jung","tag-kempten","tag-kemptener-jazzfruehling","tag-kemptener-kleinkunstverein-klecks","tag-klecks","tag-lag","tag-lag-jazz-in-bayern","tag-leo-betzl","tag-mp3","tag-preise","tag-tour","tag-tournee","tag-trio","tag-wettbewerb","tag-youtube"],"yoast_head":"<!-- This site is optimized with the Yoast SEO plugin v27.5 - https:\/\/yoast.com\/product\/yoast-seo-wordpress\/ -->\n<title>LAG-Jazz-Preis 2017 f\u00fcr junge bayerische Jazzer ausgeschrieben - JazzZeitung<\/title>\n<meta name=\"robots\" content=\"index, follow, max-snippet:-1, max-image-preview:large, max-video-preview:-1\" \/>\n<link rel=\"canonical\" href=\"https:\/\/www.jazzzeitung.de\/cms\/2016\/12\/lag-jazz-preis-2017-fuer-junge-bayerische-jazzer-ausgeschrieben\/\" \/>\n<meta property=\"og:locale\" content=\"de_DE\" \/>\n<meta property=\"og:type\" content=\"article\" \/>\n<meta property=\"og:title\" content=\"LAG-Jazz-Preis 2017 f\u00fcr junge bayerische Jazzer ausgeschrieben - JazzZeitung\" \/>\n<meta property=\"og:description\" content=\"Junge talentierte Jazzk\u00fcnstler aus Bayern m\u00fcssen gef\u00f6rdert werden. Deshalb schreibt der Kemptener Kleinkunstverein Klecks e.V. auch f\u00fcr 2017 den Hansj\u00fcrg Hensler Jazz-Wettbewerb in Kooperation mit der \u201eLAG Jazz in Bayern\u201c aus. Es geht um den LAG-Jazz-Preis, eine organisierte und begleitete Tournee durch namhafte Clubs und Spielst\u00e4tten in Bayern. Bis zum 15.01.2017 d\u00fcrfen sich Musiker und Musikgruppen ab zwei bis f\u00fcnf Personen bewerben. Kein Musiker darf zum Zeitpunkt der Bewerbung \u00e4lter als 30 Jahre sein, mindestens ein Bandmitglied muss in Bayern geboren sein, festen Wohnsitz in Bayern haben oder an einer bayerischen Hochschule studieren. Stilistisch sind alle Arten des Jazz zugelassen. Die Vorauswahl aus allen Einsendungen wird von einer dreik\u00f6pfigen unabh\u00e4ngigen Jury getroffen. Neben musikalischen Aspekten flie\u00dfen auch die Pr\u00e4sentation und die Professionalit\u00e4t der Bewerbung mit in die Bewertung ein. Es werden vier Bands zum Finale am Mittwoch, den 03.05.2017 nach Kempten eingeladen. Die Gewinner von 2016, das Leo Betzl Trio, sagen: &#8222;Unsere Erfahrung mit dem Wettbewerb und dem damit verbundenen Preis war unglaublich positiv. Neben der Tourerfahrung und der Tatsache, dass wir als Trio sowohl musikalisch als auch menschlich noch st\u00e4rker zusammengewachsen sind, war der &hellip;\" \/>\n<meta property=\"og:url\" content=\"https:\/\/www.jazzzeitung.de\/cms\/2016\/12\/lag-jazz-preis-2017-fuer-junge-bayerische-jazzer-ausgeschrieben\/\" \/>\n<meta property=\"og:site_name\" content=\"JazzZeitung\" \/>\n<meta property=\"article:publisher\" content=\"https:\/\/www.facebook.com\/JazzZeitung\/\" \/>\n<meta property=\"article:published_time\" content=\"2016-12-07T16:02:03+00:00\" \/>\n<meta property=\"article:modified_time\" content=\"2016-12-07T16:03:18+00:00\" \/>\n<meta property=\"og:image\" content=\"https:\/\/i0.wp.com\/www.jazzzeitung.de\/cms\/wp-content\/uploads\/2012\/01\/ipad-logo-200.png?fit=200%2C200&ssl=1\" \/>\n\t<meta property=\"og:image:width\" content=\"200\" \/>\n\t<meta property=\"og:image:height\" content=\"200\" \/>\n\t<meta property=\"og:image:type\" content=\"image\/png\" \/>\n<meta name=\"author\" content=\"Redaktion JazzZeitung\" \/>\n<script type=\"application\/ld+json\" class=\"yoast-schema-graph\">{\"@context\":\"https:\\\/\\\/schema.org\",\"@graph\":[{\"@type\":\"Article\",\"@id\":\"https:\\\/\\\/www.jazzzeitung.de\\\/cms\\\/2016\\\/12\\\/lag-jazz-preis-2017-fuer-junge-bayerische-jazzer-ausgeschrieben\\\/#article\",\"isPartOf\":{\"@id\":\"https:\\\/\\\/www.jazzzeitung.de\\\/cms\\\/2016\\\/12\\\/lag-jazz-preis-2017-fuer-junge-bayerische-jazzer-ausgeschrieben\\\/\"},\"author\":{\"name\":\"Redaktion JazzZeitung\",\"@id\":\"https:\\\/\\\/www.jazzzeitung.de\\\/cms\\\/#\\\/schema\\\/person\\\/2245b36b9cd1d24cea10f01c031fb92b\"},\"headline\":\"LAG-Jazz-Preis 2017 f\u00fcr junge bayerische Jazzer ausgeschrieben\",\"datePublished\":\"2016-12-07T16:02:03+00:00\",\"dateModified\":\"2016-12-07T16:03:18+00:00\",\"mainEntityOfPage\":{\"@id\":\"https:\\\/\\\/www.jazzzeitung.de\\\/cms\\\/2016\\\/12\\\/lag-jazz-preis-2017-fuer-junge-bayerische-jazzer-ausgeschrieben\\\/\"},\"wordCount\":442,\"commentCount\":0,\"publisher\":{\"@id\":\"https:\\\/\\\/www.jazzzeitung.de\\\/cms\\\/#organization\"},\"keywords\":[\"Bayer\",\"Bayern\",\"betzl\",\"Clubs\",\"Hansj\u00fcrg Hensler Jazz-Wettbewerb\",\"Jazz in Bayern\",\"Jazzclubs\",\"Jazzpreis\",\"Jung\",\"Kempten\",\"Kemptener Jazzfr\u00fchling\",\"kemptener kleinkunstverein klecks\",\"Klecks\",\"LAG\",\"LAG Jazz in Bayern\",\"Leo Betzl\",\"mp3\",\"Preise\",\"Tour\",\"Tournee\",\"trio\",\"Wettbewerb\",\"Youtube\"],\"articleSection\":[\"News\"],\"inLanguage\":\"de\",\"potentialAction\":[{\"@type\":\"CommentAction\",\"name\":\"Comment\",\"target\":[\"https:\\\/\\\/www.jazzzeitung.de\\\/cms\\\/2016\\\/12\\\/lag-jazz-preis-2017-fuer-junge-bayerische-jazzer-ausgeschrieben\\\/#respond\"]}]},{\"@type\":\"WebPage\",\"@id\":\"https:\\\/\\\/www.jazzzeitung.de\\\/cms\\\/2016\\\/12\\\/lag-jazz-preis-2017-fuer-junge-bayerische-jazzer-ausgeschrieben\\\/\",\"url\":\"https:\\\/\\\/www.jazzzeitung.de\\\/cms\\\/2016\\\/12\\\/lag-jazz-preis-2017-fuer-junge-bayerische-jazzer-ausgeschrieben\\\/\",\"name\":\"LAG-Jazz-Preis 2017 f\u00fcr junge bayerische Jazzer ausgeschrieben - JazzZeitung\",\"isPartOf\":{\"@id\":\"https:\\\/\\\/www.jazzzeitung.de\\\/cms\\\/#website\"},\"datePublished\":\"2016-12-07T16:02:03+00:00\",\"dateModified\":\"2016-12-07T16:03:18+00:00\",\"breadcrumb\":{\"@id\":\"https:\\\/\\\/www.jazzzeitung.de\\\/cms\\\/2016\\\/12\\\/lag-jazz-preis-2017-fuer-junge-bayerische-jazzer-ausgeschrieben\\\/#breadcrumb\"},\"inLanguage\":\"de\",\"potentialAction\":[{\"@type\":\"ReadAction\",\"target\":[\"https:\\\/\\\/www.jazzzeitung.de\\\/cms\\\/2016\\\/12\\\/lag-jazz-preis-2017-fuer-junge-bayerische-jazzer-ausgeschrieben\\\/\"]}]},{\"@type\":\"BreadcrumbList\",\"@id\":\"https:\\\/\\\/www.jazzzeitung.de\\\/cms\\\/2016\\\/12\\\/lag-jazz-preis-2017-fuer-junge-bayerische-jazzer-ausgeschrieben\\\/#breadcrumb\",\"itemListElement\":[{\"@type\":\"ListItem\",\"position\":1,\"name\":\"Startseite\",\"item\":\"https:\\\/\\\/www.jazzzeitung.de\\\/cms\\\/\"},{\"@type\":\"ListItem\",\"position\":2,\"name\":\"LAG-Jazz-Preis 2017 f\u00fcr junge bayerische Jazzer ausgeschrieben\"}]},{\"@type\":\"WebSite\",\"@id\":\"https:\\\/\\\/www.jazzzeitung.de\\\/cms\\\/#website\",\"url\":\"https:\\\/\\\/www.jazzzeitung.de\\\/cms\\\/\",\"name\":\"JazzZeitung\",\"description\":\"Jazz-News und Jazz-Kontroverses\",\"publisher\":{\"@id\":\"https:\\\/\\\/www.jazzzeitung.de\\\/cms\\\/#organization\"},\"potentialAction\":[{\"@type\":\"SearchAction\",\"target\":{\"@type\":\"EntryPoint\",\"urlTemplate\":\"https:\\\/\\\/www.jazzzeitung.de\\\/cms\\\/?s={search_term_string}\"},\"query-input\":{\"@type\":\"PropertyValueSpecification\",\"valueRequired\":true,\"valueName\":\"search_term_string\"}}],\"inLanguage\":\"de\"},{\"@type\":\"Organization\",\"@id\":\"https:\\\/\\\/www.jazzzeitung.de\\\/cms\\\/#organization\",\"name\":\"JazzZeitung online\",\"url\":\"https:\\\/\\\/www.jazzzeitung.de\\\/cms\\\/\",\"logo\":{\"@type\":\"ImageObject\",\"inLanguage\":\"de\",\"@id\":\"https:\\\/\\\/www.jazzzeitung.de\\\/cms\\\/#\\\/schema\\\/logo\\\/image\\\/\",\"url\":\"https:\\\/\\\/i0.wp.com\\\/www.jazzzeitung.de\\\/cms\\\/wp-content\\\/uploads\\\/2015\\\/08\\\/JAZZZEITUNGDE_Logo_Neu.png?fit=499%2C200&ssl=1\",\"contentUrl\":\"https:\\\/\\\/i0.wp.com\\\/www.jazzzeitung.de\\\/cms\\\/wp-content\\\/uploads\\\/2015\\\/08\\\/JAZZZEITUNGDE_Logo_Neu.png?fit=499%2C200&ssl=1\",\"width\":499,\"height\":200,\"caption\":\"JazzZeitung online\"},\"image\":{\"@id\":\"https:\\\/\\\/www.jazzzeitung.de\\\/cms\\\/#\\\/schema\\\/logo\\\/image\\\/\"},\"sameAs\":[\"https:\\\/\\\/www.facebook.com\\\/JazzZeitung\\\/\"]},{\"@type\":\"Person\",\"@id\":\"https:\\\/\\\/www.jazzzeitung.de\\\/cms\\\/#\\\/schema\\\/person\\\/2245b36b9cd1d24cea10f01c031fb92b\",\"name\":\"Redaktion JazzZeitung\",\"image\":{\"@type\":\"ImageObject\",\"inLanguage\":\"de\",\"@id\":\"https:\\\/\\\/i0.wp.com\\\/www.jazzzeitung.de\\\/cms\\\/wp-content\\\/uploads\\\/2015\\\/08\\\/JAZZZEITUNGDE_Logo_Neu.png?resize=96%2C96&ssl=159975dcacb611b5700bd619b5daf0a7a\",\"url\":\"https:\\\/\\\/i0.wp.com\\\/www.jazzzeitung.de\\\/cms\\\/wp-content\\\/uploads\\\/2015\\\/08\\\/JAZZZEITUNGDE_Logo_Neu.png?resize=96%2C96&ssl=1\",\"contentUrl\":\"https:\\\/\\\/i0.wp.com\\\/www.jazzzeitung.de\\\/cms\\\/wp-content\\\/uploads\\\/2015\\\/08\\\/JAZZZEITUNGDE_Logo_Neu.png?resize=96%2C96&ssl=1\",\"caption\":\"Redaktion JazzZeitung\"},\"description\":\"Artikel der Redaktion der JazzZeitung.\",\"sameAs\":[\"http:\\\/\\\/www.jazzzeitung.de\\\/cms\\\/\"],\"url\":\"https:\\\/\\\/www.jazzzeitung.de\\\/cms\\\/author\\\/redaktion\\\/\"}]}<\/script>\n<!-- \/ Yoast SEO plugin. -->","yoast_head_json":{"title":"LAG-Jazz-Preis 2017 f\u00fcr junge bayerische Jazzer ausgeschrieben - JazzZeitung","robots":{"index":"index","follow":"follow","max-snippet":"max-snippet:-1","max-image-preview":"max-image-preview:large","max-video-preview":"max-video-preview:-1"},"canonical":"https:\/\/www.jazzzeitung.de\/cms\/2016\/12\/lag-jazz-preis-2017-fuer-junge-bayerische-jazzer-ausgeschrieben\/","og_locale":"de_DE","og_type":"article","og_title":"LAG-Jazz-Preis 2017 f\u00fcr junge bayerische Jazzer ausgeschrieben - JazzZeitung","og_description":"Junge talentierte Jazzk\u00fcnstler aus Bayern m\u00fcssen gef\u00f6rdert werden. Deshalb schreibt der Kemptener Kleinkunstverein Klecks e.V. auch f\u00fcr 2017 den Hansj\u00fcrg Hensler Jazz-Wettbewerb in Kooperation mit der \u201eLAG Jazz in Bayern\u201c aus. Es geht um den LAG-Jazz-Preis, eine organisierte und begleitete Tournee durch namhafte Clubs und Spielst\u00e4tten in Bayern. Bis zum 15.01.2017 d\u00fcrfen sich Musiker und Musikgruppen ab zwei bis f\u00fcnf Personen bewerben. Kein Musiker darf zum Zeitpunkt der Bewerbung \u00e4lter als 30 Jahre sein, mindestens ein Bandmitglied muss in Bayern geboren sein, festen Wohnsitz in Bayern haben oder an einer bayerischen Hochschule studieren. Stilistisch sind alle Arten des Jazz zugelassen. Die Vorauswahl aus allen Einsendungen wird von einer dreik\u00f6pfigen unabh\u00e4ngigen Jury getroffen. Neben musikalischen Aspekten flie\u00dfen auch die Pr\u00e4sentation und die Professionalit\u00e4t der Bewerbung mit in die Bewertung ein. Es werden vier Bands zum Finale am Mittwoch, den 03.05.2017 nach Kempten eingeladen. Die Gewinner von 2016, das Leo Betzl Trio, sagen: &#8222;Unsere Erfahrung mit dem Wettbewerb und dem damit verbundenen Preis war unglaublich positiv. Neben der Tourerfahrung und der Tatsache, dass wir als Trio sowohl musikalisch als auch menschlich noch st\u00e4rker zusammengewachsen sind, war der &hellip;","og_url":"https:\/\/www.jazzzeitung.de\/cms\/2016\/12\/lag-jazz-preis-2017-fuer-junge-bayerische-jazzer-ausgeschrieben\/","og_site_name":"JazzZeitung","article_publisher":"https:\/\/www.facebook.com\/JazzZeitung\/","article_published_time":"2016-12-07T16:02:03+00:00","article_modified_time":"2016-12-07T16:03:18+00:00","og_image":[{"width":200,"height":200,"url":"https:\/\/i0.wp.com\/www.jazzzeitung.de\/cms\/wp-content\/uploads\/2012\/01\/ipad-logo-200.png?fit=200%2C200&ssl=1","type":"image\/png"}],"author":"Redaktion JazzZeitung","schema":{"@context":"https:\/\/schema.org","@graph":[{"@type":"Article","@id":"https:\/\/www.jazzzeitung.de\/cms\/2016\/12\/lag-jazz-preis-2017-fuer-junge-bayerische-jazzer-ausgeschrieben\/#article","isPartOf":{"@id":"https:\/\/www.jazzzeitung.de\/cms\/2016\/12\/lag-jazz-preis-2017-fuer-junge-bayerische-jazzer-ausgeschrieben\/"},"author":{"name":"Redaktion JazzZeitung","@id":"https:\/\/www.jazzzeitung.de\/cms\/#\/schema\/person\/2245b36b9cd1d24cea10f01c031fb92b"},"headline":"LAG-Jazz-Preis 2017 f\u00fcr junge bayerische Jazzer ausgeschrieben","datePublished":"2016-12-07T16:02:03+00:00","dateModified":"2016-12-07T16:03:18+00:00","mainEntityOfPage":{"@id":"https:\/\/www.jazzzeitung.de\/cms\/2016\/12\/lag-jazz-preis-2017-fuer-junge-bayerische-jazzer-ausgeschrieben\/"},"wordCount":442,"commentCount":0,"publisher":{"@id":"https:\/\/www.jazzzeitung.de\/cms\/#organization"},"keywords":["Bayer","Bayern","betzl","Clubs","Hansj\u00fcrg Hensler Jazz-Wettbewerb","Jazz in Bayern","Jazzclubs","Jazzpreis","Jung","Kempten","Kemptener Jazzfr\u00fchling","kemptener kleinkunstverein klecks","Klecks","LAG","LAG Jazz in Bayern","Leo Betzl","mp3","Preise","Tour","Tournee","trio","Wettbewerb","Youtube"],"articleSection":["News"],"inLanguage":"de","potentialAction":[{"@type":"CommentAction","name":"Comment","target":["https:\/\/www.jazzzeitung.de\/cms\/2016\/12\/lag-jazz-preis-2017-fuer-junge-bayerische-jazzer-ausgeschrieben\/#respond"]}]},{"@type":"WebPage","@id":"https:\/\/www.jazzzeitung.de\/cms\/2016\/12\/lag-jazz-preis-2017-fuer-junge-bayerische-jazzer-ausgeschrieben\/","url":"https:\/\/www.jazzzeitung.de\/cms\/2016\/12\/lag-jazz-preis-2017-fuer-junge-bayerische-jazzer-ausgeschrieben\/","name":"LAG-Jazz-Preis 2017 f\u00fcr junge bayerische Jazzer ausgeschrieben - JazzZeitung","isPartOf":{"@id":"https:\/\/www.jazzzeitung.de\/cms\/#website"},"datePublished":"2016-12-07T16:02:03+00:00","dateModified":"2016-12-07T16:03:18+00:00","breadcrumb":{"@id":"https:\/\/www.jazzzeitung.de\/cms\/2016\/12\/lag-jazz-preis-2017-fuer-junge-bayerische-jazzer-ausgeschrieben\/#breadcrumb"},"inLanguage":"de","potentialAction":[{"@type":"ReadAction","target":["https:\/\/www.jazzzeitung.de\/cms\/2016\/12\/lag-jazz-preis-2017-fuer-junge-bayerische-jazzer-ausgeschrieben\/"]}]},{"@type":"BreadcrumbList","@id":"https:\/\/www.jazzzeitung.de\/cms\/2016\/12\/lag-jazz-preis-2017-fuer-junge-bayerische-jazzer-ausgeschrieben\/#breadcrumb","itemListElement":[{"@type":"ListItem","position":1,"name":"Startseite","item":"https:\/\/www.jazzzeitung.de\/cms\/"},{"@type":"ListItem","position":2,"name":"LAG-Jazz-Preis 2017 f\u00fcr junge bayerische Jazzer ausgeschrieben"}]},{"@type":"WebSite","@id":"https:\/\/www.jazzzeitung.de\/cms\/#website","url":"https:\/\/www.jazzzeitung.de\/cms\/","name":"JazzZeitung","description":"Jazz-News und Jazz-Kontroverses","publisher":{"@id":"https:\/\/www.jazzzeitung.de\/cms\/#organization"},"potentialAction":[{"@type":"SearchAction","target":{"@type":"EntryPoint","urlTemplate":"https:\/\/www.jazzzeitung.de\/cms\/?s={search_term_string}"},"query-input":{"@type":"PropertyValueSpecification","valueRequired":true,"valueName":"search_term_string"}}],"inLanguage":"de"},{"@type":"Organization","@id":"https:\/\/www.jazzzeitung.de\/cms\/#organization","name":"JazzZeitung online","url":"https:\/\/www.jazzzeitung.de\/cms\/","logo":{"@type":"ImageObject","inLanguage":"de","@id":"https:\/\/www.jazzzeitung.de\/cms\/#\/schema\/logo\/image\/","url":"https:\/\/i0.wp.com\/www.jazzzeitung.de\/cms\/wp-content\/uploads\/2015\/08\/JAZZZEITUNGDE_Logo_Neu.png?fit=499%2C200&ssl=1","contentUrl":"https:\/\/i0.wp.com\/www.jazzzeitung.de\/cms\/wp-content\/uploads\/2015\/08\/JAZZZEITUNGDE_Logo_Neu.png?fit=499%2C200&ssl=1","width":499,"height":200,"caption":"JazzZeitung online"},"image":{"@id":"https:\/\/www.jazzzeitung.de\/cms\/#\/schema\/logo\/image\/"},"sameAs":["https:\/\/www.facebook.com\/JazzZeitung\/"]},{"@type":"Person","@id":"https:\/\/www.jazzzeitung.de\/cms\/#\/schema\/person\/2245b36b9cd1d24cea10f01c031fb92b","name":"Redaktion JazzZeitung","image":{"@type":"ImageObject","inLanguage":"de","@id":"https:\/\/i0.wp.com\/www.jazzzeitung.de\/cms\/wp-content\/uploads\/2015\/08\/JAZZZEITUNGDE_Logo_Neu.png?resize=96%2C96&ssl=159975dcacb611b5700bd619b5daf0a7a","url":"https:\/\/i0.wp.com\/www.jazzzeitung.de\/cms\/wp-content\/uploads\/2015\/08\/JAZZZEITUNGDE_Logo_Neu.png?resize=96%2C96&ssl=1","contentUrl":"https:\/\/i0.wp.com\/www.jazzzeitung.de\/cms\/wp-content\/uploads\/2015\/08\/JAZZZEITUNGDE_Logo_Neu.png?resize=96%2C96&ssl=1","caption":"Redaktion JazzZeitung"},"description":"Artikel der Redaktion der JazzZeitung.","sameAs":["http:\/\/www.jazzzeitung.de\/cms\/"],"url":"https:\/\/www.jazzzeitung.de\/cms\/author\/redaktion\/"}]}},"wp-worthy-pixel":{"ignored":false,"public":null,"server":null,"url":null},"wp-worthy-type":"normal","jetpack_publicize_connections":[],"cc_featured_image_caption":{"caption_text":false,"source_text":false,"source_url":false},"jetpack_featured_media_url":"","jetpack_shortlink":"https:\/\/wp.me\/p3KEcT-2UK","jetpack-related-posts":[{"id":2465,"url":"https:\/\/www.jazzzeitung.de\/cms\/2013\/10\/neuer-wettbewerb-der-lag-jazz-bayern-hansjuerg-hensler-jazz-wettbewerb\/","url_meta":{"origin":11206,"position":0},"title":"Neuer Wettbewerb der LAG Jazz in Bayern: Hansj\u00fcrg Hensler Jazz-Wettbewerb","author":"Redaktion JazzZeitung","date":"16. Oktober 2013","format":false,"excerpt":"Im Rahmen des 30. Kemptener Jazzfr\u00fchling\u00a0 wird am 30. April 2014 zum ersten Mal der LAG-Jazz-Preis vergeben. Zum Gedenken an den langj\u00e4hrigen Vorsitzenden Hansj\u00fcrg Hensler schreibt der Kleinkunstverein Klecks e.V. den \u201eHansj\u00fcrg Hensler Jazz Wettbewerb\u201c aus. Die Siegerband erh\u00e4lt den erstmals durch die LAG Jazz Bayern vergebenen \u201eLAG Jazz Preis\u201c\u2026","rel":"","context":"In &quot;News&quot;","block_context":{"text":"News","link":"https:\/\/www.jazzzeitung.de\/cms\/thema\/nachrichten\/"},"img":{"alt_text":"","src":"","width":0,"height":0},"classes":[]},{"id":3862,"url":"https:\/\/www.jazzzeitung.de\/cms\/2014\/05\/quartett-aus-augsburg-gewinnt-ersten-lag-jazzpreis\/","url_meta":{"origin":11206,"position":1},"title":"Quartett aus Augsburg gewinnt ersten LAG-Jazzpreis","author":"Redaktion JazzZeitung","date":"6. Mai 2014","format":false,"excerpt":"Erstmals ist im Rahmen des Kemptener Jazzfr\u00fchlings \u2013 der heuer zum 30. Mal stattgefunden hat \u2013 der Hansj\u00fcrg Hensler Wettbewerb durchgef\u00fchrt worden. F\u00fcr das Finale im Stadttheater vom Kempten waren vier Bands aus einem Bewerberkreis von 20 Jazzensembles ausgew\u00e4hlt worden. Nach einer spannenden Konzertsession, an der sich jede Finalisten-Band 30\u2026","rel":"","context":"In &quot;News&quot;","block_context":{"text":"News","link":"https:\/\/www.jazzzeitung.de\/cms\/thema\/nachrichten\/"},"img":{"alt_text":"Jesse van Ruller \/ Three For Jazz - Live At The Jazzclub","src":"https:\/\/i0.wp.com\/www.jazzzeitung.de\/cms\/wp-content\/uploads\/2014\/05\/JilmanZilman-Jesse-van-Ruller-150x150.jpg?resize=350%2C200","width":350,"height":200},"classes":[]},{"id":6071,"url":"https:\/\/www.jazzzeitung.de\/cms\/2015\/05\/lag-jazzpreis-2015-das-konstantin-herleinsberger-4tet-im-herbst-auf-bayerntour\/","url_meta":{"origin":11206,"position":2},"title":"LAG-Jazzpreis 2015: Das \u201eKonstantin Herleinsberger 4tet\u201c im Herbst auf Bayerntour","author":"Redaktion JazzZeitung","date":"6. Mai 2015","format":false,"excerpt":"Mit einer Fotogalerie von Ralf Dombrowski - Im Herbst wird das Quartett des jungen N\u00fcrnberger Saxophonisten Konstantin Herleinsberger den LAG-Jazzpreis einl\u00f6sen, den es am 28.4. beim Hansj\u00fcrg Hensler Wettbewerb im Rahmen des Kemptener Jazz-Fr\u00fchlings gewonnen hat. Der Preis ist eine Tournee durch bayerische Jazzclubs, die von der Landesarbeitsgemeinschaft (LAG) Jazz\u2026","rel":"","context":"In &quot;Bericht&quot;","block_context":{"text":"Bericht","link":"https:\/\/www.jazzzeitung.de\/cms\/thema\/bericht\/"},"img":{"alt_text":"","src":"https:\/\/i0.wp.com\/www.jazzzeitung.de\/cms\/wp-content\/uploads\/2015\/05\/0K3A3551-Jury-dombr.jpg?resize=350%2C200","width":350,"height":200,"srcset":"https:\/\/i0.wp.com\/www.jazzzeitung.de\/cms\/wp-content\/uploads\/2015\/05\/0K3A3551-Jury-dombr.jpg?resize=350%2C200 1x, https:\/\/i0.wp.com\/www.jazzzeitung.de\/cms\/wp-content\/uploads\/2015\/05\/0K3A3551-Jury-dombr.jpg?resize=525%2C300 1.5x, https:\/\/i0.wp.com\/www.jazzzeitung.de\/cms\/wp-content\/uploads\/2015\/05\/0K3A3551-Jury-dombr.jpg?resize=700%2C400 2x, https:\/\/i0.wp.com\/www.jazzzeitung.de\/cms\/wp-content\/uploads\/2015\/05\/0K3A3551-Jury-dombr.jpg?resize=1050%2C600 3x"},"classes":[]},{"id":18027,"url":"https:\/\/www.jazzzeitung.de\/cms\/2018\/12\/jetzt-bewerben-fuer-den-foerderpreis-des-bayerischen-jazzverbandes\/","url_meta":{"origin":11206,"position":3},"title":"Jetzt bewerben f\u00fcr den F\u00f6rderpreis des Bayerischen Jazzverbandes","author":"Redaktion JazzZeitung","date":"5. Dezember 2018","format":false,"excerpt":"Ausschreibung f\u00fcr den Jazzfr\u00fchling-Wettbewerb Kempten zur Vergabe des F\u00f6rderpreises des Bayerischen Jazzverbandes \u00a0 Regensburg, 25.November 2018. Die F\u00f6rderung junger talentierter Jazzk\u00fcnstler in Bayern sowie der landesweiten Jazzszene wird von Jahr zu Jahr bedeutsamer. Aus diesem Grund schreibt der Bayerische Jazzverband e.V. in Kooperation mit dem Kemptener Kleinkunstverein Klecks e.V. den\u2026","rel":"","context":"In &quot;News&quot;","block_context":{"text":"News","link":"https:\/\/www.jazzzeitung.de\/cms\/thema\/nachrichten\/"},"img":{"alt_text":"","src":"https:\/\/i0.wp.com\/www.jazzzeitung.de\/cms\/wp-content\/uploads\/2018\/12\/Logo_Bayerischer_Jazzverband_blau_Mail-Signatur.png?resize=350%2C200&ssl=1","width":350,"height":200},"classes":[]},{"id":4332,"url":"https:\/\/www.jazzzeitung.de\/cms\/2014\/07\/4332\/","url_meta":{"origin":11206,"position":4},"title":"LAG-Jazzpreis: Jilman Zilman im Herbst auf Bayerntour","author":"Andreas Kolb","date":"24. Juli 2014","format":false,"excerpt":"Im Herbst kann \u201eJilman Zilman\u201c, die Band des Augsburger Schlagzeugers Tilman Herpichb\u00f6hm, den LAG-Jazzpreis einl\u00f6sen, den sie Mitte des Jahres beim Hansj\u00fcrg Hensler Wettbewerb in Kempten gewonnen hat. Der Preis ist eine Tour durch bayerische Jazzclubs, die von der Landesarbeitsgemeinschaft (LAG) Jazz in Bayern e.V. organisiert worden ist. Vom 30.\u2026","rel":"","context":"In &quot;News&quot;","block_context":{"text":"News","link":"https:\/\/www.jazzzeitung.de\/cms\/thema\/nachrichten\/"},"img":{"alt_text":"Jilman Zilman live. Foto: Ralf Dombrowksi","src":"https:\/\/i0.wp.com\/www.jazzzeitung.de\/cms\/wp-content\/uploads\/2014\/07\/Jilman-Zilman-Credit-Ralf-Dombrowski.jpg?fit=1200%2C800&ssl=1&resize=350%2C200","width":350,"height":200,"srcset":"https:\/\/i0.wp.com\/www.jazzzeitung.de\/cms\/wp-content\/uploads\/2014\/07\/Jilman-Zilman-Credit-Ralf-Dombrowski.jpg?fit=1200%2C800&ssl=1&resize=350%2C200 1x, https:\/\/i0.wp.com\/www.jazzzeitung.de\/cms\/wp-content\/uploads\/2014\/07\/Jilman-Zilman-Credit-Ralf-Dombrowski.jpg?fit=1200%2C800&ssl=1&resize=525%2C300 1.5x, https:\/\/i0.wp.com\/www.jazzzeitung.de\/cms\/wp-content\/uploads\/2014\/07\/Jilman-Zilman-Credit-Ralf-Dombrowski.jpg?fit=1200%2C800&ssl=1&resize=700%2C400 2x, https:\/\/i0.wp.com\/www.jazzzeitung.de\/cms\/wp-content\/uploads\/2014\/07\/Jilman-Zilman-Credit-Ralf-Dombrowski.jpg?fit=1200%2C800&ssl=1&resize=1050%2C600 3x"},"classes":[]},{"id":29418,"url":"https:\/\/www.jazzzeitung.de\/cms\/2023\/05\/fruehling-freude-freiluftbuehne-der-38-jazzfruehling-in-kempten\/","url_meta":{"origin":11206,"position":5},"title":"Fr\u00fchling, Freude, Freiluftb\u00fchne: Der 38. Jazzfr\u00fchling in Kempten","author":"Redaktion JazzZeitung","date":"5. Mai 2023","format":false,"excerpt":"\"Gute Musik dutzendfach\" versprach Kemptens Oberb\u00fcrgermeister zur Er\u00f6ffnung des 38. Kemptener Jazzfr\u00fchlings auf dem Rathausplatz ohne \u00dcbertreibung. Standen doch 55 oft parallele Auftritte auf 23 B\u00fchnen in der und um die Stadt im Allg\u00e4u \u2013 eine davon auf dem Nebelhorn \u2013 f\u00fcr die acht Tage um den 1. Mai im\u2026","rel":"","context":"In &quot;Bericht&quot;","block_context":{"text":"Bericht","link":"https:\/\/www.jazzzeitung.de\/cms\/thema\/bericht\/"},"img":{"alt_text":"","src":"https:\/\/i0.wp.com\/www.jazzzeitung.de\/cms\/wp-content\/uploads\/2023\/05\/LBBBay%C2%A9Godehard.Lutz%40bayern-mail.de_IMGP3696-2-scaled.jpg?fit=1200%2C917&ssl=1&resize=350%2C200","width":350,"height":200,"srcset":"https:\/\/i0.wp.com\/www.jazzzeitung.de\/cms\/wp-content\/uploads\/2023\/05\/LBBBay%C2%A9Godehard.Lutz%40bayern-mail.de_IMGP3696-2-scaled.jpg?fit=1200%2C917&ssl=1&resize=350%2C200 1x, https:\/\/i0.wp.com\/www.jazzzeitung.de\/cms\/wp-content\/uploads\/2023\/05\/LBBBay%C2%A9Godehard.Lutz%40bayern-mail.de_IMGP3696-2-scaled.jpg?fit=1200%2C917&ssl=1&resize=525%2C300 1.5x, https:\/\/i0.wp.com\/www.jazzzeitung.de\/cms\/wp-content\/uploads\/2023\/05\/LBBBay%C2%A9Godehard.Lutz%40bayern-mail.de_IMGP3696-2-scaled.jpg?fit=1200%2C917&ssl=1&resize=700%2C400 2x, https:\/\/i0.wp.com\/www.jazzzeitung.de\/cms\/wp-content\/uploads\/2023\/05\/LBBBay%C2%A9Godehard.Lutz%40bayern-mail.de_IMGP3696-2-scaled.jpg?fit=1200%2C917&ssl=1&resize=1050%2C600 3x"},"classes":[]}],"jetpack_sharing_enabled":true,"_links":{"self":[{"href":"https:\/\/www.jazzzeitung.de\/cms\/wp-json\/wp\/v2\/posts\/11206","targetHints":{"allow":["GET"]}}],"collection":[{"href":"https:\/\/www.jazzzeitung.de\/cms\/wp-json\/wp\/v2\/posts"}],"about":[{"href":"https:\/\/www.jazzzeitung.de\/cms\/wp-json\/wp\/v2\/types\/post"}],"author":[{"embeddable":true,"href":"https:\/\/www.jazzzeitung.de\/cms\/wp-json\/wp\/v2\/users\/18"}],"replies":[{"embeddable":true,"href":"https:\/\/www.jazzzeitung.de\/cms\/wp-json\/wp\/v2\/comments?post=11206"}],"version-history":[{"count":8,"href":"https:\/\/www.jazzzeitung.de\/cms\/wp-json\/wp\/v2\/posts\/11206\/revisions"}],"predecessor-version":[{"id":11214,"href":"https:\/\/www.jazzzeitung.de\/cms\/wp-json\/wp\/v2\/posts\/11206\/revisions\/11214"}],"wp:attachment":[{"href":"https:\/\/www.jazzzeitung.de\/cms\/wp-json\/wp\/v2\/media?parent=11206"}],"wp:term":[{"taxonomy":"category","embeddable":true,"href":"https:\/\/www.jazzzeitung.de\/cms\/wp-json\/wp\/v2\/categories?post=11206"},{"taxonomy":"post_tag","embeddable":true,"href":"https:\/\/www.jazzzeitung.de\/cms\/wp-json\/wp\/v2\/tags?post=11206"},{"taxonomy":"author","embeddable":true,"href":"https:\/\/www.jazzzeitung.de\/cms\/wp-json\/wp\/v2\/coauthors?post=11206"}],"curies":[{"name":"wp","href":"https:\/\/api.w.org\/{rel}","templated":true}]}}