{"id":11204,"date":"2016-11-30T11:00:35","date_gmt":"2016-11-30T10:00:35","guid":{"rendered":"http:\/\/www.jazzzeitung.de\/cms\/?p=11204"},"modified":"2016-11-30T09:53:57","modified_gmt":"2016-11-30T08:53:57","slug":"authentizitaet-vom-ersten-bis-zum-letzten-ton","status":"publish","type":"post","link":"https:\/\/www.jazzzeitung.de\/cms\/2016\/11\/authentizitaet-vom-ersten-bis-zum-letzten-ton\/","title":{"rendered":"Authentizit\u00e4t vom ersten bis zum letzten Ton"},"content":{"rendered":"<p><strong>Von Thomas J. Krebs<\/strong> \u2013 Bereits nach den ersten Takten ist klar wohin die musikalische Reise bei Clara Haberkamps neuer CD \u201eOrange Blossom\u201c geht. Gemeinsam mit Drummer Tilo Weber und dem Norweger Dan Peter Sundland am E-Bass werden leise, perlende Klanggebilde geformt. Sind die Themen bei den ersten St\u00fccken noch harmonisch gepr\u00e4gt, wechseln diese im Laufe der Aufnahme zunehmend zu filigranen, modalen Motiven, mit viel Fingerspitzengef\u00fchl interpretiert. Die junge Pianistin und Wahlberlinerin Clara Haberkamp ist ihrer Zeit musikalisch voraus, k\u00fcmmert sich wenig um Konventionen und setzt eigene tonale Schwerpunkte. Was im einen Moment zart und zerbrechlich klingt, wird kurz darauf energiegeladen und steckt voller spielerischer \u00dcberraschungen. Erg\u00e4nzt wird das Piano-Trio letztlich durch Clara Haberkamps wunderbare Stimme, die sie de facto als eigenes Instrument einsetzt und mit beeindruckender Ausdruckskraft (musikalisch wie textlich) zur Geltung bringt. Aller Komplexit\u00e4t zum Trotz schafft Clara Haberkamp mit ihren ausdrucksstarken Eigenkompositionen beim H\u00f6rer eine harmonische Vertrautheit und bildet damit einen gelungenen Gegenpol zum Mainstream. Dan Peter Sundland und Tilo Weber sind geniale Spielpartner, teilen sie Haberkamps Verst\u00e4ndnis f\u00fcr Reduktion der Kl\u00e4nge, die den musikalischen Kern treffen, pl\u00f6tzlich in beseelte Improvisationen umschlagen, um kurz darauf wiederum zu explodieren. Bemerkt sei auch die hervorragende technische Produktion der Aufnahme, die den H\u00f6rer dadurch noch intensiver am Klangeschehen teilhaben l\u00e4sst (Tonmeister Martin Offik an dieser Stelle ein gro\u00dfes Lob). Klang und Balance der Instrumente, die \u00dcberg\u00e4nge\/Kombination von Trio- und Gesangaufnahmen sind absolut ausgewogen, pr\u00e4sent und bilden klanglich eine durchgehende Einheit &#8211; Respekt!<\/p>\n<p>\u201eOrange Blossom\u201c &#8211; das ist im \u00fcbertragenen Sinn Clara Haberkamp selbst. Ihr Wesen bl\u00fcht und ihre Musik verspr\u00fcht Authentizit\u00e4t vom ersten bis zum letzten Ton. Wenn man als H\u00f6rer in Haberkamps Klangkosmos eintaucht erf\u00e4hrt man unmittelbar die Hingabe und Wucht, mit der das Trio so spannungsgeladen kommuniziert.<\/p>\n<p><em>Clara Haberkamp \u2013 Orange Blossom bei Traumton 4634<\/em><br \/>\n<iframe loading=\"lazy\" src=\"https:\/\/www.youtube.com\/embed\/NR0SnUXrwNQ\" width=\"560\" height=\"315\" frameborder=\"0\" allowfullscreen=\"allowfullscreen\"><\/iframe><\/p>\n","protected":false},"excerpt":{"rendered":"<p>Von Thomas J. Krebs \u2013 Bereits nach den ersten Takten ist klar wohin die musikalische Reise bei Clara Haberkamps neuer CD \u201eOrange Blossom\u201c geht. Gemeinsam mit Drummer Tilo Weber und dem Norweger Dan Peter Sundland am E-Bass werden leise, perlende Klanggebilde geformt. Sind die Themen bei den ersten St\u00fccken noch harmonisch gepr\u00e4gt, wechseln diese im Laufe der Aufnahme zunehmend zu filigranen, modalen Motiven, mit viel Fingerspitzengef\u00fchl interpretiert. Die junge Pianistin und Wahlberlinerin Clara Haberkamp ist ihrer Zeit musikalisch voraus, k\u00fcmmert sich wenig um Konventionen und setzt eigene tonale Schwerpunkte. Was im einen Moment zart und zerbrechlich klingt, wird kurz darauf energiegeladen und steckt voller spielerischer \u00dcberraschungen. Erg\u00e4nzt wird das Piano-Trio letztlich durch Clara Haberkamps wunderbare Stimme, die sie de facto als eigenes Instrument einsetzt und mit beeindruckender Ausdruckskraft (musikalisch wie textlich) zur Geltung bringt. Aller Komplexit\u00e4t zum Trotz schafft Clara Haberkamp mit ihren ausdrucksstarken Eigenkompositionen beim H\u00f6rer eine harmonische Vertrautheit und bildet damit einen gelungenen Gegenpol zum Mainstream. Dan Peter Sundland und Tilo Weber sind geniale Spielpartner, teilen sie Haberkamps Verst\u00e4ndnis f\u00fcr Reduktion der Kl\u00e4nge, die den musikalischen Kern treffen, pl\u00f6tzlich in beseelte Improvisationen umschlagen, &hellip;<\/p>\n","protected":false},"author":18,"featured_media":11182,"comment_status":"open","ping_status":"closed","sticky":false,"template":"","format":"standard","meta":{"_jetpack_memberships_contains_paid_content":false,"footnotes":"","jetpack_publicize_message":"","jetpack_publicize_feature_enabled":true,"jetpack_social_post_already_shared":false,"jetpack_social_options":{"image_generator_settings":{"template":"highway","default_image_id":0,"font":"","enabled":false},"version":2}},"categories":[1152],"tags":[66,109,1419,1422,1418,1420,442,1421,1260,1417,961,1356],"coauthors":[695],"class_list":["post-11204","post","type-post","status-publish","format-standard","has-post-thumbnail","hentry","category-rezension","tag-berlin","tag-cd","tag-clara-haberkamp","tag-gesang","tag-krebs","tag-orange-blossom","tag-piano","tag-rezi","tag-thomas-j-krebs","tag-tj","tag-traumton","tag-trio"],"yoast_head":"<!-- This site is optimized with the Yoast SEO plugin v27.5 - https:\/\/yoast.com\/product\/yoast-seo-wordpress\/ -->\n<title>Authentizit\u00e4t vom ersten bis zum letzten Ton - JazzZeitung<\/title>\n<meta name=\"robots\" content=\"index, follow, max-snippet:-1, max-image-preview:large, max-video-preview:-1\" \/>\n<link rel=\"canonical\" href=\"https:\/\/www.jazzzeitung.de\/cms\/2016\/11\/authentizitaet-vom-ersten-bis-zum-letzten-ton\/\" \/>\n<meta property=\"og:locale\" content=\"de_DE\" \/>\n<meta property=\"og:type\" content=\"article\" \/>\n<meta property=\"og:title\" content=\"Authentizit\u00e4t vom ersten bis zum letzten Ton - JazzZeitung\" \/>\n<meta property=\"og:description\" content=\"Von Thomas J. Krebs \u2013 Bereits nach den ersten Takten ist klar wohin die musikalische Reise bei Clara Haberkamps neuer CD \u201eOrange Blossom\u201c geht. Gemeinsam mit Drummer Tilo Weber und dem Norweger Dan Peter Sundland am E-Bass werden leise, perlende Klanggebilde geformt. Sind die Themen bei den ersten St\u00fccken noch harmonisch gepr\u00e4gt, wechseln diese im Laufe der Aufnahme zunehmend zu filigranen, modalen Motiven, mit viel Fingerspitzengef\u00fchl interpretiert. Die junge Pianistin und Wahlberlinerin Clara Haberkamp ist ihrer Zeit musikalisch voraus, k\u00fcmmert sich wenig um Konventionen und setzt eigene tonale Schwerpunkte. Was im einen Moment zart und zerbrechlich klingt, wird kurz darauf energiegeladen und steckt voller spielerischer \u00dcberraschungen. Erg\u00e4nzt wird das Piano-Trio letztlich durch Clara Haberkamps wunderbare Stimme, die sie de facto als eigenes Instrument einsetzt und mit beeindruckender Ausdruckskraft (musikalisch wie textlich) zur Geltung bringt. Aller Komplexit\u00e4t zum Trotz schafft Clara Haberkamp mit ihren ausdrucksstarken Eigenkompositionen beim H\u00f6rer eine harmonische Vertrautheit und bildet damit einen gelungenen Gegenpol zum Mainstream. Dan Peter Sundland und Tilo Weber sind geniale Spielpartner, teilen sie Haberkamps Verst\u00e4ndnis f\u00fcr Reduktion der Kl\u00e4nge, die den musikalischen Kern treffen, pl\u00f6tzlich in beseelte Improvisationen umschlagen, &hellip;\" \/>\n<meta property=\"og:url\" content=\"https:\/\/www.jazzzeitung.de\/cms\/2016\/11\/authentizitaet-vom-ersten-bis-zum-letzten-ton\/\" \/>\n<meta property=\"og:site_name\" content=\"JazzZeitung\" \/>\n<meta property=\"article:publisher\" content=\"https:\/\/www.facebook.com\/JazzZeitung\/\" \/>\n<meta property=\"article:published_time\" content=\"2016-11-30T10:00:35+00:00\" \/>\n<meta property=\"og:image\" content=\"https:\/\/i0.wp.com\/www.jazzzeitung.de\/cms\/wp-content\/uploads\/2016\/11\/Cover-clara-haberkamp.jpg?fit=1414%2C1409&ssl=1\" \/>\n\t<meta property=\"og:image:width\" content=\"1414\" \/>\n\t<meta property=\"og:image:height\" content=\"1409\" \/>\n\t<meta property=\"og:image:type\" content=\"image\/jpeg\" \/>\n<meta name=\"author\" content=\"Redaktion JazzZeitung\" \/>\n<script type=\"application\/ld+json\" class=\"yoast-schema-graph\">{\"@context\":\"https:\\\/\\\/schema.org\",\"@graph\":[{\"@type\":\"Article\",\"@id\":\"https:\\\/\\\/www.jazzzeitung.de\\\/cms\\\/2016\\\/11\\\/authentizitaet-vom-ersten-bis-zum-letzten-ton\\\/#article\",\"isPartOf\":{\"@id\":\"https:\\\/\\\/www.jazzzeitung.de\\\/cms\\\/2016\\\/11\\\/authentizitaet-vom-ersten-bis-zum-letzten-ton\\\/\"},\"author\":{\"name\":\"Redaktion JazzZeitung\",\"@id\":\"https:\\\/\\\/www.jazzzeitung.de\\\/cms\\\/#\\\/schema\\\/person\\\/2245b36b9cd1d24cea10f01c031fb92b\"},\"headline\":\"Authentizit\u00e4t vom ersten bis zum letzten Ton\",\"datePublished\":\"2016-11-30T10:00:35+00:00\",\"mainEntityOfPage\":{\"@id\":\"https:\\\/\\\/www.jazzzeitung.de\\\/cms\\\/2016\\\/11\\\/authentizitaet-vom-ersten-bis-zum-letzten-ton\\\/\"},\"wordCount\":324,\"commentCount\":0,\"publisher\":{\"@id\":\"https:\\\/\\\/www.jazzzeitung.de\\\/cms\\\/#organization\"},\"image\":{\"@id\":\"https:\\\/\\\/www.jazzzeitung.de\\\/cms\\\/2016\\\/11\\\/authentizitaet-vom-ersten-bis-zum-letzten-ton\\\/#primaryimage\"},\"thumbnailUrl\":\"https:\\\/\\\/i0.wp.com\\\/www.jazzzeitung.de\\\/cms\\\/wp-content\\\/uploads\\\/2016\\\/11\\\/Cover-clara-haberkamp.jpg?fit=1414%2C1409&ssl=1\",\"keywords\":[\"Berlin\",\"CD\",\"clara haberkamp\",\"Gesang\",\"krebs\",\"orange blossom\",\"Piano\",\"rezi\",\"Thomas J. Krebs\",\"tj\",\"Traumton\",\"trio\"],\"articleSection\":[\"Rezension\"],\"inLanguage\":\"de\",\"potentialAction\":[{\"@type\":\"CommentAction\",\"name\":\"Comment\",\"target\":[\"https:\\\/\\\/www.jazzzeitung.de\\\/cms\\\/2016\\\/11\\\/authentizitaet-vom-ersten-bis-zum-letzten-ton\\\/#respond\"]}]},{\"@type\":\"WebPage\",\"@id\":\"https:\\\/\\\/www.jazzzeitung.de\\\/cms\\\/2016\\\/11\\\/authentizitaet-vom-ersten-bis-zum-letzten-ton\\\/\",\"url\":\"https:\\\/\\\/www.jazzzeitung.de\\\/cms\\\/2016\\\/11\\\/authentizitaet-vom-ersten-bis-zum-letzten-ton\\\/\",\"name\":\"Authentizit\u00e4t vom ersten bis zum letzten Ton - JazzZeitung\",\"isPartOf\":{\"@id\":\"https:\\\/\\\/www.jazzzeitung.de\\\/cms\\\/#website\"},\"primaryImageOfPage\":{\"@id\":\"https:\\\/\\\/www.jazzzeitung.de\\\/cms\\\/2016\\\/11\\\/authentizitaet-vom-ersten-bis-zum-letzten-ton\\\/#primaryimage\"},\"image\":{\"@id\":\"https:\\\/\\\/www.jazzzeitung.de\\\/cms\\\/2016\\\/11\\\/authentizitaet-vom-ersten-bis-zum-letzten-ton\\\/#primaryimage\"},\"thumbnailUrl\":\"https:\\\/\\\/i0.wp.com\\\/www.jazzzeitung.de\\\/cms\\\/wp-content\\\/uploads\\\/2016\\\/11\\\/Cover-clara-haberkamp.jpg?fit=1414%2C1409&ssl=1\",\"datePublished\":\"2016-11-30T10:00:35+00:00\",\"breadcrumb\":{\"@id\":\"https:\\\/\\\/www.jazzzeitung.de\\\/cms\\\/2016\\\/11\\\/authentizitaet-vom-ersten-bis-zum-letzten-ton\\\/#breadcrumb\"},\"inLanguage\":\"de\",\"potentialAction\":[{\"@type\":\"ReadAction\",\"target\":[\"https:\\\/\\\/www.jazzzeitung.de\\\/cms\\\/2016\\\/11\\\/authentizitaet-vom-ersten-bis-zum-letzten-ton\\\/\"]}]},{\"@type\":\"ImageObject\",\"inLanguage\":\"de\",\"@id\":\"https:\\\/\\\/www.jazzzeitung.de\\\/cms\\\/2016\\\/11\\\/authentizitaet-vom-ersten-bis-zum-letzten-ton\\\/#primaryimage\",\"url\":\"https:\\\/\\\/i0.wp.com\\\/www.jazzzeitung.de\\\/cms\\\/wp-content\\\/uploads\\\/2016\\\/11\\\/Cover-clara-haberkamp.jpg?fit=1414%2C1409&ssl=1\",\"contentUrl\":\"https:\\\/\\\/i0.wp.com\\\/www.jazzzeitung.de\\\/cms\\\/wp-content\\\/uploads\\\/2016\\\/11\\\/Cover-clara-haberkamp.jpg?fit=1414%2C1409&ssl=1\",\"width\":1414,\"height\":1409},{\"@type\":\"BreadcrumbList\",\"@id\":\"https:\\\/\\\/www.jazzzeitung.de\\\/cms\\\/2016\\\/11\\\/authentizitaet-vom-ersten-bis-zum-letzten-ton\\\/#breadcrumb\",\"itemListElement\":[{\"@type\":\"ListItem\",\"position\":1,\"name\":\"Startseite\",\"item\":\"https:\\\/\\\/www.jazzzeitung.de\\\/cms\\\/\"},{\"@type\":\"ListItem\",\"position\":2,\"name\":\"Authentizit\u00e4t vom ersten bis zum letzten Ton\"}]},{\"@type\":\"WebSite\",\"@id\":\"https:\\\/\\\/www.jazzzeitung.de\\\/cms\\\/#website\",\"url\":\"https:\\\/\\\/www.jazzzeitung.de\\\/cms\\\/\",\"name\":\"JazzZeitung\",\"description\":\"Jazz-News und Jazz-Kontroverses\",\"publisher\":{\"@id\":\"https:\\\/\\\/www.jazzzeitung.de\\\/cms\\\/#organization\"},\"potentialAction\":[{\"@type\":\"SearchAction\",\"target\":{\"@type\":\"EntryPoint\",\"urlTemplate\":\"https:\\\/\\\/www.jazzzeitung.de\\\/cms\\\/?s={search_term_string}\"},\"query-input\":{\"@type\":\"PropertyValueSpecification\",\"valueRequired\":true,\"valueName\":\"search_term_string\"}}],\"inLanguage\":\"de\"},{\"@type\":\"Organization\",\"@id\":\"https:\\\/\\\/www.jazzzeitung.de\\\/cms\\\/#organization\",\"name\":\"JazzZeitung online\",\"url\":\"https:\\\/\\\/www.jazzzeitung.de\\\/cms\\\/\",\"logo\":{\"@type\":\"ImageObject\",\"inLanguage\":\"de\",\"@id\":\"https:\\\/\\\/www.jazzzeitung.de\\\/cms\\\/#\\\/schema\\\/logo\\\/image\\\/\",\"url\":\"https:\\\/\\\/i0.wp.com\\\/www.jazzzeitung.de\\\/cms\\\/wp-content\\\/uploads\\\/2015\\\/08\\\/JAZZZEITUNGDE_Logo_Neu.png?fit=499%2C200&ssl=1\",\"contentUrl\":\"https:\\\/\\\/i0.wp.com\\\/www.jazzzeitung.de\\\/cms\\\/wp-content\\\/uploads\\\/2015\\\/08\\\/JAZZZEITUNGDE_Logo_Neu.png?fit=499%2C200&ssl=1\",\"width\":499,\"height\":200,\"caption\":\"JazzZeitung online\"},\"image\":{\"@id\":\"https:\\\/\\\/www.jazzzeitung.de\\\/cms\\\/#\\\/schema\\\/logo\\\/image\\\/\"},\"sameAs\":[\"https:\\\/\\\/www.facebook.com\\\/JazzZeitung\\\/\"]},{\"@type\":\"Person\",\"@id\":\"https:\\\/\\\/www.jazzzeitung.de\\\/cms\\\/#\\\/schema\\\/person\\\/2245b36b9cd1d24cea10f01c031fb92b\",\"name\":\"Redaktion JazzZeitung\",\"image\":{\"@type\":\"ImageObject\",\"inLanguage\":\"de\",\"@id\":\"https:\\\/\\\/i0.wp.com\\\/www.jazzzeitung.de\\\/cms\\\/wp-content\\\/uploads\\\/2015\\\/08\\\/JAZZZEITUNGDE_Logo_Neu.png?resize=96%2C96&ssl=159975dcacb611b5700bd619b5daf0a7a\",\"url\":\"https:\\\/\\\/i0.wp.com\\\/www.jazzzeitung.de\\\/cms\\\/wp-content\\\/uploads\\\/2015\\\/08\\\/JAZZZEITUNGDE_Logo_Neu.png?resize=96%2C96&ssl=1\",\"contentUrl\":\"https:\\\/\\\/i0.wp.com\\\/www.jazzzeitung.de\\\/cms\\\/wp-content\\\/uploads\\\/2015\\\/08\\\/JAZZZEITUNGDE_Logo_Neu.png?resize=96%2C96&ssl=1\",\"caption\":\"Redaktion JazzZeitung\"},\"description\":\"Artikel der Redaktion der JazzZeitung.\",\"sameAs\":[\"http:\\\/\\\/www.jazzzeitung.de\\\/cms\\\/\"],\"url\":\"https:\\\/\\\/www.jazzzeitung.de\\\/cms\\\/author\\\/redaktion\\\/\"}]}<\/script>\n<!-- \/ Yoast SEO plugin. -->","yoast_head_json":{"title":"Authentizit\u00e4t vom ersten bis zum letzten Ton - JazzZeitung","robots":{"index":"index","follow":"follow","max-snippet":"max-snippet:-1","max-image-preview":"max-image-preview:large","max-video-preview":"max-video-preview:-1"},"canonical":"https:\/\/www.jazzzeitung.de\/cms\/2016\/11\/authentizitaet-vom-ersten-bis-zum-letzten-ton\/","og_locale":"de_DE","og_type":"article","og_title":"Authentizit\u00e4t vom ersten bis zum letzten Ton - JazzZeitung","og_description":"Von Thomas J. Krebs \u2013 Bereits nach den ersten Takten ist klar wohin die musikalische Reise bei Clara Haberkamps neuer CD \u201eOrange Blossom\u201c geht. Gemeinsam mit Drummer Tilo Weber und dem Norweger Dan Peter Sundland am E-Bass werden leise, perlende Klanggebilde geformt. Sind die Themen bei den ersten St\u00fccken noch harmonisch gepr\u00e4gt, wechseln diese im Laufe der Aufnahme zunehmend zu filigranen, modalen Motiven, mit viel Fingerspitzengef\u00fchl interpretiert. Die junge Pianistin und Wahlberlinerin Clara Haberkamp ist ihrer Zeit musikalisch voraus, k\u00fcmmert sich wenig um Konventionen und setzt eigene tonale Schwerpunkte. Was im einen Moment zart und zerbrechlich klingt, wird kurz darauf energiegeladen und steckt voller spielerischer \u00dcberraschungen. Erg\u00e4nzt wird das Piano-Trio letztlich durch Clara Haberkamps wunderbare Stimme, die sie de facto als eigenes Instrument einsetzt und mit beeindruckender Ausdruckskraft (musikalisch wie textlich) zur Geltung bringt. Aller Komplexit\u00e4t zum Trotz schafft Clara Haberkamp mit ihren ausdrucksstarken Eigenkompositionen beim H\u00f6rer eine harmonische Vertrautheit und bildet damit einen gelungenen Gegenpol zum Mainstream. Dan Peter Sundland und Tilo Weber sind geniale Spielpartner, teilen sie Haberkamps Verst\u00e4ndnis f\u00fcr Reduktion der Kl\u00e4nge, die den musikalischen Kern treffen, pl\u00f6tzlich in beseelte Improvisationen umschlagen, &hellip;","og_url":"https:\/\/www.jazzzeitung.de\/cms\/2016\/11\/authentizitaet-vom-ersten-bis-zum-letzten-ton\/","og_site_name":"JazzZeitung","article_publisher":"https:\/\/www.facebook.com\/JazzZeitung\/","article_published_time":"2016-11-30T10:00:35+00:00","og_image":[{"width":1414,"height":1409,"url":"https:\/\/i0.wp.com\/www.jazzzeitung.de\/cms\/wp-content\/uploads\/2016\/11\/Cover-clara-haberkamp.jpg?fit=1414%2C1409&ssl=1","type":"image\/jpeg"}],"author":"Redaktion JazzZeitung","schema":{"@context":"https:\/\/schema.org","@graph":[{"@type":"Article","@id":"https:\/\/www.jazzzeitung.de\/cms\/2016\/11\/authentizitaet-vom-ersten-bis-zum-letzten-ton\/#article","isPartOf":{"@id":"https:\/\/www.jazzzeitung.de\/cms\/2016\/11\/authentizitaet-vom-ersten-bis-zum-letzten-ton\/"},"author":{"name":"Redaktion JazzZeitung","@id":"https:\/\/www.jazzzeitung.de\/cms\/#\/schema\/person\/2245b36b9cd1d24cea10f01c031fb92b"},"headline":"Authentizit\u00e4t vom ersten bis zum letzten Ton","datePublished":"2016-11-30T10:00:35+00:00","mainEntityOfPage":{"@id":"https:\/\/www.jazzzeitung.de\/cms\/2016\/11\/authentizitaet-vom-ersten-bis-zum-letzten-ton\/"},"wordCount":324,"commentCount":0,"publisher":{"@id":"https:\/\/www.jazzzeitung.de\/cms\/#organization"},"image":{"@id":"https:\/\/www.jazzzeitung.de\/cms\/2016\/11\/authentizitaet-vom-ersten-bis-zum-letzten-ton\/#primaryimage"},"thumbnailUrl":"https:\/\/i0.wp.com\/www.jazzzeitung.de\/cms\/wp-content\/uploads\/2016\/11\/Cover-clara-haberkamp.jpg?fit=1414%2C1409&ssl=1","keywords":["Berlin","CD","clara haberkamp","Gesang","krebs","orange blossom","Piano","rezi","Thomas J. Krebs","tj","Traumton","trio"],"articleSection":["Rezension"],"inLanguage":"de","potentialAction":[{"@type":"CommentAction","name":"Comment","target":["https:\/\/www.jazzzeitung.de\/cms\/2016\/11\/authentizitaet-vom-ersten-bis-zum-letzten-ton\/#respond"]}]},{"@type":"WebPage","@id":"https:\/\/www.jazzzeitung.de\/cms\/2016\/11\/authentizitaet-vom-ersten-bis-zum-letzten-ton\/","url":"https:\/\/www.jazzzeitung.de\/cms\/2016\/11\/authentizitaet-vom-ersten-bis-zum-letzten-ton\/","name":"Authentizit\u00e4t vom ersten bis zum letzten Ton - JazzZeitung","isPartOf":{"@id":"https:\/\/www.jazzzeitung.de\/cms\/#website"},"primaryImageOfPage":{"@id":"https:\/\/www.jazzzeitung.de\/cms\/2016\/11\/authentizitaet-vom-ersten-bis-zum-letzten-ton\/#primaryimage"},"image":{"@id":"https:\/\/www.jazzzeitung.de\/cms\/2016\/11\/authentizitaet-vom-ersten-bis-zum-letzten-ton\/#primaryimage"},"thumbnailUrl":"https:\/\/i0.wp.com\/www.jazzzeitung.de\/cms\/wp-content\/uploads\/2016\/11\/Cover-clara-haberkamp.jpg?fit=1414%2C1409&ssl=1","datePublished":"2016-11-30T10:00:35+00:00","breadcrumb":{"@id":"https:\/\/www.jazzzeitung.de\/cms\/2016\/11\/authentizitaet-vom-ersten-bis-zum-letzten-ton\/#breadcrumb"},"inLanguage":"de","potentialAction":[{"@type":"ReadAction","target":["https:\/\/www.jazzzeitung.de\/cms\/2016\/11\/authentizitaet-vom-ersten-bis-zum-letzten-ton\/"]}]},{"@type":"ImageObject","inLanguage":"de","@id":"https:\/\/www.jazzzeitung.de\/cms\/2016\/11\/authentizitaet-vom-ersten-bis-zum-letzten-ton\/#primaryimage","url":"https:\/\/i0.wp.com\/www.jazzzeitung.de\/cms\/wp-content\/uploads\/2016\/11\/Cover-clara-haberkamp.jpg?fit=1414%2C1409&ssl=1","contentUrl":"https:\/\/i0.wp.com\/www.jazzzeitung.de\/cms\/wp-content\/uploads\/2016\/11\/Cover-clara-haberkamp.jpg?fit=1414%2C1409&ssl=1","width":1414,"height":1409},{"@type":"BreadcrumbList","@id":"https:\/\/www.jazzzeitung.de\/cms\/2016\/11\/authentizitaet-vom-ersten-bis-zum-letzten-ton\/#breadcrumb","itemListElement":[{"@type":"ListItem","position":1,"name":"Startseite","item":"https:\/\/www.jazzzeitung.de\/cms\/"},{"@type":"ListItem","position":2,"name":"Authentizit\u00e4t vom ersten bis zum letzten Ton"}]},{"@type":"WebSite","@id":"https:\/\/www.jazzzeitung.de\/cms\/#website","url":"https:\/\/www.jazzzeitung.de\/cms\/","name":"JazzZeitung","description":"Jazz-News und Jazz-Kontroverses","publisher":{"@id":"https:\/\/www.jazzzeitung.de\/cms\/#organization"},"potentialAction":[{"@type":"SearchAction","target":{"@type":"EntryPoint","urlTemplate":"https:\/\/www.jazzzeitung.de\/cms\/?s={search_term_string}"},"query-input":{"@type":"PropertyValueSpecification","valueRequired":true,"valueName":"search_term_string"}}],"inLanguage":"de"},{"@type":"Organization","@id":"https:\/\/www.jazzzeitung.de\/cms\/#organization","name":"JazzZeitung online","url":"https:\/\/www.jazzzeitung.de\/cms\/","logo":{"@type":"ImageObject","inLanguage":"de","@id":"https:\/\/www.jazzzeitung.de\/cms\/#\/schema\/logo\/image\/","url":"https:\/\/i0.wp.com\/www.jazzzeitung.de\/cms\/wp-content\/uploads\/2015\/08\/JAZZZEITUNGDE_Logo_Neu.png?fit=499%2C200&ssl=1","contentUrl":"https:\/\/i0.wp.com\/www.jazzzeitung.de\/cms\/wp-content\/uploads\/2015\/08\/JAZZZEITUNGDE_Logo_Neu.png?fit=499%2C200&ssl=1","width":499,"height":200,"caption":"JazzZeitung online"},"image":{"@id":"https:\/\/www.jazzzeitung.de\/cms\/#\/schema\/logo\/image\/"},"sameAs":["https:\/\/www.facebook.com\/JazzZeitung\/"]},{"@type":"Person","@id":"https:\/\/www.jazzzeitung.de\/cms\/#\/schema\/person\/2245b36b9cd1d24cea10f01c031fb92b","name":"Redaktion JazzZeitung","image":{"@type":"ImageObject","inLanguage":"de","@id":"https:\/\/i0.wp.com\/www.jazzzeitung.de\/cms\/wp-content\/uploads\/2015\/08\/JAZZZEITUNGDE_Logo_Neu.png?resize=96%2C96&ssl=159975dcacb611b5700bd619b5daf0a7a","url":"https:\/\/i0.wp.com\/www.jazzzeitung.de\/cms\/wp-content\/uploads\/2015\/08\/JAZZZEITUNGDE_Logo_Neu.png?resize=96%2C96&ssl=1","contentUrl":"https:\/\/i0.wp.com\/www.jazzzeitung.de\/cms\/wp-content\/uploads\/2015\/08\/JAZZZEITUNGDE_Logo_Neu.png?resize=96%2C96&ssl=1","caption":"Redaktion JazzZeitung"},"description":"Artikel der Redaktion der JazzZeitung.","sameAs":["http:\/\/www.jazzzeitung.de\/cms\/"],"url":"https:\/\/www.jazzzeitung.de\/cms\/author\/redaktion\/"}]}},"wp-worthy-pixel":{"ignored":false,"public":null,"server":null,"url":null},"wp-worthy-type":"normal","jetpack_publicize_connections":[],"cc_featured_image_caption":{"caption_text":false,"source_text":false,"source_url":false},"jetpack_featured_media_url":"https:\/\/i0.wp.com\/www.jazzzeitung.de\/cms\/wp-content\/uploads\/2016\/11\/Cover-clara-haberkamp.jpg?fit=1414%2C1409&ssl=1","jetpack_shortlink":"https:\/\/wp.me\/p3KEcT-2UI","jetpack-related-posts":[{"id":25406,"url":"https:\/\/www.jazzzeitung.de\/cms\/2021\/08\/reframing-the-moon-neues-album-des-haberkamp-trios-veroeffentlicht\/","url_meta":{"origin":11204,"position":0},"title":"\u201eReframing The Moon\u201c \u2013 Neues Album des Haberkamp Trios ver\u00f6ffentlicht","author":"Thomas J. Krebs","date":"13. August 2021","format":false,"excerpt":"Homogen, vom ersten bis zum letzten Ton Zum neuen Album des Clara Haberkamp Trios Die Pianistin Clara Haberkamp l\u00e4utet mit ihrem neuen Trio-Album \u201eReframing The Moon\u201c einen Wendepunkt ihrer bisherigen Karriere ein. Zwischen ihrer ersten Trio-Aufnahme \u201eNicht rot, nicht wei\u00df, nicht blau\u201c und ihrer aktuellen CD liegen mittlerweile 10 Jahre.\u2026","rel":"","context":"In &quot;Rezension&quot;","block_context":{"text":"Rezension","link":"https:\/\/www.jazzzeitung.de\/cms\/thema\/rezension\/"},"img":{"alt_text":"","src":"https:\/\/i0.wp.com\/www.jazzzeitung.de\/cms\/wp-content\/uploads\/2021\/08\/cover-Clara-Haberkamp-Reframing-The-Moon1.jpg?fit=1200%2C1200&ssl=1&resize=350%2C200","width":350,"height":200,"srcset":"https:\/\/i0.wp.com\/www.jazzzeitung.de\/cms\/wp-content\/uploads\/2021\/08\/cover-Clara-Haberkamp-Reframing-The-Moon1.jpg?fit=1200%2C1200&ssl=1&resize=350%2C200 1x, https:\/\/i0.wp.com\/www.jazzzeitung.de\/cms\/wp-content\/uploads\/2021\/08\/cover-Clara-Haberkamp-Reframing-The-Moon1.jpg?fit=1200%2C1200&ssl=1&resize=525%2C300 1.5x, https:\/\/i0.wp.com\/www.jazzzeitung.de\/cms\/wp-content\/uploads\/2021\/08\/cover-Clara-Haberkamp-Reframing-The-Moon1.jpg?fit=1200%2C1200&ssl=1&resize=700%2C400 2x, https:\/\/i0.wp.com\/www.jazzzeitung.de\/cms\/wp-content\/uploads\/2021\/08\/cover-Clara-Haberkamp-Reframing-The-Moon1.jpg?fit=1200%2C1200&ssl=1&resize=1050%2C600 3x"},"classes":[]},{"id":14958,"url":"https:\/\/www.jazzzeitung.de\/cms\/2018\/02\/cd-rezension-und-konzert-tipp-chris-gall-trio-cosmic-playground\/","url_meta":{"origin":11204,"position":1},"title":"CD-Rezension und Konzert-Tipp: Chris Gall Trio &#8211; Cosmic Playground","author":"Thomas J. Krebs","date":"2. Februar 2018","format":false,"excerpt":"\u201eCosmic Playgrund\u201d, die neue Trio CD des Pianisten Chris Gall, ist auf eine besondere Weise eine \u201efamily affair\u201d, begleitet am Schlagzeug von seinem j\u00fcngeren Bruder Peter Gall (der bereits an den ersten Vorg\u00e4ngeralben mitbeteiligt war) und dem M\u00fcnchner Ausnahmebassisten Henning Sieverts. Die drei kennen sich seit Jahren, musizieren und arbeiten\u2026","rel":"","context":"In &quot;News&quot;","block_context":{"text":"News","link":"https:\/\/www.jazzzeitung.de\/cms\/thema\/nachrichten\/"},"img":{"alt_text":"","src":"https:\/\/i0.wp.com\/www.jazzzeitung.de\/cms\/wp-content\/uploads\/2018\/01\/CD-Cover-Cosmic-playground.jpg?fit=1200%2C1200&ssl=1&resize=350%2C200","width":350,"height":200,"srcset":"https:\/\/i0.wp.com\/www.jazzzeitung.de\/cms\/wp-content\/uploads\/2018\/01\/CD-Cover-Cosmic-playground.jpg?fit=1200%2C1200&ssl=1&resize=350%2C200 1x, https:\/\/i0.wp.com\/www.jazzzeitung.de\/cms\/wp-content\/uploads\/2018\/01\/CD-Cover-Cosmic-playground.jpg?fit=1200%2C1200&ssl=1&resize=525%2C300 1.5x, https:\/\/i0.wp.com\/www.jazzzeitung.de\/cms\/wp-content\/uploads\/2018\/01\/CD-Cover-Cosmic-playground.jpg?fit=1200%2C1200&ssl=1&resize=700%2C400 2x, https:\/\/i0.wp.com\/www.jazzzeitung.de\/cms\/wp-content\/uploads\/2018\/01\/CD-Cover-Cosmic-playground.jpg?fit=1200%2C1200&ssl=1&resize=1050%2C600 3x"},"classes":[]},{"id":18402,"url":"https:\/\/www.jazzzeitung.de\/cms\/2019\/01\/sarah-mccoy-mit-neuem-album-bei-blue-note\/","url_meta":{"origin":11204,"position":2},"title":"Sarah McCoy mit neuem Album bei Blue Note","author":"Thomas J. Krebs","date":"23. Januar 2019","format":false,"excerpt":"Es gibt sie noch - angenehme musikalische \u00dcberraschungen: \u201eBlood Siren\u201c, Sarah McCoys neue CD, erschienen auf Blue Note Records, z\u00e4hlt ohne Zweifel dazu und ist gleichzeitig eine absolut ungew\u00f6hnliche Aufnahme.\u00a0Das Album beginnt mit behutsamen, zur\u00fcckhaltenden T\u00f6nen von Chilly Gonzales am Klavier, dann setzt die leicht dunkle Stimme Sarah McCoys ein,\u2026","rel":"","context":"In &quot;Rezension&quot;","block_context":{"text":"Rezension","link":"https:\/\/www.jazzzeitung.de\/cms\/thema\/rezension\/"},"img":{"alt_text":"Sarah McCoy - Blood Siren","src":"https:\/\/i0.wp.com\/www.jazzzeitung.de\/cms\/wp-content\/uploads\/2019\/01\/mccoy_siren_cd_2200.jpg?fit=1200%2C655&ssl=1&resize=350%2C200","width":350,"height":200,"srcset":"https:\/\/i0.wp.com\/www.jazzzeitung.de\/cms\/wp-content\/uploads\/2019\/01\/mccoy_siren_cd_2200.jpg?fit=1200%2C655&ssl=1&resize=350%2C200 1x, https:\/\/i0.wp.com\/www.jazzzeitung.de\/cms\/wp-content\/uploads\/2019\/01\/mccoy_siren_cd_2200.jpg?fit=1200%2C655&ssl=1&resize=525%2C300 1.5x, https:\/\/i0.wp.com\/www.jazzzeitung.de\/cms\/wp-content\/uploads\/2019\/01\/mccoy_siren_cd_2200.jpg?fit=1200%2C655&ssl=1&resize=700%2C400 2x, https:\/\/i0.wp.com\/www.jazzzeitung.de\/cms\/wp-content\/uploads\/2019\/01\/mccoy_siren_cd_2200.jpg?fit=1200%2C655&ssl=1&resize=1050%2C600 3x"},"classes":[]},{"id":31143,"url":"https:\/\/www.jazzzeitung.de\/cms\/2024\/06\/thomas-j-krebs-jazz-fotoretrospektive-in-unterfoehring\/","url_meta":{"origin":11204,"position":3},"title":"Thomas J. Krebs: Jazz-Fotoretrospektive in Unterf\u00f6hring","author":"Redaktion JazzZeitung","date":"4. Juni 2024","format":false,"excerpt":"Unser gesch\u00e4tzter Autor und Mitarbeiter Thomas J. Krebs begann vor 57 Jahren zu fotografieren und feiert dieses Jahr sein 50-j\u00e4hriges Konzertfotografie-Jubil\u00e4um. Am 27. Juli 1974 stand er zum ersten Mal mit seiner Kamera bei einem Konzert vor der B\u00fchne. Mittlerweile sind es gut 3.500 Konzerte, die er zwischenzeitlich besucht und\u2026","rel":"","context":"In &quot;Redaktionelle Nachrichten&quot;","block_context":{"text":"Redaktionelle Nachrichten","link":"https:\/\/www.jazzzeitung.de\/cms\/thema\/redaktion\/"},"img":{"alt_text":"","src":"https:\/\/i0.wp.com\/www.jazzzeitung.de\/cms\/wp-content\/uploads\/2024\/06\/P2559050-sw-Ivan-Taylor-Foto-TJ-Krebs.jpg?fit=1200%2C800&ssl=1&resize=350%2C200","width":350,"height":200,"srcset":"https:\/\/i0.wp.com\/www.jazzzeitung.de\/cms\/wp-content\/uploads\/2024\/06\/P2559050-sw-Ivan-Taylor-Foto-TJ-Krebs.jpg?fit=1200%2C800&ssl=1&resize=350%2C200 1x, https:\/\/i0.wp.com\/www.jazzzeitung.de\/cms\/wp-content\/uploads\/2024\/06\/P2559050-sw-Ivan-Taylor-Foto-TJ-Krebs.jpg?fit=1200%2C800&ssl=1&resize=525%2C300 1.5x, https:\/\/i0.wp.com\/www.jazzzeitung.de\/cms\/wp-content\/uploads\/2024\/06\/P2559050-sw-Ivan-Taylor-Foto-TJ-Krebs.jpg?fit=1200%2C800&ssl=1&resize=700%2C400 2x, https:\/\/i0.wp.com\/www.jazzzeitung.de\/cms\/wp-content\/uploads\/2024\/06\/P2559050-sw-Ivan-Taylor-Foto-TJ-Krebs.jpg?fit=1200%2C800&ssl=1&resize=1050%2C600 3x"},"classes":[]},{"id":14903,"url":"https:\/\/www.jazzzeitung.de\/cms\/2018\/01\/cd-rezension-till-broenner-dieter-ilg-nightfall\/","url_meta":{"origin":11204,"position":4},"title":"CD-Rezension: Till Br\u00f6nner &#038; Dieter Ilg: Nightfall","author":"Thomas J. Krebs","date":"27. Januar 2018","format":false,"excerpt":"Till Br\u00f6nner und Dieter Ilg im Duo, diese Konstellation konnten bis dato nur wenige Zuh\u00f6rer in sporadischen Konzerten erleben. Nun war die Zeit reif f\u00fcr einen Tontr\u00e4ger \u2013 und damit geht f\u00fcr so manchen Jazzfan ein Traum in Erf\u00fcllung. Die Rede ist von \u201eNightfall\u201c, der brandneuen, bei OKeh\/Sony Music erschienenen,\u2026","rel":"","context":"In &quot;Rezension&quot;","block_context":{"text":"Rezension","link":"https:\/\/www.jazzzeitung.de\/cms\/thema\/rezension\/"},"img":{"alt_text":"","src":"https:\/\/i0.wp.com\/www.jazzzeitung.de\/cms\/wp-content\/uploads\/2018\/01\/Br%C3%B6nner-Ilg-Nightfall-Cover.jpg?fit=1200%2C1200&ssl=1&resize=350%2C200","width":350,"height":200,"srcset":"https:\/\/i0.wp.com\/www.jazzzeitung.de\/cms\/wp-content\/uploads\/2018\/01\/Br%C3%B6nner-Ilg-Nightfall-Cover.jpg?fit=1200%2C1200&ssl=1&resize=350%2C200 1x, https:\/\/i0.wp.com\/www.jazzzeitung.de\/cms\/wp-content\/uploads\/2018\/01\/Br%C3%B6nner-Ilg-Nightfall-Cover.jpg?fit=1200%2C1200&ssl=1&resize=525%2C300 1.5x, https:\/\/i0.wp.com\/www.jazzzeitung.de\/cms\/wp-content\/uploads\/2018\/01\/Br%C3%B6nner-Ilg-Nightfall-Cover.jpg?fit=1200%2C1200&ssl=1&resize=700%2C400 2x, https:\/\/i0.wp.com\/www.jazzzeitung.de\/cms\/wp-content\/uploads\/2018\/01\/Br%C3%B6nner-Ilg-Nightfall-Cover.jpg?fit=1200%2C1200&ssl=1&resize=1050%2C600 3x"},"classes":[]},{"id":15060,"url":"https:\/\/www.jazzzeitung.de\/cms\/2018\/02\/norma-winstone-descansado-live-im-landsberger-stadttheater-am-18-februar\/","url_meta":{"origin":11204,"position":5},"title":"Norma Winstone mit \u201eDescansado\u201c am 18. Februar im Landsberger Stadttheater","author":"Thomas J. Krebs","date":"13. Februar 2018","format":false,"excerpt":"Am kommenden Sonntag um 19:00 gastiert die S\u00e4ngerin und Lyrikerin Norma Winstone mit ihrem Trio, erweitert um den Perkussionisten Helge Andreas Norbakken, im Landsberger Stadttheater. Im Gep\u00e4ck dabei hat sie ihre neue CD \u201eDescansado \u2013 Songs For Films\u201c. In der Besetzung mit Glauco Venier am Piano und Klaus Gesing (Bassklarinette\u2026","rel":"","context":"In &quot;News&quot;","block_context":{"text":"News","link":"https:\/\/www.jazzzeitung.de\/cms\/thema\/nachrichten\/"},"img":{"alt_text":"","src":"https:\/\/i0.wp.com\/www.jazzzeitung.de\/cms\/wp-content\/uploads\/2018\/02\/Norma-Winstone-2-Foto-TJ-Krebs-jazzphotoagency%40web.de_.jpg?fit=1200%2C800&ssl=1&resize=350%2C200","width":350,"height":200,"srcset":"https:\/\/i0.wp.com\/www.jazzzeitung.de\/cms\/wp-content\/uploads\/2018\/02\/Norma-Winstone-2-Foto-TJ-Krebs-jazzphotoagency%40web.de_.jpg?fit=1200%2C800&ssl=1&resize=350%2C200 1x, https:\/\/i0.wp.com\/www.jazzzeitung.de\/cms\/wp-content\/uploads\/2018\/02\/Norma-Winstone-2-Foto-TJ-Krebs-jazzphotoagency%40web.de_.jpg?fit=1200%2C800&ssl=1&resize=525%2C300 1.5x, https:\/\/i0.wp.com\/www.jazzzeitung.de\/cms\/wp-content\/uploads\/2018\/02\/Norma-Winstone-2-Foto-TJ-Krebs-jazzphotoagency%40web.de_.jpg?fit=1200%2C800&ssl=1&resize=700%2C400 2x, https:\/\/i0.wp.com\/www.jazzzeitung.de\/cms\/wp-content\/uploads\/2018\/02\/Norma-Winstone-2-Foto-TJ-Krebs-jazzphotoagency%40web.de_.jpg?fit=1200%2C800&ssl=1&resize=1050%2C600 3x"},"classes":[]}],"jetpack_sharing_enabled":true,"_links":{"self":[{"href":"https:\/\/www.jazzzeitung.de\/cms\/wp-json\/wp\/v2\/posts\/11204","targetHints":{"allow":["GET"]}}],"collection":[{"href":"https:\/\/www.jazzzeitung.de\/cms\/wp-json\/wp\/v2\/posts"}],"about":[{"href":"https:\/\/www.jazzzeitung.de\/cms\/wp-json\/wp\/v2\/types\/post"}],"author":[{"embeddable":true,"href":"https:\/\/www.jazzzeitung.de\/cms\/wp-json\/wp\/v2\/users\/18"}],"replies":[{"embeddable":true,"href":"https:\/\/www.jazzzeitung.de\/cms\/wp-json\/wp\/v2\/comments?post=11204"}],"version-history":[{"count":2,"href":"https:\/\/www.jazzzeitung.de\/cms\/wp-json\/wp\/v2\/posts\/11204\/revisions"}],"predecessor-version":[{"id":11217,"href":"https:\/\/www.jazzzeitung.de\/cms\/wp-json\/wp\/v2\/posts\/11204\/revisions\/11217"}],"wp:featuredmedia":[{"embeddable":true,"href":"https:\/\/www.jazzzeitung.de\/cms\/wp-json\/wp\/v2\/media\/11182"}],"wp:attachment":[{"href":"https:\/\/www.jazzzeitung.de\/cms\/wp-json\/wp\/v2\/media?parent=11204"}],"wp:term":[{"taxonomy":"category","embeddable":true,"href":"https:\/\/www.jazzzeitung.de\/cms\/wp-json\/wp\/v2\/categories?post=11204"},{"taxonomy":"post_tag","embeddable":true,"href":"https:\/\/www.jazzzeitung.de\/cms\/wp-json\/wp\/v2\/tags?post=11204"},{"taxonomy":"author","embeddable":true,"href":"https:\/\/www.jazzzeitung.de\/cms\/wp-json\/wp\/v2\/coauthors?post=11204"}],"curies":[{"name":"wp","href":"https:\/\/api.w.org\/{rel}","templated":true}]}}