{"id":11086,"date":"2016-11-24T11:00:38","date_gmt":"2016-11-24T10:00:38","guid":{"rendered":"http:\/\/www.jazzzeitung.de\/cms\/?p=11086"},"modified":"2016-11-24T11:03:30","modified_gmt":"2016-11-24T10:03:30","slug":"glaerie-jakob-bro-trio-verzaubert-die-unterfahrt-muenchen","status":"publish","type":"post","link":"https:\/\/www.jazzzeitung.de\/cms\/2016\/11\/glaerie-jakob-bro-trio-verzaubert-die-unterfahrt-muenchen\/","title":{"rendered":"Galerie: Jakob Bro Trio verzaubert die Unterfahrt M\u00fcnchen"},"content":{"rendered":"<p>Das Jakob Bro Trio mit Thomas Morgan am Bass und dem Drummer Joe Barron \u2013 hoch inspiriert und in relaxter Spiellaune. In der M\u00fcnchner Unterfahrt zauberten sie zarte, kammermusikalische Soundgebilde mit sph\u00e4rischen Melodien. Ein wirklich beeindruckendes Trio das im Gleichgewicht musiziert und miteinander improvisiert \u2013 gro\u00dfes Kino!<\/p>\n<p>Fotos &amp; Text: TJ Krebs<\/p>\n<div class=\"tiled-gallery type-rectangular tiled-gallery-unresized\" data-original-width=\"840\" data-carousel-extra='{&quot;blog_id&quot;:1,&quot;permalink&quot;:&quot;https:\\\/\\\/www.jazzzeitung.de\\\/cms\\\/2016\\\/11\\\/glaerie-jakob-bro-trio-verzaubert-die-unterfahrt-muenchen\\\/&quot;,&quot;likes_blog_id&quot;:55446655}' itemscope itemtype=\"http:\/\/schema.org\/ImageGallery\" > <div class=\"gallery-row\" style=\"width: 840px; height: 239px;\" data-original-width=\"840\" data-original-height=\"239\" > <div class=\"gallery-group images-1\" style=\"width: 161px; height: 239px;\" data-original-width=\"161\" data-original-height=\"239\" > <div class=\"tiled-gallery-item tiled-gallery-item-small\" itemprop=\"associatedMedia\" itemscope itemtype=\"http:\/\/schema.org\/ImageObject\"> <a href=\"https:\/\/www.jazzzeitung.de\/cms\/2016\/11\/glaerie-jakob-bro-trio-verzaubert-die-unterfahrt-muenchen\/p1180666-jakob-bro-foto-tj-krebs\/\" border=\"0\" itemprop=\"url\"> <meta itemprop=\"width\" content=\"157\"> <meta itemprop=\"height\" content=\"235\"> <img decoding=\"async\" class=\"\" data-attachment-id=\"11092\" data-orig-file=\"https:\/\/www.jazzzeitung.de\/cms\/wp-content\/uploads\/2016\/11\/P1180666-Jakob-Bro-Foto-TJ-Krebs.jpg\" data-orig-size=\"800,1200\" data-comments-opened=\"1\" data-image-meta=\"{&quot;aperture&quot;:&quot;0&quot;,&quot;credit&quot;:&quot;&quot;,&quot;camera&quot;:&quot;&quot;,&quot;caption&quot;:&quot;&quot;,&quot;created_timestamp&quot;:&quot;0&quot;,&quot;copyright&quot;:&quot;&quot;,&quot;focal_length&quot;:&quot;0&quot;,&quot;iso&quot;:&quot;0&quot;,&quot;shutter_speed&quot;:&quot;0&quot;,&quot;title&quot;:&quot;&quot;,&quot;orientation&quot;:&quot;0&quot;}\" data-image-title=\"Jakob Bro. Foto: TJ Krebs\" data-image-description=\"\" data-medium-file=\"https:\/\/i0.wp.com\/www.jazzzeitung.de\/cms\/wp-content\/uploads\/2016\/11\/P1180666-Jakob-Bro-Foto-TJ-Krebs.jpg?fit=200%2C300&#038;ssl=1\" data-large-file=\"https:\/\/i0.wp.com\/www.jazzzeitung.de\/cms\/wp-content\/uploads\/2016\/11\/P1180666-Jakob-Bro-Foto-TJ-Krebs.jpg?fit=400%2C600&#038;ssl=1\" src=\"https:\/\/i0.wp.com\/www.jazzzeitung.de\/cms\/wp-content\/uploads\/2016\/11\/P1180666-Jakob-Bro-Foto-TJ-Krebs.jpg?w=157&#038;h=235&#038;ssl=1\" srcset=\"https:\/\/i0.wp.com\/www.jazzzeitung.de\/cms\/wp-content\/uploads\/2016\/11\/P1180666-Jakob-Bro-Foto-TJ-Krebs.jpg?w=800&amp;ssl=1 800w, https:\/\/i0.wp.com\/www.jazzzeitung.de\/cms\/wp-content\/uploads\/2016\/11\/P1180666-Jakob-Bro-Foto-TJ-Krebs.jpg?resize=200%2C300&amp;ssl=1 200w, https:\/\/i0.wp.com\/www.jazzzeitung.de\/cms\/wp-content\/uploads\/2016\/11\/P1180666-Jakob-Bro-Foto-TJ-Krebs.jpg?resize=768%2C1152&amp;ssl=1 768w, https:\/\/i0.wp.com\/www.jazzzeitung.de\/cms\/wp-content\/uploads\/2016\/11\/P1180666-Jakob-Bro-Foto-TJ-Krebs.jpg?resize=400%2C600&amp;ssl=1 400w\" width=\"157\" height=\"235\" loading=\"lazy\" data-original-width=\"157\" data-original-height=\"235\" itemprop=\"http:\/\/schema.org\/image\" title=\"Jakob Bro. Foto: TJ Krebs\" alt=\"Jakob Bro. Foto: TJ Krebs\" style=\"width: 157px; height: 235px;\" \/> <\/a> <div class=\"tiled-gallery-caption\" itemprop=\"caption description\"> Jakob Bro. Foto: TJ Krebs <\/div> <\/div> <\/div> <!-- close group --> <div class=\"gallery-group images-1\" style=\"width: 161px; height: 239px;\" data-original-width=\"161\" data-original-height=\"239\" > <div class=\"tiled-gallery-item tiled-gallery-item-small\" itemprop=\"associatedMedia\" itemscope itemtype=\"http:\/\/schema.org\/ImageObject\"> <a href=\"https:\/\/www.jazzzeitung.de\/cms\/2016\/11\/glaerie-jakob-bro-trio-verzaubert-die-unterfahrt-muenchen\/p1180537-thomas-morgan-foto-tj-krebs\/\" border=\"0\" itemprop=\"url\"> <meta itemprop=\"width\" content=\"157\"> <meta itemprop=\"height\" content=\"235\"> <img decoding=\"async\" class=\"\" data-attachment-id=\"11088\" data-orig-file=\"https:\/\/www.jazzzeitung.de\/cms\/wp-content\/uploads\/2016\/11\/P1180537-Thomas-Morgan-Foto-TJ-Krebs.jpg\" data-orig-size=\"800,1200\" data-comments-opened=\"1\" data-image-meta=\"{&quot;aperture&quot;:&quot;0&quot;,&quot;credit&quot;:&quot;&quot;,&quot;camera&quot;:&quot;&quot;,&quot;caption&quot;:&quot;&quot;,&quot;created_timestamp&quot;:&quot;0&quot;,&quot;copyright&quot;:&quot;&quot;,&quot;focal_length&quot;:&quot;0&quot;,&quot;iso&quot;:&quot;0&quot;,&quot;shutter_speed&quot;:&quot;0&quot;,&quot;title&quot;:&quot;&quot;,&quot;orientation&quot;:&quot;0&quot;}\" data-image-title=\"Thomas Morgan. Foto: TJ Krebs\" data-image-description=\"\" data-medium-file=\"https:\/\/i0.wp.com\/www.jazzzeitung.de\/cms\/wp-content\/uploads\/2016\/11\/P1180537-Thomas-Morgan-Foto-TJ-Krebs.jpg?fit=200%2C300&#038;ssl=1\" data-large-file=\"https:\/\/i0.wp.com\/www.jazzzeitung.de\/cms\/wp-content\/uploads\/2016\/11\/P1180537-Thomas-Morgan-Foto-TJ-Krebs.jpg?fit=400%2C600&#038;ssl=1\" src=\"https:\/\/i0.wp.com\/www.jazzzeitung.de\/cms\/wp-content\/uploads\/2016\/11\/P1180537-Thomas-Morgan-Foto-TJ-Krebs.jpg?w=157&#038;h=235&#038;ssl=1\" srcset=\"https:\/\/i0.wp.com\/www.jazzzeitung.de\/cms\/wp-content\/uploads\/2016\/11\/P1180537-Thomas-Morgan-Foto-TJ-Krebs.jpg?w=800&amp;ssl=1 800w, https:\/\/i0.wp.com\/www.jazzzeitung.de\/cms\/wp-content\/uploads\/2016\/11\/P1180537-Thomas-Morgan-Foto-TJ-Krebs.jpg?resize=200%2C300&amp;ssl=1 200w, https:\/\/i0.wp.com\/www.jazzzeitung.de\/cms\/wp-content\/uploads\/2016\/11\/P1180537-Thomas-Morgan-Foto-TJ-Krebs.jpg?resize=768%2C1152&amp;ssl=1 768w, https:\/\/i0.wp.com\/www.jazzzeitung.de\/cms\/wp-content\/uploads\/2016\/11\/P1180537-Thomas-Morgan-Foto-TJ-Krebs.jpg?resize=400%2C600&amp;ssl=1 400w\" width=\"157\" height=\"235\" loading=\"lazy\" data-original-width=\"157\" data-original-height=\"235\" itemprop=\"http:\/\/schema.org\/image\" title=\"Thomas Morgan. Foto: TJ Krebs\" alt=\"Thomas Morgan. Foto: TJ Krebs\" style=\"width: 157px; height: 235px;\" \/> <\/a> <div class=\"tiled-gallery-caption\" itemprop=\"caption description\"> Thomas Morgan. Foto: TJ Krebs <\/div> <\/div> <\/div> <!-- close group --> <div class=\"gallery-group images-1\" style=\"width: 161px; height: 239px;\" data-original-width=\"161\" data-original-height=\"239\" > <div class=\"tiled-gallery-item tiled-gallery-item-small\" itemprop=\"associatedMedia\" itemscope itemtype=\"http:\/\/schema.org\/ImageObject\"> <a href=\"https:\/\/www.jazzzeitung.de\/cms\/2016\/11\/glaerie-jakob-bro-trio-verzaubert-die-unterfahrt-muenchen\/p1180434-joe-barron-foto-tj-krebs\/\" border=\"0\" itemprop=\"url\"> <meta itemprop=\"width\" content=\"157\"> <meta itemprop=\"height\" content=\"235\"> <img decoding=\"async\" class=\"\" data-attachment-id=\"11087\" data-orig-file=\"https:\/\/www.jazzzeitung.de\/cms\/wp-content\/uploads\/2016\/11\/P1180434-Joe-Barron-Foto-TJ-Krebs.jpg\" data-orig-size=\"800,1200\" data-comments-opened=\"1\" data-image-meta=\"{&quot;aperture&quot;:&quot;0&quot;,&quot;credit&quot;:&quot;&quot;,&quot;camera&quot;:&quot;&quot;,&quot;caption&quot;:&quot;&quot;,&quot;created_timestamp&quot;:&quot;0&quot;,&quot;copyright&quot;:&quot;&quot;,&quot;focal_length&quot;:&quot;0&quot;,&quot;iso&quot;:&quot;0&quot;,&quot;shutter_speed&quot;:&quot;0&quot;,&quot;title&quot;:&quot;&quot;,&quot;orientation&quot;:&quot;0&quot;}\" data-image-title=\"Joe Barron. Foto: TJ Krebs\" data-image-description=\"\" data-medium-file=\"https:\/\/i0.wp.com\/www.jazzzeitung.de\/cms\/wp-content\/uploads\/2016\/11\/P1180434-Joe-Barron-Foto-TJ-Krebs.jpg?fit=200%2C300&#038;ssl=1\" data-large-file=\"https:\/\/i0.wp.com\/www.jazzzeitung.de\/cms\/wp-content\/uploads\/2016\/11\/P1180434-Joe-Barron-Foto-TJ-Krebs.jpg?fit=400%2C600&#038;ssl=1\" src=\"https:\/\/i0.wp.com\/www.jazzzeitung.de\/cms\/wp-content\/uploads\/2016\/11\/P1180434-Joe-Barron-Foto-TJ-Krebs.jpg?w=157&#038;h=235&#038;ssl=1\" srcset=\"https:\/\/i0.wp.com\/www.jazzzeitung.de\/cms\/wp-content\/uploads\/2016\/11\/P1180434-Joe-Barron-Foto-TJ-Krebs.jpg?w=800&amp;ssl=1 800w, https:\/\/i0.wp.com\/www.jazzzeitung.de\/cms\/wp-content\/uploads\/2016\/11\/P1180434-Joe-Barron-Foto-TJ-Krebs.jpg?resize=200%2C300&amp;ssl=1 200w, https:\/\/i0.wp.com\/www.jazzzeitung.de\/cms\/wp-content\/uploads\/2016\/11\/P1180434-Joe-Barron-Foto-TJ-Krebs.jpg?resize=768%2C1152&amp;ssl=1 768w, https:\/\/i0.wp.com\/www.jazzzeitung.de\/cms\/wp-content\/uploads\/2016\/11\/P1180434-Joe-Barron-Foto-TJ-Krebs.jpg?resize=400%2C600&amp;ssl=1 400w\" width=\"157\" height=\"235\" loading=\"lazy\" data-original-width=\"157\" data-original-height=\"235\" itemprop=\"http:\/\/schema.org\/image\" title=\"Joe Barron. Foto: TJ Krebs\" alt=\"Joe Barron. Foto: TJ Krebs\" style=\"width: 157px; height: 235px;\" \/> <\/a> <div class=\"tiled-gallery-caption\" itemprop=\"caption description\"> Joe Barron. Foto: TJ Krebs <\/div> <\/div> <\/div> <!-- close group --> <div class=\"gallery-group images-1\" style=\"width: 357px; height: 239px;\" data-original-width=\"357\" data-original-height=\"239\" > <div class=\"tiled-gallery-item tiled-gallery-item-large\" itemprop=\"associatedMedia\" itemscope itemtype=\"http:\/\/schema.org\/ImageObject\"> <a href=\"https:\/\/www.jazzzeitung.de\/cms\/2016\/11\/glaerie-jakob-bro-trio-verzaubert-die-unterfahrt-muenchen\/p1180543-jakob-bro-trio-foto-tj-krebs\/\" border=\"0\" itemprop=\"url\"> <meta itemprop=\"width\" content=\"353\"> <meta itemprop=\"height\" content=\"235\"> <img decoding=\"async\" class=\"\" data-attachment-id=\"11089\" data-orig-file=\"https:\/\/www.jazzzeitung.de\/cms\/wp-content\/uploads\/2016\/11\/P1180543-Jakob-Bro-Trio-Foto-TJ-Krebs.jpg\" data-orig-size=\"1600,1067\" data-comments-opened=\"1\" data-image-meta=\"{&quot;aperture&quot;:&quot;0&quot;,&quot;credit&quot;:&quot;&quot;,&quot;camera&quot;:&quot;&quot;,&quot;caption&quot;:&quot;&quot;,&quot;created_timestamp&quot;:&quot;0&quot;,&quot;copyright&quot;:&quot;&quot;,&quot;focal_length&quot;:&quot;0&quot;,&quot;iso&quot;:&quot;0&quot;,&quot;shutter_speed&quot;:&quot;0&quot;,&quot;title&quot;:&quot;&quot;,&quot;orientation&quot;:&quot;0&quot;}\" data-image-title=\"Jakob Bro Trio. Foto: TJ Krebs\" data-image-description=\"\" data-medium-file=\"https:\/\/i0.wp.com\/www.jazzzeitung.de\/cms\/wp-content\/uploads\/2016\/11\/P1180543-Jakob-Bro-Trio-Foto-TJ-Krebs.jpg?fit=300%2C200&#038;ssl=1\" data-large-file=\"https:\/\/i0.wp.com\/www.jazzzeitung.de\/cms\/wp-content\/uploads\/2016\/11\/P1180543-Jakob-Bro-Trio-Foto-TJ-Krebs.jpg?fit=840%2C560&#038;ssl=1\" src=\"https:\/\/i0.wp.com\/www.jazzzeitung.de\/cms\/wp-content\/uploads\/2016\/11\/P1180543-Jakob-Bro-Trio-Foto-TJ-Krebs.jpg?w=353&#038;h=235&#038;ssl=1\" srcset=\"https:\/\/i0.wp.com\/www.jazzzeitung.de\/cms\/wp-content\/uploads\/2016\/11\/P1180543-Jakob-Bro-Trio-Foto-TJ-Krebs.jpg?w=1600&amp;ssl=1 1600w, https:\/\/i0.wp.com\/www.jazzzeitung.de\/cms\/wp-content\/uploads\/2016\/11\/P1180543-Jakob-Bro-Trio-Foto-TJ-Krebs.jpg?resize=300%2C200&amp;ssl=1 300w, https:\/\/i0.wp.com\/www.jazzzeitung.de\/cms\/wp-content\/uploads\/2016\/11\/P1180543-Jakob-Bro-Trio-Foto-TJ-Krebs.jpg?resize=768%2C512&amp;ssl=1 768w, https:\/\/i0.wp.com\/www.jazzzeitung.de\/cms\/wp-content\/uploads\/2016\/11\/P1180543-Jakob-Bro-Trio-Foto-TJ-Krebs.jpg?resize=900%2C600&amp;ssl=1 900w\" width=\"353\" height=\"235\" loading=\"lazy\" data-original-width=\"353\" data-original-height=\"235\" itemprop=\"http:\/\/schema.org\/image\" title=\"Jakob Bro Trio. Foto: TJ Krebs\" alt=\"Jakob Bro Trio. Foto: TJ Krebs\" style=\"width: 353px; height: 235px;\" \/> <\/a> <div class=\"tiled-gallery-caption\" itemprop=\"caption description\"> Jakob Bro Trio. Foto: TJ Krebs <\/div> <\/div> <\/div> <!-- close group --> <\/div> <!-- close row --> <div class=\"gallery-row\" style=\"width: 840px; height: 388px;\" data-original-width=\"840\" data-original-height=\"388\" > <div class=\"gallery-group images-1\" style=\"width: 580px; height: 388px;\" data-original-width=\"580\" data-original-height=\"388\" > <div class=\"tiled-gallery-item tiled-gallery-item-large\" itemprop=\"associatedMedia\" itemscope itemtype=\"http:\/\/schema.org\/ImageObject\"> <a href=\"https:\/\/www.jazzzeitung.de\/cms\/2016\/11\/glaerie-jakob-bro-trio-verzaubert-die-unterfahrt-muenchen\/p1180561-joe-barron-foto-tj-krebs\/\" border=\"0\" itemprop=\"url\"> <meta itemprop=\"width\" content=\"576\"> <meta itemprop=\"height\" content=\"384\"> <img decoding=\"async\" class=\"\" data-attachment-id=\"11090\" data-orig-file=\"https:\/\/www.jazzzeitung.de\/cms\/wp-content\/uploads\/2016\/11\/P1180561-Joe-Barron-Foto-TJ-Krebs.jpg\" data-orig-size=\"1600,1067\" data-comments-opened=\"1\" data-image-meta=\"{&quot;aperture&quot;:&quot;0&quot;,&quot;credit&quot;:&quot;&quot;,&quot;camera&quot;:&quot;&quot;,&quot;caption&quot;:&quot;&quot;,&quot;created_timestamp&quot;:&quot;0&quot;,&quot;copyright&quot;:&quot;&quot;,&quot;focal_length&quot;:&quot;0&quot;,&quot;iso&quot;:&quot;0&quot;,&quot;shutter_speed&quot;:&quot;0&quot;,&quot;title&quot;:&quot;&quot;,&quot;orientation&quot;:&quot;0&quot;}\" data-image-title=\"Joe Barron. Foto: TJ Krebs\" data-image-description=\"\" data-medium-file=\"https:\/\/i0.wp.com\/www.jazzzeitung.de\/cms\/wp-content\/uploads\/2016\/11\/P1180561-Joe-Barron-Foto-TJ-Krebs.jpg?fit=300%2C200&#038;ssl=1\" data-large-file=\"https:\/\/i0.wp.com\/www.jazzzeitung.de\/cms\/wp-content\/uploads\/2016\/11\/P1180561-Joe-Barron-Foto-TJ-Krebs.jpg?fit=840%2C560&#038;ssl=1\" src=\"https:\/\/i0.wp.com\/www.jazzzeitung.de\/cms\/wp-content\/uploads\/2016\/11\/P1180561-Joe-Barron-Foto-TJ-Krebs.jpg?w=576&#038;h=384&#038;ssl=1\" srcset=\"https:\/\/i0.wp.com\/www.jazzzeitung.de\/cms\/wp-content\/uploads\/2016\/11\/P1180561-Joe-Barron-Foto-TJ-Krebs.jpg?w=1600&amp;ssl=1 1600w, https:\/\/i0.wp.com\/www.jazzzeitung.de\/cms\/wp-content\/uploads\/2016\/11\/P1180561-Joe-Barron-Foto-TJ-Krebs.jpg?resize=300%2C200&amp;ssl=1 300w, https:\/\/i0.wp.com\/www.jazzzeitung.de\/cms\/wp-content\/uploads\/2016\/11\/P1180561-Joe-Barron-Foto-TJ-Krebs.jpg?resize=768%2C512&amp;ssl=1 768w, https:\/\/i0.wp.com\/www.jazzzeitung.de\/cms\/wp-content\/uploads\/2016\/11\/P1180561-Joe-Barron-Foto-TJ-Krebs.jpg?resize=900%2C600&amp;ssl=1 900w\" width=\"576\" height=\"384\" loading=\"lazy\" data-original-width=\"576\" data-original-height=\"384\" itemprop=\"http:\/\/schema.org\/image\" title=\"Joe Barron. Foto: TJ Krebs\" alt=\"Joe Barron. Foto: TJ Krebs\" style=\"width: 576px; height: 384px;\" \/> <\/a> <div class=\"tiled-gallery-caption\" itemprop=\"caption description\"> Joe Barron. Foto: TJ Krebs <\/div> <\/div> <\/div> <!-- close group --> <div class=\"gallery-group images-1\" style=\"width: 260px; height: 388px;\" data-original-width=\"260\" data-original-height=\"388\" > <div class=\"tiled-gallery-item tiled-gallery-item-large\" itemprop=\"associatedMedia\" itemscope itemtype=\"http:\/\/schema.org\/ImageObject\"> <a href=\"https:\/\/www.jazzzeitung.de\/cms\/2016\/11\/glaerie-jakob-bro-trio-verzaubert-die-unterfahrt-muenchen\/p1180657-thomas-morgan-foto-tj-krebs\/\" border=\"0\" itemprop=\"url\"> <meta itemprop=\"width\" content=\"256\"> <meta itemprop=\"height\" content=\"384\"> <img decoding=\"async\" class=\"\" data-attachment-id=\"11091\" data-orig-file=\"https:\/\/www.jazzzeitung.de\/cms\/wp-content\/uploads\/2016\/11\/P1180657-Thomas-Morgan-Foto-TJ-Krebs.jpg\" data-orig-size=\"800,1200\" data-comments-opened=\"1\" data-image-meta=\"{&quot;aperture&quot;:&quot;0&quot;,&quot;credit&quot;:&quot;&quot;,&quot;camera&quot;:&quot;&quot;,&quot;caption&quot;:&quot;&quot;,&quot;created_timestamp&quot;:&quot;0&quot;,&quot;copyright&quot;:&quot;&quot;,&quot;focal_length&quot;:&quot;0&quot;,&quot;iso&quot;:&quot;0&quot;,&quot;shutter_speed&quot;:&quot;0&quot;,&quot;title&quot;:&quot;&quot;,&quot;orientation&quot;:&quot;0&quot;}\" data-image-title=\"Thomas Morgan. Foto: TJ Krebs\" data-image-description=\"\" data-medium-file=\"https:\/\/i0.wp.com\/www.jazzzeitung.de\/cms\/wp-content\/uploads\/2016\/11\/P1180657-Thomas-Morgan-Foto-TJ-Krebs.jpg?fit=200%2C300&#038;ssl=1\" data-large-file=\"https:\/\/i0.wp.com\/www.jazzzeitung.de\/cms\/wp-content\/uploads\/2016\/11\/P1180657-Thomas-Morgan-Foto-TJ-Krebs.jpg?fit=400%2C600&#038;ssl=1\" src=\"https:\/\/i0.wp.com\/www.jazzzeitung.de\/cms\/wp-content\/uploads\/2016\/11\/P1180657-Thomas-Morgan-Foto-TJ-Krebs.jpg?w=256&#038;h=384&#038;ssl=1\" srcset=\"https:\/\/i0.wp.com\/www.jazzzeitung.de\/cms\/wp-content\/uploads\/2016\/11\/P1180657-Thomas-Morgan-Foto-TJ-Krebs.jpg?w=800&amp;ssl=1 800w, https:\/\/i0.wp.com\/www.jazzzeitung.de\/cms\/wp-content\/uploads\/2016\/11\/P1180657-Thomas-Morgan-Foto-TJ-Krebs.jpg?resize=200%2C300&amp;ssl=1 200w, https:\/\/i0.wp.com\/www.jazzzeitung.de\/cms\/wp-content\/uploads\/2016\/11\/P1180657-Thomas-Morgan-Foto-TJ-Krebs.jpg?resize=768%2C1152&amp;ssl=1 768w, https:\/\/i0.wp.com\/www.jazzzeitung.de\/cms\/wp-content\/uploads\/2016\/11\/P1180657-Thomas-Morgan-Foto-TJ-Krebs.jpg?resize=400%2C600&amp;ssl=1 400w\" width=\"256\" height=\"384\" loading=\"lazy\" data-original-width=\"256\" data-original-height=\"384\" itemprop=\"http:\/\/schema.org\/image\" title=\"Thomas Morgan. Foto: TJ Krebs\" alt=\"Thomas Morgan. Foto: TJ Krebs\" style=\"width: 256px; height: 384px;\" \/> <\/a> <div class=\"tiled-gallery-caption\" itemprop=\"caption description\"> Thomas Morgan. Foto: TJ Krebs <\/div> <\/div> <\/div> <!-- close group --> <\/div> <!-- close row --> <div class=\"gallery-row\" style=\"width: 840px; height: 388px;\" data-original-width=\"840\" data-original-height=\"388\" > <div class=\"gallery-group images-1\" style=\"width: 580px; height: 388px;\" data-original-width=\"580\" data-original-height=\"388\" > <div class=\"tiled-gallery-item tiled-gallery-item-large\" itemprop=\"associatedMedia\" itemscope itemtype=\"http:\/\/schema.org\/ImageObject\"> <a href=\"https:\/\/www.jazzzeitung.de\/cms\/2016\/11\/glaerie-jakob-bro-trio-verzaubert-die-unterfahrt-muenchen\/p1180711-joey-barron-foto-tj-krebs\/\" border=\"0\" itemprop=\"url\"> <meta itemprop=\"width\" content=\"576\"> <meta itemprop=\"height\" content=\"384\"> <img decoding=\"async\" class=\"\" data-attachment-id=\"11094\" data-orig-file=\"https:\/\/www.jazzzeitung.de\/cms\/wp-content\/uploads\/2016\/11\/P1180711-Joey-Barron-Foto-TJ-Krebs.jpg\" data-orig-size=\"1600,1067\" data-comments-opened=\"1\" data-image-meta=\"{&quot;aperture&quot;:&quot;0&quot;,&quot;credit&quot;:&quot;&quot;,&quot;camera&quot;:&quot;&quot;,&quot;caption&quot;:&quot;&quot;,&quot;created_timestamp&quot;:&quot;0&quot;,&quot;copyright&quot;:&quot;&quot;,&quot;focal_length&quot;:&quot;0&quot;,&quot;iso&quot;:&quot;0&quot;,&quot;shutter_speed&quot;:&quot;0&quot;,&quot;title&quot;:&quot;&quot;,&quot;orientation&quot;:&quot;0&quot;}\" data-image-title=\"Joe Barron. Foto: TJ Krebs\" data-image-description=\"\" data-medium-file=\"https:\/\/i0.wp.com\/www.jazzzeitung.de\/cms\/wp-content\/uploads\/2016\/11\/P1180711-Joey-Barron-Foto-TJ-Krebs.jpg?fit=300%2C200&#038;ssl=1\" data-large-file=\"https:\/\/i0.wp.com\/www.jazzzeitung.de\/cms\/wp-content\/uploads\/2016\/11\/P1180711-Joey-Barron-Foto-TJ-Krebs.jpg?fit=840%2C560&#038;ssl=1\" src=\"https:\/\/i0.wp.com\/www.jazzzeitung.de\/cms\/wp-content\/uploads\/2016\/11\/P1180711-Joey-Barron-Foto-TJ-Krebs.jpg?w=576&#038;h=384&#038;ssl=1\" srcset=\"https:\/\/i0.wp.com\/www.jazzzeitung.de\/cms\/wp-content\/uploads\/2016\/11\/P1180711-Joey-Barron-Foto-TJ-Krebs.jpg?w=1600&amp;ssl=1 1600w, https:\/\/i0.wp.com\/www.jazzzeitung.de\/cms\/wp-content\/uploads\/2016\/11\/P1180711-Joey-Barron-Foto-TJ-Krebs.jpg?resize=300%2C200&amp;ssl=1 300w, https:\/\/i0.wp.com\/www.jazzzeitung.de\/cms\/wp-content\/uploads\/2016\/11\/P1180711-Joey-Barron-Foto-TJ-Krebs.jpg?resize=768%2C512&amp;ssl=1 768w, https:\/\/i0.wp.com\/www.jazzzeitung.de\/cms\/wp-content\/uploads\/2016\/11\/P1180711-Joey-Barron-Foto-TJ-Krebs.jpg?resize=900%2C600&amp;ssl=1 900w\" width=\"576\" height=\"384\" loading=\"lazy\" data-original-width=\"576\" data-original-height=\"384\" itemprop=\"http:\/\/schema.org\/image\" title=\"Joe Barron. Foto: TJ Krebs\" alt=\"Joe Barron. Foto: TJ Krebs\" style=\"width: 576px; height: 384px;\" \/> <\/a> <div class=\"tiled-gallery-caption\" itemprop=\"caption description\"> Joe Barron. Foto: TJ Krebs <\/div> <\/div> <\/div> <!-- close group --> <div class=\"gallery-group images-1\" style=\"width: 260px; height: 388px;\" data-original-width=\"260\" data-original-height=\"388\" > <div class=\"tiled-gallery-item tiled-gallery-item-large\" itemprop=\"associatedMedia\" itemscope itemtype=\"http:\/\/schema.org\/ImageObject\"> <a href=\"https:\/\/www.jazzzeitung.de\/cms\/2016\/11\/glaerie-jakob-bro-trio-verzaubert-die-unterfahrt-muenchen\/p1180691-jakob-bro-foto-tj-krebs\/\" border=\"0\" itemprop=\"url\"> <meta itemprop=\"width\" content=\"256\"> <meta itemprop=\"height\" content=\"384\"> <img decoding=\"async\" class=\"\" data-attachment-id=\"11093\" data-orig-file=\"https:\/\/www.jazzzeitung.de\/cms\/wp-content\/uploads\/2016\/11\/P1180691-Jakob-Bro-Foto-TJ-Krebs.jpg\" data-orig-size=\"800,1200\" data-comments-opened=\"1\" data-image-meta=\"{&quot;aperture&quot;:&quot;0&quot;,&quot;credit&quot;:&quot;&quot;,&quot;camera&quot;:&quot;&quot;,&quot;caption&quot;:&quot;&quot;,&quot;created_timestamp&quot;:&quot;0&quot;,&quot;copyright&quot;:&quot;&quot;,&quot;focal_length&quot;:&quot;0&quot;,&quot;iso&quot;:&quot;0&quot;,&quot;shutter_speed&quot;:&quot;0&quot;,&quot;title&quot;:&quot;&quot;,&quot;orientation&quot;:&quot;0&quot;}\" data-image-title=\"Jakob Bro. Foto: TJ Krebs\" data-image-description=\"\" data-medium-file=\"https:\/\/i0.wp.com\/www.jazzzeitung.de\/cms\/wp-content\/uploads\/2016\/11\/P1180691-Jakob-Bro-Foto-TJ-Krebs.jpg?fit=200%2C300&#038;ssl=1\" data-large-file=\"https:\/\/i0.wp.com\/www.jazzzeitung.de\/cms\/wp-content\/uploads\/2016\/11\/P1180691-Jakob-Bro-Foto-TJ-Krebs.jpg?fit=400%2C600&#038;ssl=1\" src=\"https:\/\/i0.wp.com\/www.jazzzeitung.de\/cms\/wp-content\/uploads\/2016\/11\/P1180691-Jakob-Bro-Foto-TJ-Krebs.jpg?w=256&#038;h=384&#038;ssl=1\" srcset=\"https:\/\/i0.wp.com\/www.jazzzeitung.de\/cms\/wp-content\/uploads\/2016\/11\/P1180691-Jakob-Bro-Foto-TJ-Krebs.jpg?w=800&amp;ssl=1 800w, https:\/\/i0.wp.com\/www.jazzzeitung.de\/cms\/wp-content\/uploads\/2016\/11\/P1180691-Jakob-Bro-Foto-TJ-Krebs.jpg?resize=200%2C300&amp;ssl=1 200w, https:\/\/i0.wp.com\/www.jazzzeitung.de\/cms\/wp-content\/uploads\/2016\/11\/P1180691-Jakob-Bro-Foto-TJ-Krebs.jpg?resize=768%2C1152&amp;ssl=1 768w, https:\/\/i0.wp.com\/www.jazzzeitung.de\/cms\/wp-content\/uploads\/2016\/11\/P1180691-Jakob-Bro-Foto-TJ-Krebs.jpg?resize=400%2C600&amp;ssl=1 400w\" width=\"256\" height=\"384\" loading=\"lazy\" data-original-width=\"256\" data-original-height=\"384\" itemprop=\"http:\/\/schema.org\/image\" title=\"Jakob Bro. Foto: TJ Krebs\" alt=\"Jakob Bro. Foto: TJ Krebs\" style=\"width: 256px; height: 384px;\" \/> <\/a> <div class=\"tiled-gallery-caption\" itemprop=\"caption description\"> Jakob Bro. Foto: TJ Krebs <\/div> <\/div> <\/div> <!-- close group --> <\/div> <!-- close row --> <\/div>\n","protected":false},"excerpt":{"rendered":"<p>Das Jakob Bro Trio mit Thomas Morgan am Bass und dem Drummer Joe Barron \u2013 hoch inspiriert und in relaxter Spiellaune. In der M\u00fcnchner Unterfahrt zauberten sie zarte, kammermusikalische Soundgebilde mit sph\u00e4rischen Melodien. Ein wirklich beeindruckendes Trio das im Gleichgewicht musiziert und miteinander improvisiert \u2013 gro\u00dfes Kino! Fotos &amp; Text: TJ Krebs<\/p>\n","protected":false},"author":18,"featured_media":0,"comment_status":"open","ping_status":"closed","sticky":false,"template":"","format":"standard","meta":{"_jetpack_memberships_contains_paid_content":false,"footnotes":"","jetpack_publicize_message":"","jetpack_publicize_feature_enabled":true,"jetpack_social_post_already_shared":false,"jetpack_social_options":{"image_generator_settings":{"template":"highway","default_image_id":0,"font":"","enabled":false},"version":2}},"categories":[652],"tags":[401,1275,1356,573,963],"coauthors":[695],"class_list":["post-11086","post","type-post","status-publish","format-standard","hentry","category-galerie","tag-muenchen","tag-tj-krebs","tag-trio","tag-unterfahrt","tag-unterfahrt-muenchen"],"yoast_head":"<!-- This site is optimized with the Yoast SEO plugin v27.5 - https:\/\/yoast.com\/product\/yoast-seo-wordpress\/ -->\n<title>Galerie: Jakob Bro Trio verzaubert die Unterfahrt M\u00fcnchen - JazzZeitung<\/title>\n<meta name=\"robots\" content=\"index, follow, max-snippet:-1, max-image-preview:large, max-video-preview:-1\" \/>\n<link rel=\"canonical\" href=\"https:\/\/www.jazzzeitung.de\/cms\/2016\/11\/glaerie-jakob-bro-trio-verzaubert-die-unterfahrt-muenchen\/\" \/>\n<meta property=\"og:locale\" content=\"de_DE\" \/>\n<meta property=\"og:type\" content=\"article\" \/>\n<meta property=\"og:title\" content=\"Galerie: Jakob Bro Trio verzaubert die Unterfahrt M\u00fcnchen - JazzZeitung\" \/>\n<meta property=\"og:description\" content=\"Das Jakob Bro Trio mit Thomas Morgan am Bass und dem Drummer Joe Barron \u2013 hoch inspiriert und in relaxter Spiellaune. In der M\u00fcnchner Unterfahrt zauberten sie zarte, kammermusikalische Soundgebilde mit sph\u00e4rischen Melodien. Ein wirklich beeindruckendes Trio das im Gleichgewicht musiziert und miteinander improvisiert \u2013 gro\u00dfes Kino! Fotos &amp; Text: TJ Krebs\" \/>\n<meta property=\"og:url\" content=\"https:\/\/www.jazzzeitung.de\/cms\/2016\/11\/glaerie-jakob-bro-trio-verzaubert-die-unterfahrt-muenchen\/\" \/>\n<meta property=\"og:site_name\" content=\"JazzZeitung\" \/>\n<meta property=\"article:publisher\" content=\"https:\/\/www.facebook.com\/JazzZeitung\/\" \/>\n<meta property=\"article:published_time\" content=\"2016-11-24T10:00:38+00:00\" \/>\n<meta property=\"article:modified_time\" content=\"2016-11-24T10:03:30+00:00\" \/>\n<meta property=\"og:image\" content=\"https:\/\/i0.wp.com\/www.jazzzeitung.de\/cms\/wp-content\/uploads\/2016\/11\/P1180666-Jakob-Bro-Foto-TJ-Krebs.jpg?w=157&#038;h=235&#038;ssl=1\" \/>\n<meta name=\"author\" content=\"Redaktion JazzZeitung\" \/>\n<script type=\"application\/ld+json\" class=\"yoast-schema-graph\">{\"@context\":\"https:\\\/\\\/schema.org\",\"@graph\":[{\"@type\":\"Article\",\"@id\":\"https:\\\/\\\/www.jazzzeitung.de\\\/cms\\\/2016\\\/11\\\/glaerie-jakob-bro-trio-verzaubert-die-unterfahrt-muenchen\\\/#article\",\"isPartOf\":{\"@id\":\"https:\\\/\\\/www.jazzzeitung.de\\\/cms\\\/2016\\\/11\\\/glaerie-jakob-bro-trio-verzaubert-die-unterfahrt-muenchen\\\/\"},\"author\":{\"name\":\"Redaktion JazzZeitung\",\"@id\":\"https:\\\/\\\/www.jazzzeitung.de\\\/cms\\\/#\\\/schema\\\/person\\\/2245b36b9cd1d24cea10f01c031fb92b\"},\"headline\":\"Galerie: Jakob Bro Trio verzaubert die Unterfahrt M\u00fcnchen\",\"datePublished\":\"2016-11-24T10:00:38+00:00\",\"dateModified\":\"2016-11-24T10:03:30+00:00\",\"mainEntityOfPage\":{\"@id\":\"https:\\\/\\\/www.jazzzeitung.de\\\/cms\\\/2016\\\/11\\\/glaerie-jakob-bro-trio-verzaubert-die-unterfahrt-muenchen\\\/\"},\"wordCount\":66,\"commentCount\":0,\"publisher\":{\"@id\":\"https:\\\/\\\/www.jazzzeitung.de\\\/cms\\\/#organization\"},\"keywords\":[\"M\u00fcnchen\",\"TJ Krebs\",\"trio\",\"Unterfahrt\",\"Unterfahrt M\u00fcnchen\"],\"articleSection\":[\"Galerie\"],\"inLanguage\":\"de\",\"potentialAction\":[{\"@type\":\"CommentAction\",\"name\":\"Comment\",\"target\":[\"https:\\\/\\\/www.jazzzeitung.de\\\/cms\\\/2016\\\/11\\\/glaerie-jakob-bro-trio-verzaubert-die-unterfahrt-muenchen\\\/#respond\"]}]},{\"@type\":\"WebPage\",\"@id\":\"https:\\\/\\\/www.jazzzeitung.de\\\/cms\\\/2016\\\/11\\\/glaerie-jakob-bro-trio-verzaubert-die-unterfahrt-muenchen\\\/\",\"url\":\"https:\\\/\\\/www.jazzzeitung.de\\\/cms\\\/2016\\\/11\\\/glaerie-jakob-bro-trio-verzaubert-die-unterfahrt-muenchen\\\/\",\"name\":\"Galerie: Jakob Bro Trio verzaubert die Unterfahrt M\u00fcnchen - JazzZeitung\",\"isPartOf\":{\"@id\":\"https:\\\/\\\/www.jazzzeitung.de\\\/cms\\\/#website\"},\"datePublished\":\"2016-11-24T10:00:38+00:00\",\"dateModified\":\"2016-11-24T10:03:30+00:00\",\"breadcrumb\":{\"@id\":\"https:\\\/\\\/www.jazzzeitung.de\\\/cms\\\/2016\\\/11\\\/glaerie-jakob-bro-trio-verzaubert-die-unterfahrt-muenchen\\\/#breadcrumb\"},\"inLanguage\":\"de\",\"potentialAction\":[{\"@type\":\"ReadAction\",\"target\":[\"https:\\\/\\\/www.jazzzeitung.de\\\/cms\\\/2016\\\/11\\\/glaerie-jakob-bro-trio-verzaubert-die-unterfahrt-muenchen\\\/\"]}]},{\"@type\":\"BreadcrumbList\",\"@id\":\"https:\\\/\\\/www.jazzzeitung.de\\\/cms\\\/2016\\\/11\\\/glaerie-jakob-bro-trio-verzaubert-die-unterfahrt-muenchen\\\/#breadcrumb\",\"itemListElement\":[{\"@type\":\"ListItem\",\"position\":1,\"name\":\"Startseite\",\"item\":\"https:\\\/\\\/www.jazzzeitung.de\\\/cms\\\/\"},{\"@type\":\"ListItem\",\"position\":2,\"name\":\"Galerie: Jakob Bro Trio verzaubert die Unterfahrt M\u00fcnchen\"}]},{\"@type\":\"WebSite\",\"@id\":\"https:\\\/\\\/www.jazzzeitung.de\\\/cms\\\/#website\",\"url\":\"https:\\\/\\\/www.jazzzeitung.de\\\/cms\\\/\",\"name\":\"JazzZeitung\",\"description\":\"Jazz-News und Jazz-Kontroverses\",\"publisher\":{\"@id\":\"https:\\\/\\\/www.jazzzeitung.de\\\/cms\\\/#organization\"},\"potentialAction\":[{\"@type\":\"SearchAction\",\"target\":{\"@type\":\"EntryPoint\",\"urlTemplate\":\"https:\\\/\\\/www.jazzzeitung.de\\\/cms\\\/?s={search_term_string}\"},\"query-input\":{\"@type\":\"PropertyValueSpecification\",\"valueRequired\":true,\"valueName\":\"search_term_string\"}}],\"inLanguage\":\"de\"},{\"@type\":\"Organization\",\"@id\":\"https:\\\/\\\/www.jazzzeitung.de\\\/cms\\\/#organization\",\"name\":\"JazzZeitung online\",\"url\":\"https:\\\/\\\/www.jazzzeitung.de\\\/cms\\\/\",\"logo\":{\"@type\":\"ImageObject\",\"inLanguage\":\"de\",\"@id\":\"https:\\\/\\\/www.jazzzeitung.de\\\/cms\\\/#\\\/schema\\\/logo\\\/image\\\/\",\"url\":\"https:\\\/\\\/i0.wp.com\\\/www.jazzzeitung.de\\\/cms\\\/wp-content\\\/uploads\\\/2015\\\/08\\\/JAZZZEITUNGDE_Logo_Neu.png?fit=499%2C200&ssl=1\",\"contentUrl\":\"https:\\\/\\\/i0.wp.com\\\/www.jazzzeitung.de\\\/cms\\\/wp-content\\\/uploads\\\/2015\\\/08\\\/JAZZZEITUNGDE_Logo_Neu.png?fit=499%2C200&ssl=1\",\"width\":499,\"height\":200,\"caption\":\"JazzZeitung online\"},\"image\":{\"@id\":\"https:\\\/\\\/www.jazzzeitung.de\\\/cms\\\/#\\\/schema\\\/logo\\\/image\\\/\"},\"sameAs\":[\"https:\\\/\\\/www.facebook.com\\\/JazzZeitung\\\/\"]},{\"@type\":\"Person\",\"@id\":\"https:\\\/\\\/www.jazzzeitung.de\\\/cms\\\/#\\\/schema\\\/person\\\/2245b36b9cd1d24cea10f01c031fb92b\",\"name\":\"Redaktion JazzZeitung\",\"image\":{\"@type\":\"ImageObject\",\"inLanguage\":\"de\",\"@id\":\"https:\\\/\\\/i0.wp.com\\\/www.jazzzeitung.de\\\/cms\\\/wp-content\\\/uploads\\\/2015\\\/08\\\/JAZZZEITUNGDE_Logo_Neu.png?resize=96%2C96&ssl=159975dcacb611b5700bd619b5daf0a7a\",\"url\":\"https:\\\/\\\/i0.wp.com\\\/www.jazzzeitung.de\\\/cms\\\/wp-content\\\/uploads\\\/2015\\\/08\\\/JAZZZEITUNGDE_Logo_Neu.png?resize=96%2C96&ssl=1\",\"contentUrl\":\"https:\\\/\\\/i0.wp.com\\\/www.jazzzeitung.de\\\/cms\\\/wp-content\\\/uploads\\\/2015\\\/08\\\/JAZZZEITUNGDE_Logo_Neu.png?resize=96%2C96&ssl=1\",\"caption\":\"Redaktion JazzZeitung\"},\"description\":\"Artikel der Redaktion der JazzZeitung.\",\"sameAs\":[\"http:\\\/\\\/www.jazzzeitung.de\\\/cms\\\/\"],\"url\":\"https:\\\/\\\/www.jazzzeitung.de\\\/cms\\\/author\\\/redaktion\\\/\"}]}<\/script>\n<!-- \/ Yoast SEO plugin. -->","yoast_head_json":{"title":"Galerie: Jakob Bro Trio verzaubert die Unterfahrt M\u00fcnchen - JazzZeitung","robots":{"index":"index","follow":"follow","max-snippet":"max-snippet:-1","max-image-preview":"max-image-preview:large","max-video-preview":"max-video-preview:-1"},"canonical":"https:\/\/www.jazzzeitung.de\/cms\/2016\/11\/glaerie-jakob-bro-trio-verzaubert-die-unterfahrt-muenchen\/","og_locale":"de_DE","og_type":"article","og_title":"Galerie: Jakob Bro Trio verzaubert die Unterfahrt M\u00fcnchen - JazzZeitung","og_description":"Das Jakob Bro Trio mit Thomas Morgan am Bass und dem Drummer Joe Barron \u2013 hoch inspiriert und in relaxter Spiellaune. In der M\u00fcnchner Unterfahrt zauberten sie zarte, kammermusikalische Soundgebilde mit sph\u00e4rischen Melodien. Ein wirklich beeindruckendes Trio das im Gleichgewicht musiziert und miteinander improvisiert \u2013 gro\u00dfes Kino! Fotos &amp; Text: TJ Krebs","og_url":"https:\/\/www.jazzzeitung.de\/cms\/2016\/11\/glaerie-jakob-bro-trio-verzaubert-die-unterfahrt-muenchen\/","og_site_name":"JazzZeitung","article_publisher":"https:\/\/www.facebook.com\/JazzZeitung\/","article_published_time":"2016-11-24T10:00:38+00:00","article_modified_time":"2016-11-24T10:03:30+00:00","og_image":[{"url":"https:\/\/i0.wp.com\/www.jazzzeitung.de\/cms\/wp-content\/uploads\/2016\/11\/P1180666-Jakob-Bro-Foto-TJ-Krebs.jpg?w=157&#038;h=235&#038;ssl=1","type":"","width":"","height":""}],"author":"Redaktion JazzZeitung","schema":{"@context":"https:\/\/schema.org","@graph":[{"@type":"Article","@id":"https:\/\/www.jazzzeitung.de\/cms\/2016\/11\/glaerie-jakob-bro-trio-verzaubert-die-unterfahrt-muenchen\/#article","isPartOf":{"@id":"https:\/\/www.jazzzeitung.de\/cms\/2016\/11\/glaerie-jakob-bro-trio-verzaubert-die-unterfahrt-muenchen\/"},"author":{"name":"Redaktion JazzZeitung","@id":"https:\/\/www.jazzzeitung.de\/cms\/#\/schema\/person\/2245b36b9cd1d24cea10f01c031fb92b"},"headline":"Galerie: Jakob Bro Trio verzaubert die Unterfahrt M\u00fcnchen","datePublished":"2016-11-24T10:00:38+00:00","dateModified":"2016-11-24T10:03:30+00:00","mainEntityOfPage":{"@id":"https:\/\/www.jazzzeitung.de\/cms\/2016\/11\/glaerie-jakob-bro-trio-verzaubert-die-unterfahrt-muenchen\/"},"wordCount":66,"commentCount":0,"publisher":{"@id":"https:\/\/www.jazzzeitung.de\/cms\/#organization"},"keywords":["M\u00fcnchen","TJ Krebs","trio","Unterfahrt","Unterfahrt M\u00fcnchen"],"articleSection":["Galerie"],"inLanguage":"de","potentialAction":[{"@type":"CommentAction","name":"Comment","target":["https:\/\/www.jazzzeitung.de\/cms\/2016\/11\/glaerie-jakob-bro-trio-verzaubert-die-unterfahrt-muenchen\/#respond"]}]},{"@type":"WebPage","@id":"https:\/\/www.jazzzeitung.de\/cms\/2016\/11\/glaerie-jakob-bro-trio-verzaubert-die-unterfahrt-muenchen\/","url":"https:\/\/www.jazzzeitung.de\/cms\/2016\/11\/glaerie-jakob-bro-trio-verzaubert-die-unterfahrt-muenchen\/","name":"Galerie: Jakob Bro Trio verzaubert die Unterfahrt M\u00fcnchen - JazzZeitung","isPartOf":{"@id":"https:\/\/www.jazzzeitung.de\/cms\/#website"},"datePublished":"2016-11-24T10:00:38+00:00","dateModified":"2016-11-24T10:03:30+00:00","breadcrumb":{"@id":"https:\/\/www.jazzzeitung.de\/cms\/2016\/11\/glaerie-jakob-bro-trio-verzaubert-die-unterfahrt-muenchen\/#breadcrumb"},"inLanguage":"de","potentialAction":[{"@type":"ReadAction","target":["https:\/\/www.jazzzeitung.de\/cms\/2016\/11\/glaerie-jakob-bro-trio-verzaubert-die-unterfahrt-muenchen\/"]}]},{"@type":"BreadcrumbList","@id":"https:\/\/www.jazzzeitung.de\/cms\/2016\/11\/glaerie-jakob-bro-trio-verzaubert-die-unterfahrt-muenchen\/#breadcrumb","itemListElement":[{"@type":"ListItem","position":1,"name":"Startseite","item":"https:\/\/www.jazzzeitung.de\/cms\/"},{"@type":"ListItem","position":2,"name":"Galerie: Jakob Bro Trio verzaubert die Unterfahrt M\u00fcnchen"}]},{"@type":"WebSite","@id":"https:\/\/www.jazzzeitung.de\/cms\/#website","url":"https:\/\/www.jazzzeitung.de\/cms\/","name":"JazzZeitung","description":"Jazz-News und Jazz-Kontroverses","publisher":{"@id":"https:\/\/www.jazzzeitung.de\/cms\/#organization"},"potentialAction":[{"@type":"SearchAction","target":{"@type":"EntryPoint","urlTemplate":"https:\/\/www.jazzzeitung.de\/cms\/?s={search_term_string}"},"query-input":{"@type":"PropertyValueSpecification","valueRequired":true,"valueName":"search_term_string"}}],"inLanguage":"de"},{"@type":"Organization","@id":"https:\/\/www.jazzzeitung.de\/cms\/#organization","name":"JazzZeitung online","url":"https:\/\/www.jazzzeitung.de\/cms\/","logo":{"@type":"ImageObject","inLanguage":"de","@id":"https:\/\/www.jazzzeitung.de\/cms\/#\/schema\/logo\/image\/","url":"https:\/\/i0.wp.com\/www.jazzzeitung.de\/cms\/wp-content\/uploads\/2015\/08\/JAZZZEITUNGDE_Logo_Neu.png?fit=499%2C200&ssl=1","contentUrl":"https:\/\/i0.wp.com\/www.jazzzeitung.de\/cms\/wp-content\/uploads\/2015\/08\/JAZZZEITUNGDE_Logo_Neu.png?fit=499%2C200&ssl=1","width":499,"height":200,"caption":"JazzZeitung online"},"image":{"@id":"https:\/\/www.jazzzeitung.de\/cms\/#\/schema\/logo\/image\/"},"sameAs":["https:\/\/www.facebook.com\/JazzZeitung\/"]},{"@type":"Person","@id":"https:\/\/www.jazzzeitung.de\/cms\/#\/schema\/person\/2245b36b9cd1d24cea10f01c031fb92b","name":"Redaktion JazzZeitung","image":{"@type":"ImageObject","inLanguage":"de","@id":"https:\/\/i0.wp.com\/www.jazzzeitung.de\/cms\/wp-content\/uploads\/2015\/08\/JAZZZEITUNGDE_Logo_Neu.png?resize=96%2C96&ssl=159975dcacb611b5700bd619b5daf0a7a","url":"https:\/\/i0.wp.com\/www.jazzzeitung.de\/cms\/wp-content\/uploads\/2015\/08\/JAZZZEITUNGDE_Logo_Neu.png?resize=96%2C96&ssl=1","contentUrl":"https:\/\/i0.wp.com\/www.jazzzeitung.de\/cms\/wp-content\/uploads\/2015\/08\/JAZZZEITUNGDE_Logo_Neu.png?resize=96%2C96&ssl=1","caption":"Redaktion JazzZeitung"},"description":"Artikel der Redaktion der JazzZeitung.","sameAs":["http:\/\/www.jazzzeitung.de\/cms\/"],"url":"https:\/\/www.jazzzeitung.de\/cms\/author\/redaktion\/"}]}},"wp-worthy-pixel":{"ignored":false,"public":null,"server":null,"url":null},"wp-worthy-type":"normal","jetpack_publicize_connections":[],"cc_featured_image_caption":{"caption_text":false,"source_text":false,"source_url":false},"jetpack_featured_media_url":"","jetpack_shortlink":"https:\/\/wp.me\/p3KEcT-2SO","jetpack-related-posts":[{"id":12876,"url":"https:\/\/www.jazzzeitung.de\/cms\/2017\/07\/leo-betzl-absolvierte-seine-master-abschlusspruefung-in-der-unterfahrt\/","url_meta":{"origin":11086,"position":0},"title":"Leo Betzl absolvierte seine Master-Abschlusspr\u00fcfung in der Unterfahrt","author":"Redaktion JazzZeitung","date":"5. Juli 2017","format":"gallery","excerpt":"Nicht einfach nur ein Konzert mit dem Leo Betzl Trio - an diesem Abend ging es um die Wurst: f\u00fcr Leo Betzl, der an diesem Abend im ersten Set seine Master-Abschlusspr\u00fcfung an der Hochschule f\u00fcr Musik und Theater M\u00fcnchen bestritt und f\u00fcr Maximilian Hirning, der im zweiten Set seine Master-Zwischenpr\u00fcfung\u2026","rel":"","context":"In &quot;Bericht&quot;","block_context":{"text":"Bericht","link":"https:\/\/www.jazzzeitung.de\/cms\/thema\/bericht\/"},"img":{"alt_text":"","src":"https:\/\/i0.wp.com\/www.jazzzeitung.de\/cms\/wp-content\/uploads\/2017\/07\/P1430677-Betzl-Foto-TJ-Krebs-e1499255215481.jpg?fit=1191%2C1066&ssl=1&resize=350%2C200","width":350,"height":200,"srcset":"https:\/\/i0.wp.com\/www.jazzzeitung.de\/cms\/wp-content\/uploads\/2017\/07\/P1430677-Betzl-Foto-TJ-Krebs-e1499255215481.jpg?fit=1191%2C1066&ssl=1&resize=350%2C200 1x, https:\/\/i0.wp.com\/www.jazzzeitung.de\/cms\/wp-content\/uploads\/2017\/07\/P1430677-Betzl-Foto-TJ-Krebs-e1499255215481.jpg?fit=1191%2C1066&ssl=1&resize=525%2C300 1.5x, https:\/\/i0.wp.com\/www.jazzzeitung.de\/cms\/wp-content\/uploads\/2017\/07\/P1430677-Betzl-Foto-TJ-Krebs-e1499255215481.jpg?fit=1191%2C1066&ssl=1&resize=700%2C400 2x, https:\/\/i0.wp.com\/www.jazzzeitung.de\/cms\/wp-content\/uploads\/2017\/07\/P1430677-Betzl-Foto-TJ-Krebs-e1499255215481.jpg?fit=1191%2C1066&ssl=1&resize=1050%2C600 3x"},"classes":[]},{"id":10574,"url":"https:\/\/www.jazzzeitung.de\/cms\/2016\/11\/galerie-uri-cane-trio\/","url_meta":{"origin":11086,"position":1},"title":"Galerie: das Uri Caine Trio im Jazzclub Unterfahrt M\u00fcnchen","author":"Redaktion JazzZeitung","date":"1. November 2016","format":false,"excerpt":"Ausgefeilte harmonische, melodische und rhythmische Strukturen pr\u00e4sentierte das Uri Caine Trio am 13. Oktober im Jazzclub Unterfahrt in M\u00fcnchen bei der Vorstellung des neuen Albums \"Calibrated Thickness\" (Winter&Winter). Ralf Dombrowski war mit der Kamera vor Ort. \u00a0","rel":"","context":"In &quot;Galerie&quot;","block_context":{"text":"Galerie","link":"https:\/\/www.jazzzeitung.de\/cms\/thema\/galerie\/"},"img":{"alt_text":"","src":"https:\/\/i0.wp.com\/www.jazzzeitung.de\/cms\/wp-content\/uploads\/2016\/10\/0K3A0554-Caine-Dombr.jpg?resize=350%2C200","width":350,"height":200,"srcset":"https:\/\/i0.wp.com\/www.jazzzeitung.de\/cms\/wp-content\/uploads\/2016\/10\/0K3A0554-Caine-Dombr.jpg?resize=350%2C200 1x, https:\/\/i0.wp.com\/www.jazzzeitung.de\/cms\/wp-content\/uploads\/2016\/10\/0K3A0554-Caine-Dombr.jpg?resize=525%2C300 1.5x, https:\/\/i0.wp.com\/www.jazzzeitung.de\/cms\/wp-content\/uploads\/2016\/10\/0K3A0554-Caine-Dombr.jpg?resize=700%2C400 2x, https:\/\/i0.wp.com\/www.jazzzeitung.de\/cms\/wp-content\/uploads\/2016\/10\/0K3A0554-Caine-Dombr.jpg?resize=1050%2C600 3x"},"classes":[]},{"id":10618,"url":"https:\/\/www.jazzzeitung.de\/cms\/2016\/10\/galerie-shai-maestro-trio-in-der-unterfahrt-muenchen\/","url_meta":{"origin":11086,"position":2},"title":"Galerie: Shai Maestro Trio in der Unterfahrt M\u00fcnchen","author":"Redaktion JazzZeitung","date":"31. Oktober 2016","format":false,"excerpt":"Am 20. Oktober gastierte der in New York lebende, israelische Pianist Shai Maestro mit seinem Trio im Jazzclub Unterfahrt in M\u00fcnchen. Mit dabei\u00a0 Jorger Roeder (b) und Ziv Ravitz (dr). Fotograf Ralf Dombrowski war dabei und pr\u00e4sentiert die New Yorker G\u00f6\u00dfen\u00a0 hier als Galerie. \u00a0","rel":"","context":"In &quot;Galerie&quot;","block_context":{"text":"Galerie","link":"https:\/\/www.jazzzeitung.de\/cms\/thema\/galerie\/"},"img":{"alt_text":"","src":"https:\/\/i0.wp.com\/www.jazzzeitung.de\/cms\/wp-content\/uploads\/2016\/10\/0K3A1275-Maestro-dombr.jpg?resize=350%2C200","width":350,"height":200,"srcset":"https:\/\/i0.wp.com\/www.jazzzeitung.de\/cms\/wp-content\/uploads\/2016\/10\/0K3A1275-Maestro-dombr.jpg?resize=350%2C200 1x, https:\/\/i0.wp.com\/www.jazzzeitung.de\/cms\/wp-content\/uploads\/2016\/10\/0K3A1275-Maestro-dombr.jpg?resize=525%2C300 1.5x, https:\/\/i0.wp.com\/www.jazzzeitung.de\/cms\/wp-content\/uploads\/2016\/10\/0K3A1275-Maestro-dombr.jpg?resize=700%2C400 2x, https:\/\/i0.wp.com\/www.jazzzeitung.de\/cms\/wp-content\/uploads\/2016\/10\/0K3A1275-Maestro-dombr.jpg?resize=1050%2C600 3x"},"classes":[]},{"id":10209,"url":"https:\/\/www.jazzzeitung.de\/cms\/2016\/10\/bildergalerie-das-oded-tzur-quartett-der-unterfahrt\/","url_meta":{"origin":11086,"position":3},"title":"Bildergalerie: das Oded Tzur Quartett in der Unterfahrt","author":"Redaktion JazzZeitung","date":"4. Oktober 2016","format":false,"excerpt":"Das Oded Tzur Quartett in der Unterfahrt mit Oded Tzur Saxophon, Shai Maestro am Piano, Ziv Ravitz Drums & Petros Klampanis am Bass. Nach wie vor auf der Suche nach Klang, reflektiert mit filigranem, umwerfendem Sound, brandneuen St\u00fccken und beseelten Improvisationen. Beeindruckend, wie sich die Formation live im Laufe des\u2026","rel":"","context":"In &quot;Galerie&quot;","block_context":{"text":"Galerie","link":"https:\/\/www.jazzzeitung.de\/cms\/thema\/galerie\/"},"img":{"alt_text":"","src":"https:\/\/i0.wp.com\/www.jazzzeitung.de\/cms\/wp-content\/uploads\/2016\/10\/P1050039-Ravitz-Hand-Foto-TJ-Krebs.jpg?resize=350%2C200","width":350,"height":200,"srcset":"https:\/\/i0.wp.com\/www.jazzzeitung.de\/cms\/wp-content\/uploads\/2016\/10\/P1050039-Ravitz-Hand-Foto-TJ-Krebs.jpg?resize=350%2C200 1x, https:\/\/i0.wp.com\/www.jazzzeitung.de\/cms\/wp-content\/uploads\/2016\/10\/P1050039-Ravitz-Hand-Foto-TJ-Krebs.jpg?resize=525%2C300 1.5x, https:\/\/i0.wp.com\/www.jazzzeitung.de\/cms\/wp-content\/uploads\/2016\/10\/P1050039-Ravitz-Hand-Foto-TJ-Krebs.jpg?resize=700%2C400 2x, https:\/\/i0.wp.com\/www.jazzzeitung.de\/cms\/wp-content\/uploads\/2016\/10\/P1050039-Ravitz-Hand-Foto-TJ-Krebs.jpg?resize=1050%2C600 3x, https:\/\/i0.wp.com\/www.jazzzeitung.de\/cms\/wp-content\/uploads\/2016\/10\/P1050039-Ravitz-Hand-Foto-TJ-Krebs.jpg?resize=1400%2C800 4x"},"classes":[]},{"id":11133,"url":"https:\/\/www.jazzzeitung.de\/cms\/2016\/11\/galerie-joey-calderazzo-trio-in-muenchner-unterfahrt\/","url_meta":{"origin":11086,"position":4},"title":"Galerie: Joey Calderazzo Trio in M\u00fcnchner Unterfahrt","author":"Redaktion JazzZeitung","date":"25. November 2016","format":false,"excerpt":"Das Joey Calderazzo Trio gastierte am 17. November im Jazzclub Unterfahrt in M\u00fcnchen. Der Amerikaner Calderazzo nat\u00fcrlich am Piano, Eric Revis am Bass und Donald Edwards an den Drums. Ralf Dombrowski fotografierte und pr\u00e4sentiert hier seine Eindr\u00fccke.","rel":"","context":"In &quot;Galerie&quot;","block_context":{"text":"Galerie","link":"https:\/\/www.jazzzeitung.de\/cms\/thema\/galerie\/"},"img":{"alt_text":"","src":"https:\/\/i0.wp.com\/www.jazzzeitung.de\/cms\/wp-content\/uploads\/2016\/11\/0K3A5771-Calderazzo-hf-dombr.jpg?resize=350%2C200","width":350,"height":200,"srcset":"https:\/\/i0.wp.com\/www.jazzzeitung.de\/cms\/wp-content\/uploads\/2016\/11\/0K3A5771-Calderazzo-hf-dombr.jpg?resize=350%2C200 1x, https:\/\/i0.wp.com\/www.jazzzeitung.de\/cms\/wp-content\/uploads\/2016\/11\/0K3A5771-Calderazzo-hf-dombr.jpg?resize=525%2C300 1.5x, https:\/\/i0.wp.com\/www.jazzzeitung.de\/cms\/wp-content\/uploads\/2016\/11\/0K3A5771-Calderazzo-hf-dombr.jpg?resize=700%2C400 2x"},"classes":[]},{"id":11388,"url":"https:\/\/www.jazzzeitung.de\/cms\/2016\/12\/das-schlippenbach-trio-auf-winterreise\/","url_meta":{"origin":11086,"position":5},"title":"Das Schlippenbach Trio auf Winterreise","author":"Redaktion JazzZeitung","date":"21. Dezember 2016","format":false,"excerpt":"Das Alexander von Schlippenbach Trio begibt sich am Ende des Jahres seit mittlerweile 12 Jahren auf die Winterreise mit einem obligatorischen, allj\u00e4hrlichen Zwischenstopp in der M\u00fcnchner Unterfahrt. Mit von der Partie waren Evan Parker am Saxophon sowie Drummer Paul Lytton. Das Trio ist mittlerweile ein Urgestein, das absolute Ma\u00dfst\u00e4be in\u2026","rel":"","context":"In &quot;Galerie&quot;","block_context":{"text":"Galerie","link":"https:\/\/www.jazzzeitung.de\/cms\/thema\/galerie\/"},"img":{"alt_text":"","src":"https:\/\/i0.wp.com\/www.jazzzeitung.de\/cms\/wp-content\/uploads\/2016\/12\/P1140894-Alexander-von-Schlippenbach-Hand-Foto-TJ-Krebs.jpg?resize=350%2C200","width":350,"height":200,"srcset":"https:\/\/i0.wp.com\/www.jazzzeitung.de\/cms\/wp-content\/uploads\/2016\/12\/P1140894-Alexander-von-Schlippenbach-Hand-Foto-TJ-Krebs.jpg?resize=350%2C200 1x, https:\/\/i0.wp.com\/www.jazzzeitung.de\/cms\/wp-content\/uploads\/2016\/12\/P1140894-Alexander-von-Schlippenbach-Hand-Foto-TJ-Krebs.jpg?resize=525%2C300 1.5x, https:\/\/i0.wp.com\/www.jazzzeitung.de\/cms\/wp-content\/uploads\/2016\/12\/P1140894-Alexander-von-Schlippenbach-Hand-Foto-TJ-Krebs.jpg?resize=700%2C400 2x, https:\/\/i0.wp.com\/www.jazzzeitung.de\/cms\/wp-content\/uploads\/2016\/12\/P1140894-Alexander-von-Schlippenbach-Hand-Foto-TJ-Krebs.jpg?resize=1050%2C600 3x, https:\/\/i0.wp.com\/www.jazzzeitung.de\/cms\/wp-content\/uploads\/2016\/12\/P1140894-Alexander-von-Schlippenbach-Hand-Foto-TJ-Krebs.jpg?resize=1400%2C800 4x"},"classes":[]}],"jetpack_sharing_enabled":true,"_links":{"self":[{"href":"https:\/\/www.jazzzeitung.de\/cms\/wp-json\/wp\/v2\/posts\/11086","targetHints":{"allow":["GET"]}}],"collection":[{"href":"https:\/\/www.jazzzeitung.de\/cms\/wp-json\/wp\/v2\/posts"}],"about":[{"href":"https:\/\/www.jazzzeitung.de\/cms\/wp-json\/wp\/v2\/types\/post"}],"author":[{"embeddable":true,"href":"https:\/\/www.jazzzeitung.de\/cms\/wp-json\/wp\/v2\/users\/18"}],"replies":[{"embeddable":true,"href":"https:\/\/www.jazzzeitung.de\/cms\/wp-json\/wp\/v2\/comments?post=11086"}],"version-history":[{"count":5,"href":"https:\/\/www.jazzzeitung.de\/cms\/wp-json\/wp\/v2\/posts\/11086\/revisions"}],"predecessor-version":[{"id":11197,"href":"https:\/\/www.jazzzeitung.de\/cms\/wp-json\/wp\/v2\/posts\/11086\/revisions\/11197"}],"wp:attachment":[{"href":"https:\/\/www.jazzzeitung.de\/cms\/wp-json\/wp\/v2\/media?parent=11086"}],"wp:term":[{"taxonomy":"category","embeddable":true,"href":"https:\/\/www.jazzzeitung.de\/cms\/wp-json\/wp\/v2\/categories?post=11086"},{"taxonomy":"post_tag","embeddable":true,"href":"https:\/\/www.jazzzeitung.de\/cms\/wp-json\/wp\/v2\/tags?post=11086"},{"taxonomy":"author","embeddable":true,"href":"https:\/\/www.jazzzeitung.de\/cms\/wp-json\/wp\/v2\/coauthors?post=11086"}],"curies":[{"name":"wp","href":"https:\/\/api.w.org\/{rel}","templated":true}]}}