{"id":11036,"date":"2016-11-20T09:55:47","date_gmt":"2016-11-20T08:55:47","guid":{"rendered":"http:\/\/www.jazzzeitung.de\/cms\/?p=11036"},"modified":"2016-11-18T10:17:50","modified_gmt":"2016-11-18T09:17:50","slug":"grenzenlose-leidenschaft-auf-dem-akkordeon","status":"publish","type":"post","link":"https:\/\/www.jazzzeitung.de\/cms\/2016\/11\/grenzenlose-leidenschaft-auf-dem-akkordeon\/","title":{"rendered":"Grenzenlose Leidenschaft auf dem Akkordeon"},"content":{"rendered":"<p><strong><a href=\"https:\/\/i0.wp.com\/www.jazzzeitung.de\/cms\/wp-content\/uploads\/2016\/11\/kimmo-pohjonen-sensitive-skin-lp.jpg\"><img data-recalc-dims=\"1\" loading=\"lazy\" decoding=\"async\" data-attachment-id=\"11037\" data-permalink=\"https:\/\/www.jazzzeitung.de\/cms\/2016\/11\/grenzenlose-leidenschaft-auf-dem-akkordeon\/kimmo-pohjonen-sensitive-skin-lp\/\" data-orig-file=\"https:\/\/i0.wp.com\/www.jazzzeitung.de\/cms\/wp-content\/uploads\/2016\/11\/kimmo-pohjonen-sensitive-skin-lp.jpg?fit=800%2C800&amp;ssl=1\" data-orig-size=\"800,800\" data-comments-opened=\"1\" data-image-meta=\"{&quot;aperture&quot;:&quot;0&quot;,&quot;credit&quot;:&quot;&quot;,&quot;camera&quot;:&quot;&quot;,&quot;caption&quot;:&quot;&quot;,&quot;created_timestamp&quot;:&quot;0&quot;,&quot;copyright&quot;:&quot;&quot;,&quot;focal_length&quot;:&quot;0&quot;,&quot;iso&quot;:&quot;0&quot;,&quot;shutter_speed&quot;:&quot;0&quot;,&quot;title&quot;:&quot;&quot;,&quot;orientation&quot;:&quot;0&quot;}\" data-image-title=\"kimmo-pohjonen-sensitive-skin-lp\" data-image-description=\"\" data-image-caption=\"\" data-large-file=\"https:\/\/i0.wp.com\/www.jazzzeitung.de\/cms\/wp-content\/uploads\/2016\/11\/kimmo-pohjonen-sensitive-skin-lp.jpg?fit=600%2C600&amp;ssl=1\" class=\"alignright size-thumbnail wp-image-11037\" src=\"https:\/\/i0.wp.com\/www.jazzzeitung.de\/cms\/wp-content\/uploads\/2016\/11\/kimmo-pohjonen-sensitive-skin-lp-150x150.jpg?resize=150%2C150\" alt=\"kimmo-pohjonen-sensitive-skin-lp\" width=\"150\" height=\"150\" srcset=\"https:\/\/i0.wp.com\/www.jazzzeitung.de\/cms\/wp-content\/uploads\/2016\/11\/kimmo-pohjonen-sensitive-skin-lp.jpg?resize=150%2C150&amp;ssl=1 150w, https:\/\/i0.wp.com\/www.jazzzeitung.de\/cms\/wp-content\/uploads\/2016\/11\/kimmo-pohjonen-sensitive-skin-lp.jpg?resize=300%2C300&amp;ssl=1 300w, https:\/\/i0.wp.com\/www.jazzzeitung.de\/cms\/wp-content\/uploads\/2016\/11\/kimmo-pohjonen-sensitive-skin-lp.jpg?resize=768%2C768&amp;ssl=1 768w, https:\/\/i0.wp.com\/www.jazzzeitung.de\/cms\/wp-content\/uploads\/2016\/11\/kimmo-pohjonen-sensitive-skin-lp.jpg?resize=600%2C600&amp;ssl=1 600w, https:\/\/i0.wp.com\/www.jazzzeitung.de\/cms\/wp-content\/uploads\/2016\/11\/kimmo-pohjonen-sensitive-skin-lp.jpg?resize=144%2C144&amp;ssl=1 144w, https:\/\/i0.wp.com\/www.jazzzeitung.de\/cms\/wp-content\/uploads\/2016\/11\/kimmo-pohjonen-sensitive-skin-lp.jpg?resize=96%2C96&amp;ssl=1 96w, https:\/\/i0.wp.com\/www.jazzzeitung.de\/cms\/wp-content\/uploads\/2016\/11\/kimmo-pohjonen-sensitive-skin-lp.jpg?resize=24%2C24&amp;ssl=1 24w, https:\/\/i0.wp.com\/www.jazzzeitung.de\/cms\/wp-content\/uploads\/2016\/11\/kimmo-pohjonen-sensitive-skin-lp.jpg?resize=36%2C36&amp;ssl=1 36w, https:\/\/i0.wp.com\/www.jazzzeitung.de\/cms\/wp-content\/uploads\/2016\/11\/kimmo-pohjonen-sensitive-skin-lp.jpg?resize=48%2C48&amp;ssl=1 48w, https:\/\/i0.wp.com\/www.jazzzeitung.de\/cms\/wp-content\/uploads\/2016\/11\/kimmo-pohjonen-sensitive-skin-lp.jpg?resize=64%2C64&amp;ssl=1 64w, https:\/\/i0.wp.com\/www.jazzzeitung.de\/cms\/wp-content\/uploads\/2016\/11\/kimmo-pohjonen-sensitive-skin-lp.jpg?resize=32%2C32&amp;ssl=1 32w, https:\/\/i0.wp.com\/www.jazzzeitung.de\/cms\/wp-content\/uploads\/2016\/11\/kimmo-pohjonen-sensitive-skin-lp.jpg?resize=50%2C50&amp;ssl=1 50w, https:\/\/i0.wp.com\/www.jazzzeitung.de\/cms\/wp-content\/uploads\/2016\/11\/kimmo-pohjonen-sensitive-skin-lp.jpg?resize=128%2C128&amp;ssl=1 128w, https:\/\/i0.wp.com\/www.jazzzeitung.de\/cms\/wp-content\/uploads\/2016\/11\/kimmo-pohjonen-sensitive-skin-lp.jpg?w=800&amp;ssl=1 800w\" sizes=\"auto, (max-width: 150px) 100vw, 150px\" \/><\/a>Von Michael Scheiner<\/strong> \u2013 Bei dem mittlerweile 52-j\u00e4hrigen Finnen Kimmo Pohjonen ist die Versuchung gro\u00df zum n\u00e4chstliegenden Superlativ, einem abgegriffenen Klischee oder zur gr\u00f6\u00dftm\u00f6glichen \u00dcbertreibung zu greifen. Irgendwie scheint man ihm nur gerecht werden zu k\u00f6nnen, wenn vom \u201eAkkordeon-Punk\u201c, dem \u201eJimi Hendrix des Akkordeon\u201c, Derwisch oder der \u201enordischen Variante von Mad Max\u201c die Rede ist. Tats\u00e4chlich wirkt sein oft pathetisches Spiel auf dem Akkordeon wie eine Urgewalt, die \u00fcber den H\u00f6rer hereinbricht. Durchsetzt mit zarten, lyrischen Momenten, volksmusikalischen Ankl\u00e4ngen und experimentellem Einsatz elektronischer Mittel wirkt die Ank\u00fcndigung eines neuen Albums wie eine Verhei\u00dfung! Das programmatische \u201eSensitive Skin\u201c, schon seit \u00fcber einem Jahr auf dem Markt, ist Pohjonens j\u00fcngste Ver\u00f6ffentlichung und so etwas, wie die Summe seiner bisherigen k\u00fcnstlerischen Arbeiten. Diese umfassen Filmmusiken, wie das preisgekr\u00f6nte Animationsepos Jade-Krieger, ebenso wie Kompositionen f\u00fcr und Aufnahmen mit dem Kronos Quartet, diverse Soundprojekte, die gro\u00dfartige Filmbiografie \u201eSoundbreaker\u201c von Kimmo Koskela, Lehrt\u00e4tigkeiten und ein Repertoire, das zwischen Volksmusik, Heavy Metal, Klassik und Improvisation ein kaum vorstellbares riesiges Spektrum abdeckt.<\/p>\n<p>Ohne \u00dcbertreibung kann man sagen, dass er die schon weiter gewordenen Grenzen des Akkordeons noch einmal um einige Grade weiter ge\u00f6ffnet und das Soundspektrum noch etwas weiter gesteckt hat. Kein Wunder, hat er doch \u2013 unter anderem \u2013 bei der Virtuosin Maria Kalaniemi an der Sibelius Akademie in Helsinki studiert. Beeinflusst haben ihn auch der Schwede Lars Hollmer und einige andere Akkordeonisten, die sich zwischen Jazz, Avantgarde und freier Improvisation bewegen. F\u00fcr die Aufnahmen zu \u201eSensitive Skin\u201c, an denen auch das Kronos Quartet mitgewirkt hat, hat sich der besessen akribische Musiker einige Zeit gelassen. Weil \u00a0er fast alles im eigenen Studio machen konnte, war das ohne den Einsatz gigantischer Geldmittel m\u00f6glich. Neben Kronos, waren etliche langj\u00e4hrige Weggef\u00e4hrten, wie der Schlagzeuger Samuli Kosminen, seine beiden T\u00f6chter (voc), der Elektroniker Tuomas Norvio und Arto J\u00e4rvel\u00e4 (nyckelharp) an den Aufnahmen beteiligt. Wie meistens, schert sich Pohjonen auch auf dem aktuellen Album weder um Stilgrenzen, noch um H\u00f6rerwartungen. Musikalisch sucht der um pr\u00e4chtige Showeffekte nie verlegene Finne, dem es im Kern aber immer um die Musik geht, um die k\u00fcnstlerische Auseinandersetzung, das Widerborstige, die Differenz. Erscheint etwas haupts\u00e4chlich sch\u00f6n und harmonisch glatt, scheint er Unbehagen zu empfinden. Bei aller Widerborstigkeit und Reibung verliert der muskelgest\u00e4hlte Instrumentalist nie die Balance zwischen kompositorischer Komplexit\u00e4t, packendem Groove und Vertr\u00e4glichkeit aus dem Auge. Seine anspruchsvollen Kompositionen sind dennoch nur selten vorhersehbar. Was genu\u00dffreien Spa\u00dfh\u00f6rern eine G\u00e4nsehaut verursacht, ist jedoch f\u00fcr wache Ohren ein helles Vergn\u00fcgen. Der eigenwillige Stilmix, der sich auch hier findet, ist l\u00e4ngst zu Pohjonens bevorzugtem Ausdrucksmittel und einer eigenst\u00e4ndigen, ausdrucksstarken Sprache geworden. Etwas bombastisch manchmal, aber voller Energie, zeugt die Musik von einer grenzenlosen Leidenschaft. <strong>Kimmo Pohjonen,\u00a0 Sensitive Skin, Octopus 413-2 (Naxos Deutschland)<\/strong><\/p>\n","protected":false},"excerpt":{"rendered":"<p>Von Michael Scheiner \u2013 Bei dem mittlerweile 52-j\u00e4hrigen Finnen Kimmo Pohjonen ist die Versuchung gro\u00df zum n\u00e4chstliegenden Superlativ, einem abgegriffenen Klischee oder zur gr\u00f6\u00dftm\u00f6glichen \u00dcbertreibung zu greifen. Irgendwie scheint man ihm nur gerecht werden zu k\u00f6nnen, wenn vom \u201eAkkordeon-Punk\u201c, dem \u201eJimi Hendrix des Akkordeon\u201c, Derwisch oder der \u201enordischen Variante von Mad Max\u201c die Rede ist. Tats\u00e4chlich wirkt sein oft pathetisches Spiel auf dem Akkordeon wie eine Urgewalt, die \u00fcber den H\u00f6rer hereinbricht. Durchsetzt mit zarten, lyrischen Momenten, volksmusikalischen Ankl\u00e4ngen und experimentellem Einsatz elektronischer Mittel wirkt die Ank\u00fcndigung eines neuen Albums wie eine Verhei\u00dfung! Das programmatische \u201eSensitive Skin\u201c, schon seit \u00fcber einem Jahr auf dem Markt, ist Pohjonens j\u00fcngste Ver\u00f6ffentlichung und so etwas, wie die Summe seiner bisherigen k\u00fcnstlerischen Arbeiten. Diese umfassen Filmmusiken, wie das preisgekr\u00f6nte Animationsepos Jade-Krieger, ebenso wie Kompositionen f\u00fcr und Aufnahmen mit dem Kronos Quartet, diverse Soundprojekte, die gro\u00dfartige Filmbiografie \u201eSoundbreaker\u201c von Kimmo Koskela, Lehrt\u00e4tigkeiten und ein Repertoire, das zwischen Volksmusik, Heavy Metal, Klassik und Improvisation ein kaum vorstellbares riesiges Spektrum abdeckt. Ohne \u00dcbertreibung kann man sagen, dass er die schon weiter gewordenen Grenzen des Akkordeons noch einmal um einige Grade weiter ge\u00f6ffnet &hellip;<\/p>\n","protected":false},"author":18,"featured_media":0,"comment_status":"open","ping_status":"closed","sticky":false,"template":"","format":"standard","meta":{"_jetpack_memberships_contains_paid_content":false,"footnotes":"","jetpack_publicize_message":"","jetpack_publicize_feature_enabled":true,"jetpack_social_post_already_shared":false,"jetpack_social_options":{"image_generator_settings":{"template":"highway","default_image_id":0,"font":"","enabled":false},"version":2}},"categories":[1152],"tags":[33,34,137,1007,316,387],"coauthors":[695],"class_list":["post-11036","post","type-post","status-publish","format-standard","hentry","category-rezension","tag-akkordeon","tag-album","tag-deutschland","tag-improvisation","tag-klassik","tag-michael-scheiner"],"yoast_head":"<!-- This site is optimized with the Yoast SEO plugin v27.5 - https:\/\/yoast.com\/product\/yoast-seo-wordpress\/ -->\n<title>Grenzenlose Leidenschaft auf dem Akkordeon - JazzZeitung<\/title>\n<meta name=\"robots\" content=\"index, follow, max-snippet:-1, max-image-preview:large, max-video-preview:-1\" \/>\n<link rel=\"canonical\" href=\"https:\/\/www.jazzzeitung.de\/cms\/2016\/11\/grenzenlose-leidenschaft-auf-dem-akkordeon\/\" \/>\n<meta property=\"og:locale\" content=\"de_DE\" \/>\n<meta property=\"og:type\" content=\"article\" \/>\n<meta property=\"og:title\" content=\"Grenzenlose Leidenschaft auf dem Akkordeon - JazzZeitung\" \/>\n<meta property=\"og:description\" content=\"Von Michael Scheiner \u2013 Bei dem mittlerweile 52-j\u00e4hrigen Finnen Kimmo Pohjonen ist die Versuchung gro\u00df zum n\u00e4chstliegenden Superlativ, einem abgegriffenen Klischee oder zur gr\u00f6\u00dftm\u00f6glichen \u00dcbertreibung zu greifen. Irgendwie scheint man ihm nur gerecht werden zu k\u00f6nnen, wenn vom \u201eAkkordeon-Punk\u201c, dem \u201eJimi Hendrix des Akkordeon\u201c, Derwisch oder der \u201enordischen Variante von Mad Max\u201c die Rede ist. Tats\u00e4chlich wirkt sein oft pathetisches Spiel auf dem Akkordeon wie eine Urgewalt, die \u00fcber den H\u00f6rer hereinbricht. Durchsetzt mit zarten, lyrischen Momenten, volksmusikalischen Ankl\u00e4ngen und experimentellem Einsatz elektronischer Mittel wirkt die Ank\u00fcndigung eines neuen Albums wie eine Verhei\u00dfung! Das programmatische \u201eSensitive Skin\u201c, schon seit \u00fcber einem Jahr auf dem Markt, ist Pohjonens j\u00fcngste Ver\u00f6ffentlichung und so etwas, wie die Summe seiner bisherigen k\u00fcnstlerischen Arbeiten. Diese umfassen Filmmusiken, wie das preisgekr\u00f6nte Animationsepos Jade-Krieger, ebenso wie Kompositionen f\u00fcr und Aufnahmen mit dem Kronos Quartet, diverse Soundprojekte, die gro\u00dfartige Filmbiografie \u201eSoundbreaker\u201c von Kimmo Koskela, Lehrt\u00e4tigkeiten und ein Repertoire, das zwischen Volksmusik, Heavy Metal, Klassik und Improvisation ein kaum vorstellbares riesiges Spektrum abdeckt. Ohne \u00dcbertreibung kann man sagen, dass er die schon weiter gewordenen Grenzen des Akkordeons noch einmal um einige Grade weiter ge\u00f6ffnet &hellip;\" \/>\n<meta property=\"og:url\" content=\"https:\/\/www.jazzzeitung.de\/cms\/2016\/11\/grenzenlose-leidenschaft-auf-dem-akkordeon\/\" \/>\n<meta property=\"og:site_name\" content=\"JazzZeitung\" \/>\n<meta property=\"article:publisher\" content=\"https:\/\/www.facebook.com\/JazzZeitung\/\" \/>\n<meta property=\"article:published_time\" content=\"2016-11-20T08:55:47+00:00\" \/>\n<meta property=\"og:image\" content=\"http:\/\/www.jazzzeitung.de\/cms\/wp-content\/uploads\/2016\/11\/kimmo-pohjonen-sensitive-skin-lp-150x150.jpg\" \/>\n<meta name=\"author\" content=\"Redaktion JazzZeitung\" \/>\n<script type=\"application\/ld+json\" class=\"yoast-schema-graph\">{\"@context\":\"https:\\\/\\\/schema.org\",\"@graph\":[{\"@type\":\"Article\",\"@id\":\"https:\\\/\\\/www.jazzzeitung.de\\\/cms\\\/2016\\\/11\\\/grenzenlose-leidenschaft-auf-dem-akkordeon\\\/#article\",\"isPartOf\":{\"@id\":\"https:\\\/\\\/www.jazzzeitung.de\\\/cms\\\/2016\\\/11\\\/grenzenlose-leidenschaft-auf-dem-akkordeon\\\/\"},\"author\":{\"name\":\"Redaktion JazzZeitung\",\"@id\":\"https:\\\/\\\/www.jazzzeitung.de\\\/cms\\\/#\\\/schema\\\/person\\\/2245b36b9cd1d24cea10f01c031fb92b\"},\"headline\":\"Grenzenlose Leidenschaft auf dem Akkordeon\",\"datePublished\":\"2016-11-20T08:55:47+00:00\",\"mainEntityOfPage\":{\"@id\":\"https:\\\/\\\/www.jazzzeitung.de\\\/cms\\\/2016\\\/11\\\/grenzenlose-leidenschaft-auf-dem-akkordeon\\\/\"},\"wordCount\":484,\"commentCount\":0,\"publisher\":{\"@id\":\"https:\\\/\\\/www.jazzzeitung.de\\\/cms\\\/#organization\"},\"image\":{\"@id\":\"https:\\\/\\\/www.jazzzeitung.de\\\/cms\\\/2016\\\/11\\\/grenzenlose-leidenschaft-auf-dem-akkordeon\\\/#primaryimage\"},\"thumbnailUrl\":\"http:\\\/\\\/www.jazzzeitung.de\\\/cms\\\/wp-content\\\/uploads\\\/2016\\\/11\\\/kimmo-pohjonen-sensitive-skin-lp-150x150.jpg\",\"keywords\":[\"Akkordeon\",\"Album\",\"Deutschland\",\"Improvisation\",\"Klassik\",\"Michael Scheiner\"],\"articleSection\":[\"Rezension\"],\"inLanguage\":\"de\",\"potentialAction\":[{\"@type\":\"CommentAction\",\"name\":\"Comment\",\"target\":[\"https:\\\/\\\/www.jazzzeitung.de\\\/cms\\\/2016\\\/11\\\/grenzenlose-leidenschaft-auf-dem-akkordeon\\\/#respond\"]}]},{\"@type\":\"WebPage\",\"@id\":\"https:\\\/\\\/www.jazzzeitung.de\\\/cms\\\/2016\\\/11\\\/grenzenlose-leidenschaft-auf-dem-akkordeon\\\/\",\"url\":\"https:\\\/\\\/www.jazzzeitung.de\\\/cms\\\/2016\\\/11\\\/grenzenlose-leidenschaft-auf-dem-akkordeon\\\/\",\"name\":\"Grenzenlose Leidenschaft auf dem Akkordeon - JazzZeitung\",\"isPartOf\":{\"@id\":\"https:\\\/\\\/www.jazzzeitung.de\\\/cms\\\/#website\"},\"primaryImageOfPage\":{\"@id\":\"https:\\\/\\\/www.jazzzeitung.de\\\/cms\\\/2016\\\/11\\\/grenzenlose-leidenschaft-auf-dem-akkordeon\\\/#primaryimage\"},\"image\":{\"@id\":\"https:\\\/\\\/www.jazzzeitung.de\\\/cms\\\/2016\\\/11\\\/grenzenlose-leidenschaft-auf-dem-akkordeon\\\/#primaryimage\"},\"thumbnailUrl\":\"http:\\\/\\\/www.jazzzeitung.de\\\/cms\\\/wp-content\\\/uploads\\\/2016\\\/11\\\/kimmo-pohjonen-sensitive-skin-lp-150x150.jpg\",\"datePublished\":\"2016-11-20T08:55:47+00:00\",\"breadcrumb\":{\"@id\":\"https:\\\/\\\/www.jazzzeitung.de\\\/cms\\\/2016\\\/11\\\/grenzenlose-leidenschaft-auf-dem-akkordeon\\\/#breadcrumb\"},\"inLanguage\":\"de\",\"potentialAction\":[{\"@type\":\"ReadAction\",\"target\":[\"https:\\\/\\\/www.jazzzeitung.de\\\/cms\\\/2016\\\/11\\\/grenzenlose-leidenschaft-auf-dem-akkordeon\\\/\"]}]},{\"@type\":\"ImageObject\",\"inLanguage\":\"de\",\"@id\":\"https:\\\/\\\/www.jazzzeitung.de\\\/cms\\\/2016\\\/11\\\/grenzenlose-leidenschaft-auf-dem-akkordeon\\\/#primaryimage\",\"url\":\"http:\\\/\\\/www.jazzzeitung.de\\\/cms\\\/wp-content\\\/uploads\\\/2016\\\/11\\\/kimmo-pohjonen-sensitive-skin-lp-150x150.jpg\",\"contentUrl\":\"http:\\\/\\\/www.jazzzeitung.de\\\/cms\\\/wp-content\\\/uploads\\\/2016\\\/11\\\/kimmo-pohjonen-sensitive-skin-lp-150x150.jpg\"},{\"@type\":\"BreadcrumbList\",\"@id\":\"https:\\\/\\\/www.jazzzeitung.de\\\/cms\\\/2016\\\/11\\\/grenzenlose-leidenschaft-auf-dem-akkordeon\\\/#breadcrumb\",\"itemListElement\":[{\"@type\":\"ListItem\",\"position\":1,\"name\":\"Startseite\",\"item\":\"https:\\\/\\\/www.jazzzeitung.de\\\/cms\\\/\"},{\"@type\":\"ListItem\",\"position\":2,\"name\":\"Grenzenlose Leidenschaft auf dem Akkordeon\"}]},{\"@type\":\"WebSite\",\"@id\":\"https:\\\/\\\/www.jazzzeitung.de\\\/cms\\\/#website\",\"url\":\"https:\\\/\\\/www.jazzzeitung.de\\\/cms\\\/\",\"name\":\"JazzZeitung\",\"description\":\"Jazz-News und Jazz-Kontroverses\",\"publisher\":{\"@id\":\"https:\\\/\\\/www.jazzzeitung.de\\\/cms\\\/#organization\"},\"potentialAction\":[{\"@type\":\"SearchAction\",\"target\":{\"@type\":\"EntryPoint\",\"urlTemplate\":\"https:\\\/\\\/www.jazzzeitung.de\\\/cms\\\/?s={search_term_string}\"},\"query-input\":{\"@type\":\"PropertyValueSpecification\",\"valueRequired\":true,\"valueName\":\"search_term_string\"}}],\"inLanguage\":\"de\"},{\"@type\":\"Organization\",\"@id\":\"https:\\\/\\\/www.jazzzeitung.de\\\/cms\\\/#organization\",\"name\":\"JazzZeitung online\",\"url\":\"https:\\\/\\\/www.jazzzeitung.de\\\/cms\\\/\",\"logo\":{\"@type\":\"ImageObject\",\"inLanguage\":\"de\",\"@id\":\"https:\\\/\\\/www.jazzzeitung.de\\\/cms\\\/#\\\/schema\\\/logo\\\/image\\\/\",\"url\":\"https:\\\/\\\/i0.wp.com\\\/www.jazzzeitung.de\\\/cms\\\/wp-content\\\/uploads\\\/2015\\\/08\\\/JAZZZEITUNGDE_Logo_Neu.png?fit=499%2C200&ssl=1\",\"contentUrl\":\"https:\\\/\\\/i0.wp.com\\\/www.jazzzeitung.de\\\/cms\\\/wp-content\\\/uploads\\\/2015\\\/08\\\/JAZZZEITUNGDE_Logo_Neu.png?fit=499%2C200&ssl=1\",\"width\":499,\"height\":200,\"caption\":\"JazzZeitung online\"},\"image\":{\"@id\":\"https:\\\/\\\/www.jazzzeitung.de\\\/cms\\\/#\\\/schema\\\/logo\\\/image\\\/\"},\"sameAs\":[\"https:\\\/\\\/www.facebook.com\\\/JazzZeitung\\\/\"]},{\"@type\":\"Person\",\"@id\":\"https:\\\/\\\/www.jazzzeitung.de\\\/cms\\\/#\\\/schema\\\/person\\\/2245b36b9cd1d24cea10f01c031fb92b\",\"name\":\"Redaktion JazzZeitung\",\"image\":{\"@type\":\"ImageObject\",\"inLanguage\":\"de\",\"@id\":\"https:\\\/\\\/i0.wp.com\\\/www.jazzzeitung.de\\\/cms\\\/wp-content\\\/uploads\\\/2015\\\/08\\\/JAZZZEITUNGDE_Logo_Neu.png?resize=96%2C96&ssl=159975dcacb611b5700bd619b5daf0a7a\",\"url\":\"https:\\\/\\\/i0.wp.com\\\/www.jazzzeitung.de\\\/cms\\\/wp-content\\\/uploads\\\/2015\\\/08\\\/JAZZZEITUNGDE_Logo_Neu.png?resize=96%2C96&ssl=1\",\"contentUrl\":\"https:\\\/\\\/i0.wp.com\\\/www.jazzzeitung.de\\\/cms\\\/wp-content\\\/uploads\\\/2015\\\/08\\\/JAZZZEITUNGDE_Logo_Neu.png?resize=96%2C96&ssl=1\",\"caption\":\"Redaktion JazzZeitung\"},\"description\":\"Artikel der Redaktion der JazzZeitung.\",\"sameAs\":[\"http:\\\/\\\/www.jazzzeitung.de\\\/cms\\\/\"],\"url\":\"https:\\\/\\\/www.jazzzeitung.de\\\/cms\\\/author\\\/redaktion\\\/\"}]}<\/script>\n<!-- \/ Yoast SEO plugin. -->","yoast_head_json":{"title":"Grenzenlose Leidenschaft auf dem Akkordeon - JazzZeitung","robots":{"index":"index","follow":"follow","max-snippet":"max-snippet:-1","max-image-preview":"max-image-preview:large","max-video-preview":"max-video-preview:-1"},"canonical":"https:\/\/www.jazzzeitung.de\/cms\/2016\/11\/grenzenlose-leidenschaft-auf-dem-akkordeon\/","og_locale":"de_DE","og_type":"article","og_title":"Grenzenlose Leidenschaft auf dem Akkordeon - JazzZeitung","og_description":"Von Michael Scheiner \u2013 Bei dem mittlerweile 52-j\u00e4hrigen Finnen Kimmo Pohjonen ist die Versuchung gro\u00df zum n\u00e4chstliegenden Superlativ, einem abgegriffenen Klischee oder zur gr\u00f6\u00dftm\u00f6glichen \u00dcbertreibung zu greifen. Irgendwie scheint man ihm nur gerecht werden zu k\u00f6nnen, wenn vom \u201eAkkordeon-Punk\u201c, dem \u201eJimi Hendrix des Akkordeon\u201c, Derwisch oder der \u201enordischen Variante von Mad Max\u201c die Rede ist. Tats\u00e4chlich wirkt sein oft pathetisches Spiel auf dem Akkordeon wie eine Urgewalt, die \u00fcber den H\u00f6rer hereinbricht. Durchsetzt mit zarten, lyrischen Momenten, volksmusikalischen Ankl\u00e4ngen und experimentellem Einsatz elektronischer Mittel wirkt die Ank\u00fcndigung eines neuen Albums wie eine Verhei\u00dfung! Das programmatische \u201eSensitive Skin\u201c, schon seit \u00fcber einem Jahr auf dem Markt, ist Pohjonens j\u00fcngste Ver\u00f6ffentlichung und so etwas, wie die Summe seiner bisherigen k\u00fcnstlerischen Arbeiten. Diese umfassen Filmmusiken, wie das preisgekr\u00f6nte Animationsepos Jade-Krieger, ebenso wie Kompositionen f\u00fcr und Aufnahmen mit dem Kronos Quartet, diverse Soundprojekte, die gro\u00dfartige Filmbiografie \u201eSoundbreaker\u201c von Kimmo Koskela, Lehrt\u00e4tigkeiten und ein Repertoire, das zwischen Volksmusik, Heavy Metal, Klassik und Improvisation ein kaum vorstellbares riesiges Spektrum abdeckt. Ohne \u00dcbertreibung kann man sagen, dass er die schon weiter gewordenen Grenzen des Akkordeons noch einmal um einige Grade weiter ge\u00f6ffnet &hellip;","og_url":"https:\/\/www.jazzzeitung.de\/cms\/2016\/11\/grenzenlose-leidenschaft-auf-dem-akkordeon\/","og_site_name":"JazzZeitung","article_publisher":"https:\/\/www.facebook.com\/JazzZeitung\/","article_published_time":"2016-11-20T08:55:47+00:00","og_image":[{"url":"http:\/\/www.jazzzeitung.de\/cms\/wp-content\/uploads\/2016\/11\/kimmo-pohjonen-sensitive-skin-lp-150x150.jpg","type":"","width":"","height":""}],"author":"Redaktion JazzZeitung","schema":{"@context":"https:\/\/schema.org","@graph":[{"@type":"Article","@id":"https:\/\/www.jazzzeitung.de\/cms\/2016\/11\/grenzenlose-leidenschaft-auf-dem-akkordeon\/#article","isPartOf":{"@id":"https:\/\/www.jazzzeitung.de\/cms\/2016\/11\/grenzenlose-leidenschaft-auf-dem-akkordeon\/"},"author":{"name":"Redaktion JazzZeitung","@id":"https:\/\/www.jazzzeitung.de\/cms\/#\/schema\/person\/2245b36b9cd1d24cea10f01c031fb92b"},"headline":"Grenzenlose Leidenschaft auf dem Akkordeon","datePublished":"2016-11-20T08:55:47+00:00","mainEntityOfPage":{"@id":"https:\/\/www.jazzzeitung.de\/cms\/2016\/11\/grenzenlose-leidenschaft-auf-dem-akkordeon\/"},"wordCount":484,"commentCount":0,"publisher":{"@id":"https:\/\/www.jazzzeitung.de\/cms\/#organization"},"image":{"@id":"https:\/\/www.jazzzeitung.de\/cms\/2016\/11\/grenzenlose-leidenschaft-auf-dem-akkordeon\/#primaryimage"},"thumbnailUrl":"http:\/\/www.jazzzeitung.de\/cms\/wp-content\/uploads\/2016\/11\/kimmo-pohjonen-sensitive-skin-lp-150x150.jpg","keywords":["Akkordeon","Album","Deutschland","Improvisation","Klassik","Michael Scheiner"],"articleSection":["Rezension"],"inLanguage":"de","potentialAction":[{"@type":"CommentAction","name":"Comment","target":["https:\/\/www.jazzzeitung.de\/cms\/2016\/11\/grenzenlose-leidenschaft-auf-dem-akkordeon\/#respond"]}]},{"@type":"WebPage","@id":"https:\/\/www.jazzzeitung.de\/cms\/2016\/11\/grenzenlose-leidenschaft-auf-dem-akkordeon\/","url":"https:\/\/www.jazzzeitung.de\/cms\/2016\/11\/grenzenlose-leidenschaft-auf-dem-akkordeon\/","name":"Grenzenlose Leidenschaft auf dem Akkordeon - JazzZeitung","isPartOf":{"@id":"https:\/\/www.jazzzeitung.de\/cms\/#website"},"primaryImageOfPage":{"@id":"https:\/\/www.jazzzeitung.de\/cms\/2016\/11\/grenzenlose-leidenschaft-auf-dem-akkordeon\/#primaryimage"},"image":{"@id":"https:\/\/www.jazzzeitung.de\/cms\/2016\/11\/grenzenlose-leidenschaft-auf-dem-akkordeon\/#primaryimage"},"thumbnailUrl":"http:\/\/www.jazzzeitung.de\/cms\/wp-content\/uploads\/2016\/11\/kimmo-pohjonen-sensitive-skin-lp-150x150.jpg","datePublished":"2016-11-20T08:55:47+00:00","breadcrumb":{"@id":"https:\/\/www.jazzzeitung.de\/cms\/2016\/11\/grenzenlose-leidenschaft-auf-dem-akkordeon\/#breadcrumb"},"inLanguage":"de","potentialAction":[{"@type":"ReadAction","target":["https:\/\/www.jazzzeitung.de\/cms\/2016\/11\/grenzenlose-leidenschaft-auf-dem-akkordeon\/"]}]},{"@type":"ImageObject","inLanguage":"de","@id":"https:\/\/www.jazzzeitung.de\/cms\/2016\/11\/grenzenlose-leidenschaft-auf-dem-akkordeon\/#primaryimage","url":"http:\/\/www.jazzzeitung.de\/cms\/wp-content\/uploads\/2016\/11\/kimmo-pohjonen-sensitive-skin-lp-150x150.jpg","contentUrl":"http:\/\/www.jazzzeitung.de\/cms\/wp-content\/uploads\/2016\/11\/kimmo-pohjonen-sensitive-skin-lp-150x150.jpg"},{"@type":"BreadcrumbList","@id":"https:\/\/www.jazzzeitung.de\/cms\/2016\/11\/grenzenlose-leidenschaft-auf-dem-akkordeon\/#breadcrumb","itemListElement":[{"@type":"ListItem","position":1,"name":"Startseite","item":"https:\/\/www.jazzzeitung.de\/cms\/"},{"@type":"ListItem","position":2,"name":"Grenzenlose Leidenschaft auf dem Akkordeon"}]},{"@type":"WebSite","@id":"https:\/\/www.jazzzeitung.de\/cms\/#website","url":"https:\/\/www.jazzzeitung.de\/cms\/","name":"JazzZeitung","description":"Jazz-News und Jazz-Kontroverses","publisher":{"@id":"https:\/\/www.jazzzeitung.de\/cms\/#organization"},"potentialAction":[{"@type":"SearchAction","target":{"@type":"EntryPoint","urlTemplate":"https:\/\/www.jazzzeitung.de\/cms\/?s={search_term_string}"},"query-input":{"@type":"PropertyValueSpecification","valueRequired":true,"valueName":"search_term_string"}}],"inLanguage":"de"},{"@type":"Organization","@id":"https:\/\/www.jazzzeitung.de\/cms\/#organization","name":"JazzZeitung online","url":"https:\/\/www.jazzzeitung.de\/cms\/","logo":{"@type":"ImageObject","inLanguage":"de","@id":"https:\/\/www.jazzzeitung.de\/cms\/#\/schema\/logo\/image\/","url":"https:\/\/i0.wp.com\/www.jazzzeitung.de\/cms\/wp-content\/uploads\/2015\/08\/JAZZZEITUNGDE_Logo_Neu.png?fit=499%2C200&ssl=1","contentUrl":"https:\/\/i0.wp.com\/www.jazzzeitung.de\/cms\/wp-content\/uploads\/2015\/08\/JAZZZEITUNGDE_Logo_Neu.png?fit=499%2C200&ssl=1","width":499,"height":200,"caption":"JazzZeitung online"},"image":{"@id":"https:\/\/www.jazzzeitung.de\/cms\/#\/schema\/logo\/image\/"},"sameAs":["https:\/\/www.facebook.com\/JazzZeitung\/"]},{"@type":"Person","@id":"https:\/\/www.jazzzeitung.de\/cms\/#\/schema\/person\/2245b36b9cd1d24cea10f01c031fb92b","name":"Redaktion JazzZeitung","image":{"@type":"ImageObject","inLanguage":"de","@id":"https:\/\/i0.wp.com\/www.jazzzeitung.de\/cms\/wp-content\/uploads\/2015\/08\/JAZZZEITUNGDE_Logo_Neu.png?resize=96%2C96&ssl=159975dcacb611b5700bd619b5daf0a7a","url":"https:\/\/i0.wp.com\/www.jazzzeitung.de\/cms\/wp-content\/uploads\/2015\/08\/JAZZZEITUNGDE_Logo_Neu.png?resize=96%2C96&ssl=1","contentUrl":"https:\/\/i0.wp.com\/www.jazzzeitung.de\/cms\/wp-content\/uploads\/2015\/08\/JAZZZEITUNGDE_Logo_Neu.png?resize=96%2C96&ssl=1","caption":"Redaktion JazzZeitung"},"description":"Artikel der Redaktion der JazzZeitung.","sameAs":["http:\/\/www.jazzzeitung.de\/cms\/"],"url":"https:\/\/www.jazzzeitung.de\/cms\/author\/redaktion\/"}]}},"wp-worthy-pixel":{"ignored":false,"public":null,"server":null,"url":null},"wp-worthy-type":"normal","jetpack_publicize_connections":[],"cc_featured_image_caption":{"caption_text":false,"source_text":false,"source_url":false},"jetpack_featured_media_url":"","jetpack_shortlink":"https:\/\/wp.me\/p3KEcT-2S0","jetpack-related-posts":[{"id":11284,"url":"https:\/\/www.jazzzeitung.de\/cms\/2016\/12\/weihnachtliches-mit-orientalischer-note\/","url_meta":{"origin":11036,"position":0},"title":"Weihnachtliches mit orientalischer Note von Quadro Nuevo","author":"Redaktion JazzZeitung","date":"12. Dezember 2016","format":false,"excerpt":"Alle Jahre wieder \u2013 breitet sich ein hochansteckendes Virus in der Musikszene aus und infiziert wahllos Musiker aller Couleur. Mehrfach angesteckt wurden bereits die Vier von Quadro Nuevo. \u201eMusic for Christmas nights\u201c ist nach \u201eWeihnacht\u201c und \u201eBethlehem\u201c, das vor drei Jahren erschienen ist, bereits ihr drittes Album mit Musik aus\u2026","rel":"","context":"In &quot;Rezension&quot;","block_context":{"text":"Rezension","link":"https:\/\/www.jazzzeitung.de\/cms\/thema\/rezension\/"},"img":{"alt_text":"quadro-fm-221-cover","src":"https:\/\/i0.wp.com\/www.jazzzeitung.de\/cms\/wp-content\/uploads\/2016\/12\/Quadro-FM-221-Cover-150x150.jpg?resize=350%2C200","width":350,"height":200},"classes":[]},{"id":27083,"url":"https:\/\/www.jazzzeitung.de\/cms\/2022\/04\/klangliche-seiltaenze-voller-zaertlichkeit\/","url_meta":{"origin":11036,"position":1},"title":"Klangliche Seilt\u00e4nze voller Z\u00e4rtlichkeit","author":"Redaktion JazzZeitung","date":"9. April 2022","format":false,"excerpt":"Erst nach mehreren Zugaben durfte das gefeierte Duo mit Jean-Louis Matinier und Kevin Seddiki von der B\u00fchne im Leeren Beutel in Regensburg. Von Michael Scheiner Irgendwann beginnt es im Kopf zu klingeln und Erinnerungen an ein weit entferntes Konzert, \u201eFriday Night in San Francisco\u201c, tauchen bei einigen Akkorden von Kevin\u2026","rel":"","context":"In &quot;Bericht&quot;","block_context":{"text":"Bericht","link":"https:\/\/www.jazzzeitung.de\/cms\/thema\/bericht\/"},"img":{"alt_text":"","src":"https:\/\/i0.wp.com\/www.jazzzeitung.de\/cms\/wp-content\/uploads\/2022\/04\/Seddiki-matinier_45.jpg?fit=1200%2C801&ssl=1&resize=350%2C200","width":350,"height":200,"srcset":"https:\/\/i0.wp.com\/www.jazzzeitung.de\/cms\/wp-content\/uploads\/2022\/04\/Seddiki-matinier_45.jpg?fit=1200%2C801&ssl=1&resize=350%2C200 1x, https:\/\/i0.wp.com\/www.jazzzeitung.de\/cms\/wp-content\/uploads\/2022\/04\/Seddiki-matinier_45.jpg?fit=1200%2C801&ssl=1&resize=525%2C300 1.5x, https:\/\/i0.wp.com\/www.jazzzeitung.de\/cms\/wp-content\/uploads\/2022\/04\/Seddiki-matinier_45.jpg?fit=1200%2C801&ssl=1&resize=700%2C400 2x, https:\/\/i0.wp.com\/www.jazzzeitung.de\/cms\/wp-content\/uploads\/2022\/04\/Seddiki-matinier_45.jpg?fit=1200%2C801&ssl=1&resize=1050%2C600 3x"},"classes":[]},{"id":23008,"url":"https:\/\/www.jazzzeitung.de\/cms\/2020\/07\/rote-rosen-regnen-im-coolen-gypsy-sound\/","url_meta":{"origin":11036,"position":2},"title":"\u201eRote Rosen\u201c regnen im coolen Gypsy-Sound","author":"Michael Scheiner","date":"23. Juli 2020","format":false,"excerpt":"Von Michael Scheiner.\u00a0Traubeli Weiss, der vor einigen Jahren verstorbene, popul\u00e4re Gipsyswing-Gitarrist, war der Onkel von David und Danino Weiss. Von ihm und anderen der weit verzweigten Familie haben die beiden Straubinger Musiker, Cousins, die sich seit ihrer Kindheit als Br\u00fcder verstehen, viel gelernt. Meist durch\u00a0 Abschauen. Er hat sie auch\u2026","rel":"","context":"In &quot;Rezension&quot;","block_context":{"text":"Rezension","link":"https:\/\/www.jazzzeitung.de\/cms\/thema\/rezension\/"},"img":{"alt_text":"","src":"https:\/\/i0.wp.com\/www.jazzzeitung.de\/cms\/wp-content\/uploads\/2020\/07\/daviddanino-weiss_03c_GLM.jpg?fit=1200%2C797&ssl=1&resize=350%2C200","width":350,"height":200,"srcset":"https:\/\/i0.wp.com\/www.jazzzeitung.de\/cms\/wp-content\/uploads\/2020\/07\/daviddanino-weiss_03c_GLM.jpg?fit=1200%2C797&ssl=1&resize=350%2C200 1x, https:\/\/i0.wp.com\/www.jazzzeitung.de\/cms\/wp-content\/uploads\/2020\/07\/daviddanino-weiss_03c_GLM.jpg?fit=1200%2C797&ssl=1&resize=525%2C300 1.5x, https:\/\/i0.wp.com\/www.jazzzeitung.de\/cms\/wp-content\/uploads\/2020\/07\/daviddanino-weiss_03c_GLM.jpg?fit=1200%2C797&ssl=1&resize=700%2C400 2x, https:\/\/i0.wp.com\/www.jazzzeitung.de\/cms\/wp-content\/uploads\/2020\/07\/daviddanino-weiss_03c_GLM.jpg?fit=1200%2C797&ssl=1&resize=1050%2C600 3x"},"classes":[]},{"id":3261,"url":"https:\/\/www.jazzzeitung.de\/cms\/2014\/01\/winterjazz-koeln-2014\/","url_meta":{"origin":11036,"position":3},"title":"Winterjazz in K\u00f6ln 2014 &#8211; Bericht und fotografische Eindr\u00fccke","author":"Huflaikhan","date":"6. Januar 2014","format":false,"excerpt":"Die Fakten sind ja ziemlich schnell erz\u00e4hlt. 21 Gruppen auf insgesamt 5 B\u00fchnen an einem Abend im und um den K\u00f6lner Stadtgarten. Knapp 75 Musiker gaben sich die Ehre. Kostenlos und drinnen, sofern man einen Platz irgendwo ergattern konnte. Stilistisch eher an aktuellen Jazz-Kl\u00e4ngen orientiert, die nicht selten die Sph\u00e4ren\u2026","rel":"","context":"In &quot;Blog&quot;","block_context":{"text":"Blog","link":"https:\/\/www.jazzzeitung.de\/cms\/thema\/blog\/"},"img":{"alt_text":"Winterjazz 2014. K\u00f6ln. Foto: Basche","src":"https:\/\/i0.wp.com\/www.jazzzeitung.de\/cms\/wp-content\/uploads\/2014\/01\/jazzz-winterjazz-2757.jpg?fit=1199%2C800&ssl=1&resize=350%2C200","width":350,"height":200,"srcset":"https:\/\/i0.wp.com\/www.jazzzeitung.de\/cms\/wp-content\/uploads\/2014\/01\/jazzz-winterjazz-2757.jpg?fit=1199%2C800&ssl=1&resize=350%2C200 1x, https:\/\/i0.wp.com\/www.jazzzeitung.de\/cms\/wp-content\/uploads\/2014\/01\/jazzz-winterjazz-2757.jpg?fit=1199%2C800&ssl=1&resize=525%2C300 1.5x, https:\/\/i0.wp.com\/www.jazzzeitung.de\/cms\/wp-content\/uploads\/2014\/01\/jazzz-winterjazz-2757.jpg?fit=1199%2C800&ssl=1&resize=700%2C400 2x, https:\/\/i0.wp.com\/www.jazzzeitung.de\/cms\/wp-content\/uploads\/2014\/01\/jazzz-winterjazz-2757.jpg?fit=1199%2C800&ssl=1&resize=1050%2C600 3x"},"classes":[]},{"id":9390,"url":"https:\/\/www.jazzzeitung.de\/cms\/2016\/05\/freisinger-jazzfest-startet-3-juni\/","url_meta":{"origin":11036,"position":4},"title":"Freisinger Jazzfest startet am 3. Juni","author":"Redaktion JazzZeitung","date":"25. Mai 2016","format":false,"excerpt":"Am Freitag den 3. Juni l\u00e4dt der Freisinger Kulturverein 3klang e.V. im Rahmen seines Geburtstagsfestes zum Freisinger Jazz Fest in das 3klang-Kulturzelt auf dem alten Schulhof St. Georg zwischen Christopher-Paudi\u00df-Platz und der Angerbadergasse ein. Ab 18.30 Uhr\u00a0sind in dieser Jazz Nacht \u201eLive on Stage\u201c Roman\u2019s Elefantentanz, ein Projekt des Freisinger\u2026","rel":"","context":"In &quot;News&quot;","block_context":{"text":"News","link":"https:\/\/www.jazzzeitung.de\/cms\/thema\/nachrichten\/"},"img":{"alt_text":"","src":"https:\/\/i0.wp.com\/www.jazzzeitung.de\/cms\/wp-content\/uploads\/2016\/05\/Dusko-Goykovich.jpg?resize=350%2C200","width":350,"height":200},"classes":[]},{"id":17798,"url":"https:\/\/www.jazzzeitung.de\/cms\/2018\/11\/musikalischer-gang-durch-die-jahreszeiten-neue-cd-von-mic-oechsner\/","url_meta":{"origin":11036,"position":5},"title":"Musikalischer Gang durch die Jahreszeiten &#8211; neue CD von Mic Oechsner","author":"Michael Scheiner","date":"6. November 2018","format":false,"excerpt":"Boschs \u201eGarten der L\u00fcste\u201c darf man bei Mic Oechsners vielseitigem Werk, dem \u00f6ffentlichen (Klang-)Garten \u201eGiardino pubblico\u201c, nicht erwarten. In diesem akustischen Garten des geb\u00fcrtigen M\u00fcnchners mischen sich vielmehr orchestrale Werke mit kammermusikalischen Episoden, fusionartige Kl\u00e4nge mit Modern-Jazz-Kompositionen und groovigem Quartettsound. Die insgesamt 24 St\u00fccke sind entsprechend ihrer Entstehung in einem\u2026","rel":"","context":"In &quot;Rezension&quot;","block_context":{"text":"Rezension","link":"https:\/\/www.jazzzeitung.de\/cms\/thema\/rezension\/"},"img":{"alt_text":"","src":"https:\/\/i0.wp.com\/www.jazzzeitung.de\/cms\/wp-content\/uploads\/2018\/11\/Oechsner-giardino.jpeg?fit=328%2C341&ssl=1&resize=350%2C200","width":350,"height":200},"classes":[]}],"jetpack_sharing_enabled":true,"_links":{"self":[{"href":"https:\/\/www.jazzzeitung.de\/cms\/wp-json\/wp\/v2\/posts\/11036","targetHints":{"allow":["GET"]}}],"collection":[{"href":"https:\/\/www.jazzzeitung.de\/cms\/wp-json\/wp\/v2\/posts"}],"about":[{"href":"https:\/\/www.jazzzeitung.de\/cms\/wp-json\/wp\/v2\/types\/post"}],"author":[{"embeddable":true,"href":"https:\/\/www.jazzzeitung.de\/cms\/wp-json\/wp\/v2\/users\/18"}],"replies":[{"embeddable":true,"href":"https:\/\/www.jazzzeitung.de\/cms\/wp-json\/wp\/v2\/comments?post=11036"}],"version-history":[{"count":7,"href":"https:\/\/www.jazzzeitung.de\/cms\/wp-json\/wp\/v2\/posts\/11036\/revisions"}],"predecessor-version":[{"id":11082,"href":"https:\/\/www.jazzzeitung.de\/cms\/wp-json\/wp\/v2\/posts\/11036\/revisions\/11082"}],"wp:attachment":[{"href":"https:\/\/www.jazzzeitung.de\/cms\/wp-json\/wp\/v2\/media?parent=11036"}],"wp:term":[{"taxonomy":"category","embeddable":true,"href":"https:\/\/www.jazzzeitung.de\/cms\/wp-json\/wp\/v2\/categories?post=11036"},{"taxonomy":"post_tag","embeddable":true,"href":"https:\/\/www.jazzzeitung.de\/cms\/wp-json\/wp\/v2\/tags?post=11036"},{"taxonomy":"author","embeddable":true,"href":"https:\/\/www.jazzzeitung.de\/cms\/wp-json\/wp\/v2\/coauthors?post=11036"}],"curies":[{"name":"wp","href":"https:\/\/api.w.org\/{rel}","templated":true}]}}