{"id":110,"date":"2010-06-01T01:01:50","date_gmt":"2010-05-31T23:01:50","guid":{"rendered":"http:\/\/blogs.nmz.de\/jazz\/?p=110"},"modified":"2015-09-14T16:58:02","modified_gmt":"2015-09-14T14:58:02","slug":"kein-geld-mehr-fuer-jazzbaltica","status":"publish","type":"post","link":"https:\/\/www.jazzzeitung.de\/cms\/2010\/06\/kein-geld-mehr-fuer-jazzbaltica\/","title":{"rendered":"Kein Geld mehr f\u00fcr JazzBaltica"},"content":{"rendered":"<p>Kein guter Monat f\u00fcr die Macher von JazzBaltica. Nach dem Tod des Pianisten Hank Jones, den man in Salzau als langj\u00e4hrigen Wegbegleiter und Freund sch\u00e4tzte, kommen nun schlechte Nachrichten aus der Landespolitik. Schleswig-Holstein ist auf striktem Sparkurs und hat ein Konzept vorgelegt, das bis zum Jahr 2020 neben K\u00fcrzungen beim Schleswig-Holstein Musikfestival auch eine komplette Streichung der F\u00f6rdermittel f\u00fcr das Jazzfestival vorsieht. Die Landesliegenschaft Salzau selbst wird ebenfalls als zu gro\u00dfer Kostenfaktor angesehen (j\u00e4hrlich 1.2 Mio. \u20ac) und soll verkauft werden.<\/p>\n<p>Das Motto des Konzepts &#8222;Schleswig-Holstein ist auf dem Weg. Handlungsspielraum erhalten \u2013 Zukunftschancen erm\u00f6glichen&#8220; d\u00fcrfte in Salzau und bei den anderen betroffenen Kulturtr\u00e4gern in Schleswig-Holstein einen h\u00f6chst bitteren Klang haben. Der Deutsche Kulturrat hat die Pl\u00e4ne in einer <a href=\"http:\/\/www.kulturrat.de\/detail.php?detail=1799&amp;rubrik=2\" target=\"_blank\">Stellungnahme<\/a> verurteilt und fordert einen &#8222;Nothilfefonds Kultur&#8220; von der Bundesregierung.<\/p>\n<p>Inzwischen ist auch eine Resolution und eine <a href=\"http:\/\/www.facebook.com\/group.php?gid=117652721609152\" target=\"_blank\">Facebook-Gruppe zur Rettung von Jazzbaltica<\/a> auf den Weg gebracht, die zu ihren Unterst\u00fctzern neben internationalen Schwergewichten der Musikbranche (u.a. Sting, Pat Metheny, Chick Corea, John Scofield, Till Br\u00f6nner und Nils Landgren) auch den schleswig-holsteinischen Alt-Ministerpr\u00e4sidenten Bj\u00f6rn Engholm z\u00e4hlt.<\/p>\n<p>F\u00fcr den aktuellen Ministerpr\u00e4sidenten Peter Harry Carstensen ist Schleswig-Holstein durch die Vorlage des Konzepts &#8222;das erste Land, das den Weg zur  Konsolidierung seines Haushalts beschreibt&#8220;. Erreicht wird das, so steht es auf der Website der Landesregierung zu lesen, durch &#8222;konsequente Ausgaben- und Aufgabenreduzierung&#8220;. Der Staat kann sich l\u00e4stiger Pflichtaufgaben also offenbar einfach entledigen, wenn es ihm nicht mehr in den Sparkram passt. Wusste ich gar nicht. Wieder was gelernt&#8230;<\/p>\n","protected":false},"excerpt":{"rendered":"<p>Kein guter Monat f\u00fcr die Macher von JazzBaltica. Nach dem Tod des Pianisten Hank Jones, den man in Salzau als langj\u00e4hrigen Wegbegleiter und Freund sch\u00e4tzte, kommen nun schlechte Nachrichten aus der Landespolitik. Schleswig-Holstein ist auf striktem Sparkurs und hat ein Konzept vorgelegt, das bis zum Jahr 2020 neben K\u00fcrzungen beim Schleswig-Holstein Musikfestival auch eine komplette Streichung der F\u00f6rdermittel f\u00fcr das Jazzfestival vorsieht. Die Landesliegenschaft Salzau selbst wird ebenfalls als zu gro\u00dfer Kostenfaktor angesehen (j\u00e4hrlich 1.2 Mio. \u20ac) und soll verkauft werden. Das Motto des Konzepts &#8222;Schleswig-Holstein ist auf dem Weg. Handlungsspielraum erhalten \u2013 Zukunftschancen erm\u00f6glichen&#8220; d\u00fcrfte in Salzau und bei den anderen betroffenen Kulturtr\u00e4gern in Schleswig-Holstein einen h\u00f6chst bitteren Klang haben. Der Deutsche Kulturrat hat die Pl\u00e4ne in einer Stellungnahme verurteilt und fordert einen &#8222;Nothilfefonds Kultur&#8220; von der Bundesregierung. Inzwischen ist auch eine Resolution und eine Facebook-Gruppe zur Rettung von Jazzbaltica auf den Weg gebracht, die zu ihren Unterst\u00fctzern neben internationalen Schwergewichten der Musikbranche (u.a. Sting, Pat Metheny, Chick Corea, John Scofield, Till Br\u00f6nner und Nils Landgren) auch den schleswig-holsteinischen Alt-Ministerpr\u00e4sidenten Bj\u00f6rn Engholm z\u00e4hlt. F\u00fcr den aktuellen Ministerpr\u00e4sidenten Peter Harry Carstensen ist Schleswig-Holstein durch die &hellip;<\/p>\n","protected":false},"author":4,"featured_media":0,"comment_status":"open","ping_status":"open","sticky":false,"template":"","format":"standard","meta":{"_jetpack_memberships_contains_paid_content":false,"footnotes":"","jetpack_publicize_message":"","jetpack_publicize_feature_enabled":true,"jetpack_social_post_already_shared":false,"jetpack_social_options":{"image_generator_settings":{"template":"highway","default_image_id":0,"font":"","enabled":false},"version":2}},"categories":[82],"tags":[103,134,171,180,270,918,758,327,332,417,422,385,484,490,1133,507,522,549,862],"coauthors":[689],"class_list":["post-110","post","type-post","status-publish","format-standard","hentry","category-blog","tag-bundesregierung","tag-deutscher-kulturrat","tag-facebook","tag-foerdermittel","tag-jazzbaltica","tag-jazzfestival","tag-john-scofield","tag-kultur","tag-kulturpolitik","tag-nils-landgren","tag-nothilfefonds-kultur","tag-metheny","tag-salzau","tag-schleswig-holstein","tag-scofield","tag-sparkonzept","tag-sting","tag-till-broenner","tag-tod"],"yoast_head":"<!-- This site is optimized with the Yoast SEO plugin v27.5 - https:\/\/yoast.com\/product\/yoast-seo-wordpress\/ -->\n<title>Kein Geld mehr f\u00fcr JazzBaltica - JazzZeitung<\/title>\n<meta name=\"robots\" content=\"index, follow, max-snippet:-1, max-image-preview:large, max-video-preview:-1\" \/>\n<link rel=\"canonical\" href=\"https:\/\/www.jazzzeitung.de\/cms\/2010\/06\/kein-geld-mehr-fuer-jazzbaltica\/\" \/>\n<meta property=\"og:locale\" content=\"de_DE\" \/>\n<meta property=\"og:type\" content=\"article\" \/>\n<meta property=\"og:title\" content=\"Kein Geld mehr f\u00fcr JazzBaltica - JazzZeitung\" \/>\n<meta property=\"og:description\" content=\"Kein guter Monat f\u00fcr die Macher von JazzBaltica. Nach dem Tod des Pianisten Hank Jones, den man in Salzau als langj\u00e4hrigen Wegbegleiter und Freund sch\u00e4tzte, kommen nun schlechte Nachrichten aus der Landespolitik. Schleswig-Holstein ist auf striktem Sparkurs und hat ein Konzept vorgelegt, das bis zum Jahr 2020 neben K\u00fcrzungen beim Schleswig-Holstein Musikfestival auch eine komplette Streichung der F\u00f6rdermittel f\u00fcr das Jazzfestival vorsieht. Die Landesliegenschaft Salzau selbst wird ebenfalls als zu gro\u00dfer Kostenfaktor angesehen (j\u00e4hrlich 1.2 Mio. \u20ac) und soll verkauft werden. Das Motto des Konzepts &#8222;Schleswig-Holstein ist auf dem Weg. Handlungsspielraum erhalten \u2013 Zukunftschancen erm\u00f6glichen&#8220; d\u00fcrfte in Salzau und bei den anderen betroffenen Kulturtr\u00e4gern in Schleswig-Holstein einen h\u00f6chst bitteren Klang haben. Der Deutsche Kulturrat hat die Pl\u00e4ne in einer Stellungnahme verurteilt und fordert einen &#8222;Nothilfefonds Kultur&#8220; von der Bundesregierung. Inzwischen ist auch eine Resolution und eine Facebook-Gruppe zur Rettung von Jazzbaltica auf den Weg gebracht, die zu ihren Unterst\u00fctzern neben internationalen Schwergewichten der Musikbranche (u.a. Sting, Pat Metheny, Chick Corea, John Scofield, Till Br\u00f6nner und Nils Landgren) auch den schleswig-holsteinischen Alt-Ministerpr\u00e4sidenten Bj\u00f6rn Engholm z\u00e4hlt. F\u00fcr den aktuellen Ministerpr\u00e4sidenten Peter Harry Carstensen ist Schleswig-Holstein durch die &hellip;\" \/>\n<meta property=\"og:url\" content=\"https:\/\/www.jazzzeitung.de\/cms\/2010\/06\/kein-geld-mehr-fuer-jazzbaltica\/\" \/>\n<meta property=\"og:site_name\" content=\"JazzZeitung\" \/>\n<meta property=\"article:publisher\" content=\"https:\/\/www.facebook.com\/JazzZeitung\/\" \/>\n<meta property=\"article:published_time\" content=\"2010-05-31T23:01:50+00:00\" \/>\n<meta property=\"article:modified_time\" content=\"2015-09-14T14:58:02+00:00\" \/>\n<meta property=\"og:image\" content=\"https:\/\/i0.wp.com\/www.jazzzeitung.de\/cms\/wp-content\/uploads\/2012\/01\/ipad-logo-200.png?fit=200%2C200&ssl=1\" \/>\n\t<meta property=\"og:image:width\" content=\"200\" \/>\n\t<meta property=\"og:image:height\" content=\"200\" \/>\n\t<meta property=\"og:image:type\" content=\"image\/png\" \/>\n<meta name=\"author\" content=\"J\u00f6rg Lichtinger\" \/>\n<script type=\"application\/ld+json\" class=\"yoast-schema-graph\">{\"@context\":\"https:\\\/\\\/schema.org\",\"@graph\":[{\"@type\":\"Article\",\"@id\":\"https:\\\/\\\/www.jazzzeitung.de\\\/cms\\\/2010\\\/06\\\/kein-geld-mehr-fuer-jazzbaltica\\\/#article\",\"isPartOf\":{\"@id\":\"https:\\\/\\\/www.jazzzeitung.de\\\/cms\\\/2010\\\/06\\\/kein-geld-mehr-fuer-jazzbaltica\\\/\"},\"author\":{\"name\":\"J\u00f6rg Lichtinger\",\"@id\":\"https:\\\/\\\/www.jazzzeitung.de\\\/cms\\\/#\\\/schema\\\/person\\\/4c5aaf486bdcd85db94b9a8b9e026bad\"},\"headline\":\"Kein Geld mehr f\u00fcr JazzBaltica\",\"datePublished\":\"2010-05-31T23:01:50+00:00\",\"dateModified\":\"2015-09-14T14:58:02+00:00\",\"mainEntityOfPage\":{\"@id\":\"https:\\\/\\\/www.jazzzeitung.de\\\/cms\\\/2010\\\/06\\\/kein-geld-mehr-fuer-jazzbaltica\\\/\"},\"wordCount\":267,\"commentCount\":1,\"publisher\":{\"@id\":\"https:\\\/\\\/www.jazzzeitung.de\\\/cms\\\/#organization\"},\"keywords\":[\"Bundesregierung\",\"Deutscher Kulturrat\",\"facebook\",\"f\u00f6rdermittel\",\"JazzBaltica\",\"Jazzfestival\",\"John Scofield\",\"Kultur\",\"Kulturpolitik\",\"Nils Landgren\",\"Nothilfefonds Kultur\",\"Pat Metheny\",\"Salzau\",\"Schleswig-Holstein\",\"Scofield\",\"Sparkonzept\",\"Sting\",\"Till Br\u00f6nner\",\"Tod\"],\"articleSection\":[\"Blog\"],\"inLanguage\":\"de\",\"potentialAction\":[{\"@type\":\"CommentAction\",\"name\":\"Comment\",\"target\":[\"https:\\\/\\\/www.jazzzeitung.de\\\/cms\\\/2010\\\/06\\\/kein-geld-mehr-fuer-jazzbaltica\\\/#respond\"]}]},{\"@type\":\"WebPage\",\"@id\":\"https:\\\/\\\/www.jazzzeitung.de\\\/cms\\\/2010\\\/06\\\/kein-geld-mehr-fuer-jazzbaltica\\\/\",\"url\":\"https:\\\/\\\/www.jazzzeitung.de\\\/cms\\\/2010\\\/06\\\/kein-geld-mehr-fuer-jazzbaltica\\\/\",\"name\":\"Kein Geld mehr f\u00fcr JazzBaltica - JazzZeitung\",\"isPartOf\":{\"@id\":\"https:\\\/\\\/www.jazzzeitung.de\\\/cms\\\/#website\"},\"datePublished\":\"2010-05-31T23:01:50+00:00\",\"dateModified\":\"2015-09-14T14:58:02+00:00\",\"breadcrumb\":{\"@id\":\"https:\\\/\\\/www.jazzzeitung.de\\\/cms\\\/2010\\\/06\\\/kein-geld-mehr-fuer-jazzbaltica\\\/#breadcrumb\"},\"inLanguage\":\"de\",\"potentialAction\":[{\"@type\":\"ReadAction\",\"target\":[\"https:\\\/\\\/www.jazzzeitung.de\\\/cms\\\/2010\\\/06\\\/kein-geld-mehr-fuer-jazzbaltica\\\/\"]}]},{\"@type\":\"BreadcrumbList\",\"@id\":\"https:\\\/\\\/www.jazzzeitung.de\\\/cms\\\/2010\\\/06\\\/kein-geld-mehr-fuer-jazzbaltica\\\/#breadcrumb\",\"itemListElement\":[{\"@type\":\"ListItem\",\"position\":1,\"name\":\"Startseite\",\"item\":\"https:\\\/\\\/www.jazzzeitung.de\\\/cms\\\/\"},{\"@type\":\"ListItem\",\"position\":2,\"name\":\"Kein Geld mehr f\u00fcr JazzBaltica\"}]},{\"@type\":\"WebSite\",\"@id\":\"https:\\\/\\\/www.jazzzeitung.de\\\/cms\\\/#website\",\"url\":\"https:\\\/\\\/www.jazzzeitung.de\\\/cms\\\/\",\"name\":\"JazzZeitung\",\"description\":\"Jazz-News und Jazz-Kontroverses\",\"publisher\":{\"@id\":\"https:\\\/\\\/www.jazzzeitung.de\\\/cms\\\/#organization\"},\"potentialAction\":[{\"@type\":\"SearchAction\",\"target\":{\"@type\":\"EntryPoint\",\"urlTemplate\":\"https:\\\/\\\/www.jazzzeitung.de\\\/cms\\\/?s={search_term_string}\"},\"query-input\":{\"@type\":\"PropertyValueSpecification\",\"valueRequired\":true,\"valueName\":\"search_term_string\"}}],\"inLanguage\":\"de\"},{\"@type\":\"Organization\",\"@id\":\"https:\\\/\\\/www.jazzzeitung.de\\\/cms\\\/#organization\",\"name\":\"JazzZeitung online\",\"url\":\"https:\\\/\\\/www.jazzzeitung.de\\\/cms\\\/\",\"logo\":{\"@type\":\"ImageObject\",\"inLanguage\":\"de\",\"@id\":\"https:\\\/\\\/www.jazzzeitung.de\\\/cms\\\/#\\\/schema\\\/logo\\\/image\\\/\",\"url\":\"https:\\\/\\\/i0.wp.com\\\/www.jazzzeitung.de\\\/cms\\\/wp-content\\\/uploads\\\/2015\\\/08\\\/JAZZZEITUNGDE_Logo_Neu.png?fit=499%2C200&ssl=1\",\"contentUrl\":\"https:\\\/\\\/i0.wp.com\\\/www.jazzzeitung.de\\\/cms\\\/wp-content\\\/uploads\\\/2015\\\/08\\\/JAZZZEITUNGDE_Logo_Neu.png?fit=499%2C200&ssl=1\",\"width\":499,\"height\":200,\"caption\":\"JazzZeitung online\"},\"image\":{\"@id\":\"https:\\\/\\\/www.jazzzeitung.de\\\/cms\\\/#\\\/schema\\\/logo\\\/image\\\/\"},\"sameAs\":[\"https:\\\/\\\/www.facebook.com\\\/JazzZeitung\\\/\"]},{\"@type\":\"Person\",\"@id\":\"https:\\\/\\\/www.jazzzeitung.de\\\/cms\\\/#\\\/schema\\\/person\\\/4c5aaf486bdcd85db94b9a8b9e026bad\",\"name\":\"J\u00f6rg Lichtinger\",\"image\":{\"@type\":\"ImageObject\",\"inLanguage\":\"de\",\"@id\":\"https:\\\/\\\/secure.gravatar.com\\\/avatar\\\/8d1d484eb77cf370a1620f9866681cdba540c9b8439ce96ea0c830dd3b59936c?s=96&d=wp_user_avatar&r=ge66dff7680db2349fb79ae0cb2d734e3\",\"url\":\"https:\\\/\\\/secure.gravatar.com\\\/avatar\\\/8d1d484eb77cf370a1620f9866681cdba540c9b8439ce96ea0c830dd3b59936c?s=96&d=wp_user_avatar&r=g\",\"contentUrl\":\"https:\\\/\\\/secure.gravatar.com\\\/avatar\\\/8d1d484eb77cf370a1620f9866681cdba540c9b8439ce96ea0c830dd3b59936c?s=96&d=wp_user_avatar&r=g\",\"caption\":\"J\u00f6rg Lichtinger\"},\"url\":\"https:\\\/\\\/www.jazzzeitung.de\\\/cms\\\/author\\\/lichtinger\\\/\"}]}<\/script>\n<!-- \/ Yoast SEO plugin. -->","yoast_head_json":{"title":"Kein Geld mehr f\u00fcr JazzBaltica - JazzZeitung","robots":{"index":"index","follow":"follow","max-snippet":"max-snippet:-1","max-image-preview":"max-image-preview:large","max-video-preview":"max-video-preview:-1"},"canonical":"https:\/\/www.jazzzeitung.de\/cms\/2010\/06\/kein-geld-mehr-fuer-jazzbaltica\/","og_locale":"de_DE","og_type":"article","og_title":"Kein Geld mehr f\u00fcr JazzBaltica - JazzZeitung","og_description":"Kein guter Monat f\u00fcr die Macher von JazzBaltica. Nach dem Tod des Pianisten Hank Jones, den man in Salzau als langj\u00e4hrigen Wegbegleiter und Freund sch\u00e4tzte, kommen nun schlechte Nachrichten aus der Landespolitik. Schleswig-Holstein ist auf striktem Sparkurs und hat ein Konzept vorgelegt, das bis zum Jahr 2020 neben K\u00fcrzungen beim Schleswig-Holstein Musikfestival auch eine komplette Streichung der F\u00f6rdermittel f\u00fcr das Jazzfestival vorsieht. Die Landesliegenschaft Salzau selbst wird ebenfalls als zu gro\u00dfer Kostenfaktor angesehen (j\u00e4hrlich 1.2 Mio. \u20ac) und soll verkauft werden. Das Motto des Konzepts &#8222;Schleswig-Holstein ist auf dem Weg. Handlungsspielraum erhalten \u2013 Zukunftschancen erm\u00f6glichen&#8220; d\u00fcrfte in Salzau und bei den anderen betroffenen Kulturtr\u00e4gern in Schleswig-Holstein einen h\u00f6chst bitteren Klang haben. Der Deutsche Kulturrat hat die Pl\u00e4ne in einer Stellungnahme verurteilt und fordert einen &#8222;Nothilfefonds Kultur&#8220; von der Bundesregierung. Inzwischen ist auch eine Resolution und eine Facebook-Gruppe zur Rettung von Jazzbaltica auf den Weg gebracht, die zu ihren Unterst\u00fctzern neben internationalen Schwergewichten der Musikbranche (u.a. Sting, Pat Metheny, Chick Corea, John Scofield, Till Br\u00f6nner und Nils Landgren) auch den schleswig-holsteinischen Alt-Ministerpr\u00e4sidenten Bj\u00f6rn Engholm z\u00e4hlt. F\u00fcr den aktuellen Ministerpr\u00e4sidenten Peter Harry Carstensen ist Schleswig-Holstein durch die &hellip;","og_url":"https:\/\/www.jazzzeitung.de\/cms\/2010\/06\/kein-geld-mehr-fuer-jazzbaltica\/","og_site_name":"JazzZeitung","article_publisher":"https:\/\/www.facebook.com\/JazzZeitung\/","article_published_time":"2010-05-31T23:01:50+00:00","article_modified_time":"2015-09-14T14:58:02+00:00","og_image":[{"width":200,"height":200,"url":"https:\/\/i0.wp.com\/www.jazzzeitung.de\/cms\/wp-content\/uploads\/2012\/01\/ipad-logo-200.png?fit=200%2C200&ssl=1","type":"image\/png"}],"author":"J\u00f6rg Lichtinger","schema":{"@context":"https:\/\/schema.org","@graph":[{"@type":"Article","@id":"https:\/\/www.jazzzeitung.de\/cms\/2010\/06\/kein-geld-mehr-fuer-jazzbaltica\/#article","isPartOf":{"@id":"https:\/\/www.jazzzeitung.de\/cms\/2010\/06\/kein-geld-mehr-fuer-jazzbaltica\/"},"author":{"name":"J\u00f6rg Lichtinger","@id":"https:\/\/www.jazzzeitung.de\/cms\/#\/schema\/person\/4c5aaf486bdcd85db94b9a8b9e026bad"},"headline":"Kein Geld mehr f\u00fcr JazzBaltica","datePublished":"2010-05-31T23:01:50+00:00","dateModified":"2015-09-14T14:58:02+00:00","mainEntityOfPage":{"@id":"https:\/\/www.jazzzeitung.de\/cms\/2010\/06\/kein-geld-mehr-fuer-jazzbaltica\/"},"wordCount":267,"commentCount":1,"publisher":{"@id":"https:\/\/www.jazzzeitung.de\/cms\/#organization"},"keywords":["Bundesregierung","Deutscher Kulturrat","facebook","f\u00f6rdermittel","JazzBaltica","Jazzfestival","John Scofield","Kultur","Kulturpolitik","Nils Landgren","Nothilfefonds Kultur","Pat Metheny","Salzau","Schleswig-Holstein","Scofield","Sparkonzept","Sting","Till Br\u00f6nner","Tod"],"articleSection":["Blog"],"inLanguage":"de","potentialAction":[{"@type":"CommentAction","name":"Comment","target":["https:\/\/www.jazzzeitung.de\/cms\/2010\/06\/kein-geld-mehr-fuer-jazzbaltica\/#respond"]}]},{"@type":"WebPage","@id":"https:\/\/www.jazzzeitung.de\/cms\/2010\/06\/kein-geld-mehr-fuer-jazzbaltica\/","url":"https:\/\/www.jazzzeitung.de\/cms\/2010\/06\/kein-geld-mehr-fuer-jazzbaltica\/","name":"Kein Geld mehr f\u00fcr JazzBaltica - JazzZeitung","isPartOf":{"@id":"https:\/\/www.jazzzeitung.de\/cms\/#website"},"datePublished":"2010-05-31T23:01:50+00:00","dateModified":"2015-09-14T14:58:02+00:00","breadcrumb":{"@id":"https:\/\/www.jazzzeitung.de\/cms\/2010\/06\/kein-geld-mehr-fuer-jazzbaltica\/#breadcrumb"},"inLanguage":"de","potentialAction":[{"@type":"ReadAction","target":["https:\/\/www.jazzzeitung.de\/cms\/2010\/06\/kein-geld-mehr-fuer-jazzbaltica\/"]}]},{"@type":"BreadcrumbList","@id":"https:\/\/www.jazzzeitung.de\/cms\/2010\/06\/kein-geld-mehr-fuer-jazzbaltica\/#breadcrumb","itemListElement":[{"@type":"ListItem","position":1,"name":"Startseite","item":"https:\/\/www.jazzzeitung.de\/cms\/"},{"@type":"ListItem","position":2,"name":"Kein Geld mehr f\u00fcr JazzBaltica"}]},{"@type":"WebSite","@id":"https:\/\/www.jazzzeitung.de\/cms\/#website","url":"https:\/\/www.jazzzeitung.de\/cms\/","name":"JazzZeitung","description":"Jazz-News und Jazz-Kontroverses","publisher":{"@id":"https:\/\/www.jazzzeitung.de\/cms\/#organization"},"potentialAction":[{"@type":"SearchAction","target":{"@type":"EntryPoint","urlTemplate":"https:\/\/www.jazzzeitung.de\/cms\/?s={search_term_string}"},"query-input":{"@type":"PropertyValueSpecification","valueRequired":true,"valueName":"search_term_string"}}],"inLanguage":"de"},{"@type":"Organization","@id":"https:\/\/www.jazzzeitung.de\/cms\/#organization","name":"JazzZeitung online","url":"https:\/\/www.jazzzeitung.de\/cms\/","logo":{"@type":"ImageObject","inLanguage":"de","@id":"https:\/\/www.jazzzeitung.de\/cms\/#\/schema\/logo\/image\/","url":"https:\/\/i0.wp.com\/www.jazzzeitung.de\/cms\/wp-content\/uploads\/2015\/08\/JAZZZEITUNGDE_Logo_Neu.png?fit=499%2C200&ssl=1","contentUrl":"https:\/\/i0.wp.com\/www.jazzzeitung.de\/cms\/wp-content\/uploads\/2015\/08\/JAZZZEITUNGDE_Logo_Neu.png?fit=499%2C200&ssl=1","width":499,"height":200,"caption":"JazzZeitung online"},"image":{"@id":"https:\/\/www.jazzzeitung.de\/cms\/#\/schema\/logo\/image\/"},"sameAs":["https:\/\/www.facebook.com\/JazzZeitung\/"]},{"@type":"Person","@id":"https:\/\/www.jazzzeitung.de\/cms\/#\/schema\/person\/4c5aaf486bdcd85db94b9a8b9e026bad","name":"J\u00f6rg Lichtinger","image":{"@type":"ImageObject","inLanguage":"de","@id":"https:\/\/secure.gravatar.com\/avatar\/8d1d484eb77cf370a1620f9866681cdba540c9b8439ce96ea0c830dd3b59936c?s=96&d=wp_user_avatar&r=ge66dff7680db2349fb79ae0cb2d734e3","url":"https:\/\/secure.gravatar.com\/avatar\/8d1d484eb77cf370a1620f9866681cdba540c9b8439ce96ea0c830dd3b59936c?s=96&d=wp_user_avatar&r=g","contentUrl":"https:\/\/secure.gravatar.com\/avatar\/8d1d484eb77cf370a1620f9866681cdba540c9b8439ce96ea0c830dd3b59936c?s=96&d=wp_user_avatar&r=g","caption":"J\u00f6rg Lichtinger"},"url":"https:\/\/www.jazzzeitung.de\/cms\/author\/lichtinger\/"}]}},"wp-worthy-pixel":{"ignored":false,"public":null,"server":null,"url":null},"wp-worthy-type":"normal","jetpack_publicize_connections":[],"cc_featured_image_caption":{"caption_text":false,"source_text":false,"source_url":false},"jetpack_featured_media_url":"","jetpack_shortlink":"https:\/\/wp.me\/p3KEcT-1M","jetpack-related-posts":[{"id":440,"url":"https:\/\/www.jazzzeitung.de\/cms\/2010\/09\/jazzbaltica-petition-wird-eingereicht\/","url_meta":{"origin":110,"position":0},"title":"JazzBaltica-Petition wird eingereicht","author":"J\u00f6rg Lichtinger","date":"20. September 2010","format":false,"excerpt":"Der Kampf um die Erhaltung von JazzBaltica geht weiter. Heute werden die gesammelten Unterschriften der Petition zur Rettung von JazzBaltica in Salzau an den schleswig-holsteinischen Minister f\u00fcr Bildung und Kultur Dr. Ekkehard Klug (FDP) \u00fcbergeben. Dies geschieht zwar nicht \u00f6ffentlich, aber \u00fcber die Facebook-Gruppe Save JazzBaltica! von Paul Schreier haben\u2026","rel":"","context":"In &quot;Blog&quot;","block_context":{"text":"Blog","link":"https:\/\/www.jazzzeitung.de\/cms\/thema\/blog\/"},"img":{"alt_text":"","src":"","width":0,"height":0},"classes":[]},{"id":129,"url":"https:\/\/www.jazzzeitung.de\/cms\/2010\/06\/nothilfefonds-kultur-rettung-fuer-jazzbaltica\/","url_meta":{"origin":110,"position":1},"title":"Nothilfefonds Kultur &#8211; Rettung f\u00fcr JazzBaltica?","author":"J\u00f6rg Lichtinger","date":"3. Juni 2010","format":false,"excerpt":"Der Deutsche Kulturrat, der Dachverband der Bundeskulturverb\u00e4nde, hat erneut einen Nothilfefonds f\u00fcr Kultureinrichtungen gefordert. Erst k\u00fcrzlich hatte Schleswig-Holstein ein Sparkonzept zur Konsolidierung seines Haushaltes vorsgestellt, das Streichungen unter anderem beim Schleswig-Holstein Musik Festival und beim Festival JazzBaltica vorsieht. Letzteres w\u00fcrde eine Einstellung der F\u00f6rderung auf Dauer kaum \u00fcberleben. Der Gesch\u00e4ftsf\u00fchrer\u2026","rel":"","context":"In &quot;Blog&quot;","block_context":{"text":"Blog","link":"https:\/\/www.jazzzeitung.de\/cms\/thema\/blog\/"},"img":{"alt_text":"","src":"","width":0,"height":0},"classes":[]},{"id":9534,"url":"https:\/\/www.jazzzeitung.de\/cms\/2016\/06\/hohe-auszeichnungen-fuer-nils-landgren-und-adam-baldych\/","url_meta":{"origin":110,"position":2},"title":"Hohe Auszeichnungen f\u00fcr Nils Landgren und Adam Ba\u0142dych","author":"Redaktion JazzZeitung","date":"20. Juni 2016","format":false,"excerpt":"Ende vergangener Woche wurde bekannt gegeben, dass der Posaunist und S\u00e4nger Nils Landgren den Kunstpreis 2016 des Landes Schleswig-Holstein erh\u00e4lt. A, 10. Juni wurde auch der Geiger Adam Ba\u0142dych\u00a0prominent, und gleich doppelt, ausgezeichnet: mit dem goldenen Verdienstkreuz und dem Verdienstorden f\u00fcr Kultur seines Heimatlandes Polen. (ACT News) Der Kunstpreis Schleswig-Holstein\u2026","rel":"","context":"In &quot;News&quot;","block_context":{"text":"News","link":"https:\/\/www.jazzzeitung.de\/cms\/thema\/nachrichten\/"},"img":{"alt_text":"Nils Landgren","src":"https:\/\/i0.wp.com\/www.jazzzeitung.de\/cms\/wp-content\/uploads\/2016\/06\/Landgren_by_StevenHaberland-150x150.jpg?resize=350%2C200","width":350,"height":200},"classes":[]},{"id":9338,"url":"https:\/\/www.jazzzeitung.de\/cms\/2016\/05\/ib-sh-jazzaward-2016-geht-im-rahmen-des-schleswig-holstein-musik-festivals-lisa-rebecca-wulff\/","url_meta":{"origin":110,"position":3},"title":"Bassistin Lisa-Rebecca Wulff erh\u00e4lt den IB.SH-JazzAward 2016 im Rahmen des Schleswig-Holstein Musik Festivals","author":"Redaktion JazzZeitung","date":"19. Mai 2016","format":false,"excerpt":"Preistr\u00e4gerin des IB.SH-JazzAwards 2016 ist die Bassistin, Komponistin und S\u00e4ngerin Lisa-Rebecca Wulff. Der von der Investitionsbank Schleswig-Holstein gestiftete Geldpreis in H\u00f6he von 3.000 Euro wird im Rahmen von JazzBaltica 2016 verliehen. Seit 2008 wird der IB.SH-Jazz-Award als Auszeichnung an junge, aufstrebende Jazzmusiker vergeben. Nachdem in den vergangenen Jahren die Preise\u2026","rel":"","context":"In &quot;News&quot;","block_context":{"text":"News","link":"https:\/\/www.jazzzeitung.de\/cms\/thema\/nachrichten\/"},"img":{"alt_text":"","src":"https:\/\/i0.wp.com\/www.jazzzeitung.de\/cms\/wp-content\/uploads\/2016\/05\/lisa_wulff_l.wulff_-150x150.jpg?resize=350%2C200","width":350,"height":200},"classes":[]},{"id":12408,"url":"https:\/\/www.jazzzeitung.de\/cms\/2017\/05\/ib-sh-jazzaward-2017-an-anna-lena-schnabel\/","url_meta":{"origin":110,"position":4},"title":"IB.SH-JazzAward 2017 an Anna-Lena Schnabel","author":"Redaktion JazzZeitung","date":"15. Mai 2017","format":false,"excerpt":"Preistr\u00e4gerin des diesj\u00e4hrigen IB.SH-JazzAward ist die Altsaxophonistin, Fl\u00f6tistin und Komponistin Anna-Lena Schnabel. Der von der Investitionsbank Schleswig-Holstein (IB.SH) gestiftete Geldpreis in H\u00f6he von 3.000 Euro wird im Rahmen von JazzBaltica 2017 verliehen. Seit 2008 wird der IB.SH-JazzAward als Auszeichnung an junge, aufstrebende Jazzmusiker vergeben. Die Verleihung des mit 3.000 Euro\u2026","rel":"","context":"In &quot;News&quot;","block_context":{"text":"News","link":"https:\/\/www.jazzzeitung.de\/cms\/thema\/nachrichten\/"},"img":{"alt_text":"","src":"https:\/\/i0.wp.com\/www.jazzzeitung.de\/cms\/wp-content\/uploads\/2017\/05\/Anna-Lena-Schnabel_Foto-Haberland-1-150x150.jpg?resize=350%2C200&ssl=1","width":350,"height":200},"classes":[]},{"id":577,"url":"https:\/\/www.jazzzeitung.de\/cms\/2010\/11\/jazztage-dresden-senden-s-o-s\/","url_meta":{"origin":110,"position":5},"title":"Jazztage Dresden senden S.O.S","author":"J\u00f6rg Lichtinger","date":"19. November 2010","format":false,"excerpt":"Bitter f\u00fcr die chronisch defizit\u00e4r arbeitendenden Jazztage Dresden: Bei der k\u00fcrzlich zu Ende gegangenen Ausgabe 2010 hat das Festival mit rund 13.000 Besuchern einen Rekord aufgestellt, obwohl man aus Geldmangel sowohl das Werbebudget um 75 % k\u00fcrzen, als auch die Dauer des Festivals um f\u00fcnf Tage reduzieren musste. Trotzdem steht\u2026","rel":"","context":"In &quot;Blog&quot;","block_context":{"text":"Blog","link":"https:\/\/www.jazzzeitung.de\/cms\/thema\/blog\/"},"img":{"alt_text":"logo","src":"https:\/\/i0.wp.com\/www.jazzzeitung.de\/cms\/wp-content\/uploads\/2010\/11\/logo.png?resize=350%2C200","width":350,"height":200},"classes":[]}],"jetpack_sharing_enabled":true,"_links":{"self":[{"href":"https:\/\/www.jazzzeitung.de\/cms\/wp-json\/wp\/v2\/posts\/110","targetHints":{"allow":["GET"]}}],"collection":[{"href":"https:\/\/www.jazzzeitung.de\/cms\/wp-json\/wp\/v2\/posts"}],"about":[{"href":"https:\/\/www.jazzzeitung.de\/cms\/wp-json\/wp\/v2\/types\/post"}],"author":[{"embeddable":true,"href":"https:\/\/www.jazzzeitung.de\/cms\/wp-json\/wp\/v2\/users\/4"}],"replies":[{"embeddable":true,"href":"https:\/\/www.jazzzeitung.de\/cms\/wp-json\/wp\/v2\/comments?post=110"}],"version-history":[{"count":1,"href":"https:\/\/www.jazzzeitung.de\/cms\/wp-json\/wp\/v2\/posts\/110\/revisions"}],"predecessor-version":[{"id":7066,"href":"https:\/\/www.jazzzeitung.de\/cms\/wp-json\/wp\/v2\/posts\/110\/revisions\/7066"}],"wp:attachment":[{"href":"https:\/\/www.jazzzeitung.de\/cms\/wp-json\/wp\/v2\/media?parent=110"}],"wp:term":[{"taxonomy":"category","embeddable":true,"href":"https:\/\/www.jazzzeitung.de\/cms\/wp-json\/wp\/v2\/categories?post=110"},{"taxonomy":"post_tag","embeddable":true,"href":"https:\/\/www.jazzzeitung.de\/cms\/wp-json\/wp\/v2\/tags?post=110"},{"taxonomy":"author","embeddable":true,"href":"https:\/\/www.jazzzeitung.de\/cms\/wp-json\/wp\/v2\/coauthors?post=110"}],"curies":[{"name":"wp","href":"https:\/\/api.w.org\/{rel}","templated":true}]}}