{"id":109,"date":"2010-05-26T14:15:12","date_gmt":"2010-05-26T12:15:12","guid":{"rendered":"http:\/\/blogs.nmz.de\/jazz\/2010\/05\/26\/german-jazz-meeting-2010-im-netz\/"},"modified":"2010-05-26T14:15:12","modified_gmt":"2010-05-26T12:15:12","slug":"german-jazz-meeting-2010-im-netz","status":"publish","type":"post","link":"https:\/\/www.jazzzeitung.de\/cms\/2010\/05\/german-jazz-meeting-2010-im-netz\/","title":{"rendered":"German Jazz Meeting 2010 im Netz"},"content":{"rendered":"<p>&#8230;das nenn ich mal das Gegenteil von &#8222;Unterhaltungsmusik&#8220;. Sorry, dass ich schon wieder davon anfange. Viel Spa\u00df beim H\u00f6ren und Sehen.<br \/>\nhttp:\/\/www.youtube.com\/user\/jazzaheadtradefair<\/p>\n","protected":false},"excerpt":{"rendered":"<p>&#8230;das nenn ich mal das Gegenteil von &#8222;Unterhaltungsmusik&#8220;. Sorry, dass ich schon wieder davon anfange. Viel Spa\u00df beim H\u00f6ren und Sehen. http:\/\/www.youtube.com\/user\/jazzaheadtradefair<\/p>\n","protected":false},"author":6,"featured_media":0,"comment_status":"open","ping_status":"open","sticky":false,"template":"","format":"standard","meta":{"_jetpack_memberships_contains_paid_content":false,"footnotes":"","jetpack_publicize_message":"","jetpack_publicize_feature_enabled":true,"jetpack_social_post_already_shared":false,"jetpack_social_options":{"image_generator_settings":{"template":"highway","default_image_id":0,"font":"","enabled":false},"version":2}},"categories":[82],"tags":[196],"coauthors":[],"class_list":["post-109","post","type-post","status-publish","format-standard","hentry","category-blog","tag-german-jazz-meeting"],"yoast_head":"<!-- This site is optimized with the Yoast SEO plugin v27.5 - https:\/\/yoast.com\/product\/yoast-seo-wordpress\/ -->\n<title>German Jazz Meeting 2010 im Netz - JazzZeitung<\/title>\n<meta name=\"robots\" content=\"index, follow, max-snippet:-1, max-image-preview:large, max-video-preview:-1\" \/>\n<link rel=\"canonical\" href=\"https:\/\/www.jazzzeitung.de\/cms\/2010\/05\/german-jazz-meeting-2010-im-netz\/\" \/>\n<meta property=\"og:locale\" content=\"de_DE\" \/>\n<meta property=\"og:type\" content=\"article\" \/>\n<meta property=\"og:title\" content=\"German Jazz Meeting 2010 im Netz - JazzZeitung\" \/>\n<meta property=\"og:description\" content=\"&#8230;das nenn ich mal das Gegenteil von &#8222;Unterhaltungsmusik&#8220;. Sorry, dass ich schon wieder davon anfange. Viel Spa\u00df beim H\u00f6ren und Sehen. http:\/\/www.youtube.com\/user\/jazzaheadtradefair\" \/>\n<meta property=\"og:url\" content=\"https:\/\/www.jazzzeitung.de\/cms\/2010\/05\/german-jazz-meeting-2010-im-netz\/\" \/>\n<meta property=\"og:site_name\" content=\"JazzZeitung\" \/>\n<meta property=\"article:publisher\" content=\"https:\/\/www.facebook.com\/JazzZeitung\/\" \/>\n<meta property=\"article:published_time\" content=\"2010-05-26T12:15:12+00:00\" \/>\n<meta property=\"og:image\" content=\"https:\/\/i0.wp.com\/www.jazzzeitung.de\/cms\/wp-content\/uploads\/2012\/01\/ipad-logo-200.png?fit=200%2C200&ssl=1\" \/>\n\t<meta property=\"og:image:width\" content=\"200\" \/>\n\t<meta property=\"og:image:height\" content=\"200\" \/>\n\t<meta property=\"og:image:type\" content=\"image\/png\" \/>\n<meta name=\"author\" content=\"Ursula Gaisa\" \/>\n<script type=\"application\/ld+json\" class=\"yoast-schema-graph\">{\"@context\":\"https:\\\/\\\/schema.org\",\"@graph\":[{\"@type\":\"Article\",\"@id\":\"https:\\\/\\\/www.jazzzeitung.de\\\/cms\\\/2010\\\/05\\\/german-jazz-meeting-2010-im-netz\\\/#article\",\"isPartOf\":{\"@id\":\"https:\\\/\\\/www.jazzzeitung.de\\\/cms\\\/2010\\\/05\\\/german-jazz-meeting-2010-im-netz\\\/\"},\"author\":{\"name\":\"Ursula Gaisa\",\"@id\":\"https:\\\/\\\/www.jazzzeitung.de\\\/cms\\\/#\\\/schema\\\/person\\\/1d7707f8668f083601157be48b16fe1b\"},\"headline\":\"German Jazz Meeting 2010 im Netz\",\"datePublished\":\"2010-05-26T12:15:12+00:00\",\"mainEntityOfPage\":{\"@id\":\"https:\\\/\\\/www.jazzzeitung.de\\\/cms\\\/2010\\\/05\\\/german-jazz-meeting-2010-im-netz\\\/\"},\"wordCount\":33,\"commentCount\":0,\"publisher\":{\"@id\":\"https:\\\/\\\/www.jazzzeitung.de\\\/cms\\\/#organization\"},\"keywords\":[\"German Jazz Meeting\"],\"articleSection\":[\"Blog\"],\"inLanguage\":\"de\",\"potentialAction\":[{\"@type\":\"CommentAction\",\"name\":\"Comment\",\"target\":[\"https:\\\/\\\/www.jazzzeitung.de\\\/cms\\\/2010\\\/05\\\/german-jazz-meeting-2010-im-netz\\\/#respond\"]}]},{\"@type\":\"WebPage\",\"@id\":\"https:\\\/\\\/www.jazzzeitung.de\\\/cms\\\/2010\\\/05\\\/german-jazz-meeting-2010-im-netz\\\/\",\"url\":\"https:\\\/\\\/www.jazzzeitung.de\\\/cms\\\/2010\\\/05\\\/german-jazz-meeting-2010-im-netz\\\/\",\"name\":\"German Jazz Meeting 2010 im Netz - JazzZeitung\",\"isPartOf\":{\"@id\":\"https:\\\/\\\/www.jazzzeitung.de\\\/cms\\\/#website\"},\"datePublished\":\"2010-05-26T12:15:12+00:00\",\"breadcrumb\":{\"@id\":\"https:\\\/\\\/www.jazzzeitung.de\\\/cms\\\/2010\\\/05\\\/german-jazz-meeting-2010-im-netz\\\/#breadcrumb\"},\"inLanguage\":\"de\",\"potentialAction\":[{\"@type\":\"ReadAction\",\"target\":[\"https:\\\/\\\/www.jazzzeitung.de\\\/cms\\\/2010\\\/05\\\/german-jazz-meeting-2010-im-netz\\\/\"]}]},{\"@type\":\"BreadcrumbList\",\"@id\":\"https:\\\/\\\/www.jazzzeitung.de\\\/cms\\\/2010\\\/05\\\/german-jazz-meeting-2010-im-netz\\\/#breadcrumb\",\"itemListElement\":[{\"@type\":\"ListItem\",\"position\":1,\"name\":\"Startseite\",\"item\":\"https:\\\/\\\/www.jazzzeitung.de\\\/cms\\\/\"},{\"@type\":\"ListItem\",\"position\":2,\"name\":\"German Jazz Meeting 2010 im Netz\"}]},{\"@type\":\"WebSite\",\"@id\":\"https:\\\/\\\/www.jazzzeitung.de\\\/cms\\\/#website\",\"url\":\"https:\\\/\\\/www.jazzzeitung.de\\\/cms\\\/\",\"name\":\"JazzZeitung\",\"description\":\"Jazz-News und Jazz-Kontroverses\",\"publisher\":{\"@id\":\"https:\\\/\\\/www.jazzzeitung.de\\\/cms\\\/#organization\"},\"potentialAction\":[{\"@type\":\"SearchAction\",\"target\":{\"@type\":\"EntryPoint\",\"urlTemplate\":\"https:\\\/\\\/www.jazzzeitung.de\\\/cms\\\/?s={search_term_string}\"},\"query-input\":{\"@type\":\"PropertyValueSpecification\",\"valueRequired\":true,\"valueName\":\"search_term_string\"}}],\"inLanguage\":\"de\"},{\"@type\":\"Organization\",\"@id\":\"https:\\\/\\\/www.jazzzeitung.de\\\/cms\\\/#organization\",\"name\":\"JazzZeitung online\",\"url\":\"https:\\\/\\\/www.jazzzeitung.de\\\/cms\\\/\",\"logo\":{\"@type\":\"ImageObject\",\"inLanguage\":\"de\",\"@id\":\"https:\\\/\\\/www.jazzzeitung.de\\\/cms\\\/#\\\/schema\\\/logo\\\/image\\\/\",\"url\":\"https:\\\/\\\/i0.wp.com\\\/www.jazzzeitung.de\\\/cms\\\/wp-content\\\/uploads\\\/2015\\\/08\\\/JAZZZEITUNGDE_Logo_Neu.png?fit=499%2C200&ssl=1\",\"contentUrl\":\"https:\\\/\\\/i0.wp.com\\\/www.jazzzeitung.de\\\/cms\\\/wp-content\\\/uploads\\\/2015\\\/08\\\/JAZZZEITUNGDE_Logo_Neu.png?fit=499%2C200&ssl=1\",\"width\":499,\"height\":200,\"caption\":\"JazzZeitung online\"},\"image\":{\"@id\":\"https:\\\/\\\/www.jazzzeitung.de\\\/cms\\\/#\\\/schema\\\/logo\\\/image\\\/\"},\"sameAs\":[\"https:\\\/\\\/www.facebook.com\\\/JazzZeitung\\\/\"]},{\"@type\":\"Person\",\"@id\":\"https:\\\/\\\/www.jazzzeitung.de\\\/cms\\\/#\\\/schema\\\/person\\\/1d7707f8668f083601157be48b16fe1b\",\"name\":\"Ursula Gaisa\",\"image\":{\"@type\":\"ImageObject\",\"inLanguage\":\"de\",\"@id\":\"https:\\\/\\\/secure.gravatar.com\\\/avatar\\\/b9c23f3e1855277dfcc4682042bfb89dce806656872e44d5f2f2670a602ecfde?s=96&d=wp_user_avatar&r=g2a222bd83deef568a70b811610d29664\",\"url\":\"https:\\\/\\\/secure.gravatar.com\\\/avatar\\\/b9c23f3e1855277dfcc4682042bfb89dce806656872e44d5f2f2670a602ecfde?s=96&d=wp_user_avatar&r=g\",\"contentUrl\":\"https:\\\/\\\/secure.gravatar.com\\\/avatar\\\/b9c23f3e1855277dfcc4682042bfb89dce806656872e44d5f2f2670a602ecfde?s=96&d=wp_user_avatar&r=g\",\"caption\":\"Ursula Gaisa\"},\"url\":\"https:\\\/\\\/www.jazzzeitung.de\\\/cms\\\/author\\\/gaisa\\\/\"}]}<\/script>\n<!-- \/ Yoast SEO plugin. -->","yoast_head_json":{"title":"German Jazz Meeting 2010 im Netz - JazzZeitung","robots":{"index":"index","follow":"follow","max-snippet":"max-snippet:-1","max-image-preview":"max-image-preview:large","max-video-preview":"max-video-preview:-1"},"canonical":"https:\/\/www.jazzzeitung.de\/cms\/2010\/05\/german-jazz-meeting-2010-im-netz\/","og_locale":"de_DE","og_type":"article","og_title":"German Jazz Meeting 2010 im Netz - JazzZeitung","og_description":"&#8230;das nenn ich mal das Gegenteil von &#8222;Unterhaltungsmusik&#8220;. Sorry, dass ich schon wieder davon anfange. Viel Spa\u00df beim H\u00f6ren und Sehen. http:\/\/www.youtube.com\/user\/jazzaheadtradefair","og_url":"https:\/\/www.jazzzeitung.de\/cms\/2010\/05\/german-jazz-meeting-2010-im-netz\/","og_site_name":"JazzZeitung","article_publisher":"https:\/\/www.facebook.com\/JazzZeitung\/","article_published_time":"2010-05-26T12:15:12+00:00","og_image":[{"width":200,"height":200,"url":"https:\/\/i0.wp.com\/www.jazzzeitung.de\/cms\/wp-content\/uploads\/2012\/01\/ipad-logo-200.png?fit=200%2C200&ssl=1","type":"image\/png"}],"author":"Ursula Gaisa","schema":{"@context":"https:\/\/schema.org","@graph":[{"@type":"Article","@id":"https:\/\/www.jazzzeitung.de\/cms\/2010\/05\/german-jazz-meeting-2010-im-netz\/#article","isPartOf":{"@id":"https:\/\/www.jazzzeitung.de\/cms\/2010\/05\/german-jazz-meeting-2010-im-netz\/"},"author":{"name":"Ursula Gaisa","@id":"https:\/\/www.jazzzeitung.de\/cms\/#\/schema\/person\/1d7707f8668f083601157be48b16fe1b"},"headline":"German Jazz Meeting 2010 im Netz","datePublished":"2010-05-26T12:15:12+00:00","mainEntityOfPage":{"@id":"https:\/\/www.jazzzeitung.de\/cms\/2010\/05\/german-jazz-meeting-2010-im-netz\/"},"wordCount":33,"commentCount":0,"publisher":{"@id":"https:\/\/www.jazzzeitung.de\/cms\/#organization"},"keywords":["German Jazz Meeting"],"articleSection":["Blog"],"inLanguage":"de","potentialAction":[{"@type":"CommentAction","name":"Comment","target":["https:\/\/www.jazzzeitung.de\/cms\/2010\/05\/german-jazz-meeting-2010-im-netz\/#respond"]}]},{"@type":"WebPage","@id":"https:\/\/www.jazzzeitung.de\/cms\/2010\/05\/german-jazz-meeting-2010-im-netz\/","url":"https:\/\/www.jazzzeitung.de\/cms\/2010\/05\/german-jazz-meeting-2010-im-netz\/","name":"German Jazz Meeting 2010 im Netz - JazzZeitung","isPartOf":{"@id":"https:\/\/www.jazzzeitung.de\/cms\/#website"},"datePublished":"2010-05-26T12:15:12+00:00","breadcrumb":{"@id":"https:\/\/www.jazzzeitung.de\/cms\/2010\/05\/german-jazz-meeting-2010-im-netz\/#breadcrumb"},"inLanguage":"de","potentialAction":[{"@type":"ReadAction","target":["https:\/\/www.jazzzeitung.de\/cms\/2010\/05\/german-jazz-meeting-2010-im-netz\/"]}]},{"@type":"BreadcrumbList","@id":"https:\/\/www.jazzzeitung.de\/cms\/2010\/05\/german-jazz-meeting-2010-im-netz\/#breadcrumb","itemListElement":[{"@type":"ListItem","position":1,"name":"Startseite","item":"https:\/\/www.jazzzeitung.de\/cms\/"},{"@type":"ListItem","position":2,"name":"German Jazz Meeting 2010 im Netz"}]},{"@type":"WebSite","@id":"https:\/\/www.jazzzeitung.de\/cms\/#website","url":"https:\/\/www.jazzzeitung.de\/cms\/","name":"JazzZeitung","description":"Jazz-News und Jazz-Kontroverses","publisher":{"@id":"https:\/\/www.jazzzeitung.de\/cms\/#organization"},"potentialAction":[{"@type":"SearchAction","target":{"@type":"EntryPoint","urlTemplate":"https:\/\/www.jazzzeitung.de\/cms\/?s={search_term_string}"},"query-input":{"@type":"PropertyValueSpecification","valueRequired":true,"valueName":"search_term_string"}}],"inLanguage":"de"},{"@type":"Organization","@id":"https:\/\/www.jazzzeitung.de\/cms\/#organization","name":"JazzZeitung online","url":"https:\/\/www.jazzzeitung.de\/cms\/","logo":{"@type":"ImageObject","inLanguage":"de","@id":"https:\/\/www.jazzzeitung.de\/cms\/#\/schema\/logo\/image\/","url":"https:\/\/i0.wp.com\/www.jazzzeitung.de\/cms\/wp-content\/uploads\/2015\/08\/JAZZZEITUNGDE_Logo_Neu.png?fit=499%2C200&ssl=1","contentUrl":"https:\/\/i0.wp.com\/www.jazzzeitung.de\/cms\/wp-content\/uploads\/2015\/08\/JAZZZEITUNGDE_Logo_Neu.png?fit=499%2C200&ssl=1","width":499,"height":200,"caption":"JazzZeitung online"},"image":{"@id":"https:\/\/www.jazzzeitung.de\/cms\/#\/schema\/logo\/image\/"},"sameAs":["https:\/\/www.facebook.com\/JazzZeitung\/"]},{"@type":"Person","@id":"https:\/\/www.jazzzeitung.de\/cms\/#\/schema\/person\/1d7707f8668f083601157be48b16fe1b","name":"Ursula Gaisa","image":{"@type":"ImageObject","inLanguage":"de","@id":"https:\/\/secure.gravatar.com\/avatar\/b9c23f3e1855277dfcc4682042bfb89dce806656872e44d5f2f2670a602ecfde?s=96&d=wp_user_avatar&r=g2a222bd83deef568a70b811610d29664","url":"https:\/\/secure.gravatar.com\/avatar\/b9c23f3e1855277dfcc4682042bfb89dce806656872e44d5f2f2670a602ecfde?s=96&d=wp_user_avatar&r=g","contentUrl":"https:\/\/secure.gravatar.com\/avatar\/b9c23f3e1855277dfcc4682042bfb89dce806656872e44d5f2f2670a602ecfde?s=96&d=wp_user_avatar&r=g","caption":"Ursula Gaisa"},"url":"https:\/\/www.jazzzeitung.de\/cms\/author\/gaisa\/"}]}},"wp-worthy-pixel":{"ignored":false,"public":null,"server":null,"url":null},"wp-worthy-type":"normal","jetpack_publicize_connections":[],"cc_featured_image_caption":{"caption_text":false,"source_text":false,"source_url":false},"jetpack_featured_media_url":"","jetpack_shortlink":"https:\/\/wp.me\/p3KEcT-1L","jetpack-related-posts":[{"id":14622,"url":"https:\/\/www.jazzzeitung.de\/cms\/2017\/12\/das-jazzahead-2018-showcase-programm-steht-fest\/","url_meta":{"origin":109,"position":0},"title":"Das jazzahead! 2018 Showcase Programm steht fest","author":"Redaktion JazzZeitung","date":"27. Dezember 2017","format":false,"excerpt":"Aus insgesamt 609 Bewerbungen aus 49 L\u00e4ndern w\u00e4hlten die Jurys die 40 Acts, die vom 19.-22. April im Rahmen der internationalen Jazz-Fachmesse auf der B\u00fchne stehen werden. In den Modulen Polish Night, European Jazz Meeting, German Jazz Expo und Overseas Night pr\u00e4sentieren sich die Bands auf drei B\u00fchnen, zwei in\u2026","rel":"","context":"In &quot;News&quot;","block_context":{"text":"News","link":"https:\/\/www.jazzzeitung.de\/cms\/thema\/nachrichten\/"},"img":{"alt_text":"German Jazz Expo: Anna-Lena Schnabel Quartett. Foto: Sven Haberland","src":"https:\/\/i0.wp.com\/www.jazzzeitung.de\/cms\/wp-content\/uploads\/2017\/12\/jazz18_GJE_Anna-Lena_Schnabel_Quartett_c_Sven_Haberland.jpg?fit=1200%2C800&ssl=1&resize=350%2C200","width":350,"height":200,"srcset":"https:\/\/i0.wp.com\/www.jazzzeitung.de\/cms\/wp-content\/uploads\/2017\/12\/jazz18_GJE_Anna-Lena_Schnabel_Quartett_c_Sven_Haberland.jpg?fit=1200%2C800&ssl=1&resize=350%2C200 1x, https:\/\/i0.wp.com\/www.jazzzeitung.de\/cms\/wp-content\/uploads\/2017\/12\/jazz18_GJE_Anna-Lena_Schnabel_Quartett_c_Sven_Haberland.jpg?fit=1200%2C800&ssl=1&resize=525%2C300 1.5x, https:\/\/i0.wp.com\/www.jazzzeitung.de\/cms\/wp-content\/uploads\/2017\/12\/jazz18_GJE_Anna-Lena_Schnabel_Quartett_c_Sven_Haberland.jpg?fit=1200%2C800&ssl=1&resize=700%2C400 2x, https:\/\/i0.wp.com\/www.jazzzeitung.de\/cms\/wp-content\/uploads\/2017\/12\/jazz18_GJE_Anna-Lena_Schnabel_Quartett_c_Sven_Haberland.jpg?fit=1200%2C800&ssl=1&resize=1050%2C600 3x"},"classes":[]},{"id":3651,"url":"https:\/\/www.jazzzeitung.de\/cms\/2014\/03\/wo-sind-nur-die-frauen-im-jazz\/","url_meta":{"origin":109,"position":1},"title":"Wo sind nur die Frauen im Jazz?","author":"Ursula Gaisa","date":"27. M\u00e4rz 2014","format":false,"excerpt":"Die JazzZeitung, Ausgabe 2-14 ist gedruckt. Im Anschluss das Editorial der Redaktionsleiterin Ursula Gaisa zum Thema \"Frauen im Jazz\". Weiterhin finden Sie unter anderem im neuen Heft: Portraits - Joachim K\u00fchn 70, auf dem Titel Mike Herting auf Afrika-Tournee mit dem BuJazzO, German Jazz Trophy f\u00fcr Chris Barber, Andreas Schaerer\u2026","rel":"","context":"In &quot;Blog&quot;","block_context":{"text":"Blog","link":"https:\/\/www.jazzzeitung.de\/cms\/thema\/blog\/"},"img":{"alt_text":"s01","src":"https:\/\/i0.wp.com\/www.jazzzeitung.de\/cms\/wp-content\/uploads\/2014\/03\/s01-150x150.jpg?resize=350%2C200","width":350,"height":200},"classes":[]},{"id":12198,"url":"https:\/\/www.jazzzeitung.de\/cms\/2017\/05\/12198\/","url_meta":{"origin":109,"position":2},"title":"jazzahead in Bremen: Wenn das Showcase zum Erlebnis wird","author":"Redaktion JazzZeitung","date":"1. Mai 2017","format":false,"excerpt":"Das Abschlusswochenende der Jazzahead begann mit kulturpolitischen Diskussionen: Musiker und Musikerinnen sprachen \u00fcber das Thema Gleichberechtigung im Jazz, Vertreter von Goethe-Institut, Initiative Musik und dem neugegr\u00fcndeten Musikfond e.V. stellten ihre F\u00f6rderprogramme vor. In Conference-S\u00e4len und bei den Ausstellern herrschte reges Treiben. Sobald aber die Showcase-Konzerte begannen, gab es f\u00fcr das\u2026","rel":"","context":"In &quot;Bericht&quot;","block_context":{"text":"Bericht","link":"https:\/\/www.jazzzeitung.de\/cms\/thema\/bericht\/"},"img":{"alt_text":"","src":"https:\/\/i0.wp.com\/www.jazzzeitung.de\/cms\/wp-content\/uploads\/2017\/05\/Julia-Hlsmann_Foto-van-Loon.jpg?fit=1200%2C800&ssl=1&resize=350%2C200","width":350,"height":200,"srcset":"https:\/\/i0.wp.com\/www.jazzzeitung.de\/cms\/wp-content\/uploads\/2017\/05\/Julia-Hlsmann_Foto-van-Loon.jpg?fit=1200%2C800&ssl=1&resize=350%2C200 1x, https:\/\/i0.wp.com\/www.jazzzeitung.de\/cms\/wp-content\/uploads\/2017\/05\/Julia-Hlsmann_Foto-van-Loon.jpg?fit=1200%2C800&ssl=1&resize=525%2C300 1.5x, https:\/\/i0.wp.com\/www.jazzzeitung.de\/cms\/wp-content\/uploads\/2017\/05\/Julia-Hlsmann_Foto-van-Loon.jpg?fit=1200%2C800&ssl=1&resize=700%2C400 2x, https:\/\/i0.wp.com\/www.jazzzeitung.de\/cms\/wp-content\/uploads\/2017\/05\/Julia-Hlsmann_Foto-van-Loon.jpg?fit=1200%2C800&ssl=1&resize=1050%2C600 3x"},"classes":[]},{"id":22367,"url":"https:\/\/www.jazzzeitung.de\/cms\/2020\/04\/dialoge-und-rhapsodien-ein-nachruf-auf-lee-konitz\/","url_meta":{"origin":109,"position":3},"title":"Dialoge und Rhapsodien &#8211; ein Nachruf auf Lee Konitz","author":"Andreas Kolb","date":"16. April 2020","format":false,"excerpt":"Der am 13. Oktober 1927 in Chicago geborene Altsaxophonist Lee Konitz z\u00e4hlte zu den Erfindern und Virtuosen des sogenannten Cool Jazz. Mit seinem linearen Spiel pr\u00e4gte er Musiker wie Paul Desmond, Bill Evans, Hans Koller, Albert Mangelsdorff und schlie\u00dflich sogar Avantgardisten wie Anthony Braxton. Im Andenken an den gestern in\u2026","rel":"","context":"In &quot;Galerie&quot;","block_context":{"text":"Galerie","link":"https:\/\/www.jazzzeitung.de\/cms\/thema\/galerie\/"},"img":{"alt_text":"","src":"https:\/\/i0.wp.com\/www.jazzzeitung.de\/cms\/wp-content\/uploads\/2020\/04\/P1490168-Konitz-Foto-TJ-Krebs.jpg?fit=1200%2C800&ssl=1&resize=350%2C200","width":350,"height":200,"srcset":"https:\/\/i0.wp.com\/www.jazzzeitung.de\/cms\/wp-content\/uploads\/2020\/04\/P1490168-Konitz-Foto-TJ-Krebs.jpg?fit=1200%2C800&ssl=1&resize=350%2C200 1x, https:\/\/i0.wp.com\/www.jazzzeitung.de\/cms\/wp-content\/uploads\/2020\/04\/P1490168-Konitz-Foto-TJ-Krebs.jpg?fit=1200%2C800&ssl=1&resize=525%2C300 1.5x, https:\/\/i0.wp.com\/www.jazzzeitung.de\/cms\/wp-content\/uploads\/2020\/04\/P1490168-Konitz-Foto-TJ-Krebs.jpg?fit=1200%2C800&ssl=1&resize=700%2C400 2x, https:\/\/i0.wp.com\/www.jazzzeitung.de\/cms\/wp-content\/uploads\/2020\/04\/P1490168-Konitz-Foto-TJ-Krebs.jpg?fit=1200%2C800&ssl=1&resize=1050%2C600 3x"},"classes":[]},{"id":2260,"url":"https:\/\/www.jazzzeitung.de\/cms\/2013\/09\/los-gehts-jazzahead-gibt-startschuss-fuer-bewerbungsverfahren-zum-showcase-festival-2014\/","url_meta":{"origin":109,"position":4},"title":"Los geht\u2019s: jazzahead! gibt Startschuss f\u00fcr Bewerbungsverfahren zum Showcase-Festival 2014","author":"Redaktion JazzZeitung","date":"20. September 2013","format":false,"excerpt":"Das Bewerbungsverfahren f\u00fcr die jazzahead! 2014 (24.-27. April 2014) ist ab sofort er\u00f6ffnet. Bewerbungen sind f\u00fcr die German Jazz Expo (K\u00fcnstler aus Deutschland), Danish Night (Jazz aus dem Partnerland 2014: D\u00e4nemark), European Jazz Meeting (europ\u00e4ische Jazzformationen), Overseas Night (Jazz aus \u00dcbersee) m\u00f6glich. Die Bewerbungsfrist endet am 31.10.2013. Wie bereits in\u2026","rel":"","context":"In &quot;News&quot;","block_context":{"text":"News","link":"https:\/\/www.jazzzeitung.de\/cms\/thema\/nachrichten\/"},"img":{"alt_text":"","src":"","width":0,"height":0},"classes":[]},{"id":4341,"url":"https:\/\/www.jazzzeitung.de\/cms\/2014\/07\/4341\/","url_meta":{"origin":109,"position":5},"title":"German Jazz Trophy 2014 an Chris Barber \u2013 Laudatio von Andreas Kolb","author":"Andreas Kolb","date":"22. Juli 2014","format":false,"excerpt":"Der britische Posaunist und Bandleader Chris Barber wurde zum Abschluss des Festivals \"Jazzopen\" in Stuttgart am 21. Juli mit der German Jazz Trophy 2014 der Stiftung Spardabank Baden-W\u00fcrttemberg, der Kulturgesellschaft Musik und Wort und der Jazzzeitung geehrt. Trotz eines gebrochenen Fu\u00dfes war Barber im Rollstuhl und mit seiner 10-k\u00f6pfigen Big\u2026","rel":"","context":"In &quot;News&quot;","block_context":{"text":"News","link":"https:\/\/www.jazzzeitung.de\/cms\/thema\/nachrichten\/"},"img":{"alt_text":"Chris Barber erh\u00e4lt die German Jazz Trophy 2014 - a life for jazz in Stuttgart. Foto: Hans Kumpf","src":"https:\/\/i0.wp.com\/www.jazzzeitung.de\/cms\/wp-content\/uploads\/2014\/07\/GJT-BarberChris-S14d-Kumpf.jpg?fit=1200%2C800&ssl=1&resize=350%2C200","width":350,"height":200,"srcset":"https:\/\/i0.wp.com\/www.jazzzeitung.de\/cms\/wp-content\/uploads\/2014\/07\/GJT-BarberChris-S14d-Kumpf.jpg?fit=1200%2C800&ssl=1&resize=350%2C200 1x, https:\/\/i0.wp.com\/www.jazzzeitung.de\/cms\/wp-content\/uploads\/2014\/07\/GJT-BarberChris-S14d-Kumpf.jpg?fit=1200%2C800&ssl=1&resize=525%2C300 1.5x, https:\/\/i0.wp.com\/www.jazzzeitung.de\/cms\/wp-content\/uploads\/2014\/07\/GJT-BarberChris-S14d-Kumpf.jpg?fit=1200%2C800&ssl=1&resize=700%2C400 2x, https:\/\/i0.wp.com\/www.jazzzeitung.de\/cms\/wp-content\/uploads\/2014\/07\/GJT-BarberChris-S14d-Kumpf.jpg?fit=1200%2C800&ssl=1&resize=1050%2C600 3x"},"classes":[]}],"jetpack_sharing_enabled":true,"_links":{"self":[{"href":"https:\/\/www.jazzzeitung.de\/cms\/wp-json\/wp\/v2\/posts\/109","targetHints":{"allow":["GET"]}}],"collection":[{"href":"https:\/\/www.jazzzeitung.de\/cms\/wp-json\/wp\/v2\/posts"}],"about":[{"href":"https:\/\/www.jazzzeitung.de\/cms\/wp-json\/wp\/v2\/types\/post"}],"author":[{"embeddable":true,"href":"https:\/\/www.jazzzeitung.de\/cms\/wp-json\/wp\/v2\/users\/6"}],"replies":[{"embeddable":true,"href":"https:\/\/www.jazzzeitung.de\/cms\/wp-json\/wp\/v2\/comments?post=109"}],"version-history":[{"count":0,"href":"https:\/\/www.jazzzeitung.de\/cms\/wp-json\/wp\/v2\/posts\/109\/revisions"}],"wp:attachment":[{"href":"https:\/\/www.jazzzeitung.de\/cms\/wp-json\/wp\/v2\/media?parent=109"}],"wp:term":[{"taxonomy":"category","embeddable":true,"href":"https:\/\/www.jazzzeitung.de\/cms\/wp-json\/wp\/v2\/categories?post=109"},{"taxonomy":"post_tag","embeddable":true,"href":"https:\/\/www.jazzzeitung.de\/cms\/wp-json\/wp\/v2\/tags?post=109"},{"taxonomy":"author","embeddable":true,"href":"https:\/\/www.jazzzeitung.de\/cms\/wp-json\/wp\/v2\/coauthors?post=109"}],"curies":[{"name":"wp","href":"https:\/\/api.w.org\/{rel}","templated":true}]}}