{"id":10897,"date":"2016-11-08T12:00:47","date_gmt":"2016-11-08T11:00:47","guid":{"rendered":"http:\/\/www.jazzzeitung.de\/cms\/?p=10897"},"modified":"2016-11-07T14:44:13","modified_gmt":"2016-11-07T13:44:13","slug":"news-37-internationaler-jazz-workshop-in-erlangen-3-piano-marathon-ottobrunn-junger-muenchner-jazzpreis-konzertfinale","status":"publish","type":"post","link":"https:\/\/www.jazzzeitung.de\/cms\/2016\/11\/news-37-internationaler-jazz-workshop-in-erlangen-3-piano-marathon-ottobrunn-junger-muenchner-jazzpreis-konzertfinale\/","title":{"rendered":"NEWS +++ 37. Internationaler Jazz Workshop in Erlangen +++ 3. Piano Marathon Ottobrunn+++ Junger M\u00fcnchner Jazzpreis Konzertfinale +++"},"content":{"rendered":"<h1>37. Internationaler Jazz Workshop in Erlangen<\/h1>\n<figure id=\"attachment_10902\" aria-describedby=\"caption-attachment-10902\" style=\"width: 150px\" class=\"wp-caption alignleft\"><a href=\"https:\/\/i0.wp.com\/www.jazzzeitung.de\/cms\/wp-content\/uploads\/2016\/11\/DSC0082.jpg\"><img data-recalc-dims=\"1\" loading=\"lazy\" decoding=\"async\" data-attachment-id=\"10902\" data-permalink=\"https:\/\/www.jazzzeitung.de\/cms\/2016\/11\/news-37-internationaler-jazz-workshop-in-erlangen-3-piano-marathon-ottobrunn-junger-muenchner-jazzpreis-konzertfinale\/_dsc0082\/\" data-orig-file=\"https:\/\/i0.wp.com\/www.jazzzeitung.de\/cms\/wp-content\/uploads\/2016\/11\/DSC0082.jpg?fit=3696%2C2448&amp;ssl=1\" data-orig-size=\"3696,2448\" data-comments-opened=\"1\" data-image-meta=\"{&quot;aperture&quot;:&quot;7.1&quot;,&quot;credit&quot;:&quot;&quot;,&quot;camera&quot;:&quot;NIKON D5100&quot;,&quot;caption&quot;:&quot;&quot;,&quot;created_timestamp&quot;:&quot;1442140548&quot;,&quot;copyright&quot;:&quot;&quot;,&quot;focal_length&quot;:&quot;82&quot;,&quot;iso&quot;:&quot;3200&quot;,&quot;shutter_speed&quot;:&quot;0.003125&quot;,&quot;title&quot;:&quot;&quot;,&quot;orientation&quot;:&quot;1&quot;}\" data-image-title=\"Rainer Glas.\" data-image-description=\"\" data-image-caption=\"&lt;p&gt;Rainer Glas (Bass). Foto: Privat&lt;\/p&gt;\n\" data-large-file=\"https:\/\/i0.wp.com\/www.jazzzeitung.de\/cms\/wp-content\/uploads\/2016\/11\/DSC0082.jpg?fit=840%2C556&amp;ssl=1\" class=\"size-thumbnail wp-image-10902\" src=\"https:\/\/i0.wp.com\/www.jazzzeitung.de\/cms\/wp-content\/uploads\/2016\/11\/DSC0082-150x150.jpg?resize=150%2C150\" alt=\"Rainer Glas (Bass). Foto: Privat\" width=\"150\" height=\"150\" srcset=\"https:\/\/i0.wp.com\/www.jazzzeitung.de\/cms\/wp-content\/uploads\/2016\/11\/DSC0082.jpg?resize=150%2C150&amp;ssl=1 150w, https:\/\/i0.wp.com\/www.jazzzeitung.de\/cms\/wp-content\/uploads\/2016\/11\/DSC0082.jpg?resize=144%2C144&amp;ssl=1 144w, https:\/\/i0.wp.com\/www.jazzzeitung.de\/cms\/wp-content\/uploads\/2016\/11\/DSC0082.jpg?resize=96%2C96&amp;ssl=1 96w, https:\/\/i0.wp.com\/www.jazzzeitung.de\/cms\/wp-content\/uploads\/2016\/11\/DSC0082.jpg?resize=24%2C24&amp;ssl=1 24w, https:\/\/i0.wp.com\/www.jazzzeitung.de\/cms\/wp-content\/uploads\/2016\/11\/DSC0082.jpg?resize=36%2C36&amp;ssl=1 36w, https:\/\/i0.wp.com\/www.jazzzeitung.de\/cms\/wp-content\/uploads\/2016\/11\/DSC0082.jpg?resize=48%2C48&amp;ssl=1 48w, https:\/\/i0.wp.com\/www.jazzzeitung.de\/cms\/wp-content\/uploads\/2016\/11\/DSC0082.jpg?resize=64%2C64&amp;ssl=1 64w, https:\/\/i0.wp.com\/www.jazzzeitung.de\/cms\/wp-content\/uploads\/2016\/11\/DSC0082.jpg?resize=32%2C32&amp;ssl=1 32w, https:\/\/i0.wp.com\/www.jazzzeitung.de\/cms\/wp-content\/uploads\/2016\/11\/DSC0082.jpg?resize=50%2C50&amp;ssl=1 50w, https:\/\/i0.wp.com\/www.jazzzeitung.de\/cms\/wp-content\/uploads\/2016\/11\/DSC0082.jpg?resize=128%2C128&amp;ssl=1 128w, https:\/\/i0.wp.com\/www.jazzzeitung.de\/cms\/wp-content\/uploads\/2016\/11\/DSC0082.jpg?zoom=2&amp;resize=150%2C150&amp;ssl=1 300w, https:\/\/i0.wp.com\/www.jazzzeitung.de\/cms\/wp-content\/uploads\/2016\/11\/DSC0082.jpg?zoom=3&amp;resize=150%2C150&amp;ssl=1 450w\" sizes=\"auto, (max-width: 150px) 100vw, 150px\" \/><\/a><figcaption id=\"caption-attachment-10902\" class=\"wp-caption-text\">Rainer Glas (Bass). Foto: Privat<\/figcaption><\/figure>\n<p>Vom 15. bis zum 22. April 2017\u00a0gibt es in Erlangen den\u00a037. Internationalen Jazz Workshop. Als Dozenten sind 2017 geladen: Romy Camerun (voc), Andrey Lobanov (tp, flh), Prof. J\u00fcrgen Neudert (tb), Tony Lakatos, Hubert Winter und Joachim Lenhardt (saxophone), Peter O&#8217;Mara (git), Bernhard Pichl (p), Rainer Glas und Patrick Scales (b), Harald R\u00fcschenbaum und Christoph Huber (dr). Als Kursgeb\u00e4ude steht das Egloffstein&#8217;schen Palais der VHS zur Verf\u00fcgung. Rund um das Kursangebot mit Rhythmik, Instrumentalunterricht, Harmonie- und Improvisationslehre und Combo bzw. Bigbandspiel gibt es noch viele Sessions und Konzerte. Veranstalter ist der Kursleiter und Bassist Rainer Glas mit Unterst\u00fctzung durch die\u00a0Kulturf\u00f6rderung der Stadt Erlangen. Infos und Anmeldungen: <a href=\"http:\/\/www.jazz-workshops.de\/\">jazz-workshops.de<\/a><\/p>\n<h1>3. Piano Marathon Ottobrunn<\/h1>\n<p>Mit dem 3. Piano Marathon der Ottobrunner Konzerte kommen vom 16. bis zu 18. Dezember zw\u00f6lf Pianisten zusammen, um zu spielen und zu lehren. 2 Jazz-Piano-Konzerte, 2 Jam-Sessions und zw\u00f6lf Jazz-Piano-Workshops stehen auf dem Programm von Gastgeber Cornelius Claudio Kreusch.<\/p>\n<p>&#8222;JAZZ PIANO MARATHON&#8220; am Freitag 16. Dezember\u00a02016<br \/>\nKlaus Ignatzek,<br \/>\nOliver Kent,<br \/>\nCornelius Claudio Kreusch,<br \/>\nHans L\u00fcdemann,<br \/>\nLarry Porter,<br \/>\nOlga Konkova,<br \/>\nKristjan Randalu &amp;<br \/>\nChristof S\u00e4nger<\/p>\n<p>&#8222;BLUES, BOOGIE &amp; BEYOND&#8220; am Samstag 17. Dezember\u00a02016<br \/>\nMartin K\u00e4lberer,<br \/>\nJimin Park,<br \/>\nTommy Weiss &amp;<br \/>\nChristian Willisohn.<\/p>\n<p>&#8222;JAZZ PIANO WORKSHOPS&#8220; am Samstag &amp;\u00a0Sonntag 17. &amp;\u00a018. Dezember\u00a02016<br \/>\n12 Jazz Piano Workshops mit allen Pianisten. Die Workshops sind offen f\u00fcr alle Leistungsstufen!<\/p>\n<p>Weitere Infos auf: <a href=\"http:\/\/www.ottobrunner-konzerte.com\/www2\/Konzerte.html\">ottobrunner-konzerte.com <\/a><\/p>\n<h1>Konzertfinale des Jungen M\u00fcnchner Jazzpreis<\/h1>\n<p>Am Freitag 11.11. findet im Jazzclub Unterfahrt in M\u00fcnchen ab 20 Uhr das Konzertfinale des<strong> 4. Jungen M\u00fcnchner Jazzpreis<\/strong> statt. Der mit insgesamt 6.000 \u20ac (Platz 1 mit 3000 \u20ac, die Pl\u00e4tze 2 und 3 mit 2000 bzw. 1000 \u20ac) dotierte F\u00f6rederpreis von &#8222;mucjazz &#8211; M\u00fcnchner Verein zur F\u00f6rderung von Jazz e.V.&#8220; wird an Musikerinnen und Musiker bis 27 Jahre verliehen. Die diesj\u00e4hrigen Finalisten: <strong>Leo Betzl Trio<\/strong> &#8211; Grosskarolinenfeld, <strong>Trio.Diktion <\/strong>&#8211; Leipzig und <strong>Marc Doffey Quintett <\/strong>&#8211; Berlin. Weitere Infos auf <a href=\"http:\/\/www.unterfahrt.de\/index.php?language=de&amp;action=concert&amp;gigid=5677\">unterfahrt.de<\/a><\/p>\n<p>&nbsp;<\/p>\n","protected":false},"excerpt":{"rendered":"<p>37. Internationaler Jazz Workshop in Erlangen Vom 15. bis zum 22. April 2017\u00a0gibt es in Erlangen den\u00a037. Internationalen Jazz Workshop. Als Dozenten sind 2017 geladen: Romy Camerun (voc), Andrey Lobanov (tp, flh), Prof. J\u00fcrgen Neudert (tb), Tony Lakatos, Hubert Winter und Joachim Lenhardt (saxophone), Peter O&#8217;Mara (git), Bernhard Pichl (p), Rainer Glas und Patrick Scales (b), Harald R\u00fcschenbaum und Christoph Huber (dr). Als Kursgeb\u00e4ude steht das Egloffstein&#8217;schen Palais der VHS zur Verf\u00fcgung. Rund um das Kursangebot mit Rhythmik, Instrumentalunterricht, Harmonie- und Improvisationslehre und Combo bzw. Bigbandspiel gibt es noch viele Sessions und Konzerte. Veranstalter ist der Kursleiter und Bassist Rainer Glas mit Unterst\u00fctzung durch die\u00a0Kulturf\u00f6rderung der Stadt Erlangen. Infos und Anmeldungen: jazz-workshops.de 3. Piano Marathon Ottobrunn Mit dem 3. Piano Marathon der Ottobrunner Konzerte kommen vom 16. bis zu 18. Dezember zw\u00f6lf Pianisten zusammen, um zu spielen und zu lehren. 2 Jazz-Piano-Konzerte, 2 Jam-Sessions und zw\u00f6lf Jazz-Piano-Workshops stehen auf dem Programm von Gastgeber Cornelius Claudio Kreusch. &#8222;JAZZ PIANO MARATHON&#8220; am Freitag 16. Dezember\u00a02016 Klaus Ignatzek, Oliver Kent, Cornelius Claudio Kreusch, Hans L\u00fcdemann, Larry Porter, Olga Konkova, Kristjan Randalu &amp; Christof S\u00e4nger &#8222;BLUES, BOOGIE &amp; BEYOND&#8220; &hellip;<\/p>\n","protected":false},"author":18,"featured_media":0,"comment_status":"open","ping_status":"closed","sticky":false,"template":"","format":"standard","meta":{"_jetpack_memberships_contains_paid_content":false,"footnotes":"","jetpack_publicize_message":"","jetpack_publicize_feature_enabled":true,"jetpack_social_post_already_shared":false,"jetpack_social_options":{"image_generator_settings":{"template":"highway","default_image_id":0,"font":"","enabled":false},"version":2}},"categories":[633],"tags":[66,1319,83,826,1348,271,809,1344,309,323,1232,331,349,1306,1347,1346,1116,401,860,1098,442,557,1345,573,20],"coauthors":[695],"class_list":["post-10897","post","type-post","status-publish","format-standard","hentry","category-nachrichten","tag-berlin","tag-betzl","tag-blues","tag-cornelius-claudio-kreusch","tag-erlangen","tag-jazzclub","tag-jazzclub-unterfahrt","tag-junger-muenchner-jazzpreis","tag-juergen-neudert","tag-konzerte","tag-kreusch","tag-kulturforderung","tag-leipzig","tag-leo-betzl","tag-marathon","tag-marc-doffey","tag-mucjazz","tag-muenchen","tag-ottobrunn","tag-peter-omara","tag-piano","tag-tony-lakatos","tag-trio-diktion","tag-unterfahrt","tag-workshop"],"yoast_head":"<!-- This site is optimized with the Yoast SEO plugin v27.5 - https:\/\/yoast.com\/product\/yoast-seo-wordpress\/ -->\n<title>NEWS +++ 37. Internationaler Jazz Workshop in Erlangen +++ 3. Piano Marathon Ottobrunn+++ Junger M\u00fcnchner Jazzpreis Konzertfinale +++ - JazzZeitung<\/title>\n<meta name=\"robots\" content=\"index, follow, max-snippet:-1, max-image-preview:large, max-video-preview:-1\" \/>\n<link rel=\"canonical\" href=\"https:\/\/www.jazzzeitung.de\/cms\/2016\/11\/news-37-internationaler-jazz-workshop-in-erlangen-3-piano-marathon-ottobrunn-junger-muenchner-jazzpreis-konzertfinale\/\" \/>\n<meta property=\"og:locale\" content=\"de_DE\" \/>\n<meta property=\"og:type\" content=\"article\" \/>\n<meta property=\"og:title\" content=\"NEWS +++ 37. Internationaler Jazz Workshop in Erlangen +++ 3. Piano Marathon Ottobrunn+++ Junger M\u00fcnchner Jazzpreis Konzertfinale +++ - JazzZeitung\" \/>\n<meta property=\"og:description\" content=\"37. Internationaler Jazz Workshop in Erlangen Vom 15. bis zum 22. April 2017\u00a0gibt es in Erlangen den\u00a037. Internationalen Jazz Workshop. Als Dozenten sind 2017 geladen: Romy Camerun (voc), Andrey Lobanov (tp, flh), Prof. J\u00fcrgen Neudert (tb), Tony Lakatos, Hubert Winter und Joachim Lenhardt (saxophone), Peter O&#8217;Mara (git), Bernhard Pichl (p), Rainer Glas und Patrick Scales (b), Harald R\u00fcschenbaum und Christoph Huber (dr). Als Kursgeb\u00e4ude steht das Egloffstein&#8217;schen Palais der VHS zur Verf\u00fcgung. Rund um das Kursangebot mit Rhythmik, Instrumentalunterricht, Harmonie- und Improvisationslehre und Combo bzw. Bigbandspiel gibt es noch viele Sessions und Konzerte. Veranstalter ist der Kursleiter und Bassist Rainer Glas mit Unterst\u00fctzung durch die\u00a0Kulturf\u00f6rderung der Stadt Erlangen. Infos und Anmeldungen: jazz-workshops.de 3. Piano Marathon Ottobrunn Mit dem 3. Piano Marathon der Ottobrunner Konzerte kommen vom 16. bis zu 18. Dezember zw\u00f6lf Pianisten zusammen, um zu spielen und zu lehren. 2 Jazz-Piano-Konzerte, 2 Jam-Sessions und zw\u00f6lf Jazz-Piano-Workshops stehen auf dem Programm von Gastgeber Cornelius Claudio Kreusch. &#8222;JAZZ PIANO MARATHON&#8220; am Freitag 16. Dezember\u00a02016 Klaus Ignatzek, Oliver Kent, Cornelius Claudio Kreusch, Hans L\u00fcdemann, Larry Porter, Olga Konkova, Kristjan Randalu &amp; Christof S\u00e4nger &#8222;BLUES, BOOGIE &amp; BEYOND&#8220; &hellip;\" \/>\n<meta property=\"og:url\" content=\"https:\/\/www.jazzzeitung.de\/cms\/2016\/11\/news-37-internationaler-jazz-workshop-in-erlangen-3-piano-marathon-ottobrunn-junger-muenchner-jazzpreis-konzertfinale\/\" \/>\n<meta property=\"og:site_name\" content=\"JazzZeitung\" \/>\n<meta property=\"article:publisher\" content=\"https:\/\/www.facebook.com\/JazzZeitung\/\" \/>\n<meta property=\"article:published_time\" content=\"2016-11-08T11:00:47+00:00\" \/>\n<meta property=\"og:image\" content=\"http:\/\/www.jazzzeitung.de\/cms\/wp-content\/uploads\/2016\/11\/DSC0082-150x150.jpg\" \/>\n<meta name=\"author\" content=\"Redaktion JazzZeitung\" \/>\n<script type=\"application\/ld+json\" class=\"yoast-schema-graph\">{\"@context\":\"https:\\\/\\\/schema.org\",\"@graph\":[{\"@type\":\"Article\",\"@id\":\"https:\\\/\\\/www.jazzzeitung.de\\\/cms\\\/2016\\\/11\\\/news-37-internationaler-jazz-workshop-in-erlangen-3-piano-marathon-ottobrunn-junger-muenchner-jazzpreis-konzertfinale\\\/#article\",\"isPartOf\":{\"@id\":\"https:\\\/\\\/www.jazzzeitung.de\\\/cms\\\/2016\\\/11\\\/news-37-internationaler-jazz-workshop-in-erlangen-3-piano-marathon-ottobrunn-junger-muenchner-jazzpreis-konzertfinale\\\/\"},\"author\":{\"name\":\"Redaktion JazzZeitung\",\"@id\":\"https:\\\/\\\/www.jazzzeitung.de\\\/cms\\\/#\\\/schema\\\/person\\\/2245b36b9cd1d24cea10f01c031fb92b\"},\"headline\":\"NEWS +++ 37. Internationaler Jazz Workshop in Erlangen +++ 3. Piano Marathon Ottobrunn+++ Junger M\u00fcnchner Jazzpreis Konzertfinale +++\",\"datePublished\":\"2016-11-08T11:00:47+00:00\",\"mainEntityOfPage\":{\"@id\":\"https:\\\/\\\/www.jazzzeitung.de\\\/cms\\\/2016\\\/11\\\/news-37-internationaler-jazz-workshop-in-erlangen-3-piano-marathon-ottobrunn-junger-muenchner-jazzpreis-konzertfinale\\\/\"},\"wordCount\":340,\"commentCount\":0,\"publisher\":{\"@id\":\"https:\\\/\\\/www.jazzzeitung.de\\\/cms\\\/#organization\"},\"image\":{\"@id\":\"https:\\\/\\\/www.jazzzeitung.de\\\/cms\\\/2016\\\/11\\\/news-37-internationaler-jazz-workshop-in-erlangen-3-piano-marathon-ottobrunn-junger-muenchner-jazzpreis-konzertfinale\\\/#primaryimage\"},\"thumbnailUrl\":\"http:\\\/\\\/www.jazzzeitung.de\\\/cms\\\/wp-content\\\/uploads\\\/2016\\\/11\\\/DSC0082-150x150.jpg\",\"keywords\":[\"Berlin\",\"betzl\",\"Blues\",\"Cornelius Claudio Kreusch\",\"Erlangen\",\"Jazzclub\",\"Jazzclub Unterfahrt\",\"Junger M\u00fcnchner Jazzpreis\",\"J\u00fcrgen Neudert\",\"Konzerte\",\"Kreusch\",\"Kulturf\u00f6rderung\",\"Leipzig\",\"Leo Betzl\",\"Marathon\",\"Marc Doffey\",\"mucjazz\",\"M\u00fcnchen\",\"Ottobrunn\",\"Peter O'Mara\",\"Piano\",\"Tony Lakatos\",\"Trio.Diktion\",\"Unterfahrt\",\"Workshop\"],\"articleSection\":[\"News\"],\"inLanguage\":\"de\",\"potentialAction\":[{\"@type\":\"CommentAction\",\"name\":\"Comment\",\"target\":[\"https:\\\/\\\/www.jazzzeitung.de\\\/cms\\\/2016\\\/11\\\/news-37-internationaler-jazz-workshop-in-erlangen-3-piano-marathon-ottobrunn-junger-muenchner-jazzpreis-konzertfinale\\\/#respond\"]}]},{\"@type\":\"WebPage\",\"@id\":\"https:\\\/\\\/www.jazzzeitung.de\\\/cms\\\/2016\\\/11\\\/news-37-internationaler-jazz-workshop-in-erlangen-3-piano-marathon-ottobrunn-junger-muenchner-jazzpreis-konzertfinale\\\/\",\"url\":\"https:\\\/\\\/www.jazzzeitung.de\\\/cms\\\/2016\\\/11\\\/news-37-internationaler-jazz-workshop-in-erlangen-3-piano-marathon-ottobrunn-junger-muenchner-jazzpreis-konzertfinale\\\/\",\"name\":\"NEWS +++ 37. Internationaler Jazz Workshop in Erlangen +++ 3. Piano Marathon Ottobrunn+++ Junger M\u00fcnchner Jazzpreis Konzertfinale +++ - JazzZeitung\",\"isPartOf\":{\"@id\":\"https:\\\/\\\/www.jazzzeitung.de\\\/cms\\\/#website\"},\"primaryImageOfPage\":{\"@id\":\"https:\\\/\\\/www.jazzzeitung.de\\\/cms\\\/2016\\\/11\\\/news-37-internationaler-jazz-workshop-in-erlangen-3-piano-marathon-ottobrunn-junger-muenchner-jazzpreis-konzertfinale\\\/#primaryimage\"},\"image\":{\"@id\":\"https:\\\/\\\/www.jazzzeitung.de\\\/cms\\\/2016\\\/11\\\/news-37-internationaler-jazz-workshop-in-erlangen-3-piano-marathon-ottobrunn-junger-muenchner-jazzpreis-konzertfinale\\\/#primaryimage\"},\"thumbnailUrl\":\"http:\\\/\\\/www.jazzzeitung.de\\\/cms\\\/wp-content\\\/uploads\\\/2016\\\/11\\\/DSC0082-150x150.jpg\",\"datePublished\":\"2016-11-08T11:00:47+00:00\",\"breadcrumb\":{\"@id\":\"https:\\\/\\\/www.jazzzeitung.de\\\/cms\\\/2016\\\/11\\\/news-37-internationaler-jazz-workshop-in-erlangen-3-piano-marathon-ottobrunn-junger-muenchner-jazzpreis-konzertfinale\\\/#breadcrumb\"},\"inLanguage\":\"de\",\"potentialAction\":[{\"@type\":\"ReadAction\",\"target\":[\"https:\\\/\\\/www.jazzzeitung.de\\\/cms\\\/2016\\\/11\\\/news-37-internationaler-jazz-workshop-in-erlangen-3-piano-marathon-ottobrunn-junger-muenchner-jazzpreis-konzertfinale\\\/\"]}]},{\"@type\":\"ImageObject\",\"inLanguage\":\"de\",\"@id\":\"https:\\\/\\\/www.jazzzeitung.de\\\/cms\\\/2016\\\/11\\\/news-37-internationaler-jazz-workshop-in-erlangen-3-piano-marathon-ottobrunn-junger-muenchner-jazzpreis-konzertfinale\\\/#primaryimage\",\"url\":\"http:\\\/\\\/www.jazzzeitung.de\\\/cms\\\/wp-content\\\/uploads\\\/2016\\\/11\\\/DSC0082-150x150.jpg\",\"contentUrl\":\"http:\\\/\\\/www.jazzzeitung.de\\\/cms\\\/wp-content\\\/uploads\\\/2016\\\/11\\\/DSC0082-150x150.jpg\"},{\"@type\":\"BreadcrumbList\",\"@id\":\"https:\\\/\\\/www.jazzzeitung.de\\\/cms\\\/2016\\\/11\\\/news-37-internationaler-jazz-workshop-in-erlangen-3-piano-marathon-ottobrunn-junger-muenchner-jazzpreis-konzertfinale\\\/#breadcrumb\",\"itemListElement\":[{\"@type\":\"ListItem\",\"position\":1,\"name\":\"Startseite\",\"item\":\"https:\\\/\\\/www.jazzzeitung.de\\\/cms\\\/\"},{\"@type\":\"ListItem\",\"position\":2,\"name\":\"NEWS +++ 37. Internationaler Jazz Workshop in Erlangen +++ 3. Piano Marathon Ottobrunn+++ Junger M\u00fcnchner Jazzpreis Konzertfinale +++\"}]},{\"@type\":\"WebSite\",\"@id\":\"https:\\\/\\\/www.jazzzeitung.de\\\/cms\\\/#website\",\"url\":\"https:\\\/\\\/www.jazzzeitung.de\\\/cms\\\/\",\"name\":\"JazzZeitung\",\"description\":\"Jazz-News und Jazz-Kontroverses\",\"publisher\":{\"@id\":\"https:\\\/\\\/www.jazzzeitung.de\\\/cms\\\/#organization\"},\"potentialAction\":[{\"@type\":\"SearchAction\",\"target\":{\"@type\":\"EntryPoint\",\"urlTemplate\":\"https:\\\/\\\/www.jazzzeitung.de\\\/cms\\\/?s={search_term_string}\"},\"query-input\":{\"@type\":\"PropertyValueSpecification\",\"valueRequired\":true,\"valueName\":\"search_term_string\"}}],\"inLanguage\":\"de\"},{\"@type\":\"Organization\",\"@id\":\"https:\\\/\\\/www.jazzzeitung.de\\\/cms\\\/#organization\",\"name\":\"JazzZeitung online\",\"url\":\"https:\\\/\\\/www.jazzzeitung.de\\\/cms\\\/\",\"logo\":{\"@type\":\"ImageObject\",\"inLanguage\":\"de\",\"@id\":\"https:\\\/\\\/www.jazzzeitung.de\\\/cms\\\/#\\\/schema\\\/logo\\\/image\\\/\",\"url\":\"https:\\\/\\\/i0.wp.com\\\/www.jazzzeitung.de\\\/cms\\\/wp-content\\\/uploads\\\/2015\\\/08\\\/JAZZZEITUNGDE_Logo_Neu.png?fit=499%2C200&ssl=1\",\"contentUrl\":\"https:\\\/\\\/i0.wp.com\\\/www.jazzzeitung.de\\\/cms\\\/wp-content\\\/uploads\\\/2015\\\/08\\\/JAZZZEITUNGDE_Logo_Neu.png?fit=499%2C200&ssl=1\",\"width\":499,\"height\":200,\"caption\":\"JazzZeitung online\"},\"image\":{\"@id\":\"https:\\\/\\\/www.jazzzeitung.de\\\/cms\\\/#\\\/schema\\\/logo\\\/image\\\/\"},\"sameAs\":[\"https:\\\/\\\/www.facebook.com\\\/JazzZeitung\\\/\"]},{\"@type\":\"Person\",\"@id\":\"https:\\\/\\\/www.jazzzeitung.de\\\/cms\\\/#\\\/schema\\\/person\\\/2245b36b9cd1d24cea10f01c031fb92b\",\"name\":\"Redaktion JazzZeitung\",\"image\":{\"@type\":\"ImageObject\",\"inLanguage\":\"de\",\"@id\":\"https:\\\/\\\/i0.wp.com\\\/www.jazzzeitung.de\\\/cms\\\/wp-content\\\/uploads\\\/2015\\\/08\\\/JAZZZEITUNGDE_Logo_Neu.png?resize=96%2C96&ssl=159975dcacb611b5700bd619b5daf0a7a\",\"url\":\"https:\\\/\\\/i0.wp.com\\\/www.jazzzeitung.de\\\/cms\\\/wp-content\\\/uploads\\\/2015\\\/08\\\/JAZZZEITUNGDE_Logo_Neu.png?resize=96%2C96&ssl=1\",\"contentUrl\":\"https:\\\/\\\/i0.wp.com\\\/www.jazzzeitung.de\\\/cms\\\/wp-content\\\/uploads\\\/2015\\\/08\\\/JAZZZEITUNGDE_Logo_Neu.png?resize=96%2C96&ssl=1\",\"caption\":\"Redaktion JazzZeitung\"},\"description\":\"Artikel der Redaktion der JazzZeitung.\",\"sameAs\":[\"http:\\\/\\\/www.jazzzeitung.de\\\/cms\\\/\"],\"url\":\"https:\\\/\\\/www.jazzzeitung.de\\\/cms\\\/author\\\/redaktion\\\/\"}]}<\/script>\n<!-- \/ Yoast SEO plugin. -->","yoast_head_json":{"title":"NEWS +++ 37. Internationaler Jazz Workshop in Erlangen +++ 3. Piano Marathon Ottobrunn+++ Junger M\u00fcnchner Jazzpreis Konzertfinale +++ - JazzZeitung","robots":{"index":"index","follow":"follow","max-snippet":"max-snippet:-1","max-image-preview":"max-image-preview:large","max-video-preview":"max-video-preview:-1"},"canonical":"https:\/\/www.jazzzeitung.de\/cms\/2016\/11\/news-37-internationaler-jazz-workshop-in-erlangen-3-piano-marathon-ottobrunn-junger-muenchner-jazzpreis-konzertfinale\/","og_locale":"de_DE","og_type":"article","og_title":"NEWS +++ 37. Internationaler Jazz Workshop in Erlangen +++ 3. Piano Marathon Ottobrunn+++ Junger M\u00fcnchner Jazzpreis Konzertfinale +++ - JazzZeitung","og_description":"37. Internationaler Jazz Workshop in Erlangen Vom 15. bis zum 22. April 2017\u00a0gibt es in Erlangen den\u00a037. Internationalen Jazz Workshop. Als Dozenten sind 2017 geladen: Romy Camerun (voc), Andrey Lobanov (tp, flh), Prof. J\u00fcrgen Neudert (tb), Tony Lakatos, Hubert Winter und Joachim Lenhardt (saxophone), Peter O&#8217;Mara (git), Bernhard Pichl (p), Rainer Glas und Patrick Scales (b), Harald R\u00fcschenbaum und Christoph Huber (dr). Als Kursgeb\u00e4ude steht das Egloffstein&#8217;schen Palais der VHS zur Verf\u00fcgung. Rund um das Kursangebot mit Rhythmik, Instrumentalunterricht, Harmonie- und Improvisationslehre und Combo bzw. Bigbandspiel gibt es noch viele Sessions und Konzerte. Veranstalter ist der Kursleiter und Bassist Rainer Glas mit Unterst\u00fctzung durch die\u00a0Kulturf\u00f6rderung der Stadt Erlangen. Infos und Anmeldungen: jazz-workshops.de 3. Piano Marathon Ottobrunn Mit dem 3. Piano Marathon der Ottobrunner Konzerte kommen vom 16. bis zu 18. Dezember zw\u00f6lf Pianisten zusammen, um zu spielen und zu lehren. 2 Jazz-Piano-Konzerte, 2 Jam-Sessions und zw\u00f6lf Jazz-Piano-Workshops stehen auf dem Programm von Gastgeber Cornelius Claudio Kreusch. &#8222;JAZZ PIANO MARATHON&#8220; am Freitag 16. Dezember\u00a02016 Klaus Ignatzek, Oliver Kent, Cornelius Claudio Kreusch, Hans L\u00fcdemann, Larry Porter, Olga Konkova, Kristjan Randalu &amp; Christof S\u00e4nger &#8222;BLUES, BOOGIE &amp; BEYOND&#8220; &hellip;","og_url":"https:\/\/www.jazzzeitung.de\/cms\/2016\/11\/news-37-internationaler-jazz-workshop-in-erlangen-3-piano-marathon-ottobrunn-junger-muenchner-jazzpreis-konzertfinale\/","og_site_name":"JazzZeitung","article_publisher":"https:\/\/www.facebook.com\/JazzZeitung\/","article_published_time":"2016-11-08T11:00:47+00:00","og_image":[{"url":"http:\/\/www.jazzzeitung.de\/cms\/wp-content\/uploads\/2016\/11\/DSC0082-150x150.jpg","type":"","width":"","height":""}],"author":"Redaktion JazzZeitung","schema":{"@context":"https:\/\/schema.org","@graph":[{"@type":"Article","@id":"https:\/\/www.jazzzeitung.de\/cms\/2016\/11\/news-37-internationaler-jazz-workshop-in-erlangen-3-piano-marathon-ottobrunn-junger-muenchner-jazzpreis-konzertfinale\/#article","isPartOf":{"@id":"https:\/\/www.jazzzeitung.de\/cms\/2016\/11\/news-37-internationaler-jazz-workshop-in-erlangen-3-piano-marathon-ottobrunn-junger-muenchner-jazzpreis-konzertfinale\/"},"author":{"name":"Redaktion JazzZeitung","@id":"https:\/\/www.jazzzeitung.de\/cms\/#\/schema\/person\/2245b36b9cd1d24cea10f01c031fb92b"},"headline":"NEWS +++ 37. Internationaler Jazz Workshop in Erlangen +++ 3. Piano Marathon Ottobrunn+++ Junger M\u00fcnchner Jazzpreis Konzertfinale +++","datePublished":"2016-11-08T11:00:47+00:00","mainEntityOfPage":{"@id":"https:\/\/www.jazzzeitung.de\/cms\/2016\/11\/news-37-internationaler-jazz-workshop-in-erlangen-3-piano-marathon-ottobrunn-junger-muenchner-jazzpreis-konzertfinale\/"},"wordCount":340,"commentCount":0,"publisher":{"@id":"https:\/\/www.jazzzeitung.de\/cms\/#organization"},"image":{"@id":"https:\/\/www.jazzzeitung.de\/cms\/2016\/11\/news-37-internationaler-jazz-workshop-in-erlangen-3-piano-marathon-ottobrunn-junger-muenchner-jazzpreis-konzertfinale\/#primaryimage"},"thumbnailUrl":"http:\/\/www.jazzzeitung.de\/cms\/wp-content\/uploads\/2016\/11\/DSC0082-150x150.jpg","keywords":["Berlin","betzl","Blues","Cornelius Claudio Kreusch","Erlangen","Jazzclub","Jazzclub Unterfahrt","Junger M\u00fcnchner Jazzpreis","J\u00fcrgen Neudert","Konzerte","Kreusch","Kulturf\u00f6rderung","Leipzig","Leo Betzl","Marathon","Marc Doffey","mucjazz","M\u00fcnchen","Ottobrunn","Peter O'Mara","Piano","Tony Lakatos","Trio.Diktion","Unterfahrt","Workshop"],"articleSection":["News"],"inLanguage":"de","potentialAction":[{"@type":"CommentAction","name":"Comment","target":["https:\/\/www.jazzzeitung.de\/cms\/2016\/11\/news-37-internationaler-jazz-workshop-in-erlangen-3-piano-marathon-ottobrunn-junger-muenchner-jazzpreis-konzertfinale\/#respond"]}]},{"@type":"WebPage","@id":"https:\/\/www.jazzzeitung.de\/cms\/2016\/11\/news-37-internationaler-jazz-workshop-in-erlangen-3-piano-marathon-ottobrunn-junger-muenchner-jazzpreis-konzertfinale\/","url":"https:\/\/www.jazzzeitung.de\/cms\/2016\/11\/news-37-internationaler-jazz-workshop-in-erlangen-3-piano-marathon-ottobrunn-junger-muenchner-jazzpreis-konzertfinale\/","name":"NEWS +++ 37. Internationaler Jazz Workshop in Erlangen +++ 3. Piano Marathon Ottobrunn+++ Junger M\u00fcnchner Jazzpreis Konzertfinale +++ - JazzZeitung","isPartOf":{"@id":"https:\/\/www.jazzzeitung.de\/cms\/#website"},"primaryImageOfPage":{"@id":"https:\/\/www.jazzzeitung.de\/cms\/2016\/11\/news-37-internationaler-jazz-workshop-in-erlangen-3-piano-marathon-ottobrunn-junger-muenchner-jazzpreis-konzertfinale\/#primaryimage"},"image":{"@id":"https:\/\/www.jazzzeitung.de\/cms\/2016\/11\/news-37-internationaler-jazz-workshop-in-erlangen-3-piano-marathon-ottobrunn-junger-muenchner-jazzpreis-konzertfinale\/#primaryimage"},"thumbnailUrl":"http:\/\/www.jazzzeitung.de\/cms\/wp-content\/uploads\/2016\/11\/DSC0082-150x150.jpg","datePublished":"2016-11-08T11:00:47+00:00","breadcrumb":{"@id":"https:\/\/www.jazzzeitung.de\/cms\/2016\/11\/news-37-internationaler-jazz-workshop-in-erlangen-3-piano-marathon-ottobrunn-junger-muenchner-jazzpreis-konzertfinale\/#breadcrumb"},"inLanguage":"de","potentialAction":[{"@type":"ReadAction","target":["https:\/\/www.jazzzeitung.de\/cms\/2016\/11\/news-37-internationaler-jazz-workshop-in-erlangen-3-piano-marathon-ottobrunn-junger-muenchner-jazzpreis-konzertfinale\/"]}]},{"@type":"ImageObject","inLanguage":"de","@id":"https:\/\/www.jazzzeitung.de\/cms\/2016\/11\/news-37-internationaler-jazz-workshop-in-erlangen-3-piano-marathon-ottobrunn-junger-muenchner-jazzpreis-konzertfinale\/#primaryimage","url":"http:\/\/www.jazzzeitung.de\/cms\/wp-content\/uploads\/2016\/11\/DSC0082-150x150.jpg","contentUrl":"http:\/\/www.jazzzeitung.de\/cms\/wp-content\/uploads\/2016\/11\/DSC0082-150x150.jpg"},{"@type":"BreadcrumbList","@id":"https:\/\/www.jazzzeitung.de\/cms\/2016\/11\/news-37-internationaler-jazz-workshop-in-erlangen-3-piano-marathon-ottobrunn-junger-muenchner-jazzpreis-konzertfinale\/#breadcrumb","itemListElement":[{"@type":"ListItem","position":1,"name":"Startseite","item":"https:\/\/www.jazzzeitung.de\/cms\/"},{"@type":"ListItem","position":2,"name":"NEWS +++ 37. Internationaler Jazz Workshop in Erlangen +++ 3. Piano Marathon Ottobrunn+++ Junger M\u00fcnchner Jazzpreis Konzertfinale +++"}]},{"@type":"WebSite","@id":"https:\/\/www.jazzzeitung.de\/cms\/#website","url":"https:\/\/www.jazzzeitung.de\/cms\/","name":"JazzZeitung","description":"Jazz-News und Jazz-Kontroverses","publisher":{"@id":"https:\/\/www.jazzzeitung.de\/cms\/#organization"},"potentialAction":[{"@type":"SearchAction","target":{"@type":"EntryPoint","urlTemplate":"https:\/\/www.jazzzeitung.de\/cms\/?s={search_term_string}"},"query-input":{"@type":"PropertyValueSpecification","valueRequired":true,"valueName":"search_term_string"}}],"inLanguage":"de"},{"@type":"Organization","@id":"https:\/\/www.jazzzeitung.de\/cms\/#organization","name":"JazzZeitung online","url":"https:\/\/www.jazzzeitung.de\/cms\/","logo":{"@type":"ImageObject","inLanguage":"de","@id":"https:\/\/www.jazzzeitung.de\/cms\/#\/schema\/logo\/image\/","url":"https:\/\/i0.wp.com\/www.jazzzeitung.de\/cms\/wp-content\/uploads\/2015\/08\/JAZZZEITUNGDE_Logo_Neu.png?fit=499%2C200&ssl=1","contentUrl":"https:\/\/i0.wp.com\/www.jazzzeitung.de\/cms\/wp-content\/uploads\/2015\/08\/JAZZZEITUNGDE_Logo_Neu.png?fit=499%2C200&ssl=1","width":499,"height":200,"caption":"JazzZeitung online"},"image":{"@id":"https:\/\/www.jazzzeitung.de\/cms\/#\/schema\/logo\/image\/"},"sameAs":["https:\/\/www.facebook.com\/JazzZeitung\/"]},{"@type":"Person","@id":"https:\/\/www.jazzzeitung.de\/cms\/#\/schema\/person\/2245b36b9cd1d24cea10f01c031fb92b","name":"Redaktion JazzZeitung","image":{"@type":"ImageObject","inLanguage":"de","@id":"https:\/\/i0.wp.com\/www.jazzzeitung.de\/cms\/wp-content\/uploads\/2015\/08\/JAZZZEITUNGDE_Logo_Neu.png?resize=96%2C96&ssl=159975dcacb611b5700bd619b5daf0a7a","url":"https:\/\/i0.wp.com\/www.jazzzeitung.de\/cms\/wp-content\/uploads\/2015\/08\/JAZZZEITUNGDE_Logo_Neu.png?resize=96%2C96&ssl=1","contentUrl":"https:\/\/i0.wp.com\/www.jazzzeitung.de\/cms\/wp-content\/uploads\/2015\/08\/JAZZZEITUNGDE_Logo_Neu.png?resize=96%2C96&ssl=1","caption":"Redaktion JazzZeitung"},"description":"Artikel der Redaktion der JazzZeitung.","sameAs":["http:\/\/www.jazzzeitung.de\/cms\/"],"url":"https:\/\/www.jazzzeitung.de\/cms\/author\/redaktion\/"}]}},"wp-worthy-pixel":{"ignored":false,"public":null,"server":null,"url":null},"wp-worthy-type":"normal","jetpack_publicize_connections":[],"cc_featured_image_caption":{"caption_text":false,"source_text":false,"source_url":false},"jetpack_featured_media_url":"","jetpack_shortlink":"https:\/\/wp.me\/p3KEcT-2PL","jetpack-related-posts":[{"id":16687,"url":"https:\/\/www.jazzzeitung.de\/cms\/2018\/07\/news-neue-cd-mit-steffi-denk-erlanger-jazz-workshops-2019\/","url_meta":{"origin":10897,"position":0},"title":"+++ news +++ neue CD mit Steffi Denk +++ Erlanger Jazz Workshops 2019","author":"Redaktion JazzZeitung","date":"21. Juli 2018","format":false,"excerpt":"+++ \u201eAccentuate The Positive\u201c hei\u00dft die neue CD und das gleichnamige Live-Programm von Steffi Denk und den \"Flexible Friends\". Auf dieser musikalischen Reise zu den Jazz-, Swing- und Bossa Nova-Wurzeln der Formation erwartet einen neben bekannten\u00a0Klassikern aus dem\u00a0amerikanischen Songbook beschwingte Bearbeitungen zeitgen\u00f6ssischer Hits wie\u00a0\u201eLivin\u00b4On A Prayer\u201c von Jon Bon Jovi,\u00a0\u201eBlack\u2026","rel":"","context":"In &quot;News&quot;","block_context":{"text":"News","link":"https:\/\/www.jazzzeitung.de\/cms\/thema\/nachrichten\/"},"img":{"alt_text":"","src":"https:\/\/i0.wp.com\/www.jazzzeitung.de\/cms\/wp-content\/uploads\/2018\/07\/Steffi-Denk-Flexible-Friends-Pressefoto-2.jpg?fit=1200%2C843&ssl=1&resize=350%2C200","width":350,"height":200,"srcset":"https:\/\/i0.wp.com\/www.jazzzeitung.de\/cms\/wp-content\/uploads\/2018\/07\/Steffi-Denk-Flexible-Friends-Pressefoto-2.jpg?fit=1200%2C843&ssl=1&resize=350%2C200 1x, https:\/\/i0.wp.com\/www.jazzzeitung.de\/cms\/wp-content\/uploads\/2018\/07\/Steffi-Denk-Flexible-Friends-Pressefoto-2.jpg?fit=1200%2C843&ssl=1&resize=525%2C300 1.5x, https:\/\/i0.wp.com\/www.jazzzeitung.de\/cms\/wp-content\/uploads\/2018\/07\/Steffi-Denk-Flexible-Friends-Pressefoto-2.jpg?fit=1200%2C843&ssl=1&resize=700%2C400 2x, https:\/\/i0.wp.com\/www.jazzzeitung.de\/cms\/wp-content\/uploads\/2018\/07\/Steffi-Denk-Flexible-Friends-Pressefoto-2.jpg?fit=1200%2C843&ssl=1&resize=1050%2C600 3x"},"classes":[]},{"id":7801,"url":"https:\/\/www.jazzzeitung.de\/cms\/2015\/11\/zweiter-jazz-piano-marathon-ottobrunn\/","url_meta":{"origin":10897,"position":1},"title":"Zweiter Jazz Piano Marathon in Ottobrunn","author":"Redaktion JazzZeitung","date":"23. November 2015","format":false,"excerpt":"Von Thomas J. Krebs - Unter dem Motto \u201ePr\u00e4gende Generation\u201d geht der Jazz Piano Marathon in Ottobrunn am 04. Dezember 2015, diesmal mit 12 H\u00e4nden an 88 Tasten, in die zweite Runde. Nach dem grandiosen Erfolg der ersten Veranstaltung letzten Jahres scheint sich diese Reihe zu etablieren (das w\u00e4re zumindest\u2026","rel":"","context":"In &quot;Redaktionelle Nachrichten&quot;","block_context":{"text":"Redaktionelle Nachrichten","link":"https:\/\/www.jazzzeitung.de\/cms\/thema\/redaktion\/"},"img":{"alt_text":"P1410182_Kreusch Foto TJ Krebs jazzphotoagency","src":"https:\/\/i0.wp.com\/www.jazzzeitung.de\/cms\/wp-content\/uploads\/2015\/11\/P1410182_Kreusch-Foto-TJ-Krebs-jazzphotoagency-150x150.jpg?resize=350%2C200","width":350,"height":200},"classes":[]},{"id":11998,"url":"https:\/\/www.jazzzeitung.de\/cms\/2017\/03\/junger-muenchner-jazzpreis-2017-jetzt-bewerben\/","url_meta":{"origin":10897,"position":2},"title":"Junger M\u00fcnchner Jazzpreis 2017 &#8211; jetzt bewerben!","author":"Redaktion JazzZeitung","date":"20. M\u00e4rz 2017","format":false,"excerpt":"F\u00fcr den Jungen M\u00fcnchner Jazzpreis 2017 sind Bewerbungen von Bands bzw. Musiker(inn)en bis 28 Jahre sind bis zum 1. Juli 2017 (Eingang) herzlich willkommen. Junger M\u00fcnchner Jazzpreis Der Junge M\u00fcnchner Jazzpreis (JMJP) wird 2017 das 5. Mal vergeben. Es ist ein F\u00f6rderpreis von \u201amucjazz - M\u00fcnchner Verein zur F\u00f6rderung von\u2026","rel":"","context":"In &quot;News&quot;","block_context":{"text":"News","link":"https:\/\/www.jazzzeitung.de\/cms\/thema\/nachrichten\/"},"img":{"alt_text":"","src":"","width":0,"height":0},"classes":[]},{"id":21548,"url":"https:\/\/www.jazzzeitung.de\/cms\/2019\/12\/8-hands-88-keys-6-klavier-festival-in-ottobrunn\/","url_meta":{"origin":10897,"position":3},"title":"8 hands &#8211; 88 keys: 6. Klavier Festival in Ottobrunn","author":"Redaktion JazzZeitung","date":"17. Dezember 2019","format":false,"excerpt":"Alle Geschenke verpackt, Karten geschrieben und Weihnachtsfeiern \u00fcberlebt - klasse! Dann darf man sich am letzten Wochenende vor Weihnachten auch entsprechend entspannen und sollte dies vor allem klanglich genie\u00dfen. Der ultimativer Tipp f\u00fcr solch einen Abend: auch dieses Jahr findet in Ottobrunn traditionsgem\u00e4\u00df im Rahmen des mittlerweile 6. (!) Klavier\u2026","rel":"","context":"In &quot;News&quot;","block_context":{"text":"News","link":"https:\/\/www.jazzzeitung.de\/cms\/thema\/nachrichten\/"},"img":{"alt_text":"","src":"https:\/\/i0.wp.com\/www.jazzzeitung.de\/cms\/wp-content\/uploads\/2019\/12\/Helfrich-Hand-Foto-TJ-Krebs.jpg?fit=1200%2C801&ssl=1&resize=350%2C200","width":350,"height":200,"srcset":"https:\/\/i0.wp.com\/www.jazzzeitung.de\/cms\/wp-content\/uploads\/2019\/12\/Helfrich-Hand-Foto-TJ-Krebs.jpg?fit=1200%2C801&ssl=1&resize=350%2C200 1x, https:\/\/i0.wp.com\/www.jazzzeitung.de\/cms\/wp-content\/uploads\/2019\/12\/Helfrich-Hand-Foto-TJ-Krebs.jpg?fit=1200%2C801&ssl=1&resize=525%2C300 1.5x, https:\/\/i0.wp.com\/www.jazzzeitung.de\/cms\/wp-content\/uploads\/2019\/12\/Helfrich-Hand-Foto-TJ-Krebs.jpg?fit=1200%2C801&ssl=1&resize=700%2C400 2x, https:\/\/i0.wp.com\/www.jazzzeitung.de\/cms\/wp-content\/uploads\/2019\/12\/Helfrich-Hand-Foto-TJ-Krebs.jpg?fit=1200%2C801&ssl=1&resize=1050%2C600 3x"},"classes":[]},{"id":9585,"url":"https:\/\/www.jazzzeitung.de\/cms\/2016\/06\/junger-muenchner-jazzpreis-2016-steht-bevor\/","url_meta":{"origin":10897,"position":4},"title":"Jetzt bewerben f\u00fcr den Jungen M\u00fcnchner Jazzpreis 2016","author":"Redaktion JazzZeitung","date":"29. Juni 2016","format":false,"excerpt":"Am 11. November 2016 wird zum vierten Mal der Junge M\u00fcnchner Jazzpreis vergeben.\u00a0 Mit diesem Preis\u00a0 sollen junge K\u00fcnstler und Bands aus Deutschland gef\u00f6rdert werden. Bewerben k\u00f6nnen sich 1-6 Jazzmusiker(innen). Jede(r) Musiker(in) kann sich im selben Jahr nur einmal bewerben, insgesamt maximal dreimal. Alle Bewerber(innen) sollen zum Zeitpunkt der Bewerbungsfrist\u2026","rel":"","context":"In &quot;News&quot;","block_context":{"text":"News","link":"https:\/\/www.jazzzeitung.de\/cms\/thema\/nachrichten\/"},"img":{"alt_text":"Logo_Muc_Jazz-300x244","src":"https:\/\/i0.wp.com\/www.jazzzeitung.de\/cms\/wp-content\/uploads\/2016\/06\/Logo_Muc_Jazz-300x244-150x150.png?resize=350%2C200","width":350,"height":200},"classes":[]},{"id":21297,"url":"https:\/\/www.jazzzeitung.de\/cms\/2019\/11\/3-aus-34-7-junger-muenchner-jazzpreis-2019-mit-grandiosem-konzertfinale\/","url_meta":{"origin":10897,"position":5},"title":"3 aus 34: 7. Junger M\u00fcnchner Jazzpreis 2019 mit grandiosem Konzertfinale","author":"Redaktion JazzZeitung","date":"15. November 2019","format":false,"excerpt":"Der 7. Junge M\u00fcnchner Jazzpreis 2019 wurde nach einem grandiosen Konzertfinale im Jazzclub Unterfahrt ohne weitere Begr\u00fcndung verliehen. Gewinner des 1. Preises, dotiert mit 2500 \u20ac, ist das SH4iKH Quartett aus Mainz. Die Formation des aus Frankfurt stammenden Alt- und Sopran-Saxophonisten Maximilian Shaikh-Yousef mit Lukas Moriz am Piano, Bastian Weinig\u2026","rel":"","context":"In &quot;News&quot;","block_context":{"text":"News","link":"https:\/\/www.jazzzeitung.de\/cms\/thema\/nachrichten\/"},"img":{"alt_text":"","src":"https:\/\/i0.wp.com\/www.jazzzeitung.de\/cms\/wp-content\/uploads\/2019\/11\/SH4IKH-4et_MORIZ_WEINIG_SHAIKH-YOUSEF-EBERT%E2%94%AC%C2%AEGodehard.Lutz%40bayern-mail.de_IMGP0549AB-scaled.jpg?fit=1200%2C795&ssl=1&resize=350%2C200","width":350,"height":200,"srcset":"https:\/\/i0.wp.com\/www.jazzzeitung.de\/cms\/wp-content\/uploads\/2019\/11\/SH4IKH-4et_MORIZ_WEINIG_SHAIKH-YOUSEF-EBERT%E2%94%AC%C2%AEGodehard.Lutz%40bayern-mail.de_IMGP0549AB-scaled.jpg?fit=1200%2C795&ssl=1&resize=350%2C200 1x, https:\/\/i0.wp.com\/www.jazzzeitung.de\/cms\/wp-content\/uploads\/2019\/11\/SH4IKH-4et_MORIZ_WEINIG_SHAIKH-YOUSEF-EBERT%E2%94%AC%C2%AEGodehard.Lutz%40bayern-mail.de_IMGP0549AB-scaled.jpg?fit=1200%2C795&ssl=1&resize=525%2C300 1.5x, https:\/\/i0.wp.com\/www.jazzzeitung.de\/cms\/wp-content\/uploads\/2019\/11\/SH4IKH-4et_MORIZ_WEINIG_SHAIKH-YOUSEF-EBERT%E2%94%AC%C2%AEGodehard.Lutz%40bayern-mail.de_IMGP0549AB-scaled.jpg?fit=1200%2C795&ssl=1&resize=700%2C400 2x, https:\/\/i0.wp.com\/www.jazzzeitung.de\/cms\/wp-content\/uploads\/2019\/11\/SH4IKH-4et_MORIZ_WEINIG_SHAIKH-YOUSEF-EBERT%E2%94%AC%C2%AEGodehard.Lutz%40bayern-mail.de_IMGP0549AB-scaled.jpg?fit=1200%2C795&ssl=1&resize=1050%2C600 3x"},"classes":[]}],"jetpack_sharing_enabled":true,"_links":{"self":[{"href":"https:\/\/www.jazzzeitung.de\/cms\/wp-json\/wp\/v2\/posts\/10897","targetHints":{"allow":["GET"]}}],"collection":[{"href":"https:\/\/www.jazzzeitung.de\/cms\/wp-json\/wp\/v2\/posts"}],"about":[{"href":"https:\/\/www.jazzzeitung.de\/cms\/wp-json\/wp\/v2\/types\/post"}],"author":[{"embeddable":true,"href":"https:\/\/www.jazzzeitung.de\/cms\/wp-json\/wp\/v2\/users\/18"}],"replies":[{"embeddable":true,"href":"https:\/\/www.jazzzeitung.de\/cms\/wp-json\/wp\/v2\/comments?post=10897"}],"version-history":[{"count":6,"href":"https:\/\/www.jazzzeitung.de\/cms\/wp-json\/wp\/v2\/posts\/10897\/revisions"}],"predecessor-version":[{"id":10904,"href":"https:\/\/www.jazzzeitung.de\/cms\/wp-json\/wp\/v2\/posts\/10897\/revisions\/10904"}],"wp:attachment":[{"href":"https:\/\/www.jazzzeitung.de\/cms\/wp-json\/wp\/v2\/media?parent=10897"}],"wp:term":[{"taxonomy":"category","embeddable":true,"href":"https:\/\/www.jazzzeitung.de\/cms\/wp-json\/wp\/v2\/categories?post=10897"},{"taxonomy":"post_tag","embeddable":true,"href":"https:\/\/www.jazzzeitung.de\/cms\/wp-json\/wp\/v2\/tags?post=10897"},{"taxonomy":"author","embeddable":true,"href":"https:\/\/www.jazzzeitung.de\/cms\/wp-json\/wp\/v2\/coauthors?post=10897"}],"curies":[{"name":"wp","href":"https:\/\/api.w.org\/{rel}","templated":true}]}}