{"id":10853,"date":"2016-11-07T13:13:07","date_gmt":"2016-11-07T12:13:07","guid":{"rendered":"http:\/\/www.jazzzeitung.de\/cms\/?p=10853"},"modified":"2016-11-07T14:01:49","modified_gmt":"2016-11-07T13:01:49","slug":"jazzfest-berlin-2016-4-fegefeuer-turbine-und-dasder-rauschende","status":"publish","type":"post","link":"https:\/\/www.jazzzeitung.de\/cms\/2016\/11\/jazzfest-berlin-2016-4-fegefeuer-turbine-und-dasder-rauschende\/","title":{"rendered":"Jazzfest Berlin 2016 (4) \u2013 Fegefeuer, Turbine und das\/der Rauschende"},"content":{"rendered":"<p>Bisher war das Jazzfest Berlin 2016 eher \u201enaja\u201c. Der letzte Abend brachte die Wendung, es war Stimmung im Saal, es wurde auch mal gebuht. Irgendwer im Publikum durfte lautstark behaupten: \u201eDas ist doch kein Jazz\u201c. Emotionen! Die Antwort darauf kann nur lauten: Wenn man Jazz nur an den Namen, nicht aber an der Musik festmacht, dann habe der Jazz sich eben selbst kannibalisiert. Aber nehmen wir die Aussage als Frage auf: Was ist Jazz? Der Abend im Haus der Berliner Festspiele lieferte drei Antworten.<\/p>\n<h2>Fegefeuer des Einfachen<br \/>\nJulia Holter &amp; Strings<\/h2>\n<p>Julia Holters Musik l\u00e4sst sich sicher ganz einfach und trivial beschreiben als Singer\/Songwriter-Show mit ihr selbst an Stimme und Keyboard (immer sch\u00f6n leicht in den Songstrukturen freundlich singend), einer Rhythmusgruppe, einem Saxophon und einem Streichtrio (!). Holter hat darauf Arrangements gesetzt, die einfach perfekt waren, in Tonsatz und Timing. Man wird vergebens nach dem virtuosen Solo suchen, denn das gab es nicht.<\/p>\n<p>Kammermusik als ArtPop, so wie man es vielleicht verbinden mag mit der brodelnden Zeit der 80er und 90er Jahre, als die Genres ineinandergriffen und Bernd Leukert im Hessischen Rundfunk seine \u201eAvantgarderobe\u201c lancierte. Art Zoyd, die 5 UU\u2019s, The Entropics oder David Garland m\u00f6gen dem einen oder anderen noch gel\u00e4ufig sein.<\/p>\n<div class=\"tiled-gallery type-rectangular tiled-gallery-unresized\" data-original-width=\"840\" data-carousel-extra='{&quot;blog_id&quot;:1,&quot;permalink&quot;:&quot;https:\\\/\\\/www.jazzzeitung.de\\\/cms\\\/2016\\\/11\\\/jazzfest-berlin-2016-4-fegefeuer-turbine-und-dasder-rauschende\\\/&quot;,&quot;likes_blog_id&quot;:55446655}' itemscope itemtype=\"http:\/\/schema.org\/ImageGallery\" > <div class=\"gallery-row\" style=\"width: 840px; height: 408px;\" data-original-width=\"840\" data-original-height=\"408\" > <div class=\"gallery-group images-1\" style=\"width: 569px; height: 408px;\" data-original-width=\"569\" data-original-height=\"408\" > <div class=\"tiled-gallery-item tiled-gallery-item-large\" itemprop=\"associatedMedia\" itemscope itemtype=\"http:\/\/schema.org\/ImageObject\"> <a href=\"https:\/\/i0.wp.com\/www.jazzzeitung.de\/cms\/wp-content\/uploads\/2016\/11\/2016_11_06_Steve_Lehmann_Octet_JazzFestBerlin_2016_Petra_Basche_HuPe-Kollektiv0009.jpg?ssl=1\" border=\"0\" itemprop=\"url\"> <meta itemprop=\"width\" content=\"565\"> <meta itemprop=\"height\" content=\"404\"> <img decoding=\"async\" class=\"\" data-attachment-id=\"10857\" data-orig-file=\"https:\/\/www.jazzzeitung.de\/cms\/wp-content\/uploads\/2016\/11\/2016_11_06_Steve_Lehmann_Octet_JazzFestBerlin_2016_Petra_Basche_HuPe-Kollektiv0009.jpg\" data-orig-size=\"1680,1200\" data-comments-opened=\"1\" data-image-meta=\"{&quot;aperture&quot;:&quot;3.2&quot;,&quot;credit&quot;:&quot;Pepa&quot;,&quot;camera&quot;:&quot;E-M5MarkII&quot;,&quot;caption&quot;:&quot;Impressionen vom Jazzfest Berlin. Foto: Petra Basche&quot;,&quot;created_timestamp&quot;:&quot;1478467411&quot;,&quot;copyright&quot;:&quot;Petra Basche&quot;,&quot;focal_length&quot;:&quot;40&quot;,&quot;iso&quot;:&quot;1250&quot;,&quot;shutter_speed&quot;:&quot;0.016666666666667&quot;,&quot;title&quot;:&quot;Impressionen vom Jazzfest Berlin. Foto: Petra Basche&quot;,&quot;orientation&quot;:&quot;1&quot;}\" data-image-title=\"Impressionen vom Jazzfest Berlin. Foto: Petra Basche\" data-image-description=\"&lt;p&gt;Impressionen vom Jazzfest Berlin. Foto: Petra Basche&lt;\/p&gt; \" data-medium-file=\"https:\/\/i0.wp.com\/www.jazzzeitung.de\/cms\/wp-content\/uploads\/2016\/11\/2016_11_06_Steve_Lehmann_Octet_JazzFestBerlin_2016_Petra_Basche_HuPe-Kollektiv0009.jpg?fit=300%2C214&#038;ssl=1\" data-large-file=\"https:\/\/i0.wp.com\/www.jazzzeitung.de\/cms\/wp-content\/uploads\/2016\/11\/2016_11_06_Steve_Lehmann_Octet_JazzFestBerlin_2016_Petra_Basche_HuPe-Kollektiv0009.jpg?fit=840%2C600&#038;ssl=1\" src=\"https:\/\/i0.wp.com\/www.jazzzeitung.de\/cms\/wp-content\/uploads\/2016\/11\/2016_11_06_Steve_Lehmann_Octet_JazzFestBerlin_2016_Petra_Basche_HuPe-Kollektiv0009.jpg?w=565&#038;h=404&#038;ssl=1\" srcset=\"https:\/\/i0.wp.com\/www.jazzzeitung.de\/cms\/wp-content\/uploads\/2016\/11\/2016_11_06_Steve_Lehmann_Octet_JazzFestBerlin_2016_Petra_Basche_HuPe-Kollektiv0009.jpg?w=1680&amp;ssl=1 1680w, https:\/\/i0.wp.com\/www.jazzzeitung.de\/cms\/wp-content\/uploads\/2016\/11\/2016_11_06_Steve_Lehmann_Octet_JazzFestBerlin_2016_Petra_Basche_HuPe-Kollektiv0009.jpg?resize=300%2C214&amp;ssl=1 300w, https:\/\/i0.wp.com\/www.jazzzeitung.de\/cms\/wp-content\/uploads\/2016\/11\/2016_11_06_Steve_Lehmann_Octet_JazzFestBerlin_2016_Petra_Basche_HuPe-Kollektiv0009.jpg?resize=768%2C549&amp;ssl=1 768w, https:\/\/i0.wp.com\/www.jazzzeitung.de\/cms\/wp-content\/uploads\/2016\/11\/2016_11_06_Steve_Lehmann_Octet_JazzFestBerlin_2016_Petra_Basche_HuPe-Kollektiv0009.jpg?resize=840%2C600&amp;ssl=1 840w\" width=\"565\" height=\"404\" loading=\"lazy\" data-original-width=\"565\" data-original-height=\"404\" itemprop=\"http:\/\/schema.org\/image\" title=\"Impressionen vom Jazzfest Berlin. Foto: Petra Basche\" alt=\"Impressionen vom Jazzfest Berlin. Foto: Petra Basche\" style=\"width: 565px; height: 404px;\" \/> <\/a> <div class=\"tiled-gallery-caption\" itemprop=\"caption description\"> Impressionen vom Jazzfest Berlin. Foto: Petra Basche <\/div> <\/div> <\/div> <!-- close group --> <div class=\"gallery-group images-2\" style=\"width: 271px; height: 408px;\" data-original-width=\"271\" data-original-height=\"408\" > <div class=\"tiled-gallery-item tiled-gallery-item-large\" itemprop=\"associatedMedia\" itemscope itemtype=\"http:\/\/schema.org\/ImageObject\"> <a href=\"https:\/\/i0.wp.com\/www.jazzzeitung.de\/cms\/wp-content\/uploads\/2016\/11\/2016_jazzfest_berlin_tag4_c_hufner-060016.jpg?ssl=1\" border=\"0\" itemprop=\"url\"> <meta itemprop=\"width\" content=\"267\"> <meta itemprop=\"height\" content=\"200\"> <img decoding=\"async\" class=\"\" data-attachment-id=\"10860\" data-orig-file=\"https:\/\/www.jazzzeitung.de\/cms\/wp-content\/uploads\/2016\/11\/2016_jazzfest_berlin_tag4_c_hufner-060016.jpg\" data-orig-size=\"1600,1200\" data-comments-opened=\"1\" data-image-meta=\"{&quot;aperture&quot;:&quot;1.8&quot;,&quot;credit&quot;:&quot;Dr. Martin Hufner&quot;,&quot;camera&quot;:&quot;E-M5MarkII&quot;,&quot;caption&quot;:&quot;Julia Holter \\u0026amp; Strings @ Jazzfest Berlin. Foto: Hufner&quot;,&quot;created_timestamp&quot;:&quot;1478460059&quot;,&quot;copyright&quot;:&quot;Martin Hufner&quot;,&quot;focal_length&quot;:&quot;75&quot;,&quot;iso&quot;:&quot;640&quot;,&quot;shutter_speed&quot;:&quot;0.01&quot;,&quot;title&quot;:&quot;Julia Holter \\u0026amp; Strings @ Jazzfest Berlin. Foto: Hufner&quot;,&quot;orientation&quot;:&quot;1&quot;}\" data-image-title=\"Julia Holter &amp;amp; Strings @ Jazzfest Berlin. Foto: Hufner\" data-image-description=\"&lt;p&gt;Julia Holter &amp;amp; Strings @ Jazzfest Berlin. Foto: Hufner&lt;\/p&gt; \" data-medium-file=\"https:\/\/i0.wp.com\/www.jazzzeitung.de\/cms\/wp-content\/uploads\/2016\/11\/2016_jazzfest_berlin_tag4_c_hufner-060016.jpg?fit=300%2C225&#038;ssl=1\" data-large-file=\"https:\/\/i0.wp.com\/www.jazzzeitung.de\/cms\/wp-content\/uploads\/2016\/11\/2016_jazzfest_berlin_tag4_c_hufner-060016.jpg?fit=800%2C600&#038;ssl=1\" src=\"https:\/\/i0.wp.com\/www.jazzzeitung.de\/cms\/wp-content\/uploads\/2016\/11\/2016_jazzfest_berlin_tag4_c_hufner-060016.jpg?w=267&#038;h=200&#038;ssl=1\" srcset=\"https:\/\/i0.wp.com\/www.jazzzeitung.de\/cms\/wp-content\/uploads\/2016\/11\/2016_jazzfest_berlin_tag4_c_hufner-060016.jpg?w=1600&amp;ssl=1 1600w, https:\/\/i0.wp.com\/www.jazzzeitung.de\/cms\/wp-content\/uploads\/2016\/11\/2016_jazzfest_berlin_tag4_c_hufner-060016.jpg?resize=300%2C225&amp;ssl=1 300w, https:\/\/i0.wp.com\/www.jazzzeitung.de\/cms\/wp-content\/uploads\/2016\/11\/2016_jazzfest_berlin_tag4_c_hufner-060016.jpg?resize=768%2C576&amp;ssl=1 768w, https:\/\/i0.wp.com\/www.jazzzeitung.de\/cms\/wp-content\/uploads\/2016\/11\/2016_jazzfest_berlin_tag4_c_hufner-060016.jpg?resize=800%2C600&amp;ssl=1 800w\" width=\"267\" height=\"200\" loading=\"lazy\" data-original-width=\"267\" data-original-height=\"200\" itemprop=\"http:\/\/schema.org\/image\" title=\"Julia Holter &amp; Strings @ Jazzfest Berlin. Foto: Hufner\" alt=\"Julia Holter &amp; Strings @ Jazzfest Berlin. Foto: Hufner\" style=\"width: 267px; height: 200px;\" \/> <\/a> <div class=\"tiled-gallery-caption\" itemprop=\"caption description\"> Julia Holter &amp; Strings @ Jazzfest Berlin. Foto: Hufner <\/div> <\/div> <div class=\"tiled-gallery-item tiled-gallery-item-large\" itemprop=\"associatedMedia\" itemscope itemtype=\"http:\/\/schema.org\/ImageObject\"> <a href=\"https:\/\/i0.wp.com\/www.jazzzeitung.de\/cms\/wp-content\/uploads\/2016\/11\/2016_jazzfest_berlin_tag4_c_hufner-060009.jpg?ssl=1\" border=\"0\" itemprop=\"url\"> <meta itemprop=\"width\" content=\"267\"> <meta itemprop=\"height\" content=\"200\"> <img decoding=\"async\" class=\"\" data-attachment-id=\"10858\" data-orig-file=\"https:\/\/www.jazzzeitung.de\/cms\/wp-content\/uploads\/2016\/11\/2016_jazzfest_berlin_tag4_c_hufner-060009.jpg\" data-orig-size=\"1600,1200\" data-comments-opened=\"1\" data-image-meta=\"{&quot;aperture&quot;:&quot;1.8&quot;,&quot;credit&quot;:&quot;Dr. Martin Hufner&quot;,&quot;camera&quot;:&quot;E-M5MarkII&quot;,&quot;caption&quot;:&quot;Julia Holter \\u0026amp; Strings @ Jazzfest Berlin. Foto: Hufner&quot;,&quot;created_timestamp&quot;:&quot;1478459958&quot;,&quot;copyright&quot;:&quot;Martin Hufner&quot;,&quot;focal_length&quot;:&quot;75&quot;,&quot;iso&quot;:&quot;640&quot;,&quot;shutter_speed&quot;:&quot;0.016666666666667&quot;,&quot;title&quot;:&quot;Julia Holter \\u0026amp; Strings @ Jazzfest Berlin. Foto: Hufner&quot;,&quot;orientation&quot;:&quot;1&quot;}\" data-image-title=\"Julia Holter &amp;amp; Strings @ Jazzfest Berlin. Foto: Hufner\" data-image-description=\"&lt;p&gt;Julia Holter &amp;amp; Strings @ Jazzfest Berlin. Foto: Hufner&lt;\/p&gt; \" data-medium-file=\"https:\/\/i0.wp.com\/www.jazzzeitung.de\/cms\/wp-content\/uploads\/2016\/11\/2016_jazzfest_berlin_tag4_c_hufner-060009.jpg?fit=300%2C225&#038;ssl=1\" data-large-file=\"https:\/\/i0.wp.com\/www.jazzzeitung.de\/cms\/wp-content\/uploads\/2016\/11\/2016_jazzfest_berlin_tag4_c_hufner-060009.jpg?fit=800%2C600&#038;ssl=1\" src=\"https:\/\/i0.wp.com\/www.jazzzeitung.de\/cms\/wp-content\/uploads\/2016\/11\/2016_jazzfest_berlin_tag4_c_hufner-060009.jpg?w=267&#038;h=200&#038;ssl=1\" srcset=\"https:\/\/i0.wp.com\/www.jazzzeitung.de\/cms\/wp-content\/uploads\/2016\/11\/2016_jazzfest_berlin_tag4_c_hufner-060009.jpg?w=1600&amp;ssl=1 1600w, https:\/\/i0.wp.com\/www.jazzzeitung.de\/cms\/wp-content\/uploads\/2016\/11\/2016_jazzfest_berlin_tag4_c_hufner-060009.jpg?resize=300%2C225&amp;ssl=1 300w, https:\/\/i0.wp.com\/www.jazzzeitung.de\/cms\/wp-content\/uploads\/2016\/11\/2016_jazzfest_berlin_tag4_c_hufner-060009.jpg?resize=768%2C576&amp;ssl=1 768w, https:\/\/i0.wp.com\/www.jazzzeitung.de\/cms\/wp-content\/uploads\/2016\/11\/2016_jazzfest_berlin_tag4_c_hufner-060009.jpg?resize=800%2C600&amp;ssl=1 800w\" width=\"267\" height=\"200\" loading=\"lazy\" data-original-width=\"267\" data-original-height=\"200\" itemprop=\"http:\/\/schema.org\/image\" title=\"Julia Holter &amp; Strings @ Jazzfest Berlin. Foto: Hufner\" alt=\"Julia Holter &amp; Strings @ Jazzfest Berlin. Foto: Hufner\" style=\"width: 267px; height: 200px;\" \/> <\/a> <div class=\"tiled-gallery-caption\" itemprop=\"caption description\"> Julia Holter &amp; Strings @ Jazzfest Berlin. Foto: Hufner <\/div> <\/div> <\/div> <!-- close group --> <\/div> <!-- close row --> <div class=\"gallery-row\" style=\"width: 840px; height: 198px;\" data-original-width=\"840\" data-original-height=\"198\" > <div class=\"gallery-group images-1\" style=\"width: 298px; height: 198px;\" data-original-width=\"298\" data-original-height=\"198\" > <div class=\"tiled-gallery-item tiled-gallery-item-large\" itemprop=\"associatedMedia\" itemscope itemtype=\"http:\/\/schema.org\/ImageObject\"> <a href=\"https:\/\/i0.wp.com\/www.jazzzeitung.de\/cms\/wp-content\/uploads\/2016\/11\/2016_jazzfest_berlin_tag4_c_hufner-060026.jpg?ssl=1\" border=\"0\" itemprop=\"url\"> <meta itemprop=\"width\" content=\"294\"> <meta itemprop=\"height\" content=\"194\"> <img decoding=\"async\" class=\"\" data-attachment-id=\"10862\" data-orig-file=\"https:\/\/www.jazzzeitung.de\/cms\/wp-content\/uploads\/2016\/11\/2016_jazzfest_berlin_tag4_c_hufner-060026.jpg\" data-orig-size=\"1800,1188\" data-comments-opened=\"1\" data-image-meta=\"{&quot;aperture&quot;:&quot;2.5&quot;,&quot;credit&quot;:&quot;Dr. Martin Hufner&quot;,&quot;camera&quot;:&quot;E-M5MarkII&quot;,&quot;caption&quot;:&quot;Julia Holter \\u0026amp; Strings @ Jazzfest Berlin. Foto: Hufner&quot;,&quot;created_timestamp&quot;:&quot;1478460535&quot;,&quot;copyright&quot;:&quot;Martin Hufner&quot;,&quot;focal_length&quot;:&quot;75&quot;,&quot;iso&quot;:&quot;640&quot;,&quot;shutter_speed&quot;:&quot;0.025&quot;,&quot;title&quot;:&quot;Julia Holter \\u0026amp; Strings @ Jazzfest Berlin. Foto: Hufner&quot;,&quot;orientation&quot;:&quot;1&quot;}\" data-image-title=\"Julia Holter &amp;amp; Strings @ Jazzfest Berlin. Foto: Hufner\" data-image-description=\"&lt;p&gt;Julia Holter &amp;amp; Strings @ Jazzfest Berlin. Foto: Hufner&lt;\/p&gt; \" data-medium-file=\"https:\/\/i0.wp.com\/www.jazzzeitung.de\/cms\/wp-content\/uploads\/2016\/11\/2016_jazzfest_berlin_tag4_c_hufner-060026.jpg?fit=300%2C198&#038;ssl=1\" data-large-file=\"https:\/\/i0.wp.com\/www.jazzzeitung.de\/cms\/wp-content\/uploads\/2016\/11\/2016_jazzfest_berlin_tag4_c_hufner-060026.jpg?fit=840%2C554&#038;ssl=1\" src=\"https:\/\/i0.wp.com\/www.jazzzeitung.de\/cms\/wp-content\/uploads\/2016\/11\/2016_jazzfest_berlin_tag4_c_hufner-060026.jpg?w=294&#038;h=194&#038;ssl=1\" srcset=\"https:\/\/i0.wp.com\/www.jazzzeitung.de\/cms\/wp-content\/uploads\/2016\/11\/2016_jazzfest_berlin_tag4_c_hufner-060026.jpg?w=1800&amp;ssl=1 1800w, https:\/\/i0.wp.com\/www.jazzzeitung.de\/cms\/wp-content\/uploads\/2016\/11\/2016_jazzfest_berlin_tag4_c_hufner-060026.jpg?resize=300%2C198&amp;ssl=1 300w, https:\/\/i0.wp.com\/www.jazzzeitung.de\/cms\/wp-content\/uploads\/2016\/11\/2016_jazzfest_berlin_tag4_c_hufner-060026.jpg?resize=768%2C507&amp;ssl=1 768w, https:\/\/i0.wp.com\/www.jazzzeitung.de\/cms\/wp-content\/uploads\/2016\/11\/2016_jazzfest_berlin_tag4_c_hufner-060026.jpg?resize=900%2C594&amp;ssl=1 900w, https:\/\/i0.wp.com\/www.jazzzeitung.de\/cms\/wp-content\/uploads\/2016\/11\/2016_jazzfest_berlin_tag4_c_hufner-060026.jpg?w=1680&amp;ssl=1 1680w\" width=\"294\" height=\"194\" loading=\"lazy\" data-original-width=\"294\" data-original-height=\"194\" itemprop=\"http:\/\/schema.org\/image\" title=\"Julia Holter &amp; Strings @ Jazzfest Berlin. Foto: Hufner\" alt=\"Julia Holter &amp; Strings @ Jazzfest Berlin. Foto: Hufner\" style=\"width: 294px; height: 194px;\" \/> <\/a> <div class=\"tiled-gallery-caption\" itemprop=\"caption description\"> Julia Holter &amp; Strings @ Jazzfest Berlin. Foto: Hufner <\/div> <\/div> <\/div> <!-- close group --> <div class=\"gallery-group images-1\" style=\"width: 149px; height: 198px;\" data-original-width=\"149\" data-original-height=\"198\" > <div class=\"tiled-gallery-item tiled-gallery-item-small\" itemprop=\"associatedMedia\" itemscope itemtype=\"http:\/\/schema.org\/ImageObject\"> <a href=\"https:\/\/i0.wp.com\/www.jazzzeitung.de\/cms\/wp-content\/uploads\/2016\/11\/2016_jazzfest_berlin_tag4_c_hufner-060010.jpg?ssl=1\" border=\"0\" itemprop=\"url\"> <meta itemprop=\"width\" content=\"145\"> <meta itemprop=\"height\" content=\"194\"> <img decoding=\"async\" class=\"\" data-attachment-id=\"10859\" data-orig-file=\"https:\/\/www.jazzzeitung.de\/cms\/wp-content\/uploads\/2016\/11\/2016_jazzfest_berlin_tag4_c_hufner-060010.jpg\" data-orig-size=\"900,1200\" data-comments-opened=\"1\" data-image-meta=\"{&quot;aperture&quot;:&quot;1.8&quot;,&quot;credit&quot;:&quot;Dr. Martin Hufner&quot;,&quot;camera&quot;:&quot;E-M5MarkII&quot;,&quot;caption&quot;:&quot;Julia Holter \\u0026amp; Strings @ Jazzfest Berlin. Foto: Hufner&quot;,&quot;created_timestamp&quot;:&quot;1478459969&quot;,&quot;copyright&quot;:&quot;Martin Hufner&quot;,&quot;focal_length&quot;:&quot;75&quot;,&quot;iso&quot;:&quot;640&quot;,&quot;shutter_speed&quot;:&quot;0.008&quot;,&quot;title&quot;:&quot;Julia Holter \\u0026amp; Strings @ Jazzfest Berlin. Foto: Hufner&quot;,&quot;orientation&quot;:&quot;1&quot;}\" data-image-title=\"Julia Holter &amp;amp; Strings @ Jazzfest Berlin. Foto: Hufner\" data-image-description=\"&lt;p&gt;Julia Holter &amp;amp; Strings @ Jazzfest Berlin. Foto: Hufner&lt;\/p&gt; \" data-medium-file=\"https:\/\/i0.wp.com\/www.jazzzeitung.de\/cms\/wp-content\/uploads\/2016\/11\/2016_jazzfest_berlin_tag4_c_hufner-060010.jpg?fit=225%2C300&#038;ssl=1\" data-large-file=\"https:\/\/i0.wp.com\/www.jazzzeitung.de\/cms\/wp-content\/uploads\/2016\/11\/2016_jazzfest_berlin_tag4_c_hufner-060010.jpg?fit=450%2C600&#038;ssl=1\" src=\"https:\/\/i0.wp.com\/www.jazzzeitung.de\/cms\/wp-content\/uploads\/2016\/11\/2016_jazzfest_berlin_tag4_c_hufner-060010.jpg?w=145&#038;h=194&#038;ssl=1\" srcset=\"https:\/\/i0.wp.com\/www.jazzzeitung.de\/cms\/wp-content\/uploads\/2016\/11\/2016_jazzfest_berlin_tag4_c_hufner-060010.jpg?w=900&amp;ssl=1 900w, https:\/\/i0.wp.com\/www.jazzzeitung.de\/cms\/wp-content\/uploads\/2016\/11\/2016_jazzfest_berlin_tag4_c_hufner-060010.jpg?resize=225%2C300&amp;ssl=1 225w, https:\/\/i0.wp.com\/www.jazzzeitung.de\/cms\/wp-content\/uploads\/2016\/11\/2016_jazzfest_berlin_tag4_c_hufner-060010.jpg?resize=768%2C1024&amp;ssl=1 768w, https:\/\/i0.wp.com\/www.jazzzeitung.de\/cms\/wp-content\/uploads\/2016\/11\/2016_jazzfest_berlin_tag4_c_hufner-060010.jpg?resize=450%2C600&amp;ssl=1 450w\" width=\"145\" height=\"194\" loading=\"lazy\" data-original-width=\"145\" data-original-height=\"194\" itemprop=\"http:\/\/schema.org\/image\" title=\"Julia Holter &amp; Strings @ Jazzfest Berlin. Foto: Hufner\" alt=\"Julia Holter &amp; Strings @ Jazzfest Berlin. Foto: Hufner\" style=\"width: 145px; height: 194px;\" \/> <\/a> <div class=\"tiled-gallery-caption\" itemprop=\"caption description\"> Julia Holter &amp; Strings @ Jazzfest Berlin. Foto: Hufner <\/div> <\/div> <\/div> <!-- close group --> <div class=\"gallery-group images-1\" style=\"width: 131px; height: 198px;\" data-original-width=\"131\" data-original-height=\"198\" > <div class=\"tiled-gallery-item tiled-gallery-item-small\" itemprop=\"associatedMedia\" itemscope itemtype=\"http:\/\/schema.org\/ImageObject\"> <a href=\"https:\/\/i0.wp.com\/www.jazzzeitung.de\/cms\/wp-content\/uploads\/2016\/11\/2016_jazzfest_berlin_tag4_c_hufner-060020.jpg?ssl=1\" border=\"0\" itemprop=\"url\"> <meta itemprop=\"width\" content=\"127\"> <meta itemprop=\"height\" content=\"194\"> <img decoding=\"async\" class=\"\" data-attachment-id=\"10861\" data-orig-file=\"https:\/\/www.jazzzeitung.de\/cms\/wp-content\/uploads\/2016\/11\/2016_jazzfest_berlin_tag4_c_hufner-060020.jpg\" data-orig-size=\"785,1200\" data-comments-opened=\"1\" data-image-meta=\"{&quot;aperture&quot;:&quot;1.8&quot;,&quot;credit&quot;:&quot;Dr. Martin Hufner&quot;,&quot;camera&quot;:&quot;E-M5MarkII&quot;,&quot;caption&quot;:&quot;Julia Holter \\u0026amp; Strings @ Jazzfest Berlin. Foto: Hufner&quot;,&quot;created_timestamp&quot;:&quot;1478460296&quot;,&quot;copyright&quot;:&quot;Martin Hufner&quot;,&quot;focal_length&quot;:&quot;75&quot;,&quot;iso&quot;:&quot;640&quot;,&quot;shutter_speed&quot;:&quot;0.01&quot;,&quot;title&quot;:&quot;Julia Holter \\u0026amp; Strings @ Jazzfest Berlin. Foto: Hufner&quot;,&quot;orientation&quot;:&quot;1&quot;}\" data-image-title=\"Julia Holter &amp;amp; Strings @ Jazzfest Berlin. Foto: Hufner\" data-image-description=\"&lt;p&gt;Julia Holter &amp;amp; Strings @ Jazzfest Berlin. Foto: Hufner&lt;\/p&gt; \" data-medium-file=\"https:\/\/i0.wp.com\/www.jazzzeitung.de\/cms\/wp-content\/uploads\/2016\/11\/2016_jazzfest_berlin_tag4_c_hufner-060020.jpg?fit=196%2C300&#038;ssl=1\" data-large-file=\"https:\/\/i0.wp.com\/www.jazzzeitung.de\/cms\/wp-content\/uploads\/2016\/11\/2016_jazzfest_berlin_tag4_c_hufner-060020.jpg?fit=393%2C600&#038;ssl=1\" src=\"https:\/\/i0.wp.com\/www.jazzzeitung.de\/cms\/wp-content\/uploads\/2016\/11\/2016_jazzfest_berlin_tag4_c_hufner-060020.jpg?w=127&#038;h=194&#038;ssl=1\" srcset=\"https:\/\/i0.wp.com\/www.jazzzeitung.de\/cms\/wp-content\/uploads\/2016\/11\/2016_jazzfest_berlin_tag4_c_hufner-060020.jpg?w=785&amp;ssl=1 785w, https:\/\/i0.wp.com\/www.jazzzeitung.de\/cms\/wp-content\/uploads\/2016\/11\/2016_jazzfest_berlin_tag4_c_hufner-060020.jpg?resize=196%2C300&amp;ssl=1 196w, https:\/\/i0.wp.com\/www.jazzzeitung.de\/cms\/wp-content\/uploads\/2016\/11\/2016_jazzfest_berlin_tag4_c_hufner-060020.jpg?resize=768%2C1174&amp;ssl=1 768w, https:\/\/i0.wp.com\/www.jazzzeitung.de\/cms\/wp-content\/uploads\/2016\/11\/2016_jazzfest_berlin_tag4_c_hufner-060020.jpg?resize=393%2C600&amp;ssl=1 393w\" width=\"127\" height=\"194\" loading=\"lazy\" data-original-width=\"127\" data-original-height=\"194\" itemprop=\"http:\/\/schema.org\/image\" title=\"Julia Holter &amp; Strings @ Jazzfest Berlin. Foto: Hufner\" alt=\"Julia Holter &amp; Strings @ Jazzfest Berlin. Foto: Hufner\" style=\"width: 127px; height: 194px;\" \/> <\/a> <div class=\"tiled-gallery-caption\" itemprop=\"caption description\"> Julia Holter &amp; Strings @ Jazzfest Berlin. Foto: Hufner <\/div> <\/div> <\/div> <!-- close group --> <div class=\"gallery-group images-1\" style=\"width: 262px; height: 198px;\" data-original-width=\"262\" data-original-height=\"198\" > <div class=\"tiled-gallery-item tiled-gallery-item-large\" itemprop=\"associatedMedia\" itemscope itemtype=\"http:\/\/schema.org\/ImageObject\"> <a href=\"https:\/\/i0.wp.com\/www.jazzzeitung.de\/cms\/wp-content\/uploads\/2016\/11\/2016_jazzfest_berlin_tag4_c_hufner-060029.jpg?ssl=1\" border=\"0\" itemprop=\"url\"> <meta itemprop=\"width\" content=\"258\"> <meta itemprop=\"height\" content=\"194\"> <img decoding=\"async\" class=\"\" data-attachment-id=\"10863\" data-orig-file=\"https:\/\/www.jazzzeitung.de\/cms\/wp-content\/uploads\/2016\/11\/2016_jazzfest_berlin_tag4_c_hufner-060029.jpg\" data-orig-size=\"1600,1200\" data-comments-opened=\"1\" data-image-meta=\"{&quot;aperture&quot;:&quot;2.8&quot;,&quot;credit&quot;:&quot;Dr. Martin Hufner&quot;,&quot;camera&quot;:&quot;E-M5MarkII&quot;,&quot;caption&quot;:&quot;Julia Holter \\u0026amp; Strings @ Jazzfest Berlin. Foto: Hufner&quot;,&quot;created_timestamp&quot;:&quot;1478460705&quot;,&quot;copyright&quot;:&quot;Martin Hufner&quot;,&quot;focal_length&quot;:&quot;12&quot;,&quot;iso&quot;:&quot;640&quot;,&quot;shutter_speed&quot;:&quot;0.033333333333333&quot;,&quot;title&quot;:&quot;Julia Holter \\u0026amp; Strings @ Jazzfest Berlin. Foto: Hufner&quot;,&quot;orientation&quot;:&quot;1&quot;}\" data-image-title=\"Julia Holter &amp;amp; Strings @ Jazzfest Berlin. Foto: Hufner\" data-image-description=\"&lt;p&gt;Julia Holter &amp;amp; Strings @ Jazzfest Berlin. Foto: Hufner&lt;\/p&gt; \" data-medium-file=\"https:\/\/i0.wp.com\/www.jazzzeitung.de\/cms\/wp-content\/uploads\/2016\/11\/2016_jazzfest_berlin_tag4_c_hufner-060029.jpg?fit=300%2C225&#038;ssl=1\" data-large-file=\"https:\/\/i0.wp.com\/www.jazzzeitung.de\/cms\/wp-content\/uploads\/2016\/11\/2016_jazzfest_berlin_tag4_c_hufner-060029.jpg?fit=800%2C600&#038;ssl=1\" src=\"https:\/\/i0.wp.com\/www.jazzzeitung.de\/cms\/wp-content\/uploads\/2016\/11\/2016_jazzfest_berlin_tag4_c_hufner-060029.jpg?w=258&#038;h=194&#038;ssl=1\" srcset=\"https:\/\/i0.wp.com\/www.jazzzeitung.de\/cms\/wp-content\/uploads\/2016\/11\/2016_jazzfest_berlin_tag4_c_hufner-060029.jpg?w=1600&amp;ssl=1 1600w, https:\/\/i0.wp.com\/www.jazzzeitung.de\/cms\/wp-content\/uploads\/2016\/11\/2016_jazzfest_berlin_tag4_c_hufner-060029.jpg?resize=300%2C225&amp;ssl=1 300w, https:\/\/i0.wp.com\/www.jazzzeitung.de\/cms\/wp-content\/uploads\/2016\/11\/2016_jazzfest_berlin_tag4_c_hufner-060029.jpg?resize=768%2C576&amp;ssl=1 768w, https:\/\/i0.wp.com\/www.jazzzeitung.de\/cms\/wp-content\/uploads\/2016\/11\/2016_jazzfest_berlin_tag4_c_hufner-060029.jpg?resize=800%2C600&amp;ssl=1 800w\" width=\"258\" height=\"194\" loading=\"lazy\" data-original-width=\"258\" data-original-height=\"194\" itemprop=\"http:\/\/schema.org\/image\" title=\"Julia Holter &amp; Strings @ Jazzfest Berlin. Foto: Hufner\" alt=\"Julia Holter &amp; Strings @ Jazzfest Berlin. Foto: Hufner\" style=\"width: 258px; height: 194px;\" \/> <\/a> <div class=\"tiled-gallery-caption\" itemprop=\"caption description\"> Julia Holter &amp; Strings @ Jazzfest Berlin. Foto: Hufner <\/div> <\/div> <\/div> <!-- close group --> <\/div> <!-- close row --> <\/div>\n<p>Die Songs kommen immer etwas melancholisch daher, sind aber im Timing und ihrem Arrangement einfach funktionierend. Vom Jazz bleibt da vor allem das rhythmische Gef\u00fchl. Aber darunter und dahinter geht es rund. Da rei\u00dft der musikalische Vulkan auf und geht in ein Fegefeuer \u00fcber. Hier gelingt dem Streichtrio zusammen mit dem Bass eine kollektive Improvisation, wo alle ihren Zusammenhang h\u00f6ren. In den epischeren Passagen sch\u00e4len sich Kl\u00e4nge im Gruppenzusammenhang aus sich heraus. Faszinierende Gebilde aus Klangfarbmischungen entstehen, wirklich mit Effekten wie man sie aus der E-Musik der 60er Jahre von Gy\u00f6rgy Ligeti kennt. Das ist Tonkultur pur \u2013 auf Basis ganz simpler Songideen. F\u00fcr den einen oder anderen ist das allerdings <a href=\"https:\/\/twitter.com\/jazzaffine\/status\/795339244394991616\">nur chromatisches Rumgeschraube<\/a>.<\/p>\n<p>Ein bisschen erinnert der Jazzpolizisten-Einwurf an die Kritiker der Literatur-Nobelpreisvergabe an Bob Dylan. Was wollen die? Lieber ist ihnen eine kaputte Musik, die sich in einer musikalischen Negativit\u00e4t gef\u00e4llt? So wird das nichts und ich erinnere mich an den Ausspruch eines Klavierlehrers, der sagte: Zur Aufnahmepr\u00fcfung spielt man das Brahms-Klavierkonzert, in der Mitte des Studiums eine Mozart-Sonate und am Ende Kinderlieder. Die Schwierigkeit liegt in der Einfachheit, wo man blank zieht und jeden falschen Pieps h\u00f6rt.<\/p>\n<p>Die Jazz-Bullshit-Bingo-Fraktion hat dagegen ihre H\u00e4kchen gemacht. Gewiss, diese Musik w\u00fcrde ebenso ihren Platz in einem anderen Kontext als einem Jazzfest finden. Aber das spricht am Ende doch eher f\u00fcr als gegen sie!<\/p>\n<h2>Eine Musikturbine<br \/>\nSteve Lehman Octet<\/h2>\n<p>Anders, ganz anders! Und auch richtig. V\u00f6llig anschlussbefreit zu Julia Holters Auftritt: Das Steve Lehmann Octet. Ein Bl\u00e4serquintett mit Schlagzeug, Bass und Vibraphon. Bl\u00e4serblockbildung dazu antimetrische wie aus einem Paralleluniversum kommende Rhythmsection, auch vom musikalischen Gesamtbild her gedacht. Aber anders als bei <a href=\"http:\/\/www.jazzzeitung.de\/cms\/2016\/11\/jazzfest-berlin-2016-3-unter-groovekillern-spielen-und-kaputtspielen\/\">Nik B\u00e4rtsch\u2019s Ronin mit hr-Bigband<\/a> verdammt nochmal pr\u00e4zise. Mit einem Druck auf dem Kessel, wo sich die Musik umschichtet, eine gewaltige Musikturbine \u2013 in permanenter Alarmbereitschaft.<\/p>\n<div class=\"tiled-gallery type-rectangular tiled-gallery-unresized\" data-original-width=\"840\" data-carousel-extra='{&quot;blog_id&quot;:1,&quot;permalink&quot;:&quot;https:\\\/\\\/www.jazzzeitung.de\\\/cms\\\/2016\\\/11\\\/jazzfest-berlin-2016-4-fegefeuer-turbine-und-dasder-rauschende\\\/&quot;,&quot;likes_blog_id&quot;:55446655}' itemscope itemtype=\"http:\/\/schema.org\/ImageGallery\" > <div class=\"gallery-row\" style=\"width: 840px; height: 636px;\" data-original-width=\"840\" data-original-height=\"636\" > <div class=\"gallery-group images-2\" style=\"width: 415px; height: 636px;\" data-original-width=\"415\" data-original-height=\"636\" > <div class=\"tiled-gallery-item tiled-gallery-item-large\" itemprop=\"associatedMedia\" itemscope itemtype=\"http:\/\/schema.org\/ImageObject\"> <a href=\"https:\/\/i0.wp.com\/www.jazzzeitung.de\/cms\/wp-content\/uploads\/2016\/11\/2016_11_06_Steve_Lehmann_Octet_JazzFestBerlin_2016_Petra_Basche_HuPe-Kollektiv0001.jpg?ssl=1\" border=\"0\" itemprop=\"url\"> <meta itemprop=\"width\" content=\"411\"> <meta itemprop=\"height\" content=\"308\"> <img decoding=\"async\" class=\"\" data-attachment-id=\"10864\" data-orig-file=\"https:\/\/www.jazzzeitung.de\/cms\/wp-content\/uploads\/2016\/11\/2016_11_06_Steve_Lehmann_Octet_JazzFestBerlin_2016_Petra_Basche_HuPe-Kollektiv0001.jpg\" data-orig-size=\"1600,1200\" data-comments-opened=\"1\" data-image-meta=\"{&quot;aperture&quot;:&quot;3.5&quot;,&quot;credit&quot;:&quot;Pepa&quot;,&quot;camera&quot;:&quot;E-M5MarkII&quot;,&quot;caption&quot;:&quot;Steve Lehman Octet @ Jazzfest Berlin. Foto: Petra Basche&quot;,&quot;created_timestamp&quot;:&quot;1478466837&quot;,&quot;copyright&quot;:&quot;Petra Basche&quot;,&quot;focal_length&quot;:&quot;40&quot;,&quot;iso&quot;:&quot;1250&quot;,&quot;shutter_speed&quot;:&quot;0.033333333333333&quot;,&quot;title&quot;:&quot;Steve Lehman Octet @ Jazzfest Berlin. Foto: Petra Basche&quot;,&quot;orientation&quot;:&quot;1&quot;}\" data-image-title=\"Steve Lehman Octet @ Jazzfest Berlin. Foto: Petra Basche\" data-image-description=\"&lt;p&gt;Steve Lehman Octet @ Jazzfest Berlin. Foto: Petra Basche&lt;\/p&gt; \" data-medium-file=\"https:\/\/i0.wp.com\/www.jazzzeitung.de\/cms\/wp-content\/uploads\/2016\/11\/2016_11_06_Steve_Lehmann_Octet_JazzFestBerlin_2016_Petra_Basche_HuPe-Kollektiv0001.jpg?fit=300%2C225&#038;ssl=1\" data-large-file=\"https:\/\/i0.wp.com\/www.jazzzeitung.de\/cms\/wp-content\/uploads\/2016\/11\/2016_11_06_Steve_Lehmann_Octet_JazzFestBerlin_2016_Petra_Basche_HuPe-Kollektiv0001.jpg?fit=800%2C600&#038;ssl=1\" src=\"https:\/\/i0.wp.com\/www.jazzzeitung.de\/cms\/wp-content\/uploads\/2016\/11\/2016_11_06_Steve_Lehmann_Octet_JazzFestBerlin_2016_Petra_Basche_HuPe-Kollektiv0001.jpg?w=411&#038;h=308&#038;ssl=1\" srcset=\"https:\/\/i0.wp.com\/www.jazzzeitung.de\/cms\/wp-content\/uploads\/2016\/11\/2016_11_06_Steve_Lehmann_Octet_JazzFestBerlin_2016_Petra_Basche_HuPe-Kollektiv0001.jpg?w=1600&amp;ssl=1 1600w, https:\/\/i0.wp.com\/www.jazzzeitung.de\/cms\/wp-content\/uploads\/2016\/11\/2016_11_06_Steve_Lehmann_Octet_JazzFestBerlin_2016_Petra_Basche_HuPe-Kollektiv0001.jpg?resize=300%2C225&amp;ssl=1 300w, https:\/\/i0.wp.com\/www.jazzzeitung.de\/cms\/wp-content\/uploads\/2016\/11\/2016_11_06_Steve_Lehmann_Octet_JazzFestBerlin_2016_Petra_Basche_HuPe-Kollektiv0001.jpg?resize=768%2C576&amp;ssl=1 768w, https:\/\/i0.wp.com\/www.jazzzeitung.de\/cms\/wp-content\/uploads\/2016\/11\/2016_11_06_Steve_Lehmann_Octet_JazzFestBerlin_2016_Petra_Basche_HuPe-Kollektiv0001.jpg?resize=800%2C600&amp;ssl=1 800w\" width=\"411\" height=\"308\" loading=\"lazy\" data-original-width=\"411\" data-original-height=\"308\" itemprop=\"http:\/\/schema.org\/image\" title=\"Steve Lehman Octet @ Jazzfest Berlin. Foto: Petra Basche\" alt=\"Steve Lehman Octet @ Jazzfest Berlin. Foto: Petra Basche\" style=\"width: 411px; height: 308px;\" \/> <\/a> <div class=\"tiled-gallery-caption\" itemprop=\"caption description\"> Steve Lehman Octet @ Jazzfest Berlin. Foto: Petra Basche <\/div> <\/div> <div class=\"tiled-gallery-item tiled-gallery-item-large\" itemprop=\"associatedMedia\" itemscope itemtype=\"http:\/\/schema.org\/ImageObject\"> <a href=\"https:\/\/i0.wp.com\/www.jazzzeitung.de\/cms\/wp-content\/uploads\/2016\/11\/2016_jazzfest_berlin_tag4_c_hufner-060058.jpg?ssl=1\" border=\"0\" itemprop=\"url\"> <meta itemprop=\"width\" content=\"411\"> <meta itemprop=\"height\" content=\"320\"> <img decoding=\"async\" class=\"\" data-attachment-id=\"10874\" data-orig-file=\"https:\/\/www.jazzzeitung.de\/cms\/wp-content\/uploads\/2016\/11\/2016_jazzfest_berlin_tag4_c_hufner-060058.jpg\" data-orig-size=\"1538,1200\" data-comments-opened=\"1\" data-image-meta=\"{&quot;aperture&quot;:&quot;2.8&quot;,&quot;credit&quot;:&quot;Dr. Martin Hufner&quot;,&quot;camera&quot;:&quot;E-M5MarkII&quot;,&quot;caption&quot;:&quot;Steve Lehman Octet @ Jazzfest Berlin. Foto: Hufner&quot;,&quot;created_timestamp&quot;:&quot;1478466515&quot;,&quot;copyright&quot;:&quot;Martin Hufner&quot;,&quot;focal_length&quot;:&quot;40&quot;,&quot;iso&quot;:&quot;640&quot;,&quot;shutter_speed&quot;:&quot;0.04&quot;,&quot;title&quot;:&quot;Steve Lehman Octet @ Jazzfest Berlin. Foto: Hufner&quot;,&quot;orientation&quot;:&quot;1&quot;}\" data-image-title=\"Steve Lehman Octet @ Jazzfest Berlin. Foto: Hufner\" data-image-description=\"&lt;p&gt;Steve Lehman Octet @ Jazzfest Berlin. Foto: Hufner&lt;\/p&gt; \" data-medium-file=\"https:\/\/i0.wp.com\/www.jazzzeitung.de\/cms\/wp-content\/uploads\/2016\/11\/2016_jazzfest_berlin_tag4_c_hufner-060058.jpg?fit=300%2C234&#038;ssl=1\" data-large-file=\"https:\/\/i0.wp.com\/www.jazzzeitung.de\/cms\/wp-content\/uploads\/2016\/11\/2016_jazzfest_berlin_tag4_c_hufner-060058.jpg?fit=769%2C600&#038;ssl=1\" src=\"https:\/\/i0.wp.com\/www.jazzzeitung.de\/cms\/wp-content\/uploads\/2016\/11\/2016_jazzfest_berlin_tag4_c_hufner-060058.jpg?w=411&#038;h=320&#038;ssl=1\" srcset=\"https:\/\/i0.wp.com\/www.jazzzeitung.de\/cms\/wp-content\/uploads\/2016\/11\/2016_jazzfest_berlin_tag4_c_hufner-060058.jpg?w=1538&amp;ssl=1 1538w, https:\/\/i0.wp.com\/www.jazzzeitung.de\/cms\/wp-content\/uploads\/2016\/11\/2016_jazzfest_berlin_tag4_c_hufner-060058.jpg?resize=300%2C234&amp;ssl=1 300w, https:\/\/i0.wp.com\/www.jazzzeitung.de\/cms\/wp-content\/uploads\/2016\/11\/2016_jazzfest_berlin_tag4_c_hufner-060058.jpg?resize=768%2C599&amp;ssl=1 768w, https:\/\/i0.wp.com\/www.jazzzeitung.de\/cms\/wp-content\/uploads\/2016\/11\/2016_jazzfest_berlin_tag4_c_hufner-060058.jpg?resize=769%2C600&amp;ssl=1 769w\" width=\"411\" height=\"320\" loading=\"lazy\" data-original-width=\"411\" data-original-height=\"320\" itemprop=\"http:\/\/schema.org\/image\" title=\"Steve Lehman Octet @ Jazzfest Berlin. Foto: Hufner\" alt=\"Steve Lehman Octet @ Jazzfest Berlin. Foto: Hufner\" style=\"width: 411px; height: 320px;\" \/> <\/a> <div class=\"tiled-gallery-caption\" itemprop=\"caption description\"> Steve Lehman Octet @ Jazzfest Berlin. Foto: Hufner <\/div> <\/div> <\/div> <!-- close group --> <div class=\"gallery-group images-1\" style=\"width: 425px; height: 636px;\" data-original-width=\"425\" data-original-height=\"636\" > <div class=\"tiled-gallery-item tiled-gallery-item-large\" itemprop=\"associatedMedia\" itemscope itemtype=\"http:\/\/schema.org\/ImageObject\"> <a href=\"https:\/\/i0.wp.com\/www.jazzzeitung.de\/cms\/wp-content\/uploads\/2016\/11\/2016_11_06_Steve_Lehmann_Octet_JazzFestBerlin_2016_Petra_Basche_HuPe-Kollektiv0001-2.jpg?ssl=1\" border=\"0\" itemprop=\"url\"> <meta itemprop=\"width\" content=\"421\"> <meta itemprop=\"height\" content=\"632\"> <img decoding=\"async\" class=\"\" data-attachment-id=\"10865\" data-orig-file=\"https:\/\/www.jazzzeitung.de\/cms\/wp-content\/uploads\/2016\/11\/2016_11_06_Steve_Lehmann_Octet_JazzFestBerlin_2016_Petra_Basche_HuPe-Kollektiv0001-2.jpg\" data-orig-size=\"800,1200\" data-comments-opened=\"1\" data-image-meta=\"{&quot;aperture&quot;:&quot;3.5&quot;,&quot;credit&quot;:&quot;Pepa&quot;,&quot;camera&quot;:&quot;E-M5MarkII&quot;,&quot;caption&quot;:&quot;Steve Lehman Octet @ Jazzfest Berlin. Foto: Petra Basche&quot;,&quot;created_timestamp&quot;:&quot;1478466895&quot;,&quot;copyright&quot;:&quot;Petra Basche&quot;,&quot;focal_length&quot;:&quot;150&quot;,&quot;iso&quot;:&quot;1250&quot;,&quot;shutter_speed&quot;:&quot;0.066666666666667&quot;,&quot;title&quot;:&quot;Steve Lehman Octet @ Jazzfest Berlin. Foto: Petra Basche&quot;,&quot;orientation&quot;:&quot;1&quot;}\" data-image-title=\"Steve Lehman Octet @ Jazzfest Berlin. Foto: Petra Basche\" data-image-description=\"&lt;p&gt;Steve Lehman Octet @ Jazzfest Berlin. Foto: Petra Basche&lt;\/p&gt; \" data-medium-file=\"https:\/\/i0.wp.com\/www.jazzzeitung.de\/cms\/wp-content\/uploads\/2016\/11\/2016_11_06_Steve_Lehmann_Octet_JazzFestBerlin_2016_Petra_Basche_HuPe-Kollektiv0001-2.jpg?fit=200%2C300&#038;ssl=1\" data-large-file=\"https:\/\/i0.wp.com\/www.jazzzeitung.de\/cms\/wp-content\/uploads\/2016\/11\/2016_11_06_Steve_Lehmann_Octet_JazzFestBerlin_2016_Petra_Basche_HuPe-Kollektiv0001-2.jpg?fit=400%2C600&#038;ssl=1\" src=\"https:\/\/i0.wp.com\/www.jazzzeitung.de\/cms\/wp-content\/uploads\/2016\/11\/2016_11_06_Steve_Lehmann_Octet_JazzFestBerlin_2016_Petra_Basche_HuPe-Kollektiv0001-2.jpg?w=421&#038;h=632&#038;ssl=1\" srcset=\"https:\/\/i0.wp.com\/www.jazzzeitung.de\/cms\/wp-content\/uploads\/2016\/11\/2016_11_06_Steve_Lehmann_Octet_JazzFestBerlin_2016_Petra_Basche_HuPe-Kollektiv0001-2.jpg?w=800&amp;ssl=1 800w, https:\/\/i0.wp.com\/www.jazzzeitung.de\/cms\/wp-content\/uploads\/2016\/11\/2016_11_06_Steve_Lehmann_Octet_JazzFestBerlin_2016_Petra_Basche_HuPe-Kollektiv0001-2.jpg?resize=200%2C300&amp;ssl=1 200w, https:\/\/i0.wp.com\/www.jazzzeitung.de\/cms\/wp-content\/uploads\/2016\/11\/2016_11_06_Steve_Lehmann_Octet_JazzFestBerlin_2016_Petra_Basche_HuPe-Kollektiv0001-2.jpg?resize=768%2C1152&amp;ssl=1 768w, https:\/\/i0.wp.com\/www.jazzzeitung.de\/cms\/wp-content\/uploads\/2016\/11\/2016_11_06_Steve_Lehmann_Octet_JazzFestBerlin_2016_Petra_Basche_HuPe-Kollektiv0001-2.jpg?resize=400%2C600&amp;ssl=1 400w\" width=\"421\" height=\"632\" loading=\"lazy\" data-original-width=\"421\" data-original-height=\"632\" itemprop=\"http:\/\/schema.org\/image\" title=\"Steve Lehman Octet @ Jazzfest Berlin. Foto: Petra Basche\" alt=\"Steve Lehman Octet @ Jazzfest Berlin. Foto: Petra Basche\" style=\"width: 421px; height: 632px;\" \/> <\/a> <div class=\"tiled-gallery-caption\" itemprop=\"caption description\"> Steve Lehman Octet @ Jazzfest Berlin. Foto: Petra Basche <\/div> <\/div> <\/div> <!-- close group --> <\/div> <!-- close row --> <div class=\"gallery-row\" style=\"width: 840px; height: 302px;\" data-original-width=\"840\" data-original-height=\"302\" > <div class=\"gallery-group images-1\" style=\"width: 389px; height: 302px;\" data-original-width=\"389\" data-original-height=\"302\" > <div class=\"tiled-gallery-item tiled-gallery-item-large\" itemprop=\"associatedMedia\" itemscope itemtype=\"http:\/\/schema.org\/ImageObject\"> <a href=\"https:\/\/i0.wp.com\/www.jazzzeitung.de\/cms\/wp-content\/uploads\/2016\/11\/2016_jazzfest_berlin_tag4_c_hufner-060064.jpg?ssl=1\" border=\"0\" itemprop=\"url\"> <meta itemprop=\"width\" content=\"385\"> <meta itemprop=\"height\" content=\"298\"> <img decoding=\"async\" class=\"\" data-attachment-id=\"10875\" data-orig-file=\"https:\/\/www.jazzzeitung.de\/cms\/wp-content\/uploads\/2016\/11\/2016_jazzfest_berlin_tag4_c_hufner-060064.jpg\" data-orig-size=\"1549,1200\" data-comments-opened=\"1\" data-image-meta=\"{&quot;aperture&quot;:&quot;2&quot;,&quot;credit&quot;:&quot;Dr. Martin Hufner&quot;,&quot;camera&quot;:&quot;E-M5MarkII&quot;,&quot;caption&quot;:&quot;Steve Lehman Octet @ Jazzfest Berlin. Foto: Hufner&quot;,&quot;created_timestamp&quot;:&quot;1478467564&quot;,&quot;copyright&quot;:&quot;Martin Hufner&quot;,&quot;focal_length&quot;:&quot;75&quot;,&quot;iso&quot;:&quot;640&quot;,&quot;shutter_speed&quot;:&quot;0.025&quot;,&quot;title&quot;:&quot;Steve Lehman Octet @ Jazzfest Berlin. Foto: Hufner&quot;,&quot;orientation&quot;:&quot;1&quot;}\" data-image-title=\"Steve Lehman Octet @ Jazzfest Berlin. Foto: Hufner\" data-image-description=\"&lt;p&gt;Steve Lehman Octet @ Jazzfest Berlin. Foto: Hufner&lt;\/p&gt; \" data-medium-file=\"https:\/\/i0.wp.com\/www.jazzzeitung.de\/cms\/wp-content\/uploads\/2016\/11\/2016_jazzfest_berlin_tag4_c_hufner-060064.jpg?fit=300%2C232&#038;ssl=1\" data-large-file=\"https:\/\/i0.wp.com\/www.jazzzeitung.de\/cms\/wp-content\/uploads\/2016\/11\/2016_jazzfest_berlin_tag4_c_hufner-060064.jpg?fit=775%2C600&#038;ssl=1\" src=\"https:\/\/i0.wp.com\/www.jazzzeitung.de\/cms\/wp-content\/uploads\/2016\/11\/2016_jazzfest_berlin_tag4_c_hufner-060064.jpg?w=385&#038;h=298&#038;ssl=1\" srcset=\"https:\/\/i0.wp.com\/www.jazzzeitung.de\/cms\/wp-content\/uploads\/2016\/11\/2016_jazzfest_berlin_tag4_c_hufner-060064.jpg?w=1549&amp;ssl=1 1549w, https:\/\/i0.wp.com\/www.jazzzeitung.de\/cms\/wp-content\/uploads\/2016\/11\/2016_jazzfest_berlin_tag4_c_hufner-060064.jpg?resize=300%2C232&amp;ssl=1 300w, https:\/\/i0.wp.com\/www.jazzzeitung.de\/cms\/wp-content\/uploads\/2016\/11\/2016_jazzfest_berlin_tag4_c_hufner-060064.jpg?resize=768%2C595&amp;ssl=1 768w, https:\/\/i0.wp.com\/www.jazzzeitung.de\/cms\/wp-content\/uploads\/2016\/11\/2016_jazzfest_berlin_tag4_c_hufner-060064.jpg?resize=775%2C600&amp;ssl=1 775w\" width=\"385\" height=\"298\" loading=\"lazy\" data-original-width=\"385\" data-original-height=\"298\" itemprop=\"http:\/\/schema.org\/image\" title=\"Steve Lehman Octet @ Jazzfest Berlin. Foto: Hufner\" alt=\"Steve Lehman Octet @ Jazzfest Berlin. Foto: Hufner\" style=\"width: 385px; height: 298px;\" \/> <\/a> <div class=\"tiled-gallery-caption\" itemprop=\"caption description\"> Steve Lehman Octet @ Jazzfest Berlin. Foto: Hufner <\/div> <\/div> <\/div> <!-- close group --> <div class=\"gallery-group images-1\" style=\"width: 451px; height: 302px;\" data-original-width=\"451\" data-original-height=\"302\" > <div class=\"tiled-gallery-item tiled-gallery-item-large\" itemprop=\"associatedMedia\" itemscope itemtype=\"http:\/\/schema.org\/ImageObject\"> <a href=\"https:\/\/i0.wp.com\/www.jazzzeitung.de\/cms\/wp-content\/uploads\/2016\/11\/2016_11_06_Steve_Lehmann_Octet_JazzFestBerlin_2016_Petra_Basche_HuPe-Kollektiv0006.jpg?ssl=1\" border=\"0\" itemprop=\"url\"> <meta itemprop=\"width\" content=\"447\"> <meta itemprop=\"height\" content=\"298\"> <img decoding=\"async\" class=\"\" data-attachment-id=\"10870\" data-orig-file=\"https:\/\/www.jazzzeitung.de\/cms\/wp-content\/uploads\/2016\/11\/2016_11_06_Steve_Lehmann_Octet_JazzFestBerlin_2016_Petra_Basche_HuPe-Kollektiv0006.jpg\" data-orig-size=\"1800,1200\" data-comments-opened=\"1\" data-image-meta=\"{&quot;aperture&quot;:&quot;3.2&quot;,&quot;credit&quot;:&quot;Pepa&quot;,&quot;camera&quot;:&quot;E-M5MarkII&quot;,&quot;caption&quot;:&quot;Steve Lehman Octet @ Jazzfest Berlin. Foto: Petra Basche&quot;,&quot;created_timestamp&quot;:&quot;1478467089&quot;,&quot;copyright&quot;:&quot;Petra Basche&quot;,&quot;focal_length&quot;:&quot;150&quot;,&quot;iso&quot;:&quot;1250&quot;,&quot;shutter_speed&quot;:&quot;0.016666666666667&quot;,&quot;title&quot;:&quot;Steve Lehman Octet @ Jazzfest Berlin. Foto: Petra Basche&quot;,&quot;orientation&quot;:&quot;1&quot;}\" data-image-title=\"Steve Lehman Octet @ Jazzfest Berlin. Foto: Petra Basche\" data-image-description=\"&lt;p&gt;Steve Lehman Octet @ Jazzfest Berlin. Foto: Petra Basche&lt;\/p&gt; \" data-medium-file=\"https:\/\/i0.wp.com\/www.jazzzeitung.de\/cms\/wp-content\/uploads\/2016\/11\/2016_11_06_Steve_Lehmann_Octet_JazzFestBerlin_2016_Petra_Basche_HuPe-Kollektiv0006.jpg?fit=300%2C200&#038;ssl=1\" data-large-file=\"https:\/\/i0.wp.com\/www.jazzzeitung.de\/cms\/wp-content\/uploads\/2016\/11\/2016_11_06_Steve_Lehmann_Octet_JazzFestBerlin_2016_Petra_Basche_HuPe-Kollektiv0006.jpg?fit=840%2C560&#038;ssl=1\" src=\"https:\/\/i0.wp.com\/www.jazzzeitung.de\/cms\/wp-content\/uploads\/2016\/11\/2016_11_06_Steve_Lehmann_Octet_JazzFestBerlin_2016_Petra_Basche_HuPe-Kollektiv0006.jpg?w=447&#038;h=298&#038;ssl=1\" srcset=\"https:\/\/i0.wp.com\/www.jazzzeitung.de\/cms\/wp-content\/uploads\/2016\/11\/2016_11_06_Steve_Lehmann_Octet_JazzFestBerlin_2016_Petra_Basche_HuPe-Kollektiv0006.jpg?w=1800&amp;ssl=1 1800w, https:\/\/i0.wp.com\/www.jazzzeitung.de\/cms\/wp-content\/uploads\/2016\/11\/2016_11_06_Steve_Lehmann_Octet_JazzFestBerlin_2016_Petra_Basche_HuPe-Kollektiv0006.jpg?resize=300%2C200&amp;ssl=1 300w, https:\/\/i0.wp.com\/www.jazzzeitung.de\/cms\/wp-content\/uploads\/2016\/11\/2016_11_06_Steve_Lehmann_Octet_JazzFestBerlin_2016_Petra_Basche_HuPe-Kollektiv0006.jpg?resize=768%2C512&amp;ssl=1 768w, https:\/\/i0.wp.com\/www.jazzzeitung.de\/cms\/wp-content\/uploads\/2016\/11\/2016_11_06_Steve_Lehmann_Octet_JazzFestBerlin_2016_Petra_Basche_HuPe-Kollektiv0006.jpg?resize=900%2C600&amp;ssl=1 900w, https:\/\/i0.wp.com\/www.jazzzeitung.de\/cms\/wp-content\/uploads\/2016\/11\/2016_11_06_Steve_Lehmann_Octet_JazzFestBerlin_2016_Petra_Basche_HuPe-Kollektiv0006.jpg?w=1680&amp;ssl=1 1680w\" width=\"447\" height=\"298\" loading=\"lazy\" data-original-width=\"447\" data-original-height=\"298\" itemprop=\"http:\/\/schema.org\/image\" title=\"Steve Lehman Octet @ Jazzfest Berlin. Foto: Petra Basche\" alt=\"Steve Lehman Octet @ Jazzfest Berlin. Foto: Petra Basche\" style=\"width: 447px; height: 298px;\" \/> <\/a> <div class=\"tiled-gallery-caption\" itemprop=\"caption description\"> Steve Lehman Octet @ Jazzfest Berlin. Foto: Petra Basche <\/div> <\/div> <\/div> <!-- close group --> <\/div> <!-- close row --> <div class=\"gallery-row\" style=\"width: 840px; height: 196px;\" data-original-width=\"840\" data-original-height=\"196\" > <div class=\"gallery-group images-1\" style=\"width: 148px; height: 196px;\" data-original-width=\"148\" data-original-height=\"196\" > <div class=\"tiled-gallery-item tiled-gallery-item-small\" itemprop=\"associatedMedia\" itemscope itemtype=\"http:\/\/schema.org\/ImageObject\"> <a href=\"https:\/\/i0.wp.com\/www.jazzzeitung.de\/cms\/wp-content\/uploads\/2016\/11\/2016_jazzfest_berlin_tag4_c_hufner-060080.jpg?ssl=1\" border=\"0\" itemprop=\"url\"> <meta itemprop=\"width\" content=\"144\"> <meta itemprop=\"height\" content=\"192\"> <img decoding=\"async\" class=\"\" data-attachment-id=\"10877\" data-orig-file=\"https:\/\/www.jazzzeitung.de\/cms\/wp-content\/uploads\/2016\/11\/2016_jazzfest_berlin_tag4_c_hufner-060080.jpg\" data-orig-size=\"900,1200\" data-comments-opened=\"1\" data-image-meta=\"{&quot;aperture&quot;:&quot;1.8&quot;,&quot;credit&quot;:&quot;Dr. Martin Hufner&quot;,&quot;camera&quot;:&quot;E-M5MarkII&quot;,&quot;caption&quot;:&quot;Steve Lehman Octet @ Jazzfest Berlin. Foto: Hufner&quot;,&quot;created_timestamp&quot;:&quot;1478467711&quot;,&quot;copyright&quot;:&quot;Martin Hufner&quot;,&quot;focal_length&quot;:&quot;75&quot;,&quot;iso&quot;:&quot;640&quot;,&quot;shutter_speed&quot;:&quot;0.0125&quot;,&quot;title&quot;:&quot;Steve Lehman Octet @ Jazzfest Berlin. Foto: Hufner&quot;,&quot;orientation&quot;:&quot;1&quot;}\" data-image-title=\"Steve Lehman Octet @ Jazzfest Berlin. Foto: Hufner\" data-image-description=\"&lt;p&gt;Steve Lehman Octet @ Jazzfest Berlin. Foto: Hufner&lt;\/p&gt; \" data-medium-file=\"https:\/\/i0.wp.com\/www.jazzzeitung.de\/cms\/wp-content\/uploads\/2016\/11\/2016_jazzfest_berlin_tag4_c_hufner-060080.jpg?fit=225%2C300&#038;ssl=1\" data-large-file=\"https:\/\/i0.wp.com\/www.jazzzeitung.de\/cms\/wp-content\/uploads\/2016\/11\/2016_jazzfest_berlin_tag4_c_hufner-060080.jpg?fit=450%2C600&#038;ssl=1\" src=\"https:\/\/i0.wp.com\/www.jazzzeitung.de\/cms\/wp-content\/uploads\/2016\/11\/2016_jazzfest_berlin_tag4_c_hufner-060080.jpg?w=144&#038;h=192&#038;ssl=1\" srcset=\"https:\/\/i0.wp.com\/www.jazzzeitung.de\/cms\/wp-content\/uploads\/2016\/11\/2016_jazzfest_berlin_tag4_c_hufner-060080.jpg?w=900&amp;ssl=1 900w, https:\/\/i0.wp.com\/www.jazzzeitung.de\/cms\/wp-content\/uploads\/2016\/11\/2016_jazzfest_berlin_tag4_c_hufner-060080.jpg?resize=225%2C300&amp;ssl=1 225w, https:\/\/i0.wp.com\/www.jazzzeitung.de\/cms\/wp-content\/uploads\/2016\/11\/2016_jazzfest_berlin_tag4_c_hufner-060080.jpg?resize=768%2C1024&amp;ssl=1 768w, https:\/\/i0.wp.com\/www.jazzzeitung.de\/cms\/wp-content\/uploads\/2016\/11\/2016_jazzfest_berlin_tag4_c_hufner-060080.jpg?resize=450%2C600&amp;ssl=1 450w\" width=\"144\" height=\"192\" loading=\"lazy\" data-original-width=\"144\" data-original-height=\"192\" itemprop=\"http:\/\/schema.org\/image\" title=\"Steve Lehman Octet @ Jazzfest Berlin. Foto: Hufner\" alt=\"Steve Lehman Octet @ Jazzfest Berlin. Foto: Hufner\" style=\"width: 144px; height: 192px;\" \/> <\/a> <div class=\"tiled-gallery-caption\" itemprop=\"caption description\"> Steve Lehman Octet @ Jazzfest Berlin. Foto: Hufner <\/div> <\/div> <\/div> <!-- close group --> <div class=\"gallery-group images-1\" style=\"width: 148px; height: 196px;\" data-original-width=\"148\" data-original-height=\"196\" > <div class=\"tiled-gallery-item tiled-gallery-item-small\" itemprop=\"associatedMedia\" itemscope itemtype=\"http:\/\/schema.org\/ImageObject\"> <a href=\"https:\/\/i0.wp.com\/www.jazzzeitung.de\/cms\/wp-content\/uploads\/2016\/11\/2016_11_06_Steve_Lehmann_Octet_JazzFestBerlin_2016_Petra_Basche_HuPe-Kollektiv0007.jpg?ssl=1\" border=\"0\" itemprop=\"url\"> <meta itemprop=\"width\" content=\"144\"> <meta itemprop=\"height\" content=\"192\"> <img decoding=\"async\" class=\"\" data-attachment-id=\"10871\" data-orig-file=\"https:\/\/www.jazzzeitung.de\/cms\/wp-content\/uploads\/2016\/11\/2016_11_06_Steve_Lehmann_Octet_JazzFestBerlin_2016_Petra_Basche_HuPe-Kollektiv0007.jpg\" data-orig-size=\"900,1200\" data-comments-opened=\"1\" data-image-meta=\"{&quot;aperture&quot;:&quot;3.2&quot;,&quot;credit&quot;:&quot;Pepa&quot;,&quot;camera&quot;:&quot;E-M5MarkII&quot;,&quot;caption&quot;:&quot;Steve Lehman Octet @ Jazzfest Berlin. Foto: Petra Basche&quot;,&quot;created_timestamp&quot;:&quot;1478467210&quot;,&quot;copyright&quot;:&quot;Petra Basche&quot;,&quot;focal_length&quot;:&quot;150&quot;,&quot;iso&quot;:&quot;1250&quot;,&quot;shutter_speed&quot;:&quot;0.016666666666667&quot;,&quot;title&quot;:&quot;Steve Lehman Octet @ Jazzfest Berlin. Foto: Petra Basche&quot;,&quot;orientation&quot;:&quot;1&quot;}\" data-image-title=\"Steve Lehman Octet @ Jazzfest Berlin. Foto: Petra Basche\" data-image-description=\"&lt;p&gt;Steve Lehman Octet @ Jazzfest Berlin. Foto: Petra Basche&lt;\/p&gt; \" data-medium-file=\"https:\/\/i0.wp.com\/www.jazzzeitung.de\/cms\/wp-content\/uploads\/2016\/11\/2016_11_06_Steve_Lehmann_Octet_JazzFestBerlin_2016_Petra_Basche_HuPe-Kollektiv0007.jpg?fit=225%2C300&#038;ssl=1\" data-large-file=\"https:\/\/i0.wp.com\/www.jazzzeitung.de\/cms\/wp-content\/uploads\/2016\/11\/2016_11_06_Steve_Lehmann_Octet_JazzFestBerlin_2016_Petra_Basche_HuPe-Kollektiv0007.jpg?fit=450%2C600&#038;ssl=1\" src=\"https:\/\/i0.wp.com\/www.jazzzeitung.de\/cms\/wp-content\/uploads\/2016\/11\/2016_11_06_Steve_Lehmann_Octet_JazzFestBerlin_2016_Petra_Basche_HuPe-Kollektiv0007.jpg?w=144&#038;h=192&#038;ssl=1\" srcset=\"https:\/\/i0.wp.com\/www.jazzzeitung.de\/cms\/wp-content\/uploads\/2016\/11\/2016_11_06_Steve_Lehmann_Octet_JazzFestBerlin_2016_Petra_Basche_HuPe-Kollektiv0007.jpg?w=900&amp;ssl=1 900w, https:\/\/i0.wp.com\/www.jazzzeitung.de\/cms\/wp-content\/uploads\/2016\/11\/2016_11_06_Steve_Lehmann_Octet_JazzFestBerlin_2016_Petra_Basche_HuPe-Kollektiv0007.jpg?resize=225%2C300&amp;ssl=1 225w, https:\/\/i0.wp.com\/www.jazzzeitung.de\/cms\/wp-content\/uploads\/2016\/11\/2016_11_06_Steve_Lehmann_Octet_JazzFestBerlin_2016_Petra_Basche_HuPe-Kollektiv0007.jpg?resize=768%2C1024&amp;ssl=1 768w, https:\/\/i0.wp.com\/www.jazzzeitung.de\/cms\/wp-content\/uploads\/2016\/11\/2016_11_06_Steve_Lehmann_Octet_JazzFestBerlin_2016_Petra_Basche_HuPe-Kollektiv0007.jpg?resize=450%2C600&amp;ssl=1 450w\" width=\"144\" height=\"192\" loading=\"lazy\" data-original-width=\"144\" data-original-height=\"192\" itemprop=\"http:\/\/schema.org\/image\" title=\"Steve Lehman Octet @ Jazzfest Berlin. Foto: Petra Basche\" alt=\"Steve Lehman Octet @ Jazzfest Berlin. Foto: Petra Basche\" style=\"width: 144px; height: 192px;\" \/> <\/a> <div class=\"tiled-gallery-caption\" itemprop=\"caption description\"> Steve Lehman Octet @ Jazzfest Berlin. Foto: Petra Basche <\/div> <\/div> <\/div> <!-- close group --> <div class=\"gallery-group images-1\" style=\"width: 249px; height: 196px;\" data-original-width=\"249\" data-original-height=\"196\" > <div class=\"tiled-gallery-item tiled-gallery-item-small\" itemprop=\"associatedMedia\" itemscope itemtype=\"http:\/\/schema.org\/ImageObject\"> <a href=\"https:\/\/i0.wp.com\/www.jazzzeitung.de\/cms\/wp-content\/uploads\/2016\/11\/2016_jazzfest_berlin_tag4_c_hufner-060067.jpg?ssl=1\" border=\"0\" itemprop=\"url\"> <meta itemprop=\"width\" content=\"245\"> <meta itemprop=\"height\" content=\"192\"> <img decoding=\"async\" class=\"\" data-attachment-id=\"10876\" data-orig-file=\"https:\/\/www.jazzzeitung.de\/cms\/wp-content\/uploads\/2016\/11\/2016_jazzfest_berlin_tag4_c_hufner-060067.jpg\" data-orig-size=\"1529,1200\" data-comments-opened=\"1\" data-image-meta=\"{&quot;aperture&quot;:&quot;2&quot;,&quot;credit&quot;:&quot;Dr. Martin Hufner&quot;,&quot;camera&quot;:&quot;E-M5MarkII&quot;,&quot;caption&quot;:&quot;Steve Lehman Octet @ Jazzfest Berlin. Foto: Hufner&quot;,&quot;created_timestamp&quot;:&quot;1478467595&quot;,&quot;copyright&quot;:&quot;Martin Hufner&quot;,&quot;focal_length&quot;:&quot;75&quot;,&quot;iso&quot;:&quot;640&quot;,&quot;shutter_speed&quot;:&quot;0.02&quot;,&quot;title&quot;:&quot;Steve Lehman Octet @ Jazzfest Berlin. Foto: Hufner&quot;,&quot;orientation&quot;:&quot;1&quot;}\" data-image-title=\"Steve Lehman Octet @ Jazzfest Berlin. Foto: Hufner\" data-image-description=\"&lt;p&gt;Steve Lehman Octet @ Jazzfest Berlin. Foto: Hufner&lt;\/p&gt; \" data-medium-file=\"https:\/\/i0.wp.com\/www.jazzzeitung.de\/cms\/wp-content\/uploads\/2016\/11\/2016_jazzfest_berlin_tag4_c_hufner-060067.jpg?fit=300%2C235&#038;ssl=1\" data-large-file=\"https:\/\/i0.wp.com\/www.jazzzeitung.de\/cms\/wp-content\/uploads\/2016\/11\/2016_jazzfest_berlin_tag4_c_hufner-060067.jpg?fit=765%2C600&#038;ssl=1\" src=\"https:\/\/i0.wp.com\/www.jazzzeitung.de\/cms\/wp-content\/uploads\/2016\/11\/2016_jazzfest_berlin_tag4_c_hufner-060067.jpg?w=245&#038;h=192&#038;ssl=1\" srcset=\"https:\/\/i0.wp.com\/www.jazzzeitung.de\/cms\/wp-content\/uploads\/2016\/11\/2016_jazzfest_berlin_tag4_c_hufner-060067.jpg?w=1529&amp;ssl=1 1529w, https:\/\/i0.wp.com\/www.jazzzeitung.de\/cms\/wp-content\/uploads\/2016\/11\/2016_jazzfest_berlin_tag4_c_hufner-060067.jpg?resize=300%2C235&amp;ssl=1 300w, https:\/\/i0.wp.com\/www.jazzzeitung.de\/cms\/wp-content\/uploads\/2016\/11\/2016_jazzfest_berlin_tag4_c_hufner-060067.jpg?resize=768%2C603&amp;ssl=1 768w, https:\/\/i0.wp.com\/www.jazzzeitung.de\/cms\/wp-content\/uploads\/2016\/11\/2016_jazzfest_berlin_tag4_c_hufner-060067.jpg?resize=765%2C600&amp;ssl=1 765w\" width=\"245\" height=\"192\" loading=\"lazy\" data-original-width=\"245\" data-original-height=\"192\" itemprop=\"http:\/\/schema.org\/image\" title=\"Steve Lehman Octet @ Jazzfest Berlin. Foto: Hufner\" alt=\"Steve Lehman Octet @ Jazzfest Berlin. Foto: Hufner\" style=\"width: 245px; height: 192px;\" \/> <\/a> <div class=\"tiled-gallery-caption\" itemprop=\"caption description\"> Steve Lehman Octet @ Jazzfest Berlin. Foto: Hufner <\/div> <\/div> <\/div> <!-- close group --> <div class=\"gallery-group images-1\" style=\"width: 295px; height: 196px;\" data-original-width=\"295\" data-original-height=\"196\" > <div class=\"tiled-gallery-item tiled-gallery-item-large\" itemprop=\"associatedMedia\" itemscope itemtype=\"http:\/\/schema.org\/ImageObject\"> <a href=\"https:\/\/i0.wp.com\/www.jazzzeitung.de\/cms\/wp-content\/uploads\/2016\/11\/2016_jazzfest_berlin_tag4_c_hufner-060053.jpg?ssl=1\" border=\"0\" itemprop=\"url\"> <meta itemprop=\"width\" content=\"291\"> <meta itemprop=\"height\" content=\"192\"> <img decoding=\"async\" class=\"\" data-attachment-id=\"10873\" data-orig-file=\"https:\/\/www.jazzzeitung.de\/cms\/wp-content\/uploads\/2016\/11\/2016_jazzfest_berlin_tag4_c_hufner-060053.jpg\" data-orig-size=\"1800,1188\" data-comments-opened=\"1\" data-image-meta=\"{&quot;aperture&quot;:&quot;2.8&quot;,&quot;credit&quot;:&quot;Dr. Martin Hufner&quot;,&quot;camera&quot;:&quot;E-M5MarkII&quot;,&quot;caption&quot;:&quot;Steve Lehman Octet @ Jazzfest Berlin. Foto: Hufner&quot;,&quot;created_timestamp&quot;:&quot;1478465275&quot;,&quot;copyright&quot;:&quot;Martin Hufner&quot;,&quot;focal_length&quot;:&quot;15&quot;,&quot;iso&quot;:&quot;640&quot;,&quot;shutter_speed&quot;:&quot;0.076923076923077&quot;,&quot;title&quot;:&quot;Steve Lehman Octet @ Jazzfest Berlin. Foto: Hufner&quot;,&quot;orientation&quot;:&quot;1&quot;}\" data-image-title=\"Steve Lehman Octet @ Jazzfest Berlin. Foto: Hufner\" data-image-description=\"\" data-medium-file=\"https:\/\/i0.wp.com\/www.jazzzeitung.de\/cms\/wp-content\/uploads\/2016\/11\/2016_jazzfest_berlin_tag4_c_hufner-060053.jpg?fit=300%2C198&#038;ssl=1\" data-large-file=\"https:\/\/i0.wp.com\/www.jazzzeitung.de\/cms\/wp-content\/uploads\/2016\/11\/2016_jazzfest_berlin_tag4_c_hufner-060053.jpg?fit=840%2C554&#038;ssl=1\" src=\"https:\/\/i0.wp.com\/www.jazzzeitung.de\/cms\/wp-content\/uploads\/2016\/11\/2016_jazzfest_berlin_tag4_c_hufner-060053.jpg?w=291&#038;h=192&#038;ssl=1\" srcset=\"https:\/\/i0.wp.com\/www.jazzzeitung.de\/cms\/wp-content\/uploads\/2016\/11\/2016_jazzfest_berlin_tag4_c_hufner-060053.jpg?w=1800&amp;ssl=1 1800w, https:\/\/i0.wp.com\/www.jazzzeitung.de\/cms\/wp-content\/uploads\/2016\/11\/2016_jazzfest_berlin_tag4_c_hufner-060053.jpg?resize=300%2C198&amp;ssl=1 300w, https:\/\/i0.wp.com\/www.jazzzeitung.de\/cms\/wp-content\/uploads\/2016\/11\/2016_jazzfest_berlin_tag4_c_hufner-060053.jpg?resize=768%2C507&amp;ssl=1 768w, https:\/\/i0.wp.com\/www.jazzzeitung.de\/cms\/wp-content\/uploads\/2016\/11\/2016_jazzfest_berlin_tag4_c_hufner-060053.jpg?resize=900%2C594&amp;ssl=1 900w, https:\/\/i0.wp.com\/www.jazzzeitung.de\/cms\/wp-content\/uploads\/2016\/11\/2016_jazzfest_berlin_tag4_c_hufner-060053.jpg?w=1680&amp;ssl=1 1680w\" width=\"291\" height=\"192\" loading=\"lazy\" data-original-width=\"291\" data-original-height=\"192\" itemprop=\"http:\/\/schema.org\/image\" title=\"Steve Lehman Octet @ Jazzfest Berlin. Foto: Hufner\" alt=\"Steve Lehman Octet @ Jazzfest Berlin. Foto: Hufner\" style=\"width: 291px; height: 192px;\" \/> <\/a> <div class=\"tiled-gallery-caption\" itemprop=\"caption description\"> Steve Lehman Octet @ Jazzfest Berlin. Foto: Hufner <\/div> <\/div> <\/div> <!-- close group --> <\/div> <!-- close row --> <\/div>\n<p>Die Musik treibt st\u00e4ndig aus sich heraus, die Tempi \u00fcber dem Rhythmus-Teppich wechseln oder sind parallel. Dazu gibt es strukturelle Soli, auch dann wieder aberwitzig rasant und auch mal ganz im Doppelsolo von Saxophon und Trompete bis in die Mikrotonalit\u00e4t hinein beim Duo von Lehman mit einer Zuspielung vom Laptop. Das funktioniert, weil es gekonnt wird und weil man diese musikalische Denkungsart komplett verinnerlicht hat. Ein m\u00f6gliches Ergebnis: Es entsteht dabei eine Art &#8222;Stehende Musik&#8220;.<\/p>\n<figure id=\"attachment_10894\" aria-describedby=\"caption-attachment-10894\" style=\"width: 150px\" class=\"wp-caption alignright\"><a href=\"https:\/\/i0.wp.com\/www.jazzzeitung.de\/cms\/wp-content\/uploads\/2016\/11\/notiz.jpg\"><img data-recalc-dims=\"1\" loading=\"lazy\" decoding=\"async\" data-attachment-id=\"10894\" data-permalink=\"https:\/\/www.jazzzeitung.de\/cms\/2016\/11\/jazzfest-berlin-2016-4-fegefeuer-turbine-und-dasder-rauschende\/notiz\/\" data-orig-file=\"https:\/\/i0.wp.com\/www.jazzzeitung.de\/cms\/wp-content\/uploads\/2016\/11\/notiz.jpg?fit=400%2C720&amp;ssl=1\" data-orig-size=\"400,720\" data-comments-opened=\"1\" data-image-meta=\"{&quot;aperture&quot;:&quot;0&quot;,&quot;credit&quot;:&quot;&quot;,&quot;camera&quot;:&quot;&quot;,&quot;caption&quot;:&quot;&quot;,&quot;created_timestamp&quot;:&quot;0&quot;,&quot;copyright&quot;:&quot;&quot;,&quot;focal_length&quot;:&quot;0&quot;,&quot;iso&quot;:&quot;0&quot;,&quot;shutter_speed&quot;:&quot;0&quot;,&quot;title&quot;:&quot;&quot;,&quot;orientation&quot;:&quot;0&quot;}\" data-image-title=\"Notiz dazu.\" data-image-description=\"&lt;p&gt;Notiz dazu.&lt;\/p&gt;\n\" data-image-caption=\"&lt;p&gt;Notiz dazu.&lt;\/p&gt;\n\" data-large-file=\"https:\/\/i0.wp.com\/www.jazzzeitung.de\/cms\/wp-content\/uploads\/2016\/11\/notiz.jpg?fit=333%2C600&amp;ssl=1\" class=\"size-thumbnail wp-image-10894\" src=\"https:\/\/i0.wp.com\/www.jazzzeitung.de\/cms\/wp-content\/uploads\/2016\/11\/notiz-150x150.jpg?resize=150%2C150\" alt=\"Notiz dazu.\" width=\"150\" height=\"150\" srcset=\"https:\/\/i0.wp.com\/www.jazzzeitung.de\/cms\/wp-content\/uploads\/2016\/11\/notiz.jpg?resize=150%2C150&amp;ssl=1 150w, https:\/\/i0.wp.com\/www.jazzzeitung.de\/cms\/wp-content\/uploads\/2016\/11\/notiz.jpg?resize=144%2C144&amp;ssl=1 144w, https:\/\/i0.wp.com\/www.jazzzeitung.de\/cms\/wp-content\/uploads\/2016\/11\/notiz.jpg?resize=96%2C96&amp;ssl=1 96w, https:\/\/i0.wp.com\/www.jazzzeitung.de\/cms\/wp-content\/uploads\/2016\/11\/notiz.jpg?resize=24%2C24&amp;ssl=1 24w, https:\/\/i0.wp.com\/www.jazzzeitung.de\/cms\/wp-content\/uploads\/2016\/11\/notiz.jpg?resize=36%2C36&amp;ssl=1 36w, https:\/\/i0.wp.com\/www.jazzzeitung.de\/cms\/wp-content\/uploads\/2016\/11\/notiz.jpg?resize=48%2C48&amp;ssl=1 48w, https:\/\/i0.wp.com\/www.jazzzeitung.de\/cms\/wp-content\/uploads\/2016\/11\/notiz.jpg?resize=64%2C64&amp;ssl=1 64w, https:\/\/i0.wp.com\/www.jazzzeitung.de\/cms\/wp-content\/uploads\/2016\/11\/notiz.jpg?resize=32%2C32&amp;ssl=1 32w, https:\/\/i0.wp.com\/www.jazzzeitung.de\/cms\/wp-content\/uploads\/2016\/11\/notiz.jpg?resize=50%2C50&amp;ssl=1 50w, https:\/\/i0.wp.com\/www.jazzzeitung.de\/cms\/wp-content\/uploads\/2016\/11\/notiz.jpg?resize=128%2C128&amp;ssl=1 128w, https:\/\/i0.wp.com\/www.jazzzeitung.de\/cms\/wp-content\/uploads\/2016\/11\/notiz.jpg?zoom=2&amp;resize=150%2C150&amp;ssl=1 300w\" sizes=\"auto, (max-width: 150px) 100vw, 150px\" \/><\/a><figcaption id=\"caption-attachment-10894\" class=\"wp-caption-text\">Notiz dazu.<\/figcaption><\/figure>\n<p>Eine faszinierende Dialektik von Individuum und Kollektiv. Die einzige Gefahr lauert in der Selbst\u00e4hnlichkeit des kompositorischen Konzepts der St\u00fccke. Wie tief l\u00e4sst es sich da noch eindringen, welche Unterb\u00f6digkeit l\u00e4sst sich da noch herauskratzen?<\/p>\n<h2>Gewaltige Klangwelten<br \/>\nEve Risser\u2019s White Desert Orchestra<\/h2>\n<p>Ganz, wieder ganz anders. Drei St\u00fccke des Kuchens am diesem grandiosen Abend. Eve Risser mit ihrem franz\u00f6sischen Ensemble. Zun\u00e4chst eine Erinnerung, die unsere Fotografin Petra Basche aufdeckte. Eve Risser nennt ihr Orchester \u201eWhite Desert\u201c, auf einer Erfahrung beruhend, den Grand Canyon in den USA einmal mit Schnee \u00fcberzogen gesehen zu haben. Daneben Monika Roscher, die mit ihrem <a href=\"http:\/\/www.jazzzeitung.de\/cms\/2013\/11\/jazzfest-2013-monika-roscher-bigband-john-scofield-ueberjam-deux-gelb-und-gruenschnaebel\/\">Orchestra vor drei Jahren an gleicher Stelle<\/a> spielte und dem St\u00fcck \u201eSchnee in Venedig\u201c als sie die Lagunenstadt unter Schnee sah. Beide haben ihre Orchester im Zusammenhang mit Abschlusspr\u00fcfungen ihrer k\u00fcnstlerischen Laufbahn an Hochschulen zusammengestellt. Wie gut!<\/p>\n<div class=\"tiled-gallery type-rectangular tiled-gallery-unresized\" data-original-width=\"840\" data-carousel-extra='{&quot;blog_id&quot;:1,&quot;permalink&quot;:&quot;https:\\\/\\\/www.jazzzeitung.de\\\/cms\\\/2016\\\/11\\\/jazzfest-berlin-2016-4-fegefeuer-turbine-und-dasder-rauschende\\\/&quot;,&quot;likes_blog_id&quot;:55446655}' itemscope itemtype=\"http:\/\/schema.org\/ImageGallery\" > <div class=\"gallery-row\" style=\"width: 840px; height: 383px;\" data-original-width=\"840\" data-original-height=\"383\" > <div class=\"gallery-group images-1\" style=\"width: 572px; height: 383px;\" data-original-width=\"572\" data-original-height=\"383\" > <div class=\"tiled-gallery-item tiled-gallery-item-large\" itemprop=\"associatedMedia\" itemscope itemtype=\"http:\/\/schema.org\/ImageObject\"> <a href=\"https:\/\/i0.wp.com\/www.jazzzeitung.de\/cms\/wp-content\/uploads\/2016\/11\/2016_11_06_Eve_Risser_JazzFestBerlin_2016_Petra_Basche_HuPe-Kollektiv0025.jpg?ssl=1\" border=\"0\" itemprop=\"url\"> <meta itemprop=\"width\" content=\"568\"> <meta itemprop=\"height\" content=\"379\"> <img decoding=\"async\" class=\"\" data-attachment-id=\"10887\" data-orig-file=\"https:\/\/www.jazzzeitung.de\/cms\/wp-content\/uploads\/2016\/11\/2016_11_06_Eve_Risser_JazzFestBerlin_2016_Petra_Basche_HuPe-Kollektiv0025.jpg\" data-orig-size=\"1798,1200\" data-comments-opened=\"1\" data-image-meta=\"{&quot;aperture&quot;:&quot;3.2&quot;,&quot;credit&quot;:&quot;Petra_Basche&quot;,&quot;camera&quot;:&quot;NIKON D800&quot;,&quot;caption&quot;:&quot;Eve Risser\\u2019s White Desert Orchestra @ Jazzfest Berlin. Foto: Petra Basche&quot;,&quot;created_timestamp&quot;:&quot;1478474886&quot;,&quot;copyright&quot;:&quot;HuPe-Kollektiv&quot;,&quot;focal_length&quot;:&quot;100&quot;,&quot;iso&quot;:&quot;2500&quot;,&quot;shutter_speed&quot;:&quot;0.008&quot;,&quot;title&quot;:&quot;Eve Risser\\u2019s White Desert Orchestra @ Jazzfest Berlin. Foto: Petra Basche&quot;,&quot;orientation&quot;:&quot;1&quot;}\" data-image-title=\"Eve Risser\u2019s White Desert Orchestra @ Jazzfest Berlin. Foto: Petra Basche\" data-image-description=\"&lt;p&gt;Eve Risser\u2019s White Desert Orchestra @ Jazzfest Berlin. Foto: Petra Basche&lt;\/p&gt; \" data-medium-file=\"https:\/\/i0.wp.com\/www.jazzzeitung.de\/cms\/wp-content\/uploads\/2016\/11\/2016_11_06_Eve_Risser_JazzFestBerlin_2016_Petra_Basche_HuPe-Kollektiv0025.jpg?fit=300%2C200&#038;ssl=1\" data-large-file=\"https:\/\/i0.wp.com\/www.jazzzeitung.de\/cms\/wp-content\/uploads\/2016\/11\/2016_11_06_Eve_Risser_JazzFestBerlin_2016_Petra_Basche_HuPe-Kollektiv0025.jpg?fit=840%2C560&#038;ssl=1\" src=\"https:\/\/i0.wp.com\/www.jazzzeitung.de\/cms\/wp-content\/uploads\/2016\/11\/2016_11_06_Eve_Risser_JazzFestBerlin_2016_Petra_Basche_HuPe-Kollektiv0025.jpg?w=568&#038;h=379&#038;ssl=1\" srcset=\"https:\/\/i0.wp.com\/www.jazzzeitung.de\/cms\/wp-content\/uploads\/2016\/11\/2016_11_06_Eve_Risser_JazzFestBerlin_2016_Petra_Basche_HuPe-Kollektiv0025.jpg?w=1798&amp;ssl=1 1798w, https:\/\/i0.wp.com\/www.jazzzeitung.de\/cms\/wp-content\/uploads\/2016\/11\/2016_11_06_Eve_Risser_JazzFestBerlin_2016_Petra_Basche_HuPe-Kollektiv0025.jpg?resize=300%2C200&amp;ssl=1 300w, https:\/\/i0.wp.com\/www.jazzzeitung.de\/cms\/wp-content\/uploads\/2016\/11\/2016_11_06_Eve_Risser_JazzFestBerlin_2016_Petra_Basche_HuPe-Kollektiv0025.jpg?resize=768%2C513&amp;ssl=1 768w, https:\/\/i0.wp.com\/www.jazzzeitung.de\/cms\/wp-content\/uploads\/2016\/11\/2016_11_06_Eve_Risser_JazzFestBerlin_2016_Petra_Basche_HuPe-Kollektiv0025.jpg?resize=900%2C600&amp;ssl=1 900w, https:\/\/i0.wp.com\/www.jazzzeitung.de\/cms\/wp-content\/uploads\/2016\/11\/2016_11_06_Eve_Risser_JazzFestBerlin_2016_Petra_Basche_HuPe-Kollektiv0025.jpg?w=1680&amp;ssl=1 1680w\" width=\"568\" height=\"379\" loading=\"lazy\" data-original-width=\"568\" data-original-height=\"379\" itemprop=\"http:\/\/schema.org\/image\" title=\"Eve Risser\u2019s White Desert Orchestra @ Jazzfest Berlin. Foto: Petra Basche\" alt=\"Eve Risser\u2019s White Desert Orchestra @ Jazzfest Berlin. Foto: Petra Basche\" style=\"width: 568px; height: 379px;\" \/> <\/a> <div class=\"tiled-gallery-caption\" itemprop=\"caption description\"> Eve Risser\u2019s White Desert Orchestra @ Jazzfest Berlin. Foto: Petra Basche <\/div> <\/div> <\/div> <!-- close group --> <div class=\"gallery-group images-2\" style=\"width: 268px; height: 383px;\" data-original-width=\"268\" data-original-height=\"383\" > <div class=\"tiled-gallery-item tiled-gallery-item-large\" itemprop=\"associatedMedia\" itemscope itemtype=\"http:\/\/schema.org\/ImageObject\"> <a href=\"https:\/\/i0.wp.com\/www.jazzzeitung.de\/cms\/wp-content\/uploads\/2016\/11\/2016_11_06_Eve_Risser_JazzFestBerlin_2016_Petra_Basche_HuPe-Kollektiv0004.jpg?ssl=1\" border=\"0\" itemprop=\"url\"> <meta itemprop=\"width\" content=\"264\"> <meta itemprop=\"height\" content=\"198\"> <img decoding=\"async\" class=\"\" data-attachment-id=\"10879\" data-orig-file=\"https:\/\/www.jazzzeitung.de\/cms\/wp-content\/uploads\/2016\/11\/2016_11_06_Eve_Risser_JazzFestBerlin_2016_Petra_Basche_HuPe-Kollektiv0004.jpg\" data-orig-size=\"1600,1200\" data-comments-opened=\"1\" data-image-meta=\"{&quot;aperture&quot;:&quot;2.8&quot;,&quot;credit&quot;:&quot;Pepa&quot;,&quot;camera&quot;:&quot;E-M5MarkII&quot;,&quot;caption&quot;:&quot;Eve Risser\\u2019s White Desert Orchestra @ Jazzfest Berlin. Foto: Petra Basche&quot;,&quot;created_timestamp&quot;:&quot;1478470454&quot;,&quot;copyright&quot;:&quot;Petra Basche&quot;,&quot;focal_length&quot;:&quot;40&quot;,&quot;iso&quot;:&quot;1250&quot;,&quot;shutter_speed&quot;:&quot;0.01&quot;,&quot;title&quot;:&quot;Eve Risser\\u2019s White Desert Orchestra @ Jazzfest Berlin. Foto: Petra Basche&quot;,&quot;orientation&quot;:&quot;1&quot;}\" data-image-title=\"Eve Risser\u2019s White Desert Orchestra @ Jazzfest Berlin. Foto: Petra Basche\" data-image-description=\"&lt;p&gt;Eve Risser\u2019s White Desert Orchestra @ Jazzfest Berlin. Foto: Petra Basche&lt;\/p&gt; \" data-medium-file=\"https:\/\/i0.wp.com\/www.jazzzeitung.de\/cms\/wp-content\/uploads\/2016\/11\/2016_11_06_Eve_Risser_JazzFestBerlin_2016_Petra_Basche_HuPe-Kollektiv0004.jpg?fit=300%2C225&#038;ssl=1\" data-large-file=\"https:\/\/i0.wp.com\/www.jazzzeitung.de\/cms\/wp-content\/uploads\/2016\/11\/2016_11_06_Eve_Risser_JazzFestBerlin_2016_Petra_Basche_HuPe-Kollektiv0004.jpg?fit=800%2C600&#038;ssl=1\" src=\"https:\/\/i0.wp.com\/www.jazzzeitung.de\/cms\/wp-content\/uploads\/2016\/11\/2016_11_06_Eve_Risser_JazzFestBerlin_2016_Petra_Basche_HuPe-Kollektiv0004.jpg?w=264&#038;h=198&#038;ssl=1\" srcset=\"https:\/\/i0.wp.com\/www.jazzzeitung.de\/cms\/wp-content\/uploads\/2016\/11\/2016_11_06_Eve_Risser_JazzFestBerlin_2016_Petra_Basche_HuPe-Kollektiv0004.jpg?w=1600&amp;ssl=1 1600w, https:\/\/i0.wp.com\/www.jazzzeitung.de\/cms\/wp-content\/uploads\/2016\/11\/2016_11_06_Eve_Risser_JazzFestBerlin_2016_Petra_Basche_HuPe-Kollektiv0004.jpg?resize=300%2C225&amp;ssl=1 300w, https:\/\/i0.wp.com\/www.jazzzeitung.de\/cms\/wp-content\/uploads\/2016\/11\/2016_11_06_Eve_Risser_JazzFestBerlin_2016_Petra_Basche_HuPe-Kollektiv0004.jpg?resize=768%2C576&amp;ssl=1 768w, https:\/\/i0.wp.com\/www.jazzzeitung.de\/cms\/wp-content\/uploads\/2016\/11\/2016_11_06_Eve_Risser_JazzFestBerlin_2016_Petra_Basche_HuPe-Kollektiv0004.jpg?resize=800%2C600&amp;ssl=1 800w\" width=\"264\" height=\"198\" loading=\"lazy\" data-original-width=\"264\" data-original-height=\"198\" itemprop=\"http:\/\/schema.org\/image\" title=\"Eve Risser\u2019s White Desert Orchestra @ Jazzfest Berlin. Foto: Petra Basche\" alt=\"Eve Risser\u2019s White Desert Orchestra @ Jazzfest Berlin. Foto: Petra Basche\" style=\"width: 264px; height: 198px;\" \/> <\/a> <div class=\"tiled-gallery-caption\" itemprop=\"caption description\"> Eve Risser\u2019s White Desert Orchestra @ Jazzfest Berlin. Foto: Petra Basche <\/div> <\/div> <div class=\"tiled-gallery-item tiled-gallery-item-large\" itemprop=\"associatedMedia\" itemscope itemtype=\"http:\/\/schema.org\/ImageObject\"> <a href=\"https:\/\/i0.wp.com\/www.jazzzeitung.de\/cms\/wp-content\/uploads\/2016\/11\/2016_11_06_Eve_Risser_JazzFestBerlin_2016_Petra_Basche_HuPe-Kollektiv0017.jpg?ssl=1\" border=\"0\" itemprop=\"url\"> <meta itemprop=\"width\" content=\"264\"> <meta itemprop=\"height\" content=\"177\"> <img decoding=\"async\" class=\"\" data-attachment-id=\"10884\" data-orig-file=\"https:\/\/www.jazzzeitung.de\/cms\/wp-content\/uploads\/2016\/11\/2016_11_06_Eve_Risser_JazzFestBerlin_2016_Petra_Basche_HuPe-Kollektiv0017.jpg\" data-orig-size=\"1798,1200\" data-comments-opened=\"1\" data-image-meta=\"{&quot;aperture&quot;:&quot;3.2&quot;,&quot;credit&quot;:&quot;Petra_Basche&quot;,&quot;camera&quot;:&quot;NIKON D800&quot;,&quot;caption&quot;:&quot;Eve Risser\\u2019s White Desert Orchestra @ Jazzfest Berlin. Foto: Petra Basche&quot;,&quot;created_timestamp&quot;:&quot;1478473072&quot;,&quot;copyright&quot;:&quot;HuPe-Kollektiv&quot;,&quot;focal_length&quot;:&quot;70&quot;,&quot;iso&quot;:&quot;3200&quot;,&quot;shutter_speed&quot;:&quot;0.00625&quot;,&quot;title&quot;:&quot;Eve Risser\\u2019s White Desert Orchestra @ Jazzfest Berlin. Foto: Petra Basche&quot;,&quot;orientation&quot;:&quot;1&quot;}\" data-image-title=\"Eve Risser\u2019s White Desert Orchestra @ Jazzfest Berlin. Foto: Petra Basche\" data-image-description=\"&lt;p&gt;Eve Risser\u2019s White Desert Orchestra @ Jazzfest Berlin. Foto: Petra Basche&lt;\/p&gt; \" data-medium-file=\"https:\/\/i0.wp.com\/www.jazzzeitung.de\/cms\/wp-content\/uploads\/2016\/11\/2016_11_06_Eve_Risser_JazzFestBerlin_2016_Petra_Basche_HuPe-Kollektiv0017.jpg?fit=300%2C200&#038;ssl=1\" data-large-file=\"https:\/\/i0.wp.com\/www.jazzzeitung.de\/cms\/wp-content\/uploads\/2016\/11\/2016_11_06_Eve_Risser_JazzFestBerlin_2016_Petra_Basche_HuPe-Kollektiv0017.jpg?fit=840%2C560&#038;ssl=1\" src=\"https:\/\/i0.wp.com\/www.jazzzeitung.de\/cms\/wp-content\/uploads\/2016\/11\/2016_11_06_Eve_Risser_JazzFestBerlin_2016_Petra_Basche_HuPe-Kollektiv0017.jpg?w=264&#038;h=177&#038;ssl=1\" srcset=\"https:\/\/i0.wp.com\/www.jazzzeitung.de\/cms\/wp-content\/uploads\/2016\/11\/2016_11_06_Eve_Risser_JazzFestBerlin_2016_Petra_Basche_HuPe-Kollektiv0017.jpg?w=1798&amp;ssl=1 1798w, https:\/\/i0.wp.com\/www.jazzzeitung.de\/cms\/wp-content\/uploads\/2016\/11\/2016_11_06_Eve_Risser_JazzFestBerlin_2016_Petra_Basche_HuPe-Kollektiv0017.jpg?resize=300%2C200&amp;ssl=1 300w, https:\/\/i0.wp.com\/www.jazzzeitung.de\/cms\/wp-content\/uploads\/2016\/11\/2016_11_06_Eve_Risser_JazzFestBerlin_2016_Petra_Basche_HuPe-Kollektiv0017.jpg?resize=768%2C513&amp;ssl=1 768w, https:\/\/i0.wp.com\/www.jazzzeitung.de\/cms\/wp-content\/uploads\/2016\/11\/2016_11_06_Eve_Risser_JazzFestBerlin_2016_Petra_Basche_HuPe-Kollektiv0017.jpg?resize=900%2C600&amp;ssl=1 900w, https:\/\/i0.wp.com\/www.jazzzeitung.de\/cms\/wp-content\/uploads\/2016\/11\/2016_11_06_Eve_Risser_JazzFestBerlin_2016_Petra_Basche_HuPe-Kollektiv0017.jpg?w=1680&amp;ssl=1 1680w\" width=\"264\" height=\"177\" loading=\"lazy\" data-original-width=\"264\" data-original-height=\"177\" itemprop=\"http:\/\/schema.org\/image\" title=\"Eve Risser\u2019s White Desert Orchestra @ Jazzfest Berlin. Foto: Petra Basche\" alt=\"Eve Risser\u2019s White Desert Orchestra @ Jazzfest Berlin. Foto: Petra Basche\" style=\"width: 264px; height: 177px;\" \/> <\/a> <div class=\"tiled-gallery-caption\" itemprop=\"caption description\"> Eve Risser\u2019s White Desert Orchestra @ Jazzfest Berlin. Foto: Petra Basche <\/div> <\/div> <\/div> <!-- close group --> <\/div> <!-- close row --> <div class=\"gallery-row\" style=\"width: 840px; height: 195px;\" data-original-width=\"840\" data-original-height=\"195\" > <div class=\"gallery-group images-1\" style=\"width: 291px; height: 195px;\" data-original-width=\"291\" data-original-height=\"195\" > <div class=\"tiled-gallery-item tiled-gallery-item-large\" itemprop=\"associatedMedia\" itemscope itemtype=\"http:\/\/schema.org\/ImageObject\"> <a href=\"https:\/\/i0.wp.com\/www.jazzzeitung.de\/cms\/wp-content\/uploads\/2016\/11\/2016_11_06_Eve_Risser_JazzFestBerlin_2016_Petra_Basche_HuPe-Kollektiv0003.jpg?ssl=1\" border=\"0\" itemprop=\"url\"> <meta itemprop=\"width\" content=\"287\"> <meta itemprop=\"height\" content=\"191\"> <img decoding=\"async\" class=\"\" data-attachment-id=\"10878\" data-orig-file=\"https:\/\/www.jazzzeitung.de\/cms\/wp-content\/uploads\/2016\/11\/2016_11_06_Eve_Risser_JazzFestBerlin_2016_Petra_Basche_HuPe-Kollektiv0003.jpg\" data-orig-size=\"1800,1200\" data-comments-opened=\"1\" data-image-meta=\"{&quot;aperture&quot;:&quot;2.8&quot;,&quot;credit&quot;:&quot;Pepa&quot;,&quot;camera&quot;:&quot;E-M5MarkII&quot;,&quot;caption&quot;:&quot;Eve Risser\\u2019s White Desert Orchestra @ Jazzfest Berlin. Foto: Petra Basche&quot;,&quot;created_timestamp&quot;:&quot;1478470163&quot;,&quot;copyright&quot;:&quot;Petra Basche&quot;,&quot;focal_length&quot;:&quot;150&quot;,&quot;iso&quot;:&quot;1250&quot;,&quot;shutter_speed&quot;:&quot;0.016666666666667&quot;,&quot;title&quot;:&quot;Eve Risser\\u2019s White Desert Orchestra @ Jazzfest Berlin. Foto: Petra Basche&quot;,&quot;orientation&quot;:&quot;1&quot;}\" data-image-title=\"Eve Risser\u2019s White Desert Orchestra @ Jazzfest Berlin. Foto: Petra Basche\" data-image-description=\"&lt;p&gt;Eve Risser\u2019s White Desert Orchestra @ Jazzfest Berlin. Foto: Petra Basche&lt;\/p&gt; \" data-medium-file=\"https:\/\/i0.wp.com\/www.jazzzeitung.de\/cms\/wp-content\/uploads\/2016\/11\/2016_11_06_Eve_Risser_JazzFestBerlin_2016_Petra_Basche_HuPe-Kollektiv0003.jpg?fit=300%2C200&#038;ssl=1\" data-large-file=\"https:\/\/i0.wp.com\/www.jazzzeitung.de\/cms\/wp-content\/uploads\/2016\/11\/2016_11_06_Eve_Risser_JazzFestBerlin_2016_Petra_Basche_HuPe-Kollektiv0003.jpg?fit=840%2C560&#038;ssl=1\" src=\"https:\/\/i0.wp.com\/www.jazzzeitung.de\/cms\/wp-content\/uploads\/2016\/11\/2016_11_06_Eve_Risser_JazzFestBerlin_2016_Petra_Basche_HuPe-Kollektiv0003.jpg?w=287&#038;h=191&#038;ssl=1\" srcset=\"https:\/\/i0.wp.com\/www.jazzzeitung.de\/cms\/wp-content\/uploads\/2016\/11\/2016_11_06_Eve_Risser_JazzFestBerlin_2016_Petra_Basche_HuPe-Kollektiv0003.jpg?w=1800&amp;ssl=1 1800w, https:\/\/i0.wp.com\/www.jazzzeitung.de\/cms\/wp-content\/uploads\/2016\/11\/2016_11_06_Eve_Risser_JazzFestBerlin_2016_Petra_Basche_HuPe-Kollektiv0003.jpg?resize=300%2C200&amp;ssl=1 300w, https:\/\/i0.wp.com\/www.jazzzeitung.de\/cms\/wp-content\/uploads\/2016\/11\/2016_11_06_Eve_Risser_JazzFestBerlin_2016_Petra_Basche_HuPe-Kollektiv0003.jpg?resize=768%2C512&amp;ssl=1 768w, https:\/\/i0.wp.com\/www.jazzzeitung.de\/cms\/wp-content\/uploads\/2016\/11\/2016_11_06_Eve_Risser_JazzFestBerlin_2016_Petra_Basche_HuPe-Kollektiv0003.jpg?resize=900%2C600&amp;ssl=1 900w, https:\/\/i0.wp.com\/www.jazzzeitung.de\/cms\/wp-content\/uploads\/2016\/11\/2016_11_06_Eve_Risser_JazzFestBerlin_2016_Petra_Basche_HuPe-Kollektiv0003.jpg?w=1680&amp;ssl=1 1680w\" width=\"287\" height=\"191\" loading=\"lazy\" data-original-width=\"287\" data-original-height=\"191\" itemprop=\"http:\/\/schema.org\/image\" title=\"Eve Risser\u2019s White Desert Orchestra @ Jazzfest Berlin. Foto: Petra Basche\" alt=\"Eve Risser\u2019s White Desert Orchestra @ Jazzfest Berlin. Foto: Petra Basche\" style=\"width: 287px; height: 191px;\" \/> <\/a> <div class=\"tiled-gallery-caption\" itemprop=\"caption description\"> Eve Risser\u2019s White Desert Orchestra @ Jazzfest Berlin. Foto: Petra Basche <\/div> <\/div> <\/div> <!-- close group --> <div class=\"gallery-group images-1\" style=\"width: 259px; height: 195px;\" data-original-width=\"259\" data-original-height=\"195\" > <div class=\"tiled-gallery-item tiled-gallery-item-large\" itemprop=\"associatedMedia\" itemscope itemtype=\"http:\/\/schema.org\/ImageObject\"> <a href=\"https:\/\/i0.wp.com\/www.jazzzeitung.de\/cms\/wp-content\/uploads\/2016\/11\/2016_11_06_Eve_Risser_JazzFestBerlin_2016_Petra_Basche_HuPe-Kollektiv0006.jpg?ssl=1\" border=\"0\" itemprop=\"url\"> <meta itemprop=\"width\" content=\"255\"> <meta itemprop=\"height\" content=\"191\"> <img decoding=\"async\" class=\"\" data-attachment-id=\"10880\" data-orig-file=\"https:\/\/www.jazzzeitung.de\/cms\/wp-content\/uploads\/2016\/11\/2016_11_06_Eve_Risser_JazzFestBerlin_2016_Petra_Basche_HuPe-Kollektiv0006.jpg\" data-orig-size=\"1600,1200\" data-comments-opened=\"1\" data-image-meta=\"{&quot;aperture&quot;:&quot;2.8&quot;,&quot;credit&quot;:&quot;Pepa&quot;,&quot;camera&quot;:&quot;E-M5MarkII&quot;,&quot;caption&quot;:&quot;Eve Risser\\u2019s White Desert Orchestra @ Jazzfest Berlin. Foto: Petra Basche&quot;,&quot;created_timestamp&quot;:&quot;1478470986&quot;,&quot;copyright&quot;:&quot;Petra Basche&quot;,&quot;focal_length&quot;:&quot;40&quot;,&quot;iso&quot;:&quot;1250&quot;,&quot;shutter_speed&quot;:&quot;0.008&quot;,&quot;title&quot;:&quot;Eve Risser\\u2019s White Desert Orchestra @ Jazzfest Berlin. Foto: Petra Basche&quot;,&quot;orientation&quot;:&quot;1&quot;}\" data-image-title=\"Eve Risser\u2019s White Desert Orchestra @ Jazzfest Berlin. Foto: Petra Basche\" data-image-description=\"&lt;p&gt;Eve Risser\u2019s White Desert Orchestra @ Jazzfest Berlin. Foto: Petra Basche&lt;\/p&gt; \" data-medium-file=\"https:\/\/i0.wp.com\/www.jazzzeitung.de\/cms\/wp-content\/uploads\/2016\/11\/2016_11_06_Eve_Risser_JazzFestBerlin_2016_Petra_Basche_HuPe-Kollektiv0006.jpg?fit=300%2C225&#038;ssl=1\" data-large-file=\"https:\/\/i0.wp.com\/www.jazzzeitung.de\/cms\/wp-content\/uploads\/2016\/11\/2016_11_06_Eve_Risser_JazzFestBerlin_2016_Petra_Basche_HuPe-Kollektiv0006.jpg?fit=800%2C600&#038;ssl=1\" src=\"https:\/\/i0.wp.com\/www.jazzzeitung.de\/cms\/wp-content\/uploads\/2016\/11\/2016_11_06_Eve_Risser_JazzFestBerlin_2016_Petra_Basche_HuPe-Kollektiv0006.jpg?w=255&#038;h=191&#038;ssl=1\" srcset=\"https:\/\/i0.wp.com\/www.jazzzeitung.de\/cms\/wp-content\/uploads\/2016\/11\/2016_11_06_Eve_Risser_JazzFestBerlin_2016_Petra_Basche_HuPe-Kollektiv0006.jpg?w=1600&amp;ssl=1 1600w, https:\/\/i0.wp.com\/www.jazzzeitung.de\/cms\/wp-content\/uploads\/2016\/11\/2016_11_06_Eve_Risser_JazzFestBerlin_2016_Petra_Basche_HuPe-Kollektiv0006.jpg?resize=300%2C225&amp;ssl=1 300w, https:\/\/i0.wp.com\/www.jazzzeitung.de\/cms\/wp-content\/uploads\/2016\/11\/2016_11_06_Eve_Risser_JazzFestBerlin_2016_Petra_Basche_HuPe-Kollektiv0006.jpg?resize=768%2C576&amp;ssl=1 768w, https:\/\/i0.wp.com\/www.jazzzeitung.de\/cms\/wp-content\/uploads\/2016\/11\/2016_11_06_Eve_Risser_JazzFestBerlin_2016_Petra_Basche_HuPe-Kollektiv0006.jpg?resize=800%2C600&amp;ssl=1 800w\" width=\"255\" height=\"191\" loading=\"lazy\" data-original-width=\"255\" data-original-height=\"191\" itemprop=\"http:\/\/schema.org\/image\" title=\"Eve Risser\u2019s White Desert Orchestra @ Jazzfest Berlin. Foto: Petra Basche\" alt=\"Eve Risser\u2019s White Desert Orchestra @ Jazzfest Berlin. Foto: Petra Basche\" style=\"width: 255px; height: 191px;\" \/> <\/a> <div class=\"tiled-gallery-caption\" itemprop=\"caption description\"> Eve Risser\u2019s White Desert Orchestra @ Jazzfest Berlin. Foto: Petra Basche <\/div> <\/div> <\/div> <!-- close group --> <div class=\"gallery-group images-1\" style=\"width: 290px; height: 195px;\" data-original-width=\"290\" data-original-height=\"195\" > <div class=\"tiled-gallery-item tiled-gallery-item-large\" itemprop=\"associatedMedia\" itemscope itemtype=\"http:\/\/schema.org\/ImageObject\"> <a href=\"https:\/\/i0.wp.com\/www.jazzzeitung.de\/cms\/wp-content\/uploads\/2016\/11\/2016_11_06_Eve_Risser_JazzFestBerlin_2016_Petra_Basche_HuPe-Kollektiv0008.jpg?ssl=1\" border=\"0\" itemprop=\"url\"> <meta itemprop=\"width\" content=\"286\"> <meta itemprop=\"height\" content=\"191\"> <img decoding=\"async\" class=\"\" data-attachment-id=\"10881\" data-orig-file=\"https:\/\/www.jazzzeitung.de\/cms\/wp-content\/uploads\/2016\/11\/2016_11_06_Eve_Risser_JazzFestBerlin_2016_Petra_Basche_HuPe-Kollektiv0008.jpg\" data-orig-size=\"1800,1200\" data-comments-opened=\"1\" data-image-meta=\"{&quot;aperture&quot;:&quot;3.2&quot;,&quot;credit&quot;:&quot;Pepa&quot;,&quot;camera&quot;:&quot;E-M5MarkII&quot;,&quot;caption&quot;:&quot;Eve Risser\\u2019s White Desert Orchestra @ Jazzfest Berlin. Foto: Petra Basche&quot;,&quot;created_timestamp&quot;:&quot;1478471341&quot;,&quot;copyright&quot;:&quot;Petra Basche&quot;,&quot;focal_length&quot;:&quot;150&quot;,&quot;iso&quot;:&quot;1250&quot;,&quot;shutter_speed&quot;:&quot;0.025&quot;,&quot;title&quot;:&quot;Eve Risser\\u2019s White Desert Orchestra @ Jazzfest Berlin. Foto: Petra Basche&quot;,&quot;orientation&quot;:&quot;1&quot;}\" data-image-title=\"Eve Risser\u2019s White Desert Orchestra @ Jazzfest Berlin. Foto: Petra Basche\" data-image-description=\"&lt;p&gt;Eve Risser\u2019s White Desert Orchestra @ Jazzfest Berlin. Foto: Petra Basche&lt;\/p&gt; \" data-medium-file=\"https:\/\/i0.wp.com\/www.jazzzeitung.de\/cms\/wp-content\/uploads\/2016\/11\/2016_11_06_Eve_Risser_JazzFestBerlin_2016_Petra_Basche_HuPe-Kollektiv0008.jpg?fit=300%2C200&#038;ssl=1\" data-large-file=\"https:\/\/i0.wp.com\/www.jazzzeitung.de\/cms\/wp-content\/uploads\/2016\/11\/2016_11_06_Eve_Risser_JazzFestBerlin_2016_Petra_Basche_HuPe-Kollektiv0008.jpg?fit=840%2C560&#038;ssl=1\" src=\"https:\/\/i0.wp.com\/www.jazzzeitung.de\/cms\/wp-content\/uploads\/2016\/11\/2016_11_06_Eve_Risser_JazzFestBerlin_2016_Petra_Basche_HuPe-Kollektiv0008.jpg?w=286&#038;h=191&#038;ssl=1\" srcset=\"https:\/\/i0.wp.com\/www.jazzzeitung.de\/cms\/wp-content\/uploads\/2016\/11\/2016_11_06_Eve_Risser_JazzFestBerlin_2016_Petra_Basche_HuPe-Kollektiv0008.jpg?w=1800&amp;ssl=1 1800w, https:\/\/i0.wp.com\/www.jazzzeitung.de\/cms\/wp-content\/uploads\/2016\/11\/2016_11_06_Eve_Risser_JazzFestBerlin_2016_Petra_Basche_HuPe-Kollektiv0008.jpg?resize=300%2C200&amp;ssl=1 300w, https:\/\/i0.wp.com\/www.jazzzeitung.de\/cms\/wp-content\/uploads\/2016\/11\/2016_11_06_Eve_Risser_JazzFestBerlin_2016_Petra_Basche_HuPe-Kollektiv0008.jpg?resize=768%2C512&amp;ssl=1 768w, https:\/\/i0.wp.com\/www.jazzzeitung.de\/cms\/wp-content\/uploads\/2016\/11\/2016_11_06_Eve_Risser_JazzFestBerlin_2016_Petra_Basche_HuPe-Kollektiv0008.jpg?resize=900%2C600&amp;ssl=1 900w, https:\/\/i0.wp.com\/www.jazzzeitung.de\/cms\/wp-content\/uploads\/2016\/11\/2016_11_06_Eve_Risser_JazzFestBerlin_2016_Petra_Basche_HuPe-Kollektiv0008.jpg?w=1680&amp;ssl=1 1680w\" width=\"286\" height=\"191\" loading=\"lazy\" data-original-width=\"286\" data-original-height=\"191\" itemprop=\"http:\/\/schema.org\/image\" title=\"Eve Risser\u2019s White Desert Orchestra @ Jazzfest Berlin. Foto: Petra Basche\" alt=\"Eve Risser\u2019s White Desert Orchestra @ Jazzfest Berlin. Foto: Petra Basche\" style=\"width: 286px; height: 191px;\" \/> <\/a> <div class=\"tiled-gallery-caption\" itemprop=\"caption description\"> Eve Risser\u2019s White Desert Orchestra @ Jazzfest Berlin. Foto: Petra Basche <\/div> <\/div> <\/div> <!-- close group --> <\/div> <!-- close row --> <div class=\"gallery-row\" style=\"width: 840px; height: 421px;\" data-original-width=\"840\" data-original-height=\"421\" > <div class=\"gallery-group images-2\" style=\"width: 211px; height: 421px;\" data-original-width=\"211\" data-original-height=\"421\" > <div class=\"tiled-gallery-item tiled-gallery-item-small\" itemprop=\"associatedMedia\" itemscope itemtype=\"http:\/\/schema.org\/ImageObject\"> <a href=\"https:\/\/i0.wp.com\/www.jazzzeitung.de\/cms\/wp-content\/uploads\/2016\/11\/2016_11_06_Eve_Risser_JazzFestBerlin_2016_Petra_Basche_HuPe-Kollektiv0013.jpg?ssl=1\" border=\"0\" itemprop=\"url\"> <meta itemprop=\"width\" content=\"207\"> <meta itemprop=\"height\" content=\"207\"> <img decoding=\"async\" class=\"\" data-attachment-id=\"10882\" data-orig-file=\"https:\/\/www.jazzzeitung.de\/cms\/wp-content\/uploads\/2016\/11\/2016_11_06_Eve_Risser_JazzFestBerlin_2016_Petra_Basche_HuPe-Kollektiv0013.jpg\" data-orig-size=\"1200,1200\" data-comments-opened=\"1\" data-image-meta=\"{&quot;aperture&quot;:&quot;3.2&quot;,&quot;credit&quot;:&quot;Pepa&quot;,&quot;camera&quot;:&quot;E-M5MarkII&quot;,&quot;caption&quot;:&quot;Eve Risser\\u2019s White Desert Orchestra @ Jazzfest Berlin. Foto: Petra Basche&quot;,&quot;created_timestamp&quot;:&quot;1478472671&quot;,&quot;copyright&quot;:&quot;Petra Basche&quot;,&quot;focal_length&quot;:&quot;106&quot;,&quot;iso&quot;:&quot;1250&quot;,&quot;shutter_speed&quot;:&quot;0.003125&quot;,&quot;title&quot;:&quot;Eve Risser\\u2019s White Desert Orchestra @ Jazzfest Berlin. Foto: Petra Basche&quot;,&quot;orientation&quot;:&quot;1&quot;}\" data-image-title=\"Eve Risser\u2019s White Desert Orchestra @ Jazzfest Berlin. Foto: Petra Basche\" data-image-description=\"&lt;p&gt;Eve Risser\u2019s White Desert Orchestra @ Jazzfest Berlin. Foto: Petra Basche&lt;\/p&gt; \" data-medium-file=\"https:\/\/i0.wp.com\/www.jazzzeitung.de\/cms\/wp-content\/uploads\/2016\/11\/2016_11_06_Eve_Risser_JazzFestBerlin_2016_Petra_Basche_HuPe-Kollektiv0013.jpg?fit=300%2C300&#038;ssl=1\" data-large-file=\"https:\/\/i0.wp.com\/www.jazzzeitung.de\/cms\/wp-content\/uploads\/2016\/11\/2016_11_06_Eve_Risser_JazzFestBerlin_2016_Petra_Basche_HuPe-Kollektiv0013.jpg?fit=600%2C600&#038;ssl=1\" src=\"https:\/\/i0.wp.com\/www.jazzzeitung.de\/cms\/wp-content\/uploads\/2016\/11\/2016_11_06_Eve_Risser_JazzFestBerlin_2016_Petra_Basche_HuPe-Kollektiv0013.jpg?w=207&#038;h=207&#038;crop=1&#038;ssl=1\" srcset=\"https:\/\/i0.wp.com\/www.jazzzeitung.de\/cms\/wp-content\/uploads\/2016\/11\/2016_11_06_Eve_Risser_JazzFestBerlin_2016_Petra_Basche_HuPe-Kollektiv0013.jpg?w=1200&amp;ssl=1 1200w, https:\/\/i0.wp.com\/www.jazzzeitung.de\/cms\/wp-content\/uploads\/2016\/11\/2016_11_06_Eve_Risser_JazzFestBerlin_2016_Petra_Basche_HuPe-Kollektiv0013.jpg?resize=150%2C150&amp;ssl=1 150w, https:\/\/i0.wp.com\/www.jazzzeitung.de\/cms\/wp-content\/uploads\/2016\/11\/2016_11_06_Eve_Risser_JazzFestBerlin_2016_Petra_Basche_HuPe-Kollektiv0013.jpg?resize=300%2C300&amp;ssl=1 300w, https:\/\/i0.wp.com\/www.jazzzeitung.de\/cms\/wp-content\/uploads\/2016\/11\/2016_11_06_Eve_Risser_JazzFestBerlin_2016_Petra_Basche_HuPe-Kollektiv0013.jpg?resize=768%2C768&amp;ssl=1 768w, https:\/\/i0.wp.com\/www.jazzzeitung.de\/cms\/wp-content\/uploads\/2016\/11\/2016_11_06_Eve_Risser_JazzFestBerlin_2016_Petra_Basche_HuPe-Kollektiv0013.jpg?resize=600%2C600&amp;ssl=1 600w, https:\/\/i0.wp.com\/www.jazzzeitung.de\/cms\/wp-content\/uploads\/2016\/11\/2016_11_06_Eve_Risser_JazzFestBerlin_2016_Petra_Basche_HuPe-Kollektiv0013.jpg?resize=144%2C144&amp;ssl=1 144w, https:\/\/i0.wp.com\/www.jazzzeitung.de\/cms\/wp-content\/uploads\/2016\/11\/2016_11_06_Eve_Risser_JazzFestBerlin_2016_Petra_Basche_HuPe-Kollektiv0013.jpg?resize=96%2C96&amp;ssl=1 96w, https:\/\/i0.wp.com\/www.jazzzeitung.de\/cms\/wp-content\/uploads\/2016\/11\/2016_11_06_Eve_Risser_JazzFestBerlin_2016_Petra_Basche_HuPe-Kollektiv0013.jpg?resize=24%2C24&amp;ssl=1 24w, https:\/\/i0.wp.com\/www.jazzzeitung.de\/cms\/wp-content\/uploads\/2016\/11\/2016_11_06_Eve_Risser_JazzFestBerlin_2016_Petra_Basche_HuPe-Kollektiv0013.jpg?resize=36%2C36&amp;ssl=1 36w, https:\/\/i0.wp.com\/www.jazzzeitung.de\/cms\/wp-content\/uploads\/2016\/11\/2016_11_06_Eve_Risser_JazzFestBerlin_2016_Petra_Basche_HuPe-Kollektiv0013.jpg?resize=48%2C48&amp;ssl=1 48w, https:\/\/i0.wp.com\/www.jazzzeitung.de\/cms\/wp-content\/uploads\/2016\/11\/2016_11_06_Eve_Risser_JazzFestBerlin_2016_Petra_Basche_HuPe-Kollektiv0013.jpg?resize=64%2C64&amp;ssl=1 64w, https:\/\/i0.wp.com\/www.jazzzeitung.de\/cms\/wp-content\/uploads\/2016\/11\/2016_11_06_Eve_Risser_JazzFestBerlin_2016_Petra_Basche_HuPe-Kollektiv0013.jpg?resize=32%2C32&amp;ssl=1 32w, https:\/\/i0.wp.com\/www.jazzzeitung.de\/cms\/wp-content\/uploads\/2016\/11\/2016_11_06_Eve_Risser_JazzFestBerlin_2016_Petra_Basche_HuPe-Kollektiv0013.jpg?resize=50%2C50&amp;ssl=1 50w, https:\/\/i0.wp.com\/www.jazzzeitung.de\/cms\/wp-content\/uploads\/2016\/11\/2016_11_06_Eve_Risser_JazzFestBerlin_2016_Petra_Basche_HuPe-Kollektiv0013.jpg?resize=128%2C128&amp;ssl=1 128w\" width=\"207\" height=\"207\" loading=\"lazy\" data-original-width=\"207\" data-original-height=\"207\" itemprop=\"http:\/\/schema.org\/image\" title=\"Eve Risser\u2019s White Desert Orchestra @ Jazzfest Berlin. Foto: Petra Basche\" alt=\"Eve Risser\u2019s White Desert Orchestra @ Jazzfest Berlin. Foto: Petra Basche\" style=\"width: 207px; height: 207px;\" \/> <\/a> <div class=\"tiled-gallery-caption\" itemprop=\"caption description\"> Eve Risser\u2019s White Desert Orchestra @ Jazzfest Berlin. Foto: Petra Basche <\/div> <\/div> <div class=\"tiled-gallery-item tiled-gallery-item-small\" itemprop=\"associatedMedia\" itemscope itemtype=\"http:\/\/schema.org\/ImageObject\"> <a href=\"https:\/\/i0.wp.com\/www.jazzzeitung.de\/cms\/wp-content\/uploads\/2016\/11\/2016_11_06_Eve_Risser_JazzFestBerlin_2016_Petra_Basche_HuPe-Kollektiv0014.jpg?ssl=1\" border=\"0\" itemprop=\"url\"> <meta itemprop=\"width\" content=\"207\"> <meta itemprop=\"height\" content=\"206\"> <img decoding=\"async\" class=\"\" data-attachment-id=\"10883\" data-orig-file=\"https:\/\/www.jazzzeitung.de\/cms\/wp-content\/uploads\/2016\/11\/2016_11_06_Eve_Risser_JazzFestBerlin_2016_Petra_Basche_HuPe-Kollektiv0014.jpg\" data-orig-size=\"1200,1200\" data-comments-opened=\"1\" data-image-meta=\"{&quot;aperture&quot;:&quot;3.2&quot;,&quot;credit&quot;:&quot;Petra_Basche&quot;,&quot;camera&quot;:&quot;NIKON D800&quot;,&quot;caption&quot;:&quot;Eve Risser\\u2019s White Desert Orchestra @ Jazzfest Berlin. Foto: Petra Basche&quot;,&quot;created_timestamp&quot;:&quot;1478472705&quot;,&quot;copyright&quot;:&quot;HuPe-Kollektiv&quot;,&quot;focal_length&quot;:&quot;70&quot;,&quot;iso&quot;:&quot;3200&quot;,&quot;shutter_speed&quot;:&quot;0.00625&quot;,&quot;title&quot;:&quot;Eve Risser\\u2019s White Desert Orchestra @ Jazzfest Berlin. Foto: Petra Basche&quot;,&quot;orientation&quot;:&quot;1&quot;}\" data-image-title=\"Eve Risser\u2019s White Desert Orchestra @ Jazzfest Berlin. Foto: Petra Basche\" data-image-description=\"&lt;p&gt;Eve Risser\u2019s White Desert Orchestra @ Jazzfest Berlin. Foto: Petra Basche&lt;\/p&gt; \" data-medium-file=\"https:\/\/i0.wp.com\/www.jazzzeitung.de\/cms\/wp-content\/uploads\/2016\/11\/2016_11_06_Eve_Risser_JazzFestBerlin_2016_Petra_Basche_HuPe-Kollektiv0014.jpg?fit=300%2C300&#038;ssl=1\" data-large-file=\"https:\/\/i0.wp.com\/www.jazzzeitung.de\/cms\/wp-content\/uploads\/2016\/11\/2016_11_06_Eve_Risser_JazzFestBerlin_2016_Petra_Basche_HuPe-Kollektiv0014.jpg?fit=600%2C600&#038;ssl=1\" src=\"https:\/\/i0.wp.com\/www.jazzzeitung.de\/cms\/wp-content\/uploads\/2016\/11\/2016_11_06_Eve_Risser_JazzFestBerlin_2016_Petra_Basche_HuPe-Kollektiv0014.jpg?w=207&#038;h=206&#038;ssl=1\" srcset=\"https:\/\/i0.wp.com\/www.jazzzeitung.de\/cms\/wp-content\/uploads\/2016\/11\/2016_11_06_Eve_Risser_JazzFestBerlin_2016_Petra_Basche_HuPe-Kollektiv0014.jpg?w=1200&amp;ssl=1 1200w, https:\/\/i0.wp.com\/www.jazzzeitung.de\/cms\/wp-content\/uploads\/2016\/11\/2016_11_06_Eve_Risser_JazzFestBerlin_2016_Petra_Basche_HuPe-Kollektiv0014.jpg?resize=150%2C150&amp;ssl=1 150w, https:\/\/i0.wp.com\/www.jazzzeitung.de\/cms\/wp-content\/uploads\/2016\/11\/2016_11_06_Eve_Risser_JazzFestBerlin_2016_Petra_Basche_HuPe-Kollektiv0014.jpg?resize=300%2C300&amp;ssl=1 300w, https:\/\/i0.wp.com\/www.jazzzeitung.de\/cms\/wp-content\/uploads\/2016\/11\/2016_11_06_Eve_Risser_JazzFestBerlin_2016_Petra_Basche_HuPe-Kollektiv0014.jpg?resize=768%2C768&amp;ssl=1 768w, https:\/\/i0.wp.com\/www.jazzzeitung.de\/cms\/wp-content\/uploads\/2016\/11\/2016_11_06_Eve_Risser_JazzFestBerlin_2016_Petra_Basche_HuPe-Kollektiv0014.jpg?resize=600%2C600&amp;ssl=1 600w, https:\/\/i0.wp.com\/www.jazzzeitung.de\/cms\/wp-content\/uploads\/2016\/11\/2016_11_06_Eve_Risser_JazzFestBerlin_2016_Petra_Basche_HuPe-Kollektiv0014.jpg?resize=144%2C144&amp;ssl=1 144w, https:\/\/i0.wp.com\/www.jazzzeitung.de\/cms\/wp-content\/uploads\/2016\/11\/2016_11_06_Eve_Risser_JazzFestBerlin_2016_Petra_Basche_HuPe-Kollektiv0014.jpg?resize=96%2C96&amp;ssl=1 96w, https:\/\/i0.wp.com\/www.jazzzeitung.de\/cms\/wp-content\/uploads\/2016\/11\/2016_11_06_Eve_Risser_JazzFestBerlin_2016_Petra_Basche_HuPe-Kollektiv0014.jpg?resize=24%2C24&amp;ssl=1 24w, https:\/\/i0.wp.com\/www.jazzzeitung.de\/cms\/wp-content\/uploads\/2016\/11\/2016_11_06_Eve_Risser_JazzFestBerlin_2016_Petra_Basche_HuPe-Kollektiv0014.jpg?resize=36%2C36&amp;ssl=1 36w, https:\/\/i0.wp.com\/www.jazzzeitung.de\/cms\/wp-content\/uploads\/2016\/11\/2016_11_06_Eve_Risser_JazzFestBerlin_2016_Petra_Basche_HuPe-Kollektiv0014.jpg?resize=48%2C48&amp;ssl=1 48w, https:\/\/i0.wp.com\/www.jazzzeitung.de\/cms\/wp-content\/uploads\/2016\/11\/2016_11_06_Eve_Risser_JazzFestBerlin_2016_Petra_Basche_HuPe-Kollektiv0014.jpg?resize=64%2C64&amp;ssl=1 64w, https:\/\/i0.wp.com\/www.jazzzeitung.de\/cms\/wp-content\/uploads\/2016\/11\/2016_11_06_Eve_Risser_JazzFestBerlin_2016_Petra_Basche_HuPe-Kollektiv0014.jpg?resize=32%2C32&amp;ssl=1 32w, https:\/\/i0.wp.com\/www.jazzzeitung.de\/cms\/wp-content\/uploads\/2016\/11\/2016_11_06_Eve_Risser_JazzFestBerlin_2016_Petra_Basche_HuPe-Kollektiv0014.jpg?resize=50%2C50&amp;ssl=1 50w, https:\/\/i0.wp.com\/www.jazzzeitung.de\/cms\/wp-content\/uploads\/2016\/11\/2016_11_06_Eve_Risser_JazzFestBerlin_2016_Petra_Basche_HuPe-Kollektiv0014.jpg?resize=128%2C128&amp;ssl=1 128w\" width=\"207\" height=\"206\" loading=\"lazy\" data-original-width=\"207\" data-original-height=\"206\" itemprop=\"http:\/\/schema.org\/image\" title=\"Eve Risser\u2019s White Desert Orchestra @ Jazzfest Berlin. Foto: Petra Basche\" alt=\"Eve Risser\u2019s White Desert Orchestra @ Jazzfest Berlin. Foto: Petra Basche\" style=\"width: 207px; height: 206px;\" \/> <\/a> <div class=\"tiled-gallery-caption\" itemprop=\"caption description\"> Eve Risser\u2019s White Desert Orchestra @ Jazzfest Berlin. Foto: Petra Basche <\/div> <\/div> <\/div> <!-- close group --> <div class=\"gallery-group images-1\" style=\"width: 629px; height: 421px;\" data-original-width=\"629\" data-original-height=\"421\" > <div class=\"tiled-gallery-item tiled-gallery-item-large\" itemprop=\"associatedMedia\" itemscope itemtype=\"http:\/\/schema.org\/ImageObject\"> <a href=\"https:\/\/i0.wp.com\/www.jazzzeitung.de\/cms\/wp-content\/uploads\/2016\/11\/2016_11_06_Eve_Risser_JazzFestBerlin_2016_Petra_Basche_HuPe-Kollektiv0018.jpg?ssl=1\" border=\"0\" itemprop=\"url\"> <meta itemprop=\"width\" content=\"625\"> <meta itemprop=\"height\" content=\"417\"> <img decoding=\"async\" class=\"\" data-attachment-id=\"10885\" data-orig-file=\"https:\/\/www.jazzzeitung.de\/cms\/wp-content\/uploads\/2016\/11\/2016_11_06_Eve_Risser_JazzFestBerlin_2016_Petra_Basche_HuPe-Kollektiv0018.jpg\" data-orig-size=\"1798,1200\" data-comments-opened=\"1\" data-image-meta=\"{&quot;aperture&quot;:&quot;2.8&quot;,&quot;credit&quot;:&quot;Petra_Basche&quot;,&quot;camera&quot;:&quot;NIKON D800&quot;,&quot;caption&quot;:&quot;Eve Risser\\u2019s White Desert Orchestra @ Jazzfest Berlin. Foto: Petra Basche&quot;,&quot;created_timestamp&quot;:&quot;1478473192&quot;,&quot;copyright&quot;:&quot;HuPe-Kollektiv&quot;,&quot;focal_length&quot;:&quot;200&quot;,&quot;iso&quot;:&quot;3200&quot;,&quot;shutter_speed&quot;:&quot;0.00625&quot;,&quot;title&quot;:&quot;Eve Risser\\u2019s White Desert Orchestra @ Jazzfest Berlin. Foto: Petra Basche&quot;,&quot;orientation&quot;:&quot;1&quot;}\" data-image-title=\"Eve Risser\u2019s White Desert Orchestra @ Jazzfest Berlin. Foto: Petra Basche\" data-image-description=\"\" data-medium-file=\"https:\/\/i0.wp.com\/www.jazzzeitung.de\/cms\/wp-content\/uploads\/2016\/11\/2016_11_06_Eve_Risser_JazzFestBerlin_2016_Petra_Basche_HuPe-Kollektiv0018.jpg?fit=300%2C200&#038;ssl=1\" data-large-file=\"https:\/\/i0.wp.com\/www.jazzzeitung.de\/cms\/wp-content\/uploads\/2016\/11\/2016_11_06_Eve_Risser_JazzFestBerlin_2016_Petra_Basche_HuPe-Kollektiv0018.jpg?fit=840%2C560&#038;ssl=1\" src=\"https:\/\/i0.wp.com\/www.jazzzeitung.de\/cms\/wp-content\/uploads\/2016\/11\/2016_11_06_Eve_Risser_JazzFestBerlin_2016_Petra_Basche_HuPe-Kollektiv0018.jpg?w=625&#038;h=417&#038;ssl=1\" srcset=\"https:\/\/i0.wp.com\/www.jazzzeitung.de\/cms\/wp-content\/uploads\/2016\/11\/2016_11_06_Eve_Risser_JazzFestBerlin_2016_Petra_Basche_HuPe-Kollektiv0018.jpg?w=1798&amp;ssl=1 1798w, https:\/\/i0.wp.com\/www.jazzzeitung.de\/cms\/wp-content\/uploads\/2016\/11\/2016_11_06_Eve_Risser_JazzFestBerlin_2016_Petra_Basche_HuPe-Kollektiv0018.jpg?resize=300%2C200&amp;ssl=1 300w, https:\/\/i0.wp.com\/www.jazzzeitung.de\/cms\/wp-content\/uploads\/2016\/11\/2016_11_06_Eve_Risser_JazzFestBerlin_2016_Petra_Basche_HuPe-Kollektiv0018.jpg?resize=768%2C513&amp;ssl=1 768w, https:\/\/i0.wp.com\/www.jazzzeitung.de\/cms\/wp-content\/uploads\/2016\/11\/2016_11_06_Eve_Risser_JazzFestBerlin_2016_Petra_Basche_HuPe-Kollektiv0018.jpg?resize=900%2C600&amp;ssl=1 900w, https:\/\/i0.wp.com\/www.jazzzeitung.de\/cms\/wp-content\/uploads\/2016\/11\/2016_11_06_Eve_Risser_JazzFestBerlin_2016_Petra_Basche_HuPe-Kollektiv0018.jpg?w=1680&amp;ssl=1 1680w\" width=\"625\" height=\"417\" loading=\"lazy\" data-original-width=\"625\" data-original-height=\"417\" itemprop=\"http:\/\/schema.org\/image\" title=\"Eve Risser\u2019s White Desert Orchestra @ Jazzfest Berlin. Foto: Petra Basche\" alt=\"Eve Risser\u2019s White Desert Orchestra @ Jazzfest Berlin. Foto: Petra Basche\" style=\"width: 625px; height: 417px;\" \/> <\/a> <div class=\"tiled-gallery-caption\" itemprop=\"caption description\"> Eve Risser\u2019s White Desert Orchestra @ Jazzfest Berlin. Foto: Petra Basche <\/div> <\/div> <\/div> <!-- close group --> <\/div> <!-- close row --> <div class=\"gallery-row\" style=\"width: 840px; height: 266px;\" data-original-width=\"840\" data-original-height=\"266\" > <div class=\"gallery-group images-1\" style=\"width: 398px; height: 266px;\" data-original-width=\"398\" data-original-height=\"266\" > <div class=\"tiled-gallery-item tiled-gallery-item-large\" itemprop=\"associatedMedia\" itemscope itemtype=\"http:\/\/schema.org\/ImageObject\"> <a href=\"https:\/\/i0.wp.com\/www.jazzzeitung.de\/cms\/wp-content\/uploads\/2016\/11\/2016_11_06_Eve_Risser_JazzFestBerlin_2016_Petra_Basche_HuPe-Kollektiv0020.jpg?ssl=1\" border=\"0\" itemprop=\"url\"> <meta itemprop=\"width\" content=\"394\"> <meta itemprop=\"height\" content=\"262\"> <img decoding=\"async\" class=\"\" data-attachment-id=\"10886\" data-orig-file=\"https:\/\/www.jazzzeitung.de\/cms\/wp-content\/uploads\/2016\/11\/2016_11_06_Eve_Risser_JazzFestBerlin_2016_Petra_Basche_HuPe-Kollektiv0020.jpg\" data-orig-size=\"1800,1200\" data-comments-opened=\"1\" data-image-meta=\"{&quot;aperture&quot;:&quot;4.5&quot;,&quot;credit&quot;:&quot;Pepa&quot;,&quot;camera&quot;:&quot;E-M5MarkII&quot;,&quot;caption&quot;:&quot;Eve Risser\\u2019s White Desert Orchestra @ Jazzfest Berlin. Foto: Petra Basche&quot;,&quot;created_timestamp&quot;:&quot;1478473260&quot;,&quot;copyright&quot;:&quot;Petra Basche&quot;,&quot;focal_length&quot;:&quot;106&quot;,&quot;iso&quot;:&quot;1250&quot;,&quot;shutter_speed&quot;:&quot;0.066666666666667&quot;,&quot;title&quot;:&quot;Eve Risser\\u2019s White Desert Orchestra @ Jazzfest Berlin. Foto: Petra Basche&quot;,&quot;orientation&quot;:&quot;1&quot;}\" data-image-title=\"Eve Risser\u2019s White Desert Orchestra @ Jazzfest Berlin. Foto: Petra Basche\" data-image-description=\"&lt;p&gt;Eve Risser\u2019s White Desert Orchestra @ Jazzfest Berlin. Foto: Petra Basche&lt;\/p&gt; \" data-medium-file=\"https:\/\/i0.wp.com\/www.jazzzeitung.de\/cms\/wp-content\/uploads\/2016\/11\/2016_11_06_Eve_Risser_JazzFestBerlin_2016_Petra_Basche_HuPe-Kollektiv0020.jpg?fit=300%2C200&#038;ssl=1\" data-large-file=\"https:\/\/i0.wp.com\/www.jazzzeitung.de\/cms\/wp-content\/uploads\/2016\/11\/2016_11_06_Eve_Risser_JazzFestBerlin_2016_Petra_Basche_HuPe-Kollektiv0020.jpg?fit=840%2C560&#038;ssl=1\" src=\"https:\/\/i0.wp.com\/www.jazzzeitung.de\/cms\/wp-content\/uploads\/2016\/11\/2016_11_06_Eve_Risser_JazzFestBerlin_2016_Petra_Basche_HuPe-Kollektiv0020.jpg?w=394&#038;h=262&#038;ssl=1\" srcset=\"https:\/\/i0.wp.com\/www.jazzzeitung.de\/cms\/wp-content\/uploads\/2016\/11\/2016_11_06_Eve_Risser_JazzFestBerlin_2016_Petra_Basche_HuPe-Kollektiv0020.jpg?w=1800&amp;ssl=1 1800w, https:\/\/i0.wp.com\/www.jazzzeitung.de\/cms\/wp-content\/uploads\/2016\/11\/2016_11_06_Eve_Risser_JazzFestBerlin_2016_Petra_Basche_HuPe-Kollektiv0020.jpg?resize=300%2C200&amp;ssl=1 300w, https:\/\/i0.wp.com\/www.jazzzeitung.de\/cms\/wp-content\/uploads\/2016\/11\/2016_11_06_Eve_Risser_JazzFestBerlin_2016_Petra_Basche_HuPe-Kollektiv0020.jpg?resize=768%2C512&amp;ssl=1 768w, https:\/\/i0.wp.com\/www.jazzzeitung.de\/cms\/wp-content\/uploads\/2016\/11\/2016_11_06_Eve_Risser_JazzFestBerlin_2016_Petra_Basche_HuPe-Kollektiv0020.jpg?resize=900%2C600&amp;ssl=1 900w, https:\/\/i0.wp.com\/www.jazzzeitung.de\/cms\/wp-content\/uploads\/2016\/11\/2016_11_06_Eve_Risser_JazzFestBerlin_2016_Petra_Basche_HuPe-Kollektiv0020.jpg?w=1680&amp;ssl=1 1680w\" width=\"394\" height=\"262\" loading=\"lazy\" data-original-width=\"394\" data-original-height=\"262\" itemprop=\"http:\/\/schema.org\/image\" title=\"Eve Risser\u2019s White Desert Orchestra @ Jazzfest Berlin. Foto: Petra Basche\" alt=\"Eve Risser\u2019s White Desert Orchestra @ Jazzfest Berlin. Foto: Petra Basche\" style=\"width: 394px; height: 262px;\" \/> <\/a> <div class=\"tiled-gallery-caption\" itemprop=\"caption description\"> Eve Risser\u2019s White Desert Orchestra @ Jazzfest Berlin. Foto: Petra Basche <\/div> <\/div> <\/div> <!-- close group --> <div class=\"gallery-group images-1\" style=\"width: 442px; height: 266px;\" data-original-width=\"442\" data-original-height=\"266\" > <div class=\"tiled-gallery-item tiled-gallery-item-large\" itemprop=\"associatedMedia\" itemscope itemtype=\"http:\/\/schema.org\/ImageObject\"> <a href=\"https:\/\/i0.wp.com\/www.jazzzeitung.de\/cms\/wp-content\/uploads\/2016\/11\/2016_jazzfest_berlin_tag4_c_hufner-060099.jpg?ssl=1\" border=\"0\" itemprop=\"url\"> <meta itemprop=\"width\" content=\"438\"> <meta itemprop=\"height\" content=\"262\"> <img decoding=\"async\" class=\"\" data-attachment-id=\"10889\" data-orig-file=\"https:\/\/www.jazzzeitung.de\/cms\/wp-content\/uploads\/2016\/11\/2016_jazzfest_berlin_tag4_c_hufner-060099.jpg\" data-orig-size=\"1800,1077\" data-comments-opened=\"1\" data-image-meta=\"{&quot;aperture&quot;:&quot;1.8&quot;,&quot;credit&quot;:&quot;Dr. Martin Hufner&quot;,&quot;camera&quot;:&quot;E-M5MarkII&quot;,&quot;caption&quot;:&quot;Eve Risser\\u2019s White Desert Orchestra @ Jazzfest Berlin. Foto: Hufner&quot;,&quot;created_timestamp&quot;:&quot;1478473149&quot;,&quot;copyright&quot;:&quot;Martin Hufner&quot;,&quot;focal_length&quot;:&quot;75&quot;,&quot;iso&quot;:&quot;640&quot;,&quot;shutter_speed&quot;:&quot;0.16666666666667&quot;,&quot;title&quot;:&quot;Eve Risser\\u2019s White Desert Orchestra @ Jazzfest Berlin. Foto: Hufner&quot;,&quot;orientation&quot;:&quot;1&quot;}\" data-image-title=\"Eve Risser\u2019s White Desert Orchestra @ Jazzfest Berlin. Foto: Hufner\" data-image-description=\"&lt;p&gt;Eve Risser\u2019s White Desert Orchestra @ Jazzfest Berlin. Foto: Hufner&lt;\/p&gt; \" data-medium-file=\"https:\/\/i0.wp.com\/www.jazzzeitung.de\/cms\/wp-content\/uploads\/2016\/11\/2016_jazzfest_berlin_tag4_c_hufner-060099.jpg?fit=300%2C180&#038;ssl=1\" data-large-file=\"https:\/\/i0.wp.com\/www.jazzzeitung.de\/cms\/wp-content\/uploads\/2016\/11\/2016_jazzfest_berlin_tag4_c_hufner-060099.jpg?fit=840%2C503&#038;ssl=1\" src=\"https:\/\/i0.wp.com\/www.jazzzeitung.de\/cms\/wp-content\/uploads\/2016\/11\/2016_jazzfest_berlin_tag4_c_hufner-060099.jpg?w=438&#038;h=262&#038;ssl=1\" srcset=\"https:\/\/i0.wp.com\/www.jazzzeitung.de\/cms\/wp-content\/uploads\/2016\/11\/2016_jazzfest_berlin_tag4_c_hufner-060099.jpg?w=1800&amp;ssl=1 1800w, https:\/\/i0.wp.com\/www.jazzzeitung.de\/cms\/wp-content\/uploads\/2016\/11\/2016_jazzfest_berlin_tag4_c_hufner-060099.jpg?resize=300%2C180&amp;ssl=1 300w, https:\/\/i0.wp.com\/www.jazzzeitung.de\/cms\/wp-content\/uploads\/2016\/11\/2016_jazzfest_berlin_tag4_c_hufner-060099.jpg?resize=768%2C460&amp;ssl=1 768w, https:\/\/i0.wp.com\/www.jazzzeitung.de\/cms\/wp-content\/uploads\/2016\/11\/2016_jazzfest_berlin_tag4_c_hufner-060099.jpg?resize=900%2C539&amp;ssl=1 900w, https:\/\/i0.wp.com\/www.jazzzeitung.de\/cms\/wp-content\/uploads\/2016\/11\/2016_jazzfest_berlin_tag4_c_hufner-060099.jpg?w=1680&amp;ssl=1 1680w\" width=\"438\" height=\"262\" loading=\"lazy\" data-original-width=\"438\" data-original-height=\"262\" itemprop=\"http:\/\/schema.org\/image\" title=\"Eve Risser\u2019s White Desert Orchestra @ Jazzfest Berlin. Foto: Hufner\" alt=\"Eve Risser\u2019s White Desert Orchestra @ Jazzfest Berlin. Foto: Hufner\" style=\"width: 438px; height: 262px;\" \/> <\/a> <div class=\"tiled-gallery-caption\" itemprop=\"caption description\"> Eve Risser\u2019s White Desert Orchestra @ Jazzfest Berlin. Foto: Hufner <\/div> <\/div> <\/div> <!-- close group --> <\/div> <!-- close row --> <div class=\"gallery-row\" style=\"width: 840px; height: 512px;\" data-original-width=\"840\" data-original-height=\"512\" > <div class=\"gallery-group images-1\" style=\"width: 840px; height: 512px;\" data-original-width=\"840\" data-original-height=\"512\" > <div class=\"tiled-gallery-item tiled-gallery-item-large\" itemprop=\"associatedMedia\" itemscope itemtype=\"http:\/\/schema.org\/ImageObject\"> <a href=\"https:\/\/i0.wp.com\/www.jazzzeitung.de\/cms\/wp-content\/uploads\/2016\/11\/2016_jazzfest_berlin_tag4_c_hufner-060088.jpg?ssl=1\" border=\"0\" itemprop=\"url\"> <meta itemprop=\"width\" content=\"836\"> <meta itemprop=\"height\" content=\"508\"> <img decoding=\"async\" class=\"\" data-attachment-id=\"10888\" data-orig-file=\"https:\/\/www.jazzzeitung.de\/cms\/wp-content\/uploads\/2016\/11\/2016_jazzfest_berlin_tag4_c_hufner-060088.jpg\" data-orig-size=\"1800,1094\" data-comments-opened=\"1\" data-image-meta=\"{&quot;aperture&quot;:&quot;1.8&quot;,&quot;credit&quot;:&quot;Dr. Martin Hufner&quot;,&quot;camera&quot;:&quot;E-M5MarkII&quot;,&quot;caption&quot;:&quot;Eve Risser\\u2019s White Desert Orchestra @ Jazzfest Berlin. Foto: Hufner&quot;,&quot;created_timestamp&quot;:&quot;1478469735&quot;,&quot;copyright&quot;:&quot;Martin Hufner&quot;,&quot;focal_length&quot;:&quot;25&quot;,&quot;iso&quot;:&quot;640&quot;,&quot;shutter_speed&quot;:&quot;0.033333333333333&quot;,&quot;title&quot;:&quot;Eve Risser\\u2019s White Desert Orchestra @ Jazzfest Berlin. Foto: Hufner&quot;,&quot;orientation&quot;:&quot;1&quot;}\" data-image-title=\"Eve Risser\u2019s White Desert Orchestra @ Jazzfest Berlin. Foto: Hufner\" data-image-description=\"&lt;p&gt;Eve Risser\u2019s White Desert Orchestra @ Jazzfest Berlin. Foto: Hufner&lt;\/p&gt; \" data-medium-file=\"https:\/\/i0.wp.com\/www.jazzzeitung.de\/cms\/wp-content\/uploads\/2016\/11\/2016_jazzfest_berlin_tag4_c_hufner-060088.jpg?fit=300%2C182&#038;ssl=1\" data-large-file=\"https:\/\/i0.wp.com\/www.jazzzeitung.de\/cms\/wp-content\/uploads\/2016\/11\/2016_jazzfest_berlin_tag4_c_hufner-060088.jpg?fit=840%2C511&#038;ssl=1\" src=\"https:\/\/i0.wp.com\/www.jazzzeitung.de\/cms\/wp-content\/uploads\/2016\/11\/2016_jazzfest_berlin_tag4_c_hufner-060088.jpg?w=836&#038;h=508&#038;ssl=1\" srcset=\"https:\/\/i0.wp.com\/www.jazzzeitung.de\/cms\/wp-content\/uploads\/2016\/11\/2016_jazzfest_berlin_tag4_c_hufner-060088.jpg?w=1800&amp;ssl=1 1800w, https:\/\/i0.wp.com\/www.jazzzeitung.de\/cms\/wp-content\/uploads\/2016\/11\/2016_jazzfest_berlin_tag4_c_hufner-060088.jpg?resize=300%2C182&amp;ssl=1 300w, https:\/\/i0.wp.com\/www.jazzzeitung.de\/cms\/wp-content\/uploads\/2016\/11\/2016_jazzfest_berlin_tag4_c_hufner-060088.jpg?resize=768%2C467&amp;ssl=1 768w, https:\/\/i0.wp.com\/www.jazzzeitung.de\/cms\/wp-content\/uploads\/2016\/11\/2016_jazzfest_berlin_tag4_c_hufner-060088.jpg?resize=900%2C547&amp;ssl=1 900w, https:\/\/i0.wp.com\/www.jazzzeitung.de\/cms\/wp-content\/uploads\/2016\/11\/2016_jazzfest_berlin_tag4_c_hufner-060088.jpg?w=1680&amp;ssl=1 1680w\" width=\"836\" height=\"508\" loading=\"lazy\" data-original-width=\"836\" data-original-height=\"508\" itemprop=\"http:\/\/schema.org\/image\" title=\"Eve Risser\u2019s White Desert Orchestra @ Jazzfest Berlin. Foto: Hufner\" alt=\"Eve Risser\u2019s White Desert Orchestra @ Jazzfest Berlin. Foto: Hufner\" style=\"width: 836px; height: 508px;\" \/> <\/a> <div class=\"tiled-gallery-caption\" itemprop=\"caption description\"> Eve Risser\u2019s White Desert Orchestra @ Jazzfest Berlin. Foto: Hufner <\/div> <\/div> <\/div> <!-- close group --> <\/div> <!-- close row --> <\/div>\n<p>Ja, und wie gut, diese Formation an das Ende des Abends zu setzen. Es war ein akustisches Feuerwerk. Mit einer ausladenden Trauermusik zu Beginn und einem ekstatischen Choral am Ende. Jeweils Rampen f\u00fcr gewaltige Klangentladungen. Eine musikalische Beerdigung der besonderen Art \u2013 in die Erde zur\u00fcckgehend, organisch, umfassend. Erdig!<\/p>\n<p>Risser am pr\u00e4parierten Klavier, dazu eine Bl\u00e4sersection erg\u00e4nzt um Fl\u00f6te und Fagott, dahinter E-Gitarre, Schlagzeug mit Gran Cassa und E-Bass. Des Staunens war kein Ende: Auf der einen Seite ganz feine Klangstudien bis zu den \u00c4olst\u00f6nen der Fl\u00f6te, auf der anderen Seite Klangballungen die durchgeknetet wurden. Motivierte und extreme Soli der Fl\u00f6tistin, der Fagottistin oder von Posaune, Altsaxophon, Gitarre und E-Bass. Alles war frisch, alles war eigen, eine neue Musik mit erstaunlichem Drive ebenso wie mit Krassheit. Ich war dankbar und das Gef\u00fchl in diesem Musikstrom eingesogen zu werden enorm. Das ist kaum zu beschreiben. Dankbar und erf\u00fcllt verl\u00e4sst man bewegt den Saal.<\/p>\n<h2>Zum Ende<\/h2>\n<p>Drei Spielformen, wie sie unterschiedlicher kaum sein k\u00f6nnten und doch zum gleichen Kuchen geh\u00f6ren. Was soll da das Gest\u00f6hne der Fragenden, ob das noch Jazz sei. Da darf man mit John Cage antworten: Wenn einen der Name st\u00f6re, soll man es eben anders nennen. Der Festivalleitung sei ans Herz gelegt, die sog. gro\u00dfen Namen etwas beiseite zu legen, nicht dem aktuellen CD-Markt nachzufolgen sondern das Wagnis einzugehen, im Tr\u00fcben zu fischen. Steve Lehman mit seinem Octet war zum ersten Mal in Berlin (sagte er jedenfalls), Eve Risser mit ihrem White Desert Orchestra ebenso und Julia Holter (vielleicht an anderer Stelle). Wahrscheinlich kam einiges davon auf den anderen B\u00fchnen des Jazzfests ebenso ans Licht der Welt &#8211; wor\u00fcber es mir mangels Besuchs nicht gestattet ist, zu berichten.<\/p>\n<p>Hier noch ein paars Soundschnipsel zu den Musikerinnen des Abends, damit man sich eine kleine Vorstellung machen kann. Ansonsten: Ciao bis n\u00e4chstes Jahr.<\/p>\n<p><iframe loading=\"lazy\" src=\"https:\/\/open.spotify.com\/embed\/user\/huflaikhan\/playlist\/5raDMq61tKP4j7AeMs5jDi\" width=\"300\" height=\"380\" frameborder=\"0\" allowtransparency=\"true\"><\/iframe><\/p>\n<h2>Nachtrag Frauenquote<\/h2>\n<ul>\n<li>Julia Holter \u2026: 3 zu 4<\/li>\n<li>Steve Lehman: 0 zu 8<\/li>\n<li>Eve Risser\u2019s White Desert Orchestra: 4 zu 6<\/li>\n<\/ul>\n<h4>Die Ensembles des Abends:<\/h4>\n<p><strong>Julia Holter &amp; Strings<\/strong><br \/>\nJulia Holter keys, vocals<br \/>\nDevin Hoff double bass<br \/>\nCorey Fogel drums, vocals<br \/>\nDina Maccabee viola, vocals<br \/>\nDanny Meyer saxophone<br \/>\nAyumi Paul violin<br \/>\nAndreas Voss cello<\/p>\n<p><strong>Steve Lehman Octet<\/strong><br \/>\nSteve Lehman alto saxophone, composition<br \/>\nJonathan Finlayson trumpet<br \/>\nMark Shim tenor saxophone<br \/>\nTim Albright trombone<br \/>\nChris Dingman vibraphone<br \/>\nJos\u00e9 Davila tuba<br \/>\nDrew Gress double bass<br \/>\nCody Brown drums<\/p>\n<p><strong>Eve Risser\u2019s White Desert Orchestra<\/strong><br \/>\nEve Risser piano<br \/>\nSylvaine H\u00e9lary flutes<br \/>\nAntonin Tri-Hoang saxophones, bass clarinet<br \/>\nBenjamin Dousteyssier bass clarinet, tenor saxophone<br \/>\nSara Schoenbeck bassoon<br \/>\nEivind L\u00f8nning trumpet<br \/>\nFidel Fourneyron trombone<br \/>\nJulien Desprez electric\/electro-acoustic guitars<br \/>\nFanny Lasfargues electro-acoustic bass<br \/>\nSylvain Darrifourcq drums<\/p>\n","protected":false},"excerpt":{"rendered":"<p>Bisher war das Jazzfest Berlin 2016 eher \u201enaja\u201c. Der letzte Abend brachte die Wendung, es war Stimmung im Saal, es wurde auch mal gebuht. Irgendwer im Publikum durfte lautstark behaupten: \u201eDas ist doch kein Jazz\u201c. Emotionen! Die Antwort darauf kann nur lauten: Wenn man Jazz nur an den Namen, nicht aber an der Musik festmacht, dann habe der Jazz sich eben selbst kannibalisiert. Aber nehmen wir die Aussage als Frage auf: Was ist Jazz? Der Abend im Haus der Berliner Festspiele lieferte drei Antworten. Fegefeuer des Einfachen Julia Holter &amp; Strings Julia Holters Musik l\u00e4sst sich sicher ganz einfach und trivial beschreiben als Singer\/Songwriter-Show mit ihr selbst an Stimme und Keyboard (immer sch\u00f6n leicht in den Songstrukturen freundlich singend), einer Rhythmusgruppe, einem Saxophon und einem Streichtrio (!). Holter hat darauf Arrangements gesetzt, die einfach perfekt waren, in Tonsatz und Timing. Man wird vergebens nach dem virtuosen Solo suchen, denn das gab es nicht. Kammermusik als ArtPop, so wie man es vielleicht verbinden mag mit der brodelnden Zeit der 80er und 90er Jahre, als die Genres ineinandergriffen und Bernd Leukert im Hessischen Rundfunk seine \u201eAvantgarderobe\u201c lancierte. &hellip;<\/p>\n","protected":false},"author":2,"featured_media":10887,"comment_status":"open","ping_status":"closed","sticky":false,"template":"","format":"standard","meta":{"_jetpack_memberships_contains_paid_content":false,"footnotes":"","jetpack_publicize_message":"","jetpack_publicize_feature_enabled":true,"jetpack_social_post_already_shared":false,"jetpack_social_options":{"image_generator_settings":{"template":"highway","default_image_id":0,"font":"","enabled":false},"version":2}},"categories":[1053,82],"tags":[73,1023,1309,1025,1007,272,1341,760,1338,1339,1342,1343],"coauthors":[680],"class_list":["post-10853","post","type-post","status-publish","format-standard","has-post-thumbnail","hentry","category-bericht","category-blog","tag-bigband","tag-bob-dylan","tag-eve-risser","tag-hr-bigband","tag-improvisation","tag-jazzfest-berlin","tag-julia-holter","tag-monika-roscher","tag-nik-baertsch","tag-ronin","tag-steve-lehman","tag-white-desert-orchestra"],"yoast_head":"<!-- This site is optimized with the Yoast SEO plugin v27.5 - https:\/\/yoast.com\/product\/yoast-seo-wordpress\/ -->\n<title>Jazzfest Berlin 2016 (4) \u2013 Fegefeuer, Turbine und das\/der Rauschende - JazzZeitung<\/title>\n<meta name=\"robots\" content=\"index, follow, max-snippet:-1, max-image-preview:large, max-video-preview:-1\" \/>\n<link rel=\"canonical\" href=\"https:\/\/www.jazzzeitung.de\/cms\/2016\/11\/jazzfest-berlin-2016-4-fegefeuer-turbine-und-dasder-rauschende\/\" \/>\n<meta property=\"og:locale\" content=\"de_DE\" \/>\n<meta property=\"og:type\" content=\"article\" \/>\n<meta property=\"og:title\" content=\"Jazzfest Berlin 2016 (4) \u2013 Fegefeuer, Turbine und das\/der Rauschende - JazzZeitung\" \/>\n<meta property=\"og:description\" content=\"Ein begeisternder Abschluss des Jazzfest Berlin 2016. Mit musikalischer Gewalt von Eve Risser&#039;s White Desert Orchestra, dem Steve Lehman Octet und Julia Holter &amp; Strings. Gro\u00dfartige Kombination - gro\u00dfartige Musikerinnen. Sch\u00f6n wars zum Schluss. Der Bericht in der Jazzzeitung mit Fotos von Petra Basche und Huflaikhan.\" \/>\n<meta property=\"og:url\" content=\"https:\/\/www.jazzzeitung.de\/cms\/2016\/11\/jazzfest-berlin-2016-4-fegefeuer-turbine-und-dasder-rauschende\/\" \/>\n<meta property=\"og:site_name\" content=\"JazzZeitung\" \/>\n<meta property=\"article:publisher\" content=\"https:\/\/www.facebook.com\/JazzZeitung\/\" \/>\n<meta property=\"article:author\" content=\"https:\/\/www.facebook.com\/hufner\" \/>\n<meta property=\"article:published_time\" content=\"2016-11-07T12:13:07+00:00\" \/>\n<meta property=\"article:modified_time\" content=\"2016-11-07T13:01:49+00:00\" \/>\n<meta property=\"og:image\" content=\"https:\/\/i0.wp.com\/www.jazzzeitung.de\/cms\/wp-content\/uploads\/2016\/11\/2016_11_06_Eve_Risser_JazzFestBerlin_2016_Petra_Basche_HuPe-Kollektiv0025.jpg?fit=1798%2C1200&ssl=1\" \/>\n\t<meta property=\"og:image:width\" content=\"1798\" \/>\n\t<meta property=\"og:image:height\" content=\"1200\" \/>\n\t<meta property=\"og:image:type\" content=\"image\/jpeg\" \/>\n<meta name=\"author\" content=\"Huflaikhan\" \/>\n<script type=\"application\/ld+json\" class=\"yoast-schema-graph\">{\"@context\":\"https:\\\/\\\/schema.org\",\"@graph\":[{\"@type\":\"Article\",\"@id\":\"https:\\\/\\\/www.jazzzeitung.de\\\/cms\\\/2016\\\/11\\\/jazzfest-berlin-2016-4-fegefeuer-turbine-und-dasder-rauschende\\\/#article\",\"isPartOf\":{\"@id\":\"https:\\\/\\\/www.jazzzeitung.de\\\/cms\\\/2016\\\/11\\\/jazzfest-berlin-2016-4-fegefeuer-turbine-und-dasder-rauschende\\\/\"},\"author\":{\"name\":\"Huflaikhan\",\"@id\":\"https:\\\/\\\/www.jazzzeitung.de\\\/cms\\\/#\\\/schema\\\/person\\\/1ba404714b9455401502bc409a7df45e\"},\"headline\":\"Jazzfest Berlin 2016 (4) \u2013 Fegefeuer, Turbine und das\\\/der Rauschende\",\"datePublished\":\"2016-11-07T12:13:07+00:00\",\"dateModified\":\"2016-11-07T13:01:49+00:00\",\"mainEntityOfPage\":{\"@id\":\"https:\\\/\\\/www.jazzzeitung.de\\\/cms\\\/2016\\\/11\\\/jazzfest-berlin-2016-4-fegefeuer-turbine-und-dasder-rauschende\\\/\"},\"wordCount\":1240,\"commentCount\":0,\"publisher\":{\"@id\":\"https:\\\/\\\/www.jazzzeitung.de\\\/cms\\\/#organization\"},\"image\":{\"@id\":\"https:\\\/\\\/www.jazzzeitung.de\\\/cms\\\/2016\\\/11\\\/jazzfest-berlin-2016-4-fegefeuer-turbine-und-dasder-rauschende\\\/#primaryimage\"},\"thumbnailUrl\":\"https:\\\/\\\/i0.wp.com\\\/www.jazzzeitung.de\\\/cms\\\/wp-content\\\/uploads\\\/2016\\\/11\\\/2016_11_06_Eve_Risser_JazzFestBerlin_2016_Petra_Basche_HuPe-Kollektiv0025.jpg?fit=1798%2C1200&ssl=1\",\"keywords\":[\"Bigband\",\"Bob Dylan\",\"Eve Risser\",\"hr-Bigband\",\"Improvisation\",\"Jazzfest Berlin\",\"Julia Holter\",\"Monika Roscher\",\"Nik B\u00e4rtsch\",\"Ronin\",\"Steve Lehman\",\"White Desert Orchestra\"],\"articleSection\":[\"Bericht\",\"Blog\"],\"inLanguage\":\"de\",\"potentialAction\":[{\"@type\":\"CommentAction\",\"name\":\"Comment\",\"target\":[\"https:\\\/\\\/www.jazzzeitung.de\\\/cms\\\/2016\\\/11\\\/jazzfest-berlin-2016-4-fegefeuer-turbine-und-dasder-rauschende\\\/#respond\"]}]},{\"@type\":\"WebPage\",\"@id\":\"https:\\\/\\\/www.jazzzeitung.de\\\/cms\\\/2016\\\/11\\\/jazzfest-berlin-2016-4-fegefeuer-turbine-und-dasder-rauschende\\\/\",\"url\":\"https:\\\/\\\/www.jazzzeitung.de\\\/cms\\\/2016\\\/11\\\/jazzfest-berlin-2016-4-fegefeuer-turbine-und-dasder-rauschende\\\/\",\"name\":\"Jazzfest Berlin 2016 (4) \u2013 Fegefeuer, Turbine und das\\\/der Rauschende - JazzZeitung\",\"isPartOf\":{\"@id\":\"https:\\\/\\\/www.jazzzeitung.de\\\/cms\\\/#website\"},\"primaryImageOfPage\":{\"@id\":\"https:\\\/\\\/www.jazzzeitung.de\\\/cms\\\/2016\\\/11\\\/jazzfest-berlin-2016-4-fegefeuer-turbine-und-dasder-rauschende\\\/#primaryimage\"},\"image\":{\"@id\":\"https:\\\/\\\/www.jazzzeitung.de\\\/cms\\\/2016\\\/11\\\/jazzfest-berlin-2016-4-fegefeuer-turbine-und-dasder-rauschende\\\/#primaryimage\"},\"thumbnailUrl\":\"https:\\\/\\\/i0.wp.com\\\/www.jazzzeitung.de\\\/cms\\\/wp-content\\\/uploads\\\/2016\\\/11\\\/2016_11_06_Eve_Risser_JazzFestBerlin_2016_Petra_Basche_HuPe-Kollektiv0025.jpg?fit=1798%2C1200&ssl=1\",\"datePublished\":\"2016-11-07T12:13:07+00:00\",\"dateModified\":\"2016-11-07T13:01:49+00:00\",\"breadcrumb\":{\"@id\":\"https:\\\/\\\/www.jazzzeitung.de\\\/cms\\\/2016\\\/11\\\/jazzfest-berlin-2016-4-fegefeuer-turbine-und-dasder-rauschende\\\/#breadcrumb\"},\"inLanguage\":\"de\",\"potentialAction\":[{\"@type\":\"ReadAction\",\"target\":[\"https:\\\/\\\/www.jazzzeitung.de\\\/cms\\\/2016\\\/11\\\/jazzfest-berlin-2016-4-fegefeuer-turbine-und-dasder-rauschende\\\/\"]}]},{\"@type\":\"ImageObject\",\"inLanguage\":\"de\",\"@id\":\"https:\\\/\\\/www.jazzzeitung.de\\\/cms\\\/2016\\\/11\\\/jazzfest-berlin-2016-4-fegefeuer-turbine-und-dasder-rauschende\\\/#primaryimage\",\"url\":\"https:\\\/\\\/i0.wp.com\\\/www.jazzzeitung.de\\\/cms\\\/wp-content\\\/uploads\\\/2016\\\/11\\\/2016_11_06_Eve_Risser_JazzFestBerlin_2016_Petra_Basche_HuPe-Kollektiv0025.jpg?fit=1798%2C1200&ssl=1\",\"contentUrl\":\"https:\\\/\\\/i0.wp.com\\\/www.jazzzeitung.de\\\/cms\\\/wp-content\\\/uploads\\\/2016\\\/11\\\/2016_11_06_Eve_Risser_JazzFestBerlin_2016_Petra_Basche_HuPe-Kollektiv0025.jpg?fit=1798%2C1200&ssl=1\",\"width\":1798,\"height\":1200,\"caption\":\"Eve Risser\u2019s White Desert Orchestra @ Jazzfest Berlin. Foto: Petra Basche\"},{\"@type\":\"BreadcrumbList\",\"@id\":\"https:\\\/\\\/www.jazzzeitung.de\\\/cms\\\/2016\\\/11\\\/jazzfest-berlin-2016-4-fegefeuer-turbine-und-dasder-rauschende\\\/#breadcrumb\",\"itemListElement\":[{\"@type\":\"ListItem\",\"position\":1,\"name\":\"Startseite\",\"item\":\"https:\\\/\\\/www.jazzzeitung.de\\\/cms\\\/\"},{\"@type\":\"ListItem\",\"position\":2,\"name\":\"Jazzfest Berlin 2016 (4) \u2013 Fegefeuer, Turbine und das\\\/der Rauschende\"}]},{\"@type\":\"WebSite\",\"@id\":\"https:\\\/\\\/www.jazzzeitung.de\\\/cms\\\/#website\",\"url\":\"https:\\\/\\\/www.jazzzeitung.de\\\/cms\\\/\",\"name\":\"JazzZeitung\",\"description\":\"Jazz-News und Jazz-Kontroverses\",\"publisher\":{\"@id\":\"https:\\\/\\\/www.jazzzeitung.de\\\/cms\\\/#organization\"},\"potentialAction\":[{\"@type\":\"SearchAction\",\"target\":{\"@type\":\"EntryPoint\",\"urlTemplate\":\"https:\\\/\\\/www.jazzzeitung.de\\\/cms\\\/?s={search_term_string}\"},\"query-input\":{\"@type\":\"PropertyValueSpecification\",\"valueRequired\":true,\"valueName\":\"search_term_string\"}}],\"inLanguage\":\"de\"},{\"@type\":\"Organization\",\"@id\":\"https:\\\/\\\/www.jazzzeitung.de\\\/cms\\\/#organization\",\"name\":\"JazzZeitung online\",\"url\":\"https:\\\/\\\/www.jazzzeitung.de\\\/cms\\\/\",\"logo\":{\"@type\":\"ImageObject\",\"inLanguage\":\"de\",\"@id\":\"https:\\\/\\\/www.jazzzeitung.de\\\/cms\\\/#\\\/schema\\\/logo\\\/image\\\/\",\"url\":\"https:\\\/\\\/i0.wp.com\\\/www.jazzzeitung.de\\\/cms\\\/wp-content\\\/uploads\\\/2015\\\/08\\\/JAZZZEITUNGDE_Logo_Neu.png?fit=499%2C200&ssl=1\",\"contentUrl\":\"https:\\\/\\\/i0.wp.com\\\/www.jazzzeitung.de\\\/cms\\\/wp-content\\\/uploads\\\/2015\\\/08\\\/JAZZZEITUNGDE_Logo_Neu.png?fit=499%2C200&ssl=1\",\"width\":499,\"height\":200,\"caption\":\"JazzZeitung online\"},\"image\":{\"@id\":\"https:\\\/\\\/www.jazzzeitung.de\\\/cms\\\/#\\\/schema\\\/logo\\\/image\\\/\"},\"sameAs\":[\"https:\\\/\\\/www.facebook.com\\\/JazzZeitung\\\/\"]},{\"@type\":\"Person\",\"@id\":\"https:\\\/\\\/www.jazzzeitung.de\\\/cms\\\/#\\\/schema\\\/person\\\/1ba404714b9455401502bc409a7df45e\",\"name\":\"Huflaikhan\",\"image\":{\"@type\":\"ImageObject\",\"inLanguage\":\"de\",\"@id\":\"https:\\\/\\\/i0.wp.com\\\/www.jazzzeitung.de\\\/cms\\\/wp-content\\\/uploads\\\/2013\\\/11\\\/huf-06.jpg?resize=96%2C96&ssl=18afacd5aa7627f2840c013425f5a4164\",\"url\":\"https:\\\/\\\/i0.wp.com\\\/www.jazzzeitung.de\\\/cms\\\/wp-content\\\/uploads\\\/2013\\\/11\\\/huf-06.jpg?resize=96%2C96&ssl=1\",\"contentUrl\":\"https:\\\/\\\/i0.wp.com\\\/www.jazzzeitung.de\\\/cms\\\/wp-content\\\/uploads\\\/2013\\\/11\\\/huf-06.jpg?resize=96%2C96&ssl=1\",\"caption\":\"Huflaikhan\"},\"description\":\"Huflaikhan (aka Martin Hufner) hat Musikwissenschaft, Philosophie und Psychologie in Gie\u00dfen studiert und mit einer Arbeit \u00fcber Adorno und die Zw\u00f6lftontechnik promoviert. Seit 1995 ist er freiberuflich als Autor, Fotograf und Netzmacher unterwegs.\",\"sameAs\":[\"https:\\\/\\\/www.kritische-masse.de\\\/logbuch\",\"https:\\\/\\\/www.facebook.com\\\/hufner\"],\"url\":\"https:\\\/\\\/www.jazzzeitung.de\\\/cms\\\/author\\\/hufi\\\/\"}]}<\/script>\n<!-- \/ Yoast SEO plugin. -->","yoast_head_json":{"title":"Jazzfest Berlin 2016 (4) \u2013 Fegefeuer, Turbine und das\/der Rauschende - JazzZeitung","robots":{"index":"index","follow":"follow","max-snippet":"max-snippet:-1","max-image-preview":"max-image-preview:large","max-video-preview":"max-video-preview:-1"},"canonical":"https:\/\/www.jazzzeitung.de\/cms\/2016\/11\/jazzfest-berlin-2016-4-fegefeuer-turbine-und-dasder-rauschende\/","og_locale":"de_DE","og_type":"article","og_title":"Jazzfest Berlin 2016 (4) \u2013 Fegefeuer, Turbine und das\/der Rauschende - JazzZeitung","og_description":"Ein begeisternder Abschluss des Jazzfest Berlin 2016. Mit musikalischer Gewalt von Eve Risser's White Desert Orchestra, dem Steve Lehman Octet und Julia Holter & Strings. Gro\u00dfartige Kombination - gro\u00dfartige Musikerinnen. Sch\u00f6n wars zum Schluss. Der Bericht in der Jazzzeitung mit Fotos von Petra Basche und Huflaikhan.","og_url":"https:\/\/www.jazzzeitung.de\/cms\/2016\/11\/jazzfest-berlin-2016-4-fegefeuer-turbine-und-dasder-rauschende\/","og_site_name":"JazzZeitung","article_publisher":"https:\/\/www.facebook.com\/JazzZeitung\/","article_author":"https:\/\/www.facebook.com\/hufner","article_published_time":"2016-11-07T12:13:07+00:00","article_modified_time":"2016-11-07T13:01:49+00:00","og_image":[{"width":1798,"height":1200,"url":"https:\/\/i0.wp.com\/www.jazzzeitung.de\/cms\/wp-content\/uploads\/2016\/11\/2016_11_06_Eve_Risser_JazzFestBerlin_2016_Petra_Basche_HuPe-Kollektiv0025.jpg?fit=1798%2C1200&ssl=1","type":"image\/jpeg"}],"author":"Huflaikhan","schema":{"@context":"https:\/\/schema.org","@graph":[{"@type":"Article","@id":"https:\/\/www.jazzzeitung.de\/cms\/2016\/11\/jazzfest-berlin-2016-4-fegefeuer-turbine-und-dasder-rauschende\/#article","isPartOf":{"@id":"https:\/\/www.jazzzeitung.de\/cms\/2016\/11\/jazzfest-berlin-2016-4-fegefeuer-turbine-und-dasder-rauschende\/"},"author":{"name":"Huflaikhan","@id":"https:\/\/www.jazzzeitung.de\/cms\/#\/schema\/person\/1ba404714b9455401502bc409a7df45e"},"headline":"Jazzfest Berlin 2016 (4) \u2013 Fegefeuer, Turbine und das\/der Rauschende","datePublished":"2016-11-07T12:13:07+00:00","dateModified":"2016-11-07T13:01:49+00:00","mainEntityOfPage":{"@id":"https:\/\/www.jazzzeitung.de\/cms\/2016\/11\/jazzfest-berlin-2016-4-fegefeuer-turbine-und-dasder-rauschende\/"},"wordCount":1240,"commentCount":0,"publisher":{"@id":"https:\/\/www.jazzzeitung.de\/cms\/#organization"},"image":{"@id":"https:\/\/www.jazzzeitung.de\/cms\/2016\/11\/jazzfest-berlin-2016-4-fegefeuer-turbine-und-dasder-rauschende\/#primaryimage"},"thumbnailUrl":"https:\/\/i0.wp.com\/www.jazzzeitung.de\/cms\/wp-content\/uploads\/2016\/11\/2016_11_06_Eve_Risser_JazzFestBerlin_2016_Petra_Basche_HuPe-Kollektiv0025.jpg?fit=1798%2C1200&ssl=1","keywords":["Bigband","Bob Dylan","Eve Risser","hr-Bigband","Improvisation","Jazzfest Berlin","Julia Holter","Monika Roscher","Nik B\u00e4rtsch","Ronin","Steve Lehman","White Desert Orchestra"],"articleSection":["Bericht","Blog"],"inLanguage":"de","potentialAction":[{"@type":"CommentAction","name":"Comment","target":["https:\/\/www.jazzzeitung.de\/cms\/2016\/11\/jazzfest-berlin-2016-4-fegefeuer-turbine-und-dasder-rauschende\/#respond"]}]},{"@type":"WebPage","@id":"https:\/\/www.jazzzeitung.de\/cms\/2016\/11\/jazzfest-berlin-2016-4-fegefeuer-turbine-und-dasder-rauschende\/","url":"https:\/\/www.jazzzeitung.de\/cms\/2016\/11\/jazzfest-berlin-2016-4-fegefeuer-turbine-und-dasder-rauschende\/","name":"Jazzfest Berlin 2016 (4) \u2013 Fegefeuer, Turbine und das\/der Rauschende - JazzZeitung","isPartOf":{"@id":"https:\/\/www.jazzzeitung.de\/cms\/#website"},"primaryImageOfPage":{"@id":"https:\/\/www.jazzzeitung.de\/cms\/2016\/11\/jazzfest-berlin-2016-4-fegefeuer-turbine-und-dasder-rauschende\/#primaryimage"},"image":{"@id":"https:\/\/www.jazzzeitung.de\/cms\/2016\/11\/jazzfest-berlin-2016-4-fegefeuer-turbine-und-dasder-rauschende\/#primaryimage"},"thumbnailUrl":"https:\/\/i0.wp.com\/www.jazzzeitung.de\/cms\/wp-content\/uploads\/2016\/11\/2016_11_06_Eve_Risser_JazzFestBerlin_2016_Petra_Basche_HuPe-Kollektiv0025.jpg?fit=1798%2C1200&ssl=1","datePublished":"2016-11-07T12:13:07+00:00","dateModified":"2016-11-07T13:01:49+00:00","breadcrumb":{"@id":"https:\/\/www.jazzzeitung.de\/cms\/2016\/11\/jazzfest-berlin-2016-4-fegefeuer-turbine-und-dasder-rauschende\/#breadcrumb"},"inLanguage":"de","potentialAction":[{"@type":"ReadAction","target":["https:\/\/www.jazzzeitung.de\/cms\/2016\/11\/jazzfest-berlin-2016-4-fegefeuer-turbine-und-dasder-rauschende\/"]}]},{"@type":"ImageObject","inLanguage":"de","@id":"https:\/\/www.jazzzeitung.de\/cms\/2016\/11\/jazzfest-berlin-2016-4-fegefeuer-turbine-und-dasder-rauschende\/#primaryimage","url":"https:\/\/i0.wp.com\/www.jazzzeitung.de\/cms\/wp-content\/uploads\/2016\/11\/2016_11_06_Eve_Risser_JazzFestBerlin_2016_Petra_Basche_HuPe-Kollektiv0025.jpg?fit=1798%2C1200&ssl=1","contentUrl":"https:\/\/i0.wp.com\/www.jazzzeitung.de\/cms\/wp-content\/uploads\/2016\/11\/2016_11_06_Eve_Risser_JazzFestBerlin_2016_Petra_Basche_HuPe-Kollektiv0025.jpg?fit=1798%2C1200&ssl=1","width":1798,"height":1200,"caption":"Eve Risser\u2019s White Desert Orchestra @ Jazzfest Berlin. Foto: Petra Basche"},{"@type":"BreadcrumbList","@id":"https:\/\/www.jazzzeitung.de\/cms\/2016\/11\/jazzfest-berlin-2016-4-fegefeuer-turbine-und-dasder-rauschende\/#breadcrumb","itemListElement":[{"@type":"ListItem","position":1,"name":"Startseite","item":"https:\/\/www.jazzzeitung.de\/cms\/"},{"@type":"ListItem","position":2,"name":"Jazzfest Berlin 2016 (4) \u2013 Fegefeuer, Turbine und das\/der Rauschende"}]},{"@type":"WebSite","@id":"https:\/\/www.jazzzeitung.de\/cms\/#website","url":"https:\/\/www.jazzzeitung.de\/cms\/","name":"JazzZeitung","description":"Jazz-News und Jazz-Kontroverses","publisher":{"@id":"https:\/\/www.jazzzeitung.de\/cms\/#organization"},"potentialAction":[{"@type":"SearchAction","target":{"@type":"EntryPoint","urlTemplate":"https:\/\/www.jazzzeitung.de\/cms\/?s={search_term_string}"},"query-input":{"@type":"PropertyValueSpecification","valueRequired":true,"valueName":"search_term_string"}}],"inLanguage":"de"},{"@type":"Organization","@id":"https:\/\/www.jazzzeitung.de\/cms\/#organization","name":"JazzZeitung online","url":"https:\/\/www.jazzzeitung.de\/cms\/","logo":{"@type":"ImageObject","inLanguage":"de","@id":"https:\/\/www.jazzzeitung.de\/cms\/#\/schema\/logo\/image\/","url":"https:\/\/i0.wp.com\/www.jazzzeitung.de\/cms\/wp-content\/uploads\/2015\/08\/JAZZZEITUNGDE_Logo_Neu.png?fit=499%2C200&ssl=1","contentUrl":"https:\/\/i0.wp.com\/www.jazzzeitung.de\/cms\/wp-content\/uploads\/2015\/08\/JAZZZEITUNGDE_Logo_Neu.png?fit=499%2C200&ssl=1","width":499,"height":200,"caption":"JazzZeitung online"},"image":{"@id":"https:\/\/www.jazzzeitung.de\/cms\/#\/schema\/logo\/image\/"},"sameAs":["https:\/\/www.facebook.com\/JazzZeitung\/"]},{"@type":"Person","@id":"https:\/\/www.jazzzeitung.de\/cms\/#\/schema\/person\/1ba404714b9455401502bc409a7df45e","name":"Huflaikhan","image":{"@type":"ImageObject","inLanguage":"de","@id":"https:\/\/i0.wp.com\/www.jazzzeitung.de\/cms\/wp-content\/uploads\/2013\/11\/huf-06.jpg?resize=96%2C96&ssl=18afacd5aa7627f2840c013425f5a4164","url":"https:\/\/i0.wp.com\/www.jazzzeitung.de\/cms\/wp-content\/uploads\/2013\/11\/huf-06.jpg?resize=96%2C96&ssl=1","contentUrl":"https:\/\/i0.wp.com\/www.jazzzeitung.de\/cms\/wp-content\/uploads\/2013\/11\/huf-06.jpg?resize=96%2C96&ssl=1","caption":"Huflaikhan"},"description":"Huflaikhan (aka Martin Hufner) hat Musikwissenschaft, Philosophie und Psychologie in Gie\u00dfen studiert und mit einer Arbeit \u00fcber Adorno und die Zw\u00f6lftontechnik promoviert. Seit 1995 ist er freiberuflich als Autor, Fotograf und Netzmacher unterwegs.","sameAs":["https:\/\/www.kritische-masse.de\/logbuch","https:\/\/www.facebook.com\/hufner"],"url":"https:\/\/www.jazzzeitung.de\/cms\/author\/hufi\/"}]}},"wp-worthy-pixel":{"ignored":false,"public":null,"server":null,"url":null},"wp-worthy-type":"normal","jetpack_publicize_connections":[],"cc_featured_image_caption":{"caption_text":false,"source_text":false,"source_url":false},"jetpack_featured_media_url":"https:\/\/i0.wp.com\/www.jazzzeitung.de\/cms\/wp-content\/uploads\/2016\/11\/2016_11_06_Eve_Risser_JazzFestBerlin_2016_Petra_Basche_HuPe-Kollektiv0025.jpg?fit=1798%2C1200&ssl=1","jetpack_shortlink":"https:\/\/wp.me\/p3KEcT-2P3","jetpack-related-posts":[{"id":9521,"url":"https:\/\/www.jazzzeitung.de\/cms\/2016\/06\/das-jazzfest-berlin-2016-einer-extended-version\/","url_meta":{"origin":10853,"position":0},"title":"Das Jazzfest Berlin 2016 in einer &#8222;extended version&#8220;","author":"Redaktion JazzZeitung","date":"16. Juni 2016","format":false,"excerpt":"Der k\u00fcnstlerische Leiter des Jazzfest Berlin Richard Williams hat das Programm f\u00fcr das Jazzfest Berlin 2016 vorgestellt Die Berliner Festspiele\u00a0veranstalten\u00a0das 53. Jazzfest Berlin in diesem Jahr vom 1.\u00a0bis 6.\u00a0November, in einer\u00a0\u201eextended version\u201c mit\u00a0zwei Vorveranstaltungen. Insgesamt\u00a0werden beim Festival 16\u00a0Jazzformationen und f\u00fcnf teils v\u00f6llig neue Duo-Kombinationen auftreten. Viele der beim Jazzfest Berlin\u2026","rel":"","context":"In &quot;News&quot;","block_context":{"text":"News","link":"https:\/\/www.jazzzeitung.de\/cms\/thema\/nachrichten\/"},"img":{"alt_text":"LUCIA_CADOTSCH___Michael_Jungblut_01","src":"https:\/\/i0.wp.com\/www.jazzzeitung.de\/cms\/wp-content\/uploads\/2016\/06\/LUCIA_CADOTSCH___Michael_Jungblut_01-150x150.jpg?resize=350%2C200","width":350,"height":200},"classes":[]},{"id":14072,"url":"https:\/\/www.jazzzeitung.de\/cms\/2017\/11\/heimatabend-ohne-spirit-beim-jazzfest-berlin-2017-donnerstag\/","url_meta":{"origin":10853,"position":1},"title":"Heimatabend ohne Spirit beim Jazzfest Berlin 2017 (Donnerstag)","author":"Huflaikhan","date":"3. November 2017","format":false,"excerpt":"Nat\u00fcrlich l\u00e4uft das Jazzfest Berlin offiziell l\u00e4ngst seit man im Schlo\u00df Bellevue unter die Fittiche von Bundespr\u00e4sident Frank-Walter Steinmeier genommen wurde. Die ersten Konzerte auf der Festspiel-B\u00fchne fanden aber erst am Donnerstag statt. Zwei Ensembles, in Besetzung und Ansatz denkbar kontr\u00e4r, schlugen auf der Klangfl\u00e4che auf. Nicht immer gerade funkenspr\u00fchend\u2026","rel":"","context":"In &quot;Blog&quot;","block_context":{"text":"Blog","link":"https:\/\/www.jazzzeitung.de\/cms\/thema\/blog\/"},"img":{"alt_text":"Jazzfest Berlin 2017. Tyshawn Sorey. Foto: Petra Basche","src":"https:\/\/i0.wp.com\/www.jazzzeitung.de\/cms\/wp-content\/uploads\/2017\/11\/Jazzfest-Berlin-2017_Tyshan-Sorey__0001.jpg?fit=1200%2C801&ssl=1&resize=350%2C200","width":350,"height":200,"srcset":"https:\/\/i0.wp.com\/www.jazzzeitung.de\/cms\/wp-content\/uploads\/2017\/11\/Jazzfest-Berlin-2017_Tyshan-Sorey__0001.jpg?fit=1200%2C801&ssl=1&resize=350%2C200 1x, https:\/\/i0.wp.com\/www.jazzzeitung.de\/cms\/wp-content\/uploads\/2017\/11\/Jazzfest-Berlin-2017_Tyshan-Sorey__0001.jpg?fit=1200%2C801&ssl=1&resize=525%2C300 1.5x, https:\/\/i0.wp.com\/www.jazzzeitung.de\/cms\/wp-content\/uploads\/2017\/11\/Jazzfest-Berlin-2017_Tyshan-Sorey__0001.jpg?fit=1200%2C801&ssl=1&resize=700%2C400 2x, https:\/\/i0.wp.com\/www.jazzzeitung.de\/cms\/wp-content\/uploads\/2017\/11\/Jazzfest-Berlin-2017_Tyshan-Sorey__0001.jpg?fit=1200%2C801&ssl=1&resize=1050%2C600 3x"},"classes":[]},{"id":10815,"url":"https:\/\/www.jazzzeitung.de\/cms\/2016\/11\/jazzfest-berlin-2016-3-unter-groovekillern-spielen-und-kaputtspielen\/","url_meta":{"origin":10853,"position":2},"title":"Jazzfest Berlin 2016 (3) \u2013 Unter Groovekillern: Spielen und kaputtspielen","author":"Huflaikhan","date":"6. November 2016","format":false,"excerpt":"Eigentlich eine Dom\u00e4ne des europ\u00e4ischen Jazz, das Kaputtspielen \u2013 ganz aus den sp\u00e4ten 68ern heraus. So wie vorgestern beim Globe Unity Orchestra. Man kann die Dinge aber auch anders kaputtspielen: entweder wegen \u00dcberforderung oder durch ein aneinander vorbeispielen. Wird ja schon keiner merken \u2013 bei Profis oder gar Superstars der\u2026","rel":"","context":"In &quot;Bericht&quot;","block_context":{"text":"Bericht","link":"https:\/\/www.jazzzeitung.de\/cms\/thema\/bericht\/"},"img":{"alt_text":"Angelika Niescier \u2013 Florian Weber Quintet. Angelika Niescier. Foto: Petra Basche","src":"https:\/\/i0.wp.com\/www.jazzzeitung.de\/cms\/wp-content\/uploads\/2016\/11\/jazzfest_2016_Niescier_0030t2016.jpg?fit=1200%2C800&ssl=1&resize=350%2C200","width":350,"height":200,"srcset":"https:\/\/i0.wp.com\/www.jazzzeitung.de\/cms\/wp-content\/uploads\/2016\/11\/jazzfest_2016_Niescier_0030t2016.jpg?fit=1200%2C800&ssl=1&resize=350%2C200 1x, https:\/\/i0.wp.com\/www.jazzzeitung.de\/cms\/wp-content\/uploads\/2016\/11\/jazzfest_2016_Niescier_0030t2016.jpg?fit=1200%2C800&ssl=1&resize=525%2C300 1.5x, https:\/\/i0.wp.com\/www.jazzzeitung.de\/cms\/wp-content\/uploads\/2016\/11\/jazzfest_2016_Niescier_0030t2016.jpg?fit=1200%2C800&ssl=1&resize=700%2C400 2x, https:\/\/i0.wp.com\/www.jazzzeitung.de\/cms\/wp-content\/uploads\/2016\/11\/jazzfest_2016_Niescier_0030t2016.jpg?fit=1200%2C800&ssl=1&resize=1050%2C600 3x"},"classes":[]},{"id":7595,"url":"https:\/\/www.jazzzeitung.de\/cms\/2015\/11\/jazzfest-berlin-2015-keith-tippett-octet-und-miguel-zenon-quartet\/","url_meta":{"origin":10853,"position":3},"title":"Jazzfest Berlin 2015 \u2013 Keith Tippett Octet und Miguel Zen\u00f3n Quartet","author":"Huflaikhan","date":"7. November 2015","format":false,"excerpt":"Jetzt ist der zweite Tag des Berliner Jazzfestes auch schon rum. Und ist eigentlich schon jemand aufgefallen, dass noch kein Tenorsaxophonist die B\u00fchne betreten hat? Kommt morgen mit Charles Lloyd zu Ehren. Alle (?) warten gespannt. Gestern war, neben der Verleihung des Albert-Mangelsdorff-Preises an Achim Kaufmann am Nachmittag, auf der\u2026","rel":"","context":"In &quot;Bericht&quot;","block_context":{"text":"Bericht","link":"https:\/\/www.jazzzeitung.de\/cms\/thema\/bericht\/"},"img":{"alt_text":"Keith Tippett Octet beim Jazzfest Berlin. Foto: Petra Basche","src":"https:\/\/i0.wp.com\/www.jazzzeitung.de\/cms\/wp-content\/uploads\/2015\/11\/jazzfest2015_pepa_tippett002.jpg?resize=350%2C200","width":350,"height":200,"srcset":"https:\/\/i0.wp.com\/www.jazzzeitung.de\/cms\/wp-content\/uploads\/2015\/11\/jazzfest2015_pepa_tippett002.jpg?resize=350%2C200 1x, https:\/\/i0.wp.com\/www.jazzzeitung.de\/cms\/wp-content\/uploads\/2015\/11\/jazzfest2015_pepa_tippett002.jpg?resize=525%2C300 1.5x, https:\/\/i0.wp.com\/www.jazzzeitung.de\/cms\/wp-content\/uploads\/2015\/11\/jazzfest2015_pepa_tippett002.jpg?resize=700%2C400 2x, https:\/\/i0.wp.com\/www.jazzzeitung.de\/cms\/wp-content\/uploads\/2015\/11\/jazzfest2015_pepa_tippett002.jpg?resize=1050%2C600 3x, https:\/\/i0.wp.com\/www.jazzzeitung.de\/cms\/wp-content\/uploads\/2015\/11\/jazzfest2015_pepa_tippett002.jpg?resize=1400%2C800 4x"},"classes":[]},{"id":10184,"url":"https:\/\/www.jazzzeitung.de\/cms\/2016\/09\/newsjazz-im-turmjazzfest-berlinbirdland-jazz-club-neuburg\/","url_meta":{"origin":10853,"position":4},"title":"+++ News +++ Jazz im Turm +++ Jazzfest Berlin +++ Birdland Jazz Club Neuburg","author":"Redaktion JazzZeitung","date":"30. September 2016","format":false,"excerpt":"Jazz im Turm Die September-Jam-Session bei Jazz im Turm nahe Glonn, wird am 29.9.16 um 20 Uhr\u00a0 von der S\u00e4ngerin Jasmin Bayer mit ihrer Formation er\u00f6ffnet. Auf dem Programm stehen Lieder ihrer j\u00fcngst erschienenen CD \u201eSummer Melodies\u201c, die sie mit Peter Tuscher (tpt), David Roberts (p), Markus Wagner (b) und\u2026","rel":"","context":"In &quot;News&quot;","block_context":{"text":"News","link":"https:\/\/www.jazzzeitung.de\/cms\/thema\/nachrichten\/"},"img":{"alt_text":"cache_2461745399","src":"https:\/\/i0.wp.com\/www.jazzzeitung.de\/cms\/wp-content\/uploads\/2016\/09\/cache_2461745399-150x150.png?resize=350%2C200","width":350,"height":200},"classes":[]},{"id":7392,"url":"https:\/\/www.jazzzeitung.de\/cms\/2015\/10\/konzert-mit-gespraechigkeit-jazzfest-2015\/","url_meta":{"origin":10853,"position":5},"title":"Konzert mit Gespr\u00e4chigkeit \u2013 Jazzfest Berlin 2015: Vorspiel","author":"Huflaikhan","date":"18. Oktober 2015","format":false,"excerpt":"Seit einiger Zeit laden die Berliner Festspiele vor gro\u00dfen Ereignisse noch einmal zu einer Extraveranstaltung ein. \u201eMusic & Public Talk\u201c, so nennt sich das, klingt fluffiger als \u201eGespr\u00e4chskonzert\u201c oder Konzert mit Gespr\u00e4chen. Auf der B\u00fchne zusammen oder abwechselnd die Musikerinnen Julia Kadel und Alexander Hawkins, der Festivalleiter Richard Williams, sein\u2026","rel":"","context":"In &quot;Bericht&quot;","block_context":{"text":"Bericht","link":"https:\/\/www.jazzzeitung.de\/cms\/thema\/bericht\/"},"img":{"alt_text":"Julia Kadel beim Vorspiel zum Jazzfest. Foto: Petra Basche","src":"https:\/\/i0.wp.com\/www.jazzzeitung.de\/cms\/wp-content\/uploads\/2015\/10\/jazzfest2015_pepa_015.jpg?resize=350%2C200","width":350,"height":200,"srcset":"https:\/\/i0.wp.com\/www.jazzzeitung.de\/cms\/wp-content\/uploads\/2015\/10\/jazzfest2015_pepa_015.jpg?resize=350%2C200 1x, https:\/\/i0.wp.com\/www.jazzzeitung.de\/cms\/wp-content\/uploads\/2015\/10\/jazzfest2015_pepa_015.jpg?resize=525%2C300 1.5x, https:\/\/i0.wp.com\/www.jazzzeitung.de\/cms\/wp-content\/uploads\/2015\/10\/jazzfest2015_pepa_015.jpg?resize=700%2C400 2x, https:\/\/i0.wp.com\/www.jazzzeitung.de\/cms\/wp-content\/uploads\/2015\/10\/jazzfest2015_pepa_015.jpg?resize=1050%2C600 3x, https:\/\/i0.wp.com\/www.jazzzeitung.de\/cms\/wp-content\/uploads\/2015\/10\/jazzfest2015_pepa_015.jpg?resize=1400%2C800 4x"},"classes":[]}],"jetpack_sharing_enabled":true,"_links":{"self":[{"href":"https:\/\/www.jazzzeitung.de\/cms\/wp-json\/wp\/v2\/posts\/10853","targetHints":{"allow":["GET"]}}],"collection":[{"href":"https:\/\/www.jazzzeitung.de\/cms\/wp-json\/wp\/v2\/posts"}],"about":[{"href":"https:\/\/www.jazzzeitung.de\/cms\/wp-json\/wp\/v2\/types\/post"}],"author":[{"embeddable":true,"href":"https:\/\/www.jazzzeitung.de\/cms\/wp-json\/wp\/v2\/users\/2"}],"replies":[{"embeddable":true,"href":"https:\/\/www.jazzzeitung.de\/cms\/wp-json\/wp\/v2\/comments?post=10853"}],"version-history":[{"count":8,"href":"https:\/\/www.jazzzeitung.de\/cms\/wp-json\/wp\/v2\/posts\/10853\/revisions"}],"predecessor-version":[{"id":10896,"href":"https:\/\/www.jazzzeitung.de\/cms\/wp-json\/wp\/v2\/posts\/10853\/revisions\/10896"}],"wp:featuredmedia":[{"embeddable":true,"href":"https:\/\/www.jazzzeitung.de\/cms\/wp-json\/wp\/v2\/media\/10887"}],"wp:attachment":[{"href":"https:\/\/www.jazzzeitung.de\/cms\/wp-json\/wp\/v2\/media?parent=10853"}],"wp:term":[{"taxonomy":"category","embeddable":true,"href":"https:\/\/www.jazzzeitung.de\/cms\/wp-json\/wp\/v2\/categories?post=10853"},{"taxonomy":"post_tag","embeddable":true,"href":"https:\/\/www.jazzzeitung.de\/cms\/wp-json\/wp\/v2\/tags?post=10853"},{"taxonomy":"author","embeddable":true,"href":"https:\/\/www.jazzzeitung.de\/cms\/wp-json\/wp\/v2\/coauthors?post=10853"}],"curies":[{"name":"wp","href":"https:\/\/api.w.org\/{rel}","templated":true}]}}