{"id":10770,"date":"2016-11-05T14:56:00","date_gmt":"2016-11-05T13:56:00","guid":{"rendered":"http:\/\/www.jazzzeitung.de\/cms\/?p=10770"},"modified":"2016-11-05T14:56:00","modified_gmt":"2016-11-05T13:56:00","slug":"jazzfest-berlin-2016-interlude-silbermeer-schaut-video-zur-musik","status":"publish","type":"post","link":"https:\/\/www.jazzzeitung.de\/cms\/2016\/11\/jazzfest-berlin-2016-interlude-silbermeer-schaut-video-zur-musik\/","title":{"rendered":"Jazzfest Berlin 2016 (Interlude): Silbermeer schaut Video zur Musik"},"content":{"rendered":"<p>Eine kleine Nebenbetrachtung. Beim Auftritt von Myra Melford\u2019s Snowy Egret auf dem Jazzfest Berlin 2016 kamen auch Videos zum Einsatz. Die Leinwand reflektierte ins Publikum zur\u00fcck. Wir sehen hier das sogenannte Silbermeer beim Lauschen und Beobachten von Musik. Das Silbermeer, das unbekannte Wesen. ich gestehe ich liebe es sehr.<\/p>\n<p><iframe loading=\"lazy\" title=\"Konzert im Silbermeer - Jazzpublikum\" src=\"https:\/\/player.vimeo.com\/video\/190356112?dnt=1&amp;app_id=122963\" width=\"840\" height=\"473\" frameborder=\"0\" allow=\"autoplay; fullscreen; picture-in-picture; clipboard-write\"><\/iframe><\/p>\n<p>Wir haben ja nicht den Originalton verwendet, denn der ist ja gesch\u00fctzt. <\/p>\n","protected":false},"excerpt":{"rendered":"<p>Eine kleine Nebenbetrachtung. Beim Auftritt von Myra Melford\u2019s Snowy Egret auf dem Jazzfest Berlin 2016 kamen auch Videos zum Einsatz. Die Leinwand reflektierte ins Publikum zur\u00fcck. Wir sehen hier das sogenannte Silbermeer beim Lauschen und Beobachten von Musik. Das Silbermeer, das unbekannte Wesen. ich gestehe ich liebe es sehr. Wir haben ja nicht den Originalton verwendet, denn der ist ja gesch\u00fctzt.<\/p>\n","protected":false},"author":2,"featured_media":2861,"comment_status":"open","ping_status":"closed","sticky":false,"template":"","format":"standard","meta":{"_jetpack_memberships_contains_paid_content":false,"footnotes":"","jetpack_publicize_message":"","jetpack_publicize_feature_enabled":true,"jetpack_social_post_already_shared":false,"jetpack_social_options":{"image_generator_settings":{"template":"highway","default_image_id":0,"font":"","enabled":false},"version":2}},"categories":[82],"tags":[272,1333,1336,579],"coauthors":[680],"class_list":["post-10770","post","type-post","status-publish","format-standard","has-post-thumbnail","hentry","category-blog","tag-jazzfest-berlin","tag-myra-melford","tag-silbermeer","tag-video"],"yoast_head":"<!-- This site is optimized with the Yoast SEO plugin v27.5 - https:\/\/yoast.com\/product\/yoast-seo-wordpress\/ -->\n<title>Jazzfest Berlin 2016 (Interlude): Silbermeer schaut Video zur Musik - JazzZeitung<\/title>\n<meta name=\"robots\" content=\"index, follow, max-snippet:-1, max-image-preview:large, max-video-preview:-1\" \/>\n<link rel=\"canonical\" href=\"https:\/\/www.jazzzeitung.de\/cms\/2016\/11\/jazzfest-berlin-2016-interlude-silbermeer-schaut-video-zur-musik\/\" \/>\n<meta property=\"og:locale\" content=\"de_DE\" \/>\n<meta property=\"og:type\" content=\"article\" \/>\n<meta property=\"og:title\" content=\"Jazzfest Berlin 2016 (Interlude): Silbermeer schaut Video zur Musik - JazzZeitung\" \/>\n<meta property=\"og:description\" content=\"Eine kleine Nebenbetrachtung. Beim Auftritt von Myra Melford\u2019s Snowy Egret auf dem Jazzfest Berlin 2016 kamen auch Videos zum Einsatz. Die Leinwand reflektierte ins Publikum zur\u00fcck. Wir sehen hier das sogenannte Silbermeer beim Lauschen und Beobachten von Musik. Das Silbermeer, das unbekannte Wesen. ich gestehe ich liebe es sehr. Wir haben ja nicht den Originalton verwendet, denn der ist ja gesch\u00fctzt.\" \/>\n<meta property=\"og:url\" content=\"https:\/\/www.jazzzeitung.de\/cms\/2016\/11\/jazzfest-berlin-2016-interlude-silbermeer-schaut-video-zur-musik\/\" \/>\n<meta property=\"og:site_name\" content=\"JazzZeitung\" \/>\n<meta property=\"article:publisher\" content=\"https:\/\/www.facebook.com\/JazzZeitung\/\" \/>\n<meta property=\"article:author\" content=\"https:\/\/www.facebook.com\/hufner\" \/>\n<meta property=\"article:published_time\" content=\"2016-11-05T13:56:00+00:00\" \/>\n<meta property=\"og:image\" content=\"https:\/\/i0.wp.com\/www.jazzzeitung.de\/cms\/wp-content\/uploads\/2013\/11\/jf13-03h-020235.jpg?fit=1200%2C900&ssl=1\" \/>\n\t<meta property=\"og:image:width\" content=\"1200\" \/>\n\t<meta property=\"og:image:height\" content=\"900\" \/>\n\t<meta property=\"og:image:type\" content=\"image\/jpeg\" \/>\n<meta name=\"author\" content=\"Huflaikhan\" \/>\n<script type=\"application\/ld+json\" class=\"yoast-schema-graph\">{\"@context\":\"https:\\\/\\\/schema.org\",\"@graph\":[{\"@type\":\"Article\",\"@id\":\"https:\\\/\\\/www.jazzzeitung.de\\\/cms\\\/2016\\\/11\\\/jazzfest-berlin-2016-interlude-silbermeer-schaut-video-zur-musik\\\/#article\",\"isPartOf\":{\"@id\":\"https:\\\/\\\/www.jazzzeitung.de\\\/cms\\\/2016\\\/11\\\/jazzfest-berlin-2016-interlude-silbermeer-schaut-video-zur-musik\\\/\"},\"author\":{\"name\":\"Huflaikhan\",\"@id\":\"https:\\\/\\\/www.jazzzeitung.de\\\/cms\\\/#\\\/schema\\\/person\\\/1ba404714b9455401502bc409a7df45e\"},\"headline\":\"Jazzfest Berlin 2016 (Interlude): Silbermeer schaut Video zur Musik\",\"datePublished\":\"2016-11-05T13:56:00+00:00\",\"mainEntityOfPage\":{\"@id\":\"https:\\\/\\\/www.jazzzeitung.de\\\/cms\\\/2016\\\/11\\\/jazzfest-berlin-2016-interlude-silbermeer-schaut-video-zur-musik\\\/\"},\"wordCount\":74,\"commentCount\":0,\"publisher\":{\"@id\":\"https:\\\/\\\/www.jazzzeitung.de\\\/cms\\\/#organization\"},\"image\":{\"@id\":\"https:\\\/\\\/www.jazzzeitung.de\\\/cms\\\/2016\\\/11\\\/jazzfest-berlin-2016-interlude-silbermeer-schaut-video-zur-musik\\\/#primaryimage\"},\"thumbnailUrl\":\"https:\\\/\\\/i0.wp.com\\\/www.jazzzeitung.de\\\/cms\\\/wp-content\\\/uploads\\\/2013\\\/11\\\/jf13-03h-020235.jpg?fit=1200%2C900&ssl=1\",\"keywords\":[\"Jazzfest Berlin\",\"Myra Melford\",\"Silbermeer\",\"Video\"],\"articleSection\":[\"Blog\"],\"inLanguage\":\"de\",\"potentialAction\":[{\"@type\":\"CommentAction\",\"name\":\"Comment\",\"target\":[\"https:\\\/\\\/www.jazzzeitung.de\\\/cms\\\/2016\\\/11\\\/jazzfest-berlin-2016-interlude-silbermeer-schaut-video-zur-musik\\\/#respond\"]}]},{\"@type\":\"WebPage\",\"@id\":\"https:\\\/\\\/www.jazzzeitung.de\\\/cms\\\/2016\\\/11\\\/jazzfest-berlin-2016-interlude-silbermeer-schaut-video-zur-musik\\\/\",\"url\":\"https:\\\/\\\/www.jazzzeitung.de\\\/cms\\\/2016\\\/11\\\/jazzfest-berlin-2016-interlude-silbermeer-schaut-video-zur-musik\\\/\",\"name\":\"Jazzfest Berlin 2016 (Interlude): Silbermeer schaut Video zur Musik - JazzZeitung\",\"isPartOf\":{\"@id\":\"https:\\\/\\\/www.jazzzeitung.de\\\/cms\\\/#website\"},\"primaryImageOfPage\":{\"@id\":\"https:\\\/\\\/www.jazzzeitung.de\\\/cms\\\/2016\\\/11\\\/jazzfest-berlin-2016-interlude-silbermeer-schaut-video-zur-musik\\\/#primaryimage\"},\"image\":{\"@id\":\"https:\\\/\\\/www.jazzzeitung.de\\\/cms\\\/2016\\\/11\\\/jazzfest-berlin-2016-interlude-silbermeer-schaut-video-zur-musik\\\/#primaryimage\"},\"thumbnailUrl\":\"https:\\\/\\\/i0.wp.com\\\/www.jazzzeitung.de\\\/cms\\\/wp-content\\\/uploads\\\/2013\\\/11\\\/jf13-03h-020235.jpg?fit=1200%2C900&ssl=1\",\"datePublished\":\"2016-11-05T13:56:00+00:00\",\"breadcrumb\":{\"@id\":\"https:\\\/\\\/www.jazzzeitung.de\\\/cms\\\/2016\\\/11\\\/jazzfest-berlin-2016-interlude-silbermeer-schaut-video-zur-musik\\\/#breadcrumb\"},\"inLanguage\":\"de\",\"potentialAction\":[{\"@type\":\"ReadAction\",\"target\":[\"https:\\\/\\\/www.jazzzeitung.de\\\/cms\\\/2016\\\/11\\\/jazzfest-berlin-2016-interlude-silbermeer-schaut-video-zur-musik\\\/\"]}]},{\"@type\":\"ImageObject\",\"inLanguage\":\"de\",\"@id\":\"https:\\\/\\\/www.jazzzeitung.de\\\/cms\\\/2016\\\/11\\\/jazzfest-berlin-2016-interlude-silbermeer-schaut-video-zur-musik\\\/#primaryimage\",\"url\":\"https:\\\/\\\/i0.wp.com\\\/www.jazzzeitung.de\\\/cms\\\/wp-content\\\/uploads\\\/2013\\\/11\\\/jf13-03h-020235.jpg?fit=1200%2C900&ssl=1\",\"contentUrl\":\"https:\\\/\\\/i0.wp.com\\\/www.jazzzeitung.de\\\/cms\\\/wp-content\\\/uploads\\\/2013\\\/11\\\/jf13-03h-020235.jpg?fit=1200%2C900&ssl=1\",\"width\":1200,\"height\":900,\"caption\":\"Ein Meer in Silber. Foto: Hufner\"},{\"@type\":\"BreadcrumbList\",\"@id\":\"https:\\\/\\\/www.jazzzeitung.de\\\/cms\\\/2016\\\/11\\\/jazzfest-berlin-2016-interlude-silbermeer-schaut-video-zur-musik\\\/#breadcrumb\",\"itemListElement\":[{\"@type\":\"ListItem\",\"position\":1,\"name\":\"Startseite\",\"item\":\"https:\\\/\\\/www.jazzzeitung.de\\\/cms\\\/\"},{\"@type\":\"ListItem\",\"position\":2,\"name\":\"Jazzfest Berlin 2016 (Interlude): Silbermeer schaut Video zur Musik\"}]},{\"@type\":\"WebSite\",\"@id\":\"https:\\\/\\\/www.jazzzeitung.de\\\/cms\\\/#website\",\"url\":\"https:\\\/\\\/www.jazzzeitung.de\\\/cms\\\/\",\"name\":\"JazzZeitung\",\"description\":\"Jazz-News und Jazz-Kontroverses\",\"publisher\":{\"@id\":\"https:\\\/\\\/www.jazzzeitung.de\\\/cms\\\/#organization\"},\"potentialAction\":[{\"@type\":\"SearchAction\",\"target\":{\"@type\":\"EntryPoint\",\"urlTemplate\":\"https:\\\/\\\/www.jazzzeitung.de\\\/cms\\\/?s={search_term_string}\"},\"query-input\":{\"@type\":\"PropertyValueSpecification\",\"valueRequired\":true,\"valueName\":\"search_term_string\"}}],\"inLanguage\":\"de\"},{\"@type\":\"Organization\",\"@id\":\"https:\\\/\\\/www.jazzzeitung.de\\\/cms\\\/#organization\",\"name\":\"JazzZeitung online\",\"url\":\"https:\\\/\\\/www.jazzzeitung.de\\\/cms\\\/\",\"logo\":{\"@type\":\"ImageObject\",\"inLanguage\":\"de\",\"@id\":\"https:\\\/\\\/www.jazzzeitung.de\\\/cms\\\/#\\\/schema\\\/logo\\\/image\\\/\",\"url\":\"https:\\\/\\\/i0.wp.com\\\/www.jazzzeitung.de\\\/cms\\\/wp-content\\\/uploads\\\/2015\\\/08\\\/JAZZZEITUNGDE_Logo_Neu.png?fit=499%2C200&ssl=1\",\"contentUrl\":\"https:\\\/\\\/i0.wp.com\\\/www.jazzzeitung.de\\\/cms\\\/wp-content\\\/uploads\\\/2015\\\/08\\\/JAZZZEITUNGDE_Logo_Neu.png?fit=499%2C200&ssl=1\",\"width\":499,\"height\":200,\"caption\":\"JazzZeitung online\"},\"image\":{\"@id\":\"https:\\\/\\\/www.jazzzeitung.de\\\/cms\\\/#\\\/schema\\\/logo\\\/image\\\/\"},\"sameAs\":[\"https:\\\/\\\/www.facebook.com\\\/JazzZeitung\\\/\"]},{\"@type\":\"Person\",\"@id\":\"https:\\\/\\\/www.jazzzeitung.de\\\/cms\\\/#\\\/schema\\\/person\\\/1ba404714b9455401502bc409a7df45e\",\"name\":\"Huflaikhan\",\"image\":{\"@type\":\"ImageObject\",\"inLanguage\":\"de\",\"@id\":\"https:\\\/\\\/i0.wp.com\\\/www.jazzzeitung.de\\\/cms\\\/wp-content\\\/uploads\\\/2013\\\/11\\\/huf-06.jpg?resize=96%2C96&ssl=18afacd5aa7627f2840c013425f5a4164\",\"url\":\"https:\\\/\\\/i0.wp.com\\\/www.jazzzeitung.de\\\/cms\\\/wp-content\\\/uploads\\\/2013\\\/11\\\/huf-06.jpg?resize=96%2C96&ssl=1\",\"contentUrl\":\"https:\\\/\\\/i0.wp.com\\\/www.jazzzeitung.de\\\/cms\\\/wp-content\\\/uploads\\\/2013\\\/11\\\/huf-06.jpg?resize=96%2C96&ssl=1\",\"caption\":\"Huflaikhan\"},\"description\":\"Huflaikhan (aka Martin Hufner) hat Musikwissenschaft, Philosophie und Psychologie in Gie\u00dfen studiert und mit einer Arbeit \u00fcber Adorno und die Zw\u00f6lftontechnik promoviert. Seit 1995 ist er freiberuflich als Autor, Fotograf und Netzmacher unterwegs.\",\"sameAs\":[\"https:\\\/\\\/www.kritische-masse.de\\\/logbuch\",\"https:\\\/\\\/www.facebook.com\\\/hufner\"],\"url\":\"https:\\\/\\\/www.jazzzeitung.de\\\/cms\\\/author\\\/hufi\\\/\"}]}<\/script>\n<!-- \/ Yoast SEO plugin. -->","yoast_head_json":{"title":"Jazzfest Berlin 2016 (Interlude): Silbermeer schaut Video zur Musik - JazzZeitung","robots":{"index":"index","follow":"follow","max-snippet":"max-snippet:-1","max-image-preview":"max-image-preview:large","max-video-preview":"max-video-preview:-1"},"canonical":"https:\/\/www.jazzzeitung.de\/cms\/2016\/11\/jazzfest-berlin-2016-interlude-silbermeer-schaut-video-zur-musik\/","og_locale":"de_DE","og_type":"article","og_title":"Jazzfest Berlin 2016 (Interlude): Silbermeer schaut Video zur Musik - JazzZeitung","og_description":"Eine kleine Nebenbetrachtung. Beim Auftritt von Myra Melford\u2019s Snowy Egret auf dem Jazzfest Berlin 2016 kamen auch Videos zum Einsatz. Die Leinwand reflektierte ins Publikum zur\u00fcck. Wir sehen hier das sogenannte Silbermeer beim Lauschen und Beobachten von Musik. Das Silbermeer, das unbekannte Wesen. ich gestehe ich liebe es sehr. Wir haben ja nicht den Originalton verwendet, denn der ist ja gesch\u00fctzt.","og_url":"https:\/\/www.jazzzeitung.de\/cms\/2016\/11\/jazzfest-berlin-2016-interlude-silbermeer-schaut-video-zur-musik\/","og_site_name":"JazzZeitung","article_publisher":"https:\/\/www.facebook.com\/JazzZeitung\/","article_author":"https:\/\/www.facebook.com\/hufner","article_published_time":"2016-11-05T13:56:00+00:00","og_image":[{"width":1200,"height":900,"url":"https:\/\/i0.wp.com\/www.jazzzeitung.de\/cms\/wp-content\/uploads\/2013\/11\/jf13-03h-020235.jpg?fit=1200%2C900&ssl=1","type":"image\/jpeg"}],"author":"Huflaikhan","schema":{"@context":"https:\/\/schema.org","@graph":[{"@type":"Article","@id":"https:\/\/www.jazzzeitung.de\/cms\/2016\/11\/jazzfest-berlin-2016-interlude-silbermeer-schaut-video-zur-musik\/#article","isPartOf":{"@id":"https:\/\/www.jazzzeitung.de\/cms\/2016\/11\/jazzfest-berlin-2016-interlude-silbermeer-schaut-video-zur-musik\/"},"author":{"name":"Huflaikhan","@id":"https:\/\/www.jazzzeitung.de\/cms\/#\/schema\/person\/1ba404714b9455401502bc409a7df45e"},"headline":"Jazzfest Berlin 2016 (Interlude): Silbermeer schaut Video zur Musik","datePublished":"2016-11-05T13:56:00+00:00","mainEntityOfPage":{"@id":"https:\/\/www.jazzzeitung.de\/cms\/2016\/11\/jazzfest-berlin-2016-interlude-silbermeer-schaut-video-zur-musik\/"},"wordCount":74,"commentCount":0,"publisher":{"@id":"https:\/\/www.jazzzeitung.de\/cms\/#organization"},"image":{"@id":"https:\/\/www.jazzzeitung.de\/cms\/2016\/11\/jazzfest-berlin-2016-interlude-silbermeer-schaut-video-zur-musik\/#primaryimage"},"thumbnailUrl":"https:\/\/i0.wp.com\/www.jazzzeitung.de\/cms\/wp-content\/uploads\/2013\/11\/jf13-03h-020235.jpg?fit=1200%2C900&ssl=1","keywords":["Jazzfest Berlin","Myra Melford","Silbermeer","Video"],"articleSection":["Blog"],"inLanguage":"de","potentialAction":[{"@type":"CommentAction","name":"Comment","target":["https:\/\/www.jazzzeitung.de\/cms\/2016\/11\/jazzfest-berlin-2016-interlude-silbermeer-schaut-video-zur-musik\/#respond"]}]},{"@type":"WebPage","@id":"https:\/\/www.jazzzeitung.de\/cms\/2016\/11\/jazzfest-berlin-2016-interlude-silbermeer-schaut-video-zur-musik\/","url":"https:\/\/www.jazzzeitung.de\/cms\/2016\/11\/jazzfest-berlin-2016-interlude-silbermeer-schaut-video-zur-musik\/","name":"Jazzfest Berlin 2016 (Interlude): Silbermeer schaut Video zur Musik - JazzZeitung","isPartOf":{"@id":"https:\/\/www.jazzzeitung.de\/cms\/#website"},"primaryImageOfPage":{"@id":"https:\/\/www.jazzzeitung.de\/cms\/2016\/11\/jazzfest-berlin-2016-interlude-silbermeer-schaut-video-zur-musik\/#primaryimage"},"image":{"@id":"https:\/\/www.jazzzeitung.de\/cms\/2016\/11\/jazzfest-berlin-2016-interlude-silbermeer-schaut-video-zur-musik\/#primaryimage"},"thumbnailUrl":"https:\/\/i0.wp.com\/www.jazzzeitung.de\/cms\/wp-content\/uploads\/2013\/11\/jf13-03h-020235.jpg?fit=1200%2C900&ssl=1","datePublished":"2016-11-05T13:56:00+00:00","breadcrumb":{"@id":"https:\/\/www.jazzzeitung.de\/cms\/2016\/11\/jazzfest-berlin-2016-interlude-silbermeer-schaut-video-zur-musik\/#breadcrumb"},"inLanguage":"de","potentialAction":[{"@type":"ReadAction","target":["https:\/\/www.jazzzeitung.de\/cms\/2016\/11\/jazzfest-berlin-2016-interlude-silbermeer-schaut-video-zur-musik\/"]}]},{"@type":"ImageObject","inLanguage":"de","@id":"https:\/\/www.jazzzeitung.de\/cms\/2016\/11\/jazzfest-berlin-2016-interlude-silbermeer-schaut-video-zur-musik\/#primaryimage","url":"https:\/\/i0.wp.com\/www.jazzzeitung.de\/cms\/wp-content\/uploads\/2013\/11\/jf13-03h-020235.jpg?fit=1200%2C900&ssl=1","contentUrl":"https:\/\/i0.wp.com\/www.jazzzeitung.de\/cms\/wp-content\/uploads\/2013\/11\/jf13-03h-020235.jpg?fit=1200%2C900&ssl=1","width":1200,"height":900,"caption":"Ein Meer in Silber. Foto: Hufner"},{"@type":"BreadcrumbList","@id":"https:\/\/www.jazzzeitung.de\/cms\/2016\/11\/jazzfest-berlin-2016-interlude-silbermeer-schaut-video-zur-musik\/#breadcrumb","itemListElement":[{"@type":"ListItem","position":1,"name":"Startseite","item":"https:\/\/www.jazzzeitung.de\/cms\/"},{"@type":"ListItem","position":2,"name":"Jazzfest Berlin 2016 (Interlude): Silbermeer schaut Video zur Musik"}]},{"@type":"WebSite","@id":"https:\/\/www.jazzzeitung.de\/cms\/#website","url":"https:\/\/www.jazzzeitung.de\/cms\/","name":"JazzZeitung","description":"Jazz-News und Jazz-Kontroverses","publisher":{"@id":"https:\/\/www.jazzzeitung.de\/cms\/#organization"},"potentialAction":[{"@type":"SearchAction","target":{"@type":"EntryPoint","urlTemplate":"https:\/\/www.jazzzeitung.de\/cms\/?s={search_term_string}"},"query-input":{"@type":"PropertyValueSpecification","valueRequired":true,"valueName":"search_term_string"}}],"inLanguage":"de"},{"@type":"Organization","@id":"https:\/\/www.jazzzeitung.de\/cms\/#organization","name":"JazzZeitung online","url":"https:\/\/www.jazzzeitung.de\/cms\/","logo":{"@type":"ImageObject","inLanguage":"de","@id":"https:\/\/www.jazzzeitung.de\/cms\/#\/schema\/logo\/image\/","url":"https:\/\/i0.wp.com\/www.jazzzeitung.de\/cms\/wp-content\/uploads\/2015\/08\/JAZZZEITUNGDE_Logo_Neu.png?fit=499%2C200&ssl=1","contentUrl":"https:\/\/i0.wp.com\/www.jazzzeitung.de\/cms\/wp-content\/uploads\/2015\/08\/JAZZZEITUNGDE_Logo_Neu.png?fit=499%2C200&ssl=1","width":499,"height":200,"caption":"JazzZeitung online"},"image":{"@id":"https:\/\/www.jazzzeitung.de\/cms\/#\/schema\/logo\/image\/"},"sameAs":["https:\/\/www.facebook.com\/JazzZeitung\/"]},{"@type":"Person","@id":"https:\/\/www.jazzzeitung.de\/cms\/#\/schema\/person\/1ba404714b9455401502bc409a7df45e","name":"Huflaikhan","image":{"@type":"ImageObject","inLanguage":"de","@id":"https:\/\/i0.wp.com\/www.jazzzeitung.de\/cms\/wp-content\/uploads\/2013\/11\/huf-06.jpg?resize=96%2C96&ssl=18afacd5aa7627f2840c013425f5a4164","url":"https:\/\/i0.wp.com\/www.jazzzeitung.de\/cms\/wp-content\/uploads\/2013\/11\/huf-06.jpg?resize=96%2C96&ssl=1","contentUrl":"https:\/\/i0.wp.com\/www.jazzzeitung.de\/cms\/wp-content\/uploads\/2013\/11\/huf-06.jpg?resize=96%2C96&ssl=1","caption":"Huflaikhan"},"description":"Huflaikhan (aka Martin Hufner) hat Musikwissenschaft, Philosophie und Psychologie in Gie\u00dfen studiert und mit einer Arbeit \u00fcber Adorno und die Zw\u00f6lftontechnik promoviert. Seit 1995 ist er freiberuflich als Autor, Fotograf und Netzmacher unterwegs.","sameAs":["https:\/\/www.kritische-masse.de\/logbuch","https:\/\/www.facebook.com\/hufner"],"url":"https:\/\/www.jazzzeitung.de\/cms\/author\/hufi\/"}]}},"wp-worthy-pixel":{"ignored":false,"public":"52c2a4b31ef34463a65a6ef9624ee6b7","server":"vg04.met.vgwort.de","url":"https:\/\/vg04.met.vgwort.de\/na\/52c2a4b31ef34463a65a6ef9624ee6b7"},"wp-worthy-type":"normal","jetpack_publicize_connections":[],"cc_featured_image_caption":{"caption_text":false,"source_text":false,"source_url":false},"jetpack_featured_media_url":"https:\/\/i0.wp.com\/www.jazzzeitung.de\/cms\/wp-content\/uploads\/2013\/11\/jf13-03h-020235.jpg?fit=1200%2C900&ssl=1","jetpack_shortlink":"https:\/\/wp.me\/p3KEcT-2NI","jetpack-related-posts":[{"id":10765,"url":"https:\/\/www.jazzzeitung.de\/cms\/2016\/11\/jazzfest-berlin-2016-2-freejazzfloehe-verzweiflung-und-struktursumpf\/","url_meta":{"origin":10770,"position":0},"title":"Jazzfest Berlin 2016 (2) \u2013 Freejazzfl\u00f6he, Verzweiflung und Struktursumpf","author":"Huflaikhan","date":"5. November 2016","format":false,"excerpt":"Okay, der Beruf der Jazzkritikerin ist nicht ganz einfach. An jeder Ecke wittert man eine Musikerin, die einem die letzte Kritik um die Ohren haut \u2013 wenn man Gl\u00fcck hat. Wenn man Pech hat, wird man gar nicht mehr erkannt. Die Sache ist ja doch die: Nach einem Konzert kommen\u2026","rel":"","context":"In &quot;Bericht&quot;","block_context":{"text":"Bericht","link":"https:\/\/www.jazzzeitung.de\/cms\/thema\/bericht\/"},"img":{"alt_text":"Brad Mehldau beim Jazzfest Berlin. Foto: Petra Basche","src":"https:\/\/i0.wp.com\/www.jazzzeitung.de\/cms\/wp-content\/uploads\/2016\/11\/jazzfest_2016_Redman_Mehldau0001t2016-2.jpg?fit=1200%2C800&ssl=1&resize=350%2C200","width":350,"height":200,"srcset":"https:\/\/i0.wp.com\/www.jazzzeitung.de\/cms\/wp-content\/uploads\/2016\/11\/jazzfest_2016_Redman_Mehldau0001t2016-2.jpg?fit=1200%2C800&ssl=1&resize=350%2C200 1x, https:\/\/i0.wp.com\/www.jazzzeitung.de\/cms\/wp-content\/uploads\/2016\/11\/jazzfest_2016_Redman_Mehldau0001t2016-2.jpg?fit=1200%2C800&ssl=1&resize=525%2C300 1.5x, https:\/\/i0.wp.com\/www.jazzzeitung.de\/cms\/wp-content\/uploads\/2016\/11\/jazzfest_2016_Redman_Mehldau0001t2016-2.jpg?fit=1200%2C800&ssl=1&resize=700%2C400 2x, https:\/\/i0.wp.com\/www.jazzzeitung.de\/cms\/wp-content\/uploads\/2016\/11\/jazzfest_2016_Redman_Mehldau0001t2016-2.jpg?fit=1200%2C800&ssl=1&resize=1050%2C600 3x"},"classes":[]},{"id":9521,"url":"https:\/\/www.jazzzeitung.de\/cms\/2016\/06\/das-jazzfest-berlin-2016-einer-extended-version\/","url_meta":{"origin":10770,"position":1},"title":"Das Jazzfest Berlin 2016 in einer &#8222;extended version&#8220;","author":"Redaktion JazzZeitung","date":"16. Juni 2016","format":false,"excerpt":"Der k\u00fcnstlerische Leiter des Jazzfest Berlin Richard Williams hat das Programm f\u00fcr das Jazzfest Berlin 2016 vorgestellt Die Berliner Festspiele\u00a0veranstalten\u00a0das 53. Jazzfest Berlin in diesem Jahr vom 1.\u00a0bis 6.\u00a0November, in einer\u00a0\u201eextended version\u201c mit\u00a0zwei Vorveranstaltungen. Insgesamt\u00a0werden beim Festival 16\u00a0Jazzformationen und f\u00fcnf teils v\u00f6llig neue Duo-Kombinationen auftreten. Viele der beim Jazzfest Berlin\u2026","rel":"","context":"In &quot;News&quot;","block_context":{"text":"News","link":"https:\/\/www.jazzzeitung.de\/cms\/thema\/nachrichten\/"},"img":{"alt_text":"LUCIA_CADOTSCH___Michael_Jungblut_01","src":"https:\/\/i0.wp.com\/www.jazzzeitung.de\/cms\/wp-content\/uploads\/2016\/06\/LUCIA_CADOTSCH___Michael_Jungblut_01-150x150.jpg?resize=350%2C200","width":350,"height":200},"classes":[]},{"id":7664,"url":"https:\/\/www.jazzzeitung.de\/cms\/2015\/11\/jazzfest-berlin-2015-diwan-der-kontinente-louis-moholo-moholo-quartet-und-ambrose-akinmusire-quartet-mit-theo-bleckmann\/","url_meta":{"origin":10770,"position":2},"title":"Jazzfest Berlin 2015 \u2013 Diwan der Kontinente, Louis Moholo-Moholo Quartet und Ambrose Akinmusire Quartet mit Theo Bleckmann","author":"Huflaikhan","date":"9. November 2015","format":false,"excerpt":"Ulf Drechsel er\u00f6ffnete den letzten Tag des 52. Jazzfests Berlin mit einem Hinweis auf die Situation der Fl\u00fcchtlingsbewegungen der Gegenwart. Er verwies auf die Mitverantwortung des Westens daran, was sich an Trag\u00f6dien abspielt. Jazz steht auch in politischer Verantwortung. Danke f\u00fcr diese Worte, Ulf Drechsel. Damit konnte er \u00fcberleiten zum\u2026","rel":"","context":"In &quot;Bericht&quot;","block_context":{"text":"Bericht","link":"https:\/\/www.jazzzeitung.de\/cms\/thema\/bericht\/"},"img":{"alt_text":"Louis Moholo-Moholo Quartet. 51. Jazzfest Berlin. Foto: Petra Basche","src":"https:\/\/i0.wp.com\/www.jazzzeitung.de\/cms\/wp-content\/uploads\/2015\/11\/jazzfest2015_pepa_moholo_162.jpg?fit=1200%2C801&ssl=1&resize=350%2C200","width":350,"height":200,"srcset":"https:\/\/i0.wp.com\/www.jazzzeitung.de\/cms\/wp-content\/uploads\/2015\/11\/jazzfest2015_pepa_moholo_162.jpg?fit=1200%2C801&ssl=1&resize=350%2C200 1x, https:\/\/i0.wp.com\/www.jazzzeitung.de\/cms\/wp-content\/uploads\/2015\/11\/jazzfest2015_pepa_moholo_162.jpg?fit=1200%2C801&ssl=1&resize=525%2C300 1.5x, https:\/\/i0.wp.com\/www.jazzzeitung.de\/cms\/wp-content\/uploads\/2015\/11\/jazzfest2015_pepa_moholo_162.jpg?fit=1200%2C801&ssl=1&resize=700%2C400 2x, https:\/\/i0.wp.com\/www.jazzzeitung.de\/cms\/wp-content\/uploads\/2015\/11\/jazzfest2015_pepa_moholo_162.jpg?fit=1200%2C801&ssl=1&resize=1050%2C600 3x"},"classes":[]},{"id":14101,"url":"https:\/\/www.jazzzeitung.de\/cms\/2017\/11\/nebensonnen-sonnenschein-jazzfest-berlin-2017-freitag\/","url_meta":{"origin":10770,"position":3},"title":"Nebensonnen, Sonnenschein \u2013 Jazzfest Berlin 2017 (Freitag)","author":"Huflaikhan","date":"4. November 2017","format":false,"excerpt":"\u2026 und es gibt Tage, da ist man gerne als Kritiker unterwegs. Denn es gibt viel Sch\u00f6nes zu berichten. Von einer Preistr\u00e4gerin und von einem grandiosen Klaviersolo. Angelika Niescier auf der einen Seite im Trio mit Tyshawn Sorey (dm) und Chris Tordini (b). Ja, den beiden aus dem gestrigen Trio.\u2026","rel":"","context":"In &quot;Blog&quot;","block_context":{"text":"Blog","link":"https:\/\/www.jazzzeitung.de\/cms\/thema\/blog\/"},"img":{"alt_text":"Angelika Niescier im Trio und Albert Mangelsdorff Preis der UdJ. Foto: Petra Basche","src":"https:\/\/i0.wp.com\/www.jazzzeitung.de\/cms\/wp-content\/uploads\/2017\/11\/Jazzfest-Berlin-2017_Niescier_Mangelsdorff-Preis_0001-12.jpg?fit=1200%2C900&ssl=1&resize=350%2C200","width":350,"height":200,"srcset":"https:\/\/i0.wp.com\/www.jazzzeitung.de\/cms\/wp-content\/uploads\/2017\/11\/Jazzfest-Berlin-2017_Niescier_Mangelsdorff-Preis_0001-12.jpg?fit=1200%2C900&ssl=1&resize=350%2C200 1x, https:\/\/i0.wp.com\/www.jazzzeitung.de\/cms\/wp-content\/uploads\/2017\/11\/Jazzfest-Berlin-2017_Niescier_Mangelsdorff-Preis_0001-12.jpg?fit=1200%2C900&ssl=1&resize=525%2C300 1.5x, https:\/\/i0.wp.com\/www.jazzzeitung.de\/cms\/wp-content\/uploads\/2017\/11\/Jazzfest-Berlin-2017_Niescier_Mangelsdorff-Preis_0001-12.jpg?fit=1200%2C900&ssl=1&resize=700%2C400 2x, https:\/\/i0.wp.com\/www.jazzzeitung.de\/cms\/wp-content\/uploads\/2017\/11\/Jazzfest-Berlin-2017_Niescier_Mangelsdorff-Preis_0001-12.jpg?fit=1200%2C900&ssl=1&resize=1050%2C600 3x"},"classes":[]},{"id":14146,"url":"https:\/\/www.jazzzeitung.de\/cms\/2017\/11\/schmunzeln-taenzeln-und-eine-currysosse-jazzfest-berlin-2017-samstag\/","url_meta":{"origin":10770,"position":4},"title":"Schmunzeln, t\u00e4nzeln und eine Currysauce \u2013 Jazzfest Berlin 2017 \u2013 (Samstag)","author":"Huflaikhan","date":"5. November 2017","format":false,"excerpt":"Es kommt wie es kommt. Oder anders. Ich pl\u00e4diere ja f\u00fcr etwas Schlimmeres als die Jazzpolizei, n\u00e4mlich das Jazzordnungsamt. Die mag niemand und noch weniger! Sie hat weniger Vollmachten und ist in der Regel deshalb noch unbeliebter. Kn\u00f6llchen f\u00fcr Parkzeit\u00fcberschreitung. Dabei bringt reine cline-ische Sauberkeit nun auch nichts. Also: Das\u2026","rel":"","context":"In &quot;Blog&quot;","block_context":{"text":"Blog","link":"https:\/\/www.jazzzeitung.de\/cms\/thema\/blog\/"},"img":{"alt_text":"Dr. Lonnie Smith Trio beim Jazzfest Berlin 2017. Foto: Petra Basche","src":"https:\/\/i0.wp.com\/www.jazzzeitung.de\/cms\/wp-content\/uploads\/2017\/11\/dr_lonnie_smith_trio_JazzfestBerlin2017_c_pepa_basche_235218.jpg?fit=1200%2C900&ssl=1&resize=350%2C200","width":350,"height":200,"srcset":"https:\/\/i0.wp.com\/www.jazzzeitung.de\/cms\/wp-content\/uploads\/2017\/11\/dr_lonnie_smith_trio_JazzfestBerlin2017_c_pepa_basche_235218.jpg?fit=1200%2C900&ssl=1&resize=350%2C200 1x, https:\/\/i0.wp.com\/www.jazzzeitung.de\/cms\/wp-content\/uploads\/2017\/11\/dr_lonnie_smith_trio_JazzfestBerlin2017_c_pepa_basche_235218.jpg?fit=1200%2C900&ssl=1&resize=525%2C300 1.5x, https:\/\/i0.wp.com\/www.jazzzeitung.de\/cms\/wp-content\/uploads\/2017\/11\/dr_lonnie_smith_trio_JazzfestBerlin2017_c_pepa_basche_235218.jpg?fit=1200%2C900&ssl=1&resize=700%2C400 2x, https:\/\/i0.wp.com\/www.jazzzeitung.de\/cms\/wp-content\/uploads\/2017\/11\/dr_lonnie_smith_trio_JazzfestBerlin2017_c_pepa_basche_235218.jpg?fit=1200%2C900&ssl=1&resize=1050%2C600 3x"},"classes":[]},{"id":7595,"url":"https:\/\/www.jazzzeitung.de\/cms\/2015\/11\/jazzfest-berlin-2015-keith-tippett-octet-und-miguel-zenon-quartet\/","url_meta":{"origin":10770,"position":5},"title":"Jazzfest Berlin 2015 \u2013 Keith Tippett Octet und Miguel Zen\u00f3n Quartet","author":"Huflaikhan","date":"7. November 2015","format":false,"excerpt":"Jetzt ist der zweite Tag des Berliner Jazzfestes auch schon rum. Und ist eigentlich schon jemand aufgefallen, dass noch kein Tenorsaxophonist die B\u00fchne betreten hat? Kommt morgen mit Charles Lloyd zu Ehren. Alle (?) warten gespannt. Gestern war, neben der Verleihung des Albert-Mangelsdorff-Preises an Achim Kaufmann am Nachmittag, auf der\u2026","rel":"","context":"In &quot;Bericht&quot;","block_context":{"text":"Bericht","link":"https:\/\/www.jazzzeitung.de\/cms\/thema\/bericht\/"},"img":{"alt_text":"Keith Tippett Octet beim Jazzfest Berlin. Foto: Petra Basche","src":"https:\/\/i0.wp.com\/www.jazzzeitung.de\/cms\/wp-content\/uploads\/2015\/11\/jazzfest2015_pepa_tippett002.jpg?resize=350%2C200","width":350,"height":200,"srcset":"https:\/\/i0.wp.com\/www.jazzzeitung.de\/cms\/wp-content\/uploads\/2015\/11\/jazzfest2015_pepa_tippett002.jpg?resize=350%2C200 1x, https:\/\/i0.wp.com\/www.jazzzeitung.de\/cms\/wp-content\/uploads\/2015\/11\/jazzfest2015_pepa_tippett002.jpg?resize=525%2C300 1.5x, https:\/\/i0.wp.com\/www.jazzzeitung.de\/cms\/wp-content\/uploads\/2015\/11\/jazzfest2015_pepa_tippett002.jpg?resize=700%2C400 2x, https:\/\/i0.wp.com\/www.jazzzeitung.de\/cms\/wp-content\/uploads\/2015\/11\/jazzfest2015_pepa_tippett002.jpg?resize=1050%2C600 3x, https:\/\/i0.wp.com\/www.jazzzeitung.de\/cms\/wp-content\/uploads\/2015\/11\/jazzfest2015_pepa_tippett002.jpg?resize=1400%2C800 4x"},"classes":[]}],"jetpack_sharing_enabled":true,"_links":{"self":[{"href":"https:\/\/www.jazzzeitung.de\/cms\/wp-json\/wp\/v2\/posts\/10770","targetHints":{"allow":["GET"]}}],"collection":[{"href":"https:\/\/www.jazzzeitung.de\/cms\/wp-json\/wp\/v2\/posts"}],"about":[{"href":"https:\/\/www.jazzzeitung.de\/cms\/wp-json\/wp\/v2\/types\/post"}],"author":[{"embeddable":true,"href":"https:\/\/www.jazzzeitung.de\/cms\/wp-json\/wp\/v2\/users\/2"}],"replies":[{"embeddable":true,"href":"https:\/\/www.jazzzeitung.de\/cms\/wp-json\/wp\/v2\/comments?post=10770"}],"version-history":[{"count":3,"href":"https:\/\/www.jazzzeitung.de\/cms\/wp-json\/wp\/v2\/posts\/10770\/revisions"}],"predecessor-version":[{"id":10773,"href":"https:\/\/www.jazzzeitung.de\/cms\/wp-json\/wp\/v2\/posts\/10770\/revisions\/10773"}],"wp:featuredmedia":[{"embeddable":true,"href":"https:\/\/www.jazzzeitung.de\/cms\/wp-json\/wp\/v2\/media\/2861"}],"wp:attachment":[{"href":"https:\/\/www.jazzzeitung.de\/cms\/wp-json\/wp\/v2\/media?parent=10770"}],"wp:term":[{"taxonomy":"category","embeddable":true,"href":"https:\/\/www.jazzzeitung.de\/cms\/wp-json\/wp\/v2\/categories?post=10770"},{"taxonomy":"post_tag","embeddable":true,"href":"https:\/\/www.jazzzeitung.de\/cms\/wp-json\/wp\/v2\/tags?post=10770"},{"taxonomy":"author","embeddable":true,"href":"https:\/\/www.jazzzeitung.de\/cms\/wp-json\/wp\/v2\/coauthors?post=10770"}],"curies":[{"name":"wp","href":"https:\/\/api.w.org\/{rel}","templated":true}]}}