{"id":10718,"date":"2016-11-04T13:28:19","date_gmt":"2016-11-04T12:28:19","guid":{"rendered":"http:\/\/www.jazzzeitung.de\/cms\/?p=10718"},"modified":"2016-11-06T10:55:50","modified_gmt":"2016-11-06T09:55:50","slug":"jazzfest-berlin-1-man-kann-nicht-jazz-auch-julia-huelsmann-mette-henriette-und-wadada-leo-smith","status":"publish","type":"post","link":"https:\/\/www.jazzzeitung.de\/cms\/2016\/11\/jazzfest-berlin-1-man-kann-nicht-jazz-auch-julia-huelsmann-mette-henriette-und-wadada-leo-smith\/","title":{"rendered":"Jazzfest Berlin 2016 (1) \u201eMan kann nicht Jazz auch\u201c \u2013 Julia H\u00fclsmann, Mette Henriette und Wadada Leo Smith"},"content":{"rendered":"<p>Das Jazzfest in seiner erweiterten Form ist zwar schon am Dienstag gestartet, aber erst am Donnerstag legte es auch im Haus der Berliner Festspiele los. Mit wechselndem Ergebnis. Aber zun\u00e4chst ist zu erw\u00e4hnen, dass die diesj\u00e4hrige Ausgabe von der Kulturstaatsministerin Monika Gr\u00fctters er\u00f6ffnet wurde. Sie unterlie\u00df es dieses Mal auch nicht, die hervorragende Arbeit ihres Ministeriums umf\u00e4nglich zu erw\u00e4hnen. Aber sie zitierte und interpretierte auch einen Satz des langj\u00e4hrigen Leiters des Jazzfests George Gruntz: \u201eMan kann nicht Jazz auch.\u201c Kann man nicht. Richtig. Was man heute k\u00fcnstlerisch kann, daf\u00fcr stand der erste Abend exemplarisch. Drei Spielkulturen in drei Acts.<\/p>\n<h2><strong>Komprovisationen<br \/>\nJulia H\u00fclsmann Quartett &amp; Anna-Lena Schnabel<\/strong><\/h2>\n<p>Zum Julia H\u00fclsmann Quartett muss man nicht viel sagen. Es ist ein eingespieltes Ensemble, bei dem sich die Musikerinnen alle bestens verstehen \u2013 vor allem die engere rhythm section aus Marc Muellbauer (b) und Heinrich K\u00f6bberling (dm). Julia H\u00fclsmann am Klavier bleibt dezent und wenn sie zum solo ansetzt, ist sie immer \u00fcberaus pr\u00e4zise ohne All\u00fcren, feinsinnig sowieso. F\u00fcr das Jazzfest Berlin trat die Saxophonistin Anna-Lena Schnabel hinzu. Eine wunderbare Musikerin, die an ihrem Altsaxophon alles kann.<\/p>\n<div class=\"tiled-gallery type-rectangular tiled-gallery-unresized\" data-original-width=\"840\" data-carousel-extra='{&quot;blog_id&quot;:1,&quot;permalink&quot;:&quot;https:\\\/\\\/www.jazzzeitung.de\\\/cms\\\/2016\\\/11\\\/jazzfest-berlin-1-man-kann-nicht-jazz-auch-julia-huelsmann-mette-henriette-und-wadada-leo-smith\\\/&quot;,&quot;likes_blog_id&quot;:55446655}' itemscope itemtype=\"http:\/\/schema.org\/ImageGallery\" > <div class=\"gallery-row\" style=\"width: 840px; height: 694px;\" data-original-width=\"840\" data-original-height=\"694\" > <div class=\"gallery-group images-1\" style=\"width: 521px; height: 694px;\" data-original-width=\"521\" data-original-height=\"694\" > <div class=\"tiled-gallery-item tiled-gallery-item-large\" itemprop=\"associatedMedia\" itemscope itemtype=\"http:\/\/schema.org\/ImageObject\"> <a href=\"https:\/\/i0.wp.com\/www.jazzzeitung.de\/cms\/wp-content\/uploads\/2016\/11\/2016_jazzfest_berlin_tag1_c_hufner-030017.jpg?ssl=1\" border=\"0\" itemprop=\"url\"> <meta itemprop=\"width\" content=\"517\"> <meta itemprop=\"height\" content=\"690\"> <img decoding=\"async\" class=\"\" data-attachment-id=\"10722\" data-orig-file=\"https:\/\/www.jazzzeitung.de\/cms\/wp-content\/uploads\/2016\/11\/2016_jazzfest_berlin_tag1_c_hufner-030017.jpg\" data-orig-size=\"900,1200\" data-comments-opened=\"1\" data-image-meta=\"{&quot;aperture&quot;:&quot;1.8&quot;,&quot;credit&quot;:&quot;Dr. Martin Hufner&quot;,&quot;camera&quot;:&quot;E-M5MarkII&quot;,&quot;caption&quot;:&quot;Monika Gr\\u00fctters er\\u00f6ffnet das Jazzfest 2016. Foto: Hufner&quot;,&quot;created_timestamp&quot;:&quot;1478200362&quot;,&quot;copyright&quot;:&quot;Martin Hufner&quot;,&quot;focal_length&quot;:&quot;75&quot;,&quot;iso&quot;:&quot;400&quot;,&quot;shutter_speed&quot;:&quot;0.025&quot;,&quot;title&quot;:&quot;Monika Gr\\u00fctters er\\u00f6ffnet das Jazzfest 2016. Foto: Hufner&quot;,&quot;orientation&quot;:&quot;1&quot;}\" data-image-title=\"Monika Gr\u00fctters er\u00f6ffnet das Jazzfest 2016. Foto: Hufner\" data-image-description=\"&lt;p&gt;Monika Gr\u00fctters er\u00f6ffnet das Jazzfest 2016. Foto: Hufner&lt;\/p&gt; \" data-medium-file=\"https:\/\/i0.wp.com\/www.jazzzeitung.de\/cms\/wp-content\/uploads\/2016\/11\/2016_jazzfest_berlin_tag1_c_hufner-030017.jpg?fit=225%2C300&#038;ssl=1\" data-large-file=\"https:\/\/i0.wp.com\/www.jazzzeitung.de\/cms\/wp-content\/uploads\/2016\/11\/2016_jazzfest_berlin_tag1_c_hufner-030017.jpg?fit=450%2C600&#038;ssl=1\" src=\"https:\/\/i0.wp.com\/www.jazzzeitung.de\/cms\/wp-content\/uploads\/2016\/11\/2016_jazzfest_berlin_tag1_c_hufner-030017.jpg?w=517&#038;h=690&#038;ssl=1\" srcset=\"https:\/\/i0.wp.com\/www.jazzzeitung.de\/cms\/wp-content\/uploads\/2016\/11\/2016_jazzfest_berlin_tag1_c_hufner-030017.jpg?w=900&amp;ssl=1 900w, https:\/\/i0.wp.com\/www.jazzzeitung.de\/cms\/wp-content\/uploads\/2016\/11\/2016_jazzfest_berlin_tag1_c_hufner-030017.jpg?resize=225%2C300&amp;ssl=1 225w, https:\/\/i0.wp.com\/www.jazzzeitung.de\/cms\/wp-content\/uploads\/2016\/11\/2016_jazzfest_berlin_tag1_c_hufner-030017.jpg?resize=768%2C1024&amp;ssl=1 768w, https:\/\/i0.wp.com\/www.jazzzeitung.de\/cms\/wp-content\/uploads\/2016\/11\/2016_jazzfest_berlin_tag1_c_hufner-030017.jpg?resize=450%2C600&amp;ssl=1 450w\" width=\"517\" height=\"690\" loading=\"lazy\" data-original-width=\"517\" data-original-height=\"690\" itemprop=\"http:\/\/schema.org\/image\" title=\"Monika Gr\u00fctters er\u00f6ffnet das Jazzfest 2016. Foto: Hufner\" alt=\"Monika Gr\u00fctters er\u00f6ffnet das Jazzfest 2016. Foto: Hufner\" style=\"width: 517px; height: 690px;\" \/> <\/a> <div class=\"tiled-gallery-caption\" itemprop=\"caption description\"> Monika Gr\u00fctters er\u00f6ffnet das Jazzfest 2016. Foto: Hufner <\/div> <\/div> <\/div> <!-- close group --> <div class=\"gallery-group images-3\" style=\"width: 319px; height: 694px;\" data-original-width=\"319\" data-original-height=\"694\" > <div class=\"tiled-gallery-item tiled-gallery-item-large\" itemprop=\"associatedMedia\" itemscope itemtype=\"http:\/\/schema.org\/ImageObject\"> <a href=\"https:\/\/i0.wp.com\/www.jazzzeitung.de\/cms\/wp-content\/uploads\/2016\/11\/jazzfest_2016_Mette_Henriette0001t2016.jpg?ssl=1\" border=\"0\" itemprop=\"url\"> <meta itemprop=\"width\" content=\"315\"> <meta itemprop=\"height\" content=\"210\"> <img decoding=\"async\" class=\"\" data-attachment-id=\"10728\" data-orig-file=\"https:\/\/www.jazzzeitung.de\/cms\/wp-content\/uploads\/2016\/11\/jazzfest_2016_Mette_Henriette0001t2016.jpg\" data-orig-size=\"1798,1200\" data-comments-opened=\"1\" data-image-meta=\"{&quot;aperture&quot;:&quot;3.2&quot;,&quot;credit&quot;:&quot;Petra_Basche&quot;,&quot;camera&quot;:&quot;NIKON D800&quot;,&quot;caption&quot;:&quot;Richard Williams. Foto: Petra Basche&quot;,&quot;created_timestamp&quot;:&quot;1478207412&quot;,&quot;copyright&quot;:&quot;HuPe-Kollektiv&quot;,&quot;focal_length&quot;:&quot;20&quot;,&quot;iso&quot;:&quot;4000&quot;,&quot;shutter_speed&quot;:&quot;0.00625&quot;,&quot;title&quot;:&quot;Richard Williams. Foto: Petra Basche&quot;,&quot;orientation&quot;:&quot;1&quot;}\" data-image-title=\"Richard Williams. Foto: Petra Basche\" data-image-description=\"&lt;p&gt;Richard Williams. Foto: Petra Basche&lt;\/p&gt; \" data-medium-file=\"https:\/\/i0.wp.com\/www.jazzzeitung.de\/cms\/wp-content\/uploads\/2016\/11\/jazzfest_2016_Mette_Henriette0001t2016.jpg?fit=300%2C200&#038;ssl=1\" data-large-file=\"https:\/\/i0.wp.com\/www.jazzzeitung.de\/cms\/wp-content\/uploads\/2016\/11\/jazzfest_2016_Mette_Henriette0001t2016.jpg?fit=840%2C560&#038;ssl=1\" src=\"https:\/\/i0.wp.com\/www.jazzzeitung.de\/cms\/wp-content\/uploads\/2016\/11\/jazzfest_2016_Mette_Henriette0001t2016.jpg?w=315&#038;h=210&#038;ssl=1\" srcset=\"https:\/\/i0.wp.com\/www.jazzzeitung.de\/cms\/wp-content\/uploads\/2016\/11\/jazzfest_2016_Mette_Henriette0001t2016.jpg?w=1798&amp;ssl=1 1798w, https:\/\/i0.wp.com\/www.jazzzeitung.de\/cms\/wp-content\/uploads\/2016\/11\/jazzfest_2016_Mette_Henriette0001t2016.jpg?resize=300%2C200&amp;ssl=1 300w, https:\/\/i0.wp.com\/www.jazzzeitung.de\/cms\/wp-content\/uploads\/2016\/11\/jazzfest_2016_Mette_Henriette0001t2016.jpg?resize=768%2C513&amp;ssl=1 768w, https:\/\/i0.wp.com\/www.jazzzeitung.de\/cms\/wp-content\/uploads\/2016\/11\/jazzfest_2016_Mette_Henriette0001t2016.jpg?resize=900%2C600&amp;ssl=1 900w, https:\/\/i0.wp.com\/www.jazzzeitung.de\/cms\/wp-content\/uploads\/2016\/11\/jazzfest_2016_Mette_Henriette0001t2016.jpg?w=1680&amp;ssl=1 1680w\" width=\"315\" height=\"210\" loading=\"lazy\" data-original-width=\"315\" data-original-height=\"210\" itemprop=\"http:\/\/schema.org\/image\" title=\"Richard Williams. Foto: Petra Basche\" alt=\"Richard Williams. Foto: Petra Basche\" style=\"width: 315px; height: 210px;\" \/> <\/a> <div class=\"tiled-gallery-caption\" itemprop=\"caption description\"> Richard Williams. Foto: Petra Basche <\/div> <\/div> <div class=\"tiled-gallery-item tiled-gallery-item-large\" itemprop=\"associatedMedia\" itemscope itemtype=\"http:\/\/schema.org\/ImageObject\"> <a href=\"https:\/\/i0.wp.com\/www.jazzzeitung.de\/cms\/wp-content\/uploads\/2016\/11\/2016_jazzfest_berlin_tag1_c_hufner-030035.jpg?ssl=1\" border=\"0\" itemprop=\"url\"> <meta itemprop=\"width\" content=\"315\"> <meta itemprop=\"height\" content=\"236\"> <img decoding=\"async\" class=\"\" data-attachment-id=\"10727\" data-orig-file=\"https:\/\/www.jazzzeitung.de\/cms\/wp-content\/uploads\/2016\/11\/2016_jazzfest_berlin_tag1_c_hufner-030035.jpg\" data-orig-size=\"1600,1200\" data-comments-opened=\"1\" data-image-meta=\"{&quot;aperture&quot;:&quot;2.8&quot;,&quot;credit&quot;:&quot;Dr. Martin Hufner&quot;,&quot;camera&quot;:&quot;E-M5MarkII&quot;,&quot;caption&quot;:&quot;Das Julia H\\u00fclsmann Quartett. Foto: Hufner&quot;,&quot;created_timestamp&quot;:&quot;1478201287&quot;,&quot;copyright&quot;:&quot;Martin Hufner&quot;,&quot;focal_length&quot;:&quot;21&quot;,&quot;iso&quot;:&quot;400&quot;,&quot;shutter_speed&quot;:&quot;0.016666666666667&quot;,&quot;title&quot;:&quot;Das Julia H\\u00fclsmann Quartett. Foto: Hufner&quot;,&quot;orientation&quot;:&quot;1&quot;}\" data-image-title=\"Das Julia H\u00fclsmann Quartett und Anna-Lena Schnabel. Foto: Hufner\" data-image-description=\"&lt;p&gt;Das Julia H\u00fclsmann Quartett und Anna-Lena Schnabel. Foto: Hufner&lt;\/p&gt; \" data-medium-file=\"https:\/\/i0.wp.com\/www.jazzzeitung.de\/cms\/wp-content\/uploads\/2016\/11\/2016_jazzfest_berlin_tag1_c_hufner-030035.jpg?fit=300%2C225&#038;ssl=1\" data-large-file=\"https:\/\/i0.wp.com\/www.jazzzeitung.de\/cms\/wp-content\/uploads\/2016\/11\/2016_jazzfest_berlin_tag1_c_hufner-030035.jpg?fit=800%2C600&#038;ssl=1\" src=\"https:\/\/i0.wp.com\/www.jazzzeitung.de\/cms\/wp-content\/uploads\/2016\/11\/2016_jazzfest_berlin_tag1_c_hufner-030035.jpg?w=315&#038;h=236&#038;ssl=1\" srcset=\"https:\/\/i0.wp.com\/www.jazzzeitung.de\/cms\/wp-content\/uploads\/2016\/11\/2016_jazzfest_berlin_tag1_c_hufner-030035.jpg?w=1600&amp;ssl=1 1600w, https:\/\/i0.wp.com\/www.jazzzeitung.de\/cms\/wp-content\/uploads\/2016\/11\/2016_jazzfest_berlin_tag1_c_hufner-030035.jpg?resize=300%2C225&amp;ssl=1 300w, https:\/\/i0.wp.com\/www.jazzzeitung.de\/cms\/wp-content\/uploads\/2016\/11\/2016_jazzfest_berlin_tag1_c_hufner-030035.jpg?resize=768%2C576&amp;ssl=1 768w, https:\/\/i0.wp.com\/www.jazzzeitung.de\/cms\/wp-content\/uploads\/2016\/11\/2016_jazzfest_berlin_tag1_c_hufner-030035.jpg?resize=800%2C600&amp;ssl=1 800w\" width=\"315\" height=\"236\" loading=\"lazy\" data-original-width=\"315\" data-original-height=\"236\" itemprop=\"http:\/\/schema.org\/image\" title=\"Das Julia H\u00fclsmann Quartett und Anna-Lena Schnabel. Foto: Hufner\" alt=\"Das Julia H\u00fclsmann Quartett und Anna-Lena Schnabel. Foto: Hufner\" style=\"width: 315px; height: 236px;\" \/> <\/a> <div class=\"tiled-gallery-caption\" itemprop=\"caption description\"> Das Julia H\u00fclsmann Quartett und Anna-Lena Schnabel. Foto: Hufner <\/div> <\/div> <div class=\"tiled-gallery-item tiled-gallery-item-large\" itemprop=\"associatedMedia\" itemscope itemtype=\"http:\/\/schema.org\/ImageObject\"> <a href=\"https:\/\/i0.wp.com\/www.jazzzeitung.de\/cms\/wp-content\/uploads\/2016\/11\/2016_jazzfest_berlin_tag1_c_hufner-030018.jpg?ssl=1\" border=\"0\" itemprop=\"url\"> <meta itemprop=\"width\" content=\"315\"> <meta itemprop=\"height\" content=\"236\"> <img decoding=\"async\" class=\"\" data-attachment-id=\"10723\" data-orig-file=\"https:\/\/www.jazzzeitung.de\/cms\/wp-content\/uploads\/2016\/11\/2016_jazzfest_berlin_tag1_c_hufner-030018.jpg\" data-orig-size=\"1600,1200\" data-comments-opened=\"1\" data-image-meta=\"{&quot;aperture&quot;:&quot;1.8&quot;,&quot;credit&quot;:&quot;Dr. Martin Hufner&quot;,&quot;camera&quot;:&quot;E-M5MarkII&quot;,&quot;caption&quot;:&quot;Julia H\\u00fclsmann. Foto: Hufner&quot;,&quot;created_timestamp&quot;:&quot;1478200851&quot;,&quot;copyright&quot;:&quot;Martin Hufner&quot;,&quot;focal_length&quot;:&quot;75&quot;,&quot;iso&quot;:&quot;400&quot;,&quot;shutter_speed&quot;:&quot;0.0125&quot;,&quot;title&quot;:&quot;Julia H\\u00fclsmann. Foto: Hufner&quot;,&quot;orientation&quot;:&quot;1&quot;}\" data-image-title=\"Julia H\u00fclsmann. Foto: Hufner\" data-image-description=\"&lt;p&gt;Julia H\u00fclsmann. Foto: Hufner&lt;\/p&gt; \" data-medium-file=\"https:\/\/i0.wp.com\/www.jazzzeitung.de\/cms\/wp-content\/uploads\/2016\/11\/2016_jazzfest_berlin_tag1_c_hufner-030018.jpg?fit=300%2C225&#038;ssl=1\" data-large-file=\"https:\/\/i0.wp.com\/www.jazzzeitung.de\/cms\/wp-content\/uploads\/2016\/11\/2016_jazzfest_berlin_tag1_c_hufner-030018.jpg?fit=800%2C600&#038;ssl=1\" src=\"https:\/\/i0.wp.com\/www.jazzzeitung.de\/cms\/wp-content\/uploads\/2016\/11\/2016_jazzfest_berlin_tag1_c_hufner-030018.jpg?w=315&#038;h=236&#038;ssl=1\" srcset=\"https:\/\/i0.wp.com\/www.jazzzeitung.de\/cms\/wp-content\/uploads\/2016\/11\/2016_jazzfest_berlin_tag1_c_hufner-030018.jpg?w=1600&amp;ssl=1 1600w, https:\/\/i0.wp.com\/www.jazzzeitung.de\/cms\/wp-content\/uploads\/2016\/11\/2016_jazzfest_berlin_tag1_c_hufner-030018.jpg?resize=300%2C225&amp;ssl=1 300w, https:\/\/i0.wp.com\/www.jazzzeitung.de\/cms\/wp-content\/uploads\/2016\/11\/2016_jazzfest_berlin_tag1_c_hufner-030018.jpg?resize=768%2C576&amp;ssl=1 768w, https:\/\/i0.wp.com\/www.jazzzeitung.de\/cms\/wp-content\/uploads\/2016\/11\/2016_jazzfest_berlin_tag1_c_hufner-030018.jpg?resize=800%2C600&amp;ssl=1 800w\" width=\"315\" height=\"236\" loading=\"lazy\" data-original-width=\"315\" data-original-height=\"236\" itemprop=\"http:\/\/schema.org\/image\" title=\"Julia H\u00fclsmann. Foto: Hufner\" alt=\"Julia H\u00fclsmann. Foto: Hufner\" style=\"width: 315px; height: 236px;\" \/> <\/a> <div class=\"tiled-gallery-caption\" itemprop=\"caption description\"> Julia H\u00fclsmann. Foto: Hufner <\/div> <\/div> <\/div> <!-- close group --> <\/div> <!-- close row --> <div class=\"gallery-row\" style=\"width: 840px; height: 421px;\" data-original-width=\"840\" data-original-height=\"421\" > <div class=\"gallery-group images-1\" style=\"width: 560px; height: 421px;\" data-original-width=\"560\" data-original-height=\"421\" > <div class=\"tiled-gallery-item tiled-gallery-item-large\" itemprop=\"associatedMedia\" itemscope itemtype=\"http:\/\/schema.org\/ImageObject\"> <a href=\"https:\/\/i0.wp.com\/www.jazzzeitung.de\/cms\/wp-content\/uploads\/2016\/11\/2016_jazzfest_berlin_tag1_c_hufner-030021.jpg?ssl=1\" border=\"0\" itemprop=\"url\"> <meta itemprop=\"width\" content=\"556\"> <meta itemprop=\"height\" content=\"417\"> <img decoding=\"async\" class=\"\" data-attachment-id=\"10724\" data-orig-file=\"https:\/\/www.jazzzeitung.de\/cms\/wp-content\/uploads\/2016\/11\/2016_jazzfest_berlin_tag1_c_hufner-030021.jpg\" data-orig-size=\"1600,1200\" data-comments-opened=\"1\" data-image-meta=\"{&quot;aperture&quot;:&quot;1.8&quot;,&quot;credit&quot;:&quot;Dr. Martin Hufner&quot;,&quot;camera&quot;:&quot;E-M5MarkII&quot;,&quot;caption&quot;:&quot;Anna-Lena Schnabel.Foto: Hufner&quot;,&quot;created_timestamp&quot;:&quot;1478200905&quot;,&quot;copyright&quot;:&quot;Martin Hufner&quot;,&quot;focal_length&quot;:&quot;75&quot;,&quot;iso&quot;:&quot;400&quot;,&quot;shutter_speed&quot;:&quot;0.0125&quot;,&quot;title&quot;:&quot;Anna-Lena Schnabel.Foto: Hufner&quot;,&quot;orientation&quot;:&quot;1&quot;}\" data-image-title=\"Anna-Lena Schnabel.Foto: Hufner\" data-image-description=\"&lt;p&gt;Anna-Lena Schnabel.Foto: Hufner&lt;\/p&gt; \" data-medium-file=\"https:\/\/i0.wp.com\/www.jazzzeitung.de\/cms\/wp-content\/uploads\/2016\/11\/2016_jazzfest_berlin_tag1_c_hufner-030021.jpg?fit=300%2C225&#038;ssl=1\" data-large-file=\"https:\/\/i0.wp.com\/www.jazzzeitung.de\/cms\/wp-content\/uploads\/2016\/11\/2016_jazzfest_berlin_tag1_c_hufner-030021.jpg?fit=800%2C600&#038;ssl=1\" src=\"https:\/\/i0.wp.com\/www.jazzzeitung.de\/cms\/wp-content\/uploads\/2016\/11\/2016_jazzfest_berlin_tag1_c_hufner-030021.jpg?w=556&#038;h=417&#038;ssl=1\" srcset=\"https:\/\/i0.wp.com\/www.jazzzeitung.de\/cms\/wp-content\/uploads\/2016\/11\/2016_jazzfest_berlin_tag1_c_hufner-030021.jpg?w=1600&amp;ssl=1 1600w, https:\/\/i0.wp.com\/www.jazzzeitung.de\/cms\/wp-content\/uploads\/2016\/11\/2016_jazzfest_berlin_tag1_c_hufner-030021.jpg?resize=300%2C225&amp;ssl=1 300w, https:\/\/i0.wp.com\/www.jazzzeitung.de\/cms\/wp-content\/uploads\/2016\/11\/2016_jazzfest_berlin_tag1_c_hufner-030021.jpg?resize=768%2C576&amp;ssl=1 768w, https:\/\/i0.wp.com\/www.jazzzeitung.de\/cms\/wp-content\/uploads\/2016\/11\/2016_jazzfest_berlin_tag1_c_hufner-030021.jpg?resize=800%2C600&amp;ssl=1 800w\" width=\"556\" height=\"417\" loading=\"lazy\" data-original-width=\"556\" data-original-height=\"417\" itemprop=\"http:\/\/schema.org\/image\" title=\"Anna-Lena Schnabel.Foto: Hufner\" alt=\"Anna-Lena Schnabel.Foto: Hufner\" style=\"width: 556px; height: 417px;\" \/> <\/a> <div class=\"tiled-gallery-caption\" itemprop=\"caption description\"> Anna-Lena Schnabel.Foto: Hufner <\/div> <\/div> <\/div> <!-- close group --> <div class=\"gallery-group images-2\" style=\"width: 280px; height: 421px;\" data-original-width=\"280\" data-original-height=\"421\" > <div class=\"tiled-gallery-item tiled-gallery-item-large\" itemprop=\"associatedMedia\" itemscope itemtype=\"http:\/\/schema.org\/ImageObject\"> <a href=\"https:\/\/i0.wp.com\/www.jazzzeitung.de\/cms\/wp-content\/uploads\/2016\/11\/2016_jazzfest_berlin_tag1_c_hufner-030031.jpg?ssl=1\" border=\"0\" itemprop=\"url\"> <meta itemprop=\"width\" content=\"276\"> <meta itemprop=\"height\" content=\"207\"> <img decoding=\"async\" class=\"\" data-attachment-id=\"10725\" data-orig-file=\"https:\/\/www.jazzzeitung.de\/cms\/wp-content\/uploads\/2016\/11\/2016_jazzfest_berlin_tag1_c_hufner-030031.jpg\" data-orig-size=\"1600,1200\" data-comments-opened=\"1\" data-image-meta=\"{&quot;aperture&quot;:&quot;1.8&quot;,&quot;credit&quot;:&quot;Dr. Martin Hufner&quot;,&quot;camera&quot;:&quot;E-M5MarkII&quot;,&quot;caption&quot;:&quot;Tom Arthurs trumpet, flugelhorn. Foto: Hufner&quot;,&quot;created_timestamp&quot;:&quot;1478201148&quot;,&quot;copyright&quot;:&quot;Martin Hufner&quot;,&quot;focal_length&quot;:&quot;75&quot;,&quot;iso&quot;:&quot;400&quot;,&quot;shutter_speed&quot;:&quot;0.016666666666667&quot;,&quot;title&quot;:&quot;Tom Arthurs trumpet, flugelhorn. Foto: Hufner&quot;,&quot;orientation&quot;:&quot;1&quot;}\" data-image-title=\"Tom Arthurs trumpet, flugelhorn. Foto: Hufner\" data-image-description=\"&lt;p&gt;Tom Arthurs trumpet, flugelhorn. Foto: Hufner&lt;\/p&gt; \" data-medium-file=\"https:\/\/i0.wp.com\/www.jazzzeitung.de\/cms\/wp-content\/uploads\/2016\/11\/2016_jazzfest_berlin_tag1_c_hufner-030031.jpg?fit=300%2C225&#038;ssl=1\" data-large-file=\"https:\/\/i0.wp.com\/www.jazzzeitung.de\/cms\/wp-content\/uploads\/2016\/11\/2016_jazzfest_berlin_tag1_c_hufner-030031.jpg?fit=800%2C600&#038;ssl=1\" src=\"https:\/\/i0.wp.com\/www.jazzzeitung.de\/cms\/wp-content\/uploads\/2016\/11\/2016_jazzfest_berlin_tag1_c_hufner-030031.jpg?w=276&#038;h=207&#038;ssl=1\" srcset=\"https:\/\/i0.wp.com\/www.jazzzeitung.de\/cms\/wp-content\/uploads\/2016\/11\/2016_jazzfest_berlin_tag1_c_hufner-030031.jpg?w=1600&amp;ssl=1 1600w, https:\/\/i0.wp.com\/www.jazzzeitung.de\/cms\/wp-content\/uploads\/2016\/11\/2016_jazzfest_berlin_tag1_c_hufner-030031.jpg?resize=300%2C225&amp;ssl=1 300w, https:\/\/i0.wp.com\/www.jazzzeitung.de\/cms\/wp-content\/uploads\/2016\/11\/2016_jazzfest_berlin_tag1_c_hufner-030031.jpg?resize=768%2C576&amp;ssl=1 768w, https:\/\/i0.wp.com\/www.jazzzeitung.de\/cms\/wp-content\/uploads\/2016\/11\/2016_jazzfest_berlin_tag1_c_hufner-030031.jpg?resize=800%2C600&amp;ssl=1 800w\" width=\"276\" height=\"207\" loading=\"lazy\" data-original-width=\"276\" data-original-height=\"207\" itemprop=\"http:\/\/schema.org\/image\" title=\"Tom Arthurs trumpet, flugelhorn. Foto: Hufner\" alt=\"Tom Arthurs trumpet, flugelhorn. Foto: Hufner\" style=\"width: 276px; height: 207px;\" \/> <\/a> <div class=\"tiled-gallery-caption\" itemprop=\"caption description\"> Tom Arthurs trumpet, flugelhorn. Foto: Hufner <\/div> <\/div> <div class=\"tiled-gallery-item tiled-gallery-item-large\" itemprop=\"associatedMedia\" itemscope itemtype=\"http:\/\/schema.org\/ImageObject\"> <a href=\"https:\/\/i0.wp.com\/www.jazzzeitung.de\/cms\/wp-content\/uploads\/2016\/11\/2016_jazzfest_berlin_tag1_c_hufner-030032.jpg?ssl=1\" border=\"0\" itemprop=\"url\"> <meta itemprop=\"width\" content=\"276\"> <meta itemprop=\"height\" content=\"206\"> <img decoding=\"async\" class=\"\" data-attachment-id=\"10726\" data-orig-file=\"https:\/\/www.jazzzeitung.de\/cms\/wp-content\/uploads\/2016\/11\/2016_jazzfest_berlin_tag1_c_hufner-030032.jpg\" data-orig-size=\"1600,1200\" data-comments-opened=\"1\" data-image-meta=\"{&quot;aperture&quot;:&quot;1.8&quot;,&quot;credit&quot;:&quot;Dr. Martin Hufner&quot;,&quot;camera&quot;:&quot;E-M5MarkII&quot;,&quot;caption&quot;:&quot;Koebberling, Muehlbauer und Schnabel. Foto: Hufner&quot;,&quot;created_timestamp&quot;:&quot;1478201172&quot;,&quot;copyright&quot;:&quot;Martin Hufner&quot;,&quot;focal_length&quot;:&quot;75&quot;,&quot;iso&quot;:&quot;400&quot;,&quot;shutter_speed&quot;:&quot;0.0125&quot;,&quot;title&quot;:&quot;Koebberling, Muehlbauer und Schnabel. Foto: Hufner&quot;,&quot;orientation&quot;:&quot;1&quot;}\" data-image-title=\"Koebberling, Muehlbauer und Schnabel. Foto: Hufner\" data-image-description=\"&lt;p&gt;Koebberling, Muehlbauer und Schnabel. Foto: Hufner&lt;\/p&gt; \" data-medium-file=\"https:\/\/i0.wp.com\/www.jazzzeitung.de\/cms\/wp-content\/uploads\/2016\/11\/2016_jazzfest_berlin_tag1_c_hufner-030032.jpg?fit=300%2C225&#038;ssl=1\" data-large-file=\"https:\/\/i0.wp.com\/www.jazzzeitung.de\/cms\/wp-content\/uploads\/2016\/11\/2016_jazzfest_berlin_tag1_c_hufner-030032.jpg?fit=800%2C600&#038;ssl=1\" src=\"https:\/\/i0.wp.com\/www.jazzzeitung.de\/cms\/wp-content\/uploads\/2016\/11\/2016_jazzfest_berlin_tag1_c_hufner-030032.jpg?w=276&#038;h=206&#038;ssl=1\" srcset=\"https:\/\/i0.wp.com\/www.jazzzeitung.de\/cms\/wp-content\/uploads\/2016\/11\/2016_jazzfest_berlin_tag1_c_hufner-030032.jpg?w=1600&amp;ssl=1 1600w, https:\/\/i0.wp.com\/www.jazzzeitung.de\/cms\/wp-content\/uploads\/2016\/11\/2016_jazzfest_berlin_tag1_c_hufner-030032.jpg?resize=300%2C225&amp;ssl=1 300w, https:\/\/i0.wp.com\/www.jazzzeitung.de\/cms\/wp-content\/uploads\/2016\/11\/2016_jazzfest_berlin_tag1_c_hufner-030032.jpg?resize=768%2C576&amp;ssl=1 768w, https:\/\/i0.wp.com\/www.jazzzeitung.de\/cms\/wp-content\/uploads\/2016\/11\/2016_jazzfest_berlin_tag1_c_hufner-030032.jpg?resize=800%2C600&amp;ssl=1 800w\" width=\"276\" height=\"206\" loading=\"lazy\" data-original-width=\"276\" data-original-height=\"206\" itemprop=\"http:\/\/schema.org\/image\" title=\"Koebberling, Muehlbauer und Schnabel. Foto: Hufner\" alt=\"Koebberling, Muehlbauer und Schnabel. Foto: Hufner\" style=\"width: 276px; height: 206px;\" \/> <\/a> <div class=\"tiled-gallery-caption\" itemprop=\"caption description\"> Koebberling, Muehlbauer und Schnabel. Foto: Hufner <\/div> <\/div> <\/div> <!-- close group --> <\/div> <!-- close row --> <\/div>\n<p>F\u00fcnf Musikerinnen mit f\u00fcnf Kompositionen. Fein ausgedachte St\u00fccke, niemand spielt sich in den Vordergrund, alles sitzt. Manchmal klappert es minimal zwischen den Bl\u00e4serinnen. Gleichwohl schien Anna-Lena Schnabel (as) in diesem Kontext ein bisschen unterfordert \u2013 au\u00dfer bei ihrer eigenen Komposition \u201eBurnout\u201c, einer irrwitzig schnellen Nummer. Wunderbar ihre Einw\u00fcrfe mit Tom Arthurs (tp) beim Schlagzeug-Solo. Ein Genu\u00df, alles in allem, wenn man den verschiedenen, sich gerne auch druchkreuzenden musikalischen Ideen folgen mochte und dabei mit wachem Kopf dabei war.<\/p>\n<h2><strong>Perfomanfirlefanz<br \/>\nMette Henriette<\/strong><\/h2>\n<p>Die Tenorsaxofonistin Mette Henriette kann ihrem Instrument alles. Und doch ist das zu wenig. Um sich scharte sie ein Ensemble von weiteren 10 Personen (inklusive Streichquartett, Bandoneon plus die \u00fcblichen Verd\u00e4chtigen). Das mit dem sich-mit-Musikerinnen-umgeben darf man w\u00f6rtlich nehmen. Es ist eine mettezentristische Nummer von einer Stunde Dauer mit Lichregie und fallendem Vorhang. Performance schlie\u00dft bei ihr das Gesamtbild ein, so weit, so gut. Dennoch bleiben ihre kompositorischen Ambitionen weit hinter dem B\u00fchnenaufwand zur\u00fcck.<\/p>\n<div class=\"tiled-gallery type-rectangular tiled-gallery-unresized\" data-original-width=\"840\" data-carousel-extra='{&quot;blog_id&quot;:1,&quot;permalink&quot;:&quot;https:\\\/\\\/www.jazzzeitung.de\\\/cms\\\/2016\\\/11\\\/jazzfest-berlin-1-man-kann-nicht-jazz-auch-julia-huelsmann-mette-henriette-und-wadada-leo-smith\\\/&quot;,&quot;likes_blog_id&quot;:55446655}' itemscope itemtype=\"http:\/\/schema.org\/ImageGallery\" > <div class=\"gallery-row\" style=\"width: 840px; height: 388px;\" data-original-width=\"840\" data-original-height=\"388\" > <div class=\"gallery-group images-1\" style=\"width: 580px; height: 388px;\" data-original-width=\"580\" data-original-height=\"388\" > <div class=\"tiled-gallery-item tiled-gallery-item-large\" itemprop=\"associatedMedia\" itemscope itemtype=\"http:\/\/schema.org\/ImageObject\"> <a href=\"https:\/\/i0.wp.com\/www.jazzzeitung.de\/cms\/wp-content\/uploads\/2016\/11\/jazzfest_2016_Mette_Henriette0024t2016.jpg?ssl=1\" border=\"0\" itemprop=\"url\"> <meta itemprop=\"width\" content=\"576\"> <meta itemprop=\"height\" content=\"384\"> <img decoding=\"async\" class=\"\" data-attachment-id=\"10745\" data-orig-file=\"https:\/\/www.jazzzeitung.de\/cms\/wp-content\/uploads\/2016\/11\/jazzfest_2016_Mette_Henriette0024t2016.jpg\" data-orig-size=\"1800,1200\" data-comments-opened=\"1\" data-image-meta=\"{&quot;aperture&quot;:&quot;2.8&quot;,&quot;credit&quot;:&quot;Pepa&quot;,&quot;camera&quot;:&quot;E-M5MarkII&quot;,&quot;caption&quot;:&quot;Mette Henriette. Foto: Petra Basche&quot;,&quot;created_timestamp&quot;:&quot;1478209433&quot;,&quot;copyright&quot;:&quot;Petra Basche&quot;,&quot;focal_length&quot;:&quot;135&quot;,&quot;iso&quot;:&quot;3200&quot;,&quot;shutter_speed&quot;:&quot;0.04&quot;,&quot;title&quot;:&quot;Mette Henriette. Foto: Petra Basche&quot;,&quot;orientation&quot;:&quot;1&quot;}\" data-image-title=\"Mette Henriette. Foto: Petra Basche\" data-image-description=\"&lt;p&gt;Mette Henriette. Foto: Petra Basche&lt;\/p&gt; \" data-medium-file=\"https:\/\/i0.wp.com\/www.jazzzeitung.de\/cms\/wp-content\/uploads\/2016\/11\/jazzfest_2016_Mette_Henriette0024t2016.jpg?fit=300%2C200&#038;ssl=1\" data-large-file=\"https:\/\/i0.wp.com\/www.jazzzeitung.de\/cms\/wp-content\/uploads\/2016\/11\/jazzfest_2016_Mette_Henriette0024t2016.jpg?fit=840%2C560&#038;ssl=1\" src=\"https:\/\/i0.wp.com\/www.jazzzeitung.de\/cms\/wp-content\/uploads\/2016\/11\/jazzfest_2016_Mette_Henriette0024t2016.jpg?w=576&#038;h=384&#038;ssl=1\" srcset=\"https:\/\/i0.wp.com\/www.jazzzeitung.de\/cms\/wp-content\/uploads\/2016\/11\/jazzfest_2016_Mette_Henriette0024t2016.jpg?w=1800&amp;ssl=1 1800w, https:\/\/i0.wp.com\/www.jazzzeitung.de\/cms\/wp-content\/uploads\/2016\/11\/jazzfest_2016_Mette_Henriette0024t2016.jpg?resize=300%2C200&amp;ssl=1 300w, https:\/\/i0.wp.com\/www.jazzzeitung.de\/cms\/wp-content\/uploads\/2016\/11\/jazzfest_2016_Mette_Henriette0024t2016.jpg?resize=768%2C512&amp;ssl=1 768w, https:\/\/i0.wp.com\/www.jazzzeitung.de\/cms\/wp-content\/uploads\/2016\/11\/jazzfest_2016_Mette_Henriette0024t2016.jpg?resize=900%2C600&amp;ssl=1 900w, https:\/\/i0.wp.com\/www.jazzzeitung.de\/cms\/wp-content\/uploads\/2016\/11\/jazzfest_2016_Mette_Henriette0024t2016.jpg?w=1680&amp;ssl=1 1680w\" width=\"576\" height=\"384\" loading=\"lazy\" data-original-width=\"576\" data-original-height=\"384\" itemprop=\"http:\/\/schema.org\/image\" title=\"Mette Henriette. Foto: Petra Basche\" alt=\"Mette Henriette. Foto: Petra Basche\" style=\"width: 576px; height: 384px;\" \/> <\/a> <div class=\"tiled-gallery-caption\" itemprop=\"caption description\"> Mette Henriette. Foto: Petra Basche <\/div> <\/div> <\/div> <!-- close group --> <div class=\"gallery-group images-1\" style=\"width: 260px; height: 388px;\" data-original-width=\"260\" data-original-height=\"388\" > <div class=\"tiled-gallery-item tiled-gallery-item-large\" itemprop=\"associatedMedia\" itemscope itemtype=\"http:\/\/schema.org\/ImageObject\"> <a href=\"https:\/\/i0.wp.com\/www.jazzzeitung.de\/cms\/wp-content\/uploads\/2016\/11\/jazzfest_2016_Mette_Henriette0012t2016.jpg?ssl=1\" border=\"0\" itemprop=\"url\"> <meta itemprop=\"width\" content=\"256\"> <meta itemprop=\"height\" content=\"384\"> <img decoding=\"async\" class=\"\" data-attachment-id=\"10738\" data-orig-file=\"https:\/\/www.jazzzeitung.de\/cms\/wp-content\/uploads\/2016\/11\/jazzfest_2016_Mette_Henriette0012t2016.jpg\" data-orig-size=\"800,1200\" data-comments-opened=\"1\" data-image-meta=\"{&quot;aperture&quot;:&quot;3.2&quot;,&quot;credit&quot;:&quot;Pepa&quot;,&quot;camera&quot;:&quot;E-M5MarkII&quot;,&quot;caption&quot;:&quot;Mette Henriette. Foto: Petra Basche&quot;,&quot;created_timestamp&quot;:&quot;1478208119&quot;,&quot;copyright&quot;:&quot;Petra Basche&quot;,&quot;focal_length&quot;:&quot;135&quot;,&quot;iso&quot;:&quot;3200&quot;,&quot;shutter_speed&quot;:&quot;0.05&quot;,&quot;title&quot;:&quot;Mette Henriette. Foto: Petra Basche&quot;,&quot;orientation&quot;:&quot;1&quot;}\" data-image-title=\"Mette Henriette. Foto: Petra Basche\" data-image-description=\"&lt;p&gt;Mette Henriette. Foto: Petra Basche&lt;\/p&gt; \" data-medium-file=\"https:\/\/i0.wp.com\/www.jazzzeitung.de\/cms\/wp-content\/uploads\/2016\/11\/jazzfest_2016_Mette_Henriette0012t2016.jpg?fit=200%2C300&#038;ssl=1\" data-large-file=\"https:\/\/i0.wp.com\/www.jazzzeitung.de\/cms\/wp-content\/uploads\/2016\/11\/jazzfest_2016_Mette_Henriette0012t2016.jpg?fit=400%2C600&#038;ssl=1\" src=\"https:\/\/i0.wp.com\/www.jazzzeitung.de\/cms\/wp-content\/uploads\/2016\/11\/jazzfest_2016_Mette_Henriette0012t2016.jpg?w=256&#038;h=384&#038;ssl=1\" srcset=\"https:\/\/i0.wp.com\/www.jazzzeitung.de\/cms\/wp-content\/uploads\/2016\/11\/jazzfest_2016_Mette_Henriette0012t2016.jpg?w=800&amp;ssl=1 800w, https:\/\/i0.wp.com\/www.jazzzeitung.de\/cms\/wp-content\/uploads\/2016\/11\/jazzfest_2016_Mette_Henriette0012t2016.jpg?resize=200%2C300&amp;ssl=1 200w, https:\/\/i0.wp.com\/www.jazzzeitung.de\/cms\/wp-content\/uploads\/2016\/11\/jazzfest_2016_Mette_Henriette0012t2016.jpg?resize=768%2C1152&amp;ssl=1 768w, https:\/\/i0.wp.com\/www.jazzzeitung.de\/cms\/wp-content\/uploads\/2016\/11\/jazzfest_2016_Mette_Henriette0012t2016.jpg?resize=400%2C600&amp;ssl=1 400w\" width=\"256\" height=\"384\" loading=\"lazy\" data-original-width=\"256\" data-original-height=\"384\" itemprop=\"http:\/\/schema.org\/image\" title=\"Mette Henriette. Foto: Petra Basche\" alt=\"Mette Henriette. Foto: Petra Basche\" style=\"width: 256px; height: 384px;\" \/> <\/a> <div class=\"tiled-gallery-caption\" itemprop=\"caption description\"> Mette Henriette. Foto: Petra Basche <\/div> <\/div> <\/div> <!-- close group --> <\/div> <!-- close row --> <div class=\"gallery-row\" style=\"width: 840px; height: 628px;\" data-original-width=\"840\" data-original-height=\"628\" > <div class=\"gallery-group images-1\" style=\"width: 420px; height: 628px;\" data-original-width=\"420\" data-original-height=\"628\" > <div class=\"tiled-gallery-item tiled-gallery-item-large\" itemprop=\"associatedMedia\" itemscope itemtype=\"http:\/\/schema.org\/ImageObject\"> <a href=\"https:\/\/i0.wp.com\/www.jazzzeitung.de\/cms\/wp-content\/uploads\/2016\/11\/jazzfest_2016_Mette_Henriette0015t2016.jpg?ssl=1\" border=\"0\" itemprop=\"url\"> <meta itemprop=\"width\" content=\"416\"> <meta itemprop=\"height\" content=\"624\"> <img decoding=\"async\" class=\"\" data-attachment-id=\"10740\" data-orig-file=\"https:\/\/www.jazzzeitung.de\/cms\/wp-content\/uploads\/2016\/11\/jazzfest_2016_Mette_Henriette0015t2016.jpg\" data-orig-size=\"801,1200\" data-comments-opened=\"1\" data-image-meta=\"{&quot;aperture&quot;:&quot;3.5&quot;,&quot;credit&quot;:&quot;Petra_Basche&quot;,&quot;camera&quot;:&quot;NIKON D800&quot;,&quot;caption&quot;:&quot;Mette Henriette. Foto: Petra Basche&quot;,&quot;created_timestamp&quot;:&quot;1478208384&quot;,&quot;copyright&quot;:&quot;HuPe-Kollektiv&quot;,&quot;focal_length&quot;:&quot;70&quot;,&quot;iso&quot;:&quot;8063&quot;,&quot;shutter_speed&quot;:&quot;0.008&quot;,&quot;title&quot;:&quot;Mette Henriette. Foto: Petra Basche&quot;,&quot;orientation&quot;:&quot;1&quot;}\" data-image-title=\"Mette Henriette. Foto: Petra Basche\" data-image-description=\"&lt;p&gt;Mette Henriette. Foto: Petra Basche&lt;\/p&gt; \" data-medium-file=\"https:\/\/i0.wp.com\/www.jazzzeitung.de\/cms\/wp-content\/uploads\/2016\/11\/jazzfest_2016_Mette_Henriette0015t2016.jpg?fit=200%2C300&#038;ssl=1\" data-large-file=\"https:\/\/i0.wp.com\/www.jazzzeitung.de\/cms\/wp-content\/uploads\/2016\/11\/jazzfest_2016_Mette_Henriette0015t2016.jpg?fit=401%2C600&#038;ssl=1\" src=\"https:\/\/i0.wp.com\/www.jazzzeitung.de\/cms\/wp-content\/uploads\/2016\/11\/jazzfest_2016_Mette_Henriette0015t2016.jpg?w=416&#038;h=624&#038;ssl=1\" srcset=\"https:\/\/i0.wp.com\/www.jazzzeitung.de\/cms\/wp-content\/uploads\/2016\/11\/jazzfest_2016_Mette_Henriette0015t2016.jpg?w=801&amp;ssl=1 801w, https:\/\/i0.wp.com\/www.jazzzeitung.de\/cms\/wp-content\/uploads\/2016\/11\/jazzfest_2016_Mette_Henriette0015t2016.jpg?resize=200%2C300&amp;ssl=1 200w, https:\/\/i0.wp.com\/www.jazzzeitung.de\/cms\/wp-content\/uploads\/2016\/11\/jazzfest_2016_Mette_Henriette0015t2016.jpg?resize=768%2C1151&amp;ssl=1 768w\" width=\"416\" height=\"624\" loading=\"lazy\" data-original-width=\"416\" data-original-height=\"624\" itemprop=\"http:\/\/schema.org\/image\" title=\"Mette Henriette. Foto: Petra Basche\" alt=\"Mette Henriette. Foto: Petra Basche\" style=\"width: 416px; height: 624px;\" \/> <\/a> <div class=\"tiled-gallery-caption\" itemprop=\"caption description\"> Mette Henriette. Foto: Petra Basche <\/div> <\/div> <\/div> <!-- close group --> <div class=\"gallery-group images-1\" style=\"width: 420px; height: 628px;\" data-original-width=\"420\" data-original-height=\"628\" > <div class=\"tiled-gallery-item tiled-gallery-item-large\" itemprop=\"associatedMedia\" itemscope itemtype=\"http:\/\/schema.org\/ImageObject\"> <a href=\"https:\/\/i0.wp.com\/www.jazzzeitung.de\/cms\/wp-content\/uploads\/2016\/11\/jazzfest_2016_Mette_Henriette0021t2016.jpg?ssl=1\" border=\"0\" itemprop=\"url\"> <meta itemprop=\"width\" content=\"416\"> <meta itemprop=\"height\" content=\"624\"> <img decoding=\"async\" class=\"\" data-attachment-id=\"10743\" data-orig-file=\"https:\/\/www.jazzzeitung.de\/cms\/wp-content\/uploads\/2016\/11\/jazzfest_2016_Mette_Henriette0021t2016.jpg\" data-orig-size=\"800,1200\" data-comments-opened=\"1\" data-image-meta=\"{&quot;aperture&quot;:&quot;2.8&quot;,&quot;credit&quot;:&quot;Pepa&quot;,&quot;camera&quot;:&quot;E-M5MarkII&quot;,&quot;caption&quot;:&quot;Mette Henriette. Foto: Petra Basche&quot;,&quot;created_timestamp&quot;:&quot;1478209325&quot;,&quot;copyright&quot;:&quot;Petra Basche&quot;,&quot;focal_length&quot;:&quot;106&quot;,&quot;iso&quot;:&quot;3200&quot;,&quot;shutter_speed&quot;:&quot;0.01&quot;,&quot;title&quot;:&quot;Mette Henriette. Foto: Petra Basche&quot;,&quot;orientation&quot;:&quot;1&quot;}\" data-image-title=\"Mette Henriette. Foto: Petra Basche\" data-image-description=\"&lt;p&gt;Mette Henriette. Foto: Petra Basche&lt;\/p&gt; \" data-medium-file=\"https:\/\/i0.wp.com\/www.jazzzeitung.de\/cms\/wp-content\/uploads\/2016\/11\/jazzfest_2016_Mette_Henriette0021t2016.jpg?fit=200%2C300&#038;ssl=1\" data-large-file=\"https:\/\/i0.wp.com\/www.jazzzeitung.de\/cms\/wp-content\/uploads\/2016\/11\/jazzfest_2016_Mette_Henriette0021t2016.jpg?fit=400%2C600&#038;ssl=1\" src=\"https:\/\/i0.wp.com\/www.jazzzeitung.de\/cms\/wp-content\/uploads\/2016\/11\/jazzfest_2016_Mette_Henriette0021t2016.jpg?w=416&#038;h=624&#038;ssl=1\" srcset=\"https:\/\/i0.wp.com\/www.jazzzeitung.de\/cms\/wp-content\/uploads\/2016\/11\/jazzfest_2016_Mette_Henriette0021t2016.jpg?w=800&amp;ssl=1 800w, https:\/\/i0.wp.com\/www.jazzzeitung.de\/cms\/wp-content\/uploads\/2016\/11\/jazzfest_2016_Mette_Henriette0021t2016.jpg?resize=200%2C300&amp;ssl=1 200w, https:\/\/i0.wp.com\/www.jazzzeitung.de\/cms\/wp-content\/uploads\/2016\/11\/jazzfest_2016_Mette_Henriette0021t2016.jpg?resize=768%2C1152&amp;ssl=1 768w, https:\/\/i0.wp.com\/www.jazzzeitung.de\/cms\/wp-content\/uploads\/2016\/11\/jazzfest_2016_Mette_Henriette0021t2016.jpg?resize=400%2C600&amp;ssl=1 400w\" width=\"416\" height=\"624\" loading=\"lazy\" data-original-width=\"416\" data-original-height=\"624\" itemprop=\"http:\/\/schema.org\/image\" title=\"Mette Henriette. Foto: Petra Basche\" alt=\"Mette Henriette. Foto: Petra Basche\" style=\"width: 416px; height: 624px;\" \/> <\/a> <div class=\"tiled-gallery-caption\" itemprop=\"caption description\"> Mette Henriette. Foto: Petra Basche <\/div> <\/div> <\/div> <!-- close group --> <\/div> <!-- close row --> <div class=\"gallery-row\" style=\"width: 840px; height: 405px;\" data-original-width=\"840\" data-original-height=\"405\" > <div class=\"gallery-group images-1\" style=\"width: 539px; height: 405px;\" data-original-width=\"539\" data-original-height=\"405\" > <div class=\"tiled-gallery-item tiled-gallery-item-large\" itemprop=\"associatedMedia\" itemscope itemtype=\"http:\/\/schema.org\/ImageObject\"> <a href=\"https:\/\/i0.wp.com\/www.jazzzeitung.de\/cms\/wp-content\/uploads\/2016\/11\/2016_jazzfest_berlin_tag1_c_hufner-030052.jpg?ssl=1\" border=\"0\" itemprop=\"url\"> <meta itemprop=\"width\" content=\"535\"> <meta itemprop=\"height\" content=\"401\"> <img decoding=\"async\" class=\"\" data-attachment-id=\"10729\" data-orig-file=\"https:\/\/www.jazzzeitung.de\/cms\/wp-content\/uploads\/2016\/11\/2016_jazzfest_berlin_tag1_c_hufner-030052.jpg\" data-orig-size=\"1600,1200\" data-comments-opened=\"1\" data-image-meta=\"{&quot;aperture&quot;:&quot;2.8&quot;,&quot;credit&quot;:&quot;Dr. Martin Hufner&quot;,&quot;camera&quot;:&quot;E-M5MarkII&quot;,&quot;caption&quot;:&quot;Mette Henriette und Ensemble. Foto: Hufner&quot;,&quot;created_timestamp&quot;:&quot;1478204276&quot;,&quot;copyright&quot;:&quot;Martin Hufner&quot;,&quot;focal_length&quot;:&quot;21&quot;,&quot;iso&quot;:&quot;400&quot;,&quot;shutter_speed&quot;:&quot;0.033333333333333&quot;,&quot;title&quot;:&quot;Mette Henriette und Ensemble. Foto: Hufner&quot;,&quot;orientation&quot;:&quot;1&quot;}\" data-image-title=\"Mette Henriette und Ensemble. Foto: Hufner\" data-image-description=\"&lt;p&gt;Mette Henriette und Ensemble. Foto: Hufner&lt;\/p&gt; \" data-medium-file=\"https:\/\/i0.wp.com\/www.jazzzeitung.de\/cms\/wp-content\/uploads\/2016\/11\/2016_jazzfest_berlin_tag1_c_hufner-030052.jpg?fit=300%2C225&#038;ssl=1\" data-large-file=\"https:\/\/i0.wp.com\/www.jazzzeitung.de\/cms\/wp-content\/uploads\/2016\/11\/2016_jazzfest_berlin_tag1_c_hufner-030052.jpg?fit=800%2C600&#038;ssl=1\" src=\"https:\/\/i0.wp.com\/www.jazzzeitung.de\/cms\/wp-content\/uploads\/2016\/11\/2016_jazzfest_berlin_tag1_c_hufner-030052.jpg?w=535&#038;h=401&#038;ssl=1\" srcset=\"https:\/\/i0.wp.com\/www.jazzzeitung.de\/cms\/wp-content\/uploads\/2016\/11\/2016_jazzfest_berlin_tag1_c_hufner-030052.jpg?w=1600&amp;ssl=1 1600w, https:\/\/i0.wp.com\/www.jazzzeitung.de\/cms\/wp-content\/uploads\/2016\/11\/2016_jazzfest_berlin_tag1_c_hufner-030052.jpg?resize=300%2C225&amp;ssl=1 300w, https:\/\/i0.wp.com\/www.jazzzeitung.de\/cms\/wp-content\/uploads\/2016\/11\/2016_jazzfest_berlin_tag1_c_hufner-030052.jpg?resize=768%2C576&amp;ssl=1 768w, https:\/\/i0.wp.com\/www.jazzzeitung.de\/cms\/wp-content\/uploads\/2016\/11\/2016_jazzfest_berlin_tag1_c_hufner-030052.jpg?resize=800%2C600&amp;ssl=1 800w\" width=\"535\" height=\"401\" loading=\"lazy\" data-original-width=\"535\" data-original-height=\"401\" itemprop=\"http:\/\/schema.org\/image\" title=\"Mette Henriette und Ensemble. Foto: Hufner\" alt=\"Mette Henriette und Ensemble. Foto: Hufner\" style=\"width: 535px; height: 401px;\" \/> <\/a> <div class=\"tiled-gallery-caption\" itemprop=\"caption description\"> Mette Henriette und Ensemble. Foto: Hufner <\/div> <\/div> <\/div> <!-- close group --> <div class=\"gallery-group images-2\" style=\"width: 301px; height: 405px;\" data-original-width=\"301\" data-original-height=\"405\" > <div class=\"tiled-gallery-item tiled-gallery-item-large\" itemprop=\"associatedMedia\" itemscope itemtype=\"http:\/\/schema.org\/ImageObject\"> <a href=\"https:\/\/i0.wp.com\/www.jazzzeitung.de\/cms\/wp-content\/uploads\/2016\/11\/jazzfest_2016_Mette_Henriette0023t2016.jpg?ssl=1\" border=\"0\" itemprop=\"url\"> <meta itemprop=\"width\" content=\"297\"> <meta itemprop=\"height\" content=\"198\"> <img decoding=\"async\" class=\"\" data-attachment-id=\"10744\" data-orig-file=\"https:\/\/www.jazzzeitung.de\/cms\/wp-content\/uploads\/2016\/11\/jazzfest_2016_Mette_Henriette0023t2016.jpg\" data-orig-size=\"1800,1200\" data-comments-opened=\"1\" data-image-meta=\"{&quot;aperture&quot;:&quot;2.8&quot;,&quot;credit&quot;:&quot;Pepa&quot;,&quot;camera&quot;:&quot;E-M5MarkII&quot;,&quot;caption&quot;:&quot;Mette Henriette. Foto: Petra Basche&quot;,&quot;created_timestamp&quot;:&quot;1478209408&quot;,&quot;copyright&quot;:&quot;Petra Basche&quot;,&quot;focal_length&quot;:&quot;135&quot;,&quot;iso&quot;:&quot;3200&quot;,&quot;shutter_speed&quot;:&quot;0.016666666666667&quot;,&quot;title&quot;:&quot;Mette Henriette. Foto: Petra Basche&quot;,&quot;orientation&quot;:&quot;1&quot;}\" data-image-title=\"Mette Henriette. Foto: Petra Basche\" data-image-description=\"&lt;p&gt;Mette Henriette. Foto: Petra Basche&lt;\/p&gt; \" data-medium-file=\"https:\/\/i0.wp.com\/www.jazzzeitung.de\/cms\/wp-content\/uploads\/2016\/11\/jazzfest_2016_Mette_Henriette0023t2016.jpg?fit=300%2C200&#038;ssl=1\" data-large-file=\"https:\/\/i0.wp.com\/www.jazzzeitung.de\/cms\/wp-content\/uploads\/2016\/11\/jazzfest_2016_Mette_Henriette0023t2016.jpg?fit=840%2C560&#038;ssl=1\" src=\"https:\/\/i0.wp.com\/www.jazzzeitung.de\/cms\/wp-content\/uploads\/2016\/11\/jazzfest_2016_Mette_Henriette0023t2016.jpg?w=297&#038;h=198&#038;ssl=1\" srcset=\"https:\/\/i0.wp.com\/www.jazzzeitung.de\/cms\/wp-content\/uploads\/2016\/11\/jazzfest_2016_Mette_Henriette0023t2016.jpg?w=1800&amp;ssl=1 1800w, https:\/\/i0.wp.com\/www.jazzzeitung.de\/cms\/wp-content\/uploads\/2016\/11\/jazzfest_2016_Mette_Henriette0023t2016.jpg?resize=300%2C200&amp;ssl=1 300w, https:\/\/i0.wp.com\/www.jazzzeitung.de\/cms\/wp-content\/uploads\/2016\/11\/jazzfest_2016_Mette_Henriette0023t2016.jpg?resize=768%2C512&amp;ssl=1 768w, https:\/\/i0.wp.com\/www.jazzzeitung.de\/cms\/wp-content\/uploads\/2016\/11\/jazzfest_2016_Mette_Henriette0023t2016.jpg?resize=900%2C600&amp;ssl=1 900w, https:\/\/i0.wp.com\/www.jazzzeitung.de\/cms\/wp-content\/uploads\/2016\/11\/jazzfest_2016_Mette_Henriette0023t2016.jpg?w=1680&amp;ssl=1 1680w\" width=\"297\" height=\"198\" loading=\"lazy\" data-original-width=\"297\" data-original-height=\"198\" itemprop=\"http:\/\/schema.org\/image\" title=\"Mette Henriette. Foto: Petra Basche\" alt=\"Mette Henriette. Foto: Petra Basche\" style=\"width: 297px; height: 198px;\" \/> <\/a> <div class=\"tiled-gallery-caption\" itemprop=\"caption description\"> Mette Henriette. Foto: Petra Basche <\/div> <\/div> <div class=\"tiled-gallery-item tiled-gallery-item-large\" itemprop=\"associatedMedia\" itemscope itemtype=\"http:\/\/schema.org\/ImageObject\"> <a href=\"https:\/\/i0.wp.com\/www.jazzzeitung.de\/cms\/wp-content\/uploads\/2016\/11\/jazzfest_2016_Mette_Henriette0016t2016.jpg?ssl=1\" border=\"0\" itemprop=\"url\"> <meta itemprop=\"width\" content=\"297\"> <meta itemprop=\"height\" content=\"199\"> <img decoding=\"async\" class=\"\" data-attachment-id=\"10741\" data-orig-file=\"https:\/\/www.jazzzeitung.de\/cms\/wp-content\/uploads\/2016\/11\/jazzfest_2016_Mette_Henriette0016t2016.jpg\" data-orig-size=\"1798,1200\" data-comments-opened=\"1\" data-image-meta=\"{&quot;aperture&quot;:&quot;3.5&quot;,&quot;credit&quot;:&quot;Petra_Basche&quot;,&quot;camera&quot;:&quot;NIKON D800&quot;,&quot;caption&quot;:&quot;Mette Henriette und Ensemble. Foto: Petra Basche&quot;,&quot;created_timestamp&quot;:&quot;1478208432&quot;,&quot;copyright&quot;:&quot;HuPe-Kollektiv&quot;,&quot;focal_length&quot;:&quot;20&quot;,&quot;iso&quot;:&quot;8063&quot;,&quot;shutter_speed&quot;:&quot;0.008&quot;,&quot;title&quot;:&quot;Mette Henriette und Ensemble. Foto: Petra Basche&quot;,&quot;orientation&quot;:&quot;1&quot;}\" data-image-title=\"Mette Henriette und Ensemble. Foto: Petra Basche\" data-image-description=\"&lt;p&gt;Mette Henriette und Ensemble. Foto: Petra Basche&lt;\/p&gt; \" data-medium-file=\"https:\/\/i0.wp.com\/www.jazzzeitung.de\/cms\/wp-content\/uploads\/2016\/11\/jazzfest_2016_Mette_Henriette0016t2016.jpg?fit=300%2C200&#038;ssl=1\" data-large-file=\"https:\/\/i0.wp.com\/www.jazzzeitung.de\/cms\/wp-content\/uploads\/2016\/11\/jazzfest_2016_Mette_Henriette0016t2016.jpg?fit=840%2C560&#038;ssl=1\" src=\"https:\/\/i0.wp.com\/www.jazzzeitung.de\/cms\/wp-content\/uploads\/2016\/11\/jazzfest_2016_Mette_Henriette0016t2016.jpg?w=297&#038;h=199&#038;ssl=1\" srcset=\"https:\/\/i0.wp.com\/www.jazzzeitung.de\/cms\/wp-content\/uploads\/2016\/11\/jazzfest_2016_Mette_Henriette0016t2016.jpg?w=1798&amp;ssl=1 1798w, https:\/\/i0.wp.com\/www.jazzzeitung.de\/cms\/wp-content\/uploads\/2016\/11\/jazzfest_2016_Mette_Henriette0016t2016.jpg?resize=300%2C200&amp;ssl=1 300w, https:\/\/i0.wp.com\/www.jazzzeitung.de\/cms\/wp-content\/uploads\/2016\/11\/jazzfest_2016_Mette_Henriette0016t2016.jpg?resize=768%2C513&amp;ssl=1 768w, https:\/\/i0.wp.com\/www.jazzzeitung.de\/cms\/wp-content\/uploads\/2016\/11\/jazzfest_2016_Mette_Henriette0016t2016.jpg?resize=900%2C600&amp;ssl=1 900w, https:\/\/i0.wp.com\/www.jazzzeitung.de\/cms\/wp-content\/uploads\/2016\/11\/jazzfest_2016_Mette_Henriette0016t2016.jpg?w=1680&amp;ssl=1 1680w\" width=\"297\" height=\"199\" loading=\"lazy\" data-original-width=\"297\" data-original-height=\"199\" itemprop=\"http:\/\/schema.org\/image\" title=\"Mette Henriette und Ensemble. Foto: Petra Basche\" alt=\"Mette Henriette und Ensemble. Foto: Petra Basche\" style=\"width: 297px; height: 199px;\" \/> <\/a> <div class=\"tiled-gallery-caption\" itemprop=\"caption description\"> Mette Henriette und Ensemble. Foto: Petra Basche <\/div> <\/div> <\/div> <!-- close group --> <\/div> <!-- close row --> <div class=\"gallery-row\" style=\"width: 840px; height: 252px;\" data-original-width=\"840\" data-original-height=\"252\" > <div class=\"gallery-group images-1\" style=\"width: 335px; height: 252px;\" data-original-width=\"335\" data-original-height=\"252\" > <div class=\"tiled-gallery-item tiled-gallery-item-large\" itemprop=\"associatedMedia\" itemscope itemtype=\"http:\/\/schema.org\/ImageObject\"> <a href=\"https:\/\/i0.wp.com\/www.jazzzeitung.de\/cms\/wp-content\/uploads\/2016\/11\/2016_jazzfest_berlin_tag1_c_hufner-030078.jpg?ssl=1\" border=\"0\" itemprop=\"url\"> <meta itemprop=\"width\" content=\"331\"> <meta itemprop=\"height\" content=\"248\"> <img decoding=\"async\" class=\"\" data-attachment-id=\"10731\" data-orig-file=\"https:\/\/www.jazzzeitung.de\/cms\/wp-content\/uploads\/2016\/11\/2016_jazzfest_berlin_tag1_c_hufner-030078.jpg\" data-orig-size=\"1600,1200\" data-comments-opened=\"1\" data-image-meta=\"{&quot;aperture&quot;:&quot;4.8&quot;,&quot;credit&quot;:&quot;Dr. Martin Hufner&quot;,&quot;camera&quot;:&quot;E-M5MarkII&quot;,&quot;caption&quot;:&quot;Mette Henriette und Vorhang. Foto: Hufner&quot;,&quot;created_timestamp&quot;:&quot;1478204923&quot;,&quot;copyright&quot;:&quot;Martin Hufner&quot;,&quot;focal_length&quot;:&quot;82&quot;,&quot;iso&quot;:&quot;1600&quot;,&quot;shutter_speed&quot;:&quot;0.2&quot;,&quot;title&quot;:&quot;Mette Henriette und Vorhang. Foto: Hufner&quot;,&quot;orientation&quot;:&quot;1&quot;}\" data-image-title=\"Mette Henriette und Vorhang. Foto: Hufner\" data-image-description=\"&lt;p&gt;Mette Henriette und Vorhang. Foto: Hufner&lt;\/p&gt; \" data-medium-file=\"https:\/\/i0.wp.com\/www.jazzzeitung.de\/cms\/wp-content\/uploads\/2016\/11\/2016_jazzfest_berlin_tag1_c_hufner-030078.jpg?fit=300%2C225&#038;ssl=1\" data-large-file=\"https:\/\/i0.wp.com\/www.jazzzeitung.de\/cms\/wp-content\/uploads\/2016\/11\/2016_jazzfest_berlin_tag1_c_hufner-030078.jpg?fit=800%2C600&#038;ssl=1\" src=\"https:\/\/i0.wp.com\/www.jazzzeitung.de\/cms\/wp-content\/uploads\/2016\/11\/2016_jazzfest_berlin_tag1_c_hufner-030078.jpg?w=331&#038;h=248&#038;ssl=1\" srcset=\"https:\/\/i0.wp.com\/www.jazzzeitung.de\/cms\/wp-content\/uploads\/2016\/11\/2016_jazzfest_berlin_tag1_c_hufner-030078.jpg?w=1600&amp;ssl=1 1600w, https:\/\/i0.wp.com\/www.jazzzeitung.de\/cms\/wp-content\/uploads\/2016\/11\/2016_jazzfest_berlin_tag1_c_hufner-030078.jpg?resize=300%2C225&amp;ssl=1 300w, https:\/\/i0.wp.com\/www.jazzzeitung.de\/cms\/wp-content\/uploads\/2016\/11\/2016_jazzfest_berlin_tag1_c_hufner-030078.jpg?resize=768%2C576&amp;ssl=1 768w, https:\/\/i0.wp.com\/www.jazzzeitung.de\/cms\/wp-content\/uploads\/2016\/11\/2016_jazzfest_berlin_tag1_c_hufner-030078.jpg?resize=800%2C600&amp;ssl=1 800w\" width=\"331\" height=\"248\" loading=\"lazy\" data-original-width=\"331\" data-original-height=\"248\" itemprop=\"http:\/\/schema.org\/image\" title=\"Mette Henriette und Vorhang. Foto: Hufner\" alt=\"Mette Henriette und Vorhang. Foto: Hufner\" style=\"width: 331px; height: 248px;\" \/> <\/a> <div class=\"tiled-gallery-caption\" itemprop=\"caption description\"> Mette Henriette und Vorhang. Foto: Hufner <\/div> <\/div> <\/div> <!-- close group --> <div class=\"gallery-group images-1\" style=\"width: 170px; height: 252px;\" data-original-width=\"170\" data-original-height=\"252\" > <div class=\"tiled-gallery-item tiled-gallery-item-small\" itemprop=\"associatedMedia\" itemscope itemtype=\"http:\/\/schema.org\/ImageObject\"> <a href=\"https:\/\/i0.wp.com\/www.jazzzeitung.de\/cms\/wp-content\/uploads\/2016\/11\/jazzfest_2016_Mette_Henriette0002t2016.jpg?ssl=1\" border=\"0\" itemprop=\"url\"> <meta itemprop=\"width\" content=\"166\"> <meta itemprop=\"height\" content=\"248\"> <img decoding=\"async\" class=\"\" data-attachment-id=\"10734\" data-orig-file=\"https:\/\/www.jazzzeitung.de\/cms\/wp-content\/uploads\/2016\/11\/jazzfest_2016_Mette_Henriette0002t2016.jpg\" data-orig-size=\"800,1200\" data-comments-opened=\"1\" data-image-meta=\"{&quot;aperture&quot;:&quot;3.2&quot;,&quot;credit&quot;:&quot;Pepa&quot;,&quot;camera&quot;:&quot;E-M5MarkII&quot;,&quot;caption&quot;:&quot;Mette Henriette. Foto: Petra Basche&quot;,&quot;created_timestamp&quot;:&quot;1478207567&quot;,&quot;copyright&quot;:&quot;Petra Basche&quot;,&quot;focal_length&quot;:&quot;79&quot;,&quot;iso&quot;:&quot;3200&quot;,&quot;shutter_speed&quot;:&quot;0.02&quot;,&quot;title&quot;:&quot;Mette Henriette. Foto: Petra Basche&quot;,&quot;orientation&quot;:&quot;1&quot;}\" data-image-title=\"Mette Henriette. Foto: Petra Basche\" data-image-description=\"&lt;p&gt;Mette Henriette. Foto: Petra Basche&lt;\/p&gt; \" data-medium-file=\"https:\/\/i0.wp.com\/www.jazzzeitung.de\/cms\/wp-content\/uploads\/2016\/11\/jazzfest_2016_Mette_Henriette0002t2016.jpg?fit=200%2C300&#038;ssl=1\" data-large-file=\"https:\/\/i0.wp.com\/www.jazzzeitung.de\/cms\/wp-content\/uploads\/2016\/11\/jazzfest_2016_Mette_Henriette0002t2016.jpg?fit=400%2C600&#038;ssl=1\" src=\"https:\/\/i0.wp.com\/www.jazzzeitung.de\/cms\/wp-content\/uploads\/2016\/11\/jazzfest_2016_Mette_Henriette0002t2016.jpg?w=166&#038;h=248&#038;ssl=1\" srcset=\"https:\/\/i0.wp.com\/www.jazzzeitung.de\/cms\/wp-content\/uploads\/2016\/11\/jazzfest_2016_Mette_Henriette0002t2016.jpg?w=800&amp;ssl=1 800w, https:\/\/i0.wp.com\/www.jazzzeitung.de\/cms\/wp-content\/uploads\/2016\/11\/jazzfest_2016_Mette_Henriette0002t2016.jpg?resize=200%2C300&amp;ssl=1 200w, https:\/\/i0.wp.com\/www.jazzzeitung.de\/cms\/wp-content\/uploads\/2016\/11\/jazzfest_2016_Mette_Henriette0002t2016.jpg?resize=768%2C1152&amp;ssl=1 768w, https:\/\/i0.wp.com\/www.jazzzeitung.de\/cms\/wp-content\/uploads\/2016\/11\/jazzfest_2016_Mette_Henriette0002t2016.jpg?resize=400%2C600&amp;ssl=1 400w\" width=\"166\" height=\"248\" loading=\"lazy\" data-original-width=\"166\" data-original-height=\"248\" itemprop=\"http:\/\/schema.org\/image\" title=\"Mette Henriette. Foto: Petra Basche\" alt=\"Mette Henriette. Foto: Petra Basche\" style=\"width: 166px; height: 248px;\" \/> <\/a> <div class=\"tiled-gallery-caption\" itemprop=\"caption description\"> Mette Henriette. Foto: Petra Basche <\/div> <\/div> <\/div> <!-- close group --> <div class=\"gallery-group images-1\" style=\"width: 335px; height: 252px;\" data-original-width=\"335\" data-original-height=\"252\" > <div class=\"tiled-gallery-item tiled-gallery-item-large\" itemprop=\"associatedMedia\" itemscope itemtype=\"http:\/\/schema.org\/ImageObject\"> <a href=\"https:\/\/i0.wp.com\/www.jazzzeitung.de\/cms\/wp-content\/uploads\/2016\/11\/2016_jazzfest_berlin_tag1_c_hufner-030086.jpg?ssl=1\" border=\"0\" itemprop=\"url\"> <meta itemprop=\"width\" content=\"331\"> <meta itemprop=\"height\" content=\"248\"> <img decoding=\"async\" class=\"\" data-attachment-id=\"10732\" data-orig-file=\"https:\/\/www.jazzzeitung.de\/cms\/wp-content\/uploads\/2016\/11\/2016_jazzfest_berlin_tag1_c_hufner-030086.jpg\" data-orig-size=\"1600,1200\" data-comments-opened=\"1\" data-image-meta=\"{&quot;aperture&quot;:&quot;0&quot;,&quot;credit&quot;:&quot;Dr. Martin Hufner&quot;,&quot;camera&quot;:&quot;E-M5MarkII&quot;,&quot;caption&quot;:&quot;Mette Henriette und Ensemble + Publikum. Foto: Hufner&quot;,&quot;created_timestamp&quot;:&quot;1478205277&quot;,&quot;copyright&quot;:&quot;Martin Hufner&quot;,&quot;focal_length&quot;:&quot;0&quot;,&quot;iso&quot;:&quot;2000&quot;,&quot;shutter_speed&quot;:&quot;0.04&quot;,&quot;title&quot;:&quot;Mette Henriette und Ensemble + Publikum. Foto: Hufner&quot;,&quot;orientation&quot;:&quot;1&quot;}\" data-image-title=\"Mette Henriette und Ensemble + Publikum. Foto: Hufner\" data-image-description=\"&lt;p&gt;Mette Henriette und Ensemble + Publikum. Foto: Hufner&lt;\/p&gt; \" data-medium-file=\"https:\/\/i0.wp.com\/www.jazzzeitung.de\/cms\/wp-content\/uploads\/2016\/11\/2016_jazzfest_berlin_tag1_c_hufner-030086.jpg?fit=300%2C225&#038;ssl=1\" data-large-file=\"https:\/\/i0.wp.com\/www.jazzzeitung.de\/cms\/wp-content\/uploads\/2016\/11\/2016_jazzfest_berlin_tag1_c_hufner-030086.jpg?fit=800%2C600&#038;ssl=1\" src=\"https:\/\/i0.wp.com\/www.jazzzeitung.de\/cms\/wp-content\/uploads\/2016\/11\/2016_jazzfest_berlin_tag1_c_hufner-030086.jpg?w=331&#038;h=248&#038;ssl=1\" srcset=\"https:\/\/i0.wp.com\/www.jazzzeitung.de\/cms\/wp-content\/uploads\/2016\/11\/2016_jazzfest_berlin_tag1_c_hufner-030086.jpg?w=1600&amp;ssl=1 1600w, https:\/\/i0.wp.com\/www.jazzzeitung.de\/cms\/wp-content\/uploads\/2016\/11\/2016_jazzfest_berlin_tag1_c_hufner-030086.jpg?resize=300%2C225&amp;ssl=1 300w, https:\/\/i0.wp.com\/www.jazzzeitung.de\/cms\/wp-content\/uploads\/2016\/11\/2016_jazzfest_berlin_tag1_c_hufner-030086.jpg?resize=768%2C576&amp;ssl=1 768w, https:\/\/i0.wp.com\/www.jazzzeitung.de\/cms\/wp-content\/uploads\/2016\/11\/2016_jazzfest_berlin_tag1_c_hufner-030086.jpg?resize=800%2C600&amp;ssl=1 800w\" width=\"331\" height=\"248\" loading=\"lazy\" data-original-width=\"331\" data-original-height=\"248\" itemprop=\"http:\/\/schema.org\/image\" title=\"Mette Henriette und Ensemble + Publikum. Foto: Hufner\" alt=\"Mette Henriette und Ensemble + Publikum. Foto: Hufner\" style=\"width: 331px; height: 248px;\" \/> <\/a> <div class=\"tiled-gallery-caption\" itemprop=\"caption description\"> Mette Henriette und Ensemble + Publikum. Foto: Hufner <\/div> <\/div> <\/div> <!-- close group --> <\/div> <!-- close row --> <div class=\"gallery-row\" style=\"width: 840px; height: 388px;\" data-original-width=\"840\" data-original-height=\"388\" > <div class=\"gallery-group images-1\" style=\"width: 580px; height: 388px;\" data-original-width=\"580\" data-original-height=\"388\" > <div class=\"tiled-gallery-item tiled-gallery-item-large\" itemprop=\"associatedMedia\" itemscope itemtype=\"http:\/\/schema.org\/ImageObject\"> <a href=\"https:\/\/i0.wp.com\/www.jazzzeitung.de\/cms\/wp-content\/uploads\/2016\/11\/jazzfest_2016_Mette_Henriette0005t2016.jpg?ssl=1\" border=\"0\" itemprop=\"url\"> <meta itemprop=\"width\" content=\"576\"> <meta itemprop=\"height\" content=\"384\"> <img decoding=\"async\" class=\"\" data-attachment-id=\"10735\" data-orig-file=\"https:\/\/www.jazzzeitung.de\/cms\/wp-content\/uploads\/2016\/11\/jazzfest_2016_Mette_Henriette0005t2016.jpg\" data-orig-size=\"1800,1200\" data-comments-opened=\"1\" data-image-meta=\"{&quot;aperture&quot;:&quot;3.2&quot;,&quot;credit&quot;:&quot;Pepa&quot;,&quot;camera&quot;:&quot;E-M5MarkII&quot;,&quot;caption&quot;:&quot;Mette Henriette. Foto: Petra Basche&quot;,&quot;created_timestamp&quot;:&quot;1478207758&quot;,&quot;copyright&quot;:&quot;Petra Basche&quot;,&quot;focal_length&quot;:&quot;150&quot;,&quot;iso&quot;:&quot;3200&quot;,&quot;shutter_speed&quot;:&quot;0.016666666666667&quot;,&quot;title&quot;:&quot;Mette Henriette. Foto: Petra Basche&quot;,&quot;orientation&quot;:&quot;1&quot;}\" data-image-title=\"Mette Henriette. Foto: Petra Basche\" data-image-description=\"&lt;p&gt;Mette Henriette. Foto: Petra Basche&lt;\/p&gt; \" data-medium-file=\"https:\/\/i0.wp.com\/www.jazzzeitung.de\/cms\/wp-content\/uploads\/2016\/11\/jazzfest_2016_Mette_Henriette0005t2016.jpg?fit=300%2C200&#038;ssl=1\" data-large-file=\"https:\/\/i0.wp.com\/www.jazzzeitung.de\/cms\/wp-content\/uploads\/2016\/11\/jazzfest_2016_Mette_Henriette0005t2016.jpg?fit=840%2C560&#038;ssl=1\" src=\"https:\/\/i0.wp.com\/www.jazzzeitung.de\/cms\/wp-content\/uploads\/2016\/11\/jazzfest_2016_Mette_Henriette0005t2016.jpg?w=576&#038;h=384&#038;ssl=1\" srcset=\"https:\/\/i0.wp.com\/www.jazzzeitung.de\/cms\/wp-content\/uploads\/2016\/11\/jazzfest_2016_Mette_Henriette0005t2016.jpg?w=1800&amp;ssl=1 1800w, https:\/\/i0.wp.com\/www.jazzzeitung.de\/cms\/wp-content\/uploads\/2016\/11\/jazzfest_2016_Mette_Henriette0005t2016.jpg?resize=300%2C200&amp;ssl=1 300w, https:\/\/i0.wp.com\/www.jazzzeitung.de\/cms\/wp-content\/uploads\/2016\/11\/jazzfest_2016_Mette_Henriette0005t2016.jpg?resize=768%2C512&amp;ssl=1 768w, https:\/\/i0.wp.com\/www.jazzzeitung.de\/cms\/wp-content\/uploads\/2016\/11\/jazzfest_2016_Mette_Henriette0005t2016.jpg?resize=900%2C600&amp;ssl=1 900w, https:\/\/i0.wp.com\/www.jazzzeitung.de\/cms\/wp-content\/uploads\/2016\/11\/jazzfest_2016_Mette_Henriette0005t2016.jpg?w=1680&amp;ssl=1 1680w\" width=\"576\" height=\"384\" loading=\"lazy\" data-original-width=\"576\" data-original-height=\"384\" itemprop=\"http:\/\/schema.org\/image\" title=\"Mette Henriette. Foto: Petra Basche\" alt=\"Mette Henriette. Foto: Petra Basche\" style=\"width: 576px; height: 384px;\" \/> <\/a> <div class=\"tiled-gallery-caption\" itemprop=\"caption description\"> Mette Henriette. Foto: Petra Basche <\/div> <\/div> <\/div> <!-- close group --> <div class=\"gallery-group images-1\" style=\"width: 260px; height: 388px;\" data-original-width=\"260\" data-original-height=\"388\" > <div class=\"tiled-gallery-item tiled-gallery-item-large\" itemprop=\"associatedMedia\" itemscope itemtype=\"http:\/\/schema.org\/ImageObject\"> <a href=\"https:\/\/i0.wp.com\/www.jazzzeitung.de\/cms\/wp-content\/uploads\/2016\/11\/jazzfest_2016_Mette_Henriette0010t2016.jpg?ssl=1\" border=\"0\" itemprop=\"url\"> <meta itemprop=\"width\" content=\"256\"> <meta itemprop=\"height\" content=\"384\"> <img decoding=\"async\" class=\"\" data-attachment-id=\"10737\" data-orig-file=\"https:\/\/www.jazzzeitung.de\/cms\/wp-content\/uploads\/2016\/11\/jazzfest_2016_Mette_Henriette0010t2016.jpg\" data-orig-size=\"800,1200\" data-comments-opened=\"1\" data-image-meta=\"{&quot;aperture&quot;:&quot;3.2&quot;,&quot;credit&quot;:&quot;Pepa&quot;,&quot;camera&quot;:&quot;E-M5MarkII&quot;,&quot;caption&quot;:&quot;Mette Henriette. Foto: Petra Basche&quot;,&quot;created_timestamp&quot;:&quot;1478208096&quot;,&quot;copyright&quot;:&quot;Petra Basche&quot;,&quot;focal_length&quot;:&quot;40&quot;,&quot;iso&quot;:&quot;3200&quot;,&quot;shutter_speed&quot;:&quot;0.02&quot;,&quot;title&quot;:&quot;Mette Henriette. Foto: Petra Basche&quot;,&quot;orientation&quot;:&quot;1&quot;}\" data-image-title=\"Mette Henriette. Foto: Petra Basche\" data-image-description=\"&lt;p&gt;Mette Henriette. Foto: Petra Basche&lt;\/p&gt; \" data-medium-file=\"https:\/\/i0.wp.com\/www.jazzzeitung.de\/cms\/wp-content\/uploads\/2016\/11\/jazzfest_2016_Mette_Henriette0010t2016.jpg?fit=200%2C300&#038;ssl=1\" data-large-file=\"https:\/\/i0.wp.com\/www.jazzzeitung.de\/cms\/wp-content\/uploads\/2016\/11\/jazzfest_2016_Mette_Henriette0010t2016.jpg?fit=400%2C600&#038;ssl=1\" src=\"https:\/\/i0.wp.com\/www.jazzzeitung.de\/cms\/wp-content\/uploads\/2016\/11\/jazzfest_2016_Mette_Henriette0010t2016.jpg?w=256&#038;h=384&#038;ssl=1\" srcset=\"https:\/\/i0.wp.com\/www.jazzzeitung.de\/cms\/wp-content\/uploads\/2016\/11\/jazzfest_2016_Mette_Henriette0010t2016.jpg?w=800&amp;ssl=1 800w, https:\/\/i0.wp.com\/www.jazzzeitung.de\/cms\/wp-content\/uploads\/2016\/11\/jazzfest_2016_Mette_Henriette0010t2016.jpg?resize=200%2C300&amp;ssl=1 200w, https:\/\/i0.wp.com\/www.jazzzeitung.de\/cms\/wp-content\/uploads\/2016\/11\/jazzfest_2016_Mette_Henriette0010t2016.jpg?resize=768%2C1152&amp;ssl=1 768w, https:\/\/i0.wp.com\/www.jazzzeitung.de\/cms\/wp-content\/uploads\/2016\/11\/jazzfest_2016_Mette_Henriette0010t2016.jpg?resize=400%2C600&amp;ssl=1 400w\" width=\"256\" height=\"384\" loading=\"lazy\" data-original-width=\"256\" data-original-height=\"384\" itemprop=\"http:\/\/schema.org\/image\" title=\"Mette Henriette. Foto: Petra Basche\" alt=\"Mette Henriette. Foto: Petra Basche\" style=\"width: 256px; height: 384px;\" \/> <\/a> <div class=\"tiled-gallery-caption\" itemprop=\"caption description\"> Mette Henriette. Foto: Petra Basche <\/div> <\/div> <\/div> <!-- close group --> <\/div> <!-- close row --> <div class=\"gallery-row\" style=\"width: 840px; height: 388px;\" data-original-width=\"840\" data-original-height=\"388\" > <div class=\"gallery-group images-1\" style=\"width: 260px; height: 388px;\" data-original-width=\"260\" data-original-height=\"388\" > <div class=\"tiled-gallery-item tiled-gallery-item-large\" itemprop=\"associatedMedia\" itemscope itemtype=\"http:\/\/schema.org\/ImageObject\"> <a href=\"https:\/\/i0.wp.com\/www.jazzzeitung.de\/cms\/wp-content\/uploads\/2016\/11\/jazzfest_2016_Mette_Henriette0007t2016.jpg?ssl=1\" border=\"0\" itemprop=\"url\"> <meta itemprop=\"width\" content=\"256\"> <meta itemprop=\"height\" content=\"384\"> <img decoding=\"async\" class=\"\" data-attachment-id=\"10736\" data-orig-file=\"https:\/\/www.jazzzeitung.de\/cms\/wp-content\/uploads\/2016\/11\/jazzfest_2016_Mette_Henriette0007t2016.jpg\" data-orig-size=\"800,1200\" data-comments-opened=\"1\" data-image-meta=\"{&quot;aperture&quot;:&quot;3.2&quot;,&quot;credit&quot;:&quot;Pepa&quot;,&quot;camera&quot;:&quot;E-M5MarkII&quot;,&quot;caption&quot;:&quot;Mette Henriette. Foto: Petra Basche&quot;,&quot;created_timestamp&quot;:&quot;1478207786&quot;,&quot;copyright&quot;:&quot;Petra Basche&quot;,&quot;focal_length&quot;:&quot;150&quot;,&quot;iso&quot;:&quot;3200&quot;,&quot;shutter_speed&quot;:&quot;0.00625&quot;,&quot;title&quot;:&quot;Mette Henriette. Foto: Petra Basche&quot;,&quot;orientation&quot;:&quot;1&quot;}\" data-image-title=\"Mette Henriette. Foto: Petra Basche\" data-image-description=\"&lt;p&gt;Mette Henriette. Foto: Petra Basche&lt;\/p&gt; \" data-medium-file=\"https:\/\/i0.wp.com\/www.jazzzeitung.de\/cms\/wp-content\/uploads\/2016\/11\/jazzfest_2016_Mette_Henriette0007t2016.jpg?fit=200%2C300&#038;ssl=1\" data-large-file=\"https:\/\/i0.wp.com\/www.jazzzeitung.de\/cms\/wp-content\/uploads\/2016\/11\/jazzfest_2016_Mette_Henriette0007t2016.jpg?fit=400%2C600&#038;ssl=1\" src=\"https:\/\/i0.wp.com\/www.jazzzeitung.de\/cms\/wp-content\/uploads\/2016\/11\/jazzfest_2016_Mette_Henriette0007t2016.jpg?w=256&#038;h=384&#038;ssl=1\" srcset=\"https:\/\/i0.wp.com\/www.jazzzeitung.de\/cms\/wp-content\/uploads\/2016\/11\/jazzfest_2016_Mette_Henriette0007t2016.jpg?w=800&amp;ssl=1 800w, https:\/\/i0.wp.com\/www.jazzzeitung.de\/cms\/wp-content\/uploads\/2016\/11\/jazzfest_2016_Mette_Henriette0007t2016.jpg?resize=200%2C300&amp;ssl=1 200w, https:\/\/i0.wp.com\/www.jazzzeitung.de\/cms\/wp-content\/uploads\/2016\/11\/jazzfest_2016_Mette_Henriette0007t2016.jpg?resize=768%2C1152&amp;ssl=1 768w, https:\/\/i0.wp.com\/www.jazzzeitung.de\/cms\/wp-content\/uploads\/2016\/11\/jazzfest_2016_Mette_Henriette0007t2016.jpg?resize=400%2C600&amp;ssl=1 400w\" width=\"256\" height=\"384\" loading=\"lazy\" data-original-width=\"256\" data-original-height=\"384\" itemprop=\"http:\/\/schema.org\/image\" title=\"Mette Henriette. Foto: Petra Basche\" alt=\"Mette Henriette. Foto: Petra Basche\" style=\"width: 256px; height: 384px;\" \/> <\/a> <div class=\"tiled-gallery-caption\" itemprop=\"caption description\"> Mette Henriette. Foto: Petra Basche <\/div> <\/div> <\/div> <!-- close group --> <div class=\"gallery-group images-1\" style=\"width: 580px; height: 388px;\" data-original-width=\"580\" data-original-height=\"388\" > <div class=\"tiled-gallery-item tiled-gallery-item-large\" itemprop=\"associatedMedia\" itemscope itemtype=\"http:\/\/schema.org\/ImageObject\"> <a href=\"https:\/\/i0.wp.com\/www.jazzzeitung.de\/cms\/wp-content\/uploads\/2016\/11\/jazzfest_2016_Mette_Henriette0017t2016.jpg?ssl=1\" border=\"0\" itemprop=\"url\"> <meta itemprop=\"width\" content=\"576\"> <meta itemprop=\"height\" content=\"384\"> <img decoding=\"async\" class=\"\" data-attachment-id=\"10742\" data-orig-file=\"https:\/\/www.jazzzeitung.de\/cms\/wp-content\/uploads\/2016\/11\/jazzfest_2016_Mette_Henriette0017t2016.jpg\" data-orig-size=\"1800,1200\" data-comments-opened=\"1\" data-image-meta=\"{&quot;aperture&quot;:&quot;2.8&quot;,&quot;credit&quot;:&quot;Pepa&quot;,&quot;camera&quot;:&quot;E-M5MarkII&quot;,&quot;caption&quot;:&quot;Mette Henriette. Foto: Petra Basche&quot;,&quot;created_timestamp&quot;:&quot;1478208664&quot;,&quot;copyright&quot;:&quot;Petra Basche&quot;,&quot;focal_length&quot;:&quot;48&quot;,&quot;iso&quot;:&quot;3200&quot;,&quot;shutter_speed&quot;:&quot;0.005&quot;,&quot;title&quot;:&quot;Mette Henriette. Foto: Petra Basche&quot;,&quot;orientation&quot;:&quot;1&quot;}\" data-image-title=\"Mette Henriette. Foto: Petra Basche\" data-image-description=\"&lt;p&gt;Mette Henriette. Foto: Petra Basche&lt;\/p&gt; \" data-medium-file=\"https:\/\/i0.wp.com\/www.jazzzeitung.de\/cms\/wp-content\/uploads\/2016\/11\/jazzfest_2016_Mette_Henriette0017t2016.jpg?fit=300%2C200&#038;ssl=1\" data-large-file=\"https:\/\/i0.wp.com\/www.jazzzeitung.de\/cms\/wp-content\/uploads\/2016\/11\/jazzfest_2016_Mette_Henriette0017t2016.jpg?fit=840%2C560&#038;ssl=1\" src=\"https:\/\/i0.wp.com\/www.jazzzeitung.de\/cms\/wp-content\/uploads\/2016\/11\/jazzfest_2016_Mette_Henriette0017t2016.jpg?w=576&#038;h=384&#038;ssl=1\" srcset=\"https:\/\/i0.wp.com\/www.jazzzeitung.de\/cms\/wp-content\/uploads\/2016\/11\/jazzfest_2016_Mette_Henriette0017t2016.jpg?w=1800&amp;ssl=1 1800w, https:\/\/i0.wp.com\/www.jazzzeitung.de\/cms\/wp-content\/uploads\/2016\/11\/jazzfest_2016_Mette_Henriette0017t2016.jpg?resize=300%2C200&amp;ssl=1 300w, https:\/\/i0.wp.com\/www.jazzzeitung.de\/cms\/wp-content\/uploads\/2016\/11\/jazzfest_2016_Mette_Henriette0017t2016.jpg?resize=768%2C512&amp;ssl=1 768w, https:\/\/i0.wp.com\/www.jazzzeitung.de\/cms\/wp-content\/uploads\/2016\/11\/jazzfest_2016_Mette_Henriette0017t2016.jpg?resize=900%2C600&amp;ssl=1 900w, https:\/\/i0.wp.com\/www.jazzzeitung.de\/cms\/wp-content\/uploads\/2016\/11\/jazzfest_2016_Mette_Henriette0017t2016.jpg?w=1680&amp;ssl=1 1680w\" width=\"576\" height=\"384\" loading=\"lazy\" data-original-width=\"576\" data-original-height=\"384\" itemprop=\"http:\/\/schema.org\/image\" title=\"Mette Henriette. Foto: Petra Basche\" alt=\"Mette Henriette. Foto: Petra Basche\" style=\"width: 576px; height: 384px;\" \/> <\/a> <div class=\"tiled-gallery-caption\" itemprop=\"caption description\"> Mette Henriette. Foto: Petra Basche <\/div> <\/div> <\/div> <!-- close group --> <\/div> <!-- close row --> <div class=\"gallery-row\" style=\"width: 840px; height: 608px;\" data-original-width=\"840\" data-original-height=\"608\" > <div class=\"gallery-group images-1\" style=\"width: 436px; height: 608px;\" data-original-width=\"436\" data-original-height=\"608\" > <div class=\"tiled-gallery-item tiled-gallery-item-large\" itemprop=\"associatedMedia\" itemscope itemtype=\"http:\/\/schema.org\/ImageObject\"> <a href=\"https:\/\/i0.wp.com\/www.jazzzeitung.de\/cms\/wp-content\/uploads\/2016\/11\/jazzfest_2016_Mette_Henriette0014t2016.jpg?ssl=1\" border=\"0\" itemprop=\"url\"> <meta itemprop=\"width\" content=\"432\"> <meta itemprop=\"height\" content=\"604\"> <img decoding=\"async\" class=\"\" data-attachment-id=\"10739\" data-orig-file=\"https:\/\/www.jazzzeitung.de\/cms\/wp-content\/uploads\/2016\/11\/jazzfest_2016_Mette_Henriette0014t2016.jpg\" data-orig-size=\"857,1200\" data-comments-opened=\"1\" data-image-meta=\"{&quot;aperture&quot;:&quot;2.8&quot;,&quot;credit&quot;:&quot;Pepa&quot;,&quot;camera&quot;:&quot;E-M5MarkII&quot;,&quot;caption&quot;:&quot;Mette Henriette. Foto: Petra Basche&quot;,&quot;created_timestamp&quot;:&quot;1478208176&quot;,&quot;copyright&quot;:&quot;Petra Basche&quot;,&quot;focal_length&quot;:&quot;115&quot;,&quot;iso&quot;:&quot;3200&quot;,&quot;shutter_speed&quot;:&quot;0.008&quot;,&quot;title&quot;:&quot;Mette Henriette. Foto: Petra Basche&quot;,&quot;orientation&quot;:&quot;1&quot;}\" data-image-title=\"Mette Henriette. Foto: Petra Basche\" data-image-description=\"&lt;p&gt;Mette Henriette. Foto: Petra Basche&lt;\/p&gt; \" data-medium-file=\"https:\/\/i0.wp.com\/www.jazzzeitung.de\/cms\/wp-content\/uploads\/2016\/11\/jazzfest_2016_Mette_Henriette0014t2016.jpg?fit=214%2C300&#038;ssl=1\" data-large-file=\"https:\/\/i0.wp.com\/www.jazzzeitung.de\/cms\/wp-content\/uploads\/2016\/11\/jazzfest_2016_Mette_Henriette0014t2016.jpg?fit=429%2C600&#038;ssl=1\" src=\"https:\/\/i0.wp.com\/www.jazzzeitung.de\/cms\/wp-content\/uploads\/2016\/11\/jazzfest_2016_Mette_Henriette0014t2016.jpg?w=432&#038;h=604&#038;ssl=1\" srcset=\"https:\/\/i0.wp.com\/www.jazzzeitung.de\/cms\/wp-content\/uploads\/2016\/11\/jazzfest_2016_Mette_Henriette0014t2016.jpg?w=857&amp;ssl=1 857w, https:\/\/i0.wp.com\/www.jazzzeitung.de\/cms\/wp-content\/uploads\/2016\/11\/jazzfest_2016_Mette_Henriette0014t2016.jpg?resize=214%2C300&amp;ssl=1 214w, https:\/\/i0.wp.com\/www.jazzzeitung.de\/cms\/wp-content\/uploads\/2016\/11\/jazzfest_2016_Mette_Henriette0014t2016.jpg?resize=768%2C1075&amp;ssl=1 768w, https:\/\/i0.wp.com\/www.jazzzeitung.de\/cms\/wp-content\/uploads\/2016\/11\/jazzfest_2016_Mette_Henriette0014t2016.jpg?resize=429%2C600&amp;ssl=1 429w\" width=\"432\" height=\"604\" loading=\"lazy\" data-original-width=\"432\" data-original-height=\"604\" itemprop=\"http:\/\/schema.org\/image\" title=\"Mette Henriette. Foto: Petra Basche\" alt=\"Mette Henriette. Foto: Petra Basche\" style=\"width: 432px; height: 604px;\" \/> <\/a> <div class=\"tiled-gallery-caption\" itemprop=\"caption description\"> Mette Henriette. Foto: Petra Basche <\/div> <\/div> <\/div> <!-- close group --> <div class=\"gallery-group images-2\" style=\"width: 404px; height: 608px;\" data-original-width=\"404\" data-original-height=\"608\" > <div class=\"tiled-gallery-item tiled-gallery-item-large\" itemprop=\"associatedMedia\" itemscope itemtype=\"http:\/\/schema.org\/ImageObject\"> <a href=\"https:\/\/i0.wp.com\/www.jazzzeitung.de\/cms\/wp-content\/uploads\/2016\/11\/2016_jazzfest_berlin_tag1_c_hufner-030066.jpg?ssl=1\" border=\"0\" itemprop=\"url\"> <meta itemprop=\"width\" content=\"400\"> <meta itemprop=\"height\" content=\"300\"> <img decoding=\"async\" class=\"\" data-attachment-id=\"10730\" data-orig-file=\"https:\/\/www.jazzzeitung.de\/cms\/wp-content\/uploads\/2016\/11\/2016_jazzfest_berlin_tag1_c_hufner-030066.jpg\" data-orig-size=\"1600,1200\" data-comments-opened=\"1\" data-image-meta=\"{&quot;aperture&quot;:&quot;5.6&quot;,&quot;credit&quot;:&quot;Dr. Martin Hufner&quot;,&quot;camera&quot;:&quot;E-M5MarkII&quot;,&quot;caption&quot;:&quot;Mette Henriette. Foto: Hufner&quot;,&quot;created_timestamp&quot;:&quot;1478204634&quot;,&quot;copyright&quot;:&quot;Martin Hufner&quot;,&quot;focal_length&quot;:&quot;150&quot;,&quot;iso&quot;:&quot;400&quot;,&quot;shutter_speed&quot;:&quot;0.4&quot;,&quot;title&quot;:&quot;Mette Henriette. Foto: Hufner&quot;,&quot;orientation&quot;:&quot;1&quot;}\" data-image-title=\"Mette Henriette. Foto: Hufner\" data-image-description=\"&lt;p&gt;Mette Henriette. Foto: Hufner&lt;\/p&gt; \" data-medium-file=\"https:\/\/i0.wp.com\/www.jazzzeitung.de\/cms\/wp-content\/uploads\/2016\/11\/2016_jazzfest_berlin_tag1_c_hufner-030066.jpg?fit=300%2C225&#038;ssl=1\" data-large-file=\"https:\/\/i0.wp.com\/www.jazzzeitung.de\/cms\/wp-content\/uploads\/2016\/11\/2016_jazzfest_berlin_tag1_c_hufner-030066.jpg?fit=800%2C600&#038;ssl=1\" src=\"https:\/\/i0.wp.com\/www.jazzzeitung.de\/cms\/wp-content\/uploads\/2016\/11\/2016_jazzfest_berlin_tag1_c_hufner-030066.jpg?w=400&#038;h=300&#038;ssl=1\" srcset=\"https:\/\/i0.wp.com\/www.jazzzeitung.de\/cms\/wp-content\/uploads\/2016\/11\/2016_jazzfest_berlin_tag1_c_hufner-030066.jpg?w=1600&amp;ssl=1 1600w, https:\/\/i0.wp.com\/www.jazzzeitung.de\/cms\/wp-content\/uploads\/2016\/11\/2016_jazzfest_berlin_tag1_c_hufner-030066.jpg?resize=300%2C225&amp;ssl=1 300w, https:\/\/i0.wp.com\/www.jazzzeitung.de\/cms\/wp-content\/uploads\/2016\/11\/2016_jazzfest_berlin_tag1_c_hufner-030066.jpg?resize=768%2C576&amp;ssl=1 768w, https:\/\/i0.wp.com\/www.jazzzeitung.de\/cms\/wp-content\/uploads\/2016\/11\/2016_jazzfest_berlin_tag1_c_hufner-030066.jpg?resize=800%2C600&amp;ssl=1 800w\" width=\"400\" height=\"300\" loading=\"lazy\" data-original-width=\"400\" data-original-height=\"300\" itemprop=\"http:\/\/schema.org\/image\" title=\"Mette Henriette. Foto: Hufner\" alt=\"Mette Henriette. Foto: Hufner\" style=\"width: 400px; height: 300px;\" \/> <\/a> <div class=\"tiled-gallery-caption\" itemprop=\"caption description\"> Mette Henriette. Foto: Hufner <\/div> <\/div> <div class=\"tiled-gallery-item tiled-gallery-item-large\" itemprop=\"associatedMedia\" itemscope itemtype=\"http:\/\/schema.org\/ImageObject\"> <a href=\"https:\/\/i0.wp.com\/www.jazzzeitung.de\/cms\/wp-content\/uploads\/2016\/11\/2016_jazzfest_berlin_tag1_c_hufner-030089.jpg?ssl=1\" border=\"0\" itemprop=\"url\"> <meta itemprop=\"width\" content=\"400\"> <meta itemprop=\"height\" content=\"300\"> <img decoding=\"async\" class=\"\" data-attachment-id=\"10733\" data-orig-file=\"https:\/\/www.jazzzeitung.de\/cms\/wp-content\/uploads\/2016\/11\/2016_jazzfest_berlin_tag1_c_hufner-030089.jpg\" data-orig-size=\"1600,1200\" data-comments-opened=\"1\" data-image-meta=\"{&quot;aperture&quot;:&quot;1.8&quot;,&quot;credit&quot;:&quot;Dr. Martin Hufner&quot;,&quot;camera&quot;:&quot;E-M5MarkII&quot;,&quot;caption&quot;:&quot;Mette Henriette. Foto: Hufner&quot;,&quot;created_timestamp&quot;:&quot;1478205394&quot;,&quot;copyright&quot;:&quot;Martin Hufner&quot;,&quot;focal_length&quot;:&quot;75&quot;,&quot;iso&quot;:&quot;500&quot;,&quot;shutter_speed&quot;:&quot;0.008&quot;,&quot;title&quot;:&quot;Mette Henriette. Foto: Hufner&quot;,&quot;orientation&quot;:&quot;1&quot;}\" data-image-title=\"Mette Henriette. Foto: Hufner\" data-image-description=\"&lt;p&gt;Mette Henriette. Foto: Hufner&lt;\/p&gt; \" data-medium-file=\"https:\/\/i0.wp.com\/www.jazzzeitung.de\/cms\/wp-content\/uploads\/2016\/11\/2016_jazzfest_berlin_tag1_c_hufner-030089.jpg?fit=300%2C225&#038;ssl=1\" data-large-file=\"https:\/\/i0.wp.com\/www.jazzzeitung.de\/cms\/wp-content\/uploads\/2016\/11\/2016_jazzfest_berlin_tag1_c_hufner-030089.jpg?fit=800%2C600&#038;ssl=1\" src=\"https:\/\/i0.wp.com\/www.jazzzeitung.de\/cms\/wp-content\/uploads\/2016\/11\/2016_jazzfest_berlin_tag1_c_hufner-030089.jpg?w=400&#038;h=300&#038;ssl=1\" srcset=\"https:\/\/i0.wp.com\/www.jazzzeitung.de\/cms\/wp-content\/uploads\/2016\/11\/2016_jazzfest_berlin_tag1_c_hufner-030089.jpg?w=1600&amp;ssl=1 1600w, https:\/\/i0.wp.com\/www.jazzzeitung.de\/cms\/wp-content\/uploads\/2016\/11\/2016_jazzfest_berlin_tag1_c_hufner-030089.jpg?resize=300%2C225&amp;ssl=1 300w, https:\/\/i0.wp.com\/www.jazzzeitung.de\/cms\/wp-content\/uploads\/2016\/11\/2016_jazzfest_berlin_tag1_c_hufner-030089.jpg?resize=768%2C576&amp;ssl=1 768w, https:\/\/i0.wp.com\/www.jazzzeitung.de\/cms\/wp-content\/uploads\/2016\/11\/2016_jazzfest_berlin_tag1_c_hufner-030089.jpg?resize=800%2C600&amp;ssl=1 800w\" width=\"400\" height=\"300\" loading=\"lazy\" data-original-width=\"400\" data-original-height=\"300\" itemprop=\"http:\/\/schema.org\/image\" title=\"Mette Henriette. Foto: Hufner\" alt=\"Mette Henriette. Foto: Hufner\" style=\"width: 400px; height: 300px;\" \/> <\/a> <div class=\"tiled-gallery-caption\" itemprop=\"caption description\"> Mette Henriette. Foto: Hufner <\/div> <\/div> <\/div> <!-- close group --> <\/div> <!-- close row --> <\/div>\n<p>Ihre St\u00fccke sind satztechnisch in vielen, zu vielen Punkten unsauber, ja offenh\u00f6rbar fehlerhaft. Mette Henriettes musikalisches Gravitationsfeld reicht da nicht aus. Man m\u00f6chte ihr zu Hilfe eilen und ist dabei abgeschreckt von dem heiligen Ernst der Angelegenheit. Dass sie und ihre Truppe es auch anders k\u00f6nnten, war in wenigen Momenten h\u00f6rbar wie bei dem kollektiven Klangrausch hinter dem Vorhang oder der Marschepisode. Oder bei einigen h\u00fcbschen Klangkombinationen gleich zu Beginn. Dessen ungeachtet folgte ihr das Publikum bis zum Ende brav lauschend und mit gro\u00dfem Applaus.<\/p>\n<h2><strong>Individukollektiv<br \/>\nWadada Leo Smith\u2019s Great Lakes Quartet<\/strong><\/h2>\n<p>Das sitzt! Sofort ist die musikalische Energie entfacht. Dazu bedarf es nur dreier langgezogener T\u00f6ne der Bl\u00e4ser Wadada Leo Smith (tp) und Jonathon Haffner (as) \u2013 dazu eine nerv\u00f6ses und brizzeliges, antreibendes Duo aus John Lindberg (b) und Marcus Gilmore (dm). Aufgestellt im Halbkreis, die Bl\u00e4sen au\u00dfen. Schon das macht den Unterschied. Es folgen epische Soli der Musiker \u2013 immer wieder Individualit\u00e4t und Kollektiv verschmelzend. Brodelnd, mit ges\u00e4ttigten T\u00f6nen bis unter die Kopfhaut. Die gehen Risiko! Die machen sich nackt.<\/p>\n<div class=\"tiled-gallery type-rectangular tiled-gallery-unresized\" data-original-width=\"840\" data-carousel-extra='{&quot;blog_id&quot;:1,&quot;permalink&quot;:&quot;https:\\\/\\\/www.jazzzeitung.de\\\/cms\\\/2016\\\/11\\\/jazzfest-berlin-1-man-kann-nicht-jazz-auch-julia-huelsmann-mette-henriette-und-wadada-leo-smith\\\/&quot;,&quot;likes_blog_id&quot;:55446655}' itemscope itemtype=\"http:\/\/schema.org\/ImageGallery\" > <div class=\"gallery-row\" style=\"width: 840px; height: 296px;\" data-original-width=\"840\" data-original-height=\"296\" > <div class=\"gallery-group images-1\" style=\"width: 199px; height: 296px;\" data-original-width=\"199\" data-original-height=\"296\" > <div class=\"tiled-gallery-item tiled-gallery-item-small\" itemprop=\"associatedMedia\" itemscope itemtype=\"http:\/\/schema.org\/ImageObject\"> <a href=\"https:\/\/i0.wp.com\/www.jazzzeitung.de\/cms\/wp-content\/uploads\/2016\/11\/jazzfest_2016_Wadada_Leo_Smith0003t2016.jpg?ssl=1\" border=\"0\" itemprop=\"url\"> <meta itemprop=\"width\" content=\"195\"> <meta itemprop=\"height\" content=\"292\"> <img decoding=\"async\" class=\"\" data-attachment-id=\"10749\" data-orig-file=\"https:\/\/www.jazzzeitung.de\/cms\/wp-content\/uploads\/2016\/11\/jazzfest_2016_Wadada_Leo_Smith0003t2016.jpg\" data-orig-size=\"801,1200\" data-comments-opened=\"1\" data-image-meta=\"{&quot;aperture&quot;:&quot;4&quot;,&quot;credit&quot;:&quot;Petra_Basche&quot;,&quot;camera&quot;:&quot;NIKON D800&quot;,&quot;caption&quot;:&quot;Wadada Leo Smith. Foto: Petra Basche&quot;,&quot;created_timestamp&quot;:&quot;1478212910&quot;,&quot;copyright&quot;:&quot;HuPe-Kollektiv&quot;,&quot;focal_length&quot;:&quot;170&quot;,&quot;iso&quot;:&quot;4000&quot;,&quot;shutter_speed&quot;:&quot;0.00625&quot;,&quot;title&quot;:&quot;Wadada Leo Smith. Foto: Petra Basche&quot;,&quot;orientation&quot;:&quot;1&quot;}\" data-image-title=\"Wadada Leo Smith. Foto: Petra Basche\" data-image-description=\"&lt;p&gt;Wadada Leo Smith. Foto: Petra Basche&lt;\/p&gt; \" data-medium-file=\"https:\/\/i0.wp.com\/www.jazzzeitung.de\/cms\/wp-content\/uploads\/2016\/11\/jazzfest_2016_Wadada_Leo_Smith0003t2016.jpg?fit=200%2C300&#038;ssl=1\" data-large-file=\"https:\/\/i0.wp.com\/www.jazzzeitung.de\/cms\/wp-content\/uploads\/2016\/11\/jazzfest_2016_Wadada_Leo_Smith0003t2016.jpg?fit=401%2C600&#038;ssl=1\" src=\"https:\/\/i0.wp.com\/www.jazzzeitung.de\/cms\/wp-content\/uploads\/2016\/11\/jazzfest_2016_Wadada_Leo_Smith0003t2016.jpg?w=195&#038;h=292&#038;ssl=1\" srcset=\"https:\/\/i0.wp.com\/www.jazzzeitung.de\/cms\/wp-content\/uploads\/2016\/11\/jazzfest_2016_Wadada_Leo_Smith0003t2016.jpg?w=801&amp;ssl=1 801w, https:\/\/i0.wp.com\/www.jazzzeitung.de\/cms\/wp-content\/uploads\/2016\/11\/jazzfest_2016_Wadada_Leo_Smith0003t2016.jpg?resize=200%2C300&amp;ssl=1 200w, https:\/\/i0.wp.com\/www.jazzzeitung.de\/cms\/wp-content\/uploads\/2016\/11\/jazzfest_2016_Wadada_Leo_Smith0003t2016.jpg?resize=768%2C1151&amp;ssl=1 768w, https:\/\/i0.wp.com\/www.jazzzeitung.de\/cms\/wp-content\/uploads\/2016\/11\/jazzfest_2016_Wadada_Leo_Smith0003t2016.jpg?resize=401%2C600&amp;ssl=1 401w\" width=\"195\" height=\"292\" loading=\"lazy\" data-original-width=\"195\" data-original-height=\"292\" itemprop=\"http:\/\/schema.org\/image\" title=\"Wadada Leo Smith. Foto: Petra Basche\" alt=\"Wadada Leo Smith. Foto: Petra Basche\" style=\"width: 195px; height: 292px;\" \/> <\/a> <div class=\"tiled-gallery-caption\" itemprop=\"caption description\"> Wadada Leo Smith. Foto: Petra Basche <\/div> <\/div> <\/div> <!-- close group --> <div class=\"gallery-group images-1\" style=\"width: 442px; height: 296px;\" data-original-width=\"442\" data-original-height=\"296\" > <div class=\"tiled-gallery-item tiled-gallery-item-large\" itemprop=\"associatedMedia\" itemscope itemtype=\"http:\/\/schema.org\/ImageObject\"> <a href=\"https:\/\/i0.wp.com\/www.jazzzeitung.de\/cms\/wp-content\/uploads\/2016\/11\/jazzfest_2016_Wadada_Leo_Smith0025t2016.jpg?ssl=1\" border=\"0\" itemprop=\"url\"> <meta itemprop=\"width\" content=\"438\"> <meta itemprop=\"height\" content=\"292\"> <img decoding=\"async\" class=\"\" data-attachment-id=\"10756\" data-orig-file=\"https:\/\/www.jazzzeitung.de\/cms\/wp-content\/uploads\/2016\/11\/jazzfest_2016_Wadada_Leo_Smith0025t2016.jpg\" data-orig-size=\"1798,1200\" data-comments-opened=\"1\" data-image-meta=\"{&quot;aperture&quot;:&quot;4&quot;,&quot;credit&quot;:&quot;Petra_Basche&quot;,&quot;camera&quot;:&quot;NIKON D800&quot;,&quot;caption&quot;:&quot;Wadada Leo Smith\\u2019s Great Lakes Quartet. Foto: Petra Basche&quot;,&quot;created_timestamp&quot;:&quot;1478214867&quot;,&quot;copyright&quot;:&quot;HuPe-Kollektiv&quot;,&quot;focal_length&quot;:&quot;35&quot;,&quot;iso&quot;:&quot;4000&quot;,&quot;shutter_speed&quot;:&quot;0.00625&quot;,&quot;title&quot;:&quot;Wadada Leo Smith\\u2019s Great Lakes Quartet. Foto: Petra Basche&quot;,&quot;orientation&quot;:&quot;1&quot;}\" data-image-title=\"Wadada Leo Smith\u2019s Great Lakes Quartet. Foto: Petra Basche\" data-image-description=\"&lt;p&gt;Wadada Leo Smith\u2019s Great Lakes Quartet. Foto: Petra Basche&lt;\/p&gt; \" data-medium-file=\"https:\/\/i0.wp.com\/www.jazzzeitung.de\/cms\/wp-content\/uploads\/2016\/11\/jazzfest_2016_Wadada_Leo_Smith0025t2016.jpg?fit=300%2C200&#038;ssl=1\" data-large-file=\"https:\/\/i0.wp.com\/www.jazzzeitung.de\/cms\/wp-content\/uploads\/2016\/11\/jazzfest_2016_Wadada_Leo_Smith0025t2016.jpg?fit=840%2C560&#038;ssl=1\" src=\"https:\/\/i0.wp.com\/www.jazzzeitung.de\/cms\/wp-content\/uploads\/2016\/11\/jazzfest_2016_Wadada_Leo_Smith0025t2016.jpg?w=438&#038;h=292&#038;ssl=1\" srcset=\"https:\/\/i0.wp.com\/www.jazzzeitung.de\/cms\/wp-content\/uploads\/2016\/11\/jazzfest_2016_Wadada_Leo_Smith0025t2016.jpg?w=1798&amp;ssl=1 1798w, https:\/\/i0.wp.com\/www.jazzzeitung.de\/cms\/wp-content\/uploads\/2016\/11\/jazzfest_2016_Wadada_Leo_Smith0025t2016.jpg?resize=300%2C200&amp;ssl=1 300w, https:\/\/i0.wp.com\/www.jazzzeitung.de\/cms\/wp-content\/uploads\/2016\/11\/jazzfest_2016_Wadada_Leo_Smith0025t2016.jpg?resize=768%2C513&amp;ssl=1 768w, https:\/\/i0.wp.com\/www.jazzzeitung.de\/cms\/wp-content\/uploads\/2016\/11\/jazzfest_2016_Wadada_Leo_Smith0025t2016.jpg?resize=900%2C600&amp;ssl=1 900w, https:\/\/i0.wp.com\/www.jazzzeitung.de\/cms\/wp-content\/uploads\/2016\/11\/jazzfest_2016_Wadada_Leo_Smith0025t2016.jpg?w=1680&amp;ssl=1 1680w\" width=\"438\" height=\"292\" loading=\"lazy\" data-original-width=\"438\" data-original-height=\"292\" itemprop=\"http:\/\/schema.org\/image\" title=\"Wadada Leo Smith\u2019s Great Lakes Quartet. Foto: Petra Basche\" alt=\"Wadada Leo Smith\u2019s Great Lakes Quartet. Foto: Petra Basche\" style=\"width: 438px; height: 292px;\" \/> <\/a> <div class=\"tiled-gallery-caption\" itemprop=\"caption description\"> Wadada Leo Smith\u2019s Great Lakes Quartet. Foto: Petra Basche <\/div> <\/div> <\/div> <!-- close group --> <div class=\"gallery-group images-1\" style=\"width: 199px; height: 296px;\" data-original-width=\"199\" data-original-height=\"296\" > <div class=\"tiled-gallery-item tiled-gallery-item-small\" itemprop=\"associatedMedia\" itemscope itemtype=\"http:\/\/schema.org\/ImageObject\"> <a href=\"https:\/\/i0.wp.com\/www.jazzzeitung.de\/cms\/wp-content\/uploads\/2016\/11\/jazzfest_2016_Wadada_Leo_Smith0002t2016.jpg?ssl=1\" border=\"0\" itemprop=\"url\"> <meta itemprop=\"width\" content=\"195\"> <meta itemprop=\"height\" content=\"292\"> <img decoding=\"async\" class=\"\" data-attachment-id=\"10748\" data-orig-file=\"https:\/\/www.jazzzeitung.de\/cms\/wp-content\/uploads\/2016\/11\/jazzfest_2016_Wadada_Leo_Smith0002t2016.jpg\" data-orig-size=\"801,1200\" data-comments-opened=\"1\" data-image-meta=\"{&quot;aperture&quot;:&quot;3.2&quot;,&quot;credit&quot;:&quot;Petra_Basche&quot;,&quot;camera&quot;:&quot;NIKON D800&quot;,&quot;caption&quot;:&quot;Jonathon Haffner alto saxophone, clarinet. Foto: Petra Basche&quot;,&quot;created_timestamp&quot;:&quot;1478212687&quot;,&quot;copyright&quot;:&quot;HuPe-Kollektiv&quot;,&quot;focal_length&quot;:&quot;82&quot;,&quot;iso&quot;:&quot;4000&quot;,&quot;shutter_speed&quot;:&quot;0.00625&quot;,&quot;title&quot;:&quot;Jonathon Haffner alto saxophone, clarinet. Foto: Petra Basche&quot;,&quot;orientation&quot;:&quot;1&quot;}\" data-image-title=\"Jonathon Haffner alto saxophone, clarinet. Foto: Petra Basche\" data-image-description=\"&lt;p&gt;Jonathon Haffner alto saxophone, clarinet. Foto: Petra Basche&lt;\/p&gt; \" data-medium-file=\"https:\/\/i0.wp.com\/www.jazzzeitung.de\/cms\/wp-content\/uploads\/2016\/11\/jazzfest_2016_Wadada_Leo_Smith0002t2016.jpg?fit=200%2C300&#038;ssl=1\" data-large-file=\"https:\/\/i0.wp.com\/www.jazzzeitung.de\/cms\/wp-content\/uploads\/2016\/11\/jazzfest_2016_Wadada_Leo_Smith0002t2016.jpg?fit=401%2C600&#038;ssl=1\" src=\"https:\/\/i0.wp.com\/www.jazzzeitung.de\/cms\/wp-content\/uploads\/2016\/11\/jazzfest_2016_Wadada_Leo_Smith0002t2016.jpg?w=195&#038;h=292&#038;ssl=1\" srcset=\"https:\/\/i0.wp.com\/www.jazzzeitung.de\/cms\/wp-content\/uploads\/2016\/11\/jazzfest_2016_Wadada_Leo_Smith0002t2016.jpg?w=801&amp;ssl=1 801w, https:\/\/i0.wp.com\/www.jazzzeitung.de\/cms\/wp-content\/uploads\/2016\/11\/jazzfest_2016_Wadada_Leo_Smith0002t2016.jpg?resize=200%2C300&amp;ssl=1 200w, https:\/\/i0.wp.com\/www.jazzzeitung.de\/cms\/wp-content\/uploads\/2016\/11\/jazzfest_2016_Wadada_Leo_Smith0002t2016.jpg?resize=768%2C1151&amp;ssl=1 768w, https:\/\/i0.wp.com\/www.jazzzeitung.de\/cms\/wp-content\/uploads\/2016\/11\/jazzfest_2016_Wadada_Leo_Smith0002t2016.jpg?resize=401%2C600&amp;ssl=1 401w\" width=\"195\" height=\"292\" loading=\"lazy\" data-original-width=\"195\" data-original-height=\"292\" itemprop=\"http:\/\/schema.org\/image\" title=\"Jonathon Haffner alto saxophone, clarinet. Foto: Petra Basche\" alt=\"Jonathon Haffner alto saxophone, clarinet. Foto: Petra Basche\" style=\"width: 195px; height: 292px;\" \/> <\/a> <div class=\"tiled-gallery-caption\" itemprop=\"caption description\"> Jonathon Haffner alto saxophone, clarinet. Foto: Petra Basche <\/div> <\/div> <\/div> <!-- close group --> <\/div> <!-- close row --> <div class=\"gallery-row\" style=\"width: 840px; height: 239px;\" data-original-width=\"840\" data-original-height=\"239\" > <div class=\"gallery-group images-1\" style=\"width: 161px; height: 239px;\" data-original-width=\"161\" data-original-height=\"239\" > <div class=\"tiled-gallery-item tiled-gallery-item-small\" itemprop=\"associatedMedia\" itemscope itemtype=\"http:\/\/schema.org\/ImageObject\"> <a href=\"https:\/\/i0.wp.com\/www.jazzzeitung.de\/cms\/wp-content\/uploads\/2016\/11\/jazzfest_2016_Wadada_Leo_Smith0009t2016.jpg?ssl=1\" border=\"0\" itemprop=\"url\"> <meta itemprop=\"width\" content=\"157\"> <meta itemprop=\"height\" content=\"235\"> <img decoding=\"async\" class=\"\" data-attachment-id=\"10753\" data-orig-file=\"https:\/\/www.jazzzeitung.de\/cms\/wp-content\/uploads\/2016\/11\/jazzfest_2016_Wadada_Leo_Smith0009t2016.jpg\" data-orig-size=\"800,1200\" data-comments-opened=\"1\" data-image-meta=\"{&quot;aperture&quot;:&quot;2.8&quot;,&quot;credit&quot;:&quot;Pepa&quot;,&quot;camera&quot;:&quot;E-M5MarkII&quot;,&quot;caption&quot;:&quot;Marcus Gilmore drums. Foto: Petra Basche&quot;,&quot;created_timestamp&quot;:&quot;1478213367&quot;,&quot;copyright&quot;:&quot;Petra Basche&quot;,&quot;focal_length&quot;:&quot;70&quot;,&quot;iso&quot;:&quot;1250&quot;,&quot;shutter_speed&quot;:&quot;0.0125&quot;,&quot;title&quot;:&quot;Marcus Gilmore drums. Foto: Petra Basche&quot;,&quot;orientation&quot;:&quot;1&quot;}\" data-image-title=\"Marcus Gilmore drums. Foto: Petra Basche\" data-image-description=\"&lt;p&gt;Marcus Gilmore drums. Foto: Petra Basche&lt;\/p&gt; \" data-medium-file=\"https:\/\/i0.wp.com\/www.jazzzeitung.de\/cms\/wp-content\/uploads\/2016\/11\/jazzfest_2016_Wadada_Leo_Smith0009t2016.jpg?fit=200%2C300&#038;ssl=1\" data-large-file=\"https:\/\/i0.wp.com\/www.jazzzeitung.de\/cms\/wp-content\/uploads\/2016\/11\/jazzfest_2016_Wadada_Leo_Smith0009t2016.jpg?fit=400%2C600&#038;ssl=1\" src=\"https:\/\/i0.wp.com\/www.jazzzeitung.de\/cms\/wp-content\/uploads\/2016\/11\/jazzfest_2016_Wadada_Leo_Smith0009t2016.jpg?w=157&#038;h=235&#038;ssl=1\" srcset=\"https:\/\/i0.wp.com\/www.jazzzeitung.de\/cms\/wp-content\/uploads\/2016\/11\/jazzfest_2016_Wadada_Leo_Smith0009t2016.jpg?w=800&amp;ssl=1 800w, https:\/\/i0.wp.com\/www.jazzzeitung.de\/cms\/wp-content\/uploads\/2016\/11\/jazzfest_2016_Wadada_Leo_Smith0009t2016.jpg?resize=200%2C300&amp;ssl=1 200w, https:\/\/i0.wp.com\/www.jazzzeitung.de\/cms\/wp-content\/uploads\/2016\/11\/jazzfest_2016_Wadada_Leo_Smith0009t2016.jpg?resize=768%2C1152&amp;ssl=1 768w, https:\/\/i0.wp.com\/www.jazzzeitung.de\/cms\/wp-content\/uploads\/2016\/11\/jazzfest_2016_Wadada_Leo_Smith0009t2016.jpg?resize=400%2C600&amp;ssl=1 400w\" width=\"157\" height=\"235\" loading=\"lazy\" data-original-width=\"157\" data-original-height=\"235\" itemprop=\"http:\/\/schema.org\/image\" title=\"Marcus Gilmore drums. Foto: Petra Basche\" alt=\"Marcus Gilmore drums. Foto: Petra Basche\" style=\"width: 157px; height: 235px;\" \/> <\/a> <div class=\"tiled-gallery-caption\" itemprop=\"caption description\"> Marcus Gilmore drums. Foto: Petra Basche <\/div> <\/div> <\/div> <!-- close group --> <div class=\"gallery-group images-1\" style=\"width: 357px; height: 239px;\" data-original-width=\"357\" data-original-height=\"239\" > <div class=\"tiled-gallery-item tiled-gallery-item-large\" itemprop=\"associatedMedia\" itemscope itemtype=\"http:\/\/schema.org\/ImageObject\"> <a href=\"https:\/\/i0.wp.com\/www.jazzzeitung.de\/cms\/wp-content\/uploads\/2016\/11\/jazzfest_2016_Wadada_Leo_Smith0022t2016.jpg?ssl=1\" border=\"0\" itemprop=\"url\"> <meta itemprop=\"width\" content=\"353\"> <meta itemprop=\"height\" content=\"235\"> <img decoding=\"async\" class=\"\" data-attachment-id=\"10755\" data-orig-file=\"https:\/\/www.jazzzeitung.de\/cms\/wp-content\/uploads\/2016\/11\/jazzfest_2016_Wadada_Leo_Smith0022t2016.jpg\" data-orig-size=\"1800,1200\" data-comments-opened=\"1\" data-image-meta=\"{&quot;aperture&quot;:&quot;2.8&quot;,&quot;credit&quot;:&quot;Pepa&quot;,&quot;camera&quot;:&quot;E-M5MarkII&quot;,&quot;caption&quot;:&quot;Wadada Leo Smith. Foto: Petra Basche&quot;,&quot;created_timestamp&quot;:&quot;1478214695&quot;,&quot;copyright&quot;:&quot;Petra Basche&quot;,&quot;focal_length&quot;:&quot;40&quot;,&quot;iso&quot;:&quot;2500&quot;,&quot;shutter_speed&quot;:&quot;0.16666666666667&quot;,&quot;title&quot;:&quot;Wadada Leo Smith. Foto: Petra Basche&quot;,&quot;orientation&quot;:&quot;1&quot;}\" data-image-title=\"Wadada Leo Smith. Foto: Petra Basche\" data-image-description=\"&lt;p&gt;Wadada Leo Smith. Foto: Petra Basche&lt;\/p&gt; \" data-medium-file=\"https:\/\/i0.wp.com\/www.jazzzeitung.de\/cms\/wp-content\/uploads\/2016\/11\/jazzfest_2016_Wadada_Leo_Smith0022t2016.jpg?fit=300%2C200&#038;ssl=1\" data-large-file=\"https:\/\/i0.wp.com\/www.jazzzeitung.de\/cms\/wp-content\/uploads\/2016\/11\/jazzfest_2016_Wadada_Leo_Smith0022t2016.jpg?fit=840%2C560&#038;ssl=1\" src=\"https:\/\/i0.wp.com\/www.jazzzeitung.de\/cms\/wp-content\/uploads\/2016\/11\/jazzfest_2016_Wadada_Leo_Smith0022t2016.jpg?w=353&#038;h=235&#038;ssl=1\" srcset=\"https:\/\/i0.wp.com\/www.jazzzeitung.de\/cms\/wp-content\/uploads\/2016\/11\/jazzfest_2016_Wadada_Leo_Smith0022t2016.jpg?w=1800&amp;ssl=1 1800w, https:\/\/i0.wp.com\/www.jazzzeitung.de\/cms\/wp-content\/uploads\/2016\/11\/jazzfest_2016_Wadada_Leo_Smith0022t2016.jpg?resize=300%2C200&amp;ssl=1 300w, https:\/\/i0.wp.com\/www.jazzzeitung.de\/cms\/wp-content\/uploads\/2016\/11\/jazzfest_2016_Wadada_Leo_Smith0022t2016.jpg?resize=768%2C512&amp;ssl=1 768w, https:\/\/i0.wp.com\/www.jazzzeitung.de\/cms\/wp-content\/uploads\/2016\/11\/jazzfest_2016_Wadada_Leo_Smith0022t2016.jpg?resize=900%2C600&amp;ssl=1 900w, https:\/\/i0.wp.com\/www.jazzzeitung.de\/cms\/wp-content\/uploads\/2016\/11\/jazzfest_2016_Wadada_Leo_Smith0022t2016.jpg?w=1680&amp;ssl=1 1680w\" width=\"353\" height=\"235\" loading=\"lazy\" data-original-width=\"353\" data-original-height=\"235\" itemprop=\"http:\/\/schema.org\/image\" title=\"Wadada Leo Smith. Foto: Petra Basche\" alt=\"Wadada Leo Smith. Foto: Petra Basche\" style=\"width: 353px; height: 235px;\" \/> <\/a> <div class=\"tiled-gallery-caption\" itemprop=\"caption description\"> Wadada Leo Smith. Foto: Petra Basche <\/div> <\/div> <\/div> <!-- close group --> <div class=\"gallery-group images-1\" style=\"width: 161px; height: 239px;\" data-original-width=\"161\" data-original-height=\"239\" > <div class=\"tiled-gallery-item tiled-gallery-item-small\" itemprop=\"associatedMedia\" itemscope itemtype=\"http:\/\/schema.org\/ImageObject\"> <a href=\"https:\/\/i0.wp.com\/www.jazzzeitung.de\/cms\/wp-content\/uploads\/2016\/11\/jazzfest_2016_Wadada_Leo_Smith0005t2016.jpg?ssl=1\" border=\"0\" itemprop=\"url\"> <meta itemprop=\"width\" content=\"157\"> <meta itemprop=\"height\" content=\"235\"> <img decoding=\"async\" class=\"\" data-attachment-id=\"10750\" data-orig-file=\"https:\/\/www.jazzzeitung.de\/cms\/wp-content\/uploads\/2016\/11\/jazzfest_2016_Wadada_Leo_Smith0005t2016.jpg\" data-orig-size=\"800,1200\" data-comments-opened=\"1\" data-image-meta=\"{&quot;aperture&quot;:&quot;2.8&quot;,&quot;credit&quot;:&quot;Pepa&quot;,&quot;camera&quot;:&quot;E-M5MarkII&quot;,&quot;caption&quot;:&quot;Wadada Leo Smith. Foto: Petra Basche&quot;,&quot;created_timestamp&quot;:&quot;1478213164&quot;,&quot;copyright&quot;:&quot;Petra Basche&quot;,&quot;focal_length&quot;:&quot;150&quot;,&quot;iso&quot;:&quot;1250&quot;,&quot;shutter_speed&quot;:&quot;0.008&quot;,&quot;title&quot;:&quot;Wadada Leo Smith. Foto: Petra Basche&quot;,&quot;orientation&quot;:&quot;1&quot;}\" data-image-title=\"Wadada Leo Smith. Foto: Petra Basche\" data-image-description=\"&lt;p&gt;Wadada Leo Smith. Foto: Petra Basche&lt;\/p&gt; \" data-medium-file=\"https:\/\/i0.wp.com\/www.jazzzeitung.de\/cms\/wp-content\/uploads\/2016\/11\/jazzfest_2016_Wadada_Leo_Smith0005t2016.jpg?fit=200%2C300&#038;ssl=1\" data-large-file=\"https:\/\/i0.wp.com\/www.jazzzeitung.de\/cms\/wp-content\/uploads\/2016\/11\/jazzfest_2016_Wadada_Leo_Smith0005t2016.jpg?fit=400%2C600&#038;ssl=1\" src=\"https:\/\/i0.wp.com\/www.jazzzeitung.de\/cms\/wp-content\/uploads\/2016\/11\/jazzfest_2016_Wadada_Leo_Smith0005t2016.jpg?w=157&#038;h=235&#038;ssl=1\" srcset=\"https:\/\/i0.wp.com\/www.jazzzeitung.de\/cms\/wp-content\/uploads\/2016\/11\/jazzfest_2016_Wadada_Leo_Smith0005t2016.jpg?w=800&amp;ssl=1 800w, https:\/\/i0.wp.com\/www.jazzzeitung.de\/cms\/wp-content\/uploads\/2016\/11\/jazzfest_2016_Wadada_Leo_Smith0005t2016.jpg?resize=200%2C300&amp;ssl=1 200w, https:\/\/i0.wp.com\/www.jazzzeitung.de\/cms\/wp-content\/uploads\/2016\/11\/jazzfest_2016_Wadada_Leo_Smith0005t2016.jpg?resize=768%2C1152&amp;ssl=1 768w, https:\/\/i0.wp.com\/www.jazzzeitung.de\/cms\/wp-content\/uploads\/2016\/11\/jazzfest_2016_Wadada_Leo_Smith0005t2016.jpg?resize=400%2C600&amp;ssl=1 400w\" width=\"157\" height=\"235\" loading=\"lazy\" data-original-width=\"157\" data-original-height=\"235\" itemprop=\"http:\/\/schema.org\/image\" title=\"Wadada Leo Smith. Foto: Petra Basche\" alt=\"Wadada Leo Smith. Foto: Petra Basche\" style=\"width: 157px; height: 235px;\" \/> <\/a> <div class=\"tiled-gallery-caption\" itemprop=\"caption description\"> Wadada Leo Smith. Foto: Petra Basche <\/div> <\/div> <\/div> <!-- close group --> <div class=\"gallery-group images-1\" style=\"width: 161px; height: 239px;\" data-original-width=\"161\" data-original-height=\"239\" > <div class=\"tiled-gallery-item tiled-gallery-item-small\" itemprop=\"associatedMedia\" itemscope itemtype=\"http:\/\/schema.org\/ImageObject\"> <a href=\"https:\/\/i0.wp.com\/www.jazzzeitung.de\/cms\/wp-content\/uploads\/2016\/11\/jazzfest_2016_Wadada_Leo_Smith0006t2016.jpg?ssl=1\" border=\"0\" itemprop=\"url\"> <meta itemprop=\"width\" content=\"157\"> <meta itemprop=\"height\" content=\"235\"> <img decoding=\"async\" class=\"\" data-attachment-id=\"10751\" data-orig-file=\"https:\/\/www.jazzzeitung.de\/cms\/wp-content\/uploads\/2016\/11\/jazzfest_2016_Wadada_Leo_Smith0006t2016.jpg\" data-orig-size=\"800,1200\" data-comments-opened=\"1\" data-image-meta=\"{&quot;aperture&quot;:&quot;2.8&quot;,&quot;credit&quot;:&quot;Pepa&quot;,&quot;camera&quot;:&quot;E-M5MarkII&quot;,&quot;caption&quot;:&quot;Wadada Leo Smith. Foto: Petra Basche&quot;,&quot;created_timestamp&quot;:&quot;1478213234&quot;,&quot;copyright&quot;:&quot;Petra Basche&quot;,&quot;focal_length&quot;:&quot;150&quot;,&quot;iso&quot;:&quot;1250&quot;,&quot;shutter_speed&quot;:&quot;0.0125&quot;,&quot;title&quot;:&quot;Wadada Leo Smith. Foto: Petra Basche&quot;,&quot;orientation&quot;:&quot;1&quot;}\" data-image-title=\"Wadada Leo Smith. Foto: Petra Basche\" data-image-description=\"&lt;p&gt;Wadada Leo Smith. Foto: Petra Basche&lt;\/p&gt; \" data-medium-file=\"https:\/\/i0.wp.com\/www.jazzzeitung.de\/cms\/wp-content\/uploads\/2016\/11\/jazzfest_2016_Wadada_Leo_Smith0006t2016.jpg?fit=200%2C300&#038;ssl=1\" data-large-file=\"https:\/\/i0.wp.com\/www.jazzzeitung.de\/cms\/wp-content\/uploads\/2016\/11\/jazzfest_2016_Wadada_Leo_Smith0006t2016.jpg?fit=400%2C600&#038;ssl=1\" src=\"https:\/\/i0.wp.com\/www.jazzzeitung.de\/cms\/wp-content\/uploads\/2016\/11\/jazzfest_2016_Wadada_Leo_Smith0006t2016.jpg?w=157&#038;h=235&#038;ssl=1\" srcset=\"https:\/\/i0.wp.com\/www.jazzzeitung.de\/cms\/wp-content\/uploads\/2016\/11\/jazzfest_2016_Wadada_Leo_Smith0006t2016.jpg?w=800&amp;ssl=1 800w, https:\/\/i0.wp.com\/www.jazzzeitung.de\/cms\/wp-content\/uploads\/2016\/11\/jazzfest_2016_Wadada_Leo_Smith0006t2016.jpg?resize=200%2C300&amp;ssl=1 200w, https:\/\/i0.wp.com\/www.jazzzeitung.de\/cms\/wp-content\/uploads\/2016\/11\/jazzfest_2016_Wadada_Leo_Smith0006t2016.jpg?resize=768%2C1152&amp;ssl=1 768w, https:\/\/i0.wp.com\/www.jazzzeitung.de\/cms\/wp-content\/uploads\/2016\/11\/jazzfest_2016_Wadada_Leo_Smith0006t2016.jpg?resize=400%2C600&amp;ssl=1 400w\" width=\"157\" height=\"235\" loading=\"lazy\" data-original-width=\"157\" data-original-height=\"235\" itemprop=\"http:\/\/schema.org\/image\" title=\"Wadada Leo Smith. Foto: Petra Basche\" alt=\"Wadada Leo Smith. Foto: Petra Basche\" style=\"width: 157px; height: 235px;\" \/> <\/a> <div class=\"tiled-gallery-caption\" itemprop=\"caption description\"> Wadada Leo Smith. Foto: Petra Basche <\/div> <\/div> <\/div> <!-- close group --> <\/div> <!-- close row --> <div class=\"gallery-row\" style=\"width: 840px; height: 388px;\" data-original-width=\"840\" data-original-height=\"388\" > <div class=\"gallery-group images-1\" style=\"width: 260px; height: 388px;\" data-original-width=\"260\" data-original-height=\"388\" > <div class=\"tiled-gallery-item tiled-gallery-item-large\" itemprop=\"associatedMedia\" itemscope itemtype=\"http:\/\/schema.org\/ImageObject\"> <a href=\"https:\/\/i0.wp.com\/www.jazzzeitung.de\/cms\/wp-content\/uploads\/2016\/11\/jazzfest_2016_Wadada_Leo_Smith0015t2016.jpg?ssl=1\" border=\"0\" itemprop=\"url\"> <meta itemprop=\"width\" content=\"256\"> <meta itemprop=\"height\" content=\"384\"> <img decoding=\"async\" class=\"\" data-attachment-id=\"10754\" data-orig-file=\"https:\/\/www.jazzzeitung.de\/cms\/wp-content\/uploads\/2016\/11\/jazzfest_2016_Wadada_Leo_Smith0015t2016.jpg\" data-orig-size=\"800,1200\" data-comments-opened=\"1\" data-image-meta=\"{&quot;aperture&quot;:&quot;2.8&quot;,&quot;credit&quot;:&quot;Pepa&quot;,&quot;camera&quot;:&quot;E-M5MarkII&quot;,&quot;caption&quot;:&quot;Wadada Leo Smith. Foto: Petra Basche&quot;,&quot;created_timestamp&quot;:&quot;1478213914&quot;,&quot;copyright&quot;:&quot;Petra Basche&quot;,&quot;focal_length&quot;:&quot;40&quot;,&quot;iso&quot;:&quot;2500&quot;,&quot;shutter_speed&quot;:&quot;0.033333333333333&quot;,&quot;title&quot;:&quot;Wadada Leo Smith. Foto: Petra Basche&quot;,&quot;orientation&quot;:&quot;1&quot;}\" data-image-title=\"Wadada Leo Smith. Foto: Petra Basche\" data-image-description=\"&lt;p&gt;Wadada Leo Smith. Foto: Petra Basche&lt;\/p&gt; \" data-medium-file=\"https:\/\/i0.wp.com\/www.jazzzeitung.de\/cms\/wp-content\/uploads\/2016\/11\/jazzfest_2016_Wadada_Leo_Smith0015t2016.jpg?fit=200%2C300&#038;ssl=1\" data-large-file=\"https:\/\/i0.wp.com\/www.jazzzeitung.de\/cms\/wp-content\/uploads\/2016\/11\/jazzfest_2016_Wadada_Leo_Smith0015t2016.jpg?fit=400%2C600&#038;ssl=1\" src=\"https:\/\/i0.wp.com\/www.jazzzeitung.de\/cms\/wp-content\/uploads\/2016\/11\/jazzfest_2016_Wadada_Leo_Smith0015t2016.jpg?w=256&#038;h=384&#038;ssl=1\" srcset=\"https:\/\/i0.wp.com\/www.jazzzeitung.de\/cms\/wp-content\/uploads\/2016\/11\/jazzfest_2016_Wadada_Leo_Smith0015t2016.jpg?w=800&amp;ssl=1 800w, https:\/\/i0.wp.com\/www.jazzzeitung.de\/cms\/wp-content\/uploads\/2016\/11\/jazzfest_2016_Wadada_Leo_Smith0015t2016.jpg?resize=200%2C300&amp;ssl=1 200w, https:\/\/i0.wp.com\/www.jazzzeitung.de\/cms\/wp-content\/uploads\/2016\/11\/jazzfest_2016_Wadada_Leo_Smith0015t2016.jpg?resize=768%2C1152&amp;ssl=1 768w, https:\/\/i0.wp.com\/www.jazzzeitung.de\/cms\/wp-content\/uploads\/2016\/11\/jazzfest_2016_Wadada_Leo_Smith0015t2016.jpg?resize=400%2C600&amp;ssl=1 400w\" width=\"256\" height=\"384\" loading=\"lazy\" data-original-width=\"256\" data-original-height=\"384\" itemprop=\"http:\/\/schema.org\/image\" title=\"Wadada Leo Smith. Foto: Petra Basche\" alt=\"Wadada Leo Smith. Foto: Petra Basche\" style=\"width: 256px; height: 384px;\" \/> <\/a> <div class=\"tiled-gallery-caption\" itemprop=\"caption description\"> Wadada Leo Smith. Foto: Petra Basche <\/div> <\/div> <\/div> <!-- close group --> <div class=\"gallery-group images-1\" style=\"width: 580px; height: 388px;\" data-original-width=\"580\" data-original-height=\"388\" > <div class=\"tiled-gallery-item tiled-gallery-item-large\" itemprop=\"associatedMedia\" itemscope itemtype=\"http:\/\/schema.org\/ImageObject\"> <a href=\"https:\/\/i0.wp.com\/www.jazzzeitung.de\/cms\/wp-content\/uploads\/2016\/11\/jazzfest_2016_Wadada_Leo_Smith0007t2016.jpg?ssl=1\" border=\"0\" itemprop=\"url\"> <meta itemprop=\"width\" content=\"576\"> <meta itemprop=\"height\" content=\"384\"> <img decoding=\"async\" class=\"\" data-attachment-id=\"10752\" data-orig-file=\"https:\/\/www.jazzzeitung.de\/cms\/wp-content\/uploads\/2016\/11\/jazzfest_2016_Wadada_Leo_Smith0007t2016.jpg\" data-orig-size=\"1800,1200\" data-comments-opened=\"1\" data-image-meta=\"{&quot;aperture&quot;:&quot;2.8&quot;,&quot;credit&quot;:&quot;Pepa&quot;,&quot;camera&quot;:&quot;E-M5MarkII&quot;,&quot;caption&quot;:&quot;Marcus Gilmore drums. Foto: Petra Basche&quot;,&quot;created_timestamp&quot;:&quot;1478213294&quot;,&quot;copyright&quot;:&quot;Petra Basche&quot;,&quot;focal_length&quot;:&quot;97&quot;,&quot;iso&quot;:&quot;1250&quot;,&quot;shutter_speed&quot;:&quot;0.016666666666667&quot;,&quot;title&quot;:&quot;Marcus Gilmore drums. Foto: Petra Basche&quot;,&quot;orientation&quot;:&quot;1&quot;}\" data-image-title=\"Marcus Gilmore drums. Foto: Petra Basche\" data-image-description=\"&lt;p&gt;Marcus Gilmore drums. Foto: Petra Basche&lt;\/p&gt; \" data-medium-file=\"https:\/\/i0.wp.com\/www.jazzzeitung.de\/cms\/wp-content\/uploads\/2016\/11\/jazzfest_2016_Wadada_Leo_Smith0007t2016.jpg?fit=300%2C200&#038;ssl=1\" data-large-file=\"https:\/\/i0.wp.com\/www.jazzzeitung.de\/cms\/wp-content\/uploads\/2016\/11\/jazzfest_2016_Wadada_Leo_Smith0007t2016.jpg?fit=840%2C560&#038;ssl=1\" src=\"https:\/\/i0.wp.com\/www.jazzzeitung.de\/cms\/wp-content\/uploads\/2016\/11\/jazzfest_2016_Wadada_Leo_Smith0007t2016.jpg?w=576&#038;h=384&#038;ssl=1\" srcset=\"https:\/\/i0.wp.com\/www.jazzzeitung.de\/cms\/wp-content\/uploads\/2016\/11\/jazzfest_2016_Wadada_Leo_Smith0007t2016.jpg?w=1800&amp;ssl=1 1800w, https:\/\/i0.wp.com\/www.jazzzeitung.de\/cms\/wp-content\/uploads\/2016\/11\/jazzfest_2016_Wadada_Leo_Smith0007t2016.jpg?resize=300%2C200&amp;ssl=1 300w, https:\/\/i0.wp.com\/www.jazzzeitung.de\/cms\/wp-content\/uploads\/2016\/11\/jazzfest_2016_Wadada_Leo_Smith0007t2016.jpg?resize=768%2C512&amp;ssl=1 768w, https:\/\/i0.wp.com\/www.jazzzeitung.de\/cms\/wp-content\/uploads\/2016\/11\/jazzfest_2016_Wadada_Leo_Smith0007t2016.jpg?resize=900%2C600&amp;ssl=1 900w, https:\/\/i0.wp.com\/www.jazzzeitung.de\/cms\/wp-content\/uploads\/2016\/11\/jazzfest_2016_Wadada_Leo_Smith0007t2016.jpg?w=1680&amp;ssl=1 1680w\" width=\"576\" height=\"384\" loading=\"lazy\" data-original-width=\"576\" data-original-height=\"384\" itemprop=\"http:\/\/schema.org\/image\" title=\"Marcus Gilmore drums. Foto: Petra Basche\" alt=\"Marcus Gilmore drums. Foto: Petra Basche\" style=\"width: 576px; height: 384px;\" \/> <\/a> <div class=\"tiled-gallery-caption\" itemprop=\"caption description\"> Marcus Gilmore drums. Foto: Petra Basche <\/div> <\/div> <\/div> <!-- close group --> <\/div> <!-- close row --> <div class=\"gallery-row\" style=\"width: 840px; height: 395px;\" data-original-width=\"840\" data-original-height=\"395\" > <div class=\"gallery-group images-1\" style=\"width: 265px; height: 395px;\" data-original-width=\"265\" data-original-height=\"395\" > <div class=\"tiled-gallery-item tiled-gallery-item-large\" itemprop=\"associatedMedia\" itemscope itemtype=\"http:\/\/schema.org\/ImageObject\"> <a href=\"https:\/\/i0.wp.com\/www.jazzzeitung.de\/cms\/wp-content\/uploads\/2016\/11\/jazzfest_2016_Wadada_Leo_Smith0036t2016.jpg?ssl=1\" border=\"0\" itemprop=\"url\"> <meta itemprop=\"width\" content=\"261\"> <meta itemprop=\"height\" content=\"391\"> <img decoding=\"async\" class=\"\" data-attachment-id=\"10759\" data-orig-file=\"https:\/\/www.jazzzeitung.de\/cms\/wp-content\/uploads\/2016\/11\/jazzfest_2016_Wadada_Leo_Smith0036t2016.jpg\" data-orig-size=\"800,1200\" data-comments-opened=\"1\" data-image-meta=\"{&quot;aperture&quot;:&quot;2.8&quot;,&quot;credit&quot;:&quot;Pepa&quot;,&quot;camera&quot;:&quot;E-M5MarkII&quot;,&quot;caption&quot;:&quot;John Lindberg double bass. Foto: Petra Basche&quot;,&quot;created_timestamp&quot;:&quot;1478216062&quot;,&quot;copyright&quot;:&quot;Petra Basche&quot;,&quot;focal_length&quot;:&quot;150&quot;,&quot;iso&quot;:&quot;2500&quot;,&quot;shutter_speed&quot;:&quot;0.0025&quot;,&quot;title&quot;:&quot;John Lindberg double bass. Foto: Petra Basche&quot;,&quot;orientation&quot;:&quot;1&quot;}\" data-image-title=\"John Lindberg double bass. Foto: Petra Basche\" data-image-description=\"&lt;p&gt;John Lindberg double bass. Foto: Petra Basche&lt;\/p&gt; \" data-medium-file=\"https:\/\/i0.wp.com\/www.jazzzeitung.de\/cms\/wp-content\/uploads\/2016\/11\/jazzfest_2016_Wadada_Leo_Smith0036t2016.jpg?fit=200%2C300&#038;ssl=1\" data-large-file=\"https:\/\/i0.wp.com\/www.jazzzeitung.de\/cms\/wp-content\/uploads\/2016\/11\/jazzfest_2016_Wadada_Leo_Smith0036t2016.jpg?fit=400%2C600&#038;ssl=1\" src=\"https:\/\/i0.wp.com\/www.jazzzeitung.de\/cms\/wp-content\/uploads\/2016\/11\/jazzfest_2016_Wadada_Leo_Smith0036t2016.jpg?w=261&#038;h=391&#038;ssl=1\" srcset=\"https:\/\/i0.wp.com\/www.jazzzeitung.de\/cms\/wp-content\/uploads\/2016\/11\/jazzfest_2016_Wadada_Leo_Smith0036t2016.jpg?w=800&amp;ssl=1 800w, https:\/\/i0.wp.com\/www.jazzzeitung.de\/cms\/wp-content\/uploads\/2016\/11\/jazzfest_2016_Wadada_Leo_Smith0036t2016.jpg?resize=200%2C300&amp;ssl=1 200w, https:\/\/i0.wp.com\/www.jazzzeitung.de\/cms\/wp-content\/uploads\/2016\/11\/jazzfest_2016_Wadada_Leo_Smith0036t2016.jpg?resize=768%2C1152&amp;ssl=1 768w, https:\/\/i0.wp.com\/www.jazzzeitung.de\/cms\/wp-content\/uploads\/2016\/11\/jazzfest_2016_Wadada_Leo_Smith0036t2016.jpg?resize=400%2C600&amp;ssl=1 400w\" width=\"261\" height=\"391\" loading=\"lazy\" data-original-width=\"261\" data-original-height=\"391\" itemprop=\"http:\/\/schema.org\/image\" title=\"John Lindberg double bass. Foto: Petra Basche\" alt=\"John Lindberg double bass. Foto: Petra Basche\" style=\"width: 261px; height: 391px;\" \/> <\/a> <div class=\"tiled-gallery-caption\" itemprop=\"caption description\"> John Lindberg double bass. Foto: Petra Basche <\/div> <\/div> <\/div> <!-- close group --> <div class=\"gallery-group images-2\" style=\"width: 277px; height: 395px;\" data-original-width=\"277\" data-original-height=\"395\" > <div class=\"tiled-gallery-item tiled-gallery-item-large\" itemprop=\"associatedMedia\" itemscope itemtype=\"http:\/\/schema.org\/ImageObject\"> <a href=\"https:\/\/i0.wp.com\/www.jazzzeitung.de\/cms\/wp-content\/uploads\/2016\/11\/2016_jazzfest_berlin_tag1_c_hufner-030104.jpg?ssl=1\" border=\"0\" itemprop=\"url\"> <meta itemprop=\"width\" content=\"273\"> <meta itemprop=\"height\" content=\"205\"> <img decoding=\"async\" class=\"\" data-attachment-id=\"10747\" data-orig-file=\"https:\/\/www.jazzzeitung.de\/cms\/wp-content\/uploads\/2016\/11\/2016_jazzfest_berlin_tag1_c_hufner-030104.jpg\" data-orig-size=\"1600,1200\" data-comments-opened=\"1\" data-image-meta=\"{&quot;aperture&quot;:&quot;4&quot;,&quot;credit&quot;:&quot;Dr. Martin Hufner&quot;,&quot;camera&quot;:&quot;E-M5MarkII&quot;,&quot;caption&quot;:&quot;Wadada Leo Smith\\u2019s Great Lakes Quartet. Foto: Hufner&quot;,&quot;created_timestamp&quot;:&quot;1478209672&quot;,&quot;copyright&quot;:&quot;Martin Hufner&quot;,&quot;focal_length&quot;:&quot;40&quot;,&quot;iso&quot;:&quot;2000&quot;,&quot;shutter_speed&quot;:&quot;0.01&quot;,&quot;title&quot;:&quot;Wadada Leo Smith\\u2019s Great Lakes Quartet. Foto: Hufner&quot;,&quot;orientation&quot;:&quot;1&quot;}\" data-image-title=\"Wadada Leo Smith\u2019s Great Lakes Quartet. Foto: Hufner\" data-image-description=\"&lt;p&gt;Wadada Leo Smith\u2019s Great Lakes Quartet. Foto: Hufner&lt;\/p&gt; \" data-medium-file=\"https:\/\/i0.wp.com\/www.jazzzeitung.de\/cms\/wp-content\/uploads\/2016\/11\/2016_jazzfest_berlin_tag1_c_hufner-030104.jpg?fit=300%2C225&#038;ssl=1\" data-large-file=\"https:\/\/i0.wp.com\/www.jazzzeitung.de\/cms\/wp-content\/uploads\/2016\/11\/2016_jazzfest_berlin_tag1_c_hufner-030104.jpg?fit=800%2C600&#038;ssl=1\" src=\"https:\/\/i0.wp.com\/www.jazzzeitung.de\/cms\/wp-content\/uploads\/2016\/11\/2016_jazzfest_berlin_tag1_c_hufner-030104.jpg?w=273&#038;h=205&#038;ssl=1\" srcset=\"https:\/\/i0.wp.com\/www.jazzzeitung.de\/cms\/wp-content\/uploads\/2016\/11\/2016_jazzfest_berlin_tag1_c_hufner-030104.jpg?w=1600&amp;ssl=1 1600w, https:\/\/i0.wp.com\/www.jazzzeitung.de\/cms\/wp-content\/uploads\/2016\/11\/2016_jazzfest_berlin_tag1_c_hufner-030104.jpg?resize=300%2C225&amp;ssl=1 300w, https:\/\/i0.wp.com\/www.jazzzeitung.de\/cms\/wp-content\/uploads\/2016\/11\/2016_jazzfest_berlin_tag1_c_hufner-030104.jpg?resize=768%2C576&amp;ssl=1 768w, https:\/\/i0.wp.com\/www.jazzzeitung.de\/cms\/wp-content\/uploads\/2016\/11\/2016_jazzfest_berlin_tag1_c_hufner-030104.jpg?resize=800%2C600&amp;ssl=1 800w\" width=\"273\" height=\"205\" loading=\"lazy\" data-original-width=\"273\" data-original-height=\"205\" itemprop=\"http:\/\/schema.org\/image\" title=\"Wadada Leo Smith\u2019s Great Lakes Quartet. Foto: Hufner\" alt=\"Wadada Leo Smith\u2019s Great Lakes Quartet. Foto: Hufner\" style=\"width: 273px; height: 205px;\" \/> <\/a> <div class=\"tiled-gallery-caption\" itemprop=\"caption description\"> Wadada Leo Smith\u2019s Great Lakes Quartet. Foto: Hufner <\/div> <\/div> <div class=\"tiled-gallery-item tiled-gallery-item-large\" itemprop=\"associatedMedia\" itemscope itemtype=\"http:\/\/schema.org\/ImageObject\"> <a href=\"https:\/\/i0.wp.com\/www.jazzzeitung.de\/cms\/wp-content\/uploads\/2016\/11\/jazzfest_2016_Wadada_Leo_Smith0028t2016.jpg?ssl=1\" border=\"0\" itemprop=\"url\"> <meta itemprop=\"width\" content=\"273\"> <meta itemprop=\"height\" content=\"182\"> <img decoding=\"async\" class=\"\" data-attachment-id=\"10758\" data-orig-file=\"https:\/\/www.jazzzeitung.de\/cms\/wp-content\/uploads\/2016\/11\/jazzfest_2016_Wadada_Leo_Smith0028t2016.jpg\" data-orig-size=\"1798,1200\" data-comments-opened=\"1\" data-image-meta=\"{&quot;aperture&quot;:&quot;4&quot;,&quot;credit&quot;:&quot;Petra_Basche&quot;,&quot;camera&quot;:&quot;NIKON D800&quot;,&quot;caption&quot;:&quot;Wadada Leo Smith\\u2019s Great Lakes Quartet. Foto: Petra Basche&quot;,&quot;created_timestamp&quot;:&quot;1478215420&quot;,&quot;copyright&quot;:&quot;HuPe-Kollektiv&quot;,&quot;focal_length&quot;:&quot;35&quot;,&quot;iso&quot;:&quot;4000&quot;,&quot;shutter_speed&quot;:&quot;0.00625&quot;,&quot;title&quot;:&quot;Wadada Leo Smith\\u2019s Great Lakes Quartet. Foto: Petra Basche&quot;,&quot;orientation&quot;:&quot;1&quot;}\" data-image-title=\"Wadada Leo Smith\u2019s Great Lakes Quartet. Foto: Petra Basche\" data-image-description=\"&lt;p&gt;Wadada Leo Smith\u2019s Great Lakes Quartet. Foto: Petra Basche&lt;\/p&gt; \" data-medium-file=\"https:\/\/i0.wp.com\/www.jazzzeitung.de\/cms\/wp-content\/uploads\/2016\/11\/jazzfest_2016_Wadada_Leo_Smith0028t2016.jpg?fit=300%2C200&#038;ssl=1\" data-large-file=\"https:\/\/i0.wp.com\/www.jazzzeitung.de\/cms\/wp-content\/uploads\/2016\/11\/jazzfest_2016_Wadada_Leo_Smith0028t2016.jpg?fit=840%2C560&#038;ssl=1\" src=\"https:\/\/i0.wp.com\/www.jazzzeitung.de\/cms\/wp-content\/uploads\/2016\/11\/jazzfest_2016_Wadada_Leo_Smith0028t2016.jpg?w=273&#038;h=182&#038;ssl=1\" srcset=\"https:\/\/i0.wp.com\/www.jazzzeitung.de\/cms\/wp-content\/uploads\/2016\/11\/jazzfest_2016_Wadada_Leo_Smith0028t2016.jpg?w=1798&amp;ssl=1 1798w, https:\/\/i0.wp.com\/www.jazzzeitung.de\/cms\/wp-content\/uploads\/2016\/11\/jazzfest_2016_Wadada_Leo_Smith0028t2016.jpg?resize=300%2C200&amp;ssl=1 300w, https:\/\/i0.wp.com\/www.jazzzeitung.de\/cms\/wp-content\/uploads\/2016\/11\/jazzfest_2016_Wadada_Leo_Smith0028t2016.jpg?resize=768%2C513&amp;ssl=1 768w, https:\/\/i0.wp.com\/www.jazzzeitung.de\/cms\/wp-content\/uploads\/2016\/11\/jazzfest_2016_Wadada_Leo_Smith0028t2016.jpg?resize=900%2C600&amp;ssl=1 900w, https:\/\/i0.wp.com\/www.jazzzeitung.de\/cms\/wp-content\/uploads\/2016\/11\/jazzfest_2016_Wadada_Leo_Smith0028t2016.jpg?w=1680&amp;ssl=1 1680w\" width=\"273\" height=\"182\" loading=\"lazy\" data-original-width=\"273\" data-original-height=\"182\" itemprop=\"http:\/\/schema.org\/image\" title=\"Wadada Leo Smith\u2019s Great Lakes Quartet. Foto: Petra Basche\" alt=\"Wadada Leo Smith\u2019s Great Lakes Quartet. Foto: Petra Basche\" style=\"width: 273px; height: 182px;\" \/> <\/a> <div class=\"tiled-gallery-caption\" itemprop=\"caption description\"> Wadada Leo Smith\u2019s Great Lakes Quartet. Foto: Petra Basche <\/div> <\/div> <\/div> <!-- close group --> <div class=\"gallery-group images-1\" style=\"width: 298px; height: 395px;\" data-original-width=\"298\" data-original-height=\"395\" > <div class=\"tiled-gallery-item tiled-gallery-item-large\" itemprop=\"associatedMedia\" itemscope itemtype=\"http:\/\/schema.org\/ImageObject\"> <a href=\"https:\/\/i0.wp.com\/www.jazzzeitung.de\/cms\/wp-content\/uploads\/2016\/11\/2016_jazzfest_berlin_tag1_c_hufner-030103.jpg?ssl=1\" border=\"0\" itemprop=\"url\"> <meta itemprop=\"width\" content=\"294\"> <meta itemprop=\"height\" content=\"391\"> <img decoding=\"async\" class=\"\" data-attachment-id=\"10746\" data-orig-file=\"https:\/\/www.jazzzeitung.de\/cms\/wp-content\/uploads\/2016\/11\/2016_jazzfest_berlin_tag1_c_hufner-030103.jpg\" data-orig-size=\"900,1200\" data-comments-opened=\"1\" data-image-meta=\"{&quot;aperture&quot;:&quot;5.6&quot;,&quot;credit&quot;:&quot;Dr. Martin Hufner&quot;,&quot;camera&quot;:&quot;E-M5MarkII&quot;,&quot;caption&quot;:&quot;John Lindberg double bass. Foto: Hufner&quot;,&quot;created_timestamp&quot;:&quot;1478209653&quot;,&quot;copyright&quot;:&quot;Martin Hufner&quot;,&quot;focal_length&quot;:&quot;150&quot;,&quot;iso&quot;:&quot;2000&quot;,&quot;shutter_speed&quot;:&quot;0.0125&quot;,&quot;title&quot;:&quot;John Lindberg double bass. Foto: Hufner&quot;,&quot;orientation&quot;:&quot;1&quot;}\" data-image-title=\"John Lindberg double bass. Foto: Hufner\" data-image-description=\"&lt;p&gt;John Lindberg double bass. Foto: Hufner&lt;\/p&gt; \" data-medium-file=\"https:\/\/i0.wp.com\/www.jazzzeitung.de\/cms\/wp-content\/uploads\/2016\/11\/2016_jazzfest_berlin_tag1_c_hufner-030103.jpg?fit=225%2C300&#038;ssl=1\" data-large-file=\"https:\/\/i0.wp.com\/www.jazzzeitung.de\/cms\/wp-content\/uploads\/2016\/11\/2016_jazzfest_berlin_tag1_c_hufner-030103.jpg?fit=450%2C600&#038;ssl=1\" src=\"https:\/\/i0.wp.com\/www.jazzzeitung.de\/cms\/wp-content\/uploads\/2016\/11\/2016_jazzfest_berlin_tag1_c_hufner-030103.jpg?w=294&#038;h=391&#038;ssl=1\" srcset=\"https:\/\/i0.wp.com\/www.jazzzeitung.de\/cms\/wp-content\/uploads\/2016\/11\/2016_jazzfest_berlin_tag1_c_hufner-030103.jpg?w=900&amp;ssl=1 900w, https:\/\/i0.wp.com\/www.jazzzeitung.de\/cms\/wp-content\/uploads\/2016\/11\/2016_jazzfest_berlin_tag1_c_hufner-030103.jpg?resize=225%2C300&amp;ssl=1 225w, https:\/\/i0.wp.com\/www.jazzzeitung.de\/cms\/wp-content\/uploads\/2016\/11\/2016_jazzfest_berlin_tag1_c_hufner-030103.jpg?resize=768%2C1024&amp;ssl=1 768w, https:\/\/i0.wp.com\/www.jazzzeitung.de\/cms\/wp-content\/uploads\/2016\/11\/2016_jazzfest_berlin_tag1_c_hufner-030103.jpg?resize=450%2C600&amp;ssl=1 450w\" width=\"294\" height=\"391\" loading=\"lazy\" data-original-width=\"294\" data-original-height=\"391\" itemprop=\"http:\/\/schema.org\/image\" title=\"John Lindberg double bass. Foto: Hufner\" alt=\"John Lindberg double bass. Foto: Hufner\" style=\"width: 294px; height: 391px;\" \/> <\/a> <div class=\"tiled-gallery-caption\" itemprop=\"caption description\"> John Lindberg double bass. Foto: Hufner <\/div> <\/div> <\/div> <!-- close group --> <\/div> <!-- close row --> <div class=\"gallery-row\" style=\"width: 840px; height: 388px;\" data-original-width=\"840\" data-original-height=\"388\" > <div class=\"gallery-group images-1\" style=\"width: 580px; height: 388px;\" data-original-width=\"580\" data-original-height=\"388\" > <div class=\"tiled-gallery-item tiled-gallery-item-large\" itemprop=\"associatedMedia\" itemscope itemtype=\"http:\/\/schema.org\/ImageObject\"> <a href=\"https:\/\/i0.wp.com\/www.jazzzeitung.de\/cms\/wp-content\/uploads\/2016\/11\/jazzfest_2016_Wadada_Leo_Smith0038t2016.jpg?ssl=1\" border=\"0\" itemprop=\"url\"> <meta itemprop=\"width\" content=\"576\"> <meta itemprop=\"height\" content=\"384\"> <img decoding=\"async\" class=\"\" data-attachment-id=\"10760\" data-orig-file=\"https:\/\/www.jazzzeitung.de\/cms\/wp-content\/uploads\/2016\/11\/jazzfest_2016_Wadada_Leo_Smith0038t2016.jpg\" data-orig-size=\"1798,1200\" data-comments-opened=\"1\" data-image-meta=\"{&quot;aperture&quot;:&quot;3.2&quot;,&quot;credit&quot;:&quot;Petra_Basche&quot;,&quot;camera&quot;:&quot;NIKON D800&quot;,&quot;caption&quot;:&quot;Wadada Leo Smith\\u2019s Great Lakes Quartet. Foto: Petra Basche&quot;,&quot;created_timestamp&quot;:&quot;1478216204&quot;,&quot;copyright&quot;:&quot;HuPe-Kollektiv&quot;,&quot;focal_length&quot;:&quot;98&quot;,&quot;iso&quot;:&quot;4000&quot;,&quot;shutter_speed&quot;:&quot;0.00625&quot;,&quot;title&quot;:&quot;Wadada Leo Smith\\u2019s Great Lakes Quartet. Foto: Petra Basche&quot;,&quot;orientation&quot;:&quot;1&quot;}\" data-image-title=\"Wadada Leo Smith\u2019s Great Lakes Quartet. Foto: Petra Basche\" data-image-description=\"&lt;p&gt;Wadada Leo Smith\u2019s Great Lakes Quartet. Foto: Petra Basche&lt;\/p&gt; \" data-medium-file=\"https:\/\/i0.wp.com\/www.jazzzeitung.de\/cms\/wp-content\/uploads\/2016\/11\/jazzfest_2016_Wadada_Leo_Smith0038t2016.jpg?fit=300%2C200&#038;ssl=1\" data-large-file=\"https:\/\/i0.wp.com\/www.jazzzeitung.de\/cms\/wp-content\/uploads\/2016\/11\/jazzfest_2016_Wadada_Leo_Smith0038t2016.jpg?fit=840%2C560&#038;ssl=1\" src=\"https:\/\/i0.wp.com\/www.jazzzeitung.de\/cms\/wp-content\/uploads\/2016\/11\/jazzfest_2016_Wadada_Leo_Smith0038t2016.jpg?w=576&#038;h=384&#038;ssl=1\" srcset=\"https:\/\/i0.wp.com\/www.jazzzeitung.de\/cms\/wp-content\/uploads\/2016\/11\/jazzfest_2016_Wadada_Leo_Smith0038t2016.jpg?w=1798&amp;ssl=1 1798w, https:\/\/i0.wp.com\/www.jazzzeitung.de\/cms\/wp-content\/uploads\/2016\/11\/jazzfest_2016_Wadada_Leo_Smith0038t2016.jpg?resize=300%2C200&amp;ssl=1 300w, https:\/\/i0.wp.com\/www.jazzzeitung.de\/cms\/wp-content\/uploads\/2016\/11\/jazzfest_2016_Wadada_Leo_Smith0038t2016.jpg?resize=768%2C513&amp;ssl=1 768w, https:\/\/i0.wp.com\/www.jazzzeitung.de\/cms\/wp-content\/uploads\/2016\/11\/jazzfest_2016_Wadada_Leo_Smith0038t2016.jpg?resize=900%2C600&amp;ssl=1 900w, https:\/\/i0.wp.com\/www.jazzzeitung.de\/cms\/wp-content\/uploads\/2016\/11\/jazzfest_2016_Wadada_Leo_Smith0038t2016.jpg?w=1680&amp;ssl=1 1680w\" width=\"576\" height=\"384\" loading=\"lazy\" data-original-width=\"576\" data-original-height=\"384\" itemprop=\"http:\/\/schema.org\/image\" title=\"Wadada Leo Smith\u2019s Great Lakes Quartet. Foto: Petra Basche\" alt=\"Wadada Leo Smith\u2019s Great Lakes Quartet. Foto: Petra Basche\" style=\"width: 576px; height: 384px;\" \/> <\/a> <div class=\"tiled-gallery-caption\" itemprop=\"caption description\"> Wadada Leo Smith\u2019s Great Lakes Quartet. Foto: Petra Basche <\/div> <\/div> <\/div> <!-- close group --> <div class=\"gallery-group images-1\" style=\"width: 260px; height: 388px;\" data-original-width=\"260\" data-original-height=\"388\" > <div class=\"tiled-gallery-item tiled-gallery-item-large\" itemprop=\"associatedMedia\" itemscope itemtype=\"http:\/\/schema.org\/ImageObject\"> <a href=\"https:\/\/i0.wp.com\/www.jazzzeitung.de\/cms\/wp-content\/uploads\/2016\/11\/jazzfest_2016_Wadada_Leo_Smith0026t2016.jpg?ssl=1\" border=\"0\" itemprop=\"url\"> <meta itemprop=\"width\" content=\"256\"> <meta itemprop=\"height\" content=\"384\"> <img decoding=\"async\" class=\"\" data-attachment-id=\"10757\" data-orig-file=\"https:\/\/www.jazzzeitung.de\/cms\/wp-content\/uploads\/2016\/11\/jazzfest_2016_Wadada_Leo_Smith0026t2016.jpg\" data-orig-size=\"800,1200\" data-comments-opened=\"1\" data-image-meta=\"{&quot;aperture&quot;:&quot;2.8&quot;,&quot;credit&quot;:&quot;Pepa&quot;,&quot;camera&quot;:&quot;E-M5MarkII&quot;,&quot;caption&quot;:&quot;Richard Williams. Foto: Petra Basche&quot;,&quot;created_timestamp&quot;:&quot;1478215023&quot;,&quot;copyright&quot;:&quot;Petra Basche&quot;,&quot;focal_length&quot;:&quot;40&quot;,&quot;iso&quot;:&quot;2500&quot;,&quot;shutter_speed&quot;:&quot;0.1&quot;,&quot;title&quot;:&quot;Richard Williams. Foto: Petra Basche&quot;,&quot;orientation&quot;:&quot;1&quot;}\" data-image-title=\"Richard Williams. Foto: Petra Basche\" data-image-description=\"&lt;p&gt;Richard Williams. Foto: Petra Basche&lt;\/p&gt; \" data-medium-file=\"https:\/\/i0.wp.com\/www.jazzzeitung.de\/cms\/wp-content\/uploads\/2016\/11\/jazzfest_2016_Wadada_Leo_Smith0026t2016.jpg?fit=200%2C300&#038;ssl=1\" data-large-file=\"https:\/\/i0.wp.com\/www.jazzzeitung.de\/cms\/wp-content\/uploads\/2016\/11\/jazzfest_2016_Wadada_Leo_Smith0026t2016.jpg?fit=400%2C600&#038;ssl=1\" src=\"https:\/\/i0.wp.com\/www.jazzzeitung.de\/cms\/wp-content\/uploads\/2016\/11\/jazzfest_2016_Wadada_Leo_Smith0026t2016.jpg?w=256&#038;h=384&#038;ssl=1\" srcset=\"https:\/\/i0.wp.com\/www.jazzzeitung.de\/cms\/wp-content\/uploads\/2016\/11\/jazzfest_2016_Wadada_Leo_Smith0026t2016.jpg?w=800&amp;ssl=1 800w, https:\/\/i0.wp.com\/www.jazzzeitung.de\/cms\/wp-content\/uploads\/2016\/11\/jazzfest_2016_Wadada_Leo_Smith0026t2016.jpg?resize=200%2C300&amp;ssl=1 200w, https:\/\/i0.wp.com\/www.jazzzeitung.de\/cms\/wp-content\/uploads\/2016\/11\/jazzfest_2016_Wadada_Leo_Smith0026t2016.jpg?resize=768%2C1152&amp;ssl=1 768w, https:\/\/i0.wp.com\/www.jazzzeitung.de\/cms\/wp-content\/uploads\/2016\/11\/jazzfest_2016_Wadada_Leo_Smith0026t2016.jpg?resize=400%2C600&amp;ssl=1 400w\" width=\"256\" height=\"384\" loading=\"lazy\" data-original-width=\"256\" data-original-height=\"384\" itemprop=\"http:\/\/schema.org\/image\" title=\"Richard Williams. Foto: Petra Basche\" alt=\"Richard Williams. Foto: Petra Basche\" style=\"width: 256px; height: 384px;\" \/> <\/a> <div class=\"tiled-gallery-caption\" itemprop=\"caption description\"> Richard Williams. Foto: Petra Basche <\/div> <\/div> <\/div> <!-- close group --> <\/div> <!-- close row --> <\/div>\n<p>Das ist auch der Unterschied zum H\u00fclsmann-Quartett, die dagegen akademisch wirken \u2013 und das ist nicht pejorativ gemeint. Bei H\u00fclsmann ist man derartig kontrolliert, da geht niemand mal verloren, daf\u00fcr ist es fast unm\u00f6glich, sich \u00fcberraschen zu lassen \u2013 andererseits wird man niemals entt\u00e4uscht. Bei Wadada Smith und seinen Mitmusikern darf es daher auch mal ruppig werden. Die Gefahr des Abdriftens bleibt daher. Wenn dann nicht der n\u00f6tige Impuls kommt, zerfasert man allerdings. Solche Passagen waren auch dabei. Aber erst gegen Ende, wo sicher die n\u00f6tige Konzentrationsenergie nachlie\u00df. Gleichwohl: Lebendigste Improvisationskunst am Ende dieses ersten Konzerttages beim Berliner Jazzfest und Wiederaufnahme des Gruntzschen: \u201eMan kann nicht Jazz auch\u201c.<\/p>\n<h4>Die Ensembles:<\/h4>\n<p><strong>Julia H\u00fclsmann Quartet &amp; Anna-Lena Schnabel<\/strong><br \/>\nJulia H\u00fclsmann piano<br \/>\nTom Arthurs trumpet, flugelhorn<br \/>\nMarc Muellbauer double bass<br \/>\nHeinrich K\u00f6bberling drums<br \/>\nAnna-Lena Schnabel alto saxophone<\/p>\n<p><strong>Mette Henriette<\/strong><br \/>\nMette Henriette saxophone<br \/>\nHenrik N\u00f8rsteb\u00f8 trombone<br \/>\nLavik Larsen trumpet<br \/>\nJohan Lindvall piano<br \/>\nAndreas Rokseth bandoneon<br \/>\nOdd Hannisdal violin<br \/>\nKarin Hellqvist violin<br \/>\nBendik Foss viola<br \/>\nGregor Riddell cello<br \/>\nPer Zanussi double bass, saw<br \/>\nDag Erik Knedal Andersen drums<\/p>\n<p><strong>Wadada Leo Smith\u2019s Great Lakes Quartet<\/strong><br \/>\nWadada Leo Smith trumpet<br \/>\nJonathon Haffner alto saxophone, clarinet<br \/>\nJohn Lindberg double bass<br \/>\nMarcus Gilmore drums<\/p>\n","protected":false},"excerpt":{"rendered":"<p>Das Jazzfest in seiner erweiterten Form ist zwar schon am Dienstag gestartet, aber erst am Donnerstag legte es auch im Haus der Berliner Festspiele los. Mit wechselndem Ergebnis. Aber zun\u00e4chst ist zu erw\u00e4hnen, dass die diesj\u00e4hrige Ausgabe von der Kulturstaatsministerin Monika Gr\u00fctters er\u00f6ffnet wurde. Sie unterlie\u00df es dieses Mal auch nicht, die hervorragende Arbeit ihres Ministeriums umf\u00e4nglich zu erw\u00e4hnen. Aber sie zitierte und interpretierte auch einen Satz des langj\u00e4hrigen Leiters des Jazzfests George Gruntz: \u201eMan kann nicht Jazz auch.\u201c Kann man nicht. Richtig. Was man heute k\u00fcnstlerisch kann, daf\u00fcr stand der erste Abend exemplarisch. Drei Spielkulturen in drei Acts. Komprovisationen Julia H\u00fclsmann Quartett &amp; Anna-Lena Schnabel Zum Julia H\u00fclsmann Quartett muss man nicht viel sagen. Es ist ein eingespieltes Ensemble, bei dem sich die Musikerinnen alle bestens verstehen \u2013 vor allem die engere rhythm section aus Marc Muellbauer (b) und Heinrich K\u00f6bberling (dm). Julia H\u00fclsmann am Klavier bleibt dezent und wenn sie zum solo ansetzt, ist sie immer \u00fcberaus pr\u00e4zise ohne All\u00fcren, feinsinnig sowieso. F\u00fcr das Jazzfest Berlin trat die Saxophonistin Anna-Lena Schnabel hinzu. Eine wunderbare Musikerin, die an ihrem Altsaxophon alles kann. F\u00fcnf Musikerinnen &hellip;<\/p>\n","protected":false},"author":2,"featured_media":10745,"comment_status":"open","ping_status":"closed","sticky":false,"template":"","format":"standard","meta":{"_jetpack_memberships_contains_paid_content":false,"footnotes":"","jetpack_publicize_message":"","jetpack_publicize_feature_enabled":true,"jetpack_social_post_already_shared":false,"jetpack_social_options":{"image_generator_settings":{"template":"highway","default_image_id":0,"font":"","enabled":false},"version":2}},"categories":[1053,82],"tags":[1325,1315,66,1328,272,1331,306,1329,1332,1326,1317,442,1183,1330,1327],"coauthors":[680],"class_list":["post-10718","post","type-post","status-publish","format-standard","has-post-thumbnail","hentry","category-bericht","category-blog","tag-anna-lena-schnabel","tag-applaus","tag-berlin","tag-heinrich-koebberling","tag-jazzfest-berlin","tag-john-lindberg","tag-julia-huelsmann","tag-marc-muellbauer","tag-marcus-gilmore","tag-mette-henriette","tag-monika-gruetters","tag-piano","tag-richard-williams","tag-tom-arthurs","tag-wadada-leo-smith"],"yoast_head":"<!-- This site is optimized with the Yoast SEO plugin v27.5 - https:\/\/yoast.com\/product\/yoast-seo-wordpress\/ -->\n<title>Jazzfest Berlin 2016 (1) \u201eMan kann nicht Jazz auch\u201c \u2013 Julia H\u00fclsmann, Mette Henriette und Wadada Leo Smith - JazzZeitung<\/title>\n<meta name=\"robots\" content=\"index, follow, max-snippet:-1, max-image-preview:large, max-video-preview:-1\" \/>\n<link rel=\"canonical\" href=\"https:\/\/www.jazzzeitung.de\/cms\/2016\/11\/jazzfest-berlin-1-man-kann-nicht-jazz-auch-julia-huelsmann-mette-henriette-und-wadada-leo-smith\/\" \/>\n<meta property=\"og:locale\" content=\"de_DE\" \/>\n<meta property=\"og:type\" content=\"article\" \/>\n<meta property=\"og:title\" content=\"Jazzfest Berlin 2016 (1) \u201eMan kann nicht Jazz auch\u201c \u2013 Julia H\u00fclsmann, Mette Henriette und Wadada Leo Smith - JazzZeitung\" \/>\n<meta property=\"og:description\" content=\"Das Jazzfest in seiner erweiterten Form ist zwar schon am Dienstag gestartet, aber erst am Donnerstag legte es auch im Haus der Berliner Festspiele los. Mit wechselndem Ergebnis. Aber zun\u00e4chst ist zu erw\u00e4hnen, dass die diesj\u00e4hrige Ausgabe von der Kulturstaatsministerin Monika Gr\u00fctters er\u00f6ffnet wurde. Sie unterlie\u00df es dieses Mal auch nicht, die hervorragende Arbeit ihres Ministeriums umf\u00e4nglich zu erw\u00e4hnen. Aber sie zitierte und interpretierte auch einen Satz des langj\u00e4hrigen Leiters des Jazzfests George Gruntz: \u201eMan kann nicht Jazz auch.\u201c Kann man nicht. Richtig. Was man heute k\u00fcnstlerisch kann, daf\u00fcr stand der erste Abend exemplarisch. Drei Spielkulturen in drei Acts. Komprovisationen Julia H\u00fclsmann Quartett &amp; Anna-Lena Schnabel Zum Julia H\u00fclsmann Quartett muss man nicht viel sagen. Es ist ein eingespieltes Ensemble, bei dem sich die Musikerinnen alle bestens verstehen \u2013 vor allem die engere rhythm section aus Marc Muellbauer (b) und Heinrich K\u00f6bberling (dm). Julia H\u00fclsmann am Klavier bleibt dezent und wenn sie zum solo ansetzt, ist sie immer \u00fcberaus pr\u00e4zise ohne All\u00fcren, feinsinnig sowieso. F\u00fcr das Jazzfest Berlin trat die Saxophonistin Anna-Lena Schnabel hinzu. Eine wunderbare Musikerin, die an ihrem Altsaxophon alles kann. F\u00fcnf Musikerinnen &hellip;\" \/>\n<meta property=\"og:url\" content=\"https:\/\/www.jazzzeitung.de\/cms\/2016\/11\/jazzfest-berlin-1-man-kann-nicht-jazz-auch-julia-huelsmann-mette-henriette-und-wadada-leo-smith\/\" \/>\n<meta property=\"og:site_name\" content=\"JazzZeitung\" \/>\n<meta property=\"article:publisher\" content=\"https:\/\/www.facebook.com\/JazzZeitung\/\" \/>\n<meta property=\"article:author\" content=\"https:\/\/www.facebook.com\/hufner\" \/>\n<meta property=\"article:published_time\" content=\"2016-11-04T12:28:19+00:00\" \/>\n<meta property=\"article:modified_time\" content=\"2016-11-06T09:55:50+00:00\" \/>\n<meta property=\"og:image\" content=\"https:\/\/i0.wp.com\/www.jazzzeitung.de\/cms\/wp-content\/uploads\/2016\/11\/jazzfest_2016_Mette_Henriette0024t2016.jpg?fit=1800%2C1200&ssl=1\" \/>\n\t<meta property=\"og:image:width\" content=\"1800\" \/>\n\t<meta property=\"og:image:height\" content=\"1200\" \/>\n\t<meta property=\"og:image:type\" content=\"image\/jpeg\" \/>\n<meta name=\"author\" content=\"Huflaikhan\" \/>\n<script type=\"application\/ld+json\" class=\"yoast-schema-graph\">{\"@context\":\"https:\\\/\\\/schema.org\",\"@graph\":[{\"@type\":\"Article\",\"@id\":\"https:\\\/\\\/www.jazzzeitung.de\\\/cms\\\/2016\\\/11\\\/jazzfest-berlin-1-man-kann-nicht-jazz-auch-julia-huelsmann-mette-henriette-und-wadada-leo-smith\\\/#article\",\"isPartOf\":{\"@id\":\"https:\\\/\\\/www.jazzzeitung.de\\\/cms\\\/2016\\\/11\\\/jazzfest-berlin-1-man-kann-nicht-jazz-auch-julia-huelsmann-mette-henriette-und-wadada-leo-smith\\\/\"},\"author\":{\"name\":\"Huflaikhan\",\"@id\":\"https:\\\/\\\/www.jazzzeitung.de\\\/cms\\\/#\\\/schema\\\/person\\\/1ba404714b9455401502bc409a7df45e\"},\"headline\":\"Jazzfest Berlin 2016 (1) \u201eMan kann nicht Jazz auch\u201c \u2013 Julia H\u00fclsmann, Mette Henriette und Wadada Leo Smith\",\"datePublished\":\"2016-11-04T12:28:19+00:00\",\"dateModified\":\"2016-11-06T09:55:50+00:00\",\"mainEntityOfPage\":{\"@id\":\"https:\\\/\\\/www.jazzzeitung.de\\\/cms\\\/2016\\\/11\\\/jazzfest-berlin-1-man-kann-nicht-jazz-auch-julia-huelsmann-mette-henriette-und-wadada-leo-smith\\\/\"},\"wordCount\":788,\"commentCount\":0,\"publisher\":{\"@id\":\"https:\\\/\\\/www.jazzzeitung.de\\\/cms\\\/#organization\"},\"image\":{\"@id\":\"https:\\\/\\\/www.jazzzeitung.de\\\/cms\\\/2016\\\/11\\\/jazzfest-berlin-1-man-kann-nicht-jazz-auch-julia-huelsmann-mette-henriette-und-wadada-leo-smith\\\/#primaryimage\"},\"thumbnailUrl\":\"https:\\\/\\\/i0.wp.com\\\/www.jazzzeitung.de\\\/cms\\\/wp-content\\\/uploads\\\/2016\\\/11\\\/jazzfest_2016_Mette_Henriette0024t2016.jpg?fit=1800%2C1200&ssl=1\",\"keywords\":[\"Anna-Lena Schnabel\",\"APPLAUS\",\"Berlin\",\"Heinrich K\u00f6bberling\",\"Jazzfest Berlin\",\"John Lindberg\",\"Julia H\u00fclsmann\",\"Marc Muellbauer\",\"Marcus Gilmore\",\"Mette Henriette\",\"Monika Gr\u00fctters\",\"Piano\",\"Richard Williams\",\"Tom Arthurs\",\"Wadada Leo Smith\"],\"articleSection\":[\"Bericht\",\"Blog\"],\"inLanguage\":\"de\",\"potentialAction\":[{\"@type\":\"CommentAction\",\"name\":\"Comment\",\"target\":[\"https:\\\/\\\/www.jazzzeitung.de\\\/cms\\\/2016\\\/11\\\/jazzfest-berlin-1-man-kann-nicht-jazz-auch-julia-huelsmann-mette-henriette-und-wadada-leo-smith\\\/#respond\"]}]},{\"@type\":\"WebPage\",\"@id\":\"https:\\\/\\\/www.jazzzeitung.de\\\/cms\\\/2016\\\/11\\\/jazzfest-berlin-1-man-kann-nicht-jazz-auch-julia-huelsmann-mette-henriette-und-wadada-leo-smith\\\/\",\"url\":\"https:\\\/\\\/www.jazzzeitung.de\\\/cms\\\/2016\\\/11\\\/jazzfest-berlin-1-man-kann-nicht-jazz-auch-julia-huelsmann-mette-henriette-und-wadada-leo-smith\\\/\",\"name\":\"Jazzfest Berlin 2016 (1) \u201eMan kann nicht Jazz auch\u201c \u2013 Julia H\u00fclsmann, Mette Henriette und Wadada Leo Smith - JazzZeitung\",\"isPartOf\":{\"@id\":\"https:\\\/\\\/www.jazzzeitung.de\\\/cms\\\/#website\"},\"primaryImageOfPage\":{\"@id\":\"https:\\\/\\\/www.jazzzeitung.de\\\/cms\\\/2016\\\/11\\\/jazzfest-berlin-1-man-kann-nicht-jazz-auch-julia-huelsmann-mette-henriette-und-wadada-leo-smith\\\/#primaryimage\"},\"image\":{\"@id\":\"https:\\\/\\\/www.jazzzeitung.de\\\/cms\\\/2016\\\/11\\\/jazzfest-berlin-1-man-kann-nicht-jazz-auch-julia-huelsmann-mette-henriette-und-wadada-leo-smith\\\/#primaryimage\"},\"thumbnailUrl\":\"https:\\\/\\\/i0.wp.com\\\/www.jazzzeitung.de\\\/cms\\\/wp-content\\\/uploads\\\/2016\\\/11\\\/jazzfest_2016_Mette_Henriette0024t2016.jpg?fit=1800%2C1200&ssl=1\",\"datePublished\":\"2016-11-04T12:28:19+00:00\",\"dateModified\":\"2016-11-06T09:55:50+00:00\",\"breadcrumb\":{\"@id\":\"https:\\\/\\\/www.jazzzeitung.de\\\/cms\\\/2016\\\/11\\\/jazzfest-berlin-1-man-kann-nicht-jazz-auch-julia-huelsmann-mette-henriette-und-wadada-leo-smith\\\/#breadcrumb\"},\"inLanguage\":\"de\",\"potentialAction\":[{\"@type\":\"ReadAction\",\"target\":[\"https:\\\/\\\/www.jazzzeitung.de\\\/cms\\\/2016\\\/11\\\/jazzfest-berlin-1-man-kann-nicht-jazz-auch-julia-huelsmann-mette-henriette-und-wadada-leo-smith\\\/\"]}]},{\"@type\":\"ImageObject\",\"inLanguage\":\"de\",\"@id\":\"https:\\\/\\\/www.jazzzeitung.de\\\/cms\\\/2016\\\/11\\\/jazzfest-berlin-1-man-kann-nicht-jazz-auch-julia-huelsmann-mette-henriette-und-wadada-leo-smith\\\/#primaryimage\",\"url\":\"https:\\\/\\\/i0.wp.com\\\/www.jazzzeitung.de\\\/cms\\\/wp-content\\\/uploads\\\/2016\\\/11\\\/jazzfest_2016_Mette_Henriette0024t2016.jpg?fit=1800%2C1200&ssl=1\",\"contentUrl\":\"https:\\\/\\\/i0.wp.com\\\/www.jazzzeitung.de\\\/cms\\\/wp-content\\\/uploads\\\/2016\\\/11\\\/jazzfest_2016_Mette_Henriette0024t2016.jpg?fit=1800%2C1200&ssl=1\",\"width\":1800,\"height\":1200,\"caption\":\"Mette Henriette. Foto: Petra Basche\"},{\"@type\":\"BreadcrumbList\",\"@id\":\"https:\\\/\\\/www.jazzzeitung.de\\\/cms\\\/2016\\\/11\\\/jazzfest-berlin-1-man-kann-nicht-jazz-auch-julia-huelsmann-mette-henriette-und-wadada-leo-smith\\\/#breadcrumb\",\"itemListElement\":[{\"@type\":\"ListItem\",\"position\":1,\"name\":\"Startseite\",\"item\":\"https:\\\/\\\/www.jazzzeitung.de\\\/cms\\\/\"},{\"@type\":\"ListItem\",\"position\":2,\"name\":\"Jazzfest Berlin 2016 (1) \u201eMan kann nicht Jazz auch\u201c \u2013 Julia H\u00fclsmann, Mette Henriette und Wadada Leo Smith\"}]},{\"@type\":\"WebSite\",\"@id\":\"https:\\\/\\\/www.jazzzeitung.de\\\/cms\\\/#website\",\"url\":\"https:\\\/\\\/www.jazzzeitung.de\\\/cms\\\/\",\"name\":\"JazzZeitung\",\"description\":\"Jazz-News und Jazz-Kontroverses\",\"publisher\":{\"@id\":\"https:\\\/\\\/www.jazzzeitung.de\\\/cms\\\/#organization\"},\"potentialAction\":[{\"@type\":\"SearchAction\",\"target\":{\"@type\":\"EntryPoint\",\"urlTemplate\":\"https:\\\/\\\/www.jazzzeitung.de\\\/cms\\\/?s={search_term_string}\"},\"query-input\":{\"@type\":\"PropertyValueSpecification\",\"valueRequired\":true,\"valueName\":\"search_term_string\"}}],\"inLanguage\":\"de\"},{\"@type\":\"Organization\",\"@id\":\"https:\\\/\\\/www.jazzzeitung.de\\\/cms\\\/#organization\",\"name\":\"JazzZeitung online\",\"url\":\"https:\\\/\\\/www.jazzzeitung.de\\\/cms\\\/\",\"logo\":{\"@type\":\"ImageObject\",\"inLanguage\":\"de\",\"@id\":\"https:\\\/\\\/www.jazzzeitung.de\\\/cms\\\/#\\\/schema\\\/logo\\\/image\\\/\",\"url\":\"https:\\\/\\\/i0.wp.com\\\/www.jazzzeitung.de\\\/cms\\\/wp-content\\\/uploads\\\/2015\\\/08\\\/JAZZZEITUNGDE_Logo_Neu.png?fit=499%2C200&ssl=1\",\"contentUrl\":\"https:\\\/\\\/i0.wp.com\\\/www.jazzzeitung.de\\\/cms\\\/wp-content\\\/uploads\\\/2015\\\/08\\\/JAZZZEITUNGDE_Logo_Neu.png?fit=499%2C200&ssl=1\",\"width\":499,\"height\":200,\"caption\":\"JazzZeitung online\"},\"image\":{\"@id\":\"https:\\\/\\\/www.jazzzeitung.de\\\/cms\\\/#\\\/schema\\\/logo\\\/image\\\/\"},\"sameAs\":[\"https:\\\/\\\/www.facebook.com\\\/JazzZeitung\\\/\"]},{\"@type\":\"Person\",\"@id\":\"https:\\\/\\\/www.jazzzeitung.de\\\/cms\\\/#\\\/schema\\\/person\\\/1ba404714b9455401502bc409a7df45e\",\"name\":\"Huflaikhan\",\"image\":{\"@type\":\"ImageObject\",\"inLanguage\":\"de\",\"@id\":\"https:\\\/\\\/i0.wp.com\\\/www.jazzzeitung.de\\\/cms\\\/wp-content\\\/uploads\\\/2013\\\/11\\\/huf-06.jpg?resize=96%2C96&ssl=18afacd5aa7627f2840c013425f5a4164\",\"url\":\"https:\\\/\\\/i0.wp.com\\\/www.jazzzeitung.de\\\/cms\\\/wp-content\\\/uploads\\\/2013\\\/11\\\/huf-06.jpg?resize=96%2C96&ssl=1\",\"contentUrl\":\"https:\\\/\\\/i0.wp.com\\\/www.jazzzeitung.de\\\/cms\\\/wp-content\\\/uploads\\\/2013\\\/11\\\/huf-06.jpg?resize=96%2C96&ssl=1\",\"caption\":\"Huflaikhan\"},\"description\":\"Huflaikhan (aka Martin Hufner) hat Musikwissenschaft, Philosophie und Psychologie in Gie\u00dfen studiert und mit einer Arbeit \u00fcber Adorno und die Zw\u00f6lftontechnik promoviert. Seit 1995 ist er freiberuflich als Autor, Fotograf und Netzmacher unterwegs.\",\"sameAs\":[\"https:\\\/\\\/www.kritische-masse.de\\\/logbuch\",\"https:\\\/\\\/www.facebook.com\\\/hufner\"],\"url\":\"https:\\\/\\\/www.jazzzeitung.de\\\/cms\\\/author\\\/hufi\\\/\"}]}<\/script>\n<!-- \/ Yoast SEO plugin. -->","yoast_head_json":{"title":"Jazzfest Berlin 2016 (1) \u201eMan kann nicht Jazz auch\u201c \u2013 Julia H\u00fclsmann, Mette Henriette und Wadada Leo Smith - JazzZeitung","robots":{"index":"index","follow":"follow","max-snippet":"max-snippet:-1","max-image-preview":"max-image-preview:large","max-video-preview":"max-video-preview:-1"},"canonical":"https:\/\/www.jazzzeitung.de\/cms\/2016\/11\/jazzfest-berlin-1-man-kann-nicht-jazz-auch-julia-huelsmann-mette-henriette-und-wadada-leo-smith\/","og_locale":"de_DE","og_type":"article","og_title":"Jazzfest Berlin 2016 (1) \u201eMan kann nicht Jazz auch\u201c \u2013 Julia H\u00fclsmann, Mette Henriette und Wadada Leo Smith - JazzZeitung","og_description":"Das Jazzfest in seiner erweiterten Form ist zwar schon am Dienstag gestartet, aber erst am Donnerstag legte es auch im Haus der Berliner Festspiele los. Mit wechselndem Ergebnis. Aber zun\u00e4chst ist zu erw\u00e4hnen, dass die diesj\u00e4hrige Ausgabe von der Kulturstaatsministerin Monika Gr\u00fctters er\u00f6ffnet wurde. Sie unterlie\u00df es dieses Mal auch nicht, die hervorragende Arbeit ihres Ministeriums umf\u00e4nglich zu erw\u00e4hnen. Aber sie zitierte und interpretierte auch einen Satz des langj\u00e4hrigen Leiters des Jazzfests George Gruntz: \u201eMan kann nicht Jazz auch.\u201c Kann man nicht. Richtig. Was man heute k\u00fcnstlerisch kann, daf\u00fcr stand der erste Abend exemplarisch. Drei Spielkulturen in drei Acts. Komprovisationen Julia H\u00fclsmann Quartett &amp; Anna-Lena Schnabel Zum Julia H\u00fclsmann Quartett muss man nicht viel sagen. Es ist ein eingespieltes Ensemble, bei dem sich die Musikerinnen alle bestens verstehen \u2013 vor allem die engere rhythm section aus Marc Muellbauer (b) und Heinrich K\u00f6bberling (dm). Julia H\u00fclsmann am Klavier bleibt dezent und wenn sie zum solo ansetzt, ist sie immer \u00fcberaus pr\u00e4zise ohne All\u00fcren, feinsinnig sowieso. F\u00fcr das Jazzfest Berlin trat die Saxophonistin Anna-Lena Schnabel hinzu. Eine wunderbare Musikerin, die an ihrem Altsaxophon alles kann. F\u00fcnf Musikerinnen &hellip;","og_url":"https:\/\/www.jazzzeitung.de\/cms\/2016\/11\/jazzfest-berlin-1-man-kann-nicht-jazz-auch-julia-huelsmann-mette-henriette-und-wadada-leo-smith\/","og_site_name":"JazzZeitung","article_publisher":"https:\/\/www.facebook.com\/JazzZeitung\/","article_author":"https:\/\/www.facebook.com\/hufner","article_published_time":"2016-11-04T12:28:19+00:00","article_modified_time":"2016-11-06T09:55:50+00:00","og_image":[{"width":1800,"height":1200,"url":"https:\/\/i0.wp.com\/www.jazzzeitung.de\/cms\/wp-content\/uploads\/2016\/11\/jazzfest_2016_Mette_Henriette0024t2016.jpg?fit=1800%2C1200&ssl=1","type":"image\/jpeg"}],"author":"Huflaikhan","schema":{"@context":"https:\/\/schema.org","@graph":[{"@type":"Article","@id":"https:\/\/www.jazzzeitung.de\/cms\/2016\/11\/jazzfest-berlin-1-man-kann-nicht-jazz-auch-julia-huelsmann-mette-henriette-und-wadada-leo-smith\/#article","isPartOf":{"@id":"https:\/\/www.jazzzeitung.de\/cms\/2016\/11\/jazzfest-berlin-1-man-kann-nicht-jazz-auch-julia-huelsmann-mette-henriette-und-wadada-leo-smith\/"},"author":{"name":"Huflaikhan","@id":"https:\/\/www.jazzzeitung.de\/cms\/#\/schema\/person\/1ba404714b9455401502bc409a7df45e"},"headline":"Jazzfest Berlin 2016 (1) \u201eMan kann nicht Jazz auch\u201c \u2013 Julia H\u00fclsmann, Mette Henriette und Wadada Leo Smith","datePublished":"2016-11-04T12:28:19+00:00","dateModified":"2016-11-06T09:55:50+00:00","mainEntityOfPage":{"@id":"https:\/\/www.jazzzeitung.de\/cms\/2016\/11\/jazzfest-berlin-1-man-kann-nicht-jazz-auch-julia-huelsmann-mette-henriette-und-wadada-leo-smith\/"},"wordCount":788,"commentCount":0,"publisher":{"@id":"https:\/\/www.jazzzeitung.de\/cms\/#organization"},"image":{"@id":"https:\/\/www.jazzzeitung.de\/cms\/2016\/11\/jazzfest-berlin-1-man-kann-nicht-jazz-auch-julia-huelsmann-mette-henriette-und-wadada-leo-smith\/#primaryimage"},"thumbnailUrl":"https:\/\/i0.wp.com\/www.jazzzeitung.de\/cms\/wp-content\/uploads\/2016\/11\/jazzfest_2016_Mette_Henriette0024t2016.jpg?fit=1800%2C1200&ssl=1","keywords":["Anna-Lena Schnabel","APPLAUS","Berlin","Heinrich K\u00f6bberling","Jazzfest Berlin","John Lindberg","Julia H\u00fclsmann","Marc Muellbauer","Marcus Gilmore","Mette Henriette","Monika Gr\u00fctters","Piano","Richard Williams","Tom Arthurs","Wadada Leo Smith"],"articleSection":["Bericht","Blog"],"inLanguage":"de","potentialAction":[{"@type":"CommentAction","name":"Comment","target":["https:\/\/www.jazzzeitung.de\/cms\/2016\/11\/jazzfest-berlin-1-man-kann-nicht-jazz-auch-julia-huelsmann-mette-henriette-und-wadada-leo-smith\/#respond"]}]},{"@type":"WebPage","@id":"https:\/\/www.jazzzeitung.de\/cms\/2016\/11\/jazzfest-berlin-1-man-kann-nicht-jazz-auch-julia-huelsmann-mette-henriette-und-wadada-leo-smith\/","url":"https:\/\/www.jazzzeitung.de\/cms\/2016\/11\/jazzfest-berlin-1-man-kann-nicht-jazz-auch-julia-huelsmann-mette-henriette-und-wadada-leo-smith\/","name":"Jazzfest Berlin 2016 (1) \u201eMan kann nicht Jazz auch\u201c \u2013 Julia H\u00fclsmann, Mette Henriette und Wadada Leo Smith - JazzZeitung","isPartOf":{"@id":"https:\/\/www.jazzzeitung.de\/cms\/#website"},"primaryImageOfPage":{"@id":"https:\/\/www.jazzzeitung.de\/cms\/2016\/11\/jazzfest-berlin-1-man-kann-nicht-jazz-auch-julia-huelsmann-mette-henriette-und-wadada-leo-smith\/#primaryimage"},"image":{"@id":"https:\/\/www.jazzzeitung.de\/cms\/2016\/11\/jazzfest-berlin-1-man-kann-nicht-jazz-auch-julia-huelsmann-mette-henriette-und-wadada-leo-smith\/#primaryimage"},"thumbnailUrl":"https:\/\/i0.wp.com\/www.jazzzeitung.de\/cms\/wp-content\/uploads\/2016\/11\/jazzfest_2016_Mette_Henriette0024t2016.jpg?fit=1800%2C1200&ssl=1","datePublished":"2016-11-04T12:28:19+00:00","dateModified":"2016-11-06T09:55:50+00:00","breadcrumb":{"@id":"https:\/\/www.jazzzeitung.de\/cms\/2016\/11\/jazzfest-berlin-1-man-kann-nicht-jazz-auch-julia-huelsmann-mette-henriette-und-wadada-leo-smith\/#breadcrumb"},"inLanguage":"de","potentialAction":[{"@type":"ReadAction","target":["https:\/\/www.jazzzeitung.de\/cms\/2016\/11\/jazzfest-berlin-1-man-kann-nicht-jazz-auch-julia-huelsmann-mette-henriette-und-wadada-leo-smith\/"]}]},{"@type":"ImageObject","inLanguage":"de","@id":"https:\/\/www.jazzzeitung.de\/cms\/2016\/11\/jazzfest-berlin-1-man-kann-nicht-jazz-auch-julia-huelsmann-mette-henriette-und-wadada-leo-smith\/#primaryimage","url":"https:\/\/i0.wp.com\/www.jazzzeitung.de\/cms\/wp-content\/uploads\/2016\/11\/jazzfest_2016_Mette_Henriette0024t2016.jpg?fit=1800%2C1200&ssl=1","contentUrl":"https:\/\/i0.wp.com\/www.jazzzeitung.de\/cms\/wp-content\/uploads\/2016\/11\/jazzfest_2016_Mette_Henriette0024t2016.jpg?fit=1800%2C1200&ssl=1","width":1800,"height":1200,"caption":"Mette Henriette. Foto: Petra Basche"},{"@type":"BreadcrumbList","@id":"https:\/\/www.jazzzeitung.de\/cms\/2016\/11\/jazzfest-berlin-1-man-kann-nicht-jazz-auch-julia-huelsmann-mette-henriette-und-wadada-leo-smith\/#breadcrumb","itemListElement":[{"@type":"ListItem","position":1,"name":"Startseite","item":"https:\/\/www.jazzzeitung.de\/cms\/"},{"@type":"ListItem","position":2,"name":"Jazzfest Berlin 2016 (1) \u201eMan kann nicht Jazz auch\u201c \u2013 Julia H\u00fclsmann, Mette Henriette und Wadada Leo Smith"}]},{"@type":"WebSite","@id":"https:\/\/www.jazzzeitung.de\/cms\/#website","url":"https:\/\/www.jazzzeitung.de\/cms\/","name":"JazzZeitung","description":"Jazz-News und Jazz-Kontroverses","publisher":{"@id":"https:\/\/www.jazzzeitung.de\/cms\/#organization"},"potentialAction":[{"@type":"SearchAction","target":{"@type":"EntryPoint","urlTemplate":"https:\/\/www.jazzzeitung.de\/cms\/?s={search_term_string}"},"query-input":{"@type":"PropertyValueSpecification","valueRequired":true,"valueName":"search_term_string"}}],"inLanguage":"de"},{"@type":"Organization","@id":"https:\/\/www.jazzzeitung.de\/cms\/#organization","name":"JazzZeitung online","url":"https:\/\/www.jazzzeitung.de\/cms\/","logo":{"@type":"ImageObject","inLanguage":"de","@id":"https:\/\/www.jazzzeitung.de\/cms\/#\/schema\/logo\/image\/","url":"https:\/\/i0.wp.com\/www.jazzzeitung.de\/cms\/wp-content\/uploads\/2015\/08\/JAZZZEITUNGDE_Logo_Neu.png?fit=499%2C200&ssl=1","contentUrl":"https:\/\/i0.wp.com\/www.jazzzeitung.de\/cms\/wp-content\/uploads\/2015\/08\/JAZZZEITUNGDE_Logo_Neu.png?fit=499%2C200&ssl=1","width":499,"height":200,"caption":"JazzZeitung online"},"image":{"@id":"https:\/\/www.jazzzeitung.de\/cms\/#\/schema\/logo\/image\/"},"sameAs":["https:\/\/www.facebook.com\/JazzZeitung\/"]},{"@type":"Person","@id":"https:\/\/www.jazzzeitung.de\/cms\/#\/schema\/person\/1ba404714b9455401502bc409a7df45e","name":"Huflaikhan","image":{"@type":"ImageObject","inLanguage":"de","@id":"https:\/\/i0.wp.com\/www.jazzzeitung.de\/cms\/wp-content\/uploads\/2013\/11\/huf-06.jpg?resize=96%2C96&ssl=18afacd5aa7627f2840c013425f5a4164","url":"https:\/\/i0.wp.com\/www.jazzzeitung.de\/cms\/wp-content\/uploads\/2013\/11\/huf-06.jpg?resize=96%2C96&ssl=1","contentUrl":"https:\/\/i0.wp.com\/www.jazzzeitung.de\/cms\/wp-content\/uploads\/2013\/11\/huf-06.jpg?resize=96%2C96&ssl=1","caption":"Huflaikhan"},"description":"Huflaikhan (aka Martin Hufner) hat Musikwissenschaft, Philosophie und Psychologie in Gie\u00dfen studiert und mit einer Arbeit \u00fcber Adorno und die Zw\u00f6lftontechnik promoviert. Seit 1995 ist er freiberuflich als Autor, Fotograf und Netzmacher unterwegs.","sameAs":["https:\/\/www.kritische-masse.de\/logbuch","https:\/\/www.facebook.com\/hufner"],"url":"https:\/\/www.jazzzeitung.de\/cms\/author\/hufi\/"}]}},"wp-worthy-pixel":{"ignored":false,"public":"1c010ec7693449b6bc21be55a8f478ac","server":"vg06.met.vgwort.de\/na","url":"https:\/\/vg06.met.vgwort.de\/na\/1c010ec7693449b6bc21be55a8f478ac"},"wp-worthy-type":"normal","jetpack_publicize_connections":[],"cc_featured_image_caption":{"caption_text":false,"source_text":false,"source_url":false},"jetpack_featured_media_url":"https:\/\/i0.wp.com\/www.jazzzeitung.de\/cms\/wp-content\/uploads\/2016\/11\/jazzfest_2016_Mette_Henriette0024t2016.jpg?fit=1800%2C1200&ssl=1","jetpack_shortlink":"https:\/\/wp.me\/p3KEcT-2MS","jetpack-related-posts":[{"id":9521,"url":"https:\/\/www.jazzzeitung.de\/cms\/2016\/06\/das-jazzfest-berlin-2016-einer-extended-version\/","url_meta":{"origin":10718,"position":0},"title":"Das Jazzfest Berlin 2016 in einer &#8222;extended version&#8220;","author":"Redaktion JazzZeitung","date":"16. Juni 2016","format":false,"excerpt":"Der k\u00fcnstlerische Leiter des Jazzfest Berlin Richard Williams hat das Programm f\u00fcr das Jazzfest Berlin 2016 vorgestellt Die Berliner Festspiele\u00a0veranstalten\u00a0das 53. Jazzfest Berlin in diesem Jahr vom 1.\u00a0bis 6.\u00a0November, in einer\u00a0\u201eextended version\u201c mit\u00a0zwei Vorveranstaltungen. Insgesamt\u00a0werden beim Festival 16\u00a0Jazzformationen und f\u00fcnf teils v\u00f6llig neue Duo-Kombinationen auftreten. Viele der beim Jazzfest Berlin\u2026","rel":"","context":"In &quot;News&quot;","block_context":{"text":"News","link":"https:\/\/www.jazzzeitung.de\/cms\/thema\/nachrichten\/"},"img":{"alt_text":"LUCIA_CADOTSCH___Michael_Jungblut_01","src":"https:\/\/i0.wp.com\/www.jazzzeitung.de\/cms\/wp-content\/uploads\/2016\/06\/LUCIA_CADOTSCH___Michael_Jungblut_01-150x150.jpg?resize=350%2C200","width":350,"height":200},"classes":[]},{"id":10184,"url":"https:\/\/www.jazzzeitung.de\/cms\/2016\/09\/newsjazz-im-turmjazzfest-berlinbirdland-jazz-club-neuburg\/","url_meta":{"origin":10718,"position":1},"title":"+++ News +++ Jazz im Turm +++ Jazzfest Berlin +++ Birdland Jazz Club Neuburg","author":"Redaktion JazzZeitung","date":"30. September 2016","format":false,"excerpt":"Jazz im Turm Die September-Jam-Session bei Jazz im Turm nahe Glonn, wird am 29.9.16 um 20 Uhr\u00a0 von der S\u00e4ngerin Jasmin Bayer mit ihrer Formation er\u00f6ffnet. Auf dem Programm stehen Lieder ihrer j\u00fcngst erschienenen CD \u201eSummer Melodies\u201c, die sie mit Peter Tuscher (tpt), David Roberts (p), Markus Wagner (b) und\u2026","rel":"","context":"In &quot;News&quot;","block_context":{"text":"News","link":"https:\/\/www.jazzzeitung.de\/cms\/thema\/nachrichten\/"},"img":{"alt_text":"cache_2461745399","src":"https:\/\/i0.wp.com\/www.jazzzeitung.de\/cms\/wp-content\/uploads\/2016\/09\/cache_2461745399-150x150.png?resize=350%2C200","width":350,"height":200},"classes":[]},{"id":10853,"url":"https:\/\/www.jazzzeitung.de\/cms\/2016\/11\/jazzfest-berlin-2016-4-fegefeuer-turbine-und-dasder-rauschende\/","url_meta":{"origin":10718,"position":2},"title":"Jazzfest Berlin 2016 (4) \u2013 Fegefeuer, Turbine und das\/der Rauschende","author":"Huflaikhan","date":"7. November 2016","format":false,"excerpt":"Bisher war das Jazzfest Berlin 2016 eher \u201enaja\u201c. Der letzte Abend brachte die Wendung, es war Stimmung im Saal, es wurde auch mal gebuht. Irgendwer im Publikum durfte lautstark behaupten: \u201eDas ist doch kein Jazz\u201c. Emotionen! Die Antwort darauf kann nur lauten: Wenn man Jazz nur an den Namen, nicht\u2026","rel":"","context":"In &quot;Bericht&quot;","block_context":{"text":"Bericht","link":"https:\/\/www.jazzzeitung.de\/cms\/thema\/bericht\/"},"img":{"alt_text":"Eve Risser\u2019s White Desert Orchestra @ Jazzfest Berlin. Foto: Petra Basche","src":"https:\/\/i0.wp.com\/www.jazzzeitung.de\/cms\/wp-content\/uploads\/2016\/11\/2016_11_06_Eve_Risser_JazzFestBerlin_2016_Petra_Basche_HuPe-Kollektiv0025.jpg?fit=1200%2C801&ssl=1&resize=350%2C200","width":350,"height":200,"srcset":"https:\/\/i0.wp.com\/www.jazzzeitung.de\/cms\/wp-content\/uploads\/2016\/11\/2016_11_06_Eve_Risser_JazzFestBerlin_2016_Petra_Basche_HuPe-Kollektiv0025.jpg?fit=1200%2C801&ssl=1&resize=350%2C200 1x, https:\/\/i0.wp.com\/www.jazzzeitung.de\/cms\/wp-content\/uploads\/2016\/11\/2016_11_06_Eve_Risser_JazzFestBerlin_2016_Petra_Basche_HuPe-Kollektiv0025.jpg?fit=1200%2C801&ssl=1&resize=525%2C300 1.5x, https:\/\/i0.wp.com\/www.jazzzeitung.de\/cms\/wp-content\/uploads\/2016\/11\/2016_11_06_Eve_Risser_JazzFestBerlin_2016_Petra_Basche_HuPe-Kollektiv0025.jpg?fit=1200%2C801&ssl=1&resize=700%2C400 2x, https:\/\/i0.wp.com\/www.jazzzeitung.de\/cms\/wp-content\/uploads\/2016\/11\/2016_11_06_Eve_Risser_JazzFestBerlin_2016_Petra_Basche_HuPe-Kollektiv0025.jpg?fit=1200%2C801&ssl=1&resize=1050%2C600 3x"},"classes":[]},{"id":14034,"url":"https:\/\/www.jazzzeitung.de\/cms\/2017\/10\/der-jazz-praesident-und-die-jazzgeschichte\/","url_meta":{"origin":10718,"position":3},"title":"Der Jazz-Pr\u00e4sident und die Jazzgeschichte","author":"Huflaikhan","date":"31. Oktober 2017","format":false,"excerpt":"Anl\u00e4sslich des diesj\u00e4hrigen Jazzfests Berlin hat Bundespr\u00e4sident Frank-Walter Steinmeier die Pforten seiner Berliner Residenz f\u00fcr ein Wandelkonzert ge\u00f6ffnet. Mit von der Partie: \u201eJulia H\u00fclsmann, Lucia Cadotsch, Lucy Railton, und Kit Downes sowie die Band Empirical mit Nathaniel Facey, Lewis Wright, Andreas Lang und Shaney Forbes.\u201c W\u00e4hrend seiner Ansprache outete sich\u2026","rel":"","context":"In &quot;Blog&quot;","block_context":{"text":"Blog","link":"https:\/\/www.jazzzeitung.de\/cms\/thema\/blog\/"},"img":{"alt_text":"Leben in Berlin. Foto: Hufner","src":"https:\/\/i0.wp.com\/www.jazzzeitung.de\/cms\/wp-content\/uploads\/2017\/10\/hund_in_ubahn_c_hufner.jpg?fit=1200%2C795&ssl=1&resize=350%2C200","width":350,"height":200,"srcset":"https:\/\/i0.wp.com\/www.jazzzeitung.de\/cms\/wp-content\/uploads\/2017\/10\/hund_in_ubahn_c_hufner.jpg?fit=1200%2C795&ssl=1&resize=350%2C200 1x, https:\/\/i0.wp.com\/www.jazzzeitung.de\/cms\/wp-content\/uploads\/2017\/10\/hund_in_ubahn_c_hufner.jpg?fit=1200%2C795&ssl=1&resize=525%2C300 1.5x, https:\/\/i0.wp.com\/www.jazzzeitung.de\/cms\/wp-content\/uploads\/2017\/10\/hund_in_ubahn_c_hufner.jpg?fit=1200%2C795&ssl=1&resize=700%2C400 2x, https:\/\/i0.wp.com\/www.jazzzeitung.de\/cms\/wp-content\/uploads\/2017\/10\/hund_in_ubahn_c_hufner.jpg?fit=1200%2C795&ssl=1&resize=1050%2C600 3x"},"classes":[]},{"id":10590,"url":"https:\/\/www.jazzzeitung.de\/cms\/2016\/10\/plastisches-rauschen-offene-fragen-antwortlos-das-praeludium-zum-jazzfest-berlin-2016\/","url_meta":{"origin":10718,"position":4},"title":"Plastisches Rauschen, offene Fragen: antwortlos \u2013 Das Pr\u00e4ludium zum Jazzfest Berlin 2016","author":"Huflaikhan","date":"19. Oktober 2016","format":false,"excerpt":"Ab 1. November geht es mit einer erweiterten Fassung beim Jazzfest Berlin 2016 los. Es wird durch die Kulturstaatsministerin Monika Gr\u00fctters er\u00f6ffnet werden. Ein Zeichen des Bekenntnisses zum musikalischen Genre \u201eJazz\u201c von hoher bundespolitischer Bedeutung. Darauf wies Thomas Oberender, der Intendant der veranstaltenden Berliner Festspiele hin. Der Musikjournalist Ulf Drechsel\u2026","rel":"","context":"In &quot;Bericht&quot;","block_context":{"text":"Bericht","link":"https:\/\/www.jazzzeitung.de\/cms\/thema\/bericht\/"},"img":{"alt_text":"Jazzfest 2016: Musikerin Eve Risser. Foto: Petra Basche","src":"https:\/\/i0.wp.com\/www.jazzzeitung.de\/cms\/wp-content\/uploads\/2016\/10\/jazzfest_2016_einfuehrung0009t2016.jpg?fit=1200%2C800&ssl=1&resize=350%2C200","width":350,"height":200,"srcset":"https:\/\/i0.wp.com\/www.jazzzeitung.de\/cms\/wp-content\/uploads\/2016\/10\/jazzfest_2016_einfuehrung0009t2016.jpg?fit=1200%2C800&ssl=1&resize=350%2C200 1x, https:\/\/i0.wp.com\/www.jazzzeitung.de\/cms\/wp-content\/uploads\/2016\/10\/jazzfest_2016_einfuehrung0009t2016.jpg?fit=1200%2C800&ssl=1&resize=525%2C300 1.5x, https:\/\/i0.wp.com\/www.jazzzeitung.de\/cms\/wp-content\/uploads\/2016\/10\/jazzfest_2016_einfuehrung0009t2016.jpg?fit=1200%2C800&ssl=1&resize=700%2C400 2x, https:\/\/i0.wp.com\/www.jazzzeitung.de\/cms\/wp-content\/uploads\/2016\/10\/jazzfest_2016_einfuehrung0009t2016.jpg?fit=1200%2C800&ssl=1&resize=1050%2C600 3x"},"classes":[]},{"id":10550,"url":"https:\/\/www.jazzzeitung.de\/cms\/2016\/10\/wie-offen-gleichberechtigt-und-divers-ist-der-jazz-heute-wirklich\/","url_meta":{"origin":10718,"position":5},"title":"Jazzfest Berlin 2016 fragt: \u201eWie offen, gleichberechtigt und divers ist der Jazz heute wirklich?\u201c","author":"Martin Hufner","date":"17. Oktober 2016","format":false,"excerpt":"Pr\u00e4ludium zum Jazzfest Berlin 2016: Diskussion und Programmvorstellung mit Musik am Dienstag, 18. Oktober um 19.00 Uhr im Haus der Berliner Festspiele. Live\u00fcbertragung der Diskussion zum Thema via Facebook und Periscope. Musik von und mit Eve Risser, Alexander von Schlippenbach und Axel D\u00f6rner. Eintritt frei. Ist die freieste der Musikformen\u2026","rel":"","context":"In &quot;News&quot;","block_context":{"text":"News","link":"https:\/\/www.jazzzeitung.de\/cms\/thema\/nachrichten\/"},"img":{"alt_text":"Pr\u00e4ludium hinter den Kulissen. Foto: Hufner","src":"https:\/\/i0.wp.com\/www.jazzzeitung.de\/cms\/wp-content\/uploads\/2016\/10\/jf2015-praeludium-160125.jpg?fit=1200%2C900&ssl=1&resize=350%2C200","width":350,"height":200,"srcset":"https:\/\/i0.wp.com\/www.jazzzeitung.de\/cms\/wp-content\/uploads\/2016\/10\/jf2015-praeludium-160125.jpg?fit=1200%2C900&ssl=1&resize=350%2C200 1x, https:\/\/i0.wp.com\/www.jazzzeitung.de\/cms\/wp-content\/uploads\/2016\/10\/jf2015-praeludium-160125.jpg?fit=1200%2C900&ssl=1&resize=525%2C300 1.5x, https:\/\/i0.wp.com\/www.jazzzeitung.de\/cms\/wp-content\/uploads\/2016\/10\/jf2015-praeludium-160125.jpg?fit=1200%2C900&ssl=1&resize=700%2C400 2x, https:\/\/i0.wp.com\/www.jazzzeitung.de\/cms\/wp-content\/uploads\/2016\/10\/jf2015-praeludium-160125.jpg?fit=1200%2C900&ssl=1&resize=1050%2C600 3x"},"classes":[]}],"jetpack_sharing_enabled":true,"_links":{"self":[{"href":"https:\/\/www.jazzzeitung.de\/cms\/wp-json\/wp\/v2\/posts\/10718","targetHints":{"allow":["GET"]}}],"collection":[{"href":"https:\/\/www.jazzzeitung.de\/cms\/wp-json\/wp\/v2\/posts"}],"about":[{"href":"https:\/\/www.jazzzeitung.de\/cms\/wp-json\/wp\/v2\/types\/post"}],"author":[{"embeddable":true,"href":"https:\/\/www.jazzzeitung.de\/cms\/wp-json\/wp\/v2\/users\/2"}],"replies":[{"embeddable":true,"href":"https:\/\/www.jazzzeitung.de\/cms\/wp-json\/wp\/v2\/comments?post=10718"}],"version-history":[{"count":7,"href":"https:\/\/www.jazzzeitung.de\/cms\/wp-json\/wp\/v2\/posts\/10718\/revisions"}],"predecessor-version":[{"id":10814,"href":"https:\/\/www.jazzzeitung.de\/cms\/wp-json\/wp\/v2\/posts\/10718\/revisions\/10814"}],"wp:featuredmedia":[{"embeddable":true,"href":"https:\/\/www.jazzzeitung.de\/cms\/wp-json\/wp\/v2\/media\/10745"}],"wp:attachment":[{"href":"https:\/\/www.jazzzeitung.de\/cms\/wp-json\/wp\/v2\/media?parent=10718"}],"wp:term":[{"taxonomy":"category","embeddable":true,"href":"https:\/\/www.jazzzeitung.de\/cms\/wp-json\/wp\/v2\/categories?post=10718"},{"taxonomy":"post_tag","embeddable":true,"href":"https:\/\/www.jazzzeitung.de\/cms\/wp-json\/wp\/v2\/tags?post=10718"},{"taxonomy":"author","embeddable":true,"href":"https:\/\/www.jazzzeitung.de\/cms\/wp-json\/wp\/v2\/coauthors?post=10718"}],"curies":[{"name":"wp","href":"https:\/\/api.w.org\/{rel}","templated":true}]}}