{"id":10657,"date":"2016-10-27T12:00:21","date_gmt":"2016-10-27T10:00:21","guid":{"rendered":"http:\/\/www.jazzzeitung.de\/cms\/?p=10657"},"modified":"2016-10-27T14:54:25","modified_gmt":"2016-10-27T12:54:25","slug":"veteranentreff-mit-hipnessfaktor-beim-1-landesjazzfestival-bayern-in-regensburg","status":"publish","type":"post","link":"https:\/\/www.jazzzeitung.de\/cms\/2016\/10\/veteranentreff-mit-hipnessfaktor-beim-1-landesjazzfestival-bayern-in-regensburg\/","title":{"rendered":"Veteranentreff mit Hipnessfaktor beim 1. Landesjazzfestival Bayern in Regensburg"},"content":{"rendered":"<figure id=\"attachment_10684\" aria-describedby=\"caption-attachment-10684\" style=\"width: 150px\" class=\"wp-caption alignleft\"><a href=\"https:\/\/i0.wp.com\/www.jazzzeitung.de\/cms\/wp-content\/uploads\/2016\/10\/P1070825-Carter-Foto-TJ-Krebs.jpg\"><img data-recalc-dims=\"1\" loading=\"lazy\" decoding=\"async\" data-attachment-id=\"10684\" data-permalink=\"https:\/\/www.jazzzeitung.de\/cms\/2016\/10\/veteranentreff-mit-hipnessfaktor-beim-1-landesjazzfestival-bayern-in-regensburg\/p1070825-carter-foto-tj-krebs\/\" data-orig-file=\"https:\/\/i0.wp.com\/www.jazzzeitung.de\/cms\/wp-content\/uploads\/2016\/10\/P1070825-Carter-Foto-TJ-Krebs.jpg?fit=800%2C1200&amp;ssl=1\" data-orig-size=\"800,1200\" data-comments-opened=\"1\" data-image-meta=\"{&quot;aperture&quot;:&quot;0&quot;,&quot;credit&quot;:&quot;&quot;,&quot;camera&quot;:&quot;&quot;,&quot;caption&quot;:&quot;&quot;,&quot;created_timestamp&quot;:&quot;0&quot;,&quot;copyright&quot;:&quot;&quot;,&quot;focal_length&quot;:&quot;0&quot;,&quot;iso&quot;:&quot;0&quot;,&quot;shutter_speed&quot;:&quot;0&quot;,&quot;title&quot;:&quot;&quot;,&quot;orientation&quot;:&quot;0&quot;}\" data-image-title=\"Ron Carter. Foto: TJ Krebs\" data-image-description=\"\" data-image-caption=\"&lt;p&gt;Ron Carter. Foto: TJ Krebs&lt;\/p&gt;\n\" data-large-file=\"https:\/\/i0.wp.com\/www.jazzzeitung.de\/cms\/wp-content\/uploads\/2016\/10\/P1070825-Carter-Foto-TJ-Krebs.jpg?fit=400%2C600&amp;ssl=1\" class=\"size-thumbnail wp-image-10684\" src=\"https:\/\/i0.wp.com\/www.jazzzeitung.de\/cms\/wp-content\/uploads\/2016\/10\/P1070825-Carter-Foto-TJ-Krebs-150x150.jpg?resize=150%2C150\" alt=\"Ron Carter. Foto: TJ Krebs\" width=\"150\" height=\"150\" srcset=\"https:\/\/i0.wp.com\/www.jazzzeitung.de\/cms\/wp-content\/uploads\/2016\/10\/P1070825-Carter-Foto-TJ-Krebs.jpg?resize=150%2C150&amp;ssl=1 150w, https:\/\/i0.wp.com\/www.jazzzeitung.de\/cms\/wp-content\/uploads\/2016\/10\/P1070825-Carter-Foto-TJ-Krebs.jpg?resize=144%2C144&amp;ssl=1 144w, https:\/\/i0.wp.com\/www.jazzzeitung.de\/cms\/wp-content\/uploads\/2016\/10\/P1070825-Carter-Foto-TJ-Krebs.jpg?resize=96%2C96&amp;ssl=1 96w, https:\/\/i0.wp.com\/www.jazzzeitung.de\/cms\/wp-content\/uploads\/2016\/10\/P1070825-Carter-Foto-TJ-Krebs.jpg?resize=24%2C24&amp;ssl=1 24w, https:\/\/i0.wp.com\/www.jazzzeitung.de\/cms\/wp-content\/uploads\/2016\/10\/P1070825-Carter-Foto-TJ-Krebs.jpg?resize=36%2C36&amp;ssl=1 36w, https:\/\/i0.wp.com\/www.jazzzeitung.de\/cms\/wp-content\/uploads\/2016\/10\/P1070825-Carter-Foto-TJ-Krebs.jpg?resize=48%2C48&amp;ssl=1 48w, https:\/\/i0.wp.com\/www.jazzzeitung.de\/cms\/wp-content\/uploads\/2016\/10\/P1070825-Carter-Foto-TJ-Krebs.jpg?resize=64%2C64&amp;ssl=1 64w, https:\/\/i0.wp.com\/www.jazzzeitung.de\/cms\/wp-content\/uploads\/2016\/10\/P1070825-Carter-Foto-TJ-Krebs.jpg?resize=32%2C32&amp;ssl=1 32w, https:\/\/i0.wp.com\/www.jazzzeitung.de\/cms\/wp-content\/uploads\/2016\/10\/P1070825-Carter-Foto-TJ-Krebs.jpg?resize=50%2C50&amp;ssl=1 50w, https:\/\/i0.wp.com\/www.jazzzeitung.de\/cms\/wp-content\/uploads\/2016\/10\/P1070825-Carter-Foto-TJ-Krebs.jpg?resize=128%2C128&amp;ssl=1 128w, https:\/\/i0.wp.com\/www.jazzzeitung.de\/cms\/wp-content\/uploads\/2016\/10\/P1070825-Carter-Foto-TJ-Krebs.jpg?zoom=2&amp;resize=150%2C150&amp;ssl=1 300w, https:\/\/i0.wp.com\/www.jazzzeitung.de\/cms\/wp-content\/uploads\/2016\/10\/P1070825-Carter-Foto-TJ-Krebs.jpg?zoom=3&amp;resize=150%2C150&amp;ssl=1 450w\" sizes=\"auto, (max-width: 150px) 100vw, 150px\" \/><\/a><figcaption id=\"caption-attachment-10684\" class=\"wp-caption-text\">Ron Carter. Foto: TJ Krebs<\/figcaption><\/figure>\n<p>Ein wahres Feuerwerk, um einmal die abgegriffene Metapher zu nutzen, hat der amerikanische Gitarrist John Scofield am letzten Abend des 1. Bayerischen Landes-Jazzfestivals in Regensburg abgebrannt. Im Velodrom, einem Baudenkmal, bestritt er im Quartett mit Larry Goldings (p, org), Altmeister Steve Swallow am E-Bass und Youngster Bill Stewart (dr) ein Doppelkonzert neben dem Dusko Gojkovich-Scott Hamilton Quintett. An diesen beiden stilistisch weit auseinanderliegenden Bands lassen sich gut programmatische und kulturpolitische Aspekte der LAG Jazz in Bayern e.V. festmachen, die das Festival zusammen mit dem \u00f6rtlichen Jazzclub auf die Beine gestellt hat.<\/p>\n<p>Internationale Stars sollten sich die B\u00fchne mit bedeutenden Vertretern der bayerischen Szene teilen, junge, wenig bekannte Musiker gleichberechtigt neben bekannten Gr\u00f6\u00dfen stehen. Im Prinzip hat das \u2013 fast \u2013 funktioniert. Mit dem jungen Trio des 25-j\u00e4hrigen Rosenheimers Leo Betzl, Gewinner des diesj\u00e4hrigen LAG-Jazzpreises und Student der M\u00fcnchner Musikhochschule, er\u00f6ffnete ein enorm spannendes Klaviertrio energiegeladen und federleicht swingend zugleich das frisch aus der Taufe gehobene Festival. Allerdings hielt sich die Resonanz, ebenso wie beim knackig groovenden Funk-Soul-Blues-Jazz-Gemisch des M\u00fcnchner Orgeltrios \u201eOrgan Explosion\u201c am zweiten Abend ziemlich in Grenzen. Offensichtlich ist es selbst mit diesem hippen Retro-Instrumentarium und tanzbaren Grooves nur bedingt gelungen auch junge Menschen anzusprechen und in die Clubs und Venues zu locken. John Scofield, der auf seiner Tour erstmals sein neues, ebenfalls retro-orientiertes Programm aus alten Cowboy- und Countrysongs, \u201eCountry for old Men\u201c, in Europa vorstellte, brachte es mit einem lakonischen \u201eLook at yourself\u201c verschmitzt sp\u00f6ttelnd auf den Punkt. Bei aller gro\u00dfartigen Musik, mit der Scofield (64 Jahre) selbst, der immer noch glanzvolle Trompeter Dusko Goykovich (85 Jahre), Tenorsaxofonist Scott Hamilton (62 Jahre) und der wunderbare Ron Carter (79 Jahre) mit seinem \u201eGolden Striker Trio\u201c das Publikum eins ums andere Mal begeisterten, es war ein bisschen ein Veteranentreff des Jazz \u2013 mit gro\u00dfem Hipnessfaktor allerdings.<\/p>\n<p>F\u00fcr alle, die in Regensburg Ron Carter\u2019s \u201eGolden Striker Trio\u201c verpasst haben ergibt sich in M\u00fcnchen diesen Donnerstag, den 27.10. um 21:00h im Nightclub des Hotels Bayerischer Hof nochmal die Gelegenheit, diese au\u00dferordentliche Formation live zu h\u00f6ren.<\/p>\n<p>Text: Michael Scheiner. Bilder: TJ Krebs und Michael Scheiner<\/p>\n<div class=\"tiled-gallery type-rectangular tiled-gallery-unresized\" data-original-width=\"840\" data-carousel-extra='{&quot;blog_id&quot;:1,&quot;permalink&quot;:&quot;https:\\\/\\\/www.jazzzeitung.de\\\/cms\\\/2016\\\/10\\\/veteranentreff-mit-hipnessfaktor-beim-1-landesjazzfestival-bayern-in-regensburg\\\/&quot;,&quot;likes_blog_id&quot;:55446655}' itemscope itemtype=\"http:\/\/schema.org\/ImageGallery\" > <div class=\"gallery-row\" style=\"width: 840px; height: 583px;\" data-original-width=\"840\" data-original-height=\"583\" > <div class=\"gallery-group images-2\" style=\"width: 453px; height: 583px;\" data-original-width=\"453\" data-original-height=\"583\" > <div class=\"tiled-gallery-item tiled-gallery-item-large\" itemprop=\"associatedMedia\" itemscope itemtype=\"http:\/\/schema.org\/ImageObject\"> <a href=\"https:\/\/www.jazzzeitung.de\/cms\/2016\/10\/veteranentreff-mit-hipnessfaktor-beim-1-landesjazzfestival-bayern-in-regensburg\/betzl-trio_55\/\" border=\"0\" itemprop=\"url\"> <meta itemprop=\"width\" content=\"449\"> <meta itemprop=\"height\" content=\"278\"> <img decoding=\"async\" class=\"\" data-attachment-id=\"10658\" data-orig-file=\"https:\/\/www.jazzzeitung.de\/cms\/wp-content\/uploads\/2016\/10\/Betzl-Trio_55.jpg\" data-orig-size=\"1969,1217\" data-comments-opened=\"1\" data-image-meta=\"{&quot;aperture&quot;:&quot;3.5&quot;,&quot;credit&quot;:&quot;&quot;,&quot;camera&quot;:&quot;NIKON D7000&quot;,&quot;caption&quot;:&quot;&quot;,&quot;created_timestamp&quot;:&quot;1477081862&quot;,&quot;copyright&quot;:&quot;&quot;,&quot;focal_length&quot;:&quot;18&quot;,&quot;iso&quot;:&quot;2000&quot;,&quot;shutter_speed&quot;:&quot;0.025&quot;,&quot;title&quot;:&quot;&quot;,&quot;orientation&quot;:&quot;1&quot;}\" data-image-title=\"Das Leo Betzl Trio. Foto: Michael Scheiner\" data-image-description=\"\" data-medium-file=\"https:\/\/i0.wp.com\/www.jazzzeitung.de\/cms\/wp-content\/uploads\/2016\/10\/Betzl-Trio_55.jpg?fit=300%2C185&#038;ssl=1\" data-large-file=\"https:\/\/i0.wp.com\/www.jazzzeitung.de\/cms\/wp-content\/uploads\/2016\/10\/Betzl-Trio_55.jpg?fit=840%2C519&#038;ssl=1\" src=\"https:\/\/i0.wp.com\/www.jazzzeitung.de\/cms\/wp-content\/uploads\/2016\/10\/Betzl-Trio_55.jpg?w=449&#038;h=278&#038;ssl=1\" srcset=\"https:\/\/i0.wp.com\/www.jazzzeitung.de\/cms\/wp-content\/uploads\/2016\/10\/Betzl-Trio_55.jpg?w=1969&amp;ssl=1 1969w, https:\/\/i0.wp.com\/www.jazzzeitung.de\/cms\/wp-content\/uploads\/2016\/10\/Betzl-Trio_55.jpg?resize=300%2C185&amp;ssl=1 300w, https:\/\/i0.wp.com\/www.jazzzeitung.de\/cms\/wp-content\/uploads\/2016\/10\/Betzl-Trio_55.jpg?resize=768%2C475&amp;ssl=1 768w, https:\/\/i0.wp.com\/www.jazzzeitung.de\/cms\/wp-content\/uploads\/2016\/10\/Betzl-Trio_55.jpg?resize=900%2C556&amp;ssl=1 900w, https:\/\/i0.wp.com\/www.jazzzeitung.de\/cms\/wp-content\/uploads\/2016\/10\/Betzl-Trio_55.jpg?w=1680&amp;ssl=1 1680w\" width=\"449\" height=\"278\" loading=\"lazy\" data-original-width=\"449\" data-original-height=\"278\" itemprop=\"http:\/\/schema.org\/image\" title=\"Das Leo Betzl Trio. Foto: Michael Scheiner\" alt=\"Das Leo Betzl Trio. Foto: Michael Scheiner\" style=\"width: 449px; height: 278px;\" \/> <\/a> <\/div> <div class=\"tiled-gallery-item tiled-gallery-item-large\" itemprop=\"associatedMedia\" itemscope itemtype=\"http:\/\/schema.org\/ImageObject\"> <a href=\"https:\/\/www.jazzzeitung.de\/cms\/2016\/10\/veteranentreff-mit-hipnessfaktor-beim-1-landesjazzfestival-bayern-in-regensburg\/jost-tizian_01\/\" border=\"0\" itemprop=\"url\"> <meta itemprop=\"width\" content=\"449\"> <meta itemprop=\"height\" content=\"297\"> <img decoding=\"async\" class=\"\" data-attachment-id=\"10663\" data-orig-file=\"https:\/\/www.jazzzeitung.de\/cms\/wp-content\/uploads\/2016\/10\/Jost-Tizian_01.jpg\" data-orig-size=\"1890,1252\" data-comments-opened=\"1\" data-image-meta=\"{&quot;aperture&quot;:&quot;5&quot;,&quot;credit&quot;:&quot;Michael Scheiner&quot;,&quot;camera&quot;:&quot;NIKON D7000&quot;,&quot;caption&quot;:&quot;&quot;,&quot;created_timestamp&quot;:&quot;1477090131&quot;,&quot;copyright&quot;:&quot;Michael Scheiner&quot;,&quot;focal_length&quot;:&quot;52&quot;,&quot;iso&quot;:&quot;2000&quot;,&quot;shutter_speed&quot;:&quot;0.016666666666667&quot;,&quot;title&quot;:&quot;&quot;,&quot;orientation&quot;:&quot;1&quot;}\" data-image-title=\"Tizian Jost. Foto: Michael Scheiner\" data-image-description=\"\" data-medium-file=\"https:\/\/i0.wp.com\/www.jazzzeitung.de\/cms\/wp-content\/uploads\/2016\/10\/Jost-Tizian_01.jpg?fit=300%2C199&#038;ssl=1\" data-large-file=\"https:\/\/i0.wp.com\/www.jazzzeitung.de\/cms\/wp-content\/uploads\/2016\/10\/Jost-Tizian_01.jpg?fit=840%2C556&#038;ssl=1\" src=\"https:\/\/i0.wp.com\/www.jazzzeitung.de\/cms\/wp-content\/uploads\/2016\/10\/Jost-Tizian_01.jpg?w=449&#038;h=297&#038;ssl=1\" srcset=\"https:\/\/i0.wp.com\/www.jazzzeitung.de\/cms\/wp-content\/uploads\/2016\/10\/Jost-Tizian_01.jpg?w=1890&amp;ssl=1 1890w, https:\/\/i0.wp.com\/www.jazzzeitung.de\/cms\/wp-content\/uploads\/2016\/10\/Jost-Tizian_01.jpg?resize=300%2C199&amp;ssl=1 300w, https:\/\/i0.wp.com\/www.jazzzeitung.de\/cms\/wp-content\/uploads\/2016\/10\/Jost-Tizian_01.jpg?resize=768%2C509&amp;ssl=1 768w, https:\/\/i0.wp.com\/www.jazzzeitung.de\/cms\/wp-content\/uploads\/2016\/10\/Jost-Tizian_01.jpg?resize=900%2C596&amp;ssl=1 900w, https:\/\/i0.wp.com\/www.jazzzeitung.de\/cms\/wp-content\/uploads\/2016\/10\/Jost-Tizian_01.jpg?w=1680&amp;ssl=1 1680w\" width=\"449\" height=\"297\" loading=\"lazy\" data-original-width=\"449\" data-original-height=\"297\" itemprop=\"http:\/\/schema.org\/image\" title=\"Tizian Jost. Foto: Michael Scheiner\" alt=\"Tizian Jost. Foto: Michael Scheiner\" style=\"width: 449px; height: 297px;\" \/> <\/a> <\/div> <\/div> <!-- close group --> <div class=\"gallery-group images-1\" style=\"width: 387px; height: 583px;\" data-original-width=\"387\" data-original-height=\"583\" > <div class=\"tiled-gallery-item tiled-gallery-item-large\" itemprop=\"associatedMedia\" itemscope itemtype=\"http:\/\/schema.org\/ImageObject\"> <a href=\"https:\/\/www.jazzzeitung.de\/cms\/2016\/10\/veteranentreff-mit-hipnessfaktor-beim-1-landesjazzfestival-bayern-in-regensburg\/haefner-lutz_79\/\" border=\"0\" itemprop=\"url\"> <meta itemprop=\"width\" content=\"383\"> <meta itemprop=\"height\" content=\"579\"> <img decoding=\"async\" class=\"\" data-attachment-id=\"10662\" data-orig-file=\"https:\/\/www.jazzzeitung.de\/cms\/wp-content\/uploads\/2016\/10\/Haefner-Lutz_79.jpg\" data-orig-size=\"1252,1890\" data-comments-opened=\"1\" data-image-meta=\"{&quot;aperture&quot;:&quot;5.3&quot;,&quot;credit&quot;:&quot;Michael Scheiner&quot;,&quot;camera&quot;:&quot;NIKON D7000&quot;,&quot;caption&quot;:&quot;&quot;,&quot;created_timestamp&quot;:&quot;1477088491&quot;,&quot;copyright&quot;:&quot;Michael Scheiner&quot;,&quot;focal_length&quot;:&quot;62&quot;,&quot;iso&quot;:&quot;2000&quot;,&quot;shutter_speed&quot;:&quot;0.016666666666667&quot;,&quot;title&quot;:&quot;&quot;,&quot;orientation&quot;:&quot;1&quot;}\" data-image-title=\"Lutz H\u00e4fner. Foto: Michael Scheiner\" data-image-description=\"\" data-medium-file=\"https:\/\/i0.wp.com\/www.jazzzeitung.de\/cms\/wp-content\/uploads\/2016\/10\/Haefner-Lutz_79.jpg?fit=199%2C300&#038;ssl=1\" data-large-file=\"https:\/\/i0.wp.com\/www.jazzzeitung.de\/cms\/wp-content\/uploads\/2016\/10\/Haefner-Lutz_79.jpg?fit=397%2C600&#038;ssl=1\" src=\"https:\/\/i0.wp.com\/www.jazzzeitung.de\/cms\/wp-content\/uploads\/2016\/10\/Haefner-Lutz_79.jpg?w=383&#038;h=579&#038;ssl=1\" srcset=\"https:\/\/i0.wp.com\/www.jazzzeitung.de\/cms\/wp-content\/uploads\/2016\/10\/Haefner-Lutz_79.jpg?w=1252&amp;ssl=1 1252w, https:\/\/i0.wp.com\/www.jazzzeitung.de\/cms\/wp-content\/uploads\/2016\/10\/Haefner-Lutz_79.jpg?resize=199%2C300&amp;ssl=1 199w, https:\/\/i0.wp.com\/www.jazzzeitung.de\/cms\/wp-content\/uploads\/2016\/10\/Haefner-Lutz_79.jpg?resize=768%2C1159&amp;ssl=1 768w, https:\/\/i0.wp.com\/www.jazzzeitung.de\/cms\/wp-content\/uploads\/2016\/10\/Haefner-Lutz_79.jpg?resize=397%2C600&amp;ssl=1 397w\" width=\"383\" height=\"579\" loading=\"lazy\" data-original-width=\"383\" data-original-height=\"579\" itemprop=\"http:\/\/schema.org\/image\" title=\"Lutz H\u00e4fner. Foto: Michael Scheiner\" alt=\"Lutz H\u00e4fner. Foto: Michael Scheiner\" style=\"width: 383px; height: 579px;\" \/> <\/a> <\/div> <\/div> <!-- close group --> <\/div> <!-- close row --> <div class=\"gallery-row\" style=\"width: 840px; height: 386px;\" data-original-width=\"840\" data-original-height=\"386\" > <div class=\"gallery-group images-1\" style=\"width: 583px; height: 386px;\" data-original-width=\"583\" data-original-height=\"386\" > <div class=\"tiled-gallery-item tiled-gallery-item-large\" itemprop=\"associatedMedia\" itemscope itemtype=\"http:\/\/schema.org\/ImageObject\"> <a href=\"https:\/\/www.jazzzeitung.de\/cms\/2016\/10\/veteranentreff-mit-hipnessfaktor-beim-1-landesjazzfestival-bayern-in-regensburg\/reichstaller-morello_34\/\" border=\"0\" itemprop=\"url\"> <meta itemprop=\"width\" content=\"579\"> <meta itemprop=\"height\" content=\"382\"> <img decoding=\"async\" class=\"\" data-attachment-id=\"10666\" data-orig-file=\"https:\/\/www.jazzzeitung.de\/cms\/wp-content\/uploads\/2016\/10\/Reichstaller-Morello_34.jpg\" data-orig-size=\"1900,1252\" data-comments-opened=\"1\" data-image-meta=\"{&quot;aperture&quot;:&quot;5.6&quot;,&quot;credit&quot;:&quot;Michael Scheiner&quot;,&quot;camera&quot;:&quot;NIKON D7000&quot;,&quot;caption&quot;:&quot;&quot;,&quot;created_timestamp&quot;:&quot;1477091698&quot;,&quot;copyright&quot;:&quot;Michael Scheiner&quot;,&quot;focal_length&quot;:&quot;105&quot;,&quot;iso&quot;:&quot;2000&quot;,&quot;shutter_speed&quot;:&quot;0.02&quot;,&quot;title&quot;:&quot;&quot;,&quot;orientation&quot;:&quot;1&quot;}\" data-image-title=\"Claus Reichstaller. Foto: Michael Scheiner\" data-image-description=\"\" data-medium-file=\"https:\/\/i0.wp.com\/www.jazzzeitung.de\/cms\/wp-content\/uploads\/2016\/10\/Reichstaller-Morello_34.jpg?fit=300%2C198&#038;ssl=1\" data-large-file=\"https:\/\/i0.wp.com\/www.jazzzeitung.de\/cms\/wp-content\/uploads\/2016\/10\/Reichstaller-Morello_34.jpg?fit=840%2C553&#038;ssl=1\" src=\"https:\/\/i0.wp.com\/www.jazzzeitung.de\/cms\/wp-content\/uploads\/2016\/10\/Reichstaller-Morello_34.jpg?w=579&#038;h=382&#038;ssl=1\" srcset=\"https:\/\/i0.wp.com\/www.jazzzeitung.de\/cms\/wp-content\/uploads\/2016\/10\/Reichstaller-Morello_34.jpg?w=1900&amp;ssl=1 1900w, https:\/\/i0.wp.com\/www.jazzzeitung.de\/cms\/wp-content\/uploads\/2016\/10\/Reichstaller-Morello_34.jpg?resize=300%2C198&amp;ssl=1 300w, https:\/\/i0.wp.com\/www.jazzzeitung.de\/cms\/wp-content\/uploads\/2016\/10\/Reichstaller-Morello_34.jpg?resize=768%2C506&amp;ssl=1 768w, https:\/\/i0.wp.com\/www.jazzzeitung.de\/cms\/wp-content\/uploads\/2016\/10\/Reichstaller-Morello_34.jpg?resize=900%2C593&amp;ssl=1 900w, https:\/\/i0.wp.com\/www.jazzzeitung.de\/cms\/wp-content\/uploads\/2016\/10\/Reichstaller-Morello_34.jpg?w=1680&amp;ssl=1 1680w\" width=\"579\" height=\"382\" loading=\"lazy\" data-original-width=\"579\" data-original-height=\"382\" itemprop=\"http:\/\/schema.org\/image\" title=\"Claus Reichstaller. Foto: Michael Scheiner\" alt=\"Claus Reichstaller. Foto: Michael Scheiner\" style=\"width: 579px; height: 382px;\" \/> <\/a> <\/div> <\/div> <!-- close group --> <div class=\"gallery-group images-1\" style=\"width: 257px; height: 386px;\" data-original-width=\"257\" data-original-height=\"386\" > <div class=\"tiled-gallery-item tiled-gallery-item-large\" itemprop=\"associatedMedia\" itemscope itemtype=\"http:\/\/schema.org\/ImageObject\"> <a href=\"https:\/\/www.jazzzeitung.de\/cms\/2016\/10\/veteranentreff-mit-hipnessfaktor-beim-1-landesjazzfestival-bayern-in-regensburg\/morello-paulo_21\/\" border=\"0\" itemprop=\"url\"> <meta itemprop=\"width\" content=\"253\"> <meta itemprop=\"height\" content=\"382\"> <img decoding=\"async\" class=\"\" data-attachment-id=\"10694\" data-orig-file=\"https:\/\/www.jazzzeitung.de\/cms\/wp-content\/uploads\/2016\/10\/Morello-Paulo_21.jpg\" data-orig-size=\"1252,1890\" data-comments-opened=\"1\" data-image-meta=\"{&quot;aperture&quot;:&quot;5.3&quot;,&quot;credit&quot;:&quot;Michael Scheiner&quot;,&quot;camera&quot;:&quot;NIKON D7000&quot;,&quot;caption&quot;:&quot;&quot;,&quot;created_timestamp&quot;:&quot;1477090938&quot;,&quot;copyright&quot;:&quot;Michael Scheiner&quot;,&quot;focal_length&quot;:&quot;75&quot;,&quot;iso&quot;:&quot;2000&quot;,&quot;shutter_speed&quot;:&quot;0.016666666666667&quot;,&quot;title&quot;:&quot;&quot;,&quot;orientation&quot;:&quot;1&quot;}\" data-image-title=\"Paulo Morello. Foto: Michael Scheiner\" data-image-description=\"\" data-medium-file=\"https:\/\/i0.wp.com\/www.jazzzeitung.de\/cms\/wp-content\/uploads\/2016\/10\/Morello-Paulo_21.jpg?fit=199%2C300&#038;ssl=1\" data-large-file=\"https:\/\/i0.wp.com\/www.jazzzeitung.de\/cms\/wp-content\/uploads\/2016\/10\/Morello-Paulo_21.jpg?fit=397%2C600&#038;ssl=1\" src=\"https:\/\/i0.wp.com\/www.jazzzeitung.de\/cms\/wp-content\/uploads\/2016\/10\/Morello-Paulo_21.jpg?w=253&#038;h=382&#038;ssl=1\" srcset=\"https:\/\/i0.wp.com\/www.jazzzeitung.de\/cms\/wp-content\/uploads\/2016\/10\/Morello-Paulo_21.jpg?w=1252&amp;ssl=1 1252w, https:\/\/i0.wp.com\/www.jazzzeitung.de\/cms\/wp-content\/uploads\/2016\/10\/Morello-Paulo_21.jpg?resize=199%2C300&amp;ssl=1 199w, https:\/\/i0.wp.com\/www.jazzzeitung.de\/cms\/wp-content\/uploads\/2016\/10\/Morello-Paulo_21.jpg?resize=768%2C1159&amp;ssl=1 768w, https:\/\/i0.wp.com\/www.jazzzeitung.de\/cms\/wp-content\/uploads\/2016\/10\/Morello-Paulo_21.jpg?resize=397%2C600&amp;ssl=1 397w\" width=\"253\" height=\"382\" loading=\"lazy\" data-original-width=\"253\" data-original-height=\"382\" itemprop=\"http:\/\/schema.org\/image\" title=\"Paulo Morello. Foto: Michael Scheiner\" alt=\"Paulo Morello. Foto: Michael Scheiner\" style=\"width: 253px; height: 382px;\" \/> <\/a> <\/div> <\/div> <!-- close group --> <\/div> <!-- close row --> <div class=\"gallery-row\" style=\"width: 840px; height: 720px;\" data-original-width=\"840\" data-original-height=\"720\" > <div class=\"gallery-group images-3\" style=\"width: 362px; height: 720px;\" data-original-width=\"362\" data-original-height=\"720\" > <div class=\"tiled-gallery-item tiled-gallery-item-large\" itemprop=\"associatedMedia\" itemscope itemtype=\"http:\/\/schema.org\/ImageObject\"> <a href=\"https:\/\/www.jazzzeitung.de\/cms\/2016\/10\/veteranentreff-mit-hipnessfaktor-beim-1-landesjazzfestival-bayern-in-regensburg\/reichstaller-haefner_65\/\" border=\"0\" itemprop=\"url\"> <meta itemprop=\"width\" content=\"358\"> <meta itemprop=\"height\" content=\"237\"> <img decoding=\"async\" class=\"\" data-attachment-id=\"10664\" data-orig-file=\"https:\/\/www.jazzzeitung.de\/cms\/wp-content\/uploads\/2016\/10\/Reichstaller-Haefner_65.jpg\" data-orig-size=\"1884,1252\" data-comments-opened=\"1\" data-image-meta=\"{&quot;aperture&quot;:&quot;5.6&quot;,&quot;credit&quot;:&quot;Michael Scheiner&quot;,&quot;camera&quot;:&quot;NIKON D7000&quot;,&quot;caption&quot;:&quot;&quot;,&quot;created_timestamp&quot;:&quot;1477092740&quot;,&quot;copyright&quot;:&quot;Michael Scheiner&quot;,&quot;focal_length&quot;:&quot;85&quot;,&quot;iso&quot;:&quot;2000&quot;,&quot;shutter_speed&quot;:&quot;0.025&quot;,&quot;title&quot;:&quot;&quot;,&quot;orientation&quot;:&quot;1&quot;}\" data-image-title=\"Claus Reichstaller und Lutz H\u00e4fner. Foto: Michael Scheiner\" data-image-description=\"\" data-medium-file=\"https:\/\/i0.wp.com\/www.jazzzeitung.de\/cms\/wp-content\/uploads\/2016\/10\/Reichstaller-Haefner_65.jpg?fit=300%2C199&#038;ssl=1\" data-large-file=\"https:\/\/i0.wp.com\/www.jazzzeitung.de\/cms\/wp-content\/uploads\/2016\/10\/Reichstaller-Haefner_65.jpg?fit=840%2C558&#038;ssl=1\" src=\"https:\/\/i0.wp.com\/www.jazzzeitung.de\/cms\/wp-content\/uploads\/2016\/10\/Reichstaller-Haefner_65.jpg?w=358&#038;h=237&#038;ssl=1\" srcset=\"https:\/\/i0.wp.com\/www.jazzzeitung.de\/cms\/wp-content\/uploads\/2016\/10\/Reichstaller-Haefner_65.jpg?w=1884&amp;ssl=1 1884w, https:\/\/i0.wp.com\/www.jazzzeitung.de\/cms\/wp-content\/uploads\/2016\/10\/Reichstaller-Haefner_65.jpg?resize=300%2C199&amp;ssl=1 300w, https:\/\/i0.wp.com\/www.jazzzeitung.de\/cms\/wp-content\/uploads\/2016\/10\/Reichstaller-Haefner_65.jpg?resize=768%2C510&amp;ssl=1 768w, https:\/\/i0.wp.com\/www.jazzzeitung.de\/cms\/wp-content\/uploads\/2016\/10\/Reichstaller-Haefner_65.jpg?resize=900%2C598&amp;ssl=1 900w, https:\/\/i0.wp.com\/www.jazzzeitung.de\/cms\/wp-content\/uploads\/2016\/10\/Reichstaller-Haefner_65.jpg?w=1680&amp;ssl=1 1680w\" width=\"358\" height=\"237\" loading=\"lazy\" data-original-width=\"358\" data-original-height=\"237\" itemprop=\"http:\/\/schema.org\/image\" title=\"Claus Reichstaller und Lutz H\u00e4fner. Foto: Michael Scheiner\" alt=\"Claus Reichstaller und Lutz H\u00e4fner. Foto: Michael Scheiner\" style=\"width: 358px; height: 237px;\" \/> <\/a> <\/div> <div class=\"tiled-gallery-item tiled-gallery-item-large\" itemprop=\"associatedMedia\" itemscope itemtype=\"http:\/\/schema.org\/ImageObject\"> <a href=\"https:\/\/www.jazzzeitung.de\/cms\/2016\/10\/veteranentreff-mit-hipnessfaktor-beim-1-landesjazzfestival-bayern-in-regensburg\/haefner-lutz_72\/\" border=\"0\" itemprop=\"url\"> <meta itemprop=\"width\" content=\"358\"> <meta itemprop=\"height\" content=\"237\"> <img decoding=\"async\" class=\"\" data-attachment-id=\"10660\" data-orig-file=\"https:\/\/www.jazzzeitung.de\/cms\/wp-content\/uploads\/2016\/10\/Haefner-Lutz_72.jpg\" data-orig-size=\"1890,1252\" data-comments-opened=\"1\" data-image-meta=\"{&quot;aperture&quot;:&quot;5.6&quot;,&quot;credit&quot;:&quot;Michael Scheiner&quot;,&quot;camera&quot;:&quot;NIKON D7000&quot;,&quot;caption&quot;:&quot;&quot;,&quot;created_timestamp&quot;:&quot;1477088451&quot;,&quot;copyright&quot;:&quot;Michael Scheiner&quot;,&quot;focal_length&quot;:&quot;105&quot;,&quot;iso&quot;:&quot;2000&quot;,&quot;shutter_speed&quot;:&quot;0.016666666666667&quot;,&quot;title&quot;:&quot;&quot;,&quot;orientation&quot;:&quot;1&quot;}\" data-image-title=\"Lutz H\u00e4fner. Foto: Michael Scheiner\" data-image-description=\"\" data-medium-file=\"https:\/\/i0.wp.com\/www.jazzzeitung.de\/cms\/wp-content\/uploads\/2016\/10\/Haefner-Lutz_72.jpg?fit=300%2C199&#038;ssl=1\" data-large-file=\"https:\/\/i0.wp.com\/www.jazzzeitung.de\/cms\/wp-content\/uploads\/2016\/10\/Haefner-Lutz_72.jpg?fit=840%2C556&#038;ssl=1\" src=\"https:\/\/i0.wp.com\/www.jazzzeitung.de\/cms\/wp-content\/uploads\/2016\/10\/Haefner-Lutz_72.jpg?w=358&#038;h=237&#038;ssl=1\" srcset=\"https:\/\/i0.wp.com\/www.jazzzeitung.de\/cms\/wp-content\/uploads\/2016\/10\/Haefner-Lutz_72.jpg?w=1890&amp;ssl=1 1890w, https:\/\/i0.wp.com\/www.jazzzeitung.de\/cms\/wp-content\/uploads\/2016\/10\/Haefner-Lutz_72.jpg?resize=300%2C199&amp;ssl=1 300w, https:\/\/i0.wp.com\/www.jazzzeitung.de\/cms\/wp-content\/uploads\/2016\/10\/Haefner-Lutz_72.jpg?resize=768%2C509&amp;ssl=1 768w, https:\/\/i0.wp.com\/www.jazzzeitung.de\/cms\/wp-content\/uploads\/2016\/10\/Haefner-Lutz_72.jpg?resize=900%2C596&amp;ssl=1 900w, https:\/\/i0.wp.com\/www.jazzzeitung.de\/cms\/wp-content\/uploads\/2016\/10\/Haefner-Lutz_72.jpg?w=1680&amp;ssl=1 1680w\" width=\"358\" height=\"237\" loading=\"lazy\" data-original-width=\"358\" data-original-height=\"237\" itemprop=\"http:\/\/schema.org\/image\" title=\"Lutz H\u00e4fner. Foto: Michael Scheiner\" alt=\"Lutz H\u00e4fner. Foto: Michael Scheiner\" style=\"width: 358px; height: 237px;\" \/> <\/a> <\/div> <div class=\"tiled-gallery-item tiled-gallery-item-large\" itemprop=\"associatedMedia\" itemscope itemtype=\"http:\/\/schema.org\/ImageObject\"> <a href=\"https:\/\/www.jazzzeitung.de\/cms\/2016\/10\/veteranentreff-mit-hipnessfaktor-beim-1-landesjazzfestival-bayern-in-regensburg\/reichstaller-morello_07\/\" border=\"0\" itemprop=\"url\"> <meta itemprop=\"width\" content=\"358\"> <meta itemprop=\"height\" content=\"234\"> <img decoding=\"async\" class=\"\" data-attachment-id=\"10665\" data-orig-file=\"https:\/\/www.jazzzeitung.de\/cms\/wp-content\/uploads\/2016\/10\/Reichstaller-Morello_07.jpg\" data-orig-size=\"1915,1252\" data-comments-opened=\"1\" data-image-meta=\"{&quot;aperture&quot;:&quot;5&quot;,&quot;credit&quot;:&quot;Michael Scheiner&quot;,&quot;camera&quot;:&quot;NIKON D7000&quot;,&quot;caption&quot;:&quot;&quot;,&quot;created_timestamp&quot;:&quot;1477090519&quot;,&quot;copyright&quot;:&quot;Michael Scheiner&quot;,&quot;focal_length&quot;:&quot;50&quot;,&quot;iso&quot;:&quot;2000&quot;,&quot;shutter_speed&quot;:&quot;0.016666666666667&quot;,&quot;title&quot;:&quot;&quot;,&quot;orientation&quot;:&quot;1&quot;}\" data-image-title=\"Claus Reichstaller. Foto: Michael Scheiner\" data-image-description=\"\" data-medium-file=\"https:\/\/i0.wp.com\/www.jazzzeitung.de\/cms\/wp-content\/uploads\/2016\/10\/Reichstaller-Morello_07.jpg?fit=300%2C196&#038;ssl=1\" data-large-file=\"https:\/\/i0.wp.com\/www.jazzzeitung.de\/cms\/wp-content\/uploads\/2016\/10\/Reichstaller-Morello_07.jpg?fit=840%2C549&#038;ssl=1\" src=\"https:\/\/i0.wp.com\/www.jazzzeitung.de\/cms\/wp-content\/uploads\/2016\/10\/Reichstaller-Morello_07.jpg?w=358&#038;h=234&#038;ssl=1\" srcset=\"https:\/\/i0.wp.com\/www.jazzzeitung.de\/cms\/wp-content\/uploads\/2016\/10\/Reichstaller-Morello_07.jpg?w=1915&amp;ssl=1 1915w, https:\/\/i0.wp.com\/www.jazzzeitung.de\/cms\/wp-content\/uploads\/2016\/10\/Reichstaller-Morello_07.jpg?resize=300%2C196&amp;ssl=1 300w, https:\/\/i0.wp.com\/www.jazzzeitung.de\/cms\/wp-content\/uploads\/2016\/10\/Reichstaller-Morello_07.jpg?resize=768%2C502&amp;ssl=1 768w, https:\/\/i0.wp.com\/www.jazzzeitung.de\/cms\/wp-content\/uploads\/2016\/10\/Reichstaller-Morello_07.jpg?resize=900%2C588&amp;ssl=1 900w, https:\/\/i0.wp.com\/www.jazzzeitung.de\/cms\/wp-content\/uploads\/2016\/10\/Reichstaller-Morello_07.jpg?w=1680&amp;ssl=1 1680w\" width=\"358\" height=\"234\" loading=\"lazy\" data-original-width=\"358\" data-original-height=\"234\" itemprop=\"http:\/\/schema.org\/image\" title=\"Claus Reichstaller. Foto: Michael Scheiner\" alt=\"Claus Reichstaller. Foto: Michael Scheiner\" style=\"width: 358px; height: 234px;\" \/> <\/a> <\/div> <\/div> <!-- close group --> <div class=\"gallery-group images-1\" style=\"width: 478px; height: 720px;\" data-original-width=\"478\" data-original-height=\"720\" > <div class=\"tiled-gallery-item tiled-gallery-item-large\" itemprop=\"associatedMedia\" itemscope itemtype=\"http:\/\/schema.org\/ImageObject\"> <a href=\"https:\/\/www.jazzzeitung.de\/cms\/2016\/10\/veteranentreff-mit-hipnessfaktor-beim-1-landesjazzfestival-bayern-in-regensburg\/scofield-john_48\/\" border=\"0\" itemprop=\"url\"> <meta itemprop=\"width\" content=\"474\"> <meta itemprop=\"height\" content=\"716\"> <img decoding=\"async\" class=\"\" data-attachment-id=\"10667\" data-orig-file=\"https:\/\/www.jazzzeitung.de\/cms\/wp-content\/uploads\/2016\/10\/Scofield-John_48.jpg\" data-orig-size=\"1252,1890\" data-comments-opened=\"1\" data-image-meta=\"{&quot;aperture&quot;:&quot;5.6&quot;,&quot;credit&quot;:&quot;&quot;,&quot;camera&quot;:&quot;NIKON D7000&quot;,&quot;caption&quot;:&quot;&quot;,&quot;created_timestamp&quot;:&quot;1477262203&quot;,&quot;copyright&quot;:&quot;&quot;,&quot;focal_length&quot;:&quot;105&quot;,&quot;iso&quot;:&quot;2500&quot;,&quot;shutter_speed&quot;:&quot;0.02&quot;,&quot;title&quot;:&quot;&quot;,&quot;orientation&quot;:&quot;1&quot;}\" data-image-title=\"John Scofield. Foto: Michael Scheiner\" data-image-description=\"\" data-medium-file=\"https:\/\/i0.wp.com\/www.jazzzeitung.de\/cms\/wp-content\/uploads\/2016\/10\/Scofield-John_48.jpg?fit=199%2C300&#038;ssl=1\" data-large-file=\"https:\/\/i0.wp.com\/www.jazzzeitung.de\/cms\/wp-content\/uploads\/2016\/10\/Scofield-John_48.jpg?fit=397%2C600&#038;ssl=1\" src=\"https:\/\/i0.wp.com\/www.jazzzeitung.de\/cms\/wp-content\/uploads\/2016\/10\/Scofield-John_48.jpg?w=474&#038;h=716&#038;ssl=1\" srcset=\"https:\/\/i0.wp.com\/www.jazzzeitung.de\/cms\/wp-content\/uploads\/2016\/10\/Scofield-John_48.jpg?w=1252&amp;ssl=1 1252w, https:\/\/i0.wp.com\/www.jazzzeitung.de\/cms\/wp-content\/uploads\/2016\/10\/Scofield-John_48.jpg?resize=199%2C300&amp;ssl=1 199w, https:\/\/i0.wp.com\/www.jazzzeitung.de\/cms\/wp-content\/uploads\/2016\/10\/Scofield-John_48.jpg?resize=768%2C1159&amp;ssl=1 768w, https:\/\/i0.wp.com\/www.jazzzeitung.de\/cms\/wp-content\/uploads\/2016\/10\/Scofield-John_48.jpg?resize=397%2C600&amp;ssl=1 397w\" width=\"474\" height=\"716\" loading=\"lazy\" data-original-width=\"474\" data-original-height=\"716\" itemprop=\"http:\/\/schema.org\/image\" title=\"John Scofield. Foto: Michael Scheiner\" alt=\"John Scofield. Foto: Michael Scheiner\" style=\"width: 474px; height: 716px;\" \/> <\/a> <\/div> <\/div> <!-- close group --> <\/div> <!-- close row --> <div class=\"gallery-row\" style=\"width: 840px; height: 388px;\" data-original-width=\"840\" data-original-height=\"388\" > <div class=\"gallery-group images-1\" style=\"width: 583px; height: 388px;\" data-original-width=\"583\" data-original-height=\"388\" > <div class=\"tiled-gallery-item tiled-gallery-item-large\" itemprop=\"associatedMedia\" itemscope itemtype=\"http:\/\/schema.org\/ImageObject\"> <a href=\"https:\/\/www.jazzzeitung.de\/cms\/2016\/10\/veteranentreff-mit-hipnessfaktor-beim-1-landesjazzfestival-bayern-in-regensburg\/wahlandt-lisa_68\/\" border=\"0\" itemprop=\"url\"> <meta itemprop=\"width\" content=\"579\"> <meta itemprop=\"height\" content=\"384\"> <img decoding=\"async\" class=\"\" data-attachment-id=\"10669\" data-orig-file=\"https:\/\/www.jazzzeitung.de\/cms\/wp-content\/uploads\/2016\/10\/Wahlandt-Lisa_68.jpg\" data-orig-size=\"1889,1252\" data-comments-opened=\"1\" data-image-meta=\"{&quot;aperture&quot;:&quot;5.6&quot;,&quot;credit&quot;:&quot;&quot;,&quot;camera&quot;:&quot;NIKON D7000&quot;,&quot;caption&quot;:&quot;&quot;,&quot;created_timestamp&quot;:&quot;1477169483&quot;,&quot;copyright&quot;:&quot;&quot;,&quot;focal_length&quot;:&quot;105&quot;,&quot;iso&quot;:&quot;1600&quot;,&quot;shutter_speed&quot;:&quot;0.016666666666667&quot;,&quot;title&quot;:&quot;&quot;,&quot;orientation&quot;:&quot;1&quot;}\" data-image-title=\"Lisa Wahlandt. Foto: Michael Scheiner\" data-image-description=\"\" data-medium-file=\"https:\/\/i0.wp.com\/www.jazzzeitung.de\/cms\/wp-content\/uploads\/2016\/10\/Wahlandt-Lisa_68.jpg?fit=300%2C199&#038;ssl=1\" data-large-file=\"https:\/\/i0.wp.com\/www.jazzzeitung.de\/cms\/wp-content\/uploads\/2016\/10\/Wahlandt-Lisa_68.jpg?fit=840%2C557&#038;ssl=1\" src=\"https:\/\/i0.wp.com\/www.jazzzeitung.de\/cms\/wp-content\/uploads\/2016\/10\/Wahlandt-Lisa_68.jpg?w=579&#038;h=384&#038;ssl=1\" srcset=\"https:\/\/i0.wp.com\/www.jazzzeitung.de\/cms\/wp-content\/uploads\/2016\/10\/Wahlandt-Lisa_68.jpg?w=1889&amp;ssl=1 1889w, https:\/\/i0.wp.com\/www.jazzzeitung.de\/cms\/wp-content\/uploads\/2016\/10\/Wahlandt-Lisa_68.jpg?resize=300%2C199&amp;ssl=1 300w, https:\/\/i0.wp.com\/www.jazzzeitung.de\/cms\/wp-content\/uploads\/2016\/10\/Wahlandt-Lisa_68.jpg?resize=768%2C509&amp;ssl=1 768w, https:\/\/i0.wp.com\/www.jazzzeitung.de\/cms\/wp-content\/uploads\/2016\/10\/Wahlandt-Lisa_68.jpg?resize=900%2C597&amp;ssl=1 900w, https:\/\/i0.wp.com\/www.jazzzeitung.de\/cms\/wp-content\/uploads\/2016\/10\/Wahlandt-Lisa_68.jpg?w=1680&amp;ssl=1 1680w\" width=\"579\" height=\"384\" loading=\"lazy\" data-original-width=\"579\" data-original-height=\"384\" itemprop=\"http:\/\/schema.org\/image\" title=\"Lisa Wahlandt. Foto: Michael Scheiner\" alt=\"Lisa Wahlandt. Foto: Michael Scheiner\" style=\"width: 579px; height: 384px;\" \/> <\/a> <\/div> <\/div> <!-- close group --> <div class=\"gallery-group images-1\" style=\"width: 257px; height: 388px;\" data-original-width=\"257\" data-original-height=\"388\" > <div class=\"tiled-gallery-item tiled-gallery-item-large\" itemprop=\"associatedMedia\" itemscope itemtype=\"http:\/\/schema.org\/ImageObject\"> <a href=\"https:\/\/www.jazzzeitung.de\/cms\/2016\/10\/veteranentreff-mit-hipnessfaktor-beim-1-landesjazzfestival-bayern-in-regensburg\/carter-ron_04\/\" border=\"0\" itemprop=\"url\"> <meta itemprop=\"width\" content=\"253\"> <meta itemprop=\"height\" content=\"384\"> <img decoding=\"async\" class=\"\" data-attachment-id=\"10659\" data-orig-file=\"https:\/\/www.jazzzeitung.de\/cms\/wp-content\/uploads\/2016\/10\/Carter-Ron_04.jpg\" data-orig-size=\"1246,1890\" data-comments-opened=\"1\" data-image-meta=\"{&quot;aperture&quot;:&quot;5.6&quot;,&quot;credit&quot;:&quot;&quot;,&quot;camera&quot;:&quot;NIKON D7000&quot;,&quot;caption&quot;:&quot;&quot;,&quot;created_timestamp&quot;:&quot;1477175670&quot;,&quot;copyright&quot;:&quot;&quot;,&quot;focal_length&quot;:&quot;98&quot;,&quot;iso&quot;:&quot;1600&quot;,&quot;shutter_speed&quot;:&quot;0.016666666666667&quot;,&quot;title&quot;:&quot;&quot;,&quot;orientation&quot;:&quot;1&quot;}\" data-image-title=\"Ron Cater. Foto: Michael Scheiner\" data-image-description=\"\" data-medium-file=\"https:\/\/i0.wp.com\/www.jazzzeitung.de\/cms\/wp-content\/uploads\/2016\/10\/Carter-Ron_04.jpg?fit=198%2C300&#038;ssl=1\" data-large-file=\"https:\/\/i0.wp.com\/www.jazzzeitung.de\/cms\/wp-content\/uploads\/2016\/10\/Carter-Ron_04.jpg?fit=396%2C600&#038;ssl=1\" src=\"https:\/\/i0.wp.com\/www.jazzzeitung.de\/cms\/wp-content\/uploads\/2016\/10\/Carter-Ron_04.jpg?w=253&#038;h=384&#038;ssl=1\" srcset=\"https:\/\/i0.wp.com\/www.jazzzeitung.de\/cms\/wp-content\/uploads\/2016\/10\/Carter-Ron_04.jpg?w=1246&amp;ssl=1 1246w, https:\/\/i0.wp.com\/www.jazzzeitung.de\/cms\/wp-content\/uploads\/2016\/10\/Carter-Ron_04.jpg?resize=198%2C300&amp;ssl=1 198w, https:\/\/i0.wp.com\/www.jazzzeitung.de\/cms\/wp-content\/uploads\/2016\/10\/Carter-Ron_04.jpg?resize=768%2C1165&amp;ssl=1 768w, https:\/\/i0.wp.com\/www.jazzzeitung.de\/cms\/wp-content\/uploads\/2016\/10\/Carter-Ron_04.jpg?resize=396%2C600&amp;ssl=1 396w\" width=\"253\" height=\"384\" loading=\"lazy\" data-original-width=\"253\" data-original-height=\"384\" itemprop=\"http:\/\/schema.org\/image\" title=\"Ron Cater. Foto: Michael Scheiner\" alt=\"Ron Cater. Foto: Michael Scheiner\" style=\"width: 253px; height: 384px;\" \/> <\/a> <\/div> <\/div> <!-- close group --> <\/div> <!-- close row --> <div class=\"gallery-row\" style=\"width: 840px; height: 388px;\" data-original-width=\"840\" data-original-height=\"388\" > <div class=\"gallery-group images-1\" style=\"width: 580px; height: 388px;\" data-original-width=\"580\" data-original-height=\"388\" > <div class=\"tiled-gallery-item tiled-gallery-item-large\" itemprop=\"associatedMedia\" itemscope itemtype=\"http:\/\/schema.org\/ImageObject\"> <a href=\"https:\/\/www.jazzzeitung.de\/cms\/2016\/10\/veteranentreff-mit-hipnessfaktor-beim-1-landesjazzfestival-bayern-in-regensburg\/p1070680-wahlandt-foto-tj-krebs\/\" border=\"0\" itemprop=\"url\"> <meta itemprop=\"width\" content=\"576\"> <meta itemprop=\"height\" content=\"384\"> <img decoding=\"async\" class=\"\" data-attachment-id=\"10682\" data-orig-file=\"https:\/\/www.jazzzeitung.de\/cms\/wp-content\/uploads\/2016\/10\/P1070680-Wahlandt-Foto-TJ-Krebs.jpg\" data-orig-size=\"1600,1066\" data-comments-opened=\"1\" data-image-meta=\"{&quot;aperture&quot;:&quot;0&quot;,&quot;credit&quot;:&quot;&quot;,&quot;camera&quot;:&quot;&quot;,&quot;caption&quot;:&quot;&quot;,&quot;created_timestamp&quot;:&quot;0&quot;,&quot;copyright&quot;:&quot;&quot;,&quot;focal_length&quot;:&quot;0&quot;,&quot;iso&quot;:&quot;0&quot;,&quot;shutter_speed&quot;:&quot;0&quot;,&quot;title&quot;:&quot;&quot;,&quot;orientation&quot;:&quot;0&quot;}\" data-image-title=\"Lisa Wahlandt. Foto: TJ Krebs\" data-image-description=\"\" data-medium-file=\"https:\/\/i0.wp.com\/www.jazzzeitung.de\/cms\/wp-content\/uploads\/2016\/10\/P1070680-Wahlandt-Foto-TJ-Krebs.jpg?fit=300%2C200&#038;ssl=1\" data-large-file=\"https:\/\/i0.wp.com\/www.jazzzeitung.de\/cms\/wp-content\/uploads\/2016\/10\/P1070680-Wahlandt-Foto-TJ-Krebs.jpg?fit=840%2C560&#038;ssl=1\" src=\"https:\/\/i0.wp.com\/www.jazzzeitung.de\/cms\/wp-content\/uploads\/2016\/10\/P1070680-Wahlandt-Foto-TJ-Krebs.jpg?w=576&#038;h=384&#038;ssl=1\" srcset=\"https:\/\/i0.wp.com\/www.jazzzeitung.de\/cms\/wp-content\/uploads\/2016\/10\/P1070680-Wahlandt-Foto-TJ-Krebs.jpg?w=1600&amp;ssl=1 1600w, https:\/\/i0.wp.com\/www.jazzzeitung.de\/cms\/wp-content\/uploads\/2016\/10\/P1070680-Wahlandt-Foto-TJ-Krebs.jpg?resize=300%2C200&amp;ssl=1 300w, https:\/\/i0.wp.com\/www.jazzzeitung.de\/cms\/wp-content\/uploads\/2016\/10\/P1070680-Wahlandt-Foto-TJ-Krebs.jpg?resize=768%2C512&amp;ssl=1 768w, https:\/\/i0.wp.com\/www.jazzzeitung.de\/cms\/wp-content\/uploads\/2016\/10\/P1070680-Wahlandt-Foto-TJ-Krebs.jpg?resize=900%2C600&amp;ssl=1 900w\" width=\"576\" height=\"384\" loading=\"lazy\" data-original-width=\"576\" data-original-height=\"384\" itemprop=\"http:\/\/schema.org\/image\" title=\"Lisa Wahlandt. Foto: TJ Krebs\" alt=\"Lisa Wahlandt. Foto: TJ Krebs\" style=\"width: 576px; height: 384px;\" \/> <\/a> <\/div> <\/div> <!-- close group --> <div class=\"gallery-group images-1\" style=\"width: 260px; height: 388px;\" data-original-width=\"260\" data-original-height=\"388\" > <div class=\"tiled-gallery-item tiled-gallery-item-large\" itemprop=\"associatedMedia\" itemscope itemtype=\"http:\/\/schema.org\/ImageObject\"> <a href=\"https:\/\/www.jazzzeitung.de\/cms\/2016\/10\/veteranentreff-mit-hipnessfaktor-beim-1-landesjazzfestival-bayern-in-regensburg\/p1070795-carter-foto-tj-krebs\/\" border=\"0\" itemprop=\"url\"> <meta itemprop=\"width\" content=\"256\"> <meta itemprop=\"height\" content=\"384\"> <img decoding=\"async\" class=\"\" data-attachment-id=\"10683\" data-orig-file=\"https:\/\/www.jazzzeitung.de\/cms\/wp-content\/uploads\/2016\/10\/P1070795-Carter-Foto-TJ-Krebs.jpg\" data-orig-size=\"800,1200\" data-comments-opened=\"1\" data-image-meta=\"{&quot;aperture&quot;:&quot;0&quot;,&quot;credit&quot;:&quot;&quot;,&quot;camera&quot;:&quot;&quot;,&quot;caption&quot;:&quot;&quot;,&quot;created_timestamp&quot;:&quot;0&quot;,&quot;copyright&quot;:&quot;&quot;,&quot;focal_length&quot;:&quot;0&quot;,&quot;iso&quot;:&quot;0&quot;,&quot;shutter_speed&quot;:&quot;0&quot;,&quot;title&quot;:&quot;&quot;,&quot;orientation&quot;:&quot;0&quot;}\" data-image-title=\"Ron Carter. Foto: TJ Krebs\" data-image-description=\"\" data-medium-file=\"https:\/\/i0.wp.com\/www.jazzzeitung.de\/cms\/wp-content\/uploads\/2016\/10\/P1070795-Carter-Foto-TJ-Krebs.jpg?fit=200%2C300&#038;ssl=1\" data-large-file=\"https:\/\/i0.wp.com\/www.jazzzeitung.de\/cms\/wp-content\/uploads\/2016\/10\/P1070795-Carter-Foto-TJ-Krebs.jpg?fit=400%2C600&#038;ssl=1\" src=\"https:\/\/i0.wp.com\/www.jazzzeitung.de\/cms\/wp-content\/uploads\/2016\/10\/P1070795-Carter-Foto-TJ-Krebs.jpg?w=256&#038;h=384&#038;ssl=1\" srcset=\"https:\/\/i0.wp.com\/www.jazzzeitung.de\/cms\/wp-content\/uploads\/2016\/10\/P1070795-Carter-Foto-TJ-Krebs.jpg?w=800&amp;ssl=1 800w, https:\/\/i0.wp.com\/www.jazzzeitung.de\/cms\/wp-content\/uploads\/2016\/10\/P1070795-Carter-Foto-TJ-Krebs.jpg?resize=200%2C300&amp;ssl=1 200w, https:\/\/i0.wp.com\/www.jazzzeitung.de\/cms\/wp-content\/uploads\/2016\/10\/P1070795-Carter-Foto-TJ-Krebs.jpg?resize=768%2C1152&amp;ssl=1 768w, https:\/\/i0.wp.com\/www.jazzzeitung.de\/cms\/wp-content\/uploads\/2016\/10\/P1070795-Carter-Foto-TJ-Krebs.jpg?resize=400%2C600&amp;ssl=1 400w\" width=\"256\" height=\"384\" loading=\"lazy\" data-original-width=\"256\" data-original-height=\"384\" itemprop=\"http:\/\/schema.org\/image\" title=\"Ron Carter. Foto: TJ Krebs\" alt=\"Ron Carter. Foto: TJ Krebs\" style=\"width: 256px; height: 384px;\" \/> <\/a> <\/div> <\/div> <!-- close group --> <\/div> <!-- close row --> <div class=\"gallery-row\" style=\"width: 840px; height: 628px;\" data-original-width=\"840\" data-original-height=\"628\" > <div class=\"gallery-group images-1\" style=\"width: 420px; height: 628px;\" data-original-width=\"420\" data-original-height=\"628\" > <div class=\"tiled-gallery-item tiled-gallery-item-large\" itemprop=\"associatedMedia\" itemscope itemtype=\"http:\/\/schema.org\/ImageObject\"> <a href=\"https:\/\/www.jazzzeitung.de\/cms\/2016\/10\/veteranentreff-mit-hipnessfaktor-beim-1-landesjazzfestival-bayern-in-regensburg\/p1070906-hamilton-foto-tj-krebs\/\" border=\"0\" itemprop=\"url\"> <meta itemprop=\"width\" content=\"416\"> <meta itemprop=\"height\" content=\"624\"> <img decoding=\"async\" class=\"\" data-attachment-id=\"10685\" data-orig-file=\"https:\/\/www.jazzzeitung.de\/cms\/wp-content\/uploads\/2016\/10\/P1070906-Hamilton-Foto-TJ-Krebs.jpg\" data-orig-size=\"800,1200\" data-comments-opened=\"1\" data-image-meta=\"{&quot;aperture&quot;:&quot;0&quot;,&quot;credit&quot;:&quot;&quot;,&quot;camera&quot;:&quot;&quot;,&quot;caption&quot;:&quot;&quot;,&quot;created_timestamp&quot;:&quot;0&quot;,&quot;copyright&quot;:&quot;&quot;,&quot;focal_length&quot;:&quot;0&quot;,&quot;iso&quot;:&quot;0&quot;,&quot;shutter_speed&quot;:&quot;0&quot;,&quot;title&quot;:&quot;&quot;,&quot;orientation&quot;:&quot;0&quot;}\" data-image-title=\"Scott Hamilton. Foto: TJ Krebs\" data-image-description=\"\" data-medium-file=\"https:\/\/i0.wp.com\/www.jazzzeitung.de\/cms\/wp-content\/uploads\/2016\/10\/P1070906-Hamilton-Foto-TJ-Krebs.jpg?fit=200%2C300&#038;ssl=1\" data-large-file=\"https:\/\/i0.wp.com\/www.jazzzeitung.de\/cms\/wp-content\/uploads\/2016\/10\/P1070906-Hamilton-Foto-TJ-Krebs.jpg?fit=400%2C600&#038;ssl=1\" src=\"https:\/\/i0.wp.com\/www.jazzzeitung.de\/cms\/wp-content\/uploads\/2016\/10\/P1070906-Hamilton-Foto-TJ-Krebs.jpg?w=416&#038;h=624&#038;ssl=1\" srcset=\"https:\/\/i0.wp.com\/www.jazzzeitung.de\/cms\/wp-content\/uploads\/2016\/10\/P1070906-Hamilton-Foto-TJ-Krebs.jpg?w=800&amp;ssl=1 800w, https:\/\/i0.wp.com\/www.jazzzeitung.de\/cms\/wp-content\/uploads\/2016\/10\/P1070906-Hamilton-Foto-TJ-Krebs.jpg?resize=200%2C300&amp;ssl=1 200w, https:\/\/i0.wp.com\/www.jazzzeitung.de\/cms\/wp-content\/uploads\/2016\/10\/P1070906-Hamilton-Foto-TJ-Krebs.jpg?resize=768%2C1152&amp;ssl=1 768w, https:\/\/i0.wp.com\/www.jazzzeitung.de\/cms\/wp-content\/uploads\/2016\/10\/P1070906-Hamilton-Foto-TJ-Krebs.jpg?resize=400%2C600&amp;ssl=1 400w\" width=\"416\" height=\"624\" loading=\"lazy\" data-original-width=\"416\" data-original-height=\"624\" itemprop=\"http:\/\/schema.org\/image\" title=\"Scott Hamilton. Foto: TJ Krebs\" alt=\"Scott Hamilton. Foto: TJ Krebs\" style=\"width: 416px; height: 624px;\" \/> <\/a> <\/div> <\/div> <!-- close group --> <div class=\"gallery-group images-1\" style=\"width: 420px; height: 628px;\" data-original-width=\"420\" data-original-height=\"628\" > <div class=\"tiled-gallery-item tiled-gallery-item-large\" itemprop=\"associatedMedia\" itemscope itemtype=\"http:\/\/schema.org\/ImageObject\"> <a href=\"https:\/\/www.jazzzeitung.de\/cms\/2016\/10\/veteranentreff-mit-hipnessfaktor-beim-1-landesjazzfestival-bayern-in-regensburg\/p1070976-goykovich-foto-tj-krebs\/\" border=\"0\" itemprop=\"url\"> <meta itemprop=\"width\" content=\"416\"> <meta itemprop=\"height\" content=\"624\"> <img decoding=\"async\" class=\"\" data-attachment-id=\"10686\" data-orig-file=\"https:\/\/www.jazzzeitung.de\/cms\/wp-content\/uploads\/2016\/10\/P1070976-Goykovich-Foto-TJ-Krebs.jpg\" data-orig-size=\"800,1200\" data-comments-opened=\"1\" data-image-meta=\"{&quot;aperture&quot;:&quot;0&quot;,&quot;credit&quot;:&quot;&quot;,&quot;camera&quot;:&quot;&quot;,&quot;caption&quot;:&quot;&quot;,&quot;created_timestamp&quot;:&quot;0&quot;,&quot;copyright&quot;:&quot;&quot;,&quot;focal_length&quot;:&quot;0&quot;,&quot;iso&quot;:&quot;0&quot;,&quot;shutter_speed&quot;:&quot;0&quot;,&quot;title&quot;:&quot;&quot;,&quot;orientation&quot;:&quot;0&quot;}\" data-image-title=\"Dusko Goykovich. Foto: TJ Krebs\" data-image-description=\"\" data-medium-file=\"https:\/\/i0.wp.com\/www.jazzzeitung.de\/cms\/wp-content\/uploads\/2016\/10\/P1070976-Goykovich-Foto-TJ-Krebs.jpg?fit=200%2C300&#038;ssl=1\" data-large-file=\"https:\/\/i0.wp.com\/www.jazzzeitung.de\/cms\/wp-content\/uploads\/2016\/10\/P1070976-Goykovich-Foto-TJ-Krebs.jpg?fit=400%2C600&#038;ssl=1\" src=\"https:\/\/i0.wp.com\/www.jazzzeitung.de\/cms\/wp-content\/uploads\/2016\/10\/P1070976-Goykovich-Foto-TJ-Krebs.jpg?w=416&#038;h=624&#038;ssl=1\" srcset=\"https:\/\/i0.wp.com\/www.jazzzeitung.de\/cms\/wp-content\/uploads\/2016\/10\/P1070976-Goykovich-Foto-TJ-Krebs.jpg?w=800&amp;ssl=1 800w, https:\/\/i0.wp.com\/www.jazzzeitung.de\/cms\/wp-content\/uploads\/2016\/10\/P1070976-Goykovich-Foto-TJ-Krebs.jpg?resize=200%2C300&amp;ssl=1 200w, https:\/\/i0.wp.com\/www.jazzzeitung.de\/cms\/wp-content\/uploads\/2016\/10\/P1070976-Goykovich-Foto-TJ-Krebs.jpg?resize=768%2C1152&amp;ssl=1 768w, https:\/\/i0.wp.com\/www.jazzzeitung.de\/cms\/wp-content\/uploads\/2016\/10\/P1070976-Goykovich-Foto-TJ-Krebs.jpg?resize=400%2C600&amp;ssl=1 400w\" width=\"416\" height=\"624\" loading=\"lazy\" data-original-width=\"416\" data-original-height=\"624\" itemprop=\"http:\/\/schema.org\/image\" title=\"Dusko Goykovich. Foto: TJ Krebs\" alt=\"Dusko Goykovich. Foto: TJ Krebs\" style=\"width: 416px; height: 624px;\" \/> <\/a> <\/div> <\/div> <!-- close group --> <\/div> <!-- close row --> <div class=\"gallery-row\" style=\"width: 840px; height: 163px;\" data-original-width=\"840\" data-original-height=\"163\" > <div class=\"gallery-group images-1\" style=\"width: 243px; height: 163px;\" data-original-width=\"243\" data-original-height=\"163\" > <div class=\"tiled-gallery-item tiled-gallery-item-small\" itemprop=\"associatedMedia\" itemscope itemtype=\"http:\/\/schema.org\/ImageObject\"> <a href=\"https:\/\/www.jazzzeitung.de\/cms\/2016\/10\/veteranentreff-mit-hipnessfaktor-beim-1-landesjazzfestival-bayern-in-regensburg\/p1080045-hamilton-hand-foto-tj-krebs\/\" border=\"0\" itemprop=\"url\"> <meta itemprop=\"width\" content=\"239\"> <meta itemprop=\"height\" content=\"159\"> <img decoding=\"async\" class=\"\" data-attachment-id=\"10688\" data-orig-file=\"https:\/\/www.jazzzeitung.de\/cms\/wp-content\/uploads\/2016\/10\/P1080045-Hamilton-Hand-Foto-TJ-Krebs.jpg\" data-orig-size=\"1600,1066\" data-comments-opened=\"1\" data-image-meta=\"{&quot;aperture&quot;:&quot;0&quot;,&quot;credit&quot;:&quot;&quot;,&quot;camera&quot;:&quot;&quot;,&quot;caption&quot;:&quot;&quot;,&quot;created_timestamp&quot;:&quot;0&quot;,&quot;copyright&quot;:&quot;&quot;,&quot;focal_length&quot;:&quot;0&quot;,&quot;iso&quot;:&quot;0&quot;,&quot;shutter_speed&quot;:&quot;0&quot;,&quot;title&quot;:&quot;&quot;,&quot;orientation&quot;:&quot;0&quot;}\" data-image-title=\"Scott Hamilton. Foto: TJ Krebs\" data-image-description=\"\" data-medium-file=\"https:\/\/i0.wp.com\/www.jazzzeitung.de\/cms\/wp-content\/uploads\/2016\/10\/P1080045-Hamilton-Hand-Foto-TJ-Krebs.jpg?fit=300%2C200&#038;ssl=1\" data-large-file=\"https:\/\/i0.wp.com\/www.jazzzeitung.de\/cms\/wp-content\/uploads\/2016\/10\/P1080045-Hamilton-Hand-Foto-TJ-Krebs.jpg?fit=840%2C560&#038;ssl=1\" src=\"https:\/\/i0.wp.com\/www.jazzzeitung.de\/cms\/wp-content\/uploads\/2016\/10\/P1080045-Hamilton-Hand-Foto-TJ-Krebs.jpg?w=239&#038;h=159&#038;ssl=1\" srcset=\"https:\/\/i0.wp.com\/www.jazzzeitung.de\/cms\/wp-content\/uploads\/2016\/10\/P1080045-Hamilton-Hand-Foto-TJ-Krebs.jpg?w=1600&amp;ssl=1 1600w, https:\/\/i0.wp.com\/www.jazzzeitung.de\/cms\/wp-content\/uploads\/2016\/10\/P1080045-Hamilton-Hand-Foto-TJ-Krebs.jpg?resize=300%2C200&amp;ssl=1 300w, https:\/\/i0.wp.com\/www.jazzzeitung.de\/cms\/wp-content\/uploads\/2016\/10\/P1080045-Hamilton-Hand-Foto-TJ-Krebs.jpg?resize=768%2C512&amp;ssl=1 768w, https:\/\/i0.wp.com\/www.jazzzeitung.de\/cms\/wp-content\/uploads\/2016\/10\/P1080045-Hamilton-Hand-Foto-TJ-Krebs.jpg?resize=900%2C600&amp;ssl=1 900w\" width=\"239\" height=\"159\" loading=\"lazy\" data-original-width=\"239\" data-original-height=\"159\" itemprop=\"http:\/\/schema.org\/image\" title=\"Scott Hamilton. Foto: TJ Krebs\" alt=\"Scott Hamilton. Foto: TJ Krebs\" style=\"width: 239px; height: 159px;\" \/> <\/a> <\/div> <\/div> <!-- close group --> <div class=\"gallery-group images-1\" style=\"width: 243px; height: 163px;\" data-original-width=\"243\" data-original-height=\"163\" > <div class=\"tiled-gallery-item tiled-gallery-item-small\" itemprop=\"associatedMedia\" itemscope itemtype=\"http:\/\/schema.org\/ImageObject\"> <a href=\"https:\/\/www.jazzzeitung.de\/cms\/2016\/10\/veteranentreff-mit-hipnessfaktor-beim-1-landesjazzfestival-bayern-in-regensburg\/p1080021-goykovich-hand-foto-tj-krebs\/\" border=\"0\" itemprop=\"url\"> <meta itemprop=\"width\" content=\"239\"> <meta itemprop=\"height\" content=\"159\"> <img decoding=\"async\" class=\"\" data-attachment-id=\"10687\" data-orig-file=\"https:\/\/www.jazzzeitung.de\/cms\/wp-content\/uploads\/2016\/10\/P1080021-Goykovich-Hand-Foto-TJ-Krebs.jpg\" data-orig-size=\"1600,1066\" data-comments-opened=\"1\" data-image-meta=\"{&quot;aperture&quot;:&quot;0&quot;,&quot;credit&quot;:&quot;&quot;,&quot;camera&quot;:&quot;&quot;,&quot;caption&quot;:&quot;&quot;,&quot;created_timestamp&quot;:&quot;0&quot;,&quot;copyright&quot;:&quot;&quot;,&quot;focal_length&quot;:&quot;0&quot;,&quot;iso&quot;:&quot;0&quot;,&quot;shutter_speed&quot;:&quot;0&quot;,&quot;title&quot;:&quot;&quot;,&quot;orientation&quot;:&quot;0&quot;}\" data-image-title=\"Dusko Goykovich. Foto: TJ Krebs\" data-image-description=\"\" data-medium-file=\"https:\/\/i0.wp.com\/www.jazzzeitung.de\/cms\/wp-content\/uploads\/2016\/10\/P1080021-Goykovich-Hand-Foto-TJ-Krebs.jpg?fit=300%2C200&#038;ssl=1\" data-large-file=\"https:\/\/i0.wp.com\/www.jazzzeitung.de\/cms\/wp-content\/uploads\/2016\/10\/P1080021-Goykovich-Hand-Foto-TJ-Krebs.jpg?fit=840%2C560&#038;ssl=1\" src=\"https:\/\/i0.wp.com\/www.jazzzeitung.de\/cms\/wp-content\/uploads\/2016\/10\/P1080021-Goykovich-Hand-Foto-TJ-Krebs.jpg?w=239&#038;h=159&#038;ssl=1\" srcset=\"https:\/\/i0.wp.com\/www.jazzzeitung.de\/cms\/wp-content\/uploads\/2016\/10\/P1080021-Goykovich-Hand-Foto-TJ-Krebs.jpg?w=1600&amp;ssl=1 1600w, https:\/\/i0.wp.com\/www.jazzzeitung.de\/cms\/wp-content\/uploads\/2016\/10\/P1080021-Goykovich-Hand-Foto-TJ-Krebs.jpg?resize=300%2C200&amp;ssl=1 300w, https:\/\/i0.wp.com\/www.jazzzeitung.de\/cms\/wp-content\/uploads\/2016\/10\/P1080021-Goykovich-Hand-Foto-TJ-Krebs.jpg?resize=768%2C512&amp;ssl=1 768w, https:\/\/i0.wp.com\/www.jazzzeitung.de\/cms\/wp-content\/uploads\/2016\/10\/P1080021-Goykovich-Hand-Foto-TJ-Krebs.jpg?resize=900%2C600&amp;ssl=1 900w\" width=\"239\" height=\"159\" loading=\"lazy\" data-original-width=\"239\" data-original-height=\"159\" itemprop=\"http:\/\/schema.org\/image\" title=\"Dusko Goykovich. Foto: TJ Krebs\" alt=\"Dusko Goykovich. Foto: TJ Krebs\" style=\"width: 239px; height: 159px;\" \/> <\/a> <\/div> <\/div> <!-- close group --> <div class=\"gallery-group images-1\" style=\"width: 111px; height: 163px;\" data-original-width=\"111\" data-original-height=\"163\" > <div class=\"tiled-gallery-item tiled-gallery-item-small\" itemprop=\"associatedMedia\" itemscope itemtype=\"http:\/\/schema.org\/ImageObject\"> <a href=\"https:\/\/www.jazzzeitung.de\/cms\/2016\/10\/veteranentreff-mit-hipnessfaktor-beim-1-landesjazzfestival-bayern-in-regensburg\/p1080215-scofield-foto-tj-krebs\/\" border=\"0\" itemprop=\"url\"> <meta itemprop=\"width\" content=\"107\"> <meta itemprop=\"height\" content=\"159\"> <img decoding=\"async\" class=\"\" data-attachment-id=\"10689\" data-orig-file=\"https:\/\/www.jazzzeitung.de\/cms\/wp-content\/uploads\/2016\/10\/P1080215-Scofield-Foto-TJ-Krebs.jpg\" data-orig-size=\"800,1200\" data-comments-opened=\"1\" data-image-meta=\"{&quot;aperture&quot;:&quot;0&quot;,&quot;credit&quot;:&quot;&quot;,&quot;camera&quot;:&quot;&quot;,&quot;caption&quot;:&quot;&quot;,&quot;created_timestamp&quot;:&quot;0&quot;,&quot;copyright&quot;:&quot;&quot;,&quot;focal_length&quot;:&quot;0&quot;,&quot;iso&quot;:&quot;0&quot;,&quot;shutter_speed&quot;:&quot;0&quot;,&quot;title&quot;:&quot;&quot;,&quot;orientation&quot;:&quot;0&quot;}\" data-image-title=\"John Scofield. Foto: TJ Krebs\" data-image-description=\"\" data-medium-file=\"https:\/\/i0.wp.com\/www.jazzzeitung.de\/cms\/wp-content\/uploads\/2016\/10\/P1080215-Scofield-Foto-TJ-Krebs.jpg?fit=200%2C300&#038;ssl=1\" data-large-file=\"https:\/\/i0.wp.com\/www.jazzzeitung.de\/cms\/wp-content\/uploads\/2016\/10\/P1080215-Scofield-Foto-TJ-Krebs.jpg?fit=400%2C600&#038;ssl=1\" src=\"https:\/\/i0.wp.com\/www.jazzzeitung.de\/cms\/wp-content\/uploads\/2016\/10\/P1080215-Scofield-Foto-TJ-Krebs.jpg?w=107&#038;h=159&#038;ssl=1\" width=\"107\" height=\"159\" loading=\"lazy\" data-original-width=\"107\" data-original-height=\"159\" itemprop=\"http:\/\/schema.org\/image\" title=\"John Scofield. Foto: TJ Krebs\" alt=\"John Scofield. Foto: TJ Krebs\" style=\"width: 107px; height: 159px;\" \/> <\/a> <\/div> <\/div> <!-- close group --> <div class=\"gallery-group images-1\" style=\"width: 243px; height: 163px;\" data-original-width=\"243\" data-original-height=\"163\" > <div class=\"tiled-gallery-item tiled-gallery-item-small\" itemprop=\"associatedMedia\" itemscope itemtype=\"http:\/\/schema.org\/ImageObject\"> <a href=\"https:\/\/www.jazzzeitung.de\/cms\/2016\/10\/veteranentreff-mit-hipnessfaktor-beim-1-landesjazzfestival-bayern-in-regensburg\/p1080495-goldings-foto-tj-krebs\/\" border=\"0\" itemprop=\"url\"> <meta itemprop=\"width\" content=\"239\"> <meta itemprop=\"height\" content=\"159\"> <img decoding=\"async\" class=\"\" data-attachment-id=\"10690\" data-orig-file=\"https:\/\/www.jazzzeitung.de\/cms\/wp-content\/uploads\/2016\/10\/P1080495-Goldings-Foto-TJ-Krebs.jpg\" data-orig-size=\"1600,1066\" data-comments-opened=\"1\" data-image-meta=\"{&quot;aperture&quot;:&quot;0&quot;,&quot;credit&quot;:&quot;&quot;,&quot;camera&quot;:&quot;&quot;,&quot;caption&quot;:&quot;&quot;,&quot;created_timestamp&quot;:&quot;0&quot;,&quot;copyright&quot;:&quot;&quot;,&quot;focal_length&quot;:&quot;0&quot;,&quot;iso&quot;:&quot;0&quot;,&quot;shutter_speed&quot;:&quot;0&quot;,&quot;title&quot;:&quot;&quot;,&quot;orientation&quot;:&quot;0&quot;}\" data-image-title=\"Larry Goldings. Foto: TJ Krebs\" data-image-description=\"\" data-medium-file=\"https:\/\/i0.wp.com\/www.jazzzeitung.de\/cms\/wp-content\/uploads\/2016\/10\/P1080495-Goldings-Foto-TJ-Krebs.jpg?fit=300%2C200&#038;ssl=1\" data-large-file=\"https:\/\/i0.wp.com\/www.jazzzeitung.de\/cms\/wp-content\/uploads\/2016\/10\/P1080495-Goldings-Foto-TJ-Krebs.jpg?fit=840%2C560&#038;ssl=1\" src=\"https:\/\/i0.wp.com\/www.jazzzeitung.de\/cms\/wp-content\/uploads\/2016\/10\/P1080495-Goldings-Foto-TJ-Krebs.jpg?w=239&#038;h=159&#038;ssl=1\" srcset=\"https:\/\/i0.wp.com\/www.jazzzeitung.de\/cms\/wp-content\/uploads\/2016\/10\/P1080495-Goldings-Foto-TJ-Krebs.jpg?w=1600&amp;ssl=1 1600w, https:\/\/i0.wp.com\/www.jazzzeitung.de\/cms\/wp-content\/uploads\/2016\/10\/P1080495-Goldings-Foto-TJ-Krebs.jpg?resize=300%2C200&amp;ssl=1 300w, https:\/\/i0.wp.com\/www.jazzzeitung.de\/cms\/wp-content\/uploads\/2016\/10\/P1080495-Goldings-Foto-TJ-Krebs.jpg?resize=768%2C512&amp;ssl=1 768w, https:\/\/i0.wp.com\/www.jazzzeitung.de\/cms\/wp-content\/uploads\/2016\/10\/P1080495-Goldings-Foto-TJ-Krebs.jpg?resize=900%2C600&amp;ssl=1 900w\" width=\"239\" height=\"159\" loading=\"lazy\" data-original-width=\"239\" data-original-height=\"159\" itemprop=\"http:\/\/schema.org\/image\" title=\"Larry Goldings. Foto: TJ Krebs\" alt=\"Larry Goldings. Foto: TJ Krebs\" style=\"width: 239px; height: 159px;\" \/> <\/a> <\/div> <\/div> <!-- close group --> <\/div> <!-- close row --> <\/div>\n","protected":false},"excerpt":{"rendered":"<p>Ein wahres Feuerwerk, um einmal die abgegriffene Metapher zu nutzen, hat der amerikanische Gitarrist John Scofield am letzten Abend des 1. Bayerischen Landes-Jazzfestivals in Regensburg abgebrannt. Im Velodrom, einem Baudenkmal, bestritt er im Quartett mit Larry Goldings (p, org), Altmeister Steve Swallow am E-Bass und Youngster Bill Stewart (dr) ein Doppelkonzert neben dem Dusko Gojkovich-Scott Hamilton Quintett. An diesen beiden stilistisch weit auseinanderliegenden Bands lassen sich gut programmatische und kulturpolitische Aspekte der LAG Jazz in Bayern e.V. festmachen, die das Festival zusammen mit dem \u00f6rtlichen Jazzclub auf die Beine gestellt hat. Internationale Stars sollten sich die B\u00fchne mit bedeutenden Vertretern der bayerischen Szene teilen, junge, wenig bekannte Musiker gleichberechtigt neben bekannten Gr\u00f6\u00dfen stehen. Im Prinzip hat das \u2013 fast \u2013 funktioniert. Mit dem jungen Trio des 25-j\u00e4hrigen Rosenheimers Leo Betzl, Gewinner des diesj\u00e4hrigen LAG-Jazzpreises und Student der M\u00fcnchner Musikhochschule, er\u00f6ffnete ein enorm spannendes Klaviertrio energiegeladen und federleicht swingend zugleich das frisch aus der Taufe gehobene Festival. Allerdings hielt sich die Resonanz, ebenso wie beim knackig groovenden Funk-Soul-Blues-Jazz-Gemisch des M\u00fcnchner Orgeltrios \u201eOrgan Explosion\u201c am zweiten Abend ziemlich in Grenzen. Offensichtlich ist es selbst mit diesem hippen &hellip;<\/p>\n","protected":false},"author":18,"featured_media":0,"comment_status":"open","ping_status":"closed","sticky":false,"template":"","format":"standard","meta":{"_jetpack_memberships_contains_paid_content":false,"footnotes":"","jetpack_publicize_message":"","jetpack_publicize_feature_enabled":true,"jetpack_social_post_already_shared":false,"jetpack_social_options":{"image_generator_settings":{"template":"highway","default_image_id":0,"font":"","enabled":false},"version":2}},"categories":[1053,652],"tags":[55,1798,1319,83,1192,155,3,1318,258,271,758,1304,340,1305,1306,356,1100,387,401,1307,1797,1320,1133,1275,558],"coauthors":[695],"class_list":["post-10657","post","type-post","status-publish","format-standard","hentry","category-bericht","category-galerie","tag-bayerischer-hof","tag-bayern","tag-betzl","tag-blues","tag-clubs","tag-dusko-goykovich","tag-festival","tag-goldings","tag-jazz-in-bayern","tag-jazzclub","tag-john-scofield","tag-lag","tag-lag-jazz-in-bayern","tag-landesjazzfestival","tag-leo-betzl","tag-lisa-wahlandt","tag-lutz-haefner","tag-michael-scheiner","tag-muenchen","tag-organ-explosion","tag-regensburg","tag-ron-carter","tag-scofield","tag-tj-krebs","tag-tour"],"yoast_head":"<!-- This site is optimized with the Yoast SEO plugin v27.5 - https:\/\/yoast.com\/product\/yoast-seo-wordpress\/ -->\n<title>Veteranentreff mit Hipnessfaktor beim 1. Landesjazzfestival Bayern in Regensburg - JazzZeitung<\/title>\n<meta name=\"robots\" content=\"index, follow, max-snippet:-1, max-image-preview:large, max-video-preview:-1\" \/>\n<link rel=\"canonical\" href=\"https:\/\/www.jazzzeitung.de\/cms\/2016\/10\/veteranentreff-mit-hipnessfaktor-beim-1-landesjazzfestival-bayern-in-regensburg\/\" \/>\n<meta property=\"og:locale\" content=\"de_DE\" \/>\n<meta property=\"og:type\" content=\"article\" \/>\n<meta property=\"og:title\" content=\"Veteranentreff mit Hipnessfaktor beim 1. Landesjazzfestival Bayern in Regensburg - JazzZeitung\" \/>\n<meta property=\"og:description\" content=\"Ein wahres Feuerwerk, um einmal die abgegriffene Metapher zu nutzen, hat der amerikanische Gitarrist John Scofield am letzten Abend des 1. Bayerischen Landes-Jazzfestivals in Regensburg abgebrannt. Im Velodrom, einem Baudenkmal, bestritt er im Quartett mit Larry Goldings (p, org), Altmeister Steve Swallow am E-Bass und Youngster Bill Stewart (dr) ein Doppelkonzert neben dem Dusko Gojkovich-Scott Hamilton Quintett. An diesen beiden stilistisch weit auseinanderliegenden Bands lassen sich gut programmatische und kulturpolitische Aspekte der LAG Jazz in Bayern e.V. festmachen, die das Festival zusammen mit dem \u00f6rtlichen Jazzclub auf die Beine gestellt hat. Internationale Stars sollten sich die B\u00fchne mit bedeutenden Vertretern der bayerischen Szene teilen, junge, wenig bekannte Musiker gleichberechtigt neben bekannten Gr\u00f6\u00dfen stehen. Im Prinzip hat das \u2013 fast \u2013 funktioniert. Mit dem jungen Trio des 25-j\u00e4hrigen Rosenheimers Leo Betzl, Gewinner des diesj\u00e4hrigen LAG-Jazzpreises und Student der M\u00fcnchner Musikhochschule, er\u00f6ffnete ein enorm spannendes Klaviertrio energiegeladen und federleicht swingend zugleich das frisch aus der Taufe gehobene Festival. Allerdings hielt sich die Resonanz, ebenso wie beim knackig groovenden Funk-Soul-Blues-Jazz-Gemisch des M\u00fcnchner Orgeltrios \u201eOrgan Explosion\u201c am zweiten Abend ziemlich in Grenzen. Offensichtlich ist es selbst mit diesem hippen &hellip;\" \/>\n<meta property=\"og:url\" content=\"https:\/\/www.jazzzeitung.de\/cms\/2016\/10\/veteranentreff-mit-hipnessfaktor-beim-1-landesjazzfestival-bayern-in-regensburg\/\" \/>\n<meta property=\"og:site_name\" content=\"JazzZeitung\" \/>\n<meta property=\"article:publisher\" content=\"https:\/\/www.facebook.com\/JazzZeitung\/\" \/>\n<meta property=\"article:published_time\" content=\"2016-10-27T10:00:21+00:00\" \/>\n<meta property=\"article:modified_time\" content=\"2016-10-27T12:54:25+00:00\" \/>\n<meta property=\"og:image\" content=\"https:\/\/i0.wp.com\/www.jazzzeitung.de\/cms\/wp-content\/uploads\/2016\/10\/Betzl-Trio_55.jpg?w=449&#038;h=278&#038;ssl=1\" \/>\n<meta name=\"author\" content=\"Redaktion JazzZeitung\" \/>\n<script type=\"application\/ld+json\" class=\"yoast-schema-graph\">{\"@context\":\"https:\\\/\\\/schema.org\",\"@graph\":[{\"@type\":\"Article\",\"@id\":\"https:\\\/\\\/www.jazzzeitung.de\\\/cms\\\/2016\\\/10\\\/veteranentreff-mit-hipnessfaktor-beim-1-landesjazzfestival-bayern-in-regensburg\\\/#article\",\"isPartOf\":{\"@id\":\"https:\\\/\\\/www.jazzzeitung.de\\\/cms\\\/2016\\\/10\\\/veteranentreff-mit-hipnessfaktor-beim-1-landesjazzfestival-bayern-in-regensburg\\\/\"},\"author\":{\"name\":\"Redaktion JazzZeitung\",\"@id\":\"https:\\\/\\\/www.jazzzeitung.de\\\/cms\\\/#\\\/schema\\\/person\\\/2245b36b9cd1d24cea10f01c031fb92b\"},\"headline\":\"Veteranentreff mit Hipnessfaktor beim 1. Landesjazzfestival Bayern in Regensburg\",\"datePublished\":\"2016-10-27T10:00:21+00:00\",\"dateModified\":\"2016-10-27T12:54:25+00:00\",\"mainEntityOfPage\":{\"@id\":\"https:\\\/\\\/www.jazzzeitung.de\\\/cms\\\/2016\\\/10\\\/veteranentreff-mit-hipnessfaktor-beim-1-landesjazzfestival-bayern-in-regensburg\\\/\"},\"wordCount\":374,\"commentCount\":0,\"publisher\":{\"@id\":\"https:\\\/\\\/www.jazzzeitung.de\\\/cms\\\/#organization\"},\"image\":{\"@id\":\"https:\\\/\\\/www.jazzzeitung.de\\\/cms\\\/2016\\\/10\\\/veteranentreff-mit-hipnessfaktor-beim-1-landesjazzfestival-bayern-in-regensburg\\\/#primaryimage\"},\"thumbnailUrl\":\"http:\\\/\\\/www.jazzzeitung.de\\\/cms\\\/wp-content\\\/uploads\\\/2016\\\/10\\\/P1070825-Carter-Foto-TJ-Krebs-150x150.jpg\",\"keywords\":[\"Bayerischer Hof\",\"Bayern\",\"betzl\",\"Blues\",\"Clubs\",\"Dusko Goykovich\",\"Festival\",\"goldings\",\"Jazz in Bayern\",\"Jazzclub\",\"John Scofield\",\"LAG\",\"LAG Jazz in Bayern\",\"LAndesjazzfestival\",\"Leo Betzl\",\"Lisa Wahlandt\",\"Lutz H\u00e4fner\",\"Michael Scheiner\",\"M\u00fcnchen\",\"Organ Explosion\",\"Regensburg\",\"Ron Carter\",\"Scofield\",\"TJ Krebs\",\"Tour\"],\"articleSection\":[\"Bericht\",\"Galerie\"],\"inLanguage\":\"de\",\"potentialAction\":[{\"@type\":\"CommentAction\",\"name\":\"Comment\",\"target\":[\"https:\\\/\\\/www.jazzzeitung.de\\\/cms\\\/2016\\\/10\\\/veteranentreff-mit-hipnessfaktor-beim-1-landesjazzfestival-bayern-in-regensburg\\\/#respond\"]}]},{\"@type\":\"WebPage\",\"@id\":\"https:\\\/\\\/www.jazzzeitung.de\\\/cms\\\/2016\\\/10\\\/veteranentreff-mit-hipnessfaktor-beim-1-landesjazzfestival-bayern-in-regensburg\\\/\",\"url\":\"https:\\\/\\\/www.jazzzeitung.de\\\/cms\\\/2016\\\/10\\\/veteranentreff-mit-hipnessfaktor-beim-1-landesjazzfestival-bayern-in-regensburg\\\/\",\"name\":\"Veteranentreff mit Hipnessfaktor beim 1. Landesjazzfestival Bayern in Regensburg - JazzZeitung\",\"isPartOf\":{\"@id\":\"https:\\\/\\\/www.jazzzeitung.de\\\/cms\\\/#website\"},\"primaryImageOfPage\":{\"@id\":\"https:\\\/\\\/www.jazzzeitung.de\\\/cms\\\/2016\\\/10\\\/veteranentreff-mit-hipnessfaktor-beim-1-landesjazzfestival-bayern-in-regensburg\\\/#primaryimage\"},\"image\":{\"@id\":\"https:\\\/\\\/www.jazzzeitung.de\\\/cms\\\/2016\\\/10\\\/veteranentreff-mit-hipnessfaktor-beim-1-landesjazzfestival-bayern-in-regensburg\\\/#primaryimage\"},\"thumbnailUrl\":\"http:\\\/\\\/www.jazzzeitung.de\\\/cms\\\/wp-content\\\/uploads\\\/2016\\\/10\\\/P1070825-Carter-Foto-TJ-Krebs-150x150.jpg\",\"datePublished\":\"2016-10-27T10:00:21+00:00\",\"dateModified\":\"2016-10-27T12:54:25+00:00\",\"breadcrumb\":{\"@id\":\"https:\\\/\\\/www.jazzzeitung.de\\\/cms\\\/2016\\\/10\\\/veteranentreff-mit-hipnessfaktor-beim-1-landesjazzfestival-bayern-in-regensburg\\\/#breadcrumb\"},\"inLanguage\":\"de\",\"potentialAction\":[{\"@type\":\"ReadAction\",\"target\":[\"https:\\\/\\\/www.jazzzeitung.de\\\/cms\\\/2016\\\/10\\\/veteranentreff-mit-hipnessfaktor-beim-1-landesjazzfestival-bayern-in-regensburg\\\/\"]}]},{\"@type\":\"ImageObject\",\"inLanguage\":\"de\",\"@id\":\"https:\\\/\\\/www.jazzzeitung.de\\\/cms\\\/2016\\\/10\\\/veteranentreff-mit-hipnessfaktor-beim-1-landesjazzfestival-bayern-in-regensburg\\\/#primaryimage\",\"url\":\"http:\\\/\\\/www.jazzzeitung.de\\\/cms\\\/wp-content\\\/uploads\\\/2016\\\/10\\\/P1070825-Carter-Foto-TJ-Krebs-150x150.jpg\",\"contentUrl\":\"http:\\\/\\\/www.jazzzeitung.de\\\/cms\\\/wp-content\\\/uploads\\\/2016\\\/10\\\/P1070825-Carter-Foto-TJ-Krebs-150x150.jpg\"},{\"@type\":\"BreadcrumbList\",\"@id\":\"https:\\\/\\\/www.jazzzeitung.de\\\/cms\\\/2016\\\/10\\\/veteranentreff-mit-hipnessfaktor-beim-1-landesjazzfestival-bayern-in-regensburg\\\/#breadcrumb\",\"itemListElement\":[{\"@type\":\"ListItem\",\"position\":1,\"name\":\"Startseite\",\"item\":\"https:\\\/\\\/www.jazzzeitung.de\\\/cms\\\/\"},{\"@type\":\"ListItem\",\"position\":2,\"name\":\"Veteranentreff mit Hipnessfaktor beim 1. Landesjazzfestival Bayern in Regensburg\"}]},{\"@type\":\"WebSite\",\"@id\":\"https:\\\/\\\/www.jazzzeitung.de\\\/cms\\\/#website\",\"url\":\"https:\\\/\\\/www.jazzzeitung.de\\\/cms\\\/\",\"name\":\"JazzZeitung\",\"description\":\"Jazz-News und Jazz-Kontroverses\",\"publisher\":{\"@id\":\"https:\\\/\\\/www.jazzzeitung.de\\\/cms\\\/#organization\"},\"potentialAction\":[{\"@type\":\"SearchAction\",\"target\":{\"@type\":\"EntryPoint\",\"urlTemplate\":\"https:\\\/\\\/www.jazzzeitung.de\\\/cms\\\/?s={search_term_string}\"},\"query-input\":{\"@type\":\"PropertyValueSpecification\",\"valueRequired\":true,\"valueName\":\"search_term_string\"}}],\"inLanguage\":\"de\"},{\"@type\":\"Organization\",\"@id\":\"https:\\\/\\\/www.jazzzeitung.de\\\/cms\\\/#organization\",\"name\":\"JazzZeitung online\",\"url\":\"https:\\\/\\\/www.jazzzeitung.de\\\/cms\\\/\",\"logo\":{\"@type\":\"ImageObject\",\"inLanguage\":\"de\",\"@id\":\"https:\\\/\\\/www.jazzzeitung.de\\\/cms\\\/#\\\/schema\\\/logo\\\/image\\\/\",\"url\":\"https:\\\/\\\/i0.wp.com\\\/www.jazzzeitung.de\\\/cms\\\/wp-content\\\/uploads\\\/2015\\\/08\\\/JAZZZEITUNGDE_Logo_Neu.png?fit=499%2C200&ssl=1\",\"contentUrl\":\"https:\\\/\\\/i0.wp.com\\\/www.jazzzeitung.de\\\/cms\\\/wp-content\\\/uploads\\\/2015\\\/08\\\/JAZZZEITUNGDE_Logo_Neu.png?fit=499%2C200&ssl=1\",\"width\":499,\"height\":200,\"caption\":\"JazzZeitung online\"},\"image\":{\"@id\":\"https:\\\/\\\/www.jazzzeitung.de\\\/cms\\\/#\\\/schema\\\/logo\\\/image\\\/\"},\"sameAs\":[\"https:\\\/\\\/www.facebook.com\\\/JazzZeitung\\\/\"]},{\"@type\":\"Person\",\"@id\":\"https:\\\/\\\/www.jazzzeitung.de\\\/cms\\\/#\\\/schema\\\/person\\\/2245b36b9cd1d24cea10f01c031fb92b\",\"name\":\"Redaktion JazzZeitung\",\"image\":{\"@type\":\"ImageObject\",\"inLanguage\":\"de\",\"@id\":\"https:\\\/\\\/i0.wp.com\\\/www.jazzzeitung.de\\\/cms\\\/wp-content\\\/uploads\\\/2015\\\/08\\\/JAZZZEITUNGDE_Logo_Neu.png?resize=96%2C96&ssl=159975dcacb611b5700bd619b5daf0a7a\",\"url\":\"https:\\\/\\\/i0.wp.com\\\/www.jazzzeitung.de\\\/cms\\\/wp-content\\\/uploads\\\/2015\\\/08\\\/JAZZZEITUNGDE_Logo_Neu.png?resize=96%2C96&ssl=1\",\"contentUrl\":\"https:\\\/\\\/i0.wp.com\\\/www.jazzzeitung.de\\\/cms\\\/wp-content\\\/uploads\\\/2015\\\/08\\\/JAZZZEITUNGDE_Logo_Neu.png?resize=96%2C96&ssl=1\",\"caption\":\"Redaktion JazzZeitung\"},\"description\":\"Artikel der Redaktion der JazzZeitung.\",\"sameAs\":[\"http:\\\/\\\/www.jazzzeitung.de\\\/cms\\\/\"],\"url\":\"https:\\\/\\\/www.jazzzeitung.de\\\/cms\\\/author\\\/redaktion\\\/\"}]}<\/script>\n<!-- \/ Yoast SEO plugin. -->","yoast_head_json":{"title":"Veteranentreff mit Hipnessfaktor beim 1. Landesjazzfestival Bayern in Regensburg - JazzZeitung","robots":{"index":"index","follow":"follow","max-snippet":"max-snippet:-1","max-image-preview":"max-image-preview:large","max-video-preview":"max-video-preview:-1"},"canonical":"https:\/\/www.jazzzeitung.de\/cms\/2016\/10\/veteranentreff-mit-hipnessfaktor-beim-1-landesjazzfestival-bayern-in-regensburg\/","og_locale":"de_DE","og_type":"article","og_title":"Veteranentreff mit Hipnessfaktor beim 1. Landesjazzfestival Bayern in Regensburg - JazzZeitung","og_description":"Ein wahres Feuerwerk, um einmal die abgegriffene Metapher zu nutzen, hat der amerikanische Gitarrist John Scofield am letzten Abend des 1. Bayerischen Landes-Jazzfestivals in Regensburg abgebrannt. Im Velodrom, einem Baudenkmal, bestritt er im Quartett mit Larry Goldings (p, org), Altmeister Steve Swallow am E-Bass und Youngster Bill Stewart (dr) ein Doppelkonzert neben dem Dusko Gojkovich-Scott Hamilton Quintett. An diesen beiden stilistisch weit auseinanderliegenden Bands lassen sich gut programmatische und kulturpolitische Aspekte der LAG Jazz in Bayern e.V. festmachen, die das Festival zusammen mit dem \u00f6rtlichen Jazzclub auf die Beine gestellt hat. Internationale Stars sollten sich die B\u00fchne mit bedeutenden Vertretern der bayerischen Szene teilen, junge, wenig bekannte Musiker gleichberechtigt neben bekannten Gr\u00f6\u00dfen stehen. Im Prinzip hat das \u2013 fast \u2013 funktioniert. Mit dem jungen Trio des 25-j\u00e4hrigen Rosenheimers Leo Betzl, Gewinner des diesj\u00e4hrigen LAG-Jazzpreises und Student der M\u00fcnchner Musikhochschule, er\u00f6ffnete ein enorm spannendes Klaviertrio energiegeladen und federleicht swingend zugleich das frisch aus der Taufe gehobene Festival. Allerdings hielt sich die Resonanz, ebenso wie beim knackig groovenden Funk-Soul-Blues-Jazz-Gemisch des M\u00fcnchner Orgeltrios \u201eOrgan Explosion\u201c am zweiten Abend ziemlich in Grenzen. Offensichtlich ist es selbst mit diesem hippen &hellip;","og_url":"https:\/\/www.jazzzeitung.de\/cms\/2016\/10\/veteranentreff-mit-hipnessfaktor-beim-1-landesjazzfestival-bayern-in-regensburg\/","og_site_name":"JazzZeitung","article_publisher":"https:\/\/www.facebook.com\/JazzZeitung\/","article_published_time":"2016-10-27T10:00:21+00:00","article_modified_time":"2016-10-27T12:54:25+00:00","og_image":[{"url":"https:\/\/i0.wp.com\/www.jazzzeitung.de\/cms\/wp-content\/uploads\/2016\/10\/Betzl-Trio_55.jpg?w=449&#038;h=278&#038;ssl=1","type":"","width":"","height":""}],"author":"Redaktion JazzZeitung","schema":{"@context":"https:\/\/schema.org","@graph":[{"@type":"Article","@id":"https:\/\/www.jazzzeitung.de\/cms\/2016\/10\/veteranentreff-mit-hipnessfaktor-beim-1-landesjazzfestival-bayern-in-regensburg\/#article","isPartOf":{"@id":"https:\/\/www.jazzzeitung.de\/cms\/2016\/10\/veteranentreff-mit-hipnessfaktor-beim-1-landesjazzfestival-bayern-in-regensburg\/"},"author":{"name":"Redaktion JazzZeitung","@id":"https:\/\/www.jazzzeitung.de\/cms\/#\/schema\/person\/2245b36b9cd1d24cea10f01c031fb92b"},"headline":"Veteranentreff mit Hipnessfaktor beim 1. Landesjazzfestival Bayern in Regensburg","datePublished":"2016-10-27T10:00:21+00:00","dateModified":"2016-10-27T12:54:25+00:00","mainEntityOfPage":{"@id":"https:\/\/www.jazzzeitung.de\/cms\/2016\/10\/veteranentreff-mit-hipnessfaktor-beim-1-landesjazzfestival-bayern-in-regensburg\/"},"wordCount":374,"commentCount":0,"publisher":{"@id":"https:\/\/www.jazzzeitung.de\/cms\/#organization"},"image":{"@id":"https:\/\/www.jazzzeitung.de\/cms\/2016\/10\/veteranentreff-mit-hipnessfaktor-beim-1-landesjazzfestival-bayern-in-regensburg\/#primaryimage"},"thumbnailUrl":"http:\/\/www.jazzzeitung.de\/cms\/wp-content\/uploads\/2016\/10\/P1070825-Carter-Foto-TJ-Krebs-150x150.jpg","keywords":["Bayerischer Hof","Bayern","betzl","Blues","Clubs","Dusko Goykovich","Festival","goldings","Jazz in Bayern","Jazzclub","John Scofield","LAG","LAG Jazz in Bayern","LAndesjazzfestival","Leo Betzl","Lisa Wahlandt","Lutz H\u00e4fner","Michael Scheiner","M\u00fcnchen","Organ Explosion","Regensburg","Ron Carter","Scofield","TJ Krebs","Tour"],"articleSection":["Bericht","Galerie"],"inLanguage":"de","potentialAction":[{"@type":"CommentAction","name":"Comment","target":["https:\/\/www.jazzzeitung.de\/cms\/2016\/10\/veteranentreff-mit-hipnessfaktor-beim-1-landesjazzfestival-bayern-in-regensburg\/#respond"]}]},{"@type":"WebPage","@id":"https:\/\/www.jazzzeitung.de\/cms\/2016\/10\/veteranentreff-mit-hipnessfaktor-beim-1-landesjazzfestival-bayern-in-regensburg\/","url":"https:\/\/www.jazzzeitung.de\/cms\/2016\/10\/veteranentreff-mit-hipnessfaktor-beim-1-landesjazzfestival-bayern-in-regensburg\/","name":"Veteranentreff mit Hipnessfaktor beim 1. Landesjazzfestival Bayern in Regensburg - JazzZeitung","isPartOf":{"@id":"https:\/\/www.jazzzeitung.de\/cms\/#website"},"primaryImageOfPage":{"@id":"https:\/\/www.jazzzeitung.de\/cms\/2016\/10\/veteranentreff-mit-hipnessfaktor-beim-1-landesjazzfestival-bayern-in-regensburg\/#primaryimage"},"image":{"@id":"https:\/\/www.jazzzeitung.de\/cms\/2016\/10\/veteranentreff-mit-hipnessfaktor-beim-1-landesjazzfestival-bayern-in-regensburg\/#primaryimage"},"thumbnailUrl":"http:\/\/www.jazzzeitung.de\/cms\/wp-content\/uploads\/2016\/10\/P1070825-Carter-Foto-TJ-Krebs-150x150.jpg","datePublished":"2016-10-27T10:00:21+00:00","dateModified":"2016-10-27T12:54:25+00:00","breadcrumb":{"@id":"https:\/\/www.jazzzeitung.de\/cms\/2016\/10\/veteranentreff-mit-hipnessfaktor-beim-1-landesjazzfestival-bayern-in-regensburg\/#breadcrumb"},"inLanguage":"de","potentialAction":[{"@type":"ReadAction","target":["https:\/\/www.jazzzeitung.de\/cms\/2016\/10\/veteranentreff-mit-hipnessfaktor-beim-1-landesjazzfestival-bayern-in-regensburg\/"]}]},{"@type":"ImageObject","inLanguage":"de","@id":"https:\/\/www.jazzzeitung.de\/cms\/2016\/10\/veteranentreff-mit-hipnessfaktor-beim-1-landesjazzfestival-bayern-in-regensburg\/#primaryimage","url":"http:\/\/www.jazzzeitung.de\/cms\/wp-content\/uploads\/2016\/10\/P1070825-Carter-Foto-TJ-Krebs-150x150.jpg","contentUrl":"http:\/\/www.jazzzeitung.de\/cms\/wp-content\/uploads\/2016\/10\/P1070825-Carter-Foto-TJ-Krebs-150x150.jpg"},{"@type":"BreadcrumbList","@id":"https:\/\/www.jazzzeitung.de\/cms\/2016\/10\/veteranentreff-mit-hipnessfaktor-beim-1-landesjazzfestival-bayern-in-regensburg\/#breadcrumb","itemListElement":[{"@type":"ListItem","position":1,"name":"Startseite","item":"https:\/\/www.jazzzeitung.de\/cms\/"},{"@type":"ListItem","position":2,"name":"Veteranentreff mit Hipnessfaktor beim 1. Landesjazzfestival Bayern in Regensburg"}]},{"@type":"WebSite","@id":"https:\/\/www.jazzzeitung.de\/cms\/#website","url":"https:\/\/www.jazzzeitung.de\/cms\/","name":"JazzZeitung","description":"Jazz-News und Jazz-Kontroverses","publisher":{"@id":"https:\/\/www.jazzzeitung.de\/cms\/#organization"},"potentialAction":[{"@type":"SearchAction","target":{"@type":"EntryPoint","urlTemplate":"https:\/\/www.jazzzeitung.de\/cms\/?s={search_term_string}"},"query-input":{"@type":"PropertyValueSpecification","valueRequired":true,"valueName":"search_term_string"}}],"inLanguage":"de"},{"@type":"Organization","@id":"https:\/\/www.jazzzeitung.de\/cms\/#organization","name":"JazzZeitung online","url":"https:\/\/www.jazzzeitung.de\/cms\/","logo":{"@type":"ImageObject","inLanguage":"de","@id":"https:\/\/www.jazzzeitung.de\/cms\/#\/schema\/logo\/image\/","url":"https:\/\/i0.wp.com\/www.jazzzeitung.de\/cms\/wp-content\/uploads\/2015\/08\/JAZZZEITUNGDE_Logo_Neu.png?fit=499%2C200&ssl=1","contentUrl":"https:\/\/i0.wp.com\/www.jazzzeitung.de\/cms\/wp-content\/uploads\/2015\/08\/JAZZZEITUNGDE_Logo_Neu.png?fit=499%2C200&ssl=1","width":499,"height":200,"caption":"JazzZeitung online"},"image":{"@id":"https:\/\/www.jazzzeitung.de\/cms\/#\/schema\/logo\/image\/"},"sameAs":["https:\/\/www.facebook.com\/JazzZeitung\/"]},{"@type":"Person","@id":"https:\/\/www.jazzzeitung.de\/cms\/#\/schema\/person\/2245b36b9cd1d24cea10f01c031fb92b","name":"Redaktion JazzZeitung","image":{"@type":"ImageObject","inLanguage":"de","@id":"https:\/\/i0.wp.com\/www.jazzzeitung.de\/cms\/wp-content\/uploads\/2015\/08\/JAZZZEITUNGDE_Logo_Neu.png?resize=96%2C96&ssl=159975dcacb611b5700bd619b5daf0a7a","url":"https:\/\/i0.wp.com\/www.jazzzeitung.de\/cms\/wp-content\/uploads\/2015\/08\/JAZZZEITUNGDE_Logo_Neu.png?resize=96%2C96&ssl=1","contentUrl":"https:\/\/i0.wp.com\/www.jazzzeitung.de\/cms\/wp-content\/uploads\/2015\/08\/JAZZZEITUNGDE_Logo_Neu.png?resize=96%2C96&ssl=1","caption":"Redaktion JazzZeitung"},"description":"Artikel der Redaktion der JazzZeitung.","sameAs":["http:\/\/www.jazzzeitung.de\/cms\/"],"url":"https:\/\/www.jazzzeitung.de\/cms\/author\/redaktion\/"}]}},"wp-worthy-pixel":{"ignored":false,"public":null,"server":null,"url":null},"wp-worthy-type":"normal","jetpack_publicize_connections":[],"cc_featured_image_caption":{"caption_text":false,"source_text":false,"source_url":false},"jetpack_featured_media_url":"","jetpack_shortlink":"https:\/\/wp.me\/p3KEcT-2LT","jetpack-related-posts":[{"id":9278,"url":"https:\/\/www.jazzzeitung.de\/cms\/2016\/05\/erstklassige-vertreter-der-bayerischen-jazzszene-treffen-auf-stars-des-amerikanischen-jazz-neuer-akzent-der-jazzfoerderung\/","url_meta":{"origin":10657,"position":0},"title":"Neuer Akzent in der Jazzf\u00f6rderung &#8211; Das Landesjazzfestival Bayern","author":"Redaktion JazzZeitung","date":"13. Mai 2016","format":"gallery","excerpt":"Vielversprechender Start f\u00fcr Landesjazzfestival Bayern Erstklassige Vertreter der bayerischen Jazzszene treffen auf Stars des amerikanischen Jazz - neuer Akzent in der Jazzf\u00f6rderung Mit dem 1. Bayerischen Landesjazzfestival bekommt die kreative und vielf\u00e4ltige Jazzszene Bayerns im Herbst dieses Jahres erstmals eine eigene Plattform. Neben dem Bayerischen Jazzweekend, das seit 1981 der\u2026","rel":"","context":"In &quot;Galerie&quot;","block_context":{"text":"Galerie","link":"https:\/\/www.jazzzeitung.de\/cms\/thema\/galerie\/"},"img":{"alt_text":"","src":"https:\/\/i0.wp.com\/www.jazzzeitung.de\/cms\/wp-content\/uploads\/2016\/05\/JohnScofieldOrganicTrio_031.jpg?resize=350%2C200","width":350,"height":200,"srcset":"https:\/\/i0.wp.com\/www.jazzzeitung.de\/cms\/wp-content\/uploads\/2016\/05\/JohnScofieldOrganicTrio_031.jpg?resize=350%2C200 1x, https:\/\/i0.wp.com\/www.jazzzeitung.de\/cms\/wp-content\/uploads\/2016\/05\/JohnScofieldOrganicTrio_031.jpg?resize=525%2C300 1.5x, https:\/\/i0.wp.com\/www.jazzzeitung.de\/cms\/wp-content\/uploads\/2016\/05\/JohnScofieldOrganicTrio_031.jpg?resize=700%2C400 2x, https:\/\/i0.wp.com\/www.jazzzeitung.de\/cms\/wp-content\/uploads\/2016\/05\/JohnScofieldOrganicTrio_031.jpg?resize=1050%2C600 3x, https:\/\/i0.wp.com\/www.jazzzeitung.de\/cms\/wp-content\/uploads\/2016\/05\/JohnScofieldOrganicTrio_031.jpg?resize=1400%2C800 4x"},"classes":[]},{"id":10237,"url":"https:\/\/www.jazzzeitung.de\/cms\/2016\/10\/kartenverlosung-lag-festival-regensburg\/","url_meta":{"origin":10657,"position":1},"title":"Kartenverlosung Leo Betzl Trio Landesjazzfestival Regensburg","author":"Redaktion JazzZeitung","date":"5. Oktober 2016","format":false,"excerpt":"In Kooperation der LAG Jazz in Bayern e.V. und dem Jazzclub Regensburg e.V findet vom 21. bis 23. Oktober das 1. Bayrische Landesjazzfestival in Regensburg statt. Mit dem 1. Bayerischen Landesjazzfestival bekommt die kreative und vielf\u00e4ltige Jazzszene Bayerns im Herbst dieses Jahres erstmals eine eigene Plattform. Neben dem Bayerischen Jazzweekend,\u2026","rel":"","context":"In &quot;News&quot;","block_context":{"text":"News","link":"https:\/\/www.jazzzeitung.de\/cms\/thema\/nachrichten\/"},"img":{"alt_text":"lbt-2","src":"https:\/\/i0.wp.com\/www.jazzzeitung.de\/cms\/wp-content\/uploads\/2016\/10\/LBT-2-150x150.jpg?resize=350%2C200","width":350,"height":200},"classes":[]},{"id":10569,"url":"https:\/\/www.jazzzeitung.de\/cms\/2016\/10\/erstes-bayrisches-landesjazzfestival-feiert-heute-seine-premiere\/","url_meta":{"origin":10657,"position":2},"title":"Erstes Bayrisches Landesjazzfestival feiert heute seine Premiere","author":"Redaktion JazzZeitung","date":"21. Oktober 2016","format":false,"excerpt":"Es ist soweit! Das erste Bayrische Landesjazzfestival in Regensburg wird heute mit einem Konzert des Leo Betzl Trios und des Landesjazzensembles er\u00f6ffnet. Bis zum Sonntag freuen sich die Besucher \u00fcber Konzerte von Lisa Wahlandt mit Band, dem Ron Carter Trio, Jazzk\u00e4ppi, Organ Explosion, Johannes Enders und vielen weiteren K\u00fcnstlern in\u2026","rel":"","context":"In &quot;News&quot;","block_context":{"text":"News","link":"https:\/\/www.jazzzeitung.de\/cms\/thema\/nachrichten\/"},"img":{"alt_text":"lag-festival","src":"https:\/\/i0.wp.com\/www.jazzzeitung.de\/cms\/wp-content\/uploads\/2016\/10\/LAG-festival.jpg?resize=350%2C200","width":350,"height":200,"srcset":"https:\/\/i0.wp.com\/www.jazzzeitung.de\/cms\/wp-content\/uploads\/2016\/10\/LAG-festival.jpg?resize=350%2C200 1x, https:\/\/i0.wp.com\/www.jazzzeitung.de\/cms\/wp-content\/uploads\/2016\/10\/LAG-festival.jpg?resize=525%2C300 1.5x, https:\/\/i0.wp.com\/www.jazzzeitung.de\/cms\/wp-content\/uploads\/2016\/10\/LAG-festival.jpg?resize=700%2C400 2x"},"classes":[]},{"id":10017,"url":"https:\/\/www.jazzzeitung.de\/cms\/2016\/09\/news20-festival-frei-improvisierter-musik-horst-seehofer-wird-schirmherr-des-1-bayerische-landesjazzfestivalsjazz-session-im-rahmen-des-kulturherbst-oberstaufen\/","url_meta":{"origin":10657,"position":3},"title":"News+++Horst Seehofer wird Schirmherr des 1. Bayerischen Landesjazzfestivals+++20. Festival Frei Improvisierter Musik+++Jazz-Session im Rahmen des Kulturherbst Oberstaufen+++","author":"Redaktion JazzZeitung","date":"14. September 2016","format":false,"excerpt":"Ministerpr\u00e4sident Horst Seehofer \u00fcbernimmt die Schirmherrschaft f\u00fcr das 1. Bayerische Landesjazzfestival in Regensburg Mit der \u00dcbernahme der Schirmherrschaft f\u00fcr das 1. Bayerische Landesjazzfestival vom 21.10 \u2013 23.10.16 in Regensburg unterstreicht der bayerische Ministerpr\u00e4sident, wie hoch der Stellenwert des Jazz auch f\u00fcr die bayerische Staatsregierung ist. Denn neben dem Kulturfond Bayern\u2026","rel":"","context":"In &quot;News&quot;","block_context":{"text":"News","link":"https:\/\/www.jazzzeitung.de\/cms\/thema\/nachrichten\/"},"img":{"alt_text":"Ron Carter ist am 22.10.16 im Rahmen des 1. Landesjazzfestivals in Regensburg im Konzert zu erleben","src":"https:\/\/i0.wp.com\/www.jazzzeitung.de\/cms\/wp-content\/uploads\/2016\/09\/RonCarter1_300rgb-150x150.jpg?resize=350%2C200","width":350,"height":200},"classes":[]},{"id":11700,"url":"https:\/\/www.jazzzeitung.de\/cms\/2017\/02\/2-landesjazzfestival-bayern-in-murnau\/","url_meta":{"origin":10657,"position":4},"title":"2. Landesjazzfestival Bayern in Murnau","author":"Redaktion JazzZeitung","date":"16. Februar 2017","format":false,"excerpt":"Nach der erfolgreichen Premiere in Regensburg im vergangenen Jahr findet das 2. Landesjazzfestival Bayern vom 23. bis 25. Juni in Murnau am Staffelsee statt. Im Mittelpunkt des j\u00e4hrlich seinen Standort wechselnden Festivals steht dabei die bayerische Jazzszene. Schwerpunkt der zweiten Festival-Ausgabe wird die Begegnung zwischen regionalen und international renommierten bayerischen\u2026","rel":"","context":"In &quot;Galerie&quot;","block_context":{"text":"Galerie","link":"https:\/\/www.jazzzeitung.de\/cms\/thema\/galerie\/"},"img":{"alt_text":"","src":"https:\/\/i0.wp.com\/www.jazzzeitung.de\/cms\/wp-content\/uploads\/2017\/02\/LAGFlorianOppenriederTri69AFF.jpg?resize=350%2C200","width":350,"height":200,"srcset":"https:\/\/i0.wp.com\/www.jazzzeitung.de\/cms\/wp-content\/uploads\/2017\/02\/LAGFlorianOppenriederTri69AFF.jpg?resize=350%2C200 1x, https:\/\/i0.wp.com\/www.jazzzeitung.de\/cms\/wp-content\/uploads\/2017\/02\/LAGFlorianOppenriederTri69AFF.jpg?resize=525%2C300 1.5x, https:\/\/i0.wp.com\/www.jazzzeitung.de\/cms\/wp-content\/uploads\/2017\/02\/LAGFlorianOppenriederTri69AFF.jpg?resize=700%2C400 2x, https:\/\/i0.wp.com\/www.jazzzeitung.de\/cms\/wp-content\/uploads\/2017\/02\/LAGFlorianOppenriederTri69AFF.jpg?resize=1050%2C600 3x, https:\/\/i0.wp.com\/www.jazzzeitung.de\/cms\/wp-content\/uploads\/2017\/02\/LAGFlorianOppenriederTri69AFF.jpg?resize=1400%2C800 4x"},"classes":[]},{"id":11792,"url":"https:\/\/www.jazzzeitung.de\/cms\/2017\/02\/11792\/","url_meta":{"origin":10657,"position":5},"title":"Tizian Jost zum 2. LAG Jazzfestival in Murnau","author":"Redaktion JazzZeitung","date":"27. Februar 2017","format":false,"excerpt":"Nach der Premiere im vergangenen Jahr in Regensburg findet das Landesjazzfestival 2017 in Murnau am Staffelsee statt (23. bis 25. Juni). Im Mittelpunkt der Veranstaltung steht erneut die Begegnung von regionalen und international renommierten K\u00fcnstlern. Bei dem von der Landesarbeitsgemeinschaft Jazz in Bayern (LAG) gemeinsam mit dem Kulturverein Murnau ausgerichteten\u2026","rel":"","context":"In &quot;Bericht&quot;","block_context":{"text":"Bericht","link":"https:\/\/www.jazzzeitung.de\/cms\/thema\/bericht\/"},"img":{"alt_text":"","src":"https:\/\/i0.wp.com\/www.jazzzeitung.de\/cms\/wp-content\/uploads\/2017\/02\/Tizian-Jost_9649-150x150.jpg?resize=350%2C200","width":350,"height":200},"classes":[]}],"jetpack_sharing_enabled":true,"_links":{"self":[{"href":"https:\/\/www.jazzzeitung.de\/cms\/wp-json\/wp\/v2\/posts\/10657","targetHints":{"allow":["GET"]}}],"collection":[{"href":"https:\/\/www.jazzzeitung.de\/cms\/wp-json\/wp\/v2\/posts"}],"about":[{"href":"https:\/\/www.jazzzeitung.de\/cms\/wp-json\/wp\/v2\/types\/post"}],"author":[{"embeddable":true,"href":"https:\/\/www.jazzzeitung.de\/cms\/wp-json\/wp\/v2\/users\/18"}],"replies":[{"embeddable":true,"href":"https:\/\/www.jazzzeitung.de\/cms\/wp-json\/wp\/v2\/comments?post=10657"}],"version-history":[{"count":5,"href":"https:\/\/www.jazzzeitung.de\/cms\/wp-json\/wp\/v2\/posts\/10657\/revisions"}],"predecessor-version":[{"id":10695,"href":"https:\/\/www.jazzzeitung.de\/cms\/wp-json\/wp\/v2\/posts\/10657\/revisions\/10695"}],"wp:attachment":[{"href":"https:\/\/www.jazzzeitung.de\/cms\/wp-json\/wp\/v2\/media?parent=10657"}],"wp:term":[{"taxonomy":"category","embeddable":true,"href":"https:\/\/www.jazzzeitung.de\/cms\/wp-json\/wp\/v2\/categories?post=10657"},{"taxonomy":"post_tag","embeddable":true,"href":"https:\/\/www.jazzzeitung.de\/cms\/wp-json\/wp\/v2\/tags?post=10657"},{"taxonomy":"author","embeddable":true,"href":"https:\/\/www.jazzzeitung.de\/cms\/wp-json\/wp\/v2\/coauthors?post=10657"}],"curies":[{"name":"wp","href":"https:\/\/api.w.org\/{rel}","templated":true}]}}