{"id":10590,"date":"2016-10-19T11:40:49","date_gmt":"2016-10-19T09:40:49","guid":{"rendered":"http:\/\/www.jazzzeitung.de\/cms\/?p=10590"},"modified":"2016-11-26T11:05:37","modified_gmt":"2016-11-26T10:05:37","slug":"plastisches-rauschen-offene-fragen-antwortlos-das-praeludium-zum-jazzfest-berlin-2016","status":"publish","type":"post","link":"https:\/\/www.jazzzeitung.de\/cms\/2016\/10\/plastisches-rauschen-offene-fragen-antwortlos-das-praeludium-zum-jazzfest-berlin-2016\/","title":{"rendered":"Plastisches Rauschen, offene Fragen: antwortlos \u2013 Das Pr\u00e4ludium zum Jazzfest Berlin 2016"},"content":{"rendered":"<p>Ab 1. November geht es mit einer erweiterten Fassung beim Jazzfest Berlin 2016 los. Es wird durch die Kulturstaatsministerin Monika Gr\u00fctters er\u00f6ffnet werden. Ein Zeichen des Bekenntnisses zum musikalischen Genre \u201eJazz\u201c von hoher bundespolitischer Bedeutung. Darauf wies Thomas Oberender, der Intendant der veranstaltenden Berliner Festspiele hin. Der Musikjournalist Ulf Drechsel besprach im Anschluss mit dem k\u00fcnstlerischen Leiter des Jazzfests, Richard Williams, die Eckpunkte des Programms. \u201eViele, viele bunte Smarties\u201c? Nein, wieder ein Versuch, die Bandbreite aktueller Bewegungen im Jazz zu einem stimmigen Programm zu kristallisieren.<\/p>\n<p>Wie gut das gelingen wird? Abwarten. Eines ist jedenfalls offensichtlich: Man hat registriert, was l\u00e4ngst normal ist. Es sind endlich auch viele Frauen in sichtbar im Programm pr\u00e4sent. Eigentlich l\u00e4ngst eine Normalit\u00e4t? Eigentlich ja, in der Praxis jedoch noch selten umgesetzt.<\/p>\n<p>Unter der Moderation von Nadin Deventer wollte man der Sache etwas tiefer auf den Grund gehen. Unter dem Titel \u201eWie offen, gleichberechtigt und divers ist der Jazz heute wirklich?\u201c versammelte man die Musikjournalistin Franziska Buhre, die S\u00e4ngerin Lucia Cadotsch, den Musiker und Interessenvertreter Nikolaus Neuser und den Leiter des Jazzinstituts Darmstadt, Wolfram Knauer, zur Analyse der Frage, der sich auch in der <a href=\"http:\/\/issuu.com\/berlinerfestspiele\/docs\/jazz16_beilage?e=4165568\/39544522\" target=\"_blank\">lesenswerten Beilage<\/a> zum Jazzfest einige Autorinnen annahmen.<\/p>\n<p>In der Diskussion jedoch hatte man immer ein bisschen das Gef\u00fchl, man rede um den hei\u00dfen Brei herum. Geht es nun um Identity, geht es um Genderfragen, geht es um Frauen? Geht es um diskriminierte Minderheiten, Besonderheiten, reale Mehrheiten? Will man dar\u00fcber sprechen, ob Frauen in der Jazzszene oder ein Geschlecht in der Kunst? Der Fragenkomplex ist gro\u00df, die Analyse kompliziert, die L\u00f6sungen sowohl individueller wie allgemeiner Natur. Da will man die \u201eFrauenfrage\u201c einerseits herausl\u00f6sen und andererseits im Sinne einer positiven wie negativen Stigmatisierung gerade nicht thematisieren: ein Dilemma. Und so kommen unter der Hand dann doch wieder Stereotypen von m\u00e4nnlichen wie weiblichen Attributen zum Tragen.<\/p>\n<div class=\"tiled-gallery type-rectangular tiled-gallery-unresized\" data-original-width=\"840\" data-carousel-extra='{&quot;blog_id&quot;:1,&quot;permalink&quot;:&quot;https:\\\/\\\/www.jazzzeitung.de\\\/cms\\\/2016\\\/10\\\/plastisches-rauschen-offene-fragen-antwortlos-das-praeludium-zum-jazzfest-berlin-2016\\\/&quot;,&quot;likes_blog_id&quot;:55446655}' itemscope itemtype=\"http:\/\/schema.org\/ImageGallery\" > <div class=\"gallery-row\" style=\"width: 840px; height: 230px;\" data-original-width=\"840\" data-original-height=\"230\" > <div class=\"gallery-group images-1\" style=\"width: 343px; height: 230px;\" data-original-width=\"343\" data-original-height=\"230\" > <div class=\"tiled-gallery-item tiled-gallery-item-large\" itemprop=\"associatedMedia\" itemscope itemtype=\"http:\/\/schema.org\/ImageObject\"> <a href=\"https:\/\/i0.wp.com\/www.jazzzeitung.de\/cms\/wp-content\/uploads\/2016\/10\/jazzfest_2016_einfuehrung0009t2016.jpg?ssl=1\" border=\"0\" itemprop=\"url\"> <meta itemprop=\"width\" content=\"339\"> <meta itemprop=\"height\" content=\"226\"> <img decoding=\"async\" class=\"\" data-attachment-id=\"10593\" data-orig-file=\"https:\/\/www.jazzzeitung.de\/cms\/wp-content\/uploads\/2016\/10\/jazzfest_2016_einfuehrung0009t2016.jpg\" data-orig-size=\"1800,1200\" data-comments-opened=\"1\" data-image-meta=\"{&quot;aperture&quot;:&quot;4&quot;,&quot;credit&quot;:&quot;Pepa&quot;,&quot;camera&quot;:&quot;E-M5MarkII&quot;,&quot;caption&quot;:&quot;Jazzfest 2016&quot;,&quot;created_timestamp&quot;:&quot;1476819489&quot;,&quot;copyright&quot;:&quot;Petra Basche&quot;,&quot;focal_length&quot;:&quot;56&quot;,&quot;iso&quot;:&quot;2000&quot;,&quot;shutter_speed&quot;:&quot;0.125&quot;,&quot;title&quot;:&quot;Jazzfest 2016&quot;,&quot;orientation&quot;:&quot;1&quot;}\" data-image-title=\"Jazzfest 2016: Musikerin Eve Risser. Foto: Petra Basche\" data-image-description=\"&lt;p&gt;Jazzfest 2016: Musikerin Eve Risser. Foto: Petra Basche&lt;\/p&gt; \" data-medium-file=\"https:\/\/i0.wp.com\/www.jazzzeitung.de\/cms\/wp-content\/uploads\/2016\/10\/jazzfest_2016_einfuehrung0009t2016.jpg?fit=300%2C200&#038;ssl=1\" data-large-file=\"https:\/\/i0.wp.com\/www.jazzzeitung.de\/cms\/wp-content\/uploads\/2016\/10\/jazzfest_2016_einfuehrung0009t2016.jpg?fit=840%2C560&#038;ssl=1\" src=\"https:\/\/i0.wp.com\/www.jazzzeitung.de\/cms\/wp-content\/uploads\/2016\/10\/jazzfest_2016_einfuehrung0009t2016.jpg?w=339&#038;h=226&#038;ssl=1\" srcset=\"https:\/\/i0.wp.com\/www.jazzzeitung.de\/cms\/wp-content\/uploads\/2016\/10\/jazzfest_2016_einfuehrung0009t2016.jpg?w=1800&amp;ssl=1 1800w, https:\/\/i0.wp.com\/www.jazzzeitung.de\/cms\/wp-content\/uploads\/2016\/10\/jazzfest_2016_einfuehrung0009t2016.jpg?resize=300%2C200&amp;ssl=1 300w, https:\/\/i0.wp.com\/www.jazzzeitung.de\/cms\/wp-content\/uploads\/2016\/10\/jazzfest_2016_einfuehrung0009t2016.jpg?resize=768%2C512&amp;ssl=1 768w, https:\/\/i0.wp.com\/www.jazzzeitung.de\/cms\/wp-content\/uploads\/2016\/10\/jazzfest_2016_einfuehrung0009t2016.jpg?resize=900%2C600&amp;ssl=1 900w, https:\/\/i0.wp.com\/www.jazzzeitung.de\/cms\/wp-content\/uploads\/2016\/10\/jazzfest_2016_einfuehrung0009t2016.jpg?w=1680&amp;ssl=1 1680w\" width=\"339\" height=\"226\" loading=\"lazy\" data-original-width=\"339\" data-original-height=\"226\" itemprop=\"http:\/\/schema.org\/image\" title=\"Jazzfest 2016: Musikerin Eve Risser. Foto: Petra Basche\" alt=\"Jazzfest 2016: Musikerin Eve Risser. Foto: Petra Basche\" style=\"width: 339px; height: 226px;\" \/> <\/a> <div class=\"tiled-gallery-caption\" itemprop=\"caption description\"> Jazzfest 2016: Musikerin Eve Risser. Foto: Petra Basche <\/div> <\/div> <\/div> <!-- close group --> <div class=\"gallery-group images-1\" style=\"width: 154px; height: 230px;\" data-original-width=\"154\" data-original-height=\"230\" > <div class=\"tiled-gallery-item tiled-gallery-item-small\" itemprop=\"associatedMedia\" itemscope itemtype=\"http:\/\/schema.org\/ImageObject\"> <a href=\"https:\/\/i0.wp.com\/www.jazzzeitung.de\/cms\/wp-content\/uploads\/2016\/10\/jazzfest_2016_einfuehrung0003t2016.jpg?ssl=1\" border=\"0\" itemprop=\"url\"> <meta itemprop=\"width\" content=\"150\"> <meta itemprop=\"height\" content=\"226\"> <img decoding=\"async\" class=\"\" data-attachment-id=\"10591\" data-orig-file=\"https:\/\/www.jazzzeitung.de\/cms\/wp-content\/uploads\/2016\/10\/jazzfest_2016_einfuehrung0003t2016.jpg\" data-orig-size=\"800,1200\" data-comments-opened=\"1\" data-image-meta=\"{&quot;aperture&quot;:&quot;4.5&quot;,&quot;credit&quot;:&quot;Pepa&quot;,&quot;camera&quot;:&quot;E-M5MarkII&quot;,&quot;caption&quot;:&quot;Jazzfest 2016&quot;,&quot;created_timestamp&quot;:&quot;1476818189&quot;,&quot;copyright&quot;:&quot;Petra Basche&quot;,&quot;focal_length&quot;:&quot;210&quot;,&quot;iso&quot;:&quot;2000&quot;,&quot;shutter_speed&quot;:&quot;0.016666666666667&quot;,&quot;title&quot;:&quot;Jazzfest 2016&quot;,&quot;orientation&quot;:&quot;1&quot;}\" data-image-title=\"Jazzfest 2016 &amp;#8211; Intendant Thomas Oberender. Foto: Petra Basche\" data-image-description=\"&lt;p&gt;Jazzfest 2016 &amp;#8211; Intendant Thomas Oberender. Foto: Petra Basche&lt;\/p&gt; \" data-medium-file=\"https:\/\/i0.wp.com\/www.jazzzeitung.de\/cms\/wp-content\/uploads\/2016\/10\/jazzfest_2016_einfuehrung0003t2016.jpg?fit=200%2C300&#038;ssl=1\" data-large-file=\"https:\/\/i0.wp.com\/www.jazzzeitung.de\/cms\/wp-content\/uploads\/2016\/10\/jazzfest_2016_einfuehrung0003t2016.jpg?fit=400%2C600&#038;ssl=1\" src=\"https:\/\/i0.wp.com\/www.jazzzeitung.de\/cms\/wp-content\/uploads\/2016\/10\/jazzfest_2016_einfuehrung0003t2016.jpg?w=150&#038;h=226&#038;ssl=1\" srcset=\"https:\/\/i0.wp.com\/www.jazzzeitung.de\/cms\/wp-content\/uploads\/2016\/10\/jazzfest_2016_einfuehrung0003t2016.jpg?w=800&amp;ssl=1 800w, https:\/\/i0.wp.com\/www.jazzzeitung.de\/cms\/wp-content\/uploads\/2016\/10\/jazzfest_2016_einfuehrung0003t2016.jpg?resize=200%2C300&amp;ssl=1 200w, https:\/\/i0.wp.com\/www.jazzzeitung.de\/cms\/wp-content\/uploads\/2016\/10\/jazzfest_2016_einfuehrung0003t2016.jpg?resize=768%2C1152&amp;ssl=1 768w, https:\/\/i0.wp.com\/www.jazzzeitung.de\/cms\/wp-content\/uploads\/2016\/10\/jazzfest_2016_einfuehrung0003t2016.jpg?resize=400%2C600&amp;ssl=1 400w\" width=\"150\" height=\"226\" loading=\"lazy\" data-original-width=\"150\" data-original-height=\"226\" itemprop=\"http:\/\/schema.org\/image\" title=\"Jazzfest 2016 - Intendant Thomas Oberender. Foto: Petra Basche\" alt=\"Jazzfest 2016 - Intendant Thomas Oberender. Foto: Petra Basche\" style=\"width: 150px; height: 226px;\" \/> <\/a> <div class=\"tiled-gallery-caption\" itemprop=\"caption description\"> Jazzfest 2016 &#8211; Intendant Thomas Oberender. Foto: Petra Basche <\/div> <\/div> <\/div> <!-- close group --> <div class=\"gallery-group images-1\" style=\"width: 343px; height: 230px;\" data-original-width=\"343\" data-original-height=\"230\" > <div class=\"tiled-gallery-item tiled-gallery-item-large\" itemprop=\"associatedMedia\" itemscope itemtype=\"http:\/\/schema.org\/ImageObject\"> <a href=\"https:\/\/i0.wp.com\/www.jazzzeitung.de\/cms\/wp-content\/uploads\/2016\/10\/jazzfest_2016_einfuehrung0005t2016.jpg?ssl=1\" border=\"0\" itemprop=\"url\"> <meta itemprop=\"width\" content=\"339\"> <meta itemprop=\"height\" content=\"226\"> <img decoding=\"async\" class=\"\" data-attachment-id=\"10592\" data-orig-file=\"https:\/\/www.jazzzeitung.de\/cms\/wp-content\/uploads\/2016\/10\/jazzfest_2016_einfuehrung0005t2016.jpg\" data-orig-size=\"1800,1200\" data-comments-opened=\"1\" data-image-meta=\"{&quot;aperture&quot;:&quot;4.5&quot;,&quot;credit&quot;:&quot;Pepa&quot;,&quot;camera&quot;:&quot;E-M5MarkII&quot;,&quot;caption&quot;:&quot;Jazzfest 2016&quot;,&quot;created_timestamp&quot;:&quot;1476818442&quot;,&quot;copyright&quot;:&quot;Petra Basche&quot;,&quot;focal_length&quot;:&quot;155&quot;,&quot;iso&quot;:&quot;1250&quot;,&quot;shutter_speed&quot;:&quot;0.008&quot;,&quot;title&quot;:&quot;Jazzfest 2016&quot;,&quot;orientation&quot;:&quot;1&quot;}\" data-image-title=\"Jazzfest 2016: Richard Williams im Gespr\u00e4ch mit Ulf Drechsel. Foto: Petra Basche\" data-image-description=\"&lt;p&gt;Jazzfest 2016: Richard Williams im Gespr\u00e4ch mit Ulf Drechsel. Foto: Petra Basche&lt;\/p&gt; \" data-medium-file=\"https:\/\/i0.wp.com\/www.jazzzeitung.de\/cms\/wp-content\/uploads\/2016\/10\/jazzfest_2016_einfuehrung0005t2016.jpg?fit=300%2C200&#038;ssl=1\" data-large-file=\"https:\/\/i0.wp.com\/www.jazzzeitung.de\/cms\/wp-content\/uploads\/2016\/10\/jazzfest_2016_einfuehrung0005t2016.jpg?fit=840%2C560&#038;ssl=1\" src=\"https:\/\/i0.wp.com\/www.jazzzeitung.de\/cms\/wp-content\/uploads\/2016\/10\/jazzfest_2016_einfuehrung0005t2016.jpg?w=339&#038;h=226&#038;ssl=1\" srcset=\"https:\/\/i0.wp.com\/www.jazzzeitung.de\/cms\/wp-content\/uploads\/2016\/10\/jazzfest_2016_einfuehrung0005t2016.jpg?w=1800&amp;ssl=1 1800w, https:\/\/i0.wp.com\/www.jazzzeitung.de\/cms\/wp-content\/uploads\/2016\/10\/jazzfest_2016_einfuehrung0005t2016.jpg?resize=300%2C200&amp;ssl=1 300w, https:\/\/i0.wp.com\/www.jazzzeitung.de\/cms\/wp-content\/uploads\/2016\/10\/jazzfest_2016_einfuehrung0005t2016.jpg?resize=768%2C512&amp;ssl=1 768w, https:\/\/i0.wp.com\/www.jazzzeitung.de\/cms\/wp-content\/uploads\/2016\/10\/jazzfest_2016_einfuehrung0005t2016.jpg?resize=900%2C600&amp;ssl=1 900w, https:\/\/i0.wp.com\/www.jazzzeitung.de\/cms\/wp-content\/uploads\/2016\/10\/jazzfest_2016_einfuehrung0005t2016.jpg?w=1680&amp;ssl=1 1680w\" width=\"339\" height=\"226\" loading=\"lazy\" data-original-width=\"339\" data-original-height=\"226\" itemprop=\"http:\/\/schema.org\/image\" title=\"Jazzfest 2016: Richard Williams im Gespr\u00e4ch mit Ulf Drechsel. Foto: Petra Basche\" alt=\"Jazzfest 2016: Richard Williams im Gespr\u00e4ch mit Ulf Drechsel. Foto: Petra Basche\" style=\"width: 339px; height: 226px;\" \/> <\/a> <div class=\"tiled-gallery-caption\" itemprop=\"caption description\"> Jazzfest 2016: Richard Williams im Gespr\u00e4ch mit Ulf Drechsel. Foto: Petra Basche <\/div> <\/div> <\/div> <!-- close group --> <\/div> <!-- close row --> <div class=\"gallery-row\" style=\"width: 840px; height: 388px;\" data-original-width=\"840\" data-original-height=\"388\" > <div class=\"gallery-group images-1\" style=\"width: 580px; height: 388px;\" data-original-width=\"580\" data-original-height=\"388\" > <div class=\"tiled-gallery-item tiled-gallery-item-large\" itemprop=\"associatedMedia\" itemscope itemtype=\"http:\/\/schema.org\/ImageObject\"> <a href=\"https:\/\/i0.wp.com\/www.jazzzeitung.de\/cms\/wp-content\/uploads\/2016\/10\/jazzfest_2016_einfuehrung0011t2016.jpg?ssl=1\" border=\"0\" itemprop=\"url\"> <meta itemprop=\"width\" content=\"576\"> <meta itemprop=\"height\" content=\"384\"> <img decoding=\"async\" class=\"\" data-attachment-id=\"10594\" data-orig-file=\"https:\/\/www.jazzzeitung.de\/cms\/wp-content\/uploads\/2016\/10\/jazzfest_2016_einfuehrung0011t2016.jpg\" data-orig-size=\"1800,1200\" data-comments-opened=\"1\" data-image-meta=\"{&quot;aperture&quot;:&quot;4&quot;,&quot;credit&quot;:&quot;Pepa&quot;,&quot;camera&quot;:&quot;E-M5MarkII&quot;,&quot;caption&quot;:&quot;Jazzfest 2016&quot;,&quot;created_timestamp&quot;:&quot;1476819625&quot;,&quot;copyright&quot;:&quot;Petra Basche&quot;,&quot;focal_length&quot;:&quot;115&quot;,&quot;iso&quot;:&quot;3200&quot;,&quot;shutter_speed&quot;:&quot;0.02&quot;,&quot;title&quot;:&quot;Jazzfest 2016&quot;,&quot;orientation&quot;:&quot;1&quot;}\" data-image-title=\"Jazzfest 2016: Musikerin Eve Risser. Foto: Petra Basche\" data-image-description=\"&lt;p&gt;Jazzfest 2016: Musikerin Eve Risser. Foto: Petra Basche&lt;\/p&gt; \" data-medium-file=\"https:\/\/i0.wp.com\/www.jazzzeitung.de\/cms\/wp-content\/uploads\/2016\/10\/jazzfest_2016_einfuehrung0011t2016.jpg?fit=300%2C200&#038;ssl=1\" data-large-file=\"https:\/\/i0.wp.com\/www.jazzzeitung.de\/cms\/wp-content\/uploads\/2016\/10\/jazzfest_2016_einfuehrung0011t2016.jpg?fit=840%2C560&#038;ssl=1\" src=\"https:\/\/i0.wp.com\/www.jazzzeitung.de\/cms\/wp-content\/uploads\/2016\/10\/jazzfest_2016_einfuehrung0011t2016.jpg?w=576&#038;h=384&#038;ssl=1\" srcset=\"https:\/\/i0.wp.com\/www.jazzzeitung.de\/cms\/wp-content\/uploads\/2016\/10\/jazzfest_2016_einfuehrung0011t2016.jpg?w=1800&amp;ssl=1 1800w, https:\/\/i0.wp.com\/www.jazzzeitung.de\/cms\/wp-content\/uploads\/2016\/10\/jazzfest_2016_einfuehrung0011t2016.jpg?resize=300%2C200&amp;ssl=1 300w, https:\/\/i0.wp.com\/www.jazzzeitung.de\/cms\/wp-content\/uploads\/2016\/10\/jazzfest_2016_einfuehrung0011t2016.jpg?resize=768%2C512&amp;ssl=1 768w, https:\/\/i0.wp.com\/www.jazzzeitung.de\/cms\/wp-content\/uploads\/2016\/10\/jazzfest_2016_einfuehrung0011t2016.jpg?resize=900%2C600&amp;ssl=1 900w, https:\/\/i0.wp.com\/www.jazzzeitung.de\/cms\/wp-content\/uploads\/2016\/10\/jazzfest_2016_einfuehrung0011t2016.jpg?w=1680&amp;ssl=1 1680w\" width=\"576\" height=\"384\" loading=\"lazy\" data-original-width=\"576\" data-original-height=\"384\" itemprop=\"http:\/\/schema.org\/image\" title=\"Jazzfest 2016: Musikerin Eve Risser. Foto: Petra Basche\" alt=\"Jazzfest 2016: Musikerin Eve Risser. Foto: Petra Basche\" style=\"width: 576px; height: 384px;\" \/> <\/a> <div class=\"tiled-gallery-caption\" itemprop=\"caption description\"> Jazzfest 2016: Musikerin Eve Risser. Foto: Petra Basche <\/div> <\/div> <\/div> <!-- close group --> <div class=\"gallery-group images-1\" style=\"width: 260px; height: 388px;\" data-original-width=\"260\" data-original-height=\"388\" > <div class=\"tiled-gallery-item tiled-gallery-item-large\" itemprop=\"associatedMedia\" itemscope itemtype=\"http:\/\/schema.org\/ImageObject\"> <a href=\"https:\/\/i0.wp.com\/www.jazzzeitung.de\/cms\/wp-content\/uploads\/2016\/10\/jazzfest_2016_einfuehrung0012t2016.jpg?ssl=1\" border=\"0\" itemprop=\"url\"> <meta itemprop=\"width\" content=\"256\"> <meta itemprop=\"height\" content=\"384\"> <img decoding=\"async\" class=\"\" data-attachment-id=\"10595\" data-orig-file=\"https:\/\/www.jazzzeitung.de\/cms\/wp-content\/uploads\/2016\/10\/jazzfest_2016_einfuehrung0012t2016.jpg\" data-orig-size=\"800,1200\" data-comments-opened=\"1\" data-image-meta=\"{&quot;aperture&quot;:&quot;4&quot;,&quot;credit&quot;:&quot;Pepa&quot;,&quot;camera&quot;:&quot;E-M5MarkII&quot;,&quot;caption&quot;:&quot;Jazzfest 2016&quot;,&quot;created_timestamp&quot;:&quot;1476819644&quot;,&quot;copyright&quot;:&quot;Petra Basche&quot;,&quot;focal_length&quot;:&quot;115&quot;,&quot;iso&quot;:&quot;3200&quot;,&quot;shutter_speed&quot;:&quot;0.1&quot;,&quot;title&quot;:&quot;Jazzfest 2016&quot;,&quot;orientation&quot;:&quot;1&quot;}\" data-image-title=\"Jazzfest 2016: Musikerin Eve Risser. Foto: Petra Basche\" data-image-description=\"&lt;p&gt;Jazzfest 2016: Musikerin Eve Risser. Foto: Petra Basche&lt;\/p&gt; \" data-medium-file=\"https:\/\/i0.wp.com\/www.jazzzeitung.de\/cms\/wp-content\/uploads\/2016\/10\/jazzfest_2016_einfuehrung0012t2016.jpg?fit=200%2C300&#038;ssl=1\" data-large-file=\"https:\/\/i0.wp.com\/www.jazzzeitung.de\/cms\/wp-content\/uploads\/2016\/10\/jazzfest_2016_einfuehrung0012t2016.jpg?fit=400%2C600&#038;ssl=1\" src=\"https:\/\/i0.wp.com\/www.jazzzeitung.de\/cms\/wp-content\/uploads\/2016\/10\/jazzfest_2016_einfuehrung0012t2016.jpg?w=256&#038;h=384&#038;ssl=1\" srcset=\"https:\/\/i0.wp.com\/www.jazzzeitung.de\/cms\/wp-content\/uploads\/2016\/10\/jazzfest_2016_einfuehrung0012t2016.jpg?w=800&amp;ssl=1 800w, https:\/\/i0.wp.com\/www.jazzzeitung.de\/cms\/wp-content\/uploads\/2016\/10\/jazzfest_2016_einfuehrung0012t2016.jpg?resize=200%2C300&amp;ssl=1 200w, https:\/\/i0.wp.com\/www.jazzzeitung.de\/cms\/wp-content\/uploads\/2016\/10\/jazzfest_2016_einfuehrung0012t2016.jpg?resize=768%2C1152&amp;ssl=1 768w, https:\/\/i0.wp.com\/www.jazzzeitung.de\/cms\/wp-content\/uploads\/2016\/10\/jazzfest_2016_einfuehrung0012t2016.jpg?resize=400%2C600&amp;ssl=1 400w\" width=\"256\" height=\"384\" loading=\"lazy\" data-original-width=\"256\" data-original-height=\"384\" itemprop=\"http:\/\/schema.org\/image\" title=\"Jazzfest 2016: Musikerin Eve Risser. Foto: Petra Basche\" alt=\"Jazzfest 2016: Musikerin Eve Risser. Foto: Petra Basche\" style=\"width: 256px; height: 384px;\" \/> <\/a> <div class=\"tiled-gallery-caption\" itemprop=\"caption description\"> Jazzfest 2016: Musikerin Eve Risser. Foto: Petra Basche <\/div> <\/div> <\/div> <!-- close group --> <\/div> <!-- close row --> <div class=\"gallery-row\" style=\"width: 840px; height: 375px;\" data-original-width=\"840\" data-original-height=\"375\" > <div class=\"gallery-group images-1\" style=\"width: 561px; height: 375px;\" data-original-width=\"561\" data-original-height=\"375\" > <div class=\"tiled-gallery-item tiled-gallery-item-large\" itemprop=\"associatedMedia\" itemscope itemtype=\"http:\/\/schema.org\/ImageObject\"> <a href=\"https:\/\/i0.wp.com\/www.jazzzeitung.de\/cms\/wp-content\/uploads\/2016\/10\/jazzfest_2016_einfuehrung0020t2016.jpg?ssl=1\" border=\"0\" itemprop=\"url\"> <meta itemprop=\"width\" content=\"557\"> <meta itemprop=\"height\" content=\"371\"> <img decoding=\"async\" class=\"\" data-attachment-id=\"10596\" data-orig-file=\"https:\/\/www.jazzzeitung.de\/cms\/wp-content\/uploads\/2016\/10\/jazzfest_2016_einfuehrung0020t2016.jpg\" data-orig-size=\"1800,1200\" data-comments-opened=\"1\" data-image-meta=\"{&quot;aperture&quot;:&quot;4&quot;,&quot;credit&quot;:&quot;Pepa&quot;,&quot;camera&quot;:&quot;E-M5MarkII&quot;,&quot;caption&quot;:&quot;Jazzfest 2016&quot;,&quot;created_timestamp&quot;:&quot;1476820294&quot;,&quot;copyright&quot;:&quot;Petra Basche&quot;,&quot;focal_length&quot;:&quot;200&quot;,&quot;iso&quot;:&quot;3200&quot;,&quot;shutter_speed&quot;:&quot;0.02&quot;,&quot;title&quot;:&quot;Jazzfest 2016&quot;,&quot;orientation&quot;:&quot;1&quot;}\" data-image-title=\"Jazzfest 2016\" data-image-description=\"\" data-medium-file=\"https:\/\/i0.wp.com\/www.jazzzeitung.de\/cms\/wp-content\/uploads\/2016\/10\/jazzfest_2016_einfuehrung0020t2016.jpg?fit=300%2C200&#038;ssl=1\" data-large-file=\"https:\/\/i0.wp.com\/www.jazzzeitung.de\/cms\/wp-content\/uploads\/2016\/10\/jazzfest_2016_einfuehrung0020t2016.jpg?fit=840%2C560&#038;ssl=1\" src=\"https:\/\/i0.wp.com\/www.jazzzeitung.de\/cms\/wp-content\/uploads\/2016\/10\/jazzfest_2016_einfuehrung0020t2016.jpg?w=557&#038;h=371&#038;ssl=1\" srcset=\"https:\/\/i0.wp.com\/www.jazzzeitung.de\/cms\/wp-content\/uploads\/2016\/10\/jazzfest_2016_einfuehrung0020t2016.jpg?w=1800&amp;ssl=1 1800w, https:\/\/i0.wp.com\/www.jazzzeitung.de\/cms\/wp-content\/uploads\/2016\/10\/jazzfest_2016_einfuehrung0020t2016.jpg?resize=300%2C200&amp;ssl=1 300w, https:\/\/i0.wp.com\/www.jazzzeitung.de\/cms\/wp-content\/uploads\/2016\/10\/jazzfest_2016_einfuehrung0020t2016.jpg?resize=768%2C512&amp;ssl=1 768w, https:\/\/i0.wp.com\/www.jazzzeitung.de\/cms\/wp-content\/uploads\/2016\/10\/jazzfest_2016_einfuehrung0020t2016.jpg?resize=900%2C600&amp;ssl=1 900w, https:\/\/i0.wp.com\/www.jazzzeitung.de\/cms\/wp-content\/uploads\/2016\/10\/jazzfest_2016_einfuehrung0020t2016.jpg?w=1680&amp;ssl=1 1680w\" width=\"557\" height=\"371\" loading=\"lazy\" data-original-width=\"557\" data-original-height=\"371\" itemprop=\"http:\/\/schema.org\/image\" title=\"Jazzfest 2016\" alt=\"Jazzfest 2016\" style=\"width: 557px; height: 371px;\" \/> <\/a> <div class=\"tiled-gallery-caption\" itemprop=\"caption description\"> Jazzfest 2016 <\/div> <\/div> <\/div> <!-- close group --> <div class=\"gallery-group images-2\" style=\"width: 279px; height: 375px;\" data-original-width=\"279\" data-original-height=\"375\" > <div class=\"tiled-gallery-item tiled-gallery-item-large\" itemprop=\"associatedMedia\" itemscope itemtype=\"http:\/\/schema.org\/ImageObject\"> <a href=\"https:\/\/i0.wp.com\/www.jazzzeitung.de\/cms\/wp-content\/uploads\/2016\/10\/jazzfest_2016_einfuehrung0022t2016.jpg?ssl=1\" border=\"0\" itemprop=\"url\"> <meta itemprop=\"width\" content=\"275\"> <meta itemprop=\"height\" content=\"184\"> <img decoding=\"async\" class=\"\" data-attachment-id=\"10597\" data-orig-file=\"https:\/\/www.jazzzeitung.de\/cms\/wp-content\/uploads\/2016\/10\/jazzfest_2016_einfuehrung0022t2016.jpg\" data-orig-size=\"1800,1200\" data-comments-opened=\"1\" data-image-meta=\"{&quot;aperture&quot;:&quot;4&quot;,&quot;credit&quot;:&quot;Pepa&quot;,&quot;camera&quot;:&quot;E-M5MarkII&quot;,&quot;caption&quot;:&quot;Jazzfest 2016&quot;,&quot;created_timestamp&quot;:&quot;1476820871&quot;,&quot;copyright&quot;:&quot;Petra Basche&quot;,&quot;focal_length&quot;:&quot;56&quot;,&quot;iso&quot;:&quot;3200&quot;,&quot;shutter_speed&quot;:&quot;0.008&quot;,&quot;title&quot;:&quot;Jazzfest 2016&quot;,&quot;orientation&quot;:&quot;1&quot;}\" data-image-title=\"Jazzfest 2016: Gespr\u00e4chsrunde 2. Foto: Petra Basche\" data-image-description=\"&lt;p&gt;Jazzfest 2016: Gespr\u00e4chsrunde 2. Foto: Petra Basche&lt;\/p&gt; \" data-medium-file=\"https:\/\/i0.wp.com\/www.jazzzeitung.de\/cms\/wp-content\/uploads\/2016\/10\/jazzfest_2016_einfuehrung0022t2016.jpg?fit=300%2C200&#038;ssl=1\" data-large-file=\"https:\/\/i0.wp.com\/www.jazzzeitung.de\/cms\/wp-content\/uploads\/2016\/10\/jazzfest_2016_einfuehrung0022t2016.jpg?fit=840%2C560&#038;ssl=1\" src=\"https:\/\/i0.wp.com\/www.jazzzeitung.de\/cms\/wp-content\/uploads\/2016\/10\/jazzfest_2016_einfuehrung0022t2016.jpg?w=275&#038;h=184&#038;ssl=1\" srcset=\"https:\/\/i0.wp.com\/www.jazzzeitung.de\/cms\/wp-content\/uploads\/2016\/10\/jazzfest_2016_einfuehrung0022t2016.jpg?w=1800&amp;ssl=1 1800w, https:\/\/i0.wp.com\/www.jazzzeitung.de\/cms\/wp-content\/uploads\/2016\/10\/jazzfest_2016_einfuehrung0022t2016.jpg?resize=300%2C200&amp;ssl=1 300w, https:\/\/i0.wp.com\/www.jazzzeitung.de\/cms\/wp-content\/uploads\/2016\/10\/jazzfest_2016_einfuehrung0022t2016.jpg?resize=768%2C512&amp;ssl=1 768w, https:\/\/i0.wp.com\/www.jazzzeitung.de\/cms\/wp-content\/uploads\/2016\/10\/jazzfest_2016_einfuehrung0022t2016.jpg?resize=900%2C600&amp;ssl=1 900w, https:\/\/i0.wp.com\/www.jazzzeitung.de\/cms\/wp-content\/uploads\/2016\/10\/jazzfest_2016_einfuehrung0022t2016.jpg?w=1680&amp;ssl=1 1680w\" width=\"275\" height=\"184\" loading=\"lazy\" data-original-width=\"275\" data-original-height=\"184\" itemprop=\"http:\/\/schema.org\/image\" title=\"Jazzfest 2016: Gespr\u00e4chsrunde 2. Foto: Petra Basche\" alt=\"Jazzfest 2016: Gespr\u00e4chsrunde 2. Foto: Petra Basche\" style=\"width: 275px; height: 184px;\" \/> <\/a> <div class=\"tiled-gallery-caption\" itemprop=\"caption description\"> Jazzfest 2016: Gespr\u00e4chsrunde 2. Foto: Petra Basche <\/div> <\/div> <div class=\"tiled-gallery-item tiled-gallery-item-large\" itemprop=\"associatedMedia\" itemscope itemtype=\"http:\/\/schema.org\/ImageObject\"> <a href=\"https:\/\/i0.wp.com\/www.jazzzeitung.de\/cms\/wp-content\/uploads\/2016\/10\/jazzfest_2016_einfuehrung0026t2016.jpg?ssl=1\" border=\"0\" itemprop=\"url\"> <meta itemprop=\"width\" content=\"275\"> <meta itemprop=\"height\" content=\"183\"> <img decoding=\"async\" class=\"\" data-attachment-id=\"10598\" data-orig-file=\"https:\/\/www.jazzzeitung.de\/cms\/wp-content\/uploads\/2016\/10\/jazzfest_2016_einfuehrung0026t2016.jpg\" data-orig-size=\"1800,1200\" data-comments-opened=\"1\" data-image-meta=\"{&quot;aperture&quot;:&quot;4&quot;,&quot;credit&quot;:&quot;Pepa&quot;,&quot;camera&quot;:&quot;E-M5MarkII&quot;,&quot;caption&quot;:&quot;Jazzfest 2016&quot;,&quot;created_timestamp&quot;:&quot;1476822809&quot;,&quot;copyright&quot;:&quot;Petra Basche&quot;,&quot;focal_length&quot;:&quot;130&quot;,&quot;iso&quot;:&quot;3200&quot;,&quot;shutter_speed&quot;:&quot;0.02&quot;,&quot;title&quot;:&quot;Jazzfest 2016&quot;,&quot;orientation&quot;:&quot;1&quot;}\" data-image-title=\"Jazzfest 2016: Live\u00fcbertragung via Periscope. Foto: Petra Basche\" data-image-description=\"&lt;p&gt;Jazzfest 2016: Live\u00fcbertragung via Periscope. Foto: Petra Basche&lt;\/p&gt; \" data-medium-file=\"https:\/\/i0.wp.com\/www.jazzzeitung.de\/cms\/wp-content\/uploads\/2016\/10\/jazzfest_2016_einfuehrung0026t2016.jpg?fit=300%2C200&#038;ssl=1\" data-large-file=\"https:\/\/i0.wp.com\/www.jazzzeitung.de\/cms\/wp-content\/uploads\/2016\/10\/jazzfest_2016_einfuehrung0026t2016.jpg?fit=840%2C560&#038;ssl=1\" src=\"https:\/\/i0.wp.com\/www.jazzzeitung.de\/cms\/wp-content\/uploads\/2016\/10\/jazzfest_2016_einfuehrung0026t2016.jpg?w=275&#038;h=183&#038;ssl=1\" srcset=\"https:\/\/i0.wp.com\/www.jazzzeitung.de\/cms\/wp-content\/uploads\/2016\/10\/jazzfest_2016_einfuehrung0026t2016.jpg?w=1800&amp;ssl=1 1800w, https:\/\/i0.wp.com\/www.jazzzeitung.de\/cms\/wp-content\/uploads\/2016\/10\/jazzfest_2016_einfuehrung0026t2016.jpg?resize=300%2C200&amp;ssl=1 300w, https:\/\/i0.wp.com\/www.jazzzeitung.de\/cms\/wp-content\/uploads\/2016\/10\/jazzfest_2016_einfuehrung0026t2016.jpg?resize=768%2C512&amp;ssl=1 768w, https:\/\/i0.wp.com\/www.jazzzeitung.de\/cms\/wp-content\/uploads\/2016\/10\/jazzfest_2016_einfuehrung0026t2016.jpg?resize=900%2C600&amp;ssl=1 900w, https:\/\/i0.wp.com\/www.jazzzeitung.de\/cms\/wp-content\/uploads\/2016\/10\/jazzfest_2016_einfuehrung0026t2016.jpg?w=1680&amp;ssl=1 1680w\" width=\"275\" height=\"183\" loading=\"lazy\" data-original-width=\"275\" data-original-height=\"183\" itemprop=\"http:\/\/schema.org\/image\" title=\"Jazzfest 2016: Live\u00fcbertragung via Periscope. Foto: Petra Basche\" alt=\"Jazzfest 2016: Live\u00fcbertragung via Periscope. Foto: Petra Basche\" style=\"width: 275px; height: 183px;\" \/> <\/a> <div class=\"tiled-gallery-caption\" itemprop=\"caption description\"> Jazzfest 2016: Live\u00fcbertragung via Periscope. Foto: Petra Basche <\/div> <\/div> <\/div> <!-- close group --> <\/div> <!-- close row --> <div class=\"gallery-row\" style=\"width: 840px; height: 145px;\" data-original-width=\"840\" data-original-height=\"145\" > <div class=\"gallery-group images-1\" style=\"width: 216px; height: 145px;\" data-original-width=\"216\" data-original-height=\"145\" > <div class=\"tiled-gallery-item tiled-gallery-item-small\" itemprop=\"associatedMedia\" itemscope itemtype=\"http:\/\/schema.org\/ImageObject\"> <a href=\"https:\/\/i0.wp.com\/www.jazzzeitung.de\/cms\/wp-content\/uploads\/2016\/10\/jazzfest_2016_einfuehrung0028t2016.jpg?ssl=1\" border=\"0\" itemprop=\"url\"> <meta itemprop=\"width\" content=\"212\"> <meta itemprop=\"height\" content=\"141\"> <img decoding=\"async\" class=\"\" data-attachment-id=\"10599\" data-orig-file=\"https:\/\/www.jazzzeitung.de\/cms\/wp-content\/uploads\/2016\/10\/jazzfest_2016_einfuehrung0028t2016.jpg\" data-orig-size=\"1798,1200\" data-comments-opened=\"1\" data-image-meta=\"{&quot;aperture&quot;:&quot;4.5&quot;,&quot;credit&quot;:&quot;Petra_Basche&quot;,&quot;camera&quot;:&quot;NIKON D800&quot;,&quot;caption&quot;:&quot;Jazzfest 2016&quot;,&quot;created_timestamp&quot;:&quot;1476823948&quot;,&quot;copyright&quot;:&quot;HuPe-Kollektiv&quot;,&quot;focal_length&quot;:&quot;70&quot;,&quot;iso&quot;:&quot;6400&quot;,&quot;shutter_speed&quot;:&quot;0.008&quot;,&quot;title&quot;:&quot;Jazzfest 2016&quot;,&quot;orientation&quot;:&quot;1&quot;}\" data-image-title=\"Jazzfest 2016: Alexander von Schlippenbach mit Axel D\u00f6rner (Trompete). Foto: Petra Basche\" data-image-description=\"&lt;p&gt;Jazzfest 2016: Alexander von Schlippenbach mit Axel D\u00f6rner (Trompete). Foto: Petra Basche&lt;\/p&gt; \" data-medium-file=\"https:\/\/i0.wp.com\/www.jazzzeitung.de\/cms\/wp-content\/uploads\/2016\/10\/jazzfest_2016_einfuehrung0028t2016.jpg?fit=300%2C200&#038;ssl=1\" data-large-file=\"https:\/\/i0.wp.com\/www.jazzzeitung.de\/cms\/wp-content\/uploads\/2016\/10\/jazzfest_2016_einfuehrung0028t2016.jpg?fit=840%2C560&#038;ssl=1\" src=\"https:\/\/i0.wp.com\/www.jazzzeitung.de\/cms\/wp-content\/uploads\/2016\/10\/jazzfest_2016_einfuehrung0028t2016.jpg?w=212&#038;h=141&#038;ssl=1\" srcset=\"https:\/\/i0.wp.com\/www.jazzzeitung.de\/cms\/wp-content\/uploads\/2016\/10\/jazzfest_2016_einfuehrung0028t2016.jpg?w=1798&amp;ssl=1 1798w, https:\/\/i0.wp.com\/www.jazzzeitung.de\/cms\/wp-content\/uploads\/2016\/10\/jazzfest_2016_einfuehrung0028t2016.jpg?resize=300%2C200&amp;ssl=1 300w, https:\/\/i0.wp.com\/www.jazzzeitung.de\/cms\/wp-content\/uploads\/2016\/10\/jazzfest_2016_einfuehrung0028t2016.jpg?resize=768%2C513&amp;ssl=1 768w, https:\/\/i0.wp.com\/www.jazzzeitung.de\/cms\/wp-content\/uploads\/2016\/10\/jazzfest_2016_einfuehrung0028t2016.jpg?resize=900%2C600&amp;ssl=1 900w, https:\/\/i0.wp.com\/www.jazzzeitung.de\/cms\/wp-content\/uploads\/2016\/10\/jazzfest_2016_einfuehrung0028t2016.jpg?w=1680&amp;ssl=1 1680w\" width=\"212\" height=\"141\" loading=\"lazy\" data-original-width=\"212\" data-original-height=\"141\" itemprop=\"http:\/\/schema.org\/image\" title=\"Jazzfest 2016: Alexander von Schlippenbach mit Axel D\u00f6rner (Trompete). Foto: Petra Basche\" alt=\"Jazzfest 2016: Alexander von Schlippenbach mit Axel D\u00f6rner (Trompete). Foto: Petra Basche\" style=\"width: 212px; height: 141px;\" \/> <\/a> <div class=\"tiled-gallery-caption\" itemprop=\"caption description\"> Jazzfest 2016: Alexander von Schlippenbach mit Axel D\u00f6rner (Trompete). Foto: Petra Basche <\/div> <\/div> <\/div> <!-- close group --> <div class=\"gallery-group images-1\" style=\"width: 216px; height: 145px;\" data-original-width=\"216\" data-original-height=\"145\" > <div class=\"tiled-gallery-item tiled-gallery-item-small\" itemprop=\"associatedMedia\" itemscope itemtype=\"http:\/\/schema.org\/ImageObject\"> <a href=\"https:\/\/i0.wp.com\/www.jazzzeitung.de\/cms\/wp-content\/uploads\/2016\/10\/jazzfest_2016_einfuehrung0030t2016.jpg?ssl=1\" border=\"0\" itemprop=\"url\"> <meta itemprop=\"width\" content=\"212\"> <meta itemprop=\"height\" content=\"141\"> <img decoding=\"async\" class=\"\" data-attachment-id=\"10600\" data-orig-file=\"https:\/\/www.jazzzeitung.de\/cms\/wp-content\/uploads\/2016\/10\/jazzfest_2016_einfuehrung0030t2016.jpg\" data-orig-size=\"1800,1200\" data-comments-opened=\"1\" data-image-meta=\"{&quot;aperture&quot;:&quot;4&quot;,&quot;credit&quot;:&quot;Pepa&quot;,&quot;camera&quot;:&quot;E-M5MarkII&quot;,&quot;caption&quot;:&quot;Jazzfest 2016&quot;,&quot;created_timestamp&quot;:&quot;1476824184&quot;,&quot;copyright&quot;:&quot;Petra Basche&quot;,&quot;focal_length&quot;:&quot;190&quot;,&quot;iso&quot;:&quot;3200&quot;,&quot;shutter_speed&quot;:&quot;0.0125&quot;,&quot;title&quot;:&quot;Jazzfest 2016&quot;,&quot;orientation&quot;:&quot;1&quot;}\" data-image-title=\"Jazzfest 2016: Axel D\u00f6rner (Trompete). Foto: Petra Basche\" data-image-description=\"&lt;p&gt;Jazzfest 2016: Axel D\u00f6rner (Trompete). Foto: Petra Basche&lt;\/p&gt; \" data-medium-file=\"https:\/\/i0.wp.com\/www.jazzzeitung.de\/cms\/wp-content\/uploads\/2016\/10\/jazzfest_2016_einfuehrung0030t2016.jpg?fit=300%2C200&#038;ssl=1\" data-large-file=\"https:\/\/i0.wp.com\/www.jazzzeitung.de\/cms\/wp-content\/uploads\/2016\/10\/jazzfest_2016_einfuehrung0030t2016.jpg?fit=840%2C560&#038;ssl=1\" src=\"https:\/\/i0.wp.com\/www.jazzzeitung.de\/cms\/wp-content\/uploads\/2016\/10\/jazzfest_2016_einfuehrung0030t2016.jpg?w=212&#038;h=141&#038;ssl=1\" srcset=\"https:\/\/i0.wp.com\/www.jazzzeitung.de\/cms\/wp-content\/uploads\/2016\/10\/jazzfest_2016_einfuehrung0030t2016.jpg?w=1800&amp;ssl=1 1800w, https:\/\/i0.wp.com\/www.jazzzeitung.de\/cms\/wp-content\/uploads\/2016\/10\/jazzfest_2016_einfuehrung0030t2016.jpg?resize=300%2C200&amp;ssl=1 300w, https:\/\/i0.wp.com\/www.jazzzeitung.de\/cms\/wp-content\/uploads\/2016\/10\/jazzfest_2016_einfuehrung0030t2016.jpg?resize=768%2C512&amp;ssl=1 768w, https:\/\/i0.wp.com\/www.jazzzeitung.de\/cms\/wp-content\/uploads\/2016\/10\/jazzfest_2016_einfuehrung0030t2016.jpg?resize=900%2C600&amp;ssl=1 900w, https:\/\/i0.wp.com\/www.jazzzeitung.de\/cms\/wp-content\/uploads\/2016\/10\/jazzfest_2016_einfuehrung0030t2016.jpg?w=1680&amp;ssl=1 1680w\" width=\"212\" height=\"141\" loading=\"lazy\" data-original-width=\"212\" data-original-height=\"141\" itemprop=\"http:\/\/schema.org\/image\" title=\"Jazzfest 2016: Axel D\u00f6rner (Trompete). Foto: Petra Basche\" alt=\"Jazzfest 2016: Axel D\u00f6rner (Trompete). Foto: Petra Basche\" style=\"width: 212px; height: 141px;\" \/> <\/a> <div class=\"tiled-gallery-caption\" itemprop=\"caption description\"> Jazzfest 2016: Axel D\u00f6rner (Trompete). Foto: Petra Basche <\/div> <\/div> <\/div> <!-- close group --> <div class=\"gallery-group images-1\" style=\"width: 192px; height: 145px;\" data-original-width=\"192\" data-original-height=\"145\" > <div class=\"tiled-gallery-item tiled-gallery-item-small\" itemprop=\"associatedMedia\" itemscope itemtype=\"http:\/\/schema.org\/ImageObject\"> <a href=\"https:\/\/i0.wp.com\/www.jazzzeitung.de\/cms\/wp-content\/uploads\/2016\/10\/jazzfest_2016_einfuehrung0036t2016.jpg?ssl=1\" border=\"0\" itemprop=\"url\"> <meta itemprop=\"width\" content=\"188\"> <meta itemprop=\"height\" content=\"141\"> <img decoding=\"async\" class=\"\" data-attachment-id=\"10601\" data-orig-file=\"https:\/\/www.jazzzeitung.de\/cms\/wp-content\/uploads\/2016\/10\/jazzfest_2016_einfuehrung0036t2016.jpg\" data-orig-size=\"1600,1200\" data-comments-opened=\"1\" data-image-meta=\"{&quot;aperture&quot;:&quot;4&quot;,&quot;credit&quot;:&quot;Pepa&quot;,&quot;camera&quot;:&quot;E-M5MarkII&quot;,&quot;caption&quot;:&quot;Jazzfest 2016&quot;,&quot;created_timestamp&quot;:&quot;1476824362&quot;,&quot;copyright&quot;:&quot;Petra Basche&quot;,&quot;focal_length&quot;:&quot;95&quot;,&quot;iso&quot;:&quot;3200&quot;,&quot;shutter_speed&quot;:&quot;0.016666666666667&quot;,&quot;title&quot;:&quot;Jazzfest 2016&quot;,&quot;orientation&quot;:&quot;1&quot;}\" data-image-title=\"Jazzfest 2016: Alexander von Schlippenbach. Foto: Petra Basche\" data-image-description=\"&lt;p&gt;Jazzfest 2016: Alexander von Schlippenbach. Foto: Petra Basche&lt;\/p&gt; \" data-medium-file=\"https:\/\/i0.wp.com\/www.jazzzeitung.de\/cms\/wp-content\/uploads\/2016\/10\/jazzfest_2016_einfuehrung0036t2016.jpg?fit=300%2C225&#038;ssl=1\" data-large-file=\"https:\/\/i0.wp.com\/www.jazzzeitung.de\/cms\/wp-content\/uploads\/2016\/10\/jazzfest_2016_einfuehrung0036t2016.jpg?fit=800%2C600&#038;ssl=1\" src=\"https:\/\/i0.wp.com\/www.jazzzeitung.de\/cms\/wp-content\/uploads\/2016\/10\/jazzfest_2016_einfuehrung0036t2016.jpg?w=188&#038;h=141&#038;ssl=1\" srcset=\"https:\/\/i0.wp.com\/www.jazzzeitung.de\/cms\/wp-content\/uploads\/2016\/10\/jazzfest_2016_einfuehrung0036t2016.jpg?w=1600&amp;ssl=1 1600w, https:\/\/i0.wp.com\/www.jazzzeitung.de\/cms\/wp-content\/uploads\/2016\/10\/jazzfest_2016_einfuehrung0036t2016.jpg?resize=300%2C225&amp;ssl=1 300w, https:\/\/i0.wp.com\/www.jazzzeitung.de\/cms\/wp-content\/uploads\/2016\/10\/jazzfest_2016_einfuehrung0036t2016.jpg?resize=768%2C576&amp;ssl=1 768w, https:\/\/i0.wp.com\/www.jazzzeitung.de\/cms\/wp-content\/uploads\/2016\/10\/jazzfest_2016_einfuehrung0036t2016.jpg?resize=800%2C600&amp;ssl=1 800w\" width=\"188\" height=\"141\" loading=\"lazy\" data-original-width=\"188\" data-original-height=\"141\" itemprop=\"http:\/\/schema.org\/image\" title=\"Jazzfest 2016: Alexander von Schlippenbach. Foto: Petra Basche\" alt=\"Jazzfest 2016: Alexander von Schlippenbach. Foto: Petra Basche\" style=\"width: 188px; height: 141px;\" \/> <\/a> <div class=\"tiled-gallery-caption\" itemprop=\"caption description\"> Jazzfest 2016: Alexander von Schlippenbach. Foto: Petra Basche <\/div> <\/div> <\/div> <!-- close group --> <div class=\"gallery-group images-1\" style=\"width: 216px; height: 145px;\" data-original-width=\"216\" data-original-height=\"145\" > <div class=\"tiled-gallery-item tiled-gallery-item-small\" itemprop=\"associatedMedia\" itemscope itemtype=\"http:\/\/schema.org\/ImageObject\"> <a href=\"https:\/\/i0.wp.com\/www.jazzzeitung.de\/cms\/wp-content\/uploads\/2016\/10\/jazzfest_2016_einfuehrung0038t2016.jpg?ssl=1\" border=\"0\" itemprop=\"url\"> <meta itemprop=\"width\" content=\"212\"> <meta itemprop=\"height\" content=\"141\"> <img decoding=\"async\" class=\"\" data-attachment-id=\"10602\" data-orig-file=\"https:\/\/www.jazzzeitung.de\/cms\/wp-content\/uploads\/2016\/10\/jazzfest_2016_einfuehrung0038t2016.jpg\" data-orig-size=\"1800,1200\" data-comments-opened=\"1\" data-image-meta=\"{&quot;aperture&quot;:&quot;4&quot;,&quot;credit&quot;:&quot;Pepa&quot;,&quot;camera&quot;:&quot;E-M5MarkII&quot;,&quot;caption&quot;:&quot;Jazzfest 2016&quot;,&quot;created_timestamp&quot;:&quot;1476824448&quot;,&quot;copyright&quot;:&quot;Petra Basche&quot;,&quot;focal_length&quot;:&quot;63&quot;,&quot;iso&quot;:&quot;3200&quot;,&quot;shutter_speed&quot;:&quot;0.025&quot;,&quot;title&quot;:&quot;Jazzfest 2016&quot;,&quot;orientation&quot;:&quot;1&quot;}\" data-image-title=\"Jazzfest 2016: Axel D\u00f6rner (Trompete). Foto: Petra Basche\" data-image-description=\"&lt;p&gt;Jazzfest 2016: Axel D\u00f6rner (Trompete). Foto: Petra Basche&lt;\/p&gt; \" data-medium-file=\"https:\/\/i0.wp.com\/www.jazzzeitung.de\/cms\/wp-content\/uploads\/2016\/10\/jazzfest_2016_einfuehrung0038t2016.jpg?fit=300%2C200&#038;ssl=1\" data-large-file=\"https:\/\/i0.wp.com\/www.jazzzeitung.de\/cms\/wp-content\/uploads\/2016\/10\/jazzfest_2016_einfuehrung0038t2016.jpg?fit=840%2C560&#038;ssl=1\" src=\"https:\/\/i0.wp.com\/www.jazzzeitung.de\/cms\/wp-content\/uploads\/2016\/10\/jazzfest_2016_einfuehrung0038t2016.jpg?w=212&#038;h=141&#038;ssl=1\" srcset=\"https:\/\/i0.wp.com\/www.jazzzeitung.de\/cms\/wp-content\/uploads\/2016\/10\/jazzfest_2016_einfuehrung0038t2016.jpg?w=1800&amp;ssl=1 1800w, https:\/\/i0.wp.com\/www.jazzzeitung.de\/cms\/wp-content\/uploads\/2016\/10\/jazzfest_2016_einfuehrung0038t2016.jpg?resize=300%2C200&amp;ssl=1 300w, https:\/\/i0.wp.com\/www.jazzzeitung.de\/cms\/wp-content\/uploads\/2016\/10\/jazzfest_2016_einfuehrung0038t2016.jpg?resize=768%2C512&amp;ssl=1 768w, https:\/\/i0.wp.com\/www.jazzzeitung.de\/cms\/wp-content\/uploads\/2016\/10\/jazzfest_2016_einfuehrung0038t2016.jpg?resize=900%2C600&amp;ssl=1 900w, https:\/\/i0.wp.com\/www.jazzzeitung.de\/cms\/wp-content\/uploads\/2016\/10\/jazzfest_2016_einfuehrung0038t2016.jpg?w=1680&amp;ssl=1 1680w\" width=\"212\" height=\"141\" loading=\"lazy\" data-original-width=\"212\" data-original-height=\"141\" itemprop=\"http:\/\/schema.org\/image\" title=\"Jazzfest 2016: Axel D\u00f6rner (Trompete). Foto: Petra Basche\" alt=\"Jazzfest 2016: Axel D\u00f6rner (Trompete). Foto: Petra Basche\" style=\"width: 212px; height: 141px;\" \/> <\/a> <div class=\"tiled-gallery-caption\" itemprop=\"caption description\"> Jazzfest 2016: Axel D\u00f6rner (Trompete). Foto: Petra Basche <\/div> <\/div> <\/div> <!-- close group --> <\/div> <!-- close row --> <\/div>\n<p>So bei Franziska Buhre: \u201eIch glaube schon, dass es in der \u00c4sthetik eine Ursache geben kann, die Ausgrenzung beg\u00fcnstigt und dass wir uns fragen sollten: Von welchem Musikbegriff sprechen wir?\u201c Eine rhetorische Frage \u2013 aber antwortlos. Wie \u00fcberhaupt bei Buhre die Begriffe am ehesten durcheinandergeraten sind \u2013 sei es, dass sie einerseits zum Thema Gender die Lekt\u00fcre von Judith Butler empfiehlt, sich dann aber selbst im Auflisten alter Stereotypen gefiel. Geht man aber tats\u00e4chlich auf Judith Butlers fulminantes 1990 erschienenes Werk \u201eDas Unbehagen der Geschlechter\u201c zur\u00fcck, werden die Fallstricke schnell offensichtlich:<\/p>\n<blockquote><p>\u201eWenn Frauen universell eine andere Moral, ein anderes Arbeitsverm\u00f6gen, eine andere Erfahrung zugeschrieben wird, dann wird es auch leichter, ihnen (wieder) einen dementsprechenden Platz innerhalb der Gesellschaft zuzuweisen.\u201c<\/p><\/blockquote>\n<p>F\u00fcr die S\u00e4ngerin Lucia Cadotsch spiele die Geschlechterrollen keine besondere Rolle. Wichtig ist ihr, jeweils zu w\u00e4hlen, was man von sich preisgibt. F\u00fcr Nikolaus Neuser (Trompeter, 1. Vorsitzender IG Jazz) ist es wichtig, die k\u00fcnstlerische und die institutionelle Frage zu trenne. Das Geschlecht sei beim Musizieren nur ein Aspekt einer Gesamtpers\u00f6nlichkeit. Im institutionellen Sinn m\u00fcssen man sich aber eben schon fragen, wie deutlich auch Frauen im Musikleben repr\u00e4sentiert sind, als Kuratorinnen oder Journalistinnen beispielsweise. Es stelle sich dann die Frage, wie dieses Problem aufzul\u00f6sen sein. Er nennt: Quotenregelungen, was ihm problematisch erscheibt, weil man damit Frauen auch wieder auf ihr Frausein reduziere; daneben st\u00fcnden F\u00f6rderprogramme, die Nachteile kompensieren sollen, also an der Wurzel ansetzen, das sei der Weg, den auch auch die IG Jazz bestreite. Wolfram Knauer wies auch darauf hin, dass immer wieder das Problem einer positiven Diskriminierung lauere und zum Beispiel Personen sich weigern, zu einem bestimmten Thema zu sprechen, weil sie damit genau das Diskriminierungsmerkmal verfestigten.<\/p>\n<p>Das Thema ist nicht durch, soviel ist klar. Ganz im Sinne Adornos oder auch Butlers m\u00fcsste man konzedieren, dass es keine \u201eThema\u201c ist, was man von den gesamtgesellschaftlichen Prozessen losl\u00f6sen kann. Es ist ja ein allgemeines Verh\u00e4ngnis. So zum Beispiel Christine Hohmeyer im \u201eLeviathan\u201c 1998 im Artikel \u201ePolitik der Autonomie \u2026\u201c:<\/p>\n<blockquote><p>\u201eNicht die eindimensionale Herrschaft des Patriarchates bedroht universell die individuelle Autonomie, sondern vielf\u00e4ltige kulturelle Normen, die in unser Alltagsleben selbstverst\u00e4ndlich eingelassen sind. Ausgrenzung bedeutet nicht nur die strukturelle Unterdr\u00fcckung von Frauen, sondern die Klassifizierung von Menschen \u00fcberhaupt. Damit beg\u00e4nne eine Politik der Autonomie zuallererst mit einem tiefen Mi\u00dftrauen gegen\u00fcber den allt\u00e4glichen Gewohnheiten des Denkens und gegen\u00fcber dem, was unserer Wahrnehmung so scheinbar selbstverst\u00e4ndlich geworden ist.\u201c<\/p><\/blockquote>\n<p>Und da hilft es wahrscheinlich nur, eine Normalit\u00e4t gegen die falsche Selbstverst\u00e4ndlichkeit zu postulieren, die sich durch das Schaffen von Fakten einstellen k\u00f6nnte. Da ist dann das Jazzfest Berlin 2016 ein guter Anschlusspunkt, in dem es wie selbstverst\u00e4ndlich guten, wichtigen, interessanten Jazz pr\u00e4sentiert und dabei sozusagen en passent die Gleichheit der k\u00fcnstlerischen Geschlechter zum Status quo erkl\u00e4rt.<\/p>\n<p>Das Spiel von Eve Risser dann am Klavier war von kaum zu beschreibender Sch\u00f6nheit. Eine Studie in Klang durch Pr\u00e4paration des Instruments, durch ein Insidepiano-Spiel, das spielend den Raum zu f\u00fcllen in der Lage war. Alles schwebte, alles war multi-rhythmisch und -metrisch komplex durchwoben. Da standen die Kl\u00e4nge mal einzeln im Raum, den sie sp\u00e4ter zerteilen. Ein introvertiertes Klanggespr\u00e4ch, immer plastisch, immer sich selbst nachh\u00f6rend, ungeheuer differenziert, akkurat und geradezu bet\u00e4ubend sch\u00f6n.<\/p>\n<div class=\"tiled-gallery type-rectangular tiled-gallery-unresized\" data-original-width=\"840\" data-carousel-extra='{&quot;blog_id&quot;:1,&quot;permalink&quot;:&quot;https:\\\/\\\/www.jazzzeitung.de\\\/cms\\\/2016\\\/10\\\/plastisches-rauschen-offene-fragen-antwortlos-das-praeludium-zum-jazzfest-berlin-2016\\\/&quot;,&quot;likes_blog_id&quot;:55446655}' itemscope itemtype=\"http:\/\/schema.org\/ImageGallery\" > <div class=\"gallery-row\" style=\"width: 840px; height: 416px;\" data-original-width=\"840\" data-original-height=\"416\" > <div class=\"gallery-group images-1\" style=\"width: 554px; height: 416px;\" data-original-width=\"554\" data-original-height=\"416\" > <div class=\"tiled-gallery-item tiled-gallery-item-large\" itemprop=\"associatedMedia\" itemscope itemtype=\"http:\/\/schema.org\/ImageObject\"> <a href=\"https:\/\/i0.wp.com\/www.jazzzeitung.de\/cms\/wp-content\/uploads\/2016\/10\/2016_jazzfest_berlin_praeludium_c_hufner-180459.jpg?ssl=1\" border=\"0\" itemprop=\"url\"> <meta itemprop=\"width\" content=\"550\"> <meta itemprop=\"height\" content=\"412\"> <img decoding=\"async\" class=\"\" data-attachment-id=\"10603\" data-orig-file=\"https:\/\/www.jazzzeitung.de\/cms\/wp-content\/uploads\/2016\/10\/2016_jazzfest_berlin_praeludium_c_hufner-180459.jpg\" data-orig-size=\"1600,1200\" data-comments-opened=\"1\" data-image-meta=\"{&quot;aperture&quot;:&quot;2.8&quot;,&quot;credit&quot;:&quot;Dr. Martin Hufner&quot;,&quot;camera&quot;:&quot;E-M5MarkII&quot;,&quot;caption&quot;:&quot;Jazzfest Berlin 2016 - Pr\\u00e4ludium&quot;,&quot;created_timestamp&quot;:&quot;1476815217&quot;,&quot;copyright&quot;:&quot;Martin Hufner&quot;,&quot;focal_length&quot;:&quot;25&quot;,&quot;iso&quot;:&quot;320&quot;,&quot;shutter_speed&quot;:&quot;0.05&quot;,&quot;title&quot;:&quot;Jazzfest Berlin 2016 - Pr\\u00e4ludium&quot;,&quot;orientation&quot;:&quot;0&quot;}\" data-image-title=\"Jazzfest Berlin 2016 &amp;#8211; Pr\u00e4ludium: Williams und Drechsel im Gespr\u00e4ch. Foto: Hufner\" data-image-description=\"&lt;p&gt;Jazzfest Berlin 2016 &amp;#8211; Pr\u00e4ludium: Williams und Drechsel im Gespr\u00e4ch. Foto: Hufner&lt;\/p&gt; \" data-medium-file=\"https:\/\/i0.wp.com\/www.jazzzeitung.de\/cms\/wp-content\/uploads\/2016\/10\/2016_jazzfest_berlin_praeludium_c_hufner-180459.jpg?fit=300%2C225&#038;ssl=1\" data-large-file=\"https:\/\/i0.wp.com\/www.jazzzeitung.de\/cms\/wp-content\/uploads\/2016\/10\/2016_jazzfest_berlin_praeludium_c_hufner-180459.jpg?fit=800%2C600&#038;ssl=1\" src=\"https:\/\/i0.wp.com\/www.jazzzeitung.de\/cms\/wp-content\/uploads\/2016\/10\/2016_jazzfest_berlin_praeludium_c_hufner-180459.jpg?w=550&#038;h=412&#038;ssl=1\" srcset=\"https:\/\/i0.wp.com\/www.jazzzeitung.de\/cms\/wp-content\/uploads\/2016\/10\/2016_jazzfest_berlin_praeludium_c_hufner-180459.jpg?w=1600&amp;ssl=1 1600w, https:\/\/i0.wp.com\/www.jazzzeitung.de\/cms\/wp-content\/uploads\/2016\/10\/2016_jazzfest_berlin_praeludium_c_hufner-180459.jpg?resize=300%2C225&amp;ssl=1 300w, https:\/\/i0.wp.com\/www.jazzzeitung.de\/cms\/wp-content\/uploads\/2016\/10\/2016_jazzfest_berlin_praeludium_c_hufner-180459.jpg?resize=768%2C576&amp;ssl=1 768w, https:\/\/i0.wp.com\/www.jazzzeitung.de\/cms\/wp-content\/uploads\/2016\/10\/2016_jazzfest_berlin_praeludium_c_hufner-180459.jpg?resize=800%2C600&amp;ssl=1 800w\" width=\"550\" height=\"412\" loading=\"lazy\" data-original-width=\"550\" data-original-height=\"412\" itemprop=\"http:\/\/schema.org\/image\" title=\"Jazzfest Berlin 2016 - Pr\u00e4ludium: Williams und Drechsel im Gespr\u00e4ch. Foto: Hufner\" alt=\"Jazzfest Berlin 2016 - Pr\u00e4ludium: Williams und Drechsel im Gespr\u00e4ch. Foto: Hufner\" style=\"width: 550px; height: 412px;\" \/> <\/a> <div class=\"tiled-gallery-caption\" itemprop=\"caption description\"> Jazzfest Berlin 2016 &#8211; Pr\u00e4ludium: Williams und Drechsel im Gespr\u00e4ch. Foto: Hufner <\/div> <\/div> <\/div> <!-- close group --> <div class=\"gallery-group images-1\" style=\"width: 286px; height: 416px;\" data-original-width=\"286\" data-original-height=\"416\" > <div class=\"tiled-gallery-item tiled-gallery-item-large\" itemprop=\"associatedMedia\" itemscope itemtype=\"http:\/\/schema.org\/ImageObject\"> <a href=\"https:\/\/i0.wp.com\/www.jazzzeitung.de\/cms\/wp-content\/uploads\/2016\/10\/2016_jazzfest_berlin_praeludium_c_hufner-180476.jpg?ssl=1\" border=\"0\" itemprop=\"url\"> <meta itemprop=\"width\" content=\"282\"> <meta itemprop=\"height\" content=\"412\"> <img decoding=\"async\" class=\"\" data-attachment-id=\"10604\" data-orig-file=\"https:\/\/www.jazzzeitung.de\/cms\/wp-content\/uploads\/2016\/10\/2016_jazzfest_berlin_praeludium_c_hufner-180476.jpg\" data-orig-size=\"822,1200\" data-comments-opened=\"1\" data-image-meta=\"{&quot;aperture&quot;:&quot;1.8&quot;,&quot;credit&quot;:&quot;Dr. Martin Hufner&quot;,&quot;camera&quot;:&quot;E-M5MarkII&quot;,&quot;caption&quot;:&quot;Jazzfest Berlin 2016 - Pr\\u00e4ludium&quot;,&quot;created_timestamp&quot;:&quot;1476816562&quot;,&quot;copyright&quot;:&quot;Martin Hufner&quot;,&quot;focal_length&quot;:&quot;75&quot;,&quot;iso&quot;:&quot;1000&quot;,&quot;shutter_speed&quot;:&quot;0.05&quot;,&quot;title&quot;:&quot;Jazzfest Berlin 2016 - Pr\\u00e4ludium&quot;,&quot;orientation&quot;:&quot;0&quot;}\" data-image-title=\"Jazzfest Berlin 2016 &amp;#8211; Pr\u00e4ludium: Eve Risser am Piano. Foto: Hufner\" data-image-description=\"&lt;p&gt;Jazzfest Berlin 2016 &amp;#8211; Pr\u00e4ludium: Eve Risser am Piano. Foto: Hufner&lt;\/p&gt; \" data-medium-file=\"https:\/\/i0.wp.com\/www.jazzzeitung.de\/cms\/wp-content\/uploads\/2016\/10\/2016_jazzfest_berlin_praeludium_c_hufner-180476.jpg?fit=206%2C300&#038;ssl=1\" data-large-file=\"https:\/\/i0.wp.com\/www.jazzzeitung.de\/cms\/wp-content\/uploads\/2016\/10\/2016_jazzfest_berlin_praeludium_c_hufner-180476.jpg?fit=411%2C600&#038;ssl=1\" src=\"https:\/\/i0.wp.com\/www.jazzzeitung.de\/cms\/wp-content\/uploads\/2016\/10\/2016_jazzfest_berlin_praeludium_c_hufner-180476.jpg?w=282&#038;h=412&#038;ssl=1\" srcset=\"https:\/\/i0.wp.com\/www.jazzzeitung.de\/cms\/wp-content\/uploads\/2016\/10\/2016_jazzfest_berlin_praeludium_c_hufner-180476.jpg?w=822&amp;ssl=1 822w, https:\/\/i0.wp.com\/www.jazzzeitung.de\/cms\/wp-content\/uploads\/2016\/10\/2016_jazzfest_berlin_praeludium_c_hufner-180476.jpg?resize=206%2C300&amp;ssl=1 206w, https:\/\/i0.wp.com\/www.jazzzeitung.de\/cms\/wp-content\/uploads\/2016\/10\/2016_jazzfest_berlin_praeludium_c_hufner-180476.jpg?resize=768%2C1121&amp;ssl=1 768w, https:\/\/i0.wp.com\/www.jazzzeitung.de\/cms\/wp-content\/uploads\/2016\/10\/2016_jazzfest_berlin_praeludium_c_hufner-180476.jpg?resize=411%2C600&amp;ssl=1 411w\" width=\"282\" height=\"412\" loading=\"lazy\" data-original-width=\"282\" data-original-height=\"412\" itemprop=\"http:\/\/schema.org\/image\" title=\"Jazzfest Berlin 2016 - Pr\u00e4ludium: Eve Risser am Piano. Foto: Hufner\" alt=\"Jazzfest Berlin 2016 - Pr\u00e4ludium: Eve Risser am Piano. Foto: Hufner\" style=\"width: 282px; height: 412px;\" \/> <\/a> <div class=\"tiled-gallery-caption\" itemprop=\"caption description\"> Jazzfest Berlin 2016 &#8211; Pr\u00e4ludium: Eve Risser am Piano. Foto: Hufner <\/div> <\/div> <\/div> <!-- close group --> <\/div> <!-- close row --> <div class=\"gallery-row\" style=\"width: 840px; height: 171px;\" data-original-width=\"840\" data-original-height=\"171\" > <div class=\"gallery-group images-1\" style=\"width: 227px; height: 171px;\" data-original-width=\"227\" data-original-height=\"171\" > <div class=\"tiled-gallery-item tiled-gallery-item-small\" itemprop=\"associatedMedia\" itemscope itemtype=\"http:\/\/schema.org\/ImageObject\"> <a href=\"https:\/\/i0.wp.com\/www.jazzzeitung.de\/cms\/wp-content\/uploads\/2016\/10\/2016_jazzfest_berlin_praeludium_c_hufner-180497.jpg?ssl=1\" border=\"0\" itemprop=\"url\"> <meta itemprop=\"width\" content=\"223\"> <meta itemprop=\"height\" content=\"167\"> <img decoding=\"async\" class=\"\" data-attachment-id=\"10605\" data-orig-file=\"https:\/\/www.jazzzeitung.de\/cms\/wp-content\/uploads\/2016\/10\/2016_jazzfest_berlin_praeludium_c_hufner-180497.jpg\" data-orig-size=\"1600,1200\" data-comments-opened=\"1\" data-image-meta=\"{&quot;aperture&quot;:&quot;2&quot;,&quot;credit&quot;:&quot;Dr. Martin Hufner&quot;,&quot;camera&quot;:&quot;E-M5MarkII&quot;,&quot;caption&quot;:&quot;Jazzfest Berlin 2016 - Pr\\u00e4ludium&quot;,&quot;created_timestamp&quot;:&quot;1476820168&quot;,&quot;copyright&quot;:&quot;Martin Hufner&quot;,&quot;focal_length&quot;:&quot;75&quot;,&quot;iso&quot;:&quot;1600&quot;,&quot;shutter_speed&quot;:&quot;0.1&quot;,&quot;title&quot;:&quot;Jazzfest Berlin 2016 - Pr\\u00e4ludium&quot;,&quot;orientation&quot;:&quot;0&quot;}\" data-image-title=\"Jazzfest Berlin 2016 &amp;#8211; Pr\u00e4ludium: Eve Risser. Foto: Hufner\" data-image-description=\"&lt;p&gt;Jazzfest Berlin 2016 &amp;#8211; Pr\u00e4ludium: Eve Risser. Foto: Hufner&lt;\/p&gt; \" data-medium-file=\"https:\/\/i0.wp.com\/www.jazzzeitung.de\/cms\/wp-content\/uploads\/2016\/10\/2016_jazzfest_berlin_praeludium_c_hufner-180497.jpg?fit=300%2C225&#038;ssl=1\" data-large-file=\"https:\/\/i0.wp.com\/www.jazzzeitung.de\/cms\/wp-content\/uploads\/2016\/10\/2016_jazzfest_berlin_praeludium_c_hufner-180497.jpg?fit=800%2C600&#038;ssl=1\" src=\"https:\/\/i0.wp.com\/www.jazzzeitung.de\/cms\/wp-content\/uploads\/2016\/10\/2016_jazzfest_berlin_praeludium_c_hufner-180497.jpg?w=223&#038;h=167&#038;ssl=1\" srcset=\"https:\/\/i0.wp.com\/www.jazzzeitung.de\/cms\/wp-content\/uploads\/2016\/10\/2016_jazzfest_berlin_praeludium_c_hufner-180497.jpg?w=1600&amp;ssl=1 1600w, https:\/\/i0.wp.com\/www.jazzzeitung.de\/cms\/wp-content\/uploads\/2016\/10\/2016_jazzfest_berlin_praeludium_c_hufner-180497.jpg?resize=300%2C225&amp;ssl=1 300w, https:\/\/i0.wp.com\/www.jazzzeitung.de\/cms\/wp-content\/uploads\/2016\/10\/2016_jazzfest_berlin_praeludium_c_hufner-180497.jpg?resize=768%2C576&amp;ssl=1 768w, https:\/\/i0.wp.com\/www.jazzzeitung.de\/cms\/wp-content\/uploads\/2016\/10\/2016_jazzfest_berlin_praeludium_c_hufner-180497.jpg?resize=800%2C600&amp;ssl=1 800w\" width=\"223\" height=\"167\" loading=\"lazy\" data-original-width=\"223\" data-original-height=\"167\" itemprop=\"http:\/\/schema.org\/image\" title=\"Jazzfest Berlin 2016 - Pr\u00e4ludium: Eve Risser. Foto: Hufner\" alt=\"Jazzfest Berlin 2016 - Pr\u00e4ludium: Eve Risser. Foto: Hufner\" style=\"width: 223px; height: 167px;\" \/> <\/a> <div class=\"tiled-gallery-caption\" itemprop=\"caption description\"> Jazzfest Berlin 2016 &#8211; Pr\u00e4ludium: Eve Risser. Foto: Hufner <\/div> <\/div> <\/div> <!-- close group --> <div class=\"gallery-group images-1\" style=\"width: 130px; height: 171px;\" data-original-width=\"130\" data-original-height=\"171\" > <div class=\"tiled-gallery-item tiled-gallery-item-small\" itemprop=\"associatedMedia\" itemscope itemtype=\"http:\/\/schema.org\/ImageObject\"> <a href=\"https:\/\/i0.wp.com\/www.jazzzeitung.de\/cms\/wp-content\/uploads\/2016\/10\/2016_jazzfest_berlin_praeludium_c_hufner-180514.jpg?ssl=1\" border=\"0\" itemprop=\"url\"> <meta itemprop=\"width\" content=\"126\"> <meta itemprop=\"height\" content=\"167\"> <img decoding=\"async\" class=\"\" data-attachment-id=\"10606\" data-orig-file=\"https:\/\/www.jazzzeitung.de\/cms\/wp-content\/uploads\/2016\/10\/2016_jazzfest_berlin_praeludium_c_hufner-180514.jpg\" data-orig-size=\"900,1200\" data-comments-opened=\"1\" data-image-meta=\"{&quot;aperture&quot;:&quot;1.8&quot;,&quot;credit&quot;:&quot;Dr. Martin Hufner&quot;,&quot;camera&quot;:&quot;E-M5MarkII&quot;,&quot;caption&quot;:&quot;Jazzfest Berlin 2016 - Pr\\u00e4ludium&quot;,&quot;created_timestamp&quot;:&quot;1476820518&quot;,&quot;copyright&quot;:&quot;Martin Hufner&quot;,&quot;focal_length&quot;:&quot;75&quot;,&quot;iso&quot;:&quot;200&quot;,&quot;shutter_speed&quot;:&quot;0.02&quot;,&quot;title&quot;:&quot;Jazzfest Berlin 2016 - Pr\\u00e4ludium&quot;,&quot;orientation&quot;:&quot;0&quot;}\" data-image-title=\"Jazzfest Berlin 2016 &amp;#8211; Pr\u00e4ludium. Alexander von Schlippenbach. Foto: Hufner\" data-image-description=\"&lt;p&gt;Jazzfest Berlin 2016 &amp;#8211; Pr\u00e4ludium. Alexander von Schlippenbach. Foto: Hufner&lt;\/p&gt; \" data-medium-file=\"https:\/\/i0.wp.com\/www.jazzzeitung.de\/cms\/wp-content\/uploads\/2016\/10\/2016_jazzfest_berlin_praeludium_c_hufner-180514.jpg?fit=225%2C300&#038;ssl=1\" data-large-file=\"https:\/\/i0.wp.com\/www.jazzzeitung.de\/cms\/wp-content\/uploads\/2016\/10\/2016_jazzfest_berlin_praeludium_c_hufner-180514.jpg?fit=450%2C600&#038;ssl=1\" src=\"https:\/\/i0.wp.com\/www.jazzzeitung.de\/cms\/wp-content\/uploads\/2016\/10\/2016_jazzfest_berlin_praeludium_c_hufner-180514.jpg?w=126&#038;h=167&#038;ssl=1\" srcset=\"https:\/\/i0.wp.com\/www.jazzzeitung.de\/cms\/wp-content\/uploads\/2016\/10\/2016_jazzfest_berlin_praeludium_c_hufner-180514.jpg?w=900&amp;ssl=1 900w, https:\/\/i0.wp.com\/www.jazzzeitung.de\/cms\/wp-content\/uploads\/2016\/10\/2016_jazzfest_berlin_praeludium_c_hufner-180514.jpg?resize=225%2C300&amp;ssl=1 225w, https:\/\/i0.wp.com\/www.jazzzeitung.de\/cms\/wp-content\/uploads\/2016\/10\/2016_jazzfest_berlin_praeludium_c_hufner-180514.jpg?resize=768%2C1024&amp;ssl=1 768w, https:\/\/i0.wp.com\/www.jazzzeitung.de\/cms\/wp-content\/uploads\/2016\/10\/2016_jazzfest_berlin_praeludium_c_hufner-180514.jpg?resize=450%2C600&amp;ssl=1 450w\" width=\"126\" height=\"167\" loading=\"lazy\" data-original-width=\"126\" data-original-height=\"167\" itemprop=\"http:\/\/schema.org\/image\" title=\"Jazzfest Berlin 2016 - Pr\u00e4ludium. Alexander von Schlippenbach. Foto: Hufner\" alt=\"Jazzfest Berlin 2016 - Pr\u00e4ludium. Alexander von Schlippenbach. Foto: Hufner\" style=\"width: 126px; height: 167px;\" \/> <\/a> <div class=\"tiled-gallery-caption\" itemprop=\"caption description\"> Jazzfest Berlin 2016 &#8211; Pr\u00e4ludium. Alexander von Schlippenbach. Foto: Hufner <\/div> <\/div> <\/div> <!-- close group --> <div class=\"gallery-group images-1\" style=\"width: 227px; height: 171px;\" data-original-width=\"227\" data-original-height=\"171\" > <div class=\"tiled-gallery-item tiled-gallery-item-small\" itemprop=\"associatedMedia\" itemscope itemtype=\"http:\/\/schema.org\/ImageObject\"> <a href=\"https:\/\/i0.wp.com\/www.jazzzeitung.de\/cms\/wp-content\/uploads\/2016\/10\/2016_jazzfest_berlin_praeludium_c_hufner-180526.jpg?ssl=1\" border=\"0\" itemprop=\"url\"> <meta itemprop=\"width\" content=\"223\"> <meta itemprop=\"height\" content=\"167\"> <img decoding=\"async\" class=\"\" data-attachment-id=\"10607\" data-orig-file=\"https:\/\/www.jazzzeitung.de\/cms\/wp-content\/uploads\/2016\/10\/2016_jazzfest_berlin_praeludium_c_hufner-180526.jpg\" data-orig-size=\"1600,1200\" data-comments-opened=\"1\" data-image-meta=\"{&quot;aperture&quot;:&quot;1.8&quot;,&quot;credit&quot;:&quot;Dr. Martin Hufner&quot;,&quot;camera&quot;:&quot;E-M5MarkII&quot;,&quot;caption&quot;:&quot;Jazzfest Berlin 2016 - Pr\\u00e4ludium&quot;,&quot;created_timestamp&quot;:&quot;1476820687&quot;,&quot;copyright&quot;:&quot;Martin Hufner&quot;,&quot;focal_length&quot;:&quot;75&quot;,&quot;iso&quot;:&quot;200&quot;,&quot;shutter_speed&quot;:&quot;0.004&quot;,&quot;title&quot;:&quot;Jazzfest Berlin 2016 - Pr\\u00e4ludium&quot;,&quot;orientation&quot;:&quot;0&quot;}\" data-image-title=\"Jazzfest Berlin 2016 &amp;#8211; Pr\u00e4ludium. Alexander von Schlippenbach und Axel D\u00f6rner. Foto: Hufner\" data-image-description=\"&lt;p&gt;Jazzfest Berlin 2016 &amp;#8211; Pr\u00e4ludium. Alexander von Schlippenbach und Axel D\u00f6rner. Foto: Hufner&lt;\/p&gt; \" data-medium-file=\"https:\/\/i0.wp.com\/www.jazzzeitung.de\/cms\/wp-content\/uploads\/2016\/10\/2016_jazzfest_berlin_praeludium_c_hufner-180526.jpg?fit=300%2C225&#038;ssl=1\" data-large-file=\"https:\/\/i0.wp.com\/www.jazzzeitung.de\/cms\/wp-content\/uploads\/2016\/10\/2016_jazzfest_berlin_praeludium_c_hufner-180526.jpg?fit=800%2C600&#038;ssl=1\" src=\"https:\/\/i0.wp.com\/www.jazzzeitung.de\/cms\/wp-content\/uploads\/2016\/10\/2016_jazzfest_berlin_praeludium_c_hufner-180526.jpg?w=223&#038;h=167&#038;ssl=1\" srcset=\"https:\/\/i0.wp.com\/www.jazzzeitung.de\/cms\/wp-content\/uploads\/2016\/10\/2016_jazzfest_berlin_praeludium_c_hufner-180526.jpg?w=1600&amp;ssl=1 1600w, https:\/\/i0.wp.com\/www.jazzzeitung.de\/cms\/wp-content\/uploads\/2016\/10\/2016_jazzfest_berlin_praeludium_c_hufner-180526.jpg?resize=300%2C225&amp;ssl=1 300w, https:\/\/i0.wp.com\/www.jazzzeitung.de\/cms\/wp-content\/uploads\/2016\/10\/2016_jazzfest_berlin_praeludium_c_hufner-180526.jpg?resize=768%2C576&amp;ssl=1 768w, https:\/\/i0.wp.com\/www.jazzzeitung.de\/cms\/wp-content\/uploads\/2016\/10\/2016_jazzfest_berlin_praeludium_c_hufner-180526.jpg?resize=800%2C600&amp;ssl=1 800w\" width=\"223\" height=\"167\" loading=\"lazy\" data-original-width=\"223\" data-original-height=\"167\" itemprop=\"http:\/\/schema.org\/image\" title=\"Jazzfest Berlin 2016 - Pr\u00e4ludium. Alexander von Schlippenbach und Axel D\u00f6rner. Foto: Hufner\" alt=\"Jazzfest Berlin 2016 - Pr\u00e4ludium. Alexander von Schlippenbach und Axel D\u00f6rner. Foto: Hufner\" style=\"width: 223px; height: 167px;\" \/> <\/a> <div class=\"tiled-gallery-caption\" itemprop=\"caption description\"> Jazzfest Berlin 2016 &#8211; Pr\u00e4ludium. Alexander von Schlippenbach und Axel D\u00f6rner. Foto: Hufner <\/div> <\/div> <\/div> <!-- close group --> <div class=\"gallery-group images-1\" style=\"width: 256px; height: 171px;\" data-original-width=\"256\" data-original-height=\"171\" > <div class=\"tiled-gallery-item tiled-gallery-item-large\" itemprop=\"associatedMedia\" itemscope itemtype=\"http:\/\/schema.org\/ImageObject\"> <a href=\"https:\/\/i0.wp.com\/www.jazzzeitung.de\/cms\/wp-content\/uploads\/2016\/10\/2016_jazzfest_berlin_praeludium_c_hufner-180535.jpg?ssl=1\" border=\"0\" itemprop=\"url\"> <meta itemprop=\"width\" content=\"252\"> <meta itemprop=\"height\" content=\"167\"> <img decoding=\"async\" class=\"\" data-attachment-id=\"10608\" data-orig-file=\"https:\/\/www.jazzzeitung.de\/cms\/wp-content\/uploads\/2016\/10\/2016_jazzfest_berlin_praeludium_c_hufner-180535.jpg\" data-orig-size=\"1800,1197\" data-comments-opened=\"1\" data-image-meta=\"{&quot;aperture&quot;:&quot;1.8&quot;,&quot;credit&quot;:&quot;Dr. Martin Hufner&quot;,&quot;camera&quot;:&quot;E-M5MarkII&quot;,&quot;caption&quot;:&quot;Jazzfest Berlin 2016 - Pr\\u00e4ludium&quot;,&quot;created_timestamp&quot;:&quot;1476821339&quot;,&quot;copyright&quot;:&quot;Martin Hufner&quot;,&quot;focal_length&quot;:&quot;75&quot;,&quot;iso&quot;:&quot;320&quot;,&quot;shutter_speed&quot;:&quot;0.04&quot;,&quot;title&quot;:&quot;Jazzfest Berlin 2016 - Pr\\u00e4ludium&quot;,&quot;orientation&quot;:&quot;0&quot;}\" data-image-title=\"Jazzfest Berlin 2016 &amp;#8211; Pr\u00e4ludium. Axel D\u00f6rner. Foto: Hufner\" data-image-description=\"&lt;p&gt;Jazzfest Berlin 2016 &amp;#8211; Pr\u00e4ludium. Axel D\u00f6rner. Foto: Hufner&lt;\/p&gt; \" data-medium-file=\"https:\/\/i0.wp.com\/www.jazzzeitung.de\/cms\/wp-content\/uploads\/2016\/10\/2016_jazzfest_berlin_praeludium_c_hufner-180535.jpg?fit=300%2C200&#038;ssl=1\" data-large-file=\"https:\/\/i0.wp.com\/www.jazzzeitung.de\/cms\/wp-content\/uploads\/2016\/10\/2016_jazzfest_berlin_praeludium_c_hufner-180535.jpg?fit=840%2C560&#038;ssl=1\" src=\"https:\/\/i0.wp.com\/www.jazzzeitung.de\/cms\/wp-content\/uploads\/2016\/10\/2016_jazzfest_berlin_praeludium_c_hufner-180535.jpg?w=252&#038;h=167&#038;ssl=1\" srcset=\"https:\/\/i0.wp.com\/www.jazzzeitung.de\/cms\/wp-content\/uploads\/2016\/10\/2016_jazzfest_berlin_praeludium_c_hufner-180535.jpg?w=1800&amp;ssl=1 1800w, https:\/\/i0.wp.com\/www.jazzzeitung.de\/cms\/wp-content\/uploads\/2016\/10\/2016_jazzfest_berlin_praeludium_c_hufner-180535.jpg?resize=300%2C200&amp;ssl=1 300w, https:\/\/i0.wp.com\/www.jazzzeitung.de\/cms\/wp-content\/uploads\/2016\/10\/2016_jazzfest_berlin_praeludium_c_hufner-180535.jpg?resize=768%2C511&amp;ssl=1 768w, https:\/\/i0.wp.com\/www.jazzzeitung.de\/cms\/wp-content\/uploads\/2016\/10\/2016_jazzfest_berlin_praeludium_c_hufner-180535.jpg?resize=900%2C600&amp;ssl=1 900w, https:\/\/i0.wp.com\/www.jazzzeitung.de\/cms\/wp-content\/uploads\/2016\/10\/2016_jazzfest_berlin_praeludium_c_hufner-180535.jpg?w=1680&amp;ssl=1 1680w\" width=\"252\" height=\"167\" loading=\"lazy\" data-original-width=\"252\" data-original-height=\"167\" itemprop=\"http:\/\/schema.org\/image\" title=\"Jazzfest Berlin 2016 - Pr\u00e4ludium. Axel D\u00f6rner. Foto: Hufner\" alt=\"Jazzfest Berlin 2016 - Pr\u00e4ludium. Axel D\u00f6rner. Foto: Hufner\" style=\"width: 252px; height: 167px;\" \/> <\/a> <div class=\"tiled-gallery-caption\" itemprop=\"caption description\"> Jazzfest Berlin 2016 &#8211; Pr\u00e4ludium. Axel D\u00f6rner. Foto: Hufner <\/div> <\/div> <\/div> <!-- close group --> <\/div> <!-- close row --> <\/div>\n<p>Ganz anders koordinierte sich am Schluss der Veranstaltung Alexander von Schlippenbach (Klavier) und Axel D\u00f6rner mit seiner Ventil-Zug-Trompete. Eine melodisch verdichtete, frei bewegliche Musik von zwei autonom agierenden Musikern. D\u00f6rner spielte sein Repertoire an Techniken aus, von mikrotonalen Phasen bis zum durch zirkul\u00e4re Atmung erzeugten unendlichen Ger\u00e4usch. Bald prasselnd, bald zischelnd. Dagegen stand das bewegliche Linienspiel bei Schlippenbach. Das verband sich, das \u00f6ffnete sich.<\/p>\n<p>Die wundervolle Musik von Risser, Schlippenbach und D\u00f6rner konnte evident zeigen, dass in der k\u00fcnstlerischen Produktion die Geschlechterfragen verschwimmen und sich aufl\u00f6sen. Die institutionellen Rahmenbedingungen freilich sind im \u00fcberwiegenden Teil noch durch Ausgrenzungsmechanismen gekennzeichnet. Das Jazzfest Berlin 2016 wird allerdings dazu beitragen, dieser falschen Selbstverst\u00e4ndlichkeit nicht zu folgen und vielmehr eine neue dagegenzusetzen.<\/p>\n<h4>Links<\/h4>\n<ul>\n<li><a href=\"http:\/\/www.berlinerfestspiele.de\/de\/aktuell\/festivals\/jazzfest\/ueber_festival_jazz\/aktuell_jazz\/start.php\" target=\"_blank\">Jazzfest Berlin<\/a><\/li>\n<\/ul>\n","protected":false},"excerpt":{"rendered":"<p>Ab 1. November geht es mit einer erweiterten Fassung beim Jazzfest Berlin 2016 los. Es wird durch die Kulturstaatsministerin Monika Gr\u00fctters er\u00f6ffnet werden. Ein Zeichen des Bekenntnisses zum musikalischen Genre \u201eJazz\u201c von hoher bundespolitischer Bedeutung. Darauf wies Thomas Oberender, der Intendant der veranstaltenden Berliner Festspiele hin. Der Musikjournalist Ulf Drechsel besprach im Anschluss mit dem k\u00fcnstlerischen Leiter des Jazzfests, Richard Williams, die Eckpunkte des Programms. \u201eViele, viele bunte Smarties\u201c? Nein, wieder ein Versuch, die Bandbreite aktueller Bewegungen im Jazz zu einem stimmigen Programm zu kristallisieren. Wie gut das gelingen wird? Abwarten. Eines ist jedenfalls offensichtlich: Man hat registriert, was l\u00e4ngst normal ist. Es sind endlich auch viele Frauen in sichtbar im Programm pr\u00e4sent. Eigentlich l\u00e4ngst eine Normalit\u00e4t? Eigentlich ja, in der Praxis jedoch noch selten umgesetzt. Unter der Moderation von Nadin Deventer wollte man der Sache etwas tiefer auf den Grund gehen. Unter dem Titel \u201eWie offen, gleichberechtigt und divers ist der Jazz heute wirklich?\u201c versammelte man die Musikjournalistin Franziska Buhre, die S\u00e4ngerin Lucia Cadotsch, den Musiker und Interessenvertreter Nikolaus Neuser und den Leiter des Jazzinstituts Darmstadt, Wolfram Knauer, zur Analyse der Frage, der sich &hellip;<\/p>\n","protected":false},"author":2,"featured_media":10593,"comment_status":"open","ping_status":"open","sticky":false,"template":"","format":"standard","meta":{"_jetpack_memberships_contains_paid_content":false,"footnotes":"","jetpack_publicize_message":"","jetpack_publicize_feature_enabled":true,"jetpack_social_post_already_shared":false,"jetpack_social_options":{"image_generator_settings":{"template":"highway","default_image_id":0,"font":"","enabled":false},"version":2}},"categories":[1053,82],"tags":[1310,1311,66,1309,1029,1314,232,272,1313,1312,1303,14,1183,601],"coauthors":[680],"class_list":["post-10590","post","type-post","status-publish","format-standard","has-post-thumbnail","hentry","category-bericht","category-blog","tag-alexander-von-schlippenbach","tag-axel-doerner","tag-berlin","tag-eve-risser","tag-franziska-buhre","tag-gender","tag-ig-jazz","tag-jazzfest-berlin","tag-lucia-cadotsch","tag-nadine-deventer","tag-nikolaus-neuser","tag-politik","tag-richard-williams","tag-wolfram-knauer"],"yoast_head":"<!-- This site is optimized with the Yoast SEO plugin v27.5 - https:\/\/yoast.com\/product\/yoast-seo-wordpress\/ -->\n<title>Plastisches Rauschen, offene Fragen: antwortlos \u2013 Das Pr\u00e4ludium zum Jazzfest Berlin 2016 - JazzZeitung<\/title>\n<meta name=\"robots\" content=\"index, follow, max-snippet:-1, max-image-preview:large, max-video-preview:-1\" \/>\n<link rel=\"canonical\" href=\"https:\/\/www.jazzzeitung.de\/cms\/2016\/10\/plastisches-rauschen-offene-fragen-antwortlos-das-praeludium-zum-jazzfest-berlin-2016\/\" \/>\n<meta property=\"og:locale\" content=\"de_DE\" \/>\n<meta property=\"og:type\" content=\"article\" \/>\n<meta property=\"og:title\" content=\"Plastisches Rauschen, offene Fragen: antwortlos \u2013 Das Pr\u00e4ludium zum Jazzfest Berlin 2016 - JazzZeitung\" \/>\n<meta property=\"og:description\" content=\"Ab 1. November geht es mit einer erweiterten Fassung beim Jazzfest Berlin 2016 los. Es wird durch die Kulturstaatsministerin Monika Gr\u00fctters er\u00f6ffnet werden. Ein Zeichen des Bekenntnisses zum musikalischen Genre \u201eJazz\u201c von hoher bundespolitischer Bedeutung. Darauf wies Thomas Oberender, der Intendant der veranstaltenden Berliner Festspiele hin. Der Musikjournalist Ulf Drechsel besprach im Anschluss mit dem k\u00fcnstlerischen Leiter des Jazzfests, Richard Williams, die Eckpunkte des Programms. \u201eViele, viele bunte Smarties\u201c? Nein, wieder ein Versuch, die Bandbreite aktueller Bewegungen im Jazz zu einem stimmigen Programm zu kristallisieren. Wie gut das gelingen wird? Abwarten. Eines ist jedenfalls offensichtlich: Man hat registriert, was l\u00e4ngst normal ist. Es sind endlich auch viele Frauen in sichtbar im Programm pr\u00e4sent. Eigentlich l\u00e4ngst eine Normalit\u00e4t? Eigentlich ja, in der Praxis jedoch noch selten umgesetzt. Unter der Moderation von Nadin Deventer wollte man der Sache etwas tiefer auf den Grund gehen. Unter dem Titel \u201eWie offen, gleichberechtigt und divers ist der Jazz heute wirklich?\u201c versammelte man die Musikjournalistin Franziska Buhre, die S\u00e4ngerin Lucia Cadotsch, den Musiker und Interessenvertreter Nikolaus Neuser und den Leiter des Jazzinstituts Darmstadt, Wolfram Knauer, zur Analyse der Frage, der sich &hellip;\" \/>\n<meta property=\"og:url\" content=\"https:\/\/www.jazzzeitung.de\/cms\/2016\/10\/plastisches-rauschen-offene-fragen-antwortlos-das-praeludium-zum-jazzfest-berlin-2016\/\" \/>\n<meta property=\"og:site_name\" content=\"JazzZeitung\" \/>\n<meta property=\"article:publisher\" content=\"https:\/\/www.facebook.com\/JazzZeitung\/\" \/>\n<meta property=\"article:author\" content=\"https:\/\/www.facebook.com\/hufner\" \/>\n<meta property=\"article:published_time\" content=\"2016-10-19T09:40:49+00:00\" \/>\n<meta property=\"article:modified_time\" content=\"2016-11-26T10:05:37+00:00\" \/>\n<meta property=\"og:image\" content=\"https:\/\/i0.wp.com\/www.jazzzeitung.de\/cms\/wp-content\/uploads\/2016\/10\/jazzfest_2016_einfuehrung0009t2016.jpg?fit=1800%2C1200&ssl=1\" \/>\n\t<meta property=\"og:image:width\" content=\"1800\" \/>\n\t<meta property=\"og:image:height\" content=\"1200\" \/>\n\t<meta property=\"og:image:type\" content=\"image\/jpeg\" \/>\n<meta name=\"author\" content=\"Huflaikhan\" \/>\n<script type=\"application\/ld+json\" class=\"yoast-schema-graph\">{\"@context\":\"https:\\\/\\\/schema.org\",\"@graph\":[{\"@type\":\"Article\",\"@id\":\"https:\\\/\\\/www.jazzzeitung.de\\\/cms\\\/2016\\\/10\\\/plastisches-rauschen-offene-fragen-antwortlos-das-praeludium-zum-jazzfest-berlin-2016\\\/#article\",\"isPartOf\":{\"@id\":\"https:\\\/\\\/www.jazzzeitung.de\\\/cms\\\/2016\\\/10\\\/plastisches-rauschen-offene-fragen-antwortlos-das-praeludium-zum-jazzfest-berlin-2016\\\/\"},\"author\":{\"name\":\"Huflaikhan\",\"@id\":\"https:\\\/\\\/www.jazzzeitung.de\\\/cms\\\/#\\\/schema\\\/person\\\/1ba404714b9455401502bc409a7df45e\"},\"headline\":\"Plastisches Rauschen, offene Fragen: antwortlos \u2013 Das Pr\u00e4ludium zum Jazzfest Berlin 2016\",\"datePublished\":\"2016-10-19T09:40:49+00:00\",\"dateModified\":\"2016-11-26T10:05:37+00:00\",\"mainEntityOfPage\":{\"@id\":\"https:\\\/\\\/www.jazzzeitung.de\\\/cms\\\/2016\\\/10\\\/plastisches-rauschen-offene-fragen-antwortlos-das-praeludium-zum-jazzfest-berlin-2016\\\/\"},\"wordCount\":1023,\"commentCount\":1,\"publisher\":{\"@id\":\"https:\\\/\\\/www.jazzzeitung.de\\\/cms\\\/#organization\"},\"image\":{\"@id\":\"https:\\\/\\\/www.jazzzeitung.de\\\/cms\\\/2016\\\/10\\\/plastisches-rauschen-offene-fragen-antwortlos-das-praeludium-zum-jazzfest-berlin-2016\\\/#primaryimage\"},\"thumbnailUrl\":\"https:\\\/\\\/i0.wp.com\\\/www.jazzzeitung.de\\\/cms\\\/wp-content\\\/uploads\\\/2016\\\/10\\\/jazzfest_2016_einfuehrung0009t2016.jpg?fit=1800%2C1200&ssl=1\",\"keywords\":[\"Alexander von Schlippenbach\",\"Axel D\u00f6rner\",\"Berlin\",\"Eve Risser\",\"Franziska Buhre\",\"Gender\",\"IG Jazz\",\"Jazzfest Berlin\",\"Lucia Cadotsch\",\"Nadine Deventer\",\"Nikolaus Neuser\",\"Politik\",\"Richard Williams\",\"Wolfram Knauer\"],\"articleSection\":[\"Bericht\",\"Blog\"],\"inLanguage\":\"de\",\"potentialAction\":[{\"@type\":\"CommentAction\",\"name\":\"Comment\",\"target\":[\"https:\\\/\\\/www.jazzzeitung.de\\\/cms\\\/2016\\\/10\\\/plastisches-rauschen-offene-fragen-antwortlos-das-praeludium-zum-jazzfest-berlin-2016\\\/#respond\"]}]},{\"@type\":\"WebPage\",\"@id\":\"https:\\\/\\\/www.jazzzeitung.de\\\/cms\\\/2016\\\/10\\\/plastisches-rauschen-offene-fragen-antwortlos-das-praeludium-zum-jazzfest-berlin-2016\\\/\",\"url\":\"https:\\\/\\\/www.jazzzeitung.de\\\/cms\\\/2016\\\/10\\\/plastisches-rauschen-offene-fragen-antwortlos-das-praeludium-zum-jazzfest-berlin-2016\\\/\",\"name\":\"Plastisches Rauschen, offene Fragen: antwortlos \u2013 Das Pr\u00e4ludium zum Jazzfest Berlin 2016 - JazzZeitung\",\"isPartOf\":{\"@id\":\"https:\\\/\\\/www.jazzzeitung.de\\\/cms\\\/#website\"},\"primaryImageOfPage\":{\"@id\":\"https:\\\/\\\/www.jazzzeitung.de\\\/cms\\\/2016\\\/10\\\/plastisches-rauschen-offene-fragen-antwortlos-das-praeludium-zum-jazzfest-berlin-2016\\\/#primaryimage\"},\"image\":{\"@id\":\"https:\\\/\\\/www.jazzzeitung.de\\\/cms\\\/2016\\\/10\\\/plastisches-rauschen-offene-fragen-antwortlos-das-praeludium-zum-jazzfest-berlin-2016\\\/#primaryimage\"},\"thumbnailUrl\":\"https:\\\/\\\/i0.wp.com\\\/www.jazzzeitung.de\\\/cms\\\/wp-content\\\/uploads\\\/2016\\\/10\\\/jazzfest_2016_einfuehrung0009t2016.jpg?fit=1800%2C1200&ssl=1\",\"datePublished\":\"2016-10-19T09:40:49+00:00\",\"dateModified\":\"2016-11-26T10:05:37+00:00\",\"breadcrumb\":{\"@id\":\"https:\\\/\\\/www.jazzzeitung.de\\\/cms\\\/2016\\\/10\\\/plastisches-rauschen-offene-fragen-antwortlos-das-praeludium-zum-jazzfest-berlin-2016\\\/#breadcrumb\"},\"inLanguage\":\"de\",\"potentialAction\":[{\"@type\":\"ReadAction\",\"target\":[\"https:\\\/\\\/www.jazzzeitung.de\\\/cms\\\/2016\\\/10\\\/plastisches-rauschen-offene-fragen-antwortlos-das-praeludium-zum-jazzfest-berlin-2016\\\/\"]}]},{\"@type\":\"ImageObject\",\"inLanguage\":\"de\",\"@id\":\"https:\\\/\\\/www.jazzzeitung.de\\\/cms\\\/2016\\\/10\\\/plastisches-rauschen-offene-fragen-antwortlos-das-praeludium-zum-jazzfest-berlin-2016\\\/#primaryimage\",\"url\":\"https:\\\/\\\/i0.wp.com\\\/www.jazzzeitung.de\\\/cms\\\/wp-content\\\/uploads\\\/2016\\\/10\\\/jazzfest_2016_einfuehrung0009t2016.jpg?fit=1800%2C1200&ssl=1\",\"contentUrl\":\"https:\\\/\\\/i0.wp.com\\\/www.jazzzeitung.de\\\/cms\\\/wp-content\\\/uploads\\\/2016\\\/10\\\/jazzfest_2016_einfuehrung0009t2016.jpg?fit=1800%2C1200&ssl=1\",\"width\":1800,\"height\":1200,\"caption\":\"Jazzfest 2016: Musikerin Eve Risser. Foto: Petra Basche\"},{\"@type\":\"BreadcrumbList\",\"@id\":\"https:\\\/\\\/www.jazzzeitung.de\\\/cms\\\/2016\\\/10\\\/plastisches-rauschen-offene-fragen-antwortlos-das-praeludium-zum-jazzfest-berlin-2016\\\/#breadcrumb\",\"itemListElement\":[{\"@type\":\"ListItem\",\"position\":1,\"name\":\"Startseite\",\"item\":\"https:\\\/\\\/www.jazzzeitung.de\\\/cms\\\/\"},{\"@type\":\"ListItem\",\"position\":2,\"name\":\"Plastisches Rauschen, offene Fragen: antwortlos \u2013 Das Pr\u00e4ludium zum Jazzfest Berlin 2016\"}]},{\"@type\":\"WebSite\",\"@id\":\"https:\\\/\\\/www.jazzzeitung.de\\\/cms\\\/#website\",\"url\":\"https:\\\/\\\/www.jazzzeitung.de\\\/cms\\\/\",\"name\":\"JazzZeitung\",\"description\":\"Jazz-News und Jazz-Kontroverses\",\"publisher\":{\"@id\":\"https:\\\/\\\/www.jazzzeitung.de\\\/cms\\\/#organization\"},\"potentialAction\":[{\"@type\":\"SearchAction\",\"target\":{\"@type\":\"EntryPoint\",\"urlTemplate\":\"https:\\\/\\\/www.jazzzeitung.de\\\/cms\\\/?s={search_term_string}\"},\"query-input\":{\"@type\":\"PropertyValueSpecification\",\"valueRequired\":true,\"valueName\":\"search_term_string\"}}],\"inLanguage\":\"de\"},{\"@type\":\"Organization\",\"@id\":\"https:\\\/\\\/www.jazzzeitung.de\\\/cms\\\/#organization\",\"name\":\"JazzZeitung online\",\"url\":\"https:\\\/\\\/www.jazzzeitung.de\\\/cms\\\/\",\"logo\":{\"@type\":\"ImageObject\",\"inLanguage\":\"de\",\"@id\":\"https:\\\/\\\/www.jazzzeitung.de\\\/cms\\\/#\\\/schema\\\/logo\\\/image\\\/\",\"url\":\"https:\\\/\\\/i0.wp.com\\\/www.jazzzeitung.de\\\/cms\\\/wp-content\\\/uploads\\\/2015\\\/08\\\/JAZZZEITUNGDE_Logo_Neu.png?fit=499%2C200&ssl=1\",\"contentUrl\":\"https:\\\/\\\/i0.wp.com\\\/www.jazzzeitung.de\\\/cms\\\/wp-content\\\/uploads\\\/2015\\\/08\\\/JAZZZEITUNGDE_Logo_Neu.png?fit=499%2C200&ssl=1\",\"width\":499,\"height\":200,\"caption\":\"JazzZeitung online\"},\"image\":{\"@id\":\"https:\\\/\\\/www.jazzzeitung.de\\\/cms\\\/#\\\/schema\\\/logo\\\/image\\\/\"},\"sameAs\":[\"https:\\\/\\\/www.facebook.com\\\/JazzZeitung\\\/\"]},{\"@type\":\"Person\",\"@id\":\"https:\\\/\\\/www.jazzzeitung.de\\\/cms\\\/#\\\/schema\\\/person\\\/1ba404714b9455401502bc409a7df45e\",\"name\":\"Huflaikhan\",\"image\":{\"@type\":\"ImageObject\",\"inLanguage\":\"de\",\"@id\":\"https:\\\/\\\/i0.wp.com\\\/www.jazzzeitung.de\\\/cms\\\/wp-content\\\/uploads\\\/2013\\\/11\\\/huf-06.jpg?resize=96%2C96&ssl=18afacd5aa7627f2840c013425f5a4164\",\"url\":\"https:\\\/\\\/i0.wp.com\\\/www.jazzzeitung.de\\\/cms\\\/wp-content\\\/uploads\\\/2013\\\/11\\\/huf-06.jpg?resize=96%2C96&ssl=1\",\"contentUrl\":\"https:\\\/\\\/i0.wp.com\\\/www.jazzzeitung.de\\\/cms\\\/wp-content\\\/uploads\\\/2013\\\/11\\\/huf-06.jpg?resize=96%2C96&ssl=1\",\"caption\":\"Huflaikhan\"},\"description\":\"Huflaikhan (aka Martin Hufner) hat Musikwissenschaft, Philosophie und Psychologie in Gie\u00dfen studiert und mit einer Arbeit \u00fcber Adorno und die Zw\u00f6lftontechnik promoviert. Seit 1995 ist er freiberuflich als Autor, Fotograf und Netzmacher unterwegs.\",\"sameAs\":[\"https:\\\/\\\/www.kritische-masse.de\\\/logbuch\",\"https:\\\/\\\/www.facebook.com\\\/hufner\"],\"url\":\"https:\\\/\\\/www.jazzzeitung.de\\\/cms\\\/author\\\/hufi\\\/\"}]}<\/script>\n<!-- \/ Yoast SEO plugin. -->","yoast_head_json":{"title":"Plastisches Rauschen, offene Fragen: antwortlos \u2013 Das Pr\u00e4ludium zum Jazzfest Berlin 2016 - JazzZeitung","robots":{"index":"index","follow":"follow","max-snippet":"max-snippet:-1","max-image-preview":"max-image-preview:large","max-video-preview":"max-video-preview:-1"},"canonical":"https:\/\/www.jazzzeitung.de\/cms\/2016\/10\/plastisches-rauschen-offene-fragen-antwortlos-das-praeludium-zum-jazzfest-berlin-2016\/","og_locale":"de_DE","og_type":"article","og_title":"Plastisches Rauschen, offene Fragen: antwortlos \u2013 Das Pr\u00e4ludium zum Jazzfest Berlin 2016 - JazzZeitung","og_description":"Ab 1. November geht es mit einer erweiterten Fassung beim Jazzfest Berlin 2016 los. Es wird durch die Kulturstaatsministerin Monika Gr\u00fctters er\u00f6ffnet werden. Ein Zeichen des Bekenntnisses zum musikalischen Genre \u201eJazz\u201c von hoher bundespolitischer Bedeutung. Darauf wies Thomas Oberender, der Intendant der veranstaltenden Berliner Festspiele hin. Der Musikjournalist Ulf Drechsel besprach im Anschluss mit dem k\u00fcnstlerischen Leiter des Jazzfests, Richard Williams, die Eckpunkte des Programms. \u201eViele, viele bunte Smarties\u201c? Nein, wieder ein Versuch, die Bandbreite aktueller Bewegungen im Jazz zu einem stimmigen Programm zu kristallisieren. Wie gut das gelingen wird? Abwarten. Eines ist jedenfalls offensichtlich: Man hat registriert, was l\u00e4ngst normal ist. Es sind endlich auch viele Frauen in sichtbar im Programm pr\u00e4sent. Eigentlich l\u00e4ngst eine Normalit\u00e4t? Eigentlich ja, in der Praxis jedoch noch selten umgesetzt. Unter der Moderation von Nadin Deventer wollte man der Sache etwas tiefer auf den Grund gehen. Unter dem Titel \u201eWie offen, gleichberechtigt und divers ist der Jazz heute wirklich?\u201c versammelte man die Musikjournalistin Franziska Buhre, die S\u00e4ngerin Lucia Cadotsch, den Musiker und Interessenvertreter Nikolaus Neuser und den Leiter des Jazzinstituts Darmstadt, Wolfram Knauer, zur Analyse der Frage, der sich &hellip;","og_url":"https:\/\/www.jazzzeitung.de\/cms\/2016\/10\/plastisches-rauschen-offene-fragen-antwortlos-das-praeludium-zum-jazzfest-berlin-2016\/","og_site_name":"JazzZeitung","article_publisher":"https:\/\/www.facebook.com\/JazzZeitung\/","article_author":"https:\/\/www.facebook.com\/hufner","article_published_time":"2016-10-19T09:40:49+00:00","article_modified_time":"2016-11-26T10:05:37+00:00","og_image":[{"width":1800,"height":1200,"url":"https:\/\/i0.wp.com\/www.jazzzeitung.de\/cms\/wp-content\/uploads\/2016\/10\/jazzfest_2016_einfuehrung0009t2016.jpg?fit=1800%2C1200&ssl=1","type":"image\/jpeg"}],"author":"Huflaikhan","schema":{"@context":"https:\/\/schema.org","@graph":[{"@type":"Article","@id":"https:\/\/www.jazzzeitung.de\/cms\/2016\/10\/plastisches-rauschen-offene-fragen-antwortlos-das-praeludium-zum-jazzfest-berlin-2016\/#article","isPartOf":{"@id":"https:\/\/www.jazzzeitung.de\/cms\/2016\/10\/plastisches-rauschen-offene-fragen-antwortlos-das-praeludium-zum-jazzfest-berlin-2016\/"},"author":{"name":"Huflaikhan","@id":"https:\/\/www.jazzzeitung.de\/cms\/#\/schema\/person\/1ba404714b9455401502bc409a7df45e"},"headline":"Plastisches Rauschen, offene Fragen: antwortlos \u2013 Das Pr\u00e4ludium zum Jazzfest Berlin 2016","datePublished":"2016-10-19T09:40:49+00:00","dateModified":"2016-11-26T10:05:37+00:00","mainEntityOfPage":{"@id":"https:\/\/www.jazzzeitung.de\/cms\/2016\/10\/plastisches-rauschen-offene-fragen-antwortlos-das-praeludium-zum-jazzfest-berlin-2016\/"},"wordCount":1023,"commentCount":1,"publisher":{"@id":"https:\/\/www.jazzzeitung.de\/cms\/#organization"},"image":{"@id":"https:\/\/www.jazzzeitung.de\/cms\/2016\/10\/plastisches-rauschen-offene-fragen-antwortlos-das-praeludium-zum-jazzfest-berlin-2016\/#primaryimage"},"thumbnailUrl":"https:\/\/i0.wp.com\/www.jazzzeitung.de\/cms\/wp-content\/uploads\/2016\/10\/jazzfest_2016_einfuehrung0009t2016.jpg?fit=1800%2C1200&ssl=1","keywords":["Alexander von Schlippenbach","Axel D\u00f6rner","Berlin","Eve Risser","Franziska Buhre","Gender","IG Jazz","Jazzfest Berlin","Lucia Cadotsch","Nadine Deventer","Nikolaus Neuser","Politik","Richard Williams","Wolfram Knauer"],"articleSection":["Bericht","Blog"],"inLanguage":"de","potentialAction":[{"@type":"CommentAction","name":"Comment","target":["https:\/\/www.jazzzeitung.de\/cms\/2016\/10\/plastisches-rauschen-offene-fragen-antwortlos-das-praeludium-zum-jazzfest-berlin-2016\/#respond"]}]},{"@type":"WebPage","@id":"https:\/\/www.jazzzeitung.de\/cms\/2016\/10\/plastisches-rauschen-offene-fragen-antwortlos-das-praeludium-zum-jazzfest-berlin-2016\/","url":"https:\/\/www.jazzzeitung.de\/cms\/2016\/10\/plastisches-rauschen-offene-fragen-antwortlos-das-praeludium-zum-jazzfest-berlin-2016\/","name":"Plastisches Rauschen, offene Fragen: antwortlos \u2013 Das Pr\u00e4ludium zum Jazzfest Berlin 2016 - JazzZeitung","isPartOf":{"@id":"https:\/\/www.jazzzeitung.de\/cms\/#website"},"primaryImageOfPage":{"@id":"https:\/\/www.jazzzeitung.de\/cms\/2016\/10\/plastisches-rauschen-offene-fragen-antwortlos-das-praeludium-zum-jazzfest-berlin-2016\/#primaryimage"},"image":{"@id":"https:\/\/www.jazzzeitung.de\/cms\/2016\/10\/plastisches-rauschen-offene-fragen-antwortlos-das-praeludium-zum-jazzfest-berlin-2016\/#primaryimage"},"thumbnailUrl":"https:\/\/i0.wp.com\/www.jazzzeitung.de\/cms\/wp-content\/uploads\/2016\/10\/jazzfest_2016_einfuehrung0009t2016.jpg?fit=1800%2C1200&ssl=1","datePublished":"2016-10-19T09:40:49+00:00","dateModified":"2016-11-26T10:05:37+00:00","breadcrumb":{"@id":"https:\/\/www.jazzzeitung.de\/cms\/2016\/10\/plastisches-rauschen-offene-fragen-antwortlos-das-praeludium-zum-jazzfest-berlin-2016\/#breadcrumb"},"inLanguage":"de","potentialAction":[{"@type":"ReadAction","target":["https:\/\/www.jazzzeitung.de\/cms\/2016\/10\/plastisches-rauschen-offene-fragen-antwortlos-das-praeludium-zum-jazzfest-berlin-2016\/"]}]},{"@type":"ImageObject","inLanguage":"de","@id":"https:\/\/www.jazzzeitung.de\/cms\/2016\/10\/plastisches-rauschen-offene-fragen-antwortlos-das-praeludium-zum-jazzfest-berlin-2016\/#primaryimage","url":"https:\/\/i0.wp.com\/www.jazzzeitung.de\/cms\/wp-content\/uploads\/2016\/10\/jazzfest_2016_einfuehrung0009t2016.jpg?fit=1800%2C1200&ssl=1","contentUrl":"https:\/\/i0.wp.com\/www.jazzzeitung.de\/cms\/wp-content\/uploads\/2016\/10\/jazzfest_2016_einfuehrung0009t2016.jpg?fit=1800%2C1200&ssl=1","width":1800,"height":1200,"caption":"Jazzfest 2016: Musikerin Eve Risser. Foto: Petra Basche"},{"@type":"BreadcrumbList","@id":"https:\/\/www.jazzzeitung.de\/cms\/2016\/10\/plastisches-rauschen-offene-fragen-antwortlos-das-praeludium-zum-jazzfest-berlin-2016\/#breadcrumb","itemListElement":[{"@type":"ListItem","position":1,"name":"Startseite","item":"https:\/\/www.jazzzeitung.de\/cms\/"},{"@type":"ListItem","position":2,"name":"Plastisches Rauschen, offene Fragen: antwortlos \u2013 Das Pr\u00e4ludium zum Jazzfest Berlin 2016"}]},{"@type":"WebSite","@id":"https:\/\/www.jazzzeitung.de\/cms\/#website","url":"https:\/\/www.jazzzeitung.de\/cms\/","name":"JazzZeitung","description":"Jazz-News und Jazz-Kontroverses","publisher":{"@id":"https:\/\/www.jazzzeitung.de\/cms\/#organization"},"potentialAction":[{"@type":"SearchAction","target":{"@type":"EntryPoint","urlTemplate":"https:\/\/www.jazzzeitung.de\/cms\/?s={search_term_string}"},"query-input":{"@type":"PropertyValueSpecification","valueRequired":true,"valueName":"search_term_string"}}],"inLanguage":"de"},{"@type":"Organization","@id":"https:\/\/www.jazzzeitung.de\/cms\/#organization","name":"JazzZeitung online","url":"https:\/\/www.jazzzeitung.de\/cms\/","logo":{"@type":"ImageObject","inLanguage":"de","@id":"https:\/\/www.jazzzeitung.de\/cms\/#\/schema\/logo\/image\/","url":"https:\/\/i0.wp.com\/www.jazzzeitung.de\/cms\/wp-content\/uploads\/2015\/08\/JAZZZEITUNGDE_Logo_Neu.png?fit=499%2C200&ssl=1","contentUrl":"https:\/\/i0.wp.com\/www.jazzzeitung.de\/cms\/wp-content\/uploads\/2015\/08\/JAZZZEITUNGDE_Logo_Neu.png?fit=499%2C200&ssl=1","width":499,"height":200,"caption":"JazzZeitung online"},"image":{"@id":"https:\/\/www.jazzzeitung.de\/cms\/#\/schema\/logo\/image\/"},"sameAs":["https:\/\/www.facebook.com\/JazzZeitung\/"]},{"@type":"Person","@id":"https:\/\/www.jazzzeitung.de\/cms\/#\/schema\/person\/1ba404714b9455401502bc409a7df45e","name":"Huflaikhan","image":{"@type":"ImageObject","inLanguage":"de","@id":"https:\/\/i0.wp.com\/www.jazzzeitung.de\/cms\/wp-content\/uploads\/2013\/11\/huf-06.jpg?resize=96%2C96&ssl=18afacd5aa7627f2840c013425f5a4164","url":"https:\/\/i0.wp.com\/www.jazzzeitung.de\/cms\/wp-content\/uploads\/2013\/11\/huf-06.jpg?resize=96%2C96&ssl=1","contentUrl":"https:\/\/i0.wp.com\/www.jazzzeitung.de\/cms\/wp-content\/uploads\/2013\/11\/huf-06.jpg?resize=96%2C96&ssl=1","caption":"Huflaikhan"},"description":"Huflaikhan (aka Martin Hufner) hat Musikwissenschaft, Philosophie und Psychologie in Gie\u00dfen studiert und mit einer Arbeit \u00fcber Adorno und die Zw\u00f6lftontechnik promoviert. Seit 1995 ist er freiberuflich als Autor, Fotograf und Netzmacher unterwegs.","sameAs":["https:\/\/www.kritische-masse.de\/logbuch","https:\/\/www.facebook.com\/hufner"],"url":"https:\/\/www.jazzzeitung.de\/cms\/author\/hufi\/"}]}},"wp-worthy-pixel":{"ignored":false,"public":"87f5cac800dc460782387b78d67a8a34","server":"vg06.met.vgwort.de\/na","url":"https:\/\/vg06.met.vgwort.de\/na\/87f5cac800dc460782387b78d67a8a34"},"wp-worthy-type":"normal","jetpack_publicize_connections":[],"cc_featured_image_caption":{"caption_text":false,"source_text":false,"source_url":false},"jetpack_featured_media_url":"https:\/\/i0.wp.com\/www.jazzzeitung.de\/cms\/wp-content\/uploads\/2016\/10\/jazzfest_2016_einfuehrung0009t2016.jpg?fit=1800%2C1200&ssl=1","jetpack_shortlink":"https:\/\/wp.me\/p3KEcT-2KO","jetpack-related-posts":[{"id":6536,"url":"https:\/\/www.jazzzeitung.de\/cms\/2015\/07\/jazzfest-berlin-2015-neue-leitung-sportliches-programm\/","url_meta":{"origin":10590,"position":0},"title":"Jazzfest Berlin 2015: Neue Leitung, sportliches Programm","author":"Martin Hufner","date":"9. Juli 2015","format":false,"excerpt":"Seit letztem Jahr war bekannt, dass das JazzFest Berlin unter einer neuen Leitung steht und eine unbestimmte Ungewissheit ging damit einher. Was wird passieren? Der englische Journalist Richard Williams folgt auf Bert Noglik, der in den letzten Jahren f\u00fcr das Programm die Verantwortung trug und es gut gemacht hat. Mit\u2026","rel":"","context":"In &quot;Redaktionelle Nachrichten&quot;","block_context":{"text":"Redaktionelle Nachrichten","link":"https:\/\/www.jazzzeitung.de\/cms\/thema\/redaktion\/"},"img":{"alt_text":"Richard Williams beantwortet Fragen. Foto: Petra Basche (HuPe-kollektiv)","src":"https:\/\/i0.wp.com\/www.jazzzeitung.de\/cms\/wp-content\/uploads\/2015\/07\/Pressekonferenz_Jazzfest_Berlin_2015williams_c_basche-800x600.jpg?resize=350%2C200","width":350,"height":200,"srcset":"https:\/\/i0.wp.com\/www.jazzzeitung.de\/cms\/wp-content\/uploads\/2015\/07\/Pressekonferenz_Jazzfest_Berlin_2015williams_c_basche-800x600.jpg?resize=350%2C200 1x, https:\/\/i0.wp.com\/www.jazzzeitung.de\/cms\/wp-content\/uploads\/2015\/07\/Pressekonferenz_Jazzfest_Berlin_2015williams_c_basche-800x600.jpg?resize=525%2C300 1.5x"},"classes":[]},{"id":10550,"url":"https:\/\/www.jazzzeitung.de\/cms\/2016\/10\/wie-offen-gleichberechtigt-und-divers-ist-der-jazz-heute-wirklich\/","url_meta":{"origin":10590,"position":1},"title":"Jazzfest Berlin 2016 fragt: \u201eWie offen, gleichberechtigt und divers ist der Jazz heute wirklich?\u201c","author":"Martin Hufner","date":"17. Oktober 2016","format":false,"excerpt":"Pr\u00e4ludium zum Jazzfest Berlin 2016: Diskussion und Programmvorstellung mit Musik am Dienstag, 18. Oktober um 19.00 Uhr im Haus der Berliner Festspiele. Live\u00fcbertragung der Diskussion zum Thema via Facebook und Periscope. Musik von und mit Eve Risser, Alexander von Schlippenbach und Axel D\u00f6rner. Eintritt frei. Ist die freieste der Musikformen\u2026","rel":"","context":"In &quot;News&quot;","block_context":{"text":"News","link":"https:\/\/www.jazzzeitung.de\/cms\/thema\/nachrichten\/"},"img":{"alt_text":"Pr\u00e4ludium hinter den Kulissen. Foto: Hufner","src":"https:\/\/i0.wp.com\/www.jazzzeitung.de\/cms\/wp-content\/uploads\/2016\/10\/jf2015-praeludium-160125.jpg?fit=1200%2C900&ssl=1&resize=350%2C200","width":350,"height":200,"srcset":"https:\/\/i0.wp.com\/www.jazzzeitung.de\/cms\/wp-content\/uploads\/2016\/10\/jf2015-praeludium-160125.jpg?fit=1200%2C900&ssl=1&resize=350%2C200 1x, https:\/\/i0.wp.com\/www.jazzzeitung.de\/cms\/wp-content\/uploads\/2016\/10\/jf2015-praeludium-160125.jpg?fit=1200%2C900&ssl=1&resize=525%2C300 1.5x, https:\/\/i0.wp.com\/www.jazzzeitung.de\/cms\/wp-content\/uploads\/2016\/10\/jf2015-praeludium-160125.jpg?fit=1200%2C900&ssl=1&resize=700%2C400 2x, https:\/\/i0.wp.com\/www.jazzzeitung.de\/cms\/wp-content\/uploads\/2016\/10\/jf2015-praeludium-160125.jpg?fit=1200%2C900&ssl=1&resize=1050%2C600 3x"},"classes":[]},{"id":12142,"url":"https:\/\/www.jazzzeitung.de\/cms\/2017\/04\/jazzfest-berlin-berliner-festspiele-berufen-nadin-deventer-als-neue-kuenstlerische-leiterin-ab-2018\/","url_meta":{"origin":10590,"position":2},"title":"Jazzfest Berlin: Berliner Festspiele berufen Nadin Deventer als neue k\u00fcnstlerische Leiterin ab 2018","author":"Redaktion JazzZeitung","date":"14. April 2017","format":false,"excerpt":"Seit seiner Gr\u00fcndung als \u201eBerliner Jazztage\u201c 1964 z\u00e4hlt das Jazzfest Berlin zu Europas renommiertesten Festivals seiner Art, wobei zu seiner Tradition stets Innovation und politische Themen geh\u00f6ren. Nach der dreij\u00e4hrigen Festivalleitung von Richard Williams \u00fcbernimmt ab 2018 die Kuratorin Nadin Deventer die k\u00fcnstlerische Leitung des Jazzfest Berlin. Thomas Oberender, Intendant\u2026","rel":"","context":"In &quot;News&quot;","block_context":{"text":"News","link":"https:\/\/www.jazzzeitung.de\/cms\/thema\/nachrichten\/"},"img":{"alt_text":"Nadin Deventer. K\u00fcnstlerische Leiterin Jazzfest Berlin ab 2018. Foto: \u00a9 Camille Blake","src":"https:\/\/i0.wp.com\/www.jazzzeitung.de\/cms\/wp-content\/uploads\/2017\/04\/deventer_c_camille_blake-150x150.jpg?resize=350%2C200","width":350,"height":200},"classes":[]},{"id":9521,"url":"https:\/\/www.jazzzeitung.de\/cms\/2016\/06\/das-jazzfest-berlin-2016-einer-extended-version\/","url_meta":{"origin":10590,"position":3},"title":"Das Jazzfest Berlin 2016 in einer &#8222;extended version&#8220;","author":"Redaktion JazzZeitung","date":"16. Juni 2016","format":false,"excerpt":"Der k\u00fcnstlerische Leiter des Jazzfest Berlin Richard Williams hat das Programm f\u00fcr das Jazzfest Berlin 2016 vorgestellt Die Berliner Festspiele\u00a0veranstalten\u00a0das 53. Jazzfest Berlin in diesem Jahr vom 1.\u00a0bis 6.\u00a0November, in einer\u00a0\u201eextended version\u201c mit\u00a0zwei Vorveranstaltungen. Insgesamt\u00a0werden beim Festival 16\u00a0Jazzformationen und f\u00fcnf teils v\u00f6llig neue Duo-Kombinationen auftreten. Viele der beim Jazzfest Berlin\u2026","rel":"","context":"In &quot;News&quot;","block_context":{"text":"News","link":"https:\/\/www.jazzzeitung.de\/cms\/thema\/nachrichten\/"},"img":{"alt_text":"LUCIA_CADOTSCH___Michael_Jungblut_01","src":"https:\/\/i0.wp.com\/www.jazzzeitung.de\/cms\/wp-content\/uploads\/2016\/06\/LUCIA_CADOTSCH___Michael_Jungblut_01-150x150.jpg?resize=350%2C200","width":350,"height":200},"classes":[]},{"id":7191,"url":"https:\/\/www.jazzzeitung.de\/cms\/2015\/09\/jazzfest-berlin-2015-berliner-festspiele-veroeffentlichen-programm-kartenverlosung\/","url_meta":{"origin":10590,"position":4},"title":"Jazzfest Berlin 2015: Berliner Festspiele ver\u00f6ffentlichen Programm, Kartenverlosung","author":"Redaktion JazzZeitung","date":"25. September 2015","format":false,"excerpt":"Das Jazzfest Berlin 2015\u00a0pr\u00e4sentiert mit dem neuen k\u00fcnstlerischen Leiter Richard Williams vom\u00a05. bis 8. November\u00a0\u00fcber 120\u00a0Musiker\/-innen aus 5\u00a0Kontinenten. Das Festivalprogramm ist jetzt online und der Kartenvorverkauf startet. Wir verlosen in Kooperation mit dem Jazzfest 2x2 Karten f\u00fcr Freitag, den 06.11.15, 20:00 Uhr, Haus der Berliner Festspiele \u2013 Gro\u00dfe B\u00fchne -\u2026","rel":"","context":"In &quot;Redaktionelle Nachrichten&quot;","block_context":{"text":"Redaktionelle Nachrichten","link":"https:\/\/www.jazzzeitung.de\/cms\/thema\/redaktion\/"},"img":{"alt_text":"Foto: Jirka Jansch","src":"https:\/\/i0.wp.com\/www.jazzzeitung.de\/cms\/wp-content\/uploads\/2015\/09\/Richard_Williams_c_Jirka_Jansch_01-150x150.jpg?resize=350%2C200","width":350,"height":200},"classes":[]},{"id":7392,"url":"https:\/\/www.jazzzeitung.de\/cms\/2015\/10\/konzert-mit-gespraechigkeit-jazzfest-2015\/","url_meta":{"origin":10590,"position":5},"title":"Konzert mit Gespr\u00e4chigkeit \u2013 Jazzfest Berlin 2015: Vorspiel","author":"Huflaikhan","date":"18. Oktober 2015","format":false,"excerpt":"Seit einiger Zeit laden die Berliner Festspiele vor gro\u00dfen Ereignisse noch einmal zu einer Extraveranstaltung ein. \u201eMusic & Public Talk\u201c, so nennt sich das, klingt fluffiger als \u201eGespr\u00e4chskonzert\u201c oder Konzert mit Gespr\u00e4chen. Auf der B\u00fchne zusammen oder abwechselnd die Musikerinnen Julia Kadel und Alexander Hawkins, der Festivalleiter Richard Williams, sein\u2026","rel":"","context":"In &quot;Bericht&quot;","block_context":{"text":"Bericht","link":"https:\/\/www.jazzzeitung.de\/cms\/thema\/bericht\/"},"img":{"alt_text":"Julia Kadel beim Vorspiel zum Jazzfest. Foto: Petra Basche","src":"https:\/\/i0.wp.com\/www.jazzzeitung.de\/cms\/wp-content\/uploads\/2015\/10\/jazzfest2015_pepa_015.jpg?resize=350%2C200","width":350,"height":200,"srcset":"https:\/\/i0.wp.com\/www.jazzzeitung.de\/cms\/wp-content\/uploads\/2015\/10\/jazzfest2015_pepa_015.jpg?resize=350%2C200 1x, https:\/\/i0.wp.com\/www.jazzzeitung.de\/cms\/wp-content\/uploads\/2015\/10\/jazzfest2015_pepa_015.jpg?resize=525%2C300 1.5x, https:\/\/i0.wp.com\/www.jazzzeitung.de\/cms\/wp-content\/uploads\/2015\/10\/jazzfest2015_pepa_015.jpg?resize=700%2C400 2x, https:\/\/i0.wp.com\/www.jazzzeitung.de\/cms\/wp-content\/uploads\/2015\/10\/jazzfest2015_pepa_015.jpg?resize=1050%2C600 3x, https:\/\/i0.wp.com\/www.jazzzeitung.de\/cms\/wp-content\/uploads\/2015\/10\/jazzfest2015_pepa_015.jpg?resize=1400%2C800 4x"},"classes":[]}],"jetpack_sharing_enabled":true,"_links":{"self":[{"href":"https:\/\/www.jazzzeitung.de\/cms\/wp-json\/wp\/v2\/posts\/10590","targetHints":{"allow":["GET"]}}],"collection":[{"href":"https:\/\/www.jazzzeitung.de\/cms\/wp-json\/wp\/v2\/posts"}],"about":[{"href":"https:\/\/www.jazzzeitung.de\/cms\/wp-json\/wp\/v2\/types\/post"}],"author":[{"embeddable":true,"href":"https:\/\/www.jazzzeitung.de\/cms\/wp-json\/wp\/v2\/users\/2"}],"replies":[{"embeddable":true,"href":"https:\/\/www.jazzzeitung.de\/cms\/wp-json\/wp\/v2\/comments?post=10590"}],"version-history":[{"count":7,"href":"https:\/\/www.jazzzeitung.de\/cms\/wp-json\/wp\/v2\/posts\/10590\/revisions"}],"predecessor-version":[{"id":11203,"href":"https:\/\/www.jazzzeitung.de\/cms\/wp-json\/wp\/v2\/posts\/10590\/revisions\/11203"}],"wp:featuredmedia":[{"embeddable":true,"href":"https:\/\/www.jazzzeitung.de\/cms\/wp-json\/wp\/v2\/media\/10593"}],"wp:attachment":[{"href":"https:\/\/www.jazzzeitung.de\/cms\/wp-json\/wp\/v2\/media?parent=10590"}],"wp:term":[{"taxonomy":"category","embeddable":true,"href":"https:\/\/www.jazzzeitung.de\/cms\/wp-json\/wp\/v2\/categories?post=10590"},{"taxonomy":"post_tag","embeddable":true,"href":"https:\/\/www.jazzzeitung.de\/cms\/wp-json\/wp\/v2\/tags?post=10590"},{"taxonomy":"author","embeddable":true,"href":"https:\/\/www.jazzzeitung.de\/cms\/wp-json\/wp\/v2\/coauthors?post=10590"}],"curies":[{"name":"wp","href":"https:\/\/api.w.org\/{rel}","templated":true}]}}