{"id":1058,"date":"2011-06-16T01:52:23","date_gmt":"2011-06-15T23:52:23","guid":{"rendered":"http:\/\/blogs.nmz.de\/jazz\/?p=1058"},"modified":"2011-06-16T01:52:23","modified_gmt":"2011-06-15T23:52:23","slug":"wo-bleibt-der-deutsche-jazz","status":"publish","type":"post","link":"https:\/\/www.jazzzeitung.de\/cms\/2011\/06\/wo-bleibt-der-deutsche-jazz\/","title":{"rendered":"Wo bleibt der deutsche Jazz?"},"content":{"rendered":"<p style=\"text-align: justify\"><a href=\"http:\/\/www.zeit.de\/kultur\/musik\/2011-06\/junger-deutscher-jazz\/seite-1\" target=\"_blank\">DIE ZEIT stellte k\u00fcrzlich in ihrer Online-Ausgabe \u2013 wieder einmal \u2013 diese Frage<\/a>.<\/p>\n<p style=\"text-align: justify\">Ausgangspunkt f\u00fcr das erneute Aufrollen eines altbekannten Themas \u2013 n\u00e4mlich, dass sich vom Jazz schlecht leben l\u00e4sst \u2013 ist die weiterhin zunehmende Dichte von erstklassigen Musikern und Bands aus Deutschen Landen, die das Missverh\u00e4ltnis zwischen der Qualit\u00e4t des Gebotenen und den Bedingungen, unter denen deutsche Musiker arbeiten, mehr und mehr in Schieflage bringt.<\/p>\n<p style=\"text-align: justify\">Der Autor des Artikels sieht die Deutschen Musiker \u2013 vor allem die jungen \u2013 durch die relative Gleichg\u00fcltigkeit der Deutschen f\u00fcr ihre eigenen K\u00fcnstler in Bedr\u00e4ngnis gebracht. In anderen L\u00e4ndern sei dies anders. Deutsche K\u00fcnstler, darunter unser Gastautor Felix Falk von Mo&#8216; Blow, beklagen im <a href=\"http:\/\/www.zeit.de\/kultur\/musik\/2011-06\/junger-deutscher-jazz\/seite-1\" target=\"_blank\">ZEIT-Artikel<\/a> die mangelnde strukturelle Unterst\u00fctzung bei Konzertreisen vonseiten Deutscher Kulturinstitutionen.<\/p>\n<div class=\"mceTemp\" style=\"text-align: justify\">\n<dl>\n<dt><a href=\"https:\/\/i0.wp.com\/www.jazzzeitung.de\/cms\/wp-content\/uploads\/2011\/06\/moblow.jpg\"><img data-recalc-dims=\"1\" loading=\"lazy\" decoding=\"async\" data-attachment-id=\"1060\" data-permalink=\"https:\/\/www.jazzzeitung.de\/cms\/2011\/06\/wo-bleibt-der-deutsche-jazz\/moblow\/\" data-orig-file=\"https:\/\/i0.wp.com\/www.jazzzeitung.de\/cms\/wp-content\/uploads\/2011\/06\/moblow.jpg?fit=2394%2C1717&amp;ssl=1\" data-orig-size=\"2394,1717\" data-comments-opened=\"1\" data-image-meta=\"{&quot;aperture&quot;:&quot;0&quot;,&quot;credit&quot;:&quot;&quot;,&quot;camera&quot;:&quot;&quot;,&quot;caption&quot;:&quot;&quot;,&quot;created_timestamp&quot;:&quot;0&quot;,&quot;copyright&quot;:&quot;&quot;,&quot;focal_length&quot;:&quot;0&quot;,&quot;iso&quot;:&quot;0&quot;,&quot;shutter_speed&quot;:&quot;0&quot;,&quot;title&quot;:&quot;&quot;}\" data-image-title=\"moblow\" data-image-description=\"\" data-image-caption=\"&lt;p&gt;Mo&amp;#8216; Blow. Foto: ACT\/Dirk Mathesius&lt;\/p&gt;\n\" data-large-file=\"https:\/\/i0.wp.com\/www.jazzzeitung.de\/cms\/wp-content\/uploads\/2011\/06\/moblow.jpg?fit=837%2C600&amp;ssl=1\" class=\"size-medium wp-image-1060\" title=\"moblow\" src=\"https:\/\/i0.wp.com\/www.jazzzeitung.de\/cms\/wp-content\/uploads\/2011\/06\/moblow-300x215.jpg?resize=300%2C215\" alt=\"Mo' Blow. Foto: ACT\/Dirk Mathesius\" width=\"300\" height=\"215\" srcset=\"https:\/\/i0.wp.com\/www.jazzzeitung.de\/cms\/wp-content\/uploads\/2011\/06\/moblow.jpg?resize=300%2C215&amp;ssl=1 300w, https:\/\/i0.wp.com\/www.jazzzeitung.de\/cms\/wp-content\/uploads\/2011\/06\/moblow.jpg?resize=1024%2C734&amp;ssl=1 1024w, https:\/\/i0.wp.com\/www.jazzzeitung.de\/cms\/wp-content\/uploads\/2011\/06\/moblow.jpg?w=1680&amp;ssl=1 1680w\" sizes=\"auto, (max-width: 300px) 100vw, 300px\" \/><\/a><\/dt>\n<dd>Mo&#8216; Blow. Foto: ACT\/Dirk Mathesius<\/dd>\n<\/dl>\n<\/div>\n<p style=\"text-align: justify\">Unter den zahlreichen Kommentatoren des Artikels wird nat\u00fcrlich mehr oder weniger polemisch diskutiert, ob Jazz nun toll sei oder doch eher nicht&#8230;<\/p>\n<h6 style=\"text-align: justify\"><span style=\"text-decoration: underline\"><strong>falsche Irrt\u00fcmer&#8230;<\/strong><\/span><\/h6>\n<p style=\"text-align: justify\">Abseits der Geschmacksdebatten gab es aber auch einige der im Text getroffenen Aussagen richtigzustellen: Kritisiert wird zum Beispiel, dass im Artikel inklusive Labelchef Siggi Loch nur ACT-K\u00fcnstler zu Wort kommen. Auf die Behauptung, dass junge deutsche Jazzk\u00fcnstler bei deutschen Festivals kaum programmiert werden, meldeten sich Veranstalter wie beispielsweise das <a href=\"http:\/\/www.zeit.de\/kultur\/musik\/2011-06\/junger-deutscher-jazz\/seite-2?commentstart=17#cid-1374894\" target=\"_blank\">Elbjazz-Festival, das ausdr\u00fccklich auf 25 Deutsche Bands in seinem diesj\u00e4hrigen Programm verweist (Kommentar 21)<\/a>. Die Behauptung, deutsche Bands h\u00e4tten auf deutschen B\u00fchnen keinen Platz, ist so pauschal kaum haltbar. Der &#8222;Nachwuchsmusiker&#8220; <a href=\"http:\/\/www.zeit.de\/kultur\/musik\/2011-06\/junger-deutscher-jazz\/seite-2?commentstart=25#cid-1375960\" target=\"_blank\"><em>DominikR<\/em> deckt allerdings in seinem Beitrag den Pferdefu\u00df auf (Kommentar 25)<\/a>: Einfach nur spielen reicht nicht, der Auftritt muss auch angemessen bezahlt werden, wenn Jazzmusiker von ihrer Kunst leben sollen! Gerade hier bleiben die Veranstalter oft hinter den Erwartungen zur\u00fcck.<\/p>\n<p style=\"text-align: justify\">Die w\u00fctendsten Proteste gab es aus Richtung des <a href=\"http:\/\/www.zeit.de\/kultur\/musik\/2011-06\/junger-deutscher-jazz\/seite-2?commentstart=25#cid-1378601\" target=\"_blank\">italienischen Goethe-Instituts, das sein dortiges Engagement f\u00fcr deutsche (ACT-) K\u00fcnstler ignoriert sieht (Kommentar 29, 32)<\/a>. Obendrein zitiert der Autor im urspr\u00fcnglichen Text Siggi Loch dahingehend, dass der Leiter des Instituts in Rom bei einer Jazzveranstaltung mit Till Br\u00f6nner im eigenen Haus durch Abwesenheit gl\u00e4nzte. Dies hat sich als falsch herausgestellt und die Redaktion musste den Passus inzwischen ausbessern.<\/p>\n<p style=\"text-align: justify\">Was wir daraus gelernt haben? Es gibt viele deutsche Jazzmusiker, von denen spielen nur wenige oft genug und allesamt verdienen dabei zu wenig. Und: Wenn man andere Menschen als Siggi Loch fragt, findet man heraus, dass ACT gar nicht das einzige deutsche Jazzlabel ist! Wer h\u00e4tte das gedacht&#8230;<\/p>\n<p style=\"text-align: justify\">\n<h4 style=\"text-align: justify\"><strong><a href=\"http:\/\/www.zeit.de\/kultur\/musik\/2011-06\/junger-deutscher-jazz\/seite-1\" target=\"_blank\">Zum Artikel auf ZEIT-Online<\/a><\/strong><\/h4>\n<p style=\"text-align: justify\">\n","protected":false},"excerpt":{"rendered":"<p>DIE ZEIT stellte k\u00fcrzlich in ihrer Online-Ausgabe \u2013 wieder einmal \u2013 diese Frage. Ausgangspunkt f\u00fcr das erneute Aufrollen eines altbekannten Themas \u2013 n\u00e4mlich, dass sich vom Jazz schlecht leben l\u00e4sst \u2013 ist die weiterhin zunehmende Dichte von erstklassigen Musikern und Bands aus Deutschen Landen, die das Missverh\u00e4ltnis zwischen der Qualit\u00e4t des Gebotenen und den Bedingungen, unter denen deutsche Musiker arbeiten, mehr und mehr in Schieflage bringt. Der Autor des Artikels sieht die Deutschen Musiker \u2013 vor allem die jungen \u2013 durch die relative Gleichg\u00fcltigkeit der Deutschen f\u00fcr ihre eigenen K\u00fcnstler in Bedr\u00e4ngnis gebracht. In anderen L\u00e4ndern sei dies anders. Deutsche K\u00fcnstler, darunter unser Gastautor Felix Falk von Mo&#8216; Blow, beklagen im ZEIT-Artikel die mangelnde strukturelle Unterst\u00fctzung bei Konzertreisen vonseiten Deutscher Kulturinstitutionen. Mo&#8216; Blow. Foto: ACT\/Dirk Mathesius Unter den zahlreichen Kommentatoren des Artikels wird nat\u00fcrlich mehr oder weniger polemisch diskutiert, ob Jazz nun toll sei oder doch eher nicht&#8230; falsche Irrt\u00fcmer&#8230; Abseits der Geschmacksdebatten gab es aber auch einige der im Text getroffenen Aussagen richtigzustellen: Kritisiert wird zum Beispiel, dass im Artikel inklusive Labelchef Siggi Loch nur ACT-K\u00fcnstler zu Wort kommen. Auf die Behauptung, dass junge &hellip;<\/p>\n","protected":false},"author":4,"featured_media":0,"comment_status":"open","ping_status":"open","sticky":false,"template":"","format":"standard","meta":{"_jetpack_memberships_contains_paid_content":false,"footnotes":"","jetpack_publicize_message":"","jetpack_publicize_feature_enabled":true,"jetpack_social_post_already_shared":false,"jetpack_social_options":{"image_generator_settings":{"template":"highway","default_image_id":0,"font":"","enabled":false},"version":2}},"categories":[82],"tags":[29,140,173,205,281,339,394,500,549],"coauthors":[],"class_list":["post-1058","post","type-post","status-publish","format-standard","hentry","category-blog","tag-act","tag-die-zeit","tag-felix-falk","tag-goethe-institut","tag-jazzmusiker","tag-label","tag-mo-blow","tag-siggi-loch","tag-till-broenner"],"yoast_head":"<!-- This site is optimized with the Yoast SEO plugin v27.5 - https:\/\/yoast.com\/product\/yoast-seo-wordpress\/ -->\n<title>Wo bleibt der deutsche Jazz?  - JazzZeitung<\/title>\n<meta name=\"robots\" content=\"index, follow, max-snippet:-1, max-image-preview:large, max-video-preview:-1\" \/>\n<link rel=\"canonical\" href=\"https:\/\/www.jazzzeitung.de\/cms\/2011\/06\/wo-bleibt-der-deutsche-jazz\/\" \/>\n<meta property=\"og:locale\" content=\"de_DE\" \/>\n<meta property=\"og:type\" content=\"article\" \/>\n<meta property=\"og:title\" content=\"Wo bleibt der deutsche Jazz?  - JazzZeitung\" \/>\n<meta property=\"og:description\" content=\"DIE ZEIT stellte k\u00fcrzlich in ihrer Online-Ausgabe \u2013 wieder einmal \u2013 diese Frage. Ausgangspunkt f\u00fcr das erneute Aufrollen eines altbekannten Themas \u2013 n\u00e4mlich, dass sich vom Jazz schlecht leben l\u00e4sst \u2013 ist die weiterhin zunehmende Dichte von erstklassigen Musikern und Bands aus Deutschen Landen, die das Missverh\u00e4ltnis zwischen der Qualit\u00e4t des Gebotenen und den Bedingungen, unter denen deutsche Musiker arbeiten, mehr und mehr in Schieflage bringt. Der Autor des Artikels sieht die Deutschen Musiker \u2013 vor allem die jungen \u2013 durch die relative Gleichg\u00fcltigkeit der Deutschen f\u00fcr ihre eigenen K\u00fcnstler in Bedr\u00e4ngnis gebracht. In anderen L\u00e4ndern sei dies anders. Deutsche K\u00fcnstler, darunter unser Gastautor Felix Falk von Mo&#8216; Blow, beklagen im ZEIT-Artikel die mangelnde strukturelle Unterst\u00fctzung bei Konzertreisen vonseiten Deutscher Kulturinstitutionen. Mo&#8216; Blow. Foto: ACT\/Dirk Mathesius Unter den zahlreichen Kommentatoren des Artikels wird nat\u00fcrlich mehr oder weniger polemisch diskutiert, ob Jazz nun toll sei oder doch eher nicht&#8230; falsche Irrt\u00fcmer&#8230; Abseits der Geschmacksdebatten gab es aber auch einige der im Text getroffenen Aussagen richtigzustellen: Kritisiert wird zum Beispiel, dass im Artikel inklusive Labelchef Siggi Loch nur ACT-K\u00fcnstler zu Wort kommen. Auf die Behauptung, dass junge &hellip;\" \/>\n<meta property=\"og:url\" content=\"https:\/\/www.jazzzeitung.de\/cms\/2011\/06\/wo-bleibt-der-deutsche-jazz\/\" \/>\n<meta property=\"og:site_name\" content=\"JazzZeitung\" \/>\n<meta property=\"article:publisher\" content=\"https:\/\/www.facebook.com\/JazzZeitung\/\" \/>\n<meta property=\"article:published_time\" content=\"2011-06-15T23:52:23+00:00\" \/>\n<meta property=\"og:image\" content=\"http:\/\/www.jazzzeitung.de\/cms\/wp-content\/uploads\/2011\/06\/moblow-300x215.jpg\" \/>\n<meta name=\"author\" content=\"J\u00f6rg Lichtinger\" \/>\n<script type=\"application\/ld+json\" class=\"yoast-schema-graph\">{\"@context\":\"https:\\\/\\\/schema.org\",\"@graph\":[{\"@type\":\"Article\",\"@id\":\"https:\\\/\\\/www.jazzzeitung.de\\\/cms\\\/2011\\\/06\\\/wo-bleibt-der-deutsche-jazz\\\/#article\",\"isPartOf\":{\"@id\":\"https:\\\/\\\/www.jazzzeitung.de\\\/cms\\\/2011\\\/06\\\/wo-bleibt-der-deutsche-jazz\\\/\"},\"author\":{\"name\":\"J\u00f6rg Lichtinger\",\"@id\":\"https:\\\/\\\/www.jazzzeitung.de\\\/cms\\\/#\\\/schema\\\/person\\\/4c5aaf486bdcd85db94b9a8b9e026bad\"},\"headline\":\"Wo bleibt der deutsche Jazz?\",\"datePublished\":\"2011-06-15T23:52:23+00:00\",\"mainEntityOfPage\":{\"@id\":\"https:\\\/\\\/www.jazzzeitung.de\\\/cms\\\/2011\\\/06\\\/wo-bleibt-der-deutsche-jazz\\\/\"},\"wordCount\":412,\"commentCount\":0,\"publisher\":{\"@id\":\"https:\\\/\\\/www.jazzzeitung.de\\\/cms\\\/#organization\"},\"image\":{\"@id\":\"https:\\\/\\\/www.jazzzeitung.de\\\/cms\\\/2011\\\/06\\\/wo-bleibt-der-deutsche-jazz\\\/#primaryimage\"},\"thumbnailUrl\":\"http:\\\/\\\/www.jazzzeitung.de\\\/cms\\\/wp-content\\\/uploads\\\/2011\\\/06\\\/moblow-300x215.jpg\",\"keywords\":[\"act\",\"die ZEIT\",\"Felix Falk\",\"Goethe-Institut\",\"Jazzmusiker\",\"Label\",\"mo' blow\",\"Siggi Loch\",\"Till Br\u00f6nner\"],\"articleSection\":[\"Blog\"],\"inLanguage\":\"de\",\"potentialAction\":[{\"@type\":\"CommentAction\",\"name\":\"Comment\",\"target\":[\"https:\\\/\\\/www.jazzzeitung.de\\\/cms\\\/2011\\\/06\\\/wo-bleibt-der-deutsche-jazz\\\/#respond\"]}]},{\"@type\":\"WebPage\",\"@id\":\"https:\\\/\\\/www.jazzzeitung.de\\\/cms\\\/2011\\\/06\\\/wo-bleibt-der-deutsche-jazz\\\/\",\"url\":\"https:\\\/\\\/www.jazzzeitung.de\\\/cms\\\/2011\\\/06\\\/wo-bleibt-der-deutsche-jazz\\\/\",\"name\":\"Wo bleibt der deutsche Jazz? - JazzZeitung\",\"isPartOf\":{\"@id\":\"https:\\\/\\\/www.jazzzeitung.de\\\/cms\\\/#website\"},\"primaryImageOfPage\":{\"@id\":\"https:\\\/\\\/www.jazzzeitung.de\\\/cms\\\/2011\\\/06\\\/wo-bleibt-der-deutsche-jazz\\\/#primaryimage\"},\"image\":{\"@id\":\"https:\\\/\\\/www.jazzzeitung.de\\\/cms\\\/2011\\\/06\\\/wo-bleibt-der-deutsche-jazz\\\/#primaryimage\"},\"thumbnailUrl\":\"http:\\\/\\\/www.jazzzeitung.de\\\/cms\\\/wp-content\\\/uploads\\\/2011\\\/06\\\/moblow-300x215.jpg\",\"datePublished\":\"2011-06-15T23:52:23+00:00\",\"breadcrumb\":{\"@id\":\"https:\\\/\\\/www.jazzzeitung.de\\\/cms\\\/2011\\\/06\\\/wo-bleibt-der-deutsche-jazz\\\/#breadcrumb\"},\"inLanguage\":\"de\",\"potentialAction\":[{\"@type\":\"ReadAction\",\"target\":[\"https:\\\/\\\/www.jazzzeitung.de\\\/cms\\\/2011\\\/06\\\/wo-bleibt-der-deutsche-jazz\\\/\"]}]},{\"@type\":\"ImageObject\",\"inLanguage\":\"de\",\"@id\":\"https:\\\/\\\/www.jazzzeitung.de\\\/cms\\\/2011\\\/06\\\/wo-bleibt-der-deutsche-jazz\\\/#primaryimage\",\"url\":\"http:\\\/\\\/www.jazzzeitung.de\\\/cms\\\/wp-content\\\/uploads\\\/2011\\\/06\\\/moblow-300x215.jpg\",\"contentUrl\":\"http:\\\/\\\/www.jazzzeitung.de\\\/cms\\\/wp-content\\\/uploads\\\/2011\\\/06\\\/moblow-300x215.jpg\"},{\"@type\":\"BreadcrumbList\",\"@id\":\"https:\\\/\\\/www.jazzzeitung.de\\\/cms\\\/2011\\\/06\\\/wo-bleibt-der-deutsche-jazz\\\/#breadcrumb\",\"itemListElement\":[{\"@type\":\"ListItem\",\"position\":1,\"name\":\"Startseite\",\"item\":\"https:\\\/\\\/www.jazzzeitung.de\\\/cms\\\/\"},{\"@type\":\"ListItem\",\"position\":2,\"name\":\"Wo bleibt der deutsche Jazz?\"}]},{\"@type\":\"WebSite\",\"@id\":\"https:\\\/\\\/www.jazzzeitung.de\\\/cms\\\/#website\",\"url\":\"https:\\\/\\\/www.jazzzeitung.de\\\/cms\\\/\",\"name\":\"JazzZeitung\",\"description\":\"Jazz-News und Jazz-Kontroverses\",\"publisher\":{\"@id\":\"https:\\\/\\\/www.jazzzeitung.de\\\/cms\\\/#organization\"},\"potentialAction\":[{\"@type\":\"SearchAction\",\"target\":{\"@type\":\"EntryPoint\",\"urlTemplate\":\"https:\\\/\\\/www.jazzzeitung.de\\\/cms\\\/?s={search_term_string}\"},\"query-input\":{\"@type\":\"PropertyValueSpecification\",\"valueRequired\":true,\"valueName\":\"search_term_string\"}}],\"inLanguage\":\"de\"},{\"@type\":\"Organization\",\"@id\":\"https:\\\/\\\/www.jazzzeitung.de\\\/cms\\\/#organization\",\"name\":\"JazzZeitung online\",\"url\":\"https:\\\/\\\/www.jazzzeitung.de\\\/cms\\\/\",\"logo\":{\"@type\":\"ImageObject\",\"inLanguage\":\"de\",\"@id\":\"https:\\\/\\\/www.jazzzeitung.de\\\/cms\\\/#\\\/schema\\\/logo\\\/image\\\/\",\"url\":\"https:\\\/\\\/i0.wp.com\\\/www.jazzzeitung.de\\\/cms\\\/wp-content\\\/uploads\\\/2015\\\/08\\\/JAZZZEITUNGDE_Logo_Neu.png?fit=499%2C200&ssl=1\",\"contentUrl\":\"https:\\\/\\\/i0.wp.com\\\/www.jazzzeitung.de\\\/cms\\\/wp-content\\\/uploads\\\/2015\\\/08\\\/JAZZZEITUNGDE_Logo_Neu.png?fit=499%2C200&ssl=1\",\"width\":499,\"height\":200,\"caption\":\"JazzZeitung online\"},\"image\":{\"@id\":\"https:\\\/\\\/www.jazzzeitung.de\\\/cms\\\/#\\\/schema\\\/logo\\\/image\\\/\"},\"sameAs\":[\"https:\\\/\\\/www.facebook.com\\\/JazzZeitung\\\/\"]},{\"@type\":\"Person\",\"@id\":\"https:\\\/\\\/www.jazzzeitung.de\\\/cms\\\/#\\\/schema\\\/person\\\/4c5aaf486bdcd85db94b9a8b9e026bad\",\"name\":\"J\u00f6rg Lichtinger\",\"image\":{\"@type\":\"ImageObject\",\"inLanguage\":\"de\",\"@id\":\"https:\\\/\\\/secure.gravatar.com\\\/avatar\\\/8d1d484eb77cf370a1620f9866681cdba540c9b8439ce96ea0c830dd3b59936c?s=96&d=wp_user_avatar&r=ge66dff7680db2349fb79ae0cb2d734e3\",\"url\":\"https:\\\/\\\/secure.gravatar.com\\\/avatar\\\/8d1d484eb77cf370a1620f9866681cdba540c9b8439ce96ea0c830dd3b59936c?s=96&d=wp_user_avatar&r=g\",\"contentUrl\":\"https:\\\/\\\/secure.gravatar.com\\\/avatar\\\/8d1d484eb77cf370a1620f9866681cdba540c9b8439ce96ea0c830dd3b59936c?s=96&d=wp_user_avatar&r=g\",\"caption\":\"J\u00f6rg Lichtinger\"},\"url\":\"https:\\\/\\\/www.jazzzeitung.de\\\/cms\\\/author\\\/lichtinger\\\/\"}]}<\/script>\n<!-- \/ Yoast SEO plugin. -->","yoast_head_json":{"title":"Wo bleibt der deutsche Jazz?  - JazzZeitung","robots":{"index":"index","follow":"follow","max-snippet":"max-snippet:-1","max-image-preview":"max-image-preview:large","max-video-preview":"max-video-preview:-1"},"canonical":"https:\/\/www.jazzzeitung.de\/cms\/2011\/06\/wo-bleibt-der-deutsche-jazz\/","og_locale":"de_DE","og_type":"article","og_title":"Wo bleibt der deutsche Jazz?  - JazzZeitung","og_description":"DIE ZEIT stellte k\u00fcrzlich in ihrer Online-Ausgabe \u2013 wieder einmal \u2013 diese Frage. Ausgangspunkt f\u00fcr das erneute Aufrollen eines altbekannten Themas \u2013 n\u00e4mlich, dass sich vom Jazz schlecht leben l\u00e4sst \u2013 ist die weiterhin zunehmende Dichte von erstklassigen Musikern und Bands aus Deutschen Landen, die das Missverh\u00e4ltnis zwischen der Qualit\u00e4t des Gebotenen und den Bedingungen, unter denen deutsche Musiker arbeiten, mehr und mehr in Schieflage bringt. Der Autor des Artikels sieht die Deutschen Musiker \u2013 vor allem die jungen \u2013 durch die relative Gleichg\u00fcltigkeit der Deutschen f\u00fcr ihre eigenen K\u00fcnstler in Bedr\u00e4ngnis gebracht. In anderen L\u00e4ndern sei dies anders. Deutsche K\u00fcnstler, darunter unser Gastautor Felix Falk von Mo&#8216; Blow, beklagen im ZEIT-Artikel die mangelnde strukturelle Unterst\u00fctzung bei Konzertreisen vonseiten Deutscher Kulturinstitutionen. Mo&#8216; Blow. Foto: ACT\/Dirk Mathesius Unter den zahlreichen Kommentatoren des Artikels wird nat\u00fcrlich mehr oder weniger polemisch diskutiert, ob Jazz nun toll sei oder doch eher nicht&#8230; falsche Irrt\u00fcmer&#8230; Abseits der Geschmacksdebatten gab es aber auch einige der im Text getroffenen Aussagen richtigzustellen: Kritisiert wird zum Beispiel, dass im Artikel inklusive Labelchef Siggi Loch nur ACT-K\u00fcnstler zu Wort kommen. Auf die Behauptung, dass junge &hellip;","og_url":"https:\/\/www.jazzzeitung.de\/cms\/2011\/06\/wo-bleibt-der-deutsche-jazz\/","og_site_name":"JazzZeitung","article_publisher":"https:\/\/www.facebook.com\/JazzZeitung\/","article_published_time":"2011-06-15T23:52:23+00:00","og_image":[{"url":"http:\/\/www.jazzzeitung.de\/cms\/wp-content\/uploads\/2011\/06\/moblow-300x215.jpg","type":"","width":"","height":""}],"author":"J\u00f6rg Lichtinger","schema":{"@context":"https:\/\/schema.org","@graph":[{"@type":"Article","@id":"https:\/\/www.jazzzeitung.de\/cms\/2011\/06\/wo-bleibt-der-deutsche-jazz\/#article","isPartOf":{"@id":"https:\/\/www.jazzzeitung.de\/cms\/2011\/06\/wo-bleibt-der-deutsche-jazz\/"},"author":{"name":"J\u00f6rg Lichtinger","@id":"https:\/\/www.jazzzeitung.de\/cms\/#\/schema\/person\/4c5aaf486bdcd85db94b9a8b9e026bad"},"headline":"Wo bleibt der deutsche Jazz?","datePublished":"2011-06-15T23:52:23+00:00","mainEntityOfPage":{"@id":"https:\/\/www.jazzzeitung.de\/cms\/2011\/06\/wo-bleibt-der-deutsche-jazz\/"},"wordCount":412,"commentCount":0,"publisher":{"@id":"https:\/\/www.jazzzeitung.de\/cms\/#organization"},"image":{"@id":"https:\/\/www.jazzzeitung.de\/cms\/2011\/06\/wo-bleibt-der-deutsche-jazz\/#primaryimage"},"thumbnailUrl":"http:\/\/www.jazzzeitung.de\/cms\/wp-content\/uploads\/2011\/06\/moblow-300x215.jpg","keywords":["act","die ZEIT","Felix Falk","Goethe-Institut","Jazzmusiker","Label","mo' blow","Siggi Loch","Till Br\u00f6nner"],"articleSection":["Blog"],"inLanguage":"de","potentialAction":[{"@type":"CommentAction","name":"Comment","target":["https:\/\/www.jazzzeitung.de\/cms\/2011\/06\/wo-bleibt-der-deutsche-jazz\/#respond"]}]},{"@type":"WebPage","@id":"https:\/\/www.jazzzeitung.de\/cms\/2011\/06\/wo-bleibt-der-deutsche-jazz\/","url":"https:\/\/www.jazzzeitung.de\/cms\/2011\/06\/wo-bleibt-der-deutsche-jazz\/","name":"Wo bleibt der deutsche Jazz? - JazzZeitung","isPartOf":{"@id":"https:\/\/www.jazzzeitung.de\/cms\/#website"},"primaryImageOfPage":{"@id":"https:\/\/www.jazzzeitung.de\/cms\/2011\/06\/wo-bleibt-der-deutsche-jazz\/#primaryimage"},"image":{"@id":"https:\/\/www.jazzzeitung.de\/cms\/2011\/06\/wo-bleibt-der-deutsche-jazz\/#primaryimage"},"thumbnailUrl":"http:\/\/www.jazzzeitung.de\/cms\/wp-content\/uploads\/2011\/06\/moblow-300x215.jpg","datePublished":"2011-06-15T23:52:23+00:00","breadcrumb":{"@id":"https:\/\/www.jazzzeitung.de\/cms\/2011\/06\/wo-bleibt-der-deutsche-jazz\/#breadcrumb"},"inLanguage":"de","potentialAction":[{"@type":"ReadAction","target":["https:\/\/www.jazzzeitung.de\/cms\/2011\/06\/wo-bleibt-der-deutsche-jazz\/"]}]},{"@type":"ImageObject","inLanguage":"de","@id":"https:\/\/www.jazzzeitung.de\/cms\/2011\/06\/wo-bleibt-der-deutsche-jazz\/#primaryimage","url":"http:\/\/www.jazzzeitung.de\/cms\/wp-content\/uploads\/2011\/06\/moblow-300x215.jpg","contentUrl":"http:\/\/www.jazzzeitung.de\/cms\/wp-content\/uploads\/2011\/06\/moblow-300x215.jpg"},{"@type":"BreadcrumbList","@id":"https:\/\/www.jazzzeitung.de\/cms\/2011\/06\/wo-bleibt-der-deutsche-jazz\/#breadcrumb","itemListElement":[{"@type":"ListItem","position":1,"name":"Startseite","item":"https:\/\/www.jazzzeitung.de\/cms\/"},{"@type":"ListItem","position":2,"name":"Wo bleibt der deutsche Jazz?"}]},{"@type":"WebSite","@id":"https:\/\/www.jazzzeitung.de\/cms\/#website","url":"https:\/\/www.jazzzeitung.de\/cms\/","name":"JazzZeitung","description":"Jazz-News und Jazz-Kontroverses","publisher":{"@id":"https:\/\/www.jazzzeitung.de\/cms\/#organization"},"potentialAction":[{"@type":"SearchAction","target":{"@type":"EntryPoint","urlTemplate":"https:\/\/www.jazzzeitung.de\/cms\/?s={search_term_string}"},"query-input":{"@type":"PropertyValueSpecification","valueRequired":true,"valueName":"search_term_string"}}],"inLanguage":"de"},{"@type":"Organization","@id":"https:\/\/www.jazzzeitung.de\/cms\/#organization","name":"JazzZeitung online","url":"https:\/\/www.jazzzeitung.de\/cms\/","logo":{"@type":"ImageObject","inLanguage":"de","@id":"https:\/\/www.jazzzeitung.de\/cms\/#\/schema\/logo\/image\/","url":"https:\/\/i0.wp.com\/www.jazzzeitung.de\/cms\/wp-content\/uploads\/2015\/08\/JAZZZEITUNGDE_Logo_Neu.png?fit=499%2C200&ssl=1","contentUrl":"https:\/\/i0.wp.com\/www.jazzzeitung.de\/cms\/wp-content\/uploads\/2015\/08\/JAZZZEITUNGDE_Logo_Neu.png?fit=499%2C200&ssl=1","width":499,"height":200,"caption":"JazzZeitung online"},"image":{"@id":"https:\/\/www.jazzzeitung.de\/cms\/#\/schema\/logo\/image\/"},"sameAs":["https:\/\/www.facebook.com\/JazzZeitung\/"]},{"@type":"Person","@id":"https:\/\/www.jazzzeitung.de\/cms\/#\/schema\/person\/4c5aaf486bdcd85db94b9a8b9e026bad","name":"J\u00f6rg Lichtinger","image":{"@type":"ImageObject","inLanguage":"de","@id":"https:\/\/secure.gravatar.com\/avatar\/8d1d484eb77cf370a1620f9866681cdba540c9b8439ce96ea0c830dd3b59936c?s=96&d=wp_user_avatar&r=ge66dff7680db2349fb79ae0cb2d734e3","url":"https:\/\/secure.gravatar.com\/avatar\/8d1d484eb77cf370a1620f9866681cdba540c9b8439ce96ea0c830dd3b59936c?s=96&d=wp_user_avatar&r=g","contentUrl":"https:\/\/secure.gravatar.com\/avatar\/8d1d484eb77cf370a1620f9866681cdba540c9b8439ce96ea0c830dd3b59936c?s=96&d=wp_user_avatar&r=g","caption":"J\u00f6rg Lichtinger"},"url":"https:\/\/www.jazzzeitung.de\/cms\/author\/lichtinger\/"}]}},"wp-worthy-pixel":{"ignored":false,"public":null,"server":null,"url":null},"wp-worthy-type":"normal","jetpack_publicize_connections":[],"cc_featured_image_caption":{"caption_text":false,"source_text":false,"source_url":false},"jetpack_featured_media_url":"","jetpack_shortlink":"https:\/\/wp.me\/p3KEcT-h4","jetpack-related-posts":[{"id":1096,"url":"https:\/\/www.jazzzeitung.de\/cms\/2011\/06\/nmz-tv-buehne-hochsubventionierte-klassik-unterbezahlter-pop-und-jazz\/","url_meta":{"origin":1058,"position":0},"title":"nmz-TV-B\u00fchne: Hochsubventionierte Klassik &#8211; unterbezahlter Pop und Jazz?","author":"J\u00f6rg Lichtinger","date":"18. Juni 2011","format":false,"excerpt":"In unserem Post \"Wo bleibt der deutsche Jazz\" \u00fcber den ZEIT-Online-Artikel zur Deutschen Jazzszene kam k\u00fcrzlich wieder die Situation des deutschen Jazz zur Sprache. Im genannten Artikel hat unter anderem Felix Falk von Mo' Blow die fehlende Exportf\u00f6rderung f\u00fcr deutsche Bands beklagt, die es zum Beispiel in skandinavischen L\u00e4ndern sehr\u2026","rel":"","context":"In &quot;Blog&quot;","block_context":{"text":"Blog","link":"https:\/\/www.jazzzeitung.de\/cms\/thema\/blog\/"},"img":{"alt_text":"v.l.n.r.: Udo Dahmen, Ina Ke\u00dfler, Ursula Gaisa, Julia H\u00fclsmann, Peter Ortmann. Foto: nmzMedia","src":"https:\/\/i0.wp.com\/www.jazzzeitung.de\/cms\/wp-content\/uploads\/2011\/06\/M5_Subventionen_0-300x168.jpg?resize=350%2C200","width":350,"height":200},"classes":[]},{"id":11186,"url":"https:\/\/www.jazzzeitung.de\/cms\/2016\/11\/bundestag-verdoppelt-preisgelder-fuer-den-spielstaettenprogrammpreis-applaus\/","url_meta":{"origin":1058,"position":1},"title":"Bundestag verdoppelt Preisgelder f\u00fcr den Spielst\u00e4ttenprogrammpreis APPLAUS","author":"Redaktion JazzZeitung","date":"23. November 2016","format":false,"excerpt":"Pressemeldung der BK Jazz: In einem Ma\u00dfnahmenpaket hat der Deutsche Bundestag in seiner heutigen Sitzung 8,2 Millionen Euro zus\u00e4tzliche F\u00f6rderung f\u00fcr Jazz, Rock und Pop beschlossen. Dabei werden auch die Preisgelder beim Spielst\u00e4ttenprogrammpreis APPLAUS im f\u00fcnften Jahr seines Bestehens auf 2 Mio. Euro verdoppelt. \u201eMit der Verdopplung der Preisgelder wird\u2026","rel":"","context":"In &quot;News&quot;","block_context":{"text":"News","link":"https:\/\/www.jazzzeitung.de\/cms\/thema\/nachrichten\/"},"img":{"alt_text":"Kulturlobbyisten und -macher. Foto: Hufner","src":"https:\/\/i0.wp.com\/www.jazzzeitung.de\/cms\/wp-content\/uploads\/2016\/11\/initiative_musik_team_c_hufner.jpg?fit=1200%2C815&ssl=1&resize=350%2C200","width":350,"height":200,"srcset":"https:\/\/i0.wp.com\/www.jazzzeitung.de\/cms\/wp-content\/uploads\/2016\/11\/initiative_musik_team_c_hufner.jpg?fit=1200%2C815&ssl=1&resize=350%2C200 1x, https:\/\/i0.wp.com\/www.jazzzeitung.de\/cms\/wp-content\/uploads\/2016\/11\/initiative_musik_team_c_hufner.jpg?fit=1200%2C815&ssl=1&resize=525%2C300 1.5x, https:\/\/i0.wp.com\/www.jazzzeitung.de\/cms\/wp-content\/uploads\/2016\/11\/initiative_musik_team_c_hufner.jpg?fit=1200%2C815&ssl=1&resize=700%2C400 2x, https:\/\/i0.wp.com\/www.jazzzeitung.de\/cms\/wp-content\/uploads\/2016\/11\/initiative_musik_team_c_hufner.jpg?fit=1200%2C815&ssl=1&resize=1050%2C600 3x"},"classes":[]},{"id":30866,"url":"https:\/\/www.jazzzeitung.de\/cms\/2024\/04\/wechsel-in-vorstand-und-geschaeftsfuehrung-der-deutschen-jazzunion\/","url_meta":{"origin":1058,"position":2},"title":"Wechsel in Vorstand und Gesch\u00e4ftsf\u00fchrung der Deutschen Jazzunion","author":"Redaktion JazzZeitung","date":"17. April 2024","format":false,"excerpt":"Doppelte Stabs\u00fcbergabe beim Sprachrohr der Jazzmusiker*innen in Deutschland: im Rahmen der jazzahead! in Bremen wurden Gesch\u00e4ftsf\u00fchrer Urs Johnen und Vorstandsmitglied Nikolaus Neuser verabschiedet. Ihnen folgen Camille Buscot und Michael Griener nach. Die Vorsitzenden der Deutschen Jazzunion Anette von Eichel und Felix Falk w\u00fcrdigten Johnens Verdienste auf einer Mitgliederversammlung mit einem\u2026","rel":"","context":"In &quot;News&quot;","block_context":{"text":"News","link":"https:\/\/www.jazzzeitung.de\/cms\/thema\/nachrichten\/"},"img":{"alt_text":"Stabswechel bei der Deutschen Jazzunion (v.l.n.r., hinten: Johanna Schneider, Camille Buscot, Michael Griener, Urs Johnen, Anette von Eichel; vorne: Felix Falk, Janning Trumann, Robert Lucaciu \u00a9 Julia Tornier","src":"https:\/\/i0.wp.com\/www.jazzzeitung.de\/cms\/wp-content\/uploads\/2024\/04\/2024-04-13_VerabschiedungUrsJohnen_VorstandCamilleUrs-scaled.jpg?fit=1200%2C900&ssl=1&resize=350%2C200","width":350,"height":200,"srcset":"https:\/\/i0.wp.com\/www.jazzzeitung.de\/cms\/wp-content\/uploads\/2024\/04\/2024-04-13_VerabschiedungUrsJohnen_VorstandCamilleUrs-scaled.jpg?fit=1200%2C900&ssl=1&resize=350%2C200 1x, https:\/\/i0.wp.com\/www.jazzzeitung.de\/cms\/wp-content\/uploads\/2024\/04\/2024-04-13_VerabschiedungUrsJohnen_VorstandCamilleUrs-scaled.jpg?fit=1200%2C900&ssl=1&resize=525%2C300 1.5x, https:\/\/i0.wp.com\/www.jazzzeitung.de\/cms\/wp-content\/uploads\/2024\/04\/2024-04-13_VerabschiedungUrsJohnen_VorstandCamilleUrs-scaled.jpg?fit=1200%2C900&ssl=1&resize=700%2C400 2x, https:\/\/i0.wp.com\/www.jazzzeitung.de\/cms\/wp-content\/uploads\/2024\/04\/2024-04-13_VerabschiedungUrsJohnen_VorstandCamilleUrs-scaled.jpg?fit=1200%2C900&ssl=1&resize=1050%2C600 3x"},"classes":[]},{"id":23943,"url":"https:\/\/www.jazzzeitung.de\/cms\/2020\/12\/deutscher-jazzpreis-der-initiative-musik-feiert-2021-seine-premiere\/","url_meta":{"origin":1058,"position":3},"title":"Deutscher Jazzpreis der Initiative Musik feiert 2021 seine Premiere","author":"Redaktion JazzZeitung","date":"8. Dezember 2020","format":false,"excerpt":"Pressemitteilung der Initiative Musik: Der Deutsche Jazzpreis wird im Juni 2021 erstmals von Kulturstaatsministerin Monika Gr\u00fctters verliehen: \u201eJazz ist eine markante Gattung in unserer vielf\u00e4ltigen Musiklandschaft. Aus diesem Grund f\u00f6rdert der Bund die Jazzkultur in Deutschland auf unterschiedliche Weise, zum Beispiel mit der Schaffung eines Zentrums f\u00fcr Jazz und improvisierte\u2026","rel":"","context":"In &quot;News&quot;","block_context":{"text":"News","link":"https:\/\/www.jazzzeitung.de\/cms\/thema\/nachrichten\/"},"img":{"alt_text":"jazz_news. Motiv. Foto: Hufner","src":"https:\/\/i0.wp.com\/www.jazzzeitung.de\/cms\/wp-content\/uploads\/2017\/10\/jazz_news.jpg?fit=1200%2C873&ssl=1&resize=350%2C200","width":350,"height":200,"srcset":"https:\/\/i0.wp.com\/www.jazzzeitung.de\/cms\/wp-content\/uploads\/2017\/10\/jazz_news.jpg?fit=1200%2C873&ssl=1&resize=350%2C200 1x, https:\/\/i0.wp.com\/www.jazzzeitung.de\/cms\/wp-content\/uploads\/2017\/10\/jazz_news.jpg?fit=1200%2C873&ssl=1&resize=525%2C300 1.5x, https:\/\/i0.wp.com\/www.jazzzeitung.de\/cms\/wp-content\/uploads\/2017\/10\/jazz_news.jpg?fit=1200%2C873&ssl=1&resize=700%2C400 2x, https:\/\/i0.wp.com\/www.jazzzeitung.de\/cms\/wp-content\/uploads\/2017\/10\/jazz_news.jpg?fit=1200%2C873&ssl=1&resize=1050%2C600 3x"},"classes":[]},{"id":9153,"url":"https:\/\/www.jazzzeitung.de\/cms\/2016\/05\/bundeskonferenz-jazz-waehlt-neue-sprecher-und-sieht-bedarf-bei-laendern-und-kommunen\/","url_meta":{"origin":1058,"position":4},"title":"Bundeskonferenz Jazz w\u00e4hlt neue Sprecher und diskutiert \u00fcber die Konsequenzen der UDJ-Jazzstudie 2016","author":"Redaktion JazzZeitung","date":"3. Mai 2016","format":false,"excerpt":"Bei ihrer Fr\u00fchjahrssitzung haben die Mitglieder der Bundeskonferenz Jazz (BK Jazz) Felix Falk, Wolfram Knauer und Melanie Rossmann zu ihren neuen Sprechern gew\u00e4hlt. Melanie Rossmann \u00fcbernimmt als Vertreterin der Bereiche Agenturen und K\u00fcnstlerf\u00f6rderung das Amt von Franziska Buhre, die nicht erneut angetreten war. Felix Falk, Saxophonist und stellvertretender Vorsitzender der\u2026","rel":"","context":"In &quot;News&quot;","block_context":{"text":"News","link":"https:\/\/www.jazzzeitung.de\/cms\/thema\/nachrichten\/"},"img":{"alt_text":"logo_bkjazz_w200","src":"https:\/\/i0.wp.com\/www.jazzzeitung.de\/cms\/wp-content\/uploads\/2016\/05\/logo_bkjazz_w200.jpg?resize=350%2C200","width":350,"height":200},"classes":[]},{"id":4192,"url":"https:\/\/www.jazzzeitung.de\/cms\/2014\/07\/bundeskonferenz-jazz-legt-bericht-zu-jazz-deutschland-vor\/","url_meta":{"origin":1058,"position":5},"title":"Bundeskonferenz Jazz legt Bericht zu Jazz in Deutschland vor","author":"Redaktion JazzZeitung","date":"4. Juli 2014","format":false,"excerpt":"In einem Treffen mit dem Vorsitzenden des Ausschusses f\u00fcr Kultur und Medien im Deutschen Bundestag, Siegmund Ehrmann, hat die Bundeskonferenz Jazz ihren \u201eBericht zur Situation des Jazz in Deutschland\u201c vorgelegt. Erstmalig war die Analyse 2004 auf Wunsch des Ausschusses erstellt worden. Die umfassend aktualisierte Ausgabe geht nun auf die Entwicklungen\u2026","rel":"","context":"In &quot;Redaktionelle Nachrichten&quot;","block_context":{"text":"Redaktionelle Nachrichten","link":"https:\/\/www.jazzzeitung.de\/cms\/thema\/redaktion\/"},"img":{"alt_text":"Microsoft Word - BK Jazz - Konzept Spielst\u00e4tten- und Programmpr","src":"https:\/\/i0.wp.com\/www.jazzzeitung.de\/cms\/wp-content\/uploads\/2014\/07\/logo_bkjazz_viereck-150x150.jpg?resize=350%2C200","width":350,"height":200},"classes":[]}],"jetpack_sharing_enabled":true,"_links":{"self":[{"href":"https:\/\/www.jazzzeitung.de\/cms\/wp-json\/wp\/v2\/posts\/1058","targetHints":{"allow":["GET"]}}],"collection":[{"href":"https:\/\/www.jazzzeitung.de\/cms\/wp-json\/wp\/v2\/posts"}],"about":[{"href":"https:\/\/www.jazzzeitung.de\/cms\/wp-json\/wp\/v2\/types\/post"}],"author":[{"embeddable":true,"href":"https:\/\/www.jazzzeitung.de\/cms\/wp-json\/wp\/v2\/users\/4"}],"replies":[{"embeddable":true,"href":"https:\/\/www.jazzzeitung.de\/cms\/wp-json\/wp\/v2\/comments?post=1058"}],"version-history":[{"count":0,"href":"https:\/\/www.jazzzeitung.de\/cms\/wp-json\/wp\/v2\/posts\/1058\/revisions"}],"wp:attachment":[{"href":"https:\/\/www.jazzzeitung.de\/cms\/wp-json\/wp\/v2\/media?parent=1058"}],"wp:term":[{"taxonomy":"category","embeddable":true,"href":"https:\/\/www.jazzzeitung.de\/cms\/wp-json\/wp\/v2\/categories?post=1058"},{"taxonomy":"post_tag","embeddable":true,"href":"https:\/\/www.jazzzeitung.de\/cms\/wp-json\/wp\/v2\/tags?post=1058"},{"taxonomy":"author","embeddable":true,"href":"https:\/\/www.jazzzeitung.de\/cms\/wp-json\/wp\/v2\/coauthors?post=1058"}],"curies":[{"name":"wp","href":"https:\/\/api.w.org\/{rel}","templated":true}]}}