{"id":1049,"date":"2011-06-08T11:11:59","date_gmt":"2011-06-08T09:11:59","guid":{"rendered":"http:\/\/blogs.nmz.de\/jazz\/2011\/06\/08\/verlosung\/"},"modified":"2011-06-08T11:11:59","modified_gmt":"2011-06-08T09:11:59","slug":"tickets-fuer-den-echo-jazz-2011-zu-gewinnen","status":"publish","type":"post","link":"https:\/\/www.jazzzeitung.de\/cms\/2011\/06\/tickets-fuer-den-echo-jazz-2011-zu-gewinnen\/","title":{"rendered":"Tickets f\u00fcr den ECHO Jazz 2011 zu gewinnen"},"content":{"rendered":"<p><a href=\"https:\/\/i0.wp.com\/www.jazzzeitung.de\/cms\/wp-content\/uploads\/2011\/05\/echo-jazz-2011-150.png\"><img data-recalc-dims=\"1\" loading=\"lazy\" decoding=\"async\" data-attachment-id=\"1003\" data-permalink=\"https:\/\/www.jazzzeitung.de\/cms\/2011\/05\/online-voting-zum-echo-jazz-2011\/echo-jazz-2011-150\/\" data-orig-file=\"https:\/\/i0.wp.com\/www.jazzzeitung.de\/cms\/wp-content\/uploads\/2011\/05\/echo-jazz-2011-150.png?fit=150%2C208&amp;ssl=1\" data-orig-size=\"150,208\" data-comments-opened=\"1\" data-image-meta=\"{&quot;aperture&quot;:&quot;0&quot;,&quot;credit&quot;:&quot;&quot;,&quot;camera&quot;:&quot;&quot;,&quot;caption&quot;:&quot;&quot;,&quot;created_timestamp&quot;:&quot;0&quot;,&quot;copyright&quot;:&quot;&quot;,&quot;focal_length&quot;:&quot;0&quot;,&quot;iso&quot;:&quot;0&quot;,&quot;shutter_speed&quot;:&quot;0&quot;,&quot;title&quot;:&quot;&quot;}\" data-image-title=\"echo-jazz-2011\" data-image-description=\"\" data-image-caption=\"&lt;p&gt;Wurde mit Steuergeldern &amp;#8222;anschubfinanziert&amp;#8220;: Die Prestige-Gala der Musikindustrie ECHO Jazz 2010.&lt;\/p&gt;\n\" data-large-file=\"https:\/\/i0.wp.com\/www.jazzzeitung.de\/cms\/wp-content\/uploads\/2011\/05\/echo-jazz-2011-150.png?fit=150%2C208&amp;ssl=1\" class=\"size-full wp-image-1003 alignnone\" title=\"logo-echo-jazz-2011. Quelle: BVMI\/Deutsche Phono-Akademie\" src=\"https:\/\/i0.wp.com\/www.jazzzeitung.de\/cms\/wp-content\/uploads\/2011\/05\/echo-jazz-2011-150.png?resize=150%2C208\" alt=\"echo-jazz-2011\" width=\"150\" height=\"208\" \/><\/a><\/p>\n<h6>Wir verlosen Tickets f\u00fcr die ECHO-Jazz-Preisverleihung am 17. Juni in Dresden:<\/h6>\n<p><strong>Die New Soul-K\u00fcnstlerin Joy Denalane, der Jazzmusiker Peter Fessler, der Tagesschau-Sprecher Jan Hofer, die S\u00e4ngerin Katja Ebstein, die TV-Moderatorin Miriam Pielhau sowie die S\u00e4ngerin und Schauspielerin Oceana sind die Laudatoren der Verleihung des 2. ECHO Jazz. Am 17. Juni 2011 \u00fcbergeben sie in der Gl\u00e4sernen Manufaktur von Volkswagen in Dresden die begehrte Troph\u00e4e an die Preistr\u00e4ger. Zur Verleihung werden zahlreiche Ehreng\u00e4ste aus Politik, Kultur, Wirtschaft und Medien erwartet. Karten k\u00f6nnen unter der Hotline 0700-05 67 89 10 bestellt werden.<\/strong><\/p>\n<p>Moderator Dieter Moor wird bei der Ehrung der herausragenden K\u00fcnstler des zur\u00fcckliegenden Jazz-Jahres von prominenten Laudatoren unterst\u00fctzt. Die als \u201eFirst Lady des deutschen Souls\u201c bezeichnete S\u00e4ngerin <strong>Joy Denalane<\/strong> wird einen der begehrten Preise \u00fcberreichen. Vor wenigen Wochen ver\u00f6ffentlichte sie ihr neues Album \u201eMaureen\u201c, im November dieses Jahres steht eine umfangreiche Tour auf dem Programm und im M\u00e4rz pr\u00e4sentierte sie beim Deutschen Musikpreis ECHO live ihre Single \u201eNiemand\u201c. Mit mehreren ECHO-Nominierungen im Gep\u00e4ck kann Joy Denalane bei der Laudatio auf eigene Erfahrungen zur\u00fcckgreifen.<\/p>\n<p><strong>Jan Hofer<\/strong>, Chefsprecher der Tagesschau und Riverboat-Talker, blickt auf eine eigene Jazz-Vergangenheit zur\u00fcck. Von 1990 bis 1993 moderierte er f\u00fcr die dritten ARD-Programme 60 Folgen der Jazz-Sendung \u201eSwing Rarit\u00e4ten\u201c. 18 Jahre nach der letzten Klappe kehrt der als \u201eMr. Tagesschau\u201c bekannte Moderator mit seiner Laudatio wieder zum Jazz zur\u00fcck.<\/p>\n<p>\u201eIch war ein Jazzfreak\u201c, sagt <strong>Katja Ebstein<\/strong> \u00fcber ihre Jugend in West-Berlin. Damals besuchte sie Konzerte von Dave Brubeck, und Plattenproduzent und heute ACT-Labelchef Siegfried Loch stattete sie kurzerhand mit einem Plattenvertrag aus. Die 1945 geborene S\u00e4ngerin z\u00e4hlt heute zu den ganz gro\u00dfen Stimmen der deutschen Musikgeschichte. Mit \u201eWunder gibt es immer wieder\u201c wurde sie 1970 ein Schlagerstar. Weniger bekannt sind ihre Liebe zum Chanson, Songwriting und Musical. Das \u201eAttac\u201c-Mitglied ist heute nicht nur mit Musikpreisen ausgestattet, sondern engagiert sich seit Jahren im sozialen Bereich, wie beispielsweise f\u00fcr die \u201eWelthungerhilfe\u201c.<\/p>\n<p><strong>Peter Fessler<\/strong>, in den 80er Jahren international bekannt als S\u00e4nger bei \u201eTrio Rio\u201c, ist seit seinem zw\u00f6lften Lebensjahr mit dem Jazz verbunden und feierte mit \u201eNew York &#8211; Rio \u2013 Tokyo\u201c internationale Erfolge. Durch die Verschmelzung von Stimme und klassischer Gitarre eilt ihm mittlerweile das Attribut \u201eMulti Voice\u201c voraus.<\/p>\n<p>Nach der Moderation des Dresdner Opernballs zusammen mit Gunther Emmerlich im vergangenen Jahr bringt der ECHO Jazz die 36-j\u00e4hrige Fernsehmoderatorin <strong>Miriam Pielhau<\/strong> auch 2011 wieder nach Dresden. TV-Formate wie \u201etaff\u201c oder \u201eWeck Up\u201c haben sie bekannt gemacht, heute z\u00e4hlt sie zu den gefragtesten Fernsehmoderatoren hierzulande.<\/p>\n<p>Mit ihrer Single \u201eCry Cry\u201c gelang <strong>Oceana<\/strong> 2009 der Durchbruch als Solo-K\u00fcnstlerin. Eine erfolgreiche Tour mit Peter Fox, Gastrollen in Kinofilmen wie \u201eRun Baby Run\u201c an der Seite von Christian Ulmen oder die Teilnahme an der polnischen Version von \u201eLet\u2019s Dance\u201c stehen auf ihrer Agenda.\u00a0 Mittlerweile hat sie ihren Platz im musikalischen Dreieck Soul, Jazz und Pop gefunden.<\/p>\n<p>Mehr unter <a href=\"http:\/\/www.jazzzeitung.de\" target=\"_blank\">http:\/\/www.jazzzeitung.de<\/a><\/p>\n","protected":false},"excerpt":{"rendered":"<p>Wir verlosen Tickets f\u00fcr die ECHO-Jazz-Preisverleihung am 17. Juni in Dresden: Die New Soul-K\u00fcnstlerin Joy Denalane, der Jazzmusiker Peter Fessler, der Tagesschau-Sprecher Jan Hofer, die S\u00e4ngerin Katja Ebstein, die TV-Moderatorin Miriam Pielhau sowie die S\u00e4ngerin und Schauspielerin Oceana sind die Laudatoren der Verleihung des 2. ECHO Jazz. Am 17. Juni 2011 \u00fcbergeben sie in der Gl\u00e4sernen Manufaktur von Volkswagen in Dresden die begehrte Troph\u00e4e an die Preistr\u00e4ger. Zur Verleihung werden zahlreiche Ehreng\u00e4ste aus Politik, Kultur, Wirtschaft und Medien erwartet. Karten k\u00f6nnen unter der Hotline 0700-05 67 89 10 bestellt werden. Moderator Dieter Moor wird bei der Ehrung der herausragenden K\u00fcnstler des zur\u00fcckliegenden Jazz-Jahres von prominenten Laudatoren unterst\u00fctzt. Die als \u201eFirst Lady des deutschen Souls\u201c bezeichnete S\u00e4ngerin Joy Denalane wird einen der begehrten Preise \u00fcberreichen. Vor wenigen Wochen ver\u00f6ffentlichte sie ihr neues Album \u201eMaureen\u201c, im November dieses Jahres steht eine umfangreiche Tour auf dem Programm und im M\u00e4rz pr\u00e4sentierte sie beim Deutschen Musikpreis ECHO live ihre Single \u201eNiemand\u201c. Mit mehreren ECHO-Nominierungen im Gep\u00e4ck kann Joy Denalane bei der Laudatio auf eigene Erfahrungen zur\u00fcckgreifen. Jan Hofer, Chefsprecher der Tagesschau und Riverboat-Talker, blickt auf eine eigene Jazz-Vergangenheit zur\u00fcck. &hellip;<\/p>\n","protected":false},"author":6,"featured_media":0,"comment_status":"open","ping_status":"open","sticky":false,"template":"","format":"standard","meta":{"_jetpack_memberships_contains_paid_content":false,"footnotes":"","jetpack_publicize_message":"","jetpack_publicize_feature_enabled":true,"jetpack_social_post_already_shared":false,"jetpack_social_options":{"image_generator_settings":{"template":"highway","default_image_id":0,"font":"","enabled":false},"version":2}},"categories":[82],"tags":[34,141,154,157,281,323,395,447,449,450,548,558,583],"coauthors":[],"class_list":["post-1049","post","type-post","status-publish","format-standard","hentry","category-blog","tag-album","tag-dieter-moor","tag-dresden","tag-echo-jazz","tag-jazzmusiker","tag-konzerte","tag-moderator","tag-pop","tag-preise","tag-preisverleihung","tag-tickets","tag-tour","tag-volkswagen"],"yoast_head":"<!-- This site is optimized with the Yoast SEO plugin v27.5 - https:\/\/yoast.com\/product\/yoast-seo-wordpress\/ -->\n<title>Tickets f\u00fcr den ECHO Jazz 2011 zu gewinnen - JazzZeitung<\/title>\n<meta name=\"robots\" content=\"index, follow, max-snippet:-1, max-image-preview:large, max-video-preview:-1\" \/>\n<link rel=\"canonical\" href=\"https:\/\/www.jazzzeitung.de\/cms\/2011\/06\/tickets-fuer-den-echo-jazz-2011-zu-gewinnen\/\" \/>\n<meta property=\"og:locale\" content=\"de_DE\" \/>\n<meta property=\"og:type\" content=\"article\" \/>\n<meta property=\"og:title\" content=\"Tickets f\u00fcr den ECHO Jazz 2011 zu gewinnen - JazzZeitung\" \/>\n<meta property=\"og:description\" content=\"Wir verlosen Tickets f\u00fcr die ECHO-Jazz-Preisverleihung am 17. Juni in Dresden: Die New Soul-K\u00fcnstlerin Joy Denalane, der Jazzmusiker Peter Fessler, der Tagesschau-Sprecher Jan Hofer, die S\u00e4ngerin Katja Ebstein, die TV-Moderatorin Miriam Pielhau sowie die S\u00e4ngerin und Schauspielerin Oceana sind die Laudatoren der Verleihung des 2. ECHO Jazz. Am 17. Juni 2011 \u00fcbergeben sie in der Gl\u00e4sernen Manufaktur von Volkswagen in Dresden die begehrte Troph\u00e4e an die Preistr\u00e4ger. Zur Verleihung werden zahlreiche Ehreng\u00e4ste aus Politik, Kultur, Wirtschaft und Medien erwartet. Karten k\u00f6nnen unter der Hotline 0700-05 67 89 10 bestellt werden. Moderator Dieter Moor wird bei der Ehrung der herausragenden K\u00fcnstler des zur\u00fcckliegenden Jazz-Jahres von prominenten Laudatoren unterst\u00fctzt. Die als \u201eFirst Lady des deutschen Souls\u201c bezeichnete S\u00e4ngerin Joy Denalane wird einen der begehrten Preise \u00fcberreichen. Vor wenigen Wochen ver\u00f6ffentlichte sie ihr neues Album \u201eMaureen\u201c, im November dieses Jahres steht eine umfangreiche Tour auf dem Programm und im M\u00e4rz pr\u00e4sentierte sie beim Deutschen Musikpreis ECHO live ihre Single \u201eNiemand\u201c. Mit mehreren ECHO-Nominierungen im Gep\u00e4ck kann Joy Denalane bei der Laudatio auf eigene Erfahrungen zur\u00fcckgreifen. Jan Hofer, Chefsprecher der Tagesschau und Riverboat-Talker, blickt auf eine eigene Jazz-Vergangenheit zur\u00fcck. &hellip;\" \/>\n<meta property=\"og:url\" content=\"https:\/\/www.jazzzeitung.de\/cms\/2011\/06\/tickets-fuer-den-echo-jazz-2011-zu-gewinnen\/\" \/>\n<meta property=\"og:site_name\" content=\"JazzZeitung\" \/>\n<meta property=\"article:publisher\" content=\"https:\/\/www.facebook.com\/JazzZeitung\/\" \/>\n<meta property=\"article:published_time\" content=\"2011-06-08T09:11:59+00:00\" \/>\n<meta property=\"og:image\" content=\"http:\/\/www.jazzzeitung.de\/cms\/wp-content\/uploads\/2011\/05\/echo-jazz-2011-150.png\" \/>\n<meta name=\"author\" content=\"Ursula Gaisa\" \/>\n<script type=\"application\/ld+json\" class=\"yoast-schema-graph\">{\"@context\":\"https:\\\/\\\/schema.org\",\"@graph\":[{\"@type\":\"Article\",\"@id\":\"https:\\\/\\\/www.jazzzeitung.de\\\/cms\\\/2011\\\/06\\\/tickets-fuer-den-echo-jazz-2011-zu-gewinnen\\\/#article\",\"isPartOf\":{\"@id\":\"https:\\\/\\\/www.jazzzeitung.de\\\/cms\\\/2011\\\/06\\\/tickets-fuer-den-echo-jazz-2011-zu-gewinnen\\\/\"},\"author\":{\"name\":\"Ursula Gaisa\",\"@id\":\"https:\\\/\\\/www.jazzzeitung.de\\\/cms\\\/#\\\/schema\\\/person\\\/1d7707f8668f083601157be48b16fe1b\"},\"headline\":\"Tickets f\u00fcr den ECHO Jazz 2011 zu gewinnen\",\"datePublished\":\"2011-06-08T09:11:59+00:00\",\"mainEntityOfPage\":{\"@id\":\"https:\\\/\\\/www.jazzzeitung.de\\\/cms\\\/2011\\\/06\\\/tickets-fuer-den-echo-jazz-2011-zu-gewinnen\\\/\"},\"wordCount\":494,\"commentCount\":1,\"publisher\":{\"@id\":\"https:\\\/\\\/www.jazzzeitung.de\\\/cms\\\/#organization\"},\"image\":{\"@id\":\"https:\\\/\\\/www.jazzzeitung.de\\\/cms\\\/2011\\\/06\\\/tickets-fuer-den-echo-jazz-2011-zu-gewinnen\\\/#primaryimage\"},\"thumbnailUrl\":\"http:\\\/\\\/www.jazzzeitung.de\\\/cms\\\/wp-content\\\/uploads\\\/2011\\\/05\\\/echo-jazz-2011-150.png\",\"keywords\":[\"Album\",\"Dieter Moor\",\"Dresden\",\"Echo Jazz\",\"Jazzmusiker\",\"Konzerte\",\"Moderator\",\"Pop\",\"Preise\",\"Preisverleihung\",\"Tickets\",\"Tour\",\"Volkswagen\"],\"articleSection\":[\"Blog\"],\"inLanguage\":\"de\",\"potentialAction\":[{\"@type\":\"CommentAction\",\"name\":\"Comment\",\"target\":[\"https:\\\/\\\/www.jazzzeitung.de\\\/cms\\\/2011\\\/06\\\/tickets-fuer-den-echo-jazz-2011-zu-gewinnen\\\/#respond\"]}]},{\"@type\":\"WebPage\",\"@id\":\"https:\\\/\\\/www.jazzzeitung.de\\\/cms\\\/2011\\\/06\\\/tickets-fuer-den-echo-jazz-2011-zu-gewinnen\\\/\",\"url\":\"https:\\\/\\\/www.jazzzeitung.de\\\/cms\\\/2011\\\/06\\\/tickets-fuer-den-echo-jazz-2011-zu-gewinnen\\\/\",\"name\":\"Tickets f\u00fcr den ECHO Jazz 2011 zu gewinnen - JazzZeitung\",\"isPartOf\":{\"@id\":\"https:\\\/\\\/www.jazzzeitung.de\\\/cms\\\/#website\"},\"primaryImageOfPage\":{\"@id\":\"https:\\\/\\\/www.jazzzeitung.de\\\/cms\\\/2011\\\/06\\\/tickets-fuer-den-echo-jazz-2011-zu-gewinnen\\\/#primaryimage\"},\"image\":{\"@id\":\"https:\\\/\\\/www.jazzzeitung.de\\\/cms\\\/2011\\\/06\\\/tickets-fuer-den-echo-jazz-2011-zu-gewinnen\\\/#primaryimage\"},\"thumbnailUrl\":\"http:\\\/\\\/www.jazzzeitung.de\\\/cms\\\/wp-content\\\/uploads\\\/2011\\\/05\\\/echo-jazz-2011-150.png\",\"datePublished\":\"2011-06-08T09:11:59+00:00\",\"breadcrumb\":{\"@id\":\"https:\\\/\\\/www.jazzzeitung.de\\\/cms\\\/2011\\\/06\\\/tickets-fuer-den-echo-jazz-2011-zu-gewinnen\\\/#breadcrumb\"},\"inLanguage\":\"de\",\"potentialAction\":[{\"@type\":\"ReadAction\",\"target\":[\"https:\\\/\\\/www.jazzzeitung.de\\\/cms\\\/2011\\\/06\\\/tickets-fuer-den-echo-jazz-2011-zu-gewinnen\\\/\"]}]},{\"@type\":\"ImageObject\",\"inLanguage\":\"de\",\"@id\":\"https:\\\/\\\/www.jazzzeitung.de\\\/cms\\\/2011\\\/06\\\/tickets-fuer-den-echo-jazz-2011-zu-gewinnen\\\/#primaryimage\",\"url\":\"http:\\\/\\\/www.jazzzeitung.de\\\/cms\\\/wp-content\\\/uploads\\\/2011\\\/05\\\/echo-jazz-2011-150.png\",\"contentUrl\":\"http:\\\/\\\/www.jazzzeitung.de\\\/cms\\\/wp-content\\\/uploads\\\/2011\\\/05\\\/echo-jazz-2011-150.png\"},{\"@type\":\"BreadcrumbList\",\"@id\":\"https:\\\/\\\/www.jazzzeitung.de\\\/cms\\\/2011\\\/06\\\/tickets-fuer-den-echo-jazz-2011-zu-gewinnen\\\/#breadcrumb\",\"itemListElement\":[{\"@type\":\"ListItem\",\"position\":1,\"name\":\"Startseite\",\"item\":\"https:\\\/\\\/www.jazzzeitung.de\\\/cms\\\/\"},{\"@type\":\"ListItem\",\"position\":2,\"name\":\"Tickets f\u00fcr den ECHO Jazz 2011 zu gewinnen\"}]},{\"@type\":\"WebSite\",\"@id\":\"https:\\\/\\\/www.jazzzeitung.de\\\/cms\\\/#website\",\"url\":\"https:\\\/\\\/www.jazzzeitung.de\\\/cms\\\/\",\"name\":\"JazzZeitung\",\"description\":\"Jazz-News und Jazz-Kontroverses\",\"publisher\":{\"@id\":\"https:\\\/\\\/www.jazzzeitung.de\\\/cms\\\/#organization\"},\"potentialAction\":[{\"@type\":\"SearchAction\",\"target\":{\"@type\":\"EntryPoint\",\"urlTemplate\":\"https:\\\/\\\/www.jazzzeitung.de\\\/cms\\\/?s={search_term_string}\"},\"query-input\":{\"@type\":\"PropertyValueSpecification\",\"valueRequired\":true,\"valueName\":\"search_term_string\"}}],\"inLanguage\":\"de\"},{\"@type\":\"Organization\",\"@id\":\"https:\\\/\\\/www.jazzzeitung.de\\\/cms\\\/#organization\",\"name\":\"JazzZeitung online\",\"url\":\"https:\\\/\\\/www.jazzzeitung.de\\\/cms\\\/\",\"logo\":{\"@type\":\"ImageObject\",\"inLanguage\":\"de\",\"@id\":\"https:\\\/\\\/www.jazzzeitung.de\\\/cms\\\/#\\\/schema\\\/logo\\\/image\\\/\",\"url\":\"https:\\\/\\\/i0.wp.com\\\/www.jazzzeitung.de\\\/cms\\\/wp-content\\\/uploads\\\/2015\\\/08\\\/JAZZZEITUNGDE_Logo_Neu.png?fit=499%2C200&ssl=1\",\"contentUrl\":\"https:\\\/\\\/i0.wp.com\\\/www.jazzzeitung.de\\\/cms\\\/wp-content\\\/uploads\\\/2015\\\/08\\\/JAZZZEITUNGDE_Logo_Neu.png?fit=499%2C200&ssl=1\",\"width\":499,\"height\":200,\"caption\":\"JazzZeitung online\"},\"image\":{\"@id\":\"https:\\\/\\\/www.jazzzeitung.de\\\/cms\\\/#\\\/schema\\\/logo\\\/image\\\/\"},\"sameAs\":[\"https:\\\/\\\/www.facebook.com\\\/JazzZeitung\\\/\"]},{\"@type\":\"Person\",\"@id\":\"https:\\\/\\\/www.jazzzeitung.de\\\/cms\\\/#\\\/schema\\\/person\\\/1d7707f8668f083601157be48b16fe1b\",\"name\":\"Ursula Gaisa\",\"image\":{\"@type\":\"ImageObject\",\"inLanguage\":\"de\",\"@id\":\"https:\\\/\\\/secure.gravatar.com\\\/avatar\\\/b9c23f3e1855277dfcc4682042bfb89dce806656872e44d5f2f2670a602ecfde?s=96&d=wp_user_avatar&r=g2a222bd83deef568a70b811610d29664\",\"url\":\"https:\\\/\\\/secure.gravatar.com\\\/avatar\\\/b9c23f3e1855277dfcc4682042bfb89dce806656872e44d5f2f2670a602ecfde?s=96&d=wp_user_avatar&r=g\",\"contentUrl\":\"https:\\\/\\\/secure.gravatar.com\\\/avatar\\\/b9c23f3e1855277dfcc4682042bfb89dce806656872e44d5f2f2670a602ecfde?s=96&d=wp_user_avatar&r=g\",\"caption\":\"Ursula Gaisa\"},\"url\":\"https:\\\/\\\/www.jazzzeitung.de\\\/cms\\\/author\\\/gaisa\\\/\"}]}<\/script>\n<!-- \/ Yoast SEO plugin. -->","yoast_head_json":{"title":"Tickets f\u00fcr den ECHO Jazz 2011 zu gewinnen - JazzZeitung","robots":{"index":"index","follow":"follow","max-snippet":"max-snippet:-1","max-image-preview":"max-image-preview:large","max-video-preview":"max-video-preview:-1"},"canonical":"https:\/\/www.jazzzeitung.de\/cms\/2011\/06\/tickets-fuer-den-echo-jazz-2011-zu-gewinnen\/","og_locale":"de_DE","og_type":"article","og_title":"Tickets f\u00fcr den ECHO Jazz 2011 zu gewinnen - JazzZeitung","og_description":"Wir verlosen Tickets f\u00fcr die ECHO-Jazz-Preisverleihung am 17. Juni in Dresden: Die New Soul-K\u00fcnstlerin Joy Denalane, der Jazzmusiker Peter Fessler, der Tagesschau-Sprecher Jan Hofer, die S\u00e4ngerin Katja Ebstein, die TV-Moderatorin Miriam Pielhau sowie die S\u00e4ngerin und Schauspielerin Oceana sind die Laudatoren der Verleihung des 2. ECHO Jazz. Am 17. Juni 2011 \u00fcbergeben sie in der Gl\u00e4sernen Manufaktur von Volkswagen in Dresden die begehrte Troph\u00e4e an die Preistr\u00e4ger. Zur Verleihung werden zahlreiche Ehreng\u00e4ste aus Politik, Kultur, Wirtschaft und Medien erwartet. Karten k\u00f6nnen unter der Hotline 0700-05 67 89 10 bestellt werden. Moderator Dieter Moor wird bei der Ehrung der herausragenden K\u00fcnstler des zur\u00fcckliegenden Jazz-Jahres von prominenten Laudatoren unterst\u00fctzt. Die als \u201eFirst Lady des deutschen Souls\u201c bezeichnete S\u00e4ngerin Joy Denalane wird einen der begehrten Preise \u00fcberreichen. Vor wenigen Wochen ver\u00f6ffentlichte sie ihr neues Album \u201eMaureen\u201c, im November dieses Jahres steht eine umfangreiche Tour auf dem Programm und im M\u00e4rz pr\u00e4sentierte sie beim Deutschen Musikpreis ECHO live ihre Single \u201eNiemand\u201c. Mit mehreren ECHO-Nominierungen im Gep\u00e4ck kann Joy Denalane bei der Laudatio auf eigene Erfahrungen zur\u00fcckgreifen. Jan Hofer, Chefsprecher der Tagesschau und Riverboat-Talker, blickt auf eine eigene Jazz-Vergangenheit zur\u00fcck. &hellip;","og_url":"https:\/\/www.jazzzeitung.de\/cms\/2011\/06\/tickets-fuer-den-echo-jazz-2011-zu-gewinnen\/","og_site_name":"JazzZeitung","article_publisher":"https:\/\/www.facebook.com\/JazzZeitung\/","article_published_time":"2011-06-08T09:11:59+00:00","og_image":[{"url":"http:\/\/www.jazzzeitung.de\/cms\/wp-content\/uploads\/2011\/05\/echo-jazz-2011-150.png","type":"","width":"","height":""}],"author":"Ursula Gaisa","schema":{"@context":"https:\/\/schema.org","@graph":[{"@type":"Article","@id":"https:\/\/www.jazzzeitung.de\/cms\/2011\/06\/tickets-fuer-den-echo-jazz-2011-zu-gewinnen\/#article","isPartOf":{"@id":"https:\/\/www.jazzzeitung.de\/cms\/2011\/06\/tickets-fuer-den-echo-jazz-2011-zu-gewinnen\/"},"author":{"name":"Ursula Gaisa","@id":"https:\/\/www.jazzzeitung.de\/cms\/#\/schema\/person\/1d7707f8668f083601157be48b16fe1b"},"headline":"Tickets f\u00fcr den ECHO Jazz 2011 zu gewinnen","datePublished":"2011-06-08T09:11:59+00:00","mainEntityOfPage":{"@id":"https:\/\/www.jazzzeitung.de\/cms\/2011\/06\/tickets-fuer-den-echo-jazz-2011-zu-gewinnen\/"},"wordCount":494,"commentCount":1,"publisher":{"@id":"https:\/\/www.jazzzeitung.de\/cms\/#organization"},"image":{"@id":"https:\/\/www.jazzzeitung.de\/cms\/2011\/06\/tickets-fuer-den-echo-jazz-2011-zu-gewinnen\/#primaryimage"},"thumbnailUrl":"http:\/\/www.jazzzeitung.de\/cms\/wp-content\/uploads\/2011\/05\/echo-jazz-2011-150.png","keywords":["Album","Dieter Moor","Dresden","Echo Jazz","Jazzmusiker","Konzerte","Moderator","Pop","Preise","Preisverleihung","Tickets","Tour","Volkswagen"],"articleSection":["Blog"],"inLanguage":"de","potentialAction":[{"@type":"CommentAction","name":"Comment","target":["https:\/\/www.jazzzeitung.de\/cms\/2011\/06\/tickets-fuer-den-echo-jazz-2011-zu-gewinnen\/#respond"]}]},{"@type":"WebPage","@id":"https:\/\/www.jazzzeitung.de\/cms\/2011\/06\/tickets-fuer-den-echo-jazz-2011-zu-gewinnen\/","url":"https:\/\/www.jazzzeitung.de\/cms\/2011\/06\/tickets-fuer-den-echo-jazz-2011-zu-gewinnen\/","name":"Tickets f\u00fcr den ECHO Jazz 2011 zu gewinnen - JazzZeitung","isPartOf":{"@id":"https:\/\/www.jazzzeitung.de\/cms\/#website"},"primaryImageOfPage":{"@id":"https:\/\/www.jazzzeitung.de\/cms\/2011\/06\/tickets-fuer-den-echo-jazz-2011-zu-gewinnen\/#primaryimage"},"image":{"@id":"https:\/\/www.jazzzeitung.de\/cms\/2011\/06\/tickets-fuer-den-echo-jazz-2011-zu-gewinnen\/#primaryimage"},"thumbnailUrl":"http:\/\/www.jazzzeitung.de\/cms\/wp-content\/uploads\/2011\/05\/echo-jazz-2011-150.png","datePublished":"2011-06-08T09:11:59+00:00","breadcrumb":{"@id":"https:\/\/www.jazzzeitung.de\/cms\/2011\/06\/tickets-fuer-den-echo-jazz-2011-zu-gewinnen\/#breadcrumb"},"inLanguage":"de","potentialAction":[{"@type":"ReadAction","target":["https:\/\/www.jazzzeitung.de\/cms\/2011\/06\/tickets-fuer-den-echo-jazz-2011-zu-gewinnen\/"]}]},{"@type":"ImageObject","inLanguage":"de","@id":"https:\/\/www.jazzzeitung.de\/cms\/2011\/06\/tickets-fuer-den-echo-jazz-2011-zu-gewinnen\/#primaryimage","url":"http:\/\/www.jazzzeitung.de\/cms\/wp-content\/uploads\/2011\/05\/echo-jazz-2011-150.png","contentUrl":"http:\/\/www.jazzzeitung.de\/cms\/wp-content\/uploads\/2011\/05\/echo-jazz-2011-150.png"},{"@type":"BreadcrumbList","@id":"https:\/\/www.jazzzeitung.de\/cms\/2011\/06\/tickets-fuer-den-echo-jazz-2011-zu-gewinnen\/#breadcrumb","itemListElement":[{"@type":"ListItem","position":1,"name":"Startseite","item":"https:\/\/www.jazzzeitung.de\/cms\/"},{"@type":"ListItem","position":2,"name":"Tickets f\u00fcr den ECHO Jazz 2011 zu gewinnen"}]},{"@type":"WebSite","@id":"https:\/\/www.jazzzeitung.de\/cms\/#website","url":"https:\/\/www.jazzzeitung.de\/cms\/","name":"JazzZeitung","description":"Jazz-News und Jazz-Kontroverses","publisher":{"@id":"https:\/\/www.jazzzeitung.de\/cms\/#organization"},"potentialAction":[{"@type":"SearchAction","target":{"@type":"EntryPoint","urlTemplate":"https:\/\/www.jazzzeitung.de\/cms\/?s={search_term_string}"},"query-input":{"@type":"PropertyValueSpecification","valueRequired":true,"valueName":"search_term_string"}}],"inLanguage":"de"},{"@type":"Organization","@id":"https:\/\/www.jazzzeitung.de\/cms\/#organization","name":"JazzZeitung online","url":"https:\/\/www.jazzzeitung.de\/cms\/","logo":{"@type":"ImageObject","inLanguage":"de","@id":"https:\/\/www.jazzzeitung.de\/cms\/#\/schema\/logo\/image\/","url":"https:\/\/i0.wp.com\/www.jazzzeitung.de\/cms\/wp-content\/uploads\/2015\/08\/JAZZZEITUNGDE_Logo_Neu.png?fit=499%2C200&ssl=1","contentUrl":"https:\/\/i0.wp.com\/www.jazzzeitung.de\/cms\/wp-content\/uploads\/2015\/08\/JAZZZEITUNGDE_Logo_Neu.png?fit=499%2C200&ssl=1","width":499,"height":200,"caption":"JazzZeitung online"},"image":{"@id":"https:\/\/www.jazzzeitung.de\/cms\/#\/schema\/logo\/image\/"},"sameAs":["https:\/\/www.facebook.com\/JazzZeitung\/"]},{"@type":"Person","@id":"https:\/\/www.jazzzeitung.de\/cms\/#\/schema\/person\/1d7707f8668f083601157be48b16fe1b","name":"Ursula Gaisa","image":{"@type":"ImageObject","inLanguage":"de","@id":"https:\/\/secure.gravatar.com\/avatar\/b9c23f3e1855277dfcc4682042bfb89dce806656872e44d5f2f2670a602ecfde?s=96&d=wp_user_avatar&r=g2a222bd83deef568a70b811610d29664","url":"https:\/\/secure.gravatar.com\/avatar\/b9c23f3e1855277dfcc4682042bfb89dce806656872e44d5f2f2670a602ecfde?s=96&d=wp_user_avatar&r=g","contentUrl":"https:\/\/secure.gravatar.com\/avatar\/b9c23f3e1855277dfcc4682042bfb89dce806656872e44d5f2f2670a602ecfde?s=96&d=wp_user_avatar&r=g","caption":"Ursula Gaisa"},"url":"https:\/\/www.jazzzeitung.de\/cms\/author\/gaisa\/"}]}},"wp-worthy-pixel":{"ignored":false,"public":null,"server":null,"url":null},"wp-worthy-type":"normal","jetpack_publicize_connections":[],"cc_featured_image_caption":{"caption_text":false,"source_text":false,"source_url":false},"jetpack_featured_media_url":"","jetpack_shortlink":"https:\/\/wp.me\/p3KEcT-gV","jetpack-related-posts":[{"id":999,"url":"https:\/\/www.jazzzeitung.de\/cms\/2011\/05\/online-voting-zum-echo-jazz-2011\/","url_meta":{"origin":1049,"position":0},"title":"Online-Voting zum ECHO Jazz 2011","author":"J\u00f6rg Lichtinger","date":"29. Mai 2011","format":false,"excerpt":"Manfred Eicher von ECM wollte seinen ECHO Jazz nicht haben, aber es gibt noch ein paar K\u00fcnstler und Produzenten, die auf eine Auszeichnung hoffen. Neben den bereits von der Jury bestimmten Preisen gibt es noch zwei Kategorien, die durch ein offenes Online-Voting ermittelt werden: der ECHO Jazz f\u00fcr den Live-Act\u2026","rel":"","context":"In &quot;Blog&quot;","block_context":{"text":"Blog","link":"https:\/\/www.jazzzeitung.de\/cms\/thema\/blog\/"},"img":{"alt_text":"echo-jazz-2011","src":"https:\/\/i0.wp.com\/www.jazzzeitung.de\/cms\/wp-content\/uploads\/2011\/05\/echo-jazz-2011-150.png?resize=350%2C200","width":350,"height":200},"classes":[]},{"id":1081,"url":"https:\/\/www.jazzzeitung.de\/cms\/2011\/06\/echo-jazz-2011-act-und-quadro-nuevo-gewinnen-online-voting\/","url_meta":{"origin":1049,"position":1},"title":"ECHO Jazz 2011: ACT und Quadro Nuevo gewinnen Online-Voting","author":"J\u00f6rg Lichtinger","date":"17. Juni 2011","format":false,"excerpt":"... schon wieder! Bereits bei der letztj\u00e4hrigen offenen Wahl in den Kategorien Label des Jahres und Live-Act des Jahres zur Premiere des ECHO Jazz konnten die bayerische Weltmusik-Fraktion Quadro Nuevo und das M\u00fcnchner Label ACT Music & Vision die meisten Stimmen f\u00fcr sich verbuchen. Die Gewinner der beiden Kategorien waren\u2026","rel":"","context":"In &quot;Blog&quot;","block_context":{"text":"Blog","link":"https:\/\/www.jazzzeitung.de\/cms\/thema\/blog\/"},"img":{"alt_text":"echo-jazz-2011","src":"https:\/\/i0.wp.com\/www.jazzzeitung.de\/cms\/wp-content\/uploads\/2011\/05\/echo-jazz-2011-150.png?resize=350%2C200","width":350,"height":200},"classes":[]},{"id":974,"url":"https:\/\/www.jazzzeitung.de\/cms\/2011\/05\/manfred-eicher-lehnt-echo-ab\/","url_meta":{"origin":1049,"position":2},"title":"Manfred Eicher lehnt ECHO ab","author":"Ursula Gaisa","date":"6. Mai 2011","format":false,"excerpt":"Eine interessante Meldung hat uns heute erreicht:\u00a0 Es sei \"sch\u00f6n zu lesen, welch wunderliche Preise Sie in Ihren Echo-Jurysitzungen hin und wieder hervorbringen und dann auch verleihen m\u00f6chten\", lie\u00df ECM-Labelgr\u00fcnder Manfred Eicherden Bundesverband Musikindustrie und die Deutsche Phono-Akademie wissen. Diese hatten dem ECM-Chef einen Echo in der Kategorie \"F\u00f6rderer des\u2026","rel":"","context":"In &quot;Blog&quot;","block_context":{"text":"Blog","link":"https:\/\/www.jazzzeitung.de\/cms\/thema\/blog\/"},"img":{"alt_text":"","src":"","width":0,"height":0},"classes":[]},{"id":3988,"url":"https:\/\/www.jazzzeitung.de\/cms\/2014\/05\/echo-jazz-2014-fuers-fernsehen-verwurstet\/","url_meta":{"origin":1049,"position":3},"title":"Echo Jazz 2014 \u2013 f\u00fcrs Fernsehen verwurstet","author":"Peter Ortmann","date":"28. Mai 2014","format":false,"excerpt":"Die Verleihung des diesj\u00e4hrigen Echo Jazz fand in der Hamburger Kampnagelfabrik statt - bei 30 Grad drau\u00dfen und gef\u00fchlten 40 drinnen. Wasserflaschen auf dem jedem Sitzplatz lie\u00dfen die G\u00e4ste vom Protest absehen. Die Zahl der Kameras kam der Zahl der Preistr\u00e4ger ziemlich nahe. Man ahnte schon, da\u00df die Fernsehsendung ein\u2026","rel":"","context":"In &quot;Blog&quot;","block_context":{"text":"Blog","link":"https:\/\/www.jazzzeitung.de\/cms\/thema\/blog\/"},"img":{"alt_text":"","src":"","width":0,"height":0},"classes":[]},{"id":6174,"url":"https:\/\/www.jazzzeitung.de\/cms\/2015\/05\/news-badi-assad-und-jamey-haddad-ottobrunn-gregory-porter-moderiert-den-echo-jazz-hamburg-isle-swing-bigband-straubing\/","url_meta":{"origin":1049,"position":4},"title":"News +++ Badi Assad und Jamey Haddad in Ottobrunn +++ Gregory Porter moderiert den ECHO Jazz in Hamburg +++ Isle Of Swing Bigband in Straubing +++","author":"Redaktion JazzZeitung","date":"19. Mai 2015","format":false,"excerpt":"\u201eTWO WOLRDS ONE\u201c \u2013 World meets Jazz Ganz im Zeichen der Weltmusik steht ein Konzert das am 21. Mai (20 Uhr) im Wolf-Ferrari-Haus in Ottobrunn stattfinden wird. Pr\u00e4sentiert wird es von den beiden k\u00fcnstlerischen Leiter der Ottobrunner Konzerte, Cornelius Claudio Kreusch und Johannes Tonio\u00a0Kreusch. Die beiden Br\u00fcder haben f\u00fcr diesen\u2026","rel":"","context":"In &quot;News&quot;","block_context":{"text":"News","link":"https:\/\/www.jazzzeitung.de\/cms\/thema\/nachrichten\/"},"img":{"alt_text":"Isle of Swing Bigband Fotos: Markus Fritsch","src":"https:\/\/i0.wp.com\/www.jazzzeitung.de\/cms\/wp-content\/uploads\/2015\/05\/Isle-of-Swing-Bigband-Pressefoto-3-2015-850-KB-150x150.jpg?resize=350%2C200","width":350,"height":200},"classes":[]},{"id":15994,"url":"https:\/\/www.jazzzeitung.de\/cms\/2018\/05\/15994\/","url_meta":{"origin":1049,"position":5},"title":"Preisvergabe des diesj\u00e4hrigen ECHO Jazz abgesagt","author":"Redaktion JazzZeitung","date":"11. Mai 2018","format":false,"excerpt":"Nachdem Ende April angek\u00fcndigt wurde, die Preisvergabe des diesj\u00e4hrigen ECHO Jazz w\u00fcrde in kleinerem Rahmen ohne TV-\u00dcbertragung stattfinden, meldete die Deutsche Phono-Akademie jetzt auf der Homepage, dass die Verleihung des Musikpreises g\u00e4nzlich entf\u00e4llt. \"Angesichts der bevorstehenden Neupositionierung der deutschen Musikpreise ist es konsequent, die diesj\u00e4hrige Verleihung ausfallen zu lassen und\u2026","rel":"","context":"In &quot;News&quot;","block_context":{"text":"News","link":"https:\/\/www.jazzzeitung.de\/cms\/thema\/nachrichten\/"},"img":{"alt_text":"Menzels Schwester Emilie im Schlaf. Um 1848, \u00d6l auf Papier, aif Leinwand, 46,8 \u00d7 60 cm Adolf Friedrich Erdmann von Menzel. Hamburg, Kunsthalle","src":"https:\/\/i0.wp.com\/www.jazzzeitung.de\/cms\/wp-content\/uploads\/2018\/05\/menzel_schlaf.jpg?fit=1200%2C922&ssl=1&resize=350%2C200","width":350,"height":200,"srcset":"https:\/\/i0.wp.com\/www.jazzzeitung.de\/cms\/wp-content\/uploads\/2018\/05\/menzel_schlaf.jpg?fit=1200%2C922&ssl=1&resize=350%2C200 1x, https:\/\/i0.wp.com\/www.jazzzeitung.de\/cms\/wp-content\/uploads\/2018\/05\/menzel_schlaf.jpg?fit=1200%2C922&ssl=1&resize=525%2C300 1.5x, https:\/\/i0.wp.com\/www.jazzzeitung.de\/cms\/wp-content\/uploads\/2018\/05\/menzel_schlaf.jpg?fit=1200%2C922&ssl=1&resize=700%2C400 2x, https:\/\/i0.wp.com\/www.jazzzeitung.de\/cms\/wp-content\/uploads\/2018\/05\/menzel_schlaf.jpg?fit=1200%2C922&ssl=1&resize=1050%2C600 3x"},"classes":[]}],"jetpack_sharing_enabled":true,"_links":{"self":[{"href":"https:\/\/www.jazzzeitung.de\/cms\/wp-json\/wp\/v2\/posts\/1049","targetHints":{"allow":["GET"]}}],"collection":[{"href":"https:\/\/www.jazzzeitung.de\/cms\/wp-json\/wp\/v2\/posts"}],"about":[{"href":"https:\/\/www.jazzzeitung.de\/cms\/wp-json\/wp\/v2\/types\/post"}],"author":[{"embeddable":true,"href":"https:\/\/www.jazzzeitung.de\/cms\/wp-json\/wp\/v2\/users\/6"}],"replies":[{"embeddable":true,"href":"https:\/\/www.jazzzeitung.de\/cms\/wp-json\/wp\/v2\/comments?post=1049"}],"version-history":[{"count":0,"href":"https:\/\/www.jazzzeitung.de\/cms\/wp-json\/wp\/v2\/posts\/1049\/revisions"}],"wp:attachment":[{"href":"https:\/\/www.jazzzeitung.de\/cms\/wp-json\/wp\/v2\/media?parent=1049"}],"wp:term":[{"taxonomy":"category","embeddable":true,"href":"https:\/\/www.jazzzeitung.de\/cms\/wp-json\/wp\/v2\/categories?post=1049"},{"taxonomy":"post_tag","embeddable":true,"href":"https:\/\/www.jazzzeitung.de\/cms\/wp-json\/wp\/v2\/tags?post=1049"},{"taxonomy":"author","embeddable":true,"href":"https:\/\/www.jazzzeitung.de\/cms\/wp-json\/wp\/v2\/coauthors?post=1049"}],"curies":[{"name":"wp","href":"https:\/\/api.w.org\/{rel}","templated":true}]}}