{"id":10414,"date":"2016-10-20T11:00:07","date_gmt":"2016-10-20T09:00:07","guid":{"rendered":"http:\/\/www.jazzzeitung.de\/cms\/?p=10414"},"modified":"2016-10-19T11:49:23","modified_gmt":"2016-10-19T09:49:23","slug":"tanzender-schmetterling-im-hurrikan","status":"publish","type":"post","link":"https:\/\/www.jazzzeitung.de\/cms\/2016\/10\/tanzender-schmetterling-im-hurrikan\/","title":{"rendered":"Tanzender Schmetterling im Hurrikan"},"content":{"rendered":"<p>Zum 30-j\u00e4hrigen Bandjubil\u00e4um machten die \u201eFun Horns\u201c Halt beim Jazzclub im Regensburg \u2013 und begeisterten mit anspruchsvollem Akustikspiel<strong>.<\/strong><\/p>\n<p>Vier Musiker, sieben Blasinstrumente und sonst nichts auf der B\u00fchne. Halt, ein Mikrofon f\u00fcr die Ansage noch, Mineralwasserflaschen und kleine vergn\u00fcgliche Erz\u00e4hlungen aus dem Tourleben, aus der Vergangenheit und von Aufnahmesessions im \u201eAlten Lager\u201c. Die \u201eFun Horns\u201c sind keine junge Kapelle, wie sie sich selbst nennen. Gleichzeitig sind sie so erfrischend in ihrer Musik wie es nur freie oder auch junggebliebene Geister sein k\u00f6nnen. Wer bei ihrem fantastischen Konzert im Leeren Beutel die Augen geschlossen hielt, konnte leicht in Verwirrung st\u00fcrzen \u2013 waren doch da schwirrende Insekten, meckernder Streit und zuckers\u00fcsses Liebesgefl\u00f6te zu h\u00f6ren. Aus Posaune, Saxofonen, Bassklarinette, Trompete und einer Fl\u00f6te. Pur, unverf\u00e4lscht, spielte das Quartett ganz ohne jegliche elektrische Verst\u00e4rkung. \u201eDas ist doch ein wunderbarer Raum\u201c, freute sich Tonangeber J\u00f6rg Huke (tb) sichtlich \u00fcber die hervorragende Akustik, \u201eder tr\u00e4gt das ohne weiteres bis in die letzte Reihe\u201c.<\/p>\n<p>In einer Zeit, als weltweit Saxofonquartette wie Pilze aus Boden schossen, dachten sich vor drei Jahrzehnten einige Jungs in Ostberlin \u2013 wie die Hauptstadt der DDR damals hie\u00df \u2013 das k\u00f6nnen wir auch, aber anders. Statt nur aus einer Instrumentenfamilie, wie bei der \u201eK\u00f6lner Saxophon Mafia\u201c, formten sie ein Quartett aus Blech- und Holzbl\u00e4sern. Parit\u00e4tisch besetzt und einzigartig in der damaligen Zeit. Dabei musikalisch von Anfang an so reizvoll und wohltuend einfallsreich, wie es andere, Nachfolger und Epigonen, sp\u00e4ter nur selten waren und sind. Ihren ersten \u201eWest\u201c-Gig hatten die \u201eFun Horns\u201c damals beim Jazzclub Einhorn. Der benannte sich sp\u00e4ter in Jazzclub Regensburg um und zog in den Leeren Beutel. Einen Song aus dieser Zeit, \u201eunseren damaligen Hit Last Dream, den wir im Jahr vor der Wende geschrieben hatten\u201c, hob Ur-Fun-Hornist Volker Schlott grinsend hervor, spielten sie auch diesmal wieder. Ihre Jubil\u00e4umstour brachte das Quartett heuer nach Riad in Saudi-Arabien, nach Jordanien und nach langer Abstinenz wieder nach Regensburg. Neben Bremen war die Donaustadt \u2013 wieder \u2013 das einzige Konzert im Westen der Republik. Ein Dankesch\u00f6n an alte Bekannte und fr\u00fche Verbundenheit.<\/p>\n<p>Es war ein anspruchsvoller und zugleich gnadenlos unterhaltsamer musikalischer Strau\u00df, f\u00fcr welches sich das sp\u00e4rliche Publikum schnell erw\u00e4rmte und am Ende tobend Zugaben erklatschte. Mit ihren sehr abwechslungsreich und farbig gestalteten Kompositionen bewegte sich die Blaskapelle vom Minimal \u2013 in \u201eMinimal Horns\u201c &#8211; \u00fcber wunderbar groovende Worldmusic mit Ankl\u00e4ngen an indische und arabische Stimmungen bis hin zu vertrackten Bluesthemen und experimentellen Ger\u00e4uschen. \u201eDancing Butterflies\u201c tanzten vor dem inneren Auge, als sie das gleichnamige heiter-flatternde, mehrstimmige St\u00fcck anstimmten. Stimmungsvoll getragen, fast feierlich dagegen die poetische Komposition \u201eElohei Mikarov Ani\u201c. Bluesig-am\u00fcsant dagegen ihre Betrachtung der Aufnahmesituation zur letzten CD \u201eEchos vom M\u00fcggelsee\u201c in einem alten Lager. Hier lieferten sich Posaunist J\u00f6rg Huke und Falk Breitkreuz (b-cl) ein Duett zwischen Anschnauzen, erz\u00fcrntem Gemecker und fl\u00f6tendem Ges\u00e4usel, dass der eine oder andere Zuh\u00f6rer vor Lachen fast vom Stuhl gekippt w\u00e4re. Ein herrliches, k\u00f6stliches Vergn\u00fcgen, spielerisch und im klangsch\u00f6nen Auskosten feinster Nuancen \u2013 wie der ganze Abend \u2013 auf einem Niveau, das jedem Vergleich standh\u00e4lt. Lustvoll, packend, wie im Herbie-Hancock-Cover \u201eEye of the hurrican\u201c, hymnisch wie in Abdullah Ibrahims ber\u00fchrendem \u201eWedding\u201c-Song und immer wieder heiter bis unbew\u00f6lkt. Einigkeit beim Publikum: \u201eGro\u00dfartig!\u201c<\/p>\n<p>Von Michael Scheiner<\/p>\n<p>&nbsp;<\/p>\n<div class=\"tiled-gallery type-rectangular tiled-gallery-unresized\" data-original-width=\"840\" data-carousel-extra='{&quot;blog_id&quot;:1,&quot;permalink&quot;:&quot;https:\\\/\\\/www.jazzzeitung.de\\\/cms\\\/2016\\\/10\\\/tanzender-schmetterling-im-hurrikan\\\/&quot;,&quot;likes_blog_id&quot;:55446655}' itemscope itemtype=\"http:\/\/schema.org\/ImageGallery\" > <div class=\"gallery-row\" style=\"width: 840px; height: 595px;\" data-original-width=\"840\" data-original-height=\"595\" > <div class=\"gallery-group images-2\" style=\"width: 450px; height: 595px;\" data-original-width=\"450\" data-original-height=\"595\" > <div class=\"tiled-gallery-item tiled-gallery-item-large\" itemprop=\"associatedMedia\" itemscope itemtype=\"http:\/\/schema.org\/ImageObject\"> <a href=\"https:\/\/www.jazzzeitung.de\/cms\/2016\/10\/tanzender-schmetterling-im-hurrikan\/funhorns_74\/\" border=\"0\" itemprop=\"url\"> <meta itemprop=\"width\" content=\"446\"> <meta itemprop=\"height\" content=\"300\"> <img decoding=\"async\" class=\"\" data-attachment-id=\"10417\" data-orig-file=\"https:\/\/www.jazzzeitung.de\/cms\/wp-content\/uploads\/2016\/10\/FunHorns_74.jpg\" data-orig-size=\"1864,1252\" data-comments-opened=\"1\" data-image-meta=\"{&quot;aperture&quot;:&quot;5&quot;,&quot;credit&quot;:&quot;&quot;,&quot;camera&quot;:&quot;NIKON D7000&quot;,&quot;caption&quot;:&quot;&quot;,&quot;created_timestamp&quot;:&quot;1476396420&quot;,&quot;copyright&quot;:&quot;&quot;,&quot;focal_length&quot;:&quot;50&quot;,&quot;iso&quot;:&quot;1600&quot;,&quot;shutter_speed&quot;:&quot;0.016666666666667&quot;,&quot;title&quot;:&quot;&quot;,&quot;orientation&quot;:&quot;1&quot;}\" data-image-title=\"Volker Schlott (von li.), Falk Breitkreuz, J\u00f6rg Huke und Nikolaus Neuser\" data-image-description=\"\" data-medium-file=\"https:\/\/i0.wp.com\/www.jazzzeitung.de\/cms\/wp-content\/uploads\/2016\/10\/FunHorns_74.jpg?fit=300%2C202&#038;ssl=1\" data-large-file=\"https:\/\/i0.wp.com\/www.jazzzeitung.de\/cms\/wp-content\/uploads\/2016\/10\/FunHorns_74.jpg?fit=840%2C564&#038;ssl=1\" src=\"https:\/\/i0.wp.com\/www.jazzzeitung.de\/cms\/wp-content\/uploads\/2016\/10\/FunHorns_74.jpg?w=446&#038;h=300&#038;ssl=1\" srcset=\"https:\/\/i0.wp.com\/www.jazzzeitung.de\/cms\/wp-content\/uploads\/2016\/10\/FunHorns_74.jpg?w=1864&amp;ssl=1 1864w, https:\/\/i0.wp.com\/www.jazzzeitung.de\/cms\/wp-content\/uploads\/2016\/10\/FunHorns_74.jpg?resize=300%2C202&amp;ssl=1 300w, https:\/\/i0.wp.com\/www.jazzzeitung.de\/cms\/wp-content\/uploads\/2016\/10\/FunHorns_74.jpg?resize=768%2C516&amp;ssl=1 768w, https:\/\/i0.wp.com\/www.jazzzeitung.de\/cms\/wp-content\/uploads\/2016\/10\/FunHorns_74.jpg?resize=893%2C600&amp;ssl=1 893w, https:\/\/i0.wp.com\/www.jazzzeitung.de\/cms\/wp-content\/uploads\/2016\/10\/FunHorns_74.jpg?w=1680&amp;ssl=1 1680w\" width=\"446\" height=\"300\" loading=\"lazy\" data-original-width=\"446\" data-original-height=\"300\" itemprop=\"http:\/\/schema.org\/image\" title=\"Volker Schlott (von li.), Falk Breitkreuz, J\u00f6rg Huke und Nikolaus Neuser\" alt=\"Volker Schlott (von li.), Falk Breitkreuz, J\u00f6rg Huke und Nikolaus Neuser\" style=\"width: 446px; height: 300px;\" \/> <\/a> <\/div> <div class=\"tiled-gallery-item tiled-gallery-item-large\" itemprop=\"associatedMedia\" itemscope itemtype=\"http:\/\/schema.org\/ImageObject\"> <a href=\"https:\/\/www.jazzzeitung.de\/cms\/2016\/10\/tanzender-schmetterling-im-hurrikan\/funhorns_24\/\" border=\"0\" itemprop=\"url\"> <meta itemprop=\"width\" content=\"446\"> <meta itemprop=\"height\" content=\"287\"> <img decoding=\"async\" class=\"\" data-attachment-id=\"10415\" data-orig-file=\"https:\/\/www.jazzzeitung.de\/cms\/wp-content\/uploads\/2016\/10\/FunHorns_24.jpg\" data-orig-size=\"1942,1252\" data-comments-opened=\"1\" data-image-meta=\"{&quot;aperture&quot;:&quot;5.6&quot;,&quot;credit&quot;:&quot;&quot;,&quot;camera&quot;:&quot;NIKON D7000&quot;,&quot;caption&quot;:&quot;&quot;,&quot;created_timestamp&quot;:&quot;1476400168&quot;,&quot;copyright&quot;:&quot;&quot;,&quot;focal_length&quot;:&quot;85&quot;,&quot;iso&quot;:&quot;1600&quot;,&quot;shutter_speed&quot;:&quot;0.02&quot;,&quot;title&quot;:&quot;&quot;,&quot;orientation&quot;:&quot;1&quot;}\" data-image-title=\"Drei der vier \u201eFun H\u00f6rner&amp;#8220;, Volker Schlott (von li.), Falk Breitkreuz und J\u00f6rg Huke\" data-image-description=\"\" data-medium-file=\"https:\/\/i0.wp.com\/www.jazzzeitung.de\/cms\/wp-content\/uploads\/2016\/10\/FunHorns_24.jpg?fit=300%2C193&#038;ssl=1\" data-large-file=\"https:\/\/i0.wp.com\/www.jazzzeitung.de\/cms\/wp-content\/uploads\/2016\/10\/FunHorns_24.jpg?fit=840%2C541&#038;ssl=1\" src=\"https:\/\/i0.wp.com\/www.jazzzeitung.de\/cms\/wp-content\/uploads\/2016\/10\/FunHorns_24.jpg?w=446&#038;h=287&#038;ssl=1\" srcset=\"https:\/\/i0.wp.com\/www.jazzzeitung.de\/cms\/wp-content\/uploads\/2016\/10\/FunHorns_24.jpg?w=1942&amp;ssl=1 1942w, https:\/\/i0.wp.com\/www.jazzzeitung.de\/cms\/wp-content\/uploads\/2016\/10\/FunHorns_24.jpg?resize=300%2C193&amp;ssl=1 300w, https:\/\/i0.wp.com\/www.jazzzeitung.de\/cms\/wp-content\/uploads\/2016\/10\/FunHorns_24.jpg?resize=768%2C495&amp;ssl=1 768w, https:\/\/i0.wp.com\/www.jazzzeitung.de\/cms\/wp-content\/uploads\/2016\/10\/FunHorns_24.jpg?resize=900%2C580&amp;ssl=1 900w, https:\/\/i0.wp.com\/www.jazzzeitung.de\/cms\/wp-content\/uploads\/2016\/10\/FunHorns_24.jpg?w=1680&amp;ssl=1 1680w\" width=\"446\" height=\"287\" loading=\"lazy\" data-original-width=\"446\" data-original-height=\"287\" itemprop=\"http:\/\/schema.org\/image\" title=\"Drei der vier \u201eFun H\u00f6rner&quot;, Volker Schlott (von li.), Falk Breitkreuz und J\u00f6rg Huke\" alt=\"Drei der vier \u201eFun H\u00f6rner&quot;, Volker Schlott (von li.), Falk Breitkreuz und J\u00f6rg Huke\" style=\"width: 446px; height: 287px;\" \/> <\/a> <\/div> <\/div> <!-- close group --> <div class=\"gallery-group images-1\" style=\"width: 390px; height: 595px;\" data-original-width=\"390\" data-original-height=\"595\" > <div class=\"tiled-gallery-item tiled-gallery-item-large\" itemprop=\"associatedMedia\" itemscope itemtype=\"http:\/\/schema.org\/ImageObject\"> <a href=\"https:\/\/www.jazzzeitung.de\/cms\/2016\/10\/tanzender-schmetterling-im-hurrikan\/schlott-volker_49\/\" border=\"0\" itemprop=\"url\"> <meta itemprop=\"width\" content=\"386\"> <meta itemprop=\"height\" content=\"591\"> <img decoding=\"async\" class=\"\" data-attachment-id=\"10419\" data-orig-file=\"https:\/\/www.jazzzeitung.de\/cms\/wp-content\/uploads\/2016\/10\/Schlott-Volker_49.jpg\" data-orig-size=\"1235,1890\" data-comments-opened=\"1\" data-image-meta=\"{&quot;aperture&quot;:&quot;5.3&quot;,&quot;credit&quot;:&quot;&quot;,&quot;camera&quot;:&quot;NIKON D7000&quot;,&quot;caption&quot;:&quot;&quot;,&quot;created_timestamp&quot;:&quot;1476395942&quot;,&quot;copyright&quot;:&quot;&quot;,&quot;focal_length&quot;:&quot;70&quot;,&quot;iso&quot;:&quot;1600&quot;,&quot;shutter_speed&quot;:&quot;0.016666666666667&quot;,&quot;title&quot;:&quot;&quot;,&quot;orientation&quot;:&quot;1&quot;}\" data-image-title=\"Volker Schlott\" data-image-description=\"\" data-medium-file=\"https:\/\/i0.wp.com\/www.jazzzeitung.de\/cms\/wp-content\/uploads\/2016\/10\/Schlott-Volker_49.jpg?fit=196%2C300&#038;ssl=1\" data-large-file=\"https:\/\/i0.wp.com\/www.jazzzeitung.de\/cms\/wp-content\/uploads\/2016\/10\/Schlott-Volker_49.jpg?fit=392%2C600&#038;ssl=1\" src=\"https:\/\/i0.wp.com\/www.jazzzeitung.de\/cms\/wp-content\/uploads\/2016\/10\/Schlott-Volker_49.jpg?w=386&#038;h=591&#038;ssl=1\" srcset=\"https:\/\/i0.wp.com\/www.jazzzeitung.de\/cms\/wp-content\/uploads\/2016\/10\/Schlott-Volker_49.jpg?w=1235&amp;ssl=1 1235w, https:\/\/i0.wp.com\/www.jazzzeitung.de\/cms\/wp-content\/uploads\/2016\/10\/Schlott-Volker_49.jpg?resize=196%2C300&amp;ssl=1 196w, https:\/\/i0.wp.com\/www.jazzzeitung.de\/cms\/wp-content\/uploads\/2016\/10\/Schlott-Volker_49.jpg?resize=768%2C1175&amp;ssl=1 768w, https:\/\/i0.wp.com\/www.jazzzeitung.de\/cms\/wp-content\/uploads\/2016\/10\/Schlott-Volker_49.jpg?resize=392%2C600&amp;ssl=1 392w\" width=\"386\" height=\"591\" loading=\"lazy\" data-original-width=\"386\" data-original-height=\"591\" itemprop=\"http:\/\/schema.org\/image\" title=\"Volker Schlott\" alt=\"Volker Schlott\" style=\"width: 386px; height: 591px;\" \/> <\/a> <\/div> <\/div> <!-- close group --> <\/div> <!-- close row --> <div class=\"gallery-row\" style=\"width: 840px; height: 162px;\" data-original-width=\"840\" data-original-height=\"162\" > <div class=\"gallery-group images-1\" style=\"width: 249px; height: 162px;\" data-original-width=\"249\" data-original-height=\"162\" > <div class=\"tiled-gallery-item tiled-gallery-item-small\" itemprop=\"associatedMedia\" itemscope itemtype=\"http:\/\/schema.org\/ImageObject\"> <a href=\"https:\/\/www.jazzzeitung.de\/cms\/2016\/10\/tanzender-schmetterling-im-hurrikan\/image001-2\/\" border=\"0\" itemprop=\"url\"> <meta itemprop=\"width\" content=\"245\"> <meta itemprop=\"height\" content=\"158\"> <img decoding=\"async\" class=\"\" data-attachment-id=\"10420\" data-orig-file=\"https:\/\/www.jazzzeitung.de\/cms\/wp-content\/uploads\/2016\/10\/image001.jpg\" data-orig-size=\"942,607\" data-comments-opened=\"1\" data-image-meta=\"{&quot;aperture&quot;:&quot;0&quot;,&quot;credit&quot;:&quot;&quot;,&quot;camera&quot;:&quot;&quot;,&quot;caption&quot;:&quot;&quot;,&quot;created_timestamp&quot;:&quot;0&quot;,&quot;copyright&quot;:&quot;&quot;,&quot;focal_length&quot;:&quot;0&quot;,&quot;iso&quot;:&quot;0&quot;,&quot;shutter_speed&quot;:&quot;0&quot;,&quot;title&quot;:&quot;&quot;,&quot;orientation&quot;:&quot;0&quot;}\" data-image-title=\"Nikolaus Neuser\" data-image-description=\"\" data-medium-file=\"https:\/\/i0.wp.com\/www.jazzzeitung.de\/cms\/wp-content\/uploads\/2016\/10\/image001.jpg?fit=300%2C193&#038;ssl=1\" data-large-file=\"https:\/\/i0.wp.com\/www.jazzzeitung.de\/cms\/wp-content\/uploads\/2016\/10\/image001.jpg?fit=840%2C541&#038;ssl=1\" src=\"https:\/\/i0.wp.com\/www.jazzzeitung.de\/cms\/wp-content\/uploads\/2016\/10\/image001.jpg?w=245&#038;h=158&#038;ssl=1\" srcset=\"https:\/\/i0.wp.com\/www.jazzzeitung.de\/cms\/wp-content\/uploads\/2016\/10\/image001.jpg?w=942&amp;ssl=1 942w, https:\/\/i0.wp.com\/www.jazzzeitung.de\/cms\/wp-content\/uploads\/2016\/10\/image001.jpg?resize=300%2C193&amp;ssl=1 300w, https:\/\/i0.wp.com\/www.jazzzeitung.de\/cms\/wp-content\/uploads\/2016\/10\/image001.jpg?resize=768%2C495&amp;ssl=1 768w, https:\/\/i0.wp.com\/www.jazzzeitung.de\/cms\/wp-content\/uploads\/2016\/10\/image001.jpg?resize=900%2C580&amp;ssl=1 900w\" width=\"245\" height=\"158\" loading=\"lazy\" data-original-width=\"245\" data-original-height=\"158\" itemprop=\"http:\/\/schema.org\/image\" title=\"Nikolaus Neuser\" alt=\"Nikolaus Neuser\" style=\"width: 245px; height: 158px;\" \/> <\/a> <\/div> <\/div> <!-- close group --> <div class=\"gallery-group images-1\" style=\"width: 108px; height: 162px;\" data-original-width=\"108\" data-original-height=\"162\" > <div class=\"tiled-gallery-item tiled-gallery-item-small\" itemprop=\"associatedMedia\" itemscope itemtype=\"http:\/\/schema.org\/ImageObject\"> <a href=\"https:\/\/www.jazzzeitung.de\/cms\/2016\/10\/tanzender-schmetterling-im-hurrikan\/image002-2\/\" border=\"0\" itemprop=\"url\"> <meta itemprop=\"width\" content=\"104\"> <meta itemprop=\"height\" content=\"158\"> <img decoding=\"async\" class=\"\" data-attachment-id=\"10421\" data-orig-file=\"https:\/\/www.jazzzeitung.de\/cms\/wp-content\/uploads\/2016\/10\/image002.jpg\" data-orig-size=\"942,1423\" data-comments-opened=\"1\" data-image-meta=\"{&quot;aperture&quot;:&quot;0&quot;,&quot;credit&quot;:&quot;&quot;,&quot;camera&quot;:&quot;&quot;,&quot;caption&quot;:&quot;&quot;,&quot;created_timestamp&quot;:&quot;0&quot;,&quot;copyright&quot;:&quot;&quot;,&quot;focal_length&quot;:&quot;0&quot;,&quot;iso&quot;:&quot;0&quot;,&quot;shutter_speed&quot;:&quot;0&quot;,&quot;title&quot;:&quot;&quot;,&quot;orientation&quot;:&quot;0&quot;}\" data-image-title=\"Falk Breitkreuz\" data-image-description=\"\" data-medium-file=\"https:\/\/i0.wp.com\/www.jazzzeitung.de\/cms\/wp-content\/uploads\/2016\/10\/image002.jpg?fit=199%2C300&#038;ssl=1\" data-large-file=\"https:\/\/i0.wp.com\/www.jazzzeitung.de\/cms\/wp-content\/uploads\/2016\/10\/image002.jpg?fit=397%2C600&#038;ssl=1\" src=\"https:\/\/i0.wp.com\/www.jazzzeitung.de\/cms\/wp-content\/uploads\/2016\/10\/image002.jpg?w=104&#038;h=158&#038;ssl=1\" srcset=\"https:\/\/i0.wp.com\/www.jazzzeitung.de\/cms\/wp-content\/uploads\/2016\/10\/image002.jpg?w=942&amp;ssl=1 942w, https:\/\/i0.wp.com\/www.jazzzeitung.de\/cms\/wp-content\/uploads\/2016\/10\/image002.jpg?resize=199%2C300&amp;ssl=1 199w, https:\/\/i0.wp.com\/www.jazzzeitung.de\/cms\/wp-content\/uploads\/2016\/10\/image002.jpg?resize=768%2C1160&amp;ssl=1 768w, https:\/\/i0.wp.com\/www.jazzzeitung.de\/cms\/wp-content\/uploads\/2016\/10\/image002.jpg?resize=397%2C600&amp;ssl=1 397w\" width=\"104\" height=\"158\" loading=\"lazy\" data-original-width=\"104\" data-original-height=\"158\" itemprop=\"http:\/\/schema.org\/image\" title=\"Falk Breitkreuz\" alt=\"Falk Breitkreuz\" style=\"width: 104px; height: 158px;\" \/> <\/a> <\/div> <\/div> <!-- close group --> <div class=\"gallery-group images-1\" style=\"width: 242px; height: 162px;\" data-original-width=\"242\" data-original-height=\"162\" > <div class=\"tiled-gallery-item tiled-gallery-item-small\" itemprop=\"associatedMedia\" itemscope itemtype=\"http:\/\/schema.org\/ImageObject\"> <a href=\"https:\/\/www.jazzzeitung.de\/cms\/2016\/10\/tanzender-schmetterling-im-hurrikan\/huke-joerg_10\/\" border=\"0\" itemprop=\"url\"> <meta itemprop=\"width\" content=\"238\"> <meta itemprop=\"height\" content=\"158\"> <img decoding=\"async\" class=\"\" data-attachment-id=\"10418\" data-orig-file=\"https:\/\/www.jazzzeitung.de\/cms\/wp-content\/uploads\/2016\/10\/Huke-Joerg_10.jpg\" data-orig-size=\"1890,1252\" data-comments-opened=\"1\" data-image-meta=\"{&quot;aperture&quot;:&quot;5.6&quot;,&quot;credit&quot;:&quot;&quot;,&quot;camera&quot;:&quot;NIKON D7000&quot;,&quot;caption&quot;:&quot;&quot;,&quot;created_timestamp&quot;:&quot;1476397893&quot;,&quot;copyright&quot;:&quot;&quot;,&quot;focal_length&quot;:&quot;105&quot;,&quot;iso&quot;:&quot;1600&quot;,&quot;shutter_speed&quot;:&quot;0.02&quot;,&quot;title&quot;:&quot;&quot;,&quot;orientation&quot;:&quot;1&quot;}\" data-image-title=\"J\u00f6rg Huke\" data-image-description=\"\" data-medium-file=\"https:\/\/i0.wp.com\/www.jazzzeitung.de\/cms\/wp-content\/uploads\/2016\/10\/Huke-Joerg_10.jpg?fit=300%2C199&#038;ssl=1\" data-large-file=\"https:\/\/i0.wp.com\/www.jazzzeitung.de\/cms\/wp-content\/uploads\/2016\/10\/Huke-Joerg_10.jpg?fit=840%2C556&#038;ssl=1\" src=\"https:\/\/i0.wp.com\/www.jazzzeitung.de\/cms\/wp-content\/uploads\/2016\/10\/Huke-Joerg_10.jpg?w=238&#038;h=158&#038;ssl=1\" srcset=\"https:\/\/i0.wp.com\/www.jazzzeitung.de\/cms\/wp-content\/uploads\/2016\/10\/Huke-Joerg_10.jpg?w=1890&amp;ssl=1 1890w, https:\/\/i0.wp.com\/www.jazzzeitung.de\/cms\/wp-content\/uploads\/2016\/10\/Huke-Joerg_10.jpg?resize=300%2C199&amp;ssl=1 300w, https:\/\/i0.wp.com\/www.jazzzeitung.de\/cms\/wp-content\/uploads\/2016\/10\/Huke-Joerg_10.jpg?resize=768%2C509&amp;ssl=1 768w, https:\/\/i0.wp.com\/www.jazzzeitung.de\/cms\/wp-content\/uploads\/2016\/10\/Huke-Joerg_10.jpg?resize=900%2C596&amp;ssl=1 900w, https:\/\/i0.wp.com\/www.jazzzeitung.de\/cms\/wp-content\/uploads\/2016\/10\/Huke-Joerg_10.jpg?w=1680&amp;ssl=1 1680w\" width=\"238\" height=\"158\" loading=\"lazy\" data-original-width=\"238\" data-original-height=\"158\" itemprop=\"http:\/\/schema.org\/image\" title=\"J\u00f6rg Huke\" alt=\"J\u00f6rg Huke\" style=\"width: 238px; height: 158px;\" \/> <\/a> <\/div> <\/div> <!-- close group --> <div class=\"gallery-group images-1\" style=\"width: 241px; height: 162px;\" data-original-width=\"241\" data-original-height=\"162\" > <div class=\"tiled-gallery-item tiled-gallery-item-small\" itemprop=\"associatedMedia\" itemscope itemtype=\"http:\/\/schema.org\/ImageObject\"> <a href=\"https:\/\/www.jazzzeitung.de\/cms\/2016\/10\/tanzender-schmetterling-im-hurrikan\/image003-2\/\" border=\"0\" itemprop=\"url\"> <meta itemprop=\"width\" content=\"237\"> <meta itemprop=\"height\" content=\"158\"> <img decoding=\"async\" class=\"\" data-attachment-id=\"10422\" data-orig-file=\"https:\/\/www.jazzzeitung.de\/cms\/wp-content\/uploads\/2016\/10\/image003.jpg\" data-orig-size=\"942,625\" data-comments-opened=\"1\" data-image-meta=\"{&quot;aperture&quot;:&quot;0&quot;,&quot;credit&quot;:&quot;&quot;,&quot;camera&quot;:&quot;&quot;,&quot;caption&quot;:&quot;&quot;,&quot;created_timestamp&quot;:&quot;0&quot;,&quot;copyright&quot;:&quot;&quot;,&quot;focal_length&quot;:&quot;0&quot;,&quot;iso&quot;:&quot;0&quot;,&quot;shutter_speed&quot;:&quot;0&quot;,&quot;title&quot;:&quot;&quot;,&quot;orientation&quot;:&quot;0&quot;}\" data-image-title=\"Falk Breitkreuz und J\u00f6rg Huke\" data-image-description=\"\" data-medium-file=\"https:\/\/i0.wp.com\/www.jazzzeitung.de\/cms\/wp-content\/uploads\/2016\/10\/image003.jpg?fit=300%2C199&#038;ssl=1\" data-large-file=\"https:\/\/i0.wp.com\/www.jazzzeitung.de\/cms\/wp-content\/uploads\/2016\/10\/image003.jpg?fit=840%2C557&#038;ssl=1\" src=\"https:\/\/i0.wp.com\/www.jazzzeitung.de\/cms\/wp-content\/uploads\/2016\/10\/image003.jpg?w=237&#038;h=158&#038;ssl=1\" srcset=\"https:\/\/i0.wp.com\/www.jazzzeitung.de\/cms\/wp-content\/uploads\/2016\/10\/image003.jpg?w=942&amp;ssl=1 942w, https:\/\/i0.wp.com\/www.jazzzeitung.de\/cms\/wp-content\/uploads\/2016\/10\/image003.jpg?resize=300%2C199&amp;ssl=1 300w, https:\/\/i0.wp.com\/www.jazzzeitung.de\/cms\/wp-content\/uploads\/2016\/10\/image003.jpg?resize=768%2C510&amp;ssl=1 768w, https:\/\/i0.wp.com\/www.jazzzeitung.de\/cms\/wp-content\/uploads\/2016\/10\/image003.jpg?resize=900%2C597&amp;ssl=1 900w\" width=\"237\" height=\"158\" loading=\"lazy\" data-original-width=\"237\" data-original-height=\"158\" itemprop=\"http:\/\/schema.org\/image\" title=\"Falk Breitkreuz und J\u00f6rg Huke\" alt=\"Falk Breitkreuz und J\u00f6rg Huke\" style=\"width: 237px; height: 158px;\" \/> <\/a> <\/div> <\/div> <!-- close group --> <\/div> <!-- close row --> <\/div>\n","protected":false},"excerpt":{"rendered":"<p>Zum 30-j\u00e4hrigen Bandjubil\u00e4um machten die \u201eFun Horns\u201c Halt beim Jazzclub im Regensburg \u2013 und begeisterten mit anspruchsvollem Akustikspiel. Vier Musiker, sieben Blasinstrumente und sonst nichts auf der B\u00fchne. Halt, ein Mikrofon f\u00fcr die Ansage noch, Mineralwasserflaschen und kleine vergn\u00fcgliche Erz\u00e4hlungen aus dem Tourleben, aus der Vergangenheit und von Aufnahmesessions im \u201eAlten Lager\u201c. Die \u201eFun Horns\u201c sind keine junge Kapelle, wie sie sich selbst nennen. Gleichzeitig sind sie so erfrischend in ihrer Musik wie es nur freie oder auch junggebliebene Geister sein k\u00f6nnen. Wer bei ihrem fantastischen Konzert im Leeren Beutel die Augen geschlossen hielt, konnte leicht in Verwirrung st\u00fcrzen \u2013 waren doch da schwirrende Insekten, meckernder Streit und zuckers\u00fcsses Liebesgefl\u00f6te zu h\u00f6ren. Aus Posaune, Saxofonen, Bassklarinette, Trompete und einer Fl\u00f6te. Pur, unverf\u00e4lscht, spielte das Quartett ganz ohne jegliche elektrische Verst\u00e4rkung. \u201eDas ist doch ein wunderbarer Raum\u201c, freute sich Tonangeber J\u00f6rg Huke (tb) sichtlich \u00fcber die hervorragende Akustik, \u201eder tr\u00e4gt das ohne weiteres bis in die letzte Reihe\u201c. In einer Zeit, als weltweit Saxofonquartette wie Pilze aus Boden schossen, dachten sich vor drei Jahrzehnten einige Jungs in Ostberlin \u2013 wie die Hauptstadt der DDR damals hie\u00df &hellip;<\/p>\n","protected":false},"author":18,"featured_media":0,"comment_status":"open","ping_status":"closed","sticky":false,"template":"","format":"standard","meta":{"_jetpack_memberships_contains_paid_content":false,"footnotes":"","jetpack_publicize_message":"","jetpack_publicize_feature_enabled":true,"jetpack_social_post_already_shared":false,"jetpack_social_options":{"image_generator_settings":{"template":"highway","default_image_id":0,"font":"","enabled":false},"version":2}},"categories":[1053,652],"tags":[95,109,129,1301,1299,216,271,737,1302,322,387,1303,430,1797,1300],"coauthors":[695],"class_list":["post-10414","post","type-post","status-publish","format-standard","hentry","category-bericht","category-galerie","tag-bremen","tag-cd","tag-ddr","tag-falk-breitkreuz","tag-fun-horns","tag-hancock","tag-jazzclub","tag-jazzclub-regensburg","tag-joerg-huke","tag-konzert-2","tag-michael-scheiner","tag-nikolaus-neuser","tag-ostberlin","tag-regensburg","tag-volker-schlott"],"yoast_head":"<!-- This site is optimized with the Yoast SEO plugin v27.5 - https:\/\/yoast.com\/product\/yoast-seo-wordpress\/ -->\n<title>Tanzender Schmetterling im Hurrikan - JazzZeitung<\/title>\n<meta name=\"robots\" content=\"index, follow, max-snippet:-1, max-image-preview:large, max-video-preview:-1\" \/>\n<link rel=\"canonical\" href=\"https:\/\/www.jazzzeitung.de\/cms\/2016\/10\/tanzender-schmetterling-im-hurrikan\/\" \/>\n<meta property=\"og:locale\" content=\"de_DE\" \/>\n<meta property=\"og:type\" content=\"article\" \/>\n<meta property=\"og:title\" content=\"Tanzender Schmetterling im Hurrikan - JazzZeitung\" \/>\n<meta property=\"og:description\" content=\"Zum 30-j\u00e4hrigen Bandjubil\u00e4um machten die \u201eFun Horns\u201c Halt beim Jazzclub im Regensburg \u2013 und begeisterten mit anspruchsvollem Akustikspiel. Vier Musiker, sieben Blasinstrumente und sonst nichts auf der B\u00fchne. Halt, ein Mikrofon f\u00fcr die Ansage noch, Mineralwasserflaschen und kleine vergn\u00fcgliche Erz\u00e4hlungen aus dem Tourleben, aus der Vergangenheit und von Aufnahmesessions im \u201eAlten Lager\u201c. Die \u201eFun Horns\u201c sind keine junge Kapelle, wie sie sich selbst nennen. Gleichzeitig sind sie so erfrischend in ihrer Musik wie es nur freie oder auch junggebliebene Geister sein k\u00f6nnen. Wer bei ihrem fantastischen Konzert im Leeren Beutel die Augen geschlossen hielt, konnte leicht in Verwirrung st\u00fcrzen \u2013 waren doch da schwirrende Insekten, meckernder Streit und zuckers\u00fcsses Liebesgefl\u00f6te zu h\u00f6ren. Aus Posaune, Saxofonen, Bassklarinette, Trompete und einer Fl\u00f6te. Pur, unverf\u00e4lscht, spielte das Quartett ganz ohne jegliche elektrische Verst\u00e4rkung. \u201eDas ist doch ein wunderbarer Raum\u201c, freute sich Tonangeber J\u00f6rg Huke (tb) sichtlich \u00fcber die hervorragende Akustik, \u201eder tr\u00e4gt das ohne weiteres bis in die letzte Reihe\u201c. In einer Zeit, als weltweit Saxofonquartette wie Pilze aus Boden schossen, dachten sich vor drei Jahrzehnten einige Jungs in Ostberlin \u2013 wie die Hauptstadt der DDR damals hie\u00df &hellip;\" \/>\n<meta property=\"og:url\" content=\"https:\/\/www.jazzzeitung.de\/cms\/2016\/10\/tanzender-schmetterling-im-hurrikan\/\" \/>\n<meta property=\"og:site_name\" content=\"JazzZeitung\" \/>\n<meta property=\"article:publisher\" content=\"https:\/\/www.facebook.com\/JazzZeitung\/\" \/>\n<meta property=\"article:published_time\" content=\"2016-10-20T09:00:07+00:00\" \/>\n<meta property=\"og:image\" content=\"https:\/\/i0.wp.com\/www.jazzzeitung.de\/cms\/wp-content\/uploads\/2016\/10\/FunHorns_74.jpg?w=446&#038;h=300&#038;ssl=1\" \/>\n<meta name=\"author\" content=\"Redaktion JazzZeitung\" \/>\n<script type=\"application\/ld+json\" class=\"yoast-schema-graph\">{\"@context\":\"https:\\\/\\\/schema.org\",\"@graph\":[{\"@type\":\"Article\",\"@id\":\"https:\\\/\\\/www.jazzzeitung.de\\\/cms\\\/2016\\\/10\\\/tanzender-schmetterling-im-hurrikan\\\/#article\",\"isPartOf\":{\"@id\":\"https:\\\/\\\/www.jazzzeitung.de\\\/cms\\\/2016\\\/10\\\/tanzender-schmetterling-im-hurrikan\\\/\"},\"author\":{\"name\":\"Redaktion JazzZeitung\",\"@id\":\"https:\\\/\\\/www.jazzzeitung.de\\\/cms\\\/#\\\/schema\\\/person\\\/2245b36b9cd1d24cea10f01c031fb92b\"},\"headline\":\"Tanzender Schmetterling im Hurrikan\",\"datePublished\":\"2016-10-20T09:00:07+00:00\",\"mainEntityOfPage\":{\"@id\":\"https:\\\/\\\/www.jazzzeitung.de\\\/cms\\\/2016\\\/10\\\/tanzender-schmetterling-im-hurrikan\\\/\"},\"wordCount\":575,\"commentCount\":0,\"publisher\":{\"@id\":\"https:\\\/\\\/www.jazzzeitung.de\\\/cms\\\/#organization\"},\"keywords\":[\"Bremen\",\"CD\",\"ddr\",\"Falk Breitkreuz\",\"Fun Horns\",\"Hancock\",\"Jazzclub\",\"Jazzclub Regensburg\",\"J\u00f6rg Huke\",\"Konzert\",\"Michael Scheiner\",\"Nikolaus Neuser\",\"Ostberlin\",\"Regensburg\",\"Volker Schlott\"],\"articleSection\":[\"Bericht\",\"Galerie\"],\"inLanguage\":\"de\",\"potentialAction\":[{\"@type\":\"CommentAction\",\"name\":\"Comment\",\"target\":[\"https:\\\/\\\/www.jazzzeitung.de\\\/cms\\\/2016\\\/10\\\/tanzender-schmetterling-im-hurrikan\\\/#respond\"]}]},{\"@type\":\"WebPage\",\"@id\":\"https:\\\/\\\/www.jazzzeitung.de\\\/cms\\\/2016\\\/10\\\/tanzender-schmetterling-im-hurrikan\\\/\",\"url\":\"https:\\\/\\\/www.jazzzeitung.de\\\/cms\\\/2016\\\/10\\\/tanzender-schmetterling-im-hurrikan\\\/\",\"name\":\"Tanzender Schmetterling im Hurrikan - JazzZeitung\",\"isPartOf\":{\"@id\":\"https:\\\/\\\/www.jazzzeitung.de\\\/cms\\\/#website\"},\"datePublished\":\"2016-10-20T09:00:07+00:00\",\"breadcrumb\":{\"@id\":\"https:\\\/\\\/www.jazzzeitung.de\\\/cms\\\/2016\\\/10\\\/tanzender-schmetterling-im-hurrikan\\\/#breadcrumb\"},\"inLanguage\":\"de\",\"potentialAction\":[{\"@type\":\"ReadAction\",\"target\":[\"https:\\\/\\\/www.jazzzeitung.de\\\/cms\\\/2016\\\/10\\\/tanzender-schmetterling-im-hurrikan\\\/\"]}]},{\"@type\":\"BreadcrumbList\",\"@id\":\"https:\\\/\\\/www.jazzzeitung.de\\\/cms\\\/2016\\\/10\\\/tanzender-schmetterling-im-hurrikan\\\/#breadcrumb\",\"itemListElement\":[{\"@type\":\"ListItem\",\"position\":1,\"name\":\"Startseite\",\"item\":\"https:\\\/\\\/www.jazzzeitung.de\\\/cms\\\/\"},{\"@type\":\"ListItem\",\"position\":2,\"name\":\"Tanzender Schmetterling im Hurrikan\"}]},{\"@type\":\"WebSite\",\"@id\":\"https:\\\/\\\/www.jazzzeitung.de\\\/cms\\\/#website\",\"url\":\"https:\\\/\\\/www.jazzzeitung.de\\\/cms\\\/\",\"name\":\"JazzZeitung\",\"description\":\"Jazz-News und Jazz-Kontroverses\",\"publisher\":{\"@id\":\"https:\\\/\\\/www.jazzzeitung.de\\\/cms\\\/#organization\"},\"potentialAction\":[{\"@type\":\"SearchAction\",\"target\":{\"@type\":\"EntryPoint\",\"urlTemplate\":\"https:\\\/\\\/www.jazzzeitung.de\\\/cms\\\/?s={search_term_string}\"},\"query-input\":{\"@type\":\"PropertyValueSpecification\",\"valueRequired\":true,\"valueName\":\"search_term_string\"}}],\"inLanguage\":\"de\"},{\"@type\":\"Organization\",\"@id\":\"https:\\\/\\\/www.jazzzeitung.de\\\/cms\\\/#organization\",\"name\":\"JazzZeitung online\",\"url\":\"https:\\\/\\\/www.jazzzeitung.de\\\/cms\\\/\",\"logo\":{\"@type\":\"ImageObject\",\"inLanguage\":\"de\",\"@id\":\"https:\\\/\\\/www.jazzzeitung.de\\\/cms\\\/#\\\/schema\\\/logo\\\/image\\\/\",\"url\":\"https:\\\/\\\/i0.wp.com\\\/www.jazzzeitung.de\\\/cms\\\/wp-content\\\/uploads\\\/2015\\\/08\\\/JAZZZEITUNGDE_Logo_Neu.png?fit=499%2C200&ssl=1\",\"contentUrl\":\"https:\\\/\\\/i0.wp.com\\\/www.jazzzeitung.de\\\/cms\\\/wp-content\\\/uploads\\\/2015\\\/08\\\/JAZZZEITUNGDE_Logo_Neu.png?fit=499%2C200&ssl=1\",\"width\":499,\"height\":200,\"caption\":\"JazzZeitung online\"},\"image\":{\"@id\":\"https:\\\/\\\/www.jazzzeitung.de\\\/cms\\\/#\\\/schema\\\/logo\\\/image\\\/\"},\"sameAs\":[\"https:\\\/\\\/www.facebook.com\\\/JazzZeitung\\\/\"]},{\"@type\":\"Person\",\"@id\":\"https:\\\/\\\/www.jazzzeitung.de\\\/cms\\\/#\\\/schema\\\/person\\\/2245b36b9cd1d24cea10f01c031fb92b\",\"name\":\"Redaktion JazzZeitung\",\"image\":{\"@type\":\"ImageObject\",\"inLanguage\":\"de\",\"@id\":\"https:\\\/\\\/i0.wp.com\\\/www.jazzzeitung.de\\\/cms\\\/wp-content\\\/uploads\\\/2015\\\/08\\\/JAZZZEITUNGDE_Logo_Neu.png?resize=96%2C96&ssl=159975dcacb611b5700bd619b5daf0a7a\",\"url\":\"https:\\\/\\\/i0.wp.com\\\/www.jazzzeitung.de\\\/cms\\\/wp-content\\\/uploads\\\/2015\\\/08\\\/JAZZZEITUNGDE_Logo_Neu.png?resize=96%2C96&ssl=1\",\"contentUrl\":\"https:\\\/\\\/i0.wp.com\\\/www.jazzzeitung.de\\\/cms\\\/wp-content\\\/uploads\\\/2015\\\/08\\\/JAZZZEITUNGDE_Logo_Neu.png?resize=96%2C96&ssl=1\",\"caption\":\"Redaktion JazzZeitung\"},\"description\":\"Artikel der Redaktion der JazzZeitung.\",\"sameAs\":[\"http:\\\/\\\/www.jazzzeitung.de\\\/cms\\\/\"],\"url\":\"https:\\\/\\\/www.jazzzeitung.de\\\/cms\\\/author\\\/redaktion\\\/\"}]}<\/script>\n<!-- \/ Yoast SEO plugin. -->","yoast_head_json":{"title":"Tanzender Schmetterling im Hurrikan - JazzZeitung","robots":{"index":"index","follow":"follow","max-snippet":"max-snippet:-1","max-image-preview":"max-image-preview:large","max-video-preview":"max-video-preview:-1"},"canonical":"https:\/\/www.jazzzeitung.de\/cms\/2016\/10\/tanzender-schmetterling-im-hurrikan\/","og_locale":"de_DE","og_type":"article","og_title":"Tanzender Schmetterling im Hurrikan - JazzZeitung","og_description":"Zum 30-j\u00e4hrigen Bandjubil\u00e4um machten die \u201eFun Horns\u201c Halt beim Jazzclub im Regensburg \u2013 und begeisterten mit anspruchsvollem Akustikspiel. Vier Musiker, sieben Blasinstrumente und sonst nichts auf der B\u00fchne. Halt, ein Mikrofon f\u00fcr die Ansage noch, Mineralwasserflaschen und kleine vergn\u00fcgliche Erz\u00e4hlungen aus dem Tourleben, aus der Vergangenheit und von Aufnahmesessions im \u201eAlten Lager\u201c. Die \u201eFun Horns\u201c sind keine junge Kapelle, wie sie sich selbst nennen. Gleichzeitig sind sie so erfrischend in ihrer Musik wie es nur freie oder auch junggebliebene Geister sein k\u00f6nnen. Wer bei ihrem fantastischen Konzert im Leeren Beutel die Augen geschlossen hielt, konnte leicht in Verwirrung st\u00fcrzen \u2013 waren doch da schwirrende Insekten, meckernder Streit und zuckers\u00fcsses Liebesgefl\u00f6te zu h\u00f6ren. Aus Posaune, Saxofonen, Bassklarinette, Trompete und einer Fl\u00f6te. Pur, unverf\u00e4lscht, spielte das Quartett ganz ohne jegliche elektrische Verst\u00e4rkung. \u201eDas ist doch ein wunderbarer Raum\u201c, freute sich Tonangeber J\u00f6rg Huke (tb) sichtlich \u00fcber die hervorragende Akustik, \u201eder tr\u00e4gt das ohne weiteres bis in die letzte Reihe\u201c. In einer Zeit, als weltweit Saxofonquartette wie Pilze aus Boden schossen, dachten sich vor drei Jahrzehnten einige Jungs in Ostberlin \u2013 wie die Hauptstadt der DDR damals hie\u00df &hellip;","og_url":"https:\/\/www.jazzzeitung.de\/cms\/2016\/10\/tanzender-schmetterling-im-hurrikan\/","og_site_name":"JazzZeitung","article_publisher":"https:\/\/www.facebook.com\/JazzZeitung\/","article_published_time":"2016-10-20T09:00:07+00:00","og_image":[{"url":"https:\/\/i0.wp.com\/www.jazzzeitung.de\/cms\/wp-content\/uploads\/2016\/10\/FunHorns_74.jpg?w=446&#038;h=300&#038;ssl=1","type":"","width":"","height":""}],"author":"Redaktion JazzZeitung","schema":{"@context":"https:\/\/schema.org","@graph":[{"@type":"Article","@id":"https:\/\/www.jazzzeitung.de\/cms\/2016\/10\/tanzender-schmetterling-im-hurrikan\/#article","isPartOf":{"@id":"https:\/\/www.jazzzeitung.de\/cms\/2016\/10\/tanzender-schmetterling-im-hurrikan\/"},"author":{"name":"Redaktion JazzZeitung","@id":"https:\/\/www.jazzzeitung.de\/cms\/#\/schema\/person\/2245b36b9cd1d24cea10f01c031fb92b"},"headline":"Tanzender Schmetterling im Hurrikan","datePublished":"2016-10-20T09:00:07+00:00","mainEntityOfPage":{"@id":"https:\/\/www.jazzzeitung.de\/cms\/2016\/10\/tanzender-schmetterling-im-hurrikan\/"},"wordCount":575,"commentCount":0,"publisher":{"@id":"https:\/\/www.jazzzeitung.de\/cms\/#organization"},"keywords":["Bremen","CD","ddr","Falk Breitkreuz","Fun Horns","Hancock","Jazzclub","Jazzclub Regensburg","J\u00f6rg Huke","Konzert","Michael Scheiner","Nikolaus Neuser","Ostberlin","Regensburg","Volker Schlott"],"articleSection":["Bericht","Galerie"],"inLanguage":"de","potentialAction":[{"@type":"CommentAction","name":"Comment","target":["https:\/\/www.jazzzeitung.de\/cms\/2016\/10\/tanzender-schmetterling-im-hurrikan\/#respond"]}]},{"@type":"WebPage","@id":"https:\/\/www.jazzzeitung.de\/cms\/2016\/10\/tanzender-schmetterling-im-hurrikan\/","url":"https:\/\/www.jazzzeitung.de\/cms\/2016\/10\/tanzender-schmetterling-im-hurrikan\/","name":"Tanzender Schmetterling im Hurrikan - JazzZeitung","isPartOf":{"@id":"https:\/\/www.jazzzeitung.de\/cms\/#website"},"datePublished":"2016-10-20T09:00:07+00:00","breadcrumb":{"@id":"https:\/\/www.jazzzeitung.de\/cms\/2016\/10\/tanzender-schmetterling-im-hurrikan\/#breadcrumb"},"inLanguage":"de","potentialAction":[{"@type":"ReadAction","target":["https:\/\/www.jazzzeitung.de\/cms\/2016\/10\/tanzender-schmetterling-im-hurrikan\/"]}]},{"@type":"BreadcrumbList","@id":"https:\/\/www.jazzzeitung.de\/cms\/2016\/10\/tanzender-schmetterling-im-hurrikan\/#breadcrumb","itemListElement":[{"@type":"ListItem","position":1,"name":"Startseite","item":"https:\/\/www.jazzzeitung.de\/cms\/"},{"@type":"ListItem","position":2,"name":"Tanzender Schmetterling im Hurrikan"}]},{"@type":"WebSite","@id":"https:\/\/www.jazzzeitung.de\/cms\/#website","url":"https:\/\/www.jazzzeitung.de\/cms\/","name":"JazzZeitung","description":"Jazz-News und Jazz-Kontroverses","publisher":{"@id":"https:\/\/www.jazzzeitung.de\/cms\/#organization"},"potentialAction":[{"@type":"SearchAction","target":{"@type":"EntryPoint","urlTemplate":"https:\/\/www.jazzzeitung.de\/cms\/?s={search_term_string}"},"query-input":{"@type":"PropertyValueSpecification","valueRequired":true,"valueName":"search_term_string"}}],"inLanguage":"de"},{"@type":"Organization","@id":"https:\/\/www.jazzzeitung.de\/cms\/#organization","name":"JazzZeitung online","url":"https:\/\/www.jazzzeitung.de\/cms\/","logo":{"@type":"ImageObject","inLanguage":"de","@id":"https:\/\/www.jazzzeitung.de\/cms\/#\/schema\/logo\/image\/","url":"https:\/\/i0.wp.com\/www.jazzzeitung.de\/cms\/wp-content\/uploads\/2015\/08\/JAZZZEITUNGDE_Logo_Neu.png?fit=499%2C200&ssl=1","contentUrl":"https:\/\/i0.wp.com\/www.jazzzeitung.de\/cms\/wp-content\/uploads\/2015\/08\/JAZZZEITUNGDE_Logo_Neu.png?fit=499%2C200&ssl=1","width":499,"height":200,"caption":"JazzZeitung online"},"image":{"@id":"https:\/\/www.jazzzeitung.de\/cms\/#\/schema\/logo\/image\/"},"sameAs":["https:\/\/www.facebook.com\/JazzZeitung\/"]},{"@type":"Person","@id":"https:\/\/www.jazzzeitung.de\/cms\/#\/schema\/person\/2245b36b9cd1d24cea10f01c031fb92b","name":"Redaktion JazzZeitung","image":{"@type":"ImageObject","inLanguage":"de","@id":"https:\/\/i0.wp.com\/www.jazzzeitung.de\/cms\/wp-content\/uploads\/2015\/08\/JAZZZEITUNGDE_Logo_Neu.png?resize=96%2C96&ssl=159975dcacb611b5700bd619b5daf0a7a","url":"https:\/\/i0.wp.com\/www.jazzzeitung.de\/cms\/wp-content\/uploads\/2015\/08\/JAZZZEITUNGDE_Logo_Neu.png?resize=96%2C96&ssl=1","contentUrl":"https:\/\/i0.wp.com\/www.jazzzeitung.de\/cms\/wp-content\/uploads\/2015\/08\/JAZZZEITUNGDE_Logo_Neu.png?resize=96%2C96&ssl=1","caption":"Redaktion JazzZeitung"},"description":"Artikel der Redaktion der JazzZeitung.","sameAs":["http:\/\/www.jazzzeitung.de\/cms\/"],"url":"https:\/\/www.jazzzeitung.de\/cms\/author\/redaktion\/"}]}},"wp-worthy-pixel":{"ignored":false,"public":null,"server":null,"url":null},"wp-worthy-type":"normal","jetpack_publicize_connections":[],"cc_featured_image_caption":{"caption_text":false,"source_text":false,"source_url":false},"jetpack_featured_media_url":"","jetpack_shortlink":"https:\/\/wp.me\/p3KEcT-2HY","jetpack-related-posts":[{"id":29276,"url":"https:\/\/www.jazzzeitung.de\/cms\/2023\/03\/oliver-lutz-re-calamari-im-jazzclub-regensburg\/","url_meta":{"origin":10414,"position":0},"title":"Oliver Lutz\u2019 \u201eRe: Calamari\u201c im Jazzclub Regensburg","author":"Juan Martin Koch","date":"29. M\u00e4rz 2023","format":false,"excerpt":"Darf man zur Musik angesagter Jazz-Cats aus Berlin und K\u00f6ln noch (oder wieder) \u201eFusion\u201c sagen? Offenbar schon, schlie\u00dflich hei\u00dft die Er\u00f6ffnungsnummer auf der ersten Scheibe von \u201eRe: Calamari\u201c, einem Band-Projekt des Bassisten Oliver Lutz, genau so. Ein bisserl retro darf es also schon klingen, wenn Saxophon- und Synthie-Linien im Unisono\u2026","rel":"","context":"In &quot;Bericht&quot;","block_context":{"text":"Bericht","link":"https:\/\/www.jazzzeitung.de\/cms\/thema\/bericht\/"},"img":{"alt_text":"Die Band Re:Calamari mit Fish-Eye-Objektiv Fotografiert. Links Pablo Held am Keyboard, daneben Drummer Andi Haberl. Rechts erst Bassist und Bandleader Oliver Lutz, dann Wanja Slavin. Hinter allen ein grauer Vorhang mit Scheinwerferreihe dar\u00fcber.","src":"https:\/\/i0.wp.com\/www.jazzzeitung.de\/cms\/wp-content\/uploads\/2023\/03\/Re-Calamari-c-JM-Koch.jpg?fit=1200%2C900&ssl=1&resize=350%2C200","width":350,"height":200,"srcset":"https:\/\/i0.wp.com\/www.jazzzeitung.de\/cms\/wp-content\/uploads\/2023\/03\/Re-Calamari-c-JM-Koch.jpg?fit=1200%2C900&ssl=1&resize=350%2C200 1x, https:\/\/i0.wp.com\/www.jazzzeitung.de\/cms\/wp-content\/uploads\/2023\/03\/Re-Calamari-c-JM-Koch.jpg?fit=1200%2C900&ssl=1&resize=525%2C300 1.5x, https:\/\/i0.wp.com\/www.jazzzeitung.de\/cms\/wp-content\/uploads\/2023\/03\/Re-Calamari-c-JM-Koch.jpg?fit=1200%2C900&ssl=1&resize=700%2C400 2x, https:\/\/i0.wp.com\/www.jazzzeitung.de\/cms\/wp-content\/uploads\/2023\/03\/Re-Calamari-c-JM-Koch.jpg?fit=1200%2C900&ssl=1&resize=1050%2C600 3x"},"classes":[]},{"id":19556,"url":"https:\/\/www.jazzzeitung.de\/cms\/2019\/05\/mischung-aus-magie-und-poesie-lisa-bassenge-mit-borrowed-and-blue-beim-jazzclub-im-leeren-beutel\/","url_meta":{"origin":10414,"position":1},"title":"Mischung aus Magie und Poesie \u2013 Lisa Bassenge mit \u201eBorrowed and Blue\u201c beim Jazzclub im Leeren Beutel","author":"Michael Scheiner","date":"30. Mai 2019","format":false,"excerpt":"Regensburg. Bei einem eindrucksvollen Konzert stellte die Berliner S\u00e4ngerin Lisa Bassenge k\u00fcrzlich ihr aktuelles Album \u201eBorrowed and Blue\u201c beim Jazzclub Regensburg im Leeren Beutel vor. In einer ruhigen und intimen Atmosph\u00e4re lie\u00dfen der schwedische Pianist Jacob Karlzon und der d\u00e4nische Bassist Andreas Lang zusammen mit Bassenge grazile Welten zwischen Blues,\u2026","rel":"","context":"In &quot;Bericht&quot;","block_context":{"text":"Bericht","link":"https:\/\/www.jazzzeitung.de\/cms\/thema\/bericht\/"},"img":{"alt_text":"","src":"https:\/\/i0.wp.com\/www.jazzzeitung.de\/cms\/wp-content\/uploads\/2019\/05\/image013.jpg?fit=574%2C378&ssl=1&resize=350%2C200","width":350,"height":200,"srcset":"https:\/\/i0.wp.com\/www.jazzzeitung.de\/cms\/wp-content\/uploads\/2019\/05\/image013.jpg?fit=574%2C378&ssl=1&resize=350%2C200 1x, https:\/\/i0.wp.com\/www.jazzzeitung.de\/cms\/wp-content\/uploads\/2019\/05\/image013.jpg?fit=574%2C378&ssl=1&resize=525%2C300 1.5x"},"classes":[]},{"id":29366,"url":"https:\/\/www.jazzzeitung.de\/cms\/2023\/04\/poetische-jazzsongs-mit-humor-und-tiefe\/","url_meta":{"origin":10414,"position":2},"title":"Poetische Jazzsongs mit Humor und Tiefe","author":"Michael Scheiner","date":"25. April 2023","format":false,"excerpt":"Konzert. Um ein Haar w\u00e4re der gro\u00dfartige Auftritt von S\u00e4ngerin Efrat Alony Covid zum Opfer gefallen. \u00a0 Regensburg. Nach au\u00dfen schrill, nach innen poetisch, tr\u00e4umerisch und oft alles andere als geradlinig. Efrat Alonys Songs besch\u00e4ftigen sich auf vielf\u00e4ltige Weise mit Eindr\u00fccken und ihrer Sicht auf die Welt um sie herum\u2026","rel":"","context":"In &quot;Bericht&quot;","block_context":{"text":"Bericht","link":"https:\/\/www.jazzzeitung.de\/cms\/thema\/bericht\/"},"img":{"alt_text":"","src":"https:\/\/i0.wp.com\/www.jazzzeitung.de\/cms\/wp-content\/uploads\/2023\/04\/alony-band_12.jpg?fit=1200%2C769&ssl=1&resize=350%2C200","width":350,"height":200,"srcset":"https:\/\/i0.wp.com\/www.jazzzeitung.de\/cms\/wp-content\/uploads\/2023\/04\/alony-band_12.jpg?fit=1200%2C769&ssl=1&resize=350%2C200 1x, https:\/\/i0.wp.com\/www.jazzzeitung.de\/cms\/wp-content\/uploads\/2023\/04\/alony-band_12.jpg?fit=1200%2C769&ssl=1&resize=525%2C300 1.5x, https:\/\/i0.wp.com\/www.jazzzeitung.de\/cms\/wp-content\/uploads\/2023\/04\/alony-band_12.jpg?fit=1200%2C769&ssl=1&resize=700%2C400 2x, https:\/\/i0.wp.com\/www.jazzzeitung.de\/cms\/wp-content\/uploads\/2023\/04\/alony-band_12.jpg?fit=1200%2C769&ssl=1&resize=1050%2C600 3x"},"classes":[]},{"id":14054,"url":"https:\/\/www.jazzzeitung.de\/cms\/2017\/11\/lyambiko-im-jazzclub-regensburg-relaxte-swingsongs-ueber-die-liebe\/","url_meta":{"origin":10414,"position":3},"title":"Lyambiko im Jazzclub Regensburg: Relaxte Swingsongs \u00fcber die Liebe","author":"Michael Scheiner","date":"2. November 2017","format":false,"excerpt":"An den Fl\u00fcgel gelehnt, sang sie als Zugabe \u201eM\u00fctterlein\u201c. Ohne Mikro, nur mit der Kraft ihrer wandlungsf\u00e4higen Stimme. Freilich nicht in der deutschen Originalversion von Fred Rauch und Gerhard Winkler, sondern in der englischen Interpretation \u201eAnswer Me (My Love)\u201c von Carl Sigman. Damit landete der gro\u00dfe Nat King Cole 1954\u2026","rel":"","context":"In &quot;Bericht&quot;","block_context":{"text":"Bericht","link":"https:\/\/www.jazzzeitung.de\/cms\/thema\/bericht\/"},"img":{"alt_text":"Lyambiko mit Band im Jazzclub Leerer beutel. Foto: Michael Scheiner","src":"https:\/\/i0.wp.com\/www.jazzzeitung.de\/cms\/wp-content\/uploads\/2017\/11\/Lyambiko-Band_86.jpg?fit=1200%2C795&ssl=1&resize=350%2C200","width":350,"height":200,"srcset":"https:\/\/i0.wp.com\/www.jazzzeitung.de\/cms\/wp-content\/uploads\/2017\/11\/Lyambiko-Band_86.jpg?fit=1200%2C795&ssl=1&resize=350%2C200 1x, https:\/\/i0.wp.com\/www.jazzzeitung.de\/cms\/wp-content\/uploads\/2017\/11\/Lyambiko-Band_86.jpg?fit=1200%2C795&ssl=1&resize=525%2C300 1.5x, https:\/\/i0.wp.com\/www.jazzzeitung.de\/cms\/wp-content\/uploads\/2017\/11\/Lyambiko-Band_86.jpg?fit=1200%2C795&ssl=1&resize=700%2C400 2x, https:\/\/i0.wp.com\/www.jazzzeitung.de\/cms\/wp-content\/uploads\/2017\/11\/Lyambiko-Band_86.jpg?fit=1200%2C795&ssl=1&resize=1050%2C600 3x"},"classes":[]},{"id":3016,"url":"https:\/\/www.jazzzeitung.de\/cms\/2013\/11\/jazzclub-des-monats-november-der-jazzclub-regensburg\/","url_meta":{"origin":10414,"position":4},"title":"Jazzclub des Monats November: Der Jazzclub Regensburg","author":"Redaktion JazzZeitung","date":"14. November 2013","format":false,"excerpt":"Der Jazzclub Regensburg wurde vom Staatsminister f\u00fcr Kultur und Medien mit dem Spielst\u00e4ttenprogrammpreis 2013 ausgezeichnet. Aus 320 Einsendungen w\u00e4hlte eine Fachjury 55 Preistr\u00e4ger in drei Kategorien aus. Damit z\u00e4hlt der Jazzclub Regensburg zu insgesamt noch 12 ausgezeichneten Clubs aus Bayern. Unsere Mitarbeiterin Caro Kirsch hat sich den Club n\u00e4her angeschaut.\u2026","rel":"","context":"In &quot;Jazzclub des Monats&quot;","block_context":{"text":"Jazzclub des Monats","link":"https:\/\/www.jazzzeitung.de\/cms\/thema\/clubs\/jazzclub-des-monats\/"},"img":{"alt_text":"Winnie Freisleben nimmt den Spielst\u00e4ttenprogrammpreis aus den H\u00e4nden von Bernd Neumann entgegen","src":"https:\/\/i0.wp.com\/www.jazzzeitung.de\/cms\/wp-content\/uploads\/2013\/11\/61InitiativeMusikgGmbH2013_y-kaufmann-150x150.jpg?resize=350%2C200","width":350,"height":200},"classes":[]},{"id":31545,"url":"https:\/\/www.jazzzeitung.de\/cms\/2024\/08\/news-jazzclub-regensburg-freier-eintritt-u20-registrierung-jazzahead-2025-beginnt\/","url_meta":{"origin":10414,"position":5},"title":"+++ news +++ Jazzclub Regensburg: freier Eintritt u20 +++  Registrierung jazzahead! 2025 beginnt +++","author":"Redaktion JazzZeitung","date":"21. August 2024","format":false,"excerpt":"+++ Jazzclub Regensburg sorgt f\u00fcr frischen Wind: Freier Eintritt f\u00fcr alle unter 20 Jahren ab Herbst 2024 +++ (PM) Der Jazzclub Regensburg setzt ein deutliches Zeichen f\u00fcr die Zukunft der Musik und Kultur in unserer Stadt: ab dem Herbst 2024 werden alle Personen unter 20 Jahren zu allen Veranstaltungen des\u2026","rel":"","context":"In &quot;News&quot;","block_context":{"text":"News","link":"https:\/\/www.jazzzeitung.de\/cms\/thema\/nachrichten\/"},"img":{"alt_text":"","src":"https:\/\/i0.wp.com\/www.jazzzeitung.de\/cms\/wp-content\/uploads\/2024\/08\/U20-Jazzclub.jpg?fit=455%2C300&ssl=1&resize=350%2C200","width":350,"height":200},"classes":[]}],"jetpack_sharing_enabled":true,"_links":{"self":[{"href":"https:\/\/www.jazzzeitung.de\/cms\/wp-json\/wp\/v2\/posts\/10414","targetHints":{"allow":["GET"]}}],"collection":[{"href":"https:\/\/www.jazzzeitung.de\/cms\/wp-json\/wp\/v2\/posts"}],"about":[{"href":"https:\/\/www.jazzzeitung.de\/cms\/wp-json\/wp\/v2\/types\/post"}],"author":[{"embeddable":true,"href":"https:\/\/www.jazzzeitung.de\/cms\/wp-json\/wp\/v2\/users\/18"}],"replies":[{"embeddable":true,"href":"https:\/\/www.jazzzeitung.de\/cms\/wp-json\/wp\/v2\/comments?post=10414"}],"version-history":[{"count":2,"href":"https:\/\/www.jazzzeitung.de\/cms\/wp-json\/wp\/v2\/posts\/10414\/revisions"}],"predecessor-version":[{"id":10424,"href":"https:\/\/www.jazzzeitung.de\/cms\/wp-json\/wp\/v2\/posts\/10414\/revisions\/10424"}],"wp:attachment":[{"href":"https:\/\/www.jazzzeitung.de\/cms\/wp-json\/wp\/v2\/media?parent=10414"}],"wp:term":[{"taxonomy":"category","embeddable":true,"href":"https:\/\/www.jazzzeitung.de\/cms\/wp-json\/wp\/v2\/categories?post=10414"},{"taxonomy":"post_tag","embeddable":true,"href":"https:\/\/www.jazzzeitung.de\/cms\/wp-json\/wp\/v2\/tags?post=10414"},{"taxonomy":"author","embeddable":true,"href":"https:\/\/www.jazzzeitung.de\/cms\/wp-json\/wp\/v2\/coauthors?post=10414"}],"curies":[{"name":"wp","href":"https:\/\/api.w.org\/{rel}","templated":true}]}}