{"id":10400,"date":"2016-10-20T15:00:15","date_gmt":"2016-10-20T13:00:15","guid":{"rendered":"http:\/\/www.jazzzeitung.de\/cms\/?p=10400"},"modified":"2016-10-17T10:54:21","modified_gmt":"2016-10-17T08:54:21","slug":"katie-cruels-musikalische-ueberraschungen","status":"publish","type":"post","link":"https:\/\/www.jazzzeitung.de\/cms\/2016\/10\/katie-cruels-musikalische-ueberraschungen\/","title":{"rendered":"Katie Cruels musikalische \u00dcberraschungen"},"content":{"rendered":"<p>Anl\u00e4sslich einer Retrospektive \u201e40 Jahre Glasgestaltung\u201c der K\u00fcnstlerin Eva Sperner im Bayerischen Kunstgewerbeverein trat die Formation \u201eKatie Cruel\u201c, das Gesang-Gitarren-Duo mit der albanischen S\u00e4ngerin Fjoralba Turku und dem amerikanischen Gitarristen Geoff Goodman, zusammen mit dem Violinisten Max Grosch als Gast auf. Das Publikum erlebte ein eindrucksvolles Konzert. Ob Weltmusik im weitesten Sinn, Blues oder Jazz &#8211; \u201eKatie Cruel\u201c kennt keine Genregrenzen und interpretiert mit Verve und spannenden Arrangements. Ob albanische Liebes- oder Volkslieder, Songs von Blueslegende Robert Leroy Johnson, der Jazzikone Billie Holiday oder eigene Kompositionen\/Improvisationen, Katie Cruel\u2018s Sound war von der ersten bis zur letzten Minute spannungsgeladen, unkonventionell und steckt voller musikalischer \u00dcberraschungen. Im Januar wird die zweite CD des Duos erscheinen, diesmal mit Max Grosch an Bord. Man darf gespannt sein. Wir bleiben weiter dran und berichten. F\u00fcr alle Neugierigen vorab schon mal ein Teaser zum neuen Album:<br \/>\n<iframe loading=\"lazy\" src=\"https:\/\/www.youtube.com\/embed\/FCrboTw8suY?rel=0\" width=\"560\" height=\"315\" frameborder=\"0\" allowfullscreen=\"allowfullscreen\"><\/iframe><\/p>\n<p>Text &amp; Fotos: TJ Krebs<\/p>\n<div class=\"tiled-gallery type-rectangular tiled-gallery-unresized\" data-original-width=\"840\" data-carousel-extra='{&quot;blog_id&quot;:1,&quot;permalink&quot;:&quot;https:\\\/\\\/www.jazzzeitung.de\\\/cms\\\/2016\\\/10\\\/katie-cruels-musikalische-ueberraschungen\\\/&quot;,&quot;likes_blog_id&quot;:55446655}' itemscope itemtype=\"http:\/\/schema.org\/ImageGallery\" > <div class=\"gallery-row\" style=\"width: 840px; height: 240px;\" data-original-width=\"840\" data-original-height=\"240\" > <div class=\"gallery-group images-1\" style=\"width: 357px; height: 240px;\" data-original-width=\"357\" data-original-height=\"240\" > <div class=\"tiled-gallery-item tiled-gallery-item-large\" itemprop=\"associatedMedia\" itemscope itemtype=\"http:\/\/schema.org\/ImageObject\"> <a href=\"https:\/\/www.jazzzeitung.de\/cms\/2016\/10\/katie-cruels-musikalische-ueberraschungen\/p1070144-goodman-haende-foto-tj-krebs\/\" border=\"0\" itemprop=\"url\"> <meta itemprop=\"width\" content=\"353\"> <meta itemprop=\"height\" content=\"236\"> <img decoding=\"async\" class=\"\" data-attachment-id=\"10406\" data-orig-file=\"https:\/\/www.jazzzeitung.de\/cms\/wp-content\/uploads\/2016\/10\/P1070144-Goodman-H\u00e4nde-Foto-TJ-Krebs.jpg\" data-orig-size=\"1280,853\" data-comments-opened=\"1\" data-image-meta=\"{&quot;aperture&quot;:&quot;0&quot;,&quot;credit&quot;:&quot;&quot;,&quot;camera&quot;:&quot;&quot;,&quot;caption&quot;:&quot;&quot;,&quot;created_timestamp&quot;:&quot;0&quot;,&quot;copyright&quot;:&quot;&quot;,&quot;focal_length&quot;:&quot;0&quot;,&quot;iso&quot;:&quot;0&quot;,&quot;shutter_speed&quot;:&quot;0&quot;,&quot;title&quot;:&quot;&quot;,&quot;orientation&quot;:&quot;0&quot;}\" data-image-title=\"Geoff Goodman. Foto: TJ Krebs\" data-image-description=\"\" data-medium-file=\"https:\/\/i0.wp.com\/www.jazzzeitung.de\/cms\/wp-content\/uploads\/2016\/10\/P1070144-Goodman-H%C3%A4nde-Foto-TJ-Krebs.jpg?fit=300%2C200&#038;ssl=1\" data-large-file=\"https:\/\/i0.wp.com\/www.jazzzeitung.de\/cms\/wp-content\/uploads\/2016\/10\/P1070144-Goodman-H%C3%A4nde-Foto-TJ-Krebs.jpg?fit=840%2C560&#038;ssl=1\" src=\"https:\/\/i0.wp.com\/www.jazzzeitung.de\/cms\/wp-content\/uploads\/2016\/10\/P1070144-Goodman-H%C3%A4nde-Foto-TJ-Krebs.jpg?w=353&#038;h=236&#038;ssl=1\" width=\"353\" height=\"236\" loading=\"lazy\" data-original-width=\"353\" data-original-height=\"236\" itemprop=\"http:\/\/schema.org\/image\" title=\"Geoff Goodman. Foto: TJ Krebs\" alt=\"Geoff Goodman. Foto: TJ Krebs\" style=\"width: 353px; height: 236px;\" \/> <\/a> <\/div> <\/div> <!-- close group --> <div class=\"gallery-group images-1\" style=\"width: 161px; height: 240px;\" data-original-width=\"161\" data-original-height=\"240\" > <div class=\"tiled-gallery-item tiled-gallery-item-small\" itemprop=\"associatedMedia\" itemscope itemtype=\"http:\/\/schema.org\/ImageObject\"> <a href=\"https:\/\/www.jazzzeitung.de\/cms\/2016\/10\/katie-cruels-musikalische-ueberraschungen\/p1070160-grosch-hand-foto-tj-krebs\/\" border=\"0\" itemprop=\"url\"> <meta itemprop=\"width\" content=\"157\"> <meta itemprop=\"height\" content=\"236\"> <img decoding=\"async\" class=\"\" data-attachment-id=\"10407\" data-orig-file=\"https:\/\/www.jazzzeitung.de\/cms\/wp-content\/uploads\/2016\/10\/P1070160-Grosch-Hand-Foto-TJ-Krebs.jpg\" data-orig-size=\"682,1024\" data-comments-opened=\"1\" data-image-meta=\"{&quot;aperture&quot;:&quot;0&quot;,&quot;credit&quot;:&quot;&quot;,&quot;camera&quot;:&quot;&quot;,&quot;caption&quot;:&quot;&quot;,&quot;created_timestamp&quot;:&quot;0&quot;,&quot;copyright&quot;:&quot;&quot;,&quot;focal_length&quot;:&quot;0&quot;,&quot;iso&quot;:&quot;0&quot;,&quot;shutter_speed&quot;:&quot;0&quot;,&quot;title&quot;:&quot;&quot;,&quot;orientation&quot;:&quot;0&quot;}\" data-image-title=\"Max Grosch. Foto: TJ Krebs\" data-image-description=\"\" data-medium-file=\"https:\/\/i0.wp.com\/www.jazzzeitung.de\/cms\/wp-content\/uploads\/2016\/10\/P1070160-Grosch-Hand-Foto-TJ-Krebs.jpg?fit=200%2C300&#038;ssl=1\" data-large-file=\"https:\/\/i0.wp.com\/www.jazzzeitung.de\/cms\/wp-content\/uploads\/2016\/10\/P1070160-Grosch-Hand-Foto-TJ-Krebs.jpg?fit=400%2C600&#038;ssl=1\" src=\"https:\/\/i0.wp.com\/www.jazzzeitung.de\/cms\/wp-content\/uploads\/2016\/10\/P1070160-Grosch-Hand-Foto-TJ-Krebs.jpg?w=157&#038;h=236&#038;ssl=1\" srcset=\"https:\/\/i0.wp.com\/www.jazzzeitung.de\/cms\/wp-content\/uploads\/2016\/10\/P1070160-Grosch-Hand-Foto-TJ-Krebs.jpg?w=682&amp;ssl=1 682w, https:\/\/i0.wp.com\/www.jazzzeitung.de\/cms\/wp-content\/uploads\/2016\/10\/P1070160-Grosch-Hand-Foto-TJ-Krebs.jpg?resize=200%2C300&amp;ssl=1 200w, https:\/\/i0.wp.com\/www.jazzzeitung.de\/cms\/wp-content\/uploads\/2016\/10\/P1070160-Grosch-Hand-Foto-TJ-Krebs.jpg?resize=400%2C600&amp;ssl=1 400w\" width=\"157\" height=\"236\" loading=\"lazy\" data-original-width=\"157\" data-original-height=\"236\" itemprop=\"http:\/\/schema.org\/image\" title=\"Max Grosch. Foto: TJ Krebs\" alt=\"Max Grosch. Foto: TJ Krebs\" style=\"width: 157px; height: 236px;\" \/> <\/a> <\/div> <\/div> <!-- close group --> <div class=\"gallery-group images-1\" style=\"width: 161px; height: 240px;\" data-original-width=\"161\" data-original-height=\"240\" > <div class=\"tiled-gallery-item tiled-gallery-item-small\" itemprop=\"associatedMedia\" itemscope itemtype=\"http:\/\/schema.org\/ImageObject\"> <a href=\"https:\/\/www.jazzzeitung.de\/cms\/2016\/10\/katie-cruels-musikalische-ueberraschungen\/p1070118-grosch-foto-tj-krebs\/\" border=\"0\" itemprop=\"url\"> <meta itemprop=\"width\" content=\"157\"> <meta itemprop=\"height\" content=\"236\"> <img decoding=\"async\" class=\"\" data-attachment-id=\"10405\" data-orig-file=\"https:\/\/www.jazzzeitung.de\/cms\/wp-content\/uploads\/2016\/10\/P1070118-Grosch-Foto-TJ-Krebs.jpg\" data-orig-size=\"682,1024\" data-comments-opened=\"1\" data-image-meta=\"{&quot;aperture&quot;:&quot;0&quot;,&quot;credit&quot;:&quot;&quot;,&quot;camera&quot;:&quot;&quot;,&quot;caption&quot;:&quot;&quot;,&quot;created_timestamp&quot;:&quot;0&quot;,&quot;copyright&quot;:&quot;&quot;,&quot;focal_length&quot;:&quot;0&quot;,&quot;iso&quot;:&quot;0&quot;,&quot;shutter_speed&quot;:&quot;0&quot;,&quot;title&quot;:&quot;&quot;,&quot;orientation&quot;:&quot;0&quot;}\" data-image-title=\"Max Grosch. Foto: TJ Krebs\" data-image-description=\"\" data-medium-file=\"https:\/\/i0.wp.com\/www.jazzzeitung.de\/cms\/wp-content\/uploads\/2016\/10\/P1070118-Grosch-Foto-TJ-Krebs.jpg?fit=200%2C300&#038;ssl=1\" data-large-file=\"https:\/\/i0.wp.com\/www.jazzzeitung.de\/cms\/wp-content\/uploads\/2016\/10\/P1070118-Grosch-Foto-TJ-Krebs.jpg?fit=400%2C600&#038;ssl=1\" src=\"https:\/\/i0.wp.com\/www.jazzzeitung.de\/cms\/wp-content\/uploads\/2016\/10\/P1070118-Grosch-Foto-TJ-Krebs.jpg?w=157&#038;h=236&#038;ssl=1\" srcset=\"https:\/\/i0.wp.com\/www.jazzzeitung.de\/cms\/wp-content\/uploads\/2016\/10\/P1070118-Grosch-Foto-TJ-Krebs.jpg?w=682&amp;ssl=1 682w, https:\/\/i0.wp.com\/www.jazzzeitung.de\/cms\/wp-content\/uploads\/2016\/10\/P1070118-Grosch-Foto-TJ-Krebs.jpg?resize=200%2C300&amp;ssl=1 200w, https:\/\/i0.wp.com\/www.jazzzeitung.de\/cms\/wp-content\/uploads\/2016\/10\/P1070118-Grosch-Foto-TJ-Krebs.jpg?resize=400%2C600&amp;ssl=1 400w\" width=\"157\" height=\"236\" loading=\"lazy\" data-original-width=\"157\" data-original-height=\"236\" itemprop=\"http:\/\/schema.org\/image\" title=\"Max Grosch. Foto: TJ Krebs\" alt=\"Max Grosch. Foto: TJ Krebs\" style=\"width: 157px; height: 236px;\" \/> <\/a> <\/div> <\/div> <!-- close group --> <div class=\"gallery-group images-1\" style=\"width: 161px; height: 240px;\" data-original-width=\"161\" data-original-height=\"240\" > <div class=\"tiled-gallery-item tiled-gallery-item-small\" itemprop=\"associatedMedia\" itemscope itemtype=\"http:\/\/schema.org\/ImageObject\"> <a href=\"https:\/\/www.jazzzeitung.de\/cms\/2016\/10\/katie-cruels-musikalische-ueberraschungen\/p1070097-goodman-foto-tj-krebs\/\" border=\"0\" itemprop=\"url\"> <meta itemprop=\"width\" content=\"157\"> <meta itemprop=\"height\" content=\"236\"> <img decoding=\"async\" class=\"\" data-attachment-id=\"10403\" data-orig-file=\"https:\/\/www.jazzzeitung.de\/cms\/wp-content\/uploads\/2016\/10\/P1070097-Goodman-Foto-TJ-Krebs.jpg\" data-orig-size=\"682,1024\" data-comments-opened=\"1\" data-image-meta=\"{&quot;aperture&quot;:&quot;0&quot;,&quot;credit&quot;:&quot;&quot;,&quot;camera&quot;:&quot;&quot;,&quot;caption&quot;:&quot;&quot;,&quot;created_timestamp&quot;:&quot;0&quot;,&quot;copyright&quot;:&quot;&quot;,&quot;focal_length&quot;:&quot;0&quot;,&quot;iso&quot;:&quot;0&quot;,&quot;shutter_speed&quot;:&quot;0&quot;,&quot;title&quot;:&quot;&quot;,&quot;orientation&quot;:&quot;0&quot;}\" data-image-title=\"Geoff Goodman. Foto: TJ Krebs\" data-image-description=\"\" data-medium-file=\"https:\/\/i0.wp.com\/www.jazzzeitung.de\/cms\/wp-content\/uploads\/2016\/10\/P1070097-Goodman-Foto-TJ-Krebs.jpg?fit=200%2C300&#038;ssl=1\" data-large-file=\"https:\/\/i0.wp.com\/www.jazzzeitung.de\/cms\/wp-content\/uploads\/2016\/10\/P1070097-Goodman-Foto-TJ-Krebs.jpg?fit=400%2C600&#038;ssl=1\" src=\"https:\/\/i0.wp.com\/www.jazzzeitung.de\/cms\/wp-content\/uploads\/2016\/10\/P1070097-Goodman-Foto-TJ-Krebs.jpg?w=157&#038;h=236&#038;ssl=1\" srcset=\"https:\/\/i0.wp.com\/www.jazzzeitung.de\/cms\/wp-content\/uploads\/2016\/10\/P1070097-Goodman-Foto-TJ-Krebs.jpg?w=682&amp;ssl=1 682w, https:\/\/i0.wp.com\/www.jazzzeitung.de\/cms\/wp-content\/uploads\/2016\/10\/P1070097-Goodman-Foto-TJ-Krebs.jpg?resize=200%2C300&amp;ssl=1 200w, https:\/\/i0.wp.com\/www.jazzzeitung.de\/cms\/wp-content\/uploads\/2016\/10\/P1070097-Goodman-Foto-TJ-Krebs.jpg?resize=400%2C600&amp;ssl=1 400w\" width=\"157\" height=\"236\" loading=\"lazy\" data-original-width=\"157\" data-original-height=\"236\" itemprop=\"http:\/\/schema.org\/image\" title=\"Geoff Goodman. Foto: TJ Krebs\" alt=\"Geoff Goodman. Foto: TJ Krebs\" style=\"width: 157px; height: 236px;\" \/> <\/a> <\/div> <\/div> <!-- close group --> <\/div> <!-- close row --> <div class=\"gallery-row\" style=\"width: 840px; height: 392px;\" data-original-width=\"840\" data-original-height=\"392\" > <div class=\"gallery-group images-1\" style=\"width: 262px; height: 392px;\" data-original-width=\"262\" data-original-height=\"392\" > <div class=\"tiled-gallery-item tiled-gallery-item-large\" itemprop=\"associatedMedia\" itemscope itemtype=\"http:\/\/schema.org\/ImageObject\"> <a href=\"https:\/\/www.jazzzeitung.de\/cms\/2016\/10\/katie-cruels-musikalische-ueberraschungen\/p1070116-turku-foto-tj-krebs\/\" border=\"0\" itemprop=\"url\"> <meta itemprop=\"width\" content=\"258\"> <meta itemprop=\"height\" content=\"388\"> <img decoding=\"async\" class=\"\" data-attachment-id=\"10404\" data-orig-file=\"https:\/\/www.jazzzeitung.de\/cms\/wp-content\/uploads\/2016\/10\/P1070116-Turku-Foto-TJ-Krebs.jpg\" data-orig-size=\"682,1024\" data-comments-opened=\"1\" data-image-meta=\"{&quot;aperture&quot;:&quot;0&quot;,&quot;credit&quot;:&quot;&quot;,&quot;camera&quot;:&quot;&quot;,&quot;caption&quot;:&quot;&quot;,&quot;created_timestamp&quot;:&quot;0&quot;,&quot;copyright&quot;:&quot;&quot;,&quot;focal_length&quot;:&quot;0&quot;,&quot;iso&quot;:&quot;0&quot;,&quot;shutter_speed&quot;:&quot;0&quot;,&quot;title&quot;:&quot;&quot;,&quot;orientation&quot;:&quot;0&quot;}\" data-image-title=\"Fjoralba Turku. Foto: TJ Krebs\" data-image-description=\"\" data-medium-file=\"https:\/\/i0.wp.com\/www.jazzzeitung.de\/cms\/wp-content\/uploads\/2016\/10\/P1070116-Turku-Foto-TJ-Krebs.jpg?fit=200%2C300&#038;ssl=1\" data-large-file=\"https:\/\/i0.wp.com\/www.jazzzeitung.de\/cms\/wp-content\/uploads\/2016\/10\/P1070116-Turku-Foto-TJ-Krebs.jpg?fit=400%2C600&#038;ssl=1\" src=\"https:\/\/i0.wp.com\/www.jazzzeitung.de\/cms\/wp-content\/uploads\/2016\/10\/P1070116-Turku-Foto-TJ-Krebs.jpg?w=258&#038;h=388&#038;ssl=1\" srcset=\"https:\/\/i0.wp.com\/www.jazzzeitung.de\/cms\/wp-content\/uploads\/2016\/10\/P1070116-Turku-Foto-TJ-Krebs.jpg?w=682&amp;ssl=1 682w, https:\/\/i0.wp.com\/www.jazzzeitung.de\/cms\/wp-content\/uploads\/2016\/10\/P1070116-Turku-Foto-TJ-Krebs.jpg?resize=200%2C300&amp;ssl=1 200w, https:\/\/i0.wp.com\/www.jazzzeitung.de\/cms\/wp-content\/uploads\/2016\/10\/P1070116-Turku-Foto-TJ-Krebs.jpg?resize=400%2C600&amp;ssl=1 400w\" width=\"258\" height=\"388\" loading=\"lazy\" data-original-width=\"258\" data-original-height=\"388\" itemprop=\"http:\/\/schema.org\/image\" title=\"Fjoralba Turku. Foto: TJ Krebs\" alt=\"Fjoralba Turku. Foto: TJ Krebs\" style=\"width: 258px; height: 388px;\" \/> <\/a> <\/div> <\/div> <!-- close group --> <div class=\"gallery-group images-1\" style=\"width: 578px; height: 392px;\" data-original-width=\"578\" data-original-height=\"392\" > <div class=\"tiled-gallery-item tiled-gallery-item-large\" itemprop=\"associatedMedia\" itemscope itemtype=\"http:\/\/schema.org\/ImageObject\"> <a href=\"https:\/\/www.jazzzeitung.de\/cms\/2016\/10\/katie-cruels-musikalische-ueberraschungen\/p1070044-sw-katie-cruel-foto-tj-krebs\/\" border=\"0\" itemprop=\"url\"> <meta itemprop=\"width\" content=\"574\"> <meta itemprop=\"height\" content=\"388\"> <img decoding=\"async\" class=\"\" data-attachment-id=\"10402\" data-orig-file=\"https:\/\/www.jazzzeitung.de\/cms\/wp-content\/uploads\/2016\/10\/P1070044-sw-Katie-Cruel-Foto-TJ-Krebs.jpg\" data-orig-size=\"1280,865\" data-comments-opened=\"1\" data-image-meta=\"{&quot;aperture&quot;:&quot;0&quot;,&quot;credit&quot;:&quot;&quot;,&quot;camera&quot;:&quot;&quot;,&quot;caption&quot;:&quot;&quot;,&quot;created_timestamp&quot;:&quot;0&quot;,&quot;copyright&quot;:&quot;&quot;,&quot;focal_length&quot;:&quot;0&quot;,&quot;iso&quot;:&quot;0&quot;,&quot;shutter_speed&quot;:&quot;0&quot;,&quot;title&quot;:&quot;&quot;,&quot;orientation&quot;:&quot;0&quot;}\" data-image-title=\"Katie Cruel. Foto: TJ Krebs\" data-image-description=\"\" data-medium-file=\"https:\/\/i0.wp.com\/www.jazzzeitung.de\/cms\/wp-content\/uploads\/2016\/10\/P1070044-sw-Katie-Cruel-Foto-TJ-Krebs.jpg?fit=300%2C203&#038;ssl=1\" data-large-file=\"https:\/\/i0.wp.com\/www.jazzzeitung.de\/cms\/wp-content\/uploads\/2016\/10\/P1070044-sw-Katie-Cruel-Foto-TJ-Krebs.jpg?fit=840%2C568&#038;ssl=1\" src=\"https:\/\/i0.wp.com\/www.jazzzeitung.de\/cms\/wp-content\/uploads\/2016\/10\/P1070044-sw-Katie-Cruel-Foto-TJ-Krebs.jpg?w=574&#038;h=388&#038;ssl=1\" srcset=\"https:\/\/i0.wp.com\/www.jazzzeitung.de\/cms\/wp-content\/uploads\/2016\/10\/P1070044-sw-Katie-Cruel-Foto-TJ-Krebs.jpg?w=1280&amp;ssl=1 1280w, https:\/\/i0.wp.com\/www.jazzzeitung.de\/cms\/wp-content\/uploads\/2016\/10\/P1070044-sw-Katie-Cruel-Foto-TJ-Krebs.jpg?resize=300%2C203&amp;ssl=1 300w, https:\/\/i0.wp.com\/www.jazzzeitung.de\/cms\/wp-content\/uploads\/2016\/10\/P1070044-sw-Katie-Cruel-Foto-TJ-Krebs.jpg?resize=768%2C519&amp;ssl=1 768w, https:\/\/i0.wp.com\/www.jazzzeitung.de\/cms\/wp-content\/uploads\/2016\/10\/P1070044-sw-Katie-Cruel-Foto-TJ-Krebs.jpg?resize=888%2C600&amp;ssl=1 888w\" width=\"574\" height=\"388\" loading=\"lazy\" data-original-width=\"574\" data-original-height=\"388\" itemprop=\"http:\/\/schema.org\/image\" title=\"Katie Cruel. Foto: TJ Krebs\" alt=\"Katie Cruel. Foto: TJ Krebs\" style=\"width: 574px; height: 388px;\" \/> <\/a> <\/div> <\/div> <!-- close group --> <\/div> <!-- close row --> <\/div>\n<p>&nbsp;<\/p>\n","protected":false},"excerpt":{"rendered":"<p>Anl\u00e4sslich einer Retrospektive \u201e40 Jahre Glasgestaltung\u201c der K\u00fcnstlerin Eva Sperner im Bayerischen Kunstgewerbeverein trat die Formation \u201eKatie Cruel\u201c, das Gesang-Gitarren-Duo mit der albanischen S\u00e4ngerin Fjoralba Turku und dem amerikanischen Gitarristen Geoff Goodman, zusammen mit dem Violinisten Max Grosch als Gast auf. Das Publikum erlebte ein eindrucksvolles Konzert. Ob Weltmusik im weitesten Sinn, Blues oder Jazz &#8211; \u201eKatie Cruel\u201c kennt keine Genregrenzen und interpretiert mit Verve und spannenden Arrangements. Ob albanische Liebes- oder Volkslieder, Songs von Blueslegende Robert Leroy Johnson, der Jazzikone Billie Holiday oder eigene Kompositionen\/Improvisationen, Katie Cruel\u2018s Sound war von der ersten bis zur letzten Minute spannungsgeladen, unkonventionell und steckt voller musikalischer \u00dcberraschungen. Im Januar wird die zweite CD des Duos erscheinen, diesmal mit Max Grosch an Bord. Man darf gespannt sein. Wir bleiben weiter dran und berichten. F\u00fcr alle Neugierigen vorab schon mal ein Teaser zum neuen Album: Text &amp; Fotos: TJ Krebs &nbsp;<\/p>\n","protected":false},"author":18,"featured_media":10409,"comment_status":"open","ping_status":"closed","sticky":false,"template":"","format":"standard","meta":{"_jetpack_memberships_contains_paid_content":false,"footnotes":"","jetpack_publicize_message":"","jetpack_publicize_feature_enabled":true,"jetpack_social_post_already_shared":false,"jetpack_social_options":{"image_generator_settings":{"template":"highway","default_image_id":0,"font":"","enabled":false},"version":2}},"categories":[1053,652],"tags":[34,1295,83,109,1296,1297,1294,322,1298,1275],"coauthors":[695],"class_list":["post-10400","post","type-post","status-publish","format-standard","has-post-thumbnail","hentry","category-bericht","category-galerie","tag-album","tag-bayerische-kunstgewerbeverein","tag-blues","tag-cd","tag-fjoralba-turku","tag-geoff-goodman","tag-katie-cruel","tag-konzert-2","tag-max-grosch","tag-tj-krebs"],"yoast_head":"<!-- This site is optimized with the Yoast SEO plugin v27.5 - https:\/\/yoast.com\/product\/yoast-seo-wordpress\/ -->\n<title>Katie Cruels musikalische \u00dcberraschungen - JazzZeitung<\/title>\n<meta name=\"robots\" content=\"index, follow, max-snippet:-1, max-image-preview:large, max-video-preview:-1\" \/>\n<link rel=\"canonical\" href=\"https:\/\/www.jazzzeitung.de\/cms\/2016\/10\/katie-cruels-musikalische-ueberraschungen\/\" \/>\n<meta property=\"og:locale\" content=\"de_DE\" \/>\n<meta property=\"og:type\" content=\"article\" \/>\n<meta property=\"og:title\" content=\"Katie Cruels musikalische \u00dcberraschungen - JazzZeitung\" \/>\n<meta property=\"og:description\" content=\"Anl\u00e4sslich einer Retrospektive \u201e40 Jahre Glasgestaltung\u201c der K\u00fcnstlerin Eva Sperner im Bayerischen Kunstgewerbeverein trat die Formation \u201eKatie Cruel\u201c, das Gesang-Gitarren-Duo mit der albanischen S\u00e4ngerin Fjoralba Turku und dem amerikanischen Gitarristen Geoff Goodman, zusammen mit dem Violinisten Max Grosch als Gast auf. Das Publikum erlebte ein eindrucksvolles Konzert. Ob Weltmusik im weitesten Sinn, Blues oder Jazz &#8211; \u201eKatie Cruel\u201c kennt keine Genregrenzen und interpretiert mit Verve und spannenden Arrangements. Ob albanische Liebes- oder Volkslieder, Songs von Blueslegende Robert Leroy Johnson, der Jazzikone Billie Holiday oder eigene Kompositionen\/Improvisationen, Katie Cruel\u2018s Sound war von der ersten bis zur letzten Minute spannungsgeladen, unkonventionell und steckt voller musikalischer \u00dcberraschungen. Im Januar wird die zweite CD des Duos erscheinen, diesmal mit Max Grosch an Bord. Man darf gespannt sein. Wir bleiben weiter dran und berichten. F\u00fcr alle Neugierigen vorab schon mal ein Teaser zum neuen Album: Text &amp; Fotos: TJ Krebs &nbsp;\" \/>\n<meta property=\"og:url\" content=\"https:\/\/www.jazzzeitung.de\/cms\/2016\/10\/katie-cruels-musikalische-ueberraschungen\/\" \/>\n<meta property=\"og:site_name\" content=\"JazzZeitung\" \/>\n<meta property=\"article:publisher\" content=\"https:\/\/www.facebook.com\/JazzZeitung\/\" \/>\n<meta property=\"article:published_time\" content=\"2016-10-20T13:00:15+00:00\" \/>\n<meta property=\"og:image\" content=\"https:\/\/i0.wp.com\/www.jazzzeitung.de\/cms\/wp-content\/uploads\/2016\/10\/P1070168-Turku-Foto-TJ-Krebs.jpg?fit=682%2C1024&ssl=1\" \/>\n\t<meta property=\"og:image:width\" content=\"682\" \/>\n\t<meta property=\"og:image:height\" content=\"1024\" \/>\n\t<meta property=\"og:image:type\" content=\"image\/jpeg\" \/>\n<meta name=\"author\" content=\"Redaktion JazzZeitung\" \/>\n<script type=\"application\/ld+json\" class=\"yoast-schema-graph\">{\"@context\":\"https:\\\/\\\/schema.org\",\"@graph\":[{\"@type\":\"Article\",\"@id\":\"https:\\\/\\\/www.jazzzeitung.de\\\/cms\\\/2016\\\/10\\\/katie-cruels-musikalische-ueberraschungen\\\/#article\",\"isPartOf\":{\"@id\":\"https:\\\/\\\/www.jazzzeitung.de\\\/cms\\\/2016\\\/10\\\/katie-cruels-musikalische-ueberraschungen\\\/\"},\"author\":{\"name\":\"Redaktion JazzZeitung\",\"@id\":\"https:\\\/\\\/www.jazzzeitung.de\\\/cms\\\/#\\\/schema\\\/person\\\/2245b36b9cd1d24cea10f01c031fb92b\"},\"headline\":\"Katie Cruels musikalische \u00dcberraschungen\",\"datePublished\":\"2016-10-20T13:00:15+00:00\",\"mainEntityOfPage\":{\"@id\":\"https:\\\/\\\/www.jazzzeitung.de\\\/cms\\\/2016\\\/10\\\/katie-cruels-musikalische-ueberraschungen\\\/\"},\"wordCount\":159,\"commentCount\":0,\"publisher\":{\"@id\":\"https:\\\/\\\/www.jazzzeitung.de\\\/cms\\\/#organization\"},\"image\":{\"@id\":\"https:\\\/\\\/www.jazzzeitung.de\\\/cms\\\/2016\\\/10\\\/katie-cruels-musikalische-ueberraschungen\\\/#primaryimage\"},\"thumbnailUrl\":\"https:\\\/\\\/i0.wp.com\\\/www.jazzzeitung.de\\\/cms\\\/wp-content\\\/uploads\\\/2016\\\/10\\\/P1070168-Turku-Foto-TJ-Krebs.jpg?fit=682%2C1024&ssl=1\",\"keywords\":[\"Album\",\"Bayerische Kunstgewerbeverein\",\"Blues\",\"CD\",\"Fjoralba Turku\",\"Geoff Goodman\",\"Katie Cruel\",\"Konzert\",\"Max Grosch\",\"TJ Krebs\"],\"articleSection\":[\"Bericht\",\"Galerie\"],\"inLanguage\":\"de\",\"potentialAction\":[{\"@type\":\"CommentAction\",\"name\":\"Comment\",\"target\":[\"https:\\\/\\\/www.jazzzeitung.de\\\/cms\\\/2016\\\/10\\\/katie-cruels-musikalische-ueberraschungen\\\/#respond\"]}]},{\"@type\":\"WebPage\",\"@id\":\"https:\\\/\\\/www.jazzzeitung.de\\\/cms\\\/2016\\\/10\\\/katie-cruels-musikalische-ueberraschungen\\\/\",\"url\":\"https:\\\/\\\/www.jazzzeitung.de\\\/cms\\\/2016\\\/10\\\/katie-cruels-musikalische-ueberraschungen\\\/\",\"name\":\"Katie Cruels musikalische \u00dcberraschungen - JazzZeitung\",\"isPartOf\":{\"@id\":\"https:\\\/\\\/www.jazzzeitung.de\\\/cms\\\/#website\"},\"primaryImageOfPage\":{\"@id\":\"https:\\\/\\\/www.jazzzeitung.de\\\/cms\\\/2016\\\/10\\\/katie-cruels-musikalische-ueberraschungen\\\/#primaryimage\"},\"image\":{\"@id\":\"https:\\\/\\\/www.jazzzeitung.de\\\/cms\\\/2016\\\/10\\\/katie-cruels-musikalische-ueberraschungen\\\/#primaryimage\"},\"thumbnailUrl\":\"https:\\\/\\\/i0.wp.com\\\/www.jazzzeitung.de\\\/cms\\\/wp-content\\\/uploads\\\/2016\\\/10\\\/P1070168-Turku-Foto-TJ-Krebs.jpg?fit=682%2C1024&ssl=1\",\"datePublished\":\"2016-10-20T13:00:15+00:00\",\"breadcrumb\":{\"@id\":\"https:\\\/\\\/www.jazzzeitung.de\\\/cms\\\/2016\\\/10\\\/katie-cruels-musikalische-ueberraschungen\\\/#breadcrumb\"},\"inLanguage\":\"de\",\"potentialAction\":[{\"@type\":\"ReadAction\",\"target\":[\"https:\\\/\\\/www.jazzzeitung.de\\\/cms\\\/2016\\\/10\\\/katie-cruels-musikalische-ueberraschungen\\\/\"]}]},{\"@type\":\"ImageObject\",\"inLanguage\":\"de\",\"@id\":\"https:\\\/\\\/www.jazzzeitung.de\\\/cms\\\/2016\\\/10\\\/katie-cruels-musikalische-ueberraschungen\\\/#primaryimage\",\"url\":\"https:\\\/\\\/i0.wp.com\\\/www.jazzzeitung.de\\\/cms\\\/wp-content\\\/uploads\\\/2016\\\/10\\\/P1070168-Turku-Foto-TJ-Krebs.jpg?fit=682%2C1024&ssl=1\",\"contentUrl\":\"https:\\\/\\\/i0.wp.com\\\/www.jazzzeitung.de\\\/cms\\\/wp-content\\\/uploads\\\/2016\\\/10\\\/P1070168-Turku-Foto-TJ-Krebs.jpg?fit=682%2C1024&ssl=1\",\"width\":682,\"height\":1024},{\"@type\":\"BreadcrumbList\",\"@id\":\"https:\\\/\\\/www.jazzzeitung.de\\\/cms\\\/2016\\\/10\\\/katie-cruels-musikalische-ueberraschungen\\\/#breadcrumb\",\"itemListElement\":[{\"@type\":\"ListItem\",\"position\":1,\"name\":\"Startseite\",\"item\":\"https:\\\/\\\/www.jazzzeitung.de\\\/cms\\\/\"},{\"@type\":\"ListItem\",\"position\":2,\"name\":\"Katie Cruels musikalische \u00dcberraschungen\"}]},{\"@type\":\"WebSite\",\"@id\":\"https:\\\/\\\/www.jazzzeitung.de\\\/cms\\\/#website\",\"url\":\"https:\\\/\\\/www.jazzzeitung.de\\\/cms\\\/\",\"name\":\"JazzZeitung\",\"description\":\"Jazz-News und Jazz-Kontroverses\",\"publisher\":{\"@id\":\"https:\\\/\\\/www.jazzzeitung.de\\\/cms\\\/#organization\"},\"potentialAction\":[{\"@type\":\"SearchAction\",\"target\":{\"@type\":\"EntryPoint\",\"urlTemplate\":\"https:\\\/\\\/www.jazzzeitung.de\\\/cms\\\/?s={search_term_string}\"},\"query-input\":{\"@type\":\"PropertyValueSpecification\",\"valueRequired\":true,\"valueName\":\"search_term_string\"}}],\"inLanguage\":\"de\"},{\"@type\":\"Organization\",\"@id\":\"https:\\\/\\\/www.jazzzeitung.de\\\/cms\\\/#organization\",\"name\":\"JazzZeitung online\",\"url\":\"https:\\\/\\\/www.jazzzeitung.de\\\/cms\\\/\",\"logo\":{\"@type\":\"ImageObject\",\"inLanguage\":\"de\",\"@id\":\"https:\\\/\\\/www.jazzzeitung.de\\\/cms\\\/#\\\/schema\\\/logo\\\/image\\\/\",\"url\":\"https:\\\/\\\/i0.wp.com\\\/www.jazzzeitung.de\\\/cms\\\/wp-content\\\/uploads\\\/2015\\\/08\\\/JAZZZEITUNGDE_Logo_Neu.png?fit=499%2C200&ssl=1\",\"contentUrl\":\"https:\\\/\\\/i0.wp.com\\\/www.jazzzeitung.de\\\/cms\\\/wp-content\\\/uploads\\\/2015\\\/08\\\/JAZZZEITUNGDE_Logo_Neu.png?fit=499%2C200&ssl=1\",\"width\":499,\"height\":200,\"caption\":\"JazzZeitung online\"},\"image\":{\"@id\":\"https:\\\/\\\/www.jazzzeitung.de\\\/cms\\\/#\\\/schema\\\/logo\\\/image\\\/\"},\"sameAs\":[\"https:\\\/\\\/www.facebook.com\\\/JazzZeitung\\\/\"]},{\"@type\":\"Person\",\"@id\":\"https:\\\/\\\/www.jazzzeitung.de\\\/cms\\\/#\\\/schema\\\/person\\\/2245b36b9cd1d24cea10f01c031fb92b\",\"name\":\"Redaktion JazzZeitung\",\"image\":{\"@type\":\"ImageObject\",\"inLanguage\":\"de\",\"@id\":\"https:\\\/\\\/i0.wp.com\\\/www.jazzzeitung.de\\\/cms\\\/wp-content\\\/uploads\\\/2015\\\/08\\\/JAZZZEITUNGDE_Logo_Neu.png?resize=96%2C96&ssl=159975dcacb611b5700bd619b5daf0a7a\",\"url\":\"https:\\\/\\\/i0.wp.com\\\/www.jazzzeitung.de\\\/cms\\\/wp-content\\\/uploads\\\/2015\\\/08\\\/JAZZZEITUNGDE_Logo_Neu.png?resize=96%2C96&ssl=1\",\"contentUrl\":\"https:\\\/\\\/i0.wp.com\\\/www.jazzzeitung.de\\\/cms\\\/wp-content\\\/uploads\\\/2015\\\/08\\\/JAZZZEITUNGDE_Logo_Neu.png?resize=96%2C96&ssl=1\",\"caption\":\"Redaktion JazzZeitung\"},\"description\":\"Artikel der Redaktion der JazzZeitung.\",\"sameAs\":[\"http:\\\/\\\/www.jazzzeitung.de\\\/cms\\\/\"],\"url\":\"https:\\\/\\\/www.jazzzeitung.de\\\/cms\\\/author\\\/redaktion\\\/\"}]}<\/script>\n<!-- \/ Yoast SEO plugin. -->","yoast_head_json":{"title":"Katie Cruels musikalische \u00dcberraschungen - JazzZeitung","robots":{"index":"index","follow":"follow","max-snippet":"max-snippet:-1","max-image-preview":"max-image-preview:large","max-video-preview":"max-video-preview:-1"},"canonical":"https:\/\/www.jazzzeitung.de\/cms\/2016\/10\/katie-cruels-musikalische-ueberraschungen\/","og_locale":"de_DE","og_type":"article","og_title":"Katie Cruels musikalische \u00dcberraschungen - JazzZeitung","og_description":"Anl\u00e4sslich einer Retrospektive \u201e40 Jahre Glasgestaltung\u201c der K\u00fcnstlerin Eva Sperner im Bayerischen Kunstgewerbeverein trat die Formation \u201eKatie Cruel\u201c, das Gesang-Gitarren-Duo mit der albanischen S\u00e4ngerin Fjoralba Turku und dem amerikanischen Gitarristen Geoff Goodman, zusammen mit dem Violinisten Max Grosch als Gast auf. Das Publikum erlebte ein eindrucksvolles Konzert. Ob Weltmusik im weitesten Sinn, Blues oder Jazz &#8211; \u201eKatie Cruel\u201c kennt keine Genregrenzen und interpretiert mit Verve und spannenden Arrangements. Ob albanische Liebes- oder Volkslieder, Songs von Blueslegende Robert Leroy Johnson, der Jazzikone Billie Holiday oder eigene Kompositionen\/Improvisationen, Katie Cruel\u2018s Sound war von der ersten bis zur letzten Minute spannungsgeladen, unkonventionell und steckt voller musikalischer \u00dcberraschungen. Im Januar wird die zweite CD des Duos erscheinen, diesmal mit Max Grosch an Bord. Man darf gespannt sein. Wir bleiben weiter dran und berichten. F\u00fcr alle Neugierigen vorab schon mal ein Teaser zum neuen Album: Text &amp; Fotos: TJ Krebs &nbsp;","og_url":"https:\/\/www.jazzzeitung.de\/cms\/2016\/10\/katie-cruels-musikalische-ueberraschungen\/","og_site_name":"JazzZeitung","article_publisher":"https:\/\/www.facebook.com\/JazzZeitung\/","article_published_time":"2016-10-20T13:00:15+00:00","og_image":[{"width":682,"height":1024,"url":"https:\/\/i0.wp.com\/www.jazzzeitung.de\/cms\/wp-content\/uploads\/2016\/10\/P1070168-Turku-Foto-TJ-Krebs.jpg?fit=682%2C1024&ssl=1","type":"image\/jpeg"}],"author":"Redaktion JazzZeitung","schema":{"@context":"https:\/\/schema.org","@graph":[{"@type":"Article","@id":"https:\/\/www.jazzzeitung.de\/cms\/2016\/10\/katie-cruels-musikalische-ueberraschungen\/#article","isPartOf":{"@id":"https:\/\/www.jazzzeitung.de\/cms\/2016\/10\/katie-cruels-musikalische-ueberraschungen\/"},"author":{"name":"Redaktion JazzZeitung","@id":"https:\/\/www.jazzzeitung.de\/cms\/#\/schema\/person\/2245b36b9cd1d24cea10f01c031fb92b"},"headline":"Katie Cruels musikalische \u00dcberraschungen","datePublished":"2016-10-20T13:00:15+00:00","mainEntityOfPage":{"@id":"https:\/\/www.jazzzeitung.de\/cms\/2016\/10\/katie-cruels-musikalische-ueberraschungen\/"},"wordCount":159,"commentCount":0,"publisher":{"@id":"https:\/\/www.jazzzeitung.de\/cms\/#organization"},"image":{"@id":"https:\/\/www.jazzzeitung.de\/cms\/2016\/10\/katie-cruels-musikalische-ueberraschungen\/#primaryimage"},"thumbnailUrl":"https:\/\/i0.wp.com\/www.jazzzeitung.de\/cms\/wp-content\/uploads\/2016\/10\/P1070168-Turku-Foto-TJ-Krebs.jpg?fit=682%2C1024&ssl=1","keywords":["Album","Bayerische Kunstgewerbeverein","Blues","CD","Fjoralba Turku","Geoff Goodman","Katie Cruel","Konzert","Max Grosch","TJ Krebs"],"articleSection":["Bericht","Galerie"],"inLanguage":"de","potentialAction":[{"@type":"CommentAction","name":"Comment","target":["https:\/\/www.jazzzeitung.de\/cms\/2016\/10\/katie-cruels-musikalische-ueberraschungen\/#respond"]}]},{"@type":"WebPage","@id":"https:\/\/www.jazzzeitung.de\/cms\/2016\/10\/katie-cruels-musikalische-ueberraschungen\/","url":"https:\/\/www.jazzzeitung.de\/cms\/2016\/10\/katie-cruels-musikalische-ueberraschungen\/","name":"Katie Cruels musikalische \u00dcberraschungen - JazzZeitung","isPartOf":{"@id":"https:\/\/www.jazzzeitung.de\/cms\/#website"},"primaryImageOfPage":{"@id":"https:\/\/www.jazzzeitung.de\/cms\/2016\/10\/katie-cruels-musikalische-ueberraschungen\/#primaryimage"},"image":{"@id":"https:\/\/www.jazzzeitung.de\/cms\/2016\/10\/katie-cruels-musikalische-ueberraschungen\/#primaryimage"},"thumbnailUrl":"https:\/\/i0.wp.com\/www.jazzzeitung.de\/cms\/wp-content\/uploads\/2016\/10\/P1070168-Turku-Foto-TJ-Krebs.jpg?fit=682%2C1024&ssl=1","datePublished":"2016-10-20T13:00:15+00:00","breadcrumb":{"@id":"https:\/\/www.jazzzeitung.de\/cms\/2016\/10\/katie-cruels-musikalische-ueberraschungen\/#breadcrumb"},"inLanguage":"de","potentialAction":[{"@type":"ReadAction","target":["https:\/\/www.jazzzeitung.de\/cms\/2016\/10\/katie-cruels-musikalische-ueberraschungen\/"]}]},{"@type":"ImageObject","inLanguage":"de","@id":"https:\/\/www.jazzzeitung.de\/cms\/2016\/10\/katie-cruels-musikalische-ueberraschungen\/#primaryimage","url":"https:\/\/i0.wp.com\/www.jazzzeitung.de\/cms\/wp-content\/uploads\/2016\/10\/P1070168-Turku-Foto-TJ-Krebs.jpg?fit=682%2C1024&ssl=1","contentUrl":"https:\/\/i0.wp.com\/www.jazzzeitung.de\/cms\/wp-content\/uploads\/2016\/10\/P1070168-Turku-Foto-TJ-Krebs.jpg?fit=682%2C1024&ssl=1","width":682,"height":1024},{"@type":"BreadcrumbList","@id":"https:\/\/www.jazzzeitung.de\/cms\/2016\/10\/katie-cruels-musikalische-ueberraschungen\/#breadcrumb","itemListElement":[{"@type":"ListItem","position":1,"name":"Startseite","item":"https:\/\/www.jazzzeitung.de\/cms\/"},{"@type":"ListItem","position":2,"name":"Katie Cruels musikalische \u00dcberraschungen"}]},{"@type":"WebSite","@id":"https:\/\/www.jazzzeitung.de\/cms\/#website","url":"https:\/\/www.jazzzeitung.de\/cms\/","name":"JazzZeitung","description":"Jazz-News und Jazz-Kontroverses","publisher":{"@id":"https:\/\/www.jazzzeitung.de\/cms\/#organization"},"potentialAction":[{"@type":"SearchAction","target":{"@type":"EntryPoint","urlTemplate":"https:\/\/www.jazzzeitung.de\/cms\/?s={search_term_string}"},"query-input":{"@type":"PropertyValueSpecification","valueRequired":true,"valueName":"search_term_string"}}],"inLanguage":"de"},{"@type":"Organization","@id":"https:\/\/www.jazzzeitung.de\/cms\/#organization","name":"JazzZeitung online","url":"https:\/\/www.jazzzeitung.de\/cms\/","logo":{"@type":"ImageObject","inLanguage":"de","@id":"https:\/\/www.jazzzeitung.de\/cms\/#\/schema\/logo\/image\/","url":"https:\/\/i0.wp.com\/www.jazzzeitung.de\/cms\/wp-content\/uploads\/2015\/08\/JAZZZEITUNGDE_Logo_Neu.png?fit=499%2C200&ssl=1","contentUrl":"https:\/\/i0.wp.com\/www.jazzzeitung.de\/cms\/wp-content\/uploads\/2015\/08\/JAZZZEITUNGDE_Logo_Neu.png?fit=499%2C200&ssl=1","width":499,"height":200,"caption":"JazzZeitung online"},"image":{"@id":"https:\/\/www.jazzzeitung.de\/cms\/#\/schema\/logo\/image\/"},"sameAs":["https:\/\/www.facebook.com\/JazzZeitung\/"]},{"@type":"Person","@id":"https:\/\/www.jazzzeitung.de\/cms\/#\/schema\/person\/2245b36b9cd1d24cea10f01c031fb92b","name":"Redaktion JazzZeitung","image":{"@type":"ImageObject","inLanguage":"de","@id":"https:\/\/i0.wp.com\/www.jazzzeitung.de\/cms\/wp-content\/uploads\/2015\/08\/JAZZZEITUNGDE_Logo_Neu.png?resize=96%2C96&ssl=159975dcacb611b5700bd619b5daf0a7a","url":"https:\/\/i0.wp.com\/www.jazzzeitung.de\/cms\/wp-content\/uploads\/2015\/08\/JAZZZEITUNGDE_Logo_Neu.png?resize=96%2C96&ssl=1","contentUrl":"https:\/\/i0.wp.com\/www.jazzzeitung.de\/cms\/wp-content\/uploads\/2015\/08\/JAZZZEITUNGDE_Logo_Neu.png?resize=96%2C96&ssl=1","caption":"Redaktion JazzZeitung"},"description":"Artikel der Redaktion der JazzZeitung.","sameAs":["http:\/\/www.jazzzeitung.de\/cms\/"],"url":"https:\/\/www.jazzzeitung.de\/cms\/author\/redaktion\/"}]}},"wp-worthy-pixel":{"ignored":false,"public":null,"server":null,"url":null},"wp-worthy-type":"normal","jetpack_publicize_connections":[],"cc_featured_image_caption":{"caption_text":false,"source_text":false,"source_url":false},"jetpack_featured_media_url":"https:\/\/i0.wp.com\/www.jazzzeitung.de\/cms\/wp-content\/uploads\/2016\/10\/P1070168-Turku-Foto-TJ-Krebs.jpg?fit=682%2C1024&ssl=1","jetpack_shortlink":"https:\/\/wp.me\/p3KEcT-2HK","jetpack-related-posts":[{"id":11585,"url":"https:\/\/www.jazzzeitung.de\/cms\/2017\/01\/cd-rezension-katie-cruel-the-roving-jewel\/","url_meta":{"origin":10400,"position":0},"title":"CD-Rezension &#8211; Katie Cruel: The Roving Jewel","author":"Redaktion JazzZeitung","date":"24. Januar 2017","format":false,"excerpt":"Seit mittlerweile zehn Jahren w\u00e4hrt die musikalische Zusammenarbeit der albanischen S\u00e4ngerin Fjoralba Turku und dem amerikanischen Gitarristen Geoff Goodman. Beide leben seit geraumer Zeit in M\u00fcnchen, musizieren gemeinsam und sind im stetigen Dialog. Doch wer ist nun eigentlich \u201eKatie Cruel\u201c? De facto ist es ein traditioneller Folksong, der w\u00e4hrend des\u2026","rel":"","context":"In &quot;Rezension&quot;","block_context":{"text":"Rezension","link":"https:\/\/www.jazzzeitung.de\/cms\/thema\/rezension\/"},"img":{"alt_text":"","src":"https:\/\/i0.wp.com\/www.jazzzeitung.de\/cms\/wp-content\/uploads\/2017\/01\/Cover-Katie-Cruel-150x150.jpg?resize=350%2C200","width":350,"height":200},"classes":[]},{"id":7173,"url":"https:\/\/www.jazzzeitung.de\/cms\/2015\/09\/bildergalerie-fjoralba-turku-und-geoff-goodman\/","url_meta":{"origin":10400,"position":1},"title":"Bildergalerie: Fjoralba Turku und Geoff Goodman","author":"Redaktion JazzZeitung","date":"26. September 2015","format":false,"excerpt":"Vergangenen Mittwoch spielten die ausdrucksstarke albanische Vokalistin Fjoralba Turku und der vollkommen laid-back spielende Gitarrist Geoff Goodman ein beeindruckendes und umjubeltes Duo-Konzert in der M\u00fcnchner Unterfahrt. Seit nunmehr 9 Jahren treten die beiden bereits in unterschiedlichen Formationen zusammen auf. Mittlerweile begeben sie sich zu zweit auf eine musikalische Reise angefangen\u2026","rel":"","context":"In &quot;Galerie&quot;","block_context":{"text":"Galerie","link":"https:\/\/www.jazzzeitung.de\/cms\/thema\/galerie\/"},"img":{"alt_text":"","src":"https:\/\/i0.wp.com\/www.jazzzeitung.de\/cms\/wp-content\/uploads\/2015\/09\/P1080882-TJ-Krebs-Jazzphotoagency.jpg?resize=350%2C200","width":350,"height":200,"srcset":"https:\/\/i0.wp.com\/www.jazzzeitung.de\/cms\/wp-content\/uploads\/2015\/09\/P1080882-TJ-Krebs-Jazzphotoagency.jpg?resize=350%2C200 1x, https:\/\/i0.wp.com\/www.jazzzeitung.de\/cms\/wp-content\/uploads\/2015\/09\/P1080882-TJ-Krebs-Jazzphotoagency.jpg?resize=525%2C300 1.5x, https:\/\/i0.wp.com\/www.jazzzeitung.de\/cms\/wp-content\/uploads\/2015\/09\/P1080882-TJ-Krebs-Jazzphotoagency.jpg?resize=700%2C400 2x, https:\/\/i0.wp.com\/www.jazzzeitung.de\/cms\/wp-content\/uploads\/2015\/09\/P1080882-TJ-Krebs-Jazzphotoagency.jpg?resize=1050%2C600 3x, https:\/\/i0.wp.com\/www.jazzzeitung.de\/cms\/wp-content\/uploads\/2015\/09\/P1080882-TJ-Krebs-Jazzphotoagency.jpg?resize=1400%2C800 4x"},"classes":[]},{"id":12756,"url":"https:\/\/www.jazzzeitung.de\/cms\/2017\/06\/news-jazzorchester-featuring-wu-wei-29-06-2017-in-weimar-jazz-live-keys-sticks-fotografien-von-thomas-j-krebs-vernissage\/","url_meta":{"origin":10400,"position":2},"title":"+++ News +++ \u201eJazzorchester featuring Wu Wei\u201c in Weimar +++ &#8222;JAZZ &#8211; live, keys &#038; sticks&#8220;: Fotografien von Thomas J. Krebs in Unterf\u00f6hring +++ 1. Jazzfest Ottobrunn im Wolf-Ferrari-Haus +++","author":"Redaktion JazzZeitung","date":"22. Juni 2017","format":false,"excerpt":"+++ \u201eJazzorchester featuring Wu Wei\u201c 29.06.2017 in Weimar +++ Am Donnerstag, 29. Juni um 19:30 Uhr im Festsaal F\u00fcrstenhaus wird ein Konzert-Projekt f\u00fcr ein Programm mit einem Gastsolisten, dem chinesischen Mundorgelspieler, Wu Wei stattfinden. Er spielt auf der \u201eCheng\u201c, einem Instrument mit 3.000 Jahre alter Tradition, das seine Kl\u00e4nge mit\u2026","rel":"","context":"In &quot;Bericht&quot;","block_context":{"text":"Bericht","link":"https:\/\/www.jazzzeitung.de\/cms\/thema\/bericht\/"},"img":{"alt_text":"","src":"https:\/\/i0.wp.com\/www.jazzzeitung.de\/cms\/wp-content\/uploads\/2017\/06\/Schultze_Stefan_Foto_Maik_Schuck-150x150.jpg?resize=350%2C200&ssl=1","width":350,"height":200},"classes":[]},{"id":16489,"url":"https:\/\/www.jazzzeitung.de\/cms\/2018\/06\/fotogalerie-das-geoff-goodman-quartet-in-der-unterfahrt\/","url_meta":{"origin":10400,"position":3},"title":"Fotogalerie: Das Geoff Goodman Quartet in der Unterfahrt","author":"Redaktion JazzZeitung","date":"26. Juni 2018","format":false,"excerpt":"Geoff Goodman (g), Till Martin (ts), Tizian Jost (p), Shinya Fukumori (dr) spielten am 21. Juni im M\u00fcnchner Jazzclubb Unterfahrt Musik von Bill Evans und Thelonious Monk. Ohne Bassisten oder Bassistin erzeugte das Quartett einen interessanten Klangraum. Ralf Dombrowski hat das Konzert des Geoff Goodman Quartets fotografisch festgehalten:","rel":"","context":"In &quot;Galerie&quot;","block_context":{"text":"Galerie","link":"https:\/\/www.jazzzeitung.de\/cms\/thema\/galerie\/"},"img":{"alt_text":"","src":"https:\/\/i0.wp.com\/www.jazzzeitung.de\/cms\/wp-content\/uploads\/2018\/06\/0K3A3285-Goodman-dombr.jpg?fit=1200%2C801&ssl=1&resize=350%2C200","width":350,"height":200,"srcset":"https:\/\/i0.wp.com\/www.jazzzeitung.de\/cms\/wp-content\/uploads\/2018\/06\/0K3A3285-Goodman-dombr.jpg?fit=1200%2C801&ssl=1&resize=350%2C200 1x, https:\/\/i0.wp.com\/www.jazzzeitung.de\/cms\/wp-content\/uploads\/2018\/06\/0K3A3285-Goodman-dombr.jpg?fit=1200%2C801&ssl=1&resize=525%2C300 1.5x, https:\/\/i0.wp.com\/www.jazzzeitung.de\/cms\/wp-content\/uploads\/2018\/06\/0K3A3285-Goodman-dombr.jpg?fit=1200%2C801&ssl=1&resize=700%2C400 2x, https:\/\/i0.wp.com\/www.jazzzeitung.de\/cms\/wp-content\/uploads\/2018\/06\/0K3A3285-Goodman-dombr.jpg?fit=1200%2C801&ssl=1&resize=1050%2C600 3x"},"classes":[]},{"id":22537,"url":"https:\/\/www.jazzzeitung.de\/cms\/2020\/05\/geoff-goodman-quintett-the-opposite-of-what\/","url_meta":{"origin":10400,"position":4},"title":"Geoff Goodman Quintett: The Opposite Of What","author":"Thomas J. Krebs","date":"18. Mai 2020","format":false,"excerpt":"Geoff Goodman Quintett: The Opposite Of What ENJA ENJ-9678 2 Die aktuelle, auf Enja erschienene, Aufnahme des Geoff Goodman Quintetts \u201eThe Opposite Of What\u201c ist in vielerlei Hinsicht bemerkenswert. Goodmans gro\u00dfe St\u00e4rke liegt im kammermusikalischen Ensemblespiel mit zwei Bl\u00e4sern. Dazu erklingt seine geerdete Gitarre unglaublich abwechslungsreich und vielseitig. Mit Weggef\u00e4hrten\u2026","rel":"","context":"In &quot;News&quot;","block_context":{"text":"News","link":"https:\/\/www.jazzzeitung.de\/cms\/thema\/nachrichten\/"},"img":{"alt_text":"","src":"https:\/\/i0.wp.com\/www.jazzzeitung.de\/cms\/wp-content\/uploads\/2020\/05\/Geoff-Goodman-Portrait-Foto-TJ-Krebs.jpg?fit=1200%2C800&ssl=1&resize=350%2C200","width":350,"height":200,"srcset":"https:\/\/i0.wp.com\/www.jazzzeitung.de\/cms\/wp-content\/uploads\/2020\/05\/Geoff-Goodman-Portrait-Foto-TJ-Krebs.jpg?fit=1200%2C800&ssl=1&resize=350%2C200 1x, https:\/\/i0.wp.com\/www.jazzzeitung.de\/cms\/wp-content\/uploads\/2020\/05\/Geoff-Goodman-Portrait-Foto-TJ-Krebs.jpg?fit=1200%2C800&ssl=1&resize=525%2C300 1.5x, https:\/\/i0.wp.com\/www.jazzzeitung.de\/cms\/wp-content\/uploads\/2020\/05\/Geoff-Goodman-Portrait-Foto-TJ-Krebs.jpg?fit=1200%2C800&ssl=1&resize=700%2C400 2x, https:\/\/i0.wp.com\/www.jazzzeitung.de\/cms\/wp-content\/uploads\/2020\/05\/Geoff-Goodman-Portrait-Foto-TJ-Krebs.jpg?fit=1200%2C800&ssl=1&resize=1050%2C600 3x"},"classes":[]},{"id":29091,"url":"https:\/\/www.jazzzeitung.de\/cms\/2023\/02\/joe-fonda-zukunft-gehoert-den-frauen\/","url_meta":{"origin":10400,"position":5},"title":"Joe Fonda: \u201eZukunft geh\u00f6rt den Frauen\u201c","author":"Michael Scheiner","date":"7. Februar 2023","format":false,"excerpt":"Joe Fonda wurde neben Mary Halvorson und Oliver Lake als einer von f\u00fcnf \u201emusicians of the year\u201c 2023 in New Yorks City Jazz Records gew\u00e4hlt. Zwei seiner letztj\u00e4hrigen Alben sind als \u201erecordings of the year\u201c gelistet und eines seiner Konzerte als Konzert des Jahres. Auch in Europa ist Fonda regelm\u00e4\u00dfiger\u2026","rel":"","context":"In &quot;Portrait&quot;","block_context":{"text":"Portrait","link":"https:\/\/www.jazzzeitung.de\/cms\/thema\/portrait\/"},"img":{"alt_text":"","src":"https:\/\/i0.wp.com\/www.jazzzeitung.de\/cms\/wp-content\/uploads\/2023\/02\/Pisarovic-fonda_55.jpg?fit=1200%2C800&ssl=1&resize=350%2C200","width":350,"height":200,"srcset":"https:\/\/i0.wp.com\/www.jazzzeitung.de\/cms\/wp-content\/uploads\/2023\/02\/Pisarovic-fonda_55.jpg?fit=1200%2C800&ssl=1&resize=350%2C200 1x, https:\/\/i0.wp.com\/www.jazzzeitung.de\/cms\/wp-content\/uploads\/2023\/02\/Pisarovic-fonda_55.jpg?fit=1200%2C800&ssl=1&resize=525%2C300 1.5x, https:\/\/i0.wp.com\/www.jazzzeitung.de\/cms\/wp-content\/uploads\/2023\/02\/Pisarovic-fonda_55.jpg?fit=1200%2C800&ssl=1&resize=700%2C400 2x, https:\/\/i0.wp.com\/www.jazzzeitung.de\/cms\/wp-content\/uploads\/2023\/02\/Pisarovic-fonda_55.jpg?fit=1200%2C800&ssl=1&resize=1050%2C600 3x"},"classes":[]}],"jetpack_sharing_enabled":true,"_links":{"self":[{"href":"https:\/\/www.jazzzeitung.de\/cms\/wp-json\/wp\/v2\/posts\/10400","targetHints":{"allow":["GET"]}}],"collection":[{"href":"https:\/\/www.jazzzeitung.de\/cms\/wp-json\/wp\/v2\/posts"}],"about":[{"href":"https:\/\/www.jazzzeitung.de\/cms\/wp-json\/wp\/v2\/types\/post"}],"author":[{"embeddable":true,"href":"https:\/\/www.jazzzeitung.de\/cms\/wp-json\/wp\/v2\/users\/18"}],"replies":[{"embeddable":true,"href":"https:\/\/www.jazzzeitung.de\/cms\/wp-json\/wp\/v2\/comments?post=10400"}],"version-history":[{"count":3,"href":"https:\/\/www.jazzzeitung.de\/cms\/wp-json\/wp\/v2\/posts\/10400\/revisions"}],"predecessor-version":[{"id":10412,"href":"https:\/\/www.jazzzeitung.de\/cms\/wp-json\/wp\/v2\/posts\/10400\/revisions\/10412"}],"wp:featuredmedia":[{"embeddable":true,"href":"https:\/\/www.jazzzeitung.de\/cms\/wp-json\/wp\/v2\/media\/10409"}],"wp:attachment":[{"href":"https:\/\/www.jazzzeitung.de\/cms\/wp-json\/wp\/v2\/media?parent=10400"}],"wp:term":[{"taxonomy":"category","embeddable":true,"href":"https:\/\/www.jazzzeitung.de\/cms\/wp-json\/wp\/v2\/categories?post=10400"},{"taxonomy":"post_tag","embeddable":true,"href":"https:\/\/www.jazzzeitung.de\/cms\/wp-json\/wp\/v2\/tags?post=10400"},{"taxonomy":"author","embeddable":true,"href":"https:\/\/www.jazzzeitung.de\/cms\/wp-json\/wp\/v2\/coauthors?post=10400"}],"curies":[{"name":"wp","href":"https:\/\/api.w.org\/{rel}","templated":true}]}}