{"id":10391,"date":"2016-10-17T10:41:45","date_gmt":"2016-10-17T08:41:45","guid":{"rendered":"http:\/\/www.jazzzeitung.de\/cms\/?p=10391"},"modified":"2017-11-20T11:53:13","modified_gmt":"2017-11-20T10:53:13","slug":"julia-huelsmann-bekommt-swr-jazzpreis-25-10","status":"publish","type":"post","link":"https:\/\/www.jazzzeitung.de\/cms\/2016\/10\/julia-huelsmann-bekommt-swr-jazzpreis-25-10\/","title":{"rendered":"Julia H\u00fclsmann bekommt SWR Jazzpreis am 25.10."},"content":{"rendered":"<p>Der gemeinsam vom SWR und dem Land Rheinland-Pfalz gestiftete SWR Jazzpreis 2016, dotiert mit 15.000\u20ac, wird am 25. Oktober, im Rahmen des Internationalen Festivals \u201eEnjoy Jazz\u201c an die Pianistin Julia H\u00fclsmann verliehen.<\/p>\n<figure id=\"attachment_10395\" aria-describedby=\"caption-attachment-10395\" style=\"width: 216px\" class=\"wp-caption alignright\"><a href=\"https:\/\/i0.wp.com\/www.jazzzeitung.de\/cms\/wp-content\/uploads\/2016\/10\/2_SWR_Jazzpreis_2016-e1476363296127.jpg\"><img data-recalc-dims=\"1\" loading=\"lazy\" decoding=\"async\" data-attachment-id=\"10395\" data-permalink=\"https:\/\/www.jazzzeitung.de\/cms\/2016\/10\/julia-huelsmann-bekommt-swr-jazzpreis-25-10\/swr-jazzpreis-2016\/\" data-orig-file=\"https:\/\/i0.wp.com\/www.jazzzeitung.de\/cms\/wp-content\/uploads\/2016\/10\/2_SWR_Jazzpreis_2016-e1476363591685.jpg?fit=1650%2C2295&amp;ssl=1\" data-orig-size=\"1650,2295\" data-comments-opened=\"1\" data-image-meta=\"{&quot;aperture&quot;:&quot;0&quot;,&quot;credit&quot;:&quot;SWR\/Volker Beushausen\/ECM Record&quot;,&quot;camera&quot;:&quot;&quot;,&quot;caption&quot;:&quot;S\\u00dcDWESTRUNDFUNK\\nSWR-Jazzpreis 2016 - Julia H\\u00fclsmann\\nBaden-Baden\/Mainz. Die Pianistin Julia H\\u00fclsmann erh\\u00e4lt den je zur H\\u00e4lfte vom Land Rheinland-Pfalz und vom S\\u00fcdwestrundfunk gestifteten SWR-Jazzpreis 2016. Der Preis wird im Oktober 2016 beim Internationalen Festival \\u201eEnjoy Jazz\\u201c in Ludwigshafen \\u00fcberreicht. Im Preistr\\u00e4gerkonzert wird die 1968 in Bonn geborene Julia H\\u00fclsmann sowohl mit ihrem eigenen Trio als auch im Duo mit der norwegischen S\\u00e4ngerin Torun Eriksen auftreten. \\nJulia H\\u00fclsmann Trio: Marc Muellbauer, Julia H\\u00fclsmann, Heinrich K\\u00f6bberling.\\n\\u00a9 SWR\/Volker Beushausen\/ECM Record, honorarfrei - Verwendung gem\\u00e4\\u00df der AGB im Rahmen einer engen, unternehmensbezogenen Berichterstattung im SWR-Zusammenhang bei Nennung \\&quot;Bild: SWR\/Volker Beushausen\/ECM Record\\&quot; (S2), SWR-Pressestelle\/Fotoredaktion, Baden-Baden, Tel: 07221\/929-22453, Fax: -929-22059, foto@swr.de&quot;,&quot;created_timestamp&quot;:&quot;0&quot;,&quot;copyright&quot;:&quot;&quot;,&quot;focal_length&quot;:&quot;0&quot;,&quot;iso&quot;:&quot;0&quot;,&quot;shutter_speed&quot;:&quot;0&quot;,&quot;title&quot;:&quot;SWR-Jazzpreis 2016&quot;,&quot;orientation&quot;:&quot;0&quot;}\" data-image-title=\"Julia H\u00fclsmann\" data-image-description=\"&lt;p&gt;Julia H\u00fclsmann. Bild: SWR\/Volker Beushausen\/ECM Record&amp;#8220; (S2), SWR-Pressestelle\/Fotoredaktion, Baden-Baden.&lt;\/p&gt;\n\" data-image-caption=\"&lt;p&gt;Julia H\u00fclsmann. Bild: SWR\/Volker Beushausen\/ECM Record&amp;#8220; (S2), SWR-Pressestelle\/Fotoredaktion, Baden-Baden.&lt;\/p&gt;\n\" data-large-file=\"https:\/\/i0.wp.com\/www.jazzzeitung.de\/cms\/wp-content\/uploads\/2016\/10\/2_SWR_Jazzpreis_2016-e1476363591685.jpg?fit=431%2C600&amp;ssl=1\" class=\"wp-image-10395 size-medium\" src=\"https:\/\/i0.wp.com\/www.jazzzeitung.de\/cms\/wp-content\/uploads\/2016\/10\/2_SWR_Jazzpreis_2016-e1476363591685-216x300.jpg?resize=216%2C300&#038;ssl=1\" alt=\"Julia H\u00fclsmann. Bild: SWR\/Volker Beushausen\/ECM Record&quot; (S2), SWR-Pressestelle\/Fotoredaktion, Baden-Baden, Tel: 07221\/929-22453, Fax: -929-22059, foto@swr.de\" width=\"216\" height=\"300\" srcset=\"https:\/\/i0.wp.com\/www.jazzzeitung.de\/cms\/wp-content\/uploads\/2016\/10\/2_SWR_Jazzpreis_2016-e1476363591685.jpg?resize=216%2C300&amp;ssl=1 216w, https:\/\/i0.wp.com\/www.jazzzeitung.de\/cms\/wp-content\/uploads\/2016\/10\/2_SWR_Jazzpreis_2016-e1476363591685.jpg?resize=768%2C1068&amp;ssl=1 768w, https:\/\/i0.wp.com\/www.jazzzeitung.de\/cms\/wp-content\/uploads\/2016\/10\/2_SWR_Jazzpreis_2016-e1476363591685.jpg?resize=431%2C600&amp;ssl=1 431w, https:\/\/i0.wp.com\/www.jazzzeitung.de\/cms\/wp-content\/uploads\/2016\/10\/2_SWR_Jazzpreis_2016-e1476363591685.jpg?w=1650&amp;ssl=1 1650w\" sizes=\"auto, (max-width: 216px) 100vw, 216px\" \/><\/a><figcaption id=\"caption-attachment-10395\" class=\"wp-caption-text\">Julia H\u00fclsmann. Bild: SWR\/Volker Beushausen\/ECM Record<\/figcaption><\/figure>\n<p>Der Minister f\u00fcr Wissenschaft, Weiterbildung und Kultur des Landes Rheinland-Pfalz, Prof. Dr. Konrad Wolf, \u00fcbergibt den \u00e4ltesten Jazzpreis Deutschlands im Kulturzentrum \u201edasHaus\u201c in Ludwigshafen. \u201eMit Julia H\u00fclsmann gewinnt in diesem Jahr eine Musikerin den SWR Jazzpreis, die dem Jazz in Europa richtungsweisende Impulse gibt\u201c, so die Begr\u00fcndung der Jury, \u201eJulia H\u00fclsmann hat eine ganz eigene sensitive Klaviersprache entwickelt, in der sie auf unpr\u00e4tenti\u00f6se Weise Br\u00fccken zur Welt der Lyrik und des Gesangs schl\u00e4gt.\u201c Im Rahmen der Verleihung findet auch das Preistr\u00e4gerkonzert statt. Dort wird sich Julia H\u00fclsmann sowohl im Duo mit der norwegischen S\u00e4ngerin Torun Eriksen als auch mit ihrem vielger\u00fchmten Trio pr\u00e4sentieren. Karten f\u00fcr die Veranstaltung erh\u00e4lt man \u00fcber <a href=\"http:\/\/enjoyjazz.de\">enjoyjazz.de<\/a> sowie bei \u201e<a href=\"http:\/\/dashaus-lu.de\">dasHaus<\/a>\u201c. Am Donnerstag, 15. Dezember, wird das Konzert zwischen 23:03 und 24 Uhr in der Sendung \u201eSWR2 NOWJazz\u201c ausgestrahlt.<\/p>\n<p>&nbsp;<\/p>\n","protected":false},"excerpt":{"rendered":"<p>Der gemeinsam vom SWR und dem Land Rheinland-Pfalz gestiftete SWR Jazzpreis 2016, dotiert mit 15.000\u20ac, wird am 25. Oktober, im Rahmen des Internationalen Festivals \u201eEnjoy Jazz\u201c an die Pianistin Julia H\u00fclsmann verliehen. Der Minister f\u00fcr Wissenschaft, Weiterbildung und Kultur des Landes Rheinland-Pfalz, Prof. Dr. Konrad Wolf, \u00fcbergibt den \u00e4ltesten Jazzpreis Deutschlands im Kulturzentrum \u201edasHaus\u201c in Ludwigshafen. \u201eMit Julia H\u00fclsmann gewinnt in diesem Jahr eine Musikerin den SWR Jazzpreis, die dem Jazz in Europa richtungsweisende Impulse gibt\u201c, so die Begr\u00fcndung der Jury, \u201eJulia H\u00fclsmann hat eine ganz eigene sensitive Klaviersprache entwickelt, in der sie auf unpr\u00e4tenti\u00f6se Weise Br\u00fccken zur Welt der Lyrik und des Gesangs schl\u00e4gt.\u201c Im Rahmen der Verleihung findet auch das Preistr\u00e4gerkonzert statt. Dort wird sich Julia H\u00fclsmann sowohl im Duo mit der norwegischen S\u00e4ngerin Torun Eriksen als auch mit ihrem vielger\u00fchmten Trio pr\u00e4sentieren. Karten f\u00fcr die Veranstaltung erh\u00e4lt man \u00fcber enjoyjazz.de sowie bei \u201edasHaus\u201c. Am Donnerstag, 15. Dezember, wird das Konzert zwischen 23:03 und 24 Uhr in der Sendung \u201eSWR2 NOWJazz\u201c ausgestrahlt. &nbsp;<\/p>\n","protected":false},"author":18,"featured_media":10395,"comment_status":"open","ping_status":"closed","sticky":false,"template":"","format":"standard","meta":{"_jetpack_memberships_contains_paid_content":false,"footnotes":"","jetpack_publicize_message":"","jetpack_publicize_feature_enabled":true,"jetpack_social_post_already_shared":false,"jetpack_social_options":{"image_generator_settings":{"template":"highway","default_image_id":0,"font":"","enabled":false},"version":2}},"categories":[633],"tags":[306,1289],"coauthors":[695],"class_list":["post-10391","post","type-post","status-publish","format-standard","has-post-thumbnail","hentry","category-nachrichten","tag-julia-huelsmann","tag-swr-jazzpreis"],"yoast_head":"<!-- This site is optimized with the Yoast SEO plugin v27.5 - https:\/\/yoast.com\/product\/yoast-seo-wordpress\/ -->\n<title>Julia H\u00fclsmann bekommt SWR Jazzpreis am 25.10. - JazzZeitung<\/title>\n<meta name=\"robots\" content=\"index, follow, max-snippet:-1, max-image-preview:large, max-video-preview:-1\" \/>\n<link rel=\"canonical\" href=\"https:\/\/www.jazzzeitung.de\/cms\/2016\/10\/julia-huelsmann-bekommt-swr-jazzpreis-25-10\/\" \/>\n<meta property=\"og:locale\" content=\"de_DE\" \/>\n<meta property=\"og:type\" content=\"article\" \/>\n<meta property=\"og:title\" content=\"Julia H\u00fclsmann bekommt SWR Jazzpreis am 25.10. - JazzZeitung\" \/>\n<meta property=\"og:description\" content=\"Der gemeinsam vom SWR und dem Land Rheinland-Pfalz gestiftete SWR Jazzpreis 2016, dotiert mit 15.000\u20ac, wird am 25. Oktober, im Rahmen des Internationalen Festivals \u201eEnjoy Jazz\u201c an die Pianistin Julia H\u00fclsmann verliehen. Der Minister f\u00fcr Wissenschaft, Weiterbildung und Kultur des Landes Rheinland-Pfalz, Prof. Dr. Konrad Wolf, \u00fcbergibt den \u00e4ltesten Jazzpreis Deutschlands im Kulturzentrum \u201edasHaus\u201c in Ludwigshafen. \u201eMit Julia H\u00fclsmann gewinnt in diesem Jahr eine Musikerin den SWR Jazzpreis, die dem Jazz in Europa richtungsweisende Impulse gibt\u201c, so die Begr\u00fcndung der Jury, \u201eJulia H\u00fclsmann hat eine ganz eigene sensitive Klaviersprache entwickelt, in der sie auf unpr\u00e4tenti\u00f6se Weise Br\u00fccken zur Welt der Lyrik und des Gesangs schl\u00e4gt.\u201c Im Rahmen der Verleihung findet auch das Preistr\u00e4gerkonzert statt. Dort wird sich Julia H\u00fclsmann sowohl im Duo mit der norwegischen S\u00e4ngerin Torun Eriksen als auch mit ihrem vielger\u00fchmten Trio pr\u00e4sentieren. Karten f\u00fcr die Veranstaltung erh\u00e4lt man \u00fcber enjoyjazz.de sowie bei \u201edasHaus\u201c. Am Donnerstag, 15. Dezember, wird das Konzert zwischen 23:03 und 24 Uhr in der Sendung \u201eSWR2 NOWJazz\u201c ausgestrahlt. &nbsp;\" \/>\n<meta property=\"og:url\" content=\"https:\/\/www.jazzzeitung.de\/cms\/2016\/10\/julia-huelsmann-bekommt-swr-jazzpreis-25-10\/\" \/>\n<meta property=\"og:site_name\" content=\"JazzZeitung\" \/>\n<meta property=\"article:publisher\" content=\"https:\/\/www.facebook.com\/JazzZeitung\/\" \/>\n<meta property=\"article:published_time\" content=\"2016-10-17T08:41:45+00:00\" \/>\n<meta property=\"article:modified_time\" content=\"2017-11-20T10:53:13+00:00\" \/>\n<meta property=\"og:image\" content=\"https:\/\/i0.wp.com\/www.jazzzeitung.de\/cms\/wp-content\/uploads\/2016\/10\/2_SWR_Jazzpreis_2016-e1476363591685.jpg?fit=1650%2C2295&ssl=1\" \/>\n\t<meta property=\"og:image:width\" content=\"1650\" \/>\n\t<meta property=\"og:image:height\" content=\"2295\" \/>\n\t<meta property=\"og:image:type\" content=\"image\/jpeg\" \/>\n<meta name=\"author\" content=\"Redaktion JazzZeitung\" \/>\n<script type=\"application\/ld+json\" class=\"yoast-schema-graph\">{\"@context\":\"https:\\\/\\\/schema.org\",\"@graph\":[{\"@type\":\"Article\",\"@id\":\"https:\\\/\\\/www.jazzzeitung.de\\\/cms\\\/2016\\\/10\\\/julia-huelsmann-bekommt-swr-jazzpreis-25-10\\\/#article\",\"isPartOf\":{\"@id\":\"https:\\\/\\\/www.jazzzeitung.de\\\/cms\\\/2016\\\/10\\\/julia-huelsmann-bekommt-swr-jazzpreis-25-10\\\/\"},\"author\":{\"name\":\"Redaktion JazzZeitung\",\"@id\":\"https:\\\/\\\/www.jazzzeitung.de\\\/cms\\\/#\\\/schema\\\/person\\\/2245b36b9cd1d24cea10f01c031fb92b\"},\"headline\":\"Julia H\u00fclsmann bekommt SWR Jazzpreis am 25.10.\",\"datePublished\":\"2016-10-17T08:41:45+00:00\",\"dateModified\":\"2017-11-20T10:53:13+00:00\",\"mainEntityOfPage\":{\"@id\":\"https:\\\/\\\/www.jazzzeitung.de\\\/cms\\\/2016\\\/10\\\/julia-huelsmann-bekommt-swr-jazzpreis-25-10\\\/\"},\"wordCount\":199,\"commentCount\":0,\"publisher\":{\"@id\":\"https:\\\/\\\/www.jazzzeitung.de\\\/cms\\\/#organization\"},\"image\":{\"@id\":\"https:\\\/\\\/www.jazzzeitung.de\\\/cms\\\/2016\\\/10\\\/julia-huelsmann-bekommt-swr-jazzpreis-25-10\\\/#primaryimage\"},\"thumbnailUrl\":\"https:\\\/\\\/i0.wp.com\\\/www.jazzzeitung.de\\\/cms\\\/wp-content\\\/uploads\\\/2016\\\/10\\\/2_SWR_Jazzpreis_2016-e1476363591685.jpg?fit=1650%2C2295&ssl=1\",\"keywords\":[\"Julia H\u00fclsmann\",\"SWR Jazzpreis\"],\"articleSection\":[\"News\"],\"inLanguage\":\"de\",\"potentialAction\":[{\"@type\":\"CommentAction\",\"name\":\"Comment\",\"target\":[\"https:\\\/\\\/www.jazzzeitung.de\\\/cms\\\/2016\\\/10\\\/julia-huelsmann-bekommt-swr-jazzpreis-25-10\\\/#respond\"]}]},{\"@type\":\"WebPage\",\"@id\":\"https:\\\/\\\/www.jazzzeitung.de\\\/cms\\\/2016\\\/10\\\/julia-huelsmann-bekommt-swr-jazzpreis-25-10\\\/\",\"url\":\"https:\\\/\\\/www.jazzzeitung.de\\\/cms\\\/2016\\\/10\\\/julia-huelsmann-bekommt-swr-jazzpreis-25-10\\\/\",\"name\":\"Julia H\u00fclsmann bekommt SWR Jazzpreis am 25.10. - JazzZeitung\",\"isPartOf\":{\"@id\":\"https:\\\/\\\/www.jazzzeitung.de\\\/cms\\\/#website\"},\"primaryImageOfPage\":{\"@id\":\"https:\\\/\\\/www.jazzzeitung.de\\\/cms\\\/2016\\\/10\\\/julia-huelsmann-bekommt-swr-jazzpreis-25-10\\\/#primaryimage\"},\"image\":{\"@id\":\"https:\\\/\\\/www.jazzzeitung.de\\\/cms\\\/2016\\\/10\\\/julia-huelsmann-bekommt-swr-jazzpreis-25-10\\\/#primaryimage\"},\"thumbnailUrl\":\"https:\\\/\\\/i0.wp.com\\\/www.jazzzeitung.de\\\/cms\\\/wp-content\\\/uploads\\\/2016\\\/10\\\/2_SWR_Jazzpreis_2016-e1476363591685.jpg?fit=1650%2C2295&ssl=1\",\"datePublished\":\"2016-10-17T08:41:45+00:00\",\"dateModified\":\"2017-11-20T10:53:13+00:00\",\"breadcrumb\":{\"@id\":\"https:\\\/\\\/www.jazzzeitung.de\\\/cms\\\/2016\\\/10\\\/julia-huelsmann-bekommt-swr-jazzpreis-25-10\\\/#breadcrumb\"},\"inLanguage\":\"de\",\"potentialAction\":[{\"@type\":\"ReadAction\",\"target\":[\"https:\\\/\\\/www.jazzzeitung.de\\\/cms\\\/2016\\\/10\\\/julia-huelsmann-bekommt-swr-jazzpreis-25-10\\\/\"]}]},{\"@type\":\"ImageObject\",\"inLanguage\":\"de\",\"@id\":\"https:\\\/\\\/www.jazzzeitung.de\\\/cms\\\/2016\\\/10\\\/julia-huelsmann-bekommt-swr-jazzpreis-25-10\\\/#primaryimage\",\"url\":\"https:\\\/\\\/i0.wp.com\\\/www.jazzzeitung.de\\\/cms\\\/wp-content\\\/uploads\\\/2016\\\/10\\\/2_SWR_Jazzpreis_2016-e1476363591685.jpg?fit=1650%2C2295&ssl=1\",\"contentUrl\":\"https:\\\/\\\/i0.wp.com\\\/www.jazzzeitung.de\\\/cms\\\/wp-content\\\/uploads\\\/2016\\\/10\\\/2_SWR_Jazzpreis_2016-e1476363591685.jpg?fit=1650%2C2295&ssl=1\",\"width\":1650,\"height\":2295,\"caption\":\"Julia H\u00fclsmann. Bild: SWR\\\/Volker Beushausen\\\/ECM Record\\\" (S2), SWR-Pressestelle\\\/Fotoredaktion, Baden-Baden.\"},{\"@type\":\"BreadcrumbList\",\"@id\":\"https:\\\/\\\/www.jazzzeitung.de\\\/cms\\\/2016\\\/10\\\/julia-huelsmann-bekommt-swr-jazzpreis-25-10\\\/#breadcrumb\",\"itemListElement\":[{\"@type\":\"ListItem\",\"position\":1,\"name\":\"Startseite\",\"item\":\"https:\\\/\\\/www.jazzzeitung.de\\\/cms\\\/\"},{\"@type\":\"ListItem\",\"position\":2,\"name\":\"Julia H\u00fclsmann bekommt SWR Jazzpreis am 25.10.\"}]},{\"@type\":\"WebSite\",\"@id\":\"https:\\\/\\\/www.jazzzeitung.de\\\/cms\\\/#website\",\"url\":\"https:\\\/\\\/www.jazzzeitung.de\\\/cms\\\/\",\"name\":\"JazzZeitung\",\"description\":\"Jazz-News und Jazz-Kontroverses\",\"publisher\":{\"@id\":\"https:\\\/\\\/www.jazzzeitung.de\\\/cms\\\/#organization\"},\"potentialAction\":[{\"@type\":\"SearchAction\",\"target\":{\"@type\":\"EntryPoint\",\"urlTemplate\":\"https:\\\/\\\/www.jazzzeitung.de\\\/cms\\\/?s={search_term_string}\"},\"query-input\":{\"@type\":\"PropertyValueSpecification\",\"valueRequired\":true,\"valueName\":\"search_term_string\"}}],\"inLanguage\":\"de\"},{\"@type\":\"Organization\",\"@id\":\"https:\\\/\\\/www.jazzzeitung.de\\\/cms\\\/#organization\",\"name\":\"JazzZeitung online\",\"url\":\"https:\\\/\\\/www.jazzzeitung.de\\\/cms\\\/\",\"logo\":{\"@type\":\"ImageObject\",\"inLanguage\":\"de\",\"@id\":\"https:\\\/\\\/www.jazzzeitung.de\\\/cms\\\/#\\\/schema\\\/logo\\\/image\\\/\",\"url\":\"https:\\\/\\\/i0.wp.com\\\/www.jazzzeitung.de\\\/cms\\\/wp-content\\\/uploads\\\/2015\\\/08\\\/JAZZZEITUNGDE_Logo_Neu.png?fit=499%2C200&ssl=1\",\"contentUrl\":\"https:\\\/\\\/i0.wp.com\\\/www.jazzzeitung.de\\\/cms\\\/wp-content\\\/uploads\\\/2015\\\/08\\\/JAZZZEITUNGDE_Logo_Neu.png?fit=499%2C200&ssl=1\",\"width\":499,\"height\":200,\"caption\":\"JazzZeitung online\"},\"image\":{\"@id\":\"https:\\\/\\\/www.jazzzeitung.de\\\/cms\\\/#\\\/schema\\\/logo\\\/image\\\/\"},\"sameAs\":[\"https:\\\/\\\/www.facebook.com\\\/JazzZeitung\\\/\"]},{\"@type\":\"Person\",\"@id\":\"https:\\\/\\\/www.jazzzeitung.de\\\/cms\\\/#\\\/schema\\\/person\\\/2245b36b9cd1d24cea10f01c031fb92b\",\"name\":\"Redaktion JazzZeitung\",\"image\":{\"@type\":\"ImageObject\",\"inLanguage\":\"de\",\"@id\":\"https:\\\/\\\/i0.wp.com\\\/www.jazzzeitung.de\\\/cms\\\/wp-content\\\/uploads\\\/2015\\\/08\\\/JAZZZEITUNGDE_Logo_Neu.png?resize=96%2C96&ssl=159975dcacb611b5700bd619b5daf0a7a\",\"url\":\"https:\\\/\\\/i0.wp.com\\\/www.jazzzeitung.de\\\/cms\\\/wp-content\\\/uploads\\\/2015\\\/08\\\/JAZZZEITUNGDE_Logo_Neu.png?resize=96%2C96&ssl=1\",\"contentUrl\":\"https:\\\/\\\/i0.wp.com\\\/www.jazzzeitung.de\\\/cms\\\/wp-content\\\/uploads\\\/2015\\\/08\\\/JAZZZEITUNGDE_Logo_Neu.png?resize=96%2C96&ssl=1\",\"caption\":\"Redaktion JazzZeitung\"},\"description\":\"Artikel der Redaktion der JazzZeitung.\",\"sameAs\":[\"http:\\\/\\\/www.jazzzeitung.de\\\/cms\\\/\"],\"url\":\"https:\\\/\\\/www.jazzzeitung.de\\\/cms\\\/author\\\/redaktion\\\/\"}]}<\/script>\n<!-- \/ Yoast SEO plugin. -->","yoast_head_json":{"title":"Julia H\u00fclsmann bekommt SWR Jazzpreis am 25.10. - JazzZeitung","robots":{"index":"index","follow":"follow","max-snippet":"max-snippet:-1","max-image-preview":"max-image-preview:large","max-video-preview":"max-video-preview:-1"},"canonical":"https:\/\/www.jazzzeitung.de\/cms\/2016\/10\/julia-huelsmann-bekommt-swr-jazzpreis-25-10\/","og_locale":"de_DE","og_type":"article","og_title":"Julia H\u00fclsmann bekommt SWR Jazzpreis am 25.10. - JazzZeitung","og_description":"Der gemeinsam vom SWR und dem Land Rheinland-Pfalz gestiftete SWR Jazzpreis 2016, dotiert mit 15.000\u20ac, wird am 25. Oktober, im Rahmen des Internationalen Festivals \u201eEnjoy Jazz\u201c an die Pianistin Julia H\u00fclsmann verliehen. Der Minister f\u00fcr Wissenschaft, Weiterbildung und Kultur des Landes Rheinland-Pfalz, Prof. Dr. Konrad Wolf, \u00fcbergibt den \u00e4ltesten Jazzpreis Deutschlands im Kulturzentrum \u201edasHaus\u201c in Ludwigshafen. \u201eMit Julia H\u00fclsmann gewinnt in diesem Jahr eine Musikerin den SWR Jazzpreis, die dem Jazz in Europa richtungsweisende Impulse gibt\u201c, so die Begr\u00fcndung der Jury, \u201eJulia H\u00fclsmann hat eine ganz eigene sensitive Klaviersprache entwickelt, in der sie auf unpr\u00e4tenti\u00f6se Weise Br\u00fccken zur Welt der Lyrik und des Gesangs schl\u00e4gt.\u201c Im Rahmen der Verleihung findet auch das Preistr\u00e4gerkonzert statt. Dort wird sich Julia H\u00fclsmann sowohl im Duo mit der norwegischen S\u00e4ngerin Torun Eriksen als auch mit ihrem vielger\u00fchmten Trio pr\u00e4sentieren. Karten f\u00fcr die Veranstaltung erh\u00e4lt man \u00fcber enjoyjazz.de sowie bei \u201edasHaus\u201c. Am Donnerstag, 15. Dezember, wird das Konzert zwischen 23:03 und 24 Uhr in der Sendung \u201eSWR2 NOWJazz\u201c ausgestrahlt. &nbsp;","og_url":"https:\/\/www.jazzzeitung.de\/cms\/2016\/10\/julia-huelsmann-bekommt-swr-jazzpreis-25-10\/","og_site_name":"JazzZeitung","article_publisher":"https:\/\/www.facebook.com\/JazzZeitung\/","article_published_time":"2016-10-17T08:41:45+00:00","article_modified_time":"2017-11-20T10:53:13+00:00","og_image":[{"width":1650,"height":2295,"url":"https:\/\/i0.wp.com\/www.jazzzeitung.de\/cms\/wp-content\/uploads\/2016\/10\/2_SWR_Jazzpreis_2016-e1476363591685.jpg?fit=1650%2C2295&ssl=1","type":"image\/jpeg"}],"author":"Redaktion JazzZeitung","schema":{"@context":"https:\/\/schema.org","@graph":[{"@type":"Article","@id":"https:\/\/www.jazzzeitung.de\/cms\/2016\/10\/julia-huelsmann-bekommt-swr-jazzpreis-25-10\/#article","isPartOf":{"@id":"https:\/\/www.jazzzeitung.de\/cms\/2016\/10\/julia-huelsmann-bekommt-swr-jazzpreis-25-10\/"},"author":{"name":"Redaktion JazzZeitung","@id":"https:\/\/www.jazzzeitung.de\/cms\/#\/schema\/person\/2245b36b9cd1d24cea10f01c031fb92b"},"headline":"Julia H\u00fclsmann bekommt SWR Jazzpreis am 25.10.","datePublished":"2016-10-17T08:41:45+00:00","dateModified":"2017-11-20T10:53:13+00:00","mainEntityOfPage":{"@id":"https:\/\/www.jazzzeitung.de\/cms\/2016\/10\/julia-huelsmann-bekommt-swr-jazzpreis-25-10\/"},"wordCount":199,"commentCount":0,"publisher":{"@id":"https:\/\/www.jazzzeitung.de\/cms\/#organization"},"image":{"@id":"https:\/\/www.jazzzeitung.de\/cms\/2016\/10\/julia-huelsmann-bekommt-swr-jazzpreis-25-10\/#primaryimage"},"thumbnailUrl":"https:\/\/i0.wp.com\/www.jazzzeitung.de\/cms\/wp-content\/uploads\/2016\/10\/2_SWR_Jazzpreis_2016-e1476363591685.jpg?fit=1650%2C2295&ssl=1","keywords":["Julia H\u00fclsmann","SWR Jazzpreis"],"articleSection":["News"],"inLanguage":"de","potentialAction":[{"@type":"CommentAction","name":"Comment","target":["https:\/\/www.jazzzeitung.de\/cms\/2016\/10\/julia-huelsmann-bekommt-swr-jazzpreis-25-10\/#respond"]}]},{"@type":"WebPage","@id":"https:\/\/www.jazzzeitung.de\/cms\/2016\/10\/julia-huelsmann-bekommt-swr-jazzpreis-25-10\/","url":"https:\/\/www.jazzzeitung.de\/cms\/2016\/10\/julia-huelsmann-bekommt-swr-jazzpreis-25-10\/","name":"Julia H\u00fclsmann bekommt SWR Jazzpreis am 25.10. - JazzZeitung","isPartOf":{"@id":"https:\/\/www.jazzzeitung.de\/cms\/#website"},"primaryImageOfPage":{"@id":"https:\/\/www.jazzzeitung.de\/cms\/2016\/10\/julia-huelsmann-bekommt-swr-jazzpreis-25-10\/#primaryimage"},"image":{"@id":"https:\/\/www.jazzzeitung.de\/cms\/2016\/10\/julia-huelsmann-bekommt-swr-jazzpreis-25-10\/#primaryimage"},"thumbnailUrl":"https:\/\/i0.wp.com\/www.jazzzeitung.de\/cms\/wp-content\/uploads\/2016\/10\/2_SWR_Jazzpreis_2016-e1476363591685.jpg?fit=1650%2C2295&ssl=1","datePublished":"2016-10-17T08:41:45+00:00","dateModified":"2017-11-20T10:53:13+00:00","breadcrumb":{"@id":"https:\/\/www.jazzzeitung.de\/cms\/2016\/10\/julia-huelsmann-bekommt-swr-jazzpreis-25-10\/#breadcrumb"},"inLanguage":"de","potentialAction":[{"@type":"ReadAction","target":["https:\/\/www.jazzzeitung.de\/cms\/2016\/10\/julia-huelsmann-bekommt-swr-jazzpreis-25-10\/"]}]},{"@type":"ImageObject","inLanguage":"de","@id":"https:\/\/www.jazzzeitung.de\/cms\/2016\/10\/julia-huelsmann-bekommt-swr-jazzpreis-25-10\/#primaryimage","url":"https:\/\/i0.wp.com\/www.jazzzeitung.de\/cms\/wp-content\/uploads\/2016\/10\/2_SWR_Jazzpreis_2016-e1476363591685.jpg?fit=1650%2C2295&ssl=1","contentUrl":"https:\/\/i0.wp.com\/www.jazzzeitung.de\/cms\/wp-content\/uploads\/2016\/10\/2_SWR_Jazzpreis_2016-e1476363591685.jpg?fit=1650%2C2295&ssl=1","width":1650,"height":2295,"caption":"Julia H\u00fclsmann. Bild: SWR\/Volker Beushausen\/ECM Record\" (S2), SWR-Pressestelle\/Fotoredaktion, Baden-Baden."},{"@type":"BreadcrumbList","@id":"https:\/\/www.jazzzeitung.de\/cms\/2016\/10\/julia-huelsmann-bekommt-swr-jazzpreis-25-10\/#breadcrumb","itemListElement":[{"@type":"ListItem","position":1,"name":"Startseite","item":"https:\/\/www.jazzzeitung.de\/cms\/"},{"@type":"ListItem","position":2,"name":"Julia H\u00fclsmann bekommt SWR Jazzpreis am 25.10."}]},{"@type":"WebSite","@id":"https:\/\/www.jazzzeitung.de\/cms\/#website","url":"https:\/\/www.jazzzeitung.de\/cms\/","name":"JazzZeitung","description":"Jazz-News und Jazz-Kontroverses","publisher":{"@id":"https:\/\/www.jazzzeitung.de\/cms\/#organization"},"potentialAction":[{"@type":"SearchAction","target":{"@type":"EntryPoint","urlTemplate":"https:\/\/www.jazzzeitung.de\/cms\/?s={search_term_string}"},"query-input":{"@type":"PropertyValueSpecification","valueRequired":true,"valueName":"search_term_string"}}],"inLanguage":"de"},{"@type":"Organization","@id":"https:\/\/www.jazzzeitung.de\/cms\/#organization","name":"JazzZeitung online","url":"https:\/\/www.jazzzeitung.de\/cms\/","logo":{"@type":"ImageObject","inLanguage":"de","@id":"https:\/\/www.jazzzeitung.de\/cms\/#\/schema\/logo\/image\/","url":"https:\/\/i0.wp.com\/www.jazzzeitung.de\/cms\/wp-content\/uploads\/2015\/08\/JAZZZEITUNGDE_Logo_Neu.png?fit=499%2C200&ssl=1","contentUrl":"https:\/\/i0.wp.com\/www.jazzzeitung.de\/cms\/wp-content\/uploads\/2015\/08\/JAZZZEITUNGDE_Logo_Neu.png?fit=499%2C200&ssl=1","width":499,"height":200,"caption":"JazzZeitung online"},"image":{"@id":"https:\/\/www.jazzzeitung.de\/cms\/#\/schema\/logo\/image\/"},"sameAs":["https:\/\/www.facebook.com\/JazzZeitung\/"]},{"@type":"Person","@id":"https:\/\/www.jazzzeitung.de\/cms\/#\/schema\/person\/2245b36b9cd1d24cea10f01c031fb92b","name":"Redaktion JazzZeitung","image":{"@type":"ImageObject","inLanguage":"de","@id":"https:\/\/i0.wp.com\/www.jazzzeitung.de\/cms\/wp-content\/uploads\/2015\/08\/JAZZZEITUNGDE_Logo_Neu.png?resize=96%2C96&ssl=159975dcacb611b5700bd619b5daf0a7a","url":"https:\/\/i0.wp.com\/www.jazzzeitung.de\/cms\/wp-content\/uploads\/2015\/08\/JAZZZEITUNGDE_Logo_Neu.png?resize=96%2C96&ssl=1","contentUrl":"https:\/\/i0.wp.com\/www.jazzzeitung.de\/cms\/wp-content\/uploads\/2015\/08\/JAZZZEITUNGDE_Logo_Neu.png?resize=96%2C96&ssl=1","caption":"Redaktion JazzZeitung"},"description":"Artikel der Redaktion der JazzZeitung.","sameAs":["http:\/\/www.jazzzeitung.de\/cms\/"],"url":"https:\/\/www.jazzzeitung.de\/cms\/author\/redaktion\/"}]}},"wp-worthy-pixel":{"ignored":false,"public":null,"server":null,"url":null},"wp-worthy-type":"normal","jetpack_publicize_connections":[],"cc_featured_image_caption":{"caption_text":"Julia H\u00fclsmann.","source_text":" Bild: SWR\/Volker Beushausen\/ECM Record\" (S2), SWR-Pressestelle\/Fotoredaktion, Baden-Baden.","source_url":""},"jetpack_featured_media_url":"https:\/\/i0.wp.com\/www.jazzzeitung.de\/cms\/wp-content\/uploads\/2016\/10\/2_SWR_Jazzpreis_2016-e1476363591685.jpg?fit=1650%2C2295&ssl=1","jetpack_shortlink":"https:\/\/wp.me\/p3KEcT-2HB","jetpack-related-posts":[{"id":8591,"url":"https:\/\/www.jazzzeitung.de\/cms\/2016\/03\/das-festival-jazz-city-salzburg-hat-eine-neue-intendantin\/","url_meta":{"origin":10391,"position":0},"title":"+++ News +++ Neue Intendantin des Festival Jazz &#038; The City Salzburg +++ Julia H\u00fclsmann gewinnt SWR-Jazzpreis +++ Der Flamenco erobert Ottobrunn +++ Wochenendkurse f\u00fcr Jazz-Violine +++","author":"Redaktion JazzZeitung","date":"3. M\u00e4rz 2016","format":false,"excerpt":"Das Festival Jazz & The City Salzburg hat eine neue Intendantin Das Jazz, World & Electronic Music Festival Jazz & The City Salzburg hat eine neue k\u00fcnstlerische Leiterin: Tina Heine aus Hamburg tritt die Nachfolge von Gerhard Eder an. Die Mitbegr\u00fcnderin des Elbjazz Festivals wird in diesem Jahr von 19.\u2026","rel":"","context":"In &quot;News&quot;","block_context":{"text":"News","link":"https:\/\/www.jazzzeitung.de\/cms\/thema\/nachrichten\/"},"img":{"alt_text":"Tina Heine, Intendantin, Jazz & the City Salzburg. (c)wildbild","src":"https:\/\/i0.wp.com\/www.jazzzeitung.de\/cms\/wp-content\/uploads\/2016\/03\/image8606-150x150.jpg?resize=350%2C200","width":350,"height":200},"classes":[]},{"id":19439,"url":"https:\/\/www.jazzzeitung.de\/cms\/2019\/05\/swr-jazzpreis-2019-geht-an-liz-kosack\/","url_meta":{"origin":10391,"position":1},"title":"SWR Jazzpreis 2019 geht an Liz Kosack","author":"Redaktion JazzZeitung","date":"10. Mai 2019","format":false,"excerpt":"Mainz\/Baden-Baden. Liz Kosack erh\u00e4lt den mit 15.000 Euro dotierten SWR Jazzpreis 2019 des S\u00fcdwestrundfunks und des Landes Rheinland-Pfalz. Die Keyboarderin aus Maine (USA) lebt seit 2013 in Berlin. Zu den Markenzeichen der Musikerin geh\u00f6ren individuell gestaltete Masken, ohne die sie nie auf die B\u00fchne geht. Die Auszeichnung wird am 7.\u2026","rel":"","context":"In &quot;News&quot;","block_context":{"text":"News","link":"https:\/\/www.jazzzeitung.de\/cms\/thema\/nachrichten\/"},"img":{"alt_text":"","src":"https:\/\/i0.wp.com\/www.jazzzeitung.de\/cms\/wp-content\/uploads\/2019\/05\/190509_Bild_SWR_Jazzpreis_2019_Liz_Kosack_c_SWR_KH_Krauskopf.jpg?fit=1200%2C792&ssl=1&resize=350%2C200","width":350,"height":200,"srcset":"https:\/\/i0.wp.com\/www.jazzzeitung.de\/cms\/wp-content\/uploads\/2019\/05\/190509_Bild_SWR_Jazzpreis_2019_Liz_Kosack_c_SWR_KH_Krauskopf.jpg?fit=1200%2C792&ssl=1&resize=350%2C200 1x, https:\/\/i0.wp.com\/www.jazzzeitung.de\/cms\/wp-content\/uploads\/2019\/05\/190509_Bild_SWR_Jazzpreis_2019_Liz_Kosack_c_SWR_KH_Krauskopf.jpg?fit=1200%2C792&ssl=1&resize=525%2C300 1.5x, https:\/\/i0.wp.com\/www.jazzzeitung.de\/cms\/wp-content\/uploads\/2019\/05\/190509_Bild_SWR_Jazzpreis_2019_Liz_Kosack_c_SWR_KH_Krauskopf.jpg?fit=1200%2C792&ssl=1&resize=700%2C400 2x, https:\/\/i0.wp.com\/www.jazzzeitung.de\/cms\/wp-content\/uploads\/2019\/05\/190509_Bild_SWR_Jazzpreis_2019_Liz_Kosack_c_SWR_KH_Krauskopf.jpg?fit=1200%2C792&ssl=1&resize=1050%2C600 3x"},"classes":[]},{"id":33799,"url":"https:\/\/www.jazzzeitung.de\/cms\/2026\/04\/olga-reznichenko-erhaelt-den-swr-jazzpreis-2026\/","url_meta":{"origin":10391,"position":2},"title":"Olga Reznichenko erh\u00e4lt den SWR Jazzpreis 2026","author":"Redaktion JazzZeitung","date":"10. April 2026","format":false,"excerpt":"Die in Leipzig und Berlin lebende Pianistin gestaltet extrem aktiv und extrem vielseitig den Sound des aktuellen Jazz in Deutschland mit, ob vom Fl\u00fcgel aus oder an den Tasten elektronischer Instrumente. Ihre Kompositionen sind aus feinen Ideen zu einem festen Netz gewoben, in das sich auch ihre Mitmusikerinnen und Mitmusiker\u2026","rel":"","context":"In &quot;News&quot;","block_context":{"text":"News","link":"https:\/\/www.jazzzeitung.de\/cms\/thema\/nachrichten\/"},"img":{"alt_text":"jazz_news. Motiv. Foto: Hufner","src":"https:\/\/i0.wp.com\/www.jazzzeitung.de\/cms\/wp-content\/uploads\/2017\/10\/jazz_news.jpg?fit=1200%2C873&ssl=1&resize=350%2C200","width":350,"height":200,"srcset":"https:\/\/i0.wp.com\/www.jazzzeitung.de\/cms\/wp-content\/uploads\/2017\/10\/jazz_news.jpg?fit=1200%2C873&ssl=1&resize=350%2C200 1x, https:\/\/i0.wp.com\/www.jazzzeitung.de\/cms\/wp-content\/uploads\/2017\/10\/jazz_news.jpg?fit=1200%2C873&ssl=1&resize=525%2C300 1.5x, https:\/\/i0.wp.com\/www.jazzzeitung.de\/cms\/wp-content\/uploads\/2017\/10\/jazz_news.jpg?fit=1200%2C873&ssl=1&resize=700%2C400 2x, https:\/\/i0.wp.com\/www.jazzzeitung.de\/cms\/wp-content\/uploads\/2017\/10\/jazz_news.jpg?fit=1200%2C873&ssl=1&resize=1050%2C600 3x"},"classes":[]},{"id":3982,"url":"https:\/\/www.jazzzeitung.de\/cms\/2014\/05\/bundesbegegnung-jugend-jazzt-mit-dem-skoda-jazzpreis-stuttgart\/","url_meta":{"origin":10391,"position":3},"title":"Bundesbegegnung Jugend jazzt mit dem \u0160KODA Jazzpreis in Stuttgart","author":"Andreas Kolb","date":"26. Mai 2014","format":false,"excerpt":"Am Donnerstag, den 29. Mai startet die Bundesbegegnung Jugend jazzt mit dem \u0160KODA Jazzpreis in Stuttgart. Das in der Tr\u00e4gerschaft des Deutschen Musikrats befindliche Projekt gibt j\u00e4hrlich den Siegern der vorausgegangenen Landeswettbewerbe die Chance, ihr K\u00f6nnen vor einer Jury und einem gr\u00f6\u00dferen Publikum zu pr\u00e4sentieren. Dieses Jahr stellen sich junge\u2026","rel":"","context":"In &quot;Blog&quot;","block_context":{"text":"Blog","link":"https:\/\/www.jazzzeitung.de\/cms\/thema\/blog\/"},"img":{"alt_text":"Jugend jazzt mit dem \u0160KODA Jazzpreis in Stuttgart ","src":"https:\/\/i0.wp.com\/www.jazzzeitung.de\/cms\/wp-content\/uploads\/2014\/05\/140523-Bundesbegegnung-Jugend-jazzt-bringt-Stuttgart-zum-Grooven-150x150.jpg?resize=350%2C200","width":350,"height":200},"classes":[]},{"id":11694,"url":"https:\/\/www.jazzzeitung.de\/cms\/2017\/02\/swr-jazzpreis-2017-fuer-christian-lillinger\/","url_meta":{"origin":10391,"position":4},"title":"SWR Jazzpreis 2017 f\u00fcr Christian Lillinger","author":"Redaktion JazzZeitung","date":"15. Februar 2017","format":false,"excerpt":"Christian Lillinger erh\u00e4lt den je zur H\u00e4lfte vom Land Rheinland-Pfalz und vom S\u00fcdwestrundfunk gestifteten SWR Jazzpreis 2017. Dem 1984 in L\u00fcbben geborenen Schlagzeuger wird die Auszeichnung im kommenden Herbst beim Internationalen Festival \u201eEnjoy Jazz\u201c in Ludwigshafen \u00fcberreicht. Ebenfalls nominiert f\u00fcr den SWR Jazzpreis waren der Pianist Simon Nabatov, die Cellistin\u2026","rel":"","context":"In &quot;News&quot;","block_context":{"text":"News","link":"https:\/\/www.jazzzeitung.de\/cms\/thema\/nachrichten\/"},"img":{"alt_text":"","src":"https:\/\/i0.wp.com\/www.jazzzeitung.de\/cms\/wp-content\/uploads\/2017\/02\/1_SWR_Jazzpreis_2017-Christian-Lillinger.jpg?resize=350%2C200","width":350,"height":200,"srcset":"https:\/\/i0.wp.com\/www.jazzzeitung.de\/cms\/wp-content\/uploads\/2017\/02\/1_SWR_Jazzpreis_2017-Christian-Lillinger.jpg?resize=350%2C200 1x, https:\/\/i0.wp.com\/www.jazzzeitung.de\/cms\/wp-content\/uploads\/2017\/02\/1_SWR_Jazzpreis_2017-Christian-Lillinger.jpg?resize=525%2C300 1.5x, https:\/\/i0.wp.com\/www.jazzzeitung.de\/cms\/wp-content\/uploads\/2017\/02\/1_SWR_Jazzpreis_2017-Christian-Lillinger.jpg?resize=700%2C400 2x, https:\/\/i0.wp.com\/www.jazzzeitung.de\/cms\/wp-content\/uploads\/2017\/02\/1_SWR_Jazzpreis_2017-Christian-Lillinger.jpg?resize=1050%2C600 3x, https:\/\/i0.wp.com\/www.jazzzeitung.de\/cms\/wp-content\/uploads\/2017\/02\/1_SWR_Jazzpreis_2017-Christian-Lillinger.jpg?resize=1400%2C800 4x"},"classes":[]},{"id":15685,"url":"https:\/\/www.jazzzeitung.de\/cms\/2018\/04\/wr-jazzpreis-2018-fuer-saxofonist-sebastian-gille-in-koeln-lebender-musiker-erhaelt-den-aeltesten-jazzpreis-deutschlands\/","url_meta":{"origin":10391,"position":5},"title":"SWR Jazzpreis 2018 f\u00fcr Saxofonist Sebastian Gille","author":"Redaktion JazzZeitung","date":"19. April 2018","format":false,"excerpt":"Der Saxofonist Sebastian Gille erh\u00e4lt den je zur H\u00e4lfte vom Land Rheinland-Pfalz und vom S\u00fcdwestrundfunk gestifteten SWR Jazzpreis 2018. Die Auszeichnung wird ihm am 15. Oktober 2018 beim Internationalen Festival \"Enjoy Jazz\" in Ludwigshafen \u00fcberreicht. Im Preistr\u00e4gerkonzert wird Sebastian Gille mit seinem Quartett (Elias Stemeseder, Klavier; Robert Landfermann, Kontrabass und\u2026","rel":"","context":"In &quot;Bericht&quot;","block_context":{"text":"Bericht","link":"https:\/\/www.jazzzeitung.de\/cms\/thema\/bericht\/"},"img":{"alt_text":"","src":"https:\/\/i0.wp.com\/www.jazzzeitung.de\/cms\/wp-content\/uploads\/2018\/04\/Gille_SWR_Jazzpreis_2018.jpg?fit=1200%2C792&ssl=1&resize=350%2C200","width":350,"height":200,"srcset":"https:\/\/i0.wp.com\/www.jazzzeitung.de\/cms\/wp-content\/uploads\/2018\/04\/Gille_SWR_Jazzpreis_2018.jpg?fit=1200%2C792&ssl=1&resize=350%2C200 1x, https:\/\/i0.wp.com\/www.jazzzeitung.de\/cms\/wp-content\/uploads\/2018\/04\/Gille_SWR_Jazzpreis_2018.jpg?fit=1200%2C792&ssl=1&resize=525%2C300 1.5x, https:\/\/i0.wp.com\/www.jazzzeitung.de\/cms\/wp-content\/uploads\/2018\/04\/Gille_SWR_Jazzpreis_2018.jpg?fit=1200%2C792&ssl=1&resize=700%2C400 2x, https:\/\/i0.wp.com\/www.jazzzeitung.de\/cms\/wp-content\/uploads\/2018\/04\/Gille_SWR_Jazzpreis_2018.jpg?fit=1200%2C792&ssl=1&resize=1050%2C600 3x"},"classes":[]}],"jetpack_sharing_enabled":true,"_links":{"self":[{"href":"https:\/\/www.jazzzeitung.de\/cms\/wp-json\/wp\/v2\/posts\/10391","targetHints":{"allow":["GET"]}}],"collection":[{"href":"https:\/\/www.jazzzeitung.de\/cms\/wp-json\/wp\/v2\/posts"}],"about":[{"href":"https:\/\/www.jazzzeitung.de\/cms\/wp-json\/wp\/v2\/types\/post"}],"author":[{"embeddable":true,"href":"https:\/\/www.jazzzeitung.de\/cms\/wp-json\/wp\/v2\/users\/18"}],"replies":[{"embeddable":true,"href":"https:\/\/www.jazzzeitung.de\/cms\/wp-json\/wp\/v2\/comments?post=10391"}],"version-history":[{"count":9,"href":"https:\/\/www.jazzzeitung.de\/cms\/wp-json\/wp\/v2\/posts\/10391\/revisions"}],"predecessor-version":[{"id":14348,"href":"https:\/\/www.jazzzeitung.de\/cms\/wp-json\/wp\/v2\/posts\/10391\/revisions\/14348"}],"wp:featuredmedia":[{"embeddable":true,"href":"https:\/\/www.jazzzeitung.de\/cms\/wp-json\/wp\/v2\/media\/10395"}],"wp:attachment":[{"href":"https:\/\/www.jazzzeitung.de\/cms\/wp-json\/wp\/v2\/media?parent=10391"}],"wp:term":[{"taxonomy":"category","embeddable":true,"href":"https:\/\/www.jazzzeitung.de\/cms\/wp-json\/wp\/v2\/categories?post=10391"},{"taxonomy":"post_tag","embeddable":true,"href":"https:\/\/www.jazzzeitung.de\/cms\/wp-json\/wp\/v2\/tags?post=10391"},{"taxonomy":"author","embeddable":true,"href":"https:\/\/www.jazzzeitung.de\/cms\/wp-json\/wp\/v2\/coauthors?post=10391"}],"curies":[{"name":"wp","href":"https:\/\/api.w.org\/{rel}","templated":true}]}}