{"id":10237,"date":"2016-10-05T10:29:58","date_gmt":"2016-10-05T08:29:58","guid":{"rendered":"http:\/\/www.jazzzeitung.de\/cms\/?p=10237"},"modified":"2016-10-05T10:29:58","modified_gmt":"2016-10-05T08:29:58","slug":"kartenverlosung-lag-festival-regensburg","status":"publish","type":"post","link":"https:\/\/www.jazzzeitung.de\/cms\/2016\/10\/kartenverlosung-lag-festival-regensburg\/","title":{"rendered":"Kartenverlosung Leo Betzl Trio Landesjazzfestival Regensburg"},"content":{"rendered":"<p><a href=\"https:\/\/i0.wp.com\/www.jazzzeitung.de\/cms\/wp-content\/uploads\/2016\/10\/LBT-2.jpg\"><img data-recalc-dims=\"1\" loading=\"lazy\" decoding=\"async\" data-attachment-id=\"10238\" data-permalink=\"https:\/\/www.jazzzeitung.de\/cms\/2016\/10\/kartenverlosung-lag-festival-regensburg\/lbt-2\/\" data-orig-file=\"https:\/\/i0.wp.com\/www.jazzzeitung.de\/cms\/wp-content\/uploads\/2016\/10\/LBT-2.jpg?fit=1280%2C853&amp;ssl=1\" data-orig-size=\"1280,853\" data-comments-opened=\"1\" data-image-meta=\"{&quot;aperture&quot;:&quot;0&quot;,&quot;credit&quot;:&quot;&quot;,&quot;camera&quot;:&quot;Canon EOS 5D Mark III&quot;,&quot;caption&quot;:&quot;&quot;,&quot;created_timestamp&quot;:&quot;1441209202&quot;,&quot;copyright&quot;:&quot;&quot;,&quot;focal_length&quot;:&quot;50&quot;,&quot;iso&quot;:&quot;2000&quot;,&quot;shutter_speed&quot;:&quot;0.025&quot;,&quot;title&quot;:&quot;&quot;,&quot;orientation&quot;:&quot;0&quot;}\" data-image-title=\"lbt-2\" data-image-description=\"\" data-image-caption=\"\" data-large-file=\"https:\/\/i0.wp.com\/www.jazzzeitung.de\/cms\/wp-content\/uploads\/2016\/10\/LBT-2.jpg?fit=840%2C560&amp;ssl=1\" class=\"alignright size-thumbnail wp-image-10238\" src=\"https:\/\/i0.wp.com\/www.jazzzeitung.de\/cms\/wp-content\/uploads\/2016\/10\/LBT-2-150x150.jpg?resize=150%2C150\" alt=\"lbt-2\" width=\"150\" height=\"150\" srcset=\"https:\/\/i0.wp.com\/www.jazzzeitung.de\/cms\/wp-content\/uploads\/2016\/10\/LBT-2.jpg?resize=150%2C150&amp;ssl=1 150w, https:\/\/i0.wp.com\/www.jazzzeitung.de\/cms\/wp-content\/uploads\/2016\/10\/LBT-2.jpg?resize=144%2C144&amp;ssl=1 144w, https:\/\/i0.wp.com\/www.jazzzeitung.de\/cms\/wp-content\/uploads\/2016\/10\/LBT-2.jpg?resize=96%2C96&amp;ssl=1 96w, https:\/\/i0.wp.com\/www.jazzzeitung.de\/cms\/wp-content\/uploads\/2016\/10\/LBT-2.jpg?resize=24%2C24&amp;ssl=1 24w, https:\/\/i0.wp.com\/www.jazzzeitung.de\/cms\/wp-content\/uploads\/2016\/10\/LBT-2.jpg?resize=36%2C36&amp;ssl=1 36w, https:\/\/i0.wp.com\/www.jazzzeitung.de\/cms\/wp-content\/uploads\/2016\/10\/LBT-2.jpg?resize=48%2C48&amp;ssl=1 48w, https:\/\/i0.wp.com\/www.jazzzeitung.de\/cms\/wp-content\/uploads\/2016\/10\/LBT-2.jpg?resize=64%2C64&amp;ssl=1 64w, https:\/\/i0.wp.com\/www.jazzzeitung.de\/cms\/wp-content\/uploads\/2016\/10\/LBT-2.jpg?resize=32%2C32&amp;ssl=1 32w, https:\/\/i0.wp.com\/www.jazzzeitung.de\/cms\/wp-content\/uploads\/2016\/10\/LBT-2.jpg?resize=50%2C50&amp;ssl=1 50w, https:\/\/i0.wp.com\/www.jazzzeitung.de\/cms\/wp-content\/uploads\/2016\/10\/LBT-2.jpg?resize=128%2C128&amp;ssl=1 128w, https:\/\/i0.wp.com\/www.jazzzeitung.de\/cms\/wp-content\/uploads\/2016\/10\/LBT-2.jpg?zoom=2&amp;resize=150%2C150&amp;ssl=1 300w, https:\/\/i0.wp.com\/www.jazzzeitung.de\/cms\/wp-content\/uploads\/2016\/10\/LBT-2.jpg?zoom=3&amp;resize=150%2C150&amp;ssl=1 450w\" sizes=\"auto, (max-width: 150px) 100vw, 150px\" \/><\/a>In Kooperation der LAG Jazz in Bayern e.V. und dem Jazzclub Regensburg e.V findet vom 21. bis 23. Oktober das 1. Bayrische Landesjazzfestival in Regensburg statt. Mit dem 1. Bayerischen Landesjazzfestival bekommt die kreative und vielf\u00e4ltige Jazzszene Bayerns im Herbst dieses Jahres erstmals eine eigene Plattform. Neben dem Bayerischen Jazzweekend, das seit 1981 der Amateur- und halbprofessionellen Szene als Forum dient, erf\u00e4hrt mit dem Landesjazzfestival der k\u00fcnstlerisch reiche, \u00f6ffentlich aber kaum gef\u00f6rderte Jazzsektor eine Unterst\u00fctzung, die in anderen Bundesl\u00e4ndern seit Jahren praktiziert wird. Es ist geplant, das Landesjazzfestival k\u00fcnftig im j\u00e4hrlichen Turnus jeweils in einer anderen bayerischen Stadt mit einem Jazzveranstalter vor Ort zu organisieren. Damit wird auch f\u00fcr die bayerische Jazzszene ein neues, landesweites Forum geschaffen. Mit dem Event werden neue Impulse gegeben, die die Grenzenlosigkeit der Weltmusik Jazz unterstreichen. Internationalit\u00e4t und Regionalit\u00e4t bedingen sich gegenseitig: Impulse von au\u00dfen werden von kreativen K\u00f6pfen hier aufgegriffen und weiterentwickelt und neue Impulse tragen dazu bei, dass Jazz aus Bayern auch au\u00dferhalb und international wahrgenommen wird<\/p>\n<p>In Kooperation mit dem Jazzclub Regensburg verlosen wir 2 mal 2 Karten f\u00fcr den Freitagabend, 21. Oktober! Auf dem Programm stehen das Leo Betzl Trio, das Landes-Jazzensemble und die anschlie\u00dfende Session. Bei Interesse senden Sie eine Mail bis sp\u00e4testens 16. Oktober 2016 an kolb@jazzzeitung.de. Im Betreff schreiben Sie bitte &#8222;Leo Betzl&#8220;.<\/p>\n<p>Weitere Infos auf <a href=\"http:\/\/lagjazzinbayern.eu\/bayerisches-landesjazzfestival\/\">lagjazzinbayern.eu\/bayerisches-landesjazzfestival\/<\/a><\/p>\n","protected":false},"excerpt":{"rendered":"<p>In Kooperation der LAG Jazz in Bayern e.V. und dem Jazzclub Regensburg e.V findet vom 21. bis 23. Oktober das 1. Bayrische Landesjazzfestival in Regensburg statt. Mit dem 1. Bayerischen Landesjazzfestival bekommt die kreative und vielf\u00e4ltige Jazzszene Bayerns im Herbst dieses Jahres erstmals eine eigene Plattform. Neben dem Bayerischen Jazzweekend, das seit 1981 der Amateur- und halbprofessionellen Szene als Forum dient, erf\u00e4hrt mit dem Landesjazzfestival der k\u00fcnstlerisch reiche, \u00f6ffentlich aber kaum gef\u00f6rderte Jazzsektor eine Unterst\u00fctzung, die in anderen Bundesl\u00e4ndern seit Jahren praktiziert wird. Es ist geplant, das Landesjazzfestival k\u00fcnftig im j\u00e4hrlichen Turnus jeweils in einer anderen bayerischen Stadt mit einem Jazzveranstalter vor Ort zu organisieren. Damit wird auch f\u00fcr die bayerische Jazzszene ein neues, landesweites Forum geschaffen. Mit dem Event werden neue Impulse gegeben, die die Grenzenlosigkeit der Weltmusik Jazz unterstreichen. Internationalit\u00e4t und Regionalit\u00e4t bedingen sich gegenseitig: Impulse von au\u00dfen werden von kreativen K\u00f6pfen hier aufgegriffen und weiterentwickelt und neue Impulse tragen dazu bei, dass Jazz aus Bayern auch au\u00dferhalb und international wahrgenommen wird In Kooperation mit dem Jazzclub Regensburg verlosen wir 2 mal 2 Karten f\u00fcr den Freitagabend, 21. Oktober! Auf dem Programm stehen &hellip;<\/p>\n","protected":false},"author":18,"featured_media":0,"comment_status":"open","ping_status":"closed","sticky":false,"template":"","format":"standard","meta":{"_jetpack_memberships_contains_paid_content":false,"footnotes":"","jetpack_publicize_message":"","jetpack_publicize_feature_enabled":true,"jetpack_social_post_already_shared":false,"jetpack_social_options":{"image_generator_settings":{"template":"highway","default_image_id":0,"font":"","enabled":false},"version":2}},"categories":[633],"tags":[3,258,271,737,291,294,340,773,1797],"coauthors":[695],"class_list":["post-10237","post","type-post","status-publish","format-standard","hentry","category-nachrichten","tag-festival","tag-jazz-in-bayern","tag-jazzclub","tag-jazzclub-regensburg","tag-jazzweekend","tag-jazzzeitung","tag-lag-jazz-in-bayern","tag-mail","tag-regensburg"],"yoast_head":"<!-- This site is optimized with the Yoast SEO plugin v27.5 - https:\/\/yoast.com\/product\/yoast-seo-wordpress\/ -->\n<title>Kartenverlosung Leo Betzl Trio Landesjazzfestival Regensburg - JazzZeitung<\/title>\n<meta name=\"robots\" content=\"index, follow, max-snippet:-1, max-image-preview:large, max-video-preview:-1\" \/>\n<link rel=\"canonical\" href=\"https:\/\/www.jazzzeitung.de\/cms\/2016\/10\/kartenverlosung-lag-festival-regensburg\/\" \/>\n<meta property=\"og:locale\" content=\"de_DE\" \/>\n<meta property=\"og:type\" content=\"article\" \/>\n<meta property=\"og:title\" content=\"Kartenverlosung Leo Betzl Trio Landesjazzfestival Regensburg - JazzZeitung\" \/>\n<meta property=\"og:description\" content=\"In Kooperation der LAG Jazz in Bayern e.V. und dem Jazzclub Regensburg e.V findet vom 21. bis 23. Oktober das 1. Bayrische Landesjazzfestival in Regensburg statt. Mit dem 1. Bayerischen Landesjazzfestival bekommt die kreative und vielf\u00e4ltige Jazzszene Bayerns im Herbst dieses Jahres erstmals eine eigene Plattform. Neben dem Bayerischen Jazzweekend, das seit 1981 der Amateur- und halbprofessionellen Szene als Forum dient, erf\u00e4hrt mit dem Landesjazzfestival der k\u00fcnstlerisch reiche, \u00f6ffentlich aber kaum gef\u00f6rderte Jazzsektor eine Unterst\u00fctzung, die in anderen Bundesl\u00e4ndern seit Jahren praktiziert wird. Es ist geplant, das Landesjazzfestival k\u00fcnftig im j\u00e4hrlichen Turnus jeweils in einer anderen bayerischen Stadt mit einem Jazzveranstalter vor Ort zu organisieren. Damit wird auch f\u00fcr die bayerische Jazzszene ein neues, landesweites Forum geschaffen. Mit dem Event werden neue Impulse gegeben, die die Grenzenlosigkeit der Weltmusik Jazz unterstreichen. Internationalit\u00e4t und Regionalit\u00e4t bedingen sich gegenseitig: Impulse von au\u00dfen werden von kreativen K\u00f6pfen hier aufgegriffen und weiterentwickelt und neue Impulse tragen dazu bei, dass Jazz aus Bayern auch au\u00dferhalb und international wahrgenommen wird In Kooperation mit dem Jazzclub Regensburg verlosen wir 2 mal 2 Karten f\u00fcr den Freitagabend, 21. Oktober! Auf dem Programm stehen &hellip;\" \/>\n<meta property=\"og:url\" content=\"https:\/\/www.jazzzeitung.de\/cms\/2016\/10\/kartenverlosung-lag-festival-regensburg\/\" \/>\n<meta property=\"og:site_name\" content=\"JazzZeitung\" \/>\n<meta property=\"article:publisher\" content=\"https:\/\/www.facebook.com\/JazzZeitung\/\" \/>\n<meta property=\"article:published_time\" content=\"2016-10-05T08:29:58+00:00\" \/>\n<meta property=\"og:image\" content=\"http:\/\/www.jazzzeitung.de\/cms\/wp-content\/uploads\/2016\/10\/LBT-2-150x150.jpg\" \/>\n<meta name=\"author\" content=\"Redaktion JazzZeitung\" \/>\n<script type=\"application\/ld+json\" class=\"yoast-schema-graph\">{\"@context\":\"https:\\\/\\\/schema.org\",\"@graph\":[{\"@type\":\"Article\",\"@id\":\"https:\\\/\\\/www.jazzzeitung.de\\\/cms\\\/2016\\\/10\\\/kartenverlosung-lag-festival-regensburg\\\/#article\",\"isPartOf\":{\"@id\":\"https:\\\/\\\/www.jazzzeitung.de\\\/cms\\\/2016\\\/10\\\/kartenverlosung-lag-festival-regensburg\\\/\"},\"author\":{\"name\":\"Redaktion JazzZeitung\",\"@id\":\"https:\\\/\\\/www.jazzzeitung.de\\\/cms\\\/#\\\/schema\\\/person\\\/2245b36b9cd1d24cea10f01c031fb92b\"},\"headline\":\"Kartenverlosung Leo Betzl Trio Landesjazzfestival Regensburg\",\"datePublished\":\"2016-10-05T08:29:58+00:00\",\"mainEntityOfPage\":{\"@id\":\"https:\\\/\\\/www.jazzzeitung.de\\\/cms\\\/2016\\\/10\\\/kartenverlosung-lag-festival-regensburg\\\/\"},\"wordCount\":238,\"commentCount\":0,\"publisher\":{\"@id\":\"https:\\\/\\\/www.jazzzeitung.de\\\/cms\\\/#organization\"},\"image\":{\"@id\":\"https:\\\/\\\/www.jazzzeitung.de\\\/cms\\\/2016\\\/10\\\/kartenverlosung-lag-festival-regensburg\\\/#primaryimage\"},\"thumbnailUrl\":\"http:\\\/\\\/www.jazzzeitung.de\\\/cms\\\/wp-content\\\/uploads\\\/2016\\\/10\\\/LBT-2-150x150.jpg\",\"keywords\":[\"Festival\",\"Jazz in Bayern\",\"Jazzclub\",\"Jazzclub Regensburg\",\"Jazzweekend\",\"Jazzzeitung\",\"LAG Jazz in Bayern\",\"mail\",\"Regensburg\"],\"articleSection\":[\"News\"],\"inLanguage\":\"de\",\"potentialAction\":[{\"@type\":\"CommentAction\",\"name\":\"Comment\",\"target\":[\"https:\\\/\\\/www.jazzzeitung.de\\\/cms\\\/2016\\\/10\\\/kartenverlosung-lag-festival-regensburg\\\/#respond\"]}]},{\"@type\":\"WebPage\",\"@id\":\"https:\\\/\\\/www.jazzzeitung.de\\\/cms\\\/2016\\\/10\\\/kartenverlosung-lag-festival-regensburg\\\/\",\"url\":\"https:\\\/\\\/www.jazzzeitung.de\\\/cms\\\/2016\\\/10\\\/kartenverlosung-lag-festival-regensburg\\\/\",\"name\":\"Kartenverlosung Leo Betzl Trio Landesjazzfestival Regensburg - JazzZeitung\",\"isPartOf\":{\"@id\":\"https:\\\/\\\/www.jazzzeitung.de\\\/cms\\\/#website\"},\"primaryImageOfPage\":{\"@id\":\"https:\\\/\\\/www.jazzzeitung.de\\\/cms\\\/2016\\\/10\\\/kartenverlosung-lag-festival-regensburg\\\/#primaryimage\"},\"image\":{\"@id\":\"https:\\\/\\\/www.jazzzeitung.de\\\/cms\\\/2016\\\/10\\\/kartenverlosung-lag-festival-regensburg\\\/#primaryimage\"},\"thumbnailUrl\":\"http:\\\/\\\/www.jazzzeitung.de\\\/cms\\\/wp-content\\\/uploads\\\/2016\\\/10\\\/LBT-2-150x150.jpg\",\"datePublished\":\"2016-10-05T08:29:58+00:00\",\"breadcrumb\":{\"@id\":\"https:\\\/\\\/www.jazzzeitung.de\\\/cms\\\/2016\\\/10\\\/kartenverlosung-lag-festival-regensburg\\\/#breadcrumb\"},\"inLanguage\":\"de\",\"potentialAction\":[{\"@type\":\"ReadAction\",\"target\":[\"https:\\\/\\\/www.jazzzeitung.de\\\/cms\\\/2016\\\/10\\\/kartenverlosung-lag-festival-regensburg\\\/\"]}]},{\"@type\":\"ImageObject\",\"inLanguage\":\"de\",\"@id\":\"https:\\\/\\\/www.jazzzeitung.de\\\/cms\\\/2016\\\/10\\\/kartenverlosung-lag-festival-regensburg\\\/#primaryimage\",\"url\":\"http:\\\/\\\/www.jazzzeitung.de\\\/cms\\\/wp-content\\\/uploads\\\/2016\\\/10\\\/LBT-2-150x150.jpg\",\"contentUrl\":\"http:\\\/\\\/www.jazzzeitung.de\\\/cms\\\/wp-content\\\/uploads\\\/2016\\\/10\\\/LBT-2-150x150.jpg\"},{\"@type\":\"BreadcrumbList\",\"@id\":\"https:\\\/\\\/www.jazzzeitung.de\\\/cms\\\/2016\\\/10\\\/kartenverlosung-lag-festival-regensburg\\\/#breadcrumb\",\"itemListElement\":[{\"@type\":\"ListItem\",\"position\":1,\"name\":\"Startseite\",\"item\":\"https:\\\/\\\/www.jazzzeitung.de\\\/cms\\\/\"},{\"@type\":\"ListItem\",\"position\":2,\"name\":\"Kartenverlosung Leo Betzl Trio Landesjazzfestival Regensburg\"}]},{\"@type\":\"WebSite\",\"@id\":\"https:\\\/\\\/www.jazzzeitung.de\\\/cms\\\/#website\",\"url\":\"https:\\\/\\\/www.jazzzeitung.de\\\/cms\\\/\",\"name\":\"JazzZeitung\",\"description\":\"Jazz-News und Jazz-Kontroverses\",\"publisher\":{\"@id\":\"https:\\\/\\\/www.jazzzeitung.de\\\/cms\\\/#organization\"},\"potentialAction\":[{\"@type\":\"SearchAction\",\"target\":{\"@type\":\"EntryPoint\",\"urlTemplate\":\"https:\\\/\\\/www.jazzzeitung.de\\\/cms\\\/?s={search_term_string}\"},\"query-input\":{\"@type\":\"PropertyValueSpecification\",\"valueRequired\":true,\"valueName\":\"search_term_string\"}}],\"inLanguage\":\"de\"},{\"@type\":\"Organization\",\"@id\":\"https:\\\/\\\/www.jazzzeitung.de\\\/cms\\\/#organization\",\"name\":\"JazzZeitung online\",\"url\":\"https:\\\/\\\/www.jazzzeitung.de\\\/cms\\\/\",\"logo\":{\"@type\":\"ImageObject\",\"inLanguage\":\"de\",\"@id\":\"https:\\\/\\\/www.jazzzeitung.de\\\/cms\\\/#\\\/schema\\\/logo\\\/image\\\/\",\"url\":\"https:\\\/\\\/i0.wp.com\\\/www.jazzzeitung.de\\\/cms\\\/wp-content\\\/uploads\\\/2015\\\/08\\\/JAZZZEITUNGDE_Logo_Neu.png?fit=499%2C200&ssl=1\",\"contentUrl\":\"https:\\\/\\\/i0.wp.com\\\/www.jazzzeitung.de\\\/cms\\\/wp-content\\\/uploads\\\/2015\\\/08\\\/JAZZZEITUNGDE_Logo_Neu.png?fit=499%2C200&ssl=1\",\"width\":499,\"height\":200,\"caption\":\"JazzZeitung online\"},\"image\":{\"@id\":\"https:\\\/\\\/www.jazzzeitung.de\\\/cms\\\/#\\\/schema\\\/logo\\\/image\\\/\"},\"sameAs\":[\"https:\\\/\\\/www.facebook.com\\\/JazzZeitung\\\/\"]},{\"@type\":\"Person\",\"@id\":\"https:\\\/\\\/www.jazzzeitung.de\\\/cms\\\/#\\\/schema\\\/person\\\/2245b36b9cd1d24cea10f01c031fb92b\",\"name\":\"Redaktion JazzZeitung\",\"image\":{\"@type\":\"ImageObject\",\"inLanguage\":\"de\",\"@id\":\"https:\\\/\\\/i0.wp.com\\\/www.jazzzeitung.de\\\/cms\\\/wp-content\\\/uploads\\\/2015\\\/08\\\/JAZZZEITUNGDE_Logo_Neu.png?resize=96%2C96&ssl=159975dcacb611b5700bd619b5daf0a7a\",\"url\":\"https:\\\/\\\/i0.wp.com\\\/www.jazzzeitung.de\\\/cms\\\/wp-content\\\/uploads\\\/2015\\\/08\\\/JAZZZEITUNGDE_Logo_Neu.png?resize=96%2C96&ssl=1\",\"contentUrl\":\"https:\\\/\\\/i0.wp.com\\\/www.jazzzeitung.de\\\/cms\\\/wp-content\\\/uploads\\\/2015\\\/08\\\/JAZZZEITUNGDE_Logo_Neu.png?resize=96%2C96&ssl=1\",\"caption\":\"Redaktion JazzZeitung\"},\"description\":\"Artikel der Redaktion der JazzZeitung.\",\"sameAs\":[\"http:\\\/\\\/www.jazzzeitung.de\\\/cms\\\/\"],\"url\":\"https:\\\/\\\/www.jazzzeitung.de\\\/cms\\\/author\\\/redaktion\\\/\"}]}<\/script>\n<!-- \/ Yoast SEO plugin. -->","yoast_head_json":{"title":"Kartenverlosung Leo Betzl Trio Landesjazzfestival Regensburg - JazzZeitung","robots":{"index":"index","follow":"follow","max-snippet":"max-snippet:-1","max-image-preview":"max-image-preview:large","max-video-preview":"max-video-preview:-1"},"canonical":"https:\/\/www.jazzzeitung.de\/cms\/2016\/10\/kartenverlosung-lag-festival-regensburg\/","og_locale":"de_DE","og_type":"article","og_title":"Kartenverlosung Leo Betzl Trio Landesjazzfestival Regensburg - JazzZeitung","og_description":"In Kooperation der LAG Jazz in Bayern e.V. und dem Jazzclub Regensburg e.V findet vom 21. bis 23. Oktober das 1. Bayrische Landesjazzfestival in Regensburg statt. Mit dem 1. Bayerischen Landesjazzfestival bekommt die kreative und vielf\u00e4ltige Jazzszene Bayerns im Herbst dieses Jahres erstmals eine eigene Plattform. Neben dem Bayerischen Jazzweekend, das seit 1981 der Amateur- und halbprofessionellen Szene als Forum dient, erf\u00e4hrt mit dem Landesjazzfestival der k\u00fcnstlerisch reiche, \u00f6ffentlich aber kaum gef\u00f6rderte Jazzsektor eine Unterst\u00fctzung, die in anderen Bundesl\u00e4ndern seit Jahren praktiziert wird. Es ist geplant, das Landesjazzfestival k\u00fcnftig im j\u00e4hrlichen Turnus jeweils in einer anderen bayerischen Stadt mit einem Jazzveranstalter vor Ort zu organisieren. Damit wird auch f\u00fcr die bayerische Jazzszene ein neues, landesweites Forum geschaffen. Mit dem Event werden neue Impulse gegeben, die die Grenzenlosigkeit der Weltmusik Jazz unterstreichen. Internationalit\u00e4t und Regionalit\u00e4t bedingen sich gegenseitig: Impulse von au\u00dfen werden von kreativen K\u00f6pfen hier aufgegriffen und weiterentwickelt und neue Impulse tragen dazu bei, dass Jazz aus Bayern auch au\u00dferhalb und international wahrgenommen wird In Kooperation mit dem Jazzclub Regensburg verlosen wir 2 mal 2 Karten f\u00fcr den Freitagabend, 21. Oktober! Auf dem Programm stehen &hellip;","og_url":"https:\/\/www.jazzzeitung.de\/cms\/2016\/10\/kartenverlosung-lag-festival-regensburg\/","og_site_name":"JazzZeitung","article_publisher":"https:\/\/www.facebook.com\/JazzZeitung\/","article_published_time":"2016-10-05T08:29:58+00:00","og_image":[{"url":"http:\/\/www.jazzzeitung.de\/cms\/wp-content\/uploads\/2016\/10\/LBT-2-150x150.jpg","type":"","width":"","height":""}],"author":"Redaktion JazzZeitung","schema":{"@context":"https:\/\/schema.org","@graph":[{"@type":"Article","@id":"https:\/\/www.jazzzeitung.de\/cms\/2016\/10\/kartenverlosung-lag-festival-regensburg\/#article","isPartOf":{"@id":"https:\/\/www.jazzzeitung.de\/cms\/2016\/10\/kartenverlosung-lag-festival-regensburg\/"},"author":{"name":"Redaktion JazzZeitung","@id":"https:\/\/www.jazzzeitung.de\/cms\/#\/schema\/person\/2245b36b9cd1d24cea10f01c031fb92b"},"headline":"Kartenverlosung Leo Betzl Trio Landesjazzfestival Regensburg","datePublished":"2016-10-05T08:29:58+00:00","mainEntityOfPage":{"@id":"https:\/\/www.jazzzeitung.de\/cms\/2016\/10\/kartenverlosung-lag-festival-regensburg\/"},"wordCount":238,"commentCount":0,"publisher":{"@id":"https:\/\/www.jazzzeitung.de\/cms\/#organization"},"image":{"@id":"https:\/\/www.jazzzeitung.de\/cms\/2016\/10\/kartenverlosung-lag-festival-regensburg\/#primaryimage"},"thumbnailUrl":"http:\/\/www.jazzzeitung.de\/cms\/wp-content\/uploads\/2016\/10\/LBT-2-150x150.jpg","keywords":["Festival","Jazz in Bayern","Jazzclub","Jazzclub Regensburg","Jazzweekend","Jazzzeitung","LAG Jazz in Bayern","mail","Regensburg"],"articleSection":["News"],"inLanguage":"de","potentialAction":[{"@type":"CommentAction","name":"Comment","target":["https:\/\/www.jazzzeitung.de\/cms\/2016\/10\/kartenverlosung-lag-festival-regensburg\/#respond"]}]},{"@type":"WebPage","@id":"https:\/\/www.jazzzeitung.de\/cms\/2016\/10\/kartenverlosung-lag-festival-regensburg\/","url":"https:\/\/www.jazzzeitung.de\/cms\/2016\/10\/kartenverlosung-lag-festival-regensburg\/","name":"Kartenverlosung Leo Betzl Trio Landesjazzfestival Regensburg - JazzZeitung","isPartOf":{"@id":"https:\/\/www.jazzzeitung.de\/cms\/#website"},"primaryImageOfPage":{"@id":"https:\/\/www.jazzzeitung.de\/cms\/2016\/10\/kartenverlosung-lag-festival-regensburg\/#primaryimage"},"image":{"@id":"https:\/\/www.jazzzeitung.de\/cms\/2016\/10\/kartenverlosung-lag-festival-regensburg\/#primaryimage"},"thumbnailUrl":"http:\/\/www.jazzzeitung.de\/cms\/wp-content\/uploads\/2016\/10\/LBT-2-150x150.jpg","datePublished":"2016-10-05T08:29:58+00:00","breadcrumb":{"@id":"https:\/\/www.jazzzeitung.de\/cms\/2016\/10\/kartenverlosung-lag-festival-regensburg\/#breadcrumb"},"inLanguage":"de","potentialAction":[{"@type":"ReadAction","target":["https:\/\/www.jazzzeitung.de\/cms\/2016\/10\/kartenverlosung-lag-festival-regensburg\/"]}]},{"@type":"ImageObject","inLanguage":"de","@id":"https:\/\/www.jazzzeitung.de\/cms\/2016\/10\/kartenverlosung-lag-festival-regensburg\/#primaryimage","url":"http:\/\/www.jazzzeitung.de\/cms\/wp-content\/uploads\/2016\/10\/LBT-2-150x150.jpg","contentUrl":"http:\/\/www.jazzzeitung.de\/cms\/wp-content\/uploads\/2016\/10\/LBT-2-150x150.jpg"},{"@type":"BreadcrumbList","@id":"https:\/\/www.jazzzeitung.de\/cms\/2016\/10\/kartenverlosung-lag-festival-regensburg\/#breadcrumb","itemListElement":[{"@type":"ListItem","position":1,"name":"Startseite","item":"https:\/\/www.jazzzeitung.de\/cms\/"},{"@type":"ListItem","position":2,"name":"Kartenverlosung Leo Betzl Trio Landesjazzfestival Regensburg"}]},{"@type":"WebSite","@id":"https:\/\/www.jazzzeitung.de\/cms\/#website","url":"https:\/\/www.jazzzeitung.de\/cms\/","name":"JazzZeitung","description":"Jazz-News und Jazz-Kontroverses","publisher":{"@id":"https:\/\/www.jazzzeitung.de\/cms\/#organization"},"potentialAction":[{"@type":"SearchAction","target":{"@type":"EntryPoint","urlTemplate":"https:\/\/www.jazzzeitung.de\/cms\/?s={search_term_string}"},"query-input":{"@type":"PropertyValueSpecification","valueRequired":true,"valueName":"search_term_string"}}],"inLanguage":"de"},{"@type":"Organization","@id":"https:\/\/www.jazzzeitung.de\/cms\/#organization","name":"JazzZeitung online","url":"https:\/\/www.jazzzeitung.de\/cms\/","logo":{"@type":"ImageObject","inLanguage":"de","@id":"https:\/\/www.jazzzeitung.de\/cms\/#\/schema\/logo\/image\/","url":"https:\/\/i0.wp.com\/www.jazzzeitung.de\/cms\/wp-content\/uploads\/2015\/08\/JAZZZEITUNGDE_Logo_Neu.png?fit=499%2C200&ssl=1","contentUrl":"https:\/\/i0.wp.com\/www.jazzzeitung.de\/cms\/wp-content\/uploads\/2015\/08\/JAZZZEITUNGDE_Logo_Neu.png?fit=499%2C200&ssl=1","width":499,"height":200,"caption":"JazzZeitung online"},"image":{"@id":"https:\/\/www.jazzzeitung.de\/cms\/#\/schema\/logo\/image\/"},"sameAs":["https:\/\/www.facebook.com\/JazzZeitung\/"]},{"@type":"Person","@id":"https:\/\/www.jazzzeitung.de\/cms\/#\/schema\/person\/2245b36b9cd1d24cea10f01c031fb92b","name":"Redaktion JazzZeitung","image":{"@type":"ImageObject","inLanguage":"de","@id":"https:\/\/i0.wp.com\/www.jazzzeitung.de\/cms\/wp-content\/uploads\/2015\/08\/JAZZZEITUNGDE_Logo_Neu.png?resize=96%2C96&ssl=159975dcacb611b5700bd619b5daf0a7a","url":"https:\/\/i0.wp.com\/www.jazzzeitung.de\/cms\/wp-content\/uploads\/2015\/08\/JAZZZEITUNGDE_Logo_Neu.png?resize=96%2C96&ssl=1","contentUrl":"https:\/\/i0.wp.com\/www.jazzzeitung.de\/cms\/wp-content\/uploads\/2015\/08\/JAZZZEITUNGDE_Logo_Neu.png?resize=96%2C96&ssl=1","caption":"Redaktion JazzZeitung"},"description":"Artikel der Redaktion der JazzZeitung.","sameAs":["http:\/\/www.jazzzeitung.de\/cms\/"],"url":"https:\/\/www.jazzzeitung.de\/cms\/author\/redaktion\/"}]}},"wp-worthy-pixel":{"ignored":false,"public":null,"server":null,"url":null},"wp-worthy-type":"normal","jetpack_publicize_connections":[],"cc_featured_image_caption":{"caption_text":false,"source_text":false,"source_url":false},"jetpack_featured_media_url":"","jetpack_shortlink":"https:\/\/wp.me\/p3KEcT-2F7","jetpack-related-posts":[{"id":9278,"url":"https:\/\/www.jazzzeitung.de\/cms\/2016\/05\/erstklassige-vertreter-der-bayerischen-jazzszene-treffen-auf-stars-des-amerikanischen-jazz-neuer-akzent-der-jazzfoerderung\/","url_meta":{"origin":10237,"position":0},"title":"Neuer Akzent in der Jazzf\u00f6rderung &#8211; Das Landesjazzfestival Bayern","author":"Redaktion JazzZeitung","date":"13. Mai 2016","format":"gallery","excerpt":"Vielversprechender Start f\u00fcr Landesjazzfestival Bayern Erstklassige Vertreter der bayerischen Jazzszene treffen auf Stars des amerikanischen Jazz - neuer Akzent in der Jazzf\u00f6rderung Mit dem 1. Bayerischen Landesjazzfestival bekommt die kreative und vielf\u00e4ltige Jazzszene Bayerns im Herbst dieses Jahres erstmals eine eigene Plattform. Neben dem Bayerischen Jazzweekend, das seit 1981 der\u2026","rel":"","context":"In &quot;Galerie&quot;","block_context":{"text":"Galerie","link":"https:\/\/www.jazzzeitung.de\/cms\/thema\/galerie\/"},"img":{"alt_text":"","src":"https:\/\/i0.wp.com\/www.jazzzeitung.de\/cms\/wp-content\/uploads\/2016\/05\/JohnScofieldOrganicTrio_031.jpg?resize=350%2C200","width":350,"height":200,"srcset":"https:\/\/i0.wp.com\/www.jazzzeitung.de\/cms\/wp-content\/uploads\/2016\/05\/JohnScofieldOrganicTrio_031.jpg?resize=350%2C200 1x, https:\/\/i0.wp.com\/www.jazzzeitung.de\/cms\/wp-content\/uploads\/2016\/05\/JohnScofieldOrganicTrio_031.jpg?resize=525%2C300 1.5x, https:\/\/i0.wp.com\/www.jazzzeitung.de\/cms\/wp-content\/uploads\/2016\/05\/JohnScofieldOrganicTrio_031.jpg?resize=700%2C400 2x, https:\/\/i0.wp.com\/www.jazzzeitung.de\/cms\/wp-content\/uploads\/2016\/05\/JohnScofieldOrganicTrio_031.jpg?resize=1050%2C600 3x, https:\/\/i0.wp.com\/www.jazzzeitung.de\/cms\/wp-content\/uploads\/2016\/05\/JohnScofieldOrganicTrio_031.jpg?resize=1400%2C800 4x"},"classes":[]},{"id":11700,"url":"https:\/\/www.jazzzeitung.de\/cms\/2017\/02\/2-landesjazzfestival-bayern-in-murnau\/","url_meta":{"origin":10237,"position":1},"title":"2. Landesjazzfestival Bayern in Murnau","author":"Redaktion JazzZeitung","date":"16. Februar 2017","format":false,"excerpt":"Nach der erfolgreichen Premiere in Regensburg im vergangenen Jahr findet das 2. Landesjazzfestival Bayern vom 23. bis 25. Juni in Murnau am Staffelsee statt. Im Mittelpunkt des j\u00e4hrlich seinen Standort wechselnden Festivals steht dabei die bayerische Jazzszene. Schwerpunkt der zweiten Festival-Ausgabe wird die Begegnung zwischen regionalen und international renommierten bayerischen\u2026","rel":"","context":"In &quot;Galerie&quot;","block_context":{"text":"Galerie","link":"https:\/\/www.jazzzeitung.de\/cms\/thema\/galerie\/"},"img":{"alt_text":"","src":"https:\/\/i0.wp.com\/www.jazzzeitung.de\/cms\/wp-content\/uploads\/2017\/02\/LAGFlorianOppenriederTri69AFF.jpg?resize=350%2C200","width":350,"height":200,"srcset":"https:\/\/i0.wp.com\/www.jazzzeitung.de\/cms\/wp-content\/uploads\/2017\/02\/LAGFlorianOppenriederTri69AFF.jpg?resize=350%2C200 1x, https:\/\/i0.wp.com\/www.jazzzeitung.de\/cms\/wp-content\/uploads\/2017\/02\/LAGFlorianOppenriederTri69AFF.jpg?resize=525%2C300 1.5x, https:\/\/i0.wp.com\/www.jazzzeitung.de\/cms\/wp-content\/uploads\/2017\/02\/LAGFlorianOppenriederTri69AFF.jpg?resize=700%2C400 2x, https:\/\/i0.wp.com\/www.jazzzeitung.de\/cms\/wp-content\/uploads\/2017\/02\/LAGFlorianOppenriederTri69AFF.jpg?resize=1050%2C600 3x, https:\/\/i0.wp.com\/www.jazzzeitung.de\/cms\/wp-content\/uploads\/2017\/02\/LAGFlorianOppenriederTri69AFF.jpg?resize=1400%2C800 4x"},"classes":[]},{"id":10569,"url":"https:\/\/www.jazzzeitung.de\/cms\/2016\/10\/erstes-bayrisches-landesjazzfestival-feiert-heute-seine-premiere\/","url_meta":{"origin":10237,"position":2},"title":"Erstes Bayrisches Landesjazzfestival feiert heute seine Premiere","author":"Redaktion JazzZeitung","date":"21. Oktober 2016","format":false,"excerpt":"Es ist soweit! Das erste Bayrische Landesjazzfestival in Regensburg wird heute mit einem Konzert des Leo Betzl Trios und des Landesjazzensembles er\u00f6ffnet. Bis zum Sonntag freuen sich die Besucher \u00fcber Konzerte von Lisa Wahlandt mit Band, dem Ron Carter Trio, Jazzk\u00e4ppi, Organ Explosion, Johannes Enders und vielen weiteren K\u00fcnstlern in\u2026","rel":"","context":"In &quot;News&quot;","block_context":{"text":"News","link":"https:\/\/www.jazzzeitung.de\/cms\/thema\/nachrichten\/"},"img":{"alt_text":"lag-festival","src":"https:\/\/i0.wp.com\/www.jazzzeitung.de\/cms\/wp-content\/uploads\/2016\/10\/LAG-festival.jpg?resize=350%2C200","width":350,"height":200,"srcset":"https:\/\/i0.wp.com\/www.jazzzeitung.de\/cms\/wp-content\/uploads\/2016\/10\/LAG-festival.jpg?resize=350%2C200 1x, https:\/\/i0.wp.com\/www.jazzzeitung.de\/cms\/wp-content\/uploads\/2016\/10\/LAG-festival.jpg?resize=525%2C300 1.5x, https:\/\/i0.wp.com\/www.jazzzeitung.de\/cms\/wp-content\/uploads\/2016\/10\/LAG-festival.jpg?resize=700%2C400 2x"},"classes":[]},{"id":10657,"url":"https:\/\/www.jazzzeitung.de\/cms\/2016\/10\/veteranentreff-mit-hipnessfaktor-beim-1-landesjazzfestival-bayern-in-regensburg\/","url_meta":{"origin":10237,"position":3},"title":"Veteranentreff mit Hipnessfaktor beim 1. Landesjazzfestival Bayern in Regensburg","author":"Redaktion JazzZeitung","date":"27. Oktober 2016","format":false,"excerpt":"Ein wahres Feuerwerk, um einmal die abgegriffene Metapher zu nutzen, hat der amerikanische Gitarrist John Scofield am letzten Abend des 1. Bayerischen Landes-Jazzfestivals in Regensburg abgebrannt. Im Velodrom, einem Baudenkmal, bestritt er im Quartett mit Larry Goldings (p, org), Altmeister Steve Swallow am E-Bass und Youngster Bill Stewart (dr) ein\u2026","rel":"","context":"In &quot;Bericht&quot;","block_context":{"text":"Bericht","link":"https:\/\/www.jazzzeitung.de\/cms\/thema\/bericht\/"},"img":{"alt_text":"","src":"https:\/\/i0.wp.com\/www.jazzzeitung.de\/cms\/wp-content\/uploads\/2016\/10\/Betzl-Trio_55.jpg?resize=350%2C200","width":350,"height":200,"srcset":"https:\/\/i0.wp.com\/www.jazzzeitung.de\/cms\/wp-content\/uploads\/2016\/10\/Betzl-Trio_55.jpg?resize=350%2C200 1x, https:\/\/i0.wp.com\/www.jazzzeitung.de\/cms\/wp-content\/uploads\/2016\/10\/Betzl-Trio_55.jpg?resize=525%2C300 1.5x, https:\/\/i0.wp.com\/www.jazzzeitung.de\/cms\/wp-content\/uploads\/2016\/10\/Betzl-Trio_55.jpg?resize=700%2C400 2x, https:\/\/i0.wp.com\/www.jazzzeitung.de\/cms\/wp-content\/uploads\/2016\/10\/Betzl-Trio_55.jpg?resize=1050%2C600 3x, https:\/\/i0.wp.com\/www.jazzzeitung.de\/cms\/wp-content\/uploads\/2016\/10\/Betzl-Trio_55.jpg?resize=1400%2C800 4x"},"classes":[]},{"id":11792,"url":"https:\/\/www.jazzzeitung.de\/cms\/2017\/02\/11792\/","url_meta":{"origin":10237,"position":4},"title":"Tizian Jost zum 2. LAG Jazzfestival in Murnau","author":"Redaktion JazzZeitung","date":"27. Februar 2017","format":false,"excerpt":"Nach der Premiere im vergangenen Jahr in Regensburg findet das Landesjazzfestival 2017 in Murnau am Staffelsee statt (23. bis 25. Juni). Im Mittelpunkt der Veranstaltung steht erneut die Begegnung von regionalen und international renommierten K\u00fcnstlern. Bei dem von der Landesarbeitsgemeinschaft Jazz in Bayern (LAG) gemeinsam mit dem Kulturverein Murnau ausgerichteten\u2026","rel":"","context":"In &quot;Bericht&quot;","block_context":{"text":"Bericht","link":"https:\/\/www.jazzzeitung.de\/cms\/thema\/bericht\/"},"img":{"alt_text":"","src":"https:\/\/i0.wp.com\/www.jazzzeitung.de\/cms\/wp-content\/uploads\/2017\/02\/Tizian-Jost_9649-150x150.jpg?resize=350%2C200","width":350,"height":200},"classes":[]},{"id":10017,"url":"https:\/\/www.jazzzeitung.de\/cms\/2016\/09\/news20-festival-frei-improvisierter-musik-horst-seehofer-wird-schirmherr-des-1-bayerische-landesjazzfestivalsjazz-session-im-rahmen-des-kulturherbst-oberstaufen\/","url_meta":{"origin":10237,"position":5},"title":"News+++Horst Seehofer wird Schirmherr des 1. Bayerischen Landesjazzfestivals+++20. Festival Frei Improvisierter Musik+++Jazz-Session im Rahmen des Kulturherbst Oberstaufen+++","author":"Redaktion JazzZeitung","date":"14. September 2016","format":false,"excerpt":"Ministerpr\u00e4sident Horst Seehofer \u00fcbernimmt die Schirmherrschaft f\u00fcr das 1. Bayerische Landesjazzfestival in Regensburg Mit der \u00dcbernahme der Schirmherrschaft f\u00fcr das 1. Bayerische Landesjazzfestival vom 21.10 \u2013 23.10.16 in Regensburg unterstreicht der bayerische Ministerpr\u00e4sident, wie hoch der Stellenwert des Jazz auch f\u00fcr die bayerische Staatsregierung ist. Denn neben dem Kulturfond Bayern\u2026","rel":"","context":"In &quot;News&quot;","block_context":{"text":"News","link":"https:\/\/www.jazzzeitung.de\/cms\/thema\/nachrichten\/"},"img":{"alt_text":"Ron Carter ist am 22.10.16 im Rahmen des 1. Landesjazzfestivals in Regensburg im Konzert zu erleben","src":"https:\/\/i0.wp.com\/www.jazzzeitung.de\/cms\/wp-content\/uploads\/2016\/09\/RonCarter1_300rgb-150x150.jpg?resize=350%2C200","width":350,"height":200},"classes":[]}],"jetpack_sharing_enabled":true,"_links":{"self":[{"href":"https:\/\/www.jazzzeitung.de\/cms\/wp-json\/wp\/v2\/posts\/10237","targetHints":{"allow":["GET"]}}],"collection":[{"href":"https:\/\/www.jazzzeitung.de\/cms\/wp-json\/wp\/v2\/posts"}],"about":[{"href":"https:\/\/www.jazzzeitung.de\/cms\/wp-json\/wp\/v2\/types\/post"}],"author":[{"embeddable":true,"href":"https:\/\/www.jazzzeitung.de\/cms\/wp-json\/wp\/v2\/users\/18"}],"replies":[{"embeddable":true,"href":"https:\/\/www.jazzzeitung.de\/cms\/wp-json\/wp\/v2\/comments?post=10237"}],"version-history":[{"count":4,"href":"https:\/\/www.jazzzeitung.de\/cms\/wp-json\/wp\/v2\/posts\/10237\/revisions"}],"predecessor-version":[{"id":10248,"href":"https:\/\/www.jazzzeitung.de\/cms\/wp-json\/wp\/v2\/posts\/10237\/revisions\/10248"}],"wp:attachment":[{"href":"https:\/\/www.jazzzeitung.de\/cms\/wp-json\/wp\/v2\/media?parent=10237"}],"wp:term":[{"taxonomy":"category","embeddable":true,"href":"https:\/\/www.jazzzeitung.de\/cms\/wp-json\/wp\/v2\/categories?post=10237"},{"taxonomy":"post_tag","embeddable":true,"href":"https:\/\/www.jazzzeitung.de\/cms\/wp-json\/wp\/v2\/tags?post=10237"},{"taxonomy":"author","embeddable":true,"href":"https:\/\/www.jazzzeitung.de\/cms\/wp-json\/wp\/v2\/coauthors?post=10237"}],"curies":[{"name":"wp","href":"https:\/\/api.w.org\/{rel}","templated":true}]}}