{"id":10101,"date":"2016-09-20T12:00:12","date_gmt":"2016-09-20T10:00:12","guid":{"rendered":"http:\/\/www.jazzzeitung.de\/cms\/?p=10101"},"modified":"2016-09-20T12:57:34","modified_gmt":"2016-09-20T10:57:34","slug":"steidle-und-broetzmann-im-einstein","status":"publish","type":"post","link":"https:\/\/www.jazzzeitung.de\/cms\/2016\/09\/steidle-und-broetzmann-im-einstein\/","title":{"rendered":"Steidle und Br\u00f6tzmann im Einstein"},"content":{"rendered":"<p>Das Konzert, das der Verein Offene Ohren e.V. im Einstein veranstaltete, war erwartungsgem\u00e4\u00df intensiv und frei, lediglich bei einem St\u00fcck spielte Peter Br\u00f6tzmann fast lyrische T\u00f6ne auf seiner Klarinette \u2013 das Zusammenspiel von Oliver Steidle und Peter Br\u00f6tzmann blieb von der ersten bis zur letzten Minute dynamisch und spannungsgeladen. Ein Konzert der feinen, besonderen Art! Ansonsten sind die Fotos von Ralf Dombrowski und TJ Krebs selbsterkl\u00e4rend und spiegeln die Atmosph\u00e4re des Abends wider.<\/p>\n<div class=\"tiled-gallery type-rectangular tiled-gallery-unresized\" data-original-width=\"840\" data-carousel-extra='{&quot;blog_id&quot;:1,&quot;permalink&quot;:&quot;https:\\\/\\\/www.jazzzeitung.de\\\/cms\\\/2016\\\/09\\\/steidle-und-broetzmann-im-einstein\\\/&quot;,&quot;likes_blog_id&quot;:55446655}' itemscope itemtype=\"http:\/\/schema.org\/ImageGallery\" > <div class=\"gallery-row\" style=\"width: 840px; height: 294px;\" data-original-width=\"840\" data-original-height=\"294\" > <div class=\"gallery-group images-1\" style=\"width: 198px; height: 294px;\" data-original-width=\"198\" data-original-height=\"294\" > <div class=\"tiled-gallery-item tiled-gallery-item-small\" itemprop=\"associatedMedia\" itemscope itemtype=\"http:\/\/schema.org\/ImageObject\"> <a href=\"https:\/\/www.jazzzeitung.de\/cms\/2016\/09\/steidle-und-broetzmann-im-einstein\/p1030551-broetzmann-foto-tj-krebs-2\/\" border=\"0\" itemprop=\"url\"> <meta itemprop=\"width\" content=\"194\"> <meta itemprop=\"height\" content=\"290\"> <img decoding=\"async\" class=\"\" data-attachment-id=\"10111\" data-orig-file=\"https:\/\/www.jazzzeitung.de\/cms\/wp-content\/uploads\/2016\/09\/P1030551-Br\u00f6tzmann-Foto-TJ-Krebs-1.jpg\" data-orig-size=\"800,1200\" data-comments-opened=\"1\" data-image-meta=\"{&quot;aperture&quot;:&quot;0&quot;,&quot;credit&quot;:&quot;&quot;,&quot;camera&quot;:&quot;&quot;,&quot;caption&quot;:&quot;&quot;,&quot;created_timestamp&quot;:&quot;0&quot;,&quot;copyright&quot;:&quot;&quot;,&quot;focal_length&quot;:&quot;0&quot;,&quot;iso&quot;:&quot;0&quot;,&quot;shutter_speed&quot;:&quot;0&quot;,&quot;title&quot;:&quot;&quot;,&quot;orientation&quot;:&quot;0&quot;}\" data-image-title=\"p1030551-broetzmann-foto-tj-krebs\" data-image-description=\"\" data-medium-file=\"https:\/\/i0.wp.com\/www.jazzzeitung.de\/cms\/wp-content\/uploads\/2016\/09\/P1030551-Br%C3%B6tzmann-Foto-TJ-Krebs-1.jpg?fit=200%2C300&#038;ssl=1\" data-large-file=\"https:\/\/i0.wp.com\/www.jazzzeitung.de\/cms\/wp-content\/uploads\/2016\/09\/P1030551-Br%C3%B6tzmann-Foto-TJ-Krebs-1.jpg?fit=400%2C600&#038;ssl=1\" src=\"https:\/\/i0.wp.com\/www.jazzzeitung.de\/cms\/wp-content\/uploads\/2016\/09\/P1030551-Br%C3%B6tzmann-Foto-TJ-Krebs-1.jpg?w=194&#038;h=290&#038;ssl=1\" width=\"194\" height=\"290\" loading=\"lazy\" data-original-width=\"194\" data-original-height=\"290\" itemprop=\"http:\/\/schema.org\/image\" title=\"p1030551-broetzmann-foto-tj-krebs\" alt=\"Br\u00f6tzmann, Foto TJ Krebs\" style=\"width: 194px; height: 290px;\" \/> <\/a> <div class=\"tiled-gallery-caption\" itemprop=\"caption description\"> Br\u00f6tzmann, Foto TJ Krebs <\/div> <\/div> <\/div> <!-- close group --> <div class=\"gallery-group images-1\" style=\"width: 445px; height: 294px;\" data-original-width=\"445\" data-original-height=\"294\" > <div class=\"tiled-gallery-item tiled-gallery-item-large\" itemprop=\"associatedMedia\" itemscope itemtype=\"http:\/\/schema.org\/ImageObject\"> <a href=\"https:\/\/www.jazzzeitung.de\/cms\/2016\/09\/steidle-und-broetzmann-im-einstein\/0k3a6909-brotz-steidle-dombr\/\" border=\"0\" itemprop=\"url\"> <meta itemprop=\"width\" content=\"441\"> <meta itemprop=\"height\" content=\"290\"> <img decoding=\"async\" class=\"\" data-attachment-id=\"10108\" data-orig-file=\"https:\/\/www.jazzzeitung.de\/cms\/wp-content\/uploads\/2016\/09\/0K3A6909-Bro\u0308tz-Steidle-dombr.jpg\" data-orig-size=\"1280,843\" data-comments-opened=\"1\" data-image-meta=\"{&quot;aperture&quot;:&quot;4&quot;,&quot;credit&quot;:&quot;&quot;,&quot;camera&quot;:&quot;Canon EOS 5D Mark III&quot;,&quot;caption&quot;:&quot;Peter Br\\u00f6tzmann (reeds), Oliver Steidle (dr), Einstein, M\\u00fcnchen, Foto Ralf Dombrowski&quot;,&quot;created_timestamp&quot;:&quot;1473889495&quot;,&quot;copyright&quot;:&quot;&quot;,&quot;focal_length&quot;:&quot;70&quot;,&quot;iso&quot;:&quot;2500&quot;,&quot;shutter_speed&quot;:&quot;0.0125&quot;,&quot;title&quot;:&quot;&quot;,&quot;orientation&quot;:&quot;1&quot;}\" data-image-title=\"0k3a6909-brotz-steidle-dombr\" data-image-description=\"\" data-medium-file=\"https:\/\/i0.wp.com\/www.jazzzeitung.de\/cms\/wp-content\/uploads\/2016\/09\/0K3A6909-Bro%CC%88tz-Steidle-dombr.jpg?fit=300%2C198&#038;ssl=1\" data-large-file=\"https:\/\/i0.wp.com\/www.jazzzeitung.de\/cms\/wp-content\/uploads\/2016\/09\/0K3A6909-Bro%CC%88tz-Steidle-dombr.jpg?fit=840%2C553&#038;ssl=1\" src=\"https:\/\/i0.wp.com\/www.jazzzeitung.de\/cms\/wp-content\/uploads\/2016\/09\/0K3A6909-Bro%CC%88tz-Steidle-dombr.jpg?w=441&#038;h=290&#038;ssl=1\" width=\"441\" height=\"290\" loading=\"lazy\" data-original-width=\"441\" data-original-height=\"290\" itemprop=\"http:\/\/schema.org\/image\" title=\"0k3a6909-brotz-steidle-dombr\" alt=\"Peter Br\u00f6tzmann (reeds), Oliver Steidle (dr), Einstein, M\u00fcnchen, Foto Ralf Dombrowski\" style=\"width: 441px; height: 290px;\" \/> <\/a> <div class=\"tiled-gallery-caption\" itemprop=\"caption description\"> Peter Br\u00f6tzmann (reeds), Oliver Steidle (dr), Einstein, M\u00fcnchen, Foto Ralf Dombrowski <\/div> <\/div> <\/div> <!-- close group --> <div class=\"gallery-group images-1\" style=\"width: 197px; height: 294px;\" data-original-width=\"197\" data-original-height=\"294\" > <div class=\"tiled-gallery-item tiled-gallery-item-small\" itemprop=\"associatedMedia\" itemscope itemtype=\"http:\/\/schema.org\/ImageObject\"> <a href=\"https:\/\/www.jazzzeitung.de\/cms\/2016\/09\/steidle-und-broetzmann-im-einstein\/p1030526-broetzmann-foto-tj-krebs-2\/\" border=\"0\" itemprop=\"url\"> <meta itemprop=\"width\" content=\"193\"> <meta itemprop=\"height\" content=\"290\"> <img decoding=\"async\" class=\"\" data-attachment-id=\"10110\" data-orig-file=\"https:\/\/www.jazzzeitung.de\/cms\/wp-content\/uploads\/2016\/09\/P1030526-Br\u00f6tzmann-Foto-TJ-Krebs-1.jpg\" data-orig-size=\"800,1200\" data-comments-opened=\"1\" data-image-meta=\"{&quot;aperture&quot;:&quot;0&quot;,&quot;credit&quot;:&quot;&quot;,&quot;camera&quot;:&quot;&quot;,&quot;caption&quot;:&quot;&quot;,&quot;created_timestamp&quot;:&quot;0&quot;,&quot;copyright&quot;:&quot;&quot;,&quot;focal_length&quot;:&quot;0&quot;,&quot;iso&quot;:&quot;0&quot;,&quot;shutter_speed&quot;:&quot;0&quot;,&quot;title&quot;:&quot;&quot;,&quot;orientation&quot;:&quot;0&quot;}\" data-image-title=\"p1030526-broetzmann-foto-tj-krebs\" data-image-description=\"\" data-medium-file=\"https:\/\/i0.wp.com\/www.jazzzeitung.de\/cms\/wp-content\/uploads\/2016\/09\/P1030526-Br%C3%B6tzmann-Foto-TJ-Krebs-1.jpg?fit=200%2C300&#038;ssl=1\" data-large-file=\"https:\/\/i0.wp.com\/www.jazzzeitung.de\/cms\/wp-content\/uploads\/2016\/09\/P1030526-Br%C3%B6tzmann-Foto-TJ-Krebs-1.jpg?fit=400%2C600&#038;ssl=1\" src=\"https:\/\/i0.wp.com\/www.jazzzeitung.de\/cms\/wp-content\/uploads\/2016\/09\/P1030526-Br%C3%B6tzmann-Foto-TJ-Krebs-1.jpg?w=193&#038;h=290&#038;ssl=1\" width=\"193\" height=\"290\" loading=\"lazy\" data-original-width=\"193\" data-original-height=\"290\" itemprop=\"http:\/\/schema.org\/image\" title=\"p1030526-broetzmann-foto-tj-krebs\" alt=\"Foto TJ Krebs\" style=\"width: 193px; height: 290px;\" \/> <\/a> <div class=\"tiled-gallery-caption\" itemprop=\"caption description\"> Foto TJ Krebs <\/div> <\/div> <\/div> <!-- close group --> <\/div> <!-- close row --> <div class=\"gallery-row\" style=\"width: 840px; height: 385px;\" data-original-width=\"840\" data-original-height=\"385\" > <div class=\"gallery-group images-1\" style=\"width: 582px; height: 385px;\" data-original-width=\"582\" data-original-height=\"385\" > <div class=\"tiled-gallery-item tiled-gallery-item-large\" itemprop=\"associatedMedia\" itemscope itemtype=\"http:\/\/schema.org\/ImageObject\"> <a href=\"https:\/\/www.jazzzeitung.de\/cms\/2016\/09\/steidle-und-broetzmann-im-einstein\/0k3a6637-steidle-dombr\/\" border=\"0\" itemprop=\"url\"> <meta itemprop=\"width\" content=\"578\"> <meta itemprop=\"height\" content=\"381\"> <img decoding=\"async\" class=\"\" data-attachment-id=\"10103\" data-orig-file=\"https:\/\/www.jazzzeitung.de\/cms\/wp-content\/uploads\/2016\/09\/0K3A6637-Steidle-dombr.jpg\" data-orig-size=\"1280,843\" data-comments-opened=\"1\" data-image-meta=\"{&quot;aperture&quot;:&quot;4&quot;,&quot;credit&quot;:&quot;&quot;,&quot;camera&quot;:&quot;Canon EOS 5D Mark III&quot;,&quot;caption&quot;:&quot;Peter Br\\u00f6tzmann (reeds), Oliver Steidle (dr), Einstein, M\\u00fcnchen, Foto Ralf Dombrowski&quot;,&quot;created_timestamp&quot;:&quot;1473885321&quot;,&quot;copyright&quot;:&quot;&quot;,&quot;focal_length&quot;:&quot;70&quot;,&quot;iso&quot;:&quot;1250&quot;,&quot;shutter_speed&quot;:&quot;0.033333333333333&quot;,&quot;title&quot;:&quot;&quot;,&quot;orientation&quot;:&quot;0&quot;}\" data-image-title=\"0k3a6637-steidle-dombr\" data-image-description=\"\" data-medium-file=\"https:\/\/i0.wp.com\/www.jazzzeitung.de\/cms\/wp-content\/uploads\/2016\/09\/0K3A6637-Steidle-dombr.jpg?fit=300%2C198&#038;ssl=1\" data-large-file=\"https:\/\/i0.wp.com\/www.jazzzeitung.de\/cms\/wp-content\/uploads\/2016\/09\/0K3A6637-Steidle-dombr.jpg?fit=840%2C553&#038;ssl=1\" src=\"https:\/\/i0.wp.com\/www.jazzzeitung.de\/cms\/wp-content\/uploads\/2016\/09\/0K3A6637-Steidle-dombr.jpg?w=578&#038;h=381&#038;ssl=1\" srcset=\"https:\/\/i0.wp.com\/www.jazzzeitung.de\/cms\/wp-content\/uploads\/2016\/09\/0K3A6637-Steidle-dombr.jpg?w=1280&amp;ssl=1 1280w, https:\/\/i0.wp.com\/www.jazzzeitung.de\/cms\/wp-content\/uploads\/2016\/09\/0K3A6637-Steidle-dombr.jpg?resize=300%2C198&amp;ssl=1 300w, https:\/\/i0.wp.com\/www.jazzzeitung.de\/cms\/wp-content\/uploads\/2016\/09\/0K3A6637-Steidle-dombr.jpg?resize=768%2C506&amp;ssl=1 768w, https:\/\/i0.wp.com\/www.jazzzeitung.de\/cms\/wp-content\/uploads\/2016\/09\/0K3A6637-Steidle-dombr.jpg?resize=900%2C593&amp;ssl=1 900w\" width=\"578\" height=\"381\" loading=\"lazy\" data-original-width=\"578\" data-original-height=\"381\" itemprop=\"http:\/\/schema.org\/image\" title=\"0k3a6637-steidle-dombr\" alt=\"Oliver Steidle (dr), Foto Ralf Dombrowski\" style=\"width: 578px; height: 381px;\" \/> <\/a> <div class=\"tiled-gallery-caption\" itemprop=\"caption description\"> Oliver Steidle (dr), Foto Ralf Dombrowski <\/div> <\/div> <\/div> <!-- close group --> <div class=\"gallery-group images-1\" style=\"width: 258px; height: 385px;\" data-original-width=\"258\" data-original-height=\"385\" > <div class=\"tiled-gallery-item tiled-gallery-item-large\" itemprop=\"associatedMedia\" itemscope itemtype=\"http:\/\/schema.org\/ImageObject\"> <a href=\"https:\/\/www.jazzzeitung.de\/cms\/2016\/09\/steidle-und-broetzmann-im-einstein\/p1160871-broetzmann-hand-foto-tj-krebs-2\/\" border=\"0\" itemprop=\"url\"> <meta itemprop=\"width\" content=\"254\"> <meta itemprop=\"height\" content=\"381\"> <img decoding=\"async\" class=\"\" data-attachment-id=\"10112\" data-orig-file=\"https:\/\/www.jazzzeitung.de\/cms\/wp-content\/uploads\/2016\/09\/P1160871-Br\u00f6tzmann-Hand-Foto-TJ-Krebs-1.jpg\" data-orig-size=\"800,1200\" data-comments-opened=\"1\" data-image-meta=\"{&quot;aperture&quot;:&quot;0&quot;,&quot;credit&quot;:&quot;&quot;,&quot;camera&quot;:&quot;&quot;,&quot;caption&quot;:&quot;&quot;,&quot;created_timestamp&quot;:&quot;0&quot;,&quot;copyright&quot;:&quot;&quot;,&quot;focal_length&quot;:&quot;0&quot;,&quot;iso&quot;:&quot;0&quot;,&quot;shutter_speed&quot;:&quot;0&quot;,&quot;title&quot;:&quot;&quot;,&quot;orientation&quot;:&quot;0&quot;}\" data-image-title=\"p1160871-broetzmann-hand-foto-tj-krebs\" data-image-description=\"\" data-medium-file=\"https:\/\/i0.wp.com\/www.jazzzeitung.de\/cms\/wp-content\/uploads\/2016\/09\/P1160871-Br%C3%B6tzmann-Hand-Foto-TJ-Krebs-1.jpg?fit=200%2C300&#038;ssl=1\" data-large-file=\"https:\/\/i0.wp.com\/www.jazzzeitung.de\/cms\/wp-content\/uploads\/2016\/09\/P1160871-Br%C3%B6tzmann-Hand-Foto-TJ-Krebs-1.jpg?fit=400%2C600&#038;ssl=1\" src=\"https:\/\/i0.wp.com\/www.jazzzeitung.de\/cms\/wp-content\/uploads\/2016\/09\/P1160871-Br%C3%B6tzmann-Hand-Foto-TJ-Krebs-1.jpg?w=254&#038;h=381&#038;ssl=1\" width=\"254\" height=\"381\" loading=\"lazy\" data-original-width=\"254\" data-original-height=\"381\" itemprop=\"http:\/\/schema.org\/image\" title=\"p1160871-broetzmann-hand-foto-tj-krebs\" alt=\"Foto TJ Krebs\" style=\"width: 254px; height: 381px;\" \/> <\/a> <div class=\"tiled-gallery-caption\" itemprop=\"caption description\"> Foto TJ Krebs <\/div> <\/div> <\/div> <!-- close group --> <\/div> <!-- close row --> <div class=\"gallery-row\" style=\"width: 840px; height: 375px;\" data-original-width=\"840\" data-original-height=\"375\" > <div class=\"gallery-group images-1\" style=\"width: 561px; height: 375px;\" data-original-width=\"561\" data-original-height=\"375\" > <div class=\"tiled-gallery-item tiled-gallery-item-large\" itemprop=\"associatedMedia\" itemscope itemtype=\"http:\/\/schema.org\/ImageObject\"> <a href=\"https:\/\/www.jazzzeitung.de\/cms\/2016\/09\/steidle-und-broetzmann-im-einstein\/0k3a6721-brotz-steidle-dombr\/\" border=\"0\" itemprop=\"url\"> <meta itemprop=\"width\" content=\"557\"> <meta itemprop=\"height\" content=\"371\"> <img decoding=\"async\" class=\"\" data-attachment-id=\"10107\" data-orig-file=\"https:\/\/www.jazzzeitung.de\/cms\/wp-content\/uploads\/2016\/09\/0K3A6721-Bro\u0308tz-Steidle-dombr.jpg\" data-orig-size=\"1280,853\" data-comments-opened=\"1\" data-image-meta=\"{&quot;aperture&quot;:&quot;4&quot;,&quot;credit&quot;:&quot;&quot;,&quot;camera&quot;:&quot;Canon EOS 5D Mark III&quot;,&quot;caption&quot;:&quot;Peter Br\\u00f6tzmann (reeds), Oliver Steidle (dr), Einstein, M\\u00fcnchen, Foto Ralf Dombrowski&quot;,&quot;created_timestamp&quot;:&quot;1473885987&quot;,&quot;copyright&quot;:&quot;&quot;,&quot;focal_length&quot;:&quot;70&quot;,&quot;iso&quot;:&quot;8000&quot;,&quot;shutter_speed&quot;:&quot;0.008&quot;,&quot;title&quot;:&quot;&quot;,&quot;orientation&quot;:&quot;1&quot;}\" data-image-title=\"0k3a6721-brotz-steidle-dombr\" data-image-description=\"\" data-medium-file=\"https:\/\/i0.wp.com\/www.jazzzeitung.de\/cms\/wp-content\/uploads\/2016\/09\/0K3A6721-Bro%CC%88tz-Steidle-dombr.jpg?fit=300%2C200&#038;ssl=1\" data-large-file=\"https:\/\/i0.wp.com\/www.jazzzeitung.de\/cms\/wp-content\/uploads\/2016\/09\/0K3A6721-Bro%CC%88tz-Steidle-dombr.jpg?fit=840%2C560&#038;ssl=1\" src=\"https:\/\/i0.wp.com\/www.jazzzeitung.de\/cms\/wp-content\/uploads\/2016\/09\/0K3A6721-Bro%CC%88tz-Steidle-dombr.jpg?w=557&#038;h=371&#038;ssl=1\" width=\"557\" height=\"371\" loading=\"lazy\" data-original-width=\"557\" data-original-height=\"371\" itemprop=\"http:\/\/schema.org\/image\" title=\"0k3a6721-brotz-steidle-dombr\" alt=\"Foto Ralf Dombrowski\" style=\"width: 557px; height: 371px;\" \/> <\/a> <div class=\"tiled-gallery-caption\" itemprop=\"caption description\"> Foto Ralf Dombrowski <\/div> <\/div> <\/div> <!-- close group --> <div class=\"gallery-group images-2\" style=\"width: 279px; height: 375px;\" data-original-width=\"279\" data-original-height=\"375\" > <div class=\"tiled-gallery-item tiled-gallery-item-large\" itemprop=\"associatedMedia\" itemscope itemtype=\"http:\/\/schema.org\/ImageObject\"> <a href=\"https:\/\/www.jazzzeitung.de\/cms\/2016\/09\/steidle-und-broetzmann-im-einstein\/0k3a6685-brotz-dombr\/\" border=\"0\" itemprop=\"url\"> <meta itemprop=\"width\" content=\"275\"> <meta itemprop=\"height\" content=\"184\"> <img decoding=\"async\" class=\"\" data-attachment-id=\"10105\" data-orig-file=\"https:\/\/www.jazzzeitung.de\/cms\/wp-content\/uploads\/2016\/09\/0K3A6685-Bro\u0308tz-dombr.jpg\" data-orig-size=\"1280,853\" data-comments-opened=\"1\" data-image-meta=\"{&quot;aperture&quot;:&quot;4&quot;,&quot;credit&quot;:&quot;&quot;,&quot;camera&quot;:&quot;Canon EOS 5D Mark III&quot;,&quot;caption&quot;:&quot;&quot;,&quot;created_timestamp&quot;:&quot;1473885787&quot;,&quot;copyright&quot;:&quot;&quot;,&quot;focal_length&quot;:&quot;109&quot;,&quot;iso&quot;:&quot;12800&quot;,&quot;shutter_speed&quot;:&quot;0.025&quot;,&quot;title&quot;:&quot;&quot;,&quot;orientation&quot;:&quot;0&quot;}\" data-image-title=\"0k3a6685-brotz-dombr\" data-image-description=\"\" data-medium-file=\"https:\/\/i0.wp.com\/www.jazzzeitung.de\/cms\/wp-content\/uploads\/2016\/09\/0K3A6685-Bro%CC%88tz-dombr.jpg?fit=300%2C200&#038;ssl=1\" data-large-file=\"https:\/\/i0.wp.com\/www.jazzzeitung.de\/cms\/wp-content\/uploads\/2016\/09\/0K3A6685-Bro%CC%88tz-dombr.jpg?fit=840%2C560&#038;ssl=1\" src=\"https:\/\/i0.wp.com\/www.jazzzeitung.de\/cms\/wp-content\/uploads\/2016\/09\/0K3A6685-Bro%CC%88tz-dombr.jpg?w=275&#038;h=184&#038;ssl=1\" width=\"275\" height=\"184\" loading=\"lazy\" data-original-width=\"275\" data-original-height=\"184\" itemprop=\"http:\/\/schema.org\/image\" title=\"0k3a6685-brotz-dombr\" alt=\"Foto: Ralf Dombrowski\" style=\"width: 275px; height: 184px;\" \/> <\/a> <div class=\"tiled-gallery-caption\" itemprop=\"caption description\"> Foto: Ralf Dombrowski <\/div> <\/div> <div class=\"tiled-gallery-item tiled-gallery-item-large\" itemprop=\"associatedMedia\" itemscope itemtype=\"http:\/\/schema.org\/ImageObject\"> <a href=\"https:\/\/www.jazzzeitung.de\/cms\/2016\/09\/steidle-und-broetzmann-im-einstein\/brotz-dombr\/\" border=\"0\" itemprop=\"url\"> <meta itemprop=\"width\" content=\"275\"> <meta itemprop=\"height\" content=\"183\"> <img decoding=\"async\" class=\"\" data-attachment-id=\"10102\" data-orig-file=\"https:\/\/www.jazzzeitung.de\/cms\/wp-content\/uploads\/2016\/09\/Bro\u0308tz-dombr.jpg\" data-orig-size=\"1600,1066\" data-comments-opened=\"1\" data-image-meta=\"{&quot;aperture&quot;:&quot;0&quot;,&quot;credit&quot;:&quot;&quot;,&quot;camera&quot;:&quot;&quot;,&quot;caption&quot;:&quot;&quot;,&quot;created_timestamp&quot;:&quot;0&quot;,&quot;copyright&quot;:&quot;&quot;,&quot;focal_length&quot;:&quot;0&quot;,&quot;iso&quot;:&quot;0&quot;,&quot;shutter_speed&quot;:&quot;0&quot;,&quot;title&quot;:&quot;&quot;,&quot;orientation&quot;:&quot;0&quot;}\" data-image-title=\"brotz-dombr\" data-image-description=\"\" data-medium-file=\"https:\/\/i0.wp.com\/www.jazzzeitung.de\/cms\/wp-content\/uploads\/2016\/09\/Bro%CC%88tz-dombr.jpg?fit=300%2C200&#038;ssl=1\" data-large-file=\"https:\/\/i0.wp.com\/www.jazzzeitung.de\/cms\/wp-content\/uploads\/2016\/09\/Bro%CC%88tz-dombr.jpg?fit=840%2C560&#038;ssl=1\" src=\"https:\/\/i0.wp.com\/www.jazzzeitung.de\/cms\/wp-content\/uploads\/2016\/09\/Bro%CC%88tz-dombr.jpg?w=275&#038;h=183&#038;ssl=1\" width=\"275\" height=\"183\" loading=\"lazy\" data-original-width=\"275\" data-original-height=\"183\" itemprop=\"http:\/\/schema.org\/image\" title=\"brotz-dombr\" alt=\"Instrumente Br\u00f6tzmann, Foto TJ Krebs\" style=\"width: 275px; height: 183px;\" \/> <\/a> <div class=\"tiled-gallery-caption\" itemprop=\"caption description\"> Instrumente Br\u00f6tzmann, Foto TJ Krebs <\/div> <\/div> <\/div> <!-- close group --> <\/div> <!-- close row --> <div class=\"gallery-row\" style=\"width: 840px; height: 379px;\" data-original-width=\"840\" data-original-height=\"379\" > <div class=\"gallery-group images-2\" style=\"width: 282px; height: 379px;\" data-original-width=\"282\" data-original-height=\"379\" > <div class=\"tiled-gallery-item tiled-gallery-item-large\" itemprop=\"associatedMedia\" itemscope itemtype=\"http:\/\/schema.org\/ImageObject\"> <a href=\"https:\/\/www.jazzzeitung.de\/cms\/2016\/09\/steidle-und-broetzmann-im-einstein\/p1030371-equipment-steidle-foto-tj-krebs-2\/\" border=\"0\" itemprop=\"url\"> <meta itemprop=\"width\" content=\"278\"> <meta itemprop=\"height\" content=\"185\"> <img decoding=\"async\" class=\"\" data-attachment-id=\"10109\" data-orig-file=\"https:\/\/www.jazzzeitung.de\/cms\/wp-content\/uploads\/2016\/09\/P1030371-Equipment-Steidle-Foto-TJ-Krebs-1.jpg\" data-orig-size=\"1600,1066\" data-comments-opened=\"1\" data-image-meta=\"{&quot;aperture&quot;:&quot;0&quot;,&quot;credit&quot;:&quot;&quot;,&quot;camera&quot;:&quot;&quot;,&quot;caption&quot;:&quot;&quot;,&quot;created_timestamp&quot;:&quot;0&quot;,&quot;copyright&quot;:&quot;&quot;,&quot;focal_length&quot;:&quot;0&quot;,&quot;iso&quot;:&quot;0&quot;,&quot;shutter_speed&quot;:&quot;0&quot;,&quot;title&quot;:&quot;&quot;,&quot;orientation&quot;:&quot;0&quot;}\" data-image-title=\"p1030371-equipment-steidle-foto-tj-krebs\" data-image-description=\"\" data-medium-file=\"https:\/\/i0.wp.com\/www.jazzzeitung.de\/cms\/wp-content\/uploads\/2016\/09\/P1030371-Equipment-Steidle-Foto-TJ-Krebs-1.jpg?fit=300%2C200&#038;ssl=1\" data-large-file=\"https:\/\/i0.wp.com\/www.jazzzeitung.de\/cms\/wp-content\/uploads\/2016\/09\/P1030371-Equipment-Steidle-Foto-TJ-Krebs-1.jpg?fit=840%2C560&#038;ssl=1\" src=\"https:\/\/i0.wp.com\/www.jazzzeitung.de\/cms\/wp-content\/uploads\/2016\/09\/P1030371-Equipment-Steidle-Foto-TJ-Krebs-1.jpg?w=278&#038;h=185&#038;ssl=1\" srcset=\"https:\/\/i0.wp.com\/www.jazzzeitung.de\/cms\/wp-content\/uploads\/2016\/09\/P1030371-Equipment-Steidle-Foto-TJ-Krebs-1.jpg?w=1600&amp;ssl=1 1600w, https:\/\/i0.wp.com\/www.jazzzeitung.de\/cms\/wp-content\/uploads\/2016\/09\/P1030371-Equipment-Steidle-Foto-TJ-Krebs-1.jpg?resize=300%2C200&amp;ssl=1 300w, https:\/\/i0.wp.com\/www.jazzzeitung.de\/cms\/wp-content\/uploads\/2016\/09\/P1030371-Equipment-Steidle-Foto-TJ-Krebs-1.jpg?resize=768%2C512&amp;ssl=1 768w, https:\/\/i0.wp.com\/www.jazzzeitung.de\/cms\/wp-content\/uploads\/2016\/09\/P1030371-Equipment-Steidle-Foto-TJ-Krebs-1.jpg?resize=900%2C600&amp;ssl=1 900w\" width=\"278\" height=\"185\" loading=\"lazy\" data-original-width=\"278\" data-original-height=\"185\" itemprop=\"http:\/\/schema.org\/image\" title=\"p1030371-equipment-steidle-foto-tj-krebs\" alt=\"Equipment Steidle, Foto TJ Krebs\" style=\"width: 278px; height: 185px;\" \/> <\/a> <div class=\"tiled-gallery-caption\" itemprop=\"caption description\"> Equipment Steidle, Foto TJ Krebs <\/div> <\/div> <div class=\"tiled-gallery-item tiled-gallery-item-large\" itemprop=\"associatedMedia\" itemscope itemtype=\"http:\/\/schema.org\/ImageObject\"> <a href=\"https:\/\/www.jazzzeitung.de\/cms\/2016\/09\/steidle-und-broetzmann-im-einstein\/0k3a6715-steidle-brotz-dombr\/\" border=\"0\" itemprop=\"url\"> <meta itemprop=\"width\" content=\"278\"> <meta itemprop=\"height\" content=\"186\"> <img decoding=\"async\" class=\"\" data-attachment-id=\"10106\" data-orig-file=\"https:\/\/www.jazzzeitung.de\/cms\/wp-content\/uploads\/2016\/09\/0K3A6715-Steidle-Bro\u0308tz-dombr.jpg\" data-orig-size=\"1280,856\" data-comments-opened=\"1\" data-image-meta=\"{&quot;aperture&quot;:&quot;4&quot;,&quot;credit&quot;:&quot;&quot;,&quot;camera&quot;:&quot;Canon EOS 5D Mark III&quot;,&quot;caption&quot;:&quot;Peter Br\\u00f6tzmann (reeds), Oliver Steidle (dr), Einstein, M\\u00fcnchen, Foto Ralf Dombrowski&quot;,&quot;created_timestamp&quot;:&quot;1473885949&quot;,&quot;copyright&quot;:&quot;&quot;,&quot;focal_length&quot;:&quot;118&quot;,&quot;iso&quot;:&quot;8000&quot;,&quot;shutter_speed&quot;:&quot;0.008&quot;,&quot;title&quot;:&quot;&quot;,&quot;orientation&quot;:&quot;1&quot;}\" data-image-title=\"0k3a6715-steidle-brotz-dombr\" data-image-description=\"\" data-medium-file=\"https:\/\/i0.wp.com\/www.jazzzeitung.de\/cms\/wp-content\/uploads\/2016\/09\/0K3A6715-Steidle-Bro%CC%88tz-dombr.jpg?fit=300%2C201&#038;ssl=1\" data-large-file=\"https:\/\/i0.wp.com\/www.jazzzeitung.de\/cms\/wp-content\/uploads\/2016\/09\/0K3A6715-Steidle-Bro%CC%88tz-dombr.jpg?fit=840%2C562&#038;ssl=1\" src=\"https:\/\/i0.wp.com\/www.jazzzeitung.de\/cms\/wp-content\/uploads\/2016\/09\/0K3A6715-Steidle-Bro%CC%88tz-dombr.jpg?w=278&#038;h=186&#038;ssl=1\" width=\"278\" height=\"186\" loading=\"lazy\" data-original-width=\"278\" data-original-height=\"186\" itemprop=\"http:\/\/schema.org\/image\" title=\"0k3a6715-steidle-brotz-dombr\" alt=\"Peter Br\u00f6tzmann (reeds), Oliver Steidle (dr), Einstein, M\u00fcnchen, Foto Ralf Dombrowski\" style=\"width: 278px; height: 186px;\" \/> <\/a> <div class=\"tiled-gallery-caption\" itemprop=\"caption description\"> Peter Br\u00f6tzmann (reeds), Oliver Steidle (dr), Einstein, M\u00fcnchen, Foto Ralf Dombrowski <\/div> <\/div> <\/div> <!-- close group --> <div class=\"gallery-group images-1\" style=\"width: 558px; height: 379px;\" data-original-width=\"558\" data-original-height=\"379\" > <div class=\"tiled-gallery-item tiled-gallery-item-large\" itemprop=\"associatedMedia\" itemscope itemtype=\"http:\/\/schema.org\/ImageObject\"> <a href=\"https:\/\/www.jazzzeitung.de\/cms\/2016\/09\/steidle-und-broetzmann-im-einstein\/0k3a6661-brotz-dombr\/\" border=\"0\" itemprop=\"url\"> <meta itemprop=\"width\" content=\"554\"> <meta itemprop=\"height\" content=\"375\"> <img decoding=\"async\" class=\"\" data-attachment-id=\"10104\" data-orig-file=\"https:\/\/www.jazzzeitung.de\/cms\/wp-content\/uploads\/2016\/09\/0K3A6661-Bro\u0308tz-dombr.jpg\" data-orig-size=\"1280,865\" data-comments-opened=\"1\" data-image-meta=\"{&quot;aperture&quot;:&quot;4&quot;,&quot;credit&quot;:&quot;&quot;,&quot;camera&quot;:&quot;Canon EOS 5D Mark III&quot;,&quot;caption&quot;:&quot;Peter Br\\u00f6tzmann (reeds), Oliver Steidle (dr), Einstein, M\\u00fcnchen, Foto Ralf Dombrowski&quot;,&quot;created_timestamp&quot;:&quot;1473885615&quot;,&quot;copyright&quot;:&quot;&quot;,&quot;focal_length&quot;:&quot;113&quot;,&quot;iso&quot;:&quot;6400&quot;,&quot;shutter_speed&quot;:&quot;0.02&quot;,&quot;title&quot;:&quot;&quot;,&quot;orientation&quot;:&quot;1&quot;}\" data-image-title=\"0k3a6661-brotz-dombr\" data-image-description=\"\" data-medium-file=\"https:\/\/i0.wp.com\/www.jazzzeitung.de\/cms\/wp-content\/uploads\/2016\/09\/0K3A6661-Bro%CC%88tz-dombr.jpg?fit=300%2C203&#038;ssl=1\" data-large-file=\"https:\/\/i0.wp.com\/www.jazzzeitung.de\/cms\/wp-content\/uploads\/2016\/09\/0K3A6661-Bro%CC%88tz-dombr.jpg?fit=840%2C568&#038;ssl=1\" src=\"https:\/\/i0.wp.com\/www.jazzzeitung.de\/cms\/wp-content\/uploads\/2016\/09\/0K3A6661-Bro%CC%88tz-dombr.jpg?w=554&#038;h=375&#038;ssl=1\" width=\"554\" height=\"375\" loading=\"lazy\" data-original-width=\"554\" data-original-height=\"375\" itemprop=\"http:\/\/schema.org\/image\" title=\"0k3a6661-brotz-dombr\" alt=\"Peter Br\u00f6tzmann , Foto Ralf Dombrowski\" style=\"width: 554px; height: 375px;\" \/> <\/a> <div class=\"tiled-gallery-caption\" itemprop=\"caption description\"> Peter Br\u00f6tzmann , Foto Ralf Dombrowski <\/div> <\/div> <\/div> <!-- close group --> <\/div> <!-- close row --> <\/div>\n","protected":false},"excerpt":{"rendered":"<p>Das Konzert, das der Verein Offene Ohren e.V. im Einstein veranstaltete, war erwartungsgem\u00e4\u00df intensiv und frei, lediglich bei einem St\u00fcck spielte Peter Br\u00f6tzmann fast lyrische T\u00f6ne auf seiner Klarinette \u2013 das Zusammenspiel von Oliver Steidle und Peter Br\u00f6tzmann blieb von der ersten bis zur letzten Minute dynamisch und spannungsgeladen. Ein Konzert der feinen, besonderen Art! Ansonsten sind die Fotos von Ralf Dombrowski und TJ Krebs selbsterkl\u00e4rend und spiegeln die Atmosph\u00e4re des Abends wider.<\/p>\n","protected":false},"author":18,"featured_media":0,"comment_status":"open","ping_status":"closed","sticky":false,"template":"","format":"standard","meta":{"_jetpack_memberships_contains_paid_content":false,"footnotes":"","jetpack_publicize_message":"","jetpack_publicize_feature_enabled":true,"jetpack_social_post_already_shared":false,"jetpack_social_options":{"image_generator_settings":{"template":"highway","default_image_id":0,"font":"","enabled":false},"version":2}},"categories":[652],"tags":[322,146],"coauthors":[695],"class_list":["post-10101","post","type-post","status-publish","format-standard","hentry","category-galerie","tag-konzert-2","tag-dombrowski"],"yoast_head":"<!-- This site is optimized with the Yoast SEO plugin v27.5 - https:\/\/yoast.com\/product\/yoast-seo-wordpress\/ -->\n<title>Steidle und Br\u00f6tzmann im Einstein - JazzZeitung<\/title>\n<meta name=\"robots\" content=\"index, follow, max-snippet:-1, max-image-preview:large, max-video-preview:-1\" \/>\n<link rel=\"canonical\" href=\"https:\/\/www.jazzzeitung.de\/cms\/2016\/09\/steidle-und-broetzmann-im-einstein\/\" \/>\n<meta property=\"og:locale\" content=\"de_DE\" \/>\n<meta property=\"og:type\" content=\"article\" \/>\n<meta property=\"og:title\" content=\"Steidle und Br\u00f6tzmann im Einstein - JazzZeitung\" \/>\n<meta property=\"og:description\" content=\"Das Konzert, das der Verein Offene Ohren e.V. im Einstein veranstaltete, war erwartungsgem\u00e4\u00df intensiv und frei, lediglich bei einem St\u00fcck spielte Peter Br\u00f6tzmann fast lyrische T\u00f6ne auf seiner Klarinette \u2013 das Zusammenspiel von Oliver Steidle und Peter Br\u00f6tzmann blieb von der ersten bis zur letzten Minute dynamisch und spannungsgeladen. Ein Konzert der feinen, besonderen Art! Ansonsten sind die Fotos von Ralf Dombrowski und TJ Krebs selbsterkl\u00e4rend und spiegeln die Atmosph\u00e4re des Abends wider.\" \/>\n<meta property=\"og:url\" content=\"https:\/\/www.jazzzeitung.de\/cms\/2016\/09\/steidle-und-broetzmann-im-einstein\/\" \/>\n<meta property=\"og:site_name\" content=\"JazzZeitung\" \/>\n<meta property=\"article:publisher\" content=\"https:\/\/www.facebook.com\/JazzZeitung\/\" \/>\n<meta property=\"article:published_time\" content=\"2016-09-20T10:00:12+00:00\" \/>\n<meta property=\"article:modified_time\" content=\"2016-09-20T10:57:34+00:00\" \/>\n<meta property=\"og:image\" content=\"https:\/\/i0.wp.com\/www.jazzzeitung.de\/cms\/wp-content\/uploads\/2016\/09\/P1030551-Br\u00f6tzmann-Foto-TJ-Krebs-1.jpg?w=194&#038;h=290&#038;ssl=1\" \/>\n<meta name=\"author\" content=\"Redaktion JazzZeitung\" \/>\n<script type=\"application\/ld+json\" class=\"yoast-schema-graph\">{\"@context\":\"https:\\\/\\\/schema.org\",\"@graph\":[{\"@type\":\"Article\",\"@id\":\"https:\\\/\\\/www.jazzzeitung.de\\\/cms\\\/2016\\\/09\\\/steidle-und-broetzmann-im-einstein\\\/#article\",\"isPartOf\":{\"@id\":\"https:\\\/\\\/www.jazzzeitung.de\\\/cms\\\/2016\\\/09\\\/steidle-und-broetzmann-im-einstein\\\/\"},\"author\":{\"name\":\"Redaktion JazzZeitung\",\"@id\":\"https:\\\/\\\/www.jazzzeitung.de\\\/cms\\\/#\\\/schema\\\/person\\\/2245b36b9cd1d24cea10f01c031fb92b\"},\"headline\":\"Steidle und Br\u00f6tzmann im Einstein\",\"datePublished\":\"2016-09-20T10:00:12+00:00\",\"dateModified\":\"2016-09-20T10:57:34+00:00\",\"mainEntityOfPage\":{\"@id\":\"https:\\\/\\\/www.jazzzeitung.de\\\/cms\\\/2016\\\/09\\\/steidle-und-broetzmann-im-einstein\\\/\"},\"wordCount\":89,\"commentCount\":0,\"publisher\":{\"@id\":\"https:\\\/\\\/www.jazzzeitung.de\\\/cms\\\/#organization\"},\"keywords\":[\"Konzert\",\"Ralf Dombrowski\"],\"articleSection\":[\"Galerie\"],\"inLanguage\":\"de\",\"potentialAction\":[{\"@type\":\"CommentAction\",\"name\":\"Comment\",\"target\":[\"https:\\\/\\\/www.jazzzeitung.de\\\/cms\\\/2016\\\/09\\\/steidle-und-broetzmann-im-einstein\\\/#respond\"]}]},{\"@type\":\"WebPage\",\"@id\":\"https:\\\/\\\/www.jazzzeitung.de\\\/cms\\\/2016\\\/09\\\/steidle-und-broetzmann-im-einstein\\\/\",\"url\":\"https:\\\/\\\/www.jazzzeitung.de\\\/cms\\\/2016\\\/09\\\/steidle-und-broetzmann-im-einstein\\\/\",\"name\":\"Steidle und Br\u00f6tzmann im Einstein - JazzZeitung\",\"isPartOf\":{\"@id\":\"https:\\\/\\\/www.jazzzeitung.de\\\/cms\\\/#website\"},\"datePublished\":\"2016-09-20T10:00:12+00:00\",\"dateModified\":\"2016-09-20T10:57:34+00:00\",\"breadcrumb\":{\"@id\":\"https:\\\/\\\/www.jazzzeitung.de\\\/cms\\\/2016\\\/09\\\/steidle-und-broetzmann-im-einstein\\\/#breadcrumb\"},\"inLanguage\":\"de\",\"potentialAction\":[{\"@type\":\"ReadAction\",\"target\":[\"https:\\\/\\\/www.jazzzeitung.de\\\/cms\\\/2016\\\/09\\\/steidle-und-broetzmann-im-einstein\\\/\"]}]},{\"@type\":\"BreadcrumbList\",\"@id\":\"https:\\\/\\\/www.jazzzeitung.de\\\/cms\\\/2016\\\/09\\\/steidle-und-broetzmann-im-einstein\\\/#breadcrumb\",\"itemListElement\":[{\"@type\":\"ListItem\",\"position\":1,\"name\":\"Startseite\",\"item\":\"https:\\\/\\\/www.jazzzeitung.de\\\/cms\\\/\"},{\"@type\":\"ListItem\",\"position\":2,\"name\":\"Steidle und Br\u00f6tzmann im Einstein\"}]},{\"@type\":\"WebSite\",\"@id\":\"https:\\\/\\\/www.jazzzeitung.de\\\/cms\\\/#website\",\"url\":\"https:\\\/\\\/www.jazzzeitung.de\\\/cms\\\/\",\"name\":\"JazzZeitung\",\"description\":\"Jazz-News und Jazz-Kontroverses\",\"publisher\":{\"@id\":\"https:\\\/\\\/www.jazzzeitung.de\\\/cms\\\/#organization\"},\"potentialAction\":[{\"@type\":\"SearchAction\",\"target\":{\"@type\":\"EntryPoint\",\"urlTemplate\":\"https:\\\/\\\/www.jazzzeitung.de\\\/cms\\\/?s={search_term_string}\"},\"query-input\":{\"@type\":\"PropertyValueSpecification\",\"valueRequired\":true,\"valueName\":\"search_term_string\"}}],\"inLanguage\":\"de\"},{\"@type\":\"Organization\",\"@id\":\"https:\\\/\\\/www.jazzzeitung.de\\\/cms\\\/#organization\",\"name\":\"JazzZeitung online\",\"url\":\"https:\\\/\\\/www.jazzzeitung.de\\\/cms\\\/\",\"logo\":{\"@type\":\"ImageObject\",\"inLanguage\":\"de\",\"@id\":\"https:\\\/\\\/www.jazzzeitung.de\\\/cms\\\/#\\\/schema\\\/logo\\\/image\\\/\",\"url\":\"https:\\\/\\\/i0.wp.com\\\/www.jazzzeitung.de\\\/cms\\\/wp-content\\\/uploads\\\/2015\\\/08\\\/JAZZZEITUNGDE_Logo_Neu.png?fit=499%2C200&ssl=1\",\"contentUrl\":\"https:\\\/\\\/i0.wp.com\\\/www.jazzzeitung.de\\\/cms\\\/wp-content\\\/uploads\\\/2015\\\/08\\\/JAZZZEITUNGDE_Logo_Neu.png?fit=499%2C200&ssl=1\",\"width\":499,\"height\":200,\"caption\":\"JazzZeitung online\"},\"image\":{\"@id\":\"https:\\\/\\\/www.jazzzeitung.de\\\/cms\\\/#\\\/schema\\\/logo\\\/image\\\/\"},\"sameAs\":[\"https:\\\/\\\/www.facebook.com\\\/JazzZeitung\\\/\"]},{\"@type\":\"Person\",\"@id\":\"https:\\\/\\\/www.jazzzeitung.de\\\/cms\\\/#\\\/schema\\\/person\\\/2245b36b9cd1d24cea10f01c031fb92b\",\"name\":\"Redaktion JazzZeitung\",\"image\":{\"@type\":\"ImageObject\",\"inLanguage\":\"de\",\"@id\":\"https:\\\/\\\/i0.wp.com\\\/www.jazzzeitung.de\\\/cms\\\/wp-content\\\/uploads\\\/2015\\\/08\\\/JAZZZEITUNGDE_Logo_Neu.png?resize=96%2C96&ssl=159975dcacb611b5700bd619b5daf0a7a\",\"url\":\"https:\\\/\\\/i0.wp.com\\\/www.jazzzeitung.de\\\/cms\\\/wp-content\\\/uploads\\\/2015\\\/08\\\/JAZZZEITUNGDE_Logo_Neu.png?resize=96%2C96&ssl=1\",\"contentUrl\":\"https:\\\/\\\/i0.wp.com\\\/www.jazzzeitung.de\\\/cms\\\/wp-content\\\/uploads\\\/2015\\\/08\\\/JAZZZEITUNGDE_Logo_Neu.png?resize=96%2C96&ssl=1\",\"caption\":\"Redaktion JazzZeitung\"},\"description\":\"Artikel der Redaktion der JazzZeitung.\",\"sameAs\":[\"http:\\\/\\\/www.jazzzeitung.de\\\/cms\\\/\"],\"url\":\"https:\\\/\\\/www.jazzzeitung.de\\\/cms\\\/author\\\/redaktion\\\/\"}]}<\/script>\n<!-- \/ Yoast SEO plugin. -->","yoast_head_json":{"title":"Steidle und Br\u00f6tzmann im Einstein - JazzZeitung","robots":{"index":"index","follow":"follow","max-snippet":"max-snippet:-1","max-image-preview":"max-image-preview:large","max-video-preview":"max-video-preview:-1"},"canonical":"https:\/\/www.jazzzeitung.de\/cms\/2016\/09\/steidle-und-broetzmann-im-einstein\/","og_locale":"de_DE","og_type":"article","og_title":"Steidle und Br\u00f6tzmann im Einstein - JazzZeitung","og_description":"Das Konzert, das der Verein Offene Ohren e.V. im Einstein veranstaltete, war erwartungsgem\u00e4\u00df intensiv und frei, lediglich bei einem St\u00fcck spielte Peter Br\u00f6tzmann fast lyrische T\u00f6ne auf seiner Klarinette \u2013 das Zusammenspiel von Oliver Steidle und Peter Br\u00f6tzmann blieb von der ersten bis zur letzten Minute dynamisch und spannungsgeladen. Ein Konzert der feinen, besonderen Art! Ansonsten sind die Fotos von Ralf Dombrowski und TJ Krebs selbsterkl\u00e4rend und spiegeln die Atmosph\u00e4re des Abends wider.","og_url":"https:\/\/www.jazzzeitung.de\/cms\/2016\/09\/steidle-und-broetzmann-im-einstein\/","og_site_name":"JazzZeitung","article_publisher":"https:\/\/www.facebook.com\/JazzZeitung\/","article_published_time":"2016-09-20T10:00:12+00:00","article_modified_time":"2016-09-20T10:57:34+00:00","og_image":[{"url":"https:\/\/i0.wp.com\/www.jazzzeitung.de\/cms\/wp-content\/uploads\/2016\/09\/P1030551-Br\u00f6tzmann-Foto-TJ-Krebs-1.jpg?w=194&#038;h=290&#038;ssl=1","type":"","width":"","height":""}],"author":"Redaktion JazzZeitung","schema":{"@context":"https:\/\/schema.org","@graph":[{"@type":"Article","@id":"https:\/\/www.jazzzeitung.de\/cms\/2016\/09\/steidle-und-broetzmann-im-einstein\/#article","isPartOf":{"@id":"https:\/\/www.jazzzeitung.de\/cms\/2016\/09\/steidle-und-broetzmann-im-einstein\/"},"author":{"name":"Redaktion JazzZeitung","@id":"https:\/\/www.jazzzeitung.de\/cms\/#\/schema\/person\/2245b36b9cd1d24cea10f01c031fb92b"},"headline":"Steidle und Br\u00f6tzmann im Einstein","datePublished":"2016-09-20T10:00:12+00:00","dateModified":"2016-09-20T10:57:34+00:00","mainEntityOfPage":{"@id":"https:\/\/www.jazzzeitung.de\/cms\/2016\/09\/steidle-und-broetzmann-im-einstein\/"},"wordCount":89,"commentCount":0,"publisher":{"@id":"https:\/\/www.jazzzeitung.de\/cms\/#organization"},"keywords":["Konzert","Ralf Dombrowski"],"articleSection":["Galerie"],"inLanguage":"de","potentialAction":[{"@type":"CommentAction","name":"Comment","target":["https:\/\/www.jazzzeitung.de\/cms\/2016\/09\/steidle-und-broetzmann-im-einstein\/#respond"]}]},{"@type":"WebPage","@id":"https:\/\/www.jazzzeitung.de\/cms\/2016\/09\/steidle-und-broetzmann-im-einstein\/","url":"https:\/\/www.jazzzeitung.de\/cms\/2016\/09\/steidle-und-broetzmann-im-einstein\/","name":"Steidle und Br\u00f6tzmann im Einstein - JazzZeitung","isPartOf":{"@id":"https:\/\/www.jazzzeitung.de\/cms\/#website"},"datePublished":"2016-09-20T10:00:12+00:00","dateModified":"2016-09-20T10:57:34+00:00","breadcrumb":{"@id":"https:\/\/www.jazzzeitung.de\/cms\/2016\/09\/steidle-und-broetzmann-im-einstein\/#breadcrumb"},"inLanguage":"de","potentialAction":[{"@type":"ReadAction","target":["https:\/\/www.jazzzeitung.de\/cms\/2016\/09\/steidle-und-broetzmann-im-einstein\/"]}]},{"@type":"BreadcrumbList","@id":"https:\/\/www.jazzzeitung.de\/cms\/2016\/09\/steidle-und-broetzmann-im-einstein\/#breadcrumb","itemListElement":[{"@type":"ListItem","position":1,"name":"Startseite","item":"https:\/\/www.jazzzeitung.de\/cms\/"},{"@type":"ListItem","position":2,"name":"Steidle und Br\u00f6tzmann im Einstein"}]},{"@type":"WebSite","@id":"https:\/\/www.jazzzeitung.de\/cms\/#website","url":"https:\/\/www.jazzzeitung.de\/cms\/","name":"JazzZeitung","description":"Jazz-News und Jazz-Kontroverses","publisher":{"@id":"https:\/\/www.jazzzeitung.de\/cms\/#organization"},"potentialAction":[{"@type":"SearchAction","target":{"@type":"EntryPoint","urlTemplate":"https:\/\/www.jazzzeitung.de\/cms\/?s={search_term_string}"},"query-input":{"@type":"PropertyValueSpecification","valueRequired":true,"valueName":"search_term_string"}}],"inLanguage":"de"},{"@type":"Organization","@id":"https:\/\/www.jazzzeitung.de\/cms\/#organization","name":"JazzZeitung online","url":"https:\/\/www.jazzzeitung.de\/cms\/","logo":{"@type":"ImageObject","inLanguage":"de","@id":"https:\/\/www.jazzzeitung.de\/cms\/#\/schema\/logo\/image\/","url":"https:\/\/i0.wp.com\/www.jazzzeitung.de\/cms\/wp-content\/uploads\/2015\/08\/JAZZZEITUNGDE_Logo_Neu.png?fit=499%2C200&ssl=1","contentUrl":"https:\/\/i0.wp.com\/www.jazzzeitung.de\/cms\/wp-content\/uploads\/2015\/08\/JAZZZEITUNGDE_Logo_Neu.png?fit=499%2C200&ssl=1","width":499,"height":200,"caption":"JazzZeitung online"},"image":{"@id":"https:\/\/www.jazzzeitung.de\/cms\/#\/schema\/logo\/image\/"},"sameAs":["https:\/\/www.facebook.com\/JazzZeitung\/"]},{"@type":"Person","@id":"https:\/\/www.jazzzeitung.de\/cms\/#\/schema\/person\/2245b36b9cd1d24cea10f01c031fb92b","name":"Redaktion JazzZeitung","image":{"@type":"ImageObject","inLanguage":"de","@id":"https:\/\/i0.wp.com\/www.jazzzeitung.de\/cms\/wp-content\/uploads\/2015\/08\/JAZZZEITUNGDE_Logo_Neu.png?resize=96%2C96&ssl=159975dcacb611b5700bd619b5daf0a7a","url":"https:\/\/i0.wp.com\/www.jazzzeitung.de\/cms\/wp-content\/uploads\/2015\/08\/JAZZZEITUNGDE_Logo_Neu.png?resize=96%2C96&ssl=1","contentUrl":"https:\/\/i0.wp.com\/www.jazzzeitung.de\/cms\/wp-content\/uploads\/2015\/08\/JAZZZEITUNGDE_Logo_Neu.png?resize=96%2C96&ssl=1","caption":"Redaktion JazzZeitung"},"description":"Artikel der Redaktion der JazzZeitung.","sameAs":["http:\/\/www.jazzzeitung.de\/cms\/"],"url":"https:\/\/www.jazzzeitung.de\/cms\/author\/redaktion\/"}]}},"wp-worthy-pixel":{"ignored":false,"public":null,"server":null,"url":null},"wp-worthy-type":"normal","jetpack_publicize_connections":[],"cc_featured_image_caption":{"caption_text":false,"source_text":false,"source_url":false},"jetpack_featured_media_url":"","jetpack_shortlink":"https:\/\/wp.me\/p3KEcT-2CV","jetpack-related-posts":[{"id":7863,"url":"https:\/\/www.jazzzeitung.de\/cms\/2015\/12\/bildergalerie-das-sofia-rei-trio\/","url_meta":{"origin":10101,"position":0},"title":"Bildergalerie: das Sofia Rei Trio","author":"Redaktion JazzZeitung","date":"1. Dezember 2015","format":false,"excerpt":"Fotos von Ralf Dombrowski - Und das sagt er zu dem Konzert am 29.11.2015 im Bayerischen Hof in M\u00fcnchen: Eine sehr individuelle Mischung mittel-\/s\u00fcdamerikanischer, urban experimenteller und energietrunken intensiver Elemente, die die in New York lebende S\u00e4ngerin Sofia Rei in der Minimalbesetzung mit Saz Bass, einem Instrument Marke Eigenbau des\u2026","rel":"","context":"In &quot;Galerie&quot;","block_context":{"text":"Galerie","link":"https:\/\/www.jazzzeitung.de\/cms\/thema\/galerie\/"},"img":{"alt_text":"","src":"https:\/\/i0.wp.com\/www.jazzzeitung.de\/cms\/wp-content\/uploads\/2015\/12\/0K3A0025-Sofia-Rei-dombr.jpg?resize=350%2C200","width":350,"height":200},"classes":[]},{"id":25337,"url":"https:\/\/www.jazzzeitung.de\/cms\/2021\/08\/schweissdampfende-musik-auf-frei-jazzender-basis-live-impressionen-von-bezau-beatz\/","url_meta":{"origin":10101,"position":1},"title":"Schwei\u00dfdampfende Musik auf frei jazzender Basis \u2212 Live-Impressionen von Bezau Beatz","author":"Redaktion JazzZeitung","date":"12. August 2021","format":false,"excerpt":"Bezau Beatz geht in die 14. Runde \u2212 eine Special-Edition Geregnet hat es, immer mal wieder. Ein Musiker hat sich im Vorfeld des Festivals den Arm gebrochen, aber es konnte eine famose Alternative gefunden werden. Das ist normal, Alltag eines Veranstalters. Noch immer anders aber sind die organisatorischen Herausforderungen, die\u2026","rel":"","context":"In &quot;Bericht&quot;","block_context":{"text":"Bericht","link":"https:\/\/www.jazzzeitung.de\/cms\/thema\/bericht\/"},"img":{"alt_text":"","src":"https:\/\/i0.wp.com\/www.jazzzeitung.de\/cms\/wp-content\/uploads\/2021\/08\/DSC09750-scaled.jpg?fit=1200%2C800&ssl=1&resize=350%2C200","width":350,"height":200,"srcset":"https:\/\/i0.wp.com\/www.jazzzeitung.de\/cms\/wp-content\/uploads\/2021\/08\/DSC09750-scaled.jpg?fit=1200%2C800&ssl=1&resize=350%2C200 1x, https:\/\/i0.wp.com\/www.jazzzeitung.de\/cms\/wp-content\/uploads\/2021\/08\/DSC09750-scaled.jpg?fit=1200%2C800&ssl=1&resize=525%2C300 1.5x, https:\/\/i0.wp.com\/www.jazzzeitung.de\/cms\/wp-content\/uploads\/2021\/08\/DSC09750-scaled.jpg?fit=1200%2C800&ssl=1&resize=700%2C400 2x, https:\/\/i0.wp.com\/www.jazzzeitung.de\/cms\/wp-content\/uploads\/2021\/08\/DSC09750-scaled.jpg?fit=1200%2C800&ssl=1&resize=1050%2C600 3x"},"classes":[]},{"id":16489,"url":"https:\/\/www.jazzzeitung.de\/cms\/2018\/06\/fotogalerie-das-geoff-goodman-quartet-in-der-unterfahrt\/","url_meta":{"origin":10101,"position":2},"title":"Fotogalerie: Das Geoff Goodman Quartet in der Unterfahrt","author":"Redaktion JazzZeitung","date":"26. Juni 2018","format":false,"excerpt":"Geoff Goodman (g), Till Martin (ts), Tizian Jost (p), Shinya Fukumori (dr) spielten am 21. Juni im M\u00fcnchner Jazzclubb Unterfahrt Musik von Bill Evans und Thelonious Monk. Ohne Bassisten oder Bassistin erzeugte das Quartett einen interessanten Klangraum. Ralf Dombrowski hat das Konzert des Geoff Goodman Quartets fotografisch festgehalten:","rel":"","context":"In &quot;Galerie&quot;","block_context":{"text":"Galerie","link":"https:\/\/www.jazzzeitung.de\/cms\/thema\/galerie\/"},"img":{"alt_text":"","src":"https:\/\/i0.wp.com\/www.jazzzeitung.de\/cms\/wp-content\/uploads\/2018\/06\/0K3A3285-Goodman-dombr.jpg?fit=1200%2C801&ssl=1&resize=350%2C200","width":350,"height":200,"srcset":"https:\/\/i0.wp.com\/www.jazzzeitung.de\/cms\/wp-content\/uploads\/2018\/06\/0K3A3285-Goodman-dombr.jpg?fit=1200%2C801&ssl=1&resize=350%2C200 1x, https:\/\/i0.wp.com\/www.jazzzeitung.de\/cms\/wp-content\/uploads\/2018\/06\/0K3A3285-Goodman-dombr.jpg?fit=1200%2C801&ssl=1&resize=525%2C300 1.5x, https:\/\/i0.wp.com\/www.jazzzeitung.de\/cms\/wp-content\/uploads\/2018\/06\/0K3A3285-Goodman-dombr.jpg?fit=1200%2C801&ssl=1&resize=700%2C400 2x, https:\/\/i0.wp.com\/www.jazzzeitung.de\/cms\/wp-content\/uploads\/2018\/06\/0K3A3285-Goodman-dombr.jpg?fit=1200%2C801&ssl=1&resize=1050%2C600 3x"},"classes":[]},{"id":16452,"url":"https:\/\/www.jazzzeitung.de\/cms\/2018\/06\/das-duo-bojan-z-julien-lourau-im-jazzclub-unterfahrt\/","url_meta":{"origin":10101,"position":3},"title":"Das Duo Bojan Z &#038; Julien Lourau im Jazzclub Unterfahrt","author":"Redaktion JazzZeitung","date":"21. Juni 2018","format":false,"excerpt":"Das franz\u00f6sische Duo des Pianisten Bojan Z und des Saxophonisten Julien Lourau hat am 15. Juni 2018 ein Konzert in der Unterfahrt in M\u00fcnchen gegeben. Ralf Dombrowski war zugegen, fand es herausragend und hat f\u00fcr die JazzZeitung einige Eindr\u00fccke fotografisch festgehalten:","rel":"","context":"In &quot;Galerie&quot;","block_context":{"text":"Galerie","link":"https:\/\/www.jazzzeitung.de\/cms\/thema\/galerie\/"},"img":{"alt_text":"","src":"https:\/\/i0.wp.com\/www.jazzzeitung.de\/cms\/wp-content\/uploads\/2018\/06\/0K3A2960-Z-Lourau-c-Ralf-Dombrowski.jpg?fit=1200%2C800&ssl=1&resize=350%2C200","width":350,"height":200,"srcset":"https:\/\/i0.wp.com\/www.jazzzeitung.de\/cms\/wp-content\/uploads\/2018\/06\/0K3A2960-Z-Lourau-c-Ralf-Dombrowski.jpg?fit=1200%2C800&ssl=1&resize=350%2C200 1x, https:\/\/i0.wp.com\/www.jazzzeitung.de\/cms\/wp-content\/uploads\/2018\/06\/0K3A2960-Z-Lourau-c-Ralf-Dombrowski.jpg?fit=1200%2C800&ssl=1&resize=525%2C300 1.5x, https:\/\/i0.wp.com\/www.jazzzeitung.de\/cms\/wp-content\/uploads\/2018\/06\/0K3A2960-Z-Lourau-c-Ralf-Dombrowski.jpg?fit=1200%2C800&ssl=1&resize=700%2C400 2x, https:\/\/i0.wp.com\/www.jazzzeitung.de\/cms\/wp-content\/uploads\/2018\/06\/0K3A2960-Z-Lourau-c-Ralf-Dombrowski.jpg?fit=1200%2C800&ssl=1&resize=1050%2C600 3x"},"classes":[]},{"id":24493,"url":"https:\/\/www.jazzzeitung.de\/cms\/2021\/03\/peter-broetzmann-80-eine-preiskonzert-erinnerung\/","url_meta":{"origin":10101,"position":4},"title":"Peter Br\u00f6tzmann 80 \u2013 eine Preiskonzert-Erinnerung","author":"Huflaikhan","date":"6. M\u00e4rz 2021","format":false,"excerpt":"Peter Br\u00f6tzmann wird am 6. M\u00e4rz 2021 seinen 80. Geburtstag feiern. Dummerweise an einem Samstag, denn die Radio-Sendungen zu Peter Br\u00f6tzmann sind dann schon am Donnerstag und Freitag gelaufen (siehe unten die Links mit Sendungen von Lippegaus, Noglik und Loewner). Samstag ist Badetag mit Bundesliga. Auch in Zeiten der Pandemie.\u2026","rel":"","context":"In &quot;Blog&quot;","block_context":{"text":"Blog","link":"https:\/\/www.jazzzeitung.de\/cms\/thema\/blog\/"},"img":{"alt_text":"Full Blast. Foto: Hufner","src":"https:\/\/i0.wp.com\/www.jazzzeitung.de\/cms\/wp-content\/uploads\/2021\/03\/broetzi-6335_hufi.jpg?fit=1200%2C795&ssl=1&resize=350%2C200","width":350,"height":200,"srcset":"https:\/\/i0.wp.com\/www.jazzzeitung.de\/cms\/wp-content\/uploads\/2021\/03\/broetzi-6335_hufi.jpg?fit=1200%2C795&ssl=1&resize=350%2C200 1x, https:\/\/i0.wp.com\/www.jazzzeitung.de\/cms\/wp-content\/uploads\/2021\/03\/broetzi-6335_hufi.jpg?fit=1200%2C795&ssl=1&resize=525%2C300 1.5x, https:\/\/i0.wp.com\/www.jazzzeitung.de\/cms\/wp-content\/uploads\/2021\/03\/broetzi-6335_hufi.jpg?fit=1200%2C795&ssl=1&resize=700%2C400 2x, https:\/\/i0.wp.com\/www.jazzzeitung.de\/cms\/wp-content\/uploads\/2021\/03\/broetzi-6335_hufi.jpg?fit=1200%2C795&ssl=1&resize=1050%2C600 3x"},"classes":[]},{"id":9884,"url":"https:\/\/www.jazzzeitung.de\/cms\/2016\/08\/9884\/","url_meta":{"origin":10101,"position":5},"title":"Bildgalerie: Gitarrenfestival Hersbruck","author":"Redaktion JazzZeitung","date":"18. August 2016","format":"gallery","excerpt":"Am 13.8.16 begonnen findet noch bis zum 20.8.16 das 17. Gitarrenfestival Hersbruck statt. Fotograf Ralf Dombrowski hat die sch\u00f6nsten Momente beim Konzert von Giora Feidman und Johannes Tonio Kreusch sowie den Auftritt des Gitarristen Tommy Emmanuel mit seiner Kamera eingefangen.","rel":"","context":"In &quot;Galerie&quot;","block_context":{"text":"Galerie","link":"https:\/\/www.jazzzeitung.de\/cms\/thema\/galerie\/"},"img":{"alt_text":"","src":"https:\/\/i0.wp.com\/www.jazzzeitung.de\/cms\/wp-content\/uploads\/2016\/08\/0K3A5886-Feidman-Kreusch-dombr.jpg?resize=350%2C200","width":350,"height":200,"srcset":"https:\/\/i0.wp.com\/www.jazzzeitung.de\/cms\/wp-content\/uploads\/2016\/08\/0K3A5886-Feidman-Kreusch-dombr.jpg?resize=350%2C200 1x, https:\/\/i0.wp.com\/www.jazzzeitung.de\/cms\/wp-content\/uploads\/2016\/08\/0K3A5886-Feidman-Kreusch-dombr.jpg?resize=525%2C300 1.5x, https:\/\/i0.wp.com\/www.jazzzeitung.de\/cms\/wp-content\/uploads\/2016\/08\/0K3A5886-Feidman-Kreusch-dombr.jpg?resize=700%2C400 2x, https:\/\/i0.wp.com\/www.jazzzeitung.de\/cms\/wp-content\/uploads\/2016\/08\/0K3A5886-Feidman-Kreusch-dombr.jpg?resize=1050%2C600 3x"},"classes":[]}],"jetpack_sharing_enabled":true,"_links":{"self":[{"href":"https:\/\/www.jazzzeitung.de\/cms\/wp-json\/wp\/v2\/posts\/10101","targetHints":{"allow":["GET"]}}],"collection":[{"href":"https:\/\/www.jazzzeitung.de\/cms\/wp-json\/wp\/v2\/posts"}],"about":[{"href":"https:\/\/www.jazzzeitung.de\/cms\/wp-json\/wp\/v2\/types\/post"}],"author":[{"embeddable":true,"href":"https:\/\/www.jazzzeitung.de\/cms\/wp-json\/wp\/v2\/users\/18"}],"replies":[{"embeddable":true,"href":"https:\/\/www.jazzzeitung.de\/cms\/wp-json\/wp\/v2\/comments?post=10101"}],"version-history":[{"count":6,"href":"https:\/\/www.jazzzeitung.de\/cms\/wp-json\/wp\/v2\/posts\/10101\/revisions"}],"predecessor-version":[{"id":10134,"href":"https:\/\/www.jazzzeitung.de\/cms\/wp-json\/wp\/v2\/posts\/10101\/revisions\/10134"}],"wp:attachment":[{"href":"https:\/\/www.jazzzeitung.de\/cms\/wp-json\/wp\/v2\/media?parent=10101"}],"wp:term":[{"taxonomy":"category","embeddable":true,"href":"https:\/\/www.jazzzeitung.de\/cms\/wp-json\/wp\/v2\/categories?post=10101"},{"taxonomy":"post_tag","embeddable":true,"href":"https:\/\/www.jazzzeitung.de\/cms\/wp-json\/wp\/v2\/tags?post=10101"},{"taxonomy":"author","embeddable":true,"href":"https:\/\/www.jazzzeitung.de\/cms\/wp-json\/wp\/v2\/coauthors?post=10101"}],"curies":[{"name":"wp","href":"https:\/\/api.w.org\/{rel}","templated":true}]}}