{"id":10096,"date":"2016-09-21T12:00:23","date_gmt":"2016-09-21T10:00:23","guid":{"rendered":"http:\/\/www.jazzzeitung.de\/cms\/?p=10096"},"modified":"2016-09-19T11:02:36","modified_gmt":"2016-09-19T09:02:36","slug":"newsbass-nightjazzwoche-hannover24-jazzfest-kassel","status":"publish","type":"post","link":"https:\/\/www.jazzzeitung.de\/cms\/2016\/09\/newsbass-nightjazzwoche-hannover24-jazzfest-kassel\/","title":{"rendered":"+++News+++Bass Night+++Jazzwoche Hannover+++24. Jazzfest Kassel"},"content":{"rendered":"<p><strong>\u201eBass Night\u201c: Vier Bassisten gastieren bei Jazzparty II am 5. November in Ingolstadt<\/strong><\/p>\n<p>Mit den Gastspielen der Stanley Clarke Band, der Richard Bona Group, dem Renaud Garc\u00eda-Fons und dem Dieter Ilg Trio ist die<a href=\"https:\/\/www.ingolstaedter-jazztage.de\/news\/\"> Jazzparty II<\/a> im Rahmen der Ingolst\u00e4dter Jazztage in diesem Jahr als \u201eBass Night\u201c \u00fcberschrieben und findet am 5.11.16 im NH Ingolstadt statt.<\/p>\n<p>Wer Bass sagt, denkt an Stanley Clarke. Der aus Philadelphia stammende Musiker und Grammy-Preistr\u00e4ger geh\u00f6rt nicht nur zu den Pionieren des Fusion, er ist auch ma\u00dfgeblich f\u00fcr die Emanzipation des Basses in der zeitgen\u00f6ssischen Musik verantwortlicht. Clarke arbeitete seit Karrierebeginn in den fr\u00fchen 70er Jahren mit K\u00fcnstlern wie Billy Cobham, George Duke, Jeff Beck und Herbie Hancock zusammen, war Mitglied der Band Return To Forever (u.a. Chick Corea, Al Di Meola) und spielte Solo-Alben wie \u201eSchool Days\u201c ein. Gemeinsam mit seinen drei jungen Begleitern \u2013 darunter Wunder-Drummer Michael Mitchell \u2013 bringt er live regelm\u00e4\u00dfig technische Perfektion und \u00fcberbordende Spielfreude auf einen Nenner.<\/p>\n<p>Das gilt auch f\u00fcr die Richard Bona Group. Die nach dem \u201eAfrikanischen Sting\u201c benannte Formation verkn\u00fcpft in ihren Kl\u00e4ngen afrikanische Tradition mit Moderne; Jazz mit Latin, Rock und Worldmusic. Neben seinem eigenen Projekt ist der aus Minta, Kamerun, stammende Bassist auch ein gefragter Sideman. Mike Stern, Lee Ritenour und Bobby McFerrin geh\u00f6ren zu seiner Stammkundschaft.<\/p>\n<p>Einen ganz anderen musikalischen Ansatz verfolgt der franz\u00f6sische Kontrabassist Renaud Garc\u00eda-Fons mit seinem Trio \u201eRevoir Paris\u201c. Der \u201ePaganini des Kontrabass\u201c und ECHO Jazz-Gewinner experimentiert seit 1992 in seinem zw\u00f6lf Alben umfassenden Solo-Werk stets mit vielen musikalischen Einfl\u00fcssen, wobei Jazz und Worldmusic stets die Basis bilden.<\/p>\n<p>Unkonventionell, anspruchsvoll, klassisch motiviert \u2013 und dennoch immer am Groove orientiert: Das Trio um den deutschen Ausnahme-Bassisten Dieter Ilg gastiert bei der Jazz Night mit dem Programm \u201eMein Beethoven\u201c. Damit setzt der ECHO Jazz-Gewinner nach den Alben \u201eOtello\u201c und \u201eParsifal\u201c seine klassisch inspirierte Reise fort.<\/p>\n<p>&nbsp;<\/p>\n<p><strong>Jazzwoche Hannover<\/strong><\/p>\n<p>Vom 21. \u2013 28.10.16 findet das <a href=\"http:\/\/jmihannover.de\/\">Festival f\u00fcr zeitgen\u00f6ssischen Jazz<\/a> in Niedersachsen statt. Pr\u00e4sentiert von der Jazzmusikerinitiative Hannover werden an acht Abenden in sieben unterschiedlichen Locations zeitgen\u00f6ssische Jazzkonzerte gegeben. Von den Nachwuchskr\u00e4ften der Hochschule f\u00fcr Musik, Theater und Medien Hannover, die im Rahmen der Aftershow-Reihe \u201eNeues vom Emmichplatz\u201c auftreten,\u00a0\u00a0 \u00fcber\u00a0\u00a0 die\u00a0\u00a0 regionalen\u00a0\u00a0 Gr\u00f6\u00dfen,\u00a0\u00a0 wie\u00a0\u00a0 z.B.\u00a0\u00a0 das\u00a0\u00a0 Klaus\u00a0\u00a0 Spencker\u00a0\u00a0 &amp;\u00a0\u00a0 Eike Wulfmeier Duo, bis hin zu absoluten Weltstars der Szene wie dem mit dem ECHO Jazz\u00a0\u00a0 ausgezeichneten\u00a0\u00a0 Posaunisten\u00a0\u00a0 Nils\u00a0\u00a0 Wogram\u00a0\u00a0 oder\u00a0\u00a0 dem\u00a0\u00a0 Ausnahmepianisten Alexander von Schlippenbach bietet die diesj\u00e4hrige Jazzwoche ein vielseitiges Programm. Ein Schwerpunkt des Festivals ist die Pr\u00e4sentation des aktuellen und jungen Jazz aus Deutschland, wie z.B. der Band MAKKRO aus K\u00f6ln oder dem Roland Neffe Trio aus Berlin. Au\u00dferdem soll durch zwei Konzerte in der Tonhalle Hannover gezeigt werden, wie wertvoll dieser spezielle Spielort f\u00fcr die freie Jazzszene der Stadt ist.<\/p>\n<p>&nbsp;<\/p>\n<p><strong>24. Jazzfest Kassel<\/strong><\/p>\n<p>Das <a href=\"http:\/\/www.jazzvereinkassel.de\/Jazzfest15\/jazzfest_alle.htm\">24. Jazzfest Kassel<\/a> findet vom 4.11. \u2013 11.11.16\u00a0 an verschiedenen Orten in Kassel statt und wird vom Kasseler Verein Jazzmusik e.V. organisiert.<\/p>\n<p>Programm\u00fcbersicht<\/p>\n<p>Fr. 4. 11. &#8211; Lange Jazznacht \/ Gleis1 \/ 20 Uhr<\/p>\n<p>Sa. 5. 11. &#8211; Gregor Schwellenbach &amp; Norbert Kr\u00e4mer \/ Kulturbunker 20 Uhr<\/p>\n<p>So. 6. 11. &#8211; 3x Oldtime Session Konzert \/ Waldhotel Sch\u00e4ferberg \/ 11 Uhr Workshop-Konzert \/ Schlachthof \/ 18:30 Uhr<\/p>\n<p>Mo. 7. 11. &#8211; Frederik K\u00f6ster: Die Verwandlung \/ Schlachthof<\/p>\n<p>Di. 8. 11. &#8211; Dieter Ilg: mein Beethoven \/ Theaterst\u00fcbchen \/ 20 Uhr<\/p>\n<p>Mi. 9. 11. &#8211; Marco Ambrosini &amp; Jean-Louis Matinier \/ tif \/ 20 Uhr<\/p>\n<p>Do. 10. 11. &#8211; TangoFree \/ Theaterst\u00fcbchen \/ 20 Uhr<\/p>\n<p>Fr. 11. 11. &#8211; Maria Baptist Jazz-Orchestra \/ Schauspielhaus \/ 19:30 Uhr &amp; Vesna Pisarovic: Petit Standard<\/p>\n","protected":false},"excerpt":{"rendered":"<p>\u201eBass Night\u201c: Vier Bassisten gastieren bei Jazzparty II am 5. November in Ingolstadt Mit den Gastspielen der Stanley Clarke Band, der Richard Bona Group, dem Renaud Garc\u00eda-Fons und dem Dieter Ilg Trio ist die Jazzparty II im Rahmen der Ingolst\u00e4dter Jazztage in diesem Jahr als \u201eBass Night\u201c \u00fcberschrieben und findet am 5.11.16 im NH Ingolstadt statt. Wer Bass sagt, denkt an Stanley Clarke. Der aus Philadelphia stammende Musiker und Grammy-Preistr\u00e4ger geh\u00f6rt nicht nur zu den Pionieren des Fusion, er ist auch ma\u00dfgeblich f\u00fcr die Emanzipation des Basses in der zeitgen\u00f6ssischen Musik verantwortlicht. Clarke arbeitete seit Karrierebeginn in den fr\u00fchen 70er Jahren mit K\u00fcnstlern wie Billy Cobham, George Duke, Jeff Beck und Herbie Hancock zusammen, war Mitglied der Band Return To Forever (u.a. Chick Corea, Al Di Meola) und spielte Solo-Alben wie \u201eSchool Days\u201c ein. Gemeinsam mit seinen drei jungen Begleitern \u2013 darunter Wunder-Drummer Michael Mitchell \u2013 bringt er live regelm\u00e4\u00dfig technische Perfektion und \u00fcberbordende Spielfreude auf einen Nenner. Das gilt auch f\u00fcr die Richard Bona Group. Die nach dem \u201eAfrikanischen Sting\u201c benannte Formation verkn\u00fcpft in ihren Kl\u00e4ngen afrikanische Tradition mit Moderne; Jazz mit Latin, Rock &hellip;<\/p>\n","protected":false},"author":18,"featured_media":0,"comment_status":"open","ping_status":"closed","sticky":false,"template":"","format":"standard","meta":{"_jetpack_memberships_contains_paid_content":false,"footnotes":"","jetpack_publicize_message":"","jetpack_publicize_feature_enabled":true,"jetpack_social_post_already_shared":false,"jetpack_social_options":{"image_generator_settings":{"template":"highway","default_image_id":0,"font":"","enabled":false},"version":2}},"categories":[633],"tags":[1043,62,66,76,137,980,157,3,682,189,216,222,751,295,852,322,323,377,431,1170,1250,920,522,20],"coauthors":[695],"class_list":["post-10096","post","type-post","status-publish","format-standard","hentry","category-nachrichten","tag-al-di-meola","tag-beethoven","tag-berlin","tag-billy-cobham","tag-deutschland","tag-echo","tag-echo-jazz","tag-festival","tag-festivals","tag-frederik-koester","tag-hancock","tag-herbie-hancock","tag-jazzfest","tag-jeff-beck","tag-koeln","tag-konzert-2","tag-konzerte","tag-maria-baptist","tag-paris","tag-preistraeger","tag-rock","tag-stanley-clarke","tag-sting","tag-workshop"],"yoast_head":"<!-- This site is optimized with the Yoast SEO plugin v27.5 - https:\/\/yoast.com\/product\/yoast-seo-wordpress\/ -->\n<title>+++News+++Bass Night+++Jazzwoche Hannover+++24. Jazzfest Kassel - JazzZeitung<\/title>\n<meta name=\"robots\" content=\"index, follow, max-snippet:-1, max-image-preview:large, max-video-preview:-1\" \/>\n<link rel=\"canonical\" href=\"https:\/\/www.jazzzeitung.de\/cms\/2016\/09\/newsbass-nightjazzwoche-hannover24-jazzfest-kassel\/\" \/>\n<meta property=\"og:locale\" content=\"de_DE\" \/>\n<meta property=\"og:type\" content=\"article\" \/>\n<meta property=\"og:title\" content=\"+++News+++Bass Night+++Jazzwoche Hannover+++24. Jazzfest Kassel - JazzZeitung\" \/>\n<meta property=\"og:description\" content=\"\u201eBass Night\u201c: Vier Bassisten gastieren bei Jazzparty II am 5. November in Ingolstadt Mit den Gastspielen der Stanley Clarke Band, der Richard Bona Group, dem Renaud Garc\u00eda-Fons und dem Dieter Ilg Trio ist die Jazzparty II im Rahmen der Ingolst\u00e4dter Jazztage in diesem Jahr als \u201eBass Night\u201c \u00fcberschrieben und findet am 5.11.16 im NH Ingolstadt statt. Wer Bass sagt, denkt an Stanley Clarke. Der aus Philadelphia stammende Musiker und Grammy-Preistr\u00e4ger geh\u00f6rt nicht nur zu den Pionieren des Fusion, er ist auch ma\u00dfgeblich f\u00fcr die Emanzipation des Basses in der zeitgen\u00f6ssischen Musik verantwortlicht. Clarke arbeitete seit Karrierebeginn in den fr\u00fchen 70er Jahren mit K\u00fcnstlern wie Billy Cobham, George Duke, Jeff Beck und Herbie Hancock zusammen, war Mitglied der Band Return To Forever (u.a. Chick Corea, Al Di Meola) und spielte Solo-Alben wie \u201eSchool Days\u201c ein. Gemeinsam mit seinen drei jungen Begleitern \u2013 darunter Wunder-Drummer Michael Mitchell \u2013 bringt er live regelm\u00e4\u00dfig technische Perfektion und \u00fcberbordende Spielfreude auf einen Nenner. Das gilt auch f\u00fcr die Richard Bona Group. Die nach dem \u201eAfrikanischen Sting\u201c benannte Formation verkn\u00fcpft in ihren Kl\u00e4ngen afrikanische Tradition mit Moderne; Jazz mit Latin, Rock &hellip;\" \/>\n<meta property=\"og:url\" content=\"https:\/\/www.jazzzeitung.de\/cms\/2016\/09\/newsbass-nightjazzwoche-hannover24-jazzfest-kassel\/\" \/>\n<meta property=\"og:site_name\" content=\"JazzZeitung\" \/>\n<meta property=\"article:publisher\" content=\"https:\/\/www.facebook.com\/JazzZeitung\/\" \/>\n<meta property=\"article:published_time\" content=\"2016-09-21T10:00:23+00:00\" \/>\n<meta property=\"og:image\" content=\"https:\/\/i0.wp.com\/www.jazzzeitung.de\/cms\/wp-content\/uploads\/2012\/01\/ipad-logo-200.png?fit=200%2C200&ssl=1\" \/>\n\t<meta property=\"og:image:width\" content=\"200\" \/>\n\t<meta property=\"og:image:height\" content=\"200\" \/>\n\t<meta property=\"og:image:type\" content=\"image\/png\" \/>\n<meta name=\"author\" content=\"Redaktion JazzZeitung\" \/>\n<script type=\"application\/ld+json\" class=\"yoast-schema-graph\">{\"@context\":\"https:\\\/\\\/schema.org\",\"@graph\":[{\"@type\":\"Article\",\"@id\":\"https:\\\/\\\/www.jazzzeitung.de\\\/cms\\\/2016\\\/09\\\/newsbass-nightjazzwoche-hannover24-jazzfest-kassel\\\/#article\",\"isPartOf\":{\"@id\":\"https:\\\/\\\/www.jazzzeitung.de\\\/cms\\\/2016\\\/09\\\/newsbass-nightjazzwoche-hannover24-jazzfest-kassel\\\/\"},\"author\":{\"name\":\"Redaktion JazzZeitung\",\"@id\":\"https:\\\/\\\/www.jazzzeitung.de\\\/cms\\\/#\\\/schema\\\/person\\\/2245b36b9cd1d24cea10f01c031fb92b\"},\"headline\":\"+++News+++Bass Night+++Jazzwoche Hannover+++24. Jazzfest Kassel\",\"datePublished\":\"2016-09-21T10:00:23+00:00\",\"mainEntityOfPage\":{\"@id\":\"https:\\\/\\\/www.jazzzeitung.de\\\/cms\\\/2016\\\/09\\\/newsbass-nightjazzwoche-hannover24-jazzfest-kassel\\\/\"},\"wordCount\":578,\"commentCount\":0,\"publisher\":{\"@id\":\"https:\\\/\\\/www.jazzzeitung.de\\\/cms\\\/#organization\"},\"keywords\":[\"Al Di Meola\",\"Beethoven\",\"Berlin\",\"Billy Cobham\",\"Deutschland\",\"ECHO\",\"Echo Jazz\",\"Festival\",\"Festivals\",\"Frederik K\u00f6ster\",\"Hancock\",\"Herbie Hancock\",\"Jazzfest\",\"Jeff Beck\",\"K\u00f6ln\",\"Konzert\",\"Konzerte\",\"maria baptist\",\"Paris\",\"Preistr\u00e4ger\",\"Rock\",\"Stanley Clarke\",\"Sting\",\"Workshop\"],\"articleSection\":[\"News\"],\"inLanguage\":\"de\",\"potentialAction\":[{\"@type\":\"CommentAction\",\"name\":\"Comment\",\"target\":[\"https:\\\/\\\/www.jazzzeitung.de\\\/cms\\\/2016\\\/09\\\/newsbass-nightjazzwoche-hannover24-jazzfest-kassel\\\/#respond\"]}]},{\"@type\":\"WebPage\",\"@id\":\"https:\\\/\\\/www.jazzzeitung.de\\\/cms\\\/2016\\\/09\\\/newsbass-nightjazzwoche-hannover24-jazzfest-kassel\\\/\",\"url\":\"https:\\\/\\\/www.jazzzeitung.de\\\/cms\\\/2016\\\/09\\\/newsbass-nightjazzwoche-hannover24-jazzfest-kassel\\\/\",\"name\":\"+++News+++Bass Night+++Jazzwoche Hannover+++24. Jazzfest Kassel - JazzZeitung\",\"isPartOf\":{\"@id\":\"https:\\\/\\\/www.jazzzeitung.de\\\/cms\\\/#website\"},\"datePublished\":\"2016-09-21T10:00:23+00:00\",\"breadcrumb\":{\"@id\":\"https:\\\/\\\/www.jazzzeitung.de\\\/cms\\\/2016\\\/09\\\/newsbass-nightjazzwoche-hannover24-jazzfest-kassel\\\/#breadcrumb\"},\"inLanguage\":\"de\",\"potentialAction\":[{\"@type\":\"ReadAction\",\"target\":[\"https:\\\/\\\/www.jazzzeitung.de\\\/cms\\\/2016\\\/09\\\/newsbass-nightjazzwoche-hannover24-jazzfest-kassel\\\/\"]}]},{\"@type\":\"BreadcrumbList\",\"@id\":\"https:\\\/\\\/www.jazzzeitung.de\\\/cms\\\/2016\\\/09\\\/newsbass-nightjazzwoche-hannover24-jazzfest-kassel\\\/#breadcrumb\",\"itemListElement\":[{\"@type\":\"ListItem\",\"position\":1,\"name\":\"Startseite\",\"item\":\"https:\\\/\\\/www.jazzzeitung.de\\\/cms\\\/\"},{\"@type\":\"ListItem\",\"position\":2,\"name\":\"+++News+++Bass Night+++Jazzwoche Hannover+++24. Jazzfest Kassel\"}]},{\"@type\":\"WebSite\",\"@id\":\"https:\\\/\\\/www.jazzzeitung.de\\\/cms\\\/#website\",\"url\":\"https:\\\/\\\/www.jazzzeitung.de\\\/cms\\\/\",\"name\":\"JazzZeitung\",\"description\":\"Jazz-News und Jazz-Kontroverses\",\"publisher\":{\"@id\":\"https:\\\/\\\/www.jazzzeitung.de\\\/cms\\\/#organization\"},\"potentialAction\":[{\"@type\":\"SearchAction\",\"target\":{\"@type\":\"EntryPoint\",\"urlTemplate\":\"https:\\\/\\\/www.jazzzeitung.de\\\/cms\\\/?s={search_term_string}\"},\"query-input\":{\"@type\":\"PropertyValueSpecification\",\"valueRequired\":true,\"valueName\":\"search_term_string\"}}],\"inLanguage\":\"de\"},{\"@type\":\"Organization\",\"@id\":\"https:\\\/\\\/www.jazzzeitung.de\\\/cms\\\/#organization\",\"name\":\"JazzZeitung online\",\"url\":\"https:\\\/\\\/www.jazzzeitung.de\\\/cms\\\/\",\"logo\":{\"@type\":\"ImageObject\",\"inLanguage\":\"de\",\"@id\":\"https:\\\/\\\/www.jazzzeitung.de\\\/cms\\\/#\\\/schema\\\/logo\\\/image\\\/\",\"url\":\"https:\\\/\\\/i0.wp.com\\\/www.jazzzeitung.de\\\/cms\\\/wp-content\\\/uploads\\\/2015\\\/08\\\/JAZZZEITUNGDE_Logo_Neu.png?fit=499%2C200&ssl=1\",\"contentUrl\":\"https:\\\/\\\/i0.wp.com\\\/www.jazzzeitung.de\\\/cms\\\/wp-content\\\/uploads\\\/2015\\\/08\\\/JAZZZEITUNGDE_Logo_Neu.png?fit=499%2C200&ssl=1\",\"width\":499,\"height\":200,\"caption\":\"JazzZeitung online\"},\"image\":{\"@id\":\"https:\\\/\\\/www.jazzzeitung.de\\\/cms\\\/#\\\/schema\\\/logo\\\/image\\\/\"},\"sameAs\":[\"https:\\\/\\\/www.facebook.com\\\/JazzZeitung\\\/\"]},{\"@type\":\"Person\",\"@id\":\"https:\\\/\\\/www.jazzzeitung.de\\\/cms\\\/#\\\/schema\\\/person\\\/2245b36b9cd1d24cea10f01c031fb92b\",\"name\":\"Redaktion JazzZeitung\",\"image\":{\"@type\":\"ImageObject\",\"inLanguage\":\"de\",\"@id\":\"https:\\\/\\\/i0.wp.com\\\/www.jazzzeitung.de\\\/cms\\\/wp-content\\\/uploads\\\/2015\\\/08\\\/JAZZZEITUNGDE_Logo_Neu.png?resize=96%2C96&ssl=159975dcacb611b5700bd619b5daf0a7a\",\"url\":\"https:\\\/\\\/i0.wp.com\\\/www.jazzzeitung.de\\\/cms\\\/wp-content\\\/uploads\\\/2015\\\/08\\\/JAZZZEITUNGDE_Logo_Neu.png?resize=96%2C96&ssl=1\",\"contentUrl\":\"https:\\\/\\\/i0.wp.com\\\/www.jazzzeitung.de\\\/cms\\\/wp-content\\\/uploads\\\/2015\\\/08\\\/JAZZZEITUNGDE_Logo_Neu.png?resize=96%2C96&ssl=1\",\"caption\":\"Redaktion JazzZeitung\"},\"description\":\"Artikel der Redaktion der JazzZeitung.\",\"sameAs\":[\"http:\\\/\\\/www.jazzzeitung.de\\\/cms\\\/\"],\"url\":\"https:\\\/\\\/www.jazzzeitung.de\\\/cms\\\/author\\\/redaktion\\\/\"}]}<\/script>\n<!-- \/ Yoast SEO plugin. -->","yoast_head_json":{"title":"+++News+++Bass Night+++Jazzwoche Hannover+++24. Jazzfest Kassel - JazzZeitung","robots":{"index":"index","follow":"follow","max-snippet":"max-snippet:-1","max-image-preview":"max-image-preview:large","max-video-preview":"max-video-preview:-1"},"canonical":"https:\/\/www.jazzzeitung.de\/cms\/2016\/09\/newsbass-nightjazzwoche-hannover24-jazzfest-kassel\/","og_locale":"de_DE","og_type":"article","og_title":"+++News+++Bass Night+++Jazzwoche Hannover+++24. Jazzfest Kassel - JazzZeitung","og_description":"\u201eBass Night\u201c: Vier Bassisten gastieren bei Jazzparty II am 5. November in Ingolstadt Mit den Gastspielen der Stanley Clarke Band, der Richard Bona Group, dem Renaud Garc\u00eda-Fons und dem Dieter Ilg Trio ist die Jazzparty II im Rahmen der Ingolst\u00e4dter Jazztage in diesem Jahr als \u201eBass Night\u201c \u00fcberschrieben und findet am 5.11.16 im NH Ingolstadt statt. Wer Bass sagt, denkt an Stanley Clarke. Der aus Philadelphia stammende Musiker und Grammy-Preistr\u00e4ger geh\u00f6rt nicht nur zu den Pionieren des Fusion, er ist auch ma\u00dfgeblich f\u00fcr die Emanzipation des Basses in der zeitgen\u00f6ssischen Musik verantwortlicht. Clarke arbeitete seit Karrierebeginn in den fr\u00fchen 70er Jahren mit K\u00fcnstlern wie Billy Cobham, George Duke, Jeff Beck und Herbie Hancock zusammen, war Mitglied der Band Return To Forever (u.a. Chick Corea, Al Di Meola) und spielte Solo-Alben wie \u201eSchool Days\u201c ein. Gemeinsam mit seinen drei jungen Begleitern \u2013 darunter Wunder-Drummer Michael Mitchell \u2013 bringt er live regelm\u00e4\u00dfig technische Perfektion und \u00fcberbordende Spielfreude auf einen Nenner. Das gilt auch f\u00fcr die Richard Bona Group. Die nach dem \u201eAfrikanischen Sting\u201c benannte Formation verkn\u00fcpft in ihren Kl\u00e4ngen afrikanische Tradition mit Moderne; Jazz mit Latin, Rock &hellip;","og_url":"https:\/\/www.jazzzeitung.de\/cms\/2016\/09\/newsbass-nightjazzwoche-hannover24-jazzfest-kassel\/","og_site_name":"JazzZeitung","article_publisher":"https:\/\/www.facebook.com\/JazzZeitung\/","article_published_time":"2016-09-21T10:00:23+00:00","og_image":[{"width":200,"height":200,"url":"https:\/\/i0.wp.com\/www.jazzzeitung.de\/cms\/wp-content\/uploads\/2012\/01\/ipad-logo-200.png?fit=200%2C200&ssl=1","type":"image\/png"}],"author":"Redaktion JazzZeitung","schema":{"@context":"https:\/\/schema.org","@graph":[{"@type":"Article","@id":"https:\/\/www.jazzzeitung.de\/cms\/2016\/09\/newsbass-nightjazzwoche-hannover24-jazzfest-kassel\/#article","isPartOf":{"@id":"https:\/\/www.jazzzeitung.de\/cms\/2016\/09\/newsbass-nightjazzwoche-hannover24-jazzfest-kassel\/"},"author":{"name":"Redaktion JazzZeitung","@id":"https:\/\/www.jazzzeitung.de\/cms\/#\/schema\/person\/2245b36b9cd1d24cea10f01c031fb92b"},"headline":"+++News+++Bass Night+++Jazzwoche Hannover+++24. Jazzfest Kassel","datePublished":"2016-09-21T10:00:23+00:00","mainEntityOfPage":{"@id":"https:\/\/www.jazzzeitung.de\/cms\/2016\/09\/newsbass-nightjazzwoche-hannover24-jazzfest-kassel\/"},"wordCount":578,"commentCount":0,"publisher":{"@id":"https:\/\/www.jazzzeitung.de\/cms\/#organization"},"keywords":["Al Di Meola","Beethoven","Berlin","Billy Cobham","Deutschland","ECHO","Echo Jazz","Festival","Festivals","Frederik K\u00f6ster","Hancock","Herbie Hancock","Jazzfest","Jeff Beck","K\u00f6ln","Konzert","Konzerte","maria baptist","Paris","Preistr\u00e4ger","Rock","Stanley Clarke","Sting","Workshop"],"articleSection":["News"],"inLanguage":"de","potentialAction":[{"@type":"CommentAction","name":"Comment","target":["https:\/\/www.jazzzeitung.de\/cms\/2016\/09\/newsbass-nightjazzwoche-hannover24-jazzfest-kassel\/#respond"]}]},{"@type":"WebPage","@id":"https:\/\/www.jazzzeitung.de\/cms\/2016\/09\/newsbass-nightjazzwoche-hannover24-jazzfest-kassel\/","url":"https:\/\/www.jazzzeitung.de\/cms\/2016\/09\/newsbass-nightjazzwoche-hannover24-jazzfest-kassel\/","name":"+++News+++Bass Night+++Jazzwoche Hannover+++24. Jazzfest Kassel - JazzZeitung","isPartOf":{"@id":"https:\/\/www.jazzzeitung.de\/cms\/#website"},"datePublished":"2016-09-21T10:00:23+00:00","breadcrumb":{"@id":"https:\/\/www.jazzzeitung.de\/cms\/2016\/09\/newsbass-nightjazzwoche-hannover24-jazzfest-kassel\/#breadcrumb"},"inLanguage":"de","potentialAction":[{"@type":"ReadAction","target":["https:\/\/www.jazzzeitung.de\/cms\/2016\/09\/newsbass-nightjazzwoche-hannover24-jazzfest-kassel\/"]}]},{"@type":"BreadcrumbList","@id":"https:\/\/www.jazzzeitung.de\/cms\/2016\/09\/newsbass-nightjazzwoche-hannover24-jazzfest-kassel\/#breadcrumb","itemListElement":[{"@type":"ListItem","position":1,"name":"Startseite","item":"https:\/\/www.jazzzeitung.de\/cms\/"},{"@type":"ListItem","position":2,"name":"+++News+++Bass Night+++Jazzwoche Hannover+++24. Jazzfest Kassel"}]},{"@type":"WebSite","@id":"https:\/\/www.jazzzeitung.de\/cms\/#website","url":"https:\/\/www.jazzzeitung.de\/cms\/","name":"JazzZeitung","description":"Jazz-News und Jazz-Kontroverses","publisher":{"@id":"https:\/\/www.jazzzeitung.de\/cms\/#organization"},"potentialAction":[{"@type":"SearchAction","target":{"@type":"EntryPoint","urlTemplate":"https:\/\/www.jazzzeitung.de\/cms\/?s={search_term_string}"},"query-input":{"@type":"PropertyValueSpecification","valueRequired":true,"valueName":"search_term_string"}}],"inLanguage":"de"},{"@type":"Organization","@id":"https:\/\/www.jazzzeitung.de\/cms\/#organization","name":"JazzZeitung online","url":"https:\/\/www.jazzzeitung.de\/cms\/","logo":{"@type":"ImageObject","inLanguage":"de","@id":"https:\/\/www.jazzzeitung.de\/cms\/#\/schema\/logo\/image\/","url":"https:\/\/i0.wp.com\/www.jazzzeitung.de\/cms\/wp-content\/uploads\/2015\/08\/JAZZZEITUNGDE_Logo_Neu.png?fit=499%2C200&ssl=1","contentUrl":"https:\/\/i0.wp.com\/www.jazzzeitung.de\/cms\/wp-content\/uploads\/2015\/08\/JAZZZEITUNGDE_Logo_Neu.png?fit=499%2C200&ssl=1","width":499,"height":200,"caption":"JazzZeitung online"},"image":{"@id":"https:\/\/www.jazzzeitung.de\/cms\/#\/schema\/logo\/image\/"},"sameAs":["https:\/\/www.facebook.com\/JazzZeitung\/"]},{"@type":"Person","@id":"https:\/\/www.jazzzeitung.de\/cms\/#\/schema\/person\/2245b36b9cd1d24cea10f01c031fb92b","name":"Redaktion JazzZeitung","image":{"@type":"ImageObject","inLanguage":"de","@id":"https:\/\/i0.wp.com\/www.jazzzeitung.de\/cms\/wp-content\/uploads\/2015\/08\/JAZZZEITUNGDE_Logo_Neu.png?resize=96%2C96&ssl=159975dcacb611b5700bd619b5daf0a7a","url":"https:\/\/i0.wp.com\/www.jazzzeitung.de\/cms\/wp-content\/uploads\/2015\/08\/JAZZZEITUNGDE_Logo_Neu.png?resize=96%2C96&ssl=1","contentUrl":"https:\/\/i0.wp.com\/www.jazzzeitung.de\/cms\/wp-content\/uploads\/2015\/08\/JAZZZEITUNGDE_Logo_Neu.png?resize=96%2C96&ssl=1","caption":"Redaktion JazzZeitung"},"description":"Artikel der Redaktion der JazzZeitung.","sameAs":["http:\/\/www.jazzzeitung.de\/cms\/"],"url":"https:\/\/www.jazzzeitung.de\/cms\/author\/redaktion\/"}]}},"wp-worthy-pixel":{"ignored":false,"public":null,"server":null,"url":null},"wp-worthy-type":"normal","jetpack_publicize_connections":[],"cc_featured_image_caption":{"caption_text":false,"source_text":false,"source_url":false},"jetpack_featured_media_url":"","jetpack_shortlink":"https:\/\/wp.me\/p3KEcT-2CQ","jetpack-related-posts":[{"id":9361,"url":"https:\/\/www.jazzzeitung.de\/cms\/2016\/05\/news-mehrere-jazzevents-klopfen-der-tuer-erdingen-goerlitz-und-im-spaetherbst-dresden\/","url_meta":{"origin":10096,"position":0},"title":"+++ News: +++ Mehrere Jazzevents klopfen an der T\u00fcr: Erding, G\u00f6rlitz und im Sp\u00e4therbst: Dresden +++","author":"Redaktion JazzZeitung","date":"20. Mai 2016","format":false,"excerpt":"Einige Jazzevents klopfen nun an die T\u00fcr \u2013 beginnend am 25. Mai in Erding \u00fcber G\u00f6rlitz am 26. Mai bis nach Dresden, wo am 2. Juni der Kartenvorverkauf f\u00fcr die Dresdener Jazztage startet. Am Mittwoch geht es wieder los mit den Konzerten des Jazz Project Erding im renovierten und neu\u2026","rel":"","context":"In &quot;News&quot;","block_context":{"text":"News","link":"https:\/\/www.jazzzeitung.de\/cms\/thema\/nachrichten\/"},"img":{"alt_text":"","src":"https:\/\/i0.wp.com\/www.jazzzeitung.de\/cms\/wp-content\/uploads\/2016\/05\/JazzLegends-feat-Julia-Schroeter_800x367_4w3.jpg?resize=350%2C200","width":350,"height":200},"classes":[]},{"id":4788,"url":"https:\/\/www.jazzzeitung.de\/cms\/2014\/11\/breaking-news-3-11-2014-besucherrekord-beim-jazzfest-berlin-aalener-jazzfest-im-tv-junger-muenchner-jazzpreis\/","url_meta":{"origin":10096,"position":1},"title":"Breaking News +++ 3.11.2014: Besucherrekord beim Jazzfest Berlin +++ Aalener Jazzfest im TV +++ Junger M\u00fcnchner Jazzpreis","author":"Redaktion JazzZeitung","date":"3. November 2014","format":false,"excerpt":"Besucherrekord zum 50. Jubil\u00e4um des Jazzfest\u00a0Berlin Mit\u00a0gro\u00dfem\u00a0Applaus\u00a0f\u00fcr Jason Moran und seine Auftritte mit The Bandwagon und dem neuen Projekt \u201eFats Waller Dance Party\u201c sowie f\u00fcr die Band Mostly Other People Do the Killing im gro\u00dfen Saal im Haus der Berliner Festspiele und einer anschlie\u00dfenden Party auf der Seitenb\u00fchne mit Brass\u2026","rel":"","context":"In &quot;News&quot;","block_context":{"text":"News","link":"https:\/\/www.jazzzeitung.de\/cms\/thema\/nachrichten\/"},"img":{"alt_text":"","src":"","width":0,"height":0},"classes":[]},{"id":31835,"url":"https:\/\/www.jazzzeitung.de\/cms\/2024\/11\/jan-garbarek-group-bei-den-ingolstaedter-jazztagen\/","url_meta":{"origin":10096,"position":2},"title":"Jan Garbarek Group bei den Ingolst\u00e4dter Jazztagen","author":"Redaktion JazzZeitung","date":"8. November 2024","format":false,"excerpt":"(Von Thomas J. Krebs) Die Ingolst\u00e4dter Jazztage sind eine \u00fcber die Jahre gewachsene, feste Institution und nicht zuletzt das musikalische Aush\u00e4ngeschild der Stadt. Seit 41 Jahren findet dieses vielseitige und abwechslungsreiche Jazzfest mit nationalen Acts, Geheimtipps, Newcomern, vor allem aber auch den gro\u00dfen Namen des Jazz statt. Nachdem der bisherige\u2026","rel":"","context":"In &quot;Bericht&quot;","block_context":{"text":"Bericht","link":"https:\/\/www.jazzzeitung.de\/cms\/thema\/bericht\/"},"img":{"alt_text":"","src":"https:\/\/i0.wp.com\/www.jazzzeitung.de\/cms\/wp-content\/uploads\/2024\/11\/P1378356-Jan-Garbarek-Group-Foto-TJ-Krebs.jpg?fit=1200%2C799&ssl=1&resize=350%2C200","width":350,"height":200,"srcset":"https:\/\/i0.wp.com\/www.jazzzeitung.de\/cms\/wp-content\/uploads\/2024\/11\/P1378356-Jan-Garbarek-Group-Foto-TJ-Krebs.jpg?fit=1200%2C799&ssl=1&resize=350%2C200 1x, https:\/\/i0.wp.com\/www.jazzzeitung.de\/cms\/wp-content\/uploads\/2024\/11\/P1378356-Jan-Garbarek-Group-Foto-TJ-Krebs.jpg?fit=1200%2C799&ssl=1&resize=525%2C300 1.5x, https:\/\/i0.wp.com\/www.jazzzeitung.de\/cms\/wp-content\/uploads\/2024\/11\/P1378356-Jan-Garbarek-Group-Foto-TJ-Krebs.jpg?fit=1200%2C799&ssl=1&resize=700%2C400 2x, https:\/\/i0.wp.com\/www.jazzzeitung.de\/cms\/wp-content\/uploads\/2024\/11\/P1378356-Jan-Garbarek-Group-Foto-TJ-Krebs.jpg?fit=1200%2C799&ssl=1&resize=1050%2C600 3x"},"classes":[]},{"id":16811,"url":"https:\/\/www.jazzzeitung.de\/cms\/2018\/07\/mehr-als-eine-riesenparty-der-27-jazzsommer-im-bayerischen-hof\/","url_meta":{"origin":10096,"position":3},"title":"Mehr als eine Riesenparty: der 27. Jazzsommer im Bayerischen Hof","author":"Redaktion JazzZeitung","date":"31. Juli 2018","format":false,"excerpt":"Im Prinzip ist es jedes Jahr das Gleiche: man freut sich auf eine spannende Woche im Hotel Bayerischer Hof, bekommt ein erstklassiges Programm geboten, feiert ab, h\u00f6rt zu, trifft Musiker, Freunde und Bekannte, tauscht sich aus, l\u00e4sst sich inspirieren und am Morgen nach dem letzten Abend des Festivals setzt mit\u2026","rel":"","context":"In &quot;Bericht&quot;","block_context":{"text":"Bericht","link":"https:\/\/www.jazzzeitung.de\/cms\/thema\/bericht\/"},"img":{"alt_text":"","src":"https:\/\/i0.wp.com\/www.jazzzeitung.de\/cms\/wp-content\/uploads\/2018\/07\/Incognito-Foto-TJ-Krebs-jazzphotoagency%40web.de_.jpg?fit=1200%2C800&ssl=1&resize=350%2C200","width":350,"height":200,"srcset":"https:\/\/i0.wp.com\/www.jazzzeitung.de\/cms\/wp-content\/uploads\/2018\/07\/Incognito-Foto-TJ-Krebs-jazzphotoagency%40web.de_.jpg?fit=1200%2C800&ssl=1&resize=350%2C200 1x, https:\/\/i0.wp.com\/www.jazzzeitung.de\/cms\/wp-content\/uploads\/2018\/07\/Incognito-Foto-TJ-Krebs-jazzphotoagency%40web.de_.jpg?fit=1200%2C800&ssl=1&resize=525%2C300 1.5x, https:\/\/i0.wp.com\/www.jazzzeitung.de\/cms\/wp-content\/uploads\/2018\/07\/Incognito-Foto-TJ-Krebs-jazzphotoagency%40web.de_.jpg?fit=1200%2C800&ssl=1&resize=700%2C400 2x, https:\/\/i0.wp.com\/www.jazzzeitung.de\/cms\/wp-content\/uploads\/2018\/07\/Incognito-Foto-TJ-Krebs-jazzphotoagency%40web.de_.jpg?fit=1200%2C800&ssl=1&resize=1050%2C600 3x"},"classes":[]},{"id":21816,"url":"https:\/\/www.jazzzeitung.de\/cms\/2020\/01\/wie-man-opener-bei-der-jazzopen-stuttgart-werden-kann\/","url_meta":{"origin":10096,"position":4},"title":"Wie man Opener bei der jazzopen-Stuttgart werden kann","author":"Redaktion JazzZeitung","date":"30. Januar 2020","format":false,"excerpt":"Das Festival jazzopen in Stuttgart hat sein Programm bekanntgegeben und mit dem Vorverkauf begonnen. Bevor hier mehr \u00fcber die K\u00fcnstler der Festivalausgabe 2020 gesagt wird, ein Hinweis auf eine Bewerbungsfrist: Der vom Land Baden-W\u00fcrttemberg unterst\u00fctzte Bandnachwuchs-Wettbewerb \"playground BW\" wird auch in diesem Jahr ausgelobt. Einsendeschluss ist der 31. M\u00e4rz, die\u2026","rel":"","context":"In &quot;News&quot;","block_context":{"text":"News","link":"https:\/\/www.jazzzeitung.de\/cms\/thema\/nachrichten\/"},"img":{"alt_text":"","src":"https:\/\/i0.wp.com\/www.jazzzeitung.de\/cms\/wp-content\/uploads\/2017\/07\/034_JanDelay-DiskoNo.1_Foto-van-Loon.jpg?fit=1200%2C709&ssl=1&resize=350%2C200","width":350,"height":200,"srcset":"https:\/\/i0.wp.com\/www.jazzzeitung.de\/cms\/wp-content\/uploads\/2017\/07\/034_JanDelay-DiskoNo.1_Foto-van-Loon.jpg?fit=1200%2C709&ssl=1&resize=350%2C200 1x, https:\/\/i0.wp.com\/www.jazzzeitung.de\/cms\/wp-content\/uploads\/2017\/07\/034_JanDelay-DiskoNo.1_Foto-van-Loon.jpg?fit=1200%2C709&ssl=1&resize=525%2C300 1.5x, https:\/\/i0.wp.com\/www.jazzzeitung.de\/cms\/wp-content\/uploads\/2017\/07\/034_JanDelay-DiskoNo.1_Foto-van-Loon.jpg?fit=1200%2C709&ssl=1&resize=700%2C400 2x, https:\/\/i0.wp.com\/www.jazzzeitung.de\/cms\/wp-content\/uploads\/2017\/07\/034_JanDelay-DiskoNo.1_Foto-van-Loon.jpg?fit=1200%2C709&ssl=1&resize=1050%2C600 3x"},"classes":[]},{"id":17199,"url":"https:\/\/www.jazzzeitung.de\/cms\/2018\/09\/news-goettinger-jazzfestival-stellt-programm-vor-dusko-gojkovic-im-musiksalon-diessen-zweimal-30-jaehriges-jublium-das-bujazzo-und-ljjo-hamburg-in-der-elbphilharmonie-kunsthaus-mi\/","url_meta":{"origin":10096,"position":5},"title":"+++ News +++ G\u00f6ttinger Jazzfestival stellt Programm vor +++ Dusko Gojkovic im Musiksalon Die\u00dfen +++ Zweimal 30-j\u00e4hriges Jublium: Das BujazzO und LJJO Hamburg in der Elbphilharmonie +++ Kunsthaus Michel empf\u00e4ngt Fl\u00f6tist Fernando Fracassi +++","author":"Redaktion JazzZeitung","date":"11. September 2018","format":false,"excerpt":"+++ G\u00f6ttinger Jazzfestival stellt Programm vor +++ Auch in seiner 41. Auflage pr\u00e4sentiert das G\u00f6ttinger Jazzfestival vom 10. bis 18. November 2018 internationale K\u00fcnstler sowie zahlreiche Bands der lokalen Szene, die das Publikum \u00fcber eine Woche an diversen Spielst\u00e4tten wie Deutsches Theater, Altes Rathaus und Literarisches Zentrum unterhalten. Unter anderem\u2026","rel":"","context":"In &quot;News&quot;","block_context":{"text":"News","link":"https:\/\/www.jazzzeitung.de\/cms\/thema\/nachrichten\/"},"img":{"alt_text":"","src":"https:\/\/i0.wp.com\/www.jazzzeitung.de\/cms\/wp-content\/uploads\/2018\/09\/MAC1116-Stanley-Clarke-by-Raj-Naik_-PR587.jpg?fit=1200%2C800&ssl=1&resize=350%2C200","width":350,"height":200,"srcset":"https:\/\/i0.wp.com\/www.jazzzeitung.de\/cms\/wp-content\/uploads\/2018\/09\/MAC1116-Stanley-Clarke-by-Raj-Naik_-PR587.jpg?fit=1200%2C800&ssl=1&resize=350%2C200 1x, https:\/\/i0.wp.com\/www.jazzzeitung.de\/cms\/wp-content\/uploads\/2018\/09\/MAC1116-Stanley-Clarke-by-Raj-Naik_-PR587.jpg?fit=1200%2C800&ssl=1&resize=525%2C300 1.5x, https:\/\/i0.wp.com\/www.jazzzeitung.de\/cms\/wp-content\/uploads\/2018\/09\/MAC1116-Stanley-Clarke-by-Raj-Naik_-PR587.jpg?fit=1200%2C800&ssl=1&resize=700%2C400 2x, https:\/\/i0.wp.com\/www.jazzzeitung.de\/cms\/wp-content\/uploads\/2018\/09\/MAC1116-Stanley-Clarke-by-Raj-Naik_-PR587.jpg?fit=1200%2C800&ssl=1&resize=1050%2C600 3x"},"classes":[]}],"jetpack_sharing_enabled":true,"_links":{"self":[{"href":"https:\/\/www.jazzzeitung.de\/cms\/wp-json\/wp\/v2\/posts\/10096","targetHints":{"allow":["GET"]}}],"collection":[{"href":"https:\/\/www.jazzzeitung.de\/cms\/wp-json\/wp\/v2\/posts"}],"about":[{"href":"https:\/\/www.jazzzeitung.de\/cms\/wp-json\/wp\/v2\/types\/post"}],"author":[{"embeddable":true,"href":"https:\/\/www.jazzzeitung.de\/cms\/wp-json\/wp\/v2\/users\/18"}],"replies":[{"embeddable":true,"href":"https:\/\/www.jazzzeitung.de\/cms\/wp-json\/wp\/v2\/comments?post=10096"}],"version-history":[{"count":2,"href":"https:\/\/www.jazzzeitung.de\/cms\/wp-json\/wp\/v2\/posts\/10096\/revisions"}],"predecessor-version":[{"id":10099,"href":"https:\/\/www.jazzzeitung.de\/cms\/wp-json\/wp\/v2\/posts\/10096\/revisions\/10099"}],"wp:attachment":[{"href":"https:\/\/www.jazzzeitung.de\/cms\/wp-json\/wp\/v2\/media?parent=10096"}],"wp:term":[{"taxonomy":"category","embeddable":true,"href":"https:\/\/www.jazzzeitung.de\/cms\/wp-json\/wp\/v2\/categories?post=10096"},{"taxonomy":"post_tag","embeddable":true,"href":"https:\/\/www.jazzzeitung.de\/cms\/wp-json\/wp\/v2\/tags?post=10096"},{"taxonomy":"author","embeddable":true,"href":"https:\/\/www.jazzzeitung.de\/cms\/wp-json\/wp\/v2\/coauthors?post=10096"}],"curies":[{"name":"wp","href":"https:\/\/api.w.org\/{rel}","templated":true}]}}