{"id":10045,"date":"2016-09-16T12:00:07","date_gmt":"2016-09-16T10:00:07","guid":{"rendered":"http:\/\/www.jazzzeitung.de\/cms\/?p=10045"},"modified":"2016-09-13T12:36:02","modified_gmt":"2016-09-13T10:36:02","slug":"newsaustro-bavarian-jazz-connectionzweites-festival-fuer-improvisierte-musik-augsburg-ffimaartsession-vernissage","status":"publish","type":"post","link":"https:\/\/www.jazzzeitung.de\/cms\/2016\/09\/newsaustro-bavarian-jazz-connectionzweites-festival-fuer-improvisierte-musik-augsburg-ffimaartsession-vernissage\/","title":{"rendered":"+++News+++Austro-Bavarian Jazz Connection+++Zweites Festival f\u00fcr Improvisierte Musik Augsburg (FfIMA)+++Artsession &#8211; Vernissage"},"content":{"rendered":"<p><strong>Austro-Bavarian Jazz Connection<\/strong><\/p>\n<p>Am 16.9.16 wird die Austro-Bavarian Jazz Connection im Alten Wirt in Hohenbrunn gastieren. Die Musiker aus Bayern und \u00d6sterreicher gr\u00fcndeten \u00fcber alle Sprachbarrieren hinweg eine Formation und waren vom ersten Konzert ab begeistert. Jetzt wird die Reihe in Hohenbrunn mit einem Programm aus Standards, Latin- und Funkst\u00fccken sowie gef\u00fchlvolle Balladen fortgef\u00fchrt. Mit dabei sind dieses Mal:<\/p>\n<p>Christoph H\u00f6rmann &#8211; Tenorsaxofon<\/p>\n<p>Der nach seinem Studium in W\u00fcrzburg und bei Leszek Zadlo mehrfach mit Preisen (u.a. Ingolst\u00e4dter Jazztage Award, Kulturf\u00f6rderpreis) ausgezeichnete Pfaffenhofener ist neben seinen Engagements in bayerischen Bigbands und Combos als Dozent f\u00fcr Improvisation und Bigbandleitung an der Regensburger Musikhochschule t\u00e4tig. Er blickt auf eine umfangreiche Konzertt\u00e4tigkeit mit namhaften K\u00fcnstlern, Musicalproduktionen und verschiedene Theaterengagements zur\u00fcck.<\/p>\n<p>Hermann Linecker &#8211; Piano<\/p>\n<p>Aus \u00d6sterreich dabei ist der Profipianist und Klavierdozent Linecker, der viele Auftritte mit sehr bekannten Musikern wie Ack van Rooyen, Ron Williams, Kosho u.a. absolviert hat und vor allem durch sein lebendiges, einfallsreiches und kommunikatives Spiel besticht. Auf allen B\u00fchnen von \u00d6sterreich bis Krakau zu Hause.<\/p>\n<p>Peter Bockius &#8211; Kontrabass<\/p>\n<p>Aus Freiburg nach dem Studium nach M\u00fcnchen \u00fcbersiedelt, erspielte er sich schnell einen Ruf als einer der f\u00fchrenden Bassisten europaweit. Entsprechend war er mit Musikern wie Wolfgang Engstfeld, Uki Beckerhoff, Ed Kr\u00f6ger, Tete Montoliu, Wolfgang Lackerschmid, Paul Grabowsky, Horace Parlan, Herbert Joos, Archie Shep und Jeanne Lee unterwegs.<\/p>\n<p>Florian Oppenrieder &#8211; drums<\/p>\n<p>Oppenrieder aus Murnau ist einer der gefragtesten Jazzdrummer des Oberlands und blickt auf zahllose Auftritte mit den verschiedensten nationalen und internationalen Gr\u00f6\u00dfen zur\u00fcck, z.B. Ack van Rooyen, Karl Ratzer, J\u00f6rg Reiter, Peter Tuscher.<\/p>\n<p>Werner Riedel &#8211; Ventilposaune und Basstrompete<\/p>\n<p>Als Organisator und \u201eManager\u201c des Ganzen spielt er seit seinem 15. Lebensjahr Trompete in vielen Bands, zuerst in N\u00fcrnberg, dann ab 1977 in M\u00fcnchen. Hydrocephalus, Zauberberg, Alabaster, House Of Jade, Heard Bop Connection, Trio Brasserie, Rene Walden Big Band und Latin Funk Factory sind einige der Stationen auf denen er mit vielen Musikern die B\u00fchne geteilt hat. Vor f\u00fcnf Jahren wechselte er von der Trompete zur Ventilposaune.<\/p>\n<p>&nbsp;<\/p>\n<p><strong>Zweites Festival f\u00fcr Improvisierte Musik Augsburg (FfIMA)<\/strong><\/p>\n<p>am 7. und 8.10.16 findet das zweite<a href=\"http:\/\/eze218.wixsite.com\/eazy\"> Festival f\u00fcr Improvisierte Musik Augsburg (FfIMA<\/a>) statt. Einlass in der Werkstattgalerie Kr\u00fcggling ist jeweils um 20 Uhr, Konzertbeginn um 20:30 Uhr. Stand beim ersten Festival f\u00fcr Improvisierte Musik im Jahr 2015 die Trennung der Musikgattungen im Vordergrund, geht es beim zweiten Festival ausschlie\u00dflich um Mischformen: Musiker der Ernsten Musik improvisieren ganz frei und ohne Noten, Jazzmusiker arbeiten mit K\u00fcnstlern aus der elektronischen Musikszene zusammen und Klassiker lassen sich durch elektronische Manipualtion verfremden. So finden die Stimmen aus den Bereichen Jazz, Klassik und elektronische Musik zu gemeinsamem Ausdruck. Drei Ensembles pro Abend werden f\u00fcr ein facettenreiches Geschehen sorgen.<\/p>\n<p>&nbsp;<\/p>\n<p><strong>Artsession &#8211; Vernissage<\/strong><\/p>\n<p>Am 13.11.16 findet die Vernissage <a href=\"http:\/\/unterfahrt.de\/index.php?action=start&amp;language=de\">\u201eJAZZ \u2013 Live, Keys &amp; Sticks\u201c <\/a>Fotografien von Thomas J. Krebs mit anschlie\u00dfender Jam Session unter der Leitung von Lorenz Heigenhuber im Jazzclub Unterfahrt in M\u00fcnchen statt. Bei der Vernissage gibt es neben Fotografien von Thomas J. Krebs auch eine werkbegleitende Einf\u00fchrung von Carsten Neff (Chefredakteur der News &amp; Art Media Company) und Piano-Improvisationen von Cornelius Claudio Kreusch. TJ Krebs begann vor genau 50 Jahren zu fotografieren und ist seit 1974 mit seiner Kamera auf Rockkonzerten- und seit Ende der 70er Jahre kontinuierlich im Bereich Jazz unterwegs. Der Respekt gegen\u00fcber den K\u00fcnstlern steht bei ihm an erster Stelle und spiegelt sich auch in seinen Aufnahmen wieder. Neben seinen eindrucksvollen Live-Fotos pr\u00e4sentiert er in der Unterfahrt zum ersten Mal Aufnahmen seines Projekts \u201ekeys &amp; sticks\u201c, bei dem er ausgew\u00e4hlte Pianisten mit einem Mini-Piano und Drummer mit Maxi-Drumsticks pr\u00e4sentiert. Im Vordergrund seiner fotografischen Arbeit steht immer der Musiker, eine f\u00fcr ihn typische Pose oder eben ein ganz bestimmter Augenblick, den TJ Krebs mit seiner Suchkamera einf\u00e4ngt.<\/p>\n","protected":false},"excerpt":{"rendered":"<p>Austro-Bavarian Jazz Connection Am 16.9.16 wird die Austro-Bavarian Jazz Connection im Alten Wirt in Hohenbrunn gastieren. Die Musiker aus Bayern und \u00d6sterreicher gr\u00fcndeten \u00fcber alle Sprachbarrieren hinweg eine Formation und waren vom ersten Konzert ab begeistert. Jetzt wird die Reihe in Hohenbrunn mit einem Programm aus Standards, Latin- und Funkst\u00fccken sowie gef\u00fchlvolle Balladen fortgef\u00fchrt. Mit dabei sind dieses Mal: Christoph H\u00f6rmann &#8211; Tenorsaxofon Der nach seinem Studium in W\u00fcrzburg und bei Leszek Zadlo mehrfach mit Preisen (u.a. Ingolst\u00e4dter Jazztage Award, Kulturf\u00f6rderpreis) ausgezeichnete Pfaffenhofener ist neben seinen Engagements in bayerischen Bigbands und Combos als Dozent f\u00fcr Improvisation und Bigbandleitung an der Regensburger Musikhochschule t\u00e4tig. Er blickt auf eine umfangreiche Konzertt\u00e4tigkeit mit namhaften K\u00fcnstlern, Musicalproduktionen und verschiedene Theaterengagements zur\u00fcck. Hermann Linecker &#8211; Piano Aus \u00d6sterreich dabei ist der Profipianist und Klavierdozent Linecker, der viele Auftritte mit sehr bekannten Musikern wie Ack van Rooyen, Ron Williams, Kosho u.a. absolviert hat und vor allem durch sein lebendiges, einfallsreiches und kommunikatives Spiel besticht. Auf allen B\u00fchnen von \u00d6sterreich bis Krakau zu Hause. Peter Bockius &#8211; Kontrabass Aus Freiburg nach dem Studium nach M\u00fcnchen \u00fcbersiedelt, erspielte er sich schnell einen Ruf &hellip;<\/p>\n","protected":false},"author":18,"featured_media":0,"comment_status":"open","ping_status":"closed","sticky":false,"template":"","format":"standard","meta":{"_jetpack_memberships_contains_paid_content":false,"footnotes":"","jetpack_publicize_message":"","jetpack_publicize_feature_enabled":true,"jetpack_social_post_already_shared":false,"jetpack_social_options":{"image_generator_settings":{"template":"highway","default_image_id":0,"font":"","enabled":false},"version":2}},"categories":[633],"tags":[1203,71,74,826,3,1007,1065,271,809,281,1112,316,322,1232,401,423,442,1260,573,577],"coauthors":[695],"class_list":["post-10045","post","type-post","status-publish","format-standard","hentry","category-nachrichten","tag-augsburg","tag-big-band","tag-bigbands","tag-cornelius-claudio-kreusch","tag-festival","tag-improvisation","tag-improvisierte-musik","tag-jazzclub","tag-jazzclub-unterfahrt","tag-jazzmusiker","tag-karl-ratzer","tag-klassik","tag-konzert-2","tag-kreusch","tag-muenchen","tag-nuernberg","tag-piano","tag-thomas-j-krebs","tag-unterfahrt","tag-ventilposaune"],"yoast_head":"<!-- This site is optimized with the Yoast SEO plugin v27.5 - https:\/\/yoast.com\/product\/yoast-seo-wordpress\/ -->\n<title>+++News+++Austro-Bavarian Jazz Connection+++Zweites Festival f\u00fcr Improvisierte Musik Augsburg (FfIMA)+++Artsession - Vernissage - JazzZeitung<\/title>\n<meta name=\"robots\" content=\"index, follow, max-snippet:-1, max-image-preview:large, max-video-preview:-1\" \/>\n<link rel=\"canonical\" href=\"https:\/\/www.jazzzeitung.de\/cms\/2016\/09\/newsaustro-bavarian-jazz-connectionzweites-festival-fuer-improvisierte-musik-augsburg-ffimaartsession-vernissage\/\" \/>\n<meta property=\"og:locale\" content=\"de_DE\" \/>\n<meta property=\"og:type\" content=\"article\" \/>\n<meta property=\"og:title\" content=\"+++News+++Austro-Bavarian Jazz Connection+++Zweites Festival f\u00fcr Improvisierte Musik Augsburg (FfIMA)+++Artsession - Vernissage - JazzZeitung\" \/>\n<meta property=\"og:description\" content=\"Austro-Bavarian Jazz Connection Am 16.9.16 wird die Austro-Bavarian Jazz Connection im Alten Wirt in Hohenbrunn gastieren. Die Musiker aus Bayern und \u00d6sterreicher gr\u00fcndeten \u00fcber alle Sprachbarrieren hinweg eine Formation und waren vom ersten Konzert ab begeistert. Jetzt wird die Reihe in Hohenbrunn mit einem Programm aus Standards, Latin- und Funkst\u00fccken sowie gef\u00fchlvolle Balladen fortgef\u00fchrt. Mit dabei sind dieses Mal: Christoph H\u00f6rmann &#8211; Tenorsaxofon Der nach seinem Studium in W\u00fcrzburg und bei Leszek Zadlo mehrfach mit Preisen (u.a. Ingolst\u00e4dter Jazztage Award, Kulturf\u00f6rderpreis) ausgezeichnete Pfaffenhofener ist neben seinen Engagements in bayerischen Bigbands und Combos als Dozent f\u00fcr Improvisation und Bigbandleitung an der Regensburger Musikhochschule t\u00e4tig. Er blickt auf eine umfangreiche Konzertt\u00e4tigkeit mit namhaften K\u00fcnstlern, Musicalproduktionen und verschiedene Theaterengagements zur\u00fcck. Hermann Linecker &#8211; Piano Aus \u00d6sterreich dabei ist der Profipianist und Klavierdozent Linecker, der viele Auftritte mit sehr bekannten Musikern wie Ack van Rooyen, Ron Williams, Kosho u.a. absolviert hat und vor allem durch sein lebendiges, einfallsreiches und kommunikatives Spiel besticht. Auf allen B\u00fchnen von \u00d6sterreich bis Krakau zu Hause. Peter Bockius &#8211; Kontrabass Aus Freiburg nach dem Studium nach M\u00fcnchen \u00fcbersiedelt, erspielte er sich schnell einen Ruf &hellip;\" \/>\n<meta property=\"og:url\" content=\"https:\/\/www.jazzzeitung.de\/cms\/2016\/09\/newsaustro-bavarian-jazz-connectionzweites-festival-fuer-improvisierte-musik-augsburg-ffimaartsession-vernissage\/\" \/>\n<meta property=\"og:site_name\" content=\"JazzZeitung\" \/>\n<meta property=\"article:publisher\" content=\"https:\/\/www.facebook.com\/JazzZeitung\/\" \/>\n<meta property=\"article:published_time\" content=\"2016-09-16T10:00:07+00:00\" \/>\n<meta property=\"og:image\" content=\"https:\/\/i0.wp.com\/www.jazzzeitung.de\/cms\/wp-content\/uploads\/2012\/01\/ipad-logo-200.png?fit=200%2C200&ssl=1\" \/>\n\t<meta property=\"og:image:width\" content=\"200\" \/>\n\t<meta property=\"og:image:height\" content=\"200\" \/>\n\t<meta property=\"og:image:type\" content=\"image\/png\" \/>\n<meta name=\"author\" content=\"Redaktion JazzZeitung\" \/>\n<script type=\"application\/ld+json\" class=\"yoast-schema-graph\">{\"@context\":\"https:\\\/\\\/schema.org\",\"@graph\":[{\"@type\":\"Article\",\"@id\":\"https:\\\/\\\/www.jazzzeitung.de\\\/cms\\\/2016\\\/09\\\/newsaustro-bavarian-jazz-connectionzweites-festival-fuer-improvisierte-musik-augsburg-ffimaartsession-vernissage\\\/#article\",\"isPartOf\":{\"@id\":\"https:\\\/\\\/www.jazzzeitung.de\\\/cms\\\/2016\\\/09\\\/newsaustro-bavarian-jazz-connectionzweites-festival-fuer-improvisierte-musik-augsburg-ffimaartsession-vernissage\\\/\"},\"author\":{\"name\":\"Redaktion JazzZeitung\",\"@id\":\"https:\\\/\\\/www.jazzzeitung.de\\\/cms\\\/#\\\/schema\\\/person\\\/2245b36b9cd1d24cea10f01c031fb92b\"},\"headline\":\"+++News+++Austro-Bavarian Jazz Connection+++Zweites Festival f\u00fcr Improvisierte Musik Augsburg (FfIMA)+++Artsession &#8211; Vernissage\",\"datePublished\":\"2016-09-16T10:00:07+00:00\",\"mainEntityOfPage\":{\"@id\":\"https:\\\/\\\/www.jazzzeitung.de\\\/cms\\\/2016\\\/09\\\/newsaustro-bavarian-jazz-connectionzweites-festival-fuer-improvisierte-musik-augsburg-ffimaartsession-vernissage\\\/\"},\"wordCount\":661,\"commentCount\":0,\"publisher\":{\"@id\":\"https:\\\/\\\/www.jazzzeitung.de\\\/cms\\\/#organization\"},\"keywords\":[\"Augsburg\",\"Big Band\",\"bigbands\",\"Cornelius Claudio Kreusch\",\"Festival\",\"Improvisation\",\"Improvisierte Musik\",\"Jazzclub\",\"Jazzclub Unterfahrt\",\"Jazzmusiker\",\"Karl Ratzer\",\"Klassik\",\"Konzert\",\"Kreusch\",\"M\u00fcnchen\",\"N\u00fcrnberg\",\"Piano\",\"Thomas J. Krebs\",\"Unterfahrt\",\"Ventilposaune\"],\"articleSection\":[\"News\"],\"inLanguage\":\"de\",\"potentialAction\":[{\"@type\":\"CommentAction\",\"name\":\"Comment\",\"target\":[\"https:\\\/\\\/www.jazzzeitung.de\\\/cms\\\/2016\\\/09\\\/newsaustro-bavarian-jazz-connectionzweites-festival-fuer-improvisierte-musik-augsburg-ffimaartsession-vernissage\\\/#respond\"]}]},{\"@type\":\"WebPage\",\"@id\":\"https:\\\/\\\/www.jazzzeitung.de\\\/cms\\\/2016\\\/09\\\/newsaustro-bavarian-jazz-connectionzweites-festival-fuer-improvisierte-musik-augsburg-ffimaartsession-vernissage\\\/\",\"url\":\"https:\\\/\\\/www.jazzzeitung.de\\\/cms\\\/2016\\\/09\\\/newsaustro-bavarian-jazz-connectionzweites-festival-fuer-improvisierte-musik-augsburg-ffimaartsession-vernissage\\\/\",\"name\":\"+++News+++Austro-Bavarian Jazz Connection+++Zweites Festival f\u00fcr Improvisierte Musik Augsburg (FfIMA)+++Artsession - Vernissage - JazzZeitung\",\"isPartOf\":{\"@id\":\"https:\\\/\\\/www.jazzzeitung.de\\\/cms\\\/#website\"},\"datePublished\":\"2016-09-16T10:00:07+00:00\",\"breadcrumb\":{\"@id\":\"https:\\\/\\\/www.jazzzeitung.de\\\/cms\\\/2016\\\/09\\\/newsaustro-bavarian-jazz-connectionzweites-festival-fuer-improvisierte-musik-augsburg-ffimaartsession-vernissage\\\/#breadcrumb\"},\"inLanguage\":\"de\",\"potentialAction\":[{\"@type\":\"ReadAction\",\"target\":[\"https:\\\/\\\/www.jazzzeitung.de\\\/cms\\\/2016\\\/09\\\/newsaustro-bavarian-jazz-connectionzweites-festival-fuer-improvisierte-musik-augsburg-ffimaartsession-vernissage\\\/\"]}]},{\"@type\":\"BreadcrumbList\",\"@id\":\"https:\\\/\\\/www.jazzzeitung.de\\\/cms\\\/2016\\\/09\\\/newsaustro-bavarian-jazz-connectionzweites-festival-fuer-improvisierte-musik-augsburg-ffimaartsession-vernissage\\\/#breadcrumb\",\"itemListElement\":[{\"@type\":\"ListItem\",\"position\":1,\"name\":\"Startseite\",\"item\":\"https:\\\/\\\/www.jazzzeitung.de\\\/cms\\\/\"},{\"@type\":\"ListItem\",\"position\":2,\"name\":\"+++News+++Austro-Bavarian Jazz Connection+++Zweites Festival f\u00fcr Improvisierte Musik Augsburg (FfIMA)+++Artsession &#8211; Vernissage\"}]},{\"@type\":\"WebSite\",\"@id\":\"https:\\\/\\\/www.jazzzeitung.de\\\/cms\\\/#website\",\"url\":\"https:\\\/\\\/www.jazzzeitung.de\\\/cms\\\/\",\"name\":\"JazzZeitung\",\"description\":\"Jazz-News und Jazz-Kontroverses\",\"publisher\":{\"@id\":\"https:\\\/\\\/www.jazzzeitung.de\\\/cms\\\/#organization\"},\"potentialAction\":[{\"@type\":\"SearchAction\",\"target\":{\"@type\":\"EntryPoint\",\"urlTemplate\":\"https:\\\/\\\/www.jazzzeitung.de\\\/cms\\\/?s={search_term_string}\"},\"query-input\":{\"@type\":\"PropertyValueSpecification\",\"valueRequired\":true,\"valueName\":\"search_term_string\"}}],\"inLanguage\":\"de\"},{\"@type\":\"Organization\",\"@id\":\"https:\\\/\\\/www.jazzzeitung.de\\\/cms\\\/#organization\",\"name\":\"JazzZeitung online\",\"url\":\"https:\\\/\\\/www.jazzzeitung.de\\\/cms\\\/\",\"logo\":{\"@type\":\"ImageObject\",\"inLanguage\":\"de\",\"@id\":\"https:\\\/\\\/www.jazzzeitung.de\\\/cms\\\/#\\\/schema\\\/logo\\\/image\\\/\",\"url\":\"https:\\\/\\\/i0.wp.com\\\/www.jazzzeitung.de\\\/cms\\\/wp-content\\\/uploads\\\/2015\\\/08\\\/JAZZZEITUNGDE_Logo_Neu.png?fit=499%2C200&ssl=1\",\"contentUrl\":\"https:\\\/\\\/i0.wp.com\\\/www.jazzzeitung.de\\\/cms\\\/wp-content\\\/uploads\\\/2015\\\/08\\\/JAZZZEITUNGDE_Logo_Neu.png?fit=499%2C200&ssl=1\",\"width\":499,\"height\":200,\"caption\":\"JazzZeitung online\"},\"image\":{\"@id\":\"https:\\\/\\\/www.jazzzeitung.de\\\/cms\\\/#\\\/schema\\\/logo\\\/image\\\/\"},\"sameAs\":[\"https:\\\/\\\/www.facebook.com\\\/JazzZeitung\\\/\"]},{\"@type\":\"Person\",\"@id\":\"https:\\\/\\\/www.jazzzeitung.de\\\/cms\\\/#\\\/schema\\\/person\\\/2245b36b9cd1d24cea10f01c031fb92b\",\"name\":\"Redaktion JazzZeitung\",\"image\":{\"@type\":\"ImageObject\",\"inLanguage\":\"de\",\"@id\":\"https:\\\/\\\/i0.wp.com\\\/www.jazzzeitung.de\\\/cms\\\/wp-content\\\/uploads\\\/2015\\\/08\\\/JAZZZEITUNGDE_Logo_Neu.png?resize=96%2C96&ssl=159975dcacb611b5700bd619b5daf0a7a\",\"url\":\"https:\\\/\\\/i0.wp.com\\\/www.jazzzeitung.de\\\/cms\\\/wp-content\\\/uploads\\\/2015\\\/08\\\/JAZZZEITUNGDE_Logo_Neu.png?resize=96%2C96&ssl=1\",\"contentUrl\":\"https:\\\/\\\/i0.wp.com\\\/www.jazzzeitung.de\\\/cms\\\/wp-content\\\/uploads\\\/2015\\\/08\\\/JAZZZEITUNGDE_Logo_Neu.png?resize=96%2C96&ssl=1\",\"caption\":\"Redaktion JazzZeitung\"},\"description\":\"Artikel der Redaktion der JazzZeitung.\",\"sameAs\":[\"http:\\\/\\\/www.jazzzeitung.de\\\/cms\\\/\"],\"url\":\"https:\\\/\\\/www.jazzzeitung.de\\\/cms\\\/author\\\/redaktion\\\/\"}]}<\/script>\n<!-- \/ Yoast SEO plugin. -->","yoast_head_json":{"title":"+++News+++Austro-Bavarian Jazz Connection+++Zweites Festival f\u00fcr Improvisierte Musik Augsburg (FfIMA)+++Artsession - Vernissage - JazzZeitung","robots":{"index":"index","follow":"follow","max-snippet":"max-snippet:-1","max-image-preview":"max-image-preview:large","max-video-preview":"max-video-preview:-1"},"canonical":"https:\/\/www.jazzzeitung.de\/cms\/2016\/09\/newsaustro-bavarian-jazz-connectionzweites-festival-fuer-improvisierte-musik-augsburg-ffimaartsession-vernissage\/","og_locale":"de_DE","og_type":"article","og_title":"+++News+++Austro-Bavarian Jazz Connection+++Zweites Festival f\u00fcr Improvisierte Musik Augsburg (FfIMA)+++Artsession - Vernissage - JazzZeitung","og_description":"Austro-Bavarian Jazz Connection Am 16.9.16 wird die Austro-Bavarian Jazz Connection im Alten Wirt in Hohenbrunn gastieren. Die Musiker aus Bayern und \u00d6sterreicher gr\u00fcndeten \u00fcber alle Sprachbarrieren hinweg eine Formation und waren vom ersten Konzert ab begeistert. Jetzt wird die Reihe in Hohenbrunn mit einem Programm aus Standards, Latin- und Funkst\u00fccken sowie gef\u00fchlvolle Balladen fortgef\u00fchrt. Mit dabei sind dieses Mal: Christoph H\u00f6rmann &#8211; Tenorsaxofon Der nach seinem Studium in W\u00fcrzburg und bei Leszek Zadlo mehrfach mit Preisen (u.a. Ingolst\u00e4dter Jazztage Award, Kulturf\u00f6rderpreis) ausgezeichnete Pfaffenhofener ist neben seinen Engagements in bayerischen Bigbands und Combos als Dozent f\u00fcr Improvisation und Bigbandleitung an der Regensburger Musikhochschule t\u00e4tig. Er blickt auf eine umfangreiche Konzertt\u00e4tigkeit mit namhaften K\u00fcnstlern, Musicalproduktionen und verschiedene Theaterengagements zur\u00fcck. Hermann Linecker &#8211; Piano Aus \u00d6sterreich dabei ist der Profipianist und Klavierdozent Linecker, der viele Auftritte mit sehr bekannten Musikern wie Ack van Rooyen, Ron Williams, Kosho u.a. absolviert hat und vor allem durch sein lebendiges, einfallsreiches und kommunikatives Spiel besticht. Auf allen B\u00fchnen von \u00d6sterreich bis Krakau zu Hause. Peter Bockius &#8211; Kontrabass Aus Freiburg nach dem Studium nach M\u00fcnchen \u00fcbersiedelt, erspielte er sich schnell einen Ruf &hellip;","og_url":"https:\/\/www.jazzzeitung.de\/cms\/2016\/09\/newsaustro-bavarian-jazz-connectionzweites-festival-fuer-improvisierte-musik-augsburg-ffimaartsession-vernissage\/","og_site_name":"JazzZeitung","article_publisher":"https:\/\/www.facebook.com\/JazzZeitung\/","article_published_time":"2016-09-16T10:00:07+00:00","og_image":[{"width":200,"height":200,"url":"https:\/\/i0.wp.com\/www.jazzzeitung.de\/cms\/wp-content\/uploads\/2012\/01\/ipad-logo-200.png?fit=200%2C200&ssl=1","type":"image\/png"}],"author":"Redaktion JazzZeitung","schema":{"@context":"https:\/\/schema.org","@graph":[{"@type":"Article","@id":"https:\/\/www.jazzzeitung.de\/cms\/2016\/09\/newsaustro-bavarian-jazz-connectionzweites-festival-fuer-improvisierte-musik-augsburg-ffimaartsession-vernissage\/#article","isPartOf":{"@id":"https:\/\/www.jazzzeitung.de\/cms\/2016\/09\/newsaustro-bavarian-jazz-connectionzweites-festival-fuer-improvisierte-musik-augsburg-ffimaartsession-vernissage\/"},"author":{"name":"Redaktion JazzZeitung","@id":"https:\/\/www.jazzzeitung.de\/cms\/#\/schema\/person\/2245b36b9cd1d24cea10f01c031fb92b"},"headline":"+++News+++Austro-Bavarian Jazz Connection+++Zweites Festival f\u00fcr Improvisierte Musik Augsburg (FfIMA)+++Artsession &#8211; Vernissage","datePublished":"2016-09-16T10:00:07+00:00","mainEntityOfPage":{"@id":"https:\/\/www.jazzzeitung.de\/cms\/2016\/09\/newsaustro-bavarian-jazz-connectionzweites-festival-fuer-improvisierte-musik-augsburg-ffimaartsession-vernissage\/"},"wordCount":661,"commentCount":0,"publisher":{"@id":"https:\/\/www.jazzzeitung.de\/cms\/#organization"},"keywords":["Augsburg","Big Band","bigbands","Cornelius Claudio Kreusch","Festival","Improvisation","Improvisierte Musik","Jazzclub","Jazzclub Unterfahrt","Jazzmusiker","Karl Ratzer","Klassik","Konzert","Kreusch","M\u00fcnchen","N\u00fcrnberg","Piano","Thomas J. Krebs","Unterfahrt","Ventilposaune"],"articleSection":["News"],"inLanguage":"de","potentialAction":[{"@type":"CommentAction","name":"Comment","target":["https:\/\/www.jazzzeitung.de\/cms\/2016\/09\/newsaustro-bavarian-jazz-connectionzweites-festival-fuer-improvisierte-musik-augsburg-ffimaartsession-vernissage\/#respond"]}]},{"@type":"WebPage","@id":"https:\/\/www.jazzzeitung.de\/cms\/2016\/09\/newsaustro-bavarian-jazz-connectionzweites-festival-fuer-improvisierte-musik-augsburg-ffimaartsession-vernissage\/","url":"https:\/\/www.jazzzeitung.de\/cms\/2016\/09\/newsaustro-bavarian-jazz-connectionzweites-festival-fuer-improvisierte-musik-augsburg-ffimaartsession-vernissage\/","name":"+++News+++Austro-Bavarian Jazz Connection+++Zweites Festival f\u00fcr Improvisierte Musik Augsburg (FfIMA)+++Artsession - Vernissage - JazzZeitung","isPartOf":{"@id":"https:\/\/www.jazzzeitung.de\/cms\/#website"},"datePublished":"2016-09-16T10:00:07+00:00","breadcrumb":{"@id":"https:\/\/www.jazzzeitung.de\/cms\/2016\/09\/newsaustro-bavarian-jazz-connectionzweites-festival-fuer-improvisierte-musik-augsburg-ffimaartsession-vernissage\/#breadcrumb"},"inLanguage":"de","potentialAction":[{"@type":"ReadAction","target":["https:\/\/www.jazzzeitung.de\/cms\/2016\/09\/newsaustro-bavarian-jazz-connectionzweites-festival-fuer-improvisierte-musik-augsburg-ffimaartsession-vernissage\/"]}]},{"@type":"BreadcrumbList","@id":"https:\/\/www.jazzzeitung.de\/cms\/2016\/09\/newsaustro-bavarian-jazz-connectionzweites-festival-fuer-improvisierte-musik-augsburg-ffimaartsession-vernissage\/#breadcrumb","itemListElement":[{"@type":"ListItem","position":1,"name":"Startseite","item":"https:\/\/www.jazzzeitung.de\/cms\/"},{"@type":"ListItem","position":2,"name":"+++News+++Austro-Bavarian Jazz Connection+++Zweites Festival f\u00fcr Improvisierte Musik Augsburg (FfIMA)+++Artsession &#8211; Vernissage"}]},{"@type":"WebSite","@id":"https:\/\/www.jazzzeitung.de\/cms\/#website","url":"https:\/\/www.jazzzeitung.de\/cms\/","name":"JazzZeitung","description":"Jazz-News und Jazz-Kontroverses","publisher":{"@id":"https:\/\/www.jazzzeitung.de\/cms\/#organization"},"potentialAction":[{"@type":"SearchAction","target":{"@type":"EntryPoint","urlTemplate":"https:\/\/www.jazzzeitung.de\/cms\/?s={search_term_string}"},"query-input":{"@type":"PropertyValueSpecification","valueRequired":true,"valueName":"search_term_string"}}],"inLanguage":"de"},{"@type":"Organization","@id":"https:\/\/www.jazzzeitung.de\/cms\/#organization","name":"JazzZeitung online","url":"https:\/\/www.jazzzeitung.de\/cms\/","logo":{"@type":"ImageObject","inLanguage":"de","@id":"https:\/\/www.jazzzeitung.de\/cms\/#\/schema\/logo\/image\/","url":"https:\/\/i0.wp.com\/www.jazzzeitung.de\/cms\/wp-content\/uploads\/2015\/08\/JAZZZEITUNGDE_Logo_Neu.png?fit=499%2C200&ssl=1","contentUrl":"https:\/\/i0.wp.com\/www.jazzzeitung.de\/cms\/wp-content\/uploads\/2015\/08\/JAZZZEITUNGDE_Logo_Neu.png?fit=499%2C200&ssl=1","width":499,"height":200,"caption":"JazzZeitung online"},"image":{"@id":"https:\/\/www.jazzzeitung.de\/cms\/#\/schema\/logo\/image\/"},"sameAs":["https:\/\/www.facebook.com\/JazzZeitung\/"]},{"@type":"Person","@id":"https:\/\/www.jazzzeitung.de\/cms\/#\/schema\/person\/2245b36b9cd1d24cea10f01c031fb92b","name":"Redaktion JazzZeitung","image":{"@type":"ImageObject","inLanguage":"de","@id":"https:\/\/i0.wp.com\/www.jazzzeitung.de\/cms\/wp-content\/uploads\/2015\/08\/JAZZZEITUNGDE_Logo_Neu.png?resize=96%2C96&ssl=159975dcacb611b5700bd619b5daf0a7a","url":"https:\/\/i0.wp.com\/www.jazzzeitung.de\/cms\/wp-content\/uploads\/2015\/08\/JAZZZEITUNGDE_Logo_Neu.png?resize=96%2C96&ssl=1","contentUrl":"https:\/\/i0.wp.com\/www.jazzzeitung.de\/cms\/wp-content\/uploads\/2015\/08\/JAZZZEITUNGDE_Logo_Neu.png?resize=96%2C96&ssl=1","caption":"Redaktion JazzZeitung"},"description":"Artikel der Redaktion der JazzZeitung.","sameAs":["http:\/\/www.jazzzeitung.de\/cms\/"],"url":"https:\/\/www.jazzzeitung.de\/cms\/author\/redaktion\/"}]}},"wp-worthy-pixel":{"ignored":false,"public":null,"server":null,"url":null},"wp-worthy-type":"normal","jetpack_publicize_connections":[],"cc_featured_image_caption":{"caption_text":false,"source_text":false,"source_url":false},"jetpack_featured_media_url":"","jetpack_shortlink":"https:\/\/wp.me\/p3KEcT-2C1","jetpack-related-posts":[{"id":17028,"url":"https:\/\/www.jazzzeitung.de\/cms\/2018\/08\/fotogalerie-cornelius-claudio-kreusch-mit-black-mud-sound-bei-der-munich-jazz-summer-week\/","url_meta":{"origin":10045,"position":0},"title":"Fotogalerie: Cornelius Claudio Kreusch &#8222;Black Mud Sound&#8220; feat. Bobby Watson bei der Munich Jazz Summer Week","author":"Redaktion JazzZeitung","date":"28. August 2018","format":false,"excerpt":"An gleich f\u00fcnf Tagen, vom 14. bis 18. August, trat im Rahmen der Munich Jazz Summer Week das Afro-Jazz-Quartett rund um Pianisten Cornelius Claudio Kreusch auf. Im M\u00fcncher Jazzclub Unterfahrt wurde der Komponist von seinen langj\u00e4hrigen Weggef\u00e4hrten Zaf Zapha (Bass) und Maxime Zampieri (Schlagzeug) unterst\u00fctzt; Gast-Saxophonist Bobby Watson rundete das\u2026","rel":"","context":"In &quot;Galerie&quot;","block_context":{"text":"Galerie","link":"https:\/\/www.jazzzeitung.de\/cms\/thema\/galerie\/"},"img":{"alt_text":"","src":"https:\/\/i0.wp.com\/www.jazzzeitung.de\/cms\/wp-content\/uploads\/2018\/08\/P1324698-sw-cck-black-mud-sound-Foto-TJ-Krebs-jazzphotoagency%40web.de_.jpg?fit=1200%2C800&ssl=1&resize=350%2C200","width":350,"height":200,"srcset":"https:\/\/i0.wp.com\/www.jazzzeitung.de\/cms\/wp-content\/uploads\/2018\/08\/P1324698-sw-cck-black-mud-sound-Foto-TJ-Krebs-jazzphotoagency%40web.de_.jpg?fit=1200%2C800&ssl=1&resize=350%2C200 1x, https:\/\/i0.wp.com\/www.jazzzeitung.de\/cms\/wp-content\/uploads\/2018\/08\/P1324698-sw-cck-black-mud-sound-Foto-TJ-Krebs-jazzphotoagency%40web.de_.jpg?fit=1200%2C800&ssl=1&resize=525%2C300 1.5x, https:\/\/i0.wp.com\/www.jazzzeitung.de\/cms\/wp-content\/uploads\/2018\/08\/P1324698-sw-cck-black-mud-sound-Foto-TJ-Krebs-jazzphotoagency%40web.de_.jpg?fit=1200%2C800&ssl=1&resize=700%2C400 2x, https:\/\/i0.wp.com\/www.jazzzeitung.de\/cms\/wp-content\/uploads\/2018\/08\/P1324698-sw-cck-black-mud-sound-Foto-TJ-Krebs-jazzphotoagency%40web.de_.jpg?fit=1200%2C800&ssl=1&resize=1050%2C600 3x"},"classes":[]},{"id":26117,"url":"https:\/\/www.jazzzeitung.de\/cms\/2021\/11\/classical-beyond-festival-zeigt-stummfilme-mit-live-musik-euphorium-internationales-mini-festival-fuer-zeitgenoessisch-improvisierte-musik-3-tage-jazz-beim-jazzfestival-saalfelden\/","url_meta":{"origin":10045,"position":1},"title":"+++ Classical &#038; Beyond Festival zeigt Stummfilme mit Live-Musik +++ EUPHORIUM: Internationales Mini-Festival f\u00fcr zeitgen\u00f6ssisch improvisierte Musik +++ 3 Tage Jazz beim Jazzfestival Saalfelden +++","author":"Redaktion JazzZeitung","date":"9. November 2021","format":false,"excerpt":"+++ Festival Classical & Beyond in Ottobrunn +++ Beim vierten Classical & Beyond Festival am 12. & 13. November im Wolf-Ferrari Haus in Ottobrunn werden ungew\u00f6hnliche Konzertbesetzungen und kreative K\u00fcnstlerinnen und K\u00fcnstler pr\u00e4sentiert. Dieses Jahr erklingt an den beiden Abenden um jeweils 20 Uhr Live-Musik zu Stummfilmklassikern. Am Freitag, dem\u2026","rel":"","context":"In &quot;News&quot;","block_context":{"text":"News","link":"https:\/\/www.jazzzeitung.de\/cms\/thema\/nachrichten\/"},"img":{"alt_text":"","src":"https:\/\/i0.wp.com\/www.jazzzeitung.de\/cms\/wp-content\/uploads\/2021\/11\/VICTHAMIN-3_Reza-Majdodin-scaled.jpg?fit=1200%2C768&ssl=1&resize=350%2C200","width":350,"height":200,"srcset":"https:\/\/i0.wp.com\/www.jazzzeitung.de\/cms\/wp-content\/uploads\/2021\/11\/VICTHAMIN-3_Reza-Majdodin-scaled.jpg?fit=1200%2C768&ssl=1&resize=350%2C200 1x, https:\/\/i0.wp.com\/www.jazzzeitung.de\/cms\/wp-content\/uploads\/2021\/11\/VICTHAMIN-3_Reza-Majdodin-scaled.jpg?fit=1200%2C768&ssl=1&resize=525%2C300 1.5x, https:\/\/i0.wp.com\/www.jazzzeitung.de\/cms\/wp-content\/uploads\/2021\/11\/VICTHAMIN-3_Reza-Majdodin-scaled.jpg?fit=1200%2C768&ssl=1&resize=700%2C400 2x, https:\/\/i0.wp.com\/www.jazzzeitung.de\/cms\/wp-content\/uploads\/2021\/11\/VICTHAMIN-3_Reza-Majdodin-scaled.jpg?fit=1200%2C768&ssl=1&resize=1050%2C600 3x"},"classes":[]},{"id":6922,"url":"https:\/\/www.jazzzeitung.de\/cms\/2015\/08\/1-festival-fuer-improvisierte-musik-augsburg\/","url_meta":{"origin":10045,"position":2},"title":"1. Festival f\u00fcr Improvisierte Musik Augsburg","author":"Redaktion JazzZeitung","date":"31. August 2015","format":false,"excerpt":"Am 2. und 3. Oktober 2015 wird je ab 20.30 Uhr im Hoffmannkeller in Augsburg das erste Festival f\u00fcr Improvisierte Musik stattfinden. In Augsburg arbeiten mehr Gruppen und Einzelmusiker auf der Basis der Improvisation, also jener Kunst ohne Werk, wie sie der britische Gitarrist Derek Bailey nannte, als man annehmen\u2026","rel":"","context":"In &quot;News&quot;","block_context":{"text":"News","link":"https:\/\/www.jazzzeitung.de\/cms\/thema\/nachrichten\/"},"img":{"alt_text":"Das AJE Kollektiv wird den Freitag Abend er\u00f6ffnen.","src":"https:\/\/i0.wp.com\/www.jazzzeitung.de\/cms\/wp-content\/uploads\/2015\/08\/AJE-Kollektiv-615x600.jpg?resize=350%2C200","width":350,"height":200,"srcset":"https:\/\/i0.wp.com\/www.jazzzeitung.de\/cms\/wp-content\/uploads\/2015\/08\/AJE-Kollektiv-615x600.jpg?resize=350%2C200 1x, https:\/\/i0.wp.com\/www.jazzzeitung.de\/cms\/wp-content\/uploads\/2015\/08\/AJE-Kollektiv-615x600.jpg?resize=525%2C300 1.5x"},"classes":[]},{"id":10996,"url":"https:\/\/www.jazzzeitung.de\/cms\/2016\/11\/vernissage-von-thomas-j-krebs-in-der-unterfahrt\/","url_meta":{"origin":10045,"position":3},"title":"Vernissage von Thomas J. Krebs in der Unterfahrt","author":"Redaktion JazzZeitung","date":"17. November 2016","format":false,"excerpt":"Thomas J. Krebs fotgrafiert seid genau 50 Jahren. Mit 6 Jahren bekam er seine erste Kamera geschenkt. Seitdem macht er Bilder \u2013 heute vor allem von Jazzern, seit 1992 auch f\u00fcr die JazzZeitung. Am vergangenen Sonntag er\u00f6ffnete der Jurist seine Vernissage \"Jazz - Live, Keys & Sticks, Fotografien von Thomas\u2026","rel":"","context":"In &quot;Galerie&quot;","block_context":{"text":"Galerie","link":"https:\/\/www.jazzzeitung.de\/cms\/thema\/galerie\/"},"img":{"alt_text":"","src":"https:\/\/i0.wp.com\/www.jazzzeitung.de\/cms\/wp-content\/uploads\/2016\/11\/DSC05807.jpg?resize=350%2C200","width":350,"height":200,"srcset":"https:\/\/i0.wp.com\/www.jazzzeitung.de\/cms\/wp-content\/uploads\/2016\/11\/DSC05807.jpg?resize=350%2C200 1x, https:\/\/i0.wp.com\/www.jazzzeitung.de\/cms\/wp-content\/uploads\/2016\/11\/DSC05807.jpg?resize=525%2C300 1.5x, https:\/\/i0.wp.com\/www.jazzzeitung.de\/cms\/wp-content\/uploads\/2016\/11\/DSC05807.jpg?resize=700%2C400 2x, https:\/\/i0.wp.com\/www.jazzzeitung.de\/cms\/wp-content\/uploads\/2016\/11\/DSC05807.jpg?resize=1050%2C600 3x"},"classes":[]},{"id":18412,"url":"https:\/\/www.jazzzeitung.de\/cms\/2019\/02\/news-jochen-rueckert-quartett-feat-mark-turner-in-der-unterfahrt\/","url_meta":{"origin":10045,"position":4},"title":"Fotogalerie: Jochen R\u00fcckert Quartett feat. Mark Turner im Jazzclub Unterfahrt","author":"Redaktion JazzZeitung","date":"4. Februar 2019","format":false,"excerpt":"Das Jochen R\u00fcckert Quartett gastierte mit\u00a0 internationaler Besetzung im Jazzclub Unterfahrt. Der K\u00f6lner Schlagzeuger hat sich mit seinem K\u00f6nnen und Durchhalteverm\u00f6gen internationalen Ruf erarbeitet und erntet nun die Fr\u00fcchte seiner Arbeit. Was R\u00fcckert gemeinsam mit dem gro\u00dfartigen Mark Turner am Tenorsaxophon, dem Gitarristen Lage Lund und Matt Penman am Bass\u2026","rel":"","context":"In &quot;Galerie&quot;","block_context":{"text":"Galerie","link":"https:\/\/www.jazzzeitung.de\/cms\/thema\/galerie\/"},"img":{"alt_text":"","src":"https:\/\/i0.wp.com\/www.jazzzeitung.de\/cms\/wp-content\/uploads\/2019\/01\/Mark-Turner-H%C3%A4nde-Foto-TJ-Krebs.jpg?fit=1200%2C800&ssl=1&resize=350%2C200","width":350,"height":200,"srcset":"https:\/\/i0.wp.com\/www.jazzzeitung.de\/cms\/wp-content\/uploads\/2019\/01\/Mark-Turner-H%C3%A4nde-Foto-TJ-Krebs.jpg?fit=1200%2C800&ssl=1&resize=350%2C200 1x, https:\/\/i0.wp.com\/www.jazzzeitung.de\/cms\/wp-content\/uploads\/2019\/01\/Mark-Turner-H%C3%A4nde-Foto-TJ-Krebs.jpg?fit=1200%2C800&ssl=1&resize=525%2C300 1.5x, https:\/\/i0.wp.com\/www.jazzzeitung.de\/cms\/wp-content\/uploads\/2019\/01\/Mark-Turner-H%C3%A4nde-Foto-TJ-Krebs.jpg?fit=1200%2C800&ssl=1&resize=700%2C400 2x, https:\/\/i0.wp.com\/www.jazzzeitung.de\/cms\/wp-content\/uploads\/2019\/01\/Mark-Turner-H%C3%A4nde-Foto-TJ-Krebs.jpg?fit=1200%2C800&ssl=1&resize=1050%2C600 3x"},"classes":[]},{"id":12756,"url":"https:\/\/www.jazzzeitung.de\/cms\/2017\/06\/news-jazzorchester-featuring-wu-wei-29-06-2017-in-weimar-jazz-live-keys-sticks-fotografien-von-thomas-j-krebs-vernissage\/","url_meta":{"origin":10045,"position":5},"title":"+++ News +++ \u201eJazzorchester featuring Wu Wei\u201c in Weimar +++ &#8222;JAZZ &#8211; live, keys &#038; sticks&#8220;: Fotografien von Thomas J. Krebs in Unterf\u00f6hring +++ 1. Jazzfest Ottobrunn im Wolf-Ferrari-Haus +++","author":"Redaktion JazzZeitung","date":"22. Juni 2017","format":false,"excerpt":"+++ \u201eJazzorchester featuring Wu Wei\u201c 29.06.2017 in Weimar +++ Am Donnerstag, 29. Juni um 19:30 Uhr im Festsaal F\u00fcrstenhaus wird ein Konzert-Projekt f\u00fcr ein Programm mit einem Gastsolisten, dem chinesischen Mundorgelspieler, Wu Wei stattfinden. Er spielt auf der \u201eCheng\u201c, einem Instrument mit 3.000 Jahre alter Tradition, das seine Kl\u00e4nge mit\u2026","rel":"","context":"In &quot;Bericht&quot;","block_context":{"text":"Bericht","link":"https:\/\/www.jazzzeitung.de\/cms\/thema\/bericht\/"},"img":{"alt_text":"","src":"https:\/\/i0.wp.com\/www.jazzzeitung.de\/cms\/wp-content\/uploads\/2017\/06\/Schultze_Stefan_Foto_Maik_Schuck-150x150.jpg?resize=350%2C200&ssl=1","width":350,"height":200},"classes":[]}],"jetpack_sharing_enabled":true,"_links":{"self":[{"href":"https:\/\/www.jazzzeitung.de\/cms\/wp-json\/wp\/v2\/posts\/10045","targetHints":{"allow":["GET"]}}],"collection":[{"href":"https:\/\/www.jazzzeitung.de\/cms\/wp-json\/wp\/v2\/posts"}],"about":[{"href":"https:\/\/www.jazzzeitung.de\/cms\/wp-json\/wp\/v2\/types\/post"}],"author":[{"embeddable":true,"href":"https:\/\/www.jazzzeitung.de\/cms\/wp-json\/wp\/v2\/users\/18"}],"replies":[{"embeddable":true,"href":"https:\/\/www.jazzzeitung.de\/cms\/wp-json\/wp\/v2\/comments?post=10045"}],"version-history":[{"count":2,"href":"https:\/\/www.jazzzeitung.de\/cms\/wp-json\/wp\/v2\/posts\/10045\/revisions"}],"predecessor-version":[{"id":10047,"href":"https:\/\/www.jazzzeitung.de\/cms\/wp-json\/wp\/v2\/posts\/10045\/revisions\/10047"}],"wp:attachment":[{"href":"https:\/\/www.jazzzeitung.de\/cms\/wp-json\/wp\/v2\/media?parent=10045"}],"wp:term":[{"taxonomy":"category","embeddable":true,"href":"https:\/\/www.jazzzeitung.de\/cms\/wp-json\/wp\/v2\/categories?post=10045"},{"taxonomy":"post_tag","embeddable":true,"href":"https:\/\/www.jazzzeitung.de\/cms\/wp-json\/wp\/v2\/tags?post=10045"},{"taxonomy":"author","embeddable":true,"href":"https:\/\/www.jazzzeitung.de\/cms\/wp-json\/wp\/v2\/coauthors?post=10045"}],"curies":[{"name":"wp","href":"https:\/\/api.w.org\/{rel}","templated":true}]}}