{"id":10011,"date":"2016-09-13T12:00:02","date_gmt":"2016-09-13T10:00:02","guid":{"rendered":"http:\/\/www.jazzzeitung.de\/cms\/?p=10011"},"modified":"2016-09-13T12:51:16","modified_gmt":"2016-09-13T10:51:16","slug":"pablo-held-trio-lineage-pirouet-2016","status":"publish","type":"post","link":"https:\/\/www.jazzzeitung.de\/cms\/2016\/09\/pablo-held-trio-lineage-pirouet-2016\/","title":{"rendered":"Neues vom Pablo Held Trio: CD Lineage"},"content":{"rendered":"<figure id=\"attachment_10013\" aria-describedby=\"caption-attachment-10013\" style=\"width: 150px\" class=\"wp-caption alignright\"><a href=\"https:\/\/i0.wp.com\/www.jazzzeitung.de\/cms\/wp-content\/uploads\/2016\/09\/index.jpg\"><img data-recalc-dims=\"1\" loading=\"lazy\" decoding=\"async\" data-attachment-id=\"10013\" data-permalink=\"https:\/\/www.jazzzeitung.de\/cms\/2016\/09\/pablo-held-trio-lineage-pirouet-2016\/index\/\" data-orig-file=\"https:\/\/i0.wp.com\/www.jazzzeitung.de\/cms\/wp-content\/uploads\/2016\/09\/index.jpg?fit=300%2C300&amp;ssl=1\" data-orig-size=\"300,300\" data-comments-opened=\"1\" data-image-meta=\"{&quot;aperture&quot;:&quot;0&quot;,&quot;credit&quot;:&quot;&quot;,&quot;camera&quot;:&quot;&quot;,&quot;caption&quot;:&quot;&quot;,&quot;created_timestamp&quot;:&quot;0&quot;,&quot;copyright&quot;:&quot;&quot;,&quot;focal_length&quot;:&quot;0&quot;,&quot;iso&quot;:&quot;0&quot;,&quot;shutter_speed&quot;:&quot;0&quot;,&quot;title&quot;:&quot;&quot;,&quot;orientation&quot;:&quot;0&quot;}\" data-image-title=\"index\" data-image-description=\"\" data-image-caption=\"\" data-large-file=\"https:\/\/i0.wp.com\/www.jazzzeitung.de\/cms\/wp-content\/uploads\/2016\/09\/index.jpg?fit=300%2C300&amp;ssl=1\" class=\"wp-image-10013 size-thumbnail\" src=\"https:\/\/i0.wp.com\/www.jazzzeitung.de\/cms\/wp-content\/uploads\/2016\/09\/index-150x150.jpg?resize=150%2C150\" width=\"150\" height=\"150\" srcset=\"https:\/\/i0.wp.com\/www.jazzzeitung.de\/cms\/wp-content\/uploads\/2016\/09\/index.jpg?resize=150%2C150&amp;ssl=1 150w, https:\/\/i0.wp.com\/www.jazzzeitung.de\/cms\/wp-content\/uploads\/2016\/09\/index.jpg?resize=144%2C144&amp;ssl=1 144w, https:\/\/i0.wp.com\/www.jazzzeitung.de\/cms\/wp-content\/uploads\/2016\/09\/index.jpg?resize=96%2C96&amp;ssl=1 96w, https:\/\/i0.wp.com\/www.jazzzeitung.de\/cms\/wp-content\/uploads\/2016\/09\/index.jpg?resize=24%2C24&amp;ssl=1 24w, https:\/\/i0.wp.com\/www.jazzzeitung.de\/cms\/wp-content\/uploads\/2016\/09\/index.jpg?resize=36%2C36&amp;ssl=1 36w, https:\/\/i0.wp.com\/www.jazzzeitung.de\/cms\/wp-content\/uploads\/2016\/09\/index.jpg?resize=48%2C48&amp;ssl=1 48w, https:\/\/i0.wp.com\/www.jazzzeitung.de\/cms\/wp-content\/uploads\/2016\/09\/index.jpg?resize=64%2C64&amp;ssl=1 64w, https:\/\/i0.wp.com\/www.jazzzeitung.de\/cms\/wp-content\/uploads\/2016\/09\/index.jpg?resize=32%2C32&amp;ssl=1 32w, https:\/\/i0.wp.com\/www.jazzzeitung.de\/cms\/wp-content\/uploads\/2016\/09\/index.jpg?resize=50%2C50&amp;ssl=1 50w, https:\/\/i0.wp.com\/www.jazzzeitung.de\/cms\/wp-content\/uploads\/2016\/09\/index.jpg?resize=128%2C128&amp;ssl=1 128w, https:\/\/i0.wp.com\/www.jazzzeitung.de\/cms\/wp-content\/uploads\/2016\/09\/index.jpg?w=300&amp;ssl=1 300w\" sizes=\"auto, (max-width: 150px) 100vw, 150px\" \/><\/a><figcaption id=\"caption-attachment-10013\" class=\"wp-caption-text\">Nur &#8222;reinh\u00f6ren&#8220; reicht nicht! Das neue Album will vom H\u00f6rer erforscht und entdeckt werden.<\/figcaption><\/figure>\n<p>Das K\u00f6lner Pablo Held Trio demonstriert seit vielen Jahren, wie eine organische Band-Chemie verl\u00e4sslich nach innen und au\u00dfen wirkt &#8211; wo sich andere gerne auch mal in zu viel Kurzlebigkeit verzetteln. Vor zehn Jahren traten der Pianist Pablo Held, Bassist Robert Landfermann sowie der Schlagzeuger Jonas Burgwinkel als Newcomer beim Westfalen-Jazzpreis ins Rampenlicht. Mittlerweile sind die drei zwar in vielen Projekten sehr gefragt, aber bleiben im Kern nach wie vor ureigenen Trio treu, mit dem sie auch gerade international auf Tour gehen. Auf der aktuellen Pirouet-CD pr\u00e4sentiert sich ein entsprechend untersch\u00fctterlicher hoher Standard, der sich in jedem Moment selbst genug ist \u2013 nicht mehr und nicht weniger.<\/p>\n<p>Die Vorg\u00e4ngerplatte kam mit ihren Klassik-Bez\u00fcgen betont balladesk und verinnerlicht daher \u2013 das aktuelle Werk spr\u00fcht umso mehr vor quirliger Lebendigkeit. Pablo Helds Klavierspiel hat an erz\u00e4hlerischer Eloquenz und \u00fcber den Dingen schwebender, dezenter F\u00fchrungskraft noch zugelegt. Es herrscht ein Klima gegenseitigen Vertrauens \u2013 bei einer tats\u00e4chlich schwindelerregenden Dichte an musikalischen Ideen. Sie sind genauso subtil wie das ganze komplexe Geflecht drumherum, n\u00e4mlich all die Abspaltungen, metrischen Unregelm\u00e4\u00dfigenkeiten\u00a0 und irritierenden harmonischen Farbenspiele. So kann es nur dieses Trio, mag man zu weilen denken. Nach Pablo Helds Bekunden ist es am sch\u00f6nsten, wenn man gerade nicht wei\u00df, was genau passiert. Wenn Robert Landfermann das Steuerruder \u00fcbernimmt, fetzen harsche Ostinatofiguren, aber vielleicht setzt schon ein ganz anderer\u00a0 Gedankengang im n\u00e4chsten Moment viel Kontemplation entgegen.<\/p>\n<p>Nur \u201ereinh\u00f6ren\u201c funktioniert bei dieser Platte nicht und das ist gut so. Dieser manchmal durchaus etwas spr\u00f6de zeitgen\u00f6ssische Jazz f\u00f6rdert das tiefste Innere von drei Spielern zutage, die sich vorbehaltlos \u00f6ffnen \u2013 und das will vom H\u00f6rer erforscht und entdeckt werden. Bequem ist das nicht immer, aber so ist Jazz nun einmal&#8230;<\/p>\n<p>&nbsp;<\/p>\n<p><strong>Stefan Pieper<\/strong><\/p>\n<p><span style=\"border-radius: 2px; text-indent: 20px; width: auto; padding: 0px 4px 0px 0px; text-align: center; font: bold 11px\/20px 'Helvetica Neue',Helvetica,sans-serif; color: #ffffff; background: #bd081c  no-repeat scroll 3px 50% \/ 14px 14px; position: absolute; opacity: 1; z-index: 8675309; display: none; cursor: pointer;\">Merken<\/span><\/p>\n","protected":false},"excerpt":{"rendered":"<p>Das K\u00f6lner Pablo Held Trio demonstriert seit vielen Jahren, wie eine organische Band-Chemie verl\u00e4sslich nach innen und au\u00dfen wirkt &#8211; wo sich andere gerne auch mal in zu viel Kurzlebigkeit verzetteln. Vor zehn Jahren traten der Pianist Pablo Held, Bassist Robert Landfermann sowie der Schlagzeuger Jonas Burgwinkel als Newcomer beim Westfalen-Jazzpreis ins Rampenlicht. Mittlerweile sind die drei zwar in vielen Projekten sehr gefragt, aber bleiben im Kern nach wie vor ureigenen Trio treu, mit dem sie auch gerade international auf Tour gehen. Auf der aktuellen Pirouet-CD pr\u00e4sentiert sich ein entsprechend untersch\u00fctterlicher hoher Standard, der sich in jedem Moment selbst genug ist \u2013 nicht mehr und nicht weniger. Die Vorg\u00e4ngerplatte kam mit ihren Klassik-Bez\u00fcgen betont balladesk und verinnerlicht daher \u2013 das aktuelle Werk spr\u00fcht umso mehr vor quirliger Lebendigkeit. Pablo Helds Klavierspiel hat an erz\u00e4hlerischer Eloquenz und \u00fcber den Dingen schwebender, dezenter F\u00fchrungskraft noch zugelegt. Es herrscht ein Klima gegenseitigen Vertrauens \u2013 bei einer tats\u00e4chlich schwindelerregenden Dichte an musikalischen Ideen. Sie sind genauso subtil wie das ganze komplexe Geflecht drumherum, n\u00e4mlich all die Abspaltungen, metrischen Unregelm\u00e4\u00dfigenkeiten\u00a0 und irritierenden harmonischen Farbenspiele. So kann es nur dieses Trio, &hellip;<\/p>\n","protected":false},"author":18,"featured_media":0,"comment_status":"open","ping_status":"closed","sticky":false,"template":"","format":"standard","meta":{"_jetpack_memberships_contains_paid_content":false,"footnotes":"","jetpack_publicize_message":"","jetpack_publicize_feature_enabled":true,"jetpack_social_post_already_shared":false,"jetpack_social_options":{"image_generator_settings":{"template":"highway","default_image_id":0,"font":"","enabled":false},"version":2}},"categories":[1152],"tags":[34,109,1059,316,732,1129,558],"coauthors":[695],"class_list":["post-10011","post","type-post","status-publish","format-standard","hentry","category-rezension","tag-album","tag-cd","tag-chemie","tag-klassik","tag-newcomer-2","tag-stefan-pieper","tag-tour"],"yoast_head":"<!-- This site is optimized with the Yoast SEO plugin v27.5 - https:\/\/yoast.com\/product\/yoast-seo-wordpress\/ -->\n<title>Neues vom Pablo Held Trio: CD Lineage - JazzZeitung<\/title>\n<meta name=\"robots\" content=\"index, follow, max-snippet:-1, max-image-preview:large, max-video-preview:-1\" \/>\n<link rel=\"canonical\" href=\"https:\/\/www.jazzzeitung.de\/cms\/2016\/09\/pablo-held-trio-lineage-pirouet-2016\/\" \/>\n<meta property=\"og:locale\" content=\"de_DE\" \/>\n<meta property=\"og:type\" content=\"article\" \/>\n<meta property=\"og:title\" content=\"Neues vom Pablo Held Trio: CD Lineage - JazzZeitung\" \/>\n<meta property=\"og:description\" content=\"Das K\u00f6lner Pablo Held Trio demonstriert seit vielen Jahren, wie eine organische Band-Chemie verl\u00e4sslich nach innen und au\u00dfen wirkt &#8211; wo sich andere gerne auch mal in zu viel Kurzlebigkeit verzetteln. Vor zehn Jahren traten der Pianist Pablo Held, Bassist Robert Landfermann sowie der Schlagzeuger Jonas Burgwinkel als Newcomer beim Westfalen-Jazzpreis ins Rampenlicht. Mittlerweile sind die drei zwar in vielen Projekten sehr gefragt, aber bleiben im Kern nach wie vor ureigenen Trio treu, mit dem sie auch gerade international auf Tour gehen. Auf der aktuellen Pirouet-CD pr\u00e4sentiert sich ein entsprechend untersch\u00fctterlicher hoher Standard, der sich in jedem Moment selbst genug ist \u2013 nicht mehr und nicht weniger. Die Vorg\u00e4ngerplatte kam mit ihren Klassik-Bez\u00fcgen betont balladesk und verinnerlicht daher \u2013 das aktuelle Werk spr\u00fcht umso mehr vor quirliger Lebendigkeit. Pablo Helds Klavierspiel hat an erz\u00e4hlerischer Eloquenz und \u00fcber den Dingen schwebender, dezenter F\u00fchrungskraft noch zugelegt. Es herrscht ein Klima gegenseitigen Vertrauens \u2013 bei einer tats\u00e4chlich schwindelerregenden Dichte an musikalischen Ideen. Sie sind genauso subtil wie das ganze komplexe Geflecht drumherum, n\u00e4mlich all die Abspaltungen, metrischen Unregelm\u00e4\u00dfigenkeiten\u00a0 und irritierenden harmonischen Farbenspiele. So kann es nur dieses Trio, &hellip;\" \/>\n<meta property=\"og:url\" content=\"https:\/\/www.jazzzeitung.de\/cms\/2016\/09\/pablo-held-trio-lineage-pirouet-2016\/\" \/>\n<meta property=\"og:site_name\" content=\"JazzZeitung\" \/>\n<meta property=\"article:publisher\" content=\"https:\/\/www.facebook.com\/JazzZeitung\/\" \/>\n<meta property=\"article:published_time\" content=\"2016-09-13T10:00:02+00:00\" \/>\n<meta property=\"article:modified_time\" content=\"2016-09-13T10:51:16+00:00\" \/>\n<meta property=\"og:image\" content=\"http:\/\/www.jazzzeitung.de\/cms\/wp-content\/uploads\/2016\/09\/index-150x150.jpg\" \/>\n<meta name=\"author\" content=\"Redaktion JazzZeitung\" \/>\n<script type=\"application\/ld+json\" class=\"yoast-schema-graph\">{\"@context\":\"https:\\\/\\\/schema.org\",\"@graph\":[{\"@type\":\"Article\",\"@id\":\"https:\\\/\\\/www.jazzzeitung.de\\\/cms\\\/2016\\\/09\\\/pablo-held-trio-lineage-pirouet-2016\\\/#article\",\"isPartOf\":{\"@id\":\"https:\\\/\\\/www.jazzzeitung.de\\\/cms\\\/2016\\\/09\\\/pablo-held-trio-lineage-pirouet-2016\\\/\"},\"author\":{\"name\":\"Redaktion JazzZeitung\",\"@id\":\"https:\\\/\\\/www.jazzzeitung.de\\\/cms\\\/#\\\/schema\\\/person\\\/2245b36b9cd1d24cea10f01c031fb92b\"},\"headline\":\"Neues vom Pablo Held Trio: CD Lineage\",\"datePublished\":\"2016-09-13T10:00:02+00:00\",\"dateModified\":\"2016-09-13T10:51:16+00:00\",\"mainEntityOfPage\":{\"@id\":\"https:\\\/\\\/www.jazzzeitung.de\\\/cms\\\/2016\\\/09\\\/pablo-held-trio-lineage-pirouet-2016\\\/\"},\"wordCount\":331,\"commentCount\":0,\"publisher\":{\"@id\":\"https:\\\/\\\/www.jazzzeitung.de\\\/cms\\\/#organization\"},\"image\":{\"@id\":\"https:\\\/\\\/www.jazzzeitung.de\\\/cms\\\/2016\\\/09\\\/pablo-held-trio-lineage-pirouet-2016\\\/#primaryimage\"},\"thumbnailUrl\":\"http:\\\/\\\/www.jazzzeitung.de\\\/cms\\\/wp-content\\\/uploads\\\/2016\\\/09\\\/index-150x150.jpg\",\"keywords\":[\"Album\",\"CD\",\"Chemie\",\"Klassik\",\"Newcomer\",\"Stefan Pieper\",\"Tour\"],\"articleSection\":[\"Rezension\"],\"inLanguage\":\"de\",\"potentialAction\":[{\"@type\":\"CommentAction\",\"name\":\"Comment\",\"target\":[\"https:\\\/\\\/www.jazzzeitung.de\\\/cms\\\/2016\\\/09\\\/pablo-held-trio-lineage-pirouet-2016\\\/#respond\"]}]},{\"@type\":\"WebPage\",\"@id\":\"https:\\\/\\\/www.jazzzeitung.de\\\/cms\\\/2016\\\/09\\\/pablo-held-trio-lineage-pirouet-2016\\\/\",\"url\":\"https:\\\/\\\/www.jazzzeitung.de\\\/cms\\\/2016\\\/09\\\/pablo-held-trio-lineage-pirouet-2016\\\/\",\"name\":\"Neues vom Pablo Held Trio: CD Lineage - JazzZeitung\",\"isPartOf\":{\"@id\":\"https:\\\/\\\/www.jazzzeitung.de\\\/cms\\\/#website\"},\"primaryImageOfPage\":{\"@id\":\"https:\\\/\\\/www.jazzzeitung.de\\\/cms\\\/2016\\\/09\\\/pablo-held-trio-lineage-pirouet-2016\\\/#primaryimage\"},\"image\":{\"@id\":\"https:\\\/\\\/www.jazzzeitung.de\\\/cms\\\/2016\\\/09\\\/pablo-held-trio-lineage-pirouet-2016\\\/#primaryimage\"},\"thumbnailUrl\":\"http:\\\/\\\/www.jazzzeitung.de\\\/cms\\\/wp-content\\\/uploads\\\/2016\\\/09\\\/index-150x150.jpg\",\"datePublished\":\"2016-09-13T10:00:02+00:00\",\"dateModified\":\"2016-09-13T10:51:16+00:00\",\"breadcrumb\":{\"@id\":\"https:\\\/\\\/www.jazzzeitung.de\\\/cms\\\/2016\\\/09\\\/pablo-held-trio-lineage-pirouet-2016\\\/#breadcrumb\"},\"inLanguage\":\"de\",\"potentialAction\":[{\"@type\":\"ReadAction\",\"target\":[\"https:\\\/\\\/www.jazzzeitung.de\\\/cms\\\/2016\\\/09\\\/pablo-held-trio-lineage-pirouet-2016\\\/\"]}]},{\"@type\":\"ImageObject\",\"inLanguage\":\"de\",\"@id\":\"https:\\\/\\\/www.jazzzeitung.de\\\/cms\\\/2016\\\/09\\\/pablo-held-trio-lineage-pirouet-2016\\\/#primaryimage\",\"url\":\"http:\\\/\\\/www.jazzzeitung.de\\\/cms\\\/wp-content\\\/uploads\\\/2016\\\/09\\\/index-150x150.jpg\",\"contentUrl\":\"http:\\\/\\\/www.jazzzeitung.de\\\/cms\\\/wp-content\\\/uploads\\\/2016\\\/09\\\/index-150x150.jpg\"},{\"@type\":\"BreadcrumbList\",\"@id\":\"https:\\\/\\\/www.jazzzeitung.de\\\/cms\\\/2016\\\/09\\\/pablo-held-trio-lineage-pirouet-2016\\\/#breadcrumb\",\"itemListElement\":[{\"@type\":\"ListItem\",\"position\":1,\"name\":\"Startseite\",\"item\":\"https:\\\/\\\/www.jazzzeitung.de\\\/cms\\\/\"},{\"@type\":\"ListItem\",\"position\":2,\"name\":\"Neues vom Pablo Held Trio: CD Lineage\"}]},{\"@type\":\"WebSite\",\"@id\":\"https:\\\/\\\/www.jazzzeitung.de\\\/cms\\\/#website\",\"url\":\"https:\\\/\\\/www.jazzzeitung.de\\\/cms\\\/\",\"name\":\"JazzZeitung\",\"description\":\"Jazz-News und Jazz-Kontroverses\",\"publisher\":{\"@id\":\"https:\\\/\\\/www.jazzzeitung.de\\\/cms\\\/#organization\"},\"potentialAction\":[{\"@type\":\"SearchAction\",\"target\":{\"@type\":\"EntryPoint\",\"urlTemplate\":\"https:\\\/\\\/www.jazzzeitung.de\\\/cms\\\/?s={search_term_string}\"},\"query-input\":{\"@type\":\"PropertyValueSpecification\",\"valueRequired\":true,\"valueName\":\"search_term_string\"}}],\"inLanguage\":\"de\"},{\"@type\":\"Organization\",\"@id\":\"https:\\\/\\\/www.jazzzeitung.de\\\/cms\\\/#organization\",\"name\":\"JazzZeitung online\",\"url\":\"https:\\\/\\\/www.jazzzeitung.de\\\/cms\\\/\",\"logo\":{\"@type\":\"ImageObject\",\"inLanguage\":\"de\",\"@id\":\"https:\\\/\\\/www.jazzzeitung.de\\\/cms\\\/#\\\/schema\\\/logo\\\/image\\\/\",\"url\":\"https:\\\/\\\/i0.wp.com\\\/www.jazzzeitung.de\\\/cms\\\/wp-content\\\/uploads\\\/2015\\\/08\\\/JAZZZEITUNGDE_Logo_Neu.png?fit=499%2C200&ssl=1\",\"contentUrl\":\"https:\\\/\\\/i0.wp.com\\\/www.jazzzeitung.de\\\/cms\\\/wp-content\\\/uploads\\\/2015\\\/08\\\/JAZZZEITUNGDE_Logo_Neu.png?fit=499%2C200&ssl=1\",\"width\":499,\"height\":200,\"caption\":\"JazzZeitung online\"},\"image\":{\"@id\":\"https:\\\/\\\/www.jazzzeitung.de\\\/cms\\\/#\\\/schema\\\/logo\\\/image\\\/\"},\"sameAs\":[\"https:\\\/\\\/www.facebook.com\\\/JazzZeitung\\\/\"]},{\"@type\":\"Person\",\"@id\":\"https:\\\/\\\/www.jazzzeitung.de\\\/cms\\\/#\\\/schema\\\/person\\\/2245b36b9cd1d24cea10f01c031fb92b\",\"name\":\"Redaktion JazzZeitung\",\"image\":{\"@type\":\"ImageObject\",\"inLanguage\":\"de\",\"@id\":\"https:\\\/\\\/i0.wp.com\\\/www.jazzzeitung.de\\\/cms\\\/wp-content\\\/uploads\\\/2015\\\/08\\\/JAZZZEITUNGDE_Logo_Neu.png?resize=96%2C96&ssl=159975dcacb611b5700bd619b5daf0a7a\",\"url\":\"https:\\\/\\\/i0.wp.com\\\/www.jazzzeitung.de\\\/cms\\\/wp-content\\\/uploads\\\/2015\\\/08\\\/JAZZZEITUNGDE_Logo_Neu.png?resize=96%2C96&ssl=1\",\"contentUrl\":\"https:\\\/\\\/i0.wp.com\\\/www.jazzzeitung.de\\\/cms\\\/wp-content\\\/uploads\\\/2015\\\/08\\\/JAZZZEITUNGDE_Logo_Neu.png?resize=96%2C96&ssl=1\",\"caption\":\"Redaktion JazzZeitung\"},\"description\":\"Artikel der Redaktion der JazzZeitung.\",\"sameAs\":[\"http:\\\/\\\/www.jazzzeitung.de\\\/cms\\\/\"],\"url\":\"https:\\\/\\\/www.jazzzeitung.de\\\/cms\\\/author\\\/redaktion\\\/\"}]}<\/script>\n<!-- \/ Yoast SEO plugin. -->","yoast_head_json":{"title":"Neues vom Pablo Held Trio: CD Lineage - JazzZeitung","robots":{"index":"index","follow":"follow","max-snippet":"max-snippet:-1","max-image-preview":"max-image-preview:large","max-video-preview":"max-video-preview:-1"},"canonical":"https:\/\/www.jazzzeitung.de\/cms\/2016\/09\/pablo-held-trio-lineage-pirouet-2016\/","og_locale":"de_DE","og_type":"article","og_title":"Neues vom Pablo Held Trio: CD Lineage - JazzZeitung","og_description":"Das K\u00f6lner Pablo Held Trio demonstriert seit vielen Jahren, wie eine organische Band-Chemie verl\u00e4sslich nach innen und au\u00dfen wirkt &#8211; wo sich andere gerne auch mal in zu viel Kurzlebigkeit verzetteln. Vor zehn Jahren traten der Pianist Pablo Held, Bassist Robert Landfermann sowie der Schlagzeuger Jonas Burgwinkel als Newcomer beim Westfalen-Jazzpreis ins Rampenlicht. Mittlerweile sind die drei zwar in vielen Projekten sehr gefragt, aber bleiben im Kern nach wie vor ureigenen Trio treu, mit dem sie auch gerade international auf Tour gehen. Auf der aktuellen Pirouet-CD pr\u00e4sentiert sich ein entsprechend untersch\u00fctterlicher hoher Standard, der sich in jedem Moment selbst genug ist \u2013 nicht mehr und nicht weniger. Die Vorg\u00e4ngerplatte kam mit ihren Klassik-Bez\u00fcgen betont balladesk und verinnerlicht daher \u2013 das aktuelle Werk spr\u00fcht umso mehr vor quirliger Lebendigkeit. Pablo Helds Klavierspiel hat an erz\u00e4hlerischer Eloquenz und \u00fcber den Dingen schwebender, dezenter F\u00fchrungskraft noch zugelegt. Es herrscht ein Klima gegenseitigen Vertrauens \u2013 bei einer tats\u00e4chlich schwindelerregenden Dichte an musikalischen Ideen. Sie sind genauso subtil wie das ganze komplexe Geflecht drumherum, n\u00e4mlich all die Abspaltungen, metrischen Unregelm\u00e4\u00dfigenkeiten\u00a0 und irritierenden harmonischen Farbenspiele. So kann es nur dieses Trio, &hellip;","og_url":"https:\/\/www.jazzzeitung.de\/cms\/2016\/09\/pablo-held-trio-lineage-pirouet-2016\/","og_site_name":"JazzZeitung","article_publisher":"https:\/\/www.facebook.com\/JazzZeitung\/","article_published_time":"2016-09-13T10:00:02+00:00","article_modified_time":"2016-09-13T10:51:16+00:00","og_image":[{"url":"http:\/\/www.jazzzeitung.de\/cms\/wp-content\/uploads\/2016\/09\/index-150x150.jpg","type":"","width":"","height":""}],"author":"Redaktion JazzZeitung","schema":{"@context":"https:\/\/schema.org","@graph":[{"@type":"Article","@id":"https:\/\/www.jazzzeitung.de\/cms\/2016\/09\/pablo-held-trio-lineage-pirouet-2016\/#article","isPartOf":{"@id":"https:\/\/www.jazzzeitung.de\/cms\/2016\/09\/pablo-held-trio-lineage-pirouet-2016\/"},"author":{"name":"Redaktion JazzZeitung","@id":"https:\/\/www.jazzzeitung.de\/cms\/#\/schema\/person\/2245b36b9cd1d24cea10f01c031fb92b"},"headline":"Neues vom Pablo Held Trio: CD Lineage","datePublished":"2016-09-13T10:00:02+00:00","dateModified":"2016-09-13T10:51:16+00:00","mainEntityOfPage":{"@id":"https:\/\/www.jazzzeitung.de\/cms\/2016\/09\/pablo-held-trio-lineage-pirouet-2016\/"},"wordCount":331,"commentCount":0,"publisher":{"@id":"https:\/\/www.jazzzeitung.de\/cms\/#organization"},"image":{"@id":"https:\/\/www.jazzzeitung.de\/cms\/2016\/09\/pablo-held-trio-lineage-pirouet-2016\/#primaryimage"},"thumbnailUrl":"http:\/\/www.jazzzeitung.de\/cms\/wp-content\/uploads\/2016\/09\/index-150x150.jpg","keywords":["Album","CD","Chemie","Klassik","Newcomer","Stefan Pieper","Tour"],"articleSection":["Rezension"],"inLanguage":"de","potentialAction":[{"@type":"CommentAction","name":"Comment","target":["https:\/\/www.jazzzeitung.de\/cms\/2016\/09\/pablo-held-trio-lineage-pirouet-2016\/#respond"]}]},{"@type":"WebPage","@id":"https:\/\/www.jazzzeitung.de\/cms\/2016\/09\/pablo-held-trio-lineage-pirouet-2016\/","url":"https:\/\/www.jazzzeitung.de\/cms\/2016\/09\/pablo-held-trio-lineage-pirouet-2016\/","name":"Neues vom Pablo Held Trio: CD Lineage - JazzZeitung","isPartOf":{"@id":"https:\/\/www.jazzzeitung.de\/cms\/#website"},"primaryImageOfPage":{"@id":"https:\/\/www.jazzzeitung.de\/cms\/2016\/09\/pablo-held-trio-lineage-pirouet-2016\/#primaryimage"},"image":{"@id":"https:\/\/www.jazzzeitung.de\/cms\/2016\/09\/pablo-held-trio-lineage-pirouet-2016\/#primaryimage"},"thumbnailUrl":"http:\/\/www.jazzzeitung.de\/cms\/wp-content\/uploads\/2016\/09\/index-150x150.jpg","datePublished":"2016-09-13T10:00:02+00:00","dateModified":"2016-09-13T10:51:16+00:00","breadcrumb":{"@id":"https:\/\/www.jazzzeitung.de\/cms\/2016\/09\/pablo-held-trio-lineage-pirouet-2016\/#breadcrumb"},"inLanguage":"de","potentialAction":[{"@type":"ReadAction","target":["https:\/\/www.jazzzeitung.de\/cms\/2016\/09\/pablo-held-trio-lineage-pirouet-2016\/"]}]},{"@type":"ImageObject","inLanguage":"de","@id":"https:\/\/www.jazzzeitung.de\/cms\/2016\/09\/pablo-held-trio-lineage-pirouet-2016\/#primaryimage","url":"http:\/\/www.jazzzeitung.de\/cms\/wp-content\/uploads\/2016\/09\/index-150x150.jpg","contentUrl":"http:\/\/www.jazzzeitung.de\/cms\/wp-content\/uploads\/2016\/09\/index-150x150.jpg"},{"@type":"BreadcrumbList","@id":"https:\/\/www.jazzzeitung.de\/cms\/2016\/09\/pablo-held-trio-lineage-pirouet-2016\/#breadcrumb","itemListElement":[{"@type":"ListItem","position":1,"name":"Startseite","item":"https:\/\/www.jazzzeitung.de\/cms\/"},{"@type":"ListItem","position":2,"name":"Neues vom Pablo Held Trio: CD Lineage"}]},{"@type":"WebSite","@id":"https:\/\/www.jazzzeitung.de\/cms\/#website","url":"https:\/\/www.jazzzeitung.de\/cms\/","name":"JazzZeitung","description":"Jazz-News und Jazz-Kontroverses","publisher":{"@id":"https:\/\/www.jazzzeitung.de\/cms\/#organization"},"potentialAction":[{"@type":"SearchAction","target":{"@type":"EntryPoint","urlTemplate":"https:\/\/www.jazzzeitung.de\/cms\/?s={search_term_string}"},"query-input":{"@type":"PropertyValueSpecification","valueRequired":true,"valueName":"search_term_string"}}],"inLanguage":"de"},{"@type":"Organization","@id":"https:\/\/www.jazzzeitung.de\/cms\/#organization","name":"JazzZeitung online","url":"https:\/\/www.jazzzeitung.de\/cms\/","logo":{"@type":"ImageObject","inLanguage":"de","@id":"https:\/\/www.jazzzeitung.de\/cms\/#\/schema\/logo\/image\/","url":"https:\/\/i0.wp.com\/www.jazzzeitung.de\/cms\/wp-content\/uploads\/2015\/08\/JAZZZEITUNGDE_Logo_Neu.png?fit=499%2C200&ssl=1","contentUrl":"https:\/\/i0.wp.com\/www.jazzzeitung.de\/cms\/wp-content\/uploads\/2015\/08\/JAZZZEITUNGDE_Logo_Neu.png?fit=499%2C200&ssl=1","width":499,"height":200,"caption":"JazzZeitung online"},"image":{"@id":"https:\/\/www.jazzzeitung.de\/cms\/#\/schema\/logo\/image\/"},"sameAs":["https:\/\/www.facebook.com\/JazzZeitung\/"]},{"@type":"Person","@id":"https:\/\/www.jazzzeitung.de\/cms\/#\/schema\/person\/2245b36b9cd1d24cea10f01c031fb92b","name":"Redaktion JazzZeitung","image":{"@type":"ImageObject","inLanguage":"de","@id":"https:\/\/i0.wp.com\/www.jazzzeitung.de\/cms\/wp-content\/uploads\/2015\/08\/JAZZZEITUNGDE_Logo_Neu.png?resize=96%2C96&ssl=159975dcacb611b5700bd619b5daf0a7a","url":"https:\/\/i0.wp.com\/www.jazzzeitung.de\/cms\/wp-content\/uploads\/2015\/08\/JAZZZEITUNGDE_Logo_Neu.png?resize=96%2C96&ssl=1","contentUrl":"https:\/\/i0.wp.com\/www.jazzzeitung.de\/cms\/wp-content\/uploads\/2015\/08\/JAZZZEITUNGDE_Logo_Neu.png?resize=96%2C96&ssl=1","caption":"Redaktion JazzZeitung"},"description":"Artikel der Redaktion der JazzZeitung.","sameAs":["http:\/\/www.jazzzeitung.de\/cms\/"],"url":"https:\/\/www.jazzzeitung.de\/cms\/author\/redaktion\/"}]}},"wp-worthy-pixel":{"ignored":false,"public":null,"server":null,"url":null},"wp-worthy-type":"normal","jetpack_publicize_connections":[],"cc_featured_image_caption":{"caption_text":false,"source_text":false,"source_url":false},"jetpack_featured_media_url":"","jetpack_shortlink":"https:\/\/wp.me\/p3KEcT-2Bt","jetpack-related-posts":[{"id":6909,"url":"https:\/\/www.jazzzeitung.de\/cms\/2015\/08\/recondita-armonia-verborgene-harmonie\/","url_meta":{"origin":10011,"position":0},"title":"Pablo Held Trio mit &#8222;Verborgener Harmonie&#8220;","author":"Redaktion JazzZeitung","date":"28. August 2015","format":false,"excerpt":"Was macht ein Piano Trio im Jazz unverwechselbar? Wie erfindet man sich neu ohne Kompromisse einzugehen? Vor allem aber: wie gestaltet man das Spiel \u00fcber die Jahre hinweg spannend und innovativ? Die Antwort darauf lautet: dem Pablo Held Trio lauschen! - Mit der aktuellen CD \u201e Recondita Armonia\u201c legen der\u2026","rel":"","context":"In &quot;Rezension&quot;","block_context":{"text":"Rezension","link":"https:\/\/www.jazzzeitung.de\/cms\/thema\/rezension\/"},"img":{"alt_text":"Das neue Album des Pablo Held Truis: Pablo Held Trio \u2013 Recondita Armonia Pirouet Records PIT 3085 ","src":"https:\/\/i0.wp.com\/www.jazzzeitung.de\/cms\/wp-content\/uploads\/2015\/08\/Cover-Held-150x150.jpeg?resize=350%2C200","width":350,"height":200},"classes":[]},{"id":15515,"url":"https:\/\/www.jazzzeitung.de\/cms\/2018\/04\/cd-rezension-pablo-held-investigations\/","url_meta":{"origin":10011,"position":1},"title":"CD-Rezension: Pablo Held \u2013 Investigations","author":"Thomas J. Krebs","date":"12. April 2018","format":false,"excerpt":"Seit dem Jahr 2005 existiert das Pablo Held Trio mit Robert Landfermann am Bass und dem Schlagzeuger Jonas Burgwinkel bereits. Bis dato erschienen offiziell neun Alben unter Helds eigenem Namen, davon f\u00fcnf reine Trioalben in dieser Besetzung (plus eine Aufnahme im Trio mit John Scofield). Nach dem bedauernswerten Ende des\u2026","rel":"","context":"In &quot;Rezension&quot;","block_context":{"text":"Rezension","link":"https:\/\/www.jazzzeitung.de\/cms\/thema\/rezension\/"},"img":{"alt_text":"","src":"https:\/\/i0.wp.com\/www.jazzzeitung.de\/cms\/wp-content\/uploads\/2018\/04\/Pablo-Held-Cover1.jpg?fit=1200%2C823&ssl=1&resize=350%2C200","width":350,"height":200,"srcset":"https:\/\/i0.wp.com\/www.jazzzeitung.de\/cms\/wp-content\/uploads\/2018\/04\/Pablo-Held-Cover1.jpg?fit=1200%2C823&ssl=1&resize=350%2C200 1x, https:\/\/i0.wp.com\/www.jazzzeitung.de\/cms\/wp-content\/uploads\/2018\/04\/Pablo-Held-Cover1.jpg?fit=1200%2C823&ssl=1&resize=525%2C300 1.5x, https:\/\/i0.wp.com\/www.jazzzeitung.de\/cms\/wp-content\/uploads\/2018\/04\/Pablo-Held-Cover1.jpg?fit=1200%2C823&ssl=1&resize=700%2C400 2x, https:\/\/i0.wp.com\/www.jazzzeitung.de\/cms\/wp-content\/uploads\/2018\/04\/Pablo-Held-Cover1.jpg?fit=1200%2C823&ssl=1&resize=1050%2C600 3x"},"classes":[]},{"id":21868,"url":"https:\/\/www.jazzzeitung.de\/cms\/2020\/02\/pablo-helds-neue-cd-ascent\/","url_meta":{"origin":10011,"position":2},"title":"Pablo Helds neue CD Ascent","author":"Thomas J. Krebs","date":"10. Februar 2020","format":false,"excerpt":"Nach dem traurigen Ende des M\u00fcnchner Pirouet Labels, auf dem das Pablo Held Trio 2008 sein erstes Album ver\u00f6ffentlichte, haben die Musiker offensichtlich eine neue Heimat bei dem im Jahr 2008 von Dave Stapleton & Tim Dickeson gegr\u00fcndeten britischen Label Edition Records gefunden. Bereits die erste Ver\u00f6ffentlichung des Trios im\u2026","rel":"","context":"In &quot;Rezension&quot;","block_context":{"text":"Rezension","link":"https:\/\/www.jazzzeitung.de\/cms\/thema\/rezension\/"},"img":{"alt_text":"","src":"https:\/\/i0.wp.com\/www.jazzzeitung.de\/cms\/wp-content\/uploads\/2020\/02\/P1212098-sw-Pablo-Held-1.jpg?fit=1200%2C894&ssl=1&resize=350%2C200","width":350,"height":200,"srcset":"https:\/\/i0.wp.com\/www.jazzzeitung.de\/cms\/wp-content\/uploads\/2020\/02\/P1212098-sw-Pablo-Held-1.jpg?fit=1200%2C894&ssl=1&resize=350%2C200 1x, https:\/\/i0.wp.com\/www.jazzzeitung.de\/cms\/wp-content\/uploads\/2020\/02\/P1212098-sw-Pablo-Held-1.jpg?fit=1200%2C894&ssl=1&resize=525%2C300 1.5x, https:\/\/i0.wp.com\/www.jazzzeitung.de\/cms\/wp-content\/uploads\/2020\/02\/P1212098-sw-Pablo-Held-1.jpg?fit=1200%2C894&ssl=1&resize=700%2C400 2x, https:\/\/i0.wp.com\/www.jazzzeitung.de\/cms\/wp-content\/uploads\/2020\/02\/P1212098-sw-Pablo-Held-1.jpg?fit=1200%2C894&ssl=1&resize=1050%2C600 3x"},"classes":[]},{"id":14447,"url":"https:\/\/www.jazzzeitung.de\/cms\/2017\/12\/volles-risiko-fuer-im-moment-sein\/","url_meta":{"origin":10011,"position":3},"title":"Volles Risiko f\u00fcr \u201eim Moment sein\u201c","author":"Michael Scheiner","date":"4. Dezember 2017","format":false,"excerpt":"Beim Jubil\u00e4umskonzert des Jazzclub im Leeren Beutel begeisterte das Trio des 30-j\u00e4hrigen Pianisten Pablo Held das Publikum bis zum letzten Platz. \u201eWas ihr da habt, ist ein Geschenk\u201c, begeisterte sich die Sitznachbarin im Leeren Beutel, nachdem der lang anhaltende Beifall f\u00fcr das Pablo Held Trio abgeflaut war. Damit meinte sie\u2026","rel":"","context":"In &quot;Bericht&quot;","block_context":{"text":"Bericht","link":"https:\/\/www.jazzzeitung.de\/cms\/thema\/bericht\/"},"img":{"alt_text":"","src":"https:\/\/i0.wp.com\/www.jazzzeitung.de\/cms\/wp-content\/uploads\/2017\/12\/Held-Pablo_50.jpg?fit=1200%2C795&ssl=1&resize=350%2C200","width":350,"height":200,"srcset":"https:\/\/i0.wp.com\/www.jazzzeitung.de\/cms\/wp-content\/uploads\/2017\/12\/Held-Pablo_50.jpg?fit=1200%2C795&ssl=1&resize=350%2C200 1x, https:\/\/i0.wp.com\/www.jazzzeitung.de\/cms\/wp-content\/uploads\/2017\/12\/Held-Pablo_50.jpg?fit=1200%2C795&ssl=1&resize=525%2C300 1.5x, https:\/\/i0.wp.com\/www.jazzzeitung.de\/cms\/wp-content\/uploads\/2017\/12\/Held-Pablo_50.jpg?fit=1200%2C795&ssl=1&resize=700%2C400 2x, https:\/\/i0.wp.com\/www.jazzzeitung.de\/cms\/wp-content\/uploads\/2017\/12\/Held-Pablo_50.jpg?fit=1200%2C795&ssl=1&resize=1050%2C600 3x"},"classes":[]},{"id":15981,"url":"https:\/\/www.jazzzeitung.de\/cms\/2018\/05\/unvergesslich-das-esbjoern-svensson-trio-live-in-london-jetzt-auf-cd\/","url_meta":{"origin":10011,"position":4},"title":"Unvergesslich: das Esbj\u00f6rn Svensson Trio \u2013 Live in London jetzt auf CD","author":"Thomas J. Krebs","date":"11. Mai 2018","format":false,"excerpt":"Kaum zu glauben - vor zehn Jahren ersch\u00fctterte die Nachricht vom tragischen, t\u00f6dlichen Tauchunfall des damals 44-j\u00e4hrigen schwedischen Pianisten Esbj\u00f6rn Svensson die Jazzwelt. Was w\u00e4re wenn \u2026 abrupt endete ein kometenhafter Aufstieg, dem anscheinend keine Grenzen gesetzt schienen, bis auf die des realen, eben unvorhersehbaren Lebens. Was Esbj\u00f6rn Svensson mit\u2026","rel":"","context":"In &quot;Rezension&quot;","block_context":{"text":"Rezension","link":"https:\/\/www.jazzzeitung.de\/cms\/thema\/rezension\/"},"img":{"alt_text":"","src":"https:\/\/i0.wp.com\/www.jazzzeitung.de\/cms\/wp-content\/uploads\/2018\/05\/Svensson-Portrait-1-ret.jpg?fit=1200%2C800&ssl=1&resize=350%2C200","width":350,"height":200,"srcset":"https:\/\/i0.wp.com\/www.jazzzeitung.de\/cms\/wp-content\/uploads\/2018\/05\/Svensson-Portrait-1-ret.jpg?fit=1200%2C800&ssl=1&resize=350%2C200 1x, https:\/\/i0.wp.com\/www.jazzzeitung.de\/cms\/wp-content\/uploads\/2018\/05\/Svensson-Portrait-1-ret.jpg?fit=1200%2C800&ssl=1&resize=525%2C300 1.5x, https:\/\/i0.wp.com\/www.jazzzeitung.de\/cms\/wp-content\/uploads\/2018\/05\/Svensson-Portrait-1-ret.jpg?fit=1200%2C800&ssl=1&resize=700%2C400 2x, https:\/\/i0.wp.com\/www.jazzzeitung.de\/cms\/wp-content\/uploads\/2018\/05\/Svensson-Portrait-1-ret.jpg?fit=1200%2C800&ssl=1&resize=1050%2C600 3x"},"classes":[]},{"id":25406,"url":"https:\/\/www.jazzzeitung.de\/cms\/2021\/08\/reframing-the-moon-neues-album-des-haberkamp-trios-veroeffentlicht\/","url_meta":{"origin":10011,"position":5},"title":"\u201eReframing The Moon\u201c \u2013 Neues Album des Haberkamp Trios ver\u00f6ffentlicht","author":"Thomas J. Krebs","date":"13. August 2021","format":false,"excerpt":"Homogen, vom ersten bis zum letzten Ton Zum neuen Album des Clara Haberkamp Trios Die Pianistin Clara Haberkamp l\u00e4utet mit ihrem neuen Trio-Album \u201eReframing The Moon\u201c einen Wendepunkt ihrer bisherigen Karriere ein. Zwischen ihrer ersten Trio-Aufnahme \u201eNicht rot, nicht wei\u00df, nicht blau\u201c und ihrer aktuellen CD liegen mittlerweile 10 Jahre.\u2026","rel":"","context":"In &quot;Rezension&quot;","block_context":{"text":"Rezension","link":"https:\/\/www.jazzzeitung.de\/cms\/thema\/rezension\/"},"img":{"alt_text":"","src":"https:\/\/i0.wp.com\/www.jazzzeitung.de\/cms\/wp-content\/uploads\/2021\/08\/cover-Clara-Haberkamp-Reframing-The-Moon1.jpg?fit=1200%2C1200&ssl=1&resize=350%2C200","width":350,"height":200,"srcset":"https:\/\/i0.wp.com\/www.jazzzeitung.de\/cms\/wp-content\/uploads\/2021\/08\/cover-Clara-Haberkamp-Reframing-The-Moon1.jpg?fit=1200%2C1200&ssl=1&resize=350%2C200 1x, https:\/\/i0.wp.com\/www.jazzzeitung.de\/cms\/wp-content\/uploads\/2021\/08\/cover-Clara-Haberkamp-Reframing-The-Moon1.jpg?fit=1200%2C1200&ssl=1&resize=525%2C300 1.5x, https:\/\/i0.wp.com\/www.jazzzeitung.de\/cms\/wp-content\/uploads\/2021\/08\/cover-Clara-Haberkamp-Reframing-The-Moon1.jpg?fit=1200%2C1200&ssl=1&resize=700%2C400 2x, https:\/\/i0.wp.com\/www.jazzzeitung.de\/cms\/wp-content\/uploads\/2021\/08\/cover-Clara-Haberkamp-Reframing-The-Moon1.jpg?fit=1200%2C1200&ssl=1&resize=1050%2C600 3x"},"classes":[]}],"jetpack_sharing_enabled":true,"_links":{"self":[{"href":"https:\/\/www.jazzzeitung.de\/cms\/wp-json\/wp\/v2\/posts\/10011","targetHints":{"allow":["GET"]}}],"collection":[{"href":"https:\/\/www.jazzzeitung.de\/cms\/wp-json\/wp\/v2\/posts"}],"about":[{"href":"https:\/\/www.jazzzeitung.de\/cms\/wp-json\/wp\/v2\/types\/post"}],"author":[{"embeddable":true,"href":"https:\/\/www.jazzzeitung.de\/cms\/wp-json\/wp\/v2\/users\/18"}],"replies":[{"embeddable":true,"href":"https:\/\/www.jazzzeitung.de\/cms\/wp-json\/wp\/v2\/comments?post=10011"}],"version-history":[{"count":5,"href":"https:\/\/www.jazzzeitung.de\/cms\/wp-json\/wp\/v2\/posts\/10011\/revisions"}],"predecessor-version":[{"id":10048,"href":"https:\/\/www.jazzzeitung.de\/cms\/wp-json\/wp\/v2\/posts\/10011\/revisions\/10048"}],"wp:attachment":[{"href":"https:\/\/www.jazzzeitung.de\/cms\/wp-json\/wp\/v2\/media?parent=10011"}],"wp:term":[{"taxonomy":"category","embeddable":true,"href":"https:\/\/www.jazzzeitung.de\/cms\/wp-json\/wp\/v2\/categories?post=10011"},{"taxonomy":"post_tag","embeddable":true,"href":"https:\/\/www.jazzzeitung.de\/cms\/wp-json\/wp\/v2\/tags?post=10011"},{"taxonomy":"author","embeddable":true,"href":"https:\/\/www.jazzzeitung.de\/cms\/wp-json\/wp\/v2\/coauthors?post=10011"}],"curies":[{"name":"wp","href":"https:\/\/api.w.org\/{rel}","templated":true}]}}