{"id":10003,"date":"2016-09-08T11:19:26","date_gmt":"2016-09-08T09:19:26","guid":{"rendered":"http:\/\/www.jazzzeitung.de\/cms\/?p=10003"},"modified":"2016-09-08T11:27:38","modified_gmt":"2016-09-08T09:27:38","slug":"link-tipp-black-classical-history-spiritual-jazz","status":"publish","type":"post","link":"https:\/\/www.jazzzeitung.de\/cms\/2016\/09\/link-tipp-black-classical-history-spiritual-jazz\/","title":{"rendered":"Link-Tipp: Black Classical \u2013 History of Spiritual Jazz"},"content":{"rendered":"<p>Der Untertitel ist ein Understatement: &#8222;Black Classical charts the history of spiritual jazz through a 12 hour mega-mix.&#8220; Unter <a href=\"http:\/\/www.nts.live\/shows\/black-classical-history-of-spiritual-jazz\">Black Classical &#8211; History of Spiritual Jazz <\/a>gibt es die volle Ladung Jazz seit den 50er Jahren.<\/p>\n<figure id=\"attachment_10004\" aria-describedby=\"caption-attachment-10004\" style=\"width: 695px\" class=\"wp-caption aligncenter\"><a href=\"https:\/\/i0.wp.com\/www.jazzzeitung.de\/cms\/wp-content\/uploads\/2016\/09\/screenshot-www.nts_.live_2016-09-08_11-08-54.png\"><img data-recalc-dims=\"1\" loading=\"lazy\" decoding=\"async\" data-attachment-id=\"10004\" data-permalink=\"https:\/\/www.jazzzeitung.de\/cms\/2016\/09\/link-tipp-black-classical-history-spiritual-jazz\/screenshot-www-nts-live_2016-09-08_11-08-54\/\" data-orig-file=\"https:\/\/i0.wp.com\/www.jazzzeitung.de\/cms\/wp-content\/uploads\/2016\/09\/screenshot-www.nts_.live_2016-09-08_11-08-54.png?fit=1663%2C886&amp;ssl=1\" data-orig-size=\"1663,886\" data-comments-opened=\"1\" data-image-meta=\"{&quot;aperture&quot;:&quot;0&quot;,&quot;credit&quot;:&quot;&quot;,&quot;camera&quot;:&quot;&quot;,&quot;caption&quot;:&quot;&quot;,&quot;created_timestamp&quot;:&quot;0&quot;,&quot;copyright&quot;:&quot;&quot;,&quot;focal_length&quot;:&quot;0&quot;,&quot;iso&quot;:&quot;0&quot;,&quot;shutter_speed&quot;:&quot;0&quot;,&quot;title&quot;:&quot;&quot;,&quot;orientation&quot;:&quot;0&quot;}\" data-image-title=\"black classical &amp;#8211; Screenshot\" data-image-description=\"&lt;p&gt;black classical &amp;#8211; Screenshot&lt;\/p&gt;\n\" data-image-caption=\"&lt;p&gt;black classical &amp;#8211; Screenshot&lt;\/p&gt;\n\" data-large-file=\"https:\/\/i0.wp.com\/www.jazzzeitung.de\/cms\/wp-content\/uploads\/2016\/09\/screenshot-www.nts_.live_2016-09-08_11-08-54.png?fit=840%2C447&amp;ssl=1\" class=\"size-large wp-image-10004\" src=\"https:\/\/i0.wp.com\/www.jazzzeitung.de\/cms\/wp-content\/uploads\/2016\/09\/screenshot-www.nts_.live_2016-09-08_11-08-54-900x479.png?resize=695%2C370\" alt=\"black classical - Screenshot\" width=\"695\" height=\"370\" srcset=\"https:\/\/i0.wp.com\/www.jazzzeitung.de\/cms\/wp-content\/uploads\/2016\/09\/screenshot-www.nts_.live_2016-09-08_11-08-54.png?resize=900%2C479&amp;ssl=1 900w, https:\/\/i0.wp.com\/www.jazzzeitung.de\/cms\/wp-content\/uploads\/2016\/09\/screenshot-www.nts_.live_2016-09-08_11-08-54.png?resize=300%2C160&amp;ssl=1 300w, https:\/\/i0.wp.com\/www.jazzzeitung.de\/cms\/wp-content\/uploads\/2016\/09\/screenshot-www.nts_.live_2016-09-08_11-08-54.png?resize=768%2C409&amp;ssl=1 768w, https:\/\/i0.wp.com\/www.jazzzeitung.de\/cms\/wp-content\/uploads\/2016\/09\/screenshot-www.nts_.live_2016-09-08_11-08-54.png?w=1663&amp;ssl=1 1663w\" sizes=\"auto, (max-width: 695px) 100vw, 695px\" \/><\/a><figcaption id=\"caption-attachment-10004\" class=\"wp-caption-text\">black classical &#8211; Screenshot<\/figcaption><\/figure>\n<p>Die Playlist w\u00fcrde den Rahmen dieses Eintrag sprengen. Einfach dort vorbeischauen und sich Zeit nehmen, wenn man mag. Damit kann man jedenfalls einen vollen halben Tag verbringen. Und auch l\u00e4nger \u2026 eine exzellente Compilation. Und das ist ja nur ein Ausschnitt. Vertiefen muss man sich dann jeweils eigens.<\/p>\n<p>Das gleiche gibt es auch unter <a href=\"https:\/\/archive.org\/details\/BlackClassicalSpiritualJazz19552012\">Archive. org<\/a> an einem St\u00fcck mit Playlist und in verschiedenen Audio-Formaten.<\/p>\n","protected":false},"excerpt":{"rendered":"<p>Der Untertitel ist ein Understatement: &#8222;Black Classical charts the history of spiritual jazz through a 12 hour mega-mix.&#8220; Unter Black Classical &#8211; History of Spiritual Jazz gibt es die volle Ladung Jazz seit den 50er Jahren. Die Playlist w\u00fcrde den Rahmen dieses Eintrag sprengen. Einfach dort vorbeischauen und sich Zeit nehmen, wenn man mag. Damit kann man jedenfalls einen vollen halben Tag verbringen. Und auch l\u00e4nger \u2026 eine exzellente Compilation. Und das ist ja nur ein Ausschnitt. Vertiefen muss man sich dann jeweils eigens. Das gleiche gibt es auch unter Archive. org an einem St\u00fcck mit Playlist und in verschiedenen Audio-Formaten.<\/p>\n","protected":false},"author":2,"featured_media":0,"comment_status":"open","ping_status":"open","sticky":false,"template":"","format":"standard","meta":{"_jetpack_memberships_contains_paid_content":false,"footnotes":"","jetpack_publicize_message":"","jetpack_publicize_feature_enabled":true,"jetpack_social_post_already_shared":false,"jetpack_social_options":{"image_generator_settings":{"template":"highway","default_image_id":0,"font":"","enabled":false},"version":2}},"categories":[82],"tags":[1256,1258,1257],"coauthors":[680],"class_list":["post-10003","post","type-post","status-publish","format-standard","hentry","category-blog","tag-black-music","tag-compilation","tag-link-tipp"],"yoast_head":"<!-- This site is optimized with the Yoast SEO plugin v27.5 - https:\/\/yoast.com\/product\/yoast-seo-wordpress\/ -->\n<title>Link-Tipp: Black Classical \u2013 History of Spiritual Jazz - JazzZeitung<\/title>\n<meta name=\"robots\" content=\"index, follow, max-snippet:-1, max-image-preview:large, max-video-preview:-1\" \/>\n<link rel=\"canonical\" href=\"https:\/\/www.jazzzeitung.de\/cms\/2016\/09\/link-tipp-black-classical-history-spiritual-jazz\/\" \/>\n<meta property=\"og:locale\" content=\"de_DE\" \/>\n<meta property=\"og:type\" content=\"article\" \/>\n<meta property=\"og:title\" content=\"Link-Tipp: Black Classical \u2013 History of Spiritual Jazz - JazzZeitung\" \/>\n<meta property=\"og:description\" content=\"Der Untertitel ist ein Understatement: &#8222;Black Classical charts the history of spiritual jazz through a 12 hour mega-mix.&#8220; Unter Black Classical &#8211; History of Spiritual Jazz gibt es die volle Ladung Jazz seit den 50er Jahren. Die Playlist w\u00fcrde den Rahmen dieses Eintrag sprengen. Einfach dort vorbeischauen und sich Zeit nehmen, wenn man mag. Damit kann man jedenfalls einen vollen halben Tag verbringen. Und auch l\u00e4nger \u2026 eine exzellente Compilation. Und das ist ja nur ein Ausschnitt. Vertiefen muss man sich dann jeweils eigens. Das gleiche gibt es auch unter Archive. org an einem St\u00fcck mit Playlist und in verschiedenen Audio-Formaten.\" \/>\n<meta property=\"og:url\" content=\"https:\/\/www.jazzzeitung.de\/cms\/2016\/09\/link-tipp-black-classical-history-spiritual-jazz\/\" \/>\n<meta property=\"og:site_name\" content=\"JazzZeitung\" \/>\n<meta property=\"article:publisher\" content=\"https:\/\/www.facebook.com\/JazzZeitung\/\" \/>\n<meta property=\"article:author\" content=\"https:\/\/www.facebook.com\/hufner\" \/>\n<meta property=\"article:published_time\" content=\"2016-09-08T09:19:26+00:00\" \/>\n<meta property=\"article:modified_time\" content=\"2016-09-08T09:27:38+00:00\" \/>\n<meta property=\"og:image\" content=\"http:\/\/www.jazzzeitung.de\/cms\/wp-content\/uploads\/2016\/09\/screenshot-www.nts_.live_2016-09-08_11-08-54-900x479.png\" \/>\n<meta name=\"author\" content=\"Huflaikhan\" \/>\n<script type=\"application\/ld+json\" class=\"yoast-schema-graph\">{\"@context\":\"https:\\\/\\\/schema.org\",\"@graph\":[{\"@type\":\"Article\",\"@id\":\"https:\\\/\\\/www.jazzzeitung.de\\\/cms\\\/2016\\\/09\\\/link-tipp-black-classical-history-spiritual-jazz\\\/#article\",\"isPartOf\":{\"@id\":\"https:\\\/\\\/www.jazzzeitung.de\\\/cms\\\/2016\\\/09\\\/link-tipp-black-classical-history-spiritual-jazz\\\/\"},\"author\":{\"name\":\"Huflaikhan\",\"@id\":\"https:\\\/\\\/www.jazzzeitung.de\\\/cms\\\/#\\\/schema\\\/person\\\/1ba404714b9455401502bc409a7df45e\"},\"headline\":\"Link-Tipp: Black Classical \u2013 History of Spiritual Jazz\",\"datePublished\":\"2016-09-08T09:19:26+00:00\",\"dateModified\":\"2016-09-08T09:27:38+00:00\",\"mainEntityOfPage\":{\"@id\":\"https:\\\/\\\/www.jazzzeitung.de\\\/cms\\\/2016\\\/09\\\/link-tipp-black-classical-history-spiritual-jazz\\\/\"},\"wordCount\":120,\"commentCount\":0,\"publisher\":{\"@id\":\"https:\\\/\\\/www.jazzzeitung.de\\\/cms\\\/#organization\"},\"image\":{\"@id\":\"https:\\\/\\\/www.jazzzeitung.de\\\/cms\\\/2016\\\/09\\\/link-tipp-black-classical-history-spiritual-jazz\\\/#primaryimage\"},\"thumbnailUrl\":\"http:\\\/\\\/www.jazzzeitung.de\\\/cms\\\/wp-content\\\/uploads\\\/2016\\\/09\\\/screenshot-www.nts_.live_2016-09-08_11-08-54-900x479.png\",\"keywords\":[\"Black Music\",\"Compilation\",\"Link Tipp\"],\"articleSection\":[\"Blog\"],\"inLanguage\":\"de\",\"potentialAction\":[{\"@type\":\"CommentAction\",\"name\":\"Comment\",\"target\":[\"https:\\\/\\\/www.jazzzeitung.de\\\/cms\\\/2016\\\/09\\\/link-tipp-black-classical-history-spiritual-jazz\\\/#respond\"]}]},{\"@type\":\"WebPage\",\"@id\":\"https:\\\/\\\/www.jazzzeitung.de\\\/cms\\\/2016\\\/09\\\/link-tipp-black-classical-history-spiritual-jazz\\\/\",\"url\":\"https:\\\/\\\/www.jazzzeitung.de\\\/cms\\\/2016\\\/09\\\/link-tipp-black-classical-history-spiritual-jazz\\\/\",\"name\":\"Link-Tipp: Black Classical \u2013 History of Spiritual Jazz - JazzZeitung\",\"isPartOf\":{\"@id\":\"https:\\\/\\\/www.jazzzeitung.de\\\/cms\\\/#website\"},\"primaryImageOfPage\":{\"@id\":\"https:\\\/\\\/www.jazzzeitung.de\\\/cms\\\/2016\\\/09\\\/link-tipp-black-classical-history-spiritual-jazz\\\/#primaryimage\"},\"image\":{\"@id\":\"https:\\\/\\\/www.jazzzeitung.de\\\/cms\\\/2016\\\/09\\\/link-tipp-black-classical-history-spiritual-jazz\\\/#primaryimage\"},\"thumbnailUrl\":\"http:\\\/\\\/www.jazzzeitung.de\\\/cms\\\/wp-content\\\/uploads\\\/2016\\\/09\\\/screenshot-www.nts_.live_2016-09-08_11-08-54-900x479.png\",\"datePublished\":\"2016-09-08T09:19:26+00:00\",\"dateModified\":\"2016-09-08T09:27:38+00:00\",\"breadcrumb\":{\"@id\":\"https:\\\/\\\/www.jazzzeitung.de\\\/cms\\\/2016\\\/09\\\/link-tipp-black-classical-history-spiritual-jazz\\\/#breadcrumb\"},\"inLanguage\":\"de\",\"potentialAction\":[{\"@type\":\"ReadAction\",\"target\":[\"https:\\\/\\\/www.jazzzeitung.de\\\/cms\\\/2016\\\/09\\\/link-tipp-black-classical-history-spiritual-jazz\\\/\"]}]},{\"@type\":\"ImageObject\",\"inLanguage\":\"de\",\"@id\":\"https:\\\/\\\/www.jazzzeitung.de\\\/cms\\\/2016\\\/09\\\/link-tipp-black-classical-history-spiritual-jazz\\\/#primaryimage\",\"url\":\"http:\\\/\\\/www.jazzzeitung.de\\\/cms\\\/wp-content\\\/uploads\\\/2016\\\/09\\\/screenshot-www.nts_.live_2016-09-08_11-08-54-900x479.png\",\"contentUrl\":\"http:\\\/\\\/www.jazzzeitung.de\\\/cms\\\/wp-content\\\/uploads\\\/2016\\\/09\\\/screenshot-www.nts_.live_2016-09-08_11-08-54-900x479.png\"},{\"@type\":\"BreadcrumbList\",\"@id\":\"https:\\\/\\\/www.jazzzeitung.de\\\/cms\\\/2016\\\/09\\\/link-tipp-black-classical-history-spiritual-jazz\\\/#breadcrumb\",\"itemListElement\":[{\"@type\":\"ListItem\",\"position\":1,\"name\":\"Startseite\",\"item\":\"https:\\\/\\\/www.jazzzeitung.de\\\/cms\\\/\"},{\"@type\":\"ListItem\",\"position\":2,\"name\":\"Link-Tipp: Black Classical \u2013 History of Spiritual Jazz\"}]},{\"@type\":\"WebSite\",\"@id\":\"https:\\\/\\\/www.jazzzeitung.de\\\/cms\\\/#website\",\"url\":\"https:\\\/\\\/www.jazzzeitung.de\\\/cms\\\/\",\"name\":\"JazzZeitung\",\"description\":\"Jazz-News und Jazz-Kontroverses\",\"publisher\":{\"@id\":\"https:\\\/\\\/www.jazzzeitung.de\\\/cms\\\/#organization\"},\"potentialAction\":[{\"@type\":\"SearchAction\",\"target\":{\"@type\":\"EntryPoint\",\"urlTemplate\":\"https:\\\/\\\/www.jazzzeitung.de\\\/cms\\\/?s={search_term_string}\"},\"query-input\":{\"@type\":\"PropertyValueSpecification\",\"valueRequired\":true,\"valueName\":\"search_term_string\"}}],\"inLanguage\":\"de\"},{\"@type\":\"Organization\",\"@id\":\"https:\\\/\\\/www.jazzzeitung.de\\\/cms\\\/#organization\",\"name\":\"JazzZeitung online\",\"url\":\"https:\\\/\\\/www.jazzzeitung.de\\\/cms\\\/\",\"logo\":{\"@type\":\"ImageObject\",\"inLanguage\":\"de\",\"@id\":\"https:\\\/\\\/www.jazzzeitung.de\\\/cms\\\/#\\\/schema\\\/logo\\\/image\\\/\",\"url\":\"https:\\\/\\\/i0.wp.com\\\/www.jazzzeitung.de\\\/cms\\\/wp-content\\\/uploads\\\/2015\\\/08\\\/JAZZZEITUNGDE_Logo_Neu.png?fit=499%2C200&ssl=1\",\"contentUrl\":\"https:\\\/\\\/i0.wp.com\\\/www.jazzzeitung.de\\\/cms\\\/wp-content\\\/uploads\\\/2015\\\/08\\\/JAZZZEITUNGDE_Logo_Neu.png?fit=499%2C200&ssl=1\",\"width\":499,\"height\":200,\"caption\":\"JazzZeitung online\"},\"image\":{\"@id\":\"https:\\\/\\\/www.jazzzeitung.de\\\/cms\\\/#\\\/schema\\\/logo\\\/image\\\/\"},\"sameAs\":[\"https:\\\/\\\/www.facebook.com\\\/JazzZeitung\\\/\"]},{\"@type\":\"Person\",\"@id\":\"https:\\\/\\\/www.jazzzeitung.de\\\/cms\\\/#\\\/schema\\\/person\\\/1ba404714b9455401502bc409a7df45e\",\"name\":\"Huflaikhan\",\"image\":{\"@type\":\"ImageObject\",\"inLanguage\":\"de\",\"@id\":\"https:\\\/\\\/i0.wp.com\\\/www.jazzzeitung.de\\\/cms\\\/wp-content\\\/uploads\\\/2013\\\/11\\\/huf-06.jpg?resize=96%2C96&ssl=18afacd5aa7627f2840c013425f5a4164\",\"url\":\"https:\\\/\\\/i0.wp.com\\\/www.jazzzeitung.de\\\/cms\\\/wp-content\\\/uploads\\\/2013\\\/11\\\/huf-06.jpg?resize=96%2C96&ssl=1\",\"contentUrl\":\"https:\\\/\\\/i0.wp.com\\\/www.jazzzeitung.de\\\/cms\\\/wp-content\\\/uploads\\\/2013\\\/11\\\/huf-06.jpg?resize=96%2C96&ssl=1\",\"caption\":\"Huflaikhan\"},\"description\":\"Huflaikhan (aka Martin Hufner) hat Musikwissenschaft, Philosophie und Psychologie in Gie\u00dfen studiert und mit einer Arbeit \u00fcber Adorno und die Zw\u00f6lftontechnik promoviert. Seit 1995 ist er freiberuflich als Autor, Fotograf und Netzmacher unterwegs.\",\"sameAs\":[\"https:\\\/\\\/www.kritische-masse.de\\\/logbuch\",\"https:\\\/\\\/www.facebook.com\\\/hufner\"],\"url\":\"https:\\\/\\\/www.jazzzeitung.de\\\/cms\\\/author\\\/hufi\\\/\"}]}<\/script>\n<!-- \/ Yoast SEO plugin. -->","yoast_head_json":{"title":"Link-Tipp: Black Classical \u2013 History of Spiritual Jazz - JazzZeitung","robots":{"index":"index","follow":"follow","max-snippet":"max-snippet:-1","max-image-preview":"max-image-preview:large","max-video-preview":"max-video-preview:-1"},"canonical":"https:\/\/www.jazzzeitung.de\/cms\/2016\/09\/link-tipp-black-classical-history-spiritual-jazz\/","og_locale":"de_DE","og_type":"article","og_title":"Link-Tipp: Black Classical \u2013 History of Spiritual Jazz - JazzZeitung","og_description":"Der Untertitel ist ein Understatement: &#8222;Black Classical charts the history of spiritual jazz through a 12 hour mega-mix.&#8220; Unter Black Classical &#8211; History of Spiritual Jazz gibt es die volle Ladung Jazz seit den 50er Jahren. Die Playlist w\u00fcrde den Rahmen dieses Eintrag sprengen. Einfach dort vorbeischauen und sich Zeit nehmen, wenn man mag. Damit kann man jedenfalls einen vollen halben Tag verbringen. Und auch l\u00e4nger \u2026 eine exzellente Compilation. Und das ist ja nur ein Ausschnitt. Vertiefen muss man sich dann jeweils eigens. Das gleiche gibt es auch unter Archive. org an einem St\u00fcck mit Playlist und in verschiedenen Audio-Formaten.","og_url":"https:\/\/www.jazzzeitung.de\/cms\/2016\/09\/link-tipp-black-classical-history-spiritual-jazz\/","og_site_name":"JazzZeitung","article_publisher":"https:\/\/www.facebook.com\/JazzZeitung\/","article_author":"https:\/\/www.facebook.com\/hufner","article_published_time":"2016-09-08T09:19:26+00:00","article_modified_time":"2016-09-08T09:27:38+00:00","og_image":[{"url":"http:\/\/www.jazzzeitung.de\/cms\/wp-content\/uploads\/2016\/09\/screenshot-www.nts_.live_2016-09-08_11-08-54-900x479.png","type":"","width":"","height":""}],"author":"Huflaikhan","schema":{"@context":"https:\/\/schema.org","@graph":[{"@type":"Article","@id":"https:\/\/www.jazzzeitung.de\/cms\/2016\/09\/link-tipp-black-classical-history-spiritual-jazz\/#article","isPartOf":{"@id":"https:\/\/www.jazzzeitung.de\/cms\/2016\/09\/link-tipp-black-classical-history-spiritual-jazz\/"},"author":{"name":"Huflaikhan","@id":"https:\/\/www.jazzzeitung.de\/cms\/#\/schema\/person\/1ba404714b9455401502bc409a7df45e"},"headline":"Link-Tipp: Black Classical \u2013 History of Spiritual Jazz","datePublished":"2016-09-08T09:19:26+00:00","dateModified":"2016-09-08T09:27:38+00:00","mainEntityOfPage":{"@id":"https:\/\/www.jazzzeitung.de\/cms\/2016\/09\/link-tipp-black-classical-history-spiritual-jazz\/"},"wordCount":120,"commentCount":0,"publisher":{"@id":"https:\/\/www.jazzzeitung.de\/cms\/#organization"},"image":{"@id":"https:\/\/www.jazzzeitung.de\/cms\/2016\/09\/link-tipp-black-classical-history-spiritual-jazz\/#primaryimage"},"thumbnailUrl":"http:\/\/www.jazzzeitung.de\/cms\/wp-content\/uploads\/2016\/09\/screenshot-www.nts_.live_2016-09-08_11-08-54-900x479.png","keywords":["Black Music","Compilation","Link Tipp"],"articleSection":["Blog"],"inLanguage":"de","potentialAction":[{"@type":"CommentAction","name":"Comment","target":["https:\/\/www.jazzzeitung.de\/cms\/2016\/09\/link-tipp-black-classical-history-spiritual-jazz\/#respond"]}]},{"@type":"WebPage","@id":"https:\/\/www.jazzzeitung.de\/cms\/2016\/09\/link-tipp-black-classical-history-spiritual-jazz\/","url":"https:\/\/www.jazzzeitung.de\/cms\/2016\/09\/link-tipp-black-classical-history-spiritual-jazz\/","name":"Link-Tipp: Black Classical \u2013 History of Spiritual Jazz - JazzZeitung","isPartOf":{"@id":"https:\/\/www.jazzzeitung.de\/cms\/#website"},"primaryImageOfPage":{"@id":"https:\/\/www.jazzzeitung.de\/cms\/2016\/09\/link-tipp-black-classical-history-spiritual-jazz\/#primaryimage"},"image":{"@id":"https:\/\/www.jazzzeitung.de\/cms\/2016\/09\/link-tipp-black-classical-history-spiritual-jazz\/#primaryimage"},"thumbnailUrl":"http:\/\/www.jazzzeitung.de\/cms\/wp-content\/uploads\/2016\/09\/screenshot-www.nts_.live_2016-09-08_11-08-54-900x479.png","datePublished":"2016-09-08T09:19:26+00:00","dateModified":"2016-09-08T09:27:38+00:00","breadcrumb":{"@id":"https:\/\/www.jazzzeitung.de\/cms\/2016\/09\/link-tipp-black-classical-history-spiritual-jazz\/#breadcrumb"},"inLanguage":"de","potentialAction":[{"@type":"ReadAction","target":["https:\/\/www.jazzzeitung.de\/cms\/2016\/09\/link-tipp-black-classical-history-spiritual-jazz\/"]}]},{"@type":"ImageObject","inLanguage":"de","@id":"https:\/\/www.jazzzeitung.de\/cms\/2016\/09\/link-tipp-black-classical-history-spiritual-jazz\/#primaryimage","url":"http:\/\/www.jazzzeitung.de\/cms\/wp-content\/uploads\/2016\/09\/screenshot-www.nts_.live_2016-09-08_11-08-54-900x479.png","contentUrl":"http:\/\/www.jazzzeitung.de\/cms\/wp-content\/uploads\/2016\/09\/screenshot-www.nts_.live_2016-09-08_11-08-54-900x479.png"},{"@type":"BreadcrumbList","@id":"https:\/\/www.jazzzeitung.de\/cms\/2016\/09\/link-tipp-black-classical-history-spiritual-jazz\/#breadcrumb","itemListElement":[{"@type":"ListItem","position":1,"name":"Startseite","item":"https:\/\/www.jazzzeitung.de\/cms\/"},{"@type":"ListItem","position":2,"name":"Link-Tipp: Black Classical \u2013 History of Spiritual Jazz"}]},{"@type":"WebSite","@id":"https:\/\/www.jazzzeitung.de\/cms\/#website","url":"https:\/\/www.jazzzeitung.de\/cms\/","name":"JazzZeitung","description":"Jazz-News und Jazz-Kontroverses","publisher":{"@id":"https:\/\/www.jazzzeitung.de\/cms\/#organization"},"potentialAction":[{"@type":"SearchAction","target":{"@type":"EntryPoint","urlTemplate":"https:\/\/www.jazzzeitung.de\/cms\/?s={search_term_string}"},"query-input":{"@type":"PropertyValueSpecification","valueRequired":true,"valueName":"search_term_string"}}],"inLanguage":"de"},{"@type":"Organization","@id":"https:\/\/www.jazzzeitung.de\/cms\/#organization","name":"JazzZeitung online","url":"https:\/\/www.jazzzeitung.de\/cms\/","logo":{"@type":"ImageObject","inLanguage":"de","@id":"https:\/\/www.jazzzeitung.de\/cms\/#\/schema\/logo\/image\/","url":"https:\/\/i0.wp.com\/www.jazzzeitung.de\/cms\/wp-content\/uploads\/2015\/08\/JAZZZEITUNGDE_Logo_Neu.png?fit=499%2C200&ssl=1","contentUrl":"https:\/\/i0.wp.com\/www.jazzzeitung.de\/cms\/wp-content\/uploads\/2015\/08\/JAZZZEITUNGDE_Logo_Neu.png?fit=499%2C200&ssl=1","width":499,"height":200,"caption":"JazzZeitung online"},"image":{"@id":"https:\/\/www.jazzzeitung.de\/cms\/#\/schema\/logo\/image\/"},"sameAs":["https:\/\/www.facebook.com\/JazzZeitung\/"]},{"@type":"Person","@id":"https:\/\/www.jazzzeitung.de\/cms\/#\/schema\/person\/1ba404714b9455401502bc409a7df45e","name":"Huflaikhan","image":{"@type":"ImageObject","inLanguage":"de","@id":"https:\/\/i0.wp.com\/www.jazzzeitung.de\/cms\/wp-content\/uploads\/2013\/11\/huf-06.jpg?resize=96%2C96&ssl=18afacd5aa7627f2840c013425f5a4164","url":"https:\/\/i0.wp.com\/www.jazzzeitung.de\/cms\/wp-content\/uploads\/2013\/11\/huf-06.jpg?resize=96%2C96&ssl=1","contentUrl":"https:\/\/i0.wp.com\/www.jazzzeitung.de\/cms\/wp-content\/uploads\/2013\/11\/huf-06.jpg?resize=96%2C96&ssl=1","caption":"Huflaikhan"},"description":"Huflaikhan (aka Martin Hufner) hat Musikwissenschaft, Philosophie und Psychologie in Gie\u00dfen studiert und mit einer Arbeit \u00fcber Adorno und die Zw\u00f6lftontechnik promoviert. Seit 1995 ist er freiberuflich als Autor, Fotograf und Netzmacher unterwegs.","sameAs":["https:\/\/www.kritische-masse.de\/logbuch","https:\/\/www.facebook.com\/hufner"],"url":"https:\/\/www.jazzzeitung.de\/cms\/author\/hufi\/"}]}},"wp-worthy-pixel":{"ignored":false,"public":null,"server":null,"url":null},"wp-worthy-type":"normal","jetpack_publicize_connections":[],"cc_featured_image_caption":{"caption_text":false,"source_text":false,"source_url":false},"jetpack_featured_media_url":"","jetpack_shortlink":"https:\/\/wp.me\/p3KEcT-2Bl","jetpack-related-posts":[{"id":3093,"url":"https:\/\/www.jazzzeitung.de\/cms\/2013\/12\/radio-tipp-taktlos-jazz-prekaer\/","url_meta":{"origin":10003,"position":0},"title":"Radio-Tipp: taktlos &#8222;Jazz prek\u00e4r&#8220;","author":"Redaktion JazzZeitung","date":"4. Dezember 2013","format":false,"excerpt":"Am 12. Dezember 2013\u00a0 wird von 21.03 bis 22.00 Uhr live aus dem Studio 9 des Bayerischen Rundfunks in M\u00fcnchen die Sendung taktlos gesendet. Die Moderation \u00fcbernehmen wie immer JazzZeitungs-Herausgeber Theo Gei\u00dfler und Marlen Reichert. Thema ist der Jazz. Hier einige Zeilen zum Inhalt - eigentlich toll: Es gibt so\u2026","rel":"","context":"In &quot;News&quot;","block_context":{"text":"News","link":"https:\/\/www.jazzzeitung.de\/cms\/thema\/nachrichten\/"},"img":{"alt_text":"taktlos","src":"https:\/\/i0.wp.com\/www.jazzzeitung.de\/cms\/wp-content\/uploads\/2013\/12\/taktlos-150x150.jpg?resize=350%2C200","width":350,"height":200},"classes":[]},{"id":26117,"url":"https:\/\/www.jazzzeitung.de\/cms\/2021\/11\/classical-beyond-festival-zeigt-stummfilme-mit-live-musik-euphorium-internationales-mini-festival-fuer-zeitgenoessisch-improvisierte-musik-3-tage-jazz-beim-jazzfestival-saalfelden\/","url_meta":{"origin":10003,"position":1},"title":"+++ Classical &#038; Beyond Festival zeigt Stummfilme mit Live-Musik +++ EUPHORIUM: Internationales Mini-Festival f\u00fcr zeitgen\u00f6ssisch improvisierte Musik +++ 3 Tage Jazz beim Jazzfestival Saalfelden +++","author":"Redaktion JazzZeitung","date":"9. November 2021","format":false,"excerpt":"+++ Festival Classical & Beyond in Ottobrunn +++ Beim vierten Classical & Beyond Festival am 12. & 13. November im Wolf-Ferrari Haus in Ottobrunn werden ungew\u00f6hnliche Konzertbesetzungen und kreative K\u00fcnstlerinnen und K\u00fcnstler pr\u00e4sentiert. Dieses Jahr erklingt an den beiden Abenden um jeweils 20 Uhr Live-Musik zu Stummfilmklassikern. Am Freitag, dem\u2026","rel":"","context":"In &quot;News&quot;","block_context":{"text":"News","link":"https:\/\/www.jazzzeitung.de\/cms\/thema\/nachrichten\/"},"img":{"alt_text":"","src":"https:\/\/i0.wp.com\/www.jazzzeitung.de\/cms\/wp-content\/uploads\/2021\/11\/VICTHAMIN-3_Reza-Majdodin-scaled.jpg?fit=1200%2C768&ssl=1&resize=350%2C200","width":350,"height":200,"srcset":"https:\/\/i0.wp.com\/www.jazzzeitung.de\/cms\/wp-content\/uploads\/2021\/11\/VICTHAMIN-3_Reza-Majdodin-scaled.jpg?fit=1200%2C768&ssl=1&resize=350%2C200 1x, https:\/\/i0.wp.com\/www.jazzzeitung.de\/cms\/wp-content\/uploads\/2021\/11\/VICTHAMIN-3_Reza-Majdodin-scaled.jpg?fit=1200%2C768&ssl=1&resize=525%2C300 1.5x, https:\/\/i0.wp.com\/www.jazzzeitung.de\/cms\/wp-content\/uploads\/2021\/11\/VICTHAMIN-3_Reza-Majdodin-scaled.jpg?fit=1200%2C768&ssl=1&resize=700%2C400 2x, https:\/\/i0.wp.com\/www.jazzzeitung.de\/cms\/wp-content\/uploads\/2021\/11\/VICTHAMIN-3_Reza-Majdodin-scaled.jpg?fit=1200%2C768&ssl=1&resize=1050%2C600 3x"},"classes":[]},{"id":12569,"url":"https:\/\/www.jazzzeitung.de\/cms\/2017\/06\/ein-buch-tipp-100-jahre-jazz\/","url_meta":{"origin":10003,"position":2},"title":"Ein Buch-Tipp: 100 Jahre Jazz","author":"Redaktion JazzZeitung","date":"1. Juni 2017","format":false,"excerpt":"Die Geburtsstunde des Jazz ist ja nach wie vor umstritten. Das gibt der Autor dieses Jubil\u00e4umsbandes auch ganz offen zu. Viele datieren sie aber nach wie vor auf den 26. Februar 1917, als die Original Dixieland Jass Band des Kornettisten Dominic James La Rocca die Titel \u201eLivery Stable Blues\u201c und\u2026","rel":"","context":"In &quot;Rezension&quot;","block_context":{"text":"Rezension","link":"https:\/\/www.jazzzeitung.de\/cms\/thema\/rezension\/"},"img":{"alt_text":"","src":"https:\/\/i0.wp.com\/www.jazzzeitung.de\/cms\/wp-content\/uploads\/2017\/05\/100_Jahre_Jazz_300dpi_Cover-225x300.jpg?resize=350%2C200&ssl=1","width":350,"height":200},"classes":[]},{"id":14592,"url":"https:\/\/www.jazzzeitung.de\/cms\/2017\/12\/last-minute-geschenk-tipp-dorothy-bakers-roman-zur-musik-von-bix-beiderbecke\/","url_meta":{"origin":10003,"position":3},"title":"Last-Minute-Geschenk-Tipp: Dorothy Bakers Roman zur Musik von Bix Beiderbecke","author":"Ursula Gaisa","date":"20. Dezember 2017","format":false,"excerpt":"Bereits 1938 erstmals erschienen wurde \u201eIch mag mich irren, aber ich finde dich fabelhaft\u201c (dtv) jetzt wieder entdeckt und neu aufgelegt. Der Roman zeichnet den musikalischen Werdegang Bix Beiderbeckes nach, rein biografisch gesehen ist das kurze Leben des Protagonisten Rick Martin aber reine Fiktion. Er kommt in Georgia zur Welt,\u2026","rel":"","context":"In &quot;Rezension&quot;","block_context":{"text":"Rezension","link":"https:\/\/www.jazzzeitung.de\/cms\/thema\/rezension\/"},"img":{"alt_text":"","src":"https:\/\/i0.wp.com\/www.jazzzeitung.de\/cms\/wp-content\/uploads\/2017\/12\/cover_baker-193x300.jpg?resize=350%2C200&ssl=1","width":350,"height":200},"classes":[]},{"id":5428,"url":"https:\/\/www.jazzzeitung.de\/cms\/2015\/02\/cd-tipp-marius-neset-pinball\/","url_meta":{"origin":10003,"position":4},"title":"CD-Tipp: Marius Neset &#8211; Pinball","author":"Redaktion JazzZeitung","date":"5. Februar 2015","format":false,"excerpt":"Von Thomas J. Krebs -\u00a0 Marius Neset geh\u00f6rt mit seinen gerade mal 30 Jahren ganz klar zur \u201eyoung generation\u201c der Jazzer, ist aber heute schon weitaus mehr als nur ein Hoffnungstr\u00e4ger f\u00fcr den Jazz und das Genre Saxophon. Wer ihn bereits kennt oder schon einmal live geh\u00f6rt hat wei\u00df in\u2026","rel":"","context":"In &quot;Rezension&quot;","block_context":{"text":"Rezension","link":"https:\/\/www.jazzzeitung.de\/cms\/thema\/rezension\/"},"img":{"alt_text":"9032-2_Titel.indd","src":"https:\/\/i0.wp.com\/www.jazzzeitung.de\/cms\/wp-content\/uploads\/2015\/02\/cover_neset-150x150.jpg?resize=350%2C200","width":350,"height":200},"classes":[]},{"id":13945,"url":"https:\/\/www.jazzzeitung.de\/cms\/2017\/10\/tv-tipp-der-preis-der-anna-lena-schnabel-3sat\/","url_meta":{"origin":10003,"position":5},"title":"TV-Tipp: Der Preis der Anna-Lena Schnabel (3sat) \u2013 und ein medienpolitisches \u00c4rgernis","author":"Huflaikhan","date":"21. Oktober 2017","format":false,"excerpt":"Heute abend auf 3sat ab 22:05. Als die hochbegabte Saxophonistin Anna-Lena Schnabel den \"Echo Jazz\" 2017 erh\u00e4lt, erlebt sie den prinzipiellen Konflikt zwischen Authentizit\u00e4t und Erfolg im Musikbusiness. Anna-Lena Schnabel w\u00e4chst in einfachen Verh\u00e4ltnissen auf, dank ihrer Hochbegabung macht sie ihr Abitur mit Eins. Eine sichere Zukunft steht ihr offen,\u2026","rel":"","context":"In &quot;Blog&quot;","block_context":{"text":"Blog","link":"https:\/\/www.jazzzeitung.de\/cms\/thema\/blog\/"},"img":{"alt_text":"Anna-Lena Schnabel 2014 mit dem Bujazzo. Foto: Hufner","src":"https:\/\/i0.wp.com\/www.jazzzeitung.de\/cms\/wp-content\/uploads\/2017\/10\/bujazzo-schnabel_c_hufner.jpg?fit=1200%2C900&ssl=1&resize=350%2C200","width":350,"height":200,"srcset":"https:\/\/i0.wp.com\/www.jazzzeitung.de\/cms\/wp-content\/uploads\/2017\/10\/bujazzo-schnabel_c_hufner.jpg?fit=1200%2C900&ssl=1&resize=350%2C200 1x, https:\/\/i0.wp.com\/www.jazzzeitung.de\/cms\/wp-content\/uploads\/2017\/10\/bujazzo-schnabel_c_hufner.jpg?fit=1200%2C900&ssl=1&resize=525%2C300 1.5x, https:\/\/i0.wp.com\/www.jazzzeitung.de\/cms\/wp-content\/uploads\/2017\/10\/bujazzo-schnabel_c_hufner.jpg?fit=1200%2C900&ssl=1&resize=700%2C400 2x, https:\/\/i0.wp.com\/www.jazzzeitung.de\/cms\/wp-content\/uploads\/2017\/10\/bujazzo-schnabel_c_hufner.jpg?fit=1200%2C900&ssl=1&resize=1050%2C600 3x"},"classes":[]}],"jetpack_sharing_enabled":true,"_links":{"self":[{"href":"https:\/\/www.jazzzeitung.de\/cms\/wp-json\/wp\/v2\/posts\/10003","targetHints":{"allow":["GET"]}}],"collection":[{"href":"https:\/\/www.jazzzeitung.de\/cms\/wp-json\/wp\/v2\/posts"}],"about":[{"href":"https:\/\/www.jazzzeitung.de\/cms\/wp-json\/wp\/v2\/types\/post"}],"author":[{"embeddable":true,"href":"https:\/\/www.jazzzeitung.de\/cms\/wp-json\/wp\/v2\/users\/2"}],"replies":[{"embeddable":true,"href":"https:\/\/www.jazzzeitung.de\/cms\/wp-json\/wp\/v2\/comments?post=10003"}],"version-history":[{"count":4,"href":"https:\/\/www.jazzzeitung.de\/cms\/wp-json\/wp\/v2\/posts\/10003\/revisions"}],"predecessor-version":[{"id":10009,"href":"https:\/\/www.jazzzeitung.de\/cms\/wp-json\/wp\/v2\/posts\/10003\/revisions\/10009"}],"wp:attachment":[{"href":"https:\/\/www.jazzzeitung.de\/cms\/wp-json\/wp\/v2\/media?parent=10003"}],"wp:term":[{"taxonomy":"category","embeddable":true,"href":"https:\/\/www.jazzzeitung.de\/cms\/wp-json\/wp\/v2\/categories?post=10003"},{"taxonomy":"post_tag","embeddable":true,"href":"https:\/\/www.jazzzeitung.de\/cms\/wp-json\/wp\/v2\/tags?post=10003"},{"taxonomy":"author","embeddable":true,"href":"https:\/\/www.jazzzeitung.de\/cms\/wp-json\/wp\/v2\/coauthors?post=10003"}],"curies":[{"name":"wp","href":"https:\/\/api.w.org\/{rel}","templated":true}]}}